{"id":111081,"date":"2025-11-29T02:52:00","date_gmt":"2025-11-29T01:52:00","guid":{"rendered":"https:\/\/www.sonnenseite.com\/?p=111081"},"modified":"2025-12-11T11:42:50","modified_gmt":"2025-12-11T10:42:50","slug":"klimakrise-warum-staedte-jetzt-zukunft-bauen-muessen","status":"publish","type":"post","link":"https:\/\/www.sonnenseite.com\/de\/zukunft\/klimakrise-warum-staedte-jetzt-zukunft-bauen-muessen\/","title":{"rendered":"Klimakrise: Warum St\u00e4dte jetzt Zukunft bauen m\u00fcssen"},"content":{"rendered":"\n<p>Sieben planetare Grenzen sind bereits \u00fcberschritten: Prof. Mario Tvrtkovic von der Hochschule Coburg w\u00fcnscht sich mutige Politik f\u00fcr die Zukunft. <\/p>\n\n\n\n<p>Er forscht und lehrt im Studiengang Architektur an der Fakult\u00e4t Design + Bauen der Hochschule Coburg zu Transformation, zu nachhaltigem St\u00e4dtebau und der Entwicklung von Stadt und Land. Weil er den Eindruck hat, dass aktuell zum Thema Klimakrise \u201eviel Meinung, viel Populismus, wenig Wissen\u201c gibt, spricht er \u00fcber den Stand der Wissenschaft \u2013 und die wichtige Rolle von St\u00e4dten und Hochschulen.<\/p>\n\n\n\n<p><strong>Sie haben sich intensiv mit den neuesten Studien zum Zustand der Erdsysteme auseinandergesetzt. Was sind die wichtigsten Erkenntnisse?<\/strong><\/p>\n\n\n\n<p><strong><em>Prof. Mario Tvrtkovic:<\/em><\/strong> Ein neuer Bericht des \u201e<em>Planetary Boundaries Science Lab\u201c<\/em> am Potsdam-Institut f\u00fcr Klimafolgenforschung (PIK) zeigt, dass mittlerweile sieben der neun kritischen Belastungsgrenzen des Erdsystems \u00fcberschritten sind: Klimawandel, Integrit\u00e4t der Biosph\u00e4re, Ver\u00e4nderung der Landnutzung, Ver\u00e4nderung des S\u00fc\u00dfwasserkreislaufs, Ver\u00e4nderung der biogeochemischen Kreisl\u00e4ufe, Eintrag menschengemachter Substanzen und Ozeanversauerung. Funktionierende Erdsystemprozesse sind Voraussetzung daf\u00fcr, dass die Menschheit sicher leben kann und die Natur widerstandsf\u00e4hig bleibt. Der Zustand unseres Planeten verschlechtert sich zunehmend. Die globale Klimakrise ist mittlerweile ein Hauptgrund f\u00fcr globale Instabilit\u00e4t.<\/p>\n\n\n\n<p><strong>Hat die Weltgemeinschaft bei der Weltklimakonferenz in Brasilien angemessen reagiert?<\/strong><\/p>\n\n\n\n<p>Kurz gesagt: nein. Es gab Hoffnung, einen verbindlichen Fahrplan f\u00fcr den schrittweisen Ausstieg aus fossilen Brennstoffen bis 2050 zu entwickeln. Eigentlich sollten die globalen Emissionen j\u00e4hrlich um etwa f\u00fcnf Prozent gesenkt werden. Dies ist nicht gelungen. Immerhin gibt es weitere neue Initiativen, die auf Freiwilligkeit und Kooperationen setzen. Diese gilt es zu st\u00e4rken. Die internationale Finanzierung f\u00fcr Klimaschutz in Entwicklungsl\u00e4ndern wurde ebenfalls nicht verbindlich mit Summen hinterlegt. Aber zumindest wurde sie als Absicht festgehalten. Eine wichtige Initiative f\u00fcr den Schutz des Regenwaldes wurde gestartet. In der Summe aber zu wenig, zu langsam, zu sp\u00e4t. Es bleibt viel zu tun.<\/p>\n\n\n\n<p><strong>Wie bewerten Sie diesbez\u00fcglich die aktuellen politischen Entscheidungen in Deutschland und der EU?<\/strong><\/p>\n\n\n\n<p>Wir erleben auch in Deutschland einen Rollback \u2013 trotz hoher gesellschaftlicher Zustimmung zu Klimaschutzma\u00dfnahmen. Untersuchungen des deutschen Umweltbundesamtes aus dem Jahr 2024 belegen, dass 86 Prozent der Menschen in Deutschland von ihren Regierungen mehr Anstrengungen zum Schutz des Klimas fordern. Bereits 2009 hat sich Deutschland, wie viele andere L\u00e4nder auch, das Ziel gesetzt, im Jahr 2025 fossile Subventionen zu beenden. Davon sind wir heute weit entfernt. Dem IWF zufolge haben die fossilen Subventionen in Deutschland allein 2023 etwa 70 Milliarden Euro betragen. In den vergangenen Wochen wurden die fossilen Subventionen durch pauschale Stromrabattierung ohne Lenkungswirkung, Senkung der Steuer f\u00fcr Flugtickets und \u00e4hnliches weiter erh\u00f6ht. Die staatliche F\u00f6rderung fossiler Energien erschwert den Klimaschutz und die Erreichung nationaler und EU-weiter Klimaziele.<\/p>\n\n\n\n<p><strong>Internationale Forschungsteams warnen immer dringlicher \u2013&nbsp;warum kommen die wissenschaftlichen Erkenntnisse nicht in der politischen Umsetzung an?<\/strong><\/p>\n\n\n\n<p>Politik arbeitet im Rhythmus von Legislaturperioden. Die Klimakrise nicht. Politische Entscheidungen werden oft von Macht, kurzfristigen Zyklen, Wirtschaftsinteressen und den Interessen der W\u00e4hlerinnen und W\u00e4hler beeinflusst. Zudem sind wissenschaftliche Erkenntnisse komplex und die Wirkungen interpretierbar. So etwas wie die Nachhaltigkeitskrise mit globalem Ausma\u00df und Auswirkungen in der Zukunft werden als \u201eWicked Problems\u201c bezeichnet, \u00fcbersetzt bedeutet das in etwa komplexe, vielschichtige Probleme ohne klare oder einfache L\u00f6sung. Bei so etwas erfordert die Umsetzung der Ma\u00dfnahmen Durchhaltekraft und viel Kommunikation. Im Moment ist das Gegenteil der Fall: viel Meinung, viel Populismus, wenig Wissen.<\/p>\n\n\n\n<p><strong>Was muss passieren, damit Politik wissenschaftliche Fakten st\u00e4rker einbezieht?<\/strong><\/p>\n\n\n\n<p>Eine L\u00f6sung k\u00f6nnte die St\u00e4rkung von wissenschaftlicher Beratung \u2013 beispielsweise durch einen Expertenrat Klima \u2013 sein. Mit einer intergenerationalen Perspektive, Einbindung der Zivilgesellschaft und Transdisziplinarit\u00e4t, Schaffung klarer politischer Rahmenbedingungen f\u00fcr Ziele des Klimaschutzes, wie durch den Bundesverfassungsgericht-Beschluss aus 2021 gefordert. Die Ma\u00dfnahmen m\u00fcssen besser umgesetzt und fortlaufend evaluiert werden. Vor allem sind langfristige politische Kooperationen und Allianzen n\u00f6tig.<\/p>\n\n\n\n<p><strong>Sie sind Architekt und St\u00e4dteplaner \u2013 warum werden St\u00e4dte die entscheidenden Schaupl\u00e4tze der Transformation sein?<\/strong><\/p>\n\n\n\n<p>St\u00e4dte sind Verursacher und Betroffene zugleich. In den St\u00e4dten werden die meisten Treibhausgasemissionen \u2013 durch Wohnen, Mobilit\u00e4t und wirtschaftliche Aktivit\u00e4ten \u2013 &nbsp;ausgesto\u00dfen. Zugleich sind Auswirkungen der Klimakrise durch Extremwetter, Hitzeinseln usw. besonders in den St\u00e4dten sp\u00fcrbar. Andererseits k\u00f6nnen dort Impulse f\u00fcr neue innovative soziale Praktiken und Technologien entstehen und auch skaliert werden. St\u00e4dte k\u00f6nnen hier viel ausrichten.<\/p>\n\n\n\n<p><strong>Welchen Vorteil haben Kommunen, die konsequent in Richtung nachhaltige Transformation steuern?<\/strong><\/p>\n\n\n\n<p>Die wichtigsten Aufgaben der Kommunen sind Daseinsf\u00fcrsorge, Sicherheit, Bildung und Soziales. Transformation als Gestaltungsaufgabe f\u00fcr lebenswerte St\u00e4dte und Regionen tr\u00e4gt entscheidend dazu bei, dass diese Aufgaben jetzt und in der Zukunft gut bew\u00e4ltigt werden k\u00f6nnen. Stichwort ist: urbane Resilienz. Die Klimakrise mit Starkregen, Hitze, Umweltkatastrophen und \u00e4hnliches \u2013 auf solche Krisen bereiten sich Kommunen aktiv vor, wenn sie jetzt handeln. Dann k\u00f6nnen sie darauf besser reagieren, sparen k\u00fcnftig und stehen gesellschaftlich besser da. Der Ausbau blau-gr\u00fcner Infrastruktur (Wasser, B\u00e4ume, Schattenpl\u00e4tze\u2026) ist neben dem raschen Ausstieg aus fossilen Brennstoffen und dem Umstieg auf erneuerbare Energien eine wichtige kommunale Aufgabe.<\/p>\n\n\n\n<p><strong>Welche Rolle spielt die Hochschule dabei?<\/strong><\/p>\n\n\n\n<p>Universit\u00e4ten und Hochschulen nehmen in diesem Kontext eine Schl\u00fcsselrolle ein, da sie als Bildungsst\u00e4tten zuk\u00fcnftiger Expertinnen und Experten des transformativen Handelns fungieren. Durch transdisziplin\u00e4res Engagement und Wissenstransfer f\u00f6rdern sie eine Kultur sozialer, \u00f6kologischer und wirtschaftlicher Verantwortlichkeit, innerhalb der planetaren Leitplanken. Sie bereiten zuk\u00fcnftige Entscheidungstr\u00e4gerinnen und Entscheidungstr\u00e4ger und diejenigen, die gestalten, auf die anstehenden Aufgaben vor, generieren das hierf\u00fcr erforderliche Wissen, ziehen R\u00fcckschl\u00fcsse f\u00fcr die Anwendung und die Planung und erproben wegweisende Konzepte. Hochschulen sind zudem in der Rolle als Mittler und als Plattformen des wissenschaftlichen und gesellschaftlichen Diskurses gefordert, und sie tragen Verantwortung. Engagierte Wissenschaft macht sich auf den Weg von Wissen zum Tun, denn nur so bleiben wir auch glaubhaft. Das Privileg, mehr zu wissen, geht mit Verantwortung gegen\u00fcber k\u00fcnftiger Generationen und Gesellschaft einher.<\/p>\n\n\n<h5 class=\"green\">Quelle<\/h5>\r\n\n\n\n<p><a href=\"https:\/\/www.hs-coburg.de\/news\/klimakrise-warum-staedte-jetzt-zukunft-bauen-muessen\/\">Hochschule Coburg 2025 \/ Natalie Schalk <\/a><\/p>\n<div class=\"shariff shariff-align-flex-start shariff-widget-align-flex-start\"><div class=\"ShariffHeadline\">Diese Meldung teilen<\/div><ul class=\"shariff-buttons theme-round orientation-horizontal buttonsize-medium\"><li class=\"shariff-button facebook shariff-nocustomcolor\" style=\"background-color:#4273c8;border-radius:1%\"><a href=\"https:\/\/www.facebook.com\/sharer\/sharer.php?u=https%3A%2F%2Fwww.sonnenseite.com%2Fde%2Fzukunft%2Fklimakrise-warum-staedte-jetzt-zukunft-bauen-muessen%2F\" title=\"Bei Facebook teilen\" aria-label=\"Bei Facebook teilen\" role=\"button\" rel=\"nofollow\" class=\"shariff-link\" style=\";border-radius:1%; background-color:#3b5998; color:#fff\" target=\"_blank\"><span class=\"shariff-icon\" style=\"\"><svg width=\"32px\" height=\"20px\" xmlns=\"http:\/\/www.w3.org\/2000\/svg\" viewBox=\"0 0 18 32\"><path fill=\"#3b5998\" d=\"M17.1 0.2v4.7h-2.8q-1.5 0-2.1 0.6t-0.5 1.9v3.4h5.2l-0.7 5.3h-4.5v13.6h-5.5v-13.6h-4.5v-5.3h4.5v-3.9q0-3.3 1.9-5.2t5-1.8q2.6 0 4.1 0.2z\"\/><\/svg><\/span><\/a><\/li><li class=\"shariff-button twitter shariff-nocustomcolor\" style=\"background-color:#595959;border-radius:1%\"><a href=\"https:\/\/twitter.com\/share?url=https%3A%2F%2Fwww.sonnenseite.com%2Fde%2Fzukunft%2Fklimakrise-warum-staedte-jetzt-zukunft-bauen-muessen%2F&text=Klimakrise%3A%20Warum%20St%C3%A4dte%20jetzt%20Zukunft%20bauen%20m%C3%BCssen\" title=\"Bei X teilen\" aria-label=\"Bei X teilen\" role=\"button\" rel=\"noopener nofollow\" class=\"shariff-link\" style=\";border-radius:1%; background-color:#000; color:#fff\" target=\"_blank\"><span class=\"shariff-icon\" style=\"\"><svg width=\"32px\" height=\"20px\" xmlns=\"http:\/\/www.w3.org\/2000\/svg\" viewBox=\"0 0 24 24\"><path fill=\"#000\" d=\"M14.258 10.152L23.176 0h-2.113l-7.747 8.813L7.133 0H0l9.352 13.328L0 23.973h2.113l8.176-9.309 6.531 9.309h7.133zm-2.895 3.293l-.949-1.328L2.875 1.56h3.246l6.086 8.523.945 1.328 7.91 11.078h-3.246zm0 0\"\/><\/svg><\/span><\/a><\/li><li class=\"shariff-button xing shariff-nocustomcolor\" style=\"background-color:#29888a;border-radius:1%\"><a href=\"https:\/\/www.xing.com\/spi\/shares\/new?url=https%3A%2F%2Fwww.sonnenseite.com%2Fde%2Fzukunft%2Fklimakrise-warum-staedte-jetzt-zukunft-bauen-muessen%2F\" title=\"Bei XING teilen\" aria-label=\"Bei XING teilen\" role=\"button\" rel=\"noopener nofollow\" class=\"shariff-link\" style=\";border-radius:1%; background-color:#126567; color:#fff\" target=\"_blank\"><span class=\"shariff-icon\" style=\"\"><svg width=\"32px\" height=\"20px\" xmlns=\"http:\/\/www.w3.org\/2000\/svg\" viewBox=\"0 0 25 32\"><path fill=\"#126567\" d=\"M10.7 11.9q-0.2 0.3-4.6 8.2-0.5 0.8-1.2 0.8h-4.3q-0.4 0-0.5-0.3t0-0.6l4.5-8q0 0 0 0l-2.9-5q-0.2-0.4 0-0.7 0.2-0.3 0.5-0.3h4.3q0.7 0 1.2 0.8zM25.1 0.4q0.2 0.3 0 0.7l-9.4 16.7 6 11q0.2 0.4 0 0.6-0.2 0.3-0.6 0.3h-4.3q-0.7 0-1.2-0.8l-6-11.1q0.3-0.6 9.5-16.8 0.4-0.8 1.2-0.8h4.3q0.4 0 0.5 0.3z\"\/><\/svg><\/span><\/a><\/li><li class=\"shariff-button linkedin shariff-nocustomcolor\" style=\"background-color:#1488bf;border-radius:1%\"><a href=\"https:\/\/www.linkedin.com\/sharing\/share-offsite\/?url=https%3A%2F%2Fwww.sonnenseite.com%2Fde%2Fzukunft%2Fklimakrise-warum-staedte-jetzt-zukunft-bauen-muessen%2F\" title=\"Bei LinkedIn teilen\" aria-label=\"Bei LinkedIn teilen\" role=\"button\" rel=\"noopener nofollow\" class=\"shariff-link\" style=\";border-radius:1%; background-color:#0077b5; color:#fff\" target=\"_blank\"><span class=\"shariff-icon\" style=\"\"><svg width=\"32px\" height=\"20px\" xmlns=\"http:\/\/www.w3.org\/2000\/svg\" viewBox=\"0 0 27 32\"><path fill=\"#0077b5\" d=\"M6.2 11.2v17.7h-5.9v-17.7h5.9zM6.6 5.7q0 1.3-0.9 2.2t-2.4 0.9h0q-1.5 0-2.4-0.9t-0.9-2.2 0.9-2.2 2.4-0.9 2.4 0.9 0.9 2.2zM27.4 18.7v10.1h-5.9v-9.5q0-1.9-0.7-2.9t-2.3-1.1q-1.1 0-1.9 0.6t-1.2 1.5q-0.2 0.5-0.2 1.4v9.9h-5.9q0-7.1 0-11.6t0-5.3l0-0.9h5.9v2.6h0q0.4-0.6 0.7-1t1-0.9 1.6-0.8 2-0.3q3 0 4.9 2t1.9 6z\"\/><\/svg><\/span><\/a><\/li><li class=\"shariff-button printer shariff-nocustomcolor\" style=\"background-color:#a8a8a8;border-radius:1%\"><a href=\"javascript:window.print()\" title=\"drucken\" aria-label=\"drucken\" role=\"button\" rel=\"noopener nofollow\" class=\"shariff-link\" style=\";border-radius:1%; background-color:#999; color:#fff\"><span class=\"shariff-icon\" style=\"\"><svg width=\"32px\" height=\"20px\" xmlns=\"http:\/\/www.w3.org\/2000\/svg\" viewBox=\"0 0 30 32\"><path fill=\"#999\" d=\"M6.8 27.4h16v-4.6h-16v4.6zM6.8 16h16v-6.8h-2.8q-0.7 0-1.2-0.5t-0.5-1.2v-2.8h-11.4v11.4zM27.4 17.2q0-0.5-0.3-0.8t-0.8-0.4-0.8 0.4-0.3 0.8 0.3 0.8 0.8 0.3 0.8-0.3 0.3-0.8zM29.7 17.2v7.4q0 0.2-0.2 0.4t-0.4 0.2h-4v2.8q0 0.7-0.5 1.2t-1.2 0.5h-17.2q-0.7 0-1.2-0.5t-0.5-1.2v-2.8h-4q-0.2 0-0.4-0.2t-0.2-0.4v-7.4q0-1.4 1-2.4t2.4-1h1.2v-9.7q0-0.7 0.5-1.2t1.2-0.5h12q0.7 0 1.6 0.4t1.3 0.8l2.7 2.7q0.5 0.5 0.9 1.4t0.4 1.6v4.6h1.1q1.4 0 2.4 1t1 2.4z\"\/><\/svg><\/span><\/a><\/li><li class=\"shariff-button mailto shariff-nocustomcolor\" style=\"background-color:#a8a8a8;border-radius:1%\"><a href=\"mailto:?body=https%3A%2F%2Fwww.sonnenseite.com%2Fde%2Fzukunft%2Fklimakrise-warum-staedte-jetzt-zukunft-bauen-muessen%2F&subject=Klimakrise%3A%20Warum%20St%C3%A4dte%20jetzt%20Zukunft%20bauen%20m%C3%BCssen\" title=\"Per E-Mail versenden\" aria-label=\"Per E-Mail versenden\" role=\"button\" rel=\"noopener nofollow\" class=\"shariff-link\" style=\";border-radius:1%; background-color:#999; color:#fff\"><span class=\"shariff-icon\" style=\"\"><svg width=\"32px\" height=\"20px\" xmlns=\"http:\/\/www.w3.org\/2000\/svg\" viewBox=\"0 0 32 32\"><path fill=\"#999\" d=\"M32 12.7v14.2q0 1.2-0.8 2t-2 0.9h-26.3q-1.2 0-2-0.9t-0.8-2v-14.2q0.8 0.9 1.8 1.6 6.5 4.4 8.9 6.1 1 0.8 1.6 1.2t1.7 0.9 2 0.4h0.1q0.9 0 2-0.4t1.7-0.9 1.6-1.2q3-2.2 8.9-6.1 1-0.7 1.8-1.6zM32 7.4q0 1.4-0.9 2.7t-2.2 2.2q-6.7 4.7-8.4 5.8-0.2 0.1-0.7 0.5t-1 0.7-0.9 0.6-1.1 0.5-0.9 0.2h-0.1q-0.4 0-0.9-0.2t-1.1-0.5-0.9-0.6-1-0.7-0.7-0.5q-1.6-1.1-4.7-3.2t-3.6-2.6q-1.1-0.7-2.1-2t-1-2.5q0-1.4 0.7-2.3t2.1-0.9h26.3q1.2 0 2 0.8t0.9 2z\"\/><\/svg><\/span><\/a><\/li><\/ul><\/div>","protected":false},"excerpt":{"rendered":"<p>Sieben planetare Grenzen sind bereits \u00fcberschritten: Prof. Mario Tvrtkovic von der Hochschule Coburg w\u00fcnscht sich mutige [&hellip;]<\/p>\n","protected":false},"author":3,"featured_media":111083,"comment_status":"closed","ping_status":"closed","sticky":false,"template":"","format":"standard","meta":{"inline_featured_image":false,"footnotes":""},"categories":[27],"tags":[],"class_list":["post-111081","post","type-post","status-publish","format-standard","has-post-thumbnail","hentry","category-zukunft"],"yoast_head":"<!-- This site is optimized with the Yoast SEO plugin v26.5 - https:\/\/yoast.com\/wordpress\/plugins\/seo\/ -->\n<title>Klimakrise: Warum St\u00e4dte jetzt Zukunft bauen m\u00fcssen - Sonnenseite - \u00d6kologische Kommunikation mit Franz Alt<\/title>\n<meta name=\"description\" content=\"Sieben planetare Grenzen sind bereits \u00fcberschritten: Prof. Mario Tvrtkovic von der Hochschule Coburg w\u00fcnscht sich mutige Politik f\u00fcr die Zukunft. Er\" \/>\n<meta name=\"robots\" content=\"index, follow, max-snippet:-1, max-image-preview:large, max-video-preview:-1\" \/>\n<link rel=\"canonical\" href=\"https:\/\/www.sonnenseite.com\/de\/zukunft\/klimakrise-warum-staedte-jetzt-zukunft-bauen-muessen\/\" \/>\n<meta property=\"og:locale\" content=\"de_DE\" \/>\n<meta property=\"og:type\" content=\"article\" \/>\n<meta property=\"og:title\" content=\"Klimakrise: Warum St\u00e4dte jetzt Zukunft bauen m\u00fcssen - Sonnenseite - \u00d6kologische Kommunikation mit Franz Alt\" \/>\n<meta property=\"og:description\" content=\"Sieben planetare Grenzen sind bereits \u00fcberschritten: Prof. Mario Tvrtkovic von der Hochschule Coburg w\u00fcnscht sich mutige Politik f\u00fcr die Zukunft. Er\" \/>\n<meta property=\"og:url\" content=\"https:\/\/www.sonnenseite.com\/de\/zukunft\/klimakrise-warum-staedte-jetzt-zukunft-bauen-muessen\/\" \/>\n<meta property=\"og:site_name\" content=\"Sonnenseite\" \/>\n<meta property=\"article:publisher\" content=\"https:\/\/www.facebook.com\/pages\/Franz-Alt-SONNENSEITECOM\/221072987903953?fref=ts\" \/>\n<meta property=\"article:published_time\" content=\"2025-11-29T01:52:00+00:00\" \/>\n<meta property=\"article:modified_time\" content=\"2025-12-11T10:42:50+00:00\" \/>\n<meta property=\"og:image\" content=\"https:\/\/www.sonnenseite.com\/wp-content\/uploads\/2025\/11\/HochschuleCoburg_Natalie-Sc.jpg\" \/>\n\t<meta property=\"og:image:width\" content=\"770\" \/>\n\t<meta property=\"og:image:height\" content=\"420\" \/>\n\t<meta property=\"og:image:type\" content=\"image\/jpeg\" \/>\n<meta name=\"author\" content=\"Bigi Alt\" \/>\n<meta name=\"twitter:card\" content=\"summary_large_image\" \/>\n<meta name=\"twitter:creator\" content=\"@franzalt\" \/>\n<meta name=\"twitter:site\" content=\"@franzalt\" \/>\n<meta name=\"twitter:label1\" content=\"Verfasst von\" \/>\n\t<meta name=\"twitter:data1\" content=\"Bigi Alt\" \/>\n\t<meta name=\"twitter:label2\" content=\"Gesch\u00e4tzte Lesezeit\" \/>\n\t<meta name=\"twitter:data2\" content=\"6\u00a0Minuten\" \/>\n<script type=\"application\/ld+json\" class=\"yoast-schema-graph\">{\"@context\":\"https:\/\/schema.org\",\"@graph\":[{\"@type\":\"Article\",\"@id\":\"https:\/\/www.sonnenseite.com\/de\/zukunft\/klimakrise-warum-staedte-jetzt-zukunft-bauen-muessen\/#article\",\"isPartOf\":{\"@id\":\"https:\/\/www.sonnenseite.com\/de\/zukunft\/klimakrise-warum-staedte-jetzt-zukunft-bauen-muessen\/\"},\"author\":{\"name\":\"Bigi Alt\",\"@id\":\"https:\/\/www.sonnenseite.com\/de\/#\/schema\/person\/50fda0e926597684c7cc6695238a4eb9\"},\"headline\":\"Klimakrise: Warum St\u00e4dte jetzt Zukunft bauen m\u00fcssen\",\"datePublished\":\"2025-11-29T01:52:00+00:00\",\"dateModified\":\"2025-12-11T10:42:50+00:00\",\"mainEntityOfPage\":{\"@id\":\"https:\/\/www.sonnenseite.com\/de\/zukunft\/klimakrise-warum-staedte-jetzt-zukunft-bauen-muessen\/\"},\"wordCount\":988,\"publisher\":{\"@id\":\"https:\/\/www.sonnenseite.com\/de\/#organization\"},\"image\":{\"@id\":\"https:\/\/www.sonnenseite.com\/de\/zukunft\/klimakrise-warum-staedte-jetzt-zukunft-bauen-muessen\/#primaryimage\"},\"thumbnailUrl\":\"https:\/\/www.sonnenseite.com\/wp-content\/uploads\/2025\/11\/HochschuleCoburg_Natalie-Sc.jpg\",\"articleSection\":[\"Zukunft\"],\"inLanguage\":\"de\"},{\"@type\":\"WebPage\",\"@id\":\"https:\/\/www.sonnenseite.com\/de\/zukunft\/klimakrise-warum-staedte-jetzt-zukunft-bauen-muessen\/\",\"url\":\"https:\/\/www.sonnenseite.com\/de\/zukunft\/klimakrise-warum-staedte-jetzt-zukunft-bauen-muessen\/\",\"name\":\"Klimakrise: Warum St\u00e4dte jetzt Zukunft bauen m\u00fcssen - Sonnenseite - \u00d6kologische Kommunikation mit Franz Alt\",\"isPartOf\":{\"@id\":\"https:\/\/www.sonnenseite.com\/de\/#website\"},\"primaryImageOfPage\":{\"@id\":\"https:\/\/www.sonnenseite.com\/de\/zukunft\/klimakrise-warum-staedte-jetzt-zukunft-bauen-muessen\/#primaryimage\"},\"image\":{\"@id\":\"https:\/\/www.sonnenseite.com\/de\/zukunft\/klimakrise-warum-staedte-jetzt-zukunft-bauen-muessen\/#primaryimage\"},\"thumbnailUrl\":\"https:\/\/www.sonnenseite.com\/wp-content\/uploads\/2025\/11\/HochschuleCoburg_Natalie-Sc.jpg\",\"datePublished\":\"2025-11-29T01:52:00+00:00\",\"dateModified\":\"2025-12-11T10:42:50+00:00\",\"description\":\"Sieben planetare Grenzen sind bereits \u00fcberschritten: Prof. Mario Tvrtkovic von der Hochschule Coburg w\u00fcnscht sich mutige Politik f\u00fcr die Zukunft. Er\",\"breadcrumb\":{\"@id\":\"https:\/\/www.sonnenseite.com\/de\/zukunft\/klimakrise-warum-staedte-jetzt-zukunft-bauen-muessen\/#breadcrumb\"},\"inLanguage\":\"de\",\"potentialAction\":[{\"@type\":\"ReadAction\",\"target\":[\"https:\/\/www.sonnenseite.com\/de\/zukunft\/klimakrise-warum-staedte-jetzt-zukunft-bauen-muessen\/\"]}]},{\"@type\":\"ImageObject\",\"inLanguage\":\"de\",\"@id\":\"https:\/\/www.sonnenseite.com\/de\/zukunft\/klimakrise-warum-staedte-jetzt-zukunft-bauen-muessen\/#primaryimage\",\"url\":\"https:\/\/www.sonnenseite.com\/wp-content\/uploads\/2025\/11\/HochschuleCoburg_Natalie-Sc.jpg\",\"contentUrl\":\"https:\/\/www.sonnenseite.com\/wp-content\/uploads\/2025\/11\/HochschuleCoburg_Natalie-Sc.jpg\",\"width\":770,\"height\":420,\"caption\":\"Hochschule Coburg | Natalie-Schalk | Prof. Mario Tvrtkovic\"},{\"@type\":\"BreadcrumbList\",\"@id\":\"https:\/\/www.sonnenseite.com\/de\/zukunft\/klimakrise-warum-staedte-jetzt-zukunft-bauen-muessen\/#breadcrumb\",\"itemListElement\":[{\"@type\":\"ListItem\",\"position\":1,\"name\":\"Startseite\",\"item\":\"https:\/\/www.sonnenseite.com\/de\/\"},{\"@type\":\"ListItem\",\"position\":2,\"name\":\"Klimakrise: Warum St\u00e4dte jetzt Zukunft bauen m\u00fcssen\"}]},{\"@type\":\"WebSite\",\"@id\":\"https:\/\/www.sonnenseite.com\/de\/#website\",\"url\":\"https:\/\/www.sonnenseite.com\/de\/\",\"name\":\"Sonnenseite\",\"description\":\"\u00d6kologische Kommunikation mit Franz Alt\",\"publisher\":{\"@id\":\"https:\/\/www.sonnenseite.com\/de\/#organization\"},\"potentialAction\":[{\"@type\":\"SearchAction\",\"target\":{\"@type\":\"EntryPoint\",\"urlTemplate\":\"https:\/\/www.sonnenseite.com\/de\/?s={search_term_string}\"},\"query-input\":{\"@type\":\"PropertyValueSpecification\",\"valueRequired\":true,\"valueName\":\"search_term_string\"}}],\"inLanguage\":\"de\"},{\"@type\":\"Organization\",\"@id\":\"https:\/\/www.sonnenseite.com\/de\/#organization\",\"name\":\"Sonnenseite\",\"url\":\"https:\/\/www.sonnenseite.com\/de\/\",\"logo\":{\"@type\":\"ImageObject\",\"inLanguage\":\"de\",\"@id\":\"https:\/\/www.sonnenseite.com\/de\/#\/schema\/logo\/image\/\",\"url\":\"https:\/\/www.sonnenseite.com\/wp-content\/uploads\/2020\/05\/Sonnenseite_Logo.png\",\"contentUrl\":\"https:\/\/www.sonnenseite.com\/wp-content\/uploads\/2020\/05\/Sonnenseite_Logo.png\",\"width\":377,\"height\":90,\"caption\":\"Sonnenseite\"},\"image\":{\"@id\":\"https:\/\/www.sonnenseite.com\/de\/#\/schema\/logo\/image\/\"},\"sameAs\":[\"https:\/\/www.facebook.com\/pages\/Franz-Alt-SONNENSEITECOM\/221072987903953?fref=ts\",\"https:\/\/x.com\/franzalt\",\"http:\/\/www.youtube.com\/results?search_query&amp;amp;quot;franz_alt&amp;amp;quot;&amp;amp;amp;amp;search_type&amp;amp;amp;amp;aq=f\"]},{\"@type\":\"Person\",\"@id\":\"https:\/\/www.sonnenseite.com\/de\/#\/schema\/person\/50fda0e926597684c7cc6695238a4eb9\",\"name\":\"Bigi Alt\"}]}<\/script>\n<!-- \/ Yoast SEO plugin. -->","yoast_head_json":{"title":"Klimakrise: Warum St\u00e4dte jetzt Zukunft bauen m\u00fcssen - Sonnenseite - \u00d6kologische Kommunikation mit Franz Alt","description":"Sieben planetare Grenzen sind bereits \u00fcberschritten: Prof. Mario Tvrtkovic von der Hochschule Coburg w\u00fcnscht sich mutige Politik f\u00fcr die Zukunft. Er","robots":{"index":"index","follow":"follow","max-snippet":"max-snippet:-1","max-image-preview":"max-image-preview:large","max-video-preview":"max-video-preview:-1"},"canonical":"https:\/\/www.sonnenseite.com\/de\/zukunft\/klimakrise-warum-staedte-jetzt-zukunft-bauen-muessen\/","og_locale":"de_DE","og_type":"article","og_title":"Klimakrise: Warum St\u00e4dte jetzt Zukunft bauen m\u00fcssen - Sonnenseite - \u00d6kologische Kommunikation mit Franz Alt","og_description":"Sieben planetare Grenzen sind bereits \u00fcberschritten: Prof. Mario Tvrtkovic von der Hochschule Coburg w\u00fcnscht sich mutige Politik f\u00fcr die Zukunft. Er","og_url":"https:\/\/www.sonnenseite.com\/de\/zukunft\/klimakrise-warum-staedte-jetzt-zukunft-bauen-muessen\/","og_site_name":"Sonnenseite","article_publisher":"https:\/\/www.facebook.com\/pages\/Franz-Alt-SONNENSEITECOM\/221072987903953?fref=ts","article_published_time":"2025-11-29T01:52:00+00:00","article_modified_time":"2025-12-11T10:42:50+00:00","og_image":[{"width":770,"height":420,"url":"https:\/\/www.sonnenseite.com\/wp-content\/uploads\/2025\/11\/HochschuleCoburg_Natalie-Sc.jpg","type":"image\/jpeg"}],"author":"Bigi Alt","twitter_card":"summary_large_image","twitter_creator":"@franzalt","twitter_site":"@franzalt","twitter_misc":{"Verfasst von":"Bigi Alt","Gesch\u00e4tzte Lesezeit":"6\u00a0Minuten"},"schema":{"@context":"https:\/\/schema.org","@graph":[{"@type":"Article","@id":"https:\/\/www.sonnenseite.com\/de\/zukunft\/klimakrise-warum-staedte-jetzt-zukunft-bauen-muessen\/#article","isPartOf":{"@id":"https:\/\/www.sonnenseite.com\/de\/zukunft\/klimakrise-warum-staedte-jetzt-zukunft-bauen-muessen\/"},"author":{"name":"Bigi Alt","@id":"https:\/\/www.sonnenseite.com\/de\/#\/schema\/person\/50fda0e926597684c7cc6695238a4eb9"},"headline":"Klimakrise: Warum St\u00e4dte jetzt Zukunft bauen m\u00fcssen","datePublished":"2025-11-29T01:52:00+00:00","dateModified":"2025-12-11T10:42:50+00:00","mainEntityOfPage":{"@id":"https:\/\/www.sonnenseite.com\/de\/zukunft\/klimakrise-warum-staedte-jetzt-zukunft-bauen-muessen\/"},"wordCount":988,"publisher":{"@id":"https:\/\/www.sonnenseite.com\/de\/#organization"},"image":{"@id":"https:\/\/www.sonnenseite.com\/de\/zukunft\/klimakrise-warum-staedte-jetzt-zukunft-bauen-muessen\/#primaryimage"},"thumbnailUrl":"https:\/\/www.sonnenseite.com\/wp-content\/uploads\/2025\/11\/HochschuleCoburg_Natalie-Sc.jpg","articleSection":["Zukunft"],"inLanguage":"de"},{"@type":"WebPage","@id":"https:\/\/www.sonnenseite.com\/de\/zukunft\/klimakrise-warum-staedte-jetzt-zukunft-bauen-muessen\/","url":"https:\/\/www.sonnenseite.com\/de\/zukunft\/klimakrise-warum-staedte-jetzt-zukunft-bauen-muessen\/","name":"Klimakrise: Warum St\u00e4dte jetzt Zukunft bauen m\u00fcssen - Sonnenseite - \u00d6kologische Kommunikation mit Franz Alt","isPartOf":{"@id":"https:\/\/www.sonnenseite.com\/de\/#website"},"primaryImageOfPage":{"@id":"https:\/\/www.sonnenseite.com\/de\/zukunft\/klimakrise-warum-staedte-jetzt-zukunft-bauen-muessen\/#primaryimage"},"image":{"@id":"https:\/\/www.sonnenseite.com\/de\/zukunft\/klimakrise-warum-staedte-jetzt-zukunft-bauen-muessen\/#primaryimage"},"thumbnailUrl":"https:\/\/www.sonnenseite.com\/wp-content\/uploads\/2025\/11\/HochschuleCoburg_Natalie-Sc.jpg","datePublished":"2025-11-29T01:52:00+00:00","dateModified":"2025-12-11T10:42:50+00:00","description":"Sieben planetare Grenzen sind bereits \u00fcberschritten: Prof. Mario Tvrtkovic von der Hochschule Coburg w\u00fcnscht sich mutige Politik f\u00fcr die Zukunft. Er","breadcrumb":{"@id":"https:\/\/www.sonnenseite.com\/de\/zukunft\/klimakrise-warum-staedte-jetzt-zukunft-bauen-muessen\/#breadcrumb"},"inLanguage":"de","potentialAction":[{"@type":"ReadAction","target":["https:\/\/www.sonnenseite.com\/de\/zukunft\/klimakrise-warum-staedte-jetzt-zukunft-bauen-muessen\/"]}]},{"@type":"ImageObject","inLanguage":"de","@id":"https:\/\/www.sonnenseite.com\/de\/zukunft\/klimakrise-warum-staedte-jetzt-zukunft-bauen-muessen\/#primaryimage","url":"https:\/\/www.sonnenseite.com\/wp-content\/uploads\/2025\/11\/HochschuleCoburg_Natalie-Sc.jpg","contentUrl":"https:\/\/www.sonnenseite.com\/wp-content\/uploads\/2025\/11\/HochschuleCoburg_Natalie-Sc.jpg","width":770,"height":420,"caption":"Hochschule Coburg | Natalie-Schalk | Prof. Mario Tvrtkovic"},{"@type":"BreadcrumbList","@id":"https:\/\/www.sonnenseite.com\/de\/zukunft\/klimakrise-warum-staedte-jetzt-zukunft-bauen-muessen\/#breadcrumb","itemListElement":[{"@type":"ListItem","position":1,"name":"Startseite","item":"https:\/\/www.sonnenseite.com\/de\/"},{"@type":"ListItem","position":2,"name":"Klimakrise: Warum St\u00e4dte jetzt Zukunft bauen m\u00fcssen"}]},{"@type":"WebSite","@id":"https:\/\/www.sonnenseite.com\/de\/#website","url":"https:\/\/www.sonnenseite.com\/de\/","name":"Sonnenseite","description":"\u00d6kologische Kommunikation mit Franz Alt","publisher":{"@id":"https:\/\/www.sonnenseite.com\/de\/#organization"},"potentialAction":[{"@type":"SearchAction","target":{"@type":"EntryPoint","urlTemplate":"https:\/\/www.sonnenseite.com\/de\/?s={search_term_string}"},"query-input":{"@type":"PropertyValueSpecification","valueRequired":true,"valueName":"search_term_string"}}],"inLanguage":"de"},{"@type":"Organization","@id":"https:\/\/www.sonnenseite.com\/de\/#organization","name":"Sonnenseite","url":"https:\/\/www.sonnenseite.com\/de\/","logo":{"@type":"ImageObject","inLanguage":"de","@id":"https:\/\/www.sonnenseite.com\/de\/#\/schema\/logo\/image\/","url":"https:\/\/www.sonnenseite.com\/wp-content\/uploads\/2020\/05\/Sonnenseite_Logo.png","contentUrl":"https:\/\/www.sonnenseite.com\/wp-content\/uploads\/2020\/05\/Sonnenseite_Logo.png","width":377,"height":90,"caption":"Sonnenseite"},"image":{"@id":"https:\/\/www.sonnenseite.com\/de\/#\/schema\/logo\/image\/"},"sameAs":["https:\/\/www.facebook.com\/pages\/Franz-Alt-SONNENSEITECOM\/221072987903953?fref=ts","https:\/\/x.com\/franzalt","http:\/\/www.youtube.com\/results?search_query&amp;amp;quot;franz_alt&amp;amp;quot;&amp;amp;amp;amp;search_type&amp;amp;amp;amp;aq=f"]},{"@type":"Person","@id":"https:\/\/www.sonnenseite.com\/de\/#\/schema\/person\/50fda0e926597684c7cc6695238a4eb9","name":"Bigi Alt"}]}},"_links":{"self":[{"href":"https:\/\/www.sonnenseite.com\/de\/wp-json\/wp\/v2\/posts\/111081","targetHints":{"allow":["GET"]}}],"collection":[{"href":"https:\/\/www.sonnenseite.com\/de\/wp-json\/wp\/v2\/posts"}],"about":[{"href":"https:\/\/www.sonnenseite.com\/de\/wp-json\/wp\/v2\/types\/post"}],"author":[{"embeddable":true,"href":"https:\/\/www.sonnenseite.com\/de\/wp-json\/wp\/v2\/users\/3"}],"replies":[{"embeddable":true,"href":"https:\/\/www.sonnenseite.com\/de\/wp-json\/wp\/v2\/comments?post=111081"}],"version-history":[{"count":2,"href":"https:\/\/www.sonnenseite.com\/de\/wp-json\/wp\/v2\/posts\/111081\/revisions"}],"predecessor-version":[{"id":111085,"href":"https:\/\/www.sonnenseite.com\/de\/wp-json\/wp\/v2\/posts\/111081\/revisions\/111085"}],"wp:featuredmedia":[{"embeddable":true,"href":"https:\/\/www.sonnenseite.com\/de\/wp-json\/wp\/v2\/media\/111083"}],"wp:attachment":[{"href":"https:\/\/www.sonnenseite.com\/de\/wp-json\/wp\/v2\/media?parent=111081"}],"wp:term":[{"taxonomy":"category","embeddable":true,"href":"https:\/\/www.sonnenseite.com\/de\/wp-json\/wp\/v2\/categories?post=111081"},{"taxonomy":"post_tag","embeddable":true,"href":"https:\/\/www.sonnenseite.com\/de\/wp-json\/wp\/v2\/tags?post=111081"}],"curies":[{"name":"wp","href":"https:\/\/api.w.org\/{rel}","templated":true}]}}