{"id":111151,"date":"2025-11-27T09:38:02","date_gmt":"2025-11-27T08:38:02","guid":{"rendered":"https:\/\/www.sonnenseite.com\/?p=111151"},"modified":"2025-11-27T09:38:03","modified_gmt":"2025-11-27T08:38:03","slug":"kolumbien-und-niederlande-werden-die-erste-regierungskonferenz-zum-ausstieg-aus-den-fossilen-brennstoffen-organisieren","status":"publish","type":"post","link":"https:\/\/www.sonnenseite.com\/de\/politik\/kolumbien-und-niederlande-werden-die-erste-regierungskonferenz-zum-ausstieg-aus-den-fossilen-brennstoffen-organisieren\/","title":{"rendered":"Kolumbien und Niederlande werden die erste Regierungskonferenz zum Ausstieg aus den fossilen Brennstoffen organisieren"},"content":{"rendered":"\n<p>Die erste Regierungskonferenz zum Ausstieg aus den fossilen Energietr\u00e4gern (Erd\u00f6l, Erdgas, Kohle) wird am 28. und 29. April 2026 in der Hafenstadt Santa Marta im Kolumbien stattfinden.<\/p>\n\n\n\n<p>Santa Marta ist ein gro\u00dfer Exporthafen f\u00fcr kolumbianische Kohle, die auch nach Deutschland geliefert wird \u2013 also ein sehr symboltr\u00e4chtiger Ort f\u00fcr diese Konferenz.<\/p>\n\n\n\n<p>Die Pazifikstaaten haben sich zudem verpflichtet, ein weiteres Treffen zum Fossilausstieg in der Region einzuberufen, um die Ergebnisse voranzutreiben.<\/p>\n\n\n\n<p>Quelle:&nbsp;<a href=\"https:\/\/fossilfueltreaty.org\/first-international-conference\" target=\"_blank\" rel=\"noreferrer noopener\">Fossil Fuel Non-Proliferation Treaty Initiative: First International Conference on the Just Transition Away from Fossil Fuels<\/a><\/p>\n\n\n\n<p>Diese wichtige Ank\u00fcndigung wurde von der Ver\u00f6ffentlichung der \u201eErkl\u00e4rung von Bel\u00e9m \u00fcber den gerechten \u00dcbergang weg von fossilen Brennstoffen\u201c begleitet, die von 24 L\u00e4ndern unterst\u00fctzt wird.<\/p>\n\n\n\n<p>Zu den unterst\u00fctzenden L\u00e4ndern geh\u00f6ren: Australien, \u00d6sterreich, Belgien, Kambodscha, Chile, Kolumbien, Costa Rica, D\u00e4nemark, Fidschi, Finnland, Irland, Jamaika, Kenia, Luxemburg, die Marshallinseln, Mexiko, Mikronesien, Nepal, die Niederlande, Panama, Spanien, Slowenien, Vanuatu und Tuvalu.<\/p>\n\n\n\n<p>Deutschland geh\u00f6rt nicht zu den Unterst\u00fctzern der Erkl\u00e4rung.<\/p>\n\n\n\n<p>M\u00f6glicherweise haben Bundeskanzler Merz und seine Wirtschaftsministerin Reiche ihr Veto eingelegt, denn gerade hat die Bundesregierung beschlossen, acht neue Erdgaskraftwerke auszuschreiben. Neue fossile Investitionen wie diese passen schon gar nicht in eine Ausstiegsinitiative aus fossilen Energien.<\/p>\n\n\n\n<h4 class=\"wp-block-heading\">UN Klimakonferenz COP 30 versagt erneut<\/h4>\n\n\n\n<p>Auf der COP 30 in Bel\u00e9m hatte der brasilianische Pr\u00e4sident Lula eine Initiative zum fossilen Ausstieg gestartet \u2013 doch ohne Erfolg. In der Abschlusserkl\u00e4rung der gerade zu Ende gegangenen UN-Klimakonferenz in Bel\u00e9m, Brasilien, gab es keine Erw\u00e4hnung des Ausstiegs aus fossilen Energien.<\/p>\n\n\n\n<p>L\u00e4nder, die fossile Rohstoffe f\u00f6rdern, wie Russland, die arabischen Staaten, aber auch Indien und China, waren strikt dagegen. Russland und einige arabische Staaten brauchen offensichtlich die Einnahmen aus Erd\u00f6l und Erdgas, um ihre grausamen Kriege gegen andere L\u00e4nder, wie die Ukraine, oder Terrorismus, wie islamistische K\u00e4mpfer, zu finanzieren.<\/p>\n\n\n\n<p>Dabei w\u00e4re der fossile Ausstieg genau die entscheidende Strategie, um Klimaschutz und Frieden voranzubringen. Etwa 60 % tragen die Emissionen aus fossilen Rohstoffen zur Aufheizung des Klimas bei, und zudem sind fossile Rohstoffverk\u00e4ufe die Haupteinnahmequelle f\u00fcr Russlands Kriege.<\/p>\n\n\n\n<p>Quelle:&nbsp;<a href=\"https:\/\/energywatchgroup.org\/wp\/wp-content\/uploads\/2023\/12\/EWG-Kurzanalyse-THG_2019-1.pdf\" target=\"_blank\" rel=\"noreferrer noopener\">Energy Watch Group: <em>EWG-Kurzanalyse THG 2019<\/em><\/a><\/p>\n\n\n\n<p>Der Ausstieg aus der fossilen Energie- und Chemiewirtschaft w\u00e4re also der mit Abstand wichtigste Beitrag zum Klimaschutz. Ohne diesen fossilen Ausstieg kann es keinen wirksamen Klimaschutz geben.<\/p>\n\n\n\n<p>Allerdings ist er nat\u00fcrlich nicht alles. Auch mit den Emissionen aus Land- und Forstwirtschaft sowie der Materialwirtschaft muss bald Schluss sein, und starke Kohlenstoffsenken m\u00fcssen schnell erschlossen werden.<\/p>\n\n\n\n<p>Mit den schnell wachsenden erneuerbaren Energien, L\u00f6sungen f\u00fcr eine Kreislaufwirtschaft sowie regenerativer Land-, Forst- und Meereswirtschaft ist Klimaschutz tats\u00e4chlich noch m\u00f6glich.<\/p>\n\n\n\n<p>Doch zu solchen klaren Strategien kann sich die Weltgemeinschaft auf UN-Regierungsebene bislang nicht durchringen. Auch die UN-Klimakonferenz COP 30 in Bel\u00e9m reiht sich daher nahtlos in die 29 vorherigen, komplett gescheiterten UN-Klimakonferenzen ein.<\/p>\n\n\n\n<h4 class=\"wp-block-heading\">Initiativen von Einzelstaaten, Unternehmen und B\u00fcrgern sind entscheidend<\/h4>\n\n\n\n<p>Daher bleibt, wie mir und Hermann Scheer schon vor 30 Jahren klar war: Klimaschutz kann nicht dadurch erreicht werden, dass alle Regierungen der Welt einen gemeinsamen Vertrag unterzeichnen. Vielmehr gelingt Klimaschutz nur auf ziviler und kommerzieller Basis.<\/p>\n\n\n\n<p>Daf\u00fcr sind einzelne Regierungsentscheidungen, etwa der Aufbau einer Industrie f\u00fcr Klimaschutztechnologien \u2013 wie es China vorantreibt \u2013 weitaus erfolgversprechender. China hat nicht darauf gewartet, dass auf irgendeiner Weltklimakonferenz der industrielle Aufbau einer Erneuerbare-Energien-Industrie beschlossen wird. Stattdessen haben sie diesen konsequent fortgef\u00fchrt, w\u00e4hrend Deutschland 2012 unter Umweltminister Altmaier und seiner Staatssekret\u00e4rin Reiche den industriellen Ausbau der Erneuerbare Energien j\u00e4h beendete.<\/p>\n\n\n\n<p>China erntet heute die \u00f6konomischen Fr\u00fcchte dieser Klimaschutzstrategie. Ohne diese industrielle Offensive h\u00e4tte die Weltgemeinschaft kaum Chancen, schnell Klimaschutz umzusetzen, denn China ist inzwischen der globale Hauptlieferant f\u00fcr Solartechnik, Batterien, Windkraftanlagen und E-Mobilit\u00e4t. Auch die gr\u00fcne Revolution, etwa Aufforstungsprojekte in W\u00fcstenregionen, wurde dort am st\u00e4rksten vorangetrieben.<\/p>\n\n\n\n<p>Da die Klimakonferenz in Bel\u00e9m erneut keinen substanziellen Beitrag zum Klimaschutz geleistet hat, ist es umso wichtiger, die Initiative von Kolumbien und den Niederlanden mit der Konferenz zum fossilen Ausstieg zu unterst\u00fctzen. Auch Deutschland sollte dort mit einer Regierungsdelegation, idealerweise unter F\u00fchrung von Kanzler Merz, pr\u00e4sent sein.<\/p>\n\n\n\n<p>Denn der Ersatz der fossilen Rohstoffe sind eben Erneuerbare Energien und erneuerbare Rohstoffe aus Pflanzen oder Algen f\u00fcr die Chemie. Das genau sind Innovationen. Innovationen hat ja auch Kanzler Merz f\u00fcr die St\u00e4rkung der deutschen Wirtschaft gefordert<\/p>\n\n\n\n<p>Quelle: <a href=\"https:\/\/www.bundesregierung.de\/breg-de\/aktuelles\/kanzler-hightech-agenda-2391454\" target=\"_blank\" rel=\"noreferrer noopener\">Bundesregierung: Kanzler-Hightech-Agenda<\/a><\/p>\n\n\n\n<p>In einer solchen Innovationswirtschaftsoffensive m\u00fcssen eben auch die Klimaschutzinnovationen voll im Mittelpunkt stehen. Das geht aber nur mit einem fossilen Ausstieg und nicht mit neuen Erdgaskraftwerken, die den Markt f\u00fcr den Ausbau innovativer Erneuerbare Energien ausbremsen.<\/p>\n\n\n\n<p>Deutschland sollte daher diesen Prozess der fossilen Ausstiegskonferenz in Kolumbien voll unterst\u00fctzen; er ist erfolgversprechender als alle Weltklimakonferenzen, die da noch kommen m\u00f6gen.<\/p>\n\n\n<h5 class=\"green\">Quelle<\/h5>\r\n\n\n\n<p><a href=\"http:\/\/www.hans-josef-fell.de\/\" target=\"_blank\" rel=\"noreferrer noopener\">Hans-Josef Fell 2025<\/a>\u00a0|\u00a0<a href=\"http:\/\/energywatchgroup.org\/\" target=\"_blank\" rel=\"noreferrer noopener\">Pr\u00e4sident der Energy Watch Group (EWG) und Autor des EEG<\/a><\/p>\n<div class=\"shariff shariff-align-flex-start shariff-widget-align-flex-start\"><div class=\"ShariffHeadline\">Diese Meldung teilen<\/div><ul class=\"shariff-buttons theme-round orientation-horizontal buttonsize-medium\"><li class=\"shariff-button facebook shariff-nocustomcolor\" style=\"background-color:#4273c8;border-radius:1%\"><a href=\"https:\/\/www.facebook.com\/sharer\/sharer.php?u=https%3A%2F%2Fwww.sonnenseite.com%2Fde%2Fpolitik%2Fkolumbien-und-niederlande-werden-die-erste-regierungskonferenz-zum-ausstieg-aus-den-fossilen-brennstoffen-organisieren%2F\" title=\"Bei Facebook teilen\" aria-label=\"Bei Facebook teilen\" role=\"button\" rel=\"nofollow\" class=\"shariff-link\" style=\";border-radius:1%; background-color:#3b5998; color:#fff\" target=\"_blank\"><span class=\"shariff-icon\" style=\"\"><svg width=\"32px\" height=\"20px\" xmlns=\"http:\/\/www.w3.org\/2000\/svg\" viewBox=\"0 0 18 32\"><path fill=\"#3b5998\" d=\"M17.1 0.2v4.7h-2.8q-1.5 0-2.1 0.6t-0.5 1.9v3.4h5.2l-0.7 5.3h-4.5v13.6h-5.5v-13.6h-4.5v-5.3h4.5v-3.9q0-3.3 1.9-5.2t5-1.8q2.6 0 4.1 0.2z\"\/><\/svg><\/span><\/a><\/li><li class=\"shariff-button twitter shariff-nocustomcolor\" style=\"background-color:#595959;border-radius:1%\"><a href=\"https:\/\/twitter.com\/share?url=https%3A%2F%2Fwww.sonnenseite.com%2Fde%2Fpolitik%2Fkolumbien-und-niederlande-werden-die-erste-regierungskonferenz-zum-ausstieg-aus-den-fossilen-brennstoffen-organisieren%2F&text=Kolumbien%20und%20Niederlande%20werden%20die%20erste%20Regierungskonferenz%20zum%20Ausstieg%20aus%20den%20fossilen%20Brennstoffen%20organisieren\" title=\"Bei X teilen\" aria-label=\"Bei X teilen\" role=\"button\" rel=\"noopener nofollow\" class=\"shariff-link\" style=\";border-radius:1%; background-color:#000; color:#fff\" target=\"_blank\"><span class=\"shariff-icon\" style=\"\"><svg width=\"32px\" height=\"20px\" xmlns=\"http:\/\/www.w3.org\/2000\/svg\" viewBox=\"0 0 24 24\"><path fill=\"#000\" d=\"M14.258 10.152L23.176 0h-2.113l-7.747 8.813L7.133 0H0l9.352 13.328L0 23.973h2.113l8.176-9.309 6.531 9.309h7.133zm-2.895 3.293l-.949-1.328L2.875 1.56h3.246l6.086 8.523.945 1.328 7.91 11.078h-3.246zm0 0\"\/><\/svg><\/span><\/a><\/li><li class=\"shariff-button xing shariff-nocustomcolor\" style=\"background-color:#29888a;border-radius:1%\"><a href=\"https:\/\/www.xing.com\/spi\/shares\/new?url=https%3A%2F%2Fwww.sonnenseite.com%2Fde%2Fpolitik%2Fkolumbien-und-niederlande-werden-die-erste-regierungskonferenz-zum-ausstieg-aus-den-fossilen-brennstoffen-organisieren%2F\" title=\"Bei XING teilen\" aria-label=\"Bei XING teilen\" role=\"button\" rel=\"noopener nofollow\" class=\"shariff-link\" style=\";border-radius:1%; background-color:#126567; color:#fff\" target=\"_blank\"><span class=\"shariff-icon\" style=\"\"><svg width=\"32px\" height=\"20px\" xmlns=\"http:\/\/www.w3.org\/2000\/svg\" viewBox=\"0 0 25 32\"><path fill=\"#126567\" d=\"M10.7 11.9q-0.2 0.3-4.6 8.2-0.5 0.8-1.2 0.8h-4.3q-0.4 0-0.5-0.3t0-0.6l4.5-8q0 0 0 0l-2.9-5q-0.2-0.4 0-0.7 0.2-0.3 0.5-0.3h4.3q0.7 0 1.2 0.8zM25.1 0.4q0.2 0.3 0 0.7l-9.4 16.7 6 11q0.2 0.4 0 0.6-0.2 0.3-0.6 0.3h-4.3q-0.7 0-1.2-0.8l-6-11.1q0.3-0.6 9.5-16.8 0.4-0.8 1.2-0.8h4.3q0.4 0 0.5 0.3z\"\/><\/svg><\/span><\/a><\/li><li class=\"shariff-button linkedin shariff-nocustomcolor\" style=\"background-color:#1488bf;border-radius:1%\"><a href=\"https:\/\/www.linkedin.com\/sharing\/share-offsite\/?url=https%3A%2F%2Fwww.sonnenseite.com%2Fde%2Fpolitik%2Fkolumbien-und-niederlande-werden-die-erste-regierungskonferenz-zum-ausstieg-aus-den-fossilen-brennstoffen-organisieren%2F\" title=\"Bei LinkedIn teilen\" aria-label=\"Bei LinkedIn teilen\" role=\"button\" rel=\"noopener nofollow\" class=\"shariff-link\" style=\";border-radius:1%; background-color:#0077b5; color:#fff\" target=\"_blank\"><span class=\"shariff-icon\" style=\"\"><svg width=\"32px\" height=\"20px\" xmlns=\"http:\/\/www.w3.org\/2000\/svg\" viewBox=\"0 0 27 32\"><path fill=\"#0077b5\" d=\"M6.2 11.2v17.7h-5.9v-17.7h5.9zM6.6 5.7q0 1.3-0.9 2.2t-2.4 0.9h0q-1.5 0-2.4-0.9t-0.9-2.2 0.9-2.2 2.4-0.9 2.4 0.9 0.9 2.2zM27.4 18.7v10.1h-5.9v-9.5q0-1.9-0.7-2.9t-2.3-1.1q-1.1 0-1.9 0.6t-1.2 1.5q-0.2 0.5-0.2 1.4v9.9h-5.9q0-7.1 0-11.6t0-5.3l0-0.9h5.9v2.6h0q0.4-0.6 0.7-1t1-0.9 1.6-0.8 2-0.3q3 0 4.9 2t1.9 6z\"\/><\/svg><\/span><\/a><\/li><li class=\"shariff-button printer shariff-nocustomcolor\" style=\"background-color:#a8a8a8;border-radius:1%\"><a href=\"javascript:window.print()\" title=\"drucken\" aria-label=\"drucken\" role=\"button\" rel=\"noopener nofollow\" class=\"shariff-link\" style=\";border-radius:1%; background-color:#999; color:#fff\"><span class=\"shariff-icon\" style=\"\"><svg width=\"32px\" height=\"20px\" xmlns=\"http:\/\/www.w3.org\/2000\/svg\" viewBox=\"0 0 30 32\"><path fill=\"#999\" d=\"M6.8 27.4h16v-4.6h-16v4.6zM6.8 16h16v-6.8h-2.8q-0.7 0-1.2-0.5t-0.5-1.2v-2.8h-11.4v11.4zM27.4 17.2q0-0.5-0.3-0.8t-0.8-0.4-0.8 0.4-0.3 0.8 0.3 0.8 0.8 0.3 0.8-0.3 0.3-0.8zM29.7 17.2v7.4q0 0.2-0.2 0.4t-0.4 0.2h-4v2.8q0 0.7-0.5 1.2t-1.2 0.5h-17.2q-0.7 0-1.2-0.5t-0.5-1.2v-2.8h-4q-0.2 0-0.4-0.2t-0.2-0.4v-7.4q0-1.4 1-2.4t2.4-1h1.2v-9.7q0-0.7 0.5-1.2t1.2-0.5h12q0.7 0 1.6 0.4t1.3 0.8l2.7 2.7q0.5 0.5 0.9 1.4t0.4 1.6v4.6h1.1q1.4 0 2.4 1t1 2.4z\"\/><\/svg><\/span><\/a><\/li><li class=\"shariff-button mailto shariff-nocustomcolor\" style=\"background-color:#a8a8a8;border-radius:1%\"><a href=\"mailto:?body=https%3A%2F%2Fwww.sonnenseite.com%2Fde%2Fpolitik%2Fkolumbien-und-niederlande-werden-die-erste-regierungskonferenz-zum-ausstieg-aus-den-fossilen-brennstoffen-organisieren%2F&subject=Kolumbien%20und%20Niederlande%20werden%20die%20erste%20Regierungskonferenz%20zum%20Ausstieg%20aus%20den%20fossilen%20Brennstoffen%20organisieren\" title=\"Per E-Mail versenden\" aria-label=\"Per E-Mail versenden\" role=\"button\" rel=\"noopener nofollow\" class=\"shariff-link\" style=\";border-radius:1%; background-color:#999; color:#fff\"><span class=\"shariff-icon\" style=\"\"><svg width=\"32px\" height=\"20px\" xmlns=\"http:\/\/www.w3.org\/2000\/svg\" viewBox=\"0 0 32 32\"><path fill=\"#999\" d=\"M32 12.7v14.2q0 1.2-0.8 2t-2 0.9h-26.3q-1.2 0-2-0.9t-0.8-2v-14.2q0.8 0.9 1.8 1.6 6.5 4.4 8.9 6.1 1 0.8 1.6 1.2t1.7 0.9 2 0.4h0.1q0.9 0 2-0.4t1.7-0.9 1.6-1.2q3-2.2 8.9-6.1 1-0.7 1.8-1.6zM32 7.4q0 1.4-0.9 2.7t-2.2 2.2q-6.7 4.7-8.4 5.8-0.2 0.1-0.7 0.5t-1 0.7-0.9 0.6-1.1 0.5-0.9 0.2h-0.1q-0.4 0-0.9-0.2t-1.1-0.5-0.9-0.6-1-0.7-0.7-0.5q-1.6-1.1-4.7-3.2t-3.6-2.6q-1.1-0.7-2.1-2t-1-2.5q0-1.4 0.7-2.3t2.1-0.9h26.3q1.2 0 2 0.8t0.9 2z\"\/><\/svg><\/span><\/a><\/li><\/ul><\/div>","protected":false},"excerpt":{"rendered":"<p>Die erste Regierungskonferenz zum Ausstieg aus den fossilen Energietr\u00e4gern (Erd\u00f6l, Erdgas, Kohle) wird am 28. und [&hellip;]<\/p>\n","protected":false},"author":3,"featured_media":103523,"comment_status":"closed","ping_status":"closed","sticky":false,"template":"","format":"standard","meta":{"inline_featured_image":false,"footnotes":""},"categories":[21],"tags":[],"class_list":["post-111151","post","type-post","status-publish","format-standard","has-post-thumbnail","hentry","category-politik"],"yoast_head":"<!-- This site is optimized with the Yoast SEO plugin v26.5 - https:\/\/yoast.com\/wordpress\/plugins\/seo\/ -->\n<title>Kolumbien und Niederlande werden die erste Regierungskonferenz zum Ausstieg aus den fossilen Brennstoffen organisieren - Sonnenseite - \u00d6kologische Kommunikation mit Franz Alt<\/title>\n<meta name=\"description\" content=\"Die erste Regierungskonferenz zum Ausstieg aus den fossilen Energietr\u00e4gern (Erd\u00f6l, Erdgas, Kohle) wird am 28. und 29. April 2026 in der Hafenstadt Santa\" \/>\n<meta name=\"robots\" content=\"index, follow, max-snippet:-1, max-image-preview:large, max-video-preview:-1\" \/>\n<link rel=\"canonical\" href=\"https:\/\/www.sonnenseite.com\/de\/politik\/kolumbien-und-niederlande-werden-die-erste-regierungskonferenz-zum-ausstieg-aus-den-fossilen-brennstoffen-organisieren\/\" \/>\n<meta property=\"og:locale\" content=\"de_DE\" \/>\n<meta property=\"og:type\" content=\"article\" \/>\n<meta property=\"og:title\" content=\"Kolumbien und Niederlande werden die erste Regierungskonferenz zum Ausstieg aus den fossilen Brennstoffen organisieren - Sonnenseite - \u00d6kologische Kommunikation mit Franz Alt\" \/>\n<meta property=\"og:description\" content=\"Die erste Regierungskonferenz zum Ausstieg aus den fossilen Energietr\u00e4gern (Erd\u00f6l, Erdgas, Kohle) wird am 28. und 29. April 2026 in der Hafenstadt Santa\" \/>\n<meta property=\"og:url\" content=\"https:\/\/www.sonnenseite.com\/de\/politik\/kolumbien-und-niederlande-werden-die-erste-regierungskonferenz-zum-ausstieg-aus-den-fossilen-brennstoffen-organisieren\/\" \/>\n<meta property=\"og:site_name\" content=\"Sonnenseite\" \/>\n<meta property=\"article:publisher\" content=\"https:\/\/www.facebook.com\/pages\/Franz-Alt-SONNENSEITECOM\/221072987903953?fref=ts\" \/>\n<meta property=\"article:published_time\" content=\"2025-11-27T08:38:02+00:00\" \/>\n<meta property=\"article:modified_time\" content=\"2025-11-27T08:38:03+00:00\" \/>\n<meta property=\"og:image\" content=\"https:\/\/www.sonnenseite.com\/wp-content\/uploads\/2024\/11\/Erdoel_orkhan-farmanli.jpg\" \/>\n\t<meta property=\"og:image:width\" content=\"770\" \/>\n\t<meta property=\"og:image:height\" content=\"420\" \/>\n\t<meta property=\"og:image:type\" content=\"image\/jpeg\" \/>\n<meta name=\"author\" content=\"Bigi Alt\" \/>\n<meta name=\"twitter:card\" content=\"summary_large_image\" \/>\n<meta name=\"twitter:creator\" content=\"@franzalt\" \/>\n<meta name=\"twitter:site\" content=\"@franzalt\" \/>\n<meta name=\"twitter:label1\" content=\"Verfasst von\" \/>\n\t<meta name=\"twitter:data1\" content=\"Bigi Alt\" \/>\n\t<meta name=\"twitter:label2\" content=\"Gesch\u00e4tzte Lesezeit\" \/>\n\t<meta name=\"twitter:data2\" content=\"5\u00a0Minuten\" \/>\n<script type=\"application\/ld+json\" class=\"yoast-schema-graph\">{\"@context\":\"https:\/\/schema.org\",\"@graph\":[{\"@type\":\"Article\",\"@id\":\"https:\/\/www.sonnenseite.com\/de\/politik\/kolumbien-und-niederlande-werden-die-erste-regierungskonferenz-zum-ausstieg-aus-den-fossilen-brennstoffen-organisieren\/#article\",\"isPartOf\":{\"@id\":\"https:\/\/www.sonnenseite.com\/de\/politik\/kolumbien-und-niederlande-werden-die-erste-regierungskonferenz-zum-ausstieg-aus-den-fossilen-brennstoffen-organisieren\/\"},\"author\":{\"name\":\"Bigi Alt\",\"@id\":\"https:\/\/www.sonnenseite.com\/de\/#\/schema\/person\/50fda0e926597684c7cc6695238a4eb9\"},\"headline\":\"Kolumbien und Niederlande werden die erste Regierungskonferenz zum Ausstieg aus den fossilen Brennstoffen organisieren\",\"datePublished\":\"2025-11-27T08:38:02+00:00\",\"dateModified\":\"2025-11-27T08:38:03+00:00\",\"mainEntityOfPage\":{\"@id\":\"https:\/\/www.sonnenseite.com\/de\/politik\/kolumbien-und-niederlande-werden-die-erste-regierungskonferenz-zum-ausstieg-aus-den-fossilen-brennstoffen-organisieren\/\"},\"wordCount\":814,\"publisher\":{\"@id\":\"https:\/\/www.sonnenseite.com\/de\/#organization\"},\"image\":{\"@id\":\"https:\/\/www.sonnenseite.com\/de\/politik\/kolumbien-und-niederlande-werden-die-erste-regierungskonferenz-zum-ausstieg-aus-den-fossilen-brennstoffen-organisieren\/#primaryimage\"},\"thumbnailUrl\":\"https:\/\/www.sonnenseite.com\/wp-content\/uploads\/2024\/11\/Erdoel_orkhan-farmanli.jpg\",\"articleSection\":[\"Politik\"],\"inLanguage\":\"de\"},{\"@type\":\"WebPage\",\"@id\":\"https:\/\/www.sonnenseite.com\/de\/politik\/kolumbien-und-niederlande-werden-die-erste-regierungskonferenz-zum-ausstieg-aus-den-fossilen-brennstoffen-organisieren\/\",\"url\":\"https:\/\/www.sonnenseite.com\/de\/politik\/kolumbien-und-niederlande-werden-die-erste-regierungskonferenz-zum-ausstieg-aus-den-fossilen-brennstoffen-organisieren\/\",\"name\":\"Kolumbien und Niederlande werden die erste Regierungskonferenz zum Ausstieg aus den fossilen Brennstoffen organisieren - Sonnenseite - \u00d6kologische Kommunikation mit Franz Alt\",\"isPartOf\":{\"@id\":\"https:\/\/www.sonnenseite.com\/de\/#website\"},\"primaryImageOfPage\":{\"@id\":\"https:\/\/www.sonnenseite.com\/de\/politik\/kolumbien-und-niederlande-werden-die-erste-regierungskonferenz-zum-ausstieg-aus-den-fossilen-brennstoffen-organisieren\/#primaryimage\"},\"image\":{\"@id\":\"https:\/\/www.sonnenseite.com\/de\/politik\/kolumbien-und-niederlande-werden-die-erste-regierungskonferenz-zum-ausstieg-aus-den-fossilen-brennstoffen-organisieren\/#primaryimage\"},\"thumbnailUrl\":\"https:\/\/www.sonnenseite.com\/wp-content\/uploads\/2024\/11\/Erdoel_orkhan-farmanli.jpg\",\"datePublished\":\"2025-11-27T08:38:02+00:00\",\"dateModified\":\"2025-11-27T08:38:03+00:00\",\"description\":\"Die erste Regierungskonferenz zum Ausstieg aus den fossilen Energietr\u00e4gern (Erd\u00f6l, Erdgas, Kohle) wird am 28. und 29. April 2026 in der Hafenstadt Santa\",\"breadcrumb\":{\"@id\":\"https:\/\/www.sonnenseite.com\/de\/politik\/kolumbien-und-niederlande-werden-die-erste-regierungskonferenz-zum-ausstieg-aus-den-fossilen-brennstoffen-organisieren\/#breadcrumb\"},\"inLanguage\":\"de\",\"potentialAction\":[{\"@type\":\"ReadAction\",\"target\":[\"https:\/\/www.sonnenseite.com\/de\/politik\/kolumbien-und-niederlande-werden-die-erste-regierungskonferenz-zum-ausstieg-aus-den-fossilen-brennstoffen-organisieren\/\"]}]},{\"@type\":\"ImageObject\",\"inLanguage\":\"de\",\"@id\":\"https:\/\/www.sonnenseite.com\/de\/politik\/kolumbien-und-niederlande-werden-die-erste-regierungskonferenz-zum-ausstieg-aus-den-fossilen-brennstoffen-organisieren\/#primaryimage\",\"url\":\"https:\/\/www.sonnenseite.com\/wp-content\/uploads\/2024\/11\/Erdoel_orkhan-farmanli.jpg\",\"contentUrl\":\"https:\/\/www.sonnenseite.com\/wp-content\/uploads\/2024\/11\/Erdoel_orkhan-farmanli.jpg\",\"width\":770,\"height\":420,\"caption\":\"unsplash.com | orkhan farmanli\"},{\"@type\":\"BreadcrumbList\",\"@id\":\"https:\/\/www.sonnenseite.com\/de\/politik\/kolumbien-und-niederlande-werden-die-erste-regierungskonferenz-zum-ausstieg-aus-den-fossilen-brennstoffen-organisieren\/#breadcrumb\",\"itemListElement\":[{\"@type\":\"ListItem\",\"position\":1,\"name\":\"Startseite\",\"item\":\"https:\/\/www.sonnenseite.com\/de\/\"},{\"@type\":\"ListItem\",\"position\":2,\"name\":\"Kolumbien und Niederlande werden die erste Regierungskonferenz zum Ausstieg aus den fossilen Brennstoffen organisieren\"}]},{\"@type\":\"WebSite\",\"@id\":\"https:\/\/www.sonnenseite.com\/de\/#website\",\"url\":\"https:\/\/www.sonnenseite.com\/de\/\",\"name\":\"Sonnenseite\",\"description\":\"\u00d6kologische Kommunikation mit Franz Alt\",\"publisher\":{\"@id\":\"https:\/\/www.sonnenseite.com\/de\/#organization\"},\"potentialAction\":[{\"@type\":\"SearchAction\",\"target\":{\"@type\":\"EntryPoint\",\"urlTemplate\":\"https:\/\/www.sonnenseite.com\/de\/?s={search_term_string}\"},\"query-input\":{\"@type\":\"PropertyValueSpecification\",\"valueRequired\":true,\"valueName\":\"search_term_string\"}}],\"inLanguage\":\"de\"},{\"@type\":\"Organization\",\"@id\":\"https:\/\/www.sonnenseite.com\/de\/#organization\",\"name\":\"Sonnenseite\",\"url\":\"https:\/\/www.sonnenseite.com\/de\/\",\"logo\":{\"@type\":\"ImageObject\",\"inLanguage\":\"de\",\"@id\":\"https:\/\/www.sonnenseite.com\/de\/#\/schema\/logo\/image\/\",\"url\":\"https:\/\/www.sonnenseite.com\/wp-content\/uploads\/2020\/05\/Sonnenseite_Logo.png\",\"contentUrl\":\"https:\/\/www.sonnenseite.com\/wp-content\/uploads\/2020\/05\/Sonnenseite_Logo.png\",\"width\":377,\"height\":90,\"caption\":\"Sonnenseite\"},\"image\":{\"@id\":\"https:\/\/www.sonnenseite.com\/de\/#\/schema\/logo\/image\/\"},\"sameAs\":[\"https:\/\/www.facebook.com\/pages\/Franz-Alt-SONNENSEITECOM\/221072987903953?fref=ts\",\"https:\/\/x.com\/franzalt\",\"http:\/\/www.youtube.com\/results?search_query&amp;amp;quot;franz_alt&amp;amp;quot;&amp;amp;amp;amp;search_type&amp;amp;amp;amp;aq=f\"]},{\"@type\":\"Person\",\"@id\":\"https:\/\/www.sonnenseite.com\/de\/#\/schema\/person\/50fda0e926597684c7cc6695238a4eb9\",\"name\":\"Bigi Alt\"}]}<\/script>\n<!-- \/ Yoast SEO plugin. -->","yoast_head_json":{"title":"Kolumbien und Niederlande werden die erste Regierungskonferenz zum Ausstieg aus den fossilen Brennstoffen organisieren - Sonnenseite - \u00d6kologische Kommunikation mit Franz Alt","description":"Die erste Regierungskonferenz zum Ausstieg aus den fossilen Energietr\u00e4gern (Erd\u00f6l, Erdgas, Kohle) wird am 28. und 29. April 2026 in der Hafenstadt Santa","robots":{"index":"index","follow":"follow","max-snippet":"max-snippet:-1","max-image-preview":"max-image-preview:large","max-video-preview":"max-video-preview:-1"},"canonical":"https:\/\/www.sonnenseite.com\/de\/politik\/kolumbien-und-niederlande-werden-die-erste-regierungskonferenz-zum-ausstieg-aus-den-fossilen-brennstoffen-organisieren\/","og_locale":"de_DE","og_type":"article","og_title":"Kolumbien und Niederlande werden die erste Regierungskonferenz zum Ausstieg aus den fossilen Brennstoffen organisieren - Sonnenseite - \u00d6kologische Kommunikation mit Franz Alt","og_description":"Die erste Regierungskonferenz zum Ausstieg aus den fossilen Energietr\u00e4gern (Erd\u00f6l, Erdgas, Kohle) wird am 28. und 29. April 2026 in der Hafenstadt Santa","og_url":"https:\/\/www.sonnenseite.com\/de\/politik\/kolumbien-und-niederlande-werden-die-erste-regierungskonferenz-zum-ausstieg-aus-den-fossilen-brennstoffen-organisieren\/","og_site_name":"Sonnenseite","article_publisher":"https:\/\/www.facebook.com\/pages\/Franz-Alt-SONNENSEITECOM\/221072987903953?fref=ts","article_published_time":"2025-11-27T08:38:02+00:00","article_modified_time":"2025-11-27T08:38:03+00:00","og_image":[{"width":770,"height":420,"url":"https:\/\/www.sonnenseite.com\/wp-content\/uploads\/2024\/11\/Erdoel_orkhan-farmanli.jpg","type":"image\/jpeg"}],"author":"Bigi Alt","twitter_card":"summary_large_image","twitter_creator":"@franzalt","twitter_site":"@franzalt","twitter_misc":{"Verfasst von":"Bigi Alt","Gesch\u00e4tzte Lesezeit":"5\u00a0Minuten"},"schema":{"@context":"https:\/\/schema.org","@graph":[{"@type":"Article","@id":"https:\/\/www.sonnenseite.com\/de\/politik\/kolumbien-und-niederlande-werden-die-erste-regierungskonferenz-zum-ausstieg-aus-den-fossilen-brennstoffen-organisieren\/#article","isPartOf":{"@id":"https:\/\/www.sonnenseite.com\/de\/politik\/kolumbien-und-niederlande-werden-die-erste-regierungskonferenz-zum-ausstieg-aus-den-fossilen-brennstoffen-organisieren\/"},"author":{"name":"Bigi Alt","@id":"https:\/\/www.sonnenseite.com\/de\/#\/schema\/person\/50fda0e926597684c7cc6695238a4eb9"},"headline":"Kolumbien und Niederlande werden die erste Regierungskonferenz zum Ausstieg aus den fossilen Brennstoffen organisieren","datePublished":"2025-11-27T08:38:02+00:00","dateModified":"2025-11-27T08:38:03+00:00","mainEntityOfPage":{"@id":"https:\/\/www.sonnenseite.com\/de\/politik\/kolumbien-und-niederlande-werden-die-erste-regierungskonferenz-zum-ausstieg-aus-den-fossilen-brennstoffen-organisieren\/"},"wordCount":814,"publisher":{"@id":"https:\/\/www.sonnenseite.com\/de\/#organization"},"image":{"@id":"https:\/\/www.sonnenseite.com\/de\/politik\/kolumbien-und-niederlande-werden-die-erste-regierungskonferenz-zum-ausstieg-aus-den-fossilen-brennstoffen-organisieren\/#primaryimage"},"thumbnailUrl":"https:\/\/www.sonnenseite.com\/wp-content\/uploads\/2024\/11\/Erdoel_orkhan-farmanli.jpg","articleSection":["Politik"],"inLanguage":"de"},{"@type":"WebPage","@id":"https:\/\/www.sonnenseite.com\/de\/politik\/kolumbien-und-niederlande-werden-die-erste-regierungskonferenz-zum-ausstieg-aus-den-fossilen-brennstoffen-organisieren\/","url":"https:\/\/www.sonnenseite.com\/de\/politik\/kolumbien-und-niederlande-werden-die-erste-regierungskonferenz-zum-ausstieg-aus-den-fossilen-brennstoffen-organisieren\/","name":"Kolumbien und Niederlande werden die erste Regierungskonferenz zum Ausstieg aus den fossilen Brennstoffen organisieren - Sonnenseite - \u00d6kologische Kommunikation mit Franz Alt","isPartOf":{"@id":"https:\/\/www.sonnenseite.com\/de\/#website"},"primaryImageOfPage":{"@id":"https:\/\/www.sonnenseite.com\/de\/politik\/kolumbien-und-niederlande-werden-die-erste-regierungskonferenz-zum-ausstieg-aus-den-fossilen-brennstoffen-organisieren\/#primaryimage"},"image":{"@id":"https:\/\/www.sonnenseite.com\/de\/politik\/kolumbien-und-niederlande-werden-die-erste-regierungskonferenz-zum-ausstieg-aus-den-fossilen-brennstoffen-organisieren\/#primaryimage"},"thumbnailUrl":"https:\/\/www.sonnenseite.com\/wp-content\/uploads\/2024\/11\/Erdoel_orkhan-farmanli.jpg","datePublished":"2025-11-27T08:38:02+00:00","dateModified":"2025-11-27T08:38:03+00:00","description":"Die erste Regierungskonferenz zum Ausstieg aus den fossilen Energietr\u00e4gern (Erd\u00f6l, Erdgas, Kohle) wird am 28. und 29. April 2026 in der Hafenstadt Santa","breadcrumb":{"@id":"https:\/\/www.sonnenseite.com\/de\/politik\/kolumbien-und-niederlande-werden-die-erste-regierungskonferenz-zum-ausstieg-aus-den-fossilen-brennstoffen-organisieren\/#breadcrumb"},"inLanguage":"de","potentialAction":[{"@type":"ReadAction","target":["https:\/\/www.sonnenseite.com\/de\/politik\/kolumbien-und-niederlande-werden-die-erste-regierungskonferenz-zum-ausstieg-aus-den-fossilen-brennstoffen-organisieren\/"]}]},{"@type":"ImageObject","inLanguage":"de","@id":"https:\/\/www.sonnenseite.com\/de\/politik\/kolumbien-und-niederlande-werden-die-erste-regierungskonferenz-zum-ausstieg-aus-den-fossilen-brennstoffen-organisieren\/#primaryimage","url":"https:\/\/www.sonnenseite.com\/wp-content\/uploads\/2024\/11\/Erdoel_orkhan-farmanli.jpg","contentUrl":"https:\/\/www.sonnenseite.com\/wp-content\/uploads\/2024\/11\/Erdoel_orkhan-farmanli.jpg","width":770,"height":420,"caption":"unsplash.com | orkhan farmanli"},{"@type":"BreadcrumbList","@id":"https:\/\/www.sonnenseite.com\/de\/politik\/kolumbien-und-niederlande-werden-die-erste-regierungskonferenz-zum-ausstieg-aus-den-fossilen-brennstoffen-organisieren\/#breadcrumb","itemListElement":[{"@type":"ListItem","position":1,"name":"Startseite","item":"https:\/\/www.sonnenseite.com\/de\/"},{"@type":"ListItem","position":2,"name":"Kolumbien und Niederlande werden die erste Regierungskonferenz zum Ausstieg aus den fossilen Brennstoffen organisieren"}]},{"@type":"WebSite","@id":"https:\/\/www.sonnenseite.com\/de\/#website","url":"https:\/\/www.sonnenseite.com\/de\/","name":"Sonnenseite","description":"\u00d6kologische Kommunikation mit Franz Alt","publisher":{"@id":"https:\/\/www.sonnenseite.com\/de\/#organization"},"potentialAction":[{"@type":"SearchAction","target":{"@type":"EntryPoint","urlTemplate":"https:\/\/www.sonnenseite.com\/de\/?s={search_term_string}"},"query-input":{"@type":"PropertyValueSpecification","valueRequired":true,"valueName":"search_term_string"}}],"inLanguage":"de"},{"@type":"Organization","@id":"https:\/\/www.sonnenseite.com\/de\/#organization","name":"Sonnenseite","url":"https:\/\/www.sonnenseite.com\/de\/","logo":{"@type":"ImageObject","inLanguage":"de","@id":"https:\/\/www.sonnenseite.com\/de\/#\/schema\/logo\/image\/","url":"https:\/\/www.sonnenseite.com\/wp-content\/uploads\/2020\/05\/Sonnenseite_Logo.png","contentUrl":"https:\/\/www.sonnenseite.com\/wp-content\/uploads\/2020\/05\/Sonnenseite_Logo.png","width":377,"height":90,"caption":"Sonnenseite"},"image":{"@id":"https:\/\/www.sonnenseite.com\/de\/#\/schema\/logo\/image\/"},"sameAs":["https:\/\/www.facebook.com\/pages\/Franz-Alt-SONNENSEITECOM\/221072987903953?fref=ts","https:\/\/x.com\/franzalt","http:\/\/www.youtube.com\/results?search_query&amp;amp;quot;franz_alt&amp;amp;quot;&amp;amp;amp;amp;search_type&amp;amp;amp;amp;aq=f"]},{"@type":"Person","@id":"https:\/\/www.sonnenseite.com\/de\/#\/schema\/person\/50fda0e926597684c7cc6695238a4eb9","name":"Bigi Alt"}]}},"_links":{"self":[{"href":"https:\/\/www.sonnenseite.com\/de\/wp-json\/wp\/v2\/posts\/111151","targetHints":{"allow":["GET"]}}],"collection":[{"href":"https:\/\/www.sonnenseite.com\/de\/wp-json\/wp\/v2\/posts"}],"about":[{"href":"https:\/\/www.sonnenseite.com\/de\/wp-json\/wp\/v2\/types\/post"}],"author":[{"embeddable":true,"href":"https:\/\/www.sonnenseite.com\/de\/wp-json\/wp\/v2\/users\/3"}],"replies":[{"embeddable":true,"href":"https:\/\/www.sonnenseite.com\/de\/wp-json\/wp\/v2\/comments?post=111151"}],"version-history":[{"count":2,"href":"https:\/\/www.sonnenseite.com\/de\/wp-json\/wp\/v2\/posts\/111151\/revisions"}],"predecessor-version":[{"id":111153,"href":"https:\/\/www.sonnenseite.com\/de\/wp-json\/wp\/v2\/posts\/111151\/revisions\/111153"}],"wp:featuredmedia":[{"embeddable":true,"href":"https:\/\/www.sonnenseite.com\/de\/wp-json\/wp\/v2\/media\/103523"}],"wp:attachment":[{"href":"https:\/\/www.sonnenseite.com\/de\/wp-json\/wp\/v2\/media?parent=111151"}],"wp:term":[{"taxonomy":"category","embeddable":true,"href":"https:\/\/www.sonnenseite.com\/de\/wp-json\/wp\/v2\/categories?post=111151"},{"taxonomy":"post_tag","embeddable":true,"href":"https:\/\/www.sonnenseite.com\/de\/wp-json\/wp\/v2\/tags?post=111151"}],"curies":[{"name":"wp","href":"https:\/\/api.w.org\/{rel}","templated":true}]}}