{"id":111177,"date":"2025-11-27T12:03:10","date_gmt":"2025-11-27T11:03:10","guid":{"rendered":"https:\/\/www.sonnenseite.com\/?p=111177"},"modified":"2025-11-27T12:03:11","modified_gmt":"2025-11-27T11:03:11","slug":"europa-auf-dem-weg-zu-100-gw-energiespeicherkapazitaet","status":"publish","type":"post","link":"https:\/\/www.sonnenseite.com\/de\/energie\/europa-auf-dem-weg-zu-100-gw-energiespeicherkapazitaet\/","title":{"rendered":"Europa auf dem Weg zu 100 GW Energiespeicherkapazit\u00e4t"},"content":{"rendered":"\n<p>Mit einem erwarteten Wachstum von mehr als 115% bis 2030.<\/p>\n\n\n\n<p>Laut einer neuen Analyse, die auf der Konferenz <a href=\"https:\/\/www.enlit-europe.com\/\">Enlit Europe<\/a> von <a href=\"https:\/\/www.lcp.com\/en\/energy-transition\">LCP Delta<\/a> und <a href=\"https:\/\/energystorageeurope.eu\/\">Energy Storage Europe<\/a> vorgestellt wurde, werden die EU, Gro\u00dfbritannien, Norwegen und die Schweiz zusammen voraussichtlich noch in diesem Monat eine installierte Energiespeicherkapazit\u00e4t von 100 GW erreichen.<\/p>\n\n\n<div class=\"wp-block-image\">\n<figure class=\"alignleft size-full is-resized\"><a href=\"https:\/\/www.sonnenseite.com\/wp-content\/uploads\/2025\/11\/ESE_battery-homes.png\"><img loading=\"lazy\" decoding=\"async\" width=\"740\" height=\"559\" src=\"https:\/\/www.sonnenseite.com\/wp-content\/uploads\/2025\/11\/ESE_battery-homes.png\" alt=\"\" class=\"wp-image-111172\" style=\"width:390px;height:auto\" srcset=\"https:\/\/www.sonnenseite.com\/wp-content\/uploads\/2025\/11\/ESE_battery-homes.png 740w, https:\/\/www.sonnenseite.com\/wp-content\/uploads\/2025\/11\/ESE_battery-homes-300x227.png 300w\" sizes=\"auto, (max-width: 740px) 100vw, 740px\" \/><\/a><figcaption class=\"wp-element-caption\">\u00a9 Energy Storage Europe Association<\/figcaption><\/figure>\n<\/div>\n\n\n<p>Dieser Meilenstein entspricht einer Kapazit\u00e4t, die ausreicht, um den Spitzenstrombedarf Deutschlands und der Niederlande zu decken. Da die Speicherkapazit\u00e4t bis 2030 voraussichtlich um weitere 115 % wachsen wird, wird dies eine entscheidende Rolle bei der Energiewende in Europa spielen und mehr Raum f\u00fcr erneuerbare Energien im Netz schaffen.<\/p>\n\n\n\n<p>Seit 2020 hat die Energiespeicherung in Europa ein rasantes Wachstum erlebt, wobei jede Technologie in ihrem eigenen Tempo voranschreitet. Pumpspeicherkraftwerke (PHS) haben mit 50,6 GW den gr\u00f6\u00dften Anteil an der installierten Kapazit\u00e4t, darunter 500 MW, die in diesem Jahr in Belgien und \u00d6sterreich hinzugekommen sind. Die Batteriespeicherung hat sich noch schneller entwickelt, mit \u00fcber 4 GW neuer Kapazit\u00e4t im Versorgungsma\u00dfstab allein im Jahr 2025.<\/p>\n\n\n\n<p>Die Speicherung in Gewerbe und Industrie (C&amp;I) ist in diesem Jahr stetig gewachsen, da Unternehmen versuchen, ihre Energiekosten zu senken, ihre Effizienz zu verbessern und ihre erneuerbaren Energien besser zu nutzen. Der Absatz von Batterien f\u00fcr Privathaushalte hat sich nach einem deutlichen Wachstum Anfang 2020 aufgrund von Subventionen nun nach seinem H\u00f6chststand 2022\u20132023 stabilisiert. Dank weiter sinkender Kosten und gezielter F\u00f6rderprogramme verzeichnen mehrere L\u00e4nder weiterhin stetige Fortschritte.<\/p>\n\n\n\n<p>LCP Delta und Energy Storage Europe sind der Ansicht, dass die Energiespeicherbranche erst am Anfang steht und weiterhin einen wesentlichen Beitrag zur Energiewende in Europa leisten wird.<\/p>\n\n\n\n<h4 class=\"wp-block-heading\">Sie erwarten Folgendes:<\/h4>\n\n\n\n<ul class=\"wp-block-list\">\n<li>Die Energiespeicherkapazit\u00e4t wird bis 2030 \u00fcber 215 GW erreichen \u2013 wobei allein die Batteriespeicherkapazit\u00e4t 160 GW \u00fcbersteigen wird.<\/li>\n\n\n\n<li>Bis zum Ende des Jahrzehnts werden j\u00e4hrlich 20 bis 25 GW an Speicherkapazit\u00e4t installiert werden, was mehr als dem 20-Fachen der Installationsrate in den 2020er Jahren entspricht.<\/li>\n\n\n\n<li>Die Energiespeicherung im Versorgungsma\u00dfstab wird ein starkes Wachstum verzeichnen, unterst\u00fctzt durch verbesserte Wirtschaftlichkeit, gezielte Auktionen und andere F\u00f6rderprogramme in verschiedenen L\u00e4ndern.<\/li>\n\n\n\n<li>Der Absatz von Batterien f\u00fcr Privathaushalte d\u00fcrfte sich ab 2027 erholen, unterst\u00fctzt durch einen sich erholenden PV-Markt, die zunehmende Elektrifizierung von Haushalten und Verkehr, dynamische Tarife und neue Finanzierungsmodelle.<\/li>\n\n\n\n<li>Die Speicherung in Gewerbe und Industrie wird sich zunehmend durchsetzen, wobei Politik, Einnahmequellen, Netzregeln und Tarife den Einsatz bestimmen.<\/li>\n<\/ul>\n\n\n\n<p><strong>Silvestros Vlachopoulos<\/strong>, Leiter der Energie-Speicherforschung bei LCP Delta, sagte: \u201eDas Erreichen von 100 GW installierter Energiespeicherkapazit\u00e4t in ganz Europa ist ein wichtiger Moment f\u00fcr den Markt. Dies schafft nicht nur mehr Platz f\u00fcr erneuerbare Energien im heutigen Stromnetz, sondern bereitet auch den Weg f\u00fcr ein noch schnelleres Wachstum in den kommenden Jahren. Um Projekte zu skalieren und die f\u00fcr die europ\u00e4ischen Ziele f\u00fcr 2030 erforderliche Flexibilit\u00e4t zu gew\u00e4hrleisten, wird es entscheidend sein, Investoren und Entwickler weiterhin zu motivieren.\u201c<\/p>\n\n\n\n<p><strong>Jacopo Tosoni<\/strong>, Leiter der Abteilung Politik bei Energy Storage Europe, kommentierte ebenfalls: \u201eEnergiespeicherung ist die am schnellsten wachsende saubere Technologie in Europa. Mit den richtigen politischen Ma\u00dfnahmen kann die Energiespeicherung unsere heimische gr\u00fcne Energie maximieren und gleichzeitig die Kosten f\u00fcr Haushalte und Industrie senken. Sie hat das Potenzial, zum Motor der Wettbewerbsf\u00e4higkeit Europas zu werden.\u201c<\/p>\n\n\n\n<ul class=\"wp-block-list\">\n<li><a href=\"https:\/\/energystorageeurope.eu\/wp-content\/uploads\/2025\/11\/2025.11.19-_-EMMES-9.5-Report.pdf\">EMMES 9.5-Bericht<\/a><\/li>\n<\/ul>\n\n\n\n<h5 class=\"wp-block-heading\">Quelle<\/h5>\n\n\n\n<p><a href=\"https:\/\/energystorageeurope.eu\/news\/europe-set-to-hit-100-gw-of-energy-storage-with-more-than-115-growth-expected-by-2030\/\">ESE (Energy Storage Europe Association) 2025<\/a> | Translated with\u00a0<a href=\"http:\/\/www.deepl.com\/Translator\" target=\"_blank\" rel=\"noreferrer noopener\">www.DeepL.com\/Translator<\/a><\/p>\n<div class=\"shariff shariff-align-flex-start shariff-widget-align-flex-start\"><div class=\"ShariffHeadline\">Diese Meldung teilen<\/div><ul class=\"shariff-buttons theme-round orientation-horizontal buttonsize-medium\"><li class=\"shariff-button facebook shariff-nocustomcolor\" style=\"background-color:#4273c8;border-radius:1%\"><a href=\"https:\/\/www.facebook.com\/sharer\/sharer.php?u=https%3A%2F%2Fwww.sonnenseite.com%2Fde%2Fenergie%2Feuropa-auf-dem-weg-zu-100-gw-energiespeicherkapazitaet%2F\" title=\"Bei Facebook teilen\" aria-label=\"Bei Facebook teilen\" role=\"button\" rel=\"nofollow\" class=\"shariff-link\" style=\";border-radius:1%; background-color:#3b5998; color:#fff\" target=\"_blank\"><span class=\"shariff-icon\" style=\"\"><svg width=\"32px\" height=\"20px\" xmlns=\"http:\/\/www.w3.org\/2000\/svg\" viewBox=\"0 0 18 32\"><path fill=\"#3b5998\" d=\"M17.1 0.2v4.7h-2.8q-1.5 0-2.1 0.6t-0.5 1.9v3.4h5.2l-0.7 5.3h-4.5v13.6h-5.5v-13.6h-4.5v-5.3h4.5v-3.9q0-3.3 1.9-5.2t5-1.8q2.6 0 4.1 0.2z\"\/><\/svg><\/span><\/a><\/li><li class=\"shariff-button twitter shariff-nocustomcolor\" style=\"background-color:#595959;border-radius:1%\"><a href=\"https:\/\/twitter.com\/share?url=https%3A%2F%2Fwww.sonnenseite.com%2Fde%2Fenergie%2Feuropa-auf-dem-weg-zu-100-gw-energiespeicherkapazitaet%2F&text=Europa%20auf%20dem%20Weg%20zu%20100%20GW%20Energiespeicherkapazit%C3%A4t\" title=\"Bei X teilen\" aria-label=\"Bei X teilen\" role=\"button\" rel=\"noopener nofollow\" class=\"shariff-link\" style=\";border-radius:1%; background-color:#000; color:#fff\" target=\"_blank\"><span class=\"shariff-icon\" style=\"\"><svg width=\"32px\" height=\"20px\" xmlns=\"http:\/\/www.w3.org\/2000\/svg\" viewBox=\"0 0 24 24\"><path fill=\"#000\" d=\"M14.258 10.152L23.176 0h-2.113l-7.747 8.813L7.133 0H0l9.352 13.328L0 23.973h2.113l8.176-9.309 6.531 9.309h7.133zm-2.895 3.293l-.949-1.328L2.875 1.56h3.246l6.086 8.523.945 1.328 7.91 11.078h-3.246zm0 0\"\/><\/svg><\/span><\/a><\/li><li class=\"shariff-button xing shariff-nocustomcolor\" style=\"background-color:#29888a;border-radius:1%\"><a href=\"https:\/\/www.xing.com\/spi\/shares\/new?url=https%3A%2F%2Fwww.sonnenseite.com%2Fde%2Fenergie%2Feuropa-auf-dem-weg-zu-100-gw-energiespeicherkapazitaet%2F\" title=\"Bei XING teilen\" aria-label=\"Bei XING teilen\" role=\"button\" rel=\"noopener nofollow\" class=\"shariff-link\" style=\";border-radius:1%; background-color:#126567; color:#fff\" target=\"_blank\"><span class=\"shariff-icon\" style=\"\"><svg width=\"32px\" height=\"20px\" xmlns=\"http:\/\/www.w3.org\/2000\/svg\" viewBox=\"0 0 25 32\"><path fill=\"#126567\" d=\"M10.7 11.9q-0.2 0.3-4.6 8.2-0.5 0.8-1.2 0.8h-4.3q-0.4 0-0.5-0.3t0-0.6l4.5-8q0 0 0 0l-2.9-5q-0.2-0.4 0-0.7 0.2-0.3 0.5-0.3h4.3q0.7 0 1.2 0.8zM25.1 0.4q0.2 0.3 0 0.7l-9.4 16.7 6 11q0.2 0.4 0 0.6-0.2 0.3-0.6 0.3h-4.3q-0.7 0-1.2-0.8l-6-11.1q0.3-0.6 9.5-16.8 0.4-0.8 1.2-0.8h4.3q0.4 0 0.5 0.3z\"\/><\/svg><\/span><\/a><\/li><li class=\"shariff-button linkedin shariff-nocustomcolor\" style=\"background-color:#1488bf;border-radius:1%\"><a href=\"https:\/\/www.linkedin.com\/sharing\/share-offsite\/?url=https%3A%2F%2Fwww.sonnenseite.com%2Fde%2Fenergie%2Feuropa-auf-dem-weg-zu-100-gw-energiespeicherkapazitaet%2F\" title=\"Bei LinkedIn teilen\" aria-label=\"Bei LinkedIn teilen\" role=\"button\" rel=\"noopener nofollow\" class=\"shariff-link\" style=\";border-radius:1%; background-color:#0077b5; color:#fff\" target=\"_blank\"><span class=\"shariff-icon\" style=\"\"><svg width=\"32px\" height=\"20px\" xmlns=\"http:\/\/www.w3.org\/2000\/svg\" viewBox=\"0 0 27 32\"><path fill=\"#0077b5\" d=\"M6.2 11.2v17.7h-5.9v-17.7h5.9zM6.6 5.7q0 1.3-0.9 2.2t-2.4 0.9h0q-1.5 0-2.4-0.9t-0.9-2.2 0.9-2.2 2.4-0.9 2.4 0.9 0.9 2.2zM27.4 18.7v10.1h-5.9v-9.5q0-1.9-0.7-2.9t-2.3-1.1q-1.1 0-1.9 0.6t-1.2 1.5q-0.2 0.5-0.2 1.4v9.9h-5.9q0-7.1 0-11.6t0-5.3l0-0.9h5.9v2.6h0q0.4-0.6 0.7-1t1-0.9 1.6-0.8 2-0.3q3 0 4.9 2t1.9 6z\"\/><\/svg><\/span><\/a><\/li><li class=\"shariff-button printer shariff-nocustomcolor\" style=\"background-color:#a8a8a8;border-radius:1%\"><a href=\"javascript:window.print()\" title=\"drucken\" aria-label=\"drucken\" role=\"button\" rel=\"noopener nofollow\" class=\"shariff-link\" style=\";border-radius:1%; background-color:#999; color:#fff\"><span class=\"shariff-icon\" style=\"\"><svg width=\"32px\" height=\"20px\" xmlns=\"http:\/\/www.w3.org\/2000\/svg\" viewBox=\"0 0 30 32\"><path fill=\"#999\" d=\"M6.8 27.4h16v-4.6h-16v4.6zM6.8 16h16v-6.8h-2.8q-0.7 0-1.2-0.5t-0.5-1.2v-2.8h-11.4v11.4zM27.4 17.2q0-0.5-0.3-0.8t-0.8-0.4-0.8 0.4-0.3 0.8 0.3 0.8 0.8 0.3 0.8-0.3 0.3-0.8zM29.7 17.2v7.4q0 0.2-0.2 0.4t-0.4 0.2h-4v2.8q0 0.7-0.5 1.2t-1.2 0.5h-17.2q-0.7 0-1.2-0.5t-0.5-1.2v-2.8h-4q-0.2 0-0.4-0.2t-0.2-0.4v-7.4q0-1.4 1-2.4t2.4-1h1.2v-9.7q0-0.7 0.5-1.2t1.2-0.5h12q0.7 0 1.6 0.4t1.3 0.8l2.7 2.7q0.5 0.5 0.9 1.4t0.4 1.6v4.6h1.1q1.4 0 2.4 1t1 2.4z\"\/><\/svg><\/span><\/a><\/li><li class=\"shariff-button mailto shariff-nocustomcolor\" style=\"background-color:#a8a8a8;border-radius:1%\"><a href=\"mailto:?body=https%3A%2F%2Fwww.sonnenseite.com%2Fde%2Fenergie%2Feuropa-auf-dem-weg-zu-100-gw-energiespeicherkapazitaet%2F&subject=Europa%20auf%20dem%20Weg%20zu%20100%20GW%20Energiespeicherkapazit%C3%A4t\" title=\"Per E-Mail versenden\" aria-label=\"Per E-Mail versenden\" role=\"button\" rel=\"noopener nofollow\" class=\"shariff-link\" style=\";border-radius:1%; background-color:#999; color:#fff\"><span class=\"shariff-icon\" style=\"\"><svg width=\"32px\" height=\"20px\" xmlns=\"http:\/\/www.w3.org\/2000\/svg\" viewBox=\"0 0 32 32\"><path fill=\"#999\" d=\"M32 12.7v14.2q0 1.2-0.8 2t-2 0.9h-26.3q-1.2 0-2-0.9t-0.8-2v-14.2q0.8 0.9 1.8 1.6 6.5 4.4 8.9 6.1 1 0.8 1.6 1.2t1.7 0.9 2 0.4h0.1q0.9 0 2-0.4t1.7-0.9 1.6-1.2q3-2.2 8.9-6.1 1-0.7 1.8-1.6zM32 7.4q0 1.4-0.9 2.7t-2.2 2.2q-6.7 4.7-8.4 5.8-0.2 0.1-0.7 0.5t-1 0.7-0.9 0.6-1.1 0.5-0.9 0.2h-0.1q-0.4 0-0.9-0.2t-1.1-0.5-0.9-0.6-1-0.7-0.7-0.5q-1.6-1.1-4.7-3.2t-3.6-2.6q-1.1-0.7-2.1-2t-1-2.5q0-1.4 0.7-2.3t2.1-0.9h26.3q1.2 0 2 0.8t0.9 2z\"\/><\/svg><\/span><\/a><\/li><\/ul><\/div>","protected":false},"excerpt":{"rendered":"<p>Mit einem erwarteten Wachstum von mehr als 115% bis 2030. Laut einer neuen Analyse, die auf [&hellip;]<\/p>\n","protected":false},"author":3,"featured_media":105526,"comment_status":"closed","ping_status":"closed","sticky":false,"template":"","format":"standard","meta":{"inline_featured_image":false,"footnotes":""},"categories":[22],"tags":[],"class_list":["post-111177","post","type-post","status-publish","format-standard","has-post-thumbnail","hentry","category-energie"],"yoast_head":"<!-- This site is optimized with the Yoast SEO plugin v26.5 - https:\/\/yoast.com\/wordpress\/plugins\/seo\/ -->\n<title>Europa auf dem Weg zu 100 GW Energiespeicherkapazit\u00e4t - Sonnenseite - \u00d6kologische Kommunikation mit Franz Alt<\/title>\n<meta name=\"description\" content=\"Mit einem erwarteten Wachstum von mehr als 115% bis 2030. Laut einer neuen Analyse, die auf der Konferenz Enlit Europe von LCP Delta und Energy Storage\" \/>\n<meta name=\"robots\" content=\"index, follow, max-snippet:-1, max-image-preview:large, max-video-preview:-1\" \/>\n<link rel=\"canonical\" href=\"https:\/\/www.sonnenseite.com\/de\/energie\/europa-auf-dem-weg-zu-100-gw-energiespeicherkapazitaet\/\" \/>\n<meta property=\"og:locale\" content=\"de_DE\" \/>\n<meta property=\"og:type\" content=\"article\" \/>\n<meta property=\"og:title\" content=\"Europa auf dem Weg zu 100 GW Energiespeicherkapazit\u00e4t - Sonnenseite - \u00d6kologische Kommunikation mit Franz Alt\" \/>\n<meta property=\"og:description\" content=\"Mit einem erwarteten Wachstum von mehr als 115% bis 2030. Laut einer neuen Analyse, die auf der Konferenz Enlit Europe von LCP Delta und Energy Storage\" \/>\n<meta property=\"og:url\" content=\"https:\/\/www.sonnenseite.com\/de\/energie\/europa-auf-dem-weg-zu-100-gw-energiespeicherkapazitaet\/\" \/>\n<meta property=\"og:site_name\" content=\"Sonnenseite\" \/>\n<meta property=\"article:publisher\" content=\"https:\/\/www.facebook.com\/pages\/Franz-Alt-SONNENSEITECOM\/221072987903953?fref=ts\" \/>\n<meta property=\"article:published_time\" content=\"2025-11-27T11:03:10+00:00\" \/>\n<meta property=\"article:modified_time\" content=\"2025-11-27T11:03:11+00:00\" \/>\n<meta property=\"og:image\" content=\"https:\/\/www.sonnenseite.com\/wp-content\/uploads\/2025\/03\/Energiespeicher_phonlamai.jpg\" \/>\n\t<meta property=\"og:image:width\" content=\"770\" \/>\n\t<meta property=\"og:image:height\" content=\"420\" \/>\n\t<meta property=\"og:image:type\" content=\"image\/jpeg\" \/>\n<meta name=\"author\" content=\"Bigi Alt\" \/>\n<meta name=\"twitter:card\" content=\"summary_large_image\" \/>\n<meta name=\"twitter:creator\" content=\"@franzalt\" \/>\n<meta name=\"twitter:site\" content=\"@franzalt\" \/>\n<meta name=\"twitter:label1\" content=\"Verfasst von\" \/>\n\t<meta name=\"twitter:data1\" content=\"Bigi Alt\" \/>\n\t<meta name=\"twitter:label2\" content=\"Gesch\u00e4tzte Lesezeit\" \/>\n\t<meta name=\"twitter:data2\" content=\"4\u00a0Minuten\" \/>\n<script type=\"application\/ld+json\" class=\"yoast-schema-graph\">{\"@context\":\"https:\/\/schema.org\",\"@graph\":[{\"@type\":\"Article\",\"@id\":\"https:\/\/www.sonnenseite.com\/de\/energie\/europa-auf-dem-weg-zu-100-gw-energiespeicherkapazitaet\/#article\",\"isPartOf\":{\"@id\":\"https:\/\/www.sonnenseite.com\/de\/energie\/europa-auf-dem-weg-zu-100-gw-energiespeicherkapazitaet\/\"},\"author\":{\"name\":\"Bigi Alt\",\"@id\":\"https:\/\/www.sonnenseite.com\/de\/#\/schema\/person\/50fda0e926597684c7cc6695238a4eb9\"},\"headline\":\"Europa auf dem Weg zu 100 GW Energiespeicherkapazit\u00e4t\",\"datePublished\":\"2025-11-27T11:03:10+00:00\",\"dateModified\":\"2025-11-27T11:03:11+00:00\",\"mainEntityOfPage\":{\"@id\":\"https:\/\/www.sonnenseite.com\/de\/energie\/europa-auf-dem-weg-zu-100-gw-energiespeicherkapazitaet\/\"},\"wordCount\":549,\"publisher\":{\"@id\":\"https:\/\/www.sonnenseite.com\/de\/#organization\"},\"image\":{\"@id\":\"https:\/\/www.sonnenseite.com\/de\/energie\/europa-auf-dem-weg-zu-100-gw-energiespeicherkapazitaet\/#primaryimage\"},\"thumbnailUrl\":\"https:\/\/www.sonnenseite.com\/wp-content\/uploads\/2025\/03\/Energiespeicher_phonlamai.jpg\",\"articleSection\":[\"Energie\"],\"inLanguage\":\"de\"},{\"@type\":\"WebPage\",\"@id\":\"https:\/\/www.sonnenseite.com\/de\/energie\/europa-auf-dem-weg-zu-100-gw-energiespeicherkapazitaet\/\",\"url\":\"https:\/\/www.sonnenseite.com\/de\/energie\/europa-auf-dem-weg-zu-100-gw-energiespeicherkapazitaet\/\",\"name\":\"Europa auf dem Weg zu 100 GW Energiespeicherkapazit\u00e4t - Sonnenseite - \u00d6kologische Kommunikation mit Franz Alt\",\"isPartOf\":{\"@id\":\"https:\/\/www.sonnenseite.com\/de\/#website\"},\"primaryImageOfPage\":{\"@id\":\"https:\/\/www.sonnenseite.com\/de\/energie\/europa-auf-dem-weg-zu-100-gw-energiespeicherkapazitaet\/#primaryimage\"},\"image\":{\"@id\":\"https:\/\/www.sonnenseite.com\/de\/energie\/europa-auf-dem-weg-zu-100-gw-energiespeicherkapazitaet\/#primaryimage\"},\"thumbnailUrl\":\"https:\/\/www.sonnenseite.com\/wp-content\/uploads\/2025\/03\/Energiespeicher_phonlamai.jpg\",\"datePublished\":\"2025-11-27T11:03:10+00:00\",\"dateModified\":\"2025-11-27T11:03:11+00:00\",\"description\":\"Mit einem erwarteten Wachstum von mehr als 115% bis 2030. Laut einer neuen Analyse, die auf der Konferenz Enlit Europe von LCP Delta und Energy Storage\",\"breadcrumb\":{\"@id\":\"https:\/\/www.sonnenseite.com\/de\/energie\/europa-auf-dem-weg-zu-100-gw-energiespeicherkapazitaet\/#breadcrumb\"},\"inLanguage\":\"de\",\"potentialAction\":[{\"@type\":\"ReadAction\",\"target\":[\"https:\/\/www.sonnenseite.com\/de\/energie\/europa-auf-dem-weg-zu-100-gw-energiespeicherkapazitaet\/\"]}]},{\"@type\":\"ImageObject\",\"inLanguage\":\"de\",\"@id\":\"https:\/\/www.sonnenseite.com\/de\/energie\/europa-auf-dem-weg-zu-100-gw-energiespeicherkapazitaet\/#primaryimage\",\"url\":\"https:\/\/www.sonnenseite.com\/wp-content\/uploads\/2025\/03\/Energiespeicher_phonlamai.jpg\",\"contentUrl\":\"https:\/\/www.sonnenseite.com\/wp-content\/uploads\/2025\/03\/Energiespeicher_phonlamai.jpg\",\"width\":770,\"height\":420,\"caption\":\"panthermedie.net | phonlamai | Auch f\u00fcr das Jahr 2026 erwartet der BSW-Solar ein weiteres Marktwachstum bei Gro\u00dfspeichern.\"},{\"@type\":\"BreadcrumbList\",\"@id\":\"https:\/\/www.sonnenseite.com\/de\/energie\/europa-auf-dem-weg-zu-100-gw-energiespeicherkapazitaet\/#breadcrumb\",\"itemListElement\":[{\"@type\":\"ListItem\",\"position\":1,\"name\":\"Startseite\",\"item\":\"https:\/\/www.sonnenseite.com\/de\/\"},{\"@type\":\"ListItem\",\"position\":2,\"name\":\"Europa auf dem Weg zu 100 GW Energiespeicherkapazit\u00e4t\"}]},{\"@type\":\"WebSite\",\"@id\":\"https:\/\/www.sonnenseite.com\/de\/#website\",\"url\":\"https:\/\/www.sonnenseite.com\/de\/\",\"name\":\"Sonnenseite\",\"description\":\"\u00d6kologische Kommunikation mit Franz Alt\",\"publisher\":{\"@id\":\"https:\/\/www.sonnenseite.com\/de\/#organization\"},\"potentialAction\":[{\"@type\":\"SearchAction\",\"target\":{\"@type\":\"EntryPoint\",\"urlTemplate\":\"https:\/\/www.sonnenseite.com\/de\/?s={search_term_string}\"},\"query-input\":{\"@type\":\"PropertyValueSpecification\",\"valueRequired\":true,\"valueName\":\"search_term_string\"}}],\"inLanguage\":\"de\"},{\"@type\":\"Organization\",\"@id\":\"https:\/\/www.sonnenseite.com\/de\/#organization\",\"name\":\"Sonnenseite\",\"url\":\"https:\/\/www.sonnenseite.com\/de\/\",\"logo\":{\"@type\":\"ImageObject\",\"inLanguage\":\"de\",\"@id\":\"https:\/\/www.sonnenseite.com\/de\/#\/schema\/logo\/image\/\",\"url\":\"https:\/\/www.sonnenseite.com\/wp-content\/uploads\/2020\/05\/Sonnenseite_Logo.png\",\"contentUrl\":\"https:\/\/www.sonnenseite.com\/wp-content\/uploads\/2020\/05\/Sonnenseite_Logo.png\",\"width\":377,\"height\":90,\"caption\":\"Sonnenseite\"},\"image\":{\"@id\":\"https:\/\/www.sonnenseite.com\/de\/#\/schema\/logo\/image\/\"},\"sameAs\":[\"https:\/\/www.facebook.com\/pages\/Franz-Alt-SONNENSEITECOM\/221072987903953?fref=ts\",\"https:\/\/x.com\/franzalt\",\"http:\/\/www.youtube.com\/results?search_query&amp;amp;quot;franz_alt&amp;amp;quot;&amp;amp;amp;amp;search_type&amp;amp;amp;amp;aq=f\"]},{\"@type\":\"Person\",\"@id\":\"https:\/\/www.sonnenseite.com\/de\/#\/schema\/person\/50fda0e926597684c7cc6695238a4eb9\",\"name\":\"Bigi Alt\"}]}<\/script>\n<!-- \/ Yoast SEO plugin. -->","yoast_head_json":{"title":"Europa auf dem Weg zu 100 GW Energiespeicherkapazit\u00e4t - Sonnenseite - \u00d6kologische Kommunikation mit Franz Alt","description":"Mit einem erwarteten Wachstum von mehr als 115% bis 2030. Laut einer neuen Analyse, die auf der Konferenz Enlit Europe von LCP Delta und Energy Storage","robots":{"index":"index","follow":"follow","max-snippet":"max-snippet:-1","max-image-preview":"max-image-preview:large","max-video-preview":"max-video-preview:-1"},"canonical":"https:\/\/www.sonnenseite.com\/de\/energie\/europa-auf-dem-weg-zu-100-gw-energiespeicherkapazitaet\/","og_locale":"de_DE","og_type":"article","og_title":"Europa auf dem Weg zu 100 GW Energiespeicherkapazit\u00e4t - Sonnenseite - \u00d6kologische Kommunikation mit Franz Alt","og_description":"Mit einem erwarteten Wachstum von mehr als 115% bis 2030. Laut einer neuen Analyse, die auf der Konferenz Enlit Europe von LCP Delta und Energy Storage","og_url":"https:\/\/www.sonnenseite.com\/de\/energie\/europa-auf-dem-weg-zu-100-gw-energiespeicherkapazitaet\/","og_site_name":"Sonnenseite","article_publisher":"https:\/\/www.facebook.com\/pages\/Franz-Alt-SONNENSEITECOM\/221072987903953?fref=ts","article_published_time":"2025-11-27T11:03:10+00:00","article_modified_time":"2025-11-27T11:03:11+00:00","og_image":[{"width":770,"height":420,"url":"https:\/\/www.sonnenseite.com\/wp-content\/uploads\/2025\/03\/Energiespeicher_phonlamai.jpg","type":"image\/jpeg"}],"author":"Bigi Alt","twitter_card":"summary_large_image","twitter_creator":"@franzalt","twitter_site":"@franzalt","twitter_misc":{"Verfasst von":"Bigi Alt","Gesch\u00e4tzte Lesezeit":"4\u00a0Minuten"},"schema":{"@context":"https:\/\/schema.org","@graph":[{"@type":"Article","@id":"https:\/\/www.sonnenseite.com\/de\/energie\/europa-auf-dem-weg-zu-100-gw-energiespeicherkapazitaet\/#article","isPartOf":{"@id":"https:\/\/www.sonnenseite.com\/de\/energie\/europa-auf-dem-weg-zu-100-gw-energiespeicherkapazitaet\/"},"author":{"name":"Bigi Alt","@id":"https:\/\/www.sonnenseite.com\/de\/#\/schema\/person\/50fda0e926597684c7cc6695238a4eb9"},"headline":"Europa auf dem Weg zu 100 GW Energiespeicherkapazit\u00e4t","datePublished":"2025-11-27T11:03:10+00:00","dateModified":"2025-11-27T11:03:11+00:00","mainEntityOfPage":{"@id":"https:\/\/www.sonnenseite.com\/de\/energie\/europa-auf-dem-weg-zu-100-gw-energiespeicherkapazitaet\/"},"wordCount":549,"publisher":{"@id":"https:\/\/www.sonnenseite.com\/de\/#organization"},"image":{"@id":"https:\/\/www.sonnenseite.com\/de\/energie\/europa-auf-dem-weg-zu-100-gw-energiespeicherkapazitaet\/#primaryimage"},"thumbnailUrl":"https:\/\/www.sonnenseite.com\/wp-content\/uploads\/2025\/03\/Energiespeicher_phonlamai.jpg","articleSection":["Energie"],"inLanguage":"de"},{"@type":"WebPage","@id":"https:\/\/www.sonnenseite.com\/de\/energie\/europa-auf-dem-weg-zu-100-gw-energiespeicherkapazitaet\/","url":"https:\/\/www.sonnenseite.com\/de\/energie\/europa-auf-dem-weg-zu-100-gw-energiespeicherkapazitaet\/","name":"Europa auf dem Weg zu 100 GW Energiespeicherkapazit\u00e4t - Sonnenseite - \u00d6kologische Kommunikation mit Franz Alt","isPartOf":{"@id":"https:\/\/www.sonnenseite.com\/de\/#website"},"primaryImageOfPage":{"@id":"https:\/\/www.sonnenseite.com\/de\/energie\/europa-auf-dem-weg-zu-100-gw-energiespeicherkapazitaet\/#primaryimage"},"image":{"@id":"https:\/\/www.sonnenseite.com\/de\/energie\/europa-auf-dem-weg-zu-100-gw-energiespeicherkapazitaet\/#primaryimage"},"thumbnailUrl":"https:\/\/www.sonnenseite.com\/wp-content\/uploads\/2025\/03\/Energiespeicher_phonlamai.jpg","datePublished":"2025-11-27T11:03:10+00:00","dateModified":"2025-11-27T11:03:11+00:00","description":"Mit einem erwarteten Wachstum von mehr als 115% bis 2030. Laut einer neuen Analyse, die auf der Konferenz Enlit Europe von LCP Delta und Energy Storage","breadcrumb":{"@id":"https:\/\/www.sonnenseite.com\/de\/energie\/europa-auf-dem-weg-zu-100-gw-energiespeicherkapazitaet\/#breadcrumb"},"inLanguage":"de","potentialAction":[{"@type":"ReadAction","target":["https:\/\/www.sonnenseite.com\/de\/energie\/europa-auf-dem-weg-zu-100-gw-energiespeicherkapazitaet\/"]}]},{"@type":"ImageObject","inLanguage":"de","@id":"https:\/\/www.sonnenseite.com\/de\/energie\/europa-auf-dem-weg-zu-100-gw-energiespeicherkapazitaet\/#primaryimage","url":"https:\/\/www.sonnenseite.com\/wp-content\/uploads\/2025\/03\/Energiespeicher_phonlamai.jpg","contentUrl":"https:\/\/www.sonnenseite.com\/wp-content\/uploads\/2025\/03\/Energiespeicher_phonlamai.jpg","width":770,"height":420,"caption":"panthermedie.net | phonlamai | Auch f\u00fcr das Jahr 2026 erwartet der BSW-Solar ein weiteres Marktwachstum bei Gro\u00dfspeichern."},{"@type":"BreadcrumbList","@id":"https:\/\/www.sonnenseite.com\/de\/energie\/europa-auf-dem-weg-zu-100-gw-energiespeicherkapazitaet\/#breadcrumb","itemListElement":[{"@type":"ListItem","position":1,"name":"Startseite","item":"https:\/\/www.sonnenseite.com\/de\/"},{"@type":"ListItem","position":2,"name":"Europa auf dem Weg zu 100 GW Energiespeicherkapazit\u00e4t"}]},{"@type":"WebSite","@id":"https:\/\/www.sonnenseite.com\/de\/#website","url":"https:\/\/www.sonnenseite.com\/de\/","name":"Sonnenseite","description":"\u00d6kologische Kommunikation mit Franz Alt","publisher":{"@id":"https:\/\/www.sonnenseite.com\/de\/#organization"},"potentialAction":[{"@type":"SearchAction","target":{"@type":"EntryPoint","urlTemplate":"https:\/\/www.sonnenseite.com\/de\/?s={search_term_string}"},"query-input":{"@type":"PropertyValueSpecification","valueRequired":true,"valueName":"search_term_string"}}],"inLanguage":"de"},{"@type":"Organization","@id":"https:\/\/www.sonnenseite.com\/de\/#organization","name":"Sonnenseite","url":"https:\/\/www.sonnenseite.com\/de\/","logo":{"@type":"ImageObject","inLanguage":"de","@id":"https:\/\/www.sonnenseite.com\/de\/#\/schema\/logo\/image\/","url":"https:\/\/www.sonnenseite.com\/wp-content\/uploads\/2020\/05\/Sonnenseite_Logo.png","contentUrl":"https:\/\/www.sonnenseite.com\/wp-content\/uploads\/2020\/05\/Sonnenseite_Logo.png","width":377,"height":90,"caption":"Sonnenseite"},"image":{"@id":"https:\/\/www.sonnenseite.com\/de\/#\/schema\/logo\/image\/"},"sameAs":["https:\/\/www.facebook.com\/pages\/Franz-Alt-SONNENSEITECOM\/221072987903953?fref=ts","https:\/\/x.com\/franzalt","http:\/\/www.youtube.com\/results?search_query&amp;amp;quot;franz_alt&amp;amp;quot;&amp;amp;amp;amp;search_type&amp;amp;amp;amp;aq=f"]},{"@type":"Person","@id":"https:\/\/www.sonnenseite.com\/de\/#\/schema\/person\/50fda0e926597684c7cc6695238a4eb9","name":"Bigi Alt"}]}},"_links":{"self":[{"href":"https:\/\/www.sonnenseite.com\/de\/wp-json\/wp\/v2\/posts\/111177","targetHints":{"allow":["GET"]}}],"collection":[{"href":"https:\/\/www.sonnenseite.com\/de\/wp-json\/wp\/v2\/posts"}],"about":[{"href":"https:\/\/www.sonnenseite.com\/de\/wp-json\/wp\/v2\/types\/post"}],"author":[{"embeddable":true,"href":"https:\/\/www.sonnenseite.com\/de\/wp-json\/wp\/v2\/users\/3"}],"replies":[{"embeddable":true,"href":"https:\/\/www.sonnenseite.com\/de\/wp-json\/wp\/v2\/comments?post=111177"}],"version-history":[{"count":2,"href":"https:\/\/www.sonnenseite.com\/de\/wp-json\/wp\/v2\/posts\/111177\/revisions"}],"predecessor-version":[{"id":111179,"href":"https:\/\/www.sonnenseite.com\/de\/wp-json\/wp\/v2\/posts\/111177\/revisions\/111179"}],"wp:featuredmedia":[{"embeddable":true,"href":"https:\/\/www.sonnenseite.com\/de\/wp-json\/wp\/v2\/media\/105526"}],"wp:attachment":[{"href":"https:\/\/www.sonnenseite.com\/de\/wp-json\/wp\/v2\/media?parent=111177"}],"wp:term":[{"taxonomy":"category","embeddable":true,"href":"https:\/\/www.sonnenseite.com\/de\/wp-json\/wp\/v2\/categories?post=111177"},{"taxonomy":"post_tag","embeddable":true,"href":"https:\/\/www.sonnenseite.com\/de\/wp-json\/wp\/v2\/tags?post=111177"}],"curies":[{"name":"wp","href":"https:\/\/api.w.org\/{rel}","templated":true}]}}