{"id":111202,"date":"2025-11-30T13:49:35","date_gmt":"2025-11-30T12:49:35","guid":{"rendered":"https:\/\/www.sonnenseite.com\/?p=111202"},"modified":"2025-12-01T09:08:11","modified_gmt":"2025-12-01T08:08:11","slug":"warum-wir-jetzt-die-generation-zukunft-zum-weltthema-nr-1-machen-muessen","status":"publish","type":"post","link":"https:\/\/www.sonnenseite.com\/de\/zukunft\/warum-wir-jetzt-die-generation-zukunft-zum-weltthema-nr-1-machen-muessen\/","title":{"rendered":"Warum wir jetzt die GENERATION ZUKUNFT zum Weltthema Nr. 1 machen m\u00fcssen"},"content":{"rendered":"\n<p>Dank der Idee von Bernhard Hanel haben wir jetzt alle und gemeinsam die Chance, Stimmgeberin und Geburtshelfer einer historischen Chance zu werden, ja, einer weltweiten Bewegung, die die \u201eGeneration Zukunft\u201c zum Weltthema Nr. 1 machen kann: die Initiative&nbsp;<strong>PRO FRIEDENSNOBELPREIS<\/strong><strong>&nbsp;<\/strong><strong>f\u00fcr die GENERATION ZUKUNFT<\/strong>.&nbsp;<\/p>\n\n\n\n<p>Erst am&nbsp;11. September setzte Bernhard Hanel durch sein WORLD CHILD FORUM die Idee in die Welt, den angesehensten und symbolst\u00e4rksten Preis der Welt, den Friedensnobelpreis, im Jahr 2026 sehr bewusst an alle Kinder und Jugendlichen dieser Welt zu vergeben. Als Zeichen: Von dieser GENERATION ZUKUNFT der heute 2,4 Milliarden bis 18-J\u00e4hrigen h\u00e4ngt&nbsp;<em>unser aller Zukunft<\/em>&nbsp;am meisten und st\u00e4rksten ab. Geben wir den Zukunftsw\u00fcnschen, Zukunftsideen, Zukunftskompetenzen und Zukunftsprojekten dieser&nbsp;Zukunftsgestalterinnen&nbsp;die weltweite Wahrnehmung, die weltweit h\u00f6rbare Stimme, die eine hoffnungsstiftende Zukunft braucht &#8211;&nbsp;durch sie selbst und mit unser aller Unterst\u00fctzung.<\/p>\n\n\n\n<p>In den letzten Wochen haben sich immer mehr Organisationen und Menschen allen Alters daf\u00fcr eingesetzt, dass f\u00fcr diese Idee der Durchbruch in Richtung einer Weltbewegung gelingen kann. Die deutsche \u201e3Zero\u201c-Initiative des Friedensnobelpreistr\u00e4gers Muhammad Yunus und mehrere Future-Skills-Initiativen wie z.B. das WeQ Institute haben daf\u00fcr gemeinsam mit dem World Child Forum die&nbsp;<strong>PRO FRIEDENSNOBELPREIS<\/strong>&nbsp;Start-Mobilisierung unter&nbsp;<a href=\"http:\/\/www.friendsof3zero.de\/\">www.friendsof3zero.de<\/a>&nbsp;eingerichtet \u2013 f\u00fcr die&nbsp;<strong>Phase 1:<\/strong>&nbsp;<\/p>\n\n\n\n<h4 class=\"wp-block-heading\">Bis zum 18. Dezember diesen Jahres\u00a0sollen sich dort<\/h4>\n\n\n\n<ul class=\"wp-block-list\">\n<li><strong>mindestens 1.000 \u201eSupporter\u201c\u00a0<\/strong>dieser Idee registriert haben \u2013 aus allen Generationen als Einzelpersonen oder Organisationen \u2013 sowie<\/li>\n\n\n\n<li><strong>mindestens 200 Teams<\/strong>\u00a0in jeweils 5er-Teams mit ihren bereits bestehenden Zukunftsprojekten f\u00fcr eine nachhaltigere und humanere Welt \u2013 oder auch 5er-Teams, die sich jetzt aus diesem Anlass erst bilden f\u00fcr nachhaltige und soziale Ziele oder auch schlicht f\u00fcr das Ziel \u201eFriedensnobelpreis 2026 voranbringen\u201c.\u00a0<\/li>\n<\/ul>\n\n\n<div class=\"wp-block-image\">\n<figure class=\"alignleft size-full is-resized\"><a href=\"https:\/\/www.sonnenseite.com\/wp-content\/uploads\/2025\/11\/Friedensnobelpreis-2026-an-.jpg\"><img loading=\"lazy\" decoding=\"async\" width=\"800\" height=\"800\" src=\"https:\/\/www.sonnenseite.com\/wp-content\/uploads\/2025\/11\/Friedensnobelpreis-2026-an-.jpg\" alt=\"\" class=\"wp-image-111206\" style=\"width:355px;height:auto\" srcset=\"https:\/\/www.sonnenseite.com\/wp-content\/uploads\/2025\/11\/Friedensnobelpreis-2026-an-.jpg 800w, https:\/\/www.sonnenseite.com\/wp-content\/uploads\/2025\/11\/Friedensnobelpreis-2026-an--300x300.jpg 300w, https:\/\/www.sonnenseite.com\/wp-content\/uploads\/2025\/11\/Friedensnobelpreis-2026-an--150x150.jpg 150w, https:\/\/www.sonnenseite.com\/wp-content\/uploads\/2025\/11\/Friedensnobelpreis-2026-an--768x768.jpg 768w, https:\/\/www.sonnenseite.com\/wp-content\/uploads\/2025\/11\/Friedensnobelpreis-2026-an--194x194.jpg 194w\" sizes=\"auto, (max-width: 800px) 100vw, 800px\" \/><\/a><figcaption class=\"wp-element-caption\">(@ Julia Corona, Spreadwings)<\/figcaption><\/figure>\n<\/div>\n\n\n<p><strong>Beides ist sehr wichtig f\u00fcr Phase 2<\/strong>, die mit dem Jahres-Startmonat Januar 2026 beginnt und in der die&nbsp;<strong>Nominierung der GENERATION ZUKUNFT f\u00fcr&nbsp;den FRIEDENSNOBELPREIS 2026<\/strong>&nbsp;formell eingereicht werden muss und werden wird. F\u00fcr den finalen Erfolg dieser Einreichung ist entscheidend, dass wir gemeinsam zeigen k\u00f6nnen: Diese Initiative hat und gewinnt immer mehr engagierte&nbsp;<strong>Unterst\u00fctzer<\/strong>&nbsp;mit kleinen oder gr\u00f6\u00dferen selbst bestimmten Aktivit\u00e4ten \u2013 und diese Initiative zeigt ferner bereits permanent wachsende <strong>beispielgebende Zukunftsgestaltungsprojekte<\/strong>, die in Teams in Richtung einer deutlich nachhaltigeren und humaneren Zukunft arbeiten.<\/p>\n\n\n\n<p><strong>Lasst uns jetzt alle selbst und\/oder auch in 5er-Teams jeweils unser kleines oder gr\u00f6\u00dferes aktives VOTUM abgeben und eintragen unter&nbsp;<\/strong><a href=\"http:\/\/www.friendsof3zero.de\/\"><strong>www.friendsof3zero.de<\/strong><\/a><strong>.&nbsp;<\/strong><\/p>\n\n\n\n<p><strong>Und lasst uns dar\u00fcber hinaus auch unsere Kontaktkreise f\u00fcr diese PRO FRIEDENSNOBELPREIS INITIATIVE motivieren und einladen zum MIT-BEWEGEN! Alle daf\u00fcr notwendigen Informationen und buchst\u00e4blich not-<em>wendigen<\/em> Optionen sind f\u00fcr alle, die ihr erreichen k\u00f6nnt, unter\u00a0<\/strong><a href=\"http:\/\/www.friendsof3zero.de\/\"><strong>www.friendsof3zero.de<\/strong><\/a><strong>\u00a0zu finden.<\/strong><\/p>\n\n\n\n<ul class=\"wp-block-list\">\n<li><a href=\"https:\/\/www.sonnenseite.com\/de\/zukunft\/friedensnobelpreis-fuer-die-kinder-der-welt\/\">Friedensnobelpreis f\u00fcr die Kinder der Welt?<\/a> | <em>Wenn es nach <\/em>Peter Spiegel geht, dann geh\u00f6rt die wichtigste Auszeichnung der Welt nicht Staatschefs, Diplomaten oder internationalen Organisationen \u2013 sondern den Kindern. Genauer: allen jungen Menschen bis 18 Jahre, weltweit. <em>Von Eckard Christiani<\/em><\/li>\n\n\n\n<li><a href=\"https:\/\/www.sonnenseite.com\/de\/zukunft\/der-friedensnobelpreis-fuer-alle-kinder-ein-neuer-massstab-fuer-unsere-zeit\/\">Der Friedensnobelpreis f\u00fcr alle Kinder: Ein neuer Ma\u00dfstab f\u00fcr unsere Zeit<\/a> | Das World Child Forum richtet einen au\u00dfergew\u00f6hnlichen Appell an die Welt\u00f6ffentlichkeit: 2026 sollen alle Kinder der Erde gemeinsam mit dem Friedensnobelpreis ausgezeichnet werden.<\/li>\n<\/ul>\n\n\n<h5 class=\"green\">Quelle<\/h5>\r\n\n\n\n<ul class=\"wp-block-list\">\n<li><a href=\"https:\/\/www.friendsof3zero.de\/\" target=\"_blank\" rel=\"noreferrer noopener\">Friends of Social Business e.V. | Projekt 3ZERO<\/a> Bernhard Hanel \u2013 World Child Forum | <a href=\"mailto:mail@worldchildforum.org\">mail@worldchildforum.org<\/a> \/ <a href=\"mailto:mail@bernihanel.net\">mail@bernihanel.net<\/a> <\/li>\n\n\n\n<li>Peter Spiegel, Zukunftsforscher und <a href=\"https:\/\/weq.institute\/\">Leiter WeQ Institute<\/a> \u23d0 <a href=\"mailto:p.spiegel@weq.institute\">p.spiegel@weq.institute<\/a> <\/li>\n\n\n\n<li>Webseite zur Initiative | <a href=\"https:\/\/nobelprize.worldchildforum.org\/\" target=\"_blank\" rel=\"noreferrer noopener\">nobelprize.worldchildforum.org<\/a><\/li>\n<\/ul>\n\n\n\n<p><\/p>\n<div class=\"shariff shariff-align-flex-start shariff-widget-align-flex-start\"><div class=\"ShariffHeadline\">Diese Meldung teilen<\/div><ul class=\"shariff-buttons theme-round orientation-horizontal buttonsize-medium\"><li class=\"shariff-button facebook shariff-nocustomcolor\" style=\"background-color:#4273c8;border-radius:1%\"><a href=\"https:\/\/www.facebook.com\/sharer\/sharer.php?u=https%3A%2F%2Fwww.sonnenseite.com%2Fde%2Fzukunft%2Fwarum-wir-jetzt-die-generation-zukunft-zum-weltthema-nr-1-machen-muessen%2F\" title=\"Bei Facebook teilen\" aria-label=\"Bei Facebook teilen\" role=\"button\" rel=\"nofollow\" class=\"shariff-link\" style=\";border-radius:1%; background-color:#3b5998; color:#fff\" target=\"_blank\"><span class=\"shariff-icon\" style=\"\"><svg width=\"32px\" height=\"20px\" xmlns=\"http:\/\/www.w3.org\/2000\/svg\" viewBox=\"0 0 18 32\"><path fill=\"#3b5998\" d=\"M17.1 0.2v4.7h-2.8q-1.5 0-2.1 0.6t-0.5 1.9v3.4h5.2l-0.7 5.3h-4.5v13.6h-5.5v-13.6h-4.5v-5.3h4.5v-3.9q0-3.3 1.9-5.2t5-1.8q2.6 0 4.1 0.2z\"\/><\/svg><\/span><\/a><\/li><li class=\"shariff-button twitter shariff-nocustomcolor\" style=\"background-color:#595959;border-radius:1%\"><a href=\"https:\/\/twitter.com\/share?url=https%3A%2F%2Fwww.sonnenseite.com%2Fde%2Fzukunft%2Fwarum-wir-jetzt-die-generation-zukunft-zum-weltthema-nr-1-machen-muessen%2F&text=Warum%20wir%20jetzt%20die%20GENERATION%20ZUKUNFT%20zum%20Weltthema%20Nr.%201%20machen%20m%C3%BCssen\" title=\"Bei X teilen\" aria-label=\"Bei X teilen\" role=\"button\" rel=\"noopener nofollow\" class=\"shariff-link\" style=\";border-radius:1%; background-color:#000; color:#fff\" target=\"_blank\"><span class=\"shariff-icon\" style=\"\"><svg width=\"32px\" height=\"20px\" xmlns=\"http:\/\/www.w3.org\/2000\/svg\" viewBox=\"0 0 24 24\"><path fill=\"#000\" d=\"M14.258 10.152L23.176 0h-2.113l-7.747 8.813L7.133 0H0l9.352 13.328L0 23.973h2.113l8.176-9.309 6.531 9.309h7.133zm-2.895 3.293l-.949-1.328L2.875 1.56h3.246l6.086 8.523.945 1.328 7.91 11.078h-3.246zm0 0\"\/><\/svg><\/span><\/a><\/li><li class=\"shariff-button xing shariff-nocustomcolor\" style=\"background-color:#29888a;border-radius:1%\"><a href=\"https:\/\/www.xing.com\/spi\/shares\/new?url=https%3A%2F%2Fwww.sonnenseite.com%2Fde%2Fzukunft%2Fwarum-wir-jetzt-die-generation-zukunft-zum-weltthema-nr-1-machen-muessen%2F\" title=\"Bei XING teilen\" aria-label=\"Bei XING teilen\" role=\"button\" rel=\"noopener nofollow\" class=\"shariff-link\" style=\";border-radius:1%; background-color:#126567; color:#fff\" target=\"_blank\"><span class=\"shariff-icon\" style=\"\"><svg width=\"32px\" height=\"20px\" xmlns=\"http:\/\/www.w3.org\/2000\/svg\" viewBox=\"0 0 25 32\"><path fill=\"#126567\" d=\"M10.7 11.9q-0.2 0.3-4.6 8.2-0.5 0.8-1.2 0.8h-4.3q-0.4 0-0.5-0.3t0-0.6l4.5-8q0 0 0 0l-2.9-5q-0.2-0.4 0-0.7 0.2-0.3 0.5-0.3h4.3q0.7 0 1.2 0.8zM25.1 0.4q0.2 0.3 0 0.7l-9.4 16.7 6 11q0.2 0.4 0 0.6-0.2 0.3-0.6 0.3h-4.3q-0.7 0-1.2-0.8l-6-11.1q0.3-0.6 9.5-16.8 0.4-0.8 1.2-0.8h4.3q0.4 0 0.5 0.3z\"\/><\/svg><\/span><\/a><\/li><li class=\"shariff-button linkedin shariff-nocustomcolor\" style=\"background-color:#1488bf;border-radius:1%\"><a href=\"https:\/\/www.linkedin.com\/sharing\/share-offsite\/?url=https%3A%2F%2Fwww.sonnenseite.com%2Fde%2Fzukunft%2Fwarum-wir-jetzt-die-generation-zukunft-zum-weltthema-nr-1-machen-muessen%2F\" title=\"Bei LinkedIn teilen\" aria-label=\"Bei LinkedIn teilen\" role=\"button\" rel=\"noopener nofollow\" class=\"shariff-link\" style=\";border-radius:1%; background-color:#0077b5; color:#fff\" target=\"_blank\"><span class=\"shariff-icon\" style=\"\"><svg width=\"32px\" height=\"20px\" xmlns=\"http:\/\/www.w3.org\/2000\/svg\" viewBox=\"0 0 27 32\"><path fill=\"#0077b5\" d=\"M6.2 11.2v17.7h-5.9v-17.7h5.9zM6.6 5.7q0 1.3-0.9 2.2t-2.4 0.9h0q-1.5 0-2.4-0.9t-0.9-2.2 0.9-2.2 2.4-0.9 2.4 0.9 0.9 2.2zM27.4 18.7v10.1h-5.9v-9.5q0-1.9-0.7-2.9t-2.3-1.1q-1.1 0-1.9 0.6t-1.2 1.5q-0.2 0.5-0.2 1.4v9.9h-5.9q0-7.1 0-11.6t0-5.3l0-0.9h5.9v2.6h0q0.4-0.6 0.7-1t1-0.9 1.6-0.8 2-0.3q3 0 4.9 2t1.9 6z\"\/><\/svg><\/span><\/a><\/li><li class=\"shariff-button printer shariff-nocustomcolor\" style=\"background-color:#a8a8a8;border-radius:1%\"><a href=\"javascript:window.print()\" title=\"drucken\" aria-label=\"drucken\" role=\"button\" rel=\"noopener nofollow\" class=\"shariff-link\" style=\";border-radius:1%; background-color:#999; color:#fff\"><span class=\"shariff-icon\" style=\"\"><svg width=\"32px\" height=\"20px\" xmlns=\"http:\/\/www.w3.org\/2000\/svg\" viewBox=\"0 0 30 32\"><path fill=\"#999\" d=\"M6.8 27.4h16v-4.6h-16v4.6zM6.8 16h16v-6.8h-2.8q-0.7 0-1.2-0.5t-0.5-1.2v-2.8h-11.4v11.4zM27.4 17.2q0-0.5-0.3-0.8t-0.8-0.4-0.8 0.4-0.3 0.8 0.3 0.8 0.8 0.3 0.8-0.3 0.3-0.8zM29.7 17.2v7.4q0 0.2-0.2 0.4t-0.4 0.2h-4v2.8q0 0.7-0.5 1.2t-1.2 0.5h-17.2q-0.7 0-1.2-0.5t-0.5-1.2v-2.8h-4q-0.2 0-0.4-0.2t-0.2-0.4v-7.4q0-1.4 1-2.4t2.4-1h1.2v-9.7q0-0.7 0.5-1.2t1.2-0.5h12q0.7 0 1.6 0.4t1.3 0.8l2.7 2.7q0.5 0.5 0.9 1.4t0.4 1.6v4.6h1.1q1.4 0 2.4 1t1 2.4z\"\/><\/svg><\/span><\/a><\/li><li class=\"shariff-button mailto shariff-nocustomcolor\" style=\"background-color:#a8a8a8;border-radius:1%\"><a href=\"mailto:?body=https%3A%2F%2Fwww.sonnenseite.com%2Fde%2Fzukunft%2Fwarum-wir-jetzt-die-generation-zukunft-zum-weltthema-nr-1-machen-muessen%2F&subject=Warum%20wir%20jetzt%20die%20GENERATION%20ZUKUNFT%20zum%20Weltthema%20Nr.%201%20machen%20m%C3%BCssen\" title=\"Per E-Mail versenden\" aria-label=\"Per E-Mail versenden\" role=\"button\" rel=\"noopener nofollow\" class=\"shariff-link\" style=\";border-radius:1%; background-color:#999; color:#fff\"><span class=\"shariff-icon\" style=\"\"><svg width=\"32px\" height=\"20px\" xmlns=\"http:\/\/www.w3.org\/2000\/svg\" viewBox=\"0 0 32 32\"><path fill=\"#999\" d=\"M32 12.7v14.2q0 1.2-0.8 2t-2 0.9h-26.3q-1.2 0-2-0.9t-0.8-2v-14.2q0.8 0.9 1.8 1.6 6.5 4.4 8.9 6.1 1 0.8 1.6 1.2t1.7 0.9 2 0.4h0.1q0.9 0 2-0.4t1.7-0.9 1.6-1.2q3-2.2 8.9-6.1 1-0.7 1.8-1.6zM32 7.4q0 1.4-0.9 2.7t-2.2 2.2q-6.7 4.7-8.4 5.8-0.2 0.1-0.7 0.5t-1 0.7-0.9 0.6-1.1 0.5-0.9 0.2h-0.1q-0.4 0-0.9-0.2t-1.1-0.5-0.9-0.6-1-0.7-0.7-0.5q-1.6-1.1-4.7-3.2t-3.6-2.6q-1.1-0.7-2.1-2t-1-2.5q0-1.4 0.7-2.3t2.1-0.9h26.3q1.2 0 2 0.8t0.9 2z\"\/><\/svg><\/span><\/a><\/li><\/ul><\/div>","protected":false},"excerpt":{"rendered":"<p>Dank der Idee von Bernhard Hanel haben wir jetzt alle und gemeinsam die Chance, Stimmgeberin und [&hellip;]<\/p>\n","protected":false},"author":3,"featured_media":111208,"comment_status":"closed","ping_status":"closed","sticky":false,"template":"","format":"standard","meta":{"inline_featured_image":false,"footnotes":""},"categories":[27],"tags":[],"class_list":["post-111202","post","type-post","status-publish","format-standard","has-post-thumbnail","hentry","category-zukunft"],"yoast_head":"<!-- This site is optimized with the Yoast SEO plugin v26.5 - https:\/\/yoast.com\/wordpress\/plugins\/seo\/ -->\n<title>Warum wir jetzt die GENERATION ZUKUNFT zum Weltthema Nr. 1 machen m\u00fcssen - Sonnenseite - \u00d6kologische Kommunikation mit Franz Alt<\/title>\n<meta name=\"description\" content=\"Dank der Idee von Bernhard Hanel haben wir jetzt alle und gemeinsam die Chance, Stimmgeberin und Geburtshelfer einer historischen Chance zu werden, ja,\" \/>\n<meta name=\"robots\" content=\"index, follow, max-snippet:-1, max-image-preview:large, max-video-preview:-1\" \/>\n<link rel=\"canonical\" href=\"https:\/\/www.sonnenseite.com\/de\/zukunft\/warum-wir-jetzt-die-generation-zukunft-zum-weltthema-nr-1-machen-muessen\/\" \/>\n<meta property=\"og:locale\" content=\"de_DE\" \/>\n<meta property=\"og:type\" content=\"article\" \/>\n<meta property=\"og:title\" content=\"Warum wir jetzt die GENERATION ZUKUNFT zum Weltthema Nr. 1 machen m\u00fcssen - Sonnenseite - \u00d6kologische Kommunikation mit Franz Alt\" \/>\n<meta property=\"og:description\" content=\"Dank der Idee von Bernhard Hanel haben wir jetzt alle und gemeinsam die Chance, Stimmgeberin und Geburtshelfer einer historischen Chance zu werden, ja,\" \/>\n<meta property=\"og:url\" content=\"https:\/\/www.sonnenseite.com\/de\/zukunft\/warum-wir-jetzt-die-generation-zukunft-zum-weltthema-nr-1-machen-muessen\/\" \/>\n<meta property=\"og:site_name\" content=\"Sonnenseite\" \/>\n<meta property=\"article:publisher\" content=\"https:\/\/www.facebook.com\/pages\/Franz-Alt-SONNENSEITECOM\/221072987903953?fref=ts\" \/>\n<meta property=\"article:published_time\" content=\"2025-11-30T12:49:35+00:00\" \/>\n<meta property=\"article:modified_time\" content=\"2025-12-01T08:08:11+00:00\" \/>\n<meta property=\"og:image\" content=\"https:\/\/www.sonnenseite.com\/wp-content\/uploads\/2025\/11\/Nobelpreis-2026-fuer-Generation-Zukunft01.png\" \/>\n\t<meta property=\"og:image:width\" content=\"1137\" \/>\n\t<meta property=\"og:image:height\" content=\"639\" \/>\n\t<meta property=\"og:image:type\" content=\"image\/png\" \/>\n<meta name=\"author\" content=\"Bigi Alt\" \/>\n<meta name=\"twitter:card\" content=\"summary_large_image\" \/>\n<meta name=\"twitter:creator\" content=\"@franzalt\" \/>\n<meta name=\"twitter:site\" content=\"@franzalt\" \/>\n<meta name=\"twitter:label1\" content=\"Verfasst von\" \/>\n\t<meta name=\"twitter:data1\" content=\"Bigi Alt\" \/>\n\t<meta name=\"twitter:label2\" content=\"Gesch\u00e4tzte Lesezeit\" \/>\n\t<meta name=\"twitter:data2\" content=\"4\u00a0Minuten\" \/>\n<script type=\"application\/ld+json\" class=\"yoast-schema-graph\">{\"@context\":\"https:\/\/schema.org\",\"@graph\":[{\"@type\":\"Article\",\"@id\":\"https:\/\/www.sonnenseite.com\/de\/zukunft\/warum-wir-jetzt-die-generation-zukunft-zum-weltthema-nr-1-machen-muessen\/#article\",\"isPartOf\":{\"@id\":\"https:\/\/www.sonnenseite.com\/de\/zukunft\/warum-wir-jetzt-die-generation-zukunft-zum-weltthema-nr-1-machen-muessen\/\"},\"author\":{\"name\":\"Bigi Alt\",\"@id\":\"https:\/\/www.sonnenseite.com\/de\/#\/schema\/person\/50fda0e926597684c7cc6695238a4eb9\"},\"headline\":\"Warum wir jetzt die GENERATION ZUKUNFT zum Weltthema Nr. 1 machen m\u00fcssen\",\"datePublished\":\"2025-11-30T12:49:35+00:00\",\"dateModified\":\"2025-12-01T08:08:11+00:00\",\"mainEntityOfPage\":{\"@id\":\"https:\/\/www.sonnenseite.com\/de\/zukunft\/warum-wir-jetzt-die-generation-zukunft-zum-weltthema-nr-1-machen-muessen\/\"},\"wordCount\":587,\"publisher\":{\"@id\":\"https:\/\/www.sonnenseite.com\/de\/#organization\"},\"image\":{\"@id\":\"https:\/\/www.sonnenseite.com\/de\/zukunft\/warum-wir-jetzt-die-generation-zukunft-zum-weltthema-nr-1-machen-muessen\/#primaryimage\"},\"thumbnailUrl\":\"https:\/\/www.sonnenseite.com\/wp-content\/uploads\/2025\/11\/Nobelpreis-2026-fuer-Generation-Zukunft01.png\",\"articleSection\":[\"Zukunft\"],\"inLanguage\":\"de\"},{\"@type\":\"WebPage\",\"@id\":\"https:\/\/www.sonnenseite.com\/de\/zukunft\/warum-wir-jetzt-die-generation-zukunft-zum-weltthema-nr-1-machen-muessen\/\",\"url\":\"https:\/\/www.sonnenseite.com\/de\/zukunft\/warum-wir-jetzt-die-generation-zukunft-zum-weltthema-nr-1-machen-muessen\/\",\"name\":\"Warum wir jetzt die GENERATION ZUKUNFT zum Weltthema Nr. 1 machen m\u00fcssen - Sonnenseite - \u00d6kologische Kommunikation mit Franz Alt\",\"isPartOf\":{\"@id\":\"https:\/\/www.sonnenseite.com\/de\/#website\"},\"primaryImageOfPage\":{\"@id\":\"https:\/\/www.sonnenseite.com\/de\/zukunft\/warum-wir-jetzt-die-generation-zukunft-zum-weltthema-nr-1-machen-muessen\/#primaryimage\"},\"image\":{\"@id\":\"https:\/\/www.sonnenseite.com\/de\/zukunft\/warum-wir-jetzt-die-generation-zukunft-zum-weltthema-nr-1-machen-muessen\/#primaryimage\"},\"thumbnailUrl\":\"https:\/\/www.sonnenseite.com\/wp-content\/uploads\/2025\/11\/Nobelpreis-2026-fuer-Generation-Zukunft01.png\",\"datePublished\":\"2025-11-30T12:49:35+00:00\",\"dateModified\":\"2025-12-01T08:08:11+00:00\",\"description\":\"Dank der Idee von Bernhard Hanel haben wir jetzt alle und gemeinsam die Chance, Stimmgeberin und Geburtshelfer einer historischen Chance zu werden, ja,\",\"breadcrumb\":{\"@id\":\"https:\/\/www.sonnenseite.com\/de\/zukunft\/warum-wir-jetzt-die-generation-zukunft-zum-weltthema-nr-1-machen-muessen\/#breadcrumb\"},\"inLanguage\":\"de\",\"potentialAction\":[{\"@type\":\"ReadAction\",\"target\":[\"https:\/\/www.sonnenseite.com\/de\/zukunft\/warum-wir-jetzt-die-generation-zukunft-zum-weltthema-nr-1-machen-muessen\/\"]}]},{\"@type\":\"ImageObject\",\"inLanguage\":\"de\",\"@id\":\"https:\/\/www.sonnenseite.com\/de\/zukunft\/warum-wir-jetzt-die-generation-zukunft-zum-weltthema-nr-1-machen-muessen\/#primaryimage\",\"url\":\"https:\/\/www.sonnenseite.com\/wp-content\/uploads\/2025\/11\/Nobelpreis-2026-fuer-Generation-Zukunft01.png\",\"contentUrl\":\"https:\/\/www.sonnenseite.com\/wp-content\/uploads\/2025\/11\/Nobelpreis-2026-fuer-Generation-Zukunft01.png\",\"width\":1137,\"height\":639,\"caption\":\"Julia Corona, Spreadwings\"},{\"@type\":\"BreadcrumbList\",\"@id\":\"https:\/\/www.sonnenseite.com\/de\/zukunft\/warum-wir-jetzt-die-generation-zukunft-zum-weltthema-nr-1-machen-muessen\/#breadcrumb\",\"itemListElement\":[{\"@type\":\"ListItem\",\"position\":1,\"name\":\"Startseite\",\"item\":\"https:\/\/www.sonnenseite.com\/de\/\"},{\"@type\":\"ListItem\",\"position\":2,\"name\":\"Warum wir jetzt die GENERATION ZUKUNFT zum Weltthema Nr. 1 machen m\u00fcssen\"}]},{\"@type\":\"WebSite\",\"@id\":\"https:\/\/www.sonnenseite.com\/de\/#website\",\"url\":\"https:\/\/www.sonnenseite.com\/de\/\",\"name\":\"Sonnenseite\",\"description\":\"\u00d6kologische Kommunikation mit Franz Alt\",\"publisher\":{\"@id\":\"https:\/\/www.sonnenseite.com\/de\/#organization\"},\"potentialAction\":[{\"@type\":\"SearchAction\",\"target\":{\"@type\":\"EntryPoint\",\"urlTemplate\":\"https:\/\/www.sonnenseite.com\/de\/?s={search_term_string}\"},\"query-input\":{\"@type\":\"PropertyValueSpecification\",\"valueRequired\":true,\"valueName\":\"search_term_string\"}}],\"inLanguage\":\"de\"},{\"@type\":\"Organization\",\"@id\":\"https:\/\/www.sonnenseite.com\/de\/#organization\",\"name\":\"Sonnenseite\",\"url\":\"https:\/\/www.sonnenseite.com\/de\/\",\"logo\":{\"@type\":\"ImageObject\",\"inLanguage\":\"de\",\"@id\":\"https:\/\/www.sonnenseite.com\/de\/#\/schema\/logo\/image\/\",\"url\":\"https:\/\/www.sonnenseite.com\/wp-content\/uploads\/2020\/05\/Sonnenseite_Logo.png\",\"contentUrl\":\"https:\/\/www.sonnenseite.com\/wp-content\/uploads\/2020\/05\/Sonnenseite_Logo.png\",\"width\":377,\"height\":90,\"caption\":\"Sonnenseite\"},\"image\":{\"@id\":\"https:\/\/www.sonnenseite.com\/de\/#\/schema\/logo\/image\/\"},\"sameAs\":[\"https:\/\/www.facebook.com\/pages\/Franz-Alt-SONNENSEITECOM\/221072987903953?fref=ts\",\"https:\/\/x.com\/franzalt\",\"http:\/\/www.youtube.com\/results?search_query&amp;amp;quot;franz_alt&amp;amp;quot;&amp;amp;amp;amp;search_type&amp;amp;amp;amp;aq=f\"]},{\"@type\":\"Person\",\"@id\":\"https:\/\/www.sonnenseite.com\/de\/#\/schema\/person\/50fda0e926597684c7cc6695238a4eb9\",\"name\":\"Bigi Alt\"}]}<\/script>\n<!-- \/ Yoast SEO plugin. -->","yoast_head_json":{"title":"Warum wir jetzt die GENERATION ZUKUNFT zum Weltthema Nr. 1 machen m\u00fcssen - Sonnenseite - \u00d6kologische Kommunikation mit Franz Alt","description":"Dank der Idee von Bernhard Hanel haben wir jetzt alle und gemeinsam die Chance, Stimmgeberin und Geburtshelfer einer historischen Chance zu werden, ja,","robots":{"index":"index","follow":"follow","max-snippet":"max-snippet:-1","max-image-preview":"max-image-preview:large","max-video-preview":"max-video-preview:-1"},"canonical":"https:\/\/www.sonnenseite.com\/de\/zukunft\/warum-wir-jetzt-die-generation-zukunft-zum-weltthema-nr-1-machen-muessen\/","og_locale":"de_DE","og_type":"article","og_title":"Warum wir jetzt die GENERATION ZUKUNFT zum Weltthema Nr. 1 machen m\u00fcssen - Sonnenseite - \u00d6kologische Kommunikation mit Franz Alt","og_description":"Dank der Idee von Bernhard Hanel haben wir jetzt alle und gemeinsam die Chance, Stimmgeberin und Geburtshelfer einer historischen Chance zu werden, ja,","og_url":"https:\/\/www.sonnenseite.com\/de\/zukunft\/warum-wir-jetzt-die-generation-zukunft-zum-weltthema-nr-1-machen-muessen\/","og_site_name":"Sonnenseite","article_publisher":"https:\/\/www.facebook.com\/pages\/Franz-Alt-SONNENSEITECOM\/221072987903953?fref=ts","article_published_time":"2025-11-30T12:49:35+00:00","article_modified_time":"2025-12-01T08:08:11+00:00","og_image":[{"width":1137,"height":639,"url":"https:\/\/www.sonnenseite.com\/wp-content\/uploads\/2025\/11\/Nobelpreis-2026-fuer-Generation-Zukunft01.png","type":"image\/png"}],"author":"Bigi Alt","twitter_card":"summary_large_image","twitter_creator":"@franzalt","twitter_site":"@franzalt","twitter_misc":{"Verfasst von":"Bigi Alt","Gesch\u00e4tzte Lesezeit":"4\u00a0Minuten"},"schema":{"@context":"https:\/\/schema.org","@graph":[{"@type":"Article","@id":"https:\/\/www.sonnenseite.com\/de\/zukunft\/warum-wir-jetzt-die-generation-zukunft-zum-weltthema-nr-1-machen-muessen\/#article","isPartOf":{"@id":"https:\/\/www.sonnenseite.com\/de\/zukunft\/warum-wir-jetzt-die-generation-zukunft-zum-weltthema-nr-1-machen-muessen\/"},"author":{"name":"Bigi Alt","@id":"https:\/\/www.sonnenseite.com\/de\/#\/schema\/person\/50fda0e926597684c7cc6695238a4eb9"},"headline":"Warum wir jetzt die GENERATION ZUKUNFT zum Weltthema Nr. 1 machen m\u00fcssen","datePublished":"2025-11-30T12:49:35+00:00","dateModified":"2025-12-01T08:08:11+00:00","mainEntityOfPage":{"@id":"https:\/\/www.sonnenseite.com\/de\/zukunft\/warum-wir-jetzt-die-generation-zukunft-zum-weltthema-nr-1-machen-muessen\/"},"wordCount":587,"publisher":{"@id":"https:\/\/www.sonnenseite.com\/de\/#organization"},"image":{"@id":"https:\/\/www.sonnenseite.com\/de\/zukunft\/warum-wir-jetzt-die-generation-zukunft-zum-weltthema-nr-1-machen-muessen\/#primaryimage"},"thumbnailUrl":"https:\/\/www.sonnenseite.com\/wp-content\/uploads\/2025\/11\/Nobelpreis-2026-fuer-Generation-Zukunft01.png","articleSection":["Zukunft"],"inLanguage":"de"},{"@type":"WebPage","@id":"https:\/\/www.sonnenseite.com\/de\/zukunft\/warum-wir-jetzt-die-generation-zukunft-zum-weltthema-nr-1-machen-muessen\/","url":"https:\/\/www.sonnenseite.com\/de\/zukunft\/warum-wir-jetzt-die-generation-zukunft-zum-weltthema-nr-1-machen-muessen\/","name":"Warum wir jetzt die GENERATION ZUKUNFT zum Weltthema Nr. 1 machen m\u00fcssen - Sonnenseite - \u00d6kologische Kommunikation mit Franz Alt","isPartOf":{"@id":"https:\/\/www.sonnenseite.com\/de\/#website"},"primaryImageOfPage":{"@id":"https:\/\/www.sonnenseite.com\/de\/zukunft\/warum-wir-jetzt-die-generation-zukunft-zum-weltthema-nr-1-machen-muessen\/#primaryimage"},"image":{"@id":"https:\/\/www.sonnenseite.com\/de\/zukunft\/warum-wir-jetzt-die-generation-zukunft-zum-weltthema-nr-1-machen-muessen\/#primaryimage"},"thumbnailUrl":"https:\/\/www.sonnenseite.com\/wp-content\/uploads\/2025\/11\/Nobelpreis-2026-fuer-Generation-Zukunft01.png","datePublished":"2025-11-30T12:49:35+00:00","dateModified":"2025-12-01T08:08:11+00:00","description":"Dank der Idee von Bernhard Hanel haben wir jetzt alle und gemeinsam die Chance, Stimmgeberin und Geburtshelfer einer historischen Chance zu werden, ja,","breadcrumb":{"@id":"https:\/\/www.sonnenseite.com\/de\/zukunft\/warum-wir-jetzt-die-generation-zukunft-zum-weltthema-nr-1-machen-muessen\/#breadcrumb"},"inLanguage":"de","potentialAction":[{"@type":"ReadAction","target":["https:\/\/www.sonnenseite.com\/de\/zukunft\/warum-wir-jetzt-die-generation-zukunft-zum-weltthema-nr-1-machen-muessen\/"]}]},{"@type":"ImageObject","inLanguage":"de","@id":"https:\/\/www.sonnenseite.com\/de\/zukunft\/warum-wir-jetzt-die-generation-zukunft-zum-weltthema-nr-1-machen-muessen\/#primaryimage","url":"https:\/\/www.sonnenseite.com\/wp-content\/uploads\/2025\/11\/Nobelpreis-2026-fuer-Generation-Zukunft01.png","contentUrl":"https:\/\/www.sonnenseite.com\/wp-content\/uploads\/2025\/11\/Nobelpreis-2026-fuer-Generation-Zukunft01.png","width":1137,"height":639,"caption":"Julia Corona, Spreadwings"},{"@type":"BreadcrumbList","@id":"https:\/\/www.sonnenseite.com\/de\/zukunft\/warum-wir-jetzt-die-generation-zukunft-zum-weltthema-nr-1-machen-muessen\/#breadcrumb","itemListElement":[{"@type":"ListItem","position":1,"name":"Startseite","item":"https:\/\/www.sonnenseite.com\/de\/"},{"@type":"ListItem","position":2,"name":"Warum wir jetzt die GENERATION ZUKUNFT zum Weltthema Nr. 1 machen m\u00fcssen"}]},{"@type":"WebSite","@id":"https:\/\/www.sonnenseite.com\/de\/#website","url":"https:\/\/www.sonnenseite.com\/de\/","name":"Sonnenseite","description":"\u00d6kologische Kommunikation mit Franz Alt","publisher":{"@id":"https:\/\/www.sonnenseite.com\/de\/#organization"},"potentialAction":[{"@type":"SearchAction","target":{"@type":"EntryPoint","urlTemplate":"https:\/\/www.sonnenseite.com\/de\/?s={search_term_string}"},"query-input":{"@type":"PropertyValueSpecification","valueRequired":true,"valueName":"search_term_string"}}],"inLanguage":"de"},{"@type":"Organization","@id":"https:\/\/www.sonnenseite.com\/de\/#organization","name":"Sonnenseite","url":"https:\/\/www.sonnenseite.com\/de\/","logo":{"@type":"ImageObject","inLanguage":"de","@id":"https:\/\/www.sonnenseite.com\/de\/#\/schema\/logo\/image\/","url":"https:\/\/www.sonnenseite.com\/wp-content\/uploads\/2020\/05\/Sonnenseite_Logo.png","contentUrl":"https:\/\/www.sonnenseite.com\/wp-content\/uploads\/2020\/05\/Sonnenseite_Logo.png","width":377,"height":90,"caption":"Sonnenseite"},"image":{"@id":"https:\/\/www.sonnenseite.com\/de\/#\/schema\/logo\/image\/"},"sameAs":["https:\/\/www.facebook.com\/pages\/Franz-Alt-SONNENSEITECOM\/221072987903953?fref=ts","https:\/\/x.com\/franzalt","http:\/\/www.youtube.com\/results?search_query&amp;amp;quot;franz_alt&amp;amp;quot;&amp;amp;amp;amp;search_type&amp;amp;amp;amp;aq=f"]},{"@type":"Person","@id":"https:\/\/www.sonnenseite.com\/de\/#\/schema\/person\/50fda0e926597684c7cc6695238a4eb9","name":"Bigi Alt"}]}},"_links":{"self":[{"href":"https:\/\/www.sonnenseite.com\/de\/wp-json\/wp\/v2\/posts\/111202","targetHints":{"allow":["GET"]}}],"collection":[{"href":"https:\/\/www.sonnenseite.com\/de\/wp-json\/wp\/v2\/posts"}],"about":[{"href":"https:\/\/www.sonnenseite.com\/de\/wp-json\/wp\/v2\/types\/post"}],"author":[{"embeddable":true,"href":"https:\/\/www.sonnenseite.com\/de\/wp-json\/wp\/v2\/users\/3"}],"replies":[{"embeddable":true,"href":"https:\/\/www.sonnenseite.com\/de\/wp-json\/wp\/v2\/comments?post=111202"}],"version-history":[{"count":5,"href":"https:\/\/www.sonnenseite.com\/de\/wp-json\/wp\/v2\/posts\/111202\/revisions"}],"predecessor-version":[{"id":111211,"href":"https:\/\/www.sonnenseite.com\/de\/wp-json\/wp\/v2\/posts\/111202\/revisions\/111211"}],"wp:featuredmedia":[{"embeddable":true,"href":"https:\/\/www.sonnenseite.com\/de\/wp-json\/wp\/v2\/media\/111208"}],"wp:attachment":[{"href":"https:\/\/www.sonnenseite.com\/de\/wp-json\/wp\/v2\/media?parent=111202"}],"wp:term":[{"taxonomy":"category","embeddable":true,"href":"https:\/\/www.sonnenseite.com\/de\/wp-json\/wp\/v2\/categories?post=111202"},{"taxonomy":"post_tag","embeddable":true,"href":"https:\/\/www.sonnenseite.com\/de\/wp-json\/wp\/v2\/tags?post=111202"}],"curies":[{"name":"wp","href":"https:\/\/api.w.org\/{rel}","templated":true}]}}