{"id":111234,"date":"2025-12-06T17:54:46","date_gmt":"2025-12-06T16:54:46","guid":{"rendered":"https:\/\/www.sonnenseite.com\/?p=111234"},"modified":"2025-12-23T13:16:13","modified_gmt":"2025-12-23T12:16:13","slug":"warum-steht-sich-friedrich-merz-selbst-im-weg","status":"publish","type":"post","link":"https:\/\/www.sonnenseite.com\/de\/franz-alt\/kommentare-interviews\/warum-steht-sich-friedrich-merz-selbst-im-weg\/","title":{"rendered":"Warum steht sich Friedrich Merz selbst im Weg?"},"content":{"rendered":"\n<p>Die Krise der deutschen Automobilwirtschaft ist offensichtlich. Sie hat viel zu lange die Elektromobilit\u00e4t verschlafen. Und damit der Konkurrenz von Tesla und China die Zukunft leichtfertig \u00fcberlassen. Erst heute sagen auch deutsche Automanager uneingeschr\u00e4nkt: \u201eDie Zukunft f\u00e4hrt elektrisch.\u201c<\/p>\n\n\n\n<p>Immerhin hat die Europ\u00e4ische Union schon vor Jahren beschlossen, dass ab 2035 keine Verbrenner- oder Diesel-Autos mehr zugelassen werden. Auch Bundeskanzler Merz schreibt jetzt in einem Brief an die EU-Chefin Ursula von der Leyen w\u00f6rtlich: \u201eDie Elektromobilit\u00e4t ist die zentrale Zukunftstechnologie auf dem Weg zur Klimaneutralit\u00e4t.\u201c So weit, so gut. Nur: Wie ernst meint Merz diesen Satz selbst?<\/p>\n\n\n\n<p>Im selben Brief an die EU-Kommissarin verlangt der Kanzler zugleich das genaue Gegenteil, n\u00e4mlich: Die EU m\u00f6ge das Verbrenner-Aus im Jahr 2035 \u00fcberdenken und aufweichen. Zugleich verlangt er \u201emehr Flexibilit\u00e4t und Technologieoffenheit\u201c. <\/p>\n\n\n\n<p>W\u00f6rtlich schreibt der Bundeskanzler: \u201eZum einen sollten nach 2035 neben rein batterieelektrischen Fahrzeugen auch weiterhin Autos, die einen doppelten Antrieb haben, bestehend aus Batterieantrieb und Verbrenner, neu zugelassen werden, sofern die verbleibenden Emissionen im Automobil- und Kraftstoffsektor ausgeglichen werden.\u201c Womit ausgeglichen, l\u00e4sst er offen. \u00a0Zudem m\u00fcssten auch nach 2035 erg\u00e4nzende \u00dcbergangstechnologien wie Plug-in-Hybrid-Fahrzeuge (PHEV), Elektrofahrzeuge mit Range-Extender (EREV) und \u201ehocheffiziente Verbrenner\u201c zugelassen werden.<\/p>\n\n\n\n<p>Lieber Friedrich Merz: Mit diesen Widerspr\u00fcchen schaffen Sie keinen \u201cHerbst der Reformen\u201c, sondern weitere Jahre der Unsicherheiten f\u00fcr die deutsche und europ\u00e4ische Autoindustrie. Sie schaden mit diesem Zick-Zack-Kurs den Autobauern, gef\u00e4hrden deren Jobs und setzen die deutschen Klimaziele aufs Spiel. &nbsp;Warum, Herr Merz, stehen Sie sich wieder einmal selbst im Weg?<\/p>\n\n\n\n<p>Die <a href=\"https:\/\/www.sueddeutsche.de\/politik\/automobilbranche-merz-werden-an-sturem-verbrennerverbot-nicht-festhalten-dpa.urn-newsml-dpa-com-20090101-251129-930-358473\">S\u00fcddeutsche Zeitung<\/a> schreibt dazu: \u201eUnter dem Deckmantel der Wettbewerbsf\u00e4higkeit schie\u00dft er so den Klimaschutz in der EU sturmreif.\u201c<\/p>\n\n\n\n<p>Die hiesige Autoindustrie hat die Zukunft des Autos lange genug verschlafen. Mit dem Ergebnis, dass jetzt Millionen Jobs in Frage stehen. Aber genau in diesem Augenblick, wo dieser wichtige Industriezweig am Aufwachen ist, schie\u00dft der deutsche Bundeskanzler quer und ein Eigentor. Die deutschen Autobauer sind doch exakt deshalb in der Krise, weil sie viel zu lange auf den \u201eeffizienten Verbrenner\u201c gesetzt haben, den Merz jetzt noch l\u00e4nger als bis 2035 bauen und fahren lassen will.<\/p>\n\n\n\n<p>Der Bundeskanzler hat einmal geschworen, \u201eSchaden vom deutschen Volk abzuwenden\u201c. Doch genau diesen Schaden richtet er jetzt mit seiner vorgestrigen Autopolitik an. Paradoxerweise schreibt er auch noch selbst \u2013 man muss es wiederholen: \u201eDie Elektromobilit\u00e4t ist die zentrale Zukunftstechnologie auf dem Weg zur Klimaneutralit\u00e4t.\u201c<\/p>\n\n\n\n<p>Friedrich Merz, h\u00f6ren Sie doch bitte endlich damit auf, uns das M\u00e4rchen vom \u201ehocheffizienten Verbrenner\u201c zu erz\u00e4hlen. Alle Fachleute erkl\u00e4ren uns, dass die Verbrenner kaum noch effizienter werden k\u00f6nnen. Statt Nostalgie zu verbreiten sollten Sie endlich auf zukunftsf\u00e4hige Politik setzen. \u00a0<\/p>\n\n\n\n<p>Den \u201ehocheffizienten Verbrenner\u201c wird es nie geben. Ein Liter Sprit <a href=\"https:\/\/www.sonnenseite.com\/de\/umwelt\/jaehrlich-knapp-60-000-todesfaelle-durch-feinstaub-und-23-000-durch-stickstoffdioxid\/\">verpestet<\/a> ca. 10.000 Liter Luft. Verbrenner und Diesel verbrauchen seit mindestens 15 Jahren im Schnitt 7.4 Liter f\u00fcr 100 Kilometer. Die Verbrenner-Effizienz-Apostel sagen selbst, dass sie inzwischen mit ihrem Latein am Ende sind so wie jetzt sogar der <a href=\"https:\/\/www.sueddeutsche.de\/kultur\/vatikan-latein-amtssprache-abschaffung-li.3344600?reduced=true\">Vatikan mit seinem Latein am Ende<\/a> ist.<\/p>\n\n\n<h5 class=\"green\">Quelle<\/h5>\r\n\n\n\n<p><a href=\"mailto:franzalt@sonnenseite.com\">Franz Alt 2025<\/a><\/p>\n<div class=\"shariff shariff-align-flex-start shariff-widget-align-flex-start\"><div class=\"ShariffHeadline\">Diese Meldung teilen<\/div><ul class=\"shariff-buttons theme-round orientation-horizontal buttonsize-medium\"><li class=\"shariff-button facebook shariff-nocustomcolor\" style=\"background-color:#4273c8;border-radius:1%\"><a href=\"https:\/\/www.facebook.com\/sharer\/sharer.php?u=https%3A%2F%2Fwww.sonnenseite.com%2Fde%2Ffranz-alt%2Fkommentare-interviews%2Fwarum-steht-sich-friedrich-merz-selbst-im-weg%2F\" title=\"Bei Facebook teilen\" aria-label=\"Bei Facebook teilen\" role=\"button\" rel=\"nofollow\" class=\"shariff-link\" style=\";border-radius:1%; background-color:#3b5998; color:#fff\" target=\"_blank\"><span class=\"shariff-icon\" style=\"\"><svg width=\"32px\" height=\"20px\" xmlns=\"http:\/\/www.w3.org\/2000\/svg\" viewBox=\"0 0 18 32\"><path fill=\"#3b5998\" d=\"M17.1 0.2v4.7h-2.8q-1.5 0-2.1 0.6t-0.5 1.9v3.4h5.2l-0.7 5.3h-4.5v13.6h-5.5v-13.6h-4.5v-5.3h4.5v-3.9q0-3.3 1.9-5.2t5-1.8q2.6 0 4.1 0.2z\"\/><\/svg><\/span><\/a><\/li><li class=\"shariff-button twitter shariff-nocustomcolor\" style=\"background-color:#595959;border-radius:1%\"><a href=\"https:\/\/twitter.com\/share?url=https%3A%2F%2Fwww.sonnenseite.com%2Fde%2Ffranz-alt%2Fkommentare-interviews%2Fwarum-steht-sich-friedrich-merz-selbst-im-weg%2F&text=Warum%20steht%20sich%20Friedrich%20Merz%20selbst%20im%20Weg%3F\" title=\"Bei X teilen\" aria-label=\"Bei X teilen\" role=\"button\" rel=\"noopener nofollow\" class=\"shariff-link\" style=\";border-radius:1%; background-color:#000; color:#fff\" target=\"_blank\"><span class=\"shariff-icon\" style=\"\"><svg width=\"32px\" height=\"20px\" xmlns=\"http:\/\/www.w3.org\/2000\/svg\" viewBox=\"0 0 24 24\"><path fill=\"#000\" d=\"M14.258 10.152L23.176 0h-2.113l-7.747 8.813L7.133 0H0l9.352 13.328L0 23.973h2.113l8.176-9.309 6.531 9.309h7.133zm-2.895 3.293l-.949-1.328L2.875 1.56h3.246l6.086 8.523.945 1.328 7.91 11.078h-3.246zm0 0\"\/><\/svg><\/span><\/a><\/li><li class=\"shariff-button xing shariff-nocustomcolor\" style=\"background-color:#29888a;border-radius:1%\"><a href=\"https:\/\/www.xing.com\/spi\/shares\/new?url=https%3A%2F%2Fwww.sonnenseite.com%2Fde%2Ffranz-alt%2Fkommentare-interviews%2Fwarum-steht-sich-friedrich-merz-selbst-im-weg%2F\" title=\"Bei XING teilen\" aria-label=\"Bei XING teilen\" role=\"button\" rel=\"noopener nofollow\" class=\"shariff-link\" style=\";border-radius:1%; background-color:#126567; color:#fff\" target=\"_blank\"><span class=\"shariff-icon\" style=\"\"><svg width=\"32px\" height=\"20px\" xmlns=\"http:\/\/www.w3.org\/2000\/svg\" viewBox=\"0 0 25 32\"><path fill=\"#126567\" d=\"M10.7 11.9q-0.2 0.3-4.6 8.2-0.5 0.8-1.2 0.8h-4.3q-0.4 0-0.5-0.3t0-0.6l4.5-8q0 0 0 0l-2.9-5q-0.2-0.4 0-0.7 0.2-0.3 0.5-0.3h4.3q0.7 0 1.2 0.8zM25.1 0.4q0.2 0.3 0 0.7l-9.4 16.7 6 11q0.2 0.4 0 0.6-0.2 0.3-0.6 0.3h-4.3q-0.7 0-1.2-0.8l-6-11.1q0.3-0.6 9.5-16.8 0.4-0.8 1.2-0.8h4.3q0.4 0 0.5 0.3z\"\/><\/svg><\/span><\/a><\/li><li class=\"shariff-button linkedin shariff-nocustomcolor\" style=\"background-color:#1488bf;border-radius:1%\"><a href=\"https:\/\/www.linkedin.com\/sharing\/share-offsite\/?url=https%3A%2F%2Fwww.sonnenseite.com%2Fde%2Ffranz-alt%2Fkommentare-interviews%2Fwarum-steht-sich-friedrich-merz-selbst-im-weg%2F\" title=\"Bei LinkedIn teilen\" aria-label=\"Bei LinkedIn teilen\" role=\"button\" rel=\"noopener nofollow\" class=\"shariff-link\" style=\";border-radius:1%; background-color:#0077b5; color:#fff\" target=\"_blank\"><span class=\"shariff-icon\" style=\"\"><svg width=\"32px\" height=\"20px\" xmlns=\"http:\/\/www.w3.org\/2000\/svg\" viewBox=\"0 0 27 32\"><path fill=\"#0077b5\" d=\"M6.2 11.2v17.7h-5.9v-17.7h5.9zM6.6 5.7q0 1.3-0.9 2.2t-2.4 0.9h0q-1.5 0-2.4-0.9t-0.9-2.2 0.9-2.2 2.4-0.9 2.4 0.9 0.9 2.2zM27.4 18.7v10.1h-5.9v-9.5q0-1.9-0.7-2.9t-2.3-1.1q-1.1 0-1.9 0.6t-1.2 1.5q-0.2 0.5-0.2 1.4v9.9h-5.9q0-7.1 0-11.6t0-5.3l0-0.9h5.9v2.6h0q0.4-0.6 0.7-1t1-0.9 1.6-0.8 2-0.3q3 0 4.9 2t1.9 6z\"\/><\/svg><\/span><\/a><\/li><li class=\"shariff-button printer shariff-nocustomcolor\" style=\"background-color:#a8a8a8;border-radius:1%\"><a href=\"javascript:window.print()\" title=\"drucken\" aria-label=\"drucken\" role=\"button\" rel=\"noopener nofollow\" class=\"shariff-link\" style=\";border-radius:1%; background-color:#999; color:#fff\"><span class=\"shariff-icon\" style=\"\"><svg width=\"32px\" height=\"20px\" xmlns=\"http:\/\/www.w3.org\/2000\/svg\" viewBox=\"0 0 30 32\"><path fill=\"#999\" d=\"M6.8 27.4h16v-4.6h-16v4.6zM6.8 16h16v-6.8h-2.8q-0.7 0-1.2-0.5t-0.5-1.2v-2.8h-11.4v11.4zM27.4 17.2q0-0.5-0.3-0.8t-0.8-0.4-0.8 0.4-0.3 0.8 0.3 0.8 0.8 0.3 0.8-0.3 0.3-0.8zM29.7 17.2v7.4q0 0.2-0.2 0.4t-0.4 0.2h-4v2.8q0 0.7-0.5 1.2t-1.2 0.5h-17.2q-0.7 0-1.2-0.5t-0.5-1.2v-2.8h-4q-0.2 0-0.4-0.2t-0.2-0.4v-7.4q0-1.4 1-2.4t2.4-1h1.2v-9.7q0-0.7 0.5-1.2t1.2-0.5h12q0.7 0 1.6 0.4t1.3 0.8l2.7 2.7q0.5 0.5 0.9 1.4t0.4 1.6v4.6h1.1q1.4 0 2.4 1t1 2.4z\"\/><\/svg><\/span><\/a><\/li><li class=\"shariff-button mailto shariff-nocustomcolor\" style=\"background-color:#a8a8a8;border-radius:1%\"><a href=\"mailto:?body=https%3A%2F%2Fwww.sonnenseite.com%2Fde%2Ffranz-alt%2Fkommentare-interviews%2Fwarum-steht-sich-friedrich-merz-selbst-im-weg%2F&subject=Warum%20steht%20sich%20Friedrich%20Merz%20selbst%20im%20Weg%3F\" title=\"Per E-Mail versenden\" aria-label=\"Per E-Mail versenden\" role=\"button\" rel=\"noopener nofollow\" class=\"shariff-link\" style=\";border-radius:1%; background-color:#999; color:#fff\"><span class=\"shariff-icon\" style=\"\"><svg width=\"32px\" height=\"20px\" xmlns=\"http:\/\/www.w3.org\/2000\/svg\" viewBox=\"0 0 32 32\"><path fill=\"#999\" d=\"M32 12.7v14.2q0 1.2-0.8 2t-2 0.9h-26.3q-1.2 0-2-0.9t-0.8-2v-14.2q0.8 0.9 1.8 1.6 6.5 4.4 8.9 6.1 1 0.8 1.6 1.2t1.7 0.9 2 0.4h0.1q0.9 0 2-0.4t1.7-0.9 1.6-1.2q3-2.2 8.9-6.1 1-0.7 1.8-1.6zM32 7.4q0 1.4-0.9 2.7t-2.2 2.2q-6.7 4.7-8.4 5.8-0.2 0.1-0.7 0.5t-1 0.7-0.9 0.6-1.1 0.5-0.9 0.2h-0.1q-0.4 0-0.9-0.2t-1.1-0.5-0.9-0.6-1-0.7-0.7-0.5q-1.6-1.1-4.7-3.2t-3.6-2.6q-1.1-0.7-2.1-2t-1-2.5q0-1.4 0.7-2.3t2.1-0.9h26.3q1.2 0 2 0.8t0.9 2z\"\/><\/svg><\/span><\/a><\/li><\/ul><\/div>","protected":false},"excerpt":{"rendered":"<p>Die Krise der deutschen Automobilwirtschaft ist offensichtlich. Sie hat viel zu lange die Elektromobilit\u00e4t verschlafen. Und [&hellip;]<\/p>\n","protected":false},"author":3,"featured_media":106429,"comment_status":"closed","ping_status":"closed","sticky":false,"template":"","format":"standard","meta":{"inline_featured_image":false,"footnotes":""},"categories":[29],"tags":[],"class_list":["post-111234","post","type-post","status-publish","format-standard","has-post-thumbnail","hentry","category-kommentare-interviews"],"yoast_head":"<!-- This site is optimized with the Yoast SEO plugin v26.5 - https:\/\/yoast.com\/wordpress\/plugins\/seo\/ -->\n<title>Warum steht sich Friedrich Merz selbst im Weg? - Sonnenseite - \u00d6kologische Kommunikation mit Franz Alt<\/title>\n<meta name=\"description\" content=\"Die Krise der deutschen Automobilwirtschaft ist offensichtlich. Sie hat viel zu lange die Elektromobilit\u00e4t verschlafen. Und damit der Konkurrenz von Tesla\" \/>\n<meta name=\"robots\" content=\"index, follow, max-snippet:-1, max-image-preview:large, max-video-preview:-1\" \/>\n<link rel=\"canonical\" href=\"https:\/\/www.sonnenseite.com\/de\/franz-alt\/kommentare-interviews\/warum-steht-sich-friedrich-merz-selbst-im-weg\/\" \/>\n<meta property=\"og:locale\" content=\"de_DE\" \/>\n<meta property=\"og:type\" content=\"article\" \/>\n<meta property=\"og:title\" content=\"Warum steht sich Friedrich Merz selbst im Weg? - Sonnenseite - \u00d6kologische Kommunikation mit Franz Alt\" \/>\n<meta property=\"og:description\" content=\"Die Krise der deutschen Automobilwirtschaft ist offensichtlich. Sie hat viel zu lange die Elektromobilit\u00e4t verschlafen. Und damit der Konkurrenz von Tesla\" \/>\n<meta property=\"og:url\" content=\"https:\/\/www.sonnenseite.com\/de\/franz-alt\/kommentare-interviews\/warum-steht-sich-friedrich-merz-selbst-im-weg\/\" \/>\n<meta property=\"og:site_name\" content=\"Sonnenseite\" \/>\n<meta property=\"article:publisher\" content=\"https:\/\/www.facebook.com\/pages\/Franz-Alt-SONNENSEITECOM\/221072987903953?fref=ts\" \/>\n<meta property=\"article:published_time\" content=\"2025-12-06T16:54:46+00:00\" \/>\n<meta property=\"article:modified_time\" content=\"2025-12-23T12:16:13+00:00\" \/>\n<meta property=\"og:image\" content=\"https:\/\/www.sonnenseite.com\/wp-content\/uploads\/2025\/04\/FriedrichMerz_PR-PhotoDesign.jpg\" \/>\n\t<meta property=\"og:image:width\" content=\"770\" \/>\n\t<meta property=\"og:image:height\" content=\"420\" \/>\n\t<meta property=\"og:image:type\" content=\"image\/jpeg\" \/>\n<meta name=\"author\" content=\"Bigi Alt\" \/>\n<meta name=\"twitter:card\" content=\"summary_large_image\" \/>\n<meta name=\"twitter:creator\" content=\"@franzalt\" \/>\n<meta name=\"twitter:site\" content=\"@franzalt\" \/>\n<meta name=\"twitter:label1\" content=\"Verfasst von\" \/>\n\t<meta name=\"twitter:data1\" content=\"Bigi Alt\" \/>\n\t<meta name=\"twitter:label2\" content=\"Gesch\u00e4tzte Lesezeit\" \/>\n\t<meta name=\"twitter:data2\" content=\"3\u00a0Minuten\" \/>\n<script type=\"application\/ld+json\" class=\"yoast-schema-graph\">{\"@context\":\"https:\/\/schema.org\",\"@graph\":[{\"@type\":\"Article\",\"@id\":\"https:\/\/www.sonnenseite.com\/de\/franz-alt\/kommentare-interviews\/warum-steht-sich-friedrich-merz-selbst-im-weg\/#article\",\"isPartOf\":{\"@id\":\"https:\/\/www.sonnenseite.com\/de\/franz-alt\/kommentare-interviews\/warum-steht-sich-friedrich-merz-selbst-im-weg\/\"},\"author\":{\"name\":\"Bigi Alt\",\"@id\":\"https:\/\/www.sonnenseite.com\/de\/#\/schema\/person\/50fda0e926597684c7cc6695238a4eb9\"},\"headline\":\"Warum steht sich Friedrich Merz selbst im Weg?\",\"datePublished\":\"2025-12-06T16:54:46+00:00\",\"dateModified\":\"2025-12-23T12:16:13+00:00\",\"mainEntityOfPage\":{\"@id\":\"https:\/\/www.sonnenseite.com\/de\/franz-alt\/kommentare-interviews\/warum-steht-sich-friedrich-merz-selbst-im-weg\/\"},\"wordCount\":508,\"publisher\":{\"@id\":\"https:\/\/www.sonnenseite.com\/de\/#organization\"},\"image\":{\"@id\":\"https:\/\/www.sonnenseite.com\/de\/franz-alt\/kommentare-interviews\/warum-steht-sich-friedrich-merz-selbst-im-weg\/#primaryimage\"},\"thumbnailUrl\":\"https:\/\/www.sonnenseite.com\/wp-content\/uploads\/2025\/04\/FriedrichMerz_PR-PhotoDesign.jpg\",\"articleSection\":[\"Kommentare &amp; Interviews\"],\"inLanguage\":\"de\"},{\"@type\":\"WebPage\",\"@id\":\"https:\/\/www.sonnenseite.com\/de\/franz-alt\/kommentare-interviews\/warum-steht-sich-friedrich-merz-selbst-im-weg\/\",\"url\":\"https:\/\/www.sonnenseite.com\/de\/franz-alt\/kommentare-interviews\/warum-steht-sich-friedrich-merz-selbst-im-weg\/\",\"name\":\"Warum steht sich Friedrich Merz selbst im Weg? - Sonnenseite - \u00d6kologische Kommunikation mit Franz Alt\",\"isPartOf\":{\"@id\":\"https:\/\/www.sonnenseite.com\/de\/#website\"},\"primaryImageOfPage\":{\"@id\":\"https:\/\/www.sonnenseite.com\/de\/franz-alt\/kommentare-interviews\/warum-steht-sich-friedrich-merz-selbst-im-weg\/#primaryimage\"},\"image\":{\"@id\":\"https:\/\/www.sonnenseite.com\/de\/franz-alt\/kommentare-interviews\/warum-steht-sich-friedrich-merz-selbst-im-weg\/#primaryimage\"},\"thumbnailUrl\":\"https:\/\/www.sonnenseite.com\/wp-content\/uploads\/2025\/04\/FriedrichMerz_PR-PhotoDesign.jpg\",\"datePublished\":\"2025-12-06T16:54:46+00:00\",\"dateModified\":\"2025-12-23T12:16:13+00:00\",\"description\":\"Die Krise der deutschen Automobilwirtschaft ist offensichtlich. Sie hat viel zu lange die Elektromobilit\u00e4t verschlafen. Und damit der Konkurrenz von Tesla\",\"breadcrumb\":{\"@id\":\"https:\/\/www.sonnenseite.com\/de\/franz-alt\/kommentare-interviews\/warum-steht-sich-friedrich-merz-selbst-im-weg\/#breadcrumb\"},\"inLanguage\":\"de\",\"potentialAction\":[{\"@type\":\"ReadAction\",\"target\":[\"https:\/\/www.sonnenseite.com\/de\/franz-alt\/kommentare-interviews\/warum-steht-sich-friedrich-merz-selbst-im-weg\/\"]}]},{\"@type\":\"ImageObject\",\"inLanguage\":\"de\",\"@id\":\"https:\/\/www.sonnenseite.com\/de\/franz-alt\/kommentare-interviews\/warum-steht-sich-friedrich-merz-selbst-im-weg\/#primaryimage\",\"url\":\"https:\/\/www.sonnenseite.com\/wp-content\/uploads\/2025\/04\/FriedrichMerz_PR-PhotoDesign.jpg\",\"contentUrl\":\"https:\/\/www.sonnenseite.com\/wp-content\/uploads\/2025\/04\/FriedrichMerz_PR-PhotoDesign.jpg\",\"width\":770,\"height\":420,\"caption\":\"Depositphotos.com | PR-PhotoDesign | Bundeskanzler Friedrich Merz\"},{\"@type\":\"BreadcrumbList\",\"@id\":\"https:\/\/www.sonnenseite.com\/de\/franz-alt\/kommentare-interviews\/warum-steht-sich-friedrich-merz-selbst-im-weg\/#breadcrumb\",\"itemListElement\":[{\"@type\":\"ListItem\",\"position\":1,\"name\":\"Startseite\",\"item\":\"https:\/\/www.sonnenseite.com\/de\/\"},{\"@type\":\"ListItem\",\"position\":2,\"name\":\"Warum steht sich Friedrich Merz selbst im Weg?\"}]},{\"@type\":\"WebSite\",\"@id\":\"https:\/\/www.sonnenseite.com\/de\/#website\",\"url\":\"https:\/\/www.sonnenseite.com\/de\/\",\"name\":\"Sonnenseite\",\"description\":\"\u00d6kologische Kommunikation mit Franz Alt\",\"publisher\":{\"@id\":\"https:\/\/www.sonnenseite.com\/de\/#organization\"},\"potentialAction\":[{\"@type\":\"SearchAction\",\"target\":{\"@type\":\"EntryPoint\",\"urlTemplate\":\"https:\/\/www.sonnenseite.com\/de\/?s={search_term_string}\"},\"query-input\":{\"@type\":\"PropertyValueSpecification\",\"valueRequired\":true,\"valueName\":\"search_term_string\"}}],\"inLanguage\":\"de\"},{\"@type\":\"Organization\",\"@id\":\"https:\/\/www.sonnenseite.com\/de\/#organization\",\"name\":\"Sonnenseite\",\"url\":\"https:\/\/www.sonnenseite.com\/de\/\",\"logo\":{\"@type\":\"ImageObject\",\"inLanguage\":\"de\",\"@id\":\"https:\/\/www.sonnenseite.com\/de\/#\/schema\/logo\/image\/\",\"url\":\"https:\/\/www.sonnenseite.com\/wp-content\/uploads\/2020\/05\/Sonnenseite_Logo.png\",\"contentUrl\":\"https:\/\/www.sonnenseite.com\/wp-content\/uploads\/2020\/05\/Sonnenseite_Logo.png\",\"width\":377,\"height\":90,\"caption\":\"Sonnenseite\"},\"image\":{\"@id\":\"https:\/\/www.sonnenseite.com\/de\/#\/schema\/logo\/image\/\"},\"sameAs\":[\"https:\/\/www.facebook.com\/pages\/Franz-Alt-SONNENSEITECOM\/221072987903953?fref=ts\",\"https:\/\/x.com\/franzalt\",\"http:\/\/www.youtube.com\/results?search_query&amp;amp;quot;franz_alt&amp;amp;quot;&amp;amp;amp;amp;search_type&amp;amp;amp;amp;aq=f\"]},{\"@type\":\"Person\",\"@id\":\"https:\/\/www.sonnenseite.com\/de\/#\/schema\/person\/50fda0e926597684c7cc6695238a4eb9\",\"name\":\"Bigi Alt\"}]}<\/script>\n<!-- \/ Yoast SEO plugin. -->","yoast_head_json":{"title":"Warum steht sich Friedrich Merz selbst im Weg? - Sonnenseite - \u00d6kologische Kommunikation mit Franz Alt","description":"Die Krise der deutschen Automobilwirtschaft ist offensichtlich. Sie hat viel zu lange die Elektromobilit\u00e4t verschlafen. Und damit der Konkurrenz von Tesla","robots":{"index":"index","follow":"follow","max-snippet":"max-snippet:-1","max-image-preview":"max-image-preview:large","max-video-preview":"max-video-preview:-1"},"canonical":"https:\/\/www.sonnenseite.com\/de\/franz-alt\/kommentare-interviews\/warum-steht-sich-friedrich-merz-selbst-im-weg\/","og_locale":"de_DE","og_type":"article","og_title":"Warum steht sich Friedrich Merz selbst im Weg? - Sonnenseite - \u00d6kologische Kommunikation mit Franz Alt","og_description":"Die Krise der deutschen Automobilwirtschaft ist offensichtlich. Sie hat viel zu lange die Elektromobilit\u00e4t verschlafen. Und damit der Konkurrenz von Tesla","og_url":"https:\/\/www.sonnenseite.com\/de\/franz-alt\/kommentare-interviews\/warum-steht-sich-friedrich-merz-selbst-im-weg\/","og_site_name":"Sonnenseite","article_publisher":"https:\/\/www.facebook.com\/pages\/Franz-Alt-SONNENSEITECOM\/221072987903953?fref=ts","article_published_time":"2025-12-06T16:54:46+00:00","article_modified_time":"2025-12-23T12:16:13+00:00","og_image":[{"width":770,"height":420,"url":"https:\/\/www.sonnenseite.com\/wp-content\/uploads\/2025\/04\/FriedrichMerz_PR-PhotoDesign.jpg","type":"image\/jpeg"}],"author":"Bigi Alt","twitter_card":"summary_large_image","twitter_creator":"@franzalt","twitter_site":"@franzalt","twitter_misc":{"Verfasst von":"Bigi Alt","Gesch\u00e4tzte Lesezeit":"3\u00a0Minuten"},"schema":{"@context":"https:\/\/schema.org","@graph":[{"@type":"Article","@id":"https:\/\/www.sonnenseite.com\/de\/franz-alt\/kommentare-interviews\/warum-steht-sich-friedrich-merz-selbst-im-weg\/#article","isPartOf":{"@id":"https:\/\/www.sonnenseite.com\/de\/franz-alt\/kommentare-interviews\/warum-steht-sich-friedrich-merz-selbst-im-weg\/"},"author":{"name":"Bigi Alt","@id":"https:\/\/www.sonnenseite.com\/de\/#\/schema\/person\/50fda0e926597684c7cc6695238a4eb9"},"headline":"Warum steht sich Friedrich Merz selbst im Weg?","datePublished":"2025-12-06T16:54:46+00:00","dateModified":"2025-12-23T12:16:13+00:00","mainEntityOfPage":{"@id":"https:\/\/www.sonnenseite.com\/de\/franz-alt\/kommentare-interviews\/warum-steht-sich-friedrich-merz-selbst-im-weg\/"},"wordCount":508,"publisher":{"@id":"https:\/\/www.sonnenseite.com\/de\/#organization"},"image":{"@id":"https:\/\/www.sonnenseite.com\/de\/franz-alt\/kommentare-interviews\/warum-steht-sich-friedrich-merz-selbst-im-weg\/#primaryimage"},"thumbnailUrl":"https:\/\/www.sonnenseite.com\/wp-content\/uploads\/2025\/04\/FriedrichMerz_PR-PhotoDesign.jpg","articleSection":["Kommentare &amp; Interviews"],"inLanguage":"de"},{"@type":"WebPage","@id":"https:\/\/www.sonnenseite.com\/de\/franz-alt\/kommentare-interviews\/warum-steht-sich-friedrich-merz-selbst-im-weg\/","url":"https:\/\/www.sonnenseite.com\/de\/franz-alt\/kommentare-interviews\/warum-steht-sich-friedrich-merz-selbst-im-weg\/","name":"Warum steht sich Friedrich Merz selbst im Weg? - Sonnenseite - \u00d6kologische Kommunikation mit Franz Alt","isPartOf":{"@id":"https:\/\/www.sonnenseite.com\/de\/#website"},"primaryImageOfPage":{"@id":"https:\/\/www.sonnenseite.com\/de\/franz-alt\/kommentare-interviews\/warum-steht-sich-friedrich-merz-selbst-im-weg\/#primaryimage"},"image":{"@id":"https:\/\/www.sonnenseite.com\/de\/franz-alt\/kommentare-interviews\/warum-steht-sich-friedrich-merz-selbst-im-weg\/#primaryimage"},"thumbnailUrl":"https:\/\/www.sonnenseite.com\/wp-content\/uploads\/2025\/04\/FriedrichMerz_PR-PhotoDesign.jpg","datePublished":"2025-12-06T16:54:46+00:00","dateModified":"2025-12-23T12:16:13+00:00","description":"Die Krise der deutschen Automobilwirtschaft ist offensichtlich. Sie hat viel zu lange die Elektromobilit\u00e4t verschlafen. Und damit der Konkurrenz von Tesla","breadcrumb":{"@id":"https:\/\/www.sonnenseite.com\/de\/franz-alt\/kommentare-interviews\/warum-steht-sich-friedrich-merz-selbst-im-weg\/#breadcrumb"},"inLanguage":"de","potentialAction":[{"@type":"ReadAction","target":["https:\/\/www.sonnenseite.com\/de\/franz-alt\/kommentare-interviews\/warum-steht-sich-friedrich-merz-selbst-im-weg\/"]}]},{"@type":"ImageObject","inLanguage":"de","@id":"https:\/\/www.sonnenseite.com\/de\/franz-alt\/kommentare-interviews\/warum-steht-sich-friedrich-merz-selbst-im-weg\/#primaryimage","url":"https:\/\/www.sonnenseite.com\/wp-content\/uploads\/2025\/04\/FriedrichMerz_PR-PhotoDesign.jpg","contentUrl":"https:\/\/www.sonnenseite.com\/wp-content\/uploads\/2025\/04\/FriedrichMerz_PR-PhotoDesign.jpg","width":770,"height":420,"caption":"Depositphotos.com | PR-PhotoDesign | Bundeskanzler Friedrich Merz"},{"@type":"BreadcrumbList","@id":"https:\/\/www.sonnenseite.com\/de\/franz-alt\/kommentare-interviews\/warum-steht-sich-friedrich-merz-selbst-im-weg\/#breadcrumb","itemListElement":[{"@type":"ListItem","position":1,"name":"Startseite","item":"https:\/\/www.sonnenseite.com\/de\/"},{"@type":"ListItem","position":2,"name":"Warum steht sich Friedrich Merz selbst im Weg?"}]},{"@type":"WebSite","@id":"https:\/\/www.sonnenseite.com\/de\/#website","url":"https:\/\/www.sonnenseite.com\/de\/","name":"Sonnenseite","description":"\u00d6kologische Kommunikation mit Franz Alt","publisher":{"@id":"https:\/\/www.sonnenseite.com\/de\/#organization"},"potentialAction":[{"@type":"SearchAction","target":{"@type":"EntryPoint","urlTemplate":"https:\/\/www.sonnenseite.com\/de\/?s={search_term_string}"},"query-input":{"@type":"PropertyValueSpecification","valueRequired":true,"valueName":"search_term_string"}}],"inLanguage":"de"},{"@type":"Organization","@id":"https:\/\/www.sonnenseite.com\/de\/#organization","name":"Sonnenseite","url":"https:\/\/www.sonnenseite.com\/de\/","logo":{"@type":"ImageObject","inLanguage":"de","@id":"https:\/\/www.sonnenseite.com\/de\/#\/schema\/logo\/image\/","url":"https:\/\/www.sonnenseite.com\/wp-content\/uploads\/2020\/05\/Sonnenseite_Logo.png","contentUrl":"https:\/\/www.sonnenseite.com\/wp-content\/uploads\/2020\/05\/Sonnenseite_Logo.png","width":377,"height":90,"caption":"Sonnenseite"},"image":{"@id":"https:\/\/www.sonnenseite.com\/de\/#\/schema\/logo\/image\/"},"sameAs":["https:\/\/www.facebook.com\/pages\/Franz-Alt-SONNENSEITECOM\/221072987903953?fref=ts","https:\/\/x.com\/franzalt","http:\/\/www.youtube.com\/results?search_query&amp;amp;quot;franz_alt&amp;amp;quot;&amp;amp;amp;amp;search_type&amp;amp;amp;amp;aq=f"]},{"@type":"Person","@id":"https:\/\/www.sonnenseite.com\/de\/#\/schema\/person\/50fda0e926597684c7cc6695238a4eb9","name":"Bigi Alt"}]}},"_links":{"self":[{"href":"https:\/\/www.sonnenseite.com\/de\/wp-json\/wp\/v2\/posts\/111234","targetHints":{"allow":["GET"]}}],"collection":[{"href":"https:\/\/www.sonnenseite.com\/de\/wp-json\/wp\/v2\/posts"}],"about":[{"href":"https:\/\/www.sonnenseite.com\/de\/wp-json\/wp\/v2\/types\/post"}],"author":[{"embeddable":true,"href":"https:\/\/www.sonnenseite.com\/de\/wp-json\/wp\/v2\/users\/3"}],"replies":[{"embeddable":true,"href":"https:\/\/www.sonnenseite.com\/de\/wp-json\/wp\/v2\/comments?post=111234"}],"version-history":[{"count":2,"href":"https:\/\/www.sonnenseite.com\/de\/wp-json\/wp\/v2\/posts\/111234\/revisions"}],"predecessor-version":[{"id":111236,"href":"https:\/\/www.sonnenseite.com\/de\/wp-json\/wp\/v2\/posts\/111234\/revisions\/111236"}],"wp:featuredmedia":[{"embeddable":true,"href":"https:\/\/www.sonnenseite.com\/de\/wp-json\/wp\/v2\/media\/106429"}],"wp:attachment":[{"href":"https:\/\/www.sonnenseite.com\/de\/wp-json\/wp\/v2\/media?parent=111234"}],"wp:term":[{"taxonomy":"category","embeddable":true,"href":"https:\/\/www.sonnenseite.com\/de\/wp-json\/wp\/v2\/categories?post=111234"},{"taxonomy":"post_tag","embeddable":true,"href":"https:\/\/www.sonnenseite.com\/de\/wp-json\/wp\/v2\/tags?post=111234"}],"curies":[{"name":"wp","href":"https:\/\/api.w.org\/{rel}","templated":true}]}}