{"id":111402,"date":"2025-12-10T09:35:01","date_gmt":"2025-12-10T08:35:01","guid":{"rendered":"https:\/\/www.sonnenseite.com\/?p=111402"},"modified":"2025-12-10T09:35:02","modified_gmt":"2025-12-10T08:35:02","slug":"so-ist-das-nationale-klimaziel-2040-erreichbar","status":"publish","type":"post","link":"https:\/\/www.sonnenseite.com\/de\/politik\/so-ist-das-nationale-klimaziel-2040-erreichbar\/","title":{"rendered":"So ist das nationale Klimaziel 2040 erreichbar"},"content":{"rendered":"\n<p>Der Klimawandel schreitet in hoher Geschwindigkeit voran. Umso wichtiger ist es, wirtschaftliches, gesellschaftliches und politisches Handeln wirkungsvoll auf das Ziel der Treibhausgasneutralit\u00e4t in 2045 in Deutschland auszurichten. <\/p>\n\n\n\n<p>Dass dieses Ziel weiterhin erreicht werden kann, zeigt eine neue Studie des Umweltbundesamtes (UBA). Die kurzfristigen Klimaschutzziele bis 2030 m\u00fcssen weiterhin konsequent verfolgt werden. Bis 2040 braucht es fortw\u00e4hrend eine ambitionierte Klimaschutzpolitik, die bereits in einen robusten Korridor hin zur Treibhausgasneutralit\u00e4t einschwenkt. Nach Einsch\u00e4tzung des UBA ist eine Emissionsminderung von \u00fcber 90 Prozent gegen\u00fcber 1990, also \u00fcber die Vorgaben des bisherigen Bundes-Klimaschutzgesetzes hinaus, m\u00f6glich.<\/p>\n\n\n\n<p>\u201eDie kommende Dekade von 2030 bis 2040 ist entscheidend, um in 20\u00a0Jahren die Treibhausgasneutralit\u00e4t in Deutschland sicher zu erreichen\u201c, sagt Dirk Messner, Pr\u00e4sident des \u2060UBA\u2060. \u201eBereits heute m\u00fcssen wir die notwendigen Weichenstellungen vornehmen, um die verschiedenen Sektoren in ihre Zielkorridore zu leiten.\u201c Daf\u00fcr ben\u00f6tige es nach 2030 eine Weiterentwicklung des derzeitigen Bundes-Klimaschutzgesetzes.<\/p>\n\n\n\n<p>Das UBA zeigt, wie eine solch ambitionierte \u2060Klimaschutz\u2060-Roadmap aussehen kann und welche Schritte die Politik in den einzelnen Sektoren und sektor\u00fcbergreifend umsetzen kann. Wichtig ist, dass die Zwischenziele und Leitplanken bereits heute auf ein treibhausgasneutrales Wirtschaften ausgerichtet werden und keine fossilen Pfadabh\u00e4ngigkeiten entstehen. Denn einmal eingeschlagene Entwicklungspfade und get\u00e4tigte Investitionen lassen sich nur nach langen Abschreibungszeitr\u00e4umen oder mit enormen Umstellungskosten ver\u00e4ndern. \u201eEine kluge Klimaschutzpolitik hat zugleich auch immer die Wettbewerbsf\u00e4higkeit im Blick\u201c, so Messner. \u201eDeutschland und Europa k\u00f6nnen Vorreiter einer starken, klimaneutralen Wirtschaft werden.\u201c<\/p>\n\n\n\n<p>Treibhausgasneutralit\u00e4t wird erreicht, indem bereits die Erzeugung von Treibhausgasen so weit wie m\u00f6glich vermieden wird. Grundlage f\u00fcr die emittierenden Sektoren, um zum Erreichen der Treibhausgasneutralit\u00e4t beizutragen, ist der Ausstieg aus der Nutzung fossiler Energietr\u00e4ger. Auf Basis eines konsequenten Ausbaus der erneuerbaren Energien m\u00fcssen Prozesse weiter elektrifiziert werden. Zum Transport der ben\u00f6tigten Strommengen sowie zur intelligenten Stromnutzung ist der Ausbau und die Digitalisierung des Stromnetzes zentral.<\/p>\n\n\n\n<p>Der Ausbau und die Dekarbonisierung bestehender Fernw\u00e4rmenetze ist Basis f\u00fcr eine treibhausgasneutrale W\u00e4rmeversorgung und verschr\u00e4nkt die Energiewende mit der W\u00e4rmewende. Die gr\u00fcne Wasserstoffwirtschaft und deren Hochlauf ist das Fundament der Transformation insbesondere in der Industrie, Chemie, der Energiewirtschaft und Teilen des Verkehrs \u2013 wie dem Schiffs- oder Luftverkehr. Sie bietet die Chance als Zukunftstechnologie f\u00fcr Innovation und Maschinenbau und kann f\u00fcr Europa und Deutschland mehr Unabh\u00e4ngigkeit und Versorgungssicherheit schaffen. F\u00fcr dieses Potential der Treibhausgasminderung braucht es in der Energiewende Planungssicherheit f\u00fcr Unternehmen und Privatpersonen.<\/p>\n\n\n\n<p>\u201eDiese Ver\u00e4nderungen bedeuten eine Kraftanstrengung f\u00fcr unser Land, \u00f6ffnen jedoch zugleich die T\u00fcr zu zukunftsf\u00e4higer Wohlstandsentwicklung und reduzieren die Kosten, die ungebremster \u2060Klimawandel\u2060 impliziert. Wir brauchen hierf\u00fcr einen breiten gesellschaftlichen R\u00fcckhalt\u201c, sagt Messner. \u201eDie Transformation darf nicht auf Kosten vulnerabler Gruppen erfolgen &#8211; soziale H\u00e4rten m\u00fcssen abgefedert werden. Zugleich ben\u00f6tigt die Wirtschaft verl\u00e4ssliche Rahmenbedingungen f\u00fcr diesen Modernisierungsprozess.\u201c<\/p>\n\n\n\n<p>F\u00fcr unvermeidbare Restemissionen m\u00fcssen parallel Kohlenstoffsenken massiv aufgebaut werden. Als Senke ist daf\u00fcr der Landnutzungs- und Landnutzungs\u00e4nderungssektor (\u2060<a target=\"_blank\" href=\"https:\/\/www.umweltbundesamt.de\/service\/glossar\/l?tag=LULUCF#alphabar\" rel=\"noreferrer noopener\">LULUCF<\/a>\u2060) unverzichtbar. Er speichert gro\u00dfe Menge von CO<sub>2<\/sub>, wenn W\u00e4lder und Moore intakt sind, die Landwirtschaft eine schonende Bodenbewirtschaftung w\u00e4hlt und langlebige Holzprodukte st\u00e4rker in unserem Bauen genutzt werden. Die Senkenleistung des Sektors wird gesch\u00fctzt und gest\u00e4rkt, indem z.&nbsp;B. die Laubholzentnahme deutlich reduziert, der Walderhalt und klimaresiliente Waldumbau gef\u00f6rdert werden sowie die Wirtschaftlichkeit langlebiger Holzprodukte erm\u00f6glicht wird. Zur Emissionsreduktion leisten die Wiedervern\u00e4ssung von trockengelegten Mooren und die Wasserstandoptimierung von Feuchtgebieten einen wesentlichen Beitrag.<\/p>\n\n\n\n<p>Der LULUCF-Sektor hat mit dem aktuell vorgeschlagenen Aktionsprogramm Nat\u00fcrlicher Klimaschutz (ANK) die Chance auf einen Zielerreichungspfad gesetzt zu werden. In Kombination mit einem moderaten Hochlauf technischer Senken ist der Landnutzungssektor essentiell zur Zielerreichung.<\/p>\n\n\n\n<ul class=\"wp-block-list\">\n<li><a href=\"https:\/\/www.umweltbundesamt.de\/publikationen\/bis-2040-treibhausgase-um-mindestens-90-prozent\">Bis 2040 Treibhausgase um mindestens 90 Prozent mindern \u2013 So kann es gehen!<\/a><\/li>\n<\/ul>\n\n\n<h5 class=\"green\">Quelle<\/h5>\r\n\n\n\n<p><a href=\"https:\/\/www.umweltbundesamt.de\/presse\/pressemitteilungen\/so-ist-das-nationale-klimaziel-2040-erreichbar\">Umweltbundesamt 2025<\/a><\/p>\n<div class=\"shariff shariff-align-flex-start shariff-widget-align-flex-start\"><div class=\"ShariffHeadline\">Diese Meldung teilen<\/div><ul class=\"shariff-buttons theme-round orientation-horizontal buttonsize-medium\"><li class=\"shariff-button facebook shariff-nocustomcolor\" style=\"background-color:#4273c8;border-radius:1%\"><a href=\"https:\/\/www.facebook.com\/sharer\/sharer.php?u=https%3A%2F%2Fwww.sonnenseite.com%2Fde%2Fpolitik%2Fso-ist-das-nationale-klimaziel-2040-erreichbar%2F\" title=\"Bei Facebook teilen\" aria-label=\"Bei Facebook teilen\" role=\"button\" rel=\"nofollow\" class=\"shariff-link\" style=\";border-radius:1%; background-color:#3b5998; color:#fff\" target=\"_blank\"><span class=\"shariff-icon\" style=\"\"><svg width=\"32px\" height=\"20px\" xmlns=\"http:\/\/www.w3.org\/2000\/svg\" viewBox=\"0 0 18 32\"><path fill=\"#3b5998\" d=\"M17.1 0.2v4.7h-2.8q-1.5 0-2.1 0.6t-0.5 1.9v3.4h5.2l-0.7 5.3h-4.5v13.6h-5.5v-13.6h-4.5v-5.3h4.5v-3.9q0-3.3 1.9-5.2t5-1.8q2.6 0 4.1 0.2z\"\/><\/svg><\/span><\/a><\/li><li class=\"shariff-button twitter shariff-nocustomcolor\" style=\"background-color:#595959;border-radius:1%\"><a href=\"https:\/\/twitter.com\/share?url=https%3A%2F%2Fwww.sonnenseite.com%2Fde%2Fpolitik%2Fso-ist-das-nationale-klimaziel-2040-erreichbar%2F&text=So%20ist%20das%20nationale%20Klimaziel%202040%20erreichbar\" title=\"Bei X teilen\" aria-label=\"Bei X teilen\" role=\"button\" rel=\"noopener nofollow\" class=\"shariff-link\" style=\";border-radius:1%; background-color:#000; color:#fff\" target=\"_blank\"><span class=\"shariff-icon\" style=\"\"><svg width=\"32px\" height=\"20px\" xmlns=\"http:\/\/www.w3.org\/2000\/svg\" viewBox=\"0 0 24 24\"><path fill=\"#000\" d=\"M14.258 10.152L23.176 0h-2.113l-7.747 8.813L7.133 0H0l9.352 13.328L0 23.973h2.113l8.176-9.309 6.531 9.309h7.133zm-2.895 3.293l-.949-1.328L2.875 1.56h3.246l6.086 8.523.945 1.328 7.91 11.078h-3.246zm0 0\"\/><\/svg><\/span><\/a><\/li><li class=\"shariff-button xing shariff-nocustomcolor\" style=\"background-color:#29888a;border-radius:1%\"><a href=\"https:\/\/www.xing.com\/spi\/shares\/new?url=https%3A%2F%2Fwww.sonnenseite.com%2Fde%2Fpolitik%2Fso-ist-das-nationale-klimaziel-2040-erreichbar%2F\" title=\"Bei XING teilen\" aria-label=\"Bei XING teilen\" role=\"button\" rel=\"noopener nofollow\" class=\"shariff-link\" style=\";border-radius:1%; background-color:#126567; color:#fff\" target=\"_blank\"><span class=\"shariff-icon\" style=\"\"><svg width=\"32px\" height=\"20px\" xmlns=\"http:\/\/www.w3.org\/2000\/svg\" viewBox=\"0 0 25 32\"><path fill=\"#126567\" d=\"M10.7 11.9q-0.2 0.3-4.6 8.2-0.5 0.8-1.2 0.8h-4.3q-0.4 0-0.5-0.3t0-0.6l4.5-8q0 0 0 0l-2.9-5q-0.2-0.4 0-0.7 0.2-0.3 0.5-0.3h4.3q0.7 0 1.2 0.8zM25.1 0.4q0.2 0.3 0 0.7l-9.4 16.7 6 11q0.2 0.4 0 0.6-0.2 0.3-0.6 0.3h-4.3q-0.7 0-1.2-0.8l-6-11.1q0.3-0.6 9.5-16.8 0.4-0.8 1.2-0.8h4.3q0.4 0 0.5 0.3z\"\/><\/svg><\/span><\/a><\/li><li class=\"shariff-button linkedin shariff-nocustomcolor\" style=\"background-color:#1488bf;border-radius:1%\"><a href=\"https:\/\/www.linkedin.com\/sharing\/share-offsite\/?url=https%3A%2F%2Fwww.sonnenseite.com%2Fde%2Fpolitik%2Fso-ist-das-nationale-klimaziel-2040-erreichbar%2F\" title=\"Bei LinkedIn teilen\" aria-label=\"Bei LinkedIn teilen\" role=\"button\" rel=\"noopener nofollow\" class=\"shariff-link\" style=\";border-radius:1%; background-color:#0077b5; color:#fff\" target=\"_blank\"><span class=\"shariff-icon\" style=\"\"><svg width=\"32px\" height=\"20px\" xmlns=\"http:\/\/www.w3.org\/2000\/svg\" viewBox=\"0 0 27 32\"><path fill=\"#0077b5\" d=\"M6.2 11.2v17.7h-5.9v-17.7h5.9zM6.6 5.7q0 1.3-0.9 2.2t-2.4 0.9h0q-1.5 0-2.4-0.9t-0.9-2.2 0.9-2.2 2.4-0.9 2.4 0.9 0.9 2.2zM27.4 18.7v10.1h-5.9v-9.5q0-1.9-0.7-2.9t-2.3-1.1q-1.1 0-1.9 0.6t-1.2 1.5q-0.2 0.5-0.2 1.4v9.9h-5.9q0-7.1 0-11.6t0-5.3l0-0.9h5.9v2.6h0q0.4-0.6 0.7-1t1-0.9 1.6-0.8 2-0.3q3 0 4.9 2t1.9 6z\"\/><\/svg><\/span><\/a><\/li><li class=\"shariff-button printer shariff-nocustomcolor\" style=\"background-color:#a8a8a8;border-radius:1%\"><a href=\"javascript:window.print()\" title=\"drucken\" aria-label=\"drucken\" role=\"button\" rel=\"noopener nofollow\" class=\"shariff-link\" style=\";border-radius:1%; background-color:#999; color:#fff\"><span class=\"shariff-icon\" style=\"\"><svg width=\"32px\" height=\"20px\" xmlns=\"http:\/\/www.w3.org\/2000\/svg\" viewBox=\"0 0 30 32\"><path fill=\"#999\" d=\"M6.8 27.4h16v-4.6h-16v4.6zM6.8 16h16v-6.8h-2.8q-0.7 0-1.2-0.5t-0.5-1.2v-2.8h-11.4v11.4zM27.4 17.2q0-0.5-0.3-0.8t-0.8-0.4-0.8 0.4-0.3 0.8 0.3 0.8 0.8 0.3 0.8-0.3 0.3-0.8zM29.7 17.2v7.4q0 0.2-0.2 0.4t-0.4 0.2h-4v2.8q0 0.7-0.5 1.2t-1.2 0.5h-17.2q-0.7 0-1.2-0.5t-0.5-1.2v-2.8h-4q-0.2 0-0.4-0.2t-0.2-0.4v-7.4q0-1.4 1-2.4t2.4-1h1.2v-9.7q0-0.7 0.5-1.2t1.2-0.5h12q0.7 0 1.6 0.4t1.3 0.8l2.7 2.7q0.5 0.5 0.9 1.4t0.4 1.6v4.6h1.1q1.4 0 2.4 1t1 2.4z\"\/><\/svg><\/span><\/a><\/li><li class=\"shariff-button mailto shariff-nocustomcolor\" style=\"background-color:#a8a8a8;border-radius:1%\"><a href=\"mailto:?body=https%3A%2F%2Fwww.sonnenseite.com%2Fde%2Fpolitik%2Fso-ist-das-nationale-klimaziel-2040-erreichbar%2F&subject=So%20ist%20das%20nationale%20Klimaziel%202040%20erreichbar\" title=\"Per E-Mail versenden\" aria-label=\"Per E-Mail versenden\" role=\"button\" rel=\"noopener nofollow\" class=\"shariff-link\" style=\";border-radius:1%; background-color:#999; color:#fff\"><span class=\"shariff-icon\" style=\"\"><svg width=\"32px\" height=\"20px\" xmlns=\"http:\/\/www.w3.org\/2000\/svg\" viewBox=\"0 0 32 32\"><path fill=\"#999\" d=\"M32 12.7v14.2q0 1.2-0.8 2t-2 0.9h-26.3q-1.2 0-2-0.9t-0.8-2v-14.2q0.8 0.9 1.8 1.6 6.5 4.4 8.9 6.1 1 0.8 1.6 1.2t1.7 0.9 2 0.4h0.1q0.9 0 2-0.4t1.7-0.9 1.6-1.2q3-2.2 8.9-6.1 1-0.7 1.8-1.6zM32 7.4q0 1.4-0.9 2.7t-2.2 2.2q-6.7 4.7-8.4 5.8-0.2 0.1-0.7 0.5t-1 0.7-0.9 0.6-1.1 0.5-0.9 0.2h-0.1q-0.4 0-0.9-0.2t-1.1-0.5-0.9-0.6-1-0.7-0.7-0.5q-1.6-1.1-4.7-3.2t-3.6-2.6q-1.1-0.7-2.1-2t-1-2.5q0-1.4 0.7-2.3t2.1-0.9h26.3q1.2 0 2 0.8t0.9 2z\"\/><\/svg><\/span><\/a><\/li><\/ul><\/div>","protected":false},"excerpt":{"rendered":"<p>Der Klimawandel schreitet in hoher Geschwindigkeit voran. Umso wichtiger ist es, wirtschaftliches, gesellschaftliches und politisches Handeln [&hellip;]<\/p>\n","protected":false},"author":3,"featured_media":28807,"comment_status":"closed","ping_status":"closed","sticky":false,"template":"","format":"standard","meta":{"inline_featured_image":false,"footnotes":""},"categories":[21],"tags":[],"class_list":["post-111402","post","type-post","status-publish","format-standard","has-post-thumbnail","hentry","category-politik"],"yoast_head":"<!-- This site is optimized with the Yoast SEO plugin v26.5 - https:\/\/yoast.com\/wordpress\/plugins\/seo\/ -->\n<title>So ist das nationale Klimaziel 2040 erreichbar - Sonnenseite - \u00d6kologische Kommunikation mit Franz Alt<\/title>\n<meta name=\"description\" content=\"Der Klimawandel schreitet in hoher Geschwindigkeit voran. Umso wichtiger ist es, wirtschaftliches, gesellschaftliches und politisches Handeln wirkungsvoll\" \/>\n<meta name=\"robots\" content=\"index, follow, max-snippet:-1, max-image-preview:large, max-video-preview:-1\" \/>\n<link rel=\"canonical\" href=\"https:\/\/www.sonnenseite.com\/de\/politik\/so-ist-das-nationale-klimaziel-2040-erreichbar\/\" \/>\n<meta property=\"og:locale\" content=\"de_DE\" \/>\n<meta property=\"og:type\" content=\"article\" \/>\n<meta property=\"og:title\" content=\"So ist das nationale Klimaziel 2040 erreichbar - Sonnenseite - \u00d6kologische Kommunikation mit Franz Alt\" \/>\n<meta property=\"og:description\" content=\"Der Klimawandel schreitet in hoher Geschwindigkeit voran. Umso wichtiger ist es, wirtschaftliches, gesellschaftliches und politisches Handeln wirkungsvoll\" \/>\n<meta property=\"og:url\" content=\"https:\/\/www.sonnenseite.com\/de\/politik\/so-ist-das-nationale-klimaziel-2040-erreichbar\/\" \/>\n<meta property=\"og:site_name\" content=\"Sonnenseite\" \/>\n<meta property=\"article:publisher\" content=\"https:\/\/www.facebook.com\/pages\/Franz-Alt-SONNENSEITECOM\/221072987903953?fref=ts\" \/>\n<meta property=\"article:published_time\" content=\"2025-12-10T08:35:01+00:00\" \/>\n<meta property=\"article:modified_time\" content=\"2025-12-10T08:35:02+00:00\" \/>\n<meta property=\"og:image\" content=\"https:\/\/www.sonnenseite.com\/wp-content\/uploads\/2017\/04\/Kraftwerke_SD-Pictures.jpg\" \/>\n\t<meta property=\"og:image:width\" content=\"770\" \/>\n\t<meta property=\"og:image:height\" content=\"420\" \/>\n\t<meta property=\"og:image:type\" content=\"image\/jpeg\" \/>\n<meta name=\"author\" content=\"Bigi Alt\" \/>\n<meta name=\"twitter:card\" content=\"summary_large_image\" \/>\n<meta name=\"twitter:creator\" content=\"@franzalt\" \/>\n<meta name=\"twitter:site\" content=\"@franzalt\" \/>\n<meta name=\"twitter:label1\" content=\"Verfasst von\" \/>\n\t<meta name=\"twitter:data1\" content=\"Bigi Alt\" \/>\n\t<meta name=\"twitter:label2\" content=\"Gesch\u00e4tzte Lesezeit\" \/>\n\t<meta name=\"twitter:data2\" content=\"4\u00a0Minuten\" \/>\n<script type=\"application\/ld+json\" class=\"yoast-schema-graph\">{\"@context\":\"https:\/\/schema.org\",\"@graph\":[{\"@type\":\"Article\",\"@id\":\"https:\/\/www.sonnenseite.com\/de\/politik\/so-ist-das-nationale-klimaziel-2040-erreichbar\/#article\",\"isPartOf\":{\"@id\":\"https:\/\/www.sonnenseite.com\/de\/politik\/so-ist-das-nationale-klimaziel-2040-erreichbar\/\"},\"author\":{\"name\":\"Bigi Alt\",\"@id\":\"https:\/\/www.sonnenseite.com\/de\/#\/schema\/person\/50fda0e926597684c7cc6695238a4eb9\"},\"headline\":\"So ist das nationale Klimaziel 2040 erreichbar\",\"datePublished\":\"2025-12-10T08:35:01+00:00\",\"dateModified\":\"2025-12-10T08:35:02+00:00\",\"mainEntityOfPage\":{\"@id\":\"https:\/\/www.sonnenseite.com\/de\/politik\/so-ist-das-nationale-klimaziel-2040-erreichbar\/\"},\"wordCount\":629,\"publisher\":{\"@id\":\"https:\/\/www.sonnenseite.com\/de\/#organization\"},\"image\":{\"@id\":\"https:\/\/www.sonnenseite.com\/de\/politik\/so-ist-das-nationale-klimaziel-2040-erreichbar\/#primaryimage\"},\"thumbnailUrl\":\"https:\/\/www.sonnenseite.com\/wp-content\/uploads\/2017\/04\/Kraftwerke_SD-Pictures.jpg\",\"articleSection\":[\"Politik\"],\"inLanguage\":\"de\"},{\"@type\":\"WebPage\",\"@id\":\"https:\/\/www.sonnenseite.com\/de\/politik\/so-ist-das-nationale-klimaziel-2040-erreichbar\/\",\"url\":\"https:\/\/www.sonnenseite.com\/de\/politik\/so-ist-das-nationale-klimaziel-2040-erreichbar\/\",\"name\":\"So ist das nationale Klimaziel 2040 erreichbar - Sonnenseite - \u00d6kologische Kommunikation mit Franz Alt\",\"isPartOf\":{\"@id\":\"https:\/\/www.sonnenseite.com\/de\/#website\"},\"primaryImageOfPage\":{\"@id\":\"https:\/\/www.sonnenseite.com\/de\/politik\/so-ist-das-nationale-klimaziel-2040-erreichbar\/#primaryimage\"},\"image\":{\"@id\":\"https:\/\/www.sonnenseite.com\/de\/politik\/so-ist-das-nationale-klimaziel-2040-erreichbar\/#primaryimage\"},\"thumbnailUrl\":\"https:\/\/www.sonnenseite.com\/wp-content\/uploads\/2017\/04\/Kraftwerke_SD-Pictures.jpg\",\"datePublished\":\"2025-12-10T08:35:01+00:00\",\"dateModified\":\"2025-12-10T08:35:02+00:00\",\"description\":\"Der Klimawandel schreitet in hoher Geschwindigkeit voran. Umso wichtiger ist es, wirtschaftliches, gesellschaftliches und politisches Handeln wirkungsvoll\",\"breadcrumb\":{\"@id\":\"https:\/\/www.sonnenseite.com\/de\/politik\/so-ist-das-nationale-klimaziel-2040-erreichbar\/#breadcrumb\"},\"inLanguage\":\"de\",\"potentialAction\":[{\"@type\":\"ReadAction\",\"target\":[\"https:\/\/www.sonnenseite.com\/de\/politik\/so-ist-das-nationale-klimaziel-2040-erreichbar\/\"]}]},{\"@type\":\"ImageObject\",\"inLanguage\":\"de\",\"@id\":\"https:\/\/www.sonnenseite.com\/de\/politik\/so-ist-das-nationale-klimaziel-2040-erreichbar\/#primaryimage\",\"url\":\"https:\/\/www.sonnenseite.com\/wp-content\/uploads\/2017\/04\/Kraftwerke_SD-Pictures.jpg\",\"contentUrl\":\"https:\/\/www.sonnenseite.com\/wp-content\/uploads\/2017\/04\/Kraftwerke_SD-Pictures.jpg\",\"width\":770,\"height\":420,\"caption\":\"pixabay.com | SD-Pictures | Treibhausgasneutralit\u00e4t in Deutschland als Ziel klimapolitischer Ma\u00dfnahmen Es braucht fortw\u00e4hrend eine ambitionierte Klimaschutzpolitik, um die Treibhausgasneutralit\u00e4t in Deutschland zu erreichen.\"},{\"@type\":\"BreadcrumbList\",\"@id\":\"https:\/\/www.sonnenseite.com\/de\/politik\/so-ist-das-nationale-klimaziel-2040-erreichbar\/#breadcrumb\",\"itemListElement\":[{\"@type\":\"ListItem\",\"position\":1,\"name\":\"Startseite\",\"item\":\"https:\/\/www.sonnenseite.com\/de\/\"},{\"@type\":\"ListItem\",\"position\":2,\"name\":\"So ist das nationale Klimaziel 2040 erreichbar\"}]},{\"@type\":\"WebSite\",\"@id\":\"https:\/\/www.sonnenseite.com\/de\/#website\",\"url\":\"https:\/\/www.sonnenseite.com\/de\/\",\"name\":\"Sonnenseite\",\"description\":\"\u00d6kologische Kommunikation mit Franz Alt\",\"publisher\":{\"@id\":\"https:\/\/www.sonnenseite.com\/de\/#organization\"},\"potentialAction\":[{\"@type\":\"SearchAction\",\"target\":{\"@type\":\"EntryPoint\",\"urlTemplate\":\"https:\/\/www.sonnenseite.com\/de\/?s={search_term_string}\"},\"query-input\":{\"@type\":\"PropertyValueSpecification\",\"valueRequired\":true,\"valueName\":\"search_term_string\"}}],\"inLanguage\":\"de\"},{\"@type\":\"Organization\",\"@id\":\"https:\/\/www.sonnenseite.com\/de\/#organization\",\"name\":\"Sonnenseite\",\"url\":\"https:\/\/www.sonnenseite.com\/de\/\",\"logo\":{\"@type\":\"ImageObject\",\"inLanguage\":\"de\",\"@id\":\"https:\/\/www.sonnenseite.com\/de\/#\/schema\/logo\/image\/\",\"url\":\"https:\/\/www.sonnenseite.com\/wp-content\/uploads\/2020\/05\/Sonnenseite_Logo.png\",\"contentUrl\":\"https:\/\/www.sonnenseite.com\/wp-content\/uploads\/2020\/05\/Sonnenseite_Logo.png\",\"width\":377,\"height\":90,\"caption\":\"Sonnenseite\"},\"image\":{\"@id\":\"https:\/\/www.sonnenseite.com\/de\/#\/schema\/logo\/image\/\"},\"sameAs\":[\"https:\/\/www.facebook.com\/pages\/Franz-Alt-SONNENSEITECOM\/221072987903953?fref=ts\",\"https:\/\/x.com\/franzalt\",\"http:\/\/www.youtube.com\/results?search_query&amp;amp;quot;franz_alt&amp;amp;quot;&amp;amp;amp;amp;search_type&amp;amp;amp;amp;aq=f\"]},{\"@type\":\"Person\",\"@id\":\"https:\/\/www.sonnenseite.com\/de\/#\/schema\/person\/50fda0e926597684c7cc6695238a4eb9\",\"name\":\"Bigi Alt\"}]}<\/script>\n<!-- \/ Yoast SEO plugin. -->","yoast_head_json":{"title":"So ist das nationale Klimaziel 2040 erreichbar - Sonnenseite - \u00d6kologische Kommunikation mit Franz Alt","description":"Der Klimawandel schreitet in hoher Geschwindigkeit voran. Umso wichtiger ist es, wirtschaftliches, gesellschaftliches und politisches Handeln wirkungsvoll","robots":{"index":"index","follow":"follow","max-snippet":"max-snippet:-1","max-image-preview":"max-image-preview:large","max-video-preview":"max-video-preview:-1"},"canonical":"https:\/\/www.sonnenseite.com\/de\/politik\/so-ist-das-nationale-klimaziel-2040-erreichbar\/","og_locale":"de_DE","og_type":"article","og_title":"So ist das nationale Klimaziel 2040 erreichbar - Sonnenseite - \u00d6kologische Kommunikation mit Franz Alt","og_description":"Der Klimawandel schreitet in hoher Geschwindigkeit voran. Umso wichtiger ist es, wirtschaftliches, gesellschaftliches und politisches Handeln wirkungsvoll","og_url":"https:\/\/www.sonnenseite.com\/de\/politik\/so-ist-das-nationale-klimaziel-2040-erreichbar\/","og_site_name":"Sonnenseite","article_publisher":"https:\/\/www.facebook.com\/pages\/Franz-Alt-SONNENSEITECOM\/221072987903953?fref=ts","article_published_time":"2025-12-10T08:35:01+00:00","article_modified_time":"2025-12-10T08:35:02+00:00","og_image":[{"width":770,"height":420,"url":"https:\/\/www.sonnenseite.com\/wp-content\/uploads\/2017\/04\/Kraftwerke_SD-Pictures.jpg","type":"image\/jpeg"}],"author":"Bigi Alt","twitter_card":"summary_large_image","twitter_creator":"@franzalt","twitter_site":"@franzalt","twitter_misc":{"Verfasst von":"Bigi Alt","Gesch\u00e4tzte Lesezeit":"4\u00a0Minuten"},"schema":{"@context":"https:\/\/schema.org","@graph":[{"@type":"Article","@id":"https:\/\/www.sonnenseite.com\/de\/politik\/so-ist-das-nationale-klimaziel-2040-erreichbar\/#article","isPartOf":{"@id":"https:\/\/www.sonnenseite.com\/de\/politik\/so-ist-das-nationale-klimaziel-2040-erreichbar\/"},"author":{"name":"Bigi Alt","@id":"https:\/\/www.sonnenseite.com\/de\/#\/schema\/person\/50fda0e926597684c7cc6695238a4eb9"},"headline":"So ist das nationale Klimaziel 2040 erreichbar","datePublished":"2025-12-10T08:35:01+00:00","dateModified":"2025-12-10T08:35:02+00:00","mainEntityOfPage":{"@id":"https:\/\/www.sonnenseite.com\/de\/politik\/so-ist-das-nationale-klimaziel-2040-erreichbar\/"},"wordCount":629,"publisher":{"@id":"https:\/\/www.sonnenseite.com\/de\/#organization"},"image":{"@id":"https:\/\/www.sonnenseite.com\/de\/politik\/so-ist-das-nationale-klimaziel-2040-erreichbar\/#primaryimage"},"thumbnailUrl":"https:\/\/www.sonnenseite.com\/wp-content\/uploads\/2017\/04\/Kraftwerke_SD-Pictures.jpg","articleSection":["Politik"],"inLanguage":"de"},{"@type":"WebPage","@id":"https:\/\/www.sonnenseite.com\/de\/politik\/so-ist-das-nationale-klimaziel-2040-erreichbar\/","url":"https:\/\/www.sonnenseite.com\/de\/politik\/so-ist-das-nationale-klimaziel-2040-erreichbar\/","name":"So ist das nationale Klimaziel 2040 erreichbar - Sonnenseite - \u00d6kologische Kommunikation mit Franz Alt","isPartOf":{"@id":"https:\/\/www.sonnenseite.com\/de\/#website"},"primaryImageOfPage":{"@id":"https:\/\/www.sonnenseite.com\/de\/politik\/so-ist-das-nationale-klimaziel-2040-erreichbar\/#primaryimage"},"image":{"@id":"https:\/\/www.sonnenseite.com\/de\/politik\/so-ist-das-nationale-klimaziel-2040-erreichbar\/#primaryimage"},"thumbnailUrl":"https:\/\/www.sonnenseite.com\/wp-content\/uploads\/2017\/04\/Kraftwerke_SD-Pictures.jpg","datePublished":"2025-12-10T08:35:01+00:00","dateModified":"2025-12-10T08:35:02+00:00","description":"Der Klimawandel schreitet in hoher Geschwindigkeit voran. Umso wichtiger ist es, wirtschaftliches, gesellschaftliches und politisches Handeln wirkungsvoll","breadcrumb":{"@id":"https:\/\/www.sonnenseite.com\/de\/politik\/so-ist-das-nationale-klimaziel-2040-erreichbar\/#breadcrumb"},"inLanguage":"de","potentialAction":[{"@type":"ReadAction","target":["https:\/\/www.sonnenseite.com\/de\/politik\/so-ist-das-nationale-klimaziel-2040-erreichbar\/"]}]},{"@type":"ImageObject","inLanguage":"de","@id":"https:\/\/www.sonnenseite.com\/de\/politik\/so-ist-das-nationale-klimaziel-2040-erreichbar\/#primaryimage","url":"https:\/\/www.sonnenseite.com\/wp-content\/uploads\/2017\/04\/Kraftwerke_SD-Pictures.jpg","contentUrl":"https:\/\/www.sonnenseite.com\/wp-content\/uploads\/2017\/04\/Kraftwerke_SD-Pictures.jpg","width":770,"height":420,"caption":"pixabay.com | SD-Pictures | Treibhausgasneutralit\u00e4t in Deutschland als Ziel klimapolitischer Ma\u00dfnahmen Es braucht fortw\u00e4hrend eine ambitionierte Klimaschutzpolitik, um die Treibhausgasneutralit\u00e4t in Deutschland zu erreichen."},{"@type":"BreadcrumbList","@id":"https:\/\/www.sonnenseite.com\/de\/politik\/so-ist-das-nationale-klimaziel-2040-erreichbar\/#breadcrumb","itemListElement":[{"@type":"ListItem","position":1,"name":"Startseite","item":"https:\/\/www.sonnenseite.com\/de\/"},{"@type":"ListItem","position":2,"name":"So ist das nationale Klimaziel 2040 erreichbar"}]},{"@type":"WebSite","@id":"https:\/\/www.sonnenseite.com\/de\/#website","url":"https:\/\/www.sonnenseite.com\/de\/","name":"Sonnenseite","description":"\u00d6kologische Kommunikation mit Franz Alt","publisher":{"@id":"https:\/\/www.sonnenseite.com\/de\/#organization"},"potentialAction":[{"@type":"SearchAction","target":{"@type":"EntryPoint","urlTemplate":"https:\/\/www.sonnenseite.com\/de\/?s={search_term_string}"},"query-input":{"@type":"PropertyValueSpecification","valueRequired":true,"valueName":"search_term_string"}}],"inLanguage":"de"},{"@type":"Organization","@id":"https:\/\/www.sonnenseite.com\/de\/#organization","name":"Sonnenseite","url":"https:\/\/www.sonnenseite.com\/de\/","logo":{"@type":"ImageObject","inLanguage":"de","@id":"https:\/\/www.sonnenseite.com\/de\/#\/schema\/logo\/image\/","url":"https:\/\/www.sonnenseite.com\/wp-content\/uploads\/2020\/05\/Sonnenseite_Logo.png","contentUrl":"https:\/\/www.sonnenseite.com\/wp-content\/uploads\/2020\/05\/Sonnenseite_Logo.png","width":377,"height":90,"caption":"Sonnenseite"},"image":{"@id":"https:\/\/www.sonnenseite.com\/de\/#\/schema\/logo\/image\/"},"sameAs":["https:\/\/www.facebook.com\/pages\/Franz-Alt-SONNENSEITECOM\/221072987903953?fref=ts","https:\/\/x.com\/franzalt","http:\/\/www.youtube.com\/results?search_query&amp;amp;quot;franz_alt&amp;amp;quot;&amp;amp;amp;amp;search_type&amp;amp;amp;amp;aq=f"]},{"@type":"Person","@id":"https:\/\/www.sonnenseite.com\/de\/#\/schema\/person\/50fda0e926597684c7cc6695238a4eb9","name":"Bigi Alt"}]}},"_links":{"self":[{"href":"https:\/\/www.sonnenseite.com\/de\/wp-json\/wp\/v2\/posts\/111402","targetHints":{"allow":["GET"]}}],"collection":[{"href":"https:\/\/www.sonnenseite.com\/de\/wp-json\/wp\/v2\/posts"}],"about":[{"href":"https:\/\/www.sonnenseite.com\/de\/wp-json\/wp\/v2\/types\/post"}],"author":[{"embeddable":true,"href":"https:\/\/www.sonnenseite.com\/de\/wp-json\/wp\/v2\/users\/3"}],"replies":[{"embeddable":true,"href":"https:\/\/www.sonnenseite.com\/de\/wp-json\/wp\/v2\/comments?post=111402"}],"version-history":[{"count":2,"href":"https:\/\/www.sonnenseite.com\/de\/wp-json\/wp\/v2\/posts\/111402\/revisions"}],"predecessor-version":[{"id":111404,"href":"https:\/\/www.sonnenseite.com\/de\/wp-json\/wp\/v2\/posts\/111402\/revisions\/111404"}],"wp:featuredmedia":[{"embeddable":true,"href":"https:\/\/www.sonnenseite.com\/de\/wp-json\/wp\/v2\/media\/28807"}],"wp:attachment":[{"href":"https:\/\/www.sonnenseite.com\/de\/wp-json\/wp\/v2\/media?parent=111402"}],"wp:term":[{"taxonomy":"category","embeddable":true,"href":"https:\/\/www.sonnenseite.com\/de\/wp-json\/wp\/v2\/categories?post=111402"},{"taxonomy":"post_tag","embeddable":true,"href":"https:\/\/www.sonnenseite.com\/de\/wp-json\/wp\/v2\/tags?post=111402"}],"curies":[{"name":"wp","href":"https:\/\/api.w.org\/{rel}","templated":true}]}}