{"id":111439,"date":"2025-12-11T10:23:27","date_gmt":"2025-12-11T09:23:27","guid":{"rendered":"https:\/\/www.sonnenseite.com\/?p=111439"},"modified":"2025-12-23T13:15:24","modified_gmt":"2025-12-23T12:15:24","slug":"expertenkommission-mehr-anstrengungen-fuer-die-energiewende-noetig","status":"publish","type":"post","link":"https:\/\/www.sonnenseite.com\/de\/politik\/expertenkommission-mehr-anstrengungen-fuer-die-energiewende-noetig\/","title":{"rendered":"Expertenkommission: mehr Anstrengungen f\u00fcr die Energiewende n\u00f6tig"},"content":{"rendered":"\n<p>Die Expertenkommission zum Energiewende-Monitoring sieht drei zentrale Handlungsfelder, die in den kommenden Jahren politisch st\u00e4rker in den Fokus r\u00fccken sollten. <\/p>\n\n\n\n<ul class=\"wp-block-list\">\n<li><strong>Erstens<\/strong> ist das Marktdesign an die Anforderungen eines Stromsystems anzupassen, das bereits zu mehr als 50 Prozent auf erneuerbaren Energien basiert. Hierbei spielen Preissignale, die Anreize f\u00fcr einen effizienten Systembetrieb bieten, eine zentrale Rolle. <\/li>\n\n\n\n<li><strong>Zweitens<\/strong> sind Strategien f\u00fcr die stofflichen Energietr\u00e4ger von zentraler Bedeutung. F\u00fcr Wasserstoff geht es darum, wie der Hochlauf gestaltet wird, w\u00e4hrend bei Erdgas und Mineral\u00f6l die Nachfrage absehbar zur\u00fcckgeht. <\/li>\n\n\n\n<li><strong>Drittens<\/strong> sollten aus Sicht der Expertenkommission die Ma\u00dfnahmen zur F\u00f6rderung der Energiewende konsistent, effizient und aufeinander abgestimmt sein, um die n\u00e4chste Phase der Energiewende hin zur Klimaneutralit\u00e4t erfolgreich zu gestalten. Unn\u00f6tige und kontraproduktive Ma\u00dfnahmen sollten zur\u00fcckgefahren werden.<\/li>\n<\/ul>\n\n\n\n<p>\u201eDie Energiewende kommt voran, doch der aktuelle Monitoringbericht zeigt: Insbesondere bei den Themen Versorgungssicherheit, Netzinfrastruktur und Energieeffizienz bestehen weiterhin erhebliche Herausforderungen\u201c, sagt der Kommissionsvorsitzende Prof. Dr. Andreas L\u00f6schel. \u201eEs braucht jetzt Entschlossenheit, damit die Energiewende Kurs h\u00e4lt. Dabei geht es nicht um einzelne Ma\u00dfnahmen, sondern um einen verl\u00e4sslichen und langfristig stabilen Rahmen f\u00fcr die Energiewende.\u201c&nbsp;<\/p>\n\n\n\n<p>Die Mitglieder der unabh\u00e4ngigen Expertenkommission zum Energiewende-Monitoring, Prof. Dr. Andreas L\u00f6schel (Vorsitzender), Prof. Dr. Veronika Grimm, Dr. Felix Matthes und Prof. Dr. Anke Weidlich haben heute ihren aktuellen Monitoringbericht Herrn Staatssekret\u00e4r Frank Wetzel im Bundesministerium f\u00fcr Wirtschaft und Energie \u00fcbergeben. Die Bundesregierung hatte die Kommission aus vier unabh\u00e4ngigen Energieexpert*innen im Jahr 2011 f\u00fcr das Monitoring der Energiewende eingesetzt.<\/p>\n\n\n\n<h4 class=\"wp-block-heading\">Bezahlbare Energie sichert Unterst\u00fctzung f\u00fcr die Energiewende<\/h4>\n\n\n\n<p>Die Expertenkommission betont, dass bezahlbare Energie f\u00fcr deutsche Haushalte und Unternehmen von herausragender Bedeutung sei, um industrielle Abwanderung zu verhindern und eine breite Akzeptanz der Energiewende zu gew\u00e4hrleisten. Aus Sicht der Expert*innen sollten dabei Ma\u00dfnahmen, die die Systemkosten senken und dadurch die Effizienz der Energiewende steigern, Vorrang vor Entlastungen aus Staatsmitteln haben.<\/p>\n\n\n\n<h4 class=\"wp-block-heading\">Marktpreise als zentrales Koordinationsinstrument&nbsp;<\/h4>\n\n\n\n<p>Angesichts der stark unterschiedlichen Standortbedingungen f\u00fcr die Stromerzeugung in Deutschland sind regional differenzierte B\u00f6rsenstrompreise eine zentrale Voraussetzung f\u00fcr einen effizienten Anlagenbetrieb und rationale Investitionsentscheidungen. Zahlreiche potenziell erforderliche F\u00f6rderma\u00dfnahmen k\u00f6nnen ihre steuernde Wirkung nur dann vollst\u00e4ndig entfalten, wenn regional variierende Erl\u00f6se die tats\u00e4chlichen wirtschaftlichen Knappheiten angemessen widerspiegeln und entsprechende Investitionsanreize setzen.<\/p>\n\n\n\n<p>\u201eUm die Energiewende effizient voranzutreiben und die Kosten im Rahmen zu halten, ist es entscheidend, dass st\u00e4rker auf Marktsignale gesetzt wird\u201c, betont Prof. Dr. Veronika Grimm. \u201eDies umfasst sowohl ein weiterentwickeltes Strommarktdesign als auch die Bepreisung von Emissionen. Nur so k\u00f6nnen Investitionen wirksam gesteuert und Fehlanreize vermieden werden.\u201c<\/p>\n\n\n\n<h4 class=\"wp-block-heading\">Integrierte Strategie f\u00fcr das Auslaufen der Erdgasnutzung n\u00f6tig<\/h4>\n\n\n\n<p>Neben dem Ende der Kohleverstromung wird auch der Absatz von Mineral\u00f6l und Erdgas in den n\u00e4chsten ein bis zwei Jahrzehnten massiv zur\u00fcckgehen. Das hat Konsequenzen f\u00fcr die Erdgasinfrastruktur, die nur teilweise f\u00fcr Wasserstoff umgenutzt werden kann. Trotzdem muss eine hohe Versorgungssicherheit gew\u00e4hrleistet werden, etwa durch unterschiedliche Bezugsquellen f\u00fcr Erdgas und ausreichend gef\u00fcllte Speicher.<\/p>\n\n\n\n<p>Angesichts der unterschiedlichen m\u00f6glichen Entwicklungen im Gassektor sei f\u00fcr die k\u00fcnftige Gas- und Wasserstoffpolitik eine integrierte und flexible Strategie notwendig, die derzeit noch nicht zu erkennen sei. \u00c4hnliches gelte f\u00fcr die Mineral\u00f6lwirtschaft und die Entwicklung des Raffineriesektors in Deutschland.<\/p>\n\n\n\n<h4 class=\"wp-block-heading\">Erneuerbare Energien weiter ausbauen&nbsp;<\/h4>\n\n\n\n<p>Den Ausbau der Stromerzeugung aus erneuerbaren Energien sieht die Expertenkommission auf einem guten Weg. Gleichzeitig konstatiert sie, dass das Stromsystem aktuell in eine neue Phase eintrete, in der die erneuerbaren Energien bald zwei Drittel der Stromerzeugung abdecken und weitere Teile der W\u00e4rmeversorgung, der Mobilit\u00e4t und der industriellen Prozesse elektrifiziert werden m\u00fcssen.&nbsp;<\/p>\n\n\n\n<p>\u201eDeshalb ist es richtig und notwendig, st\u00e4rkere Anreize f\u00fcr systemdienliche Investitionen und einen systemdienlichen Betrieb von Erzeugungsanlagen, Speichern und der flexiblen Stromnachfrage zu schaffen, um die Integration der erneuerbaren Energien zu verbessern und die dringend ben\u00f6tigte Elektrifizierung zu f\u00f6rdern\u201c, unterstreicht Prof. Dr. Anke Weidlich.&nbsp;<\/p>\n\n\n\n<ul class=\"wp-block-list\">\n<li><a href=\"https:\/\/www.oeko.de\/fileadmin\/oekodoc\/Monitoringbericht-2025.pdf\" target=\"_blank\" rel=\"noreferrer noopener\">Bericht der Expertenkommission zum Energiewende-Monitoring 2025<\/a><\/li>\n<\/ul>\n\n\n<h5 class=\"green\">Quelle<\/h5>\r\n\n\n\n<p><a href=\"https:\/\/www.oeko.de\/news\/pressemeldungen\/expertenkommission-mehr-anstrengungen-fuer-die-energiewende-noetig\/\">\u00d6ko-Institut 2025<\/a><\/p>\n<div class=\"shariff shariff-align-flex-start shariff-widget-align-flex-start\"><div class=\"ShariffHeadline\">Diese Meldung teilen<\/div><ul class=\"shariff-buttons theme-round orientation-horizontal buttonsize-medium\"><li class=\"shariff-button facebook shariff-nocustomcolor\" style=\"background-color:#4273c8;border-radius:1%\"><a href=\"https:\/\/www.facebook.com\/sharer\/sharer.php?u=https%3A%2F%2Fwww.sonnenseite.com%2Fde%2Fpolitik%2Fexpertenkommission-mehr-anstrengungen-fuer-die-energiewende-noetig%2F\" title=\"Bei Facebook teilen\" aria-label=\"Bei Facebook teilen\" role=\"button\" rel=\"nofollow\" class=\"shariff-link\" style=\";border-radius:1%; background-color:#3b5998; color:#fff\" target=\"_blank\"><span class=\"shariff-icon\" style=\"\"><svg width=\"32px\" height=\"20px\" xmlns=\"http:\/\/www.w3.org\/2000\/svg\" viewBox=\"0 0 18 32\"><path fill=\"#3b5998\" d=\"M17.1 0.2v4.7h-2.8q-1.5 0-2.1 0.6t-0.5 1.9v3.4h5.2l-0.7 5.3h-4.5v13.6h-5.5v-13.6h-4.5v-5.3h4.5v-3.9q0-3.3 1.9-5.2t5-1.8q2.6 0 4.1 0.2z\"\/><\/svg><\/span><\/a><\/li><li class=\"shariff-button twitter shariff-nocustomcolor\" style=\"background-color:#595959;border-radius:1%\"><a href=\"https:\/\/twitter.com\/share?url=https%3A%2F%2Fwww.sonnenseite.com%2Fde%2Fpolitik%2Fexpertenkommission-mehr-anstrengungen-fuer-die-energiewende-noetig%2F&text=Expertenkommission%3A%20mehr%20Anstrengungen%20f%C3%BCr%20die%20Energiewende%20n%C3%B6tig\" title=\"Bei X teilen\" aria-label=\"Bei X teilen\" role=\"button\" rel=\"noopener nofollow\" class=\"shariff-link\" style=\";border-radius:1%; background-color:#000; color:#fff\" target=\"_blank\"><span class=\"shariff-icon\" style=\"\"><svg width=\"32px\" height=\"20px\" xmlns=\"http:\/\/www.w3.org\/2000\/svg\" viewBox=\"0 0 24 24\"><path fill=\"#000\" d=\"M14.258 10.152L23.176 0h-2.113l-7.747 8.813L7.133 0H0l9.352 13.328L0 23.973h2.113l8.176-9.309 6.531 9.309h7.133zm-2.895 3.293l-.949-1.328L2.875 1.56h3.246l6.086 8.523.945 1.328 7.91 11.078h-3.246zm0 0\"\/><\/svg><\/span><\/a><\/li><li class=\"shariff-button xing shariff-nocustomcolor\" style=\"background-color:#29888a;border-radius:1%\"><a href=\"https:\/\/www.xing.com\/spi\/shares\/new?url=https%3A%2F%2Fwww.sonnenseite.com%2Fde%2Fpolitik%2Fexpertenkommission-mehr-anstrengungen-fuer-die-energiewende-noetig%2F\" title=\"Bei XING teilen\" aria-label=\"Bei XING teilen\" role=\"button\" rel=\"noopener nofollow\" class=\"shariff-link\" style=\";border-radius:1%; background-color:#126567; color:#fff\" target=\"_blank\"><span class=\"shariff-icon\" style=\"\"><svg width=\"32px\" height=\"20px\" xmlns=\"http:\/\/www.w3.org\/2000\/svg\" viewBox=\"0 0 25 32\"><path fill=\"#126567\" d=\"M10.7 11.9q-0.2 0.3-4.6 8.2-0.5 0.8-1.2 0.8h-4.3q-0.4 0-0.5-0.3t0-0.6l4.5-8q0 0 0 0l-2.9-5q-0.2-0.4 0-0.7 0.2-0.3 0.5-0.3h4.3q0.7 0 1.2 0.8zM25.1 0.4q0.2 0.3 0 0.7l-9.4 16.7 6 11q0.2 0.4 0 0.6-0.2 0.3-0.6 0.3h-4.3q-0.7 0-1.2-0.8l-6-11.1q0.3-0.6 9.5-16.8 0.4-0.8 1.2-0.8h4.3q0.4 0 0.5 0.3z\"\/><\/svg><\/span><\/a><\/li><li class=\"shariff-button linkedin shariff-nocustomcolor\" style=\"background-color:#1488bf;border-radius:1%\"><a href=\"https:\/\/www.linkedin.com\/sharing\/share-offsite\/?url=https%3A%2F%2Fwww.sonnenseite.com%2Fde%2Fpolitik%2Fexpertenkommission-mehr-anstrengungen-fuer-die-energiewende-noetig%2F\" title=\"Bei LinkedIn teilen\" aria-label=\"Bei LinkedIn teilen\" role=\"button\" rel=\"noopener nofollow\" class=\"shariff-link\" style=\";border-radius:1%; background-color:#0077b5; color:#fff\" target=\"_blank\"><span class=\"shariff-icon\" style=\"\"><svg width=\"32px\" height=\"20px\" xmlns=\"http:\/\/www.w3.org\/2000\/svg\" viewBox=\"0 0 27 32\"><path fill=\"#0077b5\" d=\"M6.2 11.2v17.7h-5.9v-17.7h5.9zM6.6 5.7q0 1.3-0.9 2.2t-2.4 0.9h0q-1.5 0-2.4-0.9t-0.9-2.2 0.9-2.2 2.4-0.9 2.4 0.9 0.9 2.2zM27.4 18.7v10.1h-5.9v-9.5q0-1.9-0.7-2.9t-2.3-1.1q-1.1 0-1.9 0.6t-1.2 1.5q-0.2 0.5-0.2 1.4v9.9h-5.9q0-7.1 0-11.6t0-5.3l0-0.9h5.9v2.6h0q0.4-0.6 0.7-1t1-0.9 1.6-0.8 2-0.3q3 0 4.9 2t1.9 6z\"\/><\/svg><\/span><\/a><\/li><li class=\"shariff-button printer shariff-nocustomcolor\" style=\"background-color:#a8a8a8;border-radius:1%\"><a href=\"javascript:window.print()\" title=\"drucken\" aria-label=\"drucken\" role=\"button\" rel=\"noopener nofollow\" class=\"shariff-link\" style=\";border-radius:1%; background-color:#999; color:#fff\"><span class=\"shariff-icon\" style=\"\"><svg width=\"32px\" height=\"20px\" xmlns=\"http:\/\/www.w3.org\/2000\/svg\" viewBox=\"0 0 30 32\"><path fill=\"#999\" d=\"M6.8 27.4h16v-4.6h-16v4.6zM6.8 16h16v-6.8h-2.8q-0.7 0-1.2-0.5t-0.5-1.2v-2.8h-11.4v11.4zM27.4 17.2q0-0.5-0.3-0.8t-0.8-0.4-0.8 0.4-0.3 0.8 0.3 0.8 0.8 0.3 0.8-0.3 0.3-0.8zM29.7 17.2v7.4q0 0.2-0.2 0.4t-0.4 0.2h-4v2.8q0 0.7-0.5 1.2t-1.2 0.5h-17.2q-0.7 0-1.2-0.5t-0.5-1.2v-2.8h-4q-0.2 0-0.4-0.2t-0.2-0.4v-7.4q0-1.4 1-2.4t2.4-1h1.2v-9.7q0-0.7 0.5-1.2t1.2-0.5h12q0.7 0 1.6 0.4t1.3 0.8l2.7 2.7q0.5 0.5 0.9 1.4t0.4 1.6v4.6h1.1q1.4 0 2.4 1t1 2.4z\"\/><\/svg><\/span><\/a><\/li><li class=\"shariff-button mailto shariff-nocustomcolor\" style=\"background-color:#a8a8a8;border-radius:1%\"><a href=\"mailto:?body=https%3A%2F%2Fwww.sonnenseite.com%2Fde%2Fpolitik%2Fexpertenkommission-mehr-anstrengungen-fuer-die-energiewende-noetig%2F&subject=Expertenkommission%3A%20mehr%20Anstrengungen%20f%C3%BCr%20die%20Energiewende%20n%C3%B6tig\" title=\"Per E-Mail versenden\" aria-label=\"Per E-Mail versenden\" role=\"button\" rel=\"noopener nofollow\" class=\"shariff-link\" style=\";border-radius:1%; background-color:#999; color:#fff\"><span class=\"shariff-icon\" style=\"\"><svg width=\"32px\" height=\"20px\" xmlns=\"http:\/\/www.w3.org\/2000\/svg\" viewBox=\"0 0 32 32\"><path fill=\"#999\" d=\"M32 12.7v14.2q0 1.2-0.8 2t-2 0.9h-26.3q-1.2 0-2-0.9t-0.8-2v-14.2q0.8 0.9 1.8 1.6 6.5 4.4 8.9 6.1 1 0.8 1.6 1.2t1.7 0.9 2 0.4h0.1q0.9 0 2-0.4t1.7-0.9 1.6-1.2q3-2.2 8.9-6.1 1-0.7 1.8-1.6zM32 7.4q0 1.4-0.9 2.7t-2.2 2.2q-6.7 4.7-8.4 5.8-0.2 0.1-0.7 0.5t-1 0.7-0.9 0.6-1.1 0.5-0.9 0.2h-0.1q-0.4 0-0.9-0.2t-1.1-0.5-0.9-0.6-1-0.7-0.7-0.5q-1.6-1.1-4.7-3.2t-3.6-2.6q-1.1-0.7-2.1-2t-1-2.5q0-1.4 0.7-2.3t2.1-0.9h26.3q1.2 0 2 0.8t0.9 2z\"\/><\/svg><\/span><\/a><\/li><\/ul><\/div>","protected":false},"excerpt":{"rendered":"<p>Die Expertenkommission zum Energiewende-Monitoring sieht drei zentrale Handlungsfelder, die in den kommenden Jahren politisch st\u00e4rker in [&hellip;]<\/p>\n","protected":false},"author":3,"featured_media":87507,"comment_status":"closed","ping_status":"closed","sticky":false,"template":"","format":"standard","meta":{"inline_featured_image":false,"footnotes":""},"categories":[21],"tags":[],"class_list":["post-111439","post","type-post","status-publish","format-standard","has-post-thumbnail","hentry","category-politik"],"yoast_head":"<!-- This site is optimized with the Yoast SEO plugin v26.5 - https:\/\/yoast.com\/wordpress\/plugins\/seo\/ -->\n<title>Expertenkommission: mehr Anstrengungen f\u00fcr die Energiewende n\u00f6tig - Sonnenseite - \u00d6kologische Kommunikation mit Franz Alt<\/title>\n<meta name=\"description\" content=\"Die Expertenkommission zum Energiewende-Monitoring sieht drei zentrale Handlungsfelder, die in den kommenden Jahren politisch st\u00e4rker in den Fokus r\u00fccken\" \/>\n<meta name=\"robots\" content=\"index, follow, max-snippet:-1, max-image-preview:large, max-video-preview:-1\" \/>\n<link rel=\"canonical\" href=\"https:\/\/www.sonnenseite.com\/de\/politik\/expertenkommission-mehr-anstrengungen-fuer-die-energiewende-noetig\/\" \/>\n<meta property=\"og:locale\" content=\"de_DE\" \/>\n<meta property=\"og:type\" content=\"article\" \/>\n<meta property=\"og:title\" content=\"Expertenkommission: mehr Anstrengungen f\u00fcr die Energiewende n\u00f6tig - Sonnenseite - \u00d6kologische Kommunikation mit Franz Alt\" \/>\n<meta property=\"og:description\" content=\"Die Expertenkommission zum Energiewende-Monitoring sieht drei zentrale Handlungsfelder, die in den kommenden Jahren politisch st\u00e4rker in den Fokus r\u00fccken\" \/>\n<meta property=\"og:url\" content=\"https:\/\/www.sonnenseite.com\/de\/politik\/expertenkommission-mehr-anstrengungen-fuer-die-energiewende-noetig\/\" \/>\n<meta property=\"og:site_name\" content=\"Sonnenseite\" \/>\n<meta property=\"article:publisher\" content=\"https:\/\/www.facebook.com\/pages\/Franz-Alt-SONNENSEITECOM\/221072987903953?fref=ts\" \/>\n<meta property=\"article:published_time\" content=\"2025-12-11T09:23:27+00:00\" \/>\n<meta property=\"article:modified_time\" content=\"2025-12-23T12:15:24+00:00\" \/>\n<meta property=\"og:image\" content=\"https:\/\/www.sonnenseite.com\/wp-content\/uploads\/2022\/12\/Energie_BiancoBlue.jpg\" \/>\n\t<meta property=\"og:image:width\" content=\"770\" \/>\n\t<meta property=\"og:image:height\" content=\"420\" \/>\n\t<meta property=\"og:image:type\" content=\"image\/jpeg\" \/>\n<meta name=\"author\" content=\"Bigi Alt\" \/>\n<meta name=\"twitter:card\" content=\"summary_large_image\" \/>\n<meta name=\"twitter:creator\" content=\"@franzalt\" \/>\n<meta name=\"twitter:site\" content=\"@franzalt\" \/>\n<meta name=\"twitter:label1\" content=\"Verfasst von\" \/>\n\t<meta name=\"twitter:data1\" content=\"Bigi Alt\" \/>\n\t<meta name=\"twitter:label2\" content=\"Gesch\u00e4tzte Lesezeit\" \/>\n\t<meta name=\"twitter:data2\" content=\"4\u00a0Minuten\" \/>\n<script type=\"application\/ld+json\" class=\"yoast-schema-graph\">{\"@context\":\"https:\/\/schema.org\",\"@graph\":[{\"@type\":\"Article\",\"@id\":\"https:\/\/www.sonnenseite.com\/de\/politik\/expertenkommission-mehr-anstrengungen-fuer-die-energiewende-noetig\/#article\",\"isPartOf\":{\"@id\":\"https:\/\/www.sonnenseite.com\/de\/politik\/expertenkommission-mehr-anstrengungen-fuer-die-energiewende-noetig\/\"},\"author\":{\"name\":\"Bigi Alt\",\"@id\":\"https:\/\/www.sonnenseite.com\/de\/#\/schema\/person\/50fda0e926597684c7cc6695238a4eb9\"},\"headline\":\"Expertenkommission: mehr Anstrengungen f\u00fcr die Energiewende n\u00f6tig\",\"datePublished\":\"2025-12-11T09:23:27+00:00\",\"dateModified\":\"2025-12-23T12:15:24+00:00\",\"mainEntityOfPage\":{\"@id\":\"https:\/\/www.sonnenseite.com\/de\/politik\/expertenkommission-mehr-anstrengungen-fuer-die-energiewende-noetig\/\"},\"wordCount\":678,\"publisher\":{\"@id\":\"https:\/\/www.sonnenseite.com\/de\/#organization\"},\"image\":{\"@id\":\"https:\/\/www.sonnenseite.com\/de\/politik\/expertenkommission-mehr-anstrengungen-fuer-die-energiewende-noetig\/#primaryimage\"},\"thumbnailUrl\":\"https:\/\/www.sonnenseite.com\/wp-content\/uploads\/2022\/12\/Energie_BiancoBlue.jpg\",\"articleSection\":[\"Politik\"],\"inLanguage\":\"de\"},{\"@type\":\"WebPage\",\"@id\":\"https:\/\/www.sonnenseite.com\/de\/politik\/expertenkommission-mehr-anstrengungen-fuer-die-energiewende-noetig\/\",\"url\":\"https:\/\/www.sonnenseite.com\/de\/politik\/expertenkommission-mehr-anstrengungen-fuer-die-energiewende-noetig\/\",\"name\":\"Expertenkommission: mehr Anstrengungen f\u00fcr die Energiewende n\u00f6tig - Sonnenseite - \u00d6kologische Kommunikation mit Franz Alt\",\"isPartOf\":{\"@id\":\"https:\/\/www.sonnenseite.com\/de\/#website\"},\"primaryImageOfPage\":{\"@id\":\"https:\/\/www.sonnenseite.com\/de\/politik\/expertenkommission-mehr-anstrengungen-fuer-die-energiewende-noetig\/#primaryimage\"},\"image\":{\"@id\":\"https:\/\/www.sonnenseite.com\/de\/politik\/expertenkommission-mehr-anstrengungen-fuer-die-energiewende-noetig\/#primaryimage\"},\"thumbnailUrl\":\"https:\/\/www.sonnenseite.com\/wp-content\/uploads\/2022\/12\/Energie_BiancoBlue.jpg\",\"datePublished\":\"2025-12-11T09:23:27+00:00\",\"dateModified\":\"2025-12-23T12:15:24+00:00\",\"description\":\"Die Expertenkommission zum Energiewende-Monitoring sieht drei zentrale Handlungsfelder, die in den kommenden Jahren politisch st\u00e4rker in den Fokus r\u00fccken\",\"breadcrumb\":{\"@id\":\"https:\/\/www.sonnenseite.com\/de\/politik\/expertenkommission-mehr-anstrengungen-fuer-die-energiewende-noetig\/#breadcrumb\"},\"inLanguage\":\"de\",\"potentialAction\":[{\"@type\":\"ReadAction\",\"target\":[\"https:\/\/www.sonnenseite.com\/de\/politik\/expertenkommission-mehr-anstrengungen-fuer-die-energiewende-noetig\/\"]}]},{\"@type\":\"ImageObject\",\"inLanguage\":\"de\",\"@id\":\"https:\/\/www.sonnenseite.com\/de\/politik\/expertenkommission-mehr-anstrengungen-fuer-die-energiewende-noetig\/#primaryimage\",\"url\":\"https:\/\/www.sonnenseite.com\/wp-content\/uploads\/2022\/12\/Energie_BiancoBlue.jpg\",\"contentUrl\":\"https:\/\/www.sonnenseite.com\/wp-content\/uploads\/2022\/12\/Energie_BiancoBlue.jpg\",\"width\":770,\"height\":420,\"caption\":\"Depositphotos.com | BiancoBlue\"},{\"@type\":\"BreadcrumbList\",\"@id\":\"https:\/\/www.sonnenseite.com\/de\/politik\/expertenkommission-mehr-anstrengungen-fuer-die-energiewende-noetig\/#breadcrumb\",\"itemListElement\":[{\"@type\":\"ListItem\",\"position\":1,\"name\":\"Startseite\",\"item\":\"https:\/\/www.sonnenseite.com\/de\/\"},{\"@type\":\"ListItem\",\"position\":2,\"name\":\"Expertenkommission: mehr Anstrengungen f\u00fcr die Energiewende n\u00f6tig\"}]},{\"@type\":\"WebSite\",\"@id\":\"https:\/\/www.sonnenseite.com\/de\/#website\",\"url\":\"https:\/\/www.sonnenseite.com\/de\/\",\"name\":\"Sonnenseite\",\"description\":\"\u00d6kologische Kommunikation mit Franz Alt\",\"publisher\":{\"@id\":\"https:\/\/www.sonnenseite.com\/de\/#organization\"},\"potentialAction\":[{\"@type\":\"SearchAction\",\"target\":{\"@type\":\"EntryPoint\",\"urlTemplate\":\"https:\/\/www.sonnenseite.com\/de\/?s={search_term_string}\"},\"query-input\":{\"@type\":\"PropertyValueSpecification\",\"valueRequired\":true,\"valueName\":\"search_term_string\"}}],\"inLanguage\":\"de\"},{\"@type\":\"Organization\",\"@id\":\"https:\/\/www.sonnenseite.com\/de\/#organization\",\"name\":\"Sonnenseite\",\"url\":\"https:\/\/www.sonnenseite.com\/de\/\",\"logo\":{\"@type\":\"ImageObject\",\"inLanguage\":\"de\",\"@id\":\"https:\/\/www.sonnenseite.com\/de\/#\/schema\/logo\/image\/\",\"url\":\"https:\/\/www.sonnenseite.com\/wp-content\/uploads\/2020\/05\/Sonnenseite_Logo.png\",\"contentUrl\":\"https:\/\/www.sonnenseite.com\/wp-content\/uploads\/2020\/05\/Sonnenseite_Logo.png\",\"width\":377,\"height\":90,\"caption\":\"Sonnenseite\"},\"image\":{\"@id\":\"https:\/\/www.sonnenseite.com\/de\/#\/schema\/logo\/image\/\"},\"sameAs\":[\"https:\/\/www.facebook.com\/pages\/Franz-Alt-SONNENSEITECOM\/221072987903953?fref=ts\",\"https:\/\/x.com\/franzalt\",\"http:\/\/www.youtube.com\/results?search_query&amp;amp;quot;franz_alt&amp;amp;quot;&amp;amp;amp;amp;search_type&amp;amp;amp;amp;aq=f\"]},{\"@type\":\"Person\",\"@id\":\"https:\/\/www.sonnenseite.com\/de\/#\/schema\/person\/50fda0e926597684c7cc6695238a4eb9\",\"name\":\"Bigi Alt\"}]}<\/script>\n<!-- \/ Yoast SEO plugin. -->","yoast_head_json":{"title":"Expertenkommission: mehr Anstrengungen f\u00fcr die Energiewende n\u00f6tig - Sonnenseite - \u00d6kologische Kommunikation mit Franz Alt","description":"Die Expertenkommission zum Energiewende-Monitoring sieht drei zentrale Handlungsfelder, die in den kommenden Jahren politisch st\u00e4rker in den Fokus r\u00fccken","robots":{"index":"index","follow":"follow","max-snippet":"max-snippet:-1","max-image-preview":"max-image-preview:large","max-video-preview":"max-video-preview:-1"},"canonical":"https:\/\/www.sonnenseite.com\/de\/politik\/expertenkommission-mehr-anstrengungen-fuer-die-energiewende-noetig\/","og_locale":"de_DE","og_type":"article","og_title":"Expertenkommission: mehr Anstrengungen f\u00fcr die Energiewende n\u00f6tig - Sonnenseite - \u00d6kologische Kommunikation mit Franz Alt","og_description":"Die Expertenkommission zum Energiewende-Monitoring sieht drei zentrale Handlungsfelder, die in den kommenden Jahren politisch st\u00e4rker in den Fokus r\u00fccken","og_url":"https:\/\/www.sonnenseite.com\/de\/politik\/expertenkommission-mehr-anstrengungen-fuer-die-energiewende-noetig\/","og_site_name":"Sonnenseite","article_publisher":"https:\/\/www.facebook.com\/pages\/Franz-Alt-SONNENSEITECOM\/221072987903953?fref=ts","article_published_time":"2025-12-11T09:23:27+00:00","article_modified_time":"2025-12-23T12:15:24+00:00","og_image":[{"width":770,"height":420,"url":"https:\/\/www.sonnenseite.com\/wp-content\/uploads\/2022\/12\/Energie_BiancoBlue.jpg","type":"image\/jpeg"}],"author":"Bigi Alt","twitter_card":"summary_large_image","twitter_creator":"@franzalt","twitter_site":"@franzalt","twitter_misc":{"Verfasst von":"Bigi Alt","Gesch\u00e4tzte Lesezeit":"4\u00a0Minuten"},"schema":{"@context":"https:\/\/schema.org","@graph":[{"@type":"Article","@id":"https:\/\/www.sonnenseite.com\/de\/politik\/expertenkommission-mehr-anstrengungen-fuer-die-energiewende-noetig\/#article","isPartOf":{"@id":"https:\/\/www.sonnenseite.com\/de\/politik\/expertenkommission-mehr-anstrengungen-fuer-die-energiewende-noetig\/"},"author":{"name":"Bigi Alt","@id":"https:\/\/www.sonnenseite.com\/de\/#\/schema\/person\/50fda0e926597684c7cc6695238a4eb9"},"headline":"Expertenkommission: mehr Anstrengungen f\u00fcr die Energiewende n\u00f6tig","datePublished":"2025-12-11T09:23:27+00:00","dateModified":"2025-12-23T12:15:24+00:00","mainEntityOfPage":{"@id":"https:\/\/www.sonnenseite.com\/de\/politik\/expertenkommission-mehr-anstrengungen-fuer-die-energiewende-noetig\/"},"wordCount":678,"publisher":{"@id":"https:\/\/www.sonnenseite.com\/de\/#organization"},"image":{"@id":"https:\/\/www.sonnenseite.com\/de\/politik\/expertenkommission-mehr-anstrengungen-fuer-die-energiewende-noetig\/#primaryimage"},"thumbnailUrl":"https:\/\/www.sonnenseite.com\/wp-content\/uploads\/2022\/12\/Energie_BiancoBlue.jpg","articleSection":["Politik"],"inLanguage":"de"},{"@type":"WebPage","@id":"https:\/\/www.sonnenseite.com\/de\/politik\/expertenkommission-mehr-anstrengungen-fuer-die-energiewende-noetig\/","url":"https:\/\/www.sonnenseite.com\/de\/politik\/expertenkommission-mehr-anstrengungen-fuer-die-energiewende-noetig\/","name":"Expertenkommission: mehr Anstrengungen f\u00fcr die Energiewende n\u00f6tig - Sonnenseite - \u00d6kologische Kommunikation mit Franz Alt","isPartOf":{"@id":"https:\/\/www.sonnenseite.com\/de\/#website"},"primaryImageOfPage":{"@id":"https:\/\/www.sonnenseite.com\/de\/politik\/expertenkommission-mehr-anstrengungen-fuer-die-energiewende-noetig\/#primaryimage"},"image":{"@id":"https:\/\/www.sonnenseite.com\/de\/politik\/expertenkommission-mehr-anstrengungen-fuer-die-energiewende-noetig\/#primaryimage"},"thumbnailUrl":"https:\/\/www.sonnenseite.com\/wp-content\/uploads\/2022\/12\/Energie_BiancoBlue.jpg","datePublished":"2025-12-11T09:23:27+00:00","dateModified":"2025-12-23T12:15:24+00:00","description":"Die Expertenkommission zum Energiewende-Monitoring sieht drei zentrale Handlungsfelder, die in den kommenden Jahren politisch st\u00e4rker in den Fokus r\u00fccken","breadcrumb":{"@id":"https:\/\/www.sonnenseite.com\/de\/politik\/expertenkommission-mehr-anstrengungen-fuer-die-energiewende-noetig\/#breadcrumb"},"inLanguage":"de","potentialAction":[{"@type":"ReadAction","target":["https:\/\/www.sonnenseite.com\/de\/politik\/expertenkommission-mehr-anstrengungen-fuer-die-energiewende-noetig\/"]}]},{"@type":"ImageObject","inLanguage":"de","@id":"https:\/\/www.sonnenseite.com\/de\/politik\/expertenkommission-mehr-anstrengungen-fuer-die-energiewende-noetig\/#primaryimage","url":"https:\/\/www.sonnenseite.com\/wp-content\/uploads\/2022\/12\/Energie_BiancoBlue.jpg","contentUrl":"https:\/\/www.sonnenseite.com\/wp-content\/uploads\/2022\/12\/Energie_BiancoBlue.jpg","width":770,"height":420,"caption":"Depositphotos.com | BiancoBlue"},{"@type":"BreadcrumbList","@id":"https:\/\/www.sonnenseite.com\/de\/politik\/expertenkommission-mehr-anstrengungen-fuer-die-energiewende-noetig\/#breadcrumb","itemListElement":[{"@type":"ListItem","position":1,"name":"Startseite","item":"https:\/\/www.sonnenseite.com\/de\/"},{"@type":"ListItem","position":2,"name":"Expertenkommission: mehr Anstrengungen f\u00fcr die Energiewende n\u00f6tig"}]},{"@type":"WebSite","@id":"https:\/\/www.sonnenseite.com\/de\/#website","url":"https:\/\/www.sonnenseite.com\/de\/","name":"Sonnenseite","description":"\u00d6kologische Kommunikation mit Franz Alt","publisher":{"@id":"https:\/\/www.sonnenseite.com\/de\/#organization"},"potentialAction":[{"@type":"SearchAction","target":{"@type":"EntryPoint","urlTemplate":"https:\/\/www.sonnenseite.com\/de\/?s={search_term_string}"},"query-input":{"@type":"PropertyValueSpecification","valueRequired":true,"valueName":"search_term_string"}}],"inLanguage":"de"},{"@type":"Organization","@id":"https:\/\/www.sonnenseite.com\/de\/#organization","name":"Sonnenseite","url":"https:\/\/www.sonnenseite.com\/de\/","logo":{"@type":"ImageObject","inLanguage":"de","@id":"https:\/\/www.sonnenseite.com\/de\/#\/schema\/logo\/image\/","url":"https:\/\/www.sonnenseite.com\/wp-content\/uploads\/2020\/05\/Sonnenseite_Logo.png","contentUrl":"https:\/\/www.sonnenseite.com\/wp-content\/uploads\/2020\/05\/Sonnenseite_Logo.png","width":377,"height":90,"caption":"Sonnenseite"},"image":{"@id":"https:\/\/www.sonnenseite.com\/de\/#\/schema\/logo\/image\/"},"sameAs":["https:\/\/www.facebook.com\/pages\/Franz-Alt-SONNENSEITECOM\/221072987903953?fref=ts","https:\/\/x.com\/franzalt","http:\/\/www.youtube.com\/results?search_query&amp;amp;quot;franz_alt&amp;amp;quot;&amp;amp;amp;amp;search_type&amp;amp;amp;amp;aq=f"]},{"@type":"Person","@id":"https:\/\/www.sonnenseite.com\/de\/#\/schema\/person\/50fda0e926597684c7cc6695238a4eb9","name":"Bigi Alt"}]}},"_links":{"self":[{"href":"https:\/\/www.sonnenseite.com\/de\/wp-json\/wp\/v2\/posts\/111439","targetHints":{"allow":["GET"]}}],"collection":[{"href":"https:\/\/www.sonnenseite.com\/de\/wp-json\/wp\/v2\/posts"}],"about":[{"href":"https:\/\/www.sonnenseite.com\/de\/wp-json\/wp\/v2\/types\/post"}],"author":[{"embeddable":true,"href":"https:\/\/www.sonnenseite.com\/de\/wp-json\/wp\/v2\/users\/3"}],"replies":[{"embeddable":true,"href":"https:\/\/www.sonnenseite.com\/de\/wp-json\/wp\/v2\/comments?post=111439"}],"version-history":[{"count":2,"href":"https:\/\/www.sonnenseite.com\/de\/wp-json\/wp\/v2\/posts\/111439\/revisions"}],"predecessor-version":[{"id":111441,"href":"https:\/\/www.sonnenseite.com\/de\/wp-json\/wp\/v2\/posts\/111439\/revisions\/111441"}],"wp:featuredmedia":[{"embeddable":true,"href":"https:\/\/www.sonnenseite.com\/de\/wp-json\/wp\/v2\/media\/87507"}],"wp:attachment":[{"href":"https:\/\/www.sonnenseite.com\/de\/wp-json\/wp\/v2\/media?parent=111439"}],"wp:term":[{"taxonomy":"category","embeddable":true,"href":"https:\/\/www.sonnenseite.com\/de\/wp-json\/wp\/v2\/categories?post=111439"},{"taxonomy":"post_tag","embeddable":true,"href":"https:\/\/www.sonnenseite.com\/de\/wp-json\/wp\/v2\/tags?post=111439"}],"curies":[{"name":"wp","href":"https:\/\/api.w.org\/{rel}","templated":true}]}}