{"id":111808,"date":"2026-01-02T02:53:00","date_gmt":"2026-01-02T01:53:00","guid":{"rendered":"https:\/\/www.sonnenseite.com\/?p=111808"},"modified":"2026-01-02T20:11:14","modified_gmt":"2026-01-02T19:11:14","slug":"oeffentliche-stromerzeugung-2025-wind-und-solar-erstmals-als-doppelspitze","status":"publish","type":"post","link":"https:\/\/www.sonnenseite.com\/de\/energie\/oeffentliche-stromerzeugung-2025-wind-und-solar-erstmals-als-doppelspitze\/","title":{"rendered":"\u00d6ffentliche Stromerzeugung 2025: Wind und Solar erstmals als Doppelspitze"},"content":{"rendered":"\n<p>Der Anteil der in Deutschland in das \u00f6ffentliche Stromnetz eingespeisten erneuerbaren Energien am Strommix, der tats\u00e4chlich aus der Steckdose kommt, lag 2025 wie im Vorjahr bei 55,9 Prozent. <\/p>\n\n\n\n<p>Der st\u00e4rkste Nettostromerzeuger war dabei die Windkraft, gefolgt von der Photovoltaik, die ihre Produktion um 21 Prozent steigerte und somit erstmals die Braunkohle \u00fcberholte. Der Anteil der Stromerzeugung aus fossilen Quellen stagnierte 2025, wobei die r\u00fcckl\u00e4ufige Braunkohlestromerzeugung durch eine steigende Erdgasnutzung ausgeglichen wurde. Der Importanteil am Strommix ist 2025 gegen\u00fcber dem Vorjahr gesunken. Grundlage dieser Auswertung ist die Datenplattform <a href=\"http:\/\/energy- charts.info\">energy-charts.info<\/a> des Fraunhofer-Instituts f\u00fcr Solare Energiesysteme ISE, die f\u00fcr ganz Europa interaktive Grafiken zur Stromerzeugung bietet.<\/p>\n\n\n<div class=\"wp-block-image\">\n<figure class=\"aligncenter size-large is-resized\"><a class=\"lightbox\" href=\"https:\/\/www.sonnenseite.com\/wp-content\/uploads\/2026\/01\/FraunhoferISE_Solar_Kohle.jpg\"><img loading=\"lazy\" decoding=\"async\" width=\"1024\" height=\"486\" src=\"https:\/\/www.sonnenseite.com\/wp-content\/uploads\/2026\/01\/FraunhoferISE_Solar_Kohle-1024x486.jpg\" alt=\"\" class=\"wp-image-111809\" style=\"aspect-ratio:2.1070392725562437;width:726px;height:auto\" srcset=\"https:\/\/www.sonnenseite.com\/wp-content\/uploads\/2026\/01\/FraunhoferISE_Solar_Kohle-1024x486.jpg 1024w, https:\/\/www.sonnenseite.com\/wp-content\/uploads\/2026\/01\/FraunhoferISE_Solar_Kohle-300x142.jpg 300w, https:\/\/www.sonnenseite.com\/wp-content\/uploads\/2026\/01\/FraunhoferISE_Solar_Kohle-768x364.jpg 768w, https:\/\/www.sonnenseite.com\/wp-content\/uploads\/2026\/01\/FraunhoferISE_Solar_Kohle.jpg 1265w\" sizes=\"auto, (max-width: 1024px) 100vw, 1024px\" \/><\/a><figcaption class=\"wp-element-caption\">\u00a9 Fraunhofer ISE\/energy-charts.infoEU-weit lag die Photovoltaik 2025 erstmals vor der Kohlestromerzeugung.<\/figcaption><\/figure>\n<\/div>\n\n\n<p>St\u00e4rkster Nettostromerzeuger war die <strong>Windkraft<\/strong>, obwohl die Produktion aufgrund schlechterer Windverh\u00e4ltnisse mit 132 Terawattstunden (TWh) um 3,2 Prozent niedriger war als im Vorjahr. Der Anteil von Wind onshore betrug etwa 106 TWh, Wind offshore erzeugte etwa 26,1 TWh. Onshore wurden 4,5 Gigawatt (GW) neuer Leistung zugebaut, offshore nur 0,29 GW. Damit bleibt der Windausbau deutlich unter den deutschen Ausbauzielen zur\u00fcck: Ende 2025 war eine installierte Leistung von 76,5 GW vorgesehen, tats\u00e4chlich installiert sind nur 68,1 GW.<\/p>\n\n\n\n<p><strong>Photovoltaikanlagen<\/strong> haben im Jahr 2025 ca. 87 TWh Strom erzeugt. Davon wurden ca. 71 TWh in das \u00f6ffentliche Netz eingespeist und beachtliche 16,9 TWh selbst verbraucht. Die gesamte Produktion hat sich gegen\u00fcber dem Vorjahr um ca. 15 TWh bzw. 21 Prozent erh\u00f6ht, wodurch die Photovoltaik bei der \u00f6ffentlichen Nettostromerzeugung auf Platz zwei vorr\u00fcckte. Die installierte Solarleistung lag Ende 2025 bei 116,8 Gigawatt Modulleistung (DC), \u00fcber das Jahr wurden ca. 16,2 GW<sub>DC<\/sub> Leistung netto zugebaut (entspricht 14,3 GW<sub>AC<\/sub>). Um die deutschen Klimaziele zu erreichen, muss dieser Ausbau 2026 auf 22 Gigawatt gesteigert werden.<\/p>\n\n\n\n<p>Der starke Anstieg der Solarstromerzeugung ist ein <strong>EU<\/strong>-weiter Trend: 2025 lag die Stromerzeugung aus PV in den EU-L\u00e4ndern mit 275 TWh erstmals \u00fcber der Summe aus Braun- und Steinkohle (243 TWh). In zehn Jahren hat sich die Erzeugung aus Photovoltaik verdreifacht, die Kohlestromerzeugung ging dagegen um 60 Prozent zur\u00fcck.<\/p>\n\n\n\n<p>Aus <strong>Biomasse<\/strong> wurden in Deutschland ca. 41,1 TWh Strom produziert (2024: 37 TWh), wobei 36 TWh ins Netz eingespeist und 5,1 TWh selbst verbraucht wurden. Die <strong>Wasserkraft <\/strong>produzierte aufgrund niedriger Niederschl\u00e4ge nur ca. 17,8 TWh (2024: 22,3 TWh). Mit 655 Litern pro Quadratmeter lag die Niederschlagsmenge in Deutschland 27 Prozent niedriger als 2024 (902 l\/m\u00b2) und 17 Prozent unter dem Mittel der Referenzperiode 1961 bis 1990 (789 l\/m\u00b2).<\/p>\n\n\n\n<p>In Summe produzierten die erneuerbaren Energiequellen Solar, Wind, Wasser, Biomasse und Geothermie im Jahr 2025 ca. 278 TWh, wovon 256 TWh in das \u00f6ffentliche Stromnetz eingespeist und 22 TWh selbst verbraucht wurden. Die Erzeugung aus erneuerbaren Energien stieg gegen\u00fcber dem Vorjahr um 6 TWh. Dennoch verfehlt die erneuerbare Nettostromerzeugung deutlich den f\u00fcr 2025 angestrebten Wert von 346 TWh. Hauptursache sind die Ausbauverfehlungen bei Wind onshore und offshore: Aufgrund unterschiedlicher Volllaststunden wirken sich fehlende Leistungen bei Wind onshore etwa doppelt, bei Wind offshore rund 3,5-fach auf die Strommengen aus.&nbsp;Hinzu kommen hohe Eigenverbrauchsanteile bei Photovoltaik sowie zunehmend suboptimale Ausrichtungen (z. B. Ost-West), die die Netzvertr\u00e4glichkeit verbessern, aber den spezifischen Ertrag senken.<\/p>\n\n\n\n<p>Bei <strong>Batteriespeichern<\/strong> ist eine besonders dynamische Entwicklung zu beobachten. Hohe untert\u00e4gige Strompreisschwankungen machen ihren Betrieb attraktiv, w\u00e4hrend stark gesunkene Kosten infolge der Skalierung im Mobilit\u00e4tssektor Investitionen beg\u00fcnstigen. Entsprechend w\u00e4chst das Interesse an Netzanschl\u00fcssen f\u00fcr Gro\u00dfbatteriespeicher, von denen bereits mehrere in Betrieb sind; im Marktstammdatenregister sind zudem 11,5 GWh mit geplantem Inbetriebnahmedatum verzeichnet. Die Kapazit\u00e4t der Gro\u00dfbatteriespeicher stieg im Jahresverlauf von 2,3 auf 3,7 GWh (+60 Prozent). Insgesamt sind derzeit knapp 25 GWh Batteriespeicher-Kapazit\u00e4t installiert, der Gro\u00dfteil mit knapp 20 GWh als Heimspeicher. Die Modellierungen des Fraunhofer ISE zeigen je nach Szenario bis 2030 einen Speicherbedarf von 100 bis 170 GWh auf. \u00bbMit dem Hochlauf von Gro\u00dfbatteriespeichern ver\u00e4ndert sich die Funktionsweise des deutschen Stromsystems grundlegend. W\u00e4hrend Effekte auf die kurzfristige Flexibilit\u00e4tsbereitstellung bereits sichtbar sind, lassen sich systemische Auswirkungen z.B. auf Reservekraftwerke bislang nur absch\u00e4tzen. Diese Entwicklungen erfordern, Batteriespeicher explizit in der Ausbauplanung, in der Systemplanung sowie im Strommarktdesign zu ber\u00fccksichtigen\u00ab, erkl\u00e4rt Leonhard Gandhi, Projektleiter Energy-Charts am Fraunhofer ISE.&nbsp;<\/p>\n\n\n\n<h4 class=\"wp-block-heading\">Erzeugung aus fossilen Quellen konstant, Importe r\u00fcckl\u00e4ufig<\/h4>\n\n\n\n<p>Die Netto-Stromerzeugung aus <strong>Braunkohlekraftwerken<\/strong> ging um 3,9 TWh auf 67,2 TWh zur\u00fcck. Die Bruttostromerzeugung fiel auf das Niveau von 1961.<\/p>\n\n\n\n<p>Die Nettoproduktion aus <strong>Steinkohlekraftwerken<\/strong> f\u00fcr den \u00f6ffentlichen Stromverbrauch stieg leicht auf 26,7 TWh (2024: 24,3 TWh). Die Bruttostromerzeugung aus Steinkohle lag auf dem Niveau von 1952.<\/p>\n\n\n\n<p><strong>Erdgaskraftwerke<\/strong> haben 52,4 TWh netto f\u00fcr die \u00f6ffentliche Stromversorgung und 26,1 TWh f\u00fcr den industriellen Eigenverbrauch produziert. Die Produktion lag damit 3,7 TWh \u00fcber dem Niveau des Vorjahres.<\/p>\n\n\n\n<p>Die <strong>Kohlendioxidemissionen<\/strong> \u00fcber alle Quellen der deutschen Stromerzeugung lagen nach ersten Hochrechnungen bei 160 Millionen Tonnen (auf dem Niveau von 2024) und 58 Prozent niedriger als zu Beginn der Datenerhebung 1990.<\/p>\n\n\n\n<p>Die Emissionen der Kohleverstromung sind gegen\u00fcber dem Vorjahr um 4 Prozent gestiegen und gegen\u00fcber 1990 um 69 Prozent gesunken.<\/p>\n\n\n\n<p>Im Jahr 2025 hatte Deutschland beim <strong>Stromhandel<\/strong> einen Import von 76,2 TWh gegen\u00fcber einem Export von 54,3 TWh, wodurch sich im Saldo ein Import\u00fcberschuss von ca. 21,9 TWh ergab. Das ist ein R\u00fcckgang von 6,4 TWh gegen\u00fcber 2024. Gr\u00fcnde f\u00fcr die zur\u00fcckgegangenen Importe waren insbesondere die niedrigen Gaspreise und die h\u00f6heren B\u00f6rsenstrompreise in Deutschland und den Nachbarl\u00e4ndern, die zu mehr Eigenerzeugung aus Erdgas f\u00fchrten. Der Gro\u00dfteil der Importe kam aus D\u00e4nemark (12,4 TWh), Frankreich (11,2 TWh), den Niederlanden (8,4 TWh) und Norwegen (7 TWh). Deutschland exportierte Strom im Saldo nach \u00d6sterreich (12,2 TWh), Tschechien (4,2 TWh), Luxemburg (3,5 TWh) und Polen (3,4 TWh).<\/p>\n\n\n\n<h4 class=\"wp-block-heading\">B\u00f6rsenstrompreise gestiegen<\/h4>\n\n\n\n<p>Die <strong>Last<\/strong> im \u00f6ffentlichen Stromnetz lag mit 466 TWh auf dem Niveau von 2024.<\/p>\n\n\n\n<p>Sie beinhaltet den Stromverbrauch aus dem Netz und die Netzverluste, aber nicht den Pumpstromverbrauch, den Eigenverbrauch der konventionellen Kraftwerke und der Solaranlagen.<\/p>\n\n\n\n<p>Die gesamte Last inklusive des selbst verbrauchten Solarstroms (16,9 TWh) und der Eigenerzeugung der Industrie aus Erdgaskraftwerken (26,1 TWh) lag bei 495 TWh und damit auf dem Niveau des Vorjahres.<\/p>\n\n\n\n<p>Der durchschnittliche volumengewichtete <strong>Day-Ahead B\u00f6rsenstrompreis<\/strong> lag mit 86,55\u20ac\/MWh bzw. 8,65 Cent\/kWh etwa 10,9 Prozent h\u00f6her als 2024 (78,01 \u20ac\/MWh).<\/p>\n\n\n\n<p>Der durchschnittliche volumengewichtete <strong>Intraday Stundenpreis<\/strong> betrug 89,38 \u20ac\/MWh bzw. 8,94 Cent\/kWh gegen\u00fcber 82,25 \u20ac\/MWh im Jahr 2024.<\/p>\n\n\n<div class=\"wp-block-image\">\n<figure class=\"aligncenter size-large is-resized\"><a href=\"https:\/\/www.sonnenseite.com\/wp-content\/uploads\/2026\/01\/gesamte_Nettostromerzeugung.jpg\"><img loading=\"lazy\" decoding=\"async\" width=\"1024\" height=\"564\" src=\"https:\/\/www.sonnenseite.com\/wp-content\/uploads\/2026\/01\/gesamte_Nettostromerzeugung-1024x564.jpg\" alt=\"\" class=\"wp-image-111811\" style=\"aspect-ratio:1.8156917049446095;width:720px;height:auto\" srcset=\"https:\/\/www.sonnenseite.com\/wp-content\/uploads\/2026\/01\/gesamte_Nettostromerzeugung-1024x564.jpg 1024w, https:\/\/www.sonnenseite.com\/wp-content\/uploads\/2026\/01\/gesamte_Nettostromerzeugung-300x165.jpg 300w, https:\/\/www.sonnenseite.com\/wp-content\/uploads\/2026\/01\/gesamte_Nettostromerzeugung-768x423.jpg 768w, https:\/\/www.sonnenseite.com\/wp-content\/uploads\/2026\/01\/gesamte_Nettostromerzeugung.jpg 1089w\" sizes=\"auto, (max-width: 1024px) 100vw, 1024px\" \/><\/a><figcaption class=\"wp-element-caption\">Fraunhofer ISE\/energy-charts.info | Wind und Photovoltaik waren in 2025 erstmals die f\u00fchrenden Nettostromerzeuger.<\/figcaption><\/figure>\n<\/div>\n\n<h5 class=\"green\">Quelle<\/h5>\r\n\n\n\n<p><a href=\"https:\/\/www.ise.fraunhofer.de\/de\/presse-und-medien\/presseinformationen\/2026\/oeffentliche-stromerzeugung-2025-wind-und-solar-erstmals-als-doppelspitze.html\">Fraunhofer ISE 2025<\/a><\/p>\n<div class=\"shariff shariff-align-flex-start shariff-widget-align-flex-start\"><div class=\"ShariffHeadline\">Diese Meldung teilen<\/div><ul class=\"shariff-buttons theme-round orientation-horizontal buttonsize-medium\"><li class=\"shariff-button facebook shariff-nocustomcolor\" style=\"background-color:#4273c8;border-radius:1%\"><a href=\"https:\/\/www.facebook.com\/sharer\/sharer.php?u=https%3A%2F%2Fwww.sonnenseite.com%2Fde%2Fenergie%2Foeffentliche-stromerzeugung-2025-wind-und-solar-erstmals-als-doppelspitze%2F\" title=\"Bei Facebook teilen\" aria-label=\"Bei Facebook teilen\" role=\"button\" rel=\"nofollow\" class=\"shariff-link\" style=\";border-radius:1%; background-color:#3b5998; color:#fff\" target=\"_blank\"><span class=\"shariff-icon\" style=\"\"><svg width=\"32px\" height=\"20px\" xmlns=\"http:\/\/www.w3.org\/2000\/svg\" viewBox=\"0 0 18 32\"><path fill=\"#3b5998\" d=\"M17.1 0.2v4.7h-2.8q-1.5 0-2.1 0.6t-0.5 1.9v3.4h5.2l-0.7 5.3h-4.5v13.6h-5.5v-13.6h-4.5v-5.3h4.5v-3.9q0-3.3 1.9-5.2t5-1.8q2.6 0 4.1 0.2z\"\/><\/svg><\/span><\/a><\/li><li class=\"shariff-button twitter shariff-nocustomcolor\" style=\"background-color:#595959;border-radius:1%\"><a href=\"https:\/\/twitter.com\/share?url=https%3A%2F%2Fwww.sonnenseite.com%2Fde%2Fenergie%2Foeffentliche-stromerzeugung-2025-wind-und-solar-erstmals-als-doppelspitze%2F&text=%C3%96ffentliche%20Stromerzeugung%202025%3A%20Wind%20und%20Solar%20erstmals%20als%20Doppelspitze\" title=\"Bei X teilen\" aria-label=\"Bei X teilen\" role=\"button\" rel=\"noopener nofollow\" class=\"shariff-link\" style=\";border-radius:1%; background-color:#000; color:#fff\" target=\"_blank\"><span class=\"shariff-icon\" style=\"\"><svg width=\"32px\" height=\"20px\" xmlns=\"http:\/\/www.w3.org\/2000\/svg\" viewBox=\"0 0 24 24\"><path fill=\"#000\" d=\"M14.258 10.152L23.176 0h-2.113l-7.747 8.813L7.133 0H0l9.352 13.328L0 23.973h2.113l8.176-9.309 6.531 9.309h7.133zm-2.895 3.293l-.949-1.328L2.875 1.56h3.246l6.086 8.523.945 1.328 7.91 11.078h-3.246zm0 0\"\/><\/svg><\/span><\/a><\/li><li class=\"shariff-button xing shariff-nocustomcolor\" style=\"background-color:#29888a;border-radius:1%\"><a href=\"https:\/\/www.xing.com\/spi\/shares\/new?url=https%3A%2F%2Fwww.sonnenseite.com%2Fde%2Fenergie%2Foeffentliche-stromerzeugung-2025-wind-und-solar-erstmals-als-doppelspitze%2F\" title=\"Bei XING teilen\" aria-label=\"Bei XING teilen\" role=\"button\" rel=\"noopener nofollow\" class=\"shariff-link\" style=\";border-radius:1%; background-color:#126567; color:#fff\" target=\"_blank\"><span class=\"shariff-icon\" style=\"\"><svg width=\"32px\" height=\"20px\" xmlns=\"http:\/\/www.w3.org\/2000\/svg\" viewBox=\"0 0 25 32\"><path fill=\"#126567\" d=\"M10.7 11.9q-0.2 0.3-4.6 8.2-0.5 0.8-1.2 0.8h-4.3q-0.4 0-0.5-0.3t0-0.6l4.5-8q0 0 0 0l-2.9-5q-0.2-0.4 0-0.7 0.2-0.3 0.5-0.3h4.3q0.7 0 1.2 0.8zM25.1 0.4q0.2 0.3 0 0.7l-9.4 16.7 6 11q0.2 0.4 0 0.6-0.2 0.3-0.6 0.3h-4.3q-0.7 0-1.2-0.8l-6-11.1q0.3-0.6 9.5-16.8 0.4-0.8 1.2-0.8h4.3q0.4 0 0.5 0.3z\"\/><\/svg><\/span><\/a><\/li><li class=\"shariff-button linkedin shariff-nocustomcolor\" style=\"background-color:#1488bf;border-radius:1%\"><a href=\"https:\/\/www.linkedin.com\/sharing\/share-offsite\/?url=https%3A%2F%2Fwww.sonnenseite.com%2Fde%2Fenergie%2Foeffentliche-stromerzeugung-2025-wind-und-solar-erstmals-als-doppelspitze%2F\" title=\"Bei LinkedIn teilen\" aria-label=\"Bei LinkedIn teilen\" role=\"button\" rel=\"noopener nofollow\" class=\"shariff-link\" style=\";border-radius:1%; background-color:#0077b5; color:#fff\" target=\"_blank\"><span class=\"shariff-icon\" style=\"\"><svg width=\"32px\" height=\"20px\" xmlns=\"http:\/\/www.w3.org\/2000\/svg\" viewBox=\"0 0 27 32\"><path fill=\"#0077b5\" d=\"M6.2 11.2v17.7h-5.9v-17.7h5.9zM6.6 5.7q0 1.3-0.9 2.2t-2.4 0.9h0q-1.5 0-2.4-0.9t-0.9-2.2 0.9-2.2 2.4-0.9 2.4 0.9 0.9 2.2zM27.4 18.7v10.1h-5.9v-9.5q0-1.9-0.7-2.9t-2.3-1.1q-1.1 0-1.9 0.6t-1.2 1.5q-0.2 0.5-0.2 1.4v9.9h-5.9q0-7.1 0-11.6t0-5.3l0-0.9h5.9v2.6h0q0.4-0.6 0.7-1t1-0.9 1.6-0.8 2-0.3q3 0 4.9 2t1.9 6z\"\/><\/svg><\/span><\/a><\/li><li class=\"shariff-button printer shariff-nocustomcolor\" style=\"background-color:#a8a8a8;border-radius:1%\"><a href=\"javascript:window.print()\" title=\"drucken\" aria-label=\"drucken\" role=\"button\" rel=\"noopener nofollow\" class=\"shariff-link\" style=\";border-radius:1%; background-color:#999; color:#fff\"><span class=\"shariff-icon\" style=\"\"><svg width=\"32px\" height=\"20px\" xmlns=\"http:\/\/www.w3.org\/2000\/svg\" viewBox=\"0 0 30 32\"><path fill=\"#999\" d=\"M6.8 27.4h16v-4.6h-16v4.6zM6.8 16h16v-6.8h-2.8q-0.7 0-1.2-0.5t-0.5-1.2v-2.8h-11.4v11.4zM27.4 17.2q0-0.5-0.3-0.8t-0.8-0.4-0.8 0.4-0.3 0.8 0.3 0.8 0.8 0.3 0.8-0.3 0.3-0.8zM29.7 17.2v7.4q0 0.2-0.2 0.4t-0.4 0.2h-4v2.8q0 0.7-0.5 1.2t-1.2 0.5h-17.2q-0.7 0-1.2-0.5t-0.5-1.2v-2.8h-4q-0.2 0-0.4-0.2t-0.2-0.4v-7.4q0-1.4 1-2.4t2.4-1h1.2v-9.7q0-0.7 0.5-1.2t1.2-0.5h12q0.7 0 1.6 0.4t1.3 0.8l2.7 2.7q0.5 0.5 0.9 1.4t0.4 1.6v4.6h1.1q1.4 0 2.4 1t1 2.4z\"\/><\/svg><\/span><\/a><\/li><li class=\"shariff-button mailto shariff-nocustomcolor\" style=\"background-color:#a8a8a8;border-radius:1%\"><a href=\"mailto:?body=https%3A%2F%2Fwww.sonnenseite.com%2Fde%2Fenergie%2Foeffentliche-stromerzeugung-2025-wind-und-solar-erstmals-als-doppelspitze%2F&subject=%C3%96ffentliche%20Stromerzeugung%202025%3A%20Wind%20und%20Solar%20erstmals%20als%20Doppelspitze\" title=\"Per E-Mail versenden\" aria-label=\"Per E-Mail versenden\" role=\"button\" rel=\"noopener nofollow\" class=\"shariff-link\" style=\";border-radius:1%; background-color:#999; color:#fff\"><span class=\"shariff-icon\" style=\"\"><svg width=\"32px\" height=\"20px\" xmlns=\"http:\/\/www.w3.org\/2000\/svg\" viewBox=\"0 0 32 32\"><path fill=\"#999\" d=\"M32 12.7v14.2q0 1.2-0.8 2t-2 0.9h-26.3q-1.2 0-2-0.9t-0.8-2v-14.2q0.8 0.9 1.8 1.6 6.5 4.4 8.9 6.1 1 0.8 1.6 1.2t1.7 0.9 2 0.4h0.1q0.9 0 2-0.4t1.7-0.9 1.6-1.2q3-2.2 8.9-6.1 1-0.7 1.8-1.6zM32 7.4q0 1.4-0.9 2.7t-2.2 2.2q-6.7 4.7-8.4 5.8-0.2 0.1-0.7 0.5t-1 0.7-0.9 0.6-1.1 0.5-0.9 0.2h-0.1q-0.4 0-0.9-0.2t-1.1-0.5-0.9-0.6-1-0.7-0.7-0.5q-1.6-1.1-4.7-3.2t-3.6-2.6q-1.1-0.7-2.1-2t-1-2.5q0-1.4 0.7-2.3t2.1-0.9h26.3q1.2 0 2 0.8t0.9 2z\"\/><\/svg><\/span><\/a><\/li><\/ul><\/div>","protected":false},"excerpt":{"rendered":"<p>Der Anteil der in Deutschland in das \u00f6ffentliche Stromnetz eingespeisten erneuerbaren Energien am Strommix, der tats\u00e4chlich [&hellip;]<\/p>\n","protected":false},"author":3,"featured_media":102544,"comment_status":"closed","ping_status":"closed","sticky":false,"template":"","format":"standard","meta":{"inline_featured_image":false,"footnotes":""},"categories":[22],"tags":[],"class_list":["post-111808","post","type-post","status-publish","format-standard","has-post-thumbnail","hentry","category-energie"],"yoast_head":"<!-- This site is optimized with the Yoast SEO plugin v26.5 - https:\/\/yoast.com\/wordpress\/plugins\/seo\/ -->\n<title>\u00d6ffentliche Stromerzeugung 2025: Wind und Solar erstmals als Doppelspitze - Sonnenseite - \u00d6kologische Kommunikation mit Franz Alt<\/title>\n<meta name=\"description\" content=\"Der Anteil der in Deutschland in das \u00f6ffentliche Stromnetz eingespeisten erneuerbaren Energien am Strommix, der tats\u00e4chlich aus der Steckdose kommt, lag\" \/>\n<meta name=\"robots\" content=\"index, follow, max-snippet:-1, max-image-preview:large, max-video-preview:-1\" \/>\n<link rel=\"canonical\" href=\"https:\/\/www.sonnenseite.com\/de\/energie\/oeffentliche-stromerzeugung-2025-wind-und-solar-erstmals-als-doppelspitze\/\" \/>\n<meta property=\"og:locale\" content=\"de_DE\" \/>\n<meta property=\"og:type\" content=\"article\" \/>\n<meta property=\"og:title\" content=\"\u00d6ffentliche Stromerzeugung 2025: Wind und Solar erstmals als Doppelspitze - Sonnenseite - \u00d6kologische Kommunikation mit Franz Alt\" \/>\n<meta property=\"og:description\" content=\"Der Anteil der in Deutschland in das \u00f6ffentliche Stromnetz eingespeisten erneuerbaren Energien am Strommix, der tats\u00e4chlich aus der Steckdose kommt, lag\" \/>\n<meta property=\"og:url\" content=\"https:\/\/www.sonnenseite.com\/de\/energie\/oeffentliche-stromerzeugung-2025-wind-und-solar-erstmals-als-doppelspitze\/\" \/>\n<meta property=\"og:site_name\" content=\"Sonnenseite\" \/>\n<meta property=\"article:publisher\" content=\"https:\/\/www.facebook.com\/pages\/Franz-Alt-SONNENSEITECOM\/221072987903953?fref=ts\" \/>\n<meta property=\"article:published_time\" content=\"2026-01-02T01:53:00+00:00\" \/>\n<meta property=\"article:modified_time\" content=\"2026-01-02T19:11:14+00:00\" \/>\n<meta property=\"og:image\" content=\"https:\/\/www.sonnenseite.com\/wp-content\/uploads\/2024\/10\/solar_wind_NewAfrica.jpg\" \/>\n\t<meta property=\"og:image:width\" content=\"770\" \/>\n\t<meta property=\"og:image:height\" content=\"420\" \/>\n\t<meta property=\"og:image:type\" content=\"image\/jpeg\" \/>\n<meta name=\"author\" content=\"Bigi Alt\" \/>\n<meta name=\"twitter:card\" content=\"summary_large_image\" \/>\n<meta name=\"twitter:creator\" content=\"@franzalt\" \/>\n<meta name=\"twitter:site\" content=\"@franzalt\" \/>\n<meta name=\"twitter:label1\" content=\"Verfasst von\" \/>\n\t<meta name=\"twitter:data1\" content=\"Bigi Alt\" \/>\n\t<meta name=\"twitter:label2\" content=\"Gesch\u00e4tzte Lesezeit\" \/>\n\t<meta name=\"twitter:data2\" content=\"7\u00a0Minuten\" \/>\n<script type=\"application\/ld+json\" class=\"yoast-schema-graph\">{\"@context\":\"https:\/\/schema.org\",\"@graph\":[{\"@type\":\"Article\",\"@id\":\"https:\/\/www.sonnenseite.com\/de\/energie\/oeffentliche-stromerzeugung-2025-wind-und-solar-erstmals-als-doppelspitze\/#article\",\"isPartOf\":{\"@id\":\"https:\/\/www.sonnenseite.com\/de\/energie\/oeffentliche-stromerzeugung-2025-wind-und-solar-erstmals-als-doppelspitze\/\"},\"author\":{\"name\":\"Bigi Alt\",\"@id\":\"https:\/\/www.sonnenseite.com\/de\/#\/schema\/person\/50fda0e926597684c7cc6695238a4eb9\"},\"headline\":\"\u00d6ffentliche Stromerzeugung 2025: Wind und Solar erstmals als Doppelspitze\",\"datePublished\":\"2026-01-02T01:53:00+00:00\",\"dateModified\":\"2026-01-02T19:11:14+00:00\",\"mainEntityOfPage\":{\"@id\":\"https:\/\/www.sonnenseite.com\/de\/energie\/oeffentliche-stromerzeugung-2025-wind-und-solar-erstmals-als-doppelspitze\/\"},\"wordCount\":994,\"publisher\":{\"@id\":\"https:\/\/www.sonnenseite.com\/de\/#organization\"},\"image\":{\"@id\":\"https:\/\/www.sonnenseite.com\/de\/energie\/oeffentliche-stromerzeugung-2025-wind-und-solar-erstmals-als-doppelspitze\/#primaryimage\"},\"thumbnailUrl\":\"https:\/\/www.sonnenseite.com\/wp-content\/uploads\/2024\/10\/solar_wind_NewAfrica.jpg\",\"articleSection\":[\"Energie\"],\"inLanguage\":\"de\"},{\"@type\":\"WebPage\",\"@id\":\"https:\/\/www.sonnenseite.com\/de\/energie\/oeffentliche-stromerzeugung-2025-wind-und-solar-erstmals-als-doppelspitze\/\",\"url\":\"https:\/\/www.sonnenseite.com\/de\/energie\/oeffentliche-stromerzeugung-2025-wind-und-solar-erstmals-als-doppelspitze\/\",\"name\":\"\u00d6ffentliche Stromerzeugung 2025: Wind und Solar erstmals als Doppelspitze - Sonnenseite - \u00d6kologische Kommunikation mit Franz Alt\",\"isPartOf\":{\"@id\":\"https:\/\/www.sonnenseite.com\/de\/#website\"},\"primaryImageOfPage\":{\"@id\":\"https:\/\/www.sonnenseite.com\/de\/energie\/oeffentliche-stromerzeugung-2025-wind-und-solar-erstmals-als-doppelspitze\/#primaryimage\"},\"image\":{\"@id\":\"https:\/\/www.sonnenseite.com\/de\/energie\/oeffentliche-stromerzeugung-2025-wind-und-solar-erstmals-als-doppelspitze\/#primaryimage\"},\"thumbnailUrl\":\"https:\/\/www.sonnenseite.com\/wp-content\/uploads\/2024\/10\/solar_wind_NewAfrica.jpg\",\"datePublished\":\"2026-01-02T01:53:00+00:00\",\"dateModified\":\"2026-01-02T19:11:14+00:00\",\"description\":\"Der Anteil der in Deutschland in das \u00f6ffentliche Stromnetz eingespeisten erneuerbaren Energien am Strommix, der tats\u00e4chlich aus der Steckdose kommt, lag\",\"breadcrumb\":{\"@id\":\"https:\/\/www.sonnenseite.com\/de\/energie\/oeffentliche-stromerzeugung-2025-wind-und-solar-erstmals-als-doppelspitze\/#breadcrumb\"},\"inLanguage\":\"de\",\"potentialAction\":[{\"@type\":\"ReadAction\",\"target\":[\"https:\/\/www.sonnenseite.com\/de\/energie\/oeffentliche-stromerzeugung-2025-wind-und-solar-erstmals-als-doppelspitze\/\"]}]},{\"@type\":\"ImageObject\",\"inLanguage\":\"de\",\"@id\":\"https:\/\/www.sonnenseite.com\/de\/energie\/oeffentliche-stromerzeugung-2025-wind-und-solar-erstmals-als-doppelspitze\/#primaryimage\",\"url\":\"https:\/\/www.sonnenseite.com\/wp-content\/uploads\/2024\/10\/solar_wind_NewAfrica.jpg\",\"contentUrl\":\"https:\/\/www.sonnenseite.com\/wp-content\/uploads\/2024\/10\/solar_wind_NewAfrica.jpg\",\"width\":770,\"height\":420,\"caption\":\"Depositphotos.com | NewAfrica |\"},{\"@type\":\"BreadcrumbList\",\"@id\":\"https:\/\/www.sonnenseite.com\/de\/energie\/oeffentliche-stromerzeugung-2025-wind-und-solar-erstmals-als-doppelspitze\/#breadcrumb\",\"itemListElement\":[{\"@type\":\"ListItem\",\"position\":1,\"name\":\"Startseite\",\"item\":\"https:\/\/www.sonnenseite.com\/de\/\"},{\"@type\":\"ListItem\",\"position\":2,\"name\":\"\u00d6ffentliche Stromerzeugung 2025: Wind und Solar erstmals als Doppelspitze\"}]},{\"@type\":\"WebSite\",\"@id\":\"https:\/\/www.sonnenseite.com\/de\/#website\",\"url\":\"https:\/\/www.sonnenseite.com\/de\/\",\"name\":\"Sonnenseite\",\"description\":\"\u00d6kologische Kommunikation mit Franz Alt\",\"publisher\":{\"@id\":\"https:\/\/www.sonnenseite.com\/de\/#organization\"},\"potentialAction\":[{\"@type\":\"SearchAction\",\"target\":{\"@type\":\"EntryPoint\",\"urlTemplate\":\"https:\/\/www.sonnenseite.com\/de\/?s={search_term_string}\"},\"query-input\":{\"@type\":\"PropertyValueSpecification\",\"valueRequired\":true,\"valueName\":\"search_term_string\"}}],\"inLanguage\":\"de\"},{\"@type\":\"Organization\",\"@id\":\"https:\/\/www.sonnenseite.com\/de\/#organization\",\"name\":\"Sonnenseite\",\"url\":\"https:\/\/www.sonnenseite.com\/de\/\",\"logo\":{\"@type\":\"ImageObject\",\"inLanguage\":\"de\",\"@id\":\"https:\/\/www.sonnenseite.com\/de\/#\/schema\/logo\/image\/\",\"url\":\"https:\/\/www.sonnenseite.com\/wp-content\/uploads\/2020\/05\/Sonnenseite_Logo.png\",\"contentUrl\":\"https:\/\/www.sonnenseite.com\/wp-content\/uploads\/2020\/05\/Sonnenseite_Logo.png\",\"width\":377,\"height\":90,\"caption\":\"Sonnenseite\"},\"image\":{\"@id\":\"https:\/\/www.sonnenseite.com\/de\/#\/schema\/logo\/image\/\"},\"sameAs\":[\"https:\/\/www.facebook.com\/pages\/Franz-Alt-SONNENSEITECOM\/221072987903953?fref=ts\",\"https:\/\/x.com\/franzalt\",\"http:\/\/www.youtube.com\/results?search_query&amp;amp;quot;franz_alt&amp;amp;quot;&amp;amp;amp;amp;search_type&amp;amp;amp;amp;aq=f\"]},{\"@type\":\"Person\",\"@id\":\"https:\/\/www.sonnenseite.com\/de\/#\/schema\/person\/50fda0e926597684c7cc6695238a4eb9\",\"name\":\"Bigi Alt\"}]}<\/script>\n<!-- \/ Yoast SEO plugin. -->","yoast_head_json":{"title":"\u00d6ffentliche Stromerzeugung 2025: Wind und Solar erstmals als Doppelspitze - Sonnenseite - \u00d6kologische Kommunikation mit Franz Alt","description":"Der Anteil der in Deutschland in das \u00f6ffentliche Stromnetz eingespeisten erneuerbaren Energien am Strommix, der tats\u00e4chlich aus der Steckdose kommt, lag","robots":{"index":"index","follow":"follow","max-snippet":"max-snippet:-1","max-image-preview":"max-image-preview:large","max-video-preview":"max-video-preview:-1"},"canonical":"https:\/\/www.sonnenseite.com\/de\/energie\/oeffentliche-stromerzeugung-2025-wind-und-solar-erstmals-als-doppelspitze\/","og_locale":"de_DE","og_type":"article","og_title":"\u00d6ffentliche Stromerzeugung 2025: Wind und Solar erstmals als Doppelspitze - Sonnenseite - \u00d6kologische Kommunikation mit Franz Alt","og_description":"Der Anteil der in Deutschland in das \u00f6ffentliche Stromnetz eingespeisten erneuerbaren Energien am Strommix, der tats\u00e4chlich aus der Steckdose kommt, lag","og_url":"https:\/\/www.sonnenseite.com\/de\/energie\/oeffentliche-stromerzeugung-2025-wind-und-solar-erstmals-als-doppelspitze\/","og_site_name":"Sonnenseite","article_publisher":"https:\/\/www.facebook.com\/pages\/Franz-Alt-SONNENSEITECOM\/221072987903953?fref=ts","article_published_time":"2026-01-02T01:53:00+00:00","article_modified_time":"2026-01-02T19:11:14+00:00","og_image":[{"width":770,"height":420,"url":"https:\/\/www.sonnenseite.com\/wp-content\/uploads\/2024\/10\/solar_wind_NewAfrica.jpg","type":"image\/jpeg"}],"author":"Bigi Alt","twitter_card":"summary_large_image","twitter_creator":"@franzalt","twitter_site":"@franzalt","twitter_misc":{"Verfasst von":"Bigi Alt","Gesch\u00e4tzte Lesezeit":"7\u00a0Minuten"},"schema":{"@context":"https:\/\/schema.org","@graph":[{"@type":"Article","@id":"https:\/\/www.sonnenseite.com\/de\/energie\/oeffentliche-stromerzeugung-2025-wind-und-solar-erstmals-als-doppelspitze\/#article","isPartOf":{"@id":"https:\/\/www.sonnenseite.com\/de\/energie\/oeffentliche-stromerzeugung-2025-wind-und-solar-erstmals-als-doppelspitze\/"},"author":{"name":"Bigi Alt","@id":"https:\/\/www.sonnenseite.com\/de\/#\/schema\/person\/50fda0e926597684c7cc6695238a4eb9"},"headline":"\u00d6ffentliche Stromerzeugung 2025: Wind und Solar erstmals als Doppelspitze","datePublished":"2026-01-02T01:53:00+00:00","dateModified":"2026-01-02T19:11:14+00:00","mainEntityOfPage":{"@id":"https:\/\/www.sonnenseite.com\/de\/energie\/oeffentliche-stromerzeugung-2025-wind-und-solar-erstmals-als-doppelspitze\/"},"wordCount":994,"publisher":{"@id":"https:\/\/www.sonnenseite.com\/de\/#organization"},"image":{"@id":"https:\/\/www.sonnenseite.com\/de\/energie\/oeffentliche-stromerzeugung-2025-wind-und-solar-erstmals-als-doppelspitze\/#primaryimage"},"thumbnailUrl":"https:\/\/www.sonnenseite.com\/wp-content\/uploads\/2024\/10\/solar_wind_NewAfrica.jpg","articleSection":["Energie"],"inLanguage":"de"},{"@type":"WebPage","@id":"https:\/\/www.sonnenseite.com\/de\/energie\/oeffentliche-stromerzeugung-2025-wind-und-solar-erstmals-als-doppelspitze\/","url":"https:\/\/www.sonnenseite.com\/de\/energie\/oeffentliche-stromerzeugung-2025-wind-und-solar-erstmals-als-doppelspitze\/","name":"\u00d6ffentliche Stromerzeugung 2025: Wind und Solar erstmals als Doppelspitze - Sonnenseite - \u00d6kologische Kommunikation mit Franz Alt","isPartOf":{"@id":"https:\/\/www.sonnenseite.com\/de\/#website"},"primaryImageOfPage":{"@id":"https:\/\/www.sonnenseite.com\/de\/energie\/oeffentliche-stromerzeugung-2025-wind-und-solar-erstmals-als-doppelspitze\/#primaryimage"},"image":{"@id":"https:\/\/www.sonnenseite.com\/de\/energie\/oeffentliche-stromerzeugung-2025-wind-und-solar-erstmals-als-doppelspitze\/#primaryimage"},"thumbnailUrl":"https:\/\/www.sonnenseite.com\/wp-content\/uploads\/2024\/10\/solar_wind_NewAfrica.jpg","datePublished":"2026-01-02T01:53:00+00:00","dateModified":"2026-01-02T19:11:14+00:00","description":"Der Anteil der in Deutschland in das \u00f6ffentliche Stromnetz eingespeisten erneuerbaren Energien am Strommix, der tats\u00e4chlich aus der Steckdose kommt, lag","breadcrumb":{"@id":"https:\/\/www.sonnenseite.com\/de\/energie\/oeffentliche-stromerzeugung-2025-wind-und-solar-erstmals-als-doppelspitze\/#breadcrumb"},"inLanguage":"de","potentialAction":[{"@type":"ReadAction","target":["https:\/\/www.sonnenseite.com\/de\/energie\/oeffentliche-stromerzeugung-2025-wind-und-solar-erstmals-als-doppelspitze\/"]}]},{"@type":"ImageObject","inLanguage":"de","@id":"https:\/\/www.sonnenseite.com\/de\/energie\/oeffentliche-stromerzeugung-2025-wind-und-solar-erstmals-als-doppelspitze\/#primaryimage","url":"https:\/\/www.sonnenseite.com\/wp-content\/uploads\/2024\/10\/solar_wind_NewAfrica.jpg","contentUrl":"https:\/\/www.sonnenseite.com\/wp-content\/uploads\/2024\/10\/solar_wind_NewAfrica.jpg","width":770,"height":420,"caption":"Depositphotos.com | NewAfrica |"},{"@type":"BreadcrumbList","@id":"https:\/\/www.sonnenseite.com\/de\/energie\/oeffentliche-stromerzeugung-2025-wind-und-solar-erstmals-als-doppelspitze\/#breadcrumb","itemListElement":[{"@type":"ListItem","position":1,"name":"Startseite","item":"https:\/\/www.sonnenseite.com\/de\/"},{"@type":"ListItem","position":2,"name":"\u00d6ffentliche Stromerzeugung 2025: Wind und Solar erstmals als Doppelspitze"}]},{"@type":"WebSite","@id":"https:\/\/www.sonnenseite.com\/de\/#website","url":"https:\/\/www.sonnenseite.com\/de\/","name":"Sonnenseite","description":"\u00d6kologische Kommunikation mit Franz Alt","publisher":{"@id":"https:\/\/www.sonnenseite.com\/de\/#organization"},"potentialAction":[{"@type":"SearchAction","target":{"@type":"EntryPoint","urlTemplate":"https:\/\/www.sonnenseite.com\/de\/?s={search_term_string}"},"query-input":{"@type":"PropertyValueSpecification","valueRequired":true,"valueName":"search_term_string"}}],"inLanguage":"de"},{"@type":"Organization","@id":"https:\/\/www.sonnenseite.com\/de\/#organization","name":"Sonnenseite","url":"https:\/\/www.sonnenseite.com\/de\/","logo":{"@type":"ImageObject","inLanguage":"de","@id":"https:\/\/www.sonnenseite.com\/de\/#\/schema\/logo\/image\/","url":"https:\/\/www.sonnenseite.com\/wp-content\/uploads\/2020\/05\/Sonnenseite_Logo.png","contentUrl":"https:\/\/www.sonnenseite.com\/wp-content\/uploads\/2020\/05\/Sonnenseite_Logo.png","width":377,"height":90,"caption":"Sonnenseite"},"image":{"@id":"https:\/\/www.sonnenseite.com\/de\/#\/schema\/logo\/image\/"},"sameAs":["https:\/\/www.facebook.com\/pages\/Franz-Alt-SONNENSEITECOM\/221072987903953?fref=ts","https:\/\/x.com\/franzalt","http:\/\/www.youtube.com\/results?search_query&amp;amp;quot;franz_alt&amp;amp;quot;&amp;amp;amp;amp;search_type&amp;amp;amp;amp;aq=f"]},{"@type":"Person","@id":"https:\/\/www.sonnenseite.com\/de\/#\/schema\/person\/50fda0e926597684c7cc6695238a4eb9","name":"Bigi Alt"}]}},"_links":{"self":[{"href":"https:\/\/www.sonnenseite.com\/de\/wp-json\/wp\/v2\/posts\/111808","targetHints":{"allow":["GET"]}}],"collection":[{"href":"https:\/\/www.sonnenseite.com\/de\/wp-json\/wp\/v2\/posts"}],"about":[{"href":"https:\/\/www.sonnenseite.com\/de\/wp-json\/wp\/v2\/types\/post"}],"author":[{"embeddable":true,"href":"https:\/\/www.sonnenseite.com\/de\/wp-json\/wp\/v2\/users\/3"}],"replies":[{"embeddable":true,"href":"https:\/\/www.sonnenseite.com\/de\/wp-json\/wp\/v2\/comments?post=111808"}],"version-history":[{"count":1,"href":"https:\/\/www.sonnenseite.com\/de\/wp-json\/wp\/v2\/posts\/111808\/revisions"}],"predecessor-version":[{"id":111813,"href":"https:\/\/www.sonnenseite.com\/de\/wp-json\/wp\/v2\/posts\/111808\/revisions\/111813"}],"wp:featuredmedia":[{"embeddable":true,"href":"https:\/\/www.sonnenseite.com\/de\/wp-json\/wp\/v2\/media\/102544"}],"wp:attachment":[{"href":"https:\/\/www.sonnenseite.com\/de\/wp-json\/wp\/v2\/media?parent=111808"}],"wp:term":[{"taxonomy":"category","embeddable":true,"href":"https:\/\/www.sonnenseite.com\/de\/wp-json\/wp\/v2\/categories?post=111808"},{"taxonomy":"post_tag","embeddable":true,"href":"https:\/\/www.sonnenseite.com\/de\/wp-json\/wp\/v2\/tags?post=111808"}],"curies":[{"name":"wp","href":"https:\/\/api.w.org\/{rel}","templated":true}]}}