{"id":111886,"date":"2026-01-07T02:41:00","date_gmt":"2026-01-07T01:41:00","guid":{"rendered":"https:\/\/www.sonnenseite.com\/?p=111886"},"modified":"2026-01-06T14:42:05","modified_gmt":"2026-01-06T13:42:05","slug":"der-boden-ersetzt-die-baeume-zeitweise-als-kohlenstoffsenke","status":"publish","type":"post","link":"https:\/\/www.sonnenseite.com\/de\/wissenschaft\/der-boden-ersetzt-die-baeume-zeitweise-als-kohlenstoffsenke\/","title":{"rendered":"Der Boden ersetzt die B\u00e4ume zeitweise als Kohlenstoffsenke"},"content":{"rendered":"\n<p>In den trockenen Jahren haben Deutschlands W\u00e4lder ihre Funktion als Kohlenstoff-Senke weitestgehend verloren. Nun zeigt sich: Der Waldboden hat in dieser Zeit so gut wie alle negativen Effekte ausgeglichen und so die Senkenfunktion der B\u00e4ume \u00fcbernommen. F\u00fcr k\u00fcnftige Boden- und Waldinventuren m\u00fcssen daher die wissenschaftlichen Modelle angepasst werden.<\/p>\n\n\n\n<p><\/p>\n\n\n\n<p>W\u00e4hrend viele B\u00e4ume in Deutschlands W\u00e4ldern in den Trockenjahren 2018 bis 2020 starben und als Kohlenstoffspeicher ausfielen, hat der Waldboden ein Hoch in puncto Kohlenstoffspeicherung erlebt: Neue Ergebnisse des Th\u00fcnen-Institutes zur Bodenkohlenstoff-Modellierung zeigen, dass der Boden fast alle Kohlenstoffverluste der B\u00e4ume in den ersten Schadjahren ausgeglichen und die Senkenfunktion der B\u00e4ume \u00fcbernommen hat. <\/p>\n\n\n\n<p>\u201eDas internationale Gutachter-Team zur Treibhausgas-Berichterstattung hat uns best\u00e4rkt, die Auswirkungen der Schadereignisse zwischen 2018 und 2020 auf den Bodenkohlenstoff noch einmal detaillierter zu betrachten\u201c, erl\u00e4utert Dr. Nicole Wellbrock vom Th\u00fcnen-Institut f\u00fcr Wald\u00f6kosysteme den Hintergrund der Neumodellierung. In der Folge wurden die Daten der Bodenzustandserhebung zum Kohlenstoff im Boden neu berechnet. Dabei wurden insbesondere die Totholzvorr\u00e4te und die Wurzelbiomasse angepasst.<\/p>\n\n\n\n<p>W\u00e4hrend der Trockenjahre sind gro\u00dfe Mengen an B\u00e4umen abgestorben. In den meisten F\u00e4llen wurden die Fl\u00e4chen ger\u00e4umt, in anderen blieb das Totholz jedoch auf der Fl\u00e4che. Hinzu kamen Nadeln und Bl\u00e4tter sowie die im Boden abgestorbenen Feinwurzeln. Diese reichlich vorhandene, sogenannte Streuauflage wurde durch die h\u00f6here Sonneneinstrahlung und die damit verbundenen h\u00f6heren Temperaturen auf den Kahlfl\u00e4chen abgebaut, der Kohlenstoff in den Boden exportiert. Die abgestorbenen Wurzeln wurden durch Mikroorganismen zersetzt und als Humus im Boden gespeichert. Insgesamt in Mengen, wie sie in normalen Jahren nicht vorkommen. \u201eWir vermuten inzwischen, dass B\u00e4ume in trockenen Jahren eher in die Wurzelmasse als in die Blattmasse investieren, um so besser an das Wasser im Boden zu gelangen\u201c, berichtet Bodenexpertin Wellbrock.<\/p>\n\n\n\n<h4 class=\"wp-block-heading\">Beinahe so viel Kohlenstoff im Boden wie in den B\u00e4umen gespeichert<\/h4>\n\n\n\n<p>W\u00e4lder sind weltweit eine wichtige Kohlenstoffsenke. B\u00e4ume ben\u00f6tigen f\u00fcr ihr Wachstum das Treibhausgas Kohlendioxid (CO<sub>2<\/sub>) und binden es durch Photosynthese in Kohlenstoff-Verbindungen im Holz, w\u00e4hrend Sauerstoff an die Luft abgegeben wird. \u00dcber den Streufall von Laub und Nadeln, durch die Zersetzung von Totholz sowie absterbende Wurzeln gelangt der Kohlenstoff zudem in den Boden. Der Bodenkohlenstoff wird also im Wesentlichen durch Waldwachstum gesteuert. Allerdings spielen auch Standorteigenschaften der B\u00f6den und das Klima eine wichtige Rolle bei der Kohlenstoffbindung in B\u00f6den. Auch der Klimawandel scheint sich \u00fcber h\u00f6here Durchschnittstemperaturen bemerkbar zu machen. Es wird mehr Kohlenstoff aus organischem Material in Bodenkohlenstoff umgesetzt.<\/p>\n\n\n\n<p>Derzeit ist beinahe so viel Kohlenstoff in der oberirdischen Biomasse der W\u00e4lder wie in deren B\u00f6den gespeichert: insgesamt rund 2.200 Millionen Tonnen Kohlenstoff oder 197,4 Tonnen Kohlenstoff je Hektar. In den lebenden B\u00e4umen sind 1.184 Millionen Tonnen Kohlenstoff oder 108 Tonnen Kohlenstoff je Hektar gespeichert, in Streu und Mineralb\u00f6den bis 30 Zentimeter Tiefe 936 Millionen Tonnen Kohlenstoff. Als Totholz sind 46,1 Millionen Tonnen Kohlenstoff (4,2 Tonnen Kohlenstoff je Hektar) gebunden. Alle Zahlen basieren auf Daten der Bundeswaldinventur 2022 und der Modellierung der aktuellen Bodenzustandserhebung (BZE II).<\/p>\n\n\n\n<p>Die erneuerte Modellierung zeigt allerdings auch, dass der Boden nicht ungebremst Kohlenstoff aus der toten Biomasse aufnimmt. Der Prozess schw\u00e4cht sich schon nach wenigen Jahren wieder ab. Gleichzeitig wachsen auf den Schadfl\u00e4chen neue W\u00e4lder heran, die wieder vermehrt Kohlenstoff in der Biomasse speichern. \u201eDie Ergebnisse basieren auf Modellberechnungen. Erst die Auswertung der dritten BZE wird zuverl\u00e4ssige Daten liefern\u201c, betont Nicole Wellbrock. Zwischenergebnisse der BZE II, mit der der Bodenkohlenstoffgehalt in Landwirtschaftsfl\u00e4chen, Waldb\u00f6den und Mooren erhoben wird, wollen die Forschenden des Th\u00fcnen-Instituts Ende n\u00e4chsten Jahres vorlegen. Erste Ergebnisse zeigen schon heute: Trend und H\u00f6he der Kohlenstoffsenke nach der Neumodellierung stimmen \u00fcberein.<\/p>\n\n\n\n<p><a href=\"https:\/\/www.thuenen.de\/de\/bodenzustandserhebung\" target=\"_blank\" rel=\"noreferrer noopener\">Bodenzustandserhebung im Wald<\/a><\/p>\n\n\n<h5 class=\"green\">Quelle<\/h5>\r\n\n\n\n<p><a href=\"https:\/\/www.thuenen.de\/de\/newsroom\/detail\/der-boden-ersetzt-die-baeume-zeitweise-als-kohlenstoffsenke\">Th\u00fcnen-Institut 2026<\/a><\/p>\n\n\n\n<p><\/p>\n<div class=\"shariff shariff-align-flex-start shariff-widget-align-flex-start\"><div class=\"ShariffHeadline\">Diese Meldung teilen<\/div><ul class=\"shariff-buttons theme-round orientation-horizontal buttonsize-medium\"><li class=\"shariff-button facebook shariff-nocustomcolor\" style=\"background-color:#4273c8;border-radius:1%\"><a href=\"https:\/\/www.facebook.com\/sharer\/sharer.php?u=https%3A%2F%2Fwww.sonnenseite.com%2Fde%2Fwissenschaft%2Fder-boden-ersetzt-die-baeume-zeitweise-als-kohlenstoffsenke%2F\" title=\"Bei Facebook teilen\" aria-label=\"Bei Facebook teilen\" role=\"button\" rel=\"nofollow\" class=\"shariff-link\" style=\";border-radius:1%; background-color:#3b5998; color:#fff\" target=\"_blank\"><span class=\"shariff-icon\" style=\"\"><svg width=\"32px\" height=\"20px\" xmlns=\"http:\/\/www.w3.org\/2000\/svg\" viewBox=\"0 0 18 32\"><path fill=\"#3b5998\" d=\"M17.1 0.2v4.7h-2.8q-1.5 0-2.1 0.6t-0.5 1.9v3.4h5.2l-0.7 5.3h-4.5v13.6h-5.5v-13.6h-4.5v-5.3h4.5v-3.9q0-3.3 1.9-5.2t5-1.8q2.6 0 4.1 0.2z\"\/><\/svg><\/span><\/a><\/li><li class=\"shariff-button twitter shariff-nocustomcolor\" style=\"background-color:#595959;border-radius:1%\"><a href=\"https:\/\/twitter.com\/share?url=https%3A%2F%2Fwww.sonnenseite.com%2Fde%2Fwissenschaft%2Fder-boden-ersetzt-die-baeume-zeitweise-als-kohlenstoffsenke%2F&text=Der%20Boden%20ersetzt%20die%20B%C3%A4ume%20zeitweise%20als%20Kohlenstoffsenke\" title=\"Bei X teilen\" aria-label=\"Bei X teilen\" role=\"button\" rel=\"noopener nofollow\" class=\"shariff-link\" style=\";border-radius:1%; background-color:#000; color:#fff\" target=\"_blank\"><span class=\"shariff-icon\" style=\"\"><svg width=\"32px\" height=\"20px\" xmlns=\"http:\/\/www.w3.org\/2000\/svg\" viewBox=\"0 0 24 24\"><path fill=\"#000\" d=\"M14.258 10.152L23.176 0h-2.113l-7.747 8.813L7.133 0H0l9.352 13.328L0 23.973h2.113l8.176-9.309 6.531 9.309h7.133zm-2.895 3.293l-.949-1.328L2.875 1.56h3.246l6.086 8.523.945 1.328 7.91 11.078h-3.246zm0 0\"\/><\/svg><\/span><\/a><\/li><li class=\"shariff-button xing shariff-nocustomcolor\" style=\"background-color:#29888a;border-radius:1%\"><a href=\"https:\/\/www.xing.com\/spi\/shares\/new?url=https%3A%2F%2Fwww.sonnenseite.com%2Fde%2Fwissenschaft%2Fder-boden-ersetzt-die-baeume-zeitweise-als-kohlenstoffsenke%2F\" title=\"Bei XING teilen\" aria-label=\"Bei XING teilen\" role=\"button\" rel=\"noopener nofollow\" class=\"shariff-link\" style=\";border-radius:1%; background-color:#126567; color:#fff\" target=\"_blank\"><span class=\"shariff-icon\" style=\"\"><svg width=\"32px\" height=\"20px\" xmlns=\"http:\/\/www.w3.org\/2000\/svg\" viewBox=\"0 0 25 32\"><path fill=\"#126567\" d=\"M10.7 11.9q-0.2 0.3-4.6 8.2-0.5 0.8-1.2 0.8h-4.3q-0.4 0-0.5-0.3t0-0.6l4.5-8q0 0 0 0l-2.9-5q-0.2-0.4 0-0.7 0.2-0.3 0.5-0.3h4.3q0.7 0 1.2 0.8zM25.1 0.4q0.2 0.3 0 0.7l-9.4 16.7 6 11q0.2 0.4 0 0.6-0.2 0.3-0.6 0.3h-4.3q-0.7 0-1.2-0.8l-6-11.1q0.3-0.6 9.5-16.8 0.4-0.8 1.2-0.8h4.3q0.4 0 0.5 0.3z\"\/><\/svg><\/span><\/a><\/li><li class=\"shariff-button linkedin shariff-nocustomcolor\" style=\"background-color:#1488bf;border-radius:1%\"><a href=\"https:\/\/www.linkedin.com\/sharing\/share-offsite\/?url=https%3A%2F%2Fwww.sonnenseite.com%2Fde%2Fwissenschaft%2Fder-boden-ersetzt-die-baeume-zeitweise-als-kohlenstoffsenke%2F\" title=\"Bei LinkedIn teilen\" aria-label=\"Bei LinkedIn teilen\" role=\"button\" rel=\"noopener nofollow\" class=\"shariff-link\" style=\";border-radius:1%; background-color:#0077b5; color:#fff\" target=\"_blank\"><span class=\"shariff-icon\" style=\"\"><svg width=\"32px\" height=\"20px\" xmlns=\"http:\/\/www.w3.org\/2000\/svg\" viewBox=\"0 0 27 32\"><path fill=\"#0077b5\" d=\"M6.2 11.2v17.7h-5.9v-17.7h5.9zM6.6 5.7q0 1.3-0.9 2.2t-2.4 0.9h0q-1.5 0-2.4-0.9t-0.9-2.2 0.9-2.2 2.4-0.9 2.4 0.9 0.9 2.2zM27.4 18.7v10.1h-5.9v-9.5q0-1.9-0.7-2.9t-2.3-1.1q-1.1 0-1.9 0.6t-1.2 1.5q-0.2 0.5-0.2 1.4v9.9h-5.9q0-7.1 0-11.6t0-5.3l0-0.9h5.9v2.6h0q0.4-0.6 0.7-1t1-0.9 1.6-0.8 2-0.3q3 0 4.9 2t1.9 6z\"\/><\/svg><\/span><\/a><\/li><li class=\"shariff-button printer shariff-nocustomcolor\" style=\"background-color:#a8a8a8;border-radius:1%\"><a href=\"javascript:window.print()\" title=\"drucken\" aria-label=\"drucken\" role=\"button\" rel=\"noopener nofollow\" class=\"shariff-link\" style=\";border-radius:1%; background-color:#999; color:#fff\"><span class=\"shariff-icon\" style=\"\"><svg width=\"32px\" height=\"20px\" xmlns=\"http:\/\/www.w3.org\/2000\/svg\" viewBox=\"0 0 30 32\"><path fill=\"#999\" d=\"M6.8 27.4h16v-4.6h-16v4.6zM6.8 16h16v-6.8h-2.8q-0.7 0-1.2-0.5t-0.5-1.2v-2.8h-11.4v11.4zM27.4 17.2q0-0.5-0.3-0.8t-0.8-0.4-0.8 0.4-0.3 0.8 0.3 0.8 0.8 0.3 0.8-0.3 0.3-0.8zM29.7 17.2v7.4q0 0.2-0.2 0.4t-0.4 0.2h-4v2.8q0 0.7-0.5 1.2t-1.2 0.5h-17.2q-0.7 0-1.2-0.5t-0.5-1.2v-2.8h-4q-0.2 0-0.4-0.2t-0.2-0.4v-7.4q0-1.4 1-2.4t2.4-1h1.2v-9.7q0-0.7 0.5-1.2t1.2-0.5h12q0.7 0 1.6 0.4t1.3 0.8l2.7 2.7q0.5 0.5 0.9 1.4t0.4 1.6v4.6h1.1q1.4 0 2.4 1t1 2.4z\"\/><\/svg><\/span><\/a><\/li><li class=\"shariff-button mailto shariff-nocustomcolor\" style=\"background-color:#a8a8a8;border-radius:1%\"><a href=\"mailto:?body=https%3A%2F%2Fwww.sonnenseite.com%2Fde%2Fwissenschaft%2Fder-boden-ersetzt-die-baeume-zeitweise-als-kohlenstoffsenke%2F&subject=Der%20Boden%20ersetzt%20die%20B%C3%A4ume%20zeitweise%20als%20Kohlenstoffsenke\" title=\"Per E-Mail versenden\" aria-label=\"Per E-Mail versenden\" role=\"button\" rel=\"noopener nofollow\" class=\"shariff-link\" style=\";border-radius:1%; background-color:#999; color:#fff\"><span class=\"shariff-icon\" style=\"\"><svg width=\"32px\" height=\"20px\" xmlns=\"http:\/\/www.w3.org\/2000\/svg\" viewBox=\"0 0 32 32\"><path fill=\"#999\" d=\"M32 12.7v14.2q0 1.2-0.8 2t-2 0.9h-26.3q-1.2 0-2-0.9t-0.8-2v-14.2q0.8 0.9 1.8 1.6 6.5 4.4 8.9 6.1 1 0.8 1.6 1.2t1.7 0.9 2 0.4h0.1q0.9 0 2-0.4t1.7-0.9 1.6-1.2q3-2.2 8.9-6.1 1-0.7 1.8-1.6zM32 7.4q0 1.4-0.9 2.7t-2.2 2.2q-6.7 4.7-8.4 5.8-0.2 0.1-0.7 0.5t-1 0.7-0.9 0.6-1.1 0.5-0.9 0.2h-0.1q-0.4 0-0.9-0.2t-1.1-0.5-0.9-0.6-1-0.7-0.7-0.5q-1.6-1.1-4.7-3.2t-3.6-2.6q-1.1-0.7-2.1-2t-1-2.5q0-1.4 0.7-2.3t2.1-0.9h26.3q1.2 0 2 0.8t0.9 2z\"\/><\/svg><\/span><\/a><\/li><\/ul><\/div>","protected":false},"excerpt":{"rendered":"<p>In den trockenen Jahren haben Deutschlands W\u00e4lder ihre Funktion als Kohlenstoff-Senke weitestgehend verloren. Nun zeigt sich: [&hellip;]<\/p>\n","protected":false},"author":3,"featured_media":111887,"comment_status":"closed","ping_status":"closed","sticky":false,"template":"","format":"standard","meta":{"inline_featured_image":false,"footnotes":""},"categories":[26],"tags":[],"class_list":["post-111886","post","type-post","status-publish","format-standard","has-post-thumbnail","hentry","category-wissenschaft"],"yoast_head":"<!-- This site is optimized with the Yoast SEO plugin v26.5 - https:\/\/yoast.com\/wordpress\/plugins\/seo\/ -->\n<title>Der Boden ersetzt die B\u00e4ume zeitweise als Kohlenstoffsenke - Sonnenseite - \u00d6kologische Kommunikation mit Franz Alt<\/title>\n<meta name=\"description\" content=\"In den trockenen Jahren haben Deutschlands W\u00e4lder ihre Funktion als Kohlenstoff-Senke weitestgehend verloren. Nun zeigt sich: Der Waldboden hat in dieser\" \/>\n<meta name=\"robots\" content=\"index, follow, max-snippet:-1, max-image-preview:large, max-video-preview:-1\" \/>\n<link rel=\"canonical\" href=\"https:\/\/www.sonnenseite.com\/de\/wissenschaft\/der-boden-ersetzt-die-baeume-zeitweise-als-kohlenstoffsenke\/\" \/>\n<meta property=\"og:locale\" content=\"de_DE\" \/>\n<meta property=\"og:type\" content=\"article\" \/>\n<meta property=\"og:title\" content=\"Der Boden ersetzt die B\u00e4ume zeitweise als Kohlenstoffsenke - Sonnenseite - \u00d6kologische Kommunikation mit Franz Alt\" \/>\n<meta property=\"og:description\" content=\"In den trockenen Jahren haben Deutschlands W\u00e4lder ihre Funktion als Kohlenstoff-Senke weitestgehend verloren. Nun zeigt sich: Der Waldboden hat in dieser\" \/>\n<meta property=\"og:url\" content=\"https:\/\/www.sonnenseite.com\/de\/wissenschaft\/der-boden-ersetzt-die-baeume-zeitweise-als-kohlenstoffsenke\/\" \/>\n<meta property=\"og:site_name\" content=\"Sonnenseite\" \/>\n<meta property=\"article:publisher\" content=\"https:\/\/www.facebook.com\/pages\/Franz-Alt-SONNENSEITECOM\/221072987903953?fref=ts\" \/>\n<meta property=\"article:published_time\" content=\"2026-01-07T01:41:00+00:00\" \/>\n<meta property=\"og:image\" content=\"https:\/\/www.sonnenseite.com\/wp-content\/uploads\/2026\/01\/Thuenen_Waldboden_Marius_Moe.jpg\" \/>\n\t<meta property=\"og:image:width\" content=\"770\" \/>\n\t<meta property=\"og:image:height\" content=\"420\" \/>\n\t<meta property=\"og:image:type\" content=\"image\/jpeg\" \/>\n<meta name=\"author\" content=\"Bigi Alt\" \/>\n<meta name=\"twitter:card\" content=\"summary_large_image\" \/>\n<meta name=\"twitter:creator\" content=\"@franzalt\" \/>\n<meta name=\"twitter:site\" content=\"@franzalt\" \/>\n<meta name=\"twitter:label1\" content=\"Verfasst von\" \/>\n\t<meta name=\"twitter:data1\" content=\"Bigi Alt\" \/>\n\t<meta name=\"twitter:label2\" content=\"Gesch\u00e4tzte Lesezeit\" \/>\n\t<meta name=\"twitter:data2\" content=\"4\u00a0Minuten\" \/>\n<script type=\"application\/ld+json\" class=\"yoast-schema-graph\">{\"@context\":\"https:\/\/schema.org\",\"@graph\":[{\"@type\":\"Article\",\"@id\":\"https:\/\/www.sonnenseite.com\/de\/wissenschaft\/der-boden-ersetzt-die-baeume-zeitweise-als-kohlenstoffsenke\/#article\",\"isPartOf\":{\"@id\":\"https:\/\/www.sonnenseite.com\/de\/wissenschaft\/der-boden-ersetzt-die-baeume-zeitweise-als-kohlenstoffsenke\/\"},\"author\":{\"name\":\"Bigi Alt\",\"@id\":\"https:\/\/www.sonnenseite.com\/de\/#\/schema\/person\/50fda0e926597684c7cc6695238a4eb9\"},\"headline\":\"Der Boden ersetzt die B\u00e4ume zeitweise als Kohlenstoffsenke\",\"datePublished\":\"2026-01-07T01:41:00+00:00\",\"mainEntityOfPage\":{\"@id\":\"https:\/\/www.sonnenseite.com\/de\/wissenschaft\/der-boden-ersetzt-die-baeume-zeitweise-als-kohlenstoffsenke\/\"},\"wordCount\":625,\"publisher\":{\"@id\":\"https:\/\/www.sonnenseite.com\/de\/#organization\"},\"image\":{\"@id\":\"https:\/\/www.sonnenseite.com\/de\/wissenschaft\/der-boden-ersetzt-die-baeume-zeitweise-als-kohlenstoffsenke\/#primaryimage\"},\"thumbnailUrl\":\"https:\/\/www.sonnenseite.com\/wp-content\/uploads\/2026\/01\/Thuenen_Waldboden_Marius_Moe.jpg\",\"articleSection\":[\"Wissenschaft\"],\"inLanguage\":\"de\"},{\"@type\":\"WebPage\",\"@id\":\"https:\/\/www.sonnenseite.com\/de\/wissenschaft\/der-boden-ersetzt-die-baeume-zeitweise-als-kohlenstoffsenke\/\",\"url\":\"https:\/\/www.sonnenseite.com\/de\/wissenschaft\/der-boden-ersetzt-die-baeume-zeitweise-als-kohlenstoffsenke\/\",\"name\":\"Der Boden ersetzt die B\u00e4ume zeitweise als Kohlenstoffsenke - Sonnenseite - \u00d6kologische Kommunikation mit Franz Alt\",\"isPartOf\":{\"@id\":\"https:\/\/www.sonnenseite.com\/de\/#website\"},\"primaryImageOfPage\":{\"@id\":\"https:\/\/www.sonnenseite.com\/de\/wissenschaft\/der-boden-ersetzt-die-baeume-zeitweise-als-kohlenstoffsenke\/#primaryimage\"},\"image\":{\"@id\":\"https:\/\/www.sonnenseite.com\/de\/wissenschaft\/der-boden-ersetzt-die-baeume-zeitweise-als-kohlenstoffsenke\/#primaryimage\"},\"thumbnailUrl\":\"https:\/\/www.sonnenseite.com\/wp-content\/uploads\/2026\/01\/Thuenen_Waldboden_Marius_Moe.jpg\",\"datePublished\":\"2026-01-07T01:41:00+00:00\",\"description\":\"In den trockenen Jahren haben Deutschlands W\u00e4lder ihre Funktion als Kohlenstoff-Senke weitestgehend verloren. Nun zeigt sich: Der Waldboden hat in dieser\",\"breadcrumb\":{\"@id\":\"https:\/\/www.sonnenseite.com\/de\/wissenschaft\/der-boden-ersetzt-die-baeume-zeitweise-als-kohlenstoffsenke\/#breadcrumb\"},\"inLanguage\":\"de\",\"potentialAction\":[{\"@type\":\"ReadAction\",\"target\":[\"https:\/\/www.sonnenseite.com\/de\/wissenschaft\/der-boden-ersetzt-die-baeume-zeitweise-als-kohlenstoffsenke\/\"]}]},{\"@type\":\"ImageObject\",\"inLanguage\":\"de\",\"@id\":\"https:\/\/www.sonnenseite.com\/de\/wissenschaft\/der-boden-ersetzt-die-baeume-zeitweise-als-kohlenstoffsenke\/#primaryimage\",\"url\":\"https:\/\/www.sonnenseite.com\/wp-content\/uploads\/2026\/01\/Thuenen_Waldboden_Marius_Moe.jpg\",\"contentUrl\":\"https:\/\/www.sonnenseite.com\/wp-content\/uploads\/2026\/01\/Thuenen_Waldboden_Marius_Moe.jpg\",\"width\":770,\"height\":420,\"caption\":\"Th\u00fcnen-Institut\/Marius M\u00f6ller | Profil eines Waldbodens mit Streuauflage und Humusschicht.\"},{\"@type\":\"BreadcrumbList\",\"@id\":\"https:\/\/www.sonnenseite.com\/de\/wissenschaft\/der-boden-ersetzt-die-baeume-zeitweise-als-kohlenstoffsenke\/#breadcrumb\",\"itemListElement\":[{\"@type\":\"ListItem\",\"position\":1,\"name\":\"Startseite\",\"item\":\"https:\/\/www.sonnenseite.com\/de\/\"},{\"@type\":\"ListItem\",\"position\":2,\"name\":\"Der Boden ersetzt die B\u00e4ume zeitweise als Kohlenstoffsenke\"}]},{\"@type\":\"WebSite\",\"@id\":\"https:\/\/www.sonnenseite.com\/de\/#website\",\"url\":\"https:\/\/www.sonnenseite.com\/de\/\",\"name\":\"Sonnenseite\",\"description\":\"\u00d6kologische Kommunikation mit Franz Alt\",\"publisher\":{\"@id\":\"https:\/\/www.sonnenseite.com\/de\/#organization\"},\"potentialAction\":[{\"@type\":\"SearchAction\",\"target\":{\"@type\":\"EntryPoint\",\"urlTemplate\":\"https:\/\/www.sonnenseite.com\/de\/?s={search_term_string}\"},\"query-input\":{\"@type\":\"PropertyValueSpecification\",\"valueRequired\":true,\"valueName\":\"search_term_string\"}}],\"inLanguage\":\"de\"},{\"@type\":\"Organization\",\"@id\":\"https:\/\/www.sonnenseite.com\/de\/#organization\",\"name\":\"Sonnenseite\",\"url\":\"https:\/\/www.sonnenseite.com\/de\/\",\"logo\":{\"@type\":\"ImageObject\",\"inLanguage\":\"de\",\"@id\":\"https:\/\/www.sonnenseite.com\/de\/#\/schema\/logo\/image\/\",\"url\":\"https:\/\/www.sonnenseite.com\/wp-content\/uploads\/2020\/05\/Sonnenseite_Logo.png\",\"contentUrl\":\"https:\/\/www.sonnenseite.com\/wp-content\/uploads\/2020\/05\/Sonnenseite_Logo.png\",\"width\":377,\"height\":90,\"caption\":\"Sonnenseite\"},\"image\":{\"@id\":\"https:\/\/www.sonnenseite.com\/de\/#\/schema\/logo\/image\/\"},\"sameAs\":[\"https:\/\/www.facebook.com\/pages\/Franz-Alt-SONNENSEITECOM\/221072987903953?fref=ts\",\"https:\/\/x.com\/franzalt\",\"http:\/\/www.youtube.com\/results?search_query&amp;amp;quot;franz_alt&amp;amp;quot;&amp;amp;amp;amp;search_type&amp;amp;amp;amp;aq=f\"]},{\"@type\":\"Person\",\"@id\":\"https:\/\/www.sonnenseite.com\/de\/#\/schema\/person\/50fda0e926597684c7cc6695238a4eb9\",\"name\":\"Bigi Alt\"}]}<\/script>\n<!-- \/ Yoast SEO plugin. -->","yoast_head_json":{"title":"Der Boden ersetzt die B\u00e4ume zeitweise als Kohlenstoffsenke - Sonnenseite - \u00d6kologische Kommunikation mit Franz Alt","description":"In den trockenen Jahren haben Deutschlands W\u00e4lder ihre Funktion als Kohlenstoff-Senke weitestgehend verloren. Nun zeigt sich: Der Waldboden hat in dieser","robots":{"index":"index","follow":"follow","max-snippet":"max-snippet:-1","max-image-preview":"max-image-preview:large","max-video-preview":"max-video-preview:-1"},"canonical":"https:\/\/www.sonnenseite.com\/de\/wissenschaft\/der-boden-ersetzt-die-baeume-zeitweise-als-kohlenstoffsenke\/","og_locale":"de_DE","og_type":"article","og_title":"Der Boden ersetzt die B\u00e4ume zeitweise als Kohlenstoffsenke - Sonnenseite - \u00d6kologische Kommunikation mit Franz Alt","og_description":"In den trockenen Jahren haben Deutschlands W\u00e4lder ihre Funktion als Kohlenstoff-Senke weitestgehend verloren. Nun zeigt sich: Der Waldboden hat in dieser","og_url":"https:\/\/www.sonnenseite.com\/de\/wissenschaft\/der-boden-ersetzt-die-baeume-zeitweise-als-kohlenstoffsenke\/","og_site_name":"Sonnenseite","article_publisher":"https:\/\/www.facebook.com\/pages\/Franz-Alt-SONNENSEITECOM\/221072987903953?fref=ts","article_published_time":"2026-01-07T01:41:00+00:00","og_image":[{"width":770,"height":420,"url":"https:\/\/www.sonnenseite.com\/wp-content\/uploads\/2026\/01\/Thuenen_Waldboden_Marius_Moe.jpg","type":"image\/jpeg"}],"author":"Bigi Alt","twitter_card":"summary_large_image","twitter_creator":"@franzalt","twitter_site":"@franzalt","twitter_misc":{"Verfasst von":"Bigi Alt","Gesch\u00e4tzte Lesezeit":"4\u00a0Minuten"},"schema":{"@context":"https:\/\/schema.org","@graph":[{"@type":"Article","@id":"https:\/\/www.sonnenseite.com\/de\/wissenschaft\/der-boden-ersetzt-die-baeume-zeitweise-als-kohlenstoffsenke\/#article","isPartOf":{"@id":"https:\/\/www.sonnenseite.com\/de\/wissenschaft\/der-boden-ersetzt-die-baeume-zeitweise-als-kohlenstoffsenke\/"},"author":{"name":"Bigi Alt","@id":"https:\/\/www.sonnenseite.com\/de\/#\/schema\/person\/50fda0e926597684c7cc6695238a4eb9"},"headline":"Der Boden ersetzt die B\u00e4ume zeitweise als Kohlenstoffsenke","datePublished":"2026-01-07T01:41:00+00:00","mainEntityOfPage":{"@id":"https:\/\/www.sonnenseite.com\/de\/wissenschaft\/der-boden-ersetzt-die-baeume-zeitweise-als-kohlenstoffsenke\/"},"wordCount":625,"publisher":{"@id":"https:\/\/www.sonnenseite.com\/de\/#organization"},"image":{"@id":"https:\/\/www.sonnenseite.com\/de\/wissenschaft\/der-boden-ersetzt-die-baeume-zeitweise-als-kohlenstoffsenke\/#primaryimage"},"thumbnailUrl":"https:\/\/www.sonnenseite.com\/wp-content\/uploads\/2026\/01\/Thuenen_Waldboden_Marius_Moe.jpg","articleSection":["Wissenschaft"],"inLanguage":"de"},{"@type":"WebPage","@id":"https:\/\/www.sonnenseite.com\/de\/wissenschaft\/der-boden-ersetzt-die-baeume-zeitweise-als-kohlenstoffsenke\/","url":"https:\/\/www.sonnenseite.com\/de\/wissenschaft\/der-boden-ersetzt-die-baeume-zeitweise-als-kohlenstoffsenke\/","name":"Der Boden ersetzt die B\u00e4ume zeitweise als Kohlenstoffsenke - Sonnenseite - \u00d6kologische Kommunikation mit Franz Alt","isPartOf":{"@id":"https:\/\/www.sonnenseite.com\/de\/#website"},"primaryImageOfPage":{"@id":"https:\/\/www.sonnenseite.com\/de\/wissenschaft\/der-boden-ersetzt-die-baeume-zeitweise-als-kohlenstoffsenke\/#primaryimage"},"image":{"@id":"https:\/\/www.sonnenseite.com\/de\/wissenschaft\/der-boden-ersetzt-die-baeume-zeitweise-als-kohlenstoffsenke\/#primaryimage"},"thumbnailUrl":"https:\/\/www.sonnenseite.com\/wp-content\/uploads\/2026\/01\/Thuenen_Waldboden_Marius_Moe.jpg","datePublished":"2026-01-07T01:41:00+00:00","description":"In den trockenen Jahren haben Deutschlands W\u00e4lder ihre Funktion als Kohlenstoff-Senke weitestgehend verloren. Nun zeigt sich: Der Waldboden hat in dieser","breadcrumb":{"@id":"https:\/\/www.sonnenseite.com\/de\/wissenschaft\/der-boden-ersetzt-die-baeume-zeitweise-als-kohlenstoffsenke\/#breadcrumb"},"inLanguage":"de","potentialAction":[{"@type":"ReadAction","target":["https:\/\/www.sonnenseite.com\/de\/wissenschaft\/der-boden-ersetzt-die-baeume-zeitweise-als-kohlenstoffsenke\/"]}]},{"@type":"ImageObject","inLanguage":"de","@id":"https:\/\/www.sonnenseite.com\/de\/wissenschaft\/der-boden-ersetzt-die-baeume-zeitweise-als-kohlenstoffsenke\/#primaryimage","url":"https:\/\/www.sonnenseite.com\/wp-content\/uploads\/2026\/01\/Thuenen_Waldboden_Marius_Moe.jpg","contentUrl":"https:\/\/www.sonnenseite.com\/wp-content\/uploads\/2026\/01\/Thuenen_Waldboden_Marius_Moe.jpg","width":770,"height":420,"caption":"Th\u00fcnen-Institut\/Marius M\u00f6ller | Profil eines Waldbodens mit Streuauflage und Humusschicht."},{"@type":"BreadcrumbList","@id":"https:\/\/www.sonnenseite.com\/de\/wissenschaft\/der-boden-ersetzt-die-baeume-zeitweise-als-kohlenstoffsenke\/#breadcrumb","itemListElement":[{"@type":"ListItem","position":1,"name":"Startseite","item":"https:\/\/www.sonnenseite.com\/de\/"},{"@type":"ListItem","position":2,"name":"Der Boden ersetzt die B\u00e4ume zeitweise als Kohlenstoffsenke"}]},{"@type":"WebSite","@id":"https:\/\/www.sonnenseite.com\/de\/#website","url":"https:\/\/www.sonnenseite.com\/de\/","name":"Sonnenseite","description":"\u00d6kologische Kommunikation mit Franz Alt","publisher":{"@id":"https:\/\/www.sonnenseite.com\/de\/#organization"},"potentialAction":[{"@type":"SearchAction","target":{"@type":"EntryPoint","urlTemplate":"https:\/\/www.sonnenseite.com\/de\/?s={search_term_string}"},"query-input":{"@type":"PropertyValueSpecification","valueRequired":true,"valueName":"search_term_string"}}],"inLanguage":"de"},{"@type":"Organization","@id":"https:\/\/www.sonnenseite.com\/de\/#organization","name":"Sonnenseite","url":"https:\/\/www.sonnenseite.com\/de\/","logo":{"@type":"ImageObject","inLanguage":"de","@id":"https:\/\/www.sonnenseite.com\/de\/#\/schema\/logo\/image\/","url":"https:\/\/www.sonnenseite.com\/wp-content\/uploads\/2020\/05\/Sonnenseite_Logo.png","contentUrl":"https:\/\/www.sonnenseite.com\/wp-content\/uploads\/2020\/05\/Sonnenseite_Logo.png","width":377,"height":90,"caption":"Sonnenseite"},"image":{"@id":"https:\/\/www.sonnenseite.com\/de\/#\/schema\/logo\/image\/"},"sameAs":["https:\/\/www.facebook.com\/pages\/Franz-Alt-SONNENSEITECOM\/221072987903953?fref=ts","https:\/\/x.com\/franzalt","http:\/\/www.youtube.com\/results?search_query&amp;amp;quot;franz_alt&amp;amp;quot;&amp;amp;amp;amp;search_type&amp;amp;amp;amp;aq=f"]},{"@type":"Person","@id":"https:\/\/www.sonnenseite.com\/de\/#\/schema\/person\/50fda0e926597684c7cc6695238a4eb9","name":"Bigi Alt"}]}},"_links":{"self":[{"href":"https:\/\/www.sonnenseite.com\/de\/wp-json\/wp\/v2\/posts\/111886","targetHints":{"allow":["GET"]}}],"collection":[{"href":"https:\/\/www.sonnenseite.com\/de\/wp-json\/wp\/v2\/posts"}],"about":[{"href":"https:\/\/www.sonnenseite.com\/de\/wp-json\/wp\/v2\/types\/post"}],"author":[{"embeddable":true,"href":"https:\/\/www.sonnenseite.com\/de\/wp-json\/wp\/v2\/users\/3"}],"replies":[{"embeddable":true,"href":"https:\/\/www.sonnenseite.com\/de\/wp-json\/wp\/v2\/comments?post=111886"}],"version-history":[{"count":3,"href":"https:\/\/www.sonnenseite.com\/de\/wp-json\/wp\/v2\/posts\/111886\/revisions"}],"predecessor-version":[{"id":111891,"href":"https:\/\/www.sonnenseite.com\/de\/wp-json\/wp\/v2\/posts\/111886\/revisions\/111891"}],"wp:featuredmedia":[{"embeddable":true,"href":"https:\/\/www.sonnenseite.com\/de\/wp-json\/wp\/v2\/media\/111887"}],"wp:attachment":[{"href":"https:\/\/www.sonnenseite.com\/de\/wp-json\/wp\/v2\/media?parent=111886"}],"wp:term":[{"taxonomy":"category","embeddable":true,"href":"https:\/\/www.sonnenseite.com\/de\/wp-json\/wp\/v2\/categories?post=111886"},{"taxonomy":"post_tag","embeddable":true,"href":"https:\/\/www.sonnenseite.com\/de\/wp-json\/wp\/v2\/tags?post=111886"}],"curies":[{"name":"wp","href":"https:\/\/api.w.org\/{rel}","templated":true}]}}