{"id":112997,"date":"2026-02-28T12:24:00","date_gmt":"2026-02-28T11:24:00","guid":{"rendered":"https:\/\/www.sonnenseite.com\/?p=112997"},"modified":"2026-02-28T13:35:46","modified_gmt":"2026-02-28T12:35:46","slug":"eeg-novelle-einbruch-bei-solardaechern-programmiert","status":"publish","type":"post","link":"https:\/\/www.sonnenseite.com\/de\/politik\/eeg-novelle-einbruch-bei-solardaechern-programmiert\/","title":{"rendered":"EEG-Novelle: Einbruch bei Solard\u00e4chern programmiert?"},"content":{"rendered":"\n<p>Ein bekannt gewordener Entwurf f\u00fcr die Novelle des Erneuerbare-Energien-Gesetzes emp\u00f6rt \u00d6kostrom-Branche und Umweltverb\u00e4nde. Aber auch aus der Wissenschaft kommen eindringliche Warnungen.<a href=\"whatsapp:\/\/send?text=%20https:\/\/klimareporter.de\/strom\/einbruch-bei-solardaechern-programmiert\" target=\"_blank\" rel=\"noreferrer noopener\"><\/a><a href=\"mailto:?subject=Lesetipp%3A%20Einbruch%20bei%20Solard%C3%A4chern%20programmiert%3F%20%E2%80%93%20Klimareporter%C2%B0&amp;body=Einbruch%20bei%20Solard%C3%A4chern%20programmiert%3F%20%E2%80%93%20https%3A%2F%2Fklimareporter.de%2Fstrom%2Feinbruch-bei-solardaechern-programmiert%0D%0AEin%20bekannt%20gewordener%20Entwurf%20f%C3%BCr%20die%20Novelle%20des%20Erneuerbare-Energien-Gesetzes%20emp%C3%B6rt%20%C3%96kostrom-Branche%20und%20Umweltverb%C3%A4nde.%20Aber%20auch%20aus%20der%20Wissenschaft%20kommen%20eindringliche%20Warnungen.\"><\/a><\/p>\n\n\n\n<p>Ein geleakter <a href=\"https:\/\/klimareporter.de\/images\/dokumente\/2026\/02\/260122-synopse-novelle-eeg-2027-hausabstimmung.pdf\" target=\"_blank\" rel=\"noreferrer noopener\">Referentenentwurf<\/a> f\u00fcr eine Novelle des Erneuerbare-Energien-Gesetzes (EEG) sorgt f\u00fcr scharfe Kritik, vor allem wegen geplanter Einschnitte bei kleinen Photovoltaikanlagen auf Hausd\u00e4chern. Branchenverb\u00e4nde und Umweltorganisationen warnen vor einem Einbruch dieses bislang dynamischen Segments. Gleichzeitig sehen Fachleute Risiken f\u00fcr das <a href=\"https:\/\/klimareporter.de\/strom\/ampel-gibt-100-prozent-oekostrom-ziel-fuer-2035-auf\" target=\"_blank\" rel=\"noreferrer noopener\">80\u2011Prozent-Ziel<\/a> beim \u00d6kostrom bis 2030.<\/p>\n\n\n\n<p>Nach dem Entwurf sollen kleine Photovoltaikanlagen im typischen Einfamilienhaus-Segment k\u00fcnftig nicht mehr oder nur noch stark eingeschr\u00e4nkt gef\u00f6rdert werden. Die klassische Einspeiseverg\u00fctung f\u00fcr neue Dachanlagen, die mit dem <a href=\"https:\/\/klimareporter.de\/strom\/quaschning-erklaert-weltretter-deutschland\" target=\"_blank\" rel=\"noreferrer noopener\">ersten&nbsp;EEG<\/a> im Jahr 2000 eingef\u00fchrt wurde, soll entfallen, Eigent\u00fcmer neuer Anlagen sollen \u00fcbersch\u00fcssigen Strom k\u00fcnftig <a href=\"https:\/\/klimareporter.de\/strom\/gleicht-mehr-eigenverbrauch-die-einspeise-verguetung-aus\" target=\"_blank\" rel=\"noreferrer noopener\">selbst vermarkten<\/a>.<\/p>\n\n\n\n<p>Damit w\u00fcrde ein Bereich getroffen, der in den vergangenen Jahren ma\u00dfgeblich zum starken Solarausbau beigetragen hat. \u00dcber den auf den 22. Januar datierten Entwurf hatten zuerst das <em>Handelsblatt<\/em> und die <em>S\u00fcddeutsche Zeitung<\/em> berichtet.<\/p>\n\n\n\n<p>Der Bundesverband Solarwirtschaft (BSW-Solar) <a href=\"https:\/\/www.solarwirtschaft.de\/2026\/02\/26\/solarbranche-warnt-vor-kahlschlag-beim-solarausbau\/\" target=\"_blank\" rel=\"noreferrer noopener\">warnt<\/a> vor gravierenden Folgen. &#8222;Wenn die F\u00f6rderung f\u00fcr kleine Anlagen abrupt wegf\u00e4llt, droht ein deutlicher Markteinbruch&#8220;, sagte Hauptgesch\u00e4ftsf\u00fchrer Carsten K\u00f6rnig. Private Dachanlagen seien eine tragende S\u00e4ule der Energiewende. Hunderttausende B\u00fcrgerinnen und B\u00fcrger h\u00e4tten investiert und damit <a href=\"https:\/\/klimareporter.de\/gebaeude\/photovoltaik-ueber-parteigrenzen-hinweg-beliebt\" target=\"_blank\" rel=\"noreferrer noopener\">Akzeptanz<\/a> f\u00fcr die Solartechnik geschaffen. Ein R\u00fcckgang werde nicht nur die Klimaziele treffen, sondern auch das Handwerk und die <a href=\"https:\/\/klimareporter.de\/finanzen-wirtschaft\/energiewende-als-job-motor\" target=\"_blank\" rel=\"noreferrer noopener\">Arbeitspl\u00e4tze<\/a> in der Branche.<\/p>\n\n\n\n<p>Auch der Energiewirtschaftsverband BDEW sieht Risiken. Kleine Photovoltaikanlagen st\u00e4rkten Beteiligung und Dezentralit\u00e4t. &#8222;Ein F\u00f6rderstopp darf nicht zu einem abrupten Nachfrageeinbruch f\u00fchren&#8220;, erkl\u00e4rte Verbandschefin Kerstin Andreae. Wichtig sei auch eine st\u00e4rkere Systemdienlichkeit der Anlagen, etwa durch Anreize f\u00fcr Speicher und <a href=\"https:\/\/klimareporter.de\/strom\/gleicht-mehr-eigenverbrauch-die-einspeise-verguetung-aus\" target=\"_blank\" rel=\"noreferrer noopener\">den Eigenverbrauch<\/a> von Strom, um die Netze zu entlasten.<\/p>\n\n\n\n<h4 class=\"wp-block-heading\">&#8222;Dann st\u00fcrzt das Solarhandwerk in die &#8218;Reiche-Schlucht'&#8220;<\/h4>\n\n\n\n<p>Harsche Kritik kam von den Umweltverb\u00e4nden. Der BUND bef\u00fcrchtet eine starke Schw\u00e4chung der B\u00fcrgerenergie. Auch der Naturschutzbund Nabu sieht in der geplanten Neuregelung ein falsches Signal, weil sie die gesellschaftliche Beteiligung an der Energiewende zur\u00fcckschraube.<\/p>\n\n\n\n<p>Das Bundeswirtschaftsministerium verteidigte die Pl\u00e4ne als Schritt zu mehr Marktintegration und Kosteneffizienz. Zudem handle es sich bei dem Entwurf erst um einen Arbeitsstand. Ziel sei es, erneuerbare Energien st\u00e4rker in den Markt zu integrieren und F\u00f6rderkosten zu begrenzen. Gleichzeitig halte man am 80-Prozent-Ziel f\u00fcr 2030 fest.<\/p>\n\n\n\n<p>Neben der Dachanlagen-Debatte sorgt ein weiterer Punkt f\u00fcr Kritik: Anders als im geltenden EEG enth\u00e4lt die Novelle keinen &#8222;Strommengenpfad&#8220; mehr. Auch eine konkrete Annahme zum Bruttostromverbrauch im Jahr 2030 wird nicht genannt.<\/p>\n\n\n\n<p>Gerade diese Bezugsgr\u00f6\u00dfe <a href=\"https:\/\/klimareporter.de\/strom\/vom-realitaetscheck-zum-politischen-realitaetsschock\" target=\"_blank\" rel=\"noreferrer noopener\">ist entscheidend<\/a>, um zu beurteilen, ob 80 Prozent des Stromverbrauchs tats\u00e4chlich aus erneuerbaren Quellen gedeckt werden k\u00f6nnen. Steigt der Strombedarf durch Elektromobilit\u00e4t, W\u00e4rmepumpen, Rechenzentren oder neue Industrieansiedlungen st\u00e4rker als erwartet, k\u00f6nnten die vorgesehenen Kapazit\u00e4ten nicht ausreichen.<\/p>\n\n\n\n<p>Formal h\u00e4lt der Entwurf an den bisherigen Ausbauzielen fest: 2030 sollen 115.000 Megawatt Windenergie an Land und 215.000 Megawatt Photovoltaik installiert sein, 2040 sollen es 160.000 beziehungsweise 400.000 Megawatt sein. Der <a href=\"https:\/\/klimareporter.de\/tag\/offshore-windkraft\" target=\"_blank\" rel=\"noreferrer noopener\">Offshore-Ausbau<\/a> bleibt unber\u00fchrt, da er im Windenergie-auf-See-Gesetz geregelt ist.<\/p>\n\n\n\n<p>Aus der Wissenschaft kommen teils positive, zumeist aber kritische Stimmen. F\u00fcr <a href=\"https:\/\/ie3.etit.tu-dortmund.de\/institute\/team\/prof-dr-ing-christian-rehtanz\/\" target=\"_blank\" rel=\"noreferrer noopener\">Christian Rehtanz<\/a>, Professor f\u00fcr Energiesysteme und Energiewirtschaft an der TU Dortmund, wird mit der geplanten EEG-Novelle eine Integration der \u00d6kostrom-Produktion in den Markt &#8222;zielgerichtet vorangetrieben&#8220;. Dach-Solaranlagen lie\u00dfen sich heute so mit Stromspeichern kombinieren, dass die Amortisation <a href=\"https:\/\/klimareporter.de\/strom\/gleicht-mehr-eigenverbrauch-die-einspeise-verguetung-aus\" target=\"_blank\" rel=\"noreferrer noopener\">\u00fcber die Deckung des Eigenbedarfs<\/a> an Strom sichergestellt werden k\u00f6nne. &#8222;Hierzu bedarf es keiner F\u00f6rderung mehr.&#8220;<\/p>\n\n\n\n<p>Energiewirtschafts-Professorin <a href=\"https:\/\/www.diw.de\/de\/diw_01.c.10839.de\/personen\/kemfert__claudia.html\" target=\"_blank\" rel=\"noreferrer noopener\">Claudia Kemfert<\/a> vom Deutschen Institut f\u00fcr Wirtschaftsforschung hingegen kritisierte den geplanten abrupten F\u00f6rderstopp bei kleinen Anlagen. &#8222;Markt ja. Aber erst, wenn die Infrastruktur, die Digitalisierung und die Flexibilit\u00e4tsm\u00e4rkte <a href=\"https:\/\/klimareporter.de\/strom\/erdgas-ist-eine-sackgasse\" target=\"_blank\" rel=\"noreferrer noopener\">so&nbsp;weit&nbsp;sind<\/a>, dass der Markt tats\u00e4chlich funktioniert. Sonst droht aus einer notwendigen Reform ein unn\u00f6tiger R\u00fcckschritt&#8220;, sagte Kemfert.<\/p>\n\n\n\n<p>Noch drastischer \u00e4u\u00dferte sich <a href=\"https:\/\/www.oth-regensburg.de\/personen\/detailansicht\/michael-stm-sterner\" target=\"_blank\" rel=\"noreferrer noopener\">Michael Sterner<\/a>, Professor f\u00fcr Energiespeicher und Energiewirtschaft an der TH Regensburg: &#8222;Wenn dieses EEG Realit\u00e4t wird, st\u00fcrzt das Solarhandwerk in die &#8218;Reiche-Schlucht'&#8220;, sagte er. Vor 15 Jahren seien durch \u00e4hnliche Ma\u00dfnahmen Tausende Arbeitspl\u00e4tze in der Solarbranche <a href=\"https:\/\/klimareporter.de\/strom\/ausgebremst-gedeckelt-und-pleite\" target=\"_blank\" rel=\"noreferrer noopener\">zerst\u00f6rt worden<\/a>. &#8222;Das droht uns mit diesem Entwurf in noch radikalerer und gef\u00e4hrlicherer Form.&#8220;<\/p>\n\n\n<h5 class=\"green\">Quelle<\/h5>\r\n\n\n\n<p>Der Bericht wurde von der\u00a0<a href=\"https:\/\/klimareporter.de\/strom\/einbruch-bei-solardaechern-programmiert\">Redaktion \u201eklimareporter.de\u201c (Joachim Wille) 2026<\/a>\u00a0verfasst &#8211; der Artikel darf nicht ohne Genehmigung\u00a0(<a href=\"mailto:post@klimareporter.de\">post@klimareporter.de<\/a>) weiterverbreitet werden!\u00a0<\/p>\n<div class=\"shariff shariff-align-flex-start shariff-widget-align-flex-start\"><div class=\"ShariffHeadline\">Diese Meldung teilen<\/div><ul class=\"shariff-buttons theme-round orientation-horizontal buttonsize-medium\"><li class=\"shariff-button facebook shariff-nocustomcolor\" style=\"background-color:#4273c8;border-radius:1%\"><a href=\"https:\/\/www.facebook.com\/sharer\/sharer.php?u=https%3A%2F%2Fwww.sonnenseite.com%2Fde%2Fpolitik%2Feeg-novelle-einbruch-bei-solardaechern-programmiert%2F\" title=\"Bei Facebook teilen\" aria-label=\"Bei Facebook teilen\" role=\"button\" rel=\"nofollow\" class=\"shariff-link\" style=\";border-radius:1%; background-color:#3b5998; color:#fff\" target=\"_blank\"><span class=\"shariff-icon\" style=\"\"><svg width=\"32px\" height=\"20px\" xmlns=\"http:\/\/www.w3.org\/2000\/svg\" viewBox=\"0 0 18 32\"><path fill=\"#3b5998\" d=\"M17.1 0.2v4.7h-2.8q-1.5 0-2.1 0.6t-0.5 1.9v3.4h5.2l-0.7 5.3h-4.5v13.6h-5.5v-13.6h-4.5v-5.3h4.5v-3.9q0-3.3 1.9-5.2t5-1.8q2.6 0 4.1 0.2z\"\/><\/svg><\/span><\/a><\/li><li class=\"shariff-button twitter shariff-nocustomcolor\" style=\"background-color:#595959;border-radius:1%\"><a href=\"https:\/\/twitter.com\/share?url=https%3A%2F%2Fwww.sonnenseite.com%2Fde%2Fpolitik%2Feeg-novelle-einbruch-bei-solardaechern-programmiert%2F&text=EEG-Novelle%3A%20Einbruch%20bei%20Solard%C3%A4chern%20programmiert%3F\" title=\"Bei X teilen\" aria-label=\"Bei X teilen\" role=\"button\" rel=\"noopener nofollow\" class=\"shariff-link\" style=\";border-radius:1%; background-color:#000; color:#fff\" target=\"_blank\"><span class=\"shariff-icon\" style=\"\"><svg width=\"32px\" height=\"20px\" xmlns=\"http:\/\/www.w3.org\/2000\/svg\" viewBox=\"0 0 24 24\"><path fill=\"#000\" d=\"M14.258 10.152L23.176 0h-2.113l-7.747 8.813L7.133 0H0l9.352 13.328L0 23.973h2.113l8.176-9.309 6.531 9.309h7.133zm-2.895 3.293l-.949-1.328L2.875 1.56h3.246l6.086 8.523.945 1.328 7.91 11.078h-3.246zm0 0\"\/><\/svg><\/span><\/a><\/li><li class=\"shariff-button xing shariff-nocustomcolor\" style=\"background-color:#29888a;border-radius:1%\"><a href=\"https:\/\/www.xing.com\/spi\/shares\/new?url=https%3A%2F%2Fwww.sonnenseite.com%2Fde%2Fpolitik%2Feeg-novelle-einbruch-bei-solardaechern-programmiert%2F\" title=\"Bei XING teilen\" aria-label=\"Bei XING teilen\" role=\"button\" rel=\"noopener nofollow\" class=\"shariff-link\" style=\";border-radius:1%; background-color:#126567; color:#fff\" target=\"_blank\"><span class=\"shariff-icon\" style=\"\"><svg width=\"32px\" height=\"20px\" xmlns=\"http:\/\/www.w3.org\/2000\/svg\" viewBox=\"0 0 25 32\"><path fill=\"#126567\" d=\"M10.7 11.9q-0.2 0.3-4.6 8.2-0.5 0.8-1.2 0.8h-4.3q-0.4 0-0.5-0.3t0-0.6l4.5-8q0 0 0 0l-2.9-5q-0.2-0.4 0-0.7 0.2-0.3 0.5-0.3h4.3q0.7 0 1.2 0.8zM25.1 0.4q0.2 0.3 0 0.7l-9.4 16.7 6 11q0.2 0.4 0 0.6-0.2 0.3-0.6 0.3h-4.3q-0.7 0-1.2-0.8l-6-11.1q0.3-0.6 9.5-16.8 0.4-0.8 1.2-0.8h4.3q0.4 0 0.5 0.3z\"\/><\/svg><\/span><\/a><\/li><li class=\"shariff-button linkedin shariff-nocustomcolor\" style=\"background-color:#1488bf;border-radius:1%\"><a href=\"https:\/\/www.linkedin.com\/sharing\/share-offsite\/?url=https%3A%2F%2Fwww.sonnenseite.com%2Fde%2Fpolitik%2Feeg-novelle-einbruch-bei-solardaechern-programmiert%2F\" title=\"Bei LinkedIn teilen\" aria-label=\"Bei LinkedIn teilen\" role=\"button\" rel=\"noopener nofollow\" class=\"shariff-link\" style=\";border-radius:1%; background-color:#0077b5; color:#fff\" target=\"_blank\"><span class=\"shariff-icon\" style=\"\"><svg width=\"32px\" height=\"20px\" xmlns=\"http:\/\/www.w3.org\/2000\/svg\" viewBox=\"0 0 27 32\"><path fill=\"#0077b5\" d=\"M6.2 11.2v17.7h-5.9v-17.7h5.9zM6.6 5.7q0 1.3-0.9 2.2t-2.4 0.9h0q-1.5 0-2.4-0.9t-0.9-2.2 0.9-2.2 2.4-0.9 2.4 0.9 0.9 2.2zM27.4 18.7v10.1h-5.9v-9.5q0-1.9-0.7-2.9t-2.3-1.1q-1.1 0-1.9 0.6t-1.2 1.5q-0.2 0.5-0.2 1.4v9.9h-5.9q0-7.1 0-11.6t0-5.3l0-0.9h5.9v2.6h0q0.4-0.6 0.7-1t1-0.9 1.6-0.8 2-0.3q3 0 4.9 2t1.9 6z\"\/><\/svg><\/span><\/a><\/li><li class=\"shariff-button printer shariff-nocustomcolor\" style=\"background-color:#a8a8a8;border-radius:1%\"><a href=\"javascript:window.print()\" title=\"drucken\" aria-label=\"drucken\" role=\"button\" rel=\"noopener nofollow\" class=\"shariff-link\" style=\";border-radius:1%; background-color:#999; color:#fff\"><span class=\"shariff-icon\" style=\"\"><svg width=\"32px\" height=\"20px\" xmlns=\"http:\/\/www.w3.org\/2000\/svg\" viewBox=\"0 0 30 32\"><path fill=\"#999\" d=\"M6.8 27.4h16v-4.6h-16v4.6zM6.8 16h16v-6.8h-2.8q-0.7 0-1.2-0.5t-0.5-1.2v-2.8h-11.4v11.4zM27.4 17.2q0-0.5-0.3-0.8t-0.8-0.4-0.8 0.4-0.3 0.8 0.3 0.8 0.8 0.3 0.8-0.3 0.3-0.8zM29.7 17.2v7.4q0 0.2-0.2 0.4t-0.4 0.2h-4v2.8q0 0.7-0.5 1.2t-1.2 0.5h-17.2q-0.7 0-1.2-0.5t-0.5-1.2v-2.8h-4q-0.2 0-0.4-0.2t-0.2-0.4v-7.4q0-1.4 1-2.4t2.4-1h1.2v-9.7q0-0.7 0.5-1.2t1.2-0.5h12q0.7 0 1.6 0.4t1.3 0.8l2.7 2.7q0.5 0.5 0.9 1.4t0.4 1.6v4.6h1.1q1.4 0 2.4 1t1 2.4z\"\/><\/svg><\/span><\/a><\/li><li class=\"shariff-button mailto shariff-nocustomcolor\" style=\"background-color:#a8a8a8;border-radius:1%\"><a href=\"mailto:?body=https%3A%2F%2Fwww.sonnenseite.com%2Fde%2Fpolitik%2Feeg-novelle-einbruch-bei-solardaechern-programmiert%2F&subject=EEG-Novelle%3A%20Einbruch%20bei%20Solard%C3%A4chern%20programmiert%3F\" title=\"Per E-Mail versenden\" aria-label=\"Per E-Mail versenden\" role=\"button\" rel=\"noopener nofollow\" class=\"shariff-link\" style=\";border-radius:1%; background-color:#999; color:#fff\"><span class=\"shariff-icon\" style=\"\"><svg width=\"32px\" height=\"20px\" xmlns=\"http:\/\/www.w3.org\/2000\/svg\" viewBox=\"0 0 32 32\"><path fill=\"#999\" d=\"M32 12.7v14.2q0 1.2-0.8 2t-2 0.9h-26.3q-1.2 0-2-0.9t-0.8-2v-14.2q0.8 0.9 1.8 1.6 6.5 4.4 8.9 6.1 1 0.8 1.6 1.2t1.7 0.9 2 0.4h0.1q0.9 0 2-0.4t1.7-0.9 1.6-1.2q3-2.2 8.9-6.1 1-0.7 1.8-1.6zM32 7.4q0 1.4-0.9 2.7t-2.2 2.2q-6.7 4.7-8.4 5.8-0.2 0.1-0.7 0.5t-1 0.7-0.9 0.6-1.1 0.5-0.9 0.2h-0.1q-0.4 0-0.9-0.2t-1.1-0.5-0.9-0.6-1-0.7-0.7-0.5q-1.6-1.1-4.7-3.2t-3.6-2.6q-1.1-0.7-2.1-2t-1-2.5q0-1.4 0.7-2.3t2.1-0.9h26.3q1.2 0 2 0.8t0.9 2z\"\/><\/svg><\/span><\/a><\/li><\/ul><\/div>","protected":false},"excerpt":{"rendered":"<p>Ein bekannt gewordener Entwurf f\u00fcr die Novelle des Erneuerbare-Energien-Gesetzes emp\u00f6rt \u00d6kostrom-Branche und Umweltverb\u00e4nde. Aber auch aus [&hellip;]<\/p>\n","protected":false},"author":3,"featured_media":1474,"comment_status":"closed","ping_status":"closed","sticky":false,"template":"","format":"standard","meta":{"inline_featured_image":false,"footnotes":""},"categories":[21],"tags":[],"class_list":["post-112997","post","type-post","status-publish","format-standard","has-post-thumbnail","hentry","category-politik"],"yoast_head":"<!-- This site is optimized with the Yoast SEO plugin v26.5 - https:\/\/yoast.com\/wordpress\/plugins\/seo\/ -->\n<title>EEG-Novelle: Einbruch bei Solard\u00e4chern programmiert? - Sonnenseite - \u00d6kologische Kommunikation mit Franz Alt<\/title>\n<meta name=\"description\" content=\"Ein bekannt gewordener Entwurf f\u00fcr die Novelle des Erneuerbare-Energien-Gesetzes emp\u00f6rt \u00d6kostrom-Branche und Umweltverb\u00e4nde. Aber auch aus der\" \/>\n<meta name=\"robots\" content=\"index, follow, max-snippet:-1, max-image-preview:large, max-video-preview:-1\" \/>\n<link rel=\"canonical\" href=\"https:\/\/www.sonnenseite.com\/de\/politik\/eeg-novelle-einbruch-bei-solardaechern-programmiert\/\" \/>\n<meta property=\"og:locale\" content=\"de_DE\" \/>\n<meta property=\"og:type\" content=\"article\" \/>\n<meta property=\"og:title\" content=\"EEG-Novelle: Einbruch bei Solard\u00e4chern programmiert? - Sonnenseite - \u00d6kologische Kommunikation mit Franz Alt\" \/>\n<meta property=\"og:description\" content=\"Ein bekannt gewordener Entwurf f\u00fcr die Novelle des Erneuerbare-Energien-Gesetzes emp\u00f6rt \u00d6kostrom-Branche und Umweltverb\u00e4nde. Aber auch aus der\" \/>\n<meta property=\"og:url\" content=\"https:\/\/www.sonnenseite.com\/de\/politik\/eeg-novelle-einbruch-bei-solardaechern-programmiert\/\" \/>\n<meta property=\"og:site_name\" content=\"Sonnenseite\" \/>\n<meta property=\"article:publisher\" content=\"https:\/\/www.facebook.com\/pages\/Franz-Alt-SONNENSEITECOM\/221072987903953?fref=ts\" \/>\n<meta property=\"article:published_time\" content=\"2026-02-28T11:24:00+00:00\" \/>\n<meta property=\"article:modified_time\" content=\"2026-02-28T12:35:46+00:00\" \/>\n<meta property=\"og:image\" content=\"https:\/\/www.sonnenseite.com\/wp-content\/uploads\/2020\/04\/Solarhaus_andreypopov.jpg\" \/>\n\t<meta property=\"og:image:width\" content=\"770\" \/>\n\t<meta property=\"og:image:height\" content=\"420\" \/>\n\t<meta property=\"og:image:type\" content=\"image\/jpeg\" \/>\n<meta name=\"author\" content=\"Bigi Alt\" \/>\n<meta name=\"twitter:card\" content=\"summary_large_image\" \/>\n<meta name=\"twitter:creator\" content=\"@franzalt\" \/>\n<meta name=\"twitter:site\" content=\"@franzalt\" \/>\n<meta name=\"twitter:label1\" content=\"Verfasst von\" \/>\n\t<meta name=\"twitter:data1\" content=\"Bigi Alt\" \/>\n\t<meta name=\"twitter:label2\" content=\"Gesch\u00e4tzte Lesezeit\" \/>\n\t<meta name=\"twitter:data2\" content=\"4\u00a0Minuten\" \/>\n<script type=\"application\/ld+json\" class=\"yoast-schema-graph\">{\"@context\":\"https:\/\/schema.org\",\"@graph\":[{\"@type\":\"Article\",\"@id\":\"https:\/\/www.sonnenseite.com\/de\/politik\/eeg-novelle-einbruch-bei-solardaechern-programmiert\/#article\",\"isPartOf\":{\"@id\":\"https:\/\/www.sonnenseite.com\/de\/politik\/eeg-novelle-einbruch-bei-solardaechern-programmiert\/\"},\"author\":{\"name\":\"Bigi Alt\",\"@id\":\"https:\/\/www.sonnenseite.com\/de\/#\/schema\/person\/50fda0e926597684c7cc6695238a4eb9\"},\"headline\":\"EEG-Novelle: Einbruch bei Solard\u00e4chern programmiert?\",\"datePublished\":\"2026-02-28T11:24:00+00:00\",\"dateModified\":\"2026-02-28T12:35:46+00:00\",\"mainEntityOfPage\":{\"@id\":\"https:\/\/www.sonnenseite.com\/de\/politik\/eeg-novelle-einbruch-bei-solardaechern-programmiert\/\"},\"wordCount\":721,\"publisher\":{\"@id\":\"https:\/\/www.sonnenseite.com\/de\/#organization\"},\"image\":{\"@id\":\"https:\/\/www.sonnenseite.com\/de\/politik\/eeg-novelle-einbruch-bei-solardaechern-programmiert\/#primaryimage\"},\"thumbnailUrl\":\"https:\/\/www.sonnenseite.com\/wp-content\/uploads\/2020\/04\/Solarhaus_andreypopov.jpg\",\"articleSection\":[\"Politik\"],\"inLanguage\":\"de\"},{\"@type\":\"WebPage\",\"@id\":\"https:\/\/www.sonnenseite.com\/de\/politik\/eeg-novelle-einbruch-bei-solardaechern-programmiert\/\",\"url\":\"https:\/\/www.sonnenseite.com\/de\/politik\/eeg-novelle-einbruch-bei-solardaechern-programmiert\/\",\"name\":\"EEG-Novelle: Einbruch bei Solard\u00e4chern programmiert? - Sonnenseite - \u00d6kologische Kommunikation mit Franz Alt\",\"isPartOf\":{\"@id\":\"https:\/\/www.sonnenseite.com\/de\/#website\"},\"primaryImageOfPage\":{\"@id\":\"https:\/\/www.sonnenseite.com\/de\/politik\/eeg-novelle-einbruch-bei-solardaechern-programmiert\/#primaryimage\"},\"image\":{\"@id\":\"https:\/\/www.sonnenseite.com\/de\/politik\/eeg-novelle-einbruch-bei-solardaechern-programmiert\/#primaryimage\"},\"thumbnailUrl\":\"https:\/\/www.sonnenseite.com\/wp-content\/uploads\/2020\/04\/Solarhaus_andreypopov.jpg\",\"datePublished\":\"2026-02-28T11:24:00+00:00\",\"dateModified\":\"2026-02-28T12:35:46+00:00\",\"description\":\"Ein bekannt gewordener Entwurf f\u00fcr die Novelle des Erneuerbare-Energien-Gesetzes emp\u00f6rt \u00d6kostrom-Branche und Umweltverb\u00e4nde. Aber auch aus der\",\"breadcrumb\":{\"@id\":\"https:\/\/www.sonnenseite.com\/de\/politik\/eeg-novelle-einbruch-bei-solardaechern-programmiert\/#breadcrumb\"},\"inLanguage\":\"de\",\"potentialAction\":[{\"@type\":\"ReadAction\",\"target\":[\"https:\/\/www.sonnenseite.com\/de\/politik\/eeg-novelle-einbruch-bei-solardaechern-programmiert\/\"]}]},{\"@type\":\"ImageObject\",\"inLanguage\":\"de\",\"@id\":\"https:\/\/www.sonnenseite.com\/de\/politik\/eeg-novelle-einbruch-bei-solardaechern-programmiert\/#primaryimage\",\"url\":\"https:\/\/www.sonnenseite.com\/wp-content\/uploads\/2020\/04\/Solarhaus_andreypopov.jpg\",\"contentUrl\":\"https:\/\/www.sonnenseite.com\/wp-content\/uploads\/2020\/04\/Solarhaus_andreypopov.jpg\",\"width\":770,\"height\":420,\"caption\":\"ClipDealer.com | andreypopov\"},{\"@type\":\"BreadcrumbList\",\"@id\":\"https:\/\/www.sonnenseite.com\/de\/politik\/eeg-novelle-einbruch-bei-solardaechern-programmiert\/#breadcrumb\",\"itemListElement\":[{\"@type\":\"ListItem\",\"position\":1,\"name\":\"Startseite\",\"item\":\"https:\/\/www.sonnenseite.com\/de\/\"},{\"@type\":\"ListItem\",\"position\":2,\"name\":\"EEG-Novelle: Einbruch bei Solard\u00e4chern programmiert?\"}]},{\"@type\":\"WebSite\",\"@id\":\"https:\/\/www.sonnenseite.com\/de\/#website\",\"url\":\"https:\/\/www.sonnenseite.com\/de\/\",\"name\":\"Sonnenseite\",\"description\":\"\u00d6kologische Kommunikation mit Franz Alt\",\"publisher\":{\"@id\":\"https:\/\/www.sonnenseite.com\/de\/#organization\"},\"potentialAction\":[{\"@type\":\"SearchAction\",\"target\":{\"@type\":\"EntryPoint\",\"urlTemplate\":\"https:\/\/www.sonnenseite.com\/de\/?s={search_term_string}\"},\"query-input\":{\"@type\":\"PropertyValueSpecification\",\"valueRequired\":true,\"valueName\":\"search_term_string\"}}],\"inLanguage\":\"de\"},{\"@type\":\"Organization\",\"@id\":\"https:\/\/www.sonnenseite.com\/de\/#organization\",\"name\":\"Sonnenseite\",\"url\":\"https:\/\/www.sonnenseite.com\/de\/\",\"logo\":{\"@type\":\"ImageObject\",\"inLanguage\":\"de\",\"@id\":\"https:\/\/www.sonnenseite.com\/de\/#\/schema\/logo\/image\/\",\"url\":\"https:\/\/www.sonnenseite.com\/wp-content\/uploads\/2020\/05\/Sonnenseite_Logo.png\",\"contentUrl\":\"https:\/\/www.sonnenseite.com\/wp-content\/uploads\/2020\/05\/Sonnenseite_Logo.png\",\"width\":377,\"height\":90,\"caption\":\"Sonnenseite\"},\"image\":{\"@id\":\"https:\/\/www.sonnenseite.com\/de\/#\/schema\/logo\/image\/\"},\"sameAs\":[\"https:\/\/www.facebook.com\/pages\/Franz-Alt-SONNENSEITECOM\/221072987903953?fref=ts\",\"https:\/\/x.com\/franzalt\",\"http:\/\/www.youtube.com\/results?search_query&amp;amp;quot;franz_alt&amp;amp;quot;&amp;amp;amp;amp;search_type&amp;amp;amp;amp;aq=f\"]},{\"@type\":\"Person\",\"@id\":\"https:\/\/www.sonnenseite.com\/de\/#\/schema\/person\/50fda0e926597684c7cc6695238a4eb9\",\"name\":\"Bigi Alt\"}]}<\/script>\n<!-- \/ Yoast SEO plugin. -->","yoast_head_json":{"title":"EEG-Novelle: Einbruch bei Solard\u00e4chern programmiert? - Sonnenseite - \u00d6kologische Kommunikation mit Franz Alt","description":"Ein bekannt gewordener Entwurf f\u00fcr die Novelle des Erneuerbare-Energien-Gesetzes emp\u00f6rt \u00d6kostrom-Branche und Umweltverb\u00e4nde. Aber auch aus der","robots":{"index":"index","follow":"follow","max-snippet":"max-snippet:-1","max-image-preview":"max-image-preview:large","max-video-preview":"max-video-preview:-1"},"canonical":"https:\/\/www.sonnenseite.com\/de\/politik\/eeg-novelle-einbruch-bei-solardaechern-programmiert\/","og_locale":"de_DE","og_type":"article","og_title":"EEG-Novelle: Einbruch bei Solard\u00e4chern programmiert? - Sonnenseite - \u00d6kologische Kommunikation mit Franz Alt","og_description":"Ein bekannt gewordener Entwurf f\u00fcr die Novelle des Erneuerbare-Energien-Gesetzes emp\u00f6rt \u00d6kostrom-Branche und Umweltverb\u00e4nde. Aber auch aus der","og_url":"https:\/\/www.sonnenseite.com\/de\/politik\/eeg-novelle-einbruch-bei-solardaechern-programmiert\/","og_site_name":"Sonnenseite","article_publisher":"https:\/\/www.facebook.com\/pages\/Franz-Alt-SONNENSEITECOM\/221072987903953?fref=ts","article_published_time":"2026-02-28T11:24:00+00:00","article_modified_time":"2026-02-28T12:35:46+00:00","og_image":[{"width":770,"height":420,"url":"https:\/\/www.sonnenseite.com\/wp-content\/uploads\/2020\/04\/Solarhaus_andreypopov.jpg","type":"image\/jpeg"}],"author":"Bigi Alt","twitter_card":"summary_large_image","twitter_creator":"@franzalt","twitter_site":"@franzalt","twitter_misc":{"Verfasst von":"Bigi Alt","Gesch\u00e4tzte Lesezeit":"4\u00a0Minuten"},"schema":{"@context":"https:\/\/schema.org","@graph":[{"@type":"Article","@id":"https:\/\/www.sonnenseite.com\/de\/politik\/eeg-novelle-einbruch-bei-solardaechern-programmiert\/#article","isPartOf":{"@id":"https:\/\/www.sonnenseite.com\/de\/politik\/eeg-novelle-einbruch-bei-solardaechern-programmiert\/"},"author":{"name":"Bigi Alt","@id":"https:\/\/www.sonnenseite.com\/de\/#\/schema\/person\/50fda0e926597684c7cc6695238a4eb9"},"headline":"EEG-Novelle: Einbruch bei Solard\u00e4chern programmiert?","datePublished":"2026-02-28T11:24:00+00:00","dateModified":"2026-02-28T12:35:46+00:00","mainEntityOfPage":{"@id":"https:\/\/www.sonnenseite.com\/de\/politik\/eeg-novelle-einbruch-bei-solardaechern-programmiert\/"},"wordCount":721,"publisher":{"@id":"https:\/\/www.sonnenseite.com\/de\/#organization"},"image":{"@id":"https:\/\/www.sonnenseite.com\/de\/politik\/eeg-novelle-einbruch-bei-solardaechern-programmiert\/#primaryimage"},"thumbnailUrl":"https:\/\/www.sonnenseite.com\/wp-content\/uploads\/2020\/04\/Solarhaus_andreypopov.jpg","articleSection":["Politik"],"inLanguage":"de"},{"@type":"WebPage","@id":"https:\/\/www.sonnenseite.com\/de\/politik\/eeg-novelle-einbruch-bei-solardaechern-programmiert\/","url":"https:\/\/www.sonnenseite.com\/de\/politik\/eeg-novelle-einbruch-bei-solardaechern-programmiert\/","name":"EEG-Novelle: Einbruch bei Solard\u00e4chern programmiert? - Sonnenseite - \u00d6kologische Kommunikation mit Franz Alt","isPartOf":{"@id":"https:\/\/www.sonnenseite.com\/de\/#website"},"primaryImageOfPage":{"@id":"https:\/\/www.sonnenseite.com\/de\/politik\/eeg-novelle-einbruch-bei-solardaechern-programmiert\/#primaryimage"},"image":{"@id":"https:\/\/www.sonnenseite.com\/de\/politik\/eeg-novelle-einbruch-bei-solardaechern-programmiert\/#primaryimage"},"thumbnailUrl":"https:\/\/www.sonnenseite.com\/wp-content\/uploads\/2020\/04\/Solarhaus_andreypopov.jpg","datePublished":"2026-02-28T11:24:00+00:00","dateModified":"2026-02-28T12:35:46+00:00","description":"Ein bekannt gewordener Entwurf f\u00fcr die Novelle des Erneuerbare-Energien-Gesetzes emp\u00f6rt \u00d6kostrom-Branche und Umweltverb\u00e4nde. Aber auch aus der","breadcrumb":{"@id":"https:\/\/www.sonnenseite.com\/de\/politik\/eeg-novelle-einbruch-bei-solardaechern-programmiert\/#breadcrumb"},"inLanguage":"de","potentialAction":[{"@type":"ReadAction","target":["https:\/\/www.sonnenseite.com\/de\/politik\/eeg-novelle-einbruch-bei-solardaechern-programmiert\/"]}]},{"@type":"ImageObject","inLanguage":"de","@id":"https:\/\/www.sonnenseite.com\/de\/politik\/eeg-novelle-einbruch-bei-solardaechern-programmiert\/#primaryimage","url":"https:\/\/www.sonnenseite.com\/wp-content\/uploads\/2020\/04\/Solarhaus_andreypopov.jpg","contentUrl":"https:\/\/www.sonnenseite.com\/wp-content\/uploads\/2020\/04\/Solarhaus_andreypopov.jpg","width":770,"height":420,"caption":"ClipDealer.com | andreypopov"},{"@type":"BreadcrumbList","@id":"https:\/\/www.sonnenseite.com\/de\/politik\/eeg-novelle-einbruch-bei-solardaechern-programmiert\/#breadcrumb","itemListElement":[{"@type":"ListItem","position":1,"name":"Startseite","item":"https:\/\/www.sonnenseite.com\/de\/"},{"@type":"ListItem","position":2,"name":"EEG-Novelle: Einbruch bei Solard\u00e4chern programmiert?"}]},{"@type":"WebSite","@id":"https:\/\/www.sonnenseite.com\/de\/#website","url":"https:\/\/www.sonnenseite.com\/de\/","name":"Sonnenseite","description":"\u00d6kologische Kommunikation mit Franz Alt","publisher":{"@id":"https:\/\/www.sonnenseite.com\/de\/#organization"},"potentialAction":[{"@type":"SearchAction","target":{"@type":"EntryPoint","urlTemplate":"https:\/\/www.sonnenseite.com\/de\/?s={search_term_string}"},"query-input":{"@type":"PropertyValueSpecification","valueRequired":true,"valueName":"search_term_string"}}],"inLanguage":"de"},{"@type":"Organization","@id":"https:\/\/www.sonnenseite.com\/de\/#organization","name":"Sonnenseite","url":"https:\/\/www.sonnenseite.com\/de\/","logo":{"@type":"ImageObject","inLanguage":"de","@id":"https:\/\/www.sonnenseite.com\/de\/#\/schema\/logo\/image\/","url":"https:\/\/www.sonnenseite.com\/wp-content\/uploads\/2020\/05\/Sonnenseite_Logo.png","contentUrl":"https:\/\/www.sonnenseite.com\/wp-content\/uploads\/2020\/05\/Sonnenseite_Logo.png","width":377,"height":90,"caption":"Sonnenseite"},"image":{"@id":"https:\/\/www.sonnenseite.com\/de\/#\/schema\/logo\/image\/"},"sameAs":["https:\/\/www.facebook.com\/pages\/Franz-Alt-SONNENSEITECOM\/221072987903953?fref=ts","https:\/\/x.com\/franzalt","http:\/\/www.youtube.com\/results?search_query&amp;amp;quot;franz_alt&amp;amp;quot;&amp;amp;amp;amp;search_type&amp;amp;amp;amp;aq=f"]},{"@type":"Person","@id":"https:\/\/www.sonnenseite.com\/de\/#\/schema\/person\/50fda0e926597684c7cc6695238a4eb9","name":"Bigi Alt"}]}},"_links":{"self":[{"href":"https:\/\/www.sonnenseite.com\/de\/wp-json\/wp\/v2\/posts\/112997","targetHints":{"allow":["GET"]}}],"collection":[{"href":"https:\/\/www.sonnenseite.com\/de\/wp-json\/wp\/v2\/posts"}],"about":[{"href":"https:\/\/www.sonnenseite.com\/de\/wp-json\/wp\/v2\/types\/post"}],"author":[{"embeddable":true,"href":"https:\/\/www.sonnenseite.com\/de\/wp-json\/wp\/v2\/users\/3"}],"replies":[{"embeddable":true,"href":"https:\/\/www.sonnenseite.com\/de\/wp-json\/wp\/v2\/comments?post=112997"}],"version-history":[{"count":2,"href":"https:\/\/www.sonnenseite.com\/de\/wp-json\/wp\/v2\/posts\/112997\/revisions"}],"predecessor-version":[{"id":112999,"href":"https:\/\/www.sonnenseite.com\/de\/wp-json\/wp\/v2\/posts\/112997\/revisions\/112999"}],"wp:featuredmedia":[{"embeddable":true,"href":"https:\/\/www.sonnenseite.com\/de\/wp-json\/wp\/v2\/media\/1474"}],"wp:attachment":[{"href":"https:\/\/www.sonnenseite.com\/de\/wp-json\/wp\/v2\/media?parent=112997"}],"wp:term":[{"taxonomy":"category","embeddable":true,"href":"https:\/\/www.sonnenseite.com\/de\/wp-json\/wp\/v2\/categories?post=112997"},{"taxonomy":"post_tag","embeddable":true,"href":"https:\/\/www.sonnenseite.com\/de\/wp-json\/wp\/v2\/tags?post=112997"}],"curies":[{"name":"wp","href":"https:\/\/api.w.org\/{rel}","templated":true}]}}