{"id":113096,"date":"2026-03-06T09:49:26","date_gmt":"2026-03-06T08:49:26","guid":{"rendered":"https:\/\/www.sonnenseite.com\/?p=113096"},"modified":"2026-03-06T09:49:27","modified_gmt":"2026-03-06T08:49:27","slug":"klimaziel-auf-dem-papier-erreicht-aber-mehr-co2-in-der-eu-ausgestossen","status":"publish","type":"post","link":"https:\/\/www.sonnenseite.com\/de\/politik\/klimaziel-auf-dem-papier-erreicht-aber-mehr-co2-in-der-eu-ausgestossen\/","title":{"rendered":"Klimaziel auf dem Papier erreicht \u2013 aber mehr CO2 in der EU ausgesto\u00dfen"},"content":{"rendered":"\n<p>Die EU will ihre Emissionen bis 2040 um 90 Prozent im Vergleich zu 1990 senken. F\u00fcnf Prozent sollen erstmals \u00fcber internationale CO<sub>2<\/sub>-Zertifikate erf\u00fcllt werden k\u00f6nnen. <\/p>\n\n\n\n<p>Doch ein neuer <a href=\"https:\/\/www.klima-allianz.de\/fileadmin\/user_upload\/Dateien\/Daten\/Presse\/Die_Rolle_von_Artikel_6_im_deutschen_und_europaeischen_2040-Klimaziel_Mar2026.pdf\">Policy Brief<\/a> des <a href=\"http:\/\/www.newclimate.org\">NewClimate Institute<\/a> im Auftrag der Klima-Allianz Deutschland warnt vor hohen Kosten und der Verschleppung des Klimaschutzes.<\/p>\n\n\n\n<p>Wenn ein Teil dieses Ziels \u00fcber internationale CO\u2082-Zertifikate erf\u00fcllt wird, f\u00fchrt dies zu deutlich h\u00f6heren innereurop\u00e4ischen Emissionen im Jahr 2040. F\u00fcr Deutschland hie\u00dfe das: Statt auf etwa 150 Millionen Tonnen CO\u2082 im Jahr 2040 zu sinken, k\u00f6nnten die Emissionen real bei \u00fcber 200 Millionen Tonnen liegen \u2013 bis zu 42 Prozent h\u00f6her als ohne den Ankauf von Zertifikaten. Gleichzeitig k\u00f6nnten k\u00fcnftig steigende Kosten f\u00fcr CO\u2082-Zertifikate den Bundeshaushalt mit bis zu 37 Milliarden Euro belasten und Investitionen in den Klimaschutz verz\u00f6gern. &nbsp;<\/p>\n\n\n\n<p><strong>Juliette de Grandpr\u00e9, Expertin des NewClimate Institute und Co-Autorin des Policy Briefs:<\/strong> \u201cWenn Deutschland und die EU die geplante Menge an internationalen CO<sub>2<\/sub>-Zertifikaten zukaufen, l\u00e4sst ihnen dies erheblichen Spielraum, mehr Emissionen auszusto\u00dfen. Der Druck, die Emissionen innerhalb der EU zu reduzieren, sinkt dadurch. Notwendige Ma\u00dfnahmen werden verschoben und m\u00fcssen nach 2040 schneller und teurer nachgeholt werden, um bis sp\u00e4testens 2050 klimaneutral zu sein. Das widerspricht dem Zweck von Artikel 6 des Pariser Klimaabkommens: Das Instrument soll h\u00f6here Ziele erm\u00f6glichen, nicht Klimaschutzverpflichtungen ins Ausland verlagern.\u201c&nbsp;<\/p>\n\n\n\n<p>Neben den klimapolitischen Risiken weist der Policy Brief auch auf die finanziellen Folgen hin. Die Kosten f\u00fcr Zertifikate k\u00f6nnten ein Niveau erreichen, das der Gr\u00f6\u00dfenordnung des aktuellen Klima- und Transformationsfonds von ca. 37 Milliarden Euro entspricht. Geld, das nicht mehr f\u00fcr die n\u00f6tigen Investitionen in die Wirtschaft zur Verf\u00fcgung st\u00fcnde.&nbsp;<\/p>\n\n\n\n<p><strong>Dr. Christiane Averbeck, Gesch\u00e4ftsf\u00fchrende Vorst\u00e4ndin bei der Klima-Allianz Deutschland:<\/strong> \u201cDie europ\u00e4ischen und deutschen Klimaziele m\u00fcssen durch eigene CO\u2082-Einsparungen erreicht werden, statt durch Ank\u00e4ufe aus dem Ausland. Internationale Zertifikate werden nur begrenzt verf\u00fcgbar und voraussichtlich teuer sein. Die Bundesregierung sollte deshalb auf ihren Einsatz verzichten und stattdessen fr\u00fchzeitig in saubere Industrie, klimafreundliche Mobilit\u00e4t und Geb\u00e4ude und in den sozialen Ausgleich investieren.\u201c&nbsp;<\/p>\n\n\n\n<p>Erfahrungen mit dem bisherigen internationalen Kohlenstoffmarkt zeigen zudem, dass die allermeisten Projekte keine zus\u00e4tzlichen Einsparungen gebracht haben und ihre Qualit\u00e4t oft unzureichend \u00fcberpr\u00fcft wurde. Im besten Fall sind internationale CO<sub>2<\/sub>-Zertifikate damit ein Nullsummenspiel f\u00fcr das Klima, in vielen F\u00e4llen sind die tats\u00e4chlichen Emissionen sogar h\u00f6her ausgefallen.&nbsp;<\/p>\n\n\n\n<p><strong>Anika Schroeder, Referentin f\u00fcr internationale Klimapolitik bei der Entwicklungsorganisation Misereor:<\/strong> \u201cAuch im globalen S\u00fcden setzt der Handel mit CO<sub>2-<\/sub>Zertifikaten Fehlanreize f\u00fcr nachhaltige Entwicklung und Klimaschutz. L\u00e4nder k\u00f6nnten ihre Klimaziele bewusst niedriger ansetzen, um Einnahmen aus dem Verkauf von Zertifikaten zu erzielen. Dabei verbleibt ein Gro\u00dfteil des Geldes bei Zwischenh\u00e4ndlern und Projektentwicklern aus dem globalen Norden. Zudem zeigt die Erfahrung mit diesen oft landintensiven Projekten, dass den Menschen vor Ort Landrechtskonflikte und Vertreibungen drohen.\u201d&nbsp;<\/p>\n\n\n\n<p><strong>Hintergrund:<\/strong>&nbsp;<\/p>\n\n\n<div class=\"wp-block-image\">\n<figure class=\"alignright size-full is-resized\"><a href=\"https:\/\/www.sonnenseite.com\/wp-content\/uploads\/2026\/03\/KlimaAllianz_Policy2026.jpg\"><img loading=\"lazy\" decoding=\"async\" width=\"400\" height=\"573\" src=\"https:\/\/www.sonnenseite.com\/wp-content\/uploads\/2026\/03\/KlimaAllianz_Policy2026.jpg\" alt=\"\" class=\"wp-image-113099\" style=\"aspect-ratio:0.6980720460309237;width:268px;height:auto\" srcset=\"https:\/\/www.sonnenseite.com\/wp-content\/uploads\/2026\/03\/KlimaAllianz_Policy2026.jpg 400w, https:\/\/www.sonnenseite.com\/wp-content\/uploads\/2026\/03\/KlimaAllianz_Policy2026-209x300.jpg 209w\" sizes=\"auto, (max-width: 400px) 100vw, 400px\" \/><\/a><\/figure>\n<\/div>\n\n\n<p>Die EU-Kommission hat sich mit dem Europ\u00e4ischen Parlament und dem Europ\u00e4ischen Rat auf ein neues Zwischenziel bis 2040 von 90 Prozent Treibhausgasreduktion gegen\u00fcber 1990 geeinigt. Erstmalig soll es nun erlaubt sein, bis zu 5 Prozent der Nettoemissionen der EU von 1990 durch die Anrechnung internationaler Kohlenstoffzertifikate \u00fcber Artikel 6 des Pariser Klimaabkommens ab 2036 im EU-Klimaziel f\u00fcr 2040 zu erreichen. Mindestens 85 Prozent Emissionsminderung m\u00fcssen demnach innereurop\u00e4isch erbracht werden. Der Vorschlag der EU-Kommission vom Juli 2025 wurde in den Verhandlungen deutlich abgeschw\u00e4cht. Der EU-Klimabeirat (ESABCC) hatte sogar eine Minderung von 90-95 Prozent bis 2040 empfohlen, ohne die Anrechnung internationaler Zertifikate. Die Verhandlungen in der EU \u00fcber die genaue Ausgestaltung und die Umsetzung der Qualit\u00e4tsanforderungen sollen voraussichtlich in diesem Jahr starten.\u00a0<\/p>\n\n\n\n<ul class=\"wp-block-list\">\n<li><a href=\"https:\/\/www.klima-allianz.de\/fileadmin\/user_upload\/Dateien\/Daten\/Presse\/Die_Rolle_von_Artikel_6_im_deutschen_und_europaeischen_2040-Klimaziel_Mar2026.pdf\">DIE ROLLE VON ARTIKEL 6 IM DEUTSCHEN UND EUROP\u00c4ISCHEN 2040-KLIMAZIEL<\/a> <\/li>\n<\/ul>\n\n\n<h5 class=\"green\">Quelle<\/h5>\r\n\n\n\n<p><a href=\"https:\/\/www.klima-allianz.de\/presse\/meldung\/klimaziel-auf-dem-papier-erreicht-aber-mehr-co2-in-der-eu-ausgestossen\">Klima Allianz Deutschland 2026<\/a><\/p>\n<div class=\"shariff shariff-align-flex-start shariff-widget-align-flex-start\"><div class=\"ShariffHeadline\">Diese Meldung teilen<\/div><ul class=\"shariff-buttons theme-round orientation-horizontal buttonsize-medium\"><li class=\"shariff-button facebook shariff-nocustomcolor\" style=\"background-color:#4273c8;border-radius:1%\"><a href=\"https:\/\/www.facebook.com\/sharer\/sharer.php?u=https%3A%2F%2Fwww.sonnenseite.com%2Fde%2Fpolitik%2Fklimaziel-auf-dem-papier-erreicht-aber-mehr-co2-in-der-eu-ausgestossen%2F\" title=\"Bei Facebook teilen\" aria-label=\"Bei Facebook teilen\" role=\"button\" rel=\"nofollow\" class=\"shariff-link\" style=\";border-radius:1%; background-color:#3b5998; color:#fff\" target=\"_blank\"><span class=\"shariff-icon\" style=\"\"><svg width=\"32px\" height=\"20px\" xmlns=\"http:\/\/www.w3.org\/2000\/svg\" viewBox=\"0 0 18 32\"><path fill=\"#3b5998\" d=\"M17.1 0.2v4.7h-2.8q-1.5 0-2.1 0.6t-0.5 1.9v3.4h5.2l-0.7 5.3h-4.5v13.6h-5.5v-13.6h-4.5v-5.3h4.5v-3.9q0-3.3 1.9-5.2t5-1.8q2.6 0 4.1 0.2z\"\/><\/svg><\/span><\/a><\/li><li class=\"shariff-button twitter shariff-nocustomcolor\" style=\"background-color:#595959;border-radius:1%\"><a href=\"https:\/\/twitter.com\/share?url=https%3A%2F%2Fwww.sonnenseite.com%2Fde%2Fpolitik%2Fklimaziel-auf-dem-papier-erreicht-aber-mehr-co2-in-der-eu-ausgestossen%2F&text=Klimaziel%20auf%20dem%20Papier%20erreicht%20%E2%80%93%20aber%20mehr%20CO2%20in%20der%20EU%20ausgesto%C3%9Fen\" title=\"Bei X teilen\" aria-label=\"Bei X teilen\" role=\"button\" rel=\"noopener nofollow\" class=\"shariff-link\" style=\";border-radius:1%; background-color:#000; color:#fff\" target=\"_blank\"><span class=\"shariff-icon\" style=\"\"><svg width=\"32px\" height=\"20px\" xmlns=\"http:\/\/www.w3.org\/2000\/svg\" viewBox=\"0 0 24 24\"><path fill=\"#000\" d=\"M14.258 10.152L23.176 0h-2.113l-7.747 8.813L7.133 0H0l9.352 13.328L0 23.973h2.113l8.176-9.309 6.531 9.309h7.133zm-2.895 3.293l-.949-1.328L2.875 1.56h3.246l6.086 8.523.945 1.328 7.91 11.078h-3.246zm0 0\"\/><\/svg><\/span><\/a><\/li><li class=\"shariff-button xing shariff-nocustomcolor\" style=\"background-color:#29888a;border-radius:1%\"><a href=\"https:\/\/www.xing.com\/spi\/shares\/new?url=https%3A%2F%2Fwww.sonnenseite.com%2Fde%2Fpolitik%2Fklimaziel-auf-dem-papier-erreicht-aber-mehr-co2-in-der-eu-ausgestossen%2F\" title=\"Bei XING teilen\" aria-label=\"Bei XING teilen\" role=\"button\" rel=\"noopener nofollow\" class=\"shariff-link\" style=\";border-radius:1%; background-color:#126567; color:#fff\" target=\"_blank\"><span class=\"shariff-icon\" style=\"\"><svg width=\"32px\" height=\"20px\" xmlns=\"http:\/\/www.w3.org\/2000\/svg\" viewBox=\"0 0 25 32\"><path fill=\"#126567\" d=\"M10.7 11.9q-0.2 0.3-4.6 8.2-0.5 0.8-1.2 0.8h-4.3q-0.4 0-0.5-0.3t0-0.6l4.5-8q0 0 0 0l-2.9-5q-0.2-0.4 0-0.7 0.2-0.3 0.5-0.3h4.3q0.7 0 1.2 0.8zM25.1 0.4q0.2 0.3 0 0.7l-9.4 16.7 6 11q0.2 0.4 0 0.6-0.2 0.3-0.6 0.3h-4.3q-0.7 0-1.2-0.8l-6-11.1q0.3-0.6 9.5-16.8 0.4-0.8 1.2-0.8h4.3q0.4 0 0.5 0.3z\"\/><\/svg><\/span><\/a><\/li><li class=\"shariff-button linkedin shariff-nocustomcolor\" style=\"background-color:#1488bf;border-radius:1%\"><a href=\"https:\/\/www.linkedin.com\/sharing\/share-offsite\/?url=https%3A%2F%2Fwww.sonnenseite.com%2Fde%2Fpolitik%2Fklimaziel-auf-dem-papier-erreicht-aber-mehr-co2-in-der-eu-ausgestossen%2F\" title=\"Bei LinkedIn teilen\" aria-label=\"Bei LinkedIn teilen\" role=\"button\" rel=\"noopener nofollow\" class=\"shariff-link\" style=\";border-radius:1%; background-color:#0077b5; color:#fff\" target=\"_blank\"><span class=\"shariff-icon\" style=\"\"><svg width=\"32px\" height=\"20px\" xmlns=\"http:\/\/www.w3.org\/2000\/svg\" viewBox=\"0 0 27 32\"><path fill=\"#0077b5\" d=\"M6.2 11.2v17.7h-5.9v-17.7h5.9zM6.6 5.7q0 1.3-0.9 2.2t-2.4 0.9h0q-1.5 0-2.4-0.9t-0.9-2.2 0.9-2.2 2.4-0.9 2.4 0.9 0.9 2.2zM27.4 18.7v10.1h-5.9v-9.5q0-1.9-0.7-2.9t-2.3-1.1q-1.1 0-1.9 0.6t-1.2 1.5q-0.2 0.5-0.2 1.4v9.9h-5.9q0-7.1 0-11.6t0-5.3l0-0.9h5.9v2.6h0q0.4-0.6 0.7-1t1-0.9 1.6-0.8 2-0.3q3 0 4.9 2t1.9 6z\"\/><\/svg><\/span><\/a><\/li><li class=\"shariff-button printer shariff-nocustomcolor\" style=\"background-color:#a8a8a8;border-radius:1%\"><a href=\"javascript:window.print()\" title=\"drucken\" aria-label=\"drucken\" role=\"button\" rel=\"noopener nofollow\" class=\"shariff-link\" style=\";border-radius:1%; background-color:#999; color:#fff\"><span class=\"shariff-icon\" style=\"\"><svg width=\"32px\" height=\"20px\" xmlns=\"http:\/\/www.w3.org\/2000\/svg\" viewBox=\"0 0 30 32\"><path fill=\"#999\" d=\"M6.8 27.4h16v-4.6h-16v4.6zM6.8 16h16v-6.8h-2.8q-0.7 0-1.2-0.5t-0.5-1.2v-2.8h-11.4v11.4zM27.4 17.2q0-0.5-0.3-0.8t-0.8-0.4-0.8 0.4-0.3 0.8 0.3 0.8 0.8 0.3 0.8-0.3 0.3-0.8zM29.7 17.2v7.4q0 0.2-0.2 0.4t-0.4 0.2h-4v2.8q0 0.7-0.5 1.2t-1.2 0.5h-17.2q-0.7 0-1.2-0.5t-0.5-1.2v-2.8h-4q-0.2 0-0.4-0.2t-0.2-0.4v-7.4q0-1.4 1-2.4t2.4-1h1.2v-9.7q0-0.7 0.5-1.2t1.2-0.5h12q0.7 0 1.6 0.4t1.3 0.8l2.7 2.7q0.5 0.5 0.9 1.4t0.4 1.6v4.6h1.1q1.4 0 2.4 1t1 2.4z\"\/><\/svg><\/span><\/a><\/li><li class=\"shariff-button mailto shariff-nocustomcolor\" style=\"background-color:#a8a8a8;border-radius:1%\"><a href=\"mailto:?body=https%3A%2F%2Fwww.sonnenseite.com%2Fde%2Fpolitik%2Fklimaziel-auf-dem-papier-erreicht-aber-mehr-co2-in-der-eu-ausgestossen%2F&subject=Klimaziel%20auf%20dem%20Papier%20erreicht%20%E2%80%93%20aber%20mehr%20CO2%20in%20der%20EU%20ausgesto%C3%9Fen\" title=\"Per E-Mail versenden\" aria-label=\"Per E-Mail versenden\" role=\"button\" rel=\"noopener nofollow\" class=\"shariff-link\" style=\";border-radius:1%; background-color:#999; color:#fff\"><span class=\"shariff-icon\" style=\"\"><svg width=\"32px\" height=\"20px\" xmlns=\"http:\/\/www.w3.org\/2000\/svg\" viewBox=\"0 0 32 32\"><path fill=\"#999\" d=\"M32 12.7v14.2q0 1.2-0.8 2t-2 0.9h-26.3q-1.2 0-2-0.9t-0.8-2v-14.2q0.8 0.9 1.8 1.6 6.5 4.4 8.9 6.1 1 0.8 1.6 1.2t1.7 0.9 2 0.4h0.1q0.9 0 2-0.4t1.7-0.9 1.6-1.2q3-2.2 8.9-6.1 1-0.7 1.8-1.6zM32 7.4q0 1.4-0.9 2.7t-2.2 2.2q-6.7 4.7-8.4 5.8-0.2 0.1-0.7 0.5t-1 0.7-0.9 0.6-1.1 0.5-0.9 0.2h-0.1q-0.4 0-0.9-0.2t-1.1-0.5-0.9-0.6-1-0.7-0.7-0.5q-1.6-1.1-4.7-3.2t-3.6-2.6q-1.1-0.7-2.1-2t-1-2.5q0-1.4 0.7-2.3t2.1-0.9h26.3q1.2 0 2 0.8t0.9 2z\"\/><\/svg><\/span><\/a><\/li><\/ul><\/div>","protected":false},"excerpt":{"rendered":"<p>Die EU will ihre Emissionen bis 2040 um 90 Prozent im Vergleich zu 1990 senken. F\u00fcnf [&hellip;]<\/p>\n","protected":false},"author":3,"featured_media":4504,"comment_status":"closed","ping_status":"closed","sticky":false,"template":"","format":"standard","meta":{"inline_featured_image":false,"footnotes":""},"categories":[21],"tags":[],"class_list":["post-113096","post","type-post","status-publish","format-standard","has-post-thumbnail","hentry","category-politik"],"yoast_head":"<!-- This site is optimized with the Yoast SEO plugin v26.5 - https:\/\/yoast.com\/wordpress\/plugins\/seo\/ -->\n<title>Klimaziel auf dem Papier erreicht \u2013 aber mehr CO2 in der EU ausgesto\u00dfen - Sonnenseite - \u00d6kologische Kommunikation mit Franz Alt<\/title>\n<meta name=\"description\" content=\"Die EU will ihre Emissionen bis 2040 um 90 Prozent im Vergleich zu 1990 senken. F\u00fcnf Prozent sollen erstmals \u00fcber internationale CO2-Zertifikate erf\u00fcllt\" \/>\n<meta name=\"robots\" content=\"index, follow, max-snippet:-1, max-image-preview:large, max-video-preview:-1\" \/>\n<link rel=\"canonical\" href=\"https:\/\/www.sonnenseite.com\/de\/politik\/klimaziel-auf-dem-papier-erreicht-aber-mehr-co2-in-der-eu-ausgestossen\/\" \/>\n<meta property=\"og:locale\" content=\"de_DE\" \/>\n<meta property=\"og:type\" content=\"article\" \/>\n<meta property=\"og:title\" content=\"Klimaziel auf dem Papier erreicht \u2013 aber mehr CO2 in der EU ausgesto\u00dfen - Sonnenseite - \u00d6kologische Kommunikation mit Franz Alt\" \/>\n<meta property=\"og:description\" content=\"Die EU will ihre Emissionen bis 2040 um 90 Prozent im Vergleich zu 1990 senken. F\u00fcnf Prozent sollen erstmals \u00fcber internationale CO2-Zertifikate erf\u00fcllt\" \/>\n<meta property=\"og:url\" content=\"https:\/\/www.sonnenseite.com\/de\/politik\/klimaziel-auf-dem-papier-erreicht-aber-mehr-co2-in-der-eu-ausgestossen\/\" \/>\n<meta property=\"og:site_name\" content=\"Sonnenseite\" \/>\n<meta property=\"article:publisher\" content=\"https:\/\/www.facebook.com\/pages\/Franz-Alt-SONNENSEITECOM\/221072987903953?fref=ts\" \/>\n<meta property=\"article:published_time\" content=\"2026-03-06T08:49:26+00:00\" \/>\n<meta property=\"article:modified_time\" content=\"2026-03-06T08:49:27+00:00\" \/>\n<meta property=\"og:image\" content=\"https:\/\/www.sonnenseite.com\/wp-content\/uploads\/2019\/12\/solar_co2_aslysun.jpg\" \/>\n\t<meta property=\"og:image:width\" content=\"770\" \/>\n\t<meta property=\"og:image:height\" content=\"420\" \/>\n\t<meta property=\"og:image:type\" content=\"image\/jpeg\" \/>\n<meta name=\"author\" content=\"Bigi Alt\" \/>\n<meta name=\"twitter:card\" content=\"summary_large_image\" \/>\n<meta name=\"twitter:creator\" content=\"@franzalt\" \/>\n<meta name=\"twitter:site\" content=\"@franzalt\" \/>\n<meta name=\"twitter:label1\" content=\"Verfasst von\" \/>\n\t<meta name=\"twitter:data1\" content=\"Bigi Alt\" \/>\n\t<meta name=\"twitter:label2\" content=\"Gesch\u00e4tzte Lesezeit\" \/>\n\t<meta name=\"twitter:data2\" content=\"4\u00a0Minuten\" \/>\n<script type=\"application\/ld+json\" class=\"yoast-schema-graph\">{\"@context\":\"https:\/\/schema.org\",\"@graph\":[{\"@type\":\"Article\",\"@id\":\"https:\/\/www.sonnenseite.com\/de\/politik\/klimaziel-auf-dem-papier-erreicht-aber-mehr-co2-in-der-eu-ausgestossen\/#article\",\"isPartOf\":{\"@id\":\"https:\/\/www.sonnenseite.com\/de\/politik\/klimaziel-auf-dem-papier-erreicht-aber-mehr-co2-in-der-eu-ausgestossen\/\"},\"author\":{\"name\":\"Bigi Alt\",\"@id\":\"https:\/\/www.sonnenseite.com\/de\/#\/schema\/person\/50fda0e926597684c7cc6695238a4eb9\"},\"headline\":\"Klimaziel auf dem Papier erreicht \u2013 aber mehr CO2 in der EU ausgesto\u00dfen\",\"datePublished\":\"2026-03-06T08:49:26+00:00\",\"dateModified\":\"2026-03-06T08:49:27+00:00\",\"mainEntityOfPage\":{\"@id\":\"https:\/\/www.sonnenseite.com\/de\/politik\/klimaziel-auf-dem-papier-erreicht-aber-mehr-co2-in-der-eu-ausgestossen\/\"},\"wordCount\":637,\"publisher\":{\"@id\":\"https:\/\/www.sonnenseite.com\/de\/#organization\"},\"image\":{\"@id\":\"https:\/\/www.sonnenseite.com\/de\/politik\/klimaziel-auf-dem-papier-erreicht-aber-mehr-co2-in-der-eu-ausgestossen\/#primaryimage\"},\"thumbnailUrl\":\"https:\/\/www.sonnenseite.com\/wp-content\/uploads\/2019\/12\/solar_co2_aslysun.jpg\",\"articleSection\":[\"Politik\"],\"inLanguage\":\"de\"},{\"@type\":\"WebPage\",\"@id\":\"https:\/\/www.sonnenseite.com\/de\/politik\/klimaziel-auf-dem-papier-erreicht-aber-mehr-co2-in-der-eu-ausgestossen\/\",\"url\":\"https:\/\/www.sonnenseite.com\/de\/politik\/klimaziel-auf-dem-papier-erreicht-aber-mehr-co2-in-der-eu-ausgestossen\/\",\"name\":\"Klimaziel auf dem Papier erreicht \u2013 aber mehr CO2 in der EU ausgesto\u00dfen - Sonnenseite - \u00d6kologische Kommunikation mit Franz Alt\",\"isPartOf\":{\"@id\":\"https:\/\/www.sonnenseite.com\/de\/#website\"},\"primaryImageOfPage\":{\"@id\":\"https:\/\/www.sonnenseite.com\/de\/politik\/klimaziel-auf-dem-papier-erreicht-aber-mehr-co2-in-der-eu-ausgestossen\/#primaryimage\"},\"image\":{\"@id\":\"https:\/\/www.sonnenseite.com\/de\/politik\/klimaziel-auf-dem-papier-erreicht-aber-mehr-co2-in-der-eu-ausgestossen\/#primaryimage\"},\"thumbnailUrl\":\"https:\/\/www.sonnenseite.com\/wp-content\/uploads\/2019\/12\/solar_co2_aslysun.jpg\",\"datePublished\":\"2026-03-06T08:49:26+00:00\",\"dateModified\":\"2026-03-06T08:49:27+00:00\",\"description\":\"Die EU will ihre Emissionen bis 2040 um 90 Prozent im Vergleich zu 1990 senken. F\u00fcnf Prozent sollen erstmals \u00fcber internationale CO2-Zertifikate erf\u00fcllt\",\"breadcrumb\":{\"@id\":\"https:\/\/www.sonnenseite.com\/de\/politik\/klimaziel-auf-dem-papier-erreicht-aber-mehr-co2-in-der-eu-ausgestossen\/#breadcrumb\"},\"inLanguage\":\"de\",\"potentialAction\":[{\"@type\":\"ReadAction\",\"target\":[\"https:\/\/www.sonnenseite.com\/de\/politik\/klimaziel-auf-dem-papier-erreicht-aber-mehr-co2-in-der-eu-ausgestossen\/\"]}]},{\"@type\":\"ImageObject\",\"inLanguage\":\"de\",\"@id\":\"https:\/\/www.sonnenseite.com\/de\/politik\/klimaziel-auf-dem-papier-erreicht-aber-mehr-co2-in-der-eu-ausgestossen\/#primaryimage\",\"url\":\"https:\/\/www.sonnenseite.com\/wp-content\/uploads\/2019\/12\/solar_co2_aslysun.jpg\",\"contentUrl\":\"https:\/\/www.sonnenseite.com\/wp-content\/uploads\/2019\/12\/solar_co2_aslysun.jpg\",\"width\":770,\"height\":420,\"caption\":\"bigstock | aslysun\"},{\"@type\":\"BreadcrumbList\",\"@id\":\"https:\/\/www.sonnenseite.com\/de\/politik\/klimaziel-auf-dem-papier-erreicht-aber-mehr-co2-in-der-eu-ausgestossen\/#breadcrumb\",\"itemListElement\":[{\"@type\":\"ListItem\",\"position\":1,\"name\":\"Startseite\",\"item\":\"https:\/\/www.sonnenseite.com\/de\/\"},{\"@type\":\"ListItem\",\"position\":2,\"name\":\"Klimaziel auf dem Papier erreicht \u2013 aber mehr CO2 in der EU ausgesto\u00dfen\"}]},{\"@type\":\"WebSite\",\"@id\":\"https:\/\/www.sonnenseite.com\/de\/#website\",\"url\":\"https:\/\/www.sonnenseite.com\/de\/\",\"name\":\"Sonnenseite\",\"description\":\"\u00d6kologische Kommunikation mit Franz Alt\",\"publisher\":{\"@id\":\"https:\/\/www.sonnenseite.com\/de\/#organization\"},\"potentialAction\":[{\"@type\":\"SearchAction\",\"target\":{\"@type\":\"EntryPoint\",\"urlTemplate\":\"https:\/\/www.sonnenseite.com\/de\/?s={search_term_string}\"},\"query-input\":{\"@type\":\"PropertyValueSpecification\",\"valueRequired\":true,\"valueName\":\"search_term_string\"}}],\"inLanguage\":\"de\"},{\"@type\":\"Organization\",\"@id\":\"https:\/\/www.sonnenseite.com\/de\/#organization\",\"name\":\"Sonnenseite\",\"url\":\"https:\/\/www.sonnenseite.com\/de\/\",\"logo\":{\"@type\":\"ImageObject\",\"inLanguage\":\"de\",\"@id\":\"https:\/\/www.sonnenseite.com\/de\/#\/schema\/logo\/image\/\",\"url\":\"https:\/\/www.sonnenseite.com\/wp-content\/uploads\/2020\/05\/Sonnenseite_Logo.png\",\"contentUrl\":\"https:\/\/www.sonnenseite.com\/wp-content\/uploads\/2020\/05\/Sonnenseite_Logo.png\",\"width\":377,\"height\":90,\"caption\":\"Sonnenseite\"},\"image\":{\"@id\":\"https:\/\/www.sonnenseite.com\/de\/#\/schema\/logo\/image\/\"},\"sameAs\":[\"https:\/\/www.facebook.com\/pages\/Franz-Alt-SONNENSEITECOM\/221072987903953?fref=ts\",\"https:\/\/x.com\/franzalt\",\"http:\/\/www.youtube.com\/results?search_query&amp;amp;quot;franz_alt&amp;amp;quot;&amp;amp;amp;amp;search_type&amp;amp;amp;amp;aq=f\"]},{\"@type\":\"Person\",\"@id\":\"https:\/\/www.sonnenseite.com\/de\/#\/schema\/person\/50fda0e926597684c7cc6695238a4eb9\",\"name\":\"Bigi Alt\"}]}<\/script>\n<!-- \/ Yoast SEO plugin. -->","yoast_head_json":{"title":"Klimaziel auf dem Papier erreicht \u2013 aber mehr CO2 in der EU ausgesto\u00dfen - Sonnenseite - \u00d6kologische Kommunikation mit Franz Alt","description":"Die EU will ihre Emissionen bis 2040 um 90 Prozent im Vergleich zu 1990 senken. F\u00fcnf Prozent sollen erstmals \u00fcber internationale CO2-Zertifikate erf\u00fcllt","robots":{"index":"index","follow":"follow","max-snippet":"max-snippet:-1","max-image-preview":"max-image-preview:large","max-video-preview":"max-video-preview:-1"},"canonical":"https:\/\/www.sonnenseite.com\/de\/politik\/klimaziel-auf-dem-papier-erreicht-aber-mehr-co2-in-der-eu-ausgestossen\/","og_locale":"de_DE","og_type":"article","og_title":"Klimaziel auf dem Papier erreicht \u2013 aber mehr CO2 in der EU ausgesto\u00dfen - Sonnenseite - \u00d6kologische Kommunikation mit Franz Alt","og_description":"Die EU will ihre Emissionen bis 2040 um 90 Prozent im Vergleich zu 1990 senken. F\u00fcnf Prozent sollen erstmals \u00fcber internationale CO2-Zertifikate erf\u00fcllt","og_url":"https:\/\/www.sonnenseite.com\/de\/politik\/klimaziel-auf-dem-papier-erreicht-aber-mehr-co2-in-der-eu-ausgestossen\/","og_site_name":"Sonnenseite","article_publisher":"https:\/\/www.facebook.com\/pages\/Franz-Alt-SONNENSEITECOM\/221072987903953?fref=ts","article_published_time":"2026-03-06T08:49:26+00:00","article_modified_time":"2026-03-06T08:49:27+00:00","og_image":[{"width":770,"height":420,"url":"https:\/\/www.sonnenseite.com\/wp-content\/uploads\/2019\/12\/solar_co2_aslysun.jpg","type":"image\/jpeg"}],"author":"Bigi Alt","twitter_card":"summary_large_image","twitter_creator":"@franzalt","twitter_site":"@franzalt","twitter_misc":{"Verfasst von":"Bigi Alt","Gesch\u00e4tzte Lesezeit":"4\u00a0Minuten"},"schema":{"@context":"https:\/\/schema.org","@graph":[{"@type":"Article","@id":"https:\/\/www.sonnenseite.com\/de\/politik\/klimaziel-auf-dem-papier-erreicht-aber-mehr-co2-in-der-eu-ausgestossen\/#article","isPartOf":{"@id":"https:\/\/www.sonnenseite.com\/de\/politik\/klimaziel-auf-dem-papier-erreicht-aber-mehr-co2-in-der-eu-ausgestossen\/"},"author":{"name":"Bigi Alt","@id":"https:\/\/www.sonnenseite.com\/de\/#\/schema\/person\/50fda0e926597684c7cc6695238a4eb9"},"headline":"Klimaziel auf dem Papier erreicht \u2013 aber mehr CO2 in der EU ausgesto\u00dfen","datePublished":"2026-03-06T08:49:26+00:00","dateModified":"2026-03-06T08:49:27+00:00","mainEntityOfPage":{"@id":"https:\/\/www.sonnenseite.com\/de\/politik\/klimaziel-auf-dem-papier-erreicht-aber-mehr-co2-in-der-eu-ausgestossen\/"},"wordCount":637,"publisher":{"@id":"https:\/\/www.sonnenseite.com\/de\/#organization"},"image":{"@id":"https:\/\/www.sonnenseite.com\/de\/politik\/klimaziel-auf-dem-papier-erreicht-aber-mehr-co2-in-der-eu-ausgestossen\/#primaryimage"},"thumbnailUrl":"https:\/\/www.sonnenseite.com\/wp-content\/uploads\/2019\/12\/solar_co2_aslysun.jpg","articleSection":["Politik"],"inLanguage":"de"},{"@type":"WebPage","@id":"https:\/\/www.sonnenseite.com\/de\/politik\/klimaziel-auf-dem-papier-erreicht-aber-mehr-co2-in-der-eu-ausgestossen\/","url":"https:\/\/www.sonnenseite.com\/de\/politik\/klimaziel-auf-dem-papier-erreicht-aber-mehr-co2-in-der-eu-ausgestossen\/","name":"Klimaziel auf dem Papier erreicht \u2013 aber mehr CO2 in der EU ausgesto\u00dfen - Sonnenseite - \u00d6kologische Kommunikation mit Franz Alt","isPartOf":{"@id":"https:\/\/www.sonnenseite.com\/de\/#website"},"primaryImageOfPage":{"@id":"https:\/\/www.sonnenseite.com\/de\/politik\/klimaziel-auf-dem-papier-erreicht-aber-mehr-co2-in-der-eu-ausgestossen\/#primaryimage"},"image":{"@id":"https:\/\/www.sonnenseite.com\/de\/politik\/klimaziel-auf-dem-papier-erreicht-aber-mehr-co2-in-der-eu-ausgestossen\/#primaryimage"},"thumbnailUrl":"https:\/\/www.sonnenseite.com\/wp-content\/uploads\/2019\/12\/solar_co2_aslysun.jpg","datePublished":"2026-03-06T08:49:26+00:00","dateModified":"2026-03-06T08:49:27+00:00","description":"Die EU will ihre Emissionen bis 2040 um 90 Prozent im Vergleich zu 1990 senken. F\u00fcnf Prozent sollen erstmals \u00fcber internationale CO2-Zertifikate erf\u00fcllt","breadcrumb":{"@id":"https:\/\/www.sonnenseite.com\/de\/politik\/klimaziel-auf-dem-papier-erreicht-aber-mehr-co2-in-der-eu-ausgestossen\/#breadcrumb"},"inLanguage":"de","potentialAction":[{"@type":"ReadAction","target":["https:\/\/www.sonnenseite.com\/de\/politik\/klimaziel-auf-dem-papier-erreicht-aber-mehr-co2-in-der-eu-ausgestossen\/"]}]},{"@type":"ImageObject","inLanguage":"de","@id":"https:\/\/www.sonnenseite.com\/de\/politik\/klimaziel-auf-dem-papier-erreicht-aber-mehr-co2-in-der-eu-ausgestossen\/#primaryimage","url":"https:\/\/www.sonnenseite.com\/wp-content\/uploads\/2019\/12\/solar_co2_aslysun.jpg","contentUrl":"https:\/\/www.sonnenseite.com\/wp-content\/uploads\/2019\/12\/solar_co2_aslysun.jpg","width":770,"height":420,"caption":"bigstock | aslysun"},{"@type":"BreadcrumbList","@id":"https:\/\/www.sonnenseite.com\/de\/politik\/klimaziel-auf-dem-papier-erreicht-aber-mehr-co2-in-der-eu-ausgestossen\/#breadcrumb","itemListElement":[{"@type":"ListItem","position":1,"name":"Startseite","item":"https:\/\/www.sonnenseite.com\/de\/"},{"@type":"ListItem","position":2,"name":"Klimaziel auf dem Papier erreicht \u2013 aber mehr CO2 in der EU ausgesto\u00dfen"}]},{"@type":"WebSite","@id":"https:\/\/www.sonnenseite.com\/de\/#website","url":"https:\/\/www.sonnenseite.com\/de\/","name":"Sonnenseite","description":"\u00d6kologische Kommunikation mit Franz Alt","publisher":{"@id":"https:\/\/www.sonnenseite.com\/de\/#organization"},"potentialAction":[{"@type":"SearchAction","target":{"@type":"EntryPoint","urlTemplate":"https:\/\/www.sonnenseite.com\/de\/?s={search_term_string}"},"query-input":{"@type":"PropertyValueSpecification","valueRequired":true,"valueName":"search_term_string"}}],"inLanguage":"de"},{"@type":"Organization","@id":"https:\/\/www.sonnenseite.com\/de\/#organization","name":"Sonnenseite","url":"https:\/\/www.sonnenseite.com\/de\/","logo":{"@type":"ImageObject","inLanguage":"de","@id":"https:\/\/www.sonnenseite.com\/de\/#\/schema\/logo\/image\/","url":"https:\/\/www.sonnenseite.com\/wp-content\/uploads\/2020\/05\/Sonnenseite_Logo.png","contentUrl":"https:\/\/www.sonnenseite.com\/wp-content\/uploads\/2020\/05\/Sonnenseite_Logo.png","width":377,"height":90,"caption":"Sonnenseite"},"image":{"@id":"https:\/\/www.sonnenseite.com\/de\/#\/schema\/logo\/image\/"},"sameAs":["https:\/\/www.facebook.com\/pages\/Franz-Alt-SONNENSEITECOM\/221072987903953?fref=ts","https:\/\/x.com\/franzalt","http:\/\/www.youtube.com\/results?search_query&amp;amp;quot;franz_alt&amp;amp;quot;&amp;amp;amp;amp;search_type&amp;amp;amp;amp;aq=f"]},{"@type":"Person","@id":"https:\/\/www.sonnenseite.com\/de\/#\/schema\/person\/50fda0e926597684c7cc6695238a4eb9","name":"Bigi Alt"}]}},"_links":{"self":[{"href":"https:\/\/www.sonnenseite.com\/de\/wp-json\/wp\/v2\/posts\/113096","targetHints":{"allow":["GET"]}}],"collection":[{"href":"https:\/\/www.sonnenseite.com\/de\/wp-json\/wp\/v2\/posts"}],"about":[{"href":"https:\/\/www.sonnenseite.com\/de\/wp-json\/wp\/v2\/types\/post"}],"author":[{"embeddable":true,"href":"https:\/\/www.sonnenseite.com\/de\/wp-json\/wp\/v2\/users\/3"}],"replies":[{"embeddable":true,"href":"https:\/\/www.sonnenseite.com\/de\/wp-json\/wp\/v2\/comments?post=113096"}],"version-history":[{"count":3,"href":"https:\/\/www.sonnenseite.com\/de\/wp-json\/wp\/v2\/posts\/113096\/revisions"}],"predecessor-version":[{"id":113101,"href":"https:\/\/www.sonnenseite.com\/de\/wp-json\/wp\/v2\/posts\/113096\/revisions\/113101"}],"wp:featuredmedia":[{"embeddable":true,"href":"https:\/\/www.sonnenseite.com\/de\/wp-json\/wp\/v2\/media\/4504"}],"wp:attachment":[{"href":"https:\/\/www.sonnenseite.com\/de\/wp-json\/wp\/v2\/media?parent=113096"}],"wp:term":[{"taxonomy":"category","embeddable":true,"href":"https:\/\/www.sonnenseite.com\/de\/wp-json\/wp\/v2\/categories?post=113096"},{"taxonomy":"post_tag","embeddable":true,"href":"https:\/\/www.sonnenseite.com\/de\/wp-json\/wp\/v2\/tags?post=113096"}],"curies":[{"name":"wp","href":"https:\/\/api.w.org\/{rel}","templated":true}]}}