{"id":113102,"date":"2026-03-07T03:09:00","date_gmt":"2026-03-07T02:09:00","guid":{"rendered":"https:\/\/www.sonnenseite.com\/?p=113102"},"modified":"2026-03-16T14:45:31","modified_gmt":"2026-03-16T13:45:31","slug":"eeg-novelle-vorgelegt-kommt-nun-das-aus-fuer-dach-pv","status":"publish","type":"post","link":"https:\/\/www.sonnenseite.com\/de\/politik\/eeg-novelle-vorgelegt-kommt-nun-das-aus-fuer-dach-pv\/","title":{"rendered":"EEG-Novelle vorgelegt: Kommt nun das Aus f\u00fcr Dach-PV?"},"content":{"rendered":"\n<p>Das Bundesministerium f\u00fcr Wirtschaft und Energie ist zurzeit sehr umtriebig: Nach geleaktem Netzpaket und Geb\u00e4udemodernisierungsgesetz liegt nun der Entwurf der EEG-Novelle in einer Arbeitsversion vor. Auf den 400 Seiten finden sich jede Menge H\u00fcrden f\u00fcr Aufdach-Photovoltaik. Was bedeuten die vorgeschlagenen Ma\u00dfnahmen f\u00fcr die B\u00fcrgerenergie?<\/p>\n\n\n\n<p>Schon vor der Ver\u00f6ffentlichung der Entw\u00fcrfe hatte sich Ministerin Katherina Reiche f\u00fcr einen Stopp der F\u00f6rderung kleiner, privater PV-Anlagen ausgesprochen, da sie in aller Regel bereits wirtschaftlich sind. Konsequenterweise findet sich diese Ank\u00fcndigung nun in der Novelle. Diese geht aber noch deutlich weiter. Schnell stellt man bei der Lekt\u00fcre fest: Das hier ist ein Gro\u00dfangriff auf den PV-Ausbau. Bedroht ist der gr\u00f6\u00dfte Teil der Solaranlagen auf Geb\u00e4uden. Der Wegfall der Einspeiseverg\u00fctung unterhalb von 25 kW Spitzenleistung scheint dabei das kleinste Problem.<\/p>\n\n\n\n<p>Denn auch in der Solarbranche wei\u00df man, dass die PV immer kosteng\u00fcnstiger wird und eine zunehmende Marktintegration sinnvoll und gew\u00fcnscht ist. Der Gesetzentwurf zielt jedoch darauf, mit einem gesamten Arsenal an Ma\u00dfnahmen einen abrupten Stopp im Segment kleiner PV-Anlagen zu erreichen. Problematisch ist dabei zum Beispiel die Pflicht zur Direktvermarktung des Stroms, der nicht selbst verbraucht wird. Keine schlechte Idee; es gibt daf\u00fcr aber bisher keine passenden Dienstleister. Zudem soll ein Smart Meter f\u00fcr Dach-PV verpflichtend werden, obwohl deren Ausbau bei uns in Deutschland bei 4 % liegt und nur schleppend vorankommt. Auch die Einspeisequote \u2013 allerh\u00f6chstens 50 % des erzeugten Stroms \u2013 zielt darauf, Projekte unwirtschaftlich zu machen. Die Konsequenz aus allem wird sein, dass kaum mehr Anlagen gebaut werden, die nicht f\u00fcr den Eigenbedarf optimiert sind. Und auch wenn Solarstrom f\u00fcr den Eigenbedarf besser ist als kein Solarstrom: Menschen ohne Eigenheim haben so keine Chance mehr auf Beteiligung an der Energiewende. <\/p>\n\n\n\n<p>Juna Sch\u00f6nborn, Leiterin Unternehmenskommunikation bei den B\u00fcrgerwerken, sagt dazu: \u201eDie Ma\u00dfnahmen zielen eindeutig auf die Arbeit unserer Genossenschaften. Pionier:innen der B\u00fcrgerenergie, ohne die die Energiewende in Deutschland schlicht nicht m\u00f6glich gewesen w\u00e4re, bekommen hier Steine in den Weg gelegt. Dadurch wird klar: Eine Beteiligung der Menschen an der Energiewende ist gar nicht gewollt.\u201c<\/p>\n\n\n\n<p>Auch andere Akteur:innen der B\u00fcrgerenergie-Bewegung sind mindestens irritiert. Gerade Aufdach-PV erf\u00e4hrt eine breite Akzeptanz in der Bev\u00f6lkerung und wird partei\u00fcbergreifend als unterst\u00fctzenswert gesehen. Der r\u00fcckl\u00e4ufige Trend in diesem Marktsegment wird bereits mit Sorge beobachtet \u2013 eine weitere Verschlechterung der \u00f6konomischen Rahmenbedingungen k\u00f6nnte den Ausbau zum Erliegen bringen. Der erfolgreiche Anlagenbau inklusive Netzanschluss w\u00e4re unter den jetzigen Vorgaben vor allem den gro\u00dfen Konzernen mit viel Risikokapital m\u00f6glich. <\/p>\n\n\n\n<p>Laura Z\u00f6ckler, Pressesprecherin der Heidelberger Energiegenossenschaft, fasst zusammen: \u201eB\u00fcrgerbeteiligung hat daf\u00fcr gesorgt, dass die Energiewende eine derart breite Akzeptanz hat. Und nun riskiert die Bundesregierung diese Erfolgsgeschichte.\u201c R\u00fcckendeckung erh\u00e4lt die B\u00fcrgerenergie-Bewegung unter anderem von einer Studie des Fraunhofer-Instituts. Sie analysiert ausf\u00fchrlich die Marktentwicklung kleiner PV-Dachanlagen, die Wirtschaftlichkeit sowie die Potenziale eines systemdienlicheren Einsatzes dieser PV-Anlagen. <\/p>\n\n\n\n<p>Das Fazit der Studie: \u201eDie Energiewende braucht Photovoltaik vom Dach.\u201c<\/p>\n\n\n<h5 class=\"green\">Quelle<\/h5>\r\n\n\n\n<p><a href=\"https:\/\/www.mynewsdesk.com\/de\/buergerwerke\/pressreleases\/eeg-novelle-vorgelegt-kommt-nun-das-aus-fuer-dach-pv-3435896\">B\u00fcrgerwerke eG 2026<\/a><\/p>\n<div class=\"shariff shariff-align-flex-start shariff-widget-align-flex-start\"><div class=\"ShariffHeadline\">Diese Meldung teilen<\/div><ul class=\"shariff-buttons theme-round orientation-horizontal buttonsize-medium\"><li class=\"shariff-button facebook shariff-nocustomcolor\" style=\"background-color:#4273c8;border-radius:1%\"><a href=\"https:\/\/www.facebook.com\/sharer\/sharer.php?u=https%3A%2F%2Fwww.sonnenseite.com%2Fde%2Fpolitik%2Feeg-novelle-vorgelegt-kommt-nun-das-aus-fuer-dach-pv%2F\" title=\"Bei Facebook teilen\" aria-label=\"Bei Facebook teilen\" role=\"button\" rel=\"nofollow\" class=\"shariff-link\" style=\";border-radius:1%; background-color:#3b5998; color:#fff\" target=\"_blank\"><span class=\"shariff-icon\" style=\"\"><svg width=\"32px\" height=\"20px\" xmlns=\"http:\/\/www.w3.org\/2000\/svg\" viewBox=\"0 0 18 32\"><path fill=\"#3b5998\" d=\"M17.1 0.2v4.7h-2.8q-1.5 0-2.1 0.6t-0.5 1.9v3.4h5.2l-0.7 5.3h-4.5v13.6h-5.5v-13.6h-4.5v-5.3h4.5v-3.9q0-3.3 1.9-5.2t5-1.8q2.6 0 4.1 0.2z\"\/><\/svg><\/span><\/a><\/li><li class=\"shariff-button twitter shariff-nocustomcolor\" style=\"background-color:#595959;border-radius:1%\"><a href=\"https:\/\/twitter.com\/share?url=https%3A%2F%2Fwww.sonnenseite.com%2Fde%2Fpolitik%2Feeg-novelle-vorgelegt-kommt-nun-das-aus-fuer-dach-pv%2F&text=EEG-Novelle%20vorgelegt%3A%20Kommt%20nun%20das%20Aus%20f%C3%BCr%20Dach-PV%3F\" title=\"Bei X teilen\" aria-label=\"Bei X teilen\" role=\"button\" rel=\"noopener nofollow\" class=\"shariff-link\" style=\";border-radius:1%; background-color:#000; color:#fff\" target=\"_blank\"><span class=\"shariff-icon\" style=\"\"><svg width=\"32px\" height=\"20px\" xmlns=\"http:\/\/www.w3.org\/2000\/svg\" viewBox=\"0 0 24 24\"><path fill=\"#000\" d=\"M14.258 10.152L23.176 0h-2.113l-7.747 8.813L7.133 0H0l9.352 13.328L0 23.973h2.113l8.176-9.309 6.531 9.309h7.133zm-2.895 3.293l-.949-1.328L2.875 1.56h3.246l6.086 8.523.945 1.328 7.91 11.078h-3.246zm0 0\"\/><\/svg><\/span><\/a><\/li><li class=\"shariff-button xing shariff-nocustomcolor\" style=\"background-color:#29888a;border-radius:1%\"><a href=\"https:\/\/www.xing.com\/spi\/shares\/new?url=https%3A%2F%2Fwww.sonnenseite.com%2Fde%2Fpolitik%2Feeg-novelle-vorgelegt-kommt-nun-das-aus-fuer-dach-pv%2F\" title=\"Bei XING teilen\" aria-label=\"Bei XING teilen\" role=\"button\" rel=\"noopener nofollow\" class=\"shariff-link\" style=\";border-radius:1%; background-color:#126567; color:#fff\" target=\"_blank\"><span class=\"shariff-icon\" style=\"\"><svg width=\"32px\" height=\"20px\" xmlns=\"http:\/\/www.w3.org\/2000\/svg\" viewBox=\"0 0 25 32\"><path fill=\"#126567\" d=\"M10.7 11.9q-0.2 0.3-4.6 8.2-0.5 0.8-1.2 0.8h-4.3q-0.4 0-0.5-0.3t0-0.6l4.5-8q0 0 0 0l-2.9-5q-0.2-0.4 0-0.7 0.2-0.3 0.5-0.3h4.3q0.7 0 1.2 0.8zM25.1 0.4q0.2 0.3 0 0.7l-9.4 16.7 6 11q0.2 0.4 0 0.6-0.2 0.3-0.6 0.3h-4.3q-0.7 0-1.2-0.8l-6-11.1q0.3-0.6 9.5-16.8 0.4-0.8 1.2-0.8h4.3q0.4 0 0.5 0.3z\"\/><\/svg><\/span><\/a><\/li><li class=\"shariff-button linkedin shariff-nocustomcolor\" style=\"background-color:#1488bf;border-radius:1%\"><a href=\"https:\/\/www.linkedin.com\/sharing\/share-offsite\/?url=https%3A%2F%2Fwww.sonnenseite.com%2Fde%2Fpolitik%2Feeg-novelle-vorgelegt-kommt-nun-das-aus-fuer-dach-pv%2F\" title=\"Bei LinkedIn teilen\" aria-label=\"Bei LinkedIn teilen\" role=\"button\" rel=\"noopener nofollow\" class=\"shariff-link\" style=\";border-radius:1%; background-color:#0077b5; color:#fff\" target=\"_blank\"><span class=\"shariff-icon\" style=\"\"><svg width=\"32px\" height=\"20px\" xmlns=\"http:\/\/www.w3.org\/2000\/svg\" viewBox=\"0 0 27 32\"><path fill=\"#0077b5\" d=\"M6.2 11.2v17.7h-5.9v-17.7h5.9zM6.6 5.7q0 1.3-0.9 2.2t-2.4 0.9h0q-1.5 0-2.4-0.9t-0.9-2.2 0.9-2.2 2.4-0.9 2.4 0.9 0.9 2.2zM27.4 18.7v10.1h-5.9v-9.5q0-1.9-0.7-2.9t-2.3-1.1q-1.1 0-1.9 0.6t-1.2 1.5q-0.2 0.5-0.2 1.4v9.9h-5.9q0-7.1 0-11.6t0-5.3l0-0.9h5.9v2.6h0q0.4-0.6 0.7-1t1-0.9 1.6-0.8 2-0.3q3 0 4.9 2t1.9 6z\"\/><\/svg><\/span><\/a><\/li><li class=\"shariff-button printer shariff-nocustomcolor\" style=\"background-color:#a8a8a8;border-radius:1%\"><a href=\"javascript:window.print()\" title=\"drucken\" aria-label=\"drucken\" role=\"button\" rel=\"noopener nofollow\" class=\"shariff-link\" style=\";border-radius:1%; background-color:#999; color:#fff\"><span class=\"shariff-icon\" style=\"\"><svg width=\"32px\" height=\"20px\" xmlns=\"http:\/\/www.w3.org\/2000\/svg\" viewBox=\"0 0 30 32\"><path fill=\"#999\" d=\"M6.8 27.4h16v-4.6h-16v4.6zM6.8 16h16v-6.8h-2.8q-0.7 0-1.2-0.5t-0.5-1.2v-2.8h-11.4v11.4zM27.4 17.2q0-0.5-0.3-0.8t-0.8-0.4-0.8 0.4-0.3 0.8 0.3 0.8 0.8 0.3 0.8-0.3 0.3-0.8zM29.7 17.2v7.4q0 0.2-0.2 0.4t-0.4 0.2h-4v2.8q0 0.7-0.5 1.2t-1.2 0.5h-17.2q-0.7 0-1.2-0.5t-0.5-1.2v-2.8h-4q-0.2 0-0.4-0.2t-0.2-0.4v-7.4q0-1.4 1-2.4t2.4-1h1.2v-9.7q0-0.7 0.5-1.2t1.2-0.5h12q0.7 0 1.6 0.4t1.3 0.8l2.7 2.7q0.5 0.5 0.9 1.4t0.4 1.6v4.6h1.1q1.4 0 2.4 1t1 2.4z\"\/><\/svg><\/span><\/a><\/li><li class=\"shariff-button mailto shariff-nocustomcolor\" style=\"background-color:#a8a8a8;border-radius:1%\"><a href=\"mailto:?body=https%3A%2F%2Fwww.sonnenseite.com%2Fde%2Fpolitik%2Feeg-novelle-vorgelegt-kommt-nun-das-aus-fuer-dach-pv%2F&subject=EEG-Novelle%20vorgelegt%3A%20Kommt%20nun%20das%20Aus%20f%C3%BCr%20Dach-PV%3F\" title=\"Per E-Mail versenden\" aria-label=\"Per E-Mail versenden\" role=\"button\" rel=\"noopener nofollow\" class=\"shariff-link\" style=\";border-radius:1%; background-color:#999; color:#fff\"><span class=\"shariff-icon\" style=\"\"><svg width=\"32px\" height=\"20px\" xmlns=\"http:\/\/www.w3.org\/2000\/svg\" viewBox=\"0 0 32 32\"><path fill=\"#999\" d=\"M32 12.7v14.2q0 1.2-0.8 2t-2 0.9h-26.3q-1.2 0-2-0.9t-0.8-2v-14.2q0.8 0.9 1.8 1.6 6.5 4.4 8.9 6.1 1 0.8 1.6 1.2t1.7 0.9 2 0.4h0.1q0.9 0 2-0.4t1.7-0.9 1.6-1.2q3-2.2 8.9-6.1 1-0.7 1.8-1.6zM32 7.4q0 1.4-0.9 2.7t-2.2 2.2q-6.7 4.7-8.4 5.8-0.2 0.1-0.7 0.5t-1 0.7-0.9 0.6-1.1 0.5-0.9 0.2h-0.1q-0.4 0-0.9-0.2t-1.1-0.5-0.9-0.6-1-0.7-0.7-0.5q-1.6-1.1-4.7-3.2t-3.6-2.6q-1.1-0.7-2.1-2t-1-2.5q0-1.4 0.7-2.3t2.1-0.9h26.3q1.2 0 2 0.8t0.9 2z\"\/><\/svg><\/span><\/a><\/li><\/ul><\/div>","protected":false},"excerpt":{"rendered":"<p>Das Bundesministerium f\u00fcr Wirtschaft und Energie ist zurzeit sehr umtriebig: Nach geleaktem Netzpaket und Geb\u00e4udemodernisierungsgesetz liegt [&hellip;]<\/p>\n","protected":false},"author":3,"featured_media":11846,"comment_status":"closed","ping_status":"closed","sticky":false,"template":"","format":"standard","meta":{"inline_featured_image":false,"footnotes":""},"categories":[21],"tags":[],"class_list":["post-113102","post","type-post","status-publish","format-standard","has-post-thumbnail","hentry","category-politik"],"yoast_head":"<!-- This site is optimized with the Yoast SEO plugin v26.5 - https:\/\/yoast.com\/wordpress\/plugins\/seo\/ -->\n<title>EEG-Novelle vorgelegt: Kommt nun das Aus f\u00fcr Dach-PV? - Sonnenseite - \u00d6kologische Kommunikation mit Franz Alt<\/title>\n<meta name=\"description\" content=\"Das Bundesministerium f\u00fcr Wirtschaft und Energie ist zurzeit sehr umtriebig: Nach geleaktem Netzpaket und Geb\u00e4udemodernisierungsgesetz liegt nun der\" \/>\n<meta name=\"robots\" content=\"index, follow, max-snippet:-1, max-image-preview:large, max-video-preview:-1\" \/>\n<link rel=\"canonical\" href=\"https:\/\/www.sonnenseite.com\/de\/politik\/eeg-novelle-vorgelegt-kommt-nun-das-aus-fuer-dach-pv\/\" \/>\n<meta property=\"og:locale\" content=\"de_DE\" \/>\n<meta property=\"og:type\" content=\"article\" \/>\n<meta property=\"og:title\" content=\"EEG-Novelle vorgelegt: Kommt nun das Aus f\u00fcr Dach-PV? - Sonnenseite - \u00d6kologische Kommunikation mit Franz Alt\" \/>\n<meta property=\"og:description\" content=\"Das Bundesministerium f\u00fcr Wirtschaft und Energie ist zurzeit sehr umtriebig: Nach geleaktem Netzpaket und Geb\u00e4udemodernisierungsgesetz liegt nun der\" \/>\n<meta property=\"og:url\" content=\"https:\/\/www.sonnenseite.com\/de\/politik\/eeg-novelle-vorgelegt-kommt-nun-das-aus-fuer-dach-pv\/\" \/>\n<meta property=\"og:site_name\" content=\"Sonnenseite\" \/>\n<meta property=\"article:publisher\" content=\"https:\/\/www.facebook.com\/pages\/Franz-Alt-SONNENSEITECOM\/221072987903953?fref=ts\" \/>\n<meta property=\"article:published_time\" content=\"2026-03-07T02:09:00+00:00\" \/>\n<meta property=\"article:modified_time\" content=\"2026-03-16T13:45:31+00:00\" \/>\n<meta property=\"og:image\" content=\"https:\/\/www.sonnenseite.com\/wp-content\/uploads\/2019\/02\/Solardach_Arbeiter_zstockphotos.jpg\" \/>\n\t<meta property=\"og:image:width\" content=\"770\" \/>\n\t<meta property=\"og:image:height\" content=\"420\" \/>\n\t<meta property=\"og:image:type\" content=\"image\/jpeg\" \/>\n<meta name=\"author\" content=\"Bigi Alt\" \/>\n<meta name=\"twitter:card\" content=\"summary_large_image\" \/>\n<meta name=\"twitter:creator\" content=\"@franzalt\" \/>\n<meta name=\"twitter:site\" content=\"@franzalt\" \/>\n<meta name=\"twitter:label1\" content=\"Verfasst von\" \/>\n\t<meta name=\"twitter:data1\" content=\"Bigi Alt\" \/>\n\t<meta name=\"twitter:label2\" content=\"Gesch\u00e4tzte Lesezeit\" \/>\n\t<meta name=\"twitter:data2\" content=\"3\u00a0Minuten\" \/>\n<script type=\"application\/ld+json\" class=\"yoast-schema-graph\">{\"@context\":\"https:\/\/schema.org\",\"@graph\":[{\"@type\":\"Article\",\"@id\":\"https:\/\/www.sonnenseite.com\/de\/politik\/eeg-novelle-vorgelegt-kommt-nun-das-aus-fuer-dach-pv\/#article\",\"isPartOf\":{\"@id\":\"https:\/\/www.sonnenseite.com\/de\/politik\/eeg-novelle-vorgelegt-kommt-nun-das-aus-fuer-dach-pv\/\"},\"author\":{\"name\":\"Bigi Alt\",\"@id\":\"https:\/\/www.sonnenseite.com\/de\/#\/schema\/person\/50fda0e926597684c7cc6695238a4eb9\"},\"headline\":\"EEG-Novelle vorgelegt: Kommt nun das Aus f\u00fcr Dach-PV?\",\"datePublished\":\"2026-03-07T02:09:00+00:00\",\"dateModified\":\"2026-03-16T13:45:31+00:00\",\"mainEntityOfPage\":{\"@id\":\"https:\/\/www.sonnenseite.com\/de\/politik\/eeg-novelle-vorgelegt-kommt-nun-das-aus-fuer-dach-pv\/\"},\"wordCount\":516,\"publisher\":{\"@id\":\"https:\/\/www.sonnenseite.com\/de\/#organization\"},\"image\":{\"@id\":\"https:\/\/www.sonnenseite.com\/de\/politik\/eeg-novelle-vorgelegt-kommt-nun-das-aus-fuer-dach-pv\/#primaryimage\"},\"thumbnailUrl\":\"https:\/\/www.sonnenseite.com\/wp-content\/uploads\/2019\/02\/Solardach_Arbeiter_zstockphotos.jpg\",\"articleSection\":[\"Politik\"],\"inLanguage\":\"de\"},{\"@type\":\"WebPage\",\"@id\":\"https:\/\/www.sonnenseite.com\/de\/politik\/eeg-novelle-vorgelegt-kommt-nun-das-aus-fuer-dach-pv\/\",\"url\":\"https:\/\/www.sonnenseite.com\/de\/politik\/eeg-novelle-vorgelegt-kommt-nun-das-aus-fuer-dach-pv\/\",\"name\":\"EEG-Novelle vorgelegt: Kommt nun das Aus f\u00fcr Dach-PV? - Sonnenseite - \u00d6kologische Kommunikation mit Franz Alt\",\"isPartOf\":{\"@id\":\"https:\/\/www.sonnenseite.com\/de\/#website\"},\"primaryImageOfPage\":{\"@id\":\"https:\/\/www.sonnenseite.com\/de\/politik\/eeg-novelle-vorgelegt-kommt-nun-das-aus-fuer-dach-pv\/#primaryimage\"},\"image\":{\"@id\":\"https:\/\/www.sonnenseite.com\/de\/politik\/eeg-novelle-vorgelegt-kommt-nun-das-aus-fuer-dach-pv\/#primaryimage\"},\"thumbnailUrl\":\"https:\/\/www.sonnenseite.com\/wp-content\/uploads\/2019\/02\/Solardach_Arbeiter_zstockphotos.jpg\",\"datePublished\":\"2026-03-07T02:09:00+00:00\",\"dateModified\":\"2026-03-16T13:45:31+00:00\",\"description\":\"Das Bundesministerium f\u00fcr Wirtschaft und Energie ist zurzeit sehr umtriebig: Nach geleaktem Netzpaket und Geb\u00e4udemodernisierungsgesetz liegt nun der\",\"breadcrumb\":{\"@id\":\"https:\/\/www.sonnenseite.com\/de\/politik\/eeg-novelle-vorgelegt-kommt-nun-das-aus-fuer-dach-pv\/#breadcrumb\"},\"inLanguage\":\"de\",\"potentialAction\":[{\"@type\":\"ReadAction\",\"target\":[\"https:\/\/www.sonnenseite.com\/de\/politik\/eeg-novelle-vorgelegt-kommt-nun-das-aus-fuer-dach-pv\/\"]}]},{\"@type\":\"ImageObject\",\"inLanguage\":\"de\",\"@id\":\"https:\/\/www.sonnenseite.com\/de\/politik\/eeg-novelle-vorgelegt-kommt-nun-das-aus-fuer-dach-pv\/#primaryimage\",\"url\":\"https:\/\/www.sonnenseite.com\/wp-content\/uploads\/2019\/02\/Solardach_Arbeiter_zstockphotos.jpg\",\"contentUrl\":\"https:\/\/www.sonnenseite.com\/wp-content\/uploads\/2019\/02\/Solardach_Arbeiter_zstockphotos.jpg\",\"width\":770,\"height\":420,\"caption\":\"Depositphotos | zstockphotos\"},{\"@type\":\"BreadcrumbList\",\"@id\":\"https:\/\/www.sonnenseite.com\/de\/politik\/eeg-novelle-vorgelegt-kommt-nun-das-aus-fuer-dach-pv\/#breadcrumb\",\"itemListElement\":[{\"@type\":\"ListItem\",\"position\":1,\"name\":\"Startseite\",\"item\":\"https:\/\/www.sonnenseite.com\/de\/\"},{\"@type\":\"ListItem\",\"position\":2,\"name\":\"EEG-Novelle vorgelegt: Kommt nun das Aus f\u00fcr Dach-PV?\"}]},{\"@type\":\"WebSite\",\"@id\":\"https:\/\/www.sonnenseite.com\/de\/#website\",\"url\":\"https:\/\/www.sonnenseite.com\/de\/\",\"name\":\"Sonnenseite\",\"description\":\"\u00d6kologische Kommunikation mit Franz Alt\",\"publisher\":{\"@id\":\"https:\/\/www.sonnenseite.com\/de\/#organization\"},\"potentialAction\":[{\"@type\":\"SearchAction\",\"target\":{\"@type\":\"EntryPoint\",\"urlTemplate\":\"https:\/\/www.sonnenseite.com\/de\/?s={search_term_string}\"},\"query-input\":{\"@type\":\"PropertyValueSpecification\",\"valueRequired\":true,\"valueName\":\"search_term_string\"}}],\"inLanguage\":\"de\"},{\"@type\":\"Organization\",\"@id\":\"https:\/\/www.sonnenseite.com\/de\/#organization\",\"name\":\"Sonnenseite\",\"url\":\"https:\/\/www.sonnenseite.com\/de\/\",\"logo\":{\"@type\":\"ImageObject\",\"inLanguage\":\"de\",\"@id\":\"https:\/\/www.sonnenseite.com\/de\/#\/schema\/logo\/image\/\",\"url\":\"https:\/\/www.sonnenseite.com\/wp-content\/uploads\/2020\/05\/Sonnenseite_Logo.png\",\"contentUrl\":\"https:\/\/www.sonnenseite.com\/wp-content\/uploads\/2020\/05\/Sonnenseite_Logo.png\",\"width\":377,\"height\":90,\"caption\":\"Sonnenseite\"},\"image\":{\"@id\":\"https:\/\/www.sonnenseite.com\/de\/#\/schema\/logo\/image\/\"},\"sameAs\":[\"https:\/\/www.facebook.com\/pages\/Franz-Alt-SONNENSEITECOM\/221072987903953?fref=ts\",\"https:\/\/x.com\/franzalt\",\"http:\/\/www.youtube.com\/results?search_query&amp;amp;quot;franz_alt&amp;amp;quot;&amp;amp;amp;amp;search_type&amp;amp;amp;amp;aq=f\"]},{\"@type\":\"Person\",\"@id\":\"https:\/\/www.sonnenseite.com\/de\/#\/schema\/person\/50fda0e926597684c7cc6695238a4eb9\",\"name\":\"Bigi Alt\"}]}<\/script>\n<!-- \/ Yoast SEO plugin. -->","yoast_head_json":{"title":"EEG-Novelle vorgelegt: Kommt nun das Aus f\u00fcr Dach-PV? - Sonnenseite - \u00d6kologische Kommunikation mit Franz Alt","description":"Das Bundesministerium f\u00fcr Wirtschaft und Energie ist zurzeit sehr umtriebig: Nach geleaktem Netzpaket und Geb\u00e4udemodernisierungsgesetz liegt nun der","robots":{"index":"index","follow":"follow","max-snippet":"max-snippet:-1","max-image-preview":"max-image-preview:large","max-video-preview":"max-video-preview:-1"},"canonical":"https:\/\/www.sonnenseite.com\/de\/politik\/eeg-novelle-vorgelegt-kommt-nun-das-aus-fuer-dach-pv\/","og_locale":"de_DE","og_type":"article","og_title":"EEG-Novelle vorgelegt: Kommt nun das Aus f\u00fcr Dach-PV? - Sonnenseite - \u00d6kologische Kommunikation mit Franz Alt","og_description":"Das Bundesministerium f\u00fcr Wirtschaft und Energie ist zurzeit sehr umtriebig: Nach geleaktem Netzpaket und Geb\u00e4udemodernisierungsgesetz liegt nun der","og_url":"https:\/\/www.sonnenseite.com\/de\/politik\/eeg-novelle-vorgelegt-kommt-nun-das-aus-fuer-dach-pv\/","og_site_name":"Sonnenseite","article_publisher":"https:\/\/www.facebook.com\/pages\/Franz-Alt-SONNENSEITECOM\/221072987903953?fref=ts","article_published_time":"2026-03-07T02:09:00+00:00","article_modified_time":"2026-03-16T13:45:31+00:00","og_image":[{"width":770,"height":420,"url":"https:\/\/www.sonnenseite.com\/wp-content\/uploads\/2019\/02\/Solardach_Arbeiter_zstockphotos.jpg","type":"image\/jpeg"}],"author":"Bigi Alt","twitter_card":"summary_large_image","twitter_creator":"@franzalt","twitter_site":"@franzalt","twitter_misc":{"Verfasst von":"Bigi Alt","Gesch\u00e4tzte Lesezeit":"3\u00a0Minuten"},"schema":{"@context":"https:\/\/schema.org","@graph":[{"@type":"Article","@id":"https:\/\/www.sonnenseite.com\/de\/politik\/eeg-novelle-vorgelegt-kommt-nun-das-aus-fuer-dach-pv\/#article","isPartOf":{"@id":"https:\/\/www.sonnenseite.com\/de\/politik\/eeg-novelle-vorgelegt-kommt-nun-das-aus-fuer-dach-pv\/"},"author":{"name":"Bigi Alt","@id":"https:\/\/www.sonnenseite.com\/de\/#\/schema\/person\/50fda0e926597684c7cc6695238a4eb9"},"headline":"EEG-Novelle vorgelegt: Kommt nun das Aus f\u00fcr Dach-PV?","datePublished":"2026-03-07T02:09:00+00:00","dateModified":"2026-03-16T13:45:31+00:00","mainEntityOfPage":{"@id":"https:\/\/www.sonnenseite.com\/de\/politik\/eeg-novelle-vorgelegt-kommt-nun-das-aus-fuer-dach-pv\/"},"wordCount":516,"publisher":{"@id":"https:\/\/www.sonnenseite.com\/de\/#organization"},"image":{"@id":"https:\/\/www.sonnenseite.com\/de\/politik\/eeg-novelle-vorgelegt-kommt-nun-das-aus-fuer-dach-pv\/#primaryimage"},"thumbnailUrl":"https:\/\/www.sonnenseite.com\/wp-content\/uploads\/2019\/02\/Solardach_Arbeiter_zstockphotos.jpg","articleSection":["Politik"],"inLanguage":"de"},{"@type":"WebPage","@id":"https:\/\/www.sonnenseite.com\/de\/politik\/eeg-novelle-vorgelegt-kommt-nun-das-aus-fuer-dach-pv\/","url":"https:\/\/www.sonnenseite.com\/de\/politik\/eeg-novelle-vorgelegt-kommt-nun-das-aus-fuer-dach-pv\/","name":"EEG-Novelle vorgelegt: Kommt nun das Aus f\u00fcr Dach-PV? - Sonnenseite - \u00d6kologische Kommunikation mit Franz Alt","isPartOf":{"@id":"https:\/\/www.sonnenseite.com\/de\/#website"},"primaryImageOfPage":{"@id":"https:\/\/www.sonnenseite.com\/de\/politik\/eeg-novelle-vorgelegt-kommt-nun-das-aus-fuer-dach-pv\/#primaryimage"},"image":{"@id":"https:\/\/www.sonnenseite.com\/de\/politik\/eeg-novelle-vorgelegt-kommt-nun-das-aus-fuer-dach-pv\/#primaryimage"},"thumbnailUrl":"https:\/\/www.sonnenseite.com\/wp-content\/uploads\/2019\/02\/Solardach_Arbeiter_zstockphotos.jpg","datePublished":"2026-03-07T02:09:00+00:00","dateModified":"2026-03-16T13:45:31+00:00","description":"Das Bundesministerium f\u00fcr Wirtschaft und Energie ist zurzeit sehr umtriebig: Nach geleaktem Netzpaket und Geb\u00e4udemodernisierungsgesetz liegt nun der","breadcrumb":{"@id":"https:\/\/www.sonnenseite.com\/de\/politik\/eeg-novelle-vorgelegt-kommt-nun-das-aus-fuer-dach-pv\/#breadcrumb"},"inLanguage":"de","potentialAction":[{"@type":"ReadAction","target":["https:\/\/www.sonnenseite.com\/de\/politik\/eeg-novelle-vorgelegt-kommt-nun-das-aus-fuer-dach-pv\/"]}]},{"@type":"ImageObject","inLanguage":"de","@id":"https:\/\/www.sonnenseite.com\/de\/politik\/eeg-novelle-vorgelegt-kommt-nun-das-aus-fuer-dach-pv\/#primaryimage","url":"https:\/\/www.sonnenseite.com\/wp-content\/uploads\/2019\/02\/Solardach_Arbeiter_zstockphotos.jpg","contentUrl":"https:\/\/www.sonnenseite.com\/wp-content\/uploads\/2019\/02\/Solardach_Arbeiter_zstockphotos.jpg","width":770,"height":420,"caption":"Depositphotos | zstockphotos"},{"@type":"BreadcrumbList","@id":"https:\/\/www.sonnenseite.com\/de\/politik\/eeg-novelle-vorgelegt-kommt-nun-das-aus-fuer-dach-pv\/#breadcrumb","itemListElement":[{"@type":"ListItem","position":1,"name":"Startseite","item":"https:\/\/www.sonnenseite.com\/de\/"},{"@type":"ListItem","position":2,"name":"EEG-Novelle vorgelegt: Kommt nun das Aus f\u00fcr Dach-PV?"}]},{"@type":"WebSite","@id":"https:\/\/www.sonnenseite.com\/de\/#website","url":"https:\/\/www.sonnenseite.com\/de\/","name":"Sonnenseite","description":"\u00d6kologische Kommunikation mit Franz Alt","publisher":{"@id":"https:\/\/www.sonnenseite.com\/de\/#organization"},"potentialAction":[{"@type":"SearchAction","target":{"@type":"EntryPoint","urlTemplate":"https:\/\/www.sonnenseite.com\/de\/?s={search_term_string}"},"query-input":{"@type":"PropertyValueSpecification","valueRequired":true,"valueName":"search_term_string"}}],"inLanguage":"de"},{"@type":"Organization","@id":"https:\/\/www.sonnenseite.com\/de\/#organization","name":"Sonnenseite","url":"https:\/\/www.sonnenseite.com\/de\/","logo":{"@type":"ImageObject","inLanguage":"de","@id":"https:\/\/www.sonnenseite.com\/de\/#\/schema\/logo\/image\/","url":"https:\/\/www.sonnenseite.com\/wp-content\/uploads\/2020\/05\/Sonnenseite_Logo.png","contentUrl":"https:\/\/www.sonnenseite.com\/wp-content\/uploads\/2020\/05\/Sonnenseite_Logo.png","width":377,"height":90,"caption":"Sonnenseite"},"image":{"@id":"https:\/\/www.sonnenseite.com\/de\/#\/schema\/logo\/image\/"},"sameAs":["https:\/\/www.facebook.com\/pages\/Franz-Alt-SONNENSEITECOM\/221072987903953?fref=ts","https:\/\/x.com\/franzalt","http:\/\/www.youtube.com\/results?search_query&amp;amp;quot;franz_alt&amp;amp;quot;&amp;amp;amp;amp;search_type&amp;amp;amp;amp;aq=f"]},{"@type":"Person","@id":"https:\/\/www.sonnenseite.com\/de\/#\/schema\/person\/50fda0e926597684c7cc6695238a4eb9","name":"Bigi Alt"}]}},"_links":{"self":[{"href":"https:\/\/www.sonnenseite.com\/de\/wp-json\/wp\/v2\/posts\/113102","targetHints":{"allow":["GET"]}}],"collection":[{"href":"https:\/\/www.sonnenseite.com\/de\/wp-json\/wp\/v2\/posts"}],"about":[{"href":"https:\/\/www.sonnenseite.com\/de\/wp-json\/wp\/v2\/types\/post"}],"author":[{"embeddable":true,"href":"https:\/\/www.sonnenseite.com\/de\/wp-json\/wp\/v2\/users\/3"}],"replies":[{"embeddable":true,"href":"https:\/\/www.sonnenseite.com\/de\/wp-json\/wp\/v2\/comments?post=113102"}],"version-history":[{"count":1,"href":"https:\/\/www.sonnenseite.com\/de\/wp-json\/wp\/v2\/posts\/113102\/revisions"}],"predecessor-version":[{"id":113103,"href":"https:\/\/www.sonnenseite.com\/de\/wp-json\/wp\/v2\/posts\/113102\/revisions\/113103"}],"wp:featuredmedia":[{"embeddable":true,"href":"https:\/\/www.sonnenseite.com\/de\/wp-json\/wp\/v2\/media\/11846"}],"wp:attachment":[{"href":"https:\/\/www.sonnenseite.com\/de\/wp-json\/wp\/v2\/media?parent=113102"}],"wp:term":[{"taxonomy":"category","embeddable":true,"href":"https:\/\/www.sonnenseite.com\/de\/wp-json\/wp\/v2\/categories?post=113102"},{"taxonomy":"post_tag","embeddable":true,"href":"https:\/\/www.sonnenseite.com\/de\/wp-json\/wp\/v2\/tags?post=113102"}],"curies":[{"name":"wp","href":"https:\/\/api.w.org\/{rel}","templated":true}]}}