{"id":113104,"date":"2026-03-07T02:51:00","date_gmt":"2026-03-07T01:51:00","guid":{"rendered":"https:\/\/www.sonnenseite.com\/?p=113104"},"modified":"2026-03-16T14:45:41","modified_gmt":"2026-03-16T13:45:41","slug":"der-meeresspiegel-in-kuestengebieten-ist-hoeher-als-bisher-angenommen","status":"publish","type":"post","link":"https:\/\/www.sonnenseite.com\/de\/wissenschaft\/der-meeresspiegel-in-kuestengebieten-ist-hoeher-als-bisher-angenommen\/","title":{"rendered":"Der Meeresspiegel in K\u00fcstengebieten ist h\u00f6her als bisher angenommen"},"content":{"rendered":"\n<p>Studien zu den Auswirkungen des steigenden Meeresspiegels auf K\u00fcstenregionen beziehen sich h\u00e4ufig auf einen angenommenen statt auf den tats\u00e4chlich gemessenen Meeresspiegel. Ein deutsch-niederl\u00e4ndisches Forschungsteam stellt eine korrigierte Berechnung zur Verf\u00fcgung, um die Folgen f\u00fcr K\u00fcstenregionen weltweit neu zu bewerten<\/p>\n\n\n\n<p>Der Meeresspiegel entlang der K\u00fcstenlinien der Welt ist viel h\u00f6her als bisher oftmals angenommen. In den am st\u00e4rksten betroffenen Regionen wie S\u00fcdostasien und dem Indopazifik liegt er sogar etwa 1 bis 1,5 Meter h\u00f6her als das Niveau, von dem bisherige wissenschaftliche Beurteilungen zu K\u00fcstengefahren ausgehen. Das zeigt eine von den Geograph*innen Dr. Philip Minderhoud (Wageningen University &amp; Research) und Katharina Seeger (Universit\u00e4t zu K\u00f6ln) geleitete Untersuchung. Die Ergebnisse legen nahe, dass die zugrunde liegende Methodik fast aller fr\u00fcheren Studien zu K\u00fcstengefahren neu bewertet und in den meisten F\u00e4llen aktualisiert werden muss.&nbsp;Der Artikel \u201eSea level much higher than assumed in most coastal hazard assessments\u201c wurde im Fachjournal Nature ver\u00f6ffentlicht.&nbsp;<\/p>\n\n\n\n<p>Minderhoud und Seeger stellten fest, dass die meisten K\u00fcstenimpaktstudien einen Referenzmeeresspiegel verwenden, der im weltweiten Durchschnitt niedriger ist als der tats\u00e4chliche Meeresspiegel entlang der K\u00fcste. Die Forschenden berechneten die Differenz zwischen der H\u00f6he des K\u00fcstenlandes und dem k\u00fcstennahen Meeresspiegel weltweit und verglichen ihre Ergebnisse mit 385 aktuellen wissenschaftlichen Publikationen. Sie stellten fest, dass mehr als 90 Prozent dieser Studien keine Meeresspiegelmessungen verwendeten, sondern lediglich Landh\u00f6henmessungen, deren H\u00f6hen auf sogenannte globale Geoidmodelle bezogen sind. Dabei handelt es sich um Modelle, die eine Sch\u00e4tzung des globalen Meeresspiegels auf der Grundlage der Schwerkraft und Rotation der Erde liefern. \u201eDer Meeresspiegel wird allerdings durch zus\u00e4tzliche Faktoren wie Winde, Meeresstr\u00f6mungen, Gezeiten sowie die Temperatur und den Salzgehalt des Meerwassers beeinflusst\u201c, erkl\u00e4rt Minderhoud. \u201eDie tats\u00e4chliche H\u00f6he kann daher abweichen.\u201c<\/p>\n\n\n\n<p>Satelliten liefern weltweit verf\u00fcgbare Messungen sowohl der Landh\u00f6he als auch des Meeresspiegels, letztere mit einer Genauigkeit von nur wenigen Zentimetern. \u201eAllerdings werden Land- und Meeresspiegel mit unterschiedlichen Satelliten gemessen, oft in Bezug auf ein unterschiedliches Geoid, was die Kombination der Informationen nicht einfach macht\u201c, sagt Seeger. \u201eAls wir genaue Meeresspiegelmessungen korrekt mit der Landh\u00f6he integrierten, stellten wir fest, dass der Meeresspiegel an vielen Orten der Welt erheblich h\u00f6her ist, als es Geoidmodelle vermuten lassen.\u201c<\/p>\n\n\n\n<p>Das Team dokumentiert, dass in den meisten Wirkungsstudien eine Diskrepanz zwischen dem angenommenen und dem tats\u00e4chlich gemessenen Meeresspiegel besteht. \u201eInfolgedessen untersch\u00e4tzen diese Studien, die den tats\u00e4chlichen Meeresspiegel nicht angemessen ber\u00fccksichtigen, die Gr\u00f6\u00dfe und Gef\u00e4hrdung der K\u00fcstengebiete und deren Bev\u00f6lkerung weltweit\u201c, erl\u00e4utert Seeger. \u201eUnsere korrigierten Berechnungen zeigen, dass bei einem relativen Anstieg des Meeresspiegels um einen Meter 37 Prozent mehr Fl\u00e4che und 68 Prozent mehr Menschen \u2013 bis zu 132 Millionen \u2013 unter Meeresspiegelniveau fallen werden, als fr\u00fchere geoid-basierte Bewertungen vermuten lie\u00dfen.\u201c&nbsp;<\/p>\n\n\n\n<p>Diese Erkenntnisse k\u00f6nnten die Sichtweise auf die Notwendigkeit von Anpassungs- und Schutzma\u00dfnahmen an den K\u00fcsten ver\u00e4ndern. Minderhoud erkl\u00e4rt: \u201eWenn der Meeresspiegel in Wirklichkeit h\u00f6her ist als bisher angenommen, werden die Auswirkungen des Meeresspiegelanstiegs in den betroffenen Regionen fr\u00fcher eintreten als bisher prognostiziert.\u201c Bisher ist noch unklar, inwieweit die Untersch\u00e4tzung dieser Auswirkungen in wissenschaftlichen Studien Eingang in die Politik und deren Umsetzung gefunden hat. Seeger sagt: \u201eUm zuk\u00fcnftige Forschungen zu unterst\u00fctzen, stellen wir alle methodischen Schritte zur Verf\u00fcgung, die erforderlich sind, um die Korrekturen zur Integration von Meeresspiegeldaten und K\u00fcstenh\u00f6he vorzunehmen. Wir stellen auch gebrauchsfertige K\u00fcstenh\u00f6hendaten f\u00fcr die ganze Welt bereit, in denen die neuesten Meeresspiegelmessungen korrekt integriert sind.\u201c Minderhoud f\u00fcgt hinzu: \u201eNachdem wir diesen blinden Fleck aufgedeckt haben, hoffen wir, dass unsere Methodik zum neuen Standard wird, mit dem die globale Forschungsgemeinschaft genauere Bewertungen der Auswirkungen von K\u00fcstengefahren erstellen kann. Dies wird dazu beitragen, zu bestimmen, welche Gebiete der Welt am st\u00e4rksten vom zuk\u00fcnftigen Meeresspiegelanstieg betroffen sind und wo Strategien zur Anpassung der K\u00fcsten am dringendsten ben\u00f6tigt werden.\u201c<\/p>\n\n\n\n<ul class=\"wp-block-list\">\n<li><a href=\"https:\/\/www.nature.com\/articles\/s41586-026-10196-1\">nature &#8222;Sea level much higher than assumed in most coastal hazard assessments&#8220;<\/a><\/li>\n<\/ul>\n\n\n\n<figure class=\"wp-block-embed is-type-video is-provider-youtube wp-block-embed-youtube wp-embed-aspect-16-9 wp-has-aspect-ratio\"><div class=\"wp-block-embed__wrapper\">\n<iframe loading=\"lazy\" title=\"What if our sea-level rise impact assesments underestimate sea level?\" width=\"640\" height=\"360\" src=\"https:\/\/www.youtube.com\/embed\/Lk7-rQC3LZA?feature=oembed\" frameborder=\"0\" allow=\"accelerometer; autoplay; clipboard-write; encrypted-media; gyroscope; picture-in-picture; web-share\" referrerpolicy=\"strict-origin-when-cross-origin\" allowfullscreen><\/iframe>\n<\/div><\/figure>\n\n\n\n<p><\/p>\n\n\n<h5 class=\"green\">Quelle<\/h5>\r\n\n\n\n<p><a href=\"https:\/\/uni-koeln.de\/universitaet\/aktuell\/meldungen\/meldungen-detail\/der-meeresspiegel-in-kuestengebieten-ist-hoeher-als-bisher-angenommen\">Universit\u00e4t K\u00f6ln 2026<\/a> | <a href=\"https:\/\/www.wur.nl\/en\">Wageningen University &amp; Research<\/a><\/p>\n<div class=\"shariff shariff-align-flex-start shariff-widget-align-flex-start\"><div class=\"ShariffHeadline\">Diese Meldung teilen<\/div><ul class=\"shariff-buttons theme-round orientation-horizontal buttonsize-medium\"><li class=\"shariff-button facebook shariff-nocustomcolor\" style=\"background-color:#4273c8;border-radius:1%\"><a href=\"https:\/\/www.facebook.com\/sharer\/sharer.php?u=https%3A%2F%2Fwww.sonnenseite.com%2Fde%2Fwissenschaft%2Fder-meeresspiegel-in-kuestengebieten-ist-hoeher-als-bisher-angenommen%2F\" title=\"Bei Facebook teilen\" aria-label=\"Bei Facebook teilen\" role=\"button\" rel=\"nofollow\" class=\"shariff-link\" style=\";border-radius:1%; background-color:#3b5998; color:#fff\" target=\"_blank\"><span class=\"shariff-icon\" style=\"\"><svg width=\"32px\" height=\"20px\" xmlns=\"http:\/\/www.w3.org\/2000\/svg\" viewBox=\"0 0 18 32\"><path fill=\"#3b5998\" d=\"M17.1 0.2v4.7h-2.8q-1.5 0-2.1 0.6t-0.5 1.9v3.4h5.2l-0.7 5.3h-4.5v13.6h-5.5v-13.6h-4.5v-5.3h4.5v-3.9q0-3.3 1.9-5.2t5-1.8q2.6 0 4.1 0.2z\"\/><\/svg><\/span><\/a><\/li><li class=\"shariff-button twitter shariff-nocustomcolor\" style=\"background-color:#595959;border-radius:1%\"><a href=\"https:\/\/twitter.com\/share?url=https%3A%2F%2Fwww.sonnenseite.com%2Fde%2Fwissenschaft%2Fder-meeresspiegel-in-kuestengebieten-ist-hoeher-als-bisher-angenommen%2F&text=Der%20Meeresspiegel%20in%20K%C3%BCstengebieten%20ist%20h%C3%B6her%20als%20bisher%20angenommen\" title=\"Bei X teilen\" aria-label=\"Bei X teilen\" role=\"button\" rel=\"noopener nofollow\" class=\"shariff-link\" style=\";border-radius:1%; background-color:#000; color:#fff\" target=\"_blank\"><span class=\"shariff-icon\" style=\"\"><svg width=\"32px\" height=\"20px\" xmlns=\"http:\/\/www.w3.org\/2000\/svg\" viewBox=\"0 0 24 24\"><path fill=\"#000\" d=\"M14.258 10.152L23.176 0h-2.113l-7.747 8.813L7.133 0H0l9.352 13.328L0 23.973h2.113l8.176-9.309 6.531 9.309h7.133zm-2.895 3.293l-.949-1.328L2.875 1.56h3.246l6.086 8.523.945 1.328 7.91 11.078h-3.246zm0 0\"\/><\/svg><\/span><\/a><\/li><li class=\"shariff-button xing shariff-nocustomcolor\" style=\"background-color:#29888a;border-radius:1%\"><a href=\"https:\/\/www.xing.com\/spi\/shares\/new?url=https%3A%2F%2Fwww.sonnenseite.com%2Fde%2Fwissenschaft%2Fder-meeresspiegel-in-kuestengebieten-ist-hoeher-als-bisher-angenommen%2F\" title=\"Bei XING teilen\" aria-label=\"Bei XING teilen\" role=\"button\" rel=\"noopener nofollow\" class=\"shariff-link\" style=\";border-radius:1%; background-color:#126567; color:#fff\" target=\"_blank\"><span class=\"shariff-icon\" style=\"\"><svg width=\"32px\" height=\"20px\" xmlns=\"http:\/\/www.w3.org\/2000\/svg\" viewBox=\"0 0 25 32\"><path fill=\"#126567\" d=\"M10.7 11.9q-0.2 0.3-4.6 8.2-0.5 0.8-1.2 0.8h-4.3q-0.4 0-0.5-0.3t0-0.6l4.5-8q0 0 0 0l-2.9-5q-0.2-0.4 0-0.7 0.2-0.3 0.5-0.3h4.3q0.7 0 1.2 0.8zM25.1 0.4q0.2 0.3 0 0.7l-9.4 16.7 6 11q0.2 0.4 0 0.6-0.2 0.3-0.6 0.3h-4.3q-0.7 0-1.2-0.8l-6-11.1q0.3-0.6 9.5-16.8 0.4-0.8 1.2-0.8h4.3q0.4 0 0.5 0.3z\"\/><\/svg><\/span><\/a><\/li><li class=\"shariff-button linkedin shariff-nocustomcolor\" style=\"background-color:#1488bf;border-radius:1%\"><a href=\"https:\/\/www.linkedin.com\/sharing\/share-offsite\/?url=https%3A%2F%2Fwww.sonnenseite.com%2Fde%2Fwissenschaft%2Fder-meeresspiegel-in-kuestengebieten-ist-hoeher-als-bisher-angenommen%2F\" title=\"Bei LinkedIn teilen\" aria-label=\"Bei LinkedIn teilen\" role=\"button\" rel=\"noopener nofollow\" class=\"shariff-link\" style=\";border-radius:1%; background-color:#0077b5; color:#fff\" target=\"_blank\"><span class=\"shariff-icon\" style=\"\"><svg width=\"32px\" height=\"20px\" xmlns=\"http:\/\/www.w3.org\/2000\/svg\" viewBox=\"0 0 27 32\"><path fill=\"#0077b5\" d=\"M6.2 11.2v17.7h-5.9v-17.7h5.9zM6.6 5.7q0 1.3-0.9 2.2t-2.4 0.9h0q-1.5 0-2.4-0.9t-0.9-2.2 0.9-2.2 2.4-0.9 2.4 0.9 0.9 2.2zM27.4 18.7v10.1h-5.9v-9.5q0-1.9-0.7-2.9t-2.3-1.1q-1.1 0-1.9 0.6t-1.2 1.5q-0.2 0.5-0.2 1.4v9.9h-5.9q0-7.1 0-11.6t0-5.3l0-0.9h5.9v2.6h0q0.4-0.6 0.7-1t1-0.9 1.6-0.8 2-0.3q3 0 4.9 2t1.9 6z\"\/><\/svg><\/span><\/a><\/li><li class=\"shariff-button printer shariff-nocustomcolor\" style=\"background-color:#a8a8a8;border-radius:1%\"><a href=\"javascript:window.print()\" title=\"drucken\" aria-label=\"drucken\" role=\"button\" rel=\"noopener nofollow\" class=\"shariff-link\" style=\";border-radius:1%; background-color:#999; color:#fff\"><span class=\"shariff-icon\" style=\"\"><svg width=\"32px\" height=\"20px\" xmlns=\"http:\/\/www.w3.org\/2000\/svg\" viewBox=\"0 0 30 32\"><path fill=\"#999\" d=\"M6.8 27.4h16v-4.6h-16v4.6zM6.8 16h16v-6.8h-2.8q-0.7 0-1.2-0.5t-0.5-1.2v-2.8h-11.4v11.4zM27.4 17.2q0-0.5-0.3-0.8t-0.8-0.4-0.8 0.4-0.3 0.8 0.3 0.8 0.8 0.3 0.8-0.3 0.3-0.8zM29.7 17.2v7.4q0 0.2-0.2 0.4t-0.4 0.2h-4v2.8q0 0.7-0.5 1.2t-1.2 0.5h-17.2q-0.7 0-1.2-0.5t-0.5-1.2v-2.8h-4q-0.2 0-0.4-0.2t-0.2-0.4v-7.4q0-1.4 1-2.4t2.4-1h1.2v-9.7q0-0.7 0.5-1.2t1.2-0.5h12q0.7 0 1.6 0.4t1.3 0.8l2.7 2.7q0.5 0.5 0.9 1.4t0.4 1.6v4.6h1.1q1.4 0 2.4 1t1 2.4z\"\/><\/svg><\/span><\/a><\/li><li class=\"shariff-button mailto shariff-nocustomcolor\" style=\"background-color:#a8a8a8;border-radius:1%\"><a href=\"mailto:?body=https%3A%2F%2Fwww.sonnenseite.com%2Fde%2Fwissenschaft%2Fder-meeresspiegel-in-kuestengebieten-ist-hoeher-als-bisher-angenommen%2F&subject=Der%20Meeresspiegel%20in%20K%C3%BCstengebieten%20ist%20h%C3%B6her%20als%20bisher%20angenommen\" title=\"Per E-Mail versenden\" aria-label=\"Per E-Mail versenden\" role=\"button\" rel=\"noopener nofollow\" class=\"shariff-link\" style=\";border-radius:1%; background-color:#999; color:#fff\"><span class=\"shariff-icon\" style=\"\"><svg width=\"32px\" height=\"20px\" xmlns=\"http:\/\/www.w3.org\/2000\/svg\" viewBox=\"0 0 32 32\"><path fill=\"#999\" d=\"M32 12.7v14.2q0 1.2-0.8 2t-2 0.9h-26.3q-1.2 0-2-0.9t-0.8-2v-14.2q0.8 0.9 1.8 1.6 6.5 4.4 8.9 6.1 1 0.8 1.6 1.2t1.7 0.9 2 0.4h0.1q0.9 0 2-0.4t1.7-0.9 1.6-1.2q3-2.2 8.9-6.1 1-0.7 1.8-1.6zM32 7.4q0 1.4-0.9 2.7t-2.2 2.2q-6.7 4.7-8.4 5.8-0.2 0.1-0.7 0.5t-1 0.7-0.9 0.6-1.1 0.5-0.9 0.2h-0.1q-0.4 0-0.9-0.2t-1.1-0.5-0.9-0.6-1-0.7-0.7-0.5q-1.6-1.1-4.7-3.2t-3.6-2.6q-1.1-0.7-2.1-2t-1-2.5q0-1.4 0.7-2.3t2.1-0.9h26.3q1.2 0 2 0.8t0.9 2z\"\/><\/svg><\/span><\/a><\/li><\/ul><\/div>","protected":false},"excerpt":{"rendered":"<p>Studien zu den Auswirkungen des steigenden Meeresspiegels auf K\u00fcstenregionen beziehen sich h\u00e4ufig auf einen angenommenen statt [&hellip;]<\/p>\n","protected":false},"author":3,"featured_media":76574,"comment_status":"closed","ping_status":"closed","sticky":false,"template":"","format":"standard","meta":{"inline_featured_image":false,"footnotes":""},"categories":[26],"tags":[],"class_list":["post-113104","post","type-post","status-publish","format-standard","has-post-thumbnail","hentry","category-wissenschaft"],"yoast_head":"<!-- This site is optimized with the Yoast SEO plugin v26.5 - https:\/\/yoast.com\/wordpress\/plugins\/seo\/ -->\n<title>Der Meeresspiegel in K\u00fcstengebieten ist h\u00f6her als bisher angenommen - Sonnenseite - \u00d6kologische Kommunikation mit Franz Alt<\/title>\n<meta name=\"description\" content=\"Studien zu den Auswirkungen des steigenden Meeresspiegels auf K\u00fcstenregionen beziehen sich h\u00e4ufig auf einen angenommenen statt auf den tats\u00e4chlich\" \/>\n<meta name=\"robots\" content=\"index, follow, max-snippet:-1, max-image-preview:large, max-video-preview:-1\" \/>\n<link rel=\"canonical\" href=\"https:\/\/www.sonnenseite.com\/de\/wissenschaft\/der-meeresspiegel-in-kuestengebieten-ist-hoeher-als-bisher-angenommen\/\" \/>\n<meta property=\"og:locale\" content=\"de_DE\" \/>\n<meta property=\"og:type\" content=\"article\" \/>\n<meta property=\"og:title\" content=\"Der Meeresspiegel in K\u00fcstengebieten ist h\u00f6her als bisher angenommen - Sonnenseite - \u00d6kologische Kommunikation mit Franz Alt\" \/>\n<meta property=\"og:description\" content=\"Studien zu den Auswirkungen des steigenden Meeresspiegels auf K\u00fcstenregionen beziehen sich h\u00e4ufig auf einen angenommenen statt auf den tats\u00e4chlich\" \/>\n<meta property=\"og:url\" content=\"https:\/\/www.sonnenseite.com\/de\/wissenschaft\/der-meeresspiegel-in-kuestengebieten-ist-hoeher-als-bisher-angenommen\/\" \/>\n<meta property=\"og:site_name\" content=\"Sonnenseite\" \/>\n<meta property=\"article:publisher\" content=\"https:\/\/www.facebook.com\/pages\/Franz-Alt-SONNENSEITECOM\/221072987903953?fref=ts\" \/>\n<meta property=\"article:published_time\" content=\"2026-03-07T01:51:00+00:00\" \/>\n<meta property=\"article:modified_time\" content=\"2026-03-16T13:45:41+00:00\" \/>\n<meta property=\"og:image\" content=\"https:\/\/www.sonnenseite.com\/wp-content\/uploads\/2021\/11\/Erde_Wasser02_geralt.jpg\" \/>\n\t<meta property=\"og:image:width\" content=\"770\" \/>\n\t<meta property=\"og:image:height\" content=\"420\" \/>\n\t<meta property=\"og:image:type\" content=\"image\/jpeg\" \/>\n<meta name=\"author\" content=\"Bigi Alt\" \/>\n<meta name=\"twitter:card\" content=\"summary_large_image\" \/>\n<meta name=\"twitter:creator\" content=\"@franzalt\" \/>\n<meta name=\"twitter:site\" content=\"@franzalt\" \/>\n<meta name=\"twitter:label1\" content=\"Verfasst von\" \/>\n\t<meta name=\"twitter:data1\" content=\"Bigi Alt\" \/>\n\t<meta name=\"twitter:label2\" content=\"Gesch\u00e4tzte Lesezeit\" \/>\n\t<meta name=\"twitter:data2\" content=\"4\u00a0Minuten\" \/>\n<script type=\"application\/ld+json\" class=\"yoast-schema-graph\">{\"@context\":\"https:\/\/schema.org\",\"@graph\":[{\"@type\":\"Article\",\"@id\":\"https:\/\/www.sonnenseite.com\/de\/wissenschaft\/der-meeresspiegel-in-kuestengebieten-ist-hoeher-als-bisher-angenommen\/#article\",\"isPartOf\":{\"@id\":\"https:\/\/www.sonnenseite.com\/de\/wissenschaft\/der-meeresspiegel-in-kuestengebieten-ist-hoeher-als-bisher-angenommen\/\"},\"author\":{\"name\":\"Bigi Alt\",\"@id\":\"https:\/\/www.sonnenseite.com\/de\/#\/schema\/person\/50fda0e926597684c7cc6695238a4eb9\"},\"headline\":\"Der Meeresspiegel in K\u00fcstengebieten ist h\u00f6her als bisher angenommen\",\"datePublished\":\"2026-03-07T01:51:00+00:00\",\"dateModified\":\"2026-03-16T13:45:41+00:00\",\"mainEntityOfPage\":{\"@id\":\"https:\/\/www.sonnenseite.com\/de\/wissenschaft\/der-meeresspiegel-in-kuestengebieten-ist-hoeher-als-bisher-angenommen\/\"},\"wordCount\":700,\"publisher\":{\"@id\":\"https:\/\/www.sonnenseite.com\/de\/#organization\"},\"image\":{\"@id\":\"https:\/\/www.sonnenseite.com\/de\/wissenschaft\/der-meeresspiegel-in-kuestengebieten-ist-hoeher-als-bisher-angenommen\/#primaryimage\"},\"thumbnailUrl\":\"https:\/\/www.sonnenseite.com\/wp-content\/uploads\/2021\/11\/Erde_Wasser02_geralt.jpg\",\"articleSection\":[\"Wissenschaft\"],\"inLanguage\":\"de\"},{\"@type\":\"WebPage\",\"@id\":\"https:\/\/www.sonnenseite.com\/de\/wissenschaft\/der-meeresspiegel-in-kuestengebieten-ist-hoeher-als-bisher-angenommen\/\",\"url\":\"https:\/\/www.sonnenseite.com\/de\/wissenschaft\/der-meeresspiegel-in-kuestengebieten-ist-hoeher-als-bisher-angenommen\/\",\"name\":\"Der Meeresspiegel in K\u00fcstengebieten ist h\u00f6her als bisher angenommen - Sonnenseite - \u00d6kologische Kommunikation mit Franz Alt\",\"isPartOf\":{\"@id\":\"https:\/\/www.sonnenseite.com\/de\/#website\"},\"primaryImageOfPage\":{\"@id\":\"https:\/\/www.sonnenseite.com\/de\/wissenschaft\/der-meeresspiegel-in-kuestengebieten-ist-hoeher-als-bisher-angenommen\/#primaryimage\"},\"image\":{\"@id\":\"https:\/\/www.sonnenseite.com\/de\/wissenschaft\/der-meeresspiegel-in-kuestengebieten-ist-hoeher-als-bisher-angenommen\/#primaryimage\"},\"thumbnailUrl\":\"https:\/\/www.sonnenseite.com\/wp-content\/uploads\/2021\/11\/Erde_Wasser02_geralt.jpg\",\"datePublished\":\"2026-03-07T01:51:00+00:00\",\"dateModified\":\"2026-03-16T13:45:41+00:00\",\"description\":\"Studien zu den Auswirkungen des steigenden Meeresspiegels auf K\u00fcstenregionen beziehen sich h\u00e4ufig auf einen angenommenen statt auf den tats\u00e4chlich\",\"breadcrumb\":{\"@id\":\"https:\/\/www.sonnenseite.com\/de\/wissenschaft\/der-meeresspiegel-in-kuestengebieten-ist-hoeher-als-bisher-angenommen\/#breadcrumb\"},\"inLanguage\":\"de\",\"potentialAction\":[{\"@type\":\"ReadAction\",\"target\":[\"https:\/\/www.sonnenseite.com\/de\/wissenschaft\/der-meeresspiegel-in-kuestengebieten-ist-hoeher-als-bisher-angenommen\/\"]}]},{\"@type\":\"ImageObject\",\"inLanguage\":\"de\",\"@id\":\"https:\/\/www.sonnenseite.com\/de\/wissenschaft\/der-meeresspiegel-in-kuestengebieten-ist-hoeher-als-bisher-angenommen\/#primaryimage\",\"url\":\"https:\/\/www.sonnenseite.com\/wp-content\/uploads\/2021\/11\/Erde_Wasser02_geralt.jpg\",\"contentUrl\":\"https:\/\/www.sonnenseite.com\/wp-content\/uploads\/2021\/11\/Erde_Wasser02_geralt.jpg\",\"width\":770,\"height\":420,\"caption\":\"pixabay.com | geralt\"},{\"@type\":\"BreadcrumbList\",\"@id\":\"https:\/\/www.sonnenseite.com\/de\/wissenschaft\/der-meeresspiegel-in-kuestengebieten-ist-hoeher-als-bisher-angenommen\/#breadcrumb\",\"itemListElement\":[{\"@type\":\"ListItem\",\"position\":1,\"name\":\"Startseite\",\"item\":\"https:\/\/www.sonnenseite.com\/de\/\"},{\"@type\":\"ListItem\",\"position\":2,\"name\":\"Der Meeresspiegel in K\u00fcstengebieten ist h\u00f6her als bisher angenommen\"}]},{\"@type\":\"WebSite\",\"@id\":\"https:\/\/www.sonnenseite.com\/de\/#website\",\"url\":\"https:\/\/www.sonnenseite.com\/de\/\",\"name\":\"Sonnenseite\",\"description\":\"\u00d6kologische Kommunikation mit Franz Alt\",\"publisher\":{\"@id\":\"https:\/\/www.sonnenseite.com\/de\/#organization\"},\"potentialAction\":[{\"@type\":\"SearchAction\",\"target\":{\"@type\":\"EntryPoint\",\"urlTemplate\":\"https:\/\/www.sonnenseite.com\/de\/?s={search_term_string}\"},\"query-input\":{\"@type\":\"PropertyValueSpecification\",\"valueRequired\":true,\"valueName\":\"search_term_string\"}}],\"inLanguage\":\"de\"},{\"@type\":\"Organization\",\"@id\":\"https:\/\/www.sonnenseite.com\/de\/#organization\",\"name\":\"Sonnenseite\",\"url\":\"https:\/\/www.sonnenseite.com\/de\/\",\"logo\":{\"@type\":\"ImageObject\",\"inLanguage\":\"de\",\"@id\":\"https:\/\/www.sonnenseite.com\/de\/#\/schema\/logo\/image\/\",\"url\":\"https:\/\/www.sonnenseite.com\/wp-content\/uploads\/2020\/05\/Sonnenseite_Logo.png\",\"contentUrl\":\"https:\/\/www.sonnenseite.com\/wp-content\/uploads\/2020\/05\/Sonnenseite_Logo.png\",\"width\":377,\"height\":90,\"caption\":\"Sonnenseite\"},\"image\":{\"@id\":\"https:\/\/www.sonnenseite.com\/de\/#\/schema\/logo\/image\/\"},\"sameAs\":[\"https:\/\/www.facebook.com\/pages\/Franz-Alt-SONNENSEITECOM\/221072987903953?fref=ts\",\"https:\/\/x.com\/franzalt\",\"http:\/\/www.youtube.com\/results?search_query&amp;amp;quot;franz_alt&amp;amp;quot;&amp;amp;amp;amp;search_type&amp;amp;amp;amp;aq=f\"]},{\"@type\":\"Person\",\"@id\":\"https:\/\/www.sonnenseite.com\/de\/#\/schema\/person\/50fda0e926597684c7cc6695238a4eb9\",\"name\":\"Bigi Alt\"}]}<\/script>\n<!-- \/ Yoast SEO plugin. -->","yoast_head_json":{"title":"Der Meeresspiegel in K\u00fcstengebieten ist h\u00f6her als bisher angenommen - Sonnenseite - \u00d6kologische Kommunikation mit Franz Alt","description":"Studien zu den Auswirkungen des steigenden Meeresspiegels auf K\u00fcstenregionen beziehen sich h\u00e4ufig auf einen angenommenen statt auf den tats\u00e4chlich","robots":{"index":"index","follow":"follow","max-snippet":"max-snippet:-1","max-image-preview":"max-image-preview:large","max-video-preview":"max-video-preview:-1"},"canonical":"https:\/\/www.sonnenseite.com\/de\/wissenschaft\/der-meeresspiegel-in-kuestengebieten-ist-hoeher-als-bisher-angenommen\/","og_locale":"de_DE","og_type":"article","og_title":"Der Meeresspiegel in K\u00fcstengebieten ist h\u00f6her als bisher angenommen - Sonnenseite - \u00d6kologische Kommunikation mit Franz Alt","og_description":"Studien zu den Auswirkungen des steigenden Meeresspiegels auf K\u00fcstenregionen beziehen sich h\u00e4ufig auf einen angenommenen statt auf den tats\u00e4chlich","og_url":"https:\/\/www.sonnenseite.com\/de\/wissenschaft\/der-meeresspiegel-in-kuestengebieten-ist-hoeher-als-bisher-angenommen\/","og_site_name":"Sonnenseite","article_publisher":"https:\/\/www.facebook.com\/pages\/Franz-Alt-SONNENSEITECOM\/221072987903953?fref=ts","article_published_time":"2026-03-07T01:51:00+00:00","article_modified_time":"2026-03-16T13:45:41+00:00","og_image":[{"width":770,"height":420,"url":"https:\/\/www.sonnenseite.com\/wp-content\/uploads\/2021\/11\/Erde_Wasser02_geralt.jpg","type":"image\/jpeg"}],"author":"Bigi Alt","twitter_card":"summary_large_image","twitter_creator":"@franzalt","twitter_site":"@franzalt","twitter_misc":{"Verfasst von":"Bigi Alt","Gesch\u00e4tzte Lesezeit":"4\u00a0Minuten"},"schema":{"@context":"https:\/\/schema.org","@graph":[{"@type":"Article","@id":"https:\/\/www.sonnenseite.com\/de\/wissenschaft\/der-meeresspiegel-in-kuestengebieten-ist-hoeher-als-bisher-angenommen\/#article","isPartOf":{"@id":"https:\/\/www.sonnenseite.com\/de\/wissenschaft\/der-meeresspiegel-in-kuestengebieten-ist-hoeher-als-bisher-angenommen\/"},"author":{"name":"Bigi Alt","@id":"https:\/\/www.sonnenseite.com\/de\/#\/schema\/person\/50fda0e926597684c7cc6695238a4eb9"},"headline":"Der Meeresspiegel in K\u00fcstengebieten ist h\u00f6her als bisher angenommen","datePublished":"2026-03-07T01:51:00+00:00","dateModified":"2026-03-16T13:45:41+00:00","mainEntityOfPage":{"@id":"https:\/\/www.sonnenseite.com\/de\/wissenschaft\/der-meeresspiegel-in-kuestengebieten-ist-hoeher-als-bisher-angenommen\/"},"wordCount":700,"publisher":{"@id":"https:\/\/www.sonnenseite.com\/de\/#organization"},"image":{"@id":"https:\/\/www.sonnenseite.com\/de\/wissenschaft\/der-meeresspiegel-in-kuestengebieten-ist-hoeher-als-bisher-angenommen\/#primaryimage"},"thumbnailUrl":"https:\/\/www.sonnenseite.com\/wp-content\/uploads\/2021\/11\/Erde_Wasser02_geralt.jpg","articleSection":["Wissenschaft"],"inLanguage":"de"},{"@type":"WebPage","@id":"https:\/\/www.sonnenseite.com\/de\/wissenschaft\/der-meeresspiegel-in-kuestengebieten-ist-hoeher-als-bisher-angenommen\/","url":"https:\/\/www.sonnenseite.com\/de\/wissenschaft\/der-meeresspiegel-in-kuestengebieten-ist-hoeher-als-bisher-angenommen\/","name":"Der Meeresspiegel in K\u00fcstengebieten ist h\u00f6her als bisher angenommen - Sonnenseite - \u00d6kologische Kommunikation mit Franz Alt","isPartOf":{"@id":"https:\/\/www.sonnenseite.com\/de\/#website"},"primaryImageOfPage":{"@id":"https:\/\/www.sonnenseite.com\/de\/wissenschaft\/der-meeresspiegel-in-kuestengebieten-ist-hoeher-als-bisher-angenommen\/#primaryimage"},"image":{"@id":"https:\/\/www.sonnenseite.com\/de\/wissenschaft\/der-meeresspiegel-in-kuestengebieten-ist-hoeher-als-bisher-angenommen\/#primaryimage"},"thumbnailUrl":"https:\/\/www.sonnenseite.com\/wp-content\/uploads\/2021\/11\/Erde_Wasser02_geralt.jpg","datePublished":"2026-03-07T01:51:00+00:00","dateModified":"2026-03-16T13:45:41+00:00","description":"Studien zu den Auswirkungen des steigenden Meeresspiegels auf K\u00fcstenregionen beziehen sich h\u00e4ufig auf einen angenommenen statt auf den tats\u00e4chlich","breadcrumb":{"@id":"https:\/\/www.sonnenseite.com\/de\/wissenschaft\/der-meeresspiegel-in-kuestengebieten-ist-hoeher-als-bisher-angenommen\/#breadcrumb"},"inLanguage":"de","potentialAction":[{"@type":"ReadAction","target":["https:\/\/www.sonnenseite.com\/de\/wissenschaft\/der-meeresspiegel-in-kuestengebieten-ist-hoeher-als-bisher-angenommen\/"]}]},{"@type":"ImageObject","inLanguage":"de","@id":"https:\/\/www.sonnenseite.com\/de\/wissenschaft\/der-meeresspiegel-in-kuestengebieten-ist-hoeher-als-bisher-angenommen\/#primaryimage","url":"https:\/\/www.sonnenseite.com\/wp-content\/uploads\/2021\/11\/Erde_Wasser02_geralt.jpg","contentUrl":"https:\/\/www.sonnenseite.com\/wp-content\/uploads\/2021\/11\/Erde_Wasser02_geralt.jpg","width":770,"height":420,"caption":"pixabay.com | geralt"},{"@type":"BreadcrumbList","@id":"https:\/\/www.sonnenseite.com\/de\/wissenschaft\/der-meeresspiegel-in-kuestengebieten-ist-hoeher-als-bisher-angenommen\/#breadcrumb","itemListElement":[{"@type":"ListItem","position":1,"name":"Startseite","item":"https:\/\/www.sonnenseite.com\/de\/"},{"@type":"ListItem","position":2,"name":"Der Meeresspiegel in K\u00fcstengebieten ist h\u00f6her als bisher angenommen"}]},{"@type":"WebSite","@id":"https:\/\/www.sonnenseite.com\/de\/#website","url":"https:\/\/www.sonnenseite.com\/de\/","name":"Sonnenseite","description":"\u00d6kologische Kommunikation mit Franz Alt","publisher":{"@id":"https:\/\/www.sonnenseite.com\/de\/#organization"},"potentialAction":[{"@type":"SearchAction","target":{"@type":"EntryPoint","urlTemplate":"https:\/\/www.sonnenseite.com\/de\/?s={search_term_string}"},"query-input":{"@type":"PropertyValueSpecification","valueRequired":true,"valueName":"search_term_string"}}],"inLanguage":"de"},{"@type":"Organization","@id":"https:\/\/www.sonnenseite.com\/de\/#organization","name":"Sonnenseite","url":"https:\/\/www.sonnenseite.com\/de\/","logo":{"@type":"ImageObject","inLanguage":"de","@id":"https:\/\/www.sonnenseite.com\/de\/#\/schema\/logo\/image\/","url":"https:\/\/www.sonnenseite.com\/wp-content\/uploads\/2020\/05\/Sonnenseite_Logo.png","contentUrl":"https:\/\/www.sonnenseite.com\/wp-content\/uploads\/2020\/05\/Sonnenseite_Logo.png","width":377,"height":90,"caption":"Sonnenseite"},"image":{"@id":"https:\/\/www.sonnenseite.com\/de\/#\/schema\/logo\/image\/"},"sameAs":["https:\/\/www.facebook.com\/pages\/Franz-Alt-SONNENSEITECOM\/221072987903953?fref=ts","https:\/\/x.com\/franzalt","http:\/\/www.youtube.com\/results?search_query&amp;amp;quot;franz_alt&amp;amp;quot;&amp;amp;amp;amp;search_type&amp;amp;amp;amp;aq=f"]},{"@type":"Person","@id":"https:\/\/www.sonnenseite.com\/de\/#\/schema\/person\/50fda0e926597684c7cc6695238a4eb9","name":"Bigi Alt"}]}},"_links":{"self":[{"href":"https:\/\/www.sonnenseite.com\/de\/wp-json\/wp\/v2\/posts\/113104","targetHints":{"allow":["GET"]}}],"collection":[{"href":"https:\/\/www.sonnenseite.com\/de\/wp-json\/wp\/v2\/posts"}],"about":[{"href":"https:\/\/www.sonnenseite.com\/de\/wp-json\/wp\/v2\/types\/post"}],"author":[{"embeddable":true,"href":"https:\/\/www.sonnenseite.com\/de\/wp-json\/wp\/v2\/users\/3"}],"replies":[{"embeddable":true,"href":"https:\/\/www.sonnenseite.com\/de\/wp-json\/wp\/v2\/comments?post=113104"}],"version-history":[{"count":2,"href":"https:\/\/www.sonnenseite.com\/de\/wp-json\/wp\/v2\/posts\/113104\/revisions"}],"predecessor-version":[{"id":113106,"href":"https:\/\/www.sonnenseite.com\/de\/wp-json\/wp\/v2\/posts\/113104\/revisions\/113106"}],"wp:featuredmedia":[{"embeddable":true,"href":"https:\/\/www.sonnenseite.com\/de\/wp-json\/wp\/v2\/media\/76574"}],"wp:attachment":[{"href":"https:\/\/www.sonnenseite.com\/de\/wp-json\/wp\/v2\/media?parent=113104"}],"wp:term":[{"taxonomy":"category","embeddable":true,"href":"https:\/\/www.sonnenseite.com\/de\/wp-json\/wp\/v2\/categories?post=113104"},{"taxonomy":"post_tag","embeddable":true,"href":"https:\/\/www.sonnenseite.com\/de\/wp-json\/wp\/v2\/tags?post=113104"}],"curies":[{"name":"wp","href":"https:\/\/api.w.org\/{rel}","templated":true}]}}