{"id":113199,"date":"2026-03-11T02:47:00","date_gmt":"2026-03-11T01:47:00","guid":{"rendered":"https:\/\/www.sonnenseite.com\/?p=113199"},"modified":"2026-03-10T09:49:34","modified_gmt":"2026-03-10T08:49:34","slug":"15-jahre-danach-warum-fukushima-noch-immer-dringende-warnung-sein-muss","status":"publish","type":"post","link":"https:\/\/www.sonnenseite.com\/de\/politik\/15-jahre-danach-warum-fukushima-noch-immer-dringende-warnung-sein-muss\/","title":{"rendered":"15 Jahre danach: Warum Fukushima noch immer dringende Warnung sein muss"},"content":{"rendered":"\n<p>Europ\u00e4ische Kommission setzt dennoch verst\u00e4rkt auf Atomkraft und plant, EU Haushaltsmittel f\u00fcr neue AKW zur Verf\u00fcgung zu stellen.<\/p>\n\n\n<div class=\"wp-block-image\">\n<figure class=\"aligncenter size-full is-resized\"><a class=\"gallery-open-modal\" href=\"https:\/\/www.sonnenseite.com\/wp-content\/uploads\/2026\/03\/Global2000_Atom_Atomk.jpg\"><img loading=\"lazy\" decoding=\"async\" width=\"1000\" height=\"948\" src=\"https:\/\/www.sonnenseite.com\/wp-content\/uploads\/2026\/03\/Global2000_Atom_Atomk.jpg\" alt=\"\" class=\"wp-image-113200\" style=\"aspect-ratio:1.0548633322214156;width:598px;height:auto\" title=\"RS43319 20250313 Atom AtomkarteEuropaLegendeklein NicoleImre ccbyncndsa.png\" srcset=\"https:\/\/www.sonnenseite.com\/wp-content\/uploads\/2026\/03\/Global2000_Atom_Atomk.jpg 1000w, https:\/\/www.sonnenseite.com\/wp-content\/uploads\/2026\/03\/Global2000_Atom_Atomk-300x284.jpg 300w, https:\/\/www.sonnenseite.com\/wp-content\/uploads\/2026\/03\/Global2000_Atom_Atomk-768x728.jpg 768w\" sizes=\"auto, (max-width: 1000px) 100vw, 1000px\" \/><\/a><figcaption class=\"wp-element-caption\">Atomkraftwerke rund un \u00d6sterreich \u00a9&nbsp;GLOBAL 2000<\/figcaption><\/figure>\n<\/div>\n\n\n<p>Am 11. M\u00e4rz j\u00e4hrt sich die Nuklear-Katastrophe von Fukushima zum 15. Mal. Millionen Kubikmeter kontaminiertes Erdreich, drei noch immer nicht geborgene, geschmolzene Reaktorkerne, die weiterhin gek\u00fchlt werden m\u00fcssen. Dazu kommt die auf Jahrzehnte angesetzte Einleitung von radioaktiven Abw\u00e4ssern in den Pazifischen Ozean. Japans Altlasten wiegen schwer.<\/p>\n\n\n\n<p>Auch in \u00d6sterreich sind wir nicht sicher. Rund um uns befinden sich 14, teils v\u00f6llig veraltete AKW. Im Ernstfall w\u00fcrde die radioaktive Wolke aus dem nur 35 km von der nieder\u00f6sterreichischen Grenz entfernten AKW Dukovany \u00fcber \u00d6sterreich ziehen oder gar abregnen. Das n\u00e4chste Fukushima liegt m\u00f6glicherweise nur einen Steinwurf von uns entfernt, Daher muss sich \u00d6sterreich gegen die Betriebsdauer-Verl\u00e4ngerungen alter Reaktoren wehren, sowie gegen die Errichtung neuer Reaktoren, seien es gro\u00dfe wie in Dukovany oder die sogenannten SMR in Temel\u00edn. Denn Atomkraft ist nie sicher. Ebenso kritisiert<\/p>\n\n\n\n<p>\u201cWir m\u00fcssen aus der Geschichte der Kernkraft lernen. Fukushima darf sich nicht wiederholen. Europa betreibt jedoch ein genau gegenteilige Politik. Unter dem Deckmantel der Energieautarkie werden radioaktive Scheuklappen aufgesetzt. Der Plan, k\u00fcnftig wieder Steuergeld f\u00fcr den Bau und Ausbau von AKW vergeben zu d\u00fcrfen, ist fahrl\u00e4ssig\u201d, kritisiert&nbsp;<strong>Patricia Lorenz, Anti-Atomsprecherin der Umweltschutzorganisation GLOBAL 2000.<\/strong><\/p>\n\n\n\n<h4 class=\"wp-block-heading\">\u201cStrahlende\u201d Energiezukunft<\/h4>\n\n\n\n<p>Europa unabh\u00e4ngig von Energie-Importen zu machen, ist ein wichtiger Baustein der europ\u00e4ischen Emanzipation. Das gilt sicher nicht f\u00fcr Atomkraft, denn &#8230;<\/p>\n\n\n\n<ul class=\"wp-block-list\">\n<li>weder f\u00fcr einen Small Modular Reactor (SMR), noch f\u00fcr gro\u00dfe Reaktoren gibt es marktf\u00e4hige Design<\/li>\n\n\n\n<li>Der Ausstieg aus Atomkraftnutzung mit Hilfe des vom Kreml kontrollierten Rosatom-Konzern wurde stillschweigend aus der EURepowerRoadmap gestrichen und von allen Sanktionen gegen Russland ausgenommen<\/li>\n\n\n\n<li>Neubauten (Paks\/(Ungarn), Wartung und Instandhaltung (Bulgarien) der AKW sowjetischer Bauarbeit teilweise nur mit Good-Will Russlands m\u00f6glich, sowie auch Nuklearbrennstofflieferungen etwa f\u00fcr die Slowakei. Der Ersatz des russischen Brennstoffs gegen US-Brennstoff von Westinghouse oder franz\u00f6sischen\/russischen ist kein Schritt in die Energieunabh\u00e4ngigkeit Europas.<\/li>\n<\/ul>\n\n\n\n<p>Lorenz f\u00fchrt aus: \u201cWer glaubt, dass Atomkraft die L\u00f6sung f\u00fcr Europas Energiefragen ist, befindet sich auf dem Holzweg. Wer Atomkraft als sicher bezeichnet, dem sei ein Blick nach Fukushima empfohlen. Ein GAU kann jederzeit wieder passieren. Wenn auf neue AKW gesetzt wird, so entscheidet man sich f\u00fcr eine Reihe von Risiken: Immense Kosten, Gefahr eines GAUs, Bauzeiten von Dekaden und Abh\u00e4ngigkeiten vom Ausland in geopolitischen extrem volatilen Zeiten.\u201d<\/p>\n\n\n\n<h4 class=\"wp-block-heading\">\u201cVerstrahlte\u201d Folgen<\/h4>\n\n\n\n<p>\u00d6sterreich ist umringt von L\u00e4ndern, die auf AKW setzen. Wie ein GAU-Szenario aussehen k\u00f6nnte, zeigt ein von GLOBAL 2000 produziertes Video.<\/p>\n\n\n\n<figure class=\"wp-block-embed is-type-video is-provider-youtube wp-block-embed-youtube wp-embed-aspect-16-9 wp-has-aspect-ratio\"><div class=\"wp-block-embed__wrapper\">\n<iframe loading=\"lazy\" title=\"Fukushima vor der Haust\u00fcr?\" width=\"640\" height=\"360\" src=\"https:\/\/www.youtube.com\/embed\/S72l_9E70H4?feature=oembed\" frameborder=\"0\" allow=\"accelerometer; autoplay; clipboard-write; encrypted-media; gyroscope; picture-in-picture; web-share\" referrerpolicy=\"strict-origin-when-cross-origin\" allowfullscreen><\/iframe>\n<\/div><\/figure>\n\n\n<h5 class=\"green\">Quelle<\/h5>\r\n\n\n\n<p><a href=\"https:\/\/www.global2000.at\/\">Global2000.at 2026<\/a> | <a href=\"https:\/\/www.ots.at\/presseaussendung\/OTS_20260309_OTS0004\/15-jahre-danach-warum-fukushima-noch-immer-dringende-warnung-sein-muss\">OTS 2026<\/a><\/p>\n<div class=\"shariff shariff-align-flex-start shariff-widget-align-flex-start\"><div class=\"ShariffHeadline\">Diese Meldung teilen<\/div><ul class=\"shariff-buttons theme-round orientation-horizontal buttonsize-medium\"><li class=\"shariff-button facebook shariff-nocustomcolor\" style=\"background-color:#4273c8;border-radius:1%\"><a href=\"https:\/\/www.facebook.com\/sharer\/sharer.php?u=https%3A%2F%2Fwww.sonnenseite.com%2Fde%2Fpolitik%2F15-jahre-danach-warum-fukushima-noch-immer-dringende-warnung-sein-muss%2F\" title=\"Bei Facebook teilen\" aria-label=\"Bei Facebook teilen\" role=\"button\" rel=\"nofollow\" class=\"shariff-link\" style=\";border-radius:1%; background-color:#3b5998; color:#fff\" target=\"_blank\"><span class=\"shariff-icon\" style=\"\"><svg width=\"32px\" height=\"20px\" xmlns=\"http:\/\/www.w3.org\/2000\/svg\" viewBox=\"0 0 18 32\"><path fill=\"#3b5998\" d=\"M17.1 0.2v4.7h-2.8q-1.5 0-2.1 0.6t-0.5 1.9v3.4h5.2l-0.7 5.3h-4.5v13.6h-5.5v-13.6h-4.5v-5.3h4.5v-3.9q0-3.3 1.9-5.2t5-1.8q2.6 0 4.1 0.2z\"\/><\/svg><\/span><\/a><\/li><li class=\"shariff-button twitter shariff-nocustomcolor\" style=\"background-color:#595959;border-radius:1%\"><a href=\"https:\/\/twitter.com\/share?url=https%3A%2F%2Fwww.sonnenseite.com%2Fde%2Fpolitik%2F15-jahre-danach-warum-fukushima-noch-immer-dringende-warnung-sein-muss%2F&text=15%20Jahre%20danach%3A%20Warum%20Fukushima%20noch%20immer%20dringende%20Warnung%20sein%20muss\" title=\"Bei X teilen\" aria-label=\"Bei X teilen\" role=\"button\" rel=\"noopener nofollow\" class=\"shariff-link\" style=\";border-radius:1%; background-color:#000; color:#fff\" target=\"_blank\"><span class=\"shariff-icon\" style=\"\"><svg width=\"32px\" height=\"20px\" xmlns=\"http:\/\/www.w3.org\/2000\/svg\" viewBox=\"0 0 24 24\"><path fill=\"#000\" d=\"M14.258 10.152L23.176 0h-2.113l-7.747 8.813L7.133 0H0l9.352 13.328L0 23.973h2.113l8.176-9.309 6.531 9.309h7.133zm-2.895 3.293l-.949-1.328L2.875 1.56h3.246l6.086 8.523.945 1.328 7.91 11.078h-3.246zm0 0\"\/><\/svg><\/span><\/a><\/li><li class=\"shariff-button xing shariff-nocustomcolor\" style=\"background-color:#29888a;border-radius:1%\"><a href=\"https:\/\/www.xing.com\/spi\/shares\/new?url=https%3A%2F%2Fwww.sonnenseite.com%2Fde%2Fpolitik%2F15-jahre-danach-warum-fukushima-noch-immer-dringende-warnung-sein-muss%2F\" title=\"Bei XING teilen\" aria-label=\"Bei XING teilen\" role=\"button\" rel=\"noopener nofollow\" class=\"shariff-link\" style=\";border-radius:1%; background-color:#126567; color:#fff\" target=\"_blank\"><span class=\"shariff-icon\" style=\"\"><svg width=\"32px\" height=\"20px\" xmlns=\"http:\/\/www.w3.org\/2000\/svg\" viewBox=\"0 0 25 32\"><path fill=\"#126567\" d=\"M10.7 11.9q-0.2 0.3-4.6 8.2-0.5 0.8-1.2 0.8h-4.3q-0.4 0-0.5-0.3t0-0.6l4.5-8q0 0 0 0l-2.9-5q-0.2-0.4 0-0.7 0.2-0.3 0.5-0.3h4.3q0.7 0 1.2 0.8zM25.1 0.4q0.2 0.3 0 0.7l-9.4 16.7 6 11q0.2 0.4 0 0.6-0.2 0.3-0.6 0.3h-4.3q-0.7 0-1.2-0.8l-6-11.1q0.3-0.6 9.5-16.8 0.4-0.8 1.2-0.8h4.3q0.4 0 0.5 0.3z\"\/><\/svg><\/span><\/a><\/li><li class=\"shariff-button linkedin shariff-nocustomcolor\" style=\"background-color:#1488bf;border-radius:1%\"><a href=\"https:\/\/www.linkedin.com\/sharing\/share-offsite\/?url=https%3A%2F%2Fwww.sonnenseite.com%2Fde%2Fpolitik%2F15-jahre-danach-warum-fukushima-noch-immer-dringende-warnung-sein-muss%2F\" title=\"Bei LinkedIn teilen\" aria-label=\"Bei LinkedIn teilen\" role=\"button\" rel=\"noopener nofollow\" class=\"shariff-link\" style=\";border-radius:1%; background-color:#0077b5; color:#fff\" target=\"_blank\"><span class=\"shariff-icon\" style=\"\"><svg width=\"32px\" height=\"20px\" xmlns=\"http:\/\/www.w3.org\/2000\/svg\" viewBox=\"0 0 27 32\"><path fill=\"#0077b5\" d=\"M6.2 11.2v17.7h-5.9v-17.7h5.9zM6.6 5.7q0 1.3-0.9 2.2t-2.4 0.9h0q-1.5 0-2.4-0.9t-0.9-2.2 0.9-2.2 2.4-0.9 2.4 0.9 0.9 2.2zM27.4 18.7v10.1h-5.9v-9.5q0-1.9-0.7-2.9t-2.3-1.1q-1.1 0-1.9 0.6t-1.2 1.5q-0.2 0.5-0.2 1.4v9.9h-5.9q0-7.1 0-11.6t0-5.3l0-0.9h5.9v2.6h0q0.4-0.6 0.7-1t1-0.9 1.6-0.8 2-0.3q3 0 4.9 2t1.9 6z\"\/><\/svg><\/span><\/a><\/li><li class=\"shariff-button printer shariff-nocustomcolor\" style=\"background-color:#a8a8a8;border-radius:1%\"><a href=\"javascript:window.print()\" title=\"drucken\" aria-label=\"drucken\" role=\"button\" rel=\"noopener nofollow\" class=\"shariff-link\" style=\";border-radius:1%; background-color:#999; color:#fff\"><span class=\"shariff-icon\" style=\"\"><svg width=\"32px\" height=\"20px\" xmlns=\"http:\/\/www.w3.org\/2000\/svg\" viewBox=\"0 0 30 32\"><path fill=\"#999\" d=\"M6.8 27.4h16v-4.6h-16v4.6zM6.8 16h16v-6.8h-2.8q-0.7 0-1.2-0.5t-0.5-1.2v-2.8h-11.4v11.4zM27.4 17.2q0-0.5-0.3-0.8t-0.8-0.4-0.8 0.4-0.3 0.8 0.3 0.8 0.8 0.3 0.8-0.3 0.3-0.8zM29.7 17.2v7.4q0 0.2-0.2 0.4t-0.4 0.2h-4v2.8q0 0.7-0.5 1.2t-1.2 0.5h-17.2q-0.7 0-1.2-0.5t-0.5-1.2v-2.8h-4q-0.2 0-0.4-0.2t-0.2-0.4v-7.4q0-1.4 1-2.4t2.4-1h1.2v-9.7q0-0.7 0.5-1.2t1.2-0.5h12q0.7 0 1.6 0.4t1.3 0.8l2.7 2.7q0.5 0.5 0.9 1.4t0.4 1.6v4.6h1.1q1.4 0 2.4 1t1 2.4z\"\/><\/svg><\/span><\/a><\/li><li class=\"shariff-button mailto shariff-nocustomcolor\" style=\"background-color:#a8a8a8;border-radius:1%\"><a href=\"mailto:?body=https%3A%2F%2Fwww.sonnenseite.com%2Fde%2Fpolitik%2F15-jahre-danach-warum-fukushima-noch-immer-dringende-warnung-sein-muss%2F&subject=15%20Jahre%20danach%3A%20Warum%20Fukushima%20noch%20immer%20dringende%20Warnung%20sein%20muss\" title=\"Per E-Mail versenden\" aria-label=\"Per E-Mail versenden\" role=\"button\" rel=\"noopener nofollow\" class=\"shariff-link\" style=\";border-radius:1%; background-color:#999; color:#fff\"><span class=\"shariff-icon\" style=\"\"><svg width=\"32px\" height=\"20px\" xmlns=\"http:\/\/www.w3.org\/2000\/svg\" viewBox=\"0 0 32 32\"><path fill=\"#999\" d=\"M32 12.7v14.2q0 1.2-0.8 2t-2 0.9h-26.3q-1.2 0-2-0.9t-0.8-2v-14.2q0.8 0.9 1.8 1.6 6.5 4.4 8.9 6.1 1 0.8 1.6 1.2t1.7 0.9 2 0.4h0.1q0.9 0 2-0.4t1.7-0.9 1.6-1.2q3-2.2 8.9-6.1 1-0.7 1.8-1.6zM32 7.4q0 1.4-0.9 2.7t-2.2 2.2q-6.7 4.7-8.4 5.8-0.2 0.1-0.7 0.5t-1 0.7-0.9 0.6-1.1 0.5-0.9 0.2h-0.1q-0.4 0-0.9-0.2t-1.1-0.5-0.9-0.6-1-0.7-0.7-0.5q-1.6-1.1-4.7-3.2t-3.6-2.6q-1.1-0.7-2.1-2t-1-2.5q0-1.4 0.7-2.3t2.1-0.9h26.3q1.2 0 2 0.8t0.9 2z\"\/><\/svg><\/span><\/a><\/li><\/ul><\/div>","protected":false},"excerpt":{"rendered":"<p>Europ\u00e4ische Kommission setzt dennoch verst\u00e4rkt auf Atomkraft und plant, EU Haushaltsmittel f\u00fcr neue AKW zur Verf\u00fcgung [&hellip;]<\/p>\n","protected":false},"author":3,"featured_media":3343,"comment_status":"closed","ping_status":"closed","sticky":false,"template":"","format":"standard","meta":{"inline_featured_image":false,"footnotes":""},"categories":[21],"tags":[],"class_list":["post-113199","post","type-post","status-publish","format-standard","has-post-thumbnail","hentry","category-politik"],"yoast_head":"<!-- This site is optimized with the Yoast SEO plugin v26.5 - https:\/\/yoast.com\/wordpress\/plugins\/seo\/ -->\n<title>15 Jahre danach: Warum Fukushima noch immer dringende Warnung sein muss - Sonnenseite - \u00d6kologische Kommunikation mit Franz Alt<\/title>\n<meta name=\"description\" content=\"Europ\u00e4ische Kommission setzt dennoch verst\u00e4rkt auf Atomkraft und plant, EU Haushaltsmittel f\u00fcr neue AKW zur Verf\u00fcgung zu stellen. Atomkraftwerke rund un\" \/>\n<meta name=\"robots\" content=\"index, follow, max-snippet:-1, max-image-preview:large, max-video-preview:-1\" \/>\n<link rel=\"canonical\" href=\"https:\/\/www.sonnenseite.com\/de\/politik\/15-jahre-danach-warum-fukushima-noch-immer-dringende-warnung-sein-muss\/\" \/>\n<meta property=\"og:locale\" content=\"de_DE\" \/>\n<meta property=\"og:type\" content=\"article\" \/>\n<meta property=\"og:title\" content=\"15 Jahre danach: Warum Fukushima noch immer dringende Warnung sein muss - Sonnenseite - \u00d6kologische Kommunikation mit Franz Alt\" \/>\n<meta property=\"og:description\" content=\"Europ\u00e4ische Kommission setzt dennoch verst\u00e4rkt auf Atomkraft und plant, EU Haushaltsmittel f\u00fcr neue AKW zur Verf\u00fcgung zu stellen. Atomkraftwerke rund un\" \/>\n<meta property=\"og:url\" content=\"https:\/\/www.sonnenseite.com\/de\/politik\/15-jahre-danach-warum-fukushima-noch-immer-dringende-warnung-sein-muss\/\" \/>\n<meta property=\"og:site_name\" content=\"Sonnenseite\" \/>\n<meta property=\"article:publisher\" content=\"https:\/\/www.facebook.com\/pages\/Franz-Alt-SONNENSEITECOM\/221072987903953?fref=ts\" \/>\n<meta property=\"article:published_time\" content=\"2026-03-11T01:47:00+00:00\" \/>\n<meta property=\"og:image\" content=\"https:\/\/www.sonnenseite.com\/wp-content\/uploads\/2020\/02\/Fukushima_olinchuk.jpg\" \/>\n\t<meta property=\"og:image:width\" content=\"770\" \/>\n\t<meta property=\"og:image:height\" content=\"420\" \/>\n\t<meta property=\"og:image:type\" content=\"image\/jpeg\" \/>\n<meta name=\"author\" content=\"Bigi Alt\" \/>\n<meta name=\"twitter:card\" content=\"summary_large_image\" \/>\n<meta name=\"twitter:creator\" content=\"@franzalt\" \/>\n<meta name=\"twitter:site\" content=\"@franzalt\" \/>\n<meta name=\"twitter:label1\" content=\"Verfasst von\" \/>\n\t<meta name=\"twitter:data1\" content=\"Bigi Alt\" \/>\n\t<meta name=\"twitter:label2\" content=\"Gesch\u00e4tzte Lesezeit\" \/>\n\t<meta name=\"twitter:data2\" content=\"3\u00a0Minuten\" \/>\n<script type=\"application\/ld+json\" class=\"yoast-schema-graph\">{\"@context\":\"https:\/\/schema.org\",\"@graph\":[{\"@type\":\"Article\",\"@id\":\"https:\/\/www.sonnenseite.com\/de\/politik\/15-jahre-danach-warum-fukushima-noch-immer-dringende-warnung-sein-muss\/#article\",\"isPartOf\":{\"@id\":\"https:\/\/www.sonnenseite.com\/de\/politik\/15-jahre-danach-warum-fukushima-noch-immer-dringende-warnung-sein-muss\/\"},\"author\":{\"name\":\"Bigi Alt\",\"@id\":\"https:\/\/www.sonnenseite.com\/de\/#\/schema\/person\/50fda0e926597684c7cc6695238a4eb9\"},\"headline\":\"15 Jahre danach: Warum Fukushima noch immer dringende Warnung sein muss\",\"datePublished\":\"2026-03-11T01:47:00+00:00\",\"mainEntityOfPage\":{\"@id\":\"https:\/\/www.sonnenseite.com\/de\/politik\/15-jahre-danach-warum-fukushima-noch-immer-dringende-warnung-sein-muss\/\"},\"wordCount\":464,\"publisher\":{\"@id\":\"https:\/\/www.sonnenseite.com\/de\/#organization\"},\"image\":{\"@id\":\"https:\/\/www.sonnenseite.com\/de\/politik\/15-jahre-danach-warum-fukushima-noch-immer-dringende-warnung-sein-muss\/#primaryimage\"},\"thumbnailUrl\":\"https:\/\/www.sonnenseite.com\/wp-content\/uploads\/2020\/02\/Fukushima_olinchuk.jpg\",\"articleSection\":[\"Politik\"],\"inLanguage\":\"de\"},{\"@type\":\"WebPage\",\"@id\":\"https:\/\/www.sonnenseite.com\/de\/politik\/15-jahre-danach-warum-fukushima-noch-immer-dringende-warnung-sein-muss\/\",\"url\":\"https:\/\/www.sonnenseite.com\/de\/politik\/15-jahre-danach-warum-fukushima-noch-immer-dringende-warnung-sein-muss\/\",\"name\":\"15 Jahre danach: Warum Fukushima noch immer dringende Warnung sein muss - Sonnenseite - \u00d6kologische Kommunikation mit Franz Alt\",\"isPartOf\":{\"@id\":\"https:\/\/www.sonnenseite.com\/de\/#website\"},\"primaryImageOfPage\":{\"@id\":\"https:\/\/www.sonnenseite.com\/de\/politik\/15-jahre-danach-warum-fukushima-noch-immer-dringende-warnung-sein-muss\/#primaryimage\"},\"image\":{\"@id\":\"https:\/\/www.sonnenseite.com\/de\/politik\/15-jahre-danach-warum-fukushima-noch-immer-dringende-warnung-sein-muss\/#primaryimage\"},\"thumbnailUrl\":\"https:\/\/www.sonnenseite.com\/wp-content\/uploads\/2020\/02\/Fukushima_olinchuk.jpg\",\"datePublished\":\"2026-03-11T01:47:00+00:00\",\"description\":\"Europ\u00e4ische Kommission setzt dennoch verst\u00e4rkt auf Atomkraft und plant, EU Haushaltsmittel f\u00fcr neue AKW zur Verf\u00fcgung zu stellen. Atomkraftwerke rund un\",\"breadcrumb\":{\"@id\":\"https:\/\/www.sonnenseite.com\/de\/politik\/15-jahre-danach-warum-fukushima-noch-immer-dringende-warnung-sein-muss\/#breadcrumb\"},\"inLanguage\":\"de\",\"potentialAction\":[{\"@type\":\"ReadAction\",\"target\":[\"https:\/\/www.sonnenseite.com\/de\/politik\/15-jahre-danach-warum-fukushima-noch-immer-dringende-warnung-sein-muss\/\"]}]},{\"@type\":\"ImageObject\",\"inLanguage\":\"de\",\"@id\":\"https:\/\/www.sonnenseite.com\/de\/politik\/15-jahre-danach-warum-fukushima-noch-immer-dringende-warnung-sein-muss\/#primaryimage\",\"url\":\"https:\/\/www.sonnenseite.com\/wp-content\/uploads\/2020\/02\/Fukushima_olinchuk.jpg\",\"contentUrl\":\"https:\/\/www.sonnenseite.com\/wp-content\/uploads\/2020\/02\/Fukushima_olinchuk.jpg\",\"width\":770,\"height\":420,\"caption\":\"Depositphotos | olinchuk\"},{\"@type\":\"BreadcrumbList\",\"@id\":\"https:\/\/www.sonnenseite.com\/de\/politik\/15-jahre-danach-warum-fukushima-noch-immer-dringende-warnung-sein-muss\/#breadcrumb\",\"itemListElement\":[{\"@type\":\"ListItem\",\"position\":1,\"name\":\"Startseite\",\"item\":\"https:\/\/www.sonnenseite.com\/de\/\"},{\"@type\":\"ListItem\",\"position\":2,\"name\":\"15 Jahre danach: Warum Fukushima noch immer dringende Warnung sein muss\"}]},{\"@type\":\"WebSite\",\"@id\":\"https:\/\/www.sonnenseite.com\/de\/#website\",\"url\":\"https:\/\/www.sonnenseite.com\/de\/\",\"name\":\"Sonnenseite\",\"description\":\"\u00d6kologische Kommunikation mit Franz Alt\",\"publisher\":{\"@id\":\"https:\/\/www.sonnenseite.com\/de\/#organization\"},\"potentialAction\":[{\"@type\":\"SearchAction\",\"target\":{\"@type\":\"EntryPoint\",\"urlTemplate\":\"https:\/\/www.sonnenseite.com\/de\/?s={search_term_string}\"},\"query-input\":{\"@type\":\"PropertyValueSpecification\",\"valueRequired\":true,\"valueName\":\"search_term_string\"}}],\"inLanguage\":\"de\"},{\"@type\":\"Organization\",\"@id\":\"https:\/\/www.sonnenseite.com\/de\/#organization\",\"name\":\"Sonnenseite\",\"url\":\"https:\/\/www.sonnenseite.com\/de\/\",\"logo\":{\"@type\":\"ImageObject\",\"inLanguage\":\"de\",\"@id\":\"https:\/\/www.sonnenseite.com\/de\/#\/schema\/logo\/image\/\",\"url\":\"https:\/\/www.sonnenseite.com\/wp-content\/uploads\/2020\/05\/Sonnenseite_Logo.png\",\"contentUrl\":\"https:\/\/www.sonnenseite.com\/wp-content\/uploads\/2020\/05\/Sonnenseite_Logo.png\",\"width\":377,\"height\":90,\"caption\":\"Sonnenseite\"},\"image\":{\"@id\":\"https:\/\/www.sonnenseite.com\/de\/#\/schema\/logo\/image\/\"},\"sameAs\":[\"https:\/\/www.facebook.com\/pages\/Franz-Alt-SONNENSEITECOM\/221072987903953?fref=ts\",\"https:\/\/x.com\/franzalt\",\"http:\/\/www.youtube.com\/results?search_query&amp;amp;quot;franz_alt&amp;amp;quot;&amp;amp;amp;amp;search_type&amp;amp;amp;amp;aq=f\"]},{\"@type\":\"Person\",\"@id\":\"https:\/\/www.sonnenseite.com\/de\/#\/schema\/person\/50fda0e926597684c7cc6695238a4eb9\",\"name\":\"Bigi Alt\"}]}<\/script>\n<!-- \/ Yoast SEO plugin. -->","yoast_head_json":{"title":"15 Jahre danach: Warum Fukushima noch immer dringende Warnung sein muss - Sonnenseite - \u00d6kologische Kommunikation mit Franz Alt","description":"Europ\u00e4ische Kommission setzt dennoch verst\u00e4rkt auf Atomkraft und plant, EU Haushaltsmittel f\u00fcr neue AKW zur Verf\u00fcgung zu stellen. Atomkraftwerke rund un","robots":{"index":"index","follow":"follow","max-snippet":"max-snippet:-1","max-image-preview":"max-image-preview:large","max-video-preview":"max-video-preview:-1"},"canonical":"https:\/\/www.sonnenseite.com\/de\/politik\/15-jahre-danach-warum-fukushima-noch-immer-dringende-warnung-sein-muss\/","og_locale":"de_DE","og_type":"article","og_title":"15 Jahre danach: Warum Fukushima noch immer dringende Warnung sein muss - Sonnenseite - \u00d6kologische Kommunikation mit Franz Alt","og_description":"Europ\u00e4ische Kommission setzt dennoch verst\u00e4rkt auf Atomkraft und plant, EU Haushaltsmittel f\u00fcr neue AKW zur Verf\u00fcgung zu stellen. Atomkraftwerke rund un","og_url":"https:\/\/www.sonnenseite.com\/de\/politik\/15-jahre-danach-warum-fukushima-noch-immer-dringende-warnung-sein-muss\/","og_site_name":"Sonnenseite","article_publisher":"https:\/\/www.facebook.com\/pages\/Franz-Alt-SONNENSEITECOM\/221072987903953?fref=ts","article_published_time":"2026-03-11T01:47:00+00:00","og_image":[{"width":770,"height":420,"url":"https:\/\/www.sonnenseite.com\/wp-content\/uploads\/2020\/02\/Fukushima_olinchuk.jpg","type":"image\/jpeg"}],"author":"Bigi Alt","twitter_card":"summary_large_image","twitter_creator":"@franzalt","twitter_site":"@franzalt","twitter_misc":{"Verfasst von":"Bigi Alt","Gesch\u00e4tzte Lesezeit":"3\u00a0Minuten"},"schema":{"@context":"https:\/\/schema.org","@graph":[{"@type":"Article","@id":"https:\/\/www.sonnenseite.com\/de\/politik\/15-jahre-danach-warum-fukushima-noch-immer-dringende-warnung-sein-muss\/#article","isPartOf":{"@id":"https:\/\/www.sonnenseite.com\/de\/politik\/15-jahre-danach-warum-fukushima-noch-immer-dringende-warnung-sein-muss\/"},"author":{"name":"Bigi Alt","@id":"https:\/\/www.sonnenseite.com\/de\/#\/schema\/person\/50fda0e926597684c7cc6695238a4eb9"},"headline":"15 Jahre danach: Warum Fukushima noch immer dringende Warnung sein muss","datePublished":"2026-03-11T01:47:00+00:00","mainEntityOfPage":{"@id":"https:\/\/www.sonnenseite.com\/de\/politik\/15-jahre-danach-warum-fukushima-noch-immer-dringende-warnung-sein-muss\/"},"wordCount":464,"publisher":{"@id":"https:\/\/www.sonnenseite.com\/de\/#organization"},"image":{"@id":"https:\/\/www.sonnenseite.com\/de\/politik\/15-jahre-danach-warum-fukushima-noch-immer-dringende-warnung-sein-muss\/#primaryimage"},"thumbnailUrl":"https:\/\/www.sonnenseite.com\/wp-content\/uploads\/2020\/02\/Fukushima_olinchuk.jpg","articleSection":["Politik"],"inLanguage":"de"},{"@type":"WebPage","@id":"https:\/\/www.sonnenseite.com\/de\/politik\/15-jahre-danach-warum-fukushima-noch-immer-dringende-warnung-sein-muss\/","url":"https:\/\/www.sonnenseite.com\/de\/politik\/15-jahre-danach-warum-fukushima-noch-immer-dringende-warnung-sein-muss\/","name":"15 Jahre danach: Warum Fukushima noch immer dringende Warnung sein muss - Sonnenseite - \u00d6kologische Kommunikation mit Franz Alt","isPartOf":{"@id":"https:\/\/www.sonnenseite.com\/de\/#website"},"primaryImageOfPage":{"@id":"https:\/\/www.sonnenseite.com\/de\/politik\/15-jahre-danach-warum-fukushima-noch-immer-dringende-warnung-sein-muss\/#primaryimage"},"image":{"@id":"https:\/\/www.sonnenseite.com\/de\/politik\/15-jahre-danach-warum-fukushima-noch-immer-dringende-warnung-sein-muss\/#primaryimage"},"thumbnailUrl":"https:\/\/www.sonnenseite.com\/wp-content\/uploads\/2020\/02\/Fukushima_olinchuk.jpg","datePublished":"2026-03-11T01:47:00+00:00","description":"Europ\u00e4ische Kommission setzt dennoch verst\u00e4rkt auf Atomkraft und plant, EU Haushaltsmittel f\u00fcr neue AKW zur Verf\u00fcgung zu stellen. Atomkraftwerke rund un","breadcrumb":{"@id":"https:\/\/www.sonnenseite.com\/de\/politik\/15-jahre-danach-warum-fukushima-noch-immer-dringende-warnung-sein-muss\/#breadcrumb"},"inLanguage":"de","potentialAction":[{"@type":"ReadAction","target":["https:\/\/www.sonnenseite.com\/de\/politik\/15-jahre-danach-warum-fukushima-noch-immer-dringende-warnung-sein-muss\/"]}]},{"@type":"ImageObject","inLanguage":"de","@id":"https:\/\/www.sonnenseite.com\/de\/politik\/15-jahre-danach-warum-fukushima-noch-immer-dringende-warnung-sein-muss\/#primaryimage","url":"https:\/\/www.sonnenseite.com\/wp-content\/uploads\/2020\/02\/Fukushima_olinchuk.jpg","contentUrl":"https:\/\/www.sonnenseite.com\/wp-content\/uploads\/2020\/02\/Fukushima_olinchuk.jpg","width":770,"height":420,"caption":"Depositphotos | olinchuk"},{"@type":"BreadcrumbList","@id":"https:\/\/www.sonnenseite.com\/de\/politik\/15-jahre-danach-warum-fukushima-noch-immer-dringende-warnung-sein-muss\/#breadcrumb","itemListElement":[{"@type":"ListItem","position":1,"name":"Startseite","item":"https:\/\/www.sonnenseite.com\/de\/"},{"@type":"ListItem","position":2,"name":"15 Jahre danach: Warum Fukushima noch immer dringende Warnung sein muss"}]},{"@type":"WebSite","@id":"https:\/\/www.sonnenseite.com\/de\/#website","url":"https:\/\/www.sonnenseite.com\/de\/","name":"Sonnenseite","description":"\u00d6kologische Kommunikation mit Franz Alt","publisher":{"@id":"https:\/\/www.sonnenseite.com\/de\/#organization"},"potentialAction":[{"@type":"SearchAction","target":{"@type":"EntryPoint","urlTemplate":"https:\/\/www.sonnenseite.com\/de\/?s={search_term_string}"},"query-input":{"@type":"PropertyValueSpecification","valueRequired":true,"valueName":"search_term_string"}}],"inLanguage":"de"},{"@type":"Organization","@id":"https:\/\/www.sonnenseite.com\/de\/#organization","name":"Sonnenseite","url":"https:\/\/www.sonnenseite.com\/de\/","logo":{"@type":"ImageObject","inLanguage":"de","@id":"https:\/\/www.sonnenseite.com\/de\/#\/schema\/logo\/image\/","url":"https:\/\/www.sonnenseite.com\/wp-content\/uploads\/2020\/05\/Sonnenseite_Logo.png","contentUrl":"https:\/\/www.sonnenseite.com\/wp-content\/uploads\/2020\/05\/Sonnenseite_Logo.png","width":377,"height":90,"caption":"Sonnenseite"},"image":{"@id":"https:\/\/www.sonnenseite.com\/de\/#\/schema\/logo\/image\/"},"sameAs":["https:\/\/www.facebook.com\/pages\/Franz-Alt-SONNENSEITECOM\/221072987903953?fref=ts","https:\/\/x.com\/franzalt","http:\/\/www.youtube.com\/results?search_query&amp;amp;quot;franz_alt&amp;amp;quot;&amp;amp;amp;amp;search_type&amp;amp;amp;amp;aq=f"]},{"@type":"Person","@id":"https:\/\/www.sonnenseite.com\/de\/#\/schema\/person\/50fda0e926597684c7cc6695238a4eb9","name":"Bigi Alt"}]}},"_links":{"self":[{"href":"https:\/\/www.sonnenseite.com\/de\/wp-json\/wp\/v2\/posts\/113199","targetHints":{"allow":["GET"]}}],"collection":[{"href":"https:\/\/www.sonnenseite.com\/de\/wp-json\/wp\/v2\/posts"}],"about":[{"href":"https:\/\/www.sonnenseite.com\/de\/wp-json\/wp\/v2\/types\/post"}],"author":[{"embeddable":true,"href":"https:\/\/www.sonnenseite.com\/de\/wp-json\/wp\/v2\/users\/3"}],"replies":[{"embeddable":true,"href":"https:\/\/www.sonnenseite.com\/de\/wp-json\/wp\/v2\/comments?post=113199"}],"version-history":[{"count":1,"href":"https:\/\/www.sonnenseite.com\/de\/wp-json\/wp\/v2\/posts\/113199\/revisions"}],"predecessor-version":[{"id":113202,"href":"https:\/\/www.sonnenseite.com\/de\/wp-json\/wp\/v2\/posts\/113199\/revisions\/113202"}],"wp:featuredmedia":[{"embeddable":true,"href":"https:\/\/www.sonnenseite.com\/de\/wp-json\/wp\/v2\/media\/3343"}],"wp:attachment":[{"href":"https:\/\/www.sonnenseite.com\/de\/wp-json\/wp\/v2\/media?parent=113199"}],"wp:term":[{"taxonomy":"category","embeddable":true,"href":"https:\/\/www.sonnenseite.com\/de\/wp-json\/wp\/v2\/categories?post=113199"},{"taxonomy":"post_tag","embeddable":true,"href":"https:\/\/www.sonnenseite.com\/de\/wp-json\/wp\/v2\/tags?post=113199"}],"curies":[{"name":"wp","href":"https:\/\/api.w.org\/{rel}","templated":true}]}}