{"id":113245,"date":"2026-03-12T08:58:30","date_gmt":"2026-03-12T07:58:30","guid":{"rendered":"https:\/\/www.sonnenseite.com\/?p=113245"},"modified":"2026-03-23T12:46:19","modified_gmt":"2026-03-23T11:46:19","slug":"eu-energiepolitik-atomtraeume-aus-bruessel","status":"publish","type":"post","link":"https:\/\/www.sonnenseite.com\/de\/politik\/eu-energiepolitik-atomtraeume-aus-bruessel\/","title":{"rendered":"EU-Energiepolitik: Atomtr\u00e4ume aus Br\u00fcssel"},"content":{"rendered":"\n<p>Die Atomvision der EU-Kommission ist weit von der Realit\u00e4t abgehoben. Ursula von der Leyen sollte sich nicht von Emmanuel Macron f\u00fcr die finanziell hochriskanten franz\u00f6sischen Pl\u00e4ne einspannen lassen.\u00a0<a href=\"whatsapp:\/\/send?text=%20https:\/\/klimareporter.de\/europaeische-union\/atomtraeume-aus-bruessel\" target=\"_blank\" rel=\"noreferrer noopener\"><\/a><a href=\"mailto:?subject=Lesetipp%3A%20Atomtr%C3%A4ume%20aus%20Br%C3%BCssel%20%E2%80%93%20Klimareporter%C2%B0&amp;body=Atomtr%C3%A4ume%20aus%20Br%C3%BCssel%20%E2%80%93%20https%3A%2F%2Fklimareporter.de%2Feuropaeische-union%2Fatomtraeume-aus-bruessel%0D%0ADie%20Atomvision%20der%20EU-Kommission%20ist%20weit%20von%20der%20Realit%C3%A4t%20abgehoben.%20Ursula%20von%20der%20Leyen%20sollte%20sich%20nicht%20von%20Emmanuel%20Macron%20f%C3%BCr%20die%20finanziell%20hochriskanten%20franz%C3%B6sischen%20Pl%C3%A4ne%20einspannen%20lassen.%20\"><\/a><a href=\"https:\/\/klimareporter.de\/images\/karo3imgmanager\/resized\/4301-4400\/36939032441_ef0db7a5f6_k-4338-1100-733-80-c.webp\"><\/a><\/p>\n\n\n\n<p>Es war wie die Faust aufs Auge. Ausgerechnet zum 15. Jahrestag der Fukushima-Katastrophe beschw\u00f6rt EU-Kommissionspr\u00e4sidentin <a href=\"https:\/\/de.wikipedia.org\/wiki\/Ursula_von_der_Leyen\" target=\"_blank\" rel=\"noreferrer noopener\">Ursula von der Leyen<\/a> eine Renaissance der Atomkraft.<\/p>\n\n\n\n<p>Es sei ein Fehler gewesen, den Anteil der Kernenergie im europ\u00e4ischen Strommix auf nur noch knapp 15 Prozent sinken zu lassen, <a href=\"https:\/\/www.zdfheute.de\/politik\/deutschland\/atomkraft-eu-atomenergie-kernkraft-von-der-leyen-100.html\" target=\"_blank\" rel=\"noreferrer noopener\">erkl\u00e4rte sie auf einem Atomenergie-Gipfel<\/a> in Frankreich.<\/p>\n\n\n\n<p>Und die CDU-Politikerin postulierte: Die EU m\u00fcsse &#8222;ein globales Zentrum der Kernenergie der n\u00e4chsten Generation werden&#8220;. Die Atomkraft sei schlie\u00dflich verl\u00e4sslich und preiswert.<\/p>\n\n\n\n<p>Ist das wahr? Grund genug, um zu sagen: Zur\u00fcck in die Zukunft?<\/p>\n\n\n\n<p>Von der Leyen will die EU-Konten daf\u00fcr aufbohren. Anders als bisher w\u00e4re die F\u00f6rderung nicht mehr auf Forschung beschr\u00e4nkt.<\/p>\n\n\n\n<p>Geld aus EU-Programmen soll auch flie\u00dfen f\u00fcr die <a href=\"https:\/\/klimareporter.de\/strom\/atom-renaissance-rueckwaerts\" target=\"_blank\" rel=\"noreferrer noopener\">Laufzeitverl\u00e4ngerung<\/a> von Alt-Reaktoren, f\u00fcr Neubauten&nbsp;\u2013 und besonders f\u00fcr eine Technologie, auf die viele Atomfreunde gro\u00dfe Hoffnungen setzen: Mini-Reaktoren, <a href=\"https:\/\/de.wikipedia.org\/wiki\/Small_Modular_Reactor\" target=\"_blank\" rel=\"noreferrer noopener\">SMR<\/a> genannt, die, da modular angelegt, angeblich schneller und g\u00fcnstiger gebaut werden k\u00f6nnen als die bisherigen AKW.<\/p>\n\n\n\n<h4 class=\"wp-block-heading\">Negative Lernkurve<\/h4>\n\n\n\n<p>Kann das funktionieren? Kann von der Leyen eine Atomrenaissance herbeisubventionieren, die weltweit bisher nicht stattfindet?<\/p>\n\n\n\n<p>Tats\u00e4chlich <a href=\"https:\/\/klimareporter.de\/strom\/fukushima-war-kein-super-gau\" target=\"_blank\" rel=\"noreferrer noopener\">sinkt die Bedeutung der Kernkraft<\/a> seit rund zwei Jahrzehnten, von China abgesehen. Au\u00dferhalb dieses Landes ist die globale Atomstrom-Produktion seit dem letzten Rekordjahr 2006 um 14 Prozent zur\u00fcckgegangen.<\/p>\n\n\n\n<p>Die meisten Reaktoren kamen Mitte der 1980er Jahre ans Netz, der h\u00f6chste Anteil der Atomkraft am weltweiten Strommix wurde 1996 erreicht. Der neue <a href=\"https:\/\/klimareporter.de\/strom\/renaissance-mit-wenig-strahlkraft\" target=\"_blank\" rel=\"noreferrer noopener\">globale Stromrekord<\/a> von 2024, ganz knapp \u00fcber dem von 2006, ist fast ausschlie\u00dflich auf Pekings Atomkurs zur\u00fcckzuf\u00fchren.<\/p>\n\n\n\n<p>Hauptproblem beim Neubau von Atomkraftwerken in Marktwirtschaften ist: Sie sind extrem teuer geworden. Praktisch jedes gro\u00dfe Projekt in Europa und Nordamerika hat massive Kosten- und Bauzeit\u00fcberschreitungen erlebt, ob in <a href=\"https:\/\/klimareporter.de\/strom\/riesen-reaktor-am-netz\" target=\"_blank\" rel=\"noreferrer noopener\">Frankreich<\/a>, Finnland, <a href=\"https:\/\/klimareporter.de\/strom\/teurer-atomstrom\" target=\"_blank\" rel=\"noreferrer noopener\">Gro\u00dfbritannien<\/a> oder den USA.<\/p>\n\n\n\n<p>Es ist eine negative Lernkurve: Anders als bei Solar- und Windkraft werden neue Anlagen nicht billiger, sondern immer teurer.<\/p>\n\n\n\n<p>Der <a href=\"https:\/\/www.theguardian.com\/uk-news\/2026\/feb\/20\/hinkley-point-c-delayed-to-2030-as-costs-climb-to-35bn\" target=\"_blank\" rel=\"noreferrer noopener\">letzte Kostenstand<\/a> f\u00fcr den franz\u00f6sisch-chinesischen Doppel-Reaktor vom Typ EPR in Gro\u00dfbritannien, der nach mindestens 13 Jahren Bauzeit wohl fr\u00fchestens 2030 ans Netz geht, lautet umgerechnet 41 statt geplanter 21 Milliarden Euro.<\/p>\n\n\n\n<h4 class=\"wp-block-heading\">Sehr sp\u00e4t und kaum bezahlbar<\/h4>\n\n\n\n<p>Schon das zeigt: Eine jetzt gestartete breite Atom-Renaissance, f\u00fcr die EU-weit zig solcher Reaktoren n\u00f6tig w\u00e4re, k\u00e4me f\u00fcr Energiesicherheit und Klimaschutz sehr sp\u00e4t und w\u00e4re kaum bezahlbar, auch nicht mit den Zusch\u00fcssen aus Br\u00fcssel.<\/p>\n\n\n\n<p>Die Hoffnung einiger Regierungen, und nun auch der EU-Kommission, richtet sich deshalb auf die Mini-Reaktoren. Doch auch hier klafft eine <a href=\"https:\/\/klimareporter.de\/strom\/mini-atomkraftwerk-wird-nicht-gebaut\" target=\"_blank\" rel=\"noreferrer noopener\">gro\u00dfe L\u00fccke<\/a> zwischen Vision und Realit\u00e4t.<\/p>\n\n\n\n<p>SMR sollen in Fabriken serienm\u00e4\u00dfig produziert werden, um Kosten zu sparen. In der Praxis existiert eine solche industrielle Fertigung bisher nirgends. Selbst die Internationale Atomenergieorganisation <a href=\"https:\/\/de.wikipedia.org\/wiki\/Internationale_Atomenergie-Organisation\" target=\"_blank\" rel=\"noreferrer noopener\">IAEA<\/a> rechnet bis 2030 nur mit einigen Demonstrationsprojekten.<\/p>\n\n\n\n<p>Erst im Laufe der 2030er Jahre k\u00f6nnte eine Fabrikfertigung stehen&nbsp;\u2013 falls sich die Hoffnung auf niedrige Kosten \u00fcberhaupt bewahrheitet und die Sicherheits- und Akzeptanzprobleme wirklich gel\u00f6st sind. Schlie\u00dflich w\u00fcrden die zahlreichen &#8222;Mini-Nukes&#8220; nahe an Siedlungen stehen. Von den Fragen der <a href=\"https:\/\/de.wikipedia.org\/wiki\/Uranbergbau\" target=\"_blank\" rel=\"noreferrer noopener\">Uranbeschaffung<\/a> und <a href=\"https:\/\/klimareporter.de\/strom\/fehlanzeige-weltweit-atom-endlager\" target=\"_blank\" rel=\"noreferrer noopener\">Atomm\u00fcll-Endlagerung<\/a> ganz zu schweigen.<\/p>\n\n\n\n<p>Die Br\u00fcsseler Atomvision ist weit von der Realit\u00e4t abgehoben, entstanden unter dem Druck vor allem von Frankreich, dessen Pr\u00e4sident Emmanuel Macron an seinem Atomkurs festhalten will, obwohl der zum finanziellen Debakel <a href=\"https:\/\/klimareporter.de\/strom\/atomkraft-mit-klumpenrisiko-historischen-ausmasses\" target=\"_blank\" rel=\"noreferrer noopener\">zu werden droht<\/a>.<\/p>\n\n\n\n<p>Von der Leyen h\u00e4tte sich daf\u00fcr nicht einspannen lassen sollen. Das Erneuerbaren-Energiesystem voranzubringen, ist die realistischere Alternative.<\/p>\n\n\n<h5 class=\"green\">Quelle<\/h5>\r\n\n\n\n<p>Der Bericht wurde von der\u00a0<a href=\"https:\/\/klimareporter.de\/europaeische-union\/atomtraeume-aus-bruessel\">Redaktion \u201eklimareporter.de\u201c (Joachim Wille) 2026<\/a>\u00a0verfasst &#8211; der Artikel darf nicht ohne Genehmigung\u00a0(<a href=\"mailto:post@klimareporter.de\">post@klimareporter.de<\/a>) weiterverbreitet werden!\u00a0<\/p>\n<div class=\"shariff shariff-align-flex-start shariff-widget-align-flex-start\"><div class=\"ShariffHeadline\">Diese Meldung teilen<\/div><ul class=\"shariff-buttons theme-round orientation-horizontal buttonsize-medium\"><li class=\"shariff-button facebook shariff-nocustomcolor\" style=\"background-color:#4273c8;border-radius:1%\"><a href=\"https:\/\/www.facebook.com\/sharer\/sharer.php?u=https%3A%2F%2Fwww.sonnenseite.com%2Fde%2Fpolitik%2Feu-energiepolitik-atomtraeume-aus-bruessel%2F\" title=\"Bei Facebook teilen\" aria-label=\"Bei Facebook teilen\" role=\"button\" rel=\"nofollow\" class=\"shariff-link\" style=\";border-radius:1%; background-color:#3b5998; color:#fff\" target=\"_blank\"><span class=\"shariff-icon\" style=\"\"><svg width=\"32px\" height=\"20px\" xmlns=\"http:\/\/www.w3.org\/2000\/svg\" viewBox=\"0 0 18 32\"><path fill=\"#3b5998\" d=\"M17.1 0.2v4.7h-2.8q-1.5 0-2.1 0.6t-0.5 1.9v3.4h5.2l-0.7 5.3h-4.5v13.6h-5.5v-13.6h-4.5v-5.3h4.5v-3.9q0-3.3 1.9-5.2t5-1.8q2.6 0 4.1 0.2z\"\/><\/svg><\/span><\/a><\/li><li class=\"shariff-button twitter shariff-nocustomcolor\" style=\"background-color:#595959;border-radius:1%\"><a href=\"https:\/\/twitter.com\/share?url=https%3A%2F%2Fwww.sonnenseite.com%2Fde%2Fpolitik%2Feu-energiepolitik-atomtraeume-aus-bruessel%2F&text=EU-Energiepolitik%3A%20Atomtr%C3%A4ume%20aus%20Br%C3%BCssel\" title=\"Bei X teilen\" aria-label=\"Bei X teilen\" role=\"button\" rel=\"noopener nofollow\" class=\"shariff-link\" style=\";border-radius:1%; background-color:#000; color:#fff\" target=\"_blank\"><span class=\"shariff-icon\" style=\"\"><svg width=\"32px\" height=\"20px\" xmlns=\"http:\/\/www.w3.org\/2000\/svg\" viewBox=\"0 0 24 24\"><path fill=\"#000\" d=\"M14.258 10.152L23.176 0h-2.113l-7.747 8.813L7.133 0H0l9.352 13.328L0 23.973h2.113l8.176-9.309 6.531 9.309h7.133zm-2.895 3.293l-.949-1.328L2.875 1.56h3.246l6.086 8.523.945 1.328 7.91 11.078h-3.246zm0 0\"\/><\/svg><\/span><\/a><\/li><li class=\"shariff-button xing shariff-nocustomcolor\" style=\"background-color:#29888a;border-radius:1%\"><a href=\"https:\/\/www.xing.com\/spi\/shares\/new?url=https%3A%2F%2Fwww.sonnenseite.com%2Fde%2Fpolitik%2Feu-energiepolitik-atomtraeume-aus-bruessel%2F\" title=\"Bei XING teilen\" aria-label=\"Bei XING teilen\" role=\"button\" rel=\"noopener nofollow\" class=\"shariff-link\" style=\";border-radius:1%; background-color:#126567; color:#fff\" target=\"_blank\"><span class=\"shariff-icon\" style=\"\"><svg width=\"32px\" height=\"20px\" xmlns=\"http:\/\/www.w3.org\/2000\/svg\" viewBox=\"0 0 25 32\"><path fill=\"#126567\" d=\"M10.7 11.9q-0.2 0.3-4.6 8.2-0.5 0.8-1.2 0.8h-4.3q-0.4 0-0.5-0.3t0-0.6l4.5-8q0 0 0 0l-2.9-5q-0.2-0.4 0-0.7 0.2-0.3 0.5-0.3h4.3q0.7 0 1.2 0.8zM25.1 0.4q0.2 0.3 0 0.7l-9.4 16.7 6 11q0.2 0.4 0 0.6-0.2 0.3-0.6 0.3h-4.3q-0.7 0-1.2-0.8l-6-11.1q0.3-0.6 9.5-16.8 0.4-0.8 1.2-0.8h4.3q0.4 0 0.5 0.3z\"\/><\/svg><\/span><\/a><\/li><li class=\"shariff-button linkedin shariff-nocustomcolor\" style=\"background-color:#1488bf;border-radius:1%\"><a href=\"https:\/\/www.linkedin.com\/sharing\/share-offsite\/?url=https%3A%2F%2Fwww.sonnenseite.com%2Fde%2Fpolitik%2Feu-energiepolitik-atomtraeume-aus-bruessel%2F\" title=\"Bei LinkedIn teilen\" aria-label=\"Bei LinkedIn teilen\" role=\"button\" rel=\"noopener nofollow\" class=\"shariff-link\" style=\";border-radius:1%; background-color:#0077b5; color:#fff\" target=\"_blank\"><span class=\"shariff-icon\" style=\"\"><svg width=\"32px\" height=\"20px\" xmlns=\"http:\/\/www.w3.org\/2000\/svg\" viewBox=\"0 0 27 32\"><path fill=\"#0077b5\" d=\"M6.2 11.2v17.7h-5.9v-17.7h5.9zM6.6 5.7q0 1.3-0.9 2.2t-2.4 0.9h0q-1.5 0-2.4-0.9t-0.9-2.2 0.9-2.2 2.4-0.9 2.4 0.9 0.9 2.2zM27.4 18.7v10.1h-5.9v-9.5q0-1.9-0.7-2.9t-2.3-1.1q-1.1 0-1.9 0.6t-1.2 1.5q-0.2 0.5-0.2 1.4v9.9h-5.9q0-7.1 0-11.6t0-5.3l0-0.9h5.9v2.6h0q0.4-0.6 0.7-1t1-0.9 1.6-0.8 2-0.3q3 0 4.9 2t1.9 6z\"\/><\/svg><\/span><\/a><\/li><li class=\"shariff-button printer shariff-nocustomcolor\" style=\"background-color:#a8a8a8;border-radius:1%\"><a href=\"javascript:window.print()\" title=\"drucken\" aria-label=\"drucken\" role=\"button\" rel=\"noopener nofollow\" class=\"shariff-link\" style=\";border-radius:1%; background-color:#999; color:#fff\"><span class=\"shariff-icon\" style=\"\"><svg width=\"32px\" height=\"20px\" xmlns=\"http:\/\/www.w3.org\/2000\/svg\" viewBox=\"0 0 30 32\"><path fill=\"#999\" d=\"M6.8 27.4h16v-4.6h-16v4.6zM6.8 16h16v-6.8h-2.8q-0.7 0-1.2-0.5t-0.5-1.2v-2.8h-11.4v11.4zM27.4 17.2q0-0.5-0.3-0.8t-0.8-0.4-0.8 0.4-0.3 0.8 0.3 0.8 0.8 0.3 0.8-0.3 0.3-0.8zM29.7 17.2v7.4q0 0.2-0.2 0.4t-0.4 0.2h-4v2.8q0 0.7-0.5 1.2t-1.2 0.5h-17.2q-0.7 0-1.2-0.5t-0.5-1.2v-2.8h-4q-0.2 0-0.4-0.2t-0.2-0.4v-7.4q0-1.4 1-2.4t2.4-1h1.2v-9.7q0-0.7 0.5-1.2t1.2-0.5h12q0.7 0 1.6 0.4t1.3 0.8l2.7 2.7q0.5 0.5 0.9 1.4t0.4 1.6v4.6h1.1q1.4 0 2.4 1t1 2.4z\"\/><\/svg><\/span><\/a><\/li><li class=\"shariff-button mailto shariff-nocustomcolor\" style=\"background-color:#a8a8a8;border-radius:1%\"><a href=\"mailto:?body=https%3A%2F%2Fwww.sonnenseite.com%2Fde%2Fpolitik%2Feu-energiepolitik-atomtraeume-aus-bruessel%2F&subject=EU-Energiepolitik%3A%20Atomtr%C3%A4ume%20aus%20Br%C3%BCssel\" title=\"Per E-Mail versenden\" aria-label=\"Per E-Mail versenden\" role=\"button\" rel=\"noopener nofollow\" class=\"shariff-link\" style=\";border-radius:1%; background-color:#999; color:#fff\"><span class=\"shariff-icon\" style=\"\"><svg width=\"32px\" height=\"20px\" xmlns=\"http:\/\/www.w3.org\/2000\/svg\" viewBox=\"0 0 32 32\"><path fill=\"#999\" d=\"M32 12.7v14.2q0 1.2-0.8 2t-2 0.9h-26.3q-1.2 0-2-0.9t-0.8-2v-14.2q0.8 0.9 1.8 1.6 6.5 4.4 8.9 6.1 1 0.8 1.6 1.2t1.7 0.9 2 0.4h0.1q0.9 0 2-0.4t1.7-0.9 1.6-1.2q3-2.2 8.9-6.1 1-0.7 1.8-1.6zM32 7.4q0 1.4-0.9 2.7t-2.2 2.2q-6.7 4.7-8.4 5.8-0.2 0.1-0.7 0.5t-1 0.7-0.9 0.6-1.1 0.5-0.9 0.2h-0.1q-0.4 0-0.9-0.2t-1.1-0.5-0.9-0.6-1-0.7-0.7-0.5q-1.6-1.1-4.7-3.2t-3.6-2.6q-1.1-0.7-2.1-2t-1-2.5q0-1.4 0.7-2.3t2.1-0.9h26.3q1.2 0 2 0.8t0.9 2z\"\/><\/svg><\/span><\/a><\/li><\/ul><\/div>","protected":false},"excerpt":{"rendered":"<p>Die Atomvision der EU-Kommission ist weit von der Realit\u00e4t abgehoben. Ursula von der Leyen sollte sich [&hellip;]<\/p>\n","protected":false},"author":3,"featured_media":113247,"comment_status":"closed","ping_status":"closed","sticky":false,"template":"","format":"standard","meta":{"inline_featured_image":false,"footnotes":""},"categories":[21],"tags":[],"class_list":["post-113245","post","type-post","status-publish","format-standard","has-post-thumbnail","hentry","category-politik"],"yoast_head":"<!-- This site is optimized with the Yoast SEO plugin v26.5 - https:\/\/yoast.com\/wordpress\/plugins\/seo\/ -->\n<title>EU-Energiepolitik: Atomtr\u00e4ume aus Br\u00fcssel - Sonnenseite - \u00d6kologische Kommunikation mit Franz Alt<\/title>\n<meta name=\"description\" content=\"Die Atomvision der EU-Kommission ist weit von der Realit\u00e4t abgehoben. Ursula von der Leyen sollte sich nicht von Emmanuel Macron f\u00fcr die finanziell\" \/>\n<meta name=\"robots\" content=\"index, follow, max-snippet:-1, max-image-preview:large, max-video-preview:-1\" \/>\n<link rel=\"canonical\" href=\"https:\/\/www.sonnenseite.com\/de\/politik\/eu-energiepolitik-atomtraeume-aus-bruessel\/\" \/>\n<meta property=\"og:locale\" content=\"de_DE\" \/>\n<meta property=\"og:type\" content=\"article\" \/>\n<meta property=\"og:title\" content=\"EU-Energiepolitik: Atomtr\u00e4ume aus Br\u00fcssel - Sonnenseite - \u00d6kologische Kommunikation mit Franz Alt\" \/>\n<meta property=\"og:description\" content=\"Die Atomvision der EU-Kommission ist weit von der Realit\u00e4t abgehoben. Ursula von der Leyen sollte sich nicht von Emmanuel Macron f\u00fcr die finanziell\" \/>\n<meta property=\"og:url\" content=\"https:\/\/www.sonnenseite.com\/de\/politik\/eu-energiepolitik-atomtraeume-aus-bruessel\/\" \/>\n<meta property=\"og:site_name\" content=\"Sonnenseite\" \/>\n<meta property=\"article:publisher\" content=\"https:\/\/www.facebook.com\/pages\/Franz-Alt-SONNENSEITECOM\/221072987903953?fref=ts\" \/>\n<meta property=\"article:published_time\" content=\"2026-03-12T07:58:30+00:00\" \/>\n<meta property=\"article:modified_time\" content=\"2026-03-23T11:46:19+00:00\" \/>\n<meta property=\"og:image\" content=\"https:\/\/www.sonnenseite.com\/wp-content\/uploads\/2026\/03\/Ursula-von-der-Leyen_Ale-Mi.jpg\" \/>\n\t<meta property=\"og:image:width\" content=\"770\" \/>\n\t<meta property=\"og:image:height\" content=\"420\" \/>\n\t<meta property=\"og:image:type\" content=\"image\/jpeg\" \/>\n<meta name=\"author\" content=\"Bigi Alt\" \/>\n<meta name=\"twitter:card\" content=\"summary_large_image\" \/>\n<meta name=\"twitter:creator\" content=\"@franzalt\" \/>\n<meta name=\"twitter:site\" content=\"@franzalt\" \/>\n<meta name=\"twitter:label1\" content=\"Verfasst von\" \/>\n\t<meta name=\"twitter:data1\" content=\"Bigi Alt\" \/>\n\t<meta name=\"twitter:label2\" content=\"Gesch\u00e4tzte Lesezeit\" \/>\n\t<meta name=\"twitter:data2\" content=\"4\u00a0Minuten\" \/>\n<script type=\"application\/ld+json\" class=\"yoast-schema-graph\">{\"@context\":\"https:\/\/schema.org\",\"@graph\":[{\"@type\":\"Article\",\"@id\":\"https:\/\/www.sonnenseite.com\/de\/politik\/eu-energiepolitik-atomtraeume-aus-bruessel\/#article\",\"isPartOf\":{\"@id\":\"https:\/\/www.sonnenseite.com\/de\/politik\/eu-energiepolitik-atomtraeume-aus-bruessel\/\"},\"author\":{\"name\":\"Bigi Alt\",\"@id\":\"https:\/\/www.sonnenseite.com\/de\/#\/schema\/person\/50fda0e926597684c7cc6695238a4eb9\"},\"headline\":\"EU-Energiepolitik: Atomtr\u00e4ume aus Br\u00fcssel\",\"datePublished\":\"2026-03-12T07:58:30+00:00\",\"dateModified\":\"2026-03-23T11:46:19+00:00\",\"mainEntityOfPage\":{\"@id\":\"https:\/\/www.sonnenseite.com\/de\/politik\/eu-energiepolitik-atomtraeume-aus-bruessel\/\"},\"wordCount\":625,\"publisher\":{\"@id\":\"https:\/\/www.sonnenseite.com\/de\/#organization\"},\"image\":{\"@id\":\"https:\/\/www.sonnenseite.com\/de\/politik\/eu-energiepolitik-atomtraeume-aus-bruessel\/#primaryimage\"},\"thumbnailUrl\":\"https:\/\/www.sonnenseite.com\/wp-content\/uploads\/2026\/03\/Ursula-von-der-Leyen_Ale-Mi.jpg\",\"articleSection\":[\"Politik\"],\"inLanguage\":\"de\"},{\"@type\":\"WebPage\",\"@id\":\"https:\/\/www.sonnenseite.com\/de\/politik\/eu-energiepolitik-atomtraeume-aus-bruessel\/\",\"url\":\"https:\/\/www.sonnenseite.com\/de\/politik\/eu-energiepolitik-atomtraeume-aus-bruessel\/\",\"name\":\"EU-Energiepolitik: Atomtr\u00e4ume aus Br\u00fcssel - Sonnenseite - \u00d6kologische Kommunikation mit Franz Alt\",\"isPartOf\":{\"@id\":\"https:\/\/www.sonnenseite.com\/de\/#website\"},\"primaryImageOfPage\":{\"@id\":\"https:\/\/www.sonnenseite.com\/de\/politik\/eu-energiepolitik-atomtraeume-aus-bruessel\/#primaryimage\"},\"image\":{\"@id\":\"https:\/\/www.sonnenseite.com\/de\/politik\/eu-energiepolitik-atomtraeume-aus-bruessel\/#primaryimage\"},\"thumbnailUrl\":\"https:\/\/www.sonnenseite.com\/wp-content\/uploads\/2026\/03\/Ursula-von-der-Leyen_Ale-Mi.jpg\",\"datePublished\":\"2026-03-12T07:58:30+00:00\",\"dateModified\":\"2026-03-23T11:46:19+00:00\",\"description\":\"Die Atomvision der EU-Kommission ist weit von der Realit\u00e4t abgehoben. Ursula von der Leyen sollte sich nicht von Emmanuel Macron f\u00fcr die finanziell\",\"breadcrumb\":{\"@id\":\"https:\/\/www.sonnenseite.com\/de\/politik\/eu-energiepolitik-atomtraeume-aus-bruessel\/#breadcrumb\"},\"inLanguage\":\"de\",\"potentialAction\":[{\"@type\":\"ReadAction\",\"target\":[\"https:\/\/www.sonnenseite.com\/de\/politik\/eu-energiepolitik-atomtraeume-aus-bruessel\/\"]}]},{\"@type\":\"ImageObject\",\"inLanguage\":\"de\",\"@id\":\"https:\/\/www.sonnenseite.com\/de\/politik\/eu-energiepolitik-atomtraeume-aus-bruessel\/#primaryimage\",\"url\":\"https:\/\/www.sonnenseite.com\/wp-content\/uploads\/2026\/03\/Ursula-von-der-Leyen_Ale-Mi.jpg\",\"contentUrl\":\"https:\/\/www.sonnenseite.com\/wp-content\/uploads\/2026\/03\/Ursula-von-der-Leyen_Ale-Mi.jpg\",\"width\":770,\"height\":420,\"caption\":\"Depositphotos.com | Ale-Mi | Ursula von der Leyen wollte Europa eigentlich in eine nachhaltige Zukunft f\u00fchren.\"},{\"@type\":\"BreadcrumbList\",\"@id\":\"https:\/\/www.sonnenseite.com\/de\/politik\/eu-energiepolitik-atomtraeume-aus-bruessel\/#breadcrumb\",\"itemListElement\":[{\"@type\":\"ListItem\",\"position\":1,\"name\":\"Startseite\",\"item\":\"https:\/\/www.sonnenseite.com\/de\/\"},{\"@type\":\"ListItem\",\"position\":2,\"name\":\"EU-Energiepolitik: Atomtr\u00e4ume aus Br\u00fcssel\"}]},{\"@type\":\"WebSite\",\"@id\":\"https:\/\/www.sonnenseite.com\/de\/#website\",\"url\":\"https:\/\/www.sonnenseite.com\/de\/\",\"name\":\"Sonnenseite\",\"description\":\"\u00d6kologische Kommunikation mit Franz Alt\",\"publisher\":{\"@id\":\"https:\/\/www.sonnenseite.com\/de\/#organization\"},\"potentialAction\":[{\"@type\":\"SearchAction\",\"target\":{\"@type\":\"EntryPoint\",\"urlTemplate\":\"https:\/\/www.sonnenseite.com\/de\/?s={search_term_string}\"},\"query-input\":{\"@type\":\"PropertyValueSpecification\",\"valueRequired\":true,\"valueName\":\"search_term_string\"}}],\"inLanguage\":\"de\"},{\"@type\":\"Organization\",\"@id\":\"https:\/\/www.sonnenseite.com\/de\/#organization\",\"name\":\"Sonnenseite\",\"url\":\"https:\/\/www.sonnenseite.com\/de\/\",\"logo\":{\"@type\":\"ImageObject\",\"inLanguage\":\"de\",\"@id\":\"https:\/\/www.sonnenseite.com\/de\/#\/schema\/logo\/image\/\",\"url\":\"https:\/\/www.sonnenseite.com\/wp-content\/uploads\/2020\/05\/Sonnenseite_Logo.png\",\"contentUrl\":\"https:\/\/www.sonnenseite.com\/wp-content\/uploads\/2020\/05\/Sonnenseite_Logo.png\",\"width\":377,\"height\":90,\"caption\":\"Sonnenseite\"},\"image\":{\"@id\":\"https:\/\/www.sonnenseite.com\/de\/#\/schema\/logo\/image\/\"},\"sameAs\":[\"https:\/\/www.facebook.com\/pages\/Franz-Alt-SONNENSEITECOM\/221072987903953?fref=ts\",\"https:\/\/x.com\/franzalt\",\"http:\/\/www.youtube.com\/results?search_query&amp;amp;quot;franz_alt&amp;amp;quot;&amp;amp;amp;amp;search_type&amp;amp;amp;amp;aq=f\"]},{\"@type\":\"Person\",\"@id\":\"https:\/\/www.sonnenseite.com\/de\/#\/schema\/person\/50fda0e926597684c7cc6695238a4eb9\",\"name\":\"Bigi Alt\"}]}<\/script>\n<!-- \/ Yoast SEO plugin. -->","yoast_head_json":{"title":"EU-Energiepolitik: Atomtr\u00e4ume aus Br\u00fcssel - Sonnenseite - \u00d6kologische Kommunikation mit Franz Alt","description":"Die Atomvision der EU-Kommission ist weit von der Realit\u00e4t abgehoben. Ursula von der Leyen sollte sich nicht von Emmanuel Macron f\u00fcr die finanziell","robots":{"index":"index","follow":"follow","max-snippet":"max-snippet:-1","max-image-preview":"max-image-preview:large","max-video-preview":"max-video-preview:-1"},"canonical":"https:\/\/www.sonnenseite.com\/de\/politik\/eu-energiepolitik-atomtraeume-aus-bruessel\/","og_locale":"de_DE","og_type":"article","og_title":"EU-Energiepolitik: Atomtr\u00e4ume aus Br\u00fcssel - Sonnenseite - \u00d6kologische Kommunikation mit Franz Alt","og_description":"Die Atomvision der EU-Kommission ist weit von der Realit\u00e4t abgehoben. Ursula von der Leyen sollte sich nicht von Emmanuel Macron f\u00fcr die finanziell","og_url":"https:\/\/www.sonnenseite.com\/de\/politik\/eu-energiepolitik-atomtraeume-aus-bruessel\/","og_site_name":"Sonnenseite","article_publisher":"https:\/\/www.facebook.com\/pages\/Franz-Alt-SONNENSEITECOM\/221072987903953?fref=ts","article_published_time":"2026-03-12T07:58:30+00:00","article_modified_time":"2026-03-23T11:46:19+00:00","og_image":[{"width":770,"height":420,"url":"https:\/\/www.sonnenseite.com\/wp-content\/uploads\/2026\/03\/Ursula-von-der-Leyen_Ale-Mi.jpg","type":"image\/jpeg"}],"author":"Bigi Alt","twitter_card":"summary_large_image","twitter_creator":"@franzalt","twitter_site":"@franzalt","twitter_misc":{"Verfasst von":"Bigi Alt","Gesch\u00e4tzte Lesezeit":"4\u00a0Minuten"},"schema":{"@context":"https:\/\/schema.org","@graph":[{"@type":"Article","@id":"https:\/\/www.sonnenseite.com\/de\/politik\/eu-energiepolitik-atomtraeume-aus-bruessel\/#article","isPartOf":{"@id":"https:\/\/www.sonnenseite.com\/de\/politik\/eu-energiepolitik-atomtraeume-aus-bruessel\/"},"author":{"name":"Bigi Alt","@id":"https:\/\/www.sonnenseite.com\/de\/#\/schema\/person\/50fda0e926597684c7cc6695238a4eb9"},"headline":"EU-Energiepolitik: Atomtr\u00e4ume aus Br\u00fcssel","datePublished":"2026-03-12T07:58:30+00:00","dateModified":"2026-03-23T11:46:19+00:00","mainEntityOfPage":{"@id":"https:\/\/www.sonnenseite.com\/de\/politik\/eu-energiepolitik-atomtraeume-aus-bruessel\/"},"wordCount":625,"publisher":{"@id":"https:\/\/www.sonnenseite.com\/de\/#organization"},"image":{"@id":"https:\/\/www.sonnenseite.com\/de\/politik\/eu-energiepolitik-atomtraeume-aus-bruessel\/#primaryimage"},"thumbnailUrl":"https:\/\/www.sonnenseite.com\/wp-content\/uploads\/2026\/03\/Ursula-von-der-Leyen_Ale-Mi.jpg","articleSection":["Politik"],"inLanguage":"de"},{"@type":"WebPage","@id":"https:\/\/www.sonnenseite.com\/de\/politik\/eu-energiepolitik-atomtraeume-aus-bruessel\/","url":"https:\/\/www.sonnenseite.com\/de\/politik\/eu-energiepolitik-atomtraeume-aus-bruessel\/","name":"EU-Energiepolitik: Atomtr\u00e4ume aus Br\u00fcssel - Sonnenseite - \u00d6kologische Kommunikation mit Franz Alt","isPartOf":{"@id":"https:\/\/www.sonnenseite.com\/de\/#website"},"primaryImageOfPage":{"@id":"https:\/\/www.sonnenseite.com\/de\/politik\/eu-energiepolitik-atomtraeume-aus-bruessel\/#primaryimage"},"image":{"@id":"https:\/\/www.sonnenseite.com\/de\/politik\/eu-energiepolitik-atomtraeume-aus-bruessel\/#primaryimage"},"thumbnailUrl":"https:\/\/www.sonnenseite.com\/wp-content\/uploads\/2026\/03\/Ursula-von-der-Leyen_Ale-Mi.jpg","datePublished":"2026-03-12T07:58:30+00:00","dateModified":"2026-03-23T11:46:19+00:00","description":"Die Atomvision der EU-Kommission ist weit von der Realit\u00e4t abgehoben. Ursula von der Leyen sollte sich nicht von Emmanuel Macron f\u00fcr die finanziell","breadcrumb":{"@id":"https:\/\/www.sonnenseite.com\/de\/politik\/eu-energiepolitik-atomtraeume-aus-bruessel\/#breadcrumb"},"inLanguage":"de","potentialAction":[{"@type":"ReadAction","target":["https:\/\/www.sonnenseite.com\/de\/politik\/eu-energiepolitik-atomtraeume-aus-bruessel\/"]}]},{"@type":"ImageObject","inLanguage":"de","@id":"https:\/\/www.sonnenseite.com\/de\/politik\/eu-energiepolitik-atomtraeume-aus-bruessel\/#primaryimage","url":"https:\/\/www.sonnenseite.com\/wp-content\/uploads\/2026\/03\/Ursula-von-der-Leyen_Ale-Mi.jpg","contentUrl":"https:\/\/www.sonnenseite.com\/wp-content\/uploads\/2026\/03\/Ursula-von-der-Leyen_Ale-Mi.jpg","width":770,"height":420,"caption":"Depositphotos.com | Ale-Mi | Ursula von der Leyen wollte Europa eigentlich in eine nachhaltige Zukunft f\u00fchren."},{"@type":"BreadcrumbList","@id":"https:\/\/www.sonnenseite.com\/de\/politik\/eu-energiepolitik-atomtraeume-aus-bruessel\/#breadcrumb","itemListElement":[{"@type":"ListItem","position":1,"name":"Startseite","item":"https:\/\/www.sonnenseite.com\/de\/"},{"@type":"ListItem","position":2,"name":"EU-Energiepolitik: Atomtr\u00e4ume aus Br\u00fcssel"}]},{"@type":"WebSite","@id":"https:\/\/www.sonnenseite.com\/de\/#website","url":"https:\/\/www.sonnenseite.com\/de\/","name":"Sonnenseite","description":"\u00d6kologische Kommunikation mit Franz Alt","publisher":{"@id":"https:\/\/www.sonnenseite.com\/de\/#organization"},"potentialAction":[{"@type":"SearchAction","target":{"@type":"EntryPoint","urlTemplate":"https:\/\/www.sonnenseite.com\/de\/?s={search_term_string}"},"query-input":{"@type":"PropertyValueSpecification","valueRequired":true,"valueName":"search_term_string"}}],"inLanguage":"de"},{"@type":"Organization","@id":"https:\/\/www.sonnenseite.com\/de\/#organization","name":"Sonnenseite","url":"https:\/\/www.sonnenseite.com\/de\/","logo":{"@type":"ImageObject","inLanguage":"de","@id":"https:\/\/www.sonnenseite.com\/de\/#\/schema\/logo\/image\/","url":"https:\/\/www.sonnenseite.com\/wp-content\/uploads\/2020\/05\/Sonnenseite_Logo.png","contentUrl":"https:\/\/www.sonnenseite.com\/wp-content\/uploads\/2020\/05\/Sonnenseite_Logo.png","width":377,"height":90,"caption":"Sonnenseite"},"image":{"@id":"https:\/\/www.sonnenseite.com\/de\/#\/schema\/logo\/image\/"},"sameAs":["https:\/\/www.facebook.com\/pages\/Franz-Alt-SONNENSEITECOM\/221072987903953?fref=ts","https:\/\/x.com\/franzalt","http:\/\/www.youtube.com\/results?search_query&amp;amp;quot;franz_alt&amp;amp;quot;&amp;amp;amp;amp;search_type&amp;amp;amp;amp;aq=f"]},{"@type":"Person","@id":"https:\/\/www.sonnenseite.com\/de\/#\/schema\/person\/50fda0e926597684c7cc6695238a4eb9","name":"Bigi Alt"}]}},"_links":{"self":[{"href":"https:\/\/www.sonnenseite.com\/de\/wp-json\/wp\/v2\/posts\/113245","targetHints":{"allow":["GET"]}}],"collection":[{"href":"https:\/\/www.sonnenseite.com\/de\/wp-json\/wp\/v2\/posts"}],"about":[{"href":"https:\/\/www.sonnenseite.com\/de\/wp-json\/wp\/v2\/types\/post"}],"author":[{"embeddable":true,"href":"https:\/\/www.sonnenseite.com\/de\/wp-json\/wp\/v2\/users\/3"}],"replies":[{"embeddable":true,"href":"https:\/\/www.sonnenseite.com\/de\/wp-json\/wp\/v2\/comments?post=113245"}],"version-history":[{"count":1,"href":"https:\/\/www.sonnenseite.com\/de\/wp-json\/wp\/v2\/posts\/113245\/revisions"}],"predecessor-version":[{"id":113246,"href":"https:\/\/www.sonnenseite.com\/de\/wp-json\/wp\/v2\/posts\/113245\/revisions\/113246"}],"wp:featuredmedia":[{"embeddable":true,"href":"https:\/\/www.sonnenseite.com\/de\/wp-json\/wp\/v2\/media\/113247"}],"wp:attachment":[{"href":"https:\/\/www.sonnenseite.com\/de\/wp-json\/wp\/v2\/media?parent=113245"}],"wp:term":[{"taxonomy":"category","embeddable":true,"href":"https:\/\/www.sonnenseite.com\/de\/wp-json\/wp\/v2\/categories?post=113245"},{"taxonomy":"post_tag","embeddable":true,"href":"https:\/\/www.sonnenseite.com\/de\/wp-json\/wp\/v2\/tags?post=113245"}],"curies":[{"name":"wp","href":"https:\/\/api.w.org\/{rel}","templated":true}]}}