{"id":113292,"date":"2026-03-15T10:11:25","date_gmt":"2026-03-15T09:11:25","guid":{"rendered":"https:\/\/www.sonnenseite.com\/?p=113292"},"modified":"2026-03-15T10:11:26","modified_gmt":"2026-03-15T09:11:26","slug":"treibhausgasdaten-klimaschutz-braucht-neuen-schub","status":"publish","type":"post","link":"https:\/\/www.sonnenseite.com\/de\/umwelt\/treibhausgasdaten-klimaschutz-braucht-neuen-schub\/","title":{"rendered":"Treibhausgasdaten: Klimaschutz braucht neuen Schub"},"content":{"rendered":"\n<p>Emissionen sanken 2025 nur marginal. Klimaziele f\u00fcr 2030 bleiben erreichbar, wenn notwendige Ma\u00dfnahmen umgesetzt werden. Akzeptanz klimafreundlicher Technologien steigt.<\/p>\n\n\n\n<p>Der R\u00fcckgang klimasch\u00e4dlicher Emissionen in Deutschland hat sich verlangsamt. Das zeigen die Emissionsdaten des Umweltbundesamtes (UBA) f\u00fcr das Jahr 2025. Demnach emittierte Deutschland im vergangenen Jahr rund 649 Millionen Tonnen CO\u2082-\u00c4quivalente. Die Emissionen sanken um knapp eine Million Tonnen oder 0,1 Prozent CO\u2082-\u00c4quivalente im Vergleich zu 2024. Damit hat Deutschland seine Treibhausgasemissionen seit 1990 um 48 Prozent reduziert. Der Sektor Energiewirtschaft verzeichnet einen R\u00fcckgang um 0,6 Millionen Tonnen CO\u2082-\u00c4quivalente, der auch auf die erneut gestiegene Stromerzeugung aus erneuerbaren Energien zur\u00fcckzuf\u00fchren ist. In den Sektoren Verkehr und Geb\u00e4ude stiegen die Emissionen im Vergleich zum Vorjahr an. <\/p>\n\n\n\n<p>Gleichzeitig hat sich der deutsche Wald soweit erholt, dass er wieder mehr CO\u2082 aufnimmt, als er emittiert. Insgesamt unterschreiten die Emissionen 2025 die vorgegebene Jahresemissionsgesamtmenge des Klimaschutzgesetzes. Das gesetzliche Ziel, den Aussto\u00df von Treibhausgasen bis 2030 um 65 Prozent gegen\u00fcber 1990 zu reduzieren, bleibt erreichbar, wie die aktuelle <a href=\"https:\/\/www.umweltbundesamt.de\/service\/glossar\/projektion\">Projektion<\/a> der mittelfristigen Treibhausgasentwicklung zeigt. Daf\u00fcr braucht es allerdings zus\u00e4tzliche Klimaschutzma\u00dfnahmen. Ab 2026 m\u00fcssten die Emissionen bis 2030 pro Jahr im Schnitt um 42 Millionen Tonnen CO\u2082-\u00c4quivalente sinken.<\/p>\n\n\n<div class=\"wp-block-image\">\n<figure class=\"aligncenter size-large\"><a href=\"https:\/\/www.sonnenseite.com\/wp-content\/uploads\/2026\/03\/UBA_Treibhausgasemissionen.jpg\"><img loading=\"lazy\" decoding=\"async\" width=\"1024\" height=\"536\" src=\"https:\/\/www.sonnenseite.com\/wp-content\/uploads\/2026\/03\/UBA_Treibhausgasemissionen-1024x536.jpg\" alt=\"\" class=\"wp-image-113293\" srcset=\"https:\/\/www.sonnenseite.com\/wp-content\/uploads\/2026\/03\/UBA_Treibhausgasemissionen-1024x536.jpg 1024w, https:\/\/www.sonnenseite.com\/wp-content\/uploads\/2026\/03\/UBA_Treibhausgasemissionen-300x157.jpg 300w, https:\/\/www.sonnenseite.com\/wp-content\/uploads\/2026\/03\/UBA_Treibhausgasemissionen-768x402.jpg 768w, https:\/\/www.sonnenseite.com\/wp-content\/uploads\/2026\/03\/UBA_Treibhausgasemissionen.jpg 1300w\" sizes=\"auto, (max-width: 1024px) 100vw, 1024px\" \/><\/a><\/figure>\n<\/div>\n\n\n<p>Bundesumweltminister Carsten Schneider: \u201eDeutschland ist auf dem Weg zur Klimaneutralit\u00e4t mit rund 48 Prozent <a href=\"https:\/\/www.umweltbundesamt.de\/service\/glossar\/treibhausgas\">Treibhausgas<\/a>-Reduktion gegen\u00fcber 1990 schon weit vorangekommen. Ohne die Fortschritte der Vergangenheit w\u00e4ren wir heute noch abh\u00e4ngiger von \u00d6l- und Gas-Importen. Der Blick auf das Jahr 2025 zeigt ein gemischtes Bild. Bei den Emissionen waren die Fortschritte zu langsam. Zugleich k\u00f6nnen wir eine gestiegene Akzeptanz f\u00fcr Klimaschutztechnologien feststellen: Die Nachfrage nach Elektroautos und W\u00e4rmepumpen ist 2025 enorm angestiegen. Und es gibt so viele neu genehmigte Windkraft-Projekte wie nie zuvor. Das macht Hoffnung, dass die Fortschritte in den n\u00e4chsten Jahren wieder gr\u00f6\u00dfer werden. Auch der deutsche Wald hat uns 2025 wieder beim Klimaschutz geholfen. Auf diese Entwicklungen wollen wir aufbauen und mit dem Klimaschutzprogramm daf\u00fcr sorgen, dass Deutschland wieder auf Klimakurs kommt. Deutschland hat heute das technologische Werkzeug, um Klimaschutz, wirtschaftliche Dynamik und bessere Lebensbedingungen miteinander zu verbinden. Und was dem Klima nutzt, erh\u00f6ht auch unsere Sicherheit und Wirtschaftskraft. Jede zus\u00e4tzliche Kilowattstunde erneuerbarer Energie macht unser Land unabh\u00e4ngiger von \u00d6l und Gas und unsere Energieversorgung sicherer.\u201c<\/p>\n\n\n\n<p>UBA-Pr\u00e4sident Dirk Messner:\u201eDie Emissions- und Projektionsdaten zeigen, dass sich der Klimaschutz sektor\u00fcbergreifend leicht verlangsamt. Die gute Nachricht: Wir wissen, was zu tun ist, um die nationalen Klimaziele noch zu erreichen und die Weichen daf\u00fcr k\u00f6nnen Ende M\u00e4rz mit dem Klimaschutzprogramm der Bundesregierung gestellt werden. Zentrales Fundament bleibt eine erfolgreiche Energiewende mit einem weiterhin starken Ausbau der erneuerbaren Energien, den daf\u00fcr erforderlichen Speicher- und Netzinfrastrukturen und der Elektrifizierung im Verkehr und in den Geb\u00e4uden sowie ein gezielter Hochlauf der Wasserstoffwirtschaft.\u201c<\/p>\n\n\n\n<p>Insgesamt ist der Aussto\u00df an Treibhausgasen im vergangenen Jahr um 0,9 Mio. Tonnen CO<sub>2<\/sub>-\u00c4quivalente bzw. 0,1 Prozent gegen\u00fcber 2024 gesunken. Damit unterschreiten die kumulierten Emissionen des Jahres 2025 in H\u00f6he von <strong>648,9 Mio. Tonnen CO<sub>2<\/sub>-\u00c4quivalente<\/strong> die nach Klimaschutzgesetz (KSG) angepasste zul\u00e4ssige j\u00e4hrliche Gesamtmenge von 661,6 Mio. Tonnen CO<sub>2<\/sub>-\u00c4quivalente um rund 12,8 Mio. Tonnen CO<sub>2<\/sub>-\u00c4quivalente.<\/p>\n\n\n\n<p>Den 2025 gesunkenen Emissionen im Industriesektor, die mit der aktuell schwachen Konjunktur zusammenh\u00e4ngen (-5,7 Mio. Tonnen CO<sub>2<\/sub>-\u00c4quivalente), stehen fast ebenso gro\u00dfe Anstiege im Verkehrs- (+2,1 Mio. Tonnen CO<sub>2<\/sub>-\u00c4quivalente) und Geb\u00e4udesektor (+3,4 Mio. Tonnen CO<sub>2<\/sub>-\u00c4quivalente) gegen\u00fcber. In den Sektoren Energiewirtschaft (-0,6 Mio. Tonnen CO<sub>2<\/sub>-\u00c4quivalente) und Landwirtschaft (+\/-0 Mio. Tonnen CO<sub>2<\/sub>-\u00c4quivalente) blieben die Emissionen nahezu unver\u00e4ndert.<\/p>\n\n\n\n<h4 class=\"wp-block-heading\">Projektionsdaten: Klimaziel bis 2030 bleibt erreichbar<\/h4>\n\n\n\n<p>Neben den Emissionsdaten 2025 ver\u00f6ffentlicht das UBA mit den Projektionsdaten 2026 die Treibhausgasprojektion f\u00fcr die kommenden Jahre. Die <a href=\"https:\/\/www.umweltbundesamt.de\/service\/glossar\/projektion\">Projektion<\/a> beruht auf bis November 2025 verf\u00fcgbaren Informationen und beinhaltet daher noch keine neuen Ma\u00dfnahmen der aktuellen Bundesregierung und auch nicht die aktuellen \u00d6l- und Gaspreisentwicklungen. Die Projektionsdaten zeigen, dass das Ziel, die Treibhausgasemissionen bis 2030 um 65 Prozent gegen\u00fcber 1990 zu mindern, weiter erreichbar bleibt.<\/p>\n\n\n\n<p>Die bis November 2025 implementierten klimapolitischen Instrumente reichen jedoch nur aus, um die Emissionen bis 2030 um 62,6 Prozent zu reduzieren. Im Zeitraum von 2021 bis 2030 sind die sektor\u00fcbergreifenden Jahresemissionsgesamtmengen nach KSG mit knapp 3,8 Mio. Tonnen CO<sub>2<\/sub>-\u00c4quivalente rechnerisch eingehalten. Im Vergleich mit den Projektionsdaten 2025 ist die sektor\u00fcbergreifende \u00dcbererf\u00fcllung deutlich gesunken und der bislang bestehende Puffer in H\u00f6he von rund 81 Mio. Tonnen CO<sub>2<\/sub>-\u00c4quivalente nahezu aufgebraucht.<\/p>\n\n\n\n<p>Mit Blick auf die Verpflichtungen aus der EU-Klimaschutzverordnung (Effort Sharing Regulation, ESR) vergr\u00f6\u00dfert sich die zwischen 2021 und 2030 kumulierte Gesamtl\u00fccke laut Projektion im Vergleich zum Vorjahr um 29 Mio. Tonnen auf 255 Mio. Tonnen CO<sub>2<\/sub>-\u00c4quivalente. Investitionen, die Geb\u00e4ude und Verkehr in Deutschland aus der Abh\u00e4ngigkeit von fossilen Energien befreien, sind darum besonders dringend, um den Ankauf von Zertifikaten aus anderen EU-Mitgliedstaaten m\u00f6glichst zu vermeiden.&nbsp;<\/p>\n\n\n\n<h4 class=\"wp-block-heading\">Gro\u00dfer Handlungsbedarf in den Sektoren Verkehr und Geb\u00e4ude<\/h4>\n\n\n\n<p>Im Jahr 2025 lagen die Emissionen des<strong> Energiesektors<\/strong> mit rund<strong> 189,1 Mio. Tonnen CO\u2082-\u00c4quivalente&nbsp;<\/strong>um 0,6Mio. Tonnen (-0,3Prozent) niedriger als im Vorjahr. Der Energiesektor ist Dreh- und Angelpunkt der sektor\u00fcbergreifenden Transformation. Zwar ist der Ausbau der Wind- und besonders der Solarenergie 2025 deutlich vorangeschritten, allerdings konnte wegen des windarmen ersten Halbjahrs weniger Windstrom produziert werden als im Vorjahr. Einen Rekord gab es bei den neuen Genehmigungen f\u00fcr Windkraftanlagen mit fast 21 Gigawatt. Zudem konnte die Bundesnetzagentur die Genehmigungsverfahren f\u00fcr 2.000 Kilometer Stromleitungen abschlie\u00dfen.&nbsp;<\/p>\n\n\n\n<p>Der <strong>Verkehrssektor<\/strong> verursachte im Jahr 2025 <strong>146,3 Mio. t CO<sub>2<\/sub>-\u00c4quivalente<\/strong> (+2,1 Mio. Tonnen CO<sub>2<\/sub>-\u00c4quivalente). Zugleich gab es positive Entwicklungen bei der Elektromobilit\u00e4t, die sich zu einem gr\u00f6\u00dferen Trend entwickeln k\u00f6nnten: Inzwischen verf\u00fcgt Deutschland \u00fcber ein gut ausgebautes \u00f6ffentliches Strom-Ladenetz mit mehr als 180.000 Ladepunkten, das weiter deutlich w\u00e4chst. Fast jeder f\u00fcnfte neu zugelassene Pkw war ein rein batterieelektrisches Fahrzeug \u2013 45 Prozent mehr als noch 2024. Diese Dynamik k\u00f6nnte sich in diesem Jahr fortsetzen mit neuen, g\u00fcnstigeren Modellen und der neuen F\u00f6rderung f\u00fcr Elektroautos durch die Bundesregierung.&nbsp;<\/p>\n\n\n\n<p><strong>Im Industriesektor&nbsp;<\/strong>sanken aufgrund der aktuell schwachen Konjunktur im Jahr 2025 die Emissionen der Industrie auf <strong>144,1 Mio. Tonnen CO\u2082-\u00c4quivalente<\/strong>. Das entspricht einem R\u00fcckgang um 5,6 Mio. Tonnen CO\u2082-\u00c4quivalente (-3,8 Prozent) gegen\u00fcber dem Vorjahr. Ein wesentlicher Grund f\u00fcr diese Entwicklung waren geringere Produktionsmengen in energieintensiven Branchen und der sinkende Einsatz fossiler Energietr\u00e4ger. Langfristig wird die Transformation der Industrie vor allem durch folgende Technologien bestimmt: die Elektrifizierung industrieller Prozesse, den Einsatz von gr\u00fcnem Wasserstoff und CO\u2082-arme Produktionsverfahren (z. B. Direktreduktion in der Stahlindustrie). Der Hochlauf dieser Technologien geht noch nicht schnell genug voran.&nbsp;<\/p>\n\n\n\n<p>Im <strong>Geb\u00e4udesektor<\/strong> besteht nach wie vor gro\u00dfer Handlungsbedarf. Die Emissionen lagen 2025 bei <strong>103,4 Mio. Tonnen CO\u2082-\u00c4quivalente<\/strong>, dies entspricht einer Steigerung um 3,4 Mio. Tonnen CO<sub>2<\/sub>-\u00c4quivalente, die vor allem auf die k\u00fchlere <a href=\"https:\/\/www.umweltbundesamt.de\/service\/glossar\/witterung\">Witterung<\/a> in der Heizperiode zur\u00fcckzuf\u00fchren ist. Obwohl das Tempo beim Umstieg auf klimafreundliche Energien noch zu niedrig war, ist eine deutlich gestiegene Akzeptanz f\u00fcr die klimafreundliche W\u00e4rmepumpe festzustellen: So hat die W\u00e4rmepumpe 2025 die Gasheizung als meistverkaufte Heizungsart \u00fcberholt und wurde 299.000-mal verkauft \u2013 55 Prozent mehr als im Vorjahr. Technologische Fortschritte, sinkende Betriebskosten und steigende Installationskapazit\u00e4ten im Handwerk treiben diese Entwicklung.<\/p>\n\n\n\n<p>Die Sektoren<strong> Landwirtschaft<\/strong> und <strong>Abfallwirtschaft<\/strong> weisen nur geringe Ver\u00e4nderungen gegen\u00fcber dem Jahr 2024 auf.<\/p>\n\n\n\n<h4 class=\"wp-block-heading\">Wald wird wieder zu Nettosenke f\u00fcr Treibhausgase<\/h4>\n\n\n\n<p>Der <strong>Sektor <a href=\"https:\/\/www.umweltbundesamt.de\/service\/glossar\/landnutzung\">Landnutzung<\/a>, <a href=\"https:\/\/www.umweltbundesamt.de\/service\/glossar\/landnutzungsaenderung\">Landnutzungs\u00e4nderung<\/a> und Forstwirtschaft (<a href=\"https:\/\/www.umweltbundesamt.de\/service\/glossar\/lulucf\">LULUCF<\/a>)<\/strong> verursachte 2025 Nettoemissionen von insgesamt <strong>26,9 Mio. Tonnen CO<sub>2<\/sub>-\u00c4quivalente<\/strong> (Vorjahr: 57,6 Mio. Tonnen CO<sub>2<\/sub>-\u00c4quivalente) und bleibt damit weiterhin eine bedeutende Nettoquelle f\u00fcr Treibhausgase. Die aktuellen Emissionsdaten zeigen jedoch, dass sich der deutsche Wald nach den Trockenjahren zwischen 2018 und 2023 wieder etwas erholt hat und 2025 mehr CO<sub>2<\/sub> aufnehmen kann, als er ausst\u00f6\u00dft (Nettosenke). Im vergangenen Jahr hat der Wald demnach 19,3 Mio. t CO<sub>2<\/sub>-\u00c4quivalente mehr aufgenommen als er emittierte. Die Projektionsdaten zeigen aber wie im Vorjahr, dass zus\u00e4tzliche Ma\u00dfnahmen n\u00f6tig sind, um die vorgesehenen Senkenziele f\u00fcr 2030, 2040 und 2045 einzuhalten. Dabei k\u00f6nnten auch technische negative Emissionen eine Rolle spielen.<\/p>\n\n\n\n<p>Sektor\u00fcbergreifend und langfristig werden auch in den kommenden Jahren und Jahrzehnten weitere Ma\u00dfnahmenpakete erforderlich sein, um den Umbau der Volkswirtschaft zur Klimaneutralit\u00e4t erfolgreich zu vollenden. Auf Grundlage der bereits umgesetzten Ma\u00dfnahmen wird bis zum Jahr 2040 eine Minderung um rund 80 Prozent gegen\u00fcber 1990 und bis zum Jahr 2045 um rund 83\u00a0Prozent erreicht.\u00a0<\/p>\n\n\n\n<ul class=\"wp-block-list\">\n<li><a href=\"https:\/\/www.umweltbundesamt.de\/dokument\/emissionsdaten-2025-projektionsdaten-2026\">UBA-Pressehintergrundinformationen Emissionsdaten 2025 und Projektionsdaten 2026<\/a><\/li>\n\n\n\n<li><a href=\"https:\/\/www.bundesumweltministerium.de\/DL3480\">BMUKN-Pressehintergrundinformationen Emissionen und Technologietrends<\/a><\/li>\n\n\n\n<li><a href=\"https:\/\/www.umweltbundesamt.de\/publikationen\/treibhausgas-projektionen-2026-ergebnisse-kompakt\">UBA-Kurzpapier zu den aktuellen Projektionsdaten \u201eTreibhausgas-Projektionen 202\u2026<\/a><\/li>\n\n\n\n<li><a href=\"https:\/\/datacube.uba.de\/vis?df%5Bds%5D=ds-dc-release&amp;df%5Bid%5D=DF_CLIMATE_EMISSIONS_GHG_TRENDS_KSG&amp;df%5Bag%5D=UBA\">Emissionsdaten im UBA-DataCube<\/a><\/li>\n\n\n\n<li><a href=\"https:\/\/datacube.uba.de\/vis?lc=de&amp;df%5Bds%5D=dc-release&amp;df%5Bid%5D=DF_CROSS_PROJECTION_REPORT_CORE_INDICATORS_26&amp;df%5Bag%5D=UBA\">Projektionsdaten UBA-DataCube<\/a><\/li>\n\n\n\n<li><a href=\"https:\/\/www.umweltbundesamt.de\/galerie\/projektionsdaten-2026-0\">Infografiken des UBA zum Download<\/a><\/li>\n<\/ul>\n\n\n<h5 class=\"green\">Quelle<\/h5>\r\n\n\n\n<p><a href=\"https:\/\/www.umweltbundesamt.de\/presse\/pressemitteilungen\/treibhausgasdaten-zeigen-klimaschutz-braucht-neuen\">Umweltbundesamt 2026<\/a><\/p>\n<div class=\"shariff shariff-align-flex-start shariff-widget-align-flex-start\"><div class=\"ShariffHeadline\">Diese Meldung teilen<\/div><ul class=\"shariff-buttons theme-round orientation-horizontal buttonsize-medium\"><li class=\"shariff-button facebook shariff-nocustomcolor\" style=\"background-color:#4273c8;border-radius:1%\"><a href=\"https:\/\/www.facebook.com\/sharer\/sharer.php?u=https%3A%2F%2Fwww.sonnenseite.com%2Fde%2Fumwelt%2Ftreibhausgasdaten-klimaschutz-braucht-neuen-schub%2F\" title=\"Bei Facebook teilen\" aria-label=\"Bei Facebook teilen\" role=\"button\" rel=\"nofollow\" class=\"shariff-link\" style=\";border-radius:1%; background-color:#3b5998; color:#fff\" target=\"_blank\"><span class=\"shariff-icon\" style=\"\"><svg width=\"32px\" height=\"20px\" xmlns=\"http:\/\/www.w3.org\/2000\/svg\" viewBox=\"0 0 18 32\"><path fill=\"#3b5998\" d=\"M17.1 0.2v4.7h-2.8q-1.5 0-2.1 0.6t-0.5 1.9v3.4h5.2l-0.7 5.3h-4.5v13.6h-5.5v-13.6h-4.5v-5.3h4.5v-3.9q0-3.3 1.9-5.2t5-1.8q2.6 0 4.1 0.2z\"\/><\/svg><\/span><\/a><\/li><li class=\"shariff-button twitter shariff-nocustomcolor\" style=\"background-color:#595959;border-radius:1%\"><a href=\"https:\/\/twitter.com\/share?url=https%3A%2F%2Fwww.sonnenseite.com%2Fde%2Fumwelt%2Ftreibhausgasdaten-klimaschutz-braucht-neuen-schub%2F&text=Treibhausgasdaten%3A%20Klimaschutz%20braucht%20neuen%20Schub\" title=\"Bei X teilen\" aria-label=\"Bei X teilen\" role=\"button\" rel=\"noopener nofollow\" class=\"shariff-link\" style=\";border-radius:1%; background-color:#000; color:#fff\" target=\"_blank\"><span class=\"shariff-icon\" style=\"\"><svg width=\"32px\" height=\"20px\" xmlns=\"http:\/\/www.w3.org\/2000\/svg\" viewBox=\"0 0 24 24\"><path fill=\"#000\" d=\"M14.258 10.152L23.176 0h-2.113l-7.747 8.813L7.133 0H0l9.352 13.328L0 23.973h2.113l8.176-9.309 6.531 9.309h7.133zm-2.895 3.293l-.949-1.328L2.875 1.56h3.246l6.086 8.523.945 1.328 7.91 11.078h-3.246zm0 0\"\/><\/svg><\/span><\/a><\/li><li class=\"shariff-button xing shariff-nocustomcolor\" style=\"background-color:#29888a;border-radius:1%\"><a href=\"https:\/\/www.xing.com\/spi\/shares\/new?url=https%3A%2F%2Fwww.sonnenseite.com%2Fde%2Fumwelt%2Ftreibhausgasdaten-klimaschutz-braucht-neuen-schub%2F\" title=\"Bei XING teilen\" aria-label=\"Bei XING teilen\" role=\"button\" rel=\"noopener nofollow\" class=\"shariff-link\" style=\";border-radius:1%; background-color:#126567; color:#fff\" target=\"_blank\"><span class=\"shariff-icon\" style=\"\"><svg width=\"32px\" height=\"20px\" xmlns=\"http:\/\/www.w3.org\/2000\/svg\" viewBox=\"0 0 25 32\"><path fill=\"#126567\" d=\"M10.7 11.9q-0.2 0.3-4.6 8.2-0.5 0.8-1.2 0.8h-4.3q-0.4 0-0.5-0.3t0-0.6l4.5-8q0 0 0 0l-2.9-5q-0.2-0.4 0-0.7 0.2-0.3 0.5-0.3h4.3q0.7 0 1.2 0.8zM25.1 0.4q0.2 0.3 0 0.7l-9.4 16.7 6 11q0.2 0.4 0 0.6-0.2 0.3-0.6 0.3h-4.3q-0.7 0-1.2-0.8l-6-11.1q0.3-0.6 9.5-16.8 0.4-0.8 1.2-0.8h4.3q0.4 0 0.5 0.3z\"\/><\/svg><\/span><\/a><\/li><li class=\"shariff-button linkedin shariff-nocustomcolor\" style=\"background-color:#1488bf;border-radius:1%\"><a href=\"https:\/\/www.linkedin.com\/sharing\/share-offsite\/?url=https%3A%2F%2Fwww.sonnenseite.com%2Fde%2Fumwelt%2Ftreibhausgasdaten-klimaschutz-braucht-neuen-schub%2F\" title=\"Bei LinkedIn teilen\" aria-label=\"Bei LinkedIn teilen\" role=\"button\" rel=\"noopener nofollow\" class=\"shariff-link\" style=\";border-radius:1%; background-color:#0077b5; color:#fff\" target=\"_blank\"><span class=\"shariff-icon\" style=\"\"><svg width=\"32px\" height=\"20px\" xmlns=\"http:\/\/www.w3.org\/2000\/svg\" viewBox=\"0 0 27 32\"><path fill=\"#0077b5\" d=\"M6.2 11.2v17.7h-5.9v-17.7h5.9zM6.6 5.7q0 1.3-0.9 2.2t-2.4 0.9h0q-1.5 0-2.4-0.9t-0.9-2.2 0.9-2.2 2.4-0.9 2.4 0.9 0.9 2.2zM27.4 18.7v10.1h-5.9v-9.5q0-1.9-0.7-2.9t-2.3-1.1q-1.1 0-1.9 0.6t-1.2 1.5q-0.2 0.5-0.2 1.4v9.9h-5.9q0-7.1 0-11.6t0-5.3l0-0.9h5.9v2.6h0q0.4-0.6 0.7-1t1-0.9 1.6-0.8 2-0.3q3 0 4.9 2t1.9 6z\"\/><\/svg><\/span><\/a><\/li><li class=\"shariff-button printer shariff-nocustomcolor\" style=\"background-color:#a8a8a8;border-radius:1%\"><a href=\"javascript:window.print()\" title=\"drucken\" aria-label=\"drucken\" role=\"button\" rel=\"noopener nofollow\" class=\"shariff-link\" style=\";border-radius:1%; background-color:#999; color:#fff\"><span class=\"shariff-icon\" style=\"\"><svg width=\"32px\" height=\"20px\" xmlns=\"http:\/\/www.w3.org\/2000\/svg\" viewBox=\"0 0 30 32\"><path fill=\"#999\" d=\"M6.8 27.4h16v-4.6h-16v4.6zM6.8 16h16v-6.8h-2.8q-0.7 0-1.2-0.5t-0.5-1.2v-2.8h-11.4v11.4zM27.4 17.2q0-0.5-0.3-0.8t-0.8-0.4-0.8 0.4-0.3 0.8 0.3 0.8 0.8 0.3 0.8-0.3 0.3-0.8zM29.7 17.2v7.4q0 0.2-0.2 0.4t-0.4 0.2h-4v2.8q0 0.7-0.5 1.2t-1.2 0.5h-17.2q-0.7 0-1.2-0.5t-0.5-1.2v-2.8h-4q-0.2 0-0.4-0.2t-0.2-0.4v-7.4q0-1.4 1-2.4t2.4-1h1.2v-9.7q0-0.7 0.5-1.2t1.2-0.5h12q0.7 0 1.6 0.4t1.3 0.8l2.7 2.7q0.5 0.5 0.9 1.4t0.4 1.6v4.6h1.1q1.4 0 2.4 1t1 2.4z\"\/><\/svg><\/span><\/a><\/li><li class=\"shariff-button mailto shariff-nocustomcolor\" style=\"background-color:#a8a8a8;border-radius:1%\"><a href=\"mailto:?body=https%3A%2F%2Fwww.sonnenseite.com%2Fde%2Fumwelt%2Ftreibhausgasdaten-klimaschutz-braucht-neuen-schub%2F&subject=Treibhausgasdaten%3A%20Klimaschutz%20braucht%20neuen%20Schub\" title=\"Per E-Mail versenden\" aria-label=\"Per E-Mail versenden\" role=\"button\" rel=\"noopener nofollow\" class=\"shariff-link\" style=\";border-radius:1%; background-color:#999; color:#fff\"><span class=\"shariff-icon\" style=\"\"><svg width=\"32px\" height=\"20px\" xmlns=\"http:\/\/www.w3.org\/2000\/svg\" viewBox=\"0 0 32 32\"><path fill=\"#999\" d=\"M32 12.7v14.2q0 1.2-0.8 2t-2 0.9h-26.3q-1.2 0-2-0.9t-0.8-2v-14.2q0.8 0.9 1.8 1.6 6.5 4.4 8.9 6.1 1 0.8 1.6 1.2t1.7 0.9 2 0.4h0.1q0.9 0 2-0.4t1.7-0.9 1.6-1.2q3-2.2 8.9-6.1 1-0.7 1.8-1.6zM32 7.4q0 1.4-0.9 2.7t-2.2 2.2q-6.7 4.7-8.4 5.8-0.2 0.1-0.7 0.5t-1 0.7-0.9 0.6-1.1 0.5-0.9 0.2h-0.1q-0.4 0-0.9-0.2t-1.1-0.5-0.9-0.6-1-0.7-0.7-0.5q-1.6-1.1-4.7-3.2t-3.6-2.6q-1.1-0.7-2.1-2t-1-2.5q0-1.4 0.7-2.3t2.1-0.9h26.3q1.2 0 2 0.8t0.9 2z\"\/><\/svg><\/span><\/a><\/li><\/ul><\/div>","protected":false},"excerpt":{"rendered":"<p>Emissionen sanken 2025 nur marginal. Klimaziele f\u00fcr 2030 bleiben erreichbar, wenn notwendige Ma\u00dfnahmen umgesetzt werden. Akzeptanz [&hellip;]<\/p>\n","protected":false},"author":3,"featured_media":31573,"comment_status":"closed","ping_status":"closed","sticky":false,"template":"","format":"standard","meta":{"inline_featured_image":false,"footnotes":""},"categories":[23],"tags":[],"class_list":["post-113292","post","type-post","status-publish","format-standard","has-post-thumbnail","hentry","category-umwelt"],"yoast_head":"<!-- This site is optimized with the Yoast SEO plugin v26.5 - https:\/\/yoast.com\/wordpress\/plugins\/seo\/ -->\n<title>Treibhausgasdaten: Klimaschutz braucht neuen Schub - Sonnenseite - \u00d6kologische Kommunikation mit Franz Alt<\/title>\n<meta name=\"description\" content=\"Emissionen sanken 2025 nur marginal. Klimaziele f\u00fcr 2030 bleiben erreichbar, wenn notwendige Ma\u00dfnahmen umgesetzt werden. Akzeptanz klimafreundlicher\" \/>\n<meta name=\"robots\" content=\"index, follow, max-snippet:-1, max-image-preview:large, max-video-preview:-1\" \/>\n<link rel=\"canonical\" href=\"https:\/\/www.sonnenseite.com\/de\/umwelt\/treibhausgasdaten-klimaschutz-braucht-neuen-schub\/\" \/>\n<meta property=\"og:locale\" content=\"de_DE\" \/>\n<meta property=\"og:type\" content=\"article\" \/>\n<meta property=\"og:title\" content=\"Treibhausgasdaten: Klimaschutz braucht neuen Schub - Sonnenseite - \u00d6kologische Kommunikation mit Franz Alt\" \/>\n<meta property=\"og:description\" content=\"Emissionen sanken 2025 nur marginal. Klimaziele f\u00fcr 2030 bleiben erreichbar, wenn notwendige Ma\u00dfnahmen umgesetzt werden. Akzeptanz klimafreundlicher\" \/>\n<meta property=\"og:url\" content=\"https:\/\/www.sonnenseite.com\/de\/umwelt\/treibhausgasdaten-klimaschutz-braucht-neuen-schub\/\" \/>\n<meta property=\"og:site_name\" content=\"Sonnenseite\" \/>\n<meta property=\"article:publisher\" content=\"https:\/\/www.facebook.com\/pages\/Franz-Alt-SONNENSEITECOM\/221072987903953?fref=ts\" \/>\n<meta property=\"article:published_time\" content=\"2026-03-15T09:11:25+00:00\" \/>\n<meta property=\"article:modified_time\" content=\"2026-03-15T09:11:26+00:00\" \/>\n<meta property=\"og:image\" content=\"https:\/\/www.sonnenseite.com\/wp-content\/uploads\/2016\/12\/Industrie_Foto-Rabe.jpg\" \/>\n\t<meta property=\"og:image:width\" content=\"770\" \/>\n\t<meta property=\"og:image:height\" content=\"420\" \/>\n\t<meta property=\"og:image:type\" content=\"image\/jpeg\" \/>\n<meta name=\"author\" content=\"Bigi Alt\" \/>\n<meta name=\"twitter:card\" content=\"summary_large_image\" \/>\n<meta name=\"twitter:creator\" content=\"@franzalt\" \/>\n<meta name=\"twitter:site\" content=\"@franzalt\" \/>\n<meta name=\"twitter:label1\" content=\"Verfasst von\" \/>\n\t<meta name=\"twitter:data1\" content=\"Bigi Alt\" \/>\n\t<meta name=\"twitter:label2\" content=\"Gesch\u00e4tzte Lesezeit\" \/>\n\t<meta name=\"twitter:data2\" content=\"8\u00a0Minuten\" \/>\n<script type=\"application\/ld+json\" class=\"yoast-schema-graph\">{\"@context\":\"https:\/\/schema.org\",\"@graph\":[{\"@type\":\"Article\",\"@id\":\"https:\/\/www.sonnenseite.com\/de\/umwelt\/treibhausgasdaten-klimaschutz-braucht-neuen-schub\/#article\",\"isPartOf\":{\"@id\":\"https:\/\/www.sonnenseite.com\/de\/umwelt\/treibhausgasdaten-klimaschutz-braucht-neuen-schub\/\"},\"author\":{\"name\":\"Bigi Alt\",\"@id\":\"https:\/\/www.sonnenseite.com\/de\/#\/schema\/person\/50fda0e926597684c7cc6695238a4eb9\"},\"headline\":\"Treibhausgasdaten: Klimaschutz braucht neuen Schub\",\"datePublished\":\"2026-03-15T09:11:25+00:00\",\"dateModified\":\"2026-03-15T09:11:26+00:00\",\"mainEntityOfPage\":{\"@id\":\"https:\/\/www.sonnenseite.com\/de\/umwelt\/treibhausgasdaten-klimaschutz-braucht-neuen-schub\/\"},\"wordCount\":1402,\"publisher\":{\"@id\":\"https:\/\/www.sonnenseite.com\/de\/#organization\"},\"image\":{\"@id\":\"https:\/\/www.sonnenseite.com\/de\/umwelt\/treibhausgasdaten-klimaschutz-braucht-neuen-schub\/#primaryimage\"},\"thumbnailUrl\":\"https:\/\/www.sonnenseite.com\/wp-content\/uploads\/2016\/12\/Industrie_Foto-Rabe.jpg\",\"articleSection\":[\"Umwelt\"],\"inLanguage\":\"de\"},{\"@type\":\"WebPage\",\"@id\":\"https:\/\/www.sonnenseite.com\/de\/umwelt\/treibhausgasdaten-klimaschutz-braucht-neuen-schub\/\",\"url\":\"https:\/\/www.sonnenseite.com\/de\/umwelt\/treibhausgasdaten-klimaschutz-braucht-neuen-schub\/\",\"name\":\"Treibhausgasdaten: Klimaschutz braucht neuen Schub - Sonnenseite - \u00d6kologische Kommunikation mit Franz Alt\",\"isPartOf\":{\"@id\":\"https:\/\/www.sonnenseite.com\/de\/#website\"},\"primaryImageOfPage\":{\"@id\":\"https:\/\/www.sonnenseite.com\/de\/umwelt\/treibhausgasdaten-klimaschutz-braucht-neuen-schub\/#primaryimage\"},\"image\":{\"@id\":\"https:\/\/www.sonnenseite.com\/de\/umwelt\/treibhausgasdaten-klimaschutz-braucht-neuen-schub\/#primaryimage\"},\"thumbnailUrl\":\"https:\/\/www.sonnenseite.com\/wp-content\/uploads\/2016\/12\/Industrie_Foto-Rabe.jpg\",\"datePublished\":\"2026-03-15T09:11:25+00:00\",\"dateModified\":\"2026-03-15T09:11:26+00:00\",\"description\":\"Emissionen sanken 2025 nur marginal. Klimaziele f\u00fcr 2030 bleiben erreichbar, wenn notwendige Ma\u00dfnahmen umgesetzt werden. Akzeptanz klimafreundlicher\",\"breadcrumb\":{\"@id\":\"https:\/\/www.sonnenseite.com\/de\/umwelt\/treibhausgasdaten-klimaschutz-braucht-neuen-schub\/#breadcrumb\"},\"inLanguage\":\"de\",\"potentialAction\":[{\"@type\":\"ReadAction\",\"target\":[\"https:\/\/www.sonnenseite.com\/de\/umwelt\/treibhausgasdaten-klimaschutz-braucht-neuen-schub\/\"]}]},{\"@type\":\"ImageObject\",\"inLanguage\":\"de\",\"@id\":\"https:\/\/www.sonnenseite.com\/de\/umwelt\/treibhausgasdaten-klimaschutz-braucht-neuen-schub\/#primaryimage\",\"url\":\"https:\/\/www.sonnenseite.com\/wp-content\/uploads\/2016\/12\/Industrie_Foto-Rabe.jpg\",\"contentUrl\":\"https:\/\/www.sonnenseite.com\/wp-content\/uploads\/2016\/12\/Industrie_Foto-Rabe.jpg\",\"width\":770,\"height\":420,\"caption\":\"pixabay.com | Foto-Rabe | Die Treibhausgasemissionen in Deutschland sanken im Jahr 2025 nur marginal.\"},{\"@type\":\"BreadcrumbList\",\"@id\":\"https:\/\/www.sonnenseite.com\/de\/umwelt\/treibhausgasdaten-klimaschutz-braucht-neuen-schub\/#breadcrumb\",\"itemListElement\":[{\"@type\":\"ListItem\",\"position\":1,\"name\":\"Startseite\",\"item\":\"https:\/\/www.sonnenseite.com\/de\/\"},{\"@type\":\"ListItem\",\"position\":2,\"name\":\"Treibhausgasdaten: Klimaschutz braucht neuen Schub\"}]},{\"@type\":\"WebSite\",\"@id\":\"https:\/\/www.sonnenseite.com\/de\/#website\",\"url\":\"https:\/\/www.sonnenseite.com\/de\/\",\"name\":\"Sonnenseite\",\"description\":\"\u00d6kologische Kommunikation mit Franz Alt\",\"publisher\":{\"@id\":\"https:\/\/www.sonnenseite.com\/de\/#organization\"},\"potentialAction\":[{\"@type\":\"SearchAction\",\"target\":{\"@type\":\"EntryPoint\",\"urlTemplate\":\"https:\/\/www.sonnenseite.com\/de\/?s={search_term_string}\"},\"query-input\":{\"@type\":\"PropertyValueSpecification\",\"valueRequired\":true,\"valueName\":\"search_term_string\"}}],\"inLanguage\":\"de\"},{\"@type\":\"Organization\",\"@id\":\"https:\/\/www.sonnenseite.com\/de\/#organization\",\"name\":\"Sonnenseite\",\"url\":\"https:\/\/www.sonnenseite.com\/de\/\",\"logo\":{\"@type\":\"ImageObject\",\"inLanguage\":\"de\",\"@id\":\"https:\/\/www.sonnenseite.com\/de\/#\/schema\/logo\/image\/\",\"url\":\"https:\/\/www.sonnenseite.com\/wp-content\/uploads\/2020\/05\/Sonnenseite_Logo.png\",\"contentUrl\":\"https:\/\/www.sonnenseite.com\/wp-content\/uploads\/2020\/05\/Sonnenseite_Logo.png\",\"width\":377,\"height\":90,\"caption\":\"Sonnenseite\"},\"image\":{\"@id\":\"https:\/\/www.sonnenseite.com\/de\/#\/schema\/logo\/image\/\"},\"sameAs\":[\"https:\/\/www.facebook.com\/pages\/Franz-Alt-SONNENSEITECOM\/221072987903953?fref=ts\",\"https:\/\/x.com\/franzalt\",\"http:\/\/www.youtube.com\/results?search_query&amp;amp;quot;franz_alt&amp;amp;quot;&amp;amp;amp;amp;search_type&amp;amp;amp;amp;aq=f\"]},{\"@type\":\"Person\",\"@id\":\"https:\/\/www.sonnenseite.com\/de\/#\/schema\/person\/50fda0e926597684c7cc6695238a4eb9\",\"name\":\"Bigi Alt\"}]}<\/script>\n<!-- \/ Yoast SEO plugin. -->","yoast_head_json":{"title":"Treibhausgasdaten: Klimaschutz braucht neuen Schub - Sonnenseite - \u00d6kologische Kommunikation mit Franz Alt","description":"Emissionen sanken 2025 nur marginal. Klimaziele f\u00fcr 2030 bleiben erreichbar, wenn notwendige Ma\u00dfnahmen umgesetzt werden. Akzeptanz klimafreundlicher","robots":{"index":"index","follow":"follow","max-snippet":"max-snippet:-1","max-image-preview":"max-image-preview:large","max-video-preview":"max-video-preview:-1"},"canonical":"https:\/\/www.sonnenseite.com\/de\/umwelt\/treibhausgasdaten-klimaschutz-braucht-neuen-schub\/","og_locale":"de_DE","og_type":"article","og_title":"Treibhausgasdaten: Klimaschutz braucht neuen Schub - Sonnenseite - \u00d6kologische Kommunikation mit Franz Alt","og_description":"Emissionen sanken 2025 nur marginal. Klimaziele f\u00fcr 2030 bleiben erreichbar, wenn notwendige Ma\u00dfnahmen umgesetzt werden. Akzeptanz klimafreundlicher","og_url":"https:\/\/www.sonnenseite.com\/de\/umwelt\/treibhausgasdaten-klimaschutz-braucht-neuen-schub\/","og_site_name":"Sonnenseite","article_publisher":"https:\/\/www.facebook.com\/pages\/Franz-Alt-SONNENSEITECOM\/221072987903953?fref=ts","article_published_time":"2026-03-15T09:11:25+00:00","article_modified_time":"2026-03-15T09:11:26+00:00","og_image":[{"width":770,"height":420,"url":"https:\/\/www.sonnenseite.com\/wp-content\/uploads\/2016\/12\/Industrie_Foto-Rabe.jpg","type":"image\/jpeg"}],"author":"Bigi Alt","twitter_card":"summary_large_image","twitter_creator":"@franzalt","twitter_site":"@franzalt","twitter_misc":{"Verfasst von":"Bigi Alt","Gesch\u00e4tzte Lesezeit":"8\u00a0Minuten"},"schema":{"@context":"https:\/\/schema.org","@graph":[{"@type":"Article","@id":"https:\/\/www.sonnenseite.com\/de\/umwelt\/treibhausgasdaten-klimaschutz-braucht-neuen-schub\/#article","isPartOf":{"@id":"https:\/\/www.sonnenseite.com\/de\/umwelt\/treibhausgasdaten-klimaschutz-braucht-neuen-schub\/"},"author":{"name":"Bigi Alt","@id":"https:\/\/www.sonnenseite.com\/de\/#\/schema\/person\/50fda0e926597684c7cc6695238a4eb9"},"headline":"Treibhausgasdaten: Klimaschutz braucht neuen Schub","datePublished":"2026-03-15T09:11:25+00:00","dateModified":"2026-03-15T09:11:26+00:00","mainEntityOfPage":{"@id":"https:\/\/www.sonnenseite.com\/de\/umwelt\/treibhausgasdaten-klimaschutz-braucht-neuen-schub\/"},"wordCount":1402,"publisher":{"@id":"https:\/\/www.sonnenseite.com\/de\/#organization"},"image":{"@id":"https:\/\/www.sonnenseite.com\/de\/umwelt\/treibhausgasdaten-klimaschutz-braucht-neuen-schub\/#primaryimage"},"thumbnailUrl":"https:\/\/www.sonnenseite.com\/wp-content\/uploads\/2016\/12\/Industrie_Foto-Rabe.jpg","articleSection":["Umwelt"],"inLanguage":"de"},{"@type":"WebPage","@id":"https:\/\/www.sonnenseite.com\/de\/umwelt\/treibhausgasdaten-klimaschutz-braucht-neuen-schub\/","url":"https:\/\/www.sonnenseite.com\/de\/umwelt\/treibhausgasdaten-klimaschutz-braucht-neuen-schub\/","name":"Treibhausgasdaten: Klimaschutz braucht neuen Schub - Sonnenseite - \u00d6kologische Kommunikation mit Franz Alt","isPartOf":{"@id":"https:\/\/www.sonnenseite.com\/de\/#website"},"primaryImageOfPage":{"@id":"https:\/\/www.sonnenseite.com\/de\/umwelt\/treibhausgasdaten-klimaschutz-braucht-neuen-schub\/#primaryimage"},"image":{"@id":"https:\/\/www.sonnenseite.com\/de\/umwelt\/treibhausgasdaten-klimaschutz-braucht-neuen-schub\/#primaryimage"},"thumbnailUrl":"https:\/\/www.sonnenseite.com\/wp-content\/uploads\/2016\/12\/Industrie_Foto-Rabe.jpg","datePublished":"2026-03-15T09:11:25+00:00","dateModified":"2026-03-15T09:11:26+00:00","description":"Emissionen sanken 2025 nur marginal. Klimaziele f\u00fcr 2030 bleiben erreichbar, wenn notwendige Ma\u00dfnahmen umgesetzt werden. Akzeptanz klimafreundlicher","breadcrumb":{"@id":"https:\/\/www.sonnenseite.com\/de\/umwelt\/treibhausgasdaten-klimaschutz-braucht-neuen-schub\/#breadcrumb"},"inLanguage":"de","potentialAction":[{"@type":"ReadAction","target":["https:\/\/www.sonnenseite.com\/de\/umwelt\/treibhausgasdaten-klimaschutz-braucht-neuen-schub\/"]}]},{"@type":"ImageObject","inLanguage":"de","@id":"https:\/\/www.sonnenseite.com\/de\/umwelt\/treibhausgasdaten-klimaschutz-braucht-neuen-schub\/#primaryimage","url":"https:\/\/www.sonnenseite.com\/wp-content\/uploads\/2016\/12\/Industrie_Foto-Rabe.jpg","contentUrl":"https:\/\/www.sonnenseite.com\/wp-content\/uploads\/2016\/12\/Industrie_Foto-Rabe.jpg","width":770,"height":420,"caption":"pixabay.com | Foto-Rabe | Die Treibhausgasemissionen in Deutschland sanken im Jahr 2025 nur marginal."},{"@type":"BreadcrumbList","@id":"https:\/\/www.sonnenseite.com\/de\/umwelt\/treibhausgasdaten-klimaschutz-braucht-neuen-schub\/#breadcrumb","itemListElement":[{"@type":"ListItem","position":1,"name":"Startseite","item":"https:\/\/www.sonnenseite.com\/de\/"},{"@type":"ListItem","position":2,"name":"Treibhausgasdaten: Klimaschutz braucht neuen Schub"}]},{"@type":"WebSite","@id":"https:\/\/www.sonnenseite.com\/de\/#website","url":"https:\/\/www.sonnenseite.com\/de\/","name":"Sonnenseite","description":"\u00d6kologische Kommunikation mit Franz Alt","publisher":{"@id":"https:\/\/www.sonnenseite.com\/de\/#organization"},"potentialAction":[{"@type":"SearchAction","target":{"@type":"EntryPoint","urlTemplate":"https:\/\/www.sonnenseite.com\/de\/?s={search_term_string}"},"query-input":{"@type":"PropertyValueSpecification","valueRequired":true,"valueName":"search_term_string"}}],"inLanguage":"de"},{"@type":"Organization","@id":"https:\/\/www.sonnenseite.com\/de\/#organization","name":"Sonnenseite","url":"https:\/\/www.sonnenseite.com\/de\/","logo":{"@type":"ImageObject","inLanguage":"de","@id":"https:\/\/www.sonnenseite.com\/de\/#\/schema\/logo\/image\/","url":"https:\/\/www.sonnenseite.com\/wp-content\/uploads\/2020\/05\/Sonnenseite_Logo.png","contentUrl":"https:\/\/www.sonnenseite.com\/wp-content\/uploads\/2020\/05\/Sonnenseite_Logo.png","width":377,"height":90,"caption":"Sonnenseite"},"image":{"@id":"https:\/\/www.sonnenseite.com\/de\/#\/schema\/logo\/image\/"},"sameAs":["https:\/\/www.facebook.com\/pages\/Franz-Alt-SONNENSEITECOM\/221072987903953?fref=ts","https:\/\/x.com\/franzalt","http:\/\/www.youtube.com\/results?search_query&amp;amp;quot;franz_alt&amp;amp;quot;&amp;amp;amp;amp;search_type&amp;amp;amp;amp;aq=f"]},{"@type":"Person","@id":"https:\/\/www.sonnenseite.com\/de\/#\/schema\/person\/50fda0e926597684c7cc6695238a4eb9","name":"Bigi Alt"}]}},"_links":{"self":[{"href":"https:\/\/www.sonnenseite.com\/de\/wp-json\/wp\/v2\/posts\/113292","targetHints":{"allow":["GET"]}}],"collection":[{"href":"https:\/\/www.sonnenseite.com\/de\/wp-json\/wp\/v2\/posts"}],"about":[{"href":"https:\/\/www.sonnenseite.com\/de\/wp-json\/wp\/v2\/types\/post"}],"author":[{"embeddable":true,"href":"https:\/\/www.sonnenseite.com\/de\/wp-json\/wp\/v2\/users\/3"}],"replies":[{"embeddable":true,"href":"https:\/\/www.sonnenseite.com\/de\/wp-json\/wp\/v2\/comments?post=113292"}],"version-history":[{"count":1,"href":"https:\/\/www.sonnenseite.com\/de\/wp-json\/wp\/v2\/posts\/113292\/revisions"}],"predecessor-version":[{"id":113295,"href":"https:\/\/www.sonnenseite.com\/de\/wp-json\/wp\/v2\/posts\/113292\/revisions\/113295"}],"wp:featuredmedia":[{"embeddable":true,"href":"https:\/\/www.sonnenseite.com\/de\/wp-json\/wp\/v2\/media\/31573"}],"wp:attachment":[{"href":"https:\/\/www.sonnenseite.com\/de\/wp-json\/wp\/v2\/media?parent=113292"}],"wp:term":[{"taxonomy":"category","embeddable":true,"href":"https:\/\/www.sonnenseite.com\/de\/wp-json\/wp\/v2\/categories?post=113292"},{"taxonomy":"post_tag","embeddable":true,"href":"https:\/\/www.sonnenseite.com\/de\/wp-json\/wp\/v2\/tags?post=113292"}],"curies":[{"name":"wp","href":"https:\/\/api.w.org\/{rel}","templated":true}]}}