{"id":113364,"date":"2026-03-18T02:54:00","date_gmt":"2026-03-18T01:54:00","guid":{"rendered":"https:\/\/www.sonnenseite.com\/?p=113364"},"modified":"2026-03-17T14:55:15","modified_gmt":"2026-03-17T13:55:15","slug":"separate-sammlung-fuer-lv-batterien-startet-in-oesterreich","status":"publish","type":"post","link":"https:\/\/www.sonnenseite.com\/de\/umwelt\/separate-sammlung-fuer-lv-batterien-startet-in-oesterreich\/","title":{"rendered":"Separate Sammlung f\u00fcr LV-Batterien startet in \u00d6sterreich"},"content":{"rendered":"\n<p>Ab dem 1. April werden Akkus aus e-Bikes und e-Scootern in \u00d6sterreichs Altstoffsammelzentren getrennt gesammelt. Hintergrund sind Anforderungen der EU-Batterieverordnung sowie Ma\u00dfnahmen zum vorbeugenden Brandschutz.<\/p>\n\n\n\n<p>Die getrennte Erfassung soll zugleich das Recycling der in Lithium-Ionen-Batterien enthaltenen Rohstoffe erleichtern und damit zur Kreislaufwirtschaft beitragen.<\/p>\n\n\n\n<p>Bis Ende des Jahres sollen alle 1.470 Altstoffsammelzentren in \u00d6sterreich mit zus\u00e4tzlichen Sammelbeh\u00e4ltern f\u00fcr diese Batteriegruppe ausgestattet werden.<\/p>\n\n\n\n<h4 class=\"wp-block-heading\">Neue Sammelbeh\u00e4lter f\u00fcr leichte Verkehrsmittel<\/h4>\n\n\n\n<p>Die Akkus aus e-Bikes und e-Scootern werden k\u00fcnftig in speziellen Metallbeh\u00e4ltern gesammelt. Dabei handelt es sich um 60-Liter-F\u00e4sser mit Entl\u00fcftungs\u00f6ffnung, die mit Vermiculit als F\u00fcllmaterial ausgestattet sind. Die Beh\u00e4lter sind mit der Kennzeichnung \u201eLV\u201c versehen, die f\u00fcr Batterien aus leichten Verkehrsmitteln steht. Zu dieser Kategorie z\u00e4hlen neben e-Bikes und e-Scootern auch elektrische Skateboards, Golftrolleys oder elektrische Rollst\u00fchle.<\/p>\n\n\n\n<p>Die Sammelbeh\u00e4lter erg\u00e4nzen die bestehenden Systeme zur Erfassung von Ger\u00e4tebatterien und Fahrzeugbatterien. Altstoffsammelzentren erhalten damit einen dritten Sammelstrom f\u00fcr Batterien. F\u00fcr B\u00fcrgerinnen und B\u00fcrger bleibt die Abgabe von LV-Batterien in haushalts\u00fcblichen Mengen kostenfrei.<\/p>\n\n\n\n<h4 class=\"wp-block-heading\">Brandschutz als zentraler Hintergrund<\/h4>\n\n\n\n<p>Ein wesentlicher Anlass f\u00fcr die getrennte Sammlung ist die Brandgefahr besch\u00e4digter oder falsch entsorgter Lithium-Ionen-Akkus. Diese Batterien k\u00f6nnen im Brandfall sehr hohe Temperaturen erreichen und stellen damit ein Risiko f\u00fcr Sammelstellen und Entsorgungsanlagen dar. Die getrennte Erfassung soll den sicheren Umgang mit dieser Batteriegruppe erleichtern und Risiken entlang der Entsorgungskette reduzieren.<\/p>\n\n\n\n<h4 class=\"wp-block-heading\">Wachsende Zahl von e-Bikes<\/h4>\n\n\n\n<p>Die steigende Verbreitung elektrischer Mobilit\u00e4tsger\u00e4te erh\u00f6ht das Aufkommen entsprechender Batterien. Laut Daten des Verbands der Sportartikelerzeuger und Sportartikelh\u00e4ndler \u00d6sterreichs wurden 2023 erstmals mehr e-Bikes als klassische Fahrr\u00e4der verkauft. F\u00fcr das Jahr 2024 werden rund 226.000 verkaufte e-Bikes angegeben. Zum Vergleich: 2019 lag die Zahl bei etwa 171.000.<\/p>\n\n\n\n<p>Addiert man die Verk\u00e4ufe seit 2019, befinden sich in \u00d6sterreich mittlerweile mehr als 1,3 Millionen e-Bikes im Einsatz. F\u00fcr e-Scooter gibt es keine vergleichbaren Statistiken, ihre Zahl wird jedoch ebenfalls auf mehrere hunderttausend Ger\u00e4te gesch\u00e4tzt.<\/p>\n\n\n\n<h4 class=\"wp-block-heading\">Anpassung der Sammellogistik<\/h4>\n\n\n\n<p>Mit der Einf\u00fchrung der neuen Sammelbeh\u00e4lter reagiert die \u00f6sterreichische Abfallwirtschaft auf den wachsenden Bestand batteriebetriebener Mobilit\u00e4tsger\u00e4te. Die getrennte Sammlung von LV-Batterien soll sowohl die Sicherheit im Umgang mit Lithium-Ionen-Akkus verbessern als auch die R\u00fcckgewinnung von Rohstoffen aus Altbatterien unterst\u00fctzen.<\/p>\n\n\n<h5 class=\"green\">Quelle<\/h5>\r\n\n\n\n<p><a href=\"https:\/\/www.voea.org\/neue-sammelbehaelter-fuer-e-bike-und-e-scooter-akkus-ab-1-april\/\">V\u00d6A 2026<\/a><\/p>\n<div class=\"shariff shariff-align-flex-start shariff-widget-align-flex-start\"><div class=\"ShariffHeadline\">Diese Meldung teilen<\/div><ul class=\"shariff-buttons theme-round orientation-horizontal buttonsize-medium\"><li class=\"shariff-button facebook shariff-nocustomcolor\" style=\"background-color:#4273c8;border-radius:1%\"><a href=\"https:\/\/www.facebook.com\/sharer\/sharer.php?u=https%3A%2F%2Fwww.sonnenseite.com%2Fde%2Fumwelt%2Fseparate-sammlung-fuer-lv-batterien-startet-in-oesterreich%2F\" title=\"Bei Facebook teilen\" aria-label=\"Bei Facebook teilen\" role=\"button\" rel=\"nofollow\" class=\"shariff-link\" style=\";border-radius:1%; background-color:#3b5998; color:#fff\" target=\"_blank\"><span class=\"shariff-icon\" style=\"\"><svg width=\"32px\" height=\"20px\" xmlns=\"http:\/\/www.w3.org\/2000\/svg\" viewBox=\"0 0 18 32\"><path fill=\"#3b5998\" d=\"M17.1 0.2v4.7h-2.8q-1.5 0-2.1 0.6t-0.5 1.9v3.4h5.2l-0.7 5.3h-4.5v13.6h-5.5v-13.6h-4.5v-5.3h4.5v-3.9q0-3.3 1.9-5.2t5-1.8q2.6 0 4.1 0.2z\"\/><\/svg><\/span><\/a><\/li><li class=\"shariff-button twitter shariff-nocustomcolor\" style=\"background-color:#595959;border-radius:1%\"><a href=\"https:\/\/twitter.com\/share?url=https%3A%2F%2Fwww.sonnenseite.com%2Fde%2Fumwelt%2Fseparate-sammlung-fuer-lv-batterien-startet-in-oesterreich%2F&text=Separate%20Sammlung%20f%C3%BCr%20LV-Batterien%20startet%20in%20%C3%96sterreich\" title=\"Bei X teilen\" aria-label=\"Bei X teilen\" role=\"button\" rel=\"noopener nofollow\" class=\"shariff-link\" style=\";border-radius:1%; background-color:#000; color:#fff\" target=\"_blank\"><span class=\"shariff-icon\" style=\"\"><svg width=\"32px\" height=\"20px\" xmlns=\"http:\/\/www.w3.org\/2000\/svg\" viewBox=\"0 0 24 24\"><path fill=\"#000\" d=\"M14.258 10.152L23.176 0h-2.113l-7.747 8.813L7.133 0H0l9.352 13.328L0 23.973h2.113l8.176-9.309 6.531 9.309h7.133zm-2.895 3.293l-.949-1.328L2.875 1.56h3.246l6.086 8.523.945 1.328 7.91 11.078h-3.246zm0 0\"\/><\/svg><\/span><\/a><\/li><li class=\"shariff-button xing shariff-nocustomcolor\" style=\"background-color:#29888a;border-radius:1%\"><a href=\"https:\/\/www.xing.com\/spi\/shares\/new?url=https%3A%2F%2Fwww.sonnenseite.com%2Fde%2Fumwelt%2Fseparate-sammlung-fuer-lv-batterien-startet-in-oesterreich%2F\" title=\"Bei XING teilen\" aria-label=\"Bei XING teilen\" role=\"button\" rel=\"noopener nofollow\" class=\"shariff-link\" style=\";border-radius:1%; background-color:#126567; color:#fff\" target=\"_blank\"><span class=\"shariff-icon\" style=\"\"><svg width=\"32px\" height=\"20px\" xmlns=\"http:\/\/www.w3.org\/2000\/svg\" viewBox=\"0 0 25 32\"><path fill=\"#126567\" d=\"M10.7 11.9q-0.2 0.3-4.6 8.2-0.5 0.8-1.2 0.8h-4.3q-0.4 0-0.5-0.3t0-0.6l4.5-8q0 0 0 0l-2.9-5q-0.2-0.4 0-0.7 0.2-0.3 0.5-0.3h4.3q0.7 0 1.2 0.8zM25.1 0.4q0.2 0.3 0 0.7l-9.4 16.7 6 11q0.2 0.4 0 0.6-0.2 0.3-0.6 0.3h-4.3q-0.7 0-1.2-0.8l-6-11.1q0.3-0.6 9.5-16.8 0.4-0.8 1.2-0.8h4.3q0.4 0 0.5 0.3z\"\/><\/svg><\/span><\/a><\/li><li class=\"shariff-button linkedin shariff-nocustomcolor\" style=\"background-color:#1488bf;border-radius:1%\"><a href=\"https:\/\/www.linkedin.com\/sharing\/share-offsite\/?url=https%3A%2F%2Fwww.sonnenseite.com%2Fde%2Fumwelt%2Fseparate-sammlung-fuer-lv-batterien-startet-in-oesterreich%2F\" title=\"Bei LinkedIn teilen\" aria-label=\"Bei LinkedIn teilen\" role=\"button\" rel=\"noopener nofollow\" class=\"shariff-link\" style=\";border-radius:1%; background-color:#0077b5; color:#fff\" target=\"_blank\"><span class=\"shariff-icon\" style=\"\"><svg width=\"32px\" height=\"20px\" xmlns=\"http:\/\/www.w3.org\/2000\/svg\" viewBox=\"0 0 27 32\"><path fill=\"#0077b5\" d=\"M6.2 11.2v17.7h-5.9v-17.7h5.9zM6.6 5.7q0 1.3-0.9 2.2t-2.4 0.9h0q-1.5 0-2.4-0.9t-0.9-2.2 0.9-2.2 2.4-0.9 2.4 0.9 0.9 2.2zM27.4 18.7v10.1h-5.9v-9.5q0-1.9-0.7-2.9t-2.3-1.1q-1.1 0-1.9 0.6t-1.2 1.5q-0.2 0.5-0.2 1.4v9.9h-5.9q0-7.1 0-11.6t0-5.3l0-0.9h5.9v2.6h0q0.4-0.6 0.7-1t1-0.9 1.6-0.8 2-0.3q3 0 4.9 2t1.9 6z\"\/><\/svg><\/span><\/a><\/li><li class=\"shariff-button printer shariff-nocustomcolor\" style=\"background-color:#a8a8a8;border-radius:1%\"><a href=\"javascript:window.print()\" title=\"drucken\" aria-label=\"drucken\" role=\"button\" rel=\"noopener nofollow\" class=\"shariff-link\" style=\";border-radius:1%; background-color:#999; color:#fff\"><span class=\"shariff-icon\" style=\"\"><svg width=\"32px\" height=\"20px\" xmlns=\"http:\/\/www.w3.org\/2000\/svg\" viewBox=\"0 0 30 32\"><path fill=\"#999\" d=\"M6.8 27.4h16v-4.6h-16v4.6zM6.8 16h16v-6.8h-2.8q-0.7 0-1.2-0.5t-0.5-1.2v-2.8h-11.4v11.4zM27.4 17.2q0-0.5-0.3-0.8t-0.8-0.4-0.8 0.4-0.3 0.8 0.3 0.8 0.8 0.3 0.8-0.3 0.3-0.8zM29.7 17.2v7.4q0 0.2-0.2 0.4t-0.4 0.2h-4v2.8q0 0.7-0.5 1.2t-1.2 0.5h-17.2q-0.7 0-1.2-0.5t-0.5-1.2v-2.8h-4q-0.2 0-0.4-0.2t-0.2-0.4v-7.4q0-1.4 1-2.4t2.4-1h1.2v-9.7q0-0.7 0.5-1.2t1.2-0.5h12q0.7 0 1.6 0.4t1.3 0.8l2.7 2.7q0.5 0.5 0.9 1.4t0.4 1.6v4.6h1.1q1.4 0 2.4 1t1 2.4z\"\/><\/svg><\/span><\/a><\/li><li class=\"shariff-button mailto shariff-nocustomcolor\" style=\"background-color:#a8a8a8;border-radius:1%\"><a href=\"mailto:?body=https%3A%2F%2Fwww.sonnenseite.com%2Fde%2Fumwelt%2Fseparate-sammlung-fuer-lv-batterien-startet-in-oesterreich%2F&subject=Separate%20Sammlung%20f%C3%BCr%20LV-Batterien%20startet%20in%20%C3%96sterreich\" title=\"Per E-Mail versenden\" aria-label=\"Per E-Mail versenden\" role=\"button\" rel=\"noopener nofollow\" class=\"shariff-link\" style=\";border-radius:1%; background-color:#999; color:#fff\"><span class=\"shariff-icon\" style=\"\"><svg width=\"32px\" height=\"20px\" xmlns=\"http:\/\/www.w3.org\/2000\/svg\" viewBox=\"0 0 32 32\"><path fill=\"#999\" d=\"M32 12.7v14.2q0 1.2-0.8 2t-2 0.9h-26.3q-1.2 0-2-0.9t-0.8-2v-14.2q0.8 0.9 1.8 1.6 6.5 4.4 8.9 6.1 1 0.8 1.6 1.2t1.7 0.9 2 0.4h0.1q0.9 0 2-0.4t1.7-0.9 1.6-1.2q3-2.2 8.9-6.1 1-0.7 1.8-1.6zM32 7.4q0 1.4-0.9 2.7t-2.2 2.2q-6.7 4.7-8.4 5.8-0.2 0.1-0.7 0.5t-1 0.7-0.9 0.6-1.1 0.5-0.9 0.2h-0.1q-0.4 0-0.9-0.2t-1.1-0.5-0.9-0.6-1-0.7-0.7-0.5q-1.6-1.1-4.7-3.2t-3.6-2.6q-1.1-0.7-2.1-2t-1-2.5q0-1.4 0.7-2.3t2.1-0.9h26.3q1.2 0 2 0.8t0.9 2z\"\/><\/svg><\/span><\/a><\/li><\/ul><\/div>","protected":false},"excerpt":{"rendered":"<p>Ab dem 1. April werden Akkus aus e-Bikes und e-Scootern in \u00d6sterreichs Altstoffsammelzentren getrennt gesammelt. Hintergrund [&hellip;]<\/p>\n","protected":false},"author":3,"featured_media":113365,"comment_status":"closed","ping_status":"closed","sticky":false,"template":"","format":"standard","meta":{"inline_featured_image":false,"footnotes":""},"categories":[23],"tags":[],"class_list":["post-113364","post","type-post","status-publish","format-standard","has-post-thumbnail","hentry","category-umwelt"],"yoast_head":"<!-- This site is optimized with the Yoast SEO plugin v26.5 - https:\/\/yoast.com\/wordpress\/plugins\/seo\/ -->\n<title>Separate Sammlung f\u00fcr LV-Batterien startet in \u00d6sterreich - Sonnenseite - \u00d6kologische Kommunikation mit Franz Alt<\/title>\n<meta name=\"description\" content=\"Ab dem 1. April werden Akkus aus e-Bikes und e-Scootern in \u00d6sterreichs Altstoffsammelzentren getrennt gesammelt. Hintergrund sind Anforderungen der\" \/>\n<meta name=\"robots\" content=\"index, follow, max-snippet:-1, max-image-preview:large, max-video-preview:-1\" \/>\n<link rel=\"canonical\" href=\"https:\/\/www.sonnenseite.com\/de\/umwelt\/separate-sammlung-fuer-lv-batterien-startet-in-oesterreich\/\" \/>\n<meta property=\"og:locale\" content=\"de_DE\" \/>\n<meta property=\"og:type\" content=\"article\" \/>\n<meta property=\"og:title\" content=\"Separate Sammlung f\u00fcr LV-Batterien startet in \u00d6sterreich - Sonnenseite - \u00d6kologische Kommunikation mit Franz Alt\" \/>\n<meta property=\"og:description\" content=\"Ab dem 1. April werden Akkus aus e-Bikes und e-Scootern in \u00d6sterreichs Altstoffsammelzentren getrennt gesammelt. Hintergrund sind Anforderungen der\" \/>\n<meta property=\"og:url\" content=\"https:\/\/www.sonnenseite.com\/de\/umwelt\/separate-sammlung-fuer-lv-batterien-startet-in-oesterreich\/\" \/>\n<meta property=\"og:site_name\" content=\"Sonnenseite\" \/>\n<meta property=\"article:publisher\" content=\"https:\/\/www.facebook.com\/pages\/Franz-Alt-SONNENSEITECOM\/221072987903953?fref=ts\" \/>\n<meta property=\"article:published_time\" content=\"2026-03-18T01:54:00+00:00\" \/>\n<meta property=\"og:image\" content=\"https:\/\/www.sonnenseite.com\/wp-content\/uploads\/2026\/03\/e-bike_kbo-bike.jpg\" \/>\n\t<meta property=\"og:image:width\" content=\"770\" \/>\n\t<meta property=\"og:image:height\" content=\"420\" \/>\n\t<meta property=\"og:image:type\" content=\"image\/jpeg\" \/>\n<meta name=\"author\" content=\"Bigi Alt\" \/>\n<meta name=\"twitter:card\" content=\"summary_large_image\" \/>\n<meta name=\"twitter:creator\" content=\"@franzalt\" \/>\n<meta name=\"twitter:site\" content=\"@franzalt\" \/>\n<meta name=\"twitter:label1\" content=\"Verfasst von\" \/>\n\t<meta name=\"twitter:data1\" content=\"Bigi Alt\" \/>\n\t<meta name=\"twitter:label2\" content=\"Gesch\u00e4tzte Lesezeit\" \/>\n\t<meta name=\"twitter:data2\" content=\"3\u00a0Minuten\" \/>\n<script type=\"application\/ld+json\" class=\"yoast-schema-graph\">{\"@context\":\"https:\/\/schema.org\",\"@graph\":[{\"@type\":\"Article\",\"@id\":\"https:\/\/www.sonnenseite.com\/de\/umwelt\/separate-sammlung-fuer-lv-batterien-startet-in-oesterreich\/#article\",\"isPartOf\":{\"@id\":\"https:\/\/www.sonnenseite.com\/de\/umwelt\/separate-sammlung-fuer-lv-batterien-startet-in-oesterreich\/\"},\"author\":{\"name\":\"Bigi Alt\",\"@id\":\"https:\/\/www.sonnenseite.com\/de\/#\/schema\/person\/50fda0e926597684c7cc6695238a4eb9\"},\"headline\":\"Separate Sammlung f\u00fcr LV-Batterien startet in \u00d6sterreich\",\"datePublished\":\"2026-03-18T01:54:00+00:00\",\"mainEntityOfPage\":{\"@id\":\"https:\/\/www.sonnenseite.com\/de\/umwelt\/separate-sammlung-fuer-lv-batterien-startet-in-oesterreich\/\"},\"wordCount\":384,\"publisher\":{\"@id\":\"https:\/\/www.sonnenseite.com\/de\/#organization\"},\"image\":{\"@id\":\"https:\/\/www.sonnenseite.com\/de\/umwelt\/separate-sammlung-fuer-lv-batterien-startet-in-oesterreich\/#primaryimage\"},\"thumbnailUrl\":\"https:\/\/www.sonnenseite.com\/wp-content\/uploads\/2026\/03\/e-bike_kbo-bike.jpg\",\"articleSection\":[\"Umwelt\"],\"inLanguage\":\"de\"},{\"@type\":\"WebPage\",\"@id\":\"https:\/\/www.sonnenseite.com\/de\/umwelt\/separate-sammlung-fuer-lv-batterien-startet-in-oesterreich\/\",\"url\":\"https:\/\/www.sonnenseite.com\/de\/umwelt\/separate-sammlung-fuer-lv-batterien-startet-in-oesterreich\/\",\"name\":\"Separate Sammlung f\u00fcr LV-Batterien startet in \u00d6sterreich - Sonnenseite - \u00d6kologische Kommunikation mit Franz Alt\",\"isPartOf\":{\"@id\":\"https:\/\/www.sonnenseite.com\/de\/#website\"},\"primaryImageOfPage\":{\"@id\":\"https:\/\/www.sonnenseite.com\/de\/umwelt\/separate-sammlung-fuer-lv-batterien-startet-in-oesterreich\/#primaryimage\"},\"image\":{\"@id\":\"https:\/\/www.sonnenseite.com\/de\/umwelt\/separate-sammlung-fuer-lv-batterien-startet-in-oesterreich\/#primaryimage\"},\"thumbnailUrl\":\"https:\/\/www.sonnenseite.com\/wp-content\/uploads\/2026\/03\/e-bike_kbo-bike.jpg\",\"datePublished\":\"2026-03-18T01:54:00+00:00\",\"description\":\"Ab dem 1. April werden Akkus aus e-Bikes und e-Scootern in \u00d6sterreichs Altstoffsammelzentren getrennt gesammelt. Hintergrund sind Anforderungen der\",\"breadcrumb\":{\"@id\":\"https:\/\/www.sonnenseite.com\/de\/umwelt\/separate-sammlung-fuer-lv-batterien-startet-in-oesterreich\/#breadcrumb\"},\"inLanguage\":\"de\",\"potentialAction\":[{\"@type\":\"ReadAction\",\"target\":[\"https:\/\/www.sonnenseite.com\/de\/umwelt\/separate-sammlung-fuer-lv-batterien-startet-in-oesterreich\/\"]}]},{\"@type\":\"ImageObject\",\"inLanguage\":\"de\",\"@id\":\"https:\/\/www.sonnenseite.com\/de\/umwelt\/separate-sammlung-fuer-lv-batterien-startet-in-oesterreich\/#primaryimage\",\"url\":\"https:\/\/www.sonnenseite.com\/wp-content\/uploads\/2026\/03\/e-bike_kbo-bike.jpg\",\"contentUrl\":\"https:\/\/www.sonnenseite.com\/wp-content\/uploads\/2026\/03\/e-bike_kbo-bike.jpg\",\"width\":770,\"height\":420,\"caption\":\"unsplash.com | KBO Bike\"},{\"@type\":\"BreadcrumbList\",\"@id\":\"https:\/\/www.sonnenseite.com\/de\/umwelt\/separate-sammlung-fuer-lv-batterien-startet-in-oesterreich\/#breadcrumb\",\"itemListElement\":[{\"@type\":\"ListItem\",\"position\":1,\"name\":\"Startseite\",\"item\":\"https:\/\/www.sonnenseite.com\/de\/\"},{\"@type\":\"ListItem\",\"position\":2,\"name\":\"Separate Sammlung f\u00fcr LV-Batterien startet in \u00d6sterreich\"}]},{\"@type\":\"WebSite\",\"@id\":\"https:\/\/www.sonnenseite.com\/de\/#website\",\"url\":\"https:\/\/www.sonnenseite.com\/de\/\",\"name\":\"Sonnenseite\",\"description\":\"\u00d6kologische Kommunikation mit Franz Alt\",\"publisher\":{\"@id\":\"https:\/\/www.sonnenseite.com\/de\/#organization\"},\"potentialAction\":[{\"@type\":\"SearchAction\",\"target\":{\"@type\":\"EntryPoint\",\"urlTemplate\":\"https:\/\/www.sonnenseite.com\/de\/?s={search_term_string}\"},\"query-input\":{\"@type\":\"PropertyValueSpecification\",\"valueRequired\":true,\"valueName\":\"search_term_string\"}}],\"inLanguage\":\"de\"},{\"@type\":\"Organization\",\"@id\":\"https:\/\/www.sonnenseite.com\/de\/#organization\",\"name\":\"Sonnenseite\",\"url\":\"https:\/\/www.sonnenseite.com\/de\/\",\"logo\":{\"@type\":\"ImageObject\",\"inLanguage\":\"de\",\"@id\":\"https:\/\/www.sonnenseite.com\/de\/#\/schema\/logo\/image\/\",\"url\":\"https:\/\/www.sonnenseite.com\/wp-content\/uploads\/2020\/05\/Sonnenseite_Logo.png\",\"contentUrl\":\"https:\/\/www.sonnenseite.com\/wp-content\/uploads\/2020\/05\/Sonnenseite_Logo.png\",\"width\":377,\"height\":90,\"caption\":\"Sonnenseite\"},\"image\":{\"@id\":\"https:\/\/www.sonnenseite.com\/de\/#\/schema\/logo\/image\/\"},\"sameAs\":[\"https:\/\/www.facebook.com\/pages\/Franz-Alt-SONNENSEITECOM\/221072987903953?fref=ts\",\"https:\/\/x.com\/franzalt\",\"http:\/\/www.youtube.com\/results?search_query&amp;amp;quot;franz_alt&amp;amp;quot;&amp;amp;amp;amp;search_type&amp;amp;amp;amp;aq=f\"]},{\"@type\":\"Person\",\"@id\":\"https:\/\/www.sonnenseite.com\/de\/#\/schema\/person\/50fda0e926597684c7cc6695238a4eb9\",\"name\":\"Bigi Alt\"}]}<\/script>\n<!-- \/ Yoast SEO plugin. -->","yoast_head_json":{"title":"Separate Sammlung f\u00fcr LV-Batterien startet in \u00d6sterreich - Sonnenseite - \u00d6kologische Kommunikation mit Franz Alt","description":"Ab dem 1. April werden Akkus aus e-Bikes und e-Scootern in \u00d6sterreichs Altstoffsammelzentren getrennt gesammelt. Hintergrund sind Anforderungen der","robots":{"index":"index","follow":"follow","max-snippet":"max-snippet:-1","max-image-preview":"max-image-preview:large","max-video-preview":"max-video-preview:-1"},"canonical":"https:\/\/www.sonnenseite.com\/de\/umwelt\/separate-sammlung-fuer-lv-batterien-startet-in-oesterreich\/","og_locale":"de_DE","og_type":"article","og_title":"Separate Sammlung f\u00fcr LV-Batterien startet in \u00d6sterreich - Sonnenseite - \u00d6kologische Kommunikation mit Franz Alt","og_description":"Ab dem 1. April werden Akkus aus e-Bikes und e-Scootern in \u00d6sterreichs Altstoffsammelzentren getrennt gesammelt. Hintergrund sind Anforderungen der","og_url":"https:\/\/www.sonnenseite.com\/de\/umwelt\/separate-sammlung-fuer-lv-batterien-startet-in-oesterreich\/","og_site_name":"Sonnenseite","article_publisher":"https:\/\/www.facebook.com\/pages\/Franz-Alt-SONNENSEITECOM\/221072987903953?fref=ts","article_published_time":"2026-03-18T01:54:00+00:00","og_image":[{"width":770,"height":420,"url":"https:\/\/www.sonnenseite.com\/wp-content\/uploads\/2026\/03\/e-bike_kbo-bike.jpg","type":"image\/jpeg"}],"author":"Bigi Alt","twitter_card":"summary_large_image","twitter_creator":"@franzalt","twitter_site":"@franzalt","twitter_misc":{"Verfasst von":"Bigi Alt","Gesch\u00e4tzte Lesezeit":"3\u00a0Minuten"},"schema":{"@context":"https:\/\/schema.org","@graph":[{"@type":"Article","@id":"https:\/\/www.sonnenseite.com\/de\/umwelt\/separate-sammlung-fuer-lv-batterien-startet-in-oesterreich\/#article","isPartOf":{"@id":"https:\/\/www.sonnenseite.com\/de\/umwelt\/separate-sammlung-fuer-lv-batterien-startet-in-oesterreich\/"},"author":{"name":"Bigi Alt","@id":"https:\/\/www.sonnenseite.com\/de\/#\/schema\/person\/50fda0e926597684c7cc6695238a4eb9"},"headline":"Separate Sammlung f\u00fcr LV-Batterien startet in \u00d6sterreich","datePublished":"2026-03-18T01:54:00+00:00","mainEntityOfPage":{"@id":"https:\/\/www.sonnenseite.com\/de\/umwelt\/separate-sammlung-fuer-lv-batterien-startet-in-oesterreich\/"},"wordCount":384,"publisher":{"@id":"https:\/\/www.sonnenseite.com\/de\/#organization"},"image":{"@id":"https:\/\/www.sonnenseite.com\/de\/umwelt\/separate-sammlung-fuer-lv-batterien-startet-in-oesterreich\/#primaryimage"},"thumbnailUrl":"https:\/\/www.sonnenseite.com\/wp-content\/uploads\/2026\/03\/e-bike_kbo-bike.jpg","articleSection":["Umwelt"],"inLanguage":"de"},{"@type":"WebPage","@id":"https:\/\/www.sonnenseite.com\/de\/umwelt\/separate-sammlung-fuer-lv-batterien-startet-in-oesterreich\/","url":"https:\/\/www.sonnenseite.com\/de\/umwelt\/separate-sammlung-fuer-lv-batterien-startet-in-oesterreich\/","name":"Separate Sammlung f\u00fcr LV-Batterien startet in \u00d6sterreich - Sonnenseite - \u00d6kologische Kommunikation mit Franz Alt","isPartOf":{"@id":"https:\/\/www.sonnenseite.com\/de\/#website"},"primaryImageOfPage":{"@id":"https:\/\/www.sonnenseite.com\/de\/umwelt\/separate-sammlung-fuer-lv-batterien-startet-in-oesterreich\/#primaryimage"},"image":{"@id":"https:\/\/www.sonnenseite.com\/de\/umwelt\/separate-sammlung-fuer-lv-batterien-startet-in-oesterreich\/#primaryimage"},"thumbnailUrl":"https:\/\/www.sonnenseite.com\/wp-content\/uploads\/2026\/03\/e-bike_kbo-bike.jpg","datePublished":"2026-03-18T01:54:00+00:00","description":"Ab dem 1. April werden Akkus aus e-Bikes und e-Scootern in \u00d6sterreichs Altstoffsammelzentren getrennt gesammelt. Hintergrund sind Anforderungen der","breadcrumb":{"@id":"https:\/\/www.sonnenseite.com\/de\/umwelt\/separate-sammlung-fuer-lv-batterien-startet-in-oesterreich\/#breadcrumb"},"inLanguage":"de","potentialAction":[{"@type":"ReadAction","target":["https:\/\/www.sonnenseite.com\/de\/umwelt\/separate-sammlung-fuer-lv-batterien-startet-in-oesterreich\/"]}]},{"@type":"ImageObject","inLanguage":"de","@id":"https:\/\/www.sonnenseite.com\/de\/umwelt\/separate-sammlung-fuer-lv-batterien-startet-in-oesterreich\/#primaryimage","url":"https:\/\/www.sonnenseite.com\/wp-content\/uploads\/2026\/03\/e-bike_kbo-bike.jpg","contentUrl":"https:\/\/www.sonnenseite.com\/wp-content\/uploads\/2026\/03\/e-bike_kbo-bike.jpg","width":770,"height":420,"caption":"unsplash.com | KBO Bike"},{"@type":"BreadcrumbList","@id":"https:\/\/www.sonnenseite.com\/de\/umwelt\/separate-sammlung-fuer-lv-batterien-startet-in-oesterreich\/#breadcrumb","itemListElement":[{"@type":"ListItem","position":1,"name":"Startseite","item":"https:\/\/www.sonnenseite.com\/de\/"},{"@type":"ListItem","position":2,"name":"Separate Sammlung f\u00fcr LV-Batterien startet in \u00d6sterreich"}]},{"@type":"WebSite","@id":"https:\/\/www.sonnenseite.com\/de\/#website","url":"https:\/\/www.sonnenseite.com\/de\/","name":"Sonnenseite","description":"\u00d6kologische Kommunikation mit Franz Alt","publisher":{"@id":"https:\/\/www.sonnenseite.com\/de\/#organization"},"potentialAction":[{"@type":"SearchAction","target":{"@type":"EntryPoint","urlTemplate":"https:\/\/www.sonnenseite.com\/de\/?s={search_term_string}"},"query-input":{"@type":"PropertyValueSpecification","valueRequired":true,"valueName":"search_term_string"}}],"inLanguage":"de"},{"@type":"Organization","@id":"https:\/\/www.sonnenseite.com\/de\/#organization","name":"Sonnenseite","url":"https:\/\/www.sonnenseite.com\/de\/","logo":{"@type":"ImageObject","inLanguage":"de","@id":"https:\/\/www.sonnenseite.com\/de\/#\/schema\/logo\/image\/","url":"https:\/\/www.sonnenseite.com\/wp-content\/uploads\/2020\/05\/Sonnenseite_Logo.png","contentUrl":"https:\/\/www.sonnenseite.com\/wp-content\/uploads\/2020\/05\/Sonnenseite_Logo.png","width":377,"height":90,"caption":"Sonnenseite"},"image":{"@id":"https:\/\/www.sonnenseite.com\/de\/#\/schema\/logo\/image\/"},"sameAs":["https:\/\/www.facebook.com\/pages\/Franz-Alt-SONNENSEITECOM\/221072987903953?fref=ts","https:\/\/x.com\/franzalt","http:\/\/www.youtube.com\/results?search_query&amp;amp;quot;franz_alt&amp;amp;quot;&amp;amp;amp;amp;search_type&amp;amp;amp;amp;aq=f"]},{"@type":"Person","@id":"https:\/\/www.sonnenseite.com\/de\/#\/schema\/person\/50fda0e926597684c7cc6695238a4eb9","name":"Bigi Alt"}]}},"_links":{"self":[{"href":"https:\/\/www.sonnenseite.com\/de\/wp-json\/wp\/v2\/posts\/113364","targetHints":{"allow":["GET"]}}],"collection":[{"href":"https:\/\/www.sonnenseite.com\/de\/wp-json\/wp\/v2\/posts"}],"about":[{"href":"https:\/\/www.sonnenseite.com\/de\/wp-json\/wp\/v2\/types\/post"}],"author":[{"embeddable":true,"href":"https:\/\/www.sonnenseite.com\/de\/wp-json\/wp\/v2\/users\/3"}],"replies":[{"embeddable":true,"href":"https:\/\/www.sonnenseite.com\/de\/wp-json\/wp\/v2\/comments?post=113364"}],"version-history":[{"count":2,"href":"https:\/\/www.sonnenseite.com\/de\/wp-json\/wp\/v2\/posts\/113364\/revisions"}],"predecessor-version":[{"id":113368,"href":"https:\/\/www.sonnenseite.com\/de\/wp-json\/wp\/v2\/posts\/113364\/revisions\/113368"}],"wp:featuredmedia":[{"embeddable":true,"href":"https:\/\/www.sonnenseite.com\/de\/wp-json\/wp\/v2\/media\/113365"}],"wp:attachment":[{"href":"https:\/\/www.sonnenseite.com\/de\/wp-json\/wp\/v2\/media?parent=113364"}],"wp:term":[{"taxonomy":"category","embeddable":true,"href":"https:\/\/www.sonnenseite.com\/de\/wp-json\/wp\/v2\/categories?post=113364"},{"taxonomy":"post_tag","embeddable":true,"href":"https:\/\/www.sonnenseite.com\/de\/wp-json\/wp\/v2\/tags?post=113364"}],"curies":[{"name":"wp","href":"https:\/\/api.w.org\/{rel}","templated":true}]}}