{"id":113422,"date":"2026-03-21T02:38:00","date_gmt":"2026-03-21T01:38:00","guid":{"rendered":"https:\/\/www.sonnenseite.com\/?p=113422"},"modified":"2026-03-19T15:39:22","modified_gmt":"2026-03-19T14:39:22","slug":"weltwassertag-oekologischer-zustand-bei-75-prozent-der-seen-bedenklich","status":"publish","type":"post","link":"https:\/\/www.sonnenseite.com\/de\/umwelt\/weltwassertag-oekologischer-zustand-bei-75-prozent-der-seen-bedenklich\/","title":{"rendered":"Weltwassertag: \u00d6kologischer Zustand bei 75 Prozent der Seen bedenklich"},"content":{"rendered":"\n<p>Badequalit\u00e4t an offiziellen Badestellen \u00fcberwiegend gut, \u00d6kosysteme aber gef\u00e4hrdet &#8211; Belastung durch Landwirtschaft, Trockenheit und Klimaerw\u00e4rmung &#8211; Seen brauchen Pufferstreifen zum Schutz vor D\u00fcnger<\/p>\n\n\n\n<p>Zum Weltwassertag am 22. M\u00e4rz zeigt der Bund f\u00fcr Umwelt und Naturschutz Deutschland (BUND): Die Badequalit\u00e4t an offiziellen Badestellen in deutschen Seen ist zwar \u00fcberwiegend noch gut, die \u00f6kologische Wasserqualit\u00e4t jedoch bedenklich. W\u00e4hrend 91 Prozent der Seen mit offiziellen Badestellen f\u00fcr das Baden laut Badegew\u00e4sserbericht der EU-Umweltagentur (EEA) \u201causgezeichnet\u201d sind, erf\u00fcllen nur 25 Prozent der gro\u00dfen Seen den guten \u00f6kologischen Zustand (Umweltbundesamt). Die Badequalit\u00e4t pr\u00fcft Keime f\u00fcr Schwimmer, Wasserqualit\u00e4t misst Artenvielfalt, N\u00e4hrstoffe und Sauerstoff &#8211; und offenbart massive Belastungen durch Landwirtschaft, Trockenheit und Klimaerw\u00e4rmung. Ein See, der in einem schlechten \u00f6kologischen Zustand ist, kann langfristig auch f\u00fcr das Baden ungeeignet sein.&nbsp;<\/p>\n\n\n\n<p>Knapp drei Viertel der 738 Seen \u00fcber 50 Hektar sind in mittelm\u00e4\u00dfigem bis schlechtem \u00f6kologischen Zustand. N\u00e4hrstoff\u00fcberschuss f\u00fchrt zu Algen und Sauerstoffmangel. Fische und andere Arten sind dadurch gef\u00e4hrdet.&nbsp;<\/p>\n\n\n\n<p>Verena Graichen, Gesch\u00e4ftsf\u00fchrerin Politik beim BUND: \u201cUnsere Seen sind zunehmend gestresst. N\u00e4hrstoffeintr\u00e4ge aus der Landwirtschaft und steigende Temperaturen lassen Algen wachsen. Das verschlechtert den Zustand unserer Seen langfristig. Inzwischen finden typische Arten in vielen Seen keinen Lebensraum mehr. Wenn sogar Blaualgen entstehen, wird auch das Baden gef\u00e4hrlich.\u201d<\/p>\n\n\n\n<h4 class=\"wp-block-heading\">Badequalit\u00e4t leidet durch Extremwetter<\/h4>\n\n\n\n<p>Die Badequalit\u00e4t wird grunds\u00e4tzlich \u00fcber hygienische Parameter gemessen. Aber auch Blaualgen, die durch hohe Temperaturen und N\u00e4hrstoffeintr\u00e4ge aus der Landwirtschaft entstehen k\u00f6nnen, beeinflussen die Badequalit\u00e4t. Sie f\u00fchren zu Hautreizungen.&nbsp;<\/p>\n\n\n\n<p>Graichen: \u201cWenn das \u00f6kologische Gleichgewicht gest\u00f6rt ist, haben Algen leichtes Spiel. Wenn wir im Sommer im See Baden gehen wollen, m\u00fcssen wir uns um unsere Gew\u00e4sser k\u00fcmmern. Wir brauchen konsequenten Gew\u00e4sserschutz, damit Fl\u00fcsse und Seen Orte zum Leben, zum Erholen und Teil unserer Landschaft bleiben.\u201d<\/p>\n\n\n\n<h4 class=\"wp-block-heading\">BUND fordert Investitionen in die Wiederherstellung der Natur<\/h4>\n\n\n\n<p>Zum Schutz von Seen und anderen Gew\u00e4ssern fordert der BUND Investitionen in die Wiederherstellung der Natur und die konsequente Umsetzung der Europ\u00e4ischen Wasserrahmenrichtlinie. Ziel muss sein, nicht nur das Infektionsrisiko f\u00fcr Badende zu verringern, sondern auch die gesamte \u00f6kologische Qualit\u00e4t des Gew\u00e4ssers zu verbessern.&nbsp;<\/p>\n\n\n\n<p>Ausreichend gro\u00dfe Pufferstreifen an den Gew\u00e4ssern sind dabei ein zentraler Baustein zum Schutz vor N\u00e4hrstoffeintr\u00e4gen aus der Landwirtschaft. Zus\u00e4tzlich m\u00fcssen Schadstoffe wie PFAS reduziert werden, die aus Industrieprodukten, Konsumg\u00fctern und Pestiziden in die Umwelt gelangen, um die Gew\u00e4sser langfristig zu entlasten und ihre \u00f6kologische Qualit\u00e4t zu sichern.<\/p>\n\n\n\n<h4 class=\"wp-block-heading\">Hintergrund<\/h4>\n\n\n\n<p>Der EEA-Badegew\u00e4sserbericht 2025 stuft f\u00fcr Deutschland 91 Prozent der 1.892 untersuchten Badeseen als \u201causgezeichnet\u201d ein; 98 Prozent erf\u00fcllen die EU-Badegew\u00e4sserrichtlinie. Lediglich sieben deutsche Badeseen wurden f\u00fcr die Saison 2024 von der Europ\u00e4ischen Kommission mit \u201emangelhaft\u201c bewertet. Diese Pr\u00fcfungen zur Badequalit\u00e4t fokussieren hygienische Parameter wie Keime aus Abw\u00e4ssern \u2013 empfindlichere Indikatoren wie Fische, Pflanzen und Kleinkrebse zeigen jedoch gravierendere Defizite.&nbsp;<\/p>\n\n\n\n<p>Zum Schutz unserer Gew\u00e4sser gibt es die EU-Wasserrahmenrichtlinie. Sie verpflichtet alle europ\u00e4ischen Mitgliedstaaten, ihre Fl\u00fcsse, Seen, K\u00fcstengew\u00e4sser und ihr Grundwasser bis sp\u00e4testens 2027 in einen guten Zustand zu bringen. Trotz gro\u00dfen Lobbydrucks wurde 2019 in einem sogenannten Fitness-Check von der Europ\u00e4ischen Kommission festgestellt, dass die Wassergesetze grunds\u00e4tzlich ihrem Zweck dienen, aber mit mehr Ambition umgesetzt werden m\u00fcssen. Im Rahmen des RESourceEU-Aktionsplan vorgeblich zur Sicherung der Rohstoffe m\u00f6chte die EU-Kommission jetzt die Wasserrahmenrichtlinie zugunsten von Bergbau und anderen Industrien \u00fcberarbeiten. Dies, obwohl das EU-Barometer zeigt, dass die Mehrheit der B\u00fcrgerinnen und B\u00fcrger starke Wassergesetze m\u00f6chte.<\/p>\n\n\n\n<ul class=\"wp-block-list\">\n<li><a href=\"https:\/\/www.umweltbundesamt.de\/themen\/gewaessertyp-des-jahres-2026-kleine-gewaesser\">&#8222;Gew\u00e4ssertyp des Jahres 2026: Kleine Gew\u00e4sser, gro\u00dfe Bedeutung&#8220;<\/a> | Das Umweltbundesamt (UBA) erkl\u00e4rt kleine stehende Gew\u00e4sser zum Gew\u00e4ssertyp des Jahres 2026. Damit soll auf ihre gro\u00dfe Bedeutung f\u00fcr Natur und Mensch aufmerksam gemacht werden. Die Auszeichnung erfolgt jedes Jahr rund um den Weltwassertag der Vereinten Nationen am 22. M\u00e4rz.<\/li>\n\n\n\n<li><a href=\"https:\/\/www.eea.europa.eu\/en\/analysis\/publications\/european-bathing-water-quality-in-2024\">Website der Europ\u00e4ischen Umweltagentur: Bewertung der Badewasserqualit\u00e4t im Jahr 2025<\/a><\/li>\n\n\n\n<li><a href=\"https:\/\/www.umweltbundesamt.de\/wasserqualitaet-in-badegewaessern\">Webseite des Umweltbundesamts, Wasserqualit\u00e4t in Badegew\u00e4ssern<\/a><\/li>\n\n\n\n<li><a href=\"https:\/\/www.umweltbundesamt.de\/daten\/wasser\/zustand-der-seen#kologischer-zustand-der-seen\">Umweltbundesamt: \u00d6kologischer Zustand der Seen<\/a> <\/li>\n<\/ul>\n\n\n<h5 class=\"green\">Quelle<\/h5>\r\n\n\n\n<p><a href=\"https:\/\/www.bund.net\/service\/presse\/pressemitteilungen\/detail\/news\/weltwassertag-oekologischer-zustand-bei-75-prozent-der-seen-bedenklich\/\">BUND.net 2026<\/a><\/p>\n<div class=\"shariff shariff-align-flex-start shariff-widget-align-flex-start\"><div class=\"ShariffHeadline\">Diese Meldung teilen<\/div><ul class=\"shariff-buttons theme-round orientation-horizontal buttonsize-medium\"><li class=\"shariff-button facebook shariff-nocustomcolor\" style=\"background-color:#4273c8;border-radius:1%\"><a href=\"https:\/\/www.facebook.com\/sharer\/sharer.php?u=https%3A%2F%2Fwww.sonnenseite.com%2Fde%2Fumwelt%2Fweltwassertag-oekologischer-zustand-bei-75-prozent-der-seen-bedenklich%2F\" title=\"Bei Facebook teilen\" aria-label=\"Bei Facebook teilen\" role=\"button\" rel=\"nofollow\" class=\"shariff-link\" style=\";border-radius:1%; background-color:#3b5998; color:#fff\" target=\"_blank\"><span class=\"shariff-icon\" style=\"\"><svg width=\"32px\" height=\"20px\" xmlns=\"http:\/\/www.w3.org\/2000\/svg\" viewBox=\"0 0 18 32\"><path fill=\"#3b5998\" d=\"M17.1 0.2v4.7h-2.8q-1.5 0-2.1 0.6t-0.5 1.9v3.4h5.2l-0.7 5.3h-4.5v13.6h-5.5v-13.6h-4.5v-5.3h4.5v-3.9q0-3.3 1.9-5.2t5-1.8q2.6 0 4.1 0.2z\"\/><\/svg><\/span><\/a><\/li><li class=\"shariff-button twitter shariff-nocustomcolor\" style=\"background-color:#595959;border-radius:1%\"><a href=\"https:\/\/twitter.com\/share?url=https%3A%2F%2Fwww.sonnenseite.com%2Fde%2Fumwelt%2Fweltwassertag-oekologischer-zustand-bei-75-prozent-der-seen-bedenklich%2F&text=Weltwassertag%3A%20%C3%96kologischer%20Zustand%20bei%2075%20Prozent%20der%20Seen%20bedenklich\" title=\"Bei X teilen\" aria-label=\"Bei X teilen\" role=\"button\" rel=\"noopener nofollow\" class=\"shariff-link\" style=\";border-radius:1%; background-color:#000; color:#fff\" target=\"_blank\"><span class=\"shariff-icon\" style=\"\"><svg width=\"32px\" height=\"20px\" xmlns=\"http:\/\/www.w3.org\/2000\/svg\" viewBox=\"0 0 24 24\"><path fill=\"#000\" d=\"M14.258 10.152L23.176 0h-2.113l-7.747 8.813L7.133 0H0l9.352 13.328L0 23.973h2.113l8.176-9.309 6.531 9.309h7.133zm-2.895 3.293l-.949-1.328L2.875 1.56h3.246l6.086 8.523.945 1.328 7.91 11.078h-3.246zm0 0\"\/><\/svg><\/span><\/a><\/li><li class=\"shariff-button xing shariff-nocustomcolor\" style=\"background-color:#29888a;border-radius:1%\"><a href=\"https:\/\/www.xing.com\/spi\/shares\/new?url=https%3A%2F%2Fwww.sonnenseite.com%2Fde%2Fumwelt%2Fweltwassertag-oekologischer-zustand-bei-75-prozent-der-seen-bedenklich%2F\" title=\"Bei XING teilen\" aria-label=\"Bei XING teilen\" role=\"button\" rel=\"noopener nofollow\" class=\"shariff-link\" style=\";border-radius:1%; background-color:#126567; color:#fff\" target=\"_blank\"><span class=\"shariff-icon\" style=\"\"><svg width=\"32px\" height=\"20px\" xmlns=\"http:\/\/www.w3.org\/2000\/svg\" viewBox=\"0 0 25 32\"><path fill=\"#126567\" d=\"M10.7 11.9q-0.2 0.3-4.6 8.2-0.5 0.8-1.2 0.8h-4.3q-0.4 0-0.5-0.3t0-0.6l4.5-8q0 0 0 0l-2.9-5q-0.2-0.4 0-0.7 0.2-0.3 0.5-0.3h4.3q0.7 0 1.2 0.8zM25.1 0.4q0.2 0.3 0 0.7l-9.4 16.7 6 11q0.2 0.4 0 0.6-0.2 0.3-0.6 0.3h-4.3q-0.7 0-1.2-0.8l-6-11.1q0.3-0.6 9.5-16.8 0.4-0.8 1.2-0.8h4.3q0.4 0 0.5 0.3z\"\/><\/svg><\/span><\/a><\/li><li class=\"shariff-button linkedin shariff-nocustomcolor\" style=\"background-color:#1488bf;border-radius:1%\"><a href=\"https:\/\/www.linkedin.com\/sharing\/share-offsite\/?url=https%3A%2F%2Fwww.sonnenseite.com%2Fde%2Fumwelt%2Fweltwassertag-oekologischer-zustand-bei-75-prozent-der-seen-bedenklich%2F\" title=\"Bei LinkedIn teilen\" aria-label=\"Bei LinkedIn teilen\" role=\"button\" rel=\"noopener nofollow\" class=\"shariff-link\" style=\";border-radius:1%; background-color:#0077b5; color:#fff\" target=\"_blank\"><span class=\"shariff-icon\" style=\"\"><svg width=\"32px\" height=\"20px\" xmlns=\"http:\/\/www.w3.org\/2000\/svg\" viewBox=\"0 0 27 32\"><path fill=\"#0077b5\" d=\"M6.2 11.2v17.7h-5.9v-17.7h5.9zM6.6 5.7q0 1.3-0.9 2.2t-2.4 0.9h0q-1.5 0-2.4-0.9t-0.9-2.2 0.9-2.2 2.4-0.9 2.4 0.9 0.9 2.2zM27.4 18.7v10.1h-5.9v-9.5q0-1.9-0.7-2.9t-2.3-1.1q-1.1 0-1.9 0.6t-1.2 1.5q-0.2 0.5-0.2 1.4v9.9h-5.9q0-7.1 0-11.6t0-5.3l0-0.9h5.9v2.6h0q0.4-0.6 0.7-1t1-0.9 1.6-0.8 2-0.3q3 0 4.9 2t1.9 6z\"\/><\/svg><\/span><\/a><\/li><li class=\"shariff-button printer shariff-nocustomcolor\" style=\"background-color:#a8a8a8;border-radius:1%\"><a href=\"javascript:window.print()\" title=\"drucken\" aria-label=\"drucken\" role=\"button\" rel=\"noopener nofollow\" class=\"shariff-link\" style=\";border-radius:1%; background-color:#999; color:#fff\"><span class=\"shariff-icon\" style=\"\"><svg width=\"32px\" height=\"20px\" xmlns=\"http:\/\/www.w3.org\/2000\/svg\" viewBox=\"0 0 30 32\"><path fill=\"#999\" d=\"M6.8 27.4h16v-4.6h-16v4.6zM6.8 16h16v-6.8h-2.8q-0.7 0-1.2-0.5t-0.5-1.2v-2.8h-11.4v11.4zM27.4 17.2q0-0.5-0.3-0.8t-0.8-0.4-0.8 0.4-0.3 0.8 0.3 0.8 0.8 0.3 0.8-0.3 0.3-0.8zM29.7 17.2v7.4q0 0.2-0.2 0.4t-0.4 0.2h-4v2.8q0 0.7-0.5 1.2t-1.2 0.5h-17.2q-0.7 0-1.2-0.5t-0.5-1.2v-2.8h-4q-0.2 0-0.4-0.2t-0.2-0.4v-7.4q0-1.4 1-2.4t2.4-1h1.2v-9.7q0-0.7 0.5-1.2t1.2-0.5h12q0.7 0 1.6 0.4t1.3 0.8l2.7 2.7q0.5 0.5 0.9 1.4t0.4 1.6v4.6h1.1q1.4 0 2.4 1t1 2.4z\"\/><\/svg><\/span><\/a><\/li><li class=\"shariff-button mailto shariff-nocustomcolor\" style=\"background-color:#a8a8a8;border-radius:1%\"><a href=\"mailto:?body=https%3A%2F%2Fwww.sonnenseite.com%2Fde%2Fumwelt%2Fweltwassertag-oekologischer-zustand-bei-75-prozent-der-seen-bedenklich%2F&subject=Weltwassertag%3A%20%C3%96kologischer%20Zustand%20bei%2075%20Prozent%20der%20Seen%20bedenklich\" title=\"Per E-Mail versenden\" aria-label=\"Per E-Mail versenden\" role=\"button\" rel=\"noopener nofollow\" class=\"shariff-link\" style=\";border-radius:1%; background-color:#999; color:#fff\"><span class=\"shariff-icon\" style=\"\"><svg width=\"32px\" height=\"20px\" xmlns=\"http:\/\/www.w3.org\/2000\/svg\" viewBox=\"0 0 32 32\"><path fill=\"#999\" d=\"M32 12.7v14.2q0 1.2-0.8 2t-2 0.9h-26.3q-1.2 0-2-0.9t-0.8-2v-14.2q0.8 0.9 1.8 1.6 6.5 4.4 8.9 6.1 1 0.8 1.6 1.2t1.7 0.9 2 0.4h0.1q0.9 0 2-0.4t1.7-0.9 1.6-1.2q3-2.2 8.9-6.1 1-0.7 1.8-1.6zM32 7.4q0 1.4-0.9 2.7t-2.2 2.2q-6.7 4.7-8.4 5.8-0.2 0.1-0.7 0.5t-1 0.7-0.9 0.6-1.1 0.5-0.9 0.2h-0.1q-0.4 0-0.9-0.2t-1.1-0.5-0.9-0.6-1-0.7-0.7-0.5q-1.6-1.1-4.7-3.2t-3.6-2.6q-1.1-0.7-2.1-2t-1-2.5q0-1.4 0.7-2.3t2.1-0.9h26.3q1.2 0 2 0.8t0.9 2z\"\/><\/svg><\/span><\/a><\/li><\/ul><\/div>","protected":false},"excerpt":{"rendered":"<p>Badequalit\u00e4t an offiziellen Badestellen \u00fcberwiegend gut, \u00d6kosysteme aber gef\u00e4hrdet &#8211; Belastung durch Landwirtschaft, Trockenheit und Klimaerw\u00e4rmung [&hellip;]<\/p>\n","protected":false},"author":3,"featured_media":102814,"comment_status":"closed","ping_status":"closed","sticky":false,"template":"","format":"standard","meta":{"inline_featured_image":false,"footnotes":""},"categories":[23],"tags":[],"class_list":["post-113422","post","type-post","status-publish","format-standard","has-post-thumbnail","hentry","category-umwelt"],"yoast_head":"<!-- This site is optimized with the Yoast SEO plugin v26.5 - https:\/\/yoast.com\/wordpress\/plugins\/seo\/ -->\n<title>Weltwassertag: \u00d6kologischer Zustand bei 75 Prozent der Seen bedenklich - Sonnenseite - \u00d6kologische Kommunikation mit Franz Alt<\/title>\n<meta name=\"description\" content=\"Badequalit\u00e4t an offiziellen Badestellen \u00fcberwiegend gut, \u00d6kosysteme aber gef\u00e4hrdet - Belastung durch Landwirtschaft, Trockenheit und Klimaerw\u00e4rmung - Seen\" \/>\n<meta name=\"robots\" content=\"index, follow, max-snippet:-1, max-image-preview:large, max-video-preview:-1\" \/>\n<link rel=\"canonical\" href=\"https:\/\/www.sonnenseite.com\/de\/umwelt\/weltwassertag-oekologischer-zustand-bei-75-prozent-der-seen-bedenklich\/\" \/>\n<meta property=\"og:locale\" content=\"de_DE\" \/>\n<meta property=\"og:type\" content=\"article\" \/>\n<meta property=\"og:title\" content=\"Weltwassertag: \u00d6kologischer Zustand bei 75 Prozent der Seen bedenklich - Sonnenseite - \u00d6kologische Kommunikation mit Franz Alt\" \/>\n<meta property=\"og:description\" content=\"Badequalit\u00e4t an offiziellen Badestellen \u00fcberwiegend gut, \u00d6kosysteme aber gef\u00e4hrdet - Belastung durch Landwirtschaft, Trockenheit und Klimaerw\u00e4rmung - Seen\" \/>\n<meta property=\"og:url\" content=\"https:\/\/www.sonnenseite.com\/de\/umwelt\/weltwassertag-oekologischer-zustand-bei-75-prozent-der-seen-bedenklich\/\" \/>\n<meta property=\"og:site_name\" content=\"Sonnenseite\" \/>\n<meta property=\"article:publisher\" content=\"https:\/\/www.facebook.com\/pages\/Franz-Alt-SONNENSEITECOM\/221072987903953?fref=ts\" \/>\n<meta property=\"article:published_time\" content=\"2026-03-21T01:38:00+00:00\" \/>\n<meta property=\"og:image\" content=\"https:\/\/www.sonnenseite.com\/wp-content\/uploads\/2024\/10\/See_Gruenalgen_adwo@hotmail.jpg\" \/>\n\t<meta property=\"og:image:width\" content=\"770\" \/>\n\t<meta property=\"og:image:height\" content=\"420\" \/>\n\t<meta property=\"og:image:type\" content=\"image\/jpeg\" \/>\n<meta name=\"author\" content=\"Bigi Alt\" \/>\n<meta name=\"twitter:card\" content=\"summary_large_image\" \/>\n<meta name=\"twitter:creator\" content=\"@franzalt\" \/>\n<meta name=\"twitter:site\" content=\"@franzalt\" \/>\n<meta name=\"twitter:label1\" content=\"Verfasst von\" \/>\n\t<meta name=\"twitter:data1\" content=\"Bigi Alt\" \/>\n\t<meta name=\"twitter:label2\" content=\"Gesch\u00e4tzte Lesezeit\" \/>\n\t<meta name=\"twitter:data2\" content=\"4\u00a0Minuten\" \/>\n<script type=\"application\/ld+json\" class=\"yoast-schema-graph\">{\"@context\":\"https:\/\/schema.org\",\"@graph\":[{\"@type\":\"Article\",\"@id\":\"https:\/\/www.sonnenseite.com\/de\/umwelt\/weltwassertag-oekologischer-zustand-bei-75-prozent-der-seen-bedenklich\/#article\",\"isPartOf\":{\"@id\":\"https:\/\/www.sonnenseite.com\/de\/umwelt\/weltwassertag-oekologischer-zustand-bei-75-prozent-der-seen-bedenklich\/\"},\"author\":{\"name\":\"Bigi Alt\",\"@id\":\"https:\/\/www.sonnenseite.com\/de\/#\/schema\/person\/50fda0e926597684c7cc6695238a4eb9\"},\"headline\":\"Weltwassertag: \u00d6kologischer Zustand bei 75 Prozent der Seen bedenklich\",\"datePublished\":\"2026-03-21T01:38:00+00:00\",\"mainEntityOfPage\":{\"@id\":\"https:\/\/www.sonnenseite.com\/de\/umwelt\/weltwassertag-oekologischer-zustand-bei-75-prozent-der-seen-bedenklich\/\"},\"wordCount\":693,\"publisher\":{\"@id\":\"https:\/\/www.sonnenseite.com\/de\/#organization\"},\"image\":{\"@id\":\"https:\/\/www.sonnenseite.com\/de\/umwelt\/weltwassertag-oekologischer-zustand-bei-75-prozent-der-seen-bedenklich\/#primaryimage\"},\"thumbnailUrl\":\"https:\/\/www.sonnenseite.com\/wp-content\/uploads\/2024\/10\/See_Gruenalgen_adwo@hotmail.jpg\",\"articleSection\":[\"Umwelt\"],\"inLanguage\":\"de\"},{\"@type\":\"WebPage\",\"@id\":\"https:\/\/www.sonnenseite.com\/de\/umwelt\/weltwassertag-oekologischer-zustand-bei-75-prozent-der-seen-bedenklich\/\",\"url\":\"https:\/\/www.sonnenseite.com\/de\/umwelt\/weltwassertag-oekologischer-zustand-bei-75-prozent-der-seen-bedenklich\/\",\"name\":\"Weltwassertag: \u00d6kologischer Zustand bei 75 Prozent der Seen bedenklich - Sonnenseite - \u00d6kologische Kommunikation mit Franz Alt\",\"isPartOf\":{\"@id\":\"https:\/\/www.sonnenseite.com\/de\/#website\"},\"primaryImageOfPage\":{\"@id\":\"https:\/\/www.sonnenseite.com\/de\/umwelt\/weltwassertag-oekologischer-zustand-bei-75-prozent-der-seen-bedenklich\/#primaryimage\"},\"image\":{\"@id\":\"https:\/\/www.sonnenseite.com\/de\/umwelt\/weltwassertag-oekologischer-zustand-bei-75-prozent-der-seen-bedenklich\/#primaryimage\"},\"thumbnailUrl\":\"https:\/\/www.sonnenseite.com\/wp-content\/uploads\/2024\/10\/See_Gruenalgen_adwo@hotmail.jpg\",\"datePublished\":\"2026-03-21T01:38:00+00:00\",\"description\":\"Badequalit\u00e4t an offiziellen Badestellen \u00fcberwiegend gut, \u00d6kosysteme aber gef\u00e4hrdet - Belastung durch Landwirtschaft, Trockenheit und Klimaerw\u00e4rmung - Seen\",\"breadcrumb\":{\"@id\":\"https:\/\/www.sonnenseite.com\/de\/umwelt\/weltwassertag-oekologischer-zustand-bei-75-prozent-der-seen-bedenklich\/#breadcrumb\"},\"inLanguage\":\"de\",\"potentialAction\":[{\"@type\":\"ReadAction\",\"target\":[\"https:\/\/www.sonnenseite.com\/de\/umwelt\/weltwassertag-oekologischer-zustand-bei-75-prozent-der-seen-bedenklich\/\"]}]},{\"@type\":\"ImageObject\",\"inLanguage\":\"de\",\"@id\":\"https:\/\/www.sonnenseite.com\/de\/umwelt\/weltwassertag-oekologischer-zustand-bei-75-prozent-der-seen-bedenklich\/#primaryimage\",\"url\":\"https:\/\/www.sonnenseite.com\/wp-content\/uploads\/2024\/10\/See_Gruenalgen_adwo@hotmail.jpg\",\"contentUrl\":\"https:\/\/www.sonnenseite.com\/wp-content\/uploads\/2024\/10\/See_Gruenalgen_adwo@hotmail.jpg\",\"width\":770,\"height\":420,\"caption\":\"Depositphotos.com | adwo@hotmail.com | See mit Gr\u00fcnalgen - Zu hohe N\u00e4hrstoffeintr\u00e4ge k\u00f6nnen zu Algenbl\u00fcten und Sauerstoffarmut in Gew\u00e4ssern f\u00fchren.\"},{\"@type\":\"BreadcrumbList\",\"@id\":\"https:\/\/www.sonnenseite.com\/de\/umwelt\/weltwassertag-oekologischer-zustand-bei-75-prozent-der-seen-bedenklich\/#breadcrumb\",\"itemListElement\":[{\"@type\":\"ListItem\",\"position\":1,\"name\":\"Startseite\",\"item\":\"https:\/\/www.sonnenseite.com\/de\/\"},{\"@type\":\"ListItem\",\"position\":2,\"name\":\"Weltwassertag: \u00d6kologischer Zustand bei 75 Prozent der Seen bedenklich\"}]},{\"@type\":\"WebSite\",\"@id\":\"https:\/\/www.sonnenseite.com\/de\/#website\",\"url\":\"https:\/\/www.sonnenseite.com\/de\/\",\"name\":\"Sonnenseite\",\"description\":\"\u00d6kologische Kommunikation mit Franz Alt\",\"publisher\":{\"@id\":\"https:\/\/www.sonnenseite.com\/de\/#organization\"},\"potentialAction\":[{\"@type\":\"SearchAction\",\"target\":{\"@type\":\"EntryPoint\",\"urlTemplate\":\"https:\/\/www.sonnenseite.com\/de\/?s={search_term_string}\"},\"query-input\":{\"@type\":\"PropertyValueSpecification\",\"valueRequired\":true,\"valueName\":\"search_term_string\"}}],\"inLanguage\":\"de\"},{\"@type\":\"Organization\",\"@id\":\"https:\/\/www.sonnenseite.com\/de\/#organization\",\"name\":\"Sonnenseite\",\"url\":\"https:\/\/www.sonnenseite.com\/de\/\",\"logo\":{\"@type\":\"ImageObject\",\"inLanguage\":\"de\",\"@id\":\"https:\/\/www.sonnenseite.com\/de\/#\/schema\/logo\/image\/\",\"url\":\"https:\/\/www.sonnenseite.com\/wp-content\/uploads\/2020\/05\/Sonnenseite_Logo.png\",\"contentUrl\":\"https:\/\/www.sonnenseite.com\/wp-content\/uploads\/2020\/05\/Sonnenseite_Logo.png\",\"width\":377,\"height\":90,\"caption\":\"Sonnenseite\"},\"image\":{\"@id\":\"https:\/\/www.sonnenseite.com\/de\/#\/schema\/logo\/image\/\"},\"sameAs\":[\"https:\/\/www.facebook.com\/pages\/Franz-Alt-SONNENSEITECOM\/221072987903953?fref=ts\",\"https:\/\/x.com\/franzalt\",\"http:\/\/www.youtube.com\/results?search_query&amp;amp;quot;franz_alt&amp;amp;quot;&amp;amp;amp;amp;search_type&amp;amp;amp;amp;aq=f\"]},{\"@type\":\"Person\",\"@id\":\"https:\/\/www.sonnenseite.com\/de\/#\/schema\/person\/50fda0e926597684c7cc6695238a4eb9\",\"name\":\"Bigi Alt\"}]}<\/script>\n<!-- \/ Yoast SEO plugin. -->","yoast_head_json":{"title":"Weltwassertag: \u00d6kologischer Zustand bei 75 Prozent der Seen bedenklich - Sonnenseite - \u00d6kologische Kommunikation mit Franz Alt","description":"Badequalit\u00e4t an offiziellen Badestellen \u00fcberwiegend gut, \u00d6kosysteme aber gef\u00e4hrdet - Belastung durch Landwirtschaft, Trockenheit und Klimaerw\u00e4rmung - Seen","robots":{"index":"index","follow":"follow","max-snippet":"max-snippet:-1","max-image-preview":"max-image-preview:large","max-video-preview":"max-video-preview:-1"},"canonical":"https:\/\/www.sonnenseite.com\/de\/umwelt\/weltwassertag-oekologischer-zustand-bei-75-prozent-der-seen-bedenklich\/","og_locale":"de_DE","og_type":"article","og_title":"Weltwassertag: \u00d6kologischer Zustand bei 75 Prozent der Seen bedenklich - Sonnenseite - \u00d6kologische Kommunikation mit Franz Alt","og_description":"Badequalit\u00e4t an offiziellen Badestellen \u00fcberwiegend gut, \u00d6kosysteme aber gef\u00e4hrdet - Belastung durch Landwirtschaft, Trockenheit und Klimaerw\u00e4rmung - Seen","og_url":"https:\/\/www.sonnenseite.com\/de\/umwelt\/weltwassertag-oekologischer-zustand-bei-75-prozent-der-seen-bedenklich\/","og_site_name":"Sonnenseite","article_publisher":"https:\/\/www.facebook.com\/pages\/Franz-Alt-SONNENSEITECOM\/221072987903953?fref=ts","article_published_time":"2026-03-21T01:38:00+00:00","og_image":[{"width":770,"height":420,"url":"https:\/\/www.sonnenseite.com\/wp-content\/uploads\/2024\/10\/See_Gruenalgen_adwo@hotmail.jpg","type":"image\/jpeg"}],"author":"Bigi Alt","twitter_card":"summary_large_image","twitter_creator":"@franzalt","twitter_site":"@franzalt","twitter_misc":{"Verfasst von":"Bigi Alt","Gesch\u00e4tzte Lesezeit":"4\u00a0Minuten"},"schema":{"@context":"https:\/\/schema.org","@graph":[{"@type":"Article","@id":"https:\/\/www.sonnenseite.com\/de\/umwelt\/weltwassertag-oekologischer-zustand-bei-75-prozent-der-seen-bedenklich\/#article","isPartOf":{"@id":"https:\/\/www.sonnenseite.com\/de\/umwelt\/weltwassertag-oekologischer-zustand-bei-75-prozent-der-seen-bedenklich\/"},"author":{"name":"Bigi Alt","@id":"https:\/\/www.sonnenseite.com\/de\/#\/schema\/person\/50fda0e926597684c7cc6695238a4eb9"},"headline":"Weltwassertag: \u00d6kologischer Zustand bei 75 Prozent der Seen bedenklich","datePublished":"2026-03-21T01:38:00+00:00","mainEntityOfPage":{"@id":"https:\/\/www.sonnenseite.com\/de\/umwelt\/weltwassertag-oekologischer-zustand-bei-75-prozent-der-seen-bedenklich\/"},"wordCount":693,"publisher":{"@id":"https:\/\/www.sonnenseite.com\/de\/#organization"},"image":{"@id":"https:\/\/www.sonnenseite.com\/de\/umwelt\/weltwassertag-oekologischer-zustand-bei-75-prozent-der-seen-bedenklich\/#primaryimage"},"thumbnailUrl":"https:\/\/www.sonnenseite.com\/wp-content\/uploads\/2024\/10\/See_Gruenalgen_adwo@hotmail.jpg","articleSection":["Umwelt"],"inLanguage":"de"},{"@type":"WebPage","@id":"https:\/\/www.sonnenseite.com\/de\/umwelt\/weltwassertag-oekologischer-zustand-bei-75-prozent-der-seen-bedenklich\/","url":"https:\/\/www.sonnenseite.com\/de\/umwelt\/weltwassertag-oekologischer-zustand-bei-75-prozent-der-seen-bedenklich\/","name":"Weltwassertag: \u00d6kologischer Zustand bei 75 Prozent der Seen bedenklich - Sonnenseite - \u00d6kologische Kommunikation mit Franz Alt","isPartOf":{"@id":"https:\/\/www.sonnenseite.com\/de\/#website"},"primaryImageOfPage":{"@id":"https:\/\/www.sonnenseite.com\/de\/umwelt\/weltwassertag-oekologischer-zustand-bei-75-prozent-der-seen-bedenklich\/#primaryimage"},"image":{"@id":"https:\/\/www.sonnenseite.com\/de\/umwelt\/weltwassertag-oekologischer-zustand-bei-75-prozent-der-seen-bedenklich\/#primaryimage"},"thumbnailUrl":"https:\/\/www.sonnenseite.com\/wp-content\/uploads\/2024\/10\/See_Gruenalgen_adwo@hotmail.jpg","datePublished":"2026-03-21T01:38:00+00:00","description":"Badequalit\u00e4t an offiziellen Badestellen \u00fcberwiegend gut, \u00d6kosysteme aber gef\u00e4hrdet - Belastung durch Landwirtschaft, Trockenheit und Klimaerw\u00e4rmung - Seen","breadcrumb":{"@id":"https:\/\/www.sonnenseite.com\/de\/umwelt\/weltwassertag-oekologischer-zustand-bei-75-prozent-der-seen-bedenklich\/#breadcrumb"},"inLanguage":"de","potentialAction":[{"@type":"ReadAction","target":["https:\/\/www.sonnenseite.com\/de\/umwelt\/weltwassertag-oekologischer-zustand-bei-75-prozent-der-seen-bedenklich\/"]}]},{"@type":"ImageObject","inLanguage":"de","@id":"https:\/\/www.sonnenseite.com\/de\/umwelt\/weltwassertag-oekologischer-zustand-bei-75-prozent-der-seen-bedenklich\/#primaryimage","url":"https:\/\/www.sonnenseite.com\/wp-content\/uploads\/2024\/10\/See_Gruenalgen_adwo@hotmail.jpg","contentUrl":"https:\/\/www.sonnenseite.com\/wp-content\/uploads\/2024\/10\/See_Gruenalgen_adwo@hotmail.jpg","width":770,"height":420,"caption":"Depositphotos.com | adwo@hotmail.com | See mit Gr\u00fcnalgen - Zu hohe N\u00e4hrstoffeintr\u00e4ge k\u00f6nnen zu Algenbl\u00fcten und Sauerstoffarmut in Gew\u00e4ssern f\u00fchren."},{"@type":"BreadcrumbList","@id":"https:\/\/www.sonnenseite.com\/de\/umwelt\/weltwassertag-oekologischer-zustand-bei-75-prozent-der-seen-bedenklich\/#breadcrumb","itemListElement":[{"@type":"ListItem","position":1,"name":"Startseite","item":"https:\/\/www.sonnenseite.com\/de\/"},{"@type":"ListItem","position":2,"name":"Weltwassertag: \u00d6kologischer Zustand bei 75 Prozent der Seen bedenklich"}]},{"@type":"WebSite","@id":"https:\/\/www.sonnenseite.com\/de\/#website","url":"https:\/\/www.sonnenseite.com\/de\/","name":"Sonnenseite","description":"\u00d6kologische Kommunikation mit Franz Alt","publisher":{"@id":"https:\/\/www.sonnenseite.com\/de\/#organization"},"potentialAction":[{"@type":"SearchAction","target":{"@type":"EntryPoint","urlTemplate":"https:\/\/www.sonnenseite.com\/de\/?s={search_term_string}"},"query-input":{"@type":"PropertyValueSpecification","valueRequired":true,"valueName":"search_term_string"}}],"inLanguage":"de"},{"@type":"Organization","@id":"https:\/\/www.sonnenseite.com\/de\/#organization","name":"Sonnenseite","url":"https:\/\/www.sonnenseite.com\/de\/","logo":{"@type":"ImageObject","inLanguage":"de","@id":"https:\/\/www.sonnenseite.com\/de\/#\/schema\/logo\/image\/","url":"https:\/\/www.sonnenseite.com\/wp-content\/uploads\/2020\/05\/Sonnenseite_Logo.png","contentUrl":"https:\/\/www.sonnenseite.com\/wp-content\/uploads\/2020\/05\/Sonnenseite_Logo.png","width":377,"height":90,"caption":"Sonnenseite"},"image":{"@id":"https:\/\/www.sonnenseite.com\/de\/#\/schema\/logo\/image\/"},"sameAs":["https:\/\/www.facebook.com\/pages\/Franz-Alt-SONNENSEITECOM\/221072987903953?fref=ts","https:\/\/x.com\/franzalt","http:\/\/www.youtube.com\/results?search_query&amp;amp;quot;franz_alt&amp;amp;quot;&amp;amp;amp;amp;search_type&amp;amp;amp;amp;aq=f"]},{"@type":"Person","@id":"https:\/\/www.sonnenseite.com\/de\/#\/schema\/person\/50fda0e926597684c7cc6695238a4eb9","name":"Bigi Alt"}]}},"_links":{"self":[{"href":"https:\/\/www.sonnenseite.com\/de\/wp-json\/wp\/v2\/posts\/113422","targetHints":{"allow":["GET"]}}],"collection":[{"href":"https:\/\/www.sonnenseite.com\/de\/wp-json\/wp\/v2\/posts"}],"about":[{"href":"https:\/\/www.sonnenseite.com\/de\/wp-json\/wp\/v2\/types\/post"}],"author":[{"embeddable":true,"href":"https:\/\/www.sonnenseite.com\/de\/wp-json\/wp\/v2\/users\/3"}],"replies":[{"embeddable":true,"href":"https:\/\/www.sonnenseite.com\/de\/wp-json\/wp\/v2\/comments?post=113422"}],"version-history":[{"count":1,"href":"https:\/\/www.sonnenseite.com\/de\/wp-json\/wp\/v2\/posts\/113422\/revisions"}],"predecessor-version":[{"id":113423,"href":"https:\/\/www.sonnenseite.com\/de\/wp-json\/wp\/v2\/posts\/113422\/revisions\/113423"}],"wp:featuredmedia":[{"embeddable":true,"href":"https:\/\/www.sonnenseite.com\/de\/wp-json\/wp\/v2\/media\/102814"}],"wp:attachment":[{"href":"https:\/\/www.sonnenseite.com\/de\/wp-json\/wp\/v2\/media?parent=113422"}],"wp:term":[{"taxonomy":"category","embeddable":true,"href":"https:\/\/www.sonnenseite.com\/de\/wp-json\/wp\/v2\/categories?post=113422"},{"taxonomy":"post_tag","embeddable":true,"href":"https:\/\/www.sonnenseite.com\/de\/wp-json\/wp\/v2\/tags?post=113422"}],"curies":[{"name":"wp","href":"https:\/\/api.w.org\/{rel}","templated":true}]}}