{"id":114183,"date":"2026-04-25T02:23:00","date_gmt":"2026-04-25T00:23:00","guid":{"rendered":"https:\/\/www.sonnenseite.com\/?p=114183"},"modified":"2026-04-21T12:04:25","modified_gmt":"2026-04-21T10:04:25","slug":"fruehjahrs-check-der-waermepumpe","status":"publish","type":"post","link":"https:\/\/www.sonnenseite.com\/de\/tipps\/fruehjahrs-check-der-waermepumpe\/","title":{"rendered":"Fr\u00fchjahrs-Check der W\u00e4rmepumpe"},"content":{"rendered":"\n<p>In wenigen Wochen endet die Heizsaison. Das ist die ideale Zeit f\u00fcr einen gr\u00fcndlichen Check der W\u00e4rmepumpe. Verbraucherzentrale NRW gibt Tipps, wie die Wartung gelingt.<\/p>\n\n\n\n<p>\u201eViele Ma\u00dfnahmen k\u00f6nnen Verbraucher:innen selbst durchf\u00fchren\u201c, sagt Simon Lautenbach, Energieexperte der Verbraucherzentrale NRW. \u201eEine kurze \u00dcberpr\u00fcfung kann bereits helfen, St\u00f6rquellen fr\u00fchzeitig zu erkennen. Gleichzeitig lassen sich durch kleine Optimierungen sp\u00fcrbar Stromkosten senken. Zus\u00e4tzlich verl\u00e4ngert eine regelm\u00e4\u00dfige Pflege die Lebensdauer der Anlage.\u201c Der Fr\u00fchjahrs-Check ist daher ein wichtiger Baustein f\u00fcr den wirtschaftlichen und nachhaltigen Betrieb der eigenen W\u00e4rmepumpe. Was dabei zu beachten ist, hat die Verbraucherzentrale NRW in f\u00fcnf Tipps zusammengestellt.<\/p>\n\n\n\n<h4 class=\"wp-block-heading\">Au\u00dfeneinheit gr\u00fcndlich reinigen<\/h4>\n\n\n\n<p>Nach dem Winter sollte man die Au\u00dfeneinheit genau pr\u00fcfen und von Schmutz befreien. H\u00e4ufig sammeln sich Laub, Staub oder kleine Fremdk\u00f6rper an, die die Luftzufuhr behindern. Auch das Geh\u00e4use kann mit einem weichen Schwamm und milder, l\u00f6sungsmittelfreier Seife gereinigt werden. Aggressive Reinigungsmittel sollten vermieden werden, da sie die Oberfl\u00e4che angreifen k\u00f6nnen. Wichtig ist, dass man vorab die Hinweise in der Bedienungsanleitung beachtet. Bei der Reinigung ist darauf zu achten, dass keine Feuchtigkeit in sensible Bereiche eindringt. Ebenso sollte man pr\u00fcfen, ob die L\u00fcftungsschlitze frei sind. Eine gute Luftzirkulation ist entscheidend f\u00fcr die Effizienz der Anlage. Regelm\u00e4\u00dfige Reinigung verhindert langfristige Sch\u00e4den. So verbessert man die Betriebsbedingungen der W\u00e4rmepumpe und reduziert langfristig das Risiko von St\u00f6rungen.<\/p>\n\n\n\n<h4 class=\"wp-block-heading\">Betriebsdaten analysieren<\/h4>\n\n\n\n<p>Sp\u00e4testens zum Ende der Heizsaison lohnt es sich, die gespeicherten Daten der W\u00e4rmepumpe gezielt auswerten. Viele moderne Ger\u00e4te liefern detaillierte Informationen zu Temperaturen, Laufzeiten und Energieverbrauch. Diese Daten geben wertvolle Hinweise auf die Effizienz der Anlage. Man erkennt beispielsweise ungew\u00f6hnlich viele Verdichterstarts oder steigenden Stromverbrauch. Solche Muster k\u00f6nnen auf Optimierungsbedarf hinweisen. Idealerweise nutzt man die Hersteller-App zur Auswertung. Alternativ kann man zus\u00e4tzliche Sensoren einsetzen. Abweichungen lassen sich so besser einordnen. Eine regelm\u00e4\u00dfige Betrachtung der aufgezeichneten Sensordaten schafft Transparenz \u00fcber den Betrieb. Dies spart langfristig Kosten und Energie.<\/p>\n\n\n\n<h4 class=\"wp-block-heading\">Heizkurve optimieren<\/h4>\n\n\n\n<p>Ziel ist es, die Vorlauftemperatur m\u00f6glichst niedrig zu halten. Dabei darf der Wohnkomfort nicht beeintr\u00e4chtigt werden. Zur Optimierung senkt man die Heizkurve schrittweise um wenige Grad. Schon kleine Anpassungen k\u00f6nnen gro\u00dfe Effizienzgewinne bringen. Wichtig ist, dass Ver\u00e4nderungen dokumentiert werden. So beh\u00e4lt man den \u00dcberblick \u00fcber die Auswirkungen. Die Winterdaten liefern daf\u00fcr eine gute Grundlage. Man sollte geduldig und in kleinen Schritten vorgehen. So kann eine optimal eingestellte Heizkurve den Strombedarf ab der n\u00e4chsten Heizsaison deutlich reduzieren. Gleichzeitig wird der Verdichter geschont. Das verl\u00e4ngert die Lebensdauer der Anlage.<\/p>\n\n\n\n<h4 class=\"wp-block-heading\">Warmwasseraufbereitung anpassen<\/h4>\n\n\n\n<p>Ein Blick auf die Einstellungen f\u00fcr die Warmwasserbereitung lohnt sich ebenso. H\u00e4ufig laufen diese Programme nicht bedarfsgerecht. Durch Anpassung kann man Energie sparen. So ist sichergestellt, dass Warmwasser nur dann produziert wird, wenn es ben\u00f6tigt wird. Auch die Temperatur sollte, unter Ber\u00fccksichtigung des Legionellenschutzes, nicht unn\u00f6tig hoch eingestellt sein. Eine Reduzierung kann den Stromverbrauch deutlich senken. Gleichzeitig wird der Verdichter der Anlage entlastet. Zus\u00e4tzlich k\u00f6nnen Zeitprogramme individuell angepasst und damit unn\u00f6tige Laufzeiten vermieden werden. Auch hier lohnt sich ein Blick auf die Verbrauchsdaten. Eine effiziente Warmwasserbereitung tr\u00e4gt wesentlich zur Gesamtbilanz bei.<\/p>\n\n\n\n<h4 class=\"wp-block-heading\">Wann ein Fachbetrieb ins Spiel kommt<\/h4>\n\n\n\n<p>F\u00fcr eine genaue Effizienzauswertung sollten Eigent\u00fcmer:innen einen Fachbetrieb hinzuziehen. Hersteller-Apps liefern nur begrenzte Einblicke in das Gesamtsystem. Fachleute analysieren das Zusammenspiel aller Komponenten und erkennen Optimierungspotenziale. Man selbst kann Messwerte wie Vorlauf, R\u00fccklauf oder Spreizung oft schwer richtig einordnen. Auch das Taktverhalten der W\u00e4rmepumpe wird dann professionell bewertet. H\u00e4ufige Verdichterstarts k\u00f6nnen auf falsche Einstellungen oder hydraulische Probleme hinweisen. Fachbetriebe k\u00f6nnen zus\u00e4tzliche Messungen und Sensoren f\u00fcr ein vollst\u00e4ndiges Bild nutzen und so die Ursachen der Auff\u00e4lligkeiten ermitteln. Dadurch lassen sich auch versteckte Probleme und aufkommende St\u00f6rungen fr\u00fchzeitig erkennen. Arbeiten am K\u00e4ltekreis und sicherheitsrelevante Pr\u00fcfungen sollte man immer Profis \u00fcberlassen. Viele Schornsteinfegerbetriebe bieten inzwischen ebenfalls W\u00e4rmepumpen-Checks und Effizienzanalysen an und k\u00f6nnen eine Alternative zu klassischen Fachbetrieben sein.<\/p>\n\n\n\n<ul class=\"wp-block-list\">\n<li>Informationen rund um W\u00e4rmepumpen unter: <a href=\"http:\/\/www.verbraucherzentrale.nrw\/node\/5439\" target=\"_blank\" rel=\"noreferrer noopener\">www.verbraucherzentrale.nrw\/node\/5439<\/a><\/li>\n\n\n\n<li>Der Ratgeber \u201eW\u00e4rmepumpe\u201c kann hier bestellt werden: <a href=\"https:\/\/shop.verbraucherzentrale.de\/rubriken\/alle-titel-von-a-z\/ratgeber-waermepumpe\/9783863364205\" target=\"_blank\" rel=\"noreferrer noopener\">https:\/\/shop.verbraucherzentrale.de\/rubriken\/alle-titel-von-a-z\/ratgeber-waermepumpe\/9783863364205<\/a><\/li>\n\n\n\n<li>Aktuelle Veranstaltungen rund um das Thema Energie unter: <a href=\"http:\/\/www.verbraucherzentrale.nrw\/e-veranstaltungen\" target=\"_blank\" rel=\"noreferrer noopener\">www.verbraucherzentrale.nrw\/e-veranstaltungen<\/a><\/li>\n<\/ul>\n\n\n<h5 class=\"green\">Quelle<\/h5>\r\n\n\n\n<p><a href=\"https:\/\/www.verbraucherzentrale.nrw\/\">Verbraucherzentrale NRW 2026<\/a><\/p>\n\n\n\n<p><\/p>\n<div class=\"shariff shariff-align-flex-start shariff-widget-align-flex-start\"><div class=\"ShariffHeadline\">Diese Meldung teilen<\/div><ul class=\"shariff-buttons theme-round orientation-horizontal buttonsize-medium\"><li class=\"shariff-button facebook shariff-nocustomcolor\" style=\"background-color:#4273c8;border-radius:1%\"><a href=\"https:\/\/www.facebook.com\/sharer\/sharer.php?u=https%3A%2F%2Fwww.sonnenseite.com%2Fde%2Ftipps%2Ffruehjahrs-check-der-waermepumpe%2F\" title=\"Bei Facebook teilen\" aria-label=\"Bei Facebook teilen\" role=\"button\" rel=\"nofollow\" class=\"shariff-link\" style=\";border-radius:1%; background-color:#3b5998; color:#fff\" target=\"_blank\"><span class=\"shariff-icon\" style=\"\"><svg width=\"32px\" height=\"20px\" xmlns=\"http:\/\/www.w3.org\/2000\/svg\" viewBox=\"0 0 18 32\"><path fill=\"#3b5998\" d=\"M17.1 0.2v4.7h-2.8q-1.5 0-2.1 0.6t-0.5 1.9v3.4h5.2l-0.7 5.3h-4.5v13.6h-5.5v-13.6h-4.5v-5.3h4.5v-3.9q0-3.3 1.9-5.2t5-1.8q2.6 0 4.1 0.2z\"\/><\/svg><\/span><\/a><\/li><li class=\"shariff-button twitter shariff-nocustomcolor\" style=\"background-color:#595959;border-radius:1%\"><a href=\"https:\/\/twitter.com\/share?url=https%3A%2F%2Fwww.sonnenseite.com%2Fde%2Ftipps%2Ffruehjahrs-check-der-waermepumpe%2F&text=Fr%C3%BChjahrs-Check%20der%20W%C3%A4rmepumpe\" title=\"Bei X teilen\" aria-label=\"Bei X teilen\" role=\"button\" rel=\"noopener nofollow\" class=\"shariff-link\" style=\";border-radius:1%; background-color:#000; color:#fff\" target=\"_blank\"><span class=\"shariff-icon\" style=\"\"><svg width=\"32px\" height=\"20px\" xmlns=\"http:\/\/www.w3.org\/2000\/svg\" viewBox=\"0 0 24 24\"><path fill=\"#000\" d=\"M14.258 10.152L23.176 0h-2.113l-7.747 8.813L7.133 0H0l9.352 13.328L0 23.973h2.113l8.176-9.309 6.531 9.309h7.133zm-2.895 3.293l-.949-1.328L2.875 1.56h3.246l6.086 8.523.945 1.328 7.91 11.078h-3.246zm0 0\"\/><\/svg><\/span><\/a><\/li><li class=\"shariff-button xing shariff-nocustomcolor\" style=\"background-color:#29888a;border-radius:1%\"><a href=\"https:\/\/www.xing.com\/spi\/shares\/new?url=https%3A%2F%2Fwww.sonnenseite.com%2Fde%2Ftipps%2Ffruehjahrs-check-der-waermepumpe%2F\" title=\"Bei XING teilen\" aria-label=\"Bei XING teilen\" role=\"button\" rel=\"noopener nofollow\" class=\"shariff-link\" style=\";border-radius:1%; background-color:#126567; color:#fff\" target=\"_blank\"><span class=\"shariff-icon\" style=\"\"><svg width=\"32px\" height=\"20px\" xmlns=\"http:\/\/www.w3.org\/2000\/svg\" viewBox=\"0 0 25 32\"><path fill=\"#126567\" d=\"M10.7 11.9q-0.2 0.3-4.6 8.2-0.5 0.8-1.2 0.8h-4.3q-0.4 0-0.5-0.3t0-0.6l4.5-8q0 0 0 0l-2.9-5q-0.2-0.4 0-0.7 0.2-0.3 0.5-0.3h4.3q0.7 0 1.2 0.8zM25.1 0.4q0.2 0.3 0 0.7l-9.4 16.7 6 11q0.2 0.4 0 0.6-0.2 0.3-0.6 0.3h-4.3q-0.7 0-1.2-0.8l-6-11.1q0.3-0.6 9.5-16.8 0.4-0.8 1.2-0.8h4.3q0.4 0 0.5 0.3z\"\/><\/svg><\/span><\/a><\/li><li class=\"shariff-button linkedin shariff-nocustomcolor\" style=\"background-color:#1488bf;border-radius:1%\"><a href=\"https:\/\/www.linkedin.com\/sharing\/share-offsite\/?url=https%3A%2F%2Fwww.sonnenseite.com%2Fde%2Ftipps%2Ffruehjahrs-check-der-waermepumpe%2F\" title=\"Bei LinkedIn teilen\" aria-label=\"Bei LinkedIn teilen\" role=\"button\" rel=\"noopener nofollow\" class=\"shariff-link\" style=\";border-radius:1%; background-color:#0077b5; color:#fff\" target=\"_blank\"><span class=\"shariff-icon\" style=\"\"><svg width=\"32px\" height=\"20px\" xmlns=\"http:\/\/www.w3.org\/2000\/svg\" viewBox=\"0 0 27 32\"><path fill=\"#0077b5\" d=\"M6.2 11.2v17.7h-5.9v-17.7h5.9zM6.6 5.7q0 1.3-0.9 2.2t-2.4 0.9h0q-1.5 0-2.4-0.9t-0.9-2.2 0.9-2.2 2.4-0.9 2.4 0.9 0.9 2.2zM27.4 18.7v10.1h-5.9v-9.5q0-1.9-0.7-2.9t-2.3-1.1q-1.1 0-1.9 0.6t-1.2 1.5q-0.2 0.5-0.2 1.4v9.9h-5.9q0-7.1 0-11.6t0-5.3l0-0.9h5.9v2.6h0q0.4-0.6 0.7-1t1-0.9 1.6-0.8 2-0.3q3 0 4.9 2t1.9 6z\"\/><\/svg><\/span><\/a><\/li><li class=\"shariff-button printer shariff-nocustomcolor\" style=\"background-color:#a8a8a8;border-radius:1%\"><a href=\"javascript:window.print()\" title=\"drucken\" aria-label=\"drucken\" role=\"button\" rel=\"noopener nofollow\" class=\"shariff-link\" style=\";border-radius:1%; background-color:#999; color:#fff\"><span class=\"shariff-icon\" style=\"\"><svg width=\"32px\" height=\"20px\" xmlns=\"http:\/\/www.w3.org\/2000\/svg\" viewBox=\"0 0 30 32\"><path fill=\"#999\" d=\"M6.8 27.4h16v-4.6h-16v4.6zM6.8 16h16v-6.8h-2.8q-0.7 0-1.2-0.5t-0.5-1.2v-2.8h-11.4v11.4zM27.4 17.2q0-0.5-0.3-0.8t-0.8-0.4-0.8 0.4-0.3 0.8 0.3 0.8 0.8 0.3 0.8-0.3 0.3-0.8zM29.7 17.2v7.4q0 0.2-0.2 0.4t-0.4 0.2h-4v2.8q0 0.7-0.5 1.2t-1.2 0.5h-17.2q-0.7 0-1.2-0.5t-0.5-1.2v-2.8h-4q-0.2 0-0.4-0.2t-0.2-0.4v-7.4q0-1.4 1-2.4t2.4-1h1.2v-9.7q0-0.7 0.5-1.2t1.2-0.5h12q0.7 0 1.6 0.4t1.3 0.8l2.7 2.7q0.5 0.5 0.9 1.4t0.4 1.6v4.6h1.1q1.4 0 2.4 1t1 2.4z\"\/><\/svg><\/span><\/a><\/li><li class=\"shariff-button mailto shariff-nocustomcolor\" style=\"background-color:#a8a8a8;border-radius:1%\"><a href=\"mailto:?body=https%3A%2F%2Fwww.sonnenseite.com%2Fde%2Ftipps%2Ffruehjahrs-check-der-waermepumpe%2F&subject=Fr%C3%BChjahrs-Check%20der%20W%C3%A4rmepumpe\" title=\"Per E-Mail versenden\" aria-label=\"Per E-Mail versenden\" role=\"button\" rel=\"noopener nofollow\" class=\"shariff-link\" style=\";border-radius:1%; background-color:#999; color:#fff\"><span class=\"shariff-icon\" style=\"\"><svg width=\"32px\" height=\"20px\" xmlns=\"http:\/\/www.w3.org\/2000\/svg\" viewBox=\"0 0 32 32\"><path fill=\"#999\" d=\"M32 12.7v14.2q0 1.2-0.8 2t-2 0.9h-26.3q-1.2 0-2-0.9t-0.8-2v-14.2q0.8 0.9 1.8 1.6 6.5 4.4 8.9 6.1 1 0.8 1.6 1.2t1.7 0.9 2 0.4h0.1q0.9 0 2-0.4t1.7-0.9 1.6-1.2q3-2.2 8.9-6.1 1-0.7 1.8-1.6zM32 7.4q0 1.4-0.9 2.7t-2.2 2.2q-6.7 4.7-8.4 5.8-0.2 0.1-0.7 0.5t-1 0.7-0.9 0.6-1.1 0.5-0.9 0.2h-0.1q-0.4 0-0.9-0.2t-1.1-0.5-0.9-0.6-1-0.7-0.7-0.5q-1.6-1.1-4.7-3.2t-3.6-2.6q-1.1-0.7-2.1-2t-1-2.5q0-1.4 0.7-2.3t2.1-0.9h26.3q1.2 0 2 0.8t0.9 2z\"\/><\/svg><\/span><\/a><\/li><\/ul><\/div>","protected":false},"excerpt":{"rendered":"<p>In wenigen Wochen endet die Heizsaison. Das ist die ideale Zeit f\u00fcr einen gr\u00fcndlichen Check der [&hellip;]<\/p>\n","protected":false},"author":3,"featured_media":114184,"comment_status":"closed","ping_status":"closed","sticky":false,"template":"","format":"standard","meta":{"inline_featured_image":false,"footnotes":""},"categories":[28],"tags":[],"class_list":["post-114183","post","type-post","status-publish","format-standard","has-post-thumbnail","hentry","category-tipps"],"yoast_head":"<!-- This site is optimized with the Yoast SEO plugin v26.5 - https:\/\/yoast.com\/wordpress\/plugins\/seo\/ -->\n<title>Fr\u00fchjahrs-Check der W\u00e4rmepumpe - Sonnenseite - \u00d6kologische Kommunikation mit Franz Alt<\/title>\n<meta name=\"description\" content=\"In wenigen Wochen endet die Heizsaison. Das ist die ideale Zeit f\u00fcr einen gr\u00fcndlichen Check der W\u00e4rmepumpe. Verbraucherzentrale NRW gibt Tipps, wie die\" \/>\n<meta name=\"robots\" content=\"index, follow, max-snippet:-1, max-image-preview:large, max-video-preview:-1\" \/>\n<link rel=\"canonical\" href=\"https:\/\/www.sonnenseite.com\/de\/tipps\/fruehjahrs-check-der-waermepumpe\/\" \/>\n<meta property=\"og:locale\" content=\"de_DE\" \/>\n<meta property=\"og:type\" content=\"article\" \/>\n<meta property=\"og:title\" content=\"Fr\u00fchjahrs-Check der W\u00e4rmepumpe - Sonnenseite - \u00d6kologische Kommunikation mit Franz Alt\" \/>\n<meta property=\"og:description\" content=\"In wenigen Wochen endet die Heizsaison. Das ist die ideale Zeit f\u00fcr einen gr\u00fcndlichen Check der W\u00e4rmepumpe. Verbraucherzentrale NRW gibt Tipps, wie die\" \/>\n<meta property=\"og:url\" content=\"https:\/\/www.sonnenseite.com\/de\/tipps\/fruehjahrs-check-der-waermepumpe\/\" \/>\n<meta property=\"og:site_name\" content=\"Sonnenseite\" \/>\n<meta property=\"article:publisher\" content=\"https:\/\/www.facebook.com\/pages\/Franz-Alt-SONNENSEITECOM\/221072987903953?fref=ts\" \/>\n<meta property=\"article:published_time\" content=\"2026-04-25T00:23:00+00:00\" \/>\n<meta property=\"og:image\" content=\"https:\/\/www.sonnenseite.com\/wp-content\/uploads\/2026\/04\/VZ-NRW-adpic-Waermepumpe.jpg\" \/>\n\t<meta property=\"og:image:width\" content=\"770\" \/>\n\t<meta property=\"og:image:height\" content=\"420\" \/>\n\t<meta property=\"og:image:type\" content=\"image\/jpeg\" \/>\n<meta name=\"author\" content=\"Bigi Alt\" \/>\n<meta name=\"twitter:card\" content=\"summary_large_image\" \/>\n<meta name=\"twitter:creator\" content=\"@franzalt\" \/>\n<meta name=\"twitter:site\" content=\"@franzalt\" \/>\n<meta name=\"twitter:label1\" content=\"Verfasst von\" \/>\n\t<meta name=\"twitter:data1\" content=\"Bigi Alt\" \/>\n\t<meta name=\"twitter:label2\" content=\"Gesch\u00e4tzte Lesezeit\" \/>\n\t<meta name=\"twitter:data2\" content=\"4\u00a0Minuten\" \/>\n<script type=\"application\/ld+json\" class=\"yoast-schema-graph\">{\"@context\":\"https:\/\/schema.org\",\"@graph\":[{\"@type\":\"Article\",\"@id\":\"https:\/\/www.sonnenseite.com\/de\/tipps\/fruehjahrs-check-der-waermepumpe\/#article\",\"isPartOf\":{\"@id\":\"https:\/\/www.sonnenseite.com\/de\/tipps\/fruehjahrs-check-der-waermepumpe\/\"},\"author\":{\"name\":\"Bigi Alt\",\"@id\":\"https:\/\/www.sonnenseite.com\/de\/#\/schema\/person\/50fda0e926597684c7cc6695238a4eb9\"},\"headline\":\"Fr\u00fchjahrs-Check der W\u00e4rmepumpe\",\"datePublished\":\"2026-04-25T00:23:00+00:00\",\"mainEntityOfPage\":{\"@id\":\"https:\/\/www.sonnenseite.com\/de\/tipps\/fruehjahrs-check-der-waermepumpe\/\"},\"wordCount\":726,\"publisher\":{\"@id\":\"https:\/\/www.sonnenseite.com\/de\/#organization\"},\"image\":{\"@id\":\"https:\/\/www.sonnenseite.com\/de\/tipps\/fruehjahrs-check-der-waermepumpe\/#primaryimage\"},\"thumbnailUrl\":\"https:\/\/www.sonnenseite.com\/wp-content\/uploads\/2026\/04\/VZ-NRW-adpic-Waermepumpe.jpg\",\"articleSection\":[\"Tipps\"],\"inLanguage\":\"de\"},{\"@type\":\"WebPage\",\"@id\":\"https:\/\/www.sonnenseite.com\/de\/tipps\/fruehjahrs-check-der-waermepumpe\/\",\"url\":\"https:\/\/www.sonnenseite.com\/de\/tipps\/fruehjahrs-check-der-waermepumpe\/\",\"name\":\"Fr\u00fchjahrs-Check der W\u00e4rmepumpe - Sonnenseite - \u00d6kologische Kommunikation mit Franz Alt\",\"isPartOf\":{\"@id\":\"https:\/\/www.sonnenseite.com\/de\/#website\"},\"primaryImageOfPage\":{\"@id\":\"https:\/\/www.sonnenseite.com\/de\/tipps\/fruehjahrs-check-der-waermepumpe\/#primaryimage\"},\"image\":{\"@id\":\"https:\/\/www.sonnenseite.com\/de\/tipps\/fruehjahrs-check-der-waermepumpe\/#primaryimage\"},\"thumbnailUrl\":\"https:\/\/www.sonnenseite.com\/wp-content\/uploads\/2026\/04\/VZ-NRW-adpic-Waermepumpe.jpg\",\"datePublished\":\"2026-04-25T00:23:00+00:00\",\"description\":\"In wenigen Wochen endet die Heizsaison. Das ist die ideale Zeit f\u00fcr einen gr\u00fcndlichen Check der W\u00e4rmepumpe. Verbraucherzentrale NRW gibt Tipps, wie die\",\"breadcrumb\":{\"@id\":\"https:\/\/www.sonnenseite.com\/de\/tipps\/fruehjahrs-check-der-waermepumpe\/#breadcrumb\"},\"inLanguage\":\"de\",\"potentialAction\":[{\"@type\":\"ReadAction\",\"target\":[\"https:\/\/www.sonnenseite.com\/de\/tipps\/fruehjahrs-check-der-waermepumpe\/\"]}]},{\"@type\":\"ImageObject\",\"inLanguage\":\"de\",\"@id\":\"https:\/\/www.sonnenseite.com\/de\/tipps\/fruehjahrs-check-der-waermepumpe\/#primaryimage\",\"url\":\"https:\/\/www.sonnenseite.com\/wp-content\/uploads\/2026\/04\/VZ-NRW-adpic-Waermepumpe.jpg\",\"contentUrl\":\"https:\/\/www.sonnenseite.com\/wp-content\/uploads\/2026\/04\/VZ-NRW-adpic-Waermepumpe.jpg\",\"width\":770,\"height\":420,\"caption\":\"VZ NRW\/adpic\"},{\"@type\":\"BreadcrumbList\",\"@id\":\"https:\/\/www.sonnenseite.com\/de\/tipps\/fruehjahrs-check-der-waermepumpe\/#breadcrumb\",\"itemListElement\":[{\"@type\":\"ListItem\",\"position\":1,\"name\":\"Startseite\",\"item\":\"https:\/\/www.sonnenseite.com\/de\/\"},{\"@type\":\"ListItem\",\"position\":2,\"name\":\"Fr\u00fchjahrs-Check der W\u00e4rmepumpe\"}]},{\"@type\":\"WebSite\",\"@id\":\"https:\/\/www.sonnenseite.com\/de\/#website\",\"url\":\"https:\/\/www.sonnenseite.com\/de\/\",\"name\":\"Sonnenseite\",\"description\":\"\u00d6kologische Kommunikation mit Franz Alt\",\"publisher\":{\"@id\":\"https:\/\/www.sonnenseite.com\/de\/#organization\"},\"potentialAction\":[{\"@type\":\"SearchAction\",\"target\":{\"@type\":\"EntryPoint\",\"urlTemplate\":\"https:\/\/www.sonnenseite.com\/de\/?s={search_term_string}\"},\"query-input\":{\"@type\":\"PropertyValueSpecification\",\"valueRequired\":true,\"valueName\":\"search_term_string\"}}],\"inLanguage\":\"de\"},{\"@type\":\"Organization\",\"@id\":\"https:\/\/www.sonnenseite.com\/de\/#organization\",\"name\":\"Sonnenseite\",\"url\":\"https:\/\/www.sonnenseite.com\/de\/\",\"logo\":{\"@type\":\"ImageObject\",\"inLanguage\":\"de\",\"@id\":\"https:\/\/www.sonnenseite.com\/de\/#\/schema\/logo\/image\/\",\"url\":\"https:\/\/www.sonnenseite.com\/wp-content\/uploads\/2020\/05\/Sonnenseite_Logo.png\",\"contentUrl\":\"https:\/\/www.sonnenseite.com\/wp-content\/uploads\/2020\/05\/Sonnenseite_Logo.png\",\"width\":377,\"height\":90,\"caption\":\"Sonnenseite\"},\"image\":{\"@id\":\"https:\/\/www.sonnenseite.com\/de\/#\/schema\/logo\/image\/\"},\"sameAs\":[\"https:\/\/www.facebook.com\/pages\/Franz-Alt-SONNENSEITECOM\/221072987903953?fref=ts\",\"https:\/\/x.com\/franzalt\",\"http:\/\/www.youtube.com\/results?search_query&amp;amp;quot;franz_alt&amp;amp;quot;&amp;amp;amp;amp;search_type&amp;amp;amp;amp;aq=f\"]},{\"@type\":\"Person\",\"@id\":\"https:\/\/www.sonnenseite.com\/de\/#\/schema\/person\/50fda0e926597684c7cc6695238a4eb9\",\"name\":\"Bigi Alt\"}]}<\/script>\n<!-- \/ Yoast SEO plugin. -->","yoast_head_json":{"title":"Fr\u00fchjahrs-Check der W\u00e4rmepumpe - Sonnenseite - \u00d6kologische Kommunikation mit Franz Alt","description":"In wenigen Wochen endet die Heizsaison. Das ist die ideale Zeit f\u00fcr einen gr\u00fcndlichen Check der W\u00e4rmepumpe. Verbraucherzentrale NRW gibt Tipps, wie die","robots":{"index":"index","follow":"follow","max-snippet":"max-snippet:-1","max-image-preview":"max-image-preview:large","max-video-preview":"max-video-preview:-1"},"canonical":"https:\/\/www.sonnenseite.com\/de\/tipps\/fruehjahrs-check-der-waermepumpe\/","og_locale":"de_DE","og_type":"article","og_title":"Fr\u00fchjahrs-Check der W\u00e4rmepumpe - Sonnenseite - \u00d6kologische Kommunikation mit Franz Alt","og_description":"In wenigen Wochen endet die Heizsaison. Das ist die ideale Zeit f\u00fcr einen gr\u00fcndlichen Check der W\u00e4rmepumpe. Verbraucherzentrale NRW gibt Tipps, wie die","og_url":"https:\/\/www.sonnenseite.com\/de\/tipps\/fruehjahrs-check-der-waermepumpe\/","og_site_name":"Sonnenseite","article_publisher":"https:\/\/www.facebook.com\/pages\/Franz-Alt-SONNENSEITECOM\/221072987903953?fref=ts","article_published_time":"2026-04-25T00:23:00+00:00","og_image":[{"width":770,"height":420,"url":"https:\/\/www.sonnenseite.com\/wp-content\/uploads\/2026\/04\/VZ-NRW-adpic-Waermepumpe.jpg","type":"image\/jpeg"}],"author":"Bigi Alt","twitter_card":"summary_large_image","twitter_creator":"@franzalt","twitter_site":"@franzalt","twitter_misc":{"Verfasst von":"Bigi Alt","Gesch\u00e4tzte Lesezeit":"4\u00a0Minuten"},"schema":{"@context":"https:\/\/schema.org","@graph":[{"@type":"Article","@id":"https:\/\/www.sonnenseite.com\/de\/tipps\/fruehjahrs-check-der-waermepumpe\/#article","isPartOf":{"@id":"https:\/\/www.sonnenseite.com\/de\/tipps\/fruehjahrs-check-der-waermepumpe\/"},"author":{"name":"Bigi Alt","@id":"https:\/\/www.sonnenseite.com\/de\/#\/schema\/person\/50fda0e926597684c7cc6695238a4eb9"},"headline":"Fr\u00fchjahrs-Check der W\u00e4rmepumpe","datePublished":"2026-04-25T00:23:00+00:00","mainEntityOfPage":{"@id":"https:\/\/www.sonnenseite.com\/de\/tipps\/fruehjahrs-check-der-waermepumpe\/"},"wordCount":726,"publisher":{"@id":"https:\/\/www.sonnenseite.com\/de\/#organization"},"image":{"@id":"https:\/\/www.sonnenseite.com\/de\/tipps\/fruehjahrs-check-der-waermepumpe\/#primaryimage"},"thumbnailUrl":"https:\/\/www.sonnenseite.com\/wp-content\/uploads\/2026\/04\/VZ-NRW-adpic-Waermepumpe.jpg","articleSection":["Tipps"],"inLanguage":"de"},{"@type":"WebPage","@id":"https:\/\/www.sonnenseite.com\/de\/tipps\/fruehjahrs-check-der-waermepumpe\/","url":"https:\/\/www.sonnenseite.com\/de\/tipps\/fruehjahrs-check-der-waermepumpe\/","name":"Fr\u00fchjahrs-Check der W\u00e4rmepumpe - Sonnenseite - \u00d6kologische Kommunikation mit Franz Alt","isPartOf":{"@id":"https:\/\/www.sonnenseite.com\/de\/#website"},"primaryImageOfPage":{"@id":"https:\/\/www.sonnenseite.com\/de\/tipps\/fruehjahrs-check-der-waermepumpe\/#primaryimage"},"image":{"@id":"https:\/\/www.sonnenseite.com\/de\/tipps\/fruehjahrs-check-der-waermepumpe\/#primaryimage"},"thumbnailUrl":"https:\/\/www.sonnenseite.com\/wp-content\/uploads\/2026\/04\/VZ-NRW-adpic-Waermepumpe.jpg","datePublished":"2026-04-25T00:23:00+00:00","description":"In wenigen Wochen endet die Heizsaison. Das ist die ideale Zeit f\u00fcr einen gr\u00fcndlichen Check der W\u00e4rmepumpe. Verbraucherzentrale NRW gibt Tipps, wie die","breadcrumb":{"@id":"https:\/\/www.sonnenseite.com\/de\/tipps\/fruehjahrs-check-der-waermepumpe\/#breadcrumb"},"inLanguage":"de","potentialAction":[{"@type":"ReadAction","target":["https:\/\/www.sonnenseite.com\/de\/tipps\/fruehjahrs-check-der-waermepumpe\/"]}]},{"@type":"ImageObject","inLanguage":"de","@id":"https:\/\/www.sonnenseite.com\/de\/tipps\/fruehjahrs-check-der-waermepumpe\/#primaryimage","url":"https:\/\/www.sonnenseite.com\/wp-content\/uploads\/2026\/04\/VZ-NRW-adpic-Waermepumpe.jpg","contentUrl":"https:\/\/www.sonnenseite.com\/wp-content\/uploads\/2026\/04\/VZ-NRW-adpic-Waermepumpe.jpg","width":770,"height":420,"caption":"VZ NRW\/adpic"},{"@type":"BreadcrumbList","@id":"https:\/\/www.sonnenseite.com\/de\/tipps\/fruehjahrs-check-der-waermepumpe\/#breadcrumb","itemListElement":[{"@type":"ListItem","position":1,"name":"Startseite","item":"https:\/\/www.sonnenseite.com\/de\/"},{"@type":"ListItem","position":2,"name":"Fr\u00fchjahrs-Check der W\u00e4rmepumpe"}]},{"@type":"WebSite","@id":"https:\/\/www.sonnenseite.com\/de\/#website","url":"https:\/\/www.sonnenseite.com\/de\/","name":"Sonnenseite","description":"\u00d6kologische Kommunikation mit Franz Alt","publisher":{"@id":"https:\/\/www.sonnenseite.com\/de\/#organization"},"potentialAction":[{"@type":"SearchAction","target":{"@type":"EntryPoint","urlTemplate":"https:\/\/www.sonnenseite.com\/de\/?s={search_term_string}"},"query-input":{"@type":"PropertyValueSpecification","valueRequired":true,"valueName":"search_term_string"}}],"inLanguage":"de"},{"@type":"Organization","@id":"https:\/\/www.sonnenseite.com\/de\/#organization","name":"Sonnenseite","url":"https:\/\/www.sonnenseite.com\/de\/","logo":{"@type":"ImageObject","inLanguage":"de","@id":"https:\/\/www.sonnenseite.com\/de\/#\/schema\/logo\/image\/","url":"https:\/\/www.sonnenseite.com\/wp-content\/uploads\/2020\/05\/Sonnenseite_Logo.png","contentUrl":"https:\/\/www.sonnenseite.com\/wp-content\/uploads\/2020\/05\/Sonnenseite_Logo.png","width":377,"height":90,"caption":"Sonnenseite"},"image":{"@id":"https:\/\/www.sonnenseite.com\/de\/#\/schema\/logo\/image\/"},"sameAs":["https:\/\/www.facebook.com\/pages\/Franz-Alt-SONNENSEITECOM\/221072987903953?fref=ts","https:\/\/x.com\/franzalt","http:\/\/www.youtube.com\/results?search_query&amp;amp;quot;franz_alt&amp;amp;quot;&amp;amp;amp;amp;search_type&amp;amp;amp;amp;aq=f"]},{"@type":"Person","@id":"https:\/\/www.sonnenseite.com\/de\/#\/schema\/person\/50fda0e926597684c7cc6695238a4eb9","name":"Bigi Alt"}]}},"_links":{"self":[{"href":"https:\/\/www.sonnenseite.com\/de\/wp-json\/wp\/v2\/posts\/114183","targetHints":{"allow":["GET"]}}],"collection":[{"href":"https:\/\/www.sonnenseite.com\/de\/wp-json\/wp\/v2\/posts"}],"about":[{"href":"https:\/\/www.sonnenseite.com\/de\/wp-json\/wp\/v2\/types\/post"}],"author":[{"embeddable":true,"href":"https:\/\/www.sonnenseite.com\/de\/wp-json\/wp\/v2\/users\/3"}],"replies":[{"embeddable":true,"href":"https:\/\/www.sonnenseite.com\/de\/wp-json\/wp\/v2\/comments?post=114183"}],"version-history":[{"count":2,"href":"https:\/\/www.sonnenseite.com\/de\/wp-json\/wp\/v2\/posts\/114183\/revisions"}],"predecessor-version":[{"id":114187,"href":"https:\/\/www.sonnenseite.com\/de\/wp-json\/wp\/v2\/posts\/114183\/revisions\/114187"}],"wp:featuredmedia":[{"embeddable":true,"href":"https:\/\/www.sonnenseite.com\/de\/wp-json\/wp\/v2\/media\/114184"}],"wp:attachment":[{"href":"https:\/\/www.sonnenseite.com\/de\/wp-json\/wp\/v2\/media?parent=114183"}],"wp:term":[{"taxonomy":"category","embeddable":true,"href":"https:\/\/www.sonnenseite.com\/de\/wp-json\/wp\/v2\/categories?post=114183"},{"taxonomy":"post_tag","embeddable":true,"href":"https:\/\/www.sonnenseite.com\/de\/wp-json\/wp\/v2\/tags?post=114183"}],"curies":[{"name":"wp","href":"https:\/\/api.w.org\/{rel}","templated":true}]}}