{"id":114204,"date":"2026-04-25T08:00:19","date_gmt":"2026-04-25T06:00:19","guid":{"rendered":"https:\/\/www.sonnenseite.com\/?p=114204"},"modified":"2026-04-25T08:40:58","modified_gmt":"2026-04-25T06:40:58","slug":"klimawandel-schadet-auch-der-gesundheit","status":"publish","type":"post","link":"https:\/\/www.sonnenseite.com\/de\/franz-alt\/kommentare-interviews\/klimawandel-schadet-auch-der-gesundheit\/","title":{"rendered":"Klimawandel schadet auch der Gesundheit"},"content":{"rendered":"\n<p>Extreme Hitze, fr\u00fchere Pollensaison, mehr tropische Infektionskrankheiten: In vielen L\u00e4ndern Europas steigt die Zahl der hitzebedingten Todesf\u00e4lle. <\/p>\n\n\n\n<p>Von 52 Toten im Jahr 2015 pro einer Million Einwohner auf mehr als 122 Toten pro einer Million Menschen in Spanien, Italien, Griechenland, Deutschland und Bulgarien. Die Studie dazu vom Uniklinikum Heidelberg ist jetzt im <a href=\"https:\/\/www.thelancet.com\/journals\/lanpub\/article\/PIIS2468-2667(26)00025-3\/fulltext\">Fachmagazin \u201eThe Lancet\u201c (Lancet Countdown Europe Report 2026)<\/a> erschienen.<\/p>\n\n\n\n<p><strong>Die Zahl der Hitzetoten hat sich in ganz Europa innerhalb der letzten zehn Jahre etwa verdreifacht.<\/strong><\/p>\n\n\n\n<p>Doch es gibt auch positive Entwicklungen: In derselben Zeit hat sich der Anteil der erneuerbaren Energien am Gesamtenergieverbrauch in der EU auch verdreifacht. Und jetzt kurbelt die aktuelle Energiekrise um die Stra\u00dfe von Hormus den globalen Klimaschutz weiter an. <\/p>\n\n\n\n<p>Beim <a href=\"https:\/\/www.bundesumweltministerium.de\/pressemitteilung\/17-petersberger-klimadialog-mehr-als-30-laender-beraten-ueber-klimapolitik-und-ausweg-aus-fossiler-energiekrise\">Klimadialog in Berlin<\/a> fordern fast alle Teilnehmer, auch der deutsche Umweltminister Carsten Schneider, die Abkehr von fossilen Brennstoffen. Schneider sagte in Berlin: &#8222;Wer von fossiler Energie abh\u00e4ngig ist, sehe sich un\u00fcbersehbaren Risiken gegen\u00fcber.&#8220; \u00a0Und: \u201eDen Umbau zu verz\u00f6gern, bringt enorme Kosten mit sich.\u201c Das ist allerdings auch eine Mahnung an die eigene Regierung in Berlin, in der vor allem die Wirtschaftsministerin Katherina Reiche den Ausbau der Erneuerbaren verz\u00f6gert und verdr\u00e4ngt.<\/p>\n\n\n\n<h4 class=\"wp-block-heading\">Warum hat diese Bundesregierung aus der \u00d6lpreiskrise der Siebziger nichts gelernt? <\/h4>\n\n\n<div class=\"wp-block-image\">\n<figure class=\"alignright size-large is-resized\"><a href=\"https:\/\/www.sonnenseite.com\/wp-content\/uploads\/2020\/06\/FA_JimmyCarter_Volker_Wiciok.jpg\"><img loading=\"lazy\" decoding=\"async\" width=\"1024\" height=\"683\" src=\"https:\/\/www.sonnenseite.com\/wp-content\/uploads\/2020\/06\/FA_JimmyCarter_Volker_Wiciok-1024x683.jpg\" alt=\"01.11.2012, Bochum - II. HERAUSFORDERUNG ZUKUNFT - Franz Alt und der ehemalige US-Praesident Jimmy Carter Foto: Volker Wiciok \/ L I C H T B L I C K [MODEL RELEASE: NO - PROPERTY RELEASE: NO - LOCATION RELEASE: NO - Lichtblick GbR - Oskar-Hoffmann-Strasse 45, D-44789 B o c h u m -- T +49.234.6105810 -- F +49.234.6105815 -- www.lichtblick-fotos.de -- Bei Verwendung des Fotos ausserhalb journalistischer Zwecke bitte Ruecksprache mit der Agentur. Soweit nicht ausdruecklich vermerkt, werden keine Persoenlichkeits-, Eigentums-, Kunst- oder Markenrechte eingeraeumt.]\" class=\"wp-image-58761\" style=\"aspect-ratio:1.4992875056999544;width:310px;height:auto\" srcset=\"https:\/\/www.sonnenseite.com\/wp-content\/uploads\/2020\/06\/FA_JimmyCarter_Volker_Wiciok-1024x683.jpg 1024w, https:\/\/www.sonnenseite.com\/wp-content\/uploads\/2020\/06\/FA_JimmyCarter_Volker_Wiciok-300x200.jpg 300w, https:\/\/www.sonnenseite.com\/wp-content\/uploads\/2020\/06\/FA_JimmyCarter_Volker_Wiciok-768x512.jpg 768w, https:\/\/www.sonnenseite.com\/wp-content\/uploads\/2020\/06\/FA_JimmyCarter_Volker_Wiciok-1536x1024.jpg 1536w, https:\/\/www.sonnenseite.com\/wp-content\/uploads\/2020\/06\/FA_JimmyCarter_Volker_Wiciok-2048x1365.jpg 2048w, https:\/\/www.sonnenseite.com\/wp-content\/uploads\/2020\/06\/FA_JimmyCarter_Volker_Wiciok-750x500.jpg 750w\" sizes=\"auto, (max-width: 1024px) 100vw, 1024px\" \/><\/a><figcaption class=\"wp-element-caption\">Foto: Volker Wiciok \/ Jimmy Carter und Franz Alt in Bochum 2012. Jimmy Carter amtierte von 1977 bis 1981 als 39. US-Pr\u00e4sident. Er erhielt 2002 den Friedensnobelpreis.<\/figcaption><\/figure>\n<\/div>\n\n\n<p>Damals gab es ein Sonntagsfahrverbot f\u00fcr PKWs, ein Tempolimit sogar in Deutschland und dann eine schnell wachsende Umweltbewegung und die Gr\u00fcndung gr\u00fcner Parteien fast in der ganzen Welt. Der damalige US-Pr\u00e4sident Jimmy Carter lie\u00df sich eine Solaranlage ans Wei\u00dfe Haus schrauben, die freilich sein Nachfolger Ronald Reagan ebenso symbolisch wieder entfernen lie\u00df, wie mir Jimmy Carter mal erz\u00e4hlte.<\/p>\n\n\n\n<p>Der <a href=\"http:\/\/kurbelt die Energiekrise den klimaschutz an\">Germanwatch-Vorsitzende Christoph Balz<\/a> jetzt in Berlin: Die \u00d6lpreiskrise in den Siebzigern hat daf\u00fcr gesorgt, dass in der EU die CO<sub>2<\/sub>-Emissionen stark sanken. \u201eWir m\u00fcssen auch in der jetzigen Krise das Momentum nutzen.\u201c<\/p>\n\n\n\n<p>H\u00e4tten wir das Tempo der Siebziger Jahre bis heute beibehalten, dann w\u00e4ren wir l\u00e4ngst bei einhundert Prozent erneuerbarer Energie. Wir h\u00e4tten weniger Probleme, mehr Sicherheit und Freiheit, preiswertere Energie, weniger Zorn an den Tankstellen, eine bessere Zukunft f\u00fcr unsere Kinder und Enkel und f\u00fcr alle eine bessere Gesundheit. Doch noch ist es f\u00fcr alle diese Vorteile nicht zu sp\u00e4t. Wir k\u00f6nnen auch in der heutigen Krise die Chance erkennen und ergreifen. Dazu braucht es nicht einmal die Stra\u00dfe von Hormus.<\/p>\n\n\n\n<ul class=\"wp-block-list\">\n<li><a href=\"https:\/\/www.thelancet.com\/journals\/lanpub\/article\/PIIS2468-2667(26)00025-3\/fulltext\">THE LANCET &#8222;The 2026 Europe report of the <em>Lancet<\/em> Countdown on health and climate change: narrowing window for decisive health action&#8220;<\/a><\/li>\n\n\n\n<li>Germanwatch <a href=\"https:\/\/www.germanwatch.org\/de\/93477\">Petersberg gibt viele Hinweise auf weltweit beschleunigte Abkehr von fossilen Energien, aber klare Strategie fehlt noch<\/a><\/li>\n\n\n\n<li>Germanwatch <a href=\"https:\/\/www.germanwatch.org\/de\/93478\">Unklare Umstellungs-Regeln machen Kraftwerksstrategie zum Kostenrisiko<\/a><\/li>\n<\/ul>\n\n\n<h5 class=\"green\">Quelle<\/h5>\r\n\n\n\n<p><a href=\"mailto:franzalt@sonnenseite.com\">Franz Alt 2026<\/a><\/p>\n<div class=\"shariff shariff-align-flex-start shariff-widget-align-flex-start\"><div class=\"ShariffHeadline\">Diese Meldung teilen<\/div><ul class=\"shariff-buttons theme-round orientation-horizontal buttonsize-medium\"><li class=\"shariff-button facebook shariff-nocustomcolor\" style=\"background-color:#4273c8;border-radius:1%\"><a href=\"https:\/\/www.facebook.com\/sharer\/sharer.php?u=https%3A%2F%2Fwww.sonnenseite.com%2Fde%2Ffranz-alt%2Fkommentare-interviews%2Fklimawandel-schadet-auch-der-gesundheit%2F\" title=\"Bei Facebook teilen\" aria-label=\"Bei Facebook teilen\" role=\"button\" rel=\"nofollow\" class=\"shariff-link\" style=\";border-radius:1%; background-color:#3b5998; color:#fff\" target=\"_blank\"><span class=\"shariff-icon\" style=\"\"><svg width=\"32px\" height=\"20px\" xmlns=\"http:\/\/www.w3.org\/2000\/svg\" viewBox=\"0 0 18 32\"><path fill=\"#3b5998\" d=\"M17.1 0.2v4.7h-2.8q-1.5 0-2.1 0.6t-0.5 1.9v3.4h5.2l-0.7 5.3h-4.5v13.6h-5.5v-13.6h-4.5v-5.3h4.5v-3.9q0-3.3 1.9-5.2t5-1.8q2.6 0 4.1 0.2z\"\/><\/svg><\/span><\/a><\/li><li class=\"shariff-button twitter shariff-nocustomcolor\" style=\"background-color:#595959;border-radius:1%\"><a href=\"https:\/\/twitter.com\/share?url=https%3A%2F%2Fwww.sonnenseite.com%2Fde%2Ffranz-alt%2Fkommentare-interviews%2Fklimawandel-schadet-auch-der-gesundheit%2F&text=Klimawandel%20schadet%20auch%20der%20Gesundheit\" title=\"Bei X teilen\" aria-label=\"Bei X teilen\" role=\"button\" rel=\"noopener nofollow\" class=\"shariff-link\" style=\";border-radius:1%; background-color:#000; color:#fff\" target=\"_blank\"><span class=\"shariff-icon\" style=\"\"><svg width=\"32px\" height=\"20px\" xmlns=\"http:\/\/www.w3.org\/2000\/svg\" viewBox=\"0 0 24 24\"><path fill=\"#000\" d=\"M14.258 10.152L23.176 0h-2.113l-7.747 8.813L7.133 0H0l9.352 13.328L0 23.973h2.113l8.176-9.309 6.531 9.309h7.133zm-2.895 3.293l-.949-1.328L2.875 1.56h3.246l6.086 8.523.945 1.328 7.91 11.078h-3.246zm0 0\"\/><\/svg><\/span><\/a><\/li><li class=\"shariff-button xing shariff-nocustomcolor\" style=\"background-color:#29888a;border-radius:1%\"><a href=\"https:\/\/www.xing.com\/spi\/shares\/new?url=https%3A%2F%2Fwww.sonnenseite.com%2Fde%2Ffranz-alt%2Fkommentare-interviews%2Fklimawandel-schadet-auch-der-gesundheit%2F\" title=\"Bei XING teilen\" aria-label=\"Bei XING teilen\" role=\"button\" rel=\"noopener nofollow\" class=\"shariff-link\" style=\";border-radius:1%; background-color:#126567; color:#fff\" target=\"_blank\"><span class=\"shariff-icon\" style=\"\"><svg width=\"32px\" height=\"20px\" xmlns=\"http:\/\/www.w3.org\/2000\/svg\" viewBox=\"0 0 25 32\"><path fill=\"#126567\" d=\"M10.7 11.9q-0.2 0.3-4.6 8.2-0.5 0.8-1.2 0.8h-4.3q-0.4 0-0.5-0.3t0-0.6l4.5-8q0 0 0 0l-2.9-5q-0.2-0.4 0-0.7 0.2-0.3 0.5-0.3h4.3q0.7 0 1.2 0.8zM25.1 0.4q0.2 0.3 0 0.7l-9.4 16.7 6 11q0.2 0.4 0 0.6-0.2 0.3-0.6 0.3h-4.3q-0.7 0-1.2-0.8l-6-11.1q0.3-0.6 9.5-16.8 0.4-0.8 1.2-0.8h4.3q0.4 0 0.5 0.3z\"\/><\/svg><\/span><\/a><\/li><li class=\"shariff-button linkedin shariff-nocustomcolor\" style=\"background-color:#1488bf;border-radius:1%\"><a href=\"https:\/\/www.linkedin.com\/sharing\/share-offsite\/?url=https%3A%2F%2Fwww.sonnenseite.com%2Fde%2Ffranz-alt%2Fkommentare-interviews%2Fklimawandel-schadet-auch-der-gesundheit%2F\" title=\"Bei LinkedIn teilen\" aria-label=\"Bei LinkedIn teilen\" role=\"button\" rel=\"noopener nofollow\" class=\"shariff-link\" style=\";border-radius:1%; background-color:#0077b5; color:#fff\" target=\"_blank\"><span class=\"shariff-icon\" style=\"\"><svg width=\"32px\" height=\"20px\" xmlns=\"http:\/\/www.w3.org\/2000\/svg\" viewBox=\"0 0 27 32\"><path fill=\"#0077b5\" d=\"M6.2 11.2v17.7h-5.9v-17.7h5.9zM6.6 5.7q0 1.3-0.9 2.2t-2.4 0.9h0q-1.5 0-2.4-0.9t-0.9-2.2 0.9-2.2 2.4-0.9 2.4 0.9 0.9 2.2zM27.4 18.7v10.1h-5.9v-9.5q0-1.9-0.7-2.9t-2.3-1.1q-1.1 0-1.9 0.6t-1.2 1.5q-0.2 0.5-0.2 1.4v9.9h-5.9q0-7.1 0-11.6t0-5.3l0-0.9h5.9v2.6h0q0.4-0.6 0.7-1t1-0.9 1.6-0.8 2-0.3q3 0 4.9 2t1.9 6z\"\/><\/svg><\/span><\/a><\/li><li class=\"shariff-button printer shariff-nocustomcolor\" style=\"background-color:#a8a8a8;border-radius:1%\"><a href=\"javascript:window.print()\" title=\"drucken\" aria-label=\"drucken\" role=\"button\" rel=\"noopener nofollow\" class=\"shariff-link\" style=\";border-radius:1%; background-color:#999; color:#fff\"><span class=\"shariff-icon\" style=\"\"><svg width=\"32px\" height=\"20px\" xmlns=\"http:\/\/www.w3.org\/2000\/svg\" viewBox=\"0 0 30 32\"><path fill=\"#999\" d=\"M6.8 27.4h16v-4.6h-16v4.6zM6.8 16h16v-6.8h-2.8q-0.7 0-1.2-0.5t-0.5-1.2v-2.8h-11.4v11.4zM27.4 17.2q0-0.5-0.3-0.8t-0.8-0.4-0.8 0.4-0.3 0.8 0.3 0.8 0.8 0.3 0.8-0.3 0.3-0.8zM29.7 17.2v7.4q0 0.2-0.2 0.4t-0.4 0.2h-4v2.8q0 0.7-0.5 1.2t-1.2 0.5h-17.2q-0.7 0-1.2-0.5t-0.5-1.2v-2.8h-4q-0.2 0-0.4-0.2t-0.2-0.4v-7.4q0-1.4 1-2.4t2.4-1h1.2v-9.7q0-0.7 0.5-1.2t1.2-0.5h12q0.7 0 1.6 0.4t1.3 0.8l2.7 2.7q0.5 0.5 0.9 1.4t0.4 1.6v4.6h1.1q1.4 0 2.4 1t1 2.4z\"\/><\/svg><\/span><\/a><\/li><li class=\"shariff-button mailto shariff-nocustomcolor\" style=\"background-color:#a8a8a8;border-radius:1%\"><a href=\"mailto:?body=https%3A%2F%2Fwww.sonnenseite.com%2Fde%2Ffranz-alt%2Fkommentare-interviews%2Fklimawandel-schadet-auch-der-gesundheit%2F&subject=Klimawandel%20schadet%20auch%20der%20Gesundheit\" title=\"Per E-Mail versenden\" aria-label=\"Per E-Mail versenden\" role=\"button\" rel=\"noopener nofollow\" class=\"shariff-link\" style=\";border-radius:1%; background-color:#999; color:#fff\"><span class=\"shariff-icon\" style=\"\"><svg width=\"32px\" height=\"20px\" xmlns=\"http:\/\/www.w3.org\/2000\/svg\" viewBox=\"0 0 32 32\"><path fill=\"#999\" d=\"M32 12.7v14.2q0 1.2-0.8 2t-2 0.9h-26.3q-1.2 0-2-0.9t-0.8-2v-14.2q0.8 0.9 1.8 1.6 6.5 4.4 8.9 6.1 1 0.8 1.6 1.2t1.7 0.9 2 0.4h0.1q0.9 0 2-0.4t1.7-0.9 1.6-1.2q3-2.2 8.9-6.1 1-0.7 1.8-1.6zM32 7.4q0 1.4-0.9 2.7t-2.2 2.2q-6.7 4.7-8.4 5.8-0.2 0.1-0.7 0.5t-1 0.7-0.9 0.6-1.1 0.5-0.9 0.2h-0.1q-0.4 0-0.9-0.2t-1.1-0.5-0.9-0.6-1-0.7-0.7-0.5q-1.6-1.1-4.7-3.2t-3.6-2.6q-1.1-0.7-2.1-2t-1-2.5q0-1.4 0.7-2.3t2.1-0.9h26.3q1.2 0 2 0.8t0.9 2z\"\/><\/svg><\/span><\/a><\/li><\/ul><\/div>","protected":false},"excerpt":{"rendered":"<p>Extreme Hitze, fr\u00fchere Pollensaison, mehr tropische Infektionskrankheiten: In vielen L\u00e4ndern Europas steigt die Zahl der hitzebedingten [&hellip;]<\/p>\n","protected":false},"author":3,"featured_media":114207,"comment_status":"closed","ping_status":"closed","sticky":false,"template":"","format":"standard","meta":{"inline_featured_image":false,"footnotes":""},"categories":[29],"tags":[],"class_list":["post-114204","post","type-post","status-publish","format-standard","has-post-thumbnail","hentry","category-kommentare-interviews"],"yoast_head":"<!-- This site is optimized with the Yoast SEO plugin v26.5 - https:\/\/yoast.com\/wordpress\/plugins\/seo\/ -->\n<title>Klimawandel schadet auch der Gesundheit - Sonnenseite - \u00d6kologische Kommunikation mit Franz Alt<\/title>\n<meta name=\"description\" content=\"Extreme Hitze, fr\u00fchere Pollensaison, mehr tropische Infektionskrankheiten: In vielen L\u00e4ndern Europas steigt die Zahl der hitzebedingten Todesf\u00e4lle. Von 52\" \/>\n<meta name=\"robots\" content=\"index, follow, max-snippet:-1, max-image-preview:large, max-video-preview:-1\" \/>\n<link rel=\"canonical\" href=\"https:\/\/www.sonnenseite.com\/de\/franz-alt\/kommentare-interviews\/klimawandel-schadet-auch-der-gesundheit\/\" \/>\n<meta property=\"og:locale\" content=\"de_DE\" \/>\n<meta property=\"og:type\" content=\"article\" \/>\n<meta property=\"og:title\" content=\"Klimawandel schadet auch der Gesundheit - Sonnenseite - \u00d6kologische Kommunikation mit Franz Alt\" \/>\n<meta property=\"og:description\" content=\"Extreme Hitze, fr\u00fchere Pollensaison, mehr tropische Infektionskrankheiten: In vielen L\u00e4ndern Europas steigt die Zahl der hitzebedingten Todesf\u00e4lle. Von 52\" \/>\n<meta property=\"og:url\" content=\"https:\/\/www.sonnenseite.com\/de\/franz-alt\/kommentare-interviews\/klimawandel-schadet-auch-der-gesundheit\/\" \/>\n<meta property=\"og:site_name\" content=\"Sonnenseite\" \/>\n<meta property=\"article:publisher\" content=\"https:\/\/www.facebook.com\/pages\/Franz-Alt-SONNENSEITECOM\/221072987903953?fref=ts\" \/>\n<meta property=\"article:published_time\" content=\"2026-04-25T06:00:19+00:00\" \/>\n<meta property=\"article:modified_time\" content=\"2026-04-25T06:40:58+00:00\" \/>\n<meta property=\"og:image\" content=\"https:\/\/www.sonnenseite.com\/wp-content\/uploads\/2026\/04\/Gesundheit_ai-image-generat.jpg\" \/>\n\t<meta property=\"og:image:width\" content=\"770\" \/>\n\t<meta property=\"og:image:height\" content=\"420\" \/>\n\t<meta property=\"og:image:type\" content=\"image\/jpeg\" \/>\n<meta name=\"author\" content=\"Bigi Alt\" \/>\n<meta name=\"twitter:card\" content=\"summary_large_image\" \/>\n<meta name=\"twitter:creator\" content=\"@franzalt\" \/>\n<meta name=\"twitter:site\" content=\"@franzalt\" \/>\n<meta name=\"twitter:label1\" content=\"Verfasst von\" \/>\n\t<meta name=\"twitter:data1\" content=\"Bigi Alt\" \/>\n\t<meta name=\"twitter:label2\" content=\"Gesch\u00e4tzte Lesezeit\" \/>\n\t<meta name=\"twitter:data2\" content=\"3\u00a0Minuten\" \/>\n<script type=\"application\/ld+json\" class=\"yoast-schema-graph\">{\"@context\":\"https:\/\/schema.org\",\"@graph\":[{\"@type\":\"Article\",\"@id\":\"https:\/\/www.sonnenseite.com\/de\/franz-alt\/kommentare-interviews\/klimawandel-schadet-auch-der-gesundheit\/#article\",\"isPartOf\":{\"@id\":\"https:\/\/www.sonnenseite.com\/de\/franz-alt\/kommentare-interviews\/klimawandel-schadet-auch-der-gesundheit\/\"},\"author\":{\"name\":\"Bigi Alt\",\"@id\":\"https:\/\/www.sonnenseite.com\/de\/#\/schema\/person\/50fda0e926597684c7cc6695238a4eb9\"},\"headline\":\"Klimawandel schadet auch der Gesundheit\",\"datePublished\":\"2026-04-25T06:00:19+00:00\",\"dateModified\":\"2026-04-25T06:40:58+00:00\",\"mainEntityOfPage\":{\"@id\":\"https:\/\/www.sonnenseite.com\/de\/franz-alt\/kommentare-interviews\/klimawandel-schadet-auch-der-gesundheit\/\"},\"wordCount\":467,\"publisher\":{\"@id\":\"https:\/\/www.sonnenseite.com\/de\/#organization\"},\"image\":{\"@id\":\"https:\/\/www.sonnenseite.com\/de\/franz-alt\/kommentare-interviews\/klimawandel-schadet-auch-der-gesundheit\/#primaryimage\"},\"thumbnailUrl\":\"https:\/\/www.sonnenseite.com\/wp-content\/uploads\/2026\/04\/Gesundheit_ai-image-generat.jpg\",\"articleSection\":[\"Kommentare &amp; Interviews\"],\"inLanguage\":\"de\"},{\"@type\":\"WebPage\",\"@id\":\"https:\/\/www.sonnenseite.com\/de\/franz-alt\/kommentare-interviews\/klimawandel-schadet-auch-der-gesundheit\/\",\"url\":\"https:\/\/www.sonnenseite.com\/de\/franz-alt\/kommentare-interviews\/klimawandel-schadet-auch-der-gesundheit\/\",\"name\":\"Klimawandel schadet auch der Gesundheit - Sonnenseite - \u00d6kologische Kommunikation mit Franz Alt\",\"isPartOf\":{\"@id\":\"https:\/\/www.sonnenseite.com\/de\/#website\"},\"primaryImageOfPage\":{\"@id\":\"https:\/\/www.sonnenseite.com\/de\/franz-alt\/kommentare-interviews\/klimawandel-schadet-auch-der-gesundheit\/#primaryimage\"},\"image\":{\"@id\":\"https:\/\/www.sonnenseite.com\/de\/franz-alt\/kommentare-interviews\/klimawandel-schadet-auch-der-gesundheit\/#primaryimage\"},\"thumbnailUrl\":\"https:\/\/www.sonnenseite.com\/wp-content\/uploads\/2026\/04\/Gesundheit_ai-image-generat.jpg\",\"datePublished\":\"2026-04-25T06:00:19+00:00\",\"dateModified\":\"2026-04-25T06:40:58+00:00\",\"description\":\"Extreme Hitze, fr\u00fchere Pollensaison, mehr tropische Infektionskrankheiten: In vielen L\u00e4ndern Europas steigt die Zahl der hitzebedingten Todesf\u00e4lle. Von 52\",\"breadcrumb\":{\"@id\":\"https:\/\/www.sonnenseite.com\/de\/franz-alt\/kommentare-interviews\/klimawandel-schadet-auch-der-gesundheit\/#breadcrumb\"},\"inLanguage\":\"de\",\"potentialAction\":[{\"@type\":\"ReadAction\",\"target\":[\"https:\/\/www.sonnenseite.com\/de\/franz-alt\/kommentare-interviews\/klimawandel-schadet-auch-der-gesundheit\/\"]}]},{\"@type\":\"ImageObject\",\"inLanguage\":\"de\",\"@id\":\"https:\/\/www.sonnenseite.com\/de\/franz-alt\/kommentare-interviews\/klimawandel-schadet-auch-der-gesundheit\/#primaryimage\",\"url\":\"https:\/\/www.sonnenseite.com\/wp-content\/uploads\/2026\/04\/Gesundheit_ai-image-generat.jpg\",\"contentUrl\":\"https:\/\/www.sonnenseite.com\/wp-content\/uploads\/2026\/04\/Gesundheit_ai-image-generat.jpg\",\"width\":770,\"height\":420,\"caption\":\"Depositphotos.com | ai-image-generator\"},{\"@type\":\"BreadcrumbList\",\"@id\":\"https:\/\/www.sonnenseite.com\/de\/franz-alt\/kommentare-interviews\/klimawandel-schadet-auch-der-gesundheit\/#breadcrumb\",\"itemListElement\":[{\"@type\":\"ListItem\",\"position\":1,\"name\":\"Startseite\",\"item\":\"https:\/\/www.sonnenseite.com\/de\/\"},{\"@type\":\"ListItem\",\"position\":2,\"name\":\"Klimawandel schadet auch der Gesundheit\"}]},{\"@type\":\"WebSite\",\"@id\":\"https:\/\/www.sonnenseite.com\/de\/#website\",\"url\":\"https:\/\/www.sonnenseite.com\/de\/\",\"name\":\"Sonnenseite\",\"description\":\"\u00d6kologische Kommunikation mit Franz Alt\",\"publisher\":{\"@id\":\"https:\/\/www.sonnenseite.com\/de\/#organization\"},\"potentialAction\":[{\"@type\":\"SearchAction\",\"target\":{\"@type\":\"EntryPoint\",\"urlTemplate\":\"https:\/\/www.sonnenseite.com\/de\/?s={search_term_string}\"},\"query-input\":{\"@type\":\"PropertyValueSpecification\",\"valueRequired\":true,\"valueName\":\"search_term_string\"}}],\"inLanguage\":\"de\"},{\"@type\":\"Organization\",\"@id\":\"https:\/\/www.sonnenseite.com\/de\/#organization\",\"name\":\"Sonnenseite\",\"url\":\"https:\/\/www.sonnenseite.com\/de\/\",\"logo\":{\"@type\":\"ImageObject\",\"inLanguage\":\"de\",\"@id\":\"https:\/\/www.sonnenseite.com\/de\/#\/schema\/logo\/image\/\",\"url\":\"https:\/\/www.sonnenseite.com\/wp-content\/uploads\/2020\/05\/Sonnenseite_Logo.png\",\"contentUrl\":\"https:\/\/www.sonnenseite.com\/wp-content\/uploads\/2020\/05\/Sonnenseite_Logo.png\",\"width\":377,\"height\":90,\"caption\":\"Sonnenseite\"},\"image\":{\"@id\":\"https:\/\/www.sonnenseite.com\/de\/#\/schema\/logo\/image\/\"},\"sameAs\":[\"https:\/\/www.facebook.com\/pages\/Franz-Alt-SONNENSEITECOM\/221072987903953?fref=ts\",\"https:\/\/x.com\/franzalt\",\"http:\/\/www.youtube.com\/results?search_query&amp;amp;quot;franz_alt&amp;amp;quot;&amp;amp;amp;amp;search_type&amp;amp;amp;amp;aq=f\"]},{\"@type\":\"Person\",\"@id\":\"https:\/\/www.sonnenseite.com\/de\/#\/schema\/person\/50fda0e926597684c7cc6695238a4eb9\",\"name\":\"Bigi Alt\"}]}<\/script>\n<!-- \/ Yoast SEO plugin. -->","yoast_head_json":{"title":"Klimawandel schadet auch der Gesundheit - Sonnenseite - \u00d6kologische Kommunikation mit Franz Alt","description":"Extreme Hitze, fr\u00fchere Pollensaison, mehr tropische Infektionskrankheiten: In vielen L\u00e4ndern Europas steigt die Zahl der hitzebedingten Todesf\u00e4lle. Von 52","robots":{"index":"index","follow":"follow","max-snippet":"max-snippet:-1","max-image-preview":"max-image-preview:large","max-video-preview":"max-video-preview:-1"},"canonical":"https:\/\/www.sonnenseite.com\/de\/franz-alt\/kommentare-interviews\/klimawandel-schadet-auch-der-gesundheit\/","og_locale":"de_DE","og_type":"article","og_title":"Klimawandel schadet auch der Gesundheit - Sonnenseite - \u00d6kologische Kommunikation mit Franz Alt","og_description":"Extreme Hitze, fr\u00fchere Pollensaison, mehr tropische Infektionskrankheiten: In vielen L\u00e4ndern Europas steigt die Zahl der hitzebedingten Todesf\u00e4lle. Von 52","og_url":"https:\/\/www.sonnenseite.com\/de\/franz-alt\/kommentare-interviews\/klimawandel-schadet-auch-der-gesundheit\/","og_site_name":"Sonnenseite","article_publisher":"https:\/\/www.facebook.com\/pages\/Franz-Alt-SONNENSEITECOM\/221072987903953?fref=ts","article_published_time":"2026-04-25T06:00:19+00:00","article_modified_time":"2026-04-25T06:40:58+00:00","og_image":[{"width":770,"height":420,"url":"https:\/\/www.sonnenseite.com\/wp-content\/uploads\/2026\/04\/Gesundheit_ai-image-generat.jpg","type":"image\/jpeg"}],"author":"Bigi Alt","twitter_card":"summary_large_image","twitter_creator":"@franzalt","twitter_site":"@franzalt","twitter_misc":{"Verfasst von":"Bigi Alt","Gesch\u00e4tzte Lesezeit":"3\u00a0Minuten"},"schema":{"@context":"https:\/\/schema.org","@graph":[{"@type":"Article","@id":"https:\/\/www.sonnenseite.com\/de\/franz-alt\/kommentare-interviews\/klimawandel-schadet-auch-der-gesundheit\/#article","isPartOf":{"@id":"https:\/\/www.sonnenseite.com\/de\/franz-alt\/kommentare-interviews\/klimawandel-schadet-auch-der-gesundheit\/"},"author":{"name":"Bigi Alt","@id":"https:\/\/www.sonnenseite.com\/de\/#\/schema\/person\/50fda0e926597684c7cc6695238a4eb9"},"headline":"Klimawandel schadet auch der Gesundheit","datePublished":"2026-04-25T06:00:19+00:00","dateModified":"2026-04-25T06:40:58+00:00","mainEntityOfPage":{"@id":"https:\/\/www.sonnenseite.com\/de\/franz-alt\/kommentare-interviews\/klimawandel-schadet-auch-der-gesundheit\/"},"wordCount":467,"publisher":{"@id":"https:\/\/www.sonnenseite.com\/de\/#organization"},"image":{"@id":"https:\/\/www.sonnenseite.com\/de\/franz-alt\/kommentare-interviews\/klimawandel-schadet-auch-der-gesundheit\/#primaryimage"},"thumbnailUrl":"https:\/\/www.sonnenseite.com\/wp-content\/uploads\/2026\/04\/Gesundheit_ai-image-generat.jpg","articleSection":["Kommentare &amp; Interviews"],"inLanguage":"de"},{"@type":"WebPage","@id":"https:\/\/www.sonnenseite.com\/de\/franz-alt\/kommentare-interviews\/klimawandel-schadet-auch-der-gesundheit\/","url":"https:\/\/www.sonnenseite.com\/de\/franz-alt\/kommentare-interviews\/klimawandel-schadet-auch-der-gesundheit\/","name":"Klimawandel schadet auch der Gesundheit - Sonnenseite - \u00d6kologische Kommunikation mit Franz Alt","isPartOf":{"@id":"https:\/\/www.sonnenseite.com\/de\/#website"},"primaryImageOfPage":{"@id":"https:\/\/www.sonnenseite.com\/de\/franz-alt\/kommentare-interviews\/klimawandel-schadet-auch-der-gesundheit\/#primaryimage"},"image":{"@id":"https:\/\/www.sonnenseite.com\/de\/franz-alt\/kommentare-interviews\/klimawandel-schadet-auch-der-gesundheit\/#primaryimage"},"thumbnailUrl":"https:\/\/www.sonnenseite.com\/wp-content\/uploads\/2026\/04\/Gesundheit_ai-image-generat.jpg","datePublished":"2026-04-25T06:00:19+00:00","dateModified":"2026-04-25T06:40:58+00:00","description":"Extreme Hitze, fr\u00fchere Pollensaison, mehr tropische Infektionskrankheiten: In vielen L\u00e4ndern Europas steigt die Zahl der hitzebedingten Todesf\u00e4lle. Von 52","breadcrumb":{"@id":"https:\/\/www.sonnenseite.com\/de\/franz-alt\/kommentare-interviews\/klimawandel-schadet-auch-der-gesundheit\/#breadcrumb"},"inLanguage":"de","potentialAction":[{"@type":"ReadAction","target":["https:\/\/www.sonnenseite.com\/de\/franz-alt\/kommentare-interviews\/klimawandel-schadet-auch-der-gesundheit\/"]}]},{"@type":"ImageObject","inLanguage":"de","@id":"https:\/\/www.sonnenseite.com\/de\/franz-alt\/kommentare-interviews\/klimawandel-schadet-auch-der-gesundheit\/#primaryimage","url":"https:\/\/www.sonnenseite.com\/wp-content\/uploads\/2026\/04\/Gesundheit_ai-image-generat.jpg","contentUrl":"https:\/\/www.sonnenseite.com\/wp-content\/uploads\/2026\/04\/Gesundheit_ai-image-generat.jpg","width":770,"height":420,"caption":"Depositphotos.com | ai-image-generator"},{"@type":"BreadcrumbList","@id":"https:\/\/www.sonnenseite.com\/de\/franz-alt\/kommentare-interviews\/klimawandel-schadet-auch-der-gesundheit\/#breadcrumb","itemListElement":[{"@type":"ListItem","position":1,"name":"Startseite","item":"https:\/\/www.sonnenseite.com\/de\/"},{"@type":"ListItem","position":2,"name":"Klimawandel schadet auch der Gesundheit"}]},{"@type":"WebSite","@id":"https:\/\/www.sonnenseite.com\/de\/#website","url":"https:\/\/www.sonnenseite.com\/de\/","name":"Sonnenseite","description":"\u00d6kologische Kommunikation mit Franz Alt","publisher":{"@id":"https:\/\/www.sonnenseite.com\/de\/#organization"},"potentialAction":[{"@type":"SearchAction","target":{"@type":"EntryPoint","urlTemplate":"https:\/\/www.sonnenseite.com\/de\/?s={search_term_string}"},"query-input":{"@type":"PropertyValueSpecification","valueRequired":true,"valueName":"search_term_string"}}],"inLanguage":"de"},{"@type":"Organization","@id":"https:\/\/www.sonnenseite.com\/de\/#organization","name":"Sonnenseite","url":"https:\/\/www.sonnenseite.com\/de\/","logo":{"@type":"ImageObject","inLanguage":"de","@id":"https:\/\/www.sonnenseite.com\/de\/#\/schema\/logo\/image\/","url":"https:\/\/www.sonnenseite.com\/wp-content\/uploads\/2020\/05\/Sonnenseite_Logo.png","contentUrl":"https:\/\/www.sonnenseite.com\/wp-content\/uploads\/2020\/05\/Sonnenseite_Logo.png","width":377,"height":90,"caption":"Sonnenseite"},"image":{"@id":"https:\/\/www.sonnenseite.com\/de\/#\/schema\/logo\/image\/"},"sameAs":["https:\/\/www.facebook.com\/pages\/Franz-Alt-SONNENSEITECOM\/221072987903953?fref=ts","https:\/\/x.com\/franzalt","http:\/\/www.youtube.com\/results?search_query&amp;amp;quot;franz_alt&amp;amp;quot;&amp;amp;amp;amp;search_type&amp;amp;amp;amp;aq=f"]},{"@type":"Person","@id":"https:\/\/www.sonnenseite.com\/de\/#\/schema\/person\/50fda0e926597684c7cc6695238a4eb9","name":"Bigi Alt"}]}},"_links":{"self":[{"href":"https:\/\/www.sonnenseite.com\/de\/wp-json\/wp\/v2\/posts\/114204","targetHints":{"allow":["GET"]}}],"collection":[{"href":"https:\/\/www.sonnenseite.com\/de\/wp-json\/wp\/v2\/posts"}],"about":[{"href":"https:\/\/www.sonnenseite.com\/de\/wp-json\/wp\/v2\/types\/post"}],"author":[{"embeddable":true,"href":"https:\/\/www.sonnenseite.com\/de\/wp-json\/wp\/v2\/users\/3"}],"replies":[{"embeddable":true,"href":"https:\/\/www.sonnenseite.com\/de\/wp-json\/wp\/v2\/comments?post=114204"}],"version-history":[{"count":2,"href":"https:\/\/www.sonnenseite.com\/de\/wp-json\/wp\/v2\/posts\/114204\/revisions"}],"predecessor-version":[{"id":114206,"href":"https:\/\/www.sonnenseite.com\/de\/wp-json\/wp\/v2\/posts\/114204\/revisions\/114206"}],"wp:featuredmedia":[{"embeddable":true,"href":"https:\/\/www.sonnenseite.com\/de\/wp-json\/wp\/v2\/media\/114207"}],"wp:attachment":[{"href":"https:\/\/www.sonnenseite.com\/de\/wp-json\/wp\/v2\/media?parent=114204"}],"wp:term":[{"taxonomy":"category","embeddable":true,"href":"https:\/\/www.sonnenseite.com\/de\/wp-json\/wp\/v2\/categories?post=114204"},{"taxonomy":"post_tag","embeddable":true,"href":"https:\/\/www.sonnenseite.com\/de\/wp-json\/wp\/v2\/tags?post=114204"}],"curies":[{"name":"wp","href":"https:\/\/api.w.org\/{rel}","templated":true}]}}