{"id":114327,"date":"2026-04-29T12:40:05","date_gmt":"2026-04-29T10:40:05","guid":{"rendered":"https:\/\/www.sonnenseite.com\/?p=114327"},"modified":"2026-04-29T16:06:46","modified_gmt":"2026-04-29T14:06:46","slug":"kommunen-sind-bereit-fuer-die-energiewende-bedingungen-bremsen","status":"publish","type":"post","link":"https:\/\/www.sonnenseite.com\/de\/politik\/kommunen-sind-bereit-fuer-die-energiewende-bedingungen-bremsen\/","title":{"rendered":"Kommunen sind bereit f\u00fcr die Energiewende \u2013 Bedingungen bremsen"},"content":{"rendered":"\n<p>Studie zeigt gro\u00dfes komm\u00adun\u00adal\u00ades Potenzial f\u00fcr die Energie\u00adwende.<\/p>\n\n\n\n<p>Die Energie\u00adwende vor Ort scheitert selten am Willen der Verantwortlichen &#8211; sondern an fehlenden Netzkapazit\u00e4ten, fehlendem Geld und komplizierten Verfahren. Zu diesem Ergebnis kam eine <a href=\"https:\/\/initiative-klimaneutral.de\/publikationen\/befragung-kommunale-energiepolitik\/\">bundesweite Be\u00adfra\u00adgung<\/a><strong> <\/strong>unter mehr als 600 B\u00fcr\u00adger\u00admei\u00adsterinnen und B\u00fcr\u00adger\u00admei\u00adstern durch die Ini\u00adtia\u00adti\u00adve Kli\u00adma\u00adneu\u00adtra\u00adles Deutsch\u00adland (IKND) und <a href=\"https:\/\/heimatwurzeln.de\/\" target=\"_blank\" rel=\"noreferrer noopener\">hei\u00admat\u00adwur\u00adzeln e.V<\/a>. W\u00e4hrend mit Netz\u00adan\u00adschlusspaket und Reform des Erneuerbaren-Energien-Gesetzes auf Bundesebene gro\u00dfe Reformen auf den Weg gebracht werden sollen, mangelt es Deutsch\u00adlands Kommunen an verl\u00e4sslichen Rahmen\u00adbedingungen und kommunikativer Stringenz.<\/p>\n\n\n\n<p>Die Ergebnisse der Studie zeigen, dass in vielen Kommunen Projekte in allen Bereichen der Transformation von Energie\u00adwende \u00fcber W\u00e4rme und Mobilit\u00e4t bis zur Klimaanpassung bereits umgesetzt und geplant werden oder grunds\u00e4tzlich auf Interesse sto\u00dfen. Doch gerade die Stromnetze entwickeln sich zum Flaschenhals. Fast jede zweite Kommune nennt fehlende Kapazit\u00e4ten im Verteilnetz (46 Pro\u00adzent) oder Engp\u00e4sse bei Umspannwerken (39 Pro\u00adzent). Lediglich 3 Pro\u00adzent der Befragten geben an, dass Netzanschl\u00fcsse kein Problem sind. Das Ergebnis: Entgegen kommunalem Engagement scheitern Projekte an fehlender Infrastruktur.<\/p>\n\n\n\n<p>Tobias Averbeck, B\u00fcr\u00adger\u00admei\u00adster der Gemeinde Bakum im Landkreis Vechta, kommentiert: <em>\u201eVor Ort in den Kommunen entscheidet sich, ob Projekte umgesetzt werden. Wenn der Netzausbau nicht Schritt h\u00e4lt, geraten millionenschwere Vorhaben ins Wanken \u2013 und das bremst Investitionen f\u00fcr unseren Standort. Hier brauchen wir Tempo und Verl\u00e4sslichkeit.\u201d<\/em><\/p>\n\n\n\n<h4 class=\"wp-block-heading\">Knappe Mittel und b\u00fcrokratische F\u00f6rderungsprozesse<\/h4>\n\n\n\n<p>Zudem fehlt es an finanziellem Spielraum, um Projekte eigenst\u00e4ndig voranzutreiben. Mehr als 73 Pro\u00adzent der B\u00fcr\u00adger\u00admei\u00adster beschreiben die Haushaltslage ihrer Kommune als angespannt, nennen aber auch eine L\u00f6sung. Mehr als 63 Pro\u00adzent von ihnen sehen in einer \u201ePauschalf\u00f6rderung und vereinfachter Kofinanzierung f\u00fcr kommunale Projekte\u201d den wichtigsten Hebel f\u00fcr eine schnellere Umsetzung der Energie\u00adwende vor Ort.<\/p>\n\n\n\n<p>Zus\u00e4tzlich ist undurchsichtig, wo der Gesetzgeber die Kommunen eigentlich unterst\u00fctzen kann. So ruft nicht einmal die H\u00e4lfte ihnen zustehende Zahlungen nach \u00a7 6 EEG 2023 tats\u00e4chlich ab. Fast 40 Pro\u00adzent geben sogar an, davon noch nie geh\u00f6rt zu haben bzw. dass ihnen Informationen fehlen.<\/p>\n\n\n\n<h4 class=\"wp-block-heading\">Fehlende politische Unterst\u00fctzung trotz lokalem Zuspruch<\/h4>\n\n\n\n<p>Vor Ort sieht man Berlins kommunikativen Kurs sehr kritisch. Zwei Drittel der B\u00fcr\u00adger\u00admei\u00adster sind der Meinung, dass die Kommunikation der Bundesregierung zur Energie\u00adwende negative Auswirkungen auf die Akzeptanz vor Ort hat. Zus\u00e4tzlich f\u00fchle man sich in allen angefragten Aufgabenbereichen wie \u201eStromerzeugung &amp; Netze\u201c, \u201eW\u00e4rmenetze &amp; kommunale W\u00e4rmeplanung\u201c, \u201eMobilit\u00e4t &amp; Lade\u00adinfra\u00adstruk\u00adtur\u201c und die \u201eFinanzierung der Energie\u00adwende\u201c schlecht von der Bundesregierung vertreten.<\/p>\n\n\n\n<p>Dr. Anita Maa\u00df, B\u00fcr\u00adger\u00admei\u00adsterin von Lommatzsch im Landkreis Mei\u00dfen, sagt dazu: \u201e<em>Die Energie\u00adwende entscheidet sich auch an der Frage, wie sie kommuniziert wird. Wenn aus Berlin und den Landeshauptst\u00e4dten ermutigende Signale k\u00e4men, die \u00fcber Legislaturperioden hinaus erl\u00e4sslich w\u00e4ren, w\u00fcrde uns das helfen, Menschen vor Ort mitzunehmen.\u201c<\/em><\/p>\n\n\n\n<p>Die Akzeptanz f\u00fcr neue Energieprojekte sei insbesondere von unmittelbaren Vorteilen f\u00fcr die B\u00fcrgerinnen und B\u00fcrger vor Ort abh\u00e4ngig. So geben zwei Drittel der B\u00fcr\u00adger\u00admei\u00adster an, dass g\u00fcnstige Energiepreise und mehr als die H\u00e4lfte eine direkte finanzielle Beteiligung der B\u00fcrger die Akzeptanz steigern k\u00f6nnen.<\/p>\n\n\n\n<h4 class=\"wp-block-heading\">Fazit: Die Energie\u00adwende entscheidet sich in den Kommunen<\/h4>\n\n\n\n<p>Die Be\u00adfra\u00adgung zeigt deutlich: Die Kommunen sind zentrale Akteure zum Erreichen der Klima\u00adschutzziele und in den deutschen B\u00fcr\u00adger\u00admei\u00adsterinnen und B\u00fcr\u00adger\u00admei\u00adstern findet man lokale Experten &#8211; wenn man ihnen Geh\u00f6r schenkt. Damit Projekte tats\u00e4chlich umgesetzt werden k\u00f6nnen, braucht es einfachere F\u00f6rderstrukturen, mehr <a href=\"https:\/\/initiative-klimaneutral.de\/publikationen\/herausforderung-netzanschluss-vom-engpass-zur-effizienz\/\">Netzkapazit\u00e4ten<\/a> und eine bessere Abstimmung der Infrastrukturplanung. G\u00fcnstige Energie sichert dabei nicht nur die Akzeptanz der Bev\u00f6lkerung, sondern kann auch unserer stark in Bedr\u00e4ngnis geratenen Wirtschaft unter die Arme greifen.<\/p>\n\n\n\n<p>Die vollst\u00e4ndige Studie finden Sie<a href=\"https:\/\/initiative-klimaneutral.de\/publikationen\/befragung-kommunale-energiepolitik\/\" target=\"_blank\" rel=\"noreferrer noopener\"> hier.<\/a><\/p>\n\n\n<h5 class=\"green\">Quelle<\/h5>\r\n\n\n\n<p><a href=\"https:\/\/initiative-klimaneutral.de\/presse\/grosses-kommunales-potenzial-fuer-die-energiewende\/\">Ini\u00adtia\u00adti\u00adve Kli\u00adma\u00adneu\u00adtra\u00adles Deutsch\u00adland (IKND) 2026<\/a><\/p>\n<div class=\"shariff shariff-align-flex-start shariff-widget-align-flex-start\"><div class=\"ShariffHeadline\">Diese Meldung teilen<\/div><ul class=\"shariff-buttons theme-round orientation-horizontal buttonsize-medium\"><li class=\"shariff-button facebook shariff-nocustomcolor\" style=\"background-color:#4273c8;border-radius:1%\"><a href=\"https:\/\/www.facebook.com\/sharer\/sharer.php?u=https%3A%2F%2Fwww.sonnenseite.com%2Fde%2Fpolitik%2Fkommunen-sind-bereit-fuer-die-energiewende-bedingungen-bremsen%2F\" title=\"Bei Facebook teilen\" aria-label=\"Bei Facebook teilen\" role=\"button\" rel=\"nofollow\" class=\"shariff-link\" style=\";border-radius:1%; background-color:#3b5998; color:#fff\" target=\"_blank\"><span class=\"shariff-icon\" style=\"\"><svg width=\"32px\" height=\"20px\" xmlns=\"http:\/\/www.w3.org\/2000\/svg\" viewBox=\"0 0 18 32\"><path fill=\"#3b5998\" d=\"M17.1 0.2v4.7h-2.8q-1.5 0-2.1 0.6t-0.5 1.9v3.4h5.2l-0.7 5.3h-4.5v13.6h-5.5v-13.6h-4.5v-5.3h4.5v-3.9q0-3.3 1.9-5.2t5-1.8q2.6 0 4.1 0.2z\"\/><\/svg><\/span><\/a><\/li><li class=\"shariff-button twitter shariff-nocustomcolor\" style=\"background-color:#595959;border-radius:1%\"><a href=\"https:\/\/twitter.com\/share?url=https%3A%2F%2Fwww.sonnenseite.com%2Fde%2Fpolitik%2Fkommunen-sind-bereit-fuer-die-energiewende-bedingungen-bremsen%2F&text=Kommunen%20sind%20bereit%20f%C3%BCr%20die%20Energiewende%20%E2%80%93%20Bedingungen%20bremsen\" title=\"Bei X teilen\" aria-label=\"Bei X teilen\" role=\"button\" rel=\"noopener nofollow\" class=\"shariff-link\" style=\";border-radius:1%; background-color:#000; color:#fff\" target=\"_blank\"><span class=\"shariff-icon\" style=\"\"><svg width=\"32px\" height=\"20px\" xmlns=\"http:\/\/www.w3.org\/2000\/svg\" viewBox=\"0 0 24 24\"><path fill=\"#000\" d=\"M14.258 10.152L23.176 0h-2.113l-7.747 8.813L7.133 0H0l9.352 13.328L0 23.973h2.113l8.176-9.309 6.531 9.309h7.133zm-2.895 3.293l-.949-1.328L2.875 1.56h3.246l6.086 8.523.945 1.328 7.91 11.078h-3.246zm0 0\"\/><\/svg><\/span><\/a><\/li><li class=\"shariff-button xing shariff-nocustomcolor\" style=\"background-color:#29888a;border-radius:1%\"><a href=\"https:\/\/www.xing.com\/spi\/shares\/new?url=https%3A%2F%2Fwww.sonnenseite.com%2Fde%2Fpolitik%2Fkommunen-sind-bereit-fuer-die-energiewende-bedingungen-bremsen%2F\" title=\"Bei XING teilen\" aria-label=\"Bei XING teilen\" role=\"button\" rel=\"noopener nofollow\" class=\"shariff-link\" style=\";border-radius:1%; background-color:#126567; color:#fff\" target=\"_blank\"><span class=\"shariff-icon\" style=\"\"><svg width=\"32px\" height=\"20px\" xmlns=\"http:\/\/www.w3.org\/2000\/svg\" viewBox=\"0 0 25 32\"><path fill=\"#126567\" d=\"M10.7 11.9q-0.2 0.3-4.6 8.2-0.5 0.8-1.2 0.8h-4.3q-0.4 0-0.5-0.3t0-0.6l4.5-8q0 0 0 0l-2.9-5q-0.2-0.4 0-0.7 0.2-0.3 0.5-0.3h4.3q0.7 0 1.2 0.8zM25.1 0.4q0.2 0.3 0 0.7l-9.4 16.7 6 11q0.2 0.4 0 0.6-0.2 0.3-0.6 0.3h-4.3q-0.7 0-1.2-0.8l-6-11.1q0.3-0.6 9.5-16.8 0.4-0.8 1.2-0.8h4.3q0.4 0 0.5 0.3z\"\/><\/svg><\/span><\/a><\/li><li class=\"shariff-button linkedin shariff-nocustomcolor\" style=\"background-color:#1488bf;border-radius:1%\"><a href=\"https:\/\/www.linkedin.com\/sharing\/share-offsite\/?url=https%3A%2F%2Fwww.sonnenseite.com%2Fde%2Fpolitik%2Fkommunen-sind-bereit-fuer-die-energiewende-bedingungen-bremsen%2F\" title=\"Bei LinkedIn teilen\" aria-label=\"Bei LinkedIn teilen\" role=\"button\" rel=\"noopener nofollow\" class=\"shariff-link\" style=\";border-radius:1%; background-color:#0077b5; color:#fff\" target=\"_blank\"><span class=\"shariff-icon\" style=\"\"><svg width=\"32px\" height=\"20px\" xmlns=\"http:\/\/www.w3.org\/2000\/svg\" viewBox=\"0 0 27 32\"><path fill=\"#0077b5\" d=\"M6.2 11.2v17.7h-5.9v-17.7h5.9zM6.6 5.7q0 1.3-0.9 2.2t-2.4 0.9h0q-1.5 0-2.4-0.9t-0.9-2.2 0.9-2.2 2.4-0.9 2.4 0.9 0.9 2.2zM27.4 18.7v10.1h-5.9v-9.5q0-1.9-0.7-2.9t-2.3-1.1q-1.1 0-1.9 0.6t-1.2 1.5q-0.2 0.5-0.2 1.4v9.9h-5.9q0-7.1 0-11.6t0-5.3l0-0.9h5.9v2.6h0q0.4-0.6 0.7-1t1-0.9 1.6-0.8 2-0.3q3 0 4.9 2t1.9 6z\"\/><\/svg><\/span><\/a><\/li><li class=\"shariff-button printer shariff-nocustomcolor\" style=\"background-color:#a8a8a8;border-radius:1%\"><a href=\"javascript:window.print()\" title=\"drucken\" aria-label=\"drucken\" role=\"button\" rel=\"noopener nofollow\" class=\"shariff-link\" style=\";border-radius:1%; background-color:#999; color:#fff\"><span class=\"shariff-icon\" style=\"\"><svg width=\"32px\" height=\"20px\" xmlns=\"http:\/\/www.w3.org\/2000\/svg\" viewBox=\"0 0 30 32\"><path fill=\"#999\" d=\"M6.8 27.4h16v-4.6h-16v4.6zM6.8 16h16v-6.8h-2.8q-0.7 0-1.2-0.5t-0.5-1.2v-2.8h-11.4v11.4zM27.4 17.2q0-0.5-0.3-0.8t-0.8-0.4-0.8 0.4-0.3 0.8 0.3 0.8 0.8 0.3 0.8-0.3 0.3-0.8zM29.7 17.2v7.4q0 0.2-0.2 0.4t-0.4 0.2h-4v2.8q0 0.7-0.5 1.2t-1.2 0.5h-17.2q-0.7 0-1.2-0.5t-0.5-1.2v-2.8h-4q-0.2 0-0.4-0.2t-0.2-0.4v-7.4q0-1.4 1-2.4t2.4-1h1.2v-9.7q0-0.7 0.5-1.2t1.2-0.5h12q0.7 0 1.6 0.4t1.3 0.8l2.7 2.7q0.5 0.5 0.9 1.4t0.4 1.6v4.6h1.1q1.4 0 2.4 1t1 2.4z\"\/><\/svg><\/span><\/a><\/li><li class=\"shariff-button mailto shariff-nocustomcolor\" style=\"background-color:#a8a8a8;border-radius:1%\"><a href=\"mailto:?body=https%3A%2F%2Fwww.sonnenseite.com%2Fde%2Fpolitik%2Fkommunen-sind-bereit-fuer-die-energiewende-bedingungen-bremsen%2F&subject=Kommunen%20sind%20bereit%20f%C3%BCr%20die%20Energiewende%20%E2%80%93%20Bedingungen%20bremsen\" title=\"Per E-Mail versenden\" aria-label=\"Per E-Mail versenden\" role=\"button\" rel=\"noopener nofollow\" class=\"shariff-link\" style=\";border-radius:1%; background-color:#999; color:#fff\"><span class=\"shariff-icon\" style=\"\"><svg width=\"32px\" height=\"20px\" xmlns=\"http:\/\/www.w3.org\/2000\/svg\" viewBox=\"0 0 32 32\"><path fill=\"#999\" d=\"M32 12.7v14.2q0 1.2-0.8 2t-2 0.9h-26.3q-1.2 0-2-0.9t-0.8-2v-14.2q0.8 0.9 1.8 1.6 6.5 4.4 8.9 6.1 1 0.8 1.6 1.2t1.7 0.9 2 0.4h0.1q0.9 0 2-0.4t1.7-0.9 1.6-1.2q3-2.2 8.9-6.1 1-0.7 1.8-1.6zM32 7.4q0 1.4-0.9 2.7t-2.2 2.2q-6.7 4.7-8.4 5.8-0.2 0.1-0.7 0.5t-1 0.7-0.9 0.6-1.1 0.5-0.9 0.2h-0.1q-0.4 0-0.9-0.2t-1.1-0.5-0.9-0.6-1-0.7-0.7-0.5q-1.6-1.1-4.7-3.2t-3.6-2.6q-1.1-0.7-2.1-2t-1-2.5q0-1.4 0.7-2.3t2.1-0.9h26.3q1.2 0 2 0.8t0.9 2z\"\/><\/svg><\/span><\/a><\/li><\/ul><\/div>","protected":false},"excerpt":{"rendered":"<p>Studie zeigt gro\u00dfes komm\u00adun\u00adal\u00ades Potenzial f\u00fcr die Energie\u00adwende. Die Energie\u00adwende vor Ort scheitert selten am Willen [&hellip;]<\/p>\n","protected":false},"author":3,"featured_media":5487,"comment_status":"closed","ping_status":"closed","sticky":false,"template":"","format":"standard","meta":{"inline_featured_image":false,"footnotes":""},"categories":[21],"tags":[86],"class_list":["post-114327","post","type-post","status-publish","format-standard","has-post-thumbnail","hentry","category-politik","tag-slider"],"yoast_head":"<!-- This site is optimized with the Yoast SEO plugin v26.5 - https:\/\/yoast.com\/wordpress\/plugins\/seo\/ -->\n<title>Kommunen sind bereit f\u00fcr die Energiewende \u2013 Bedingungen bremsen - Sonnenseite - \u00d6kologische Kommunikation mit Franz Alt<\/title>\n<meta name=\"description\" content=\"Studie zeigt gro\u00dfes komm\u00adun\u00adal\u00ades Potenzial f\u00fcr die Energie\u00adwende. Die Energie\u00adwende vor Ort scheitert selten am Willen der Verantwortlichen - sondern an\" \/>\n<meta name=\"robots\" content=\"index, follow, max-snippet:-1, max-image-preview:large, max-video-preview:-1\" \/>\n<link rel=\"canonical\" href=\"https:\/\/www.sonnenseite.com\/de\/politik\/kommunen-sind-bereit-fuer-die-energiewende-bedingungen-bremsen\/\" \/>\n<meta property=\"og:locale\" content=\"de_DE\" \/>\n<meta property=\"og:type\" content=\"article\" \/>\n<meta property=\"og:title\" content=\"Kommunen sind bereit f\u00fcr die Energiewende \u2013 Bedingungen bremsen - Sonnenseite - \u00d6kologische Kommunikation mit Franz Alt\" \/>\n<meta property=\"og:description\" content=\"Studie zeigt gro\u00dfes komm\u00adun\u00adal\u00ades Potenzial f\u00fcr die Energie\u00adwende. Die Energie\u00adwende vor Ort scheitert selten am Willen der Verantwortlichen - sondern an\" \/>\n<meta property=\"og:url\" content=\"https:\/\/www.sonnenseite.com\/de\/politik\/kommunen-sind-bereit-fuer-die-energiewende-bedingungen-bremsen\/\" \/>\n<meta property=\"og:site_name\" content=\"Sonnenseite\" \/>\n<meta property=\"article:publisher\" content=\"https:\/\/www.facebook.com\/pages\/Franz-Alt-SONNENSEITECOM\/221072987903953?fref=ts\" \/>\n<meta property=\"article:published_time\" content=\"2026-04-29T10:40:05+00:00\" \/>\n<meta property=\"article:modified_time\" content=\"2026-04-29T14:06:46+00:00\" \/>\n<meta property=\"og:image\" content=\"https:\/\/www.sonnenseite.com\/wp-content\/uploads\/2019\/11\/Stadt_gruen_schwarz_Sarella.jpg\" \/>\n\t<meta property=\"og:image:width\" content=\"770\" \/>\n\t<meta property=\"og:image:height\" content=\"420\" \/>\n\t<meta property=\"og:image:type\" content=\"image\/jpeg\" \/>\n<meta name=\"author\" content=\"Bigi Alt\" \/>\n<meta name=\"twitter:card\" content=\"summary_large_image\" \/>\n<meta name=\"twitter:creator\" content=\"@franzalt\" \/>\n<meta name=\"twitter:site\" content=\"@franzalt\" \/>\n<meta name=\"twitter:label1\" content=\"Verfasst von\" \/>\n\t<meta name=\"twitter:data1\" content=\"Bigi Alt\" \/>\n\t<meta name=\"twitter:label2\" content=\"Gesch\u00e4tzte Lesezeit\" \/>\n\t<meta name=\"twitter:data2\" content=\"4\u00a0Minuten\" \/>\n<script type=\"application\/ld+json\" class=\"yoast-schema-graph\">{\"@context\":\"https:\/\/schema.org\",\"@graph\":[{\"@type\":\"Article\",\"@id\":\"https:\/\/www.sonnenseite.com\/de\/politik\/kommunen-sind-bereit-fuer-die-energiewende-bedingungen-bremsen\/#article\",\"isPartOf\":{\"@id\":\"https:\/\/www.sonnenseite.com\/de\/politik\/kommunen-sind-bereit-fuer-die-energiewende-bedingungen-bremsen\/\"},\"author\":{\"name\":\"Bigi Alt\",\"@id\":\"https:\/\/www.sonnenseite.com\/de\/#\/schema\/person\/50fda0e926597684c7cc6695238a4eb9\"},\"headline\":\"Kommunen sind bereit f\u00fcr die Energiewende \u2013 Bedingungen bremsen\",\"datePublished\":\"2026-04-29T10:40:05+00:00\",\"dateModified\":\"2026-04-29T14:06:46+00:00\",\"mainEntityOfPage\":{\"@id\":\"https:\/\/www.sonnenseite.com\/de\/politik\/kommunen-sind-bereit-fuer-die-energiewende-bedingungen-bremsen\/\"},\"wordCount\":694,\"publisher\":{\"@id\":\"https:\/\/www.sonnenseite.com\/de\/#organization\"},\"image\":{\"@id\":\"https:\/\/www.sonnenseite.com\/de\/politik\/kommunen-sind-bereit-fuer-die-energiewende-bedingungen-bremsen\/#primaryimage\"},\"thumbnailUrl\":\"https:\/\/www.sonnenseite.com\/wp-content\/uploads\/2019\/11\/Stadt_gruen_schwarz_Sarella.jpg\",\"keywords\":[\"Slider\"],\"articleSection\":[\"Politik\"],\"inLanguage\":\"de\"},{\"@type\":\"WebPage\",\"@id\":\"https:\/\/www.sonnenseite.com\/de\/politik\/kommunen-sind-bereit-fuer-die-energiewende-bedingungen-bremsen\/\",\"url\":\"https:\/\/www.sonnenseite.com\/de\/politik\/kommunen-sind-bereit-fuer-die-energiewende-bedingungen-bremsen\/\",\"name\":\"Kommunen sind bereit f\u00fcr die Energiewende \u2013 Bedingungen bremsen - Sonnenseite - \u00d6kologische Kommunikation mit Franz Alt\",\"isPartOf\":{\"@id\":\"https:\/\/www.sonnenseite.com\/de\/#website\"},\"primaryImageOfPage\":{\"@id\":\"https:\/\/www.sonnenseite.com\/de\/politik\/kommunen-sind-bereit-fuer-die-energiewende-bedingungen-bremsen\/#primaryimage\"},\"image\":{\"@id\":\"https:\/\/www.sonnenseite.com\/de\/politik\/kommunen-sind-bereit-fuer-die-energiewende-bedingungen-bremsen\/#primaryimage\"},\"thumbnailUrl\":\"https:\/\/www.sonnenseite.com\/wp-content\/uploads\/2019\/11\/Stadt_gruen_schwarz_Sarella.jpg\",\"datePublished\":\"2026-04-29T10:40:05+00:00\",\"dateModified\":\"2026-04-29T14:06:46+00:00\",\"description\":\"Studie zeigt gro\u00dfes komm\u00adun\u00adal\u00ades Potenzial f\u00fcr die Energie\u00adwende. Die Energie\u00adwende vor Ort scheitert selten am Willen der Verantwortlichen - sondern an\",\"breadcrumb\":{\"@id\":\"https:\/\/www.sonnenseite.com\/de\/politik\/kommunen-sind-bereit-fuer-die-energiewende-bedingungen-bremsen\/#breadcrumb\"},\"inLanguage\":\"de\",\"potentialAction\":[{\"@type\":\"ReadAction\",\"target\":[\"https:\/\/www.sonnenseite.com\/de\/politik\/kommunen-sind-bereit-fuer-die-energiewende-bedingungen-bremsen\/\"]}]},{\"@type\":\"ImageObject\",\"inLanguage\":\"de\",\"@id\":\"https:\/\/www.sonnenseite.com\/de\/politik\/kommunen-sind-bereit-fuer-die-energiewende-bedingungen-bremsen\/#primaryimage\",\"url\":\"https:\/\/www.sonnenseite.com\/wp-content\/uploads\/2019\/11\/Stadt_gruen_schwarz_Sarella.jpg\",\"contentUrl\":\"https:\/\/www.sonnenseite.com\/wp-content\/uploads\/2019\/11\/Stadt_gruen_schwarz_Sarella.jpg\",\"width\":770,\"height\":420,\"caption\":\"Depositphotos | Sarella |\"},{\"@type\":\"BreadcrumbList\",\"@id\":\"https:\/\/www.sonnenseite.com\/de\/politik\/kommunen-sind-bereit-fuer-die-energiewende-bedingungen-bremsen\/#breadcrumb\",\"itemListElement\":[{\"@type\":\"ListItem\",\"position\":1,\"name\":\"Startseite\",\"item\":\"https:\/\/www.sonnenseite.com\/de\/\"},{\"@type\":\"ListItem\",\"position\":2,\"name\":\"Kommunen sind bereit f\u00fcr die Energiewende \u2013 Bedingungen bremsen\"}]},{\"@type\":\"WebSite\",\"@id\":\"https:\/\/www.sonnenseite.com\/de\/#website\",\"url\":\"https:\/\/www.sonnenseite.com\/de\/\",\"name\":\"Sonnenseite\",\"description\":\"\u00d6kologische Kommunikation mit Franz Alt\",\"publisher\":{\"@id\":\"https:\/\/www.sonnenseite.com\/de\/#organization\"},\"potentialAction\":[{\"@type\":\"SearchAction\",\"target\":{\"@type\":\"EntryPoint\",\"urlTemplate\":\"https:\/\/www.sonnenseite.com\/de\/?s={search_term_string}\"},\"query-input\":{\"@type\":\"PropertyValueSpecification\",\"valueRequired\":true,\"valueName\":\"search_term_string\"}}],\"inLanguage\":\"de\"},{\"@type\":\"Organization\",\"@id\":\"https:\/\/www.sonnenseite.com\/de\/#organization\",\"name\":\"Sonnenseite\",\"url\":\"https:\/\/www.sonnenseite.com\/de\/\",\"logo\":{\"@type\":\"ImageObject\",\"inLanguage\":\"de\",\"@id\":\"https:\/\/www.sonnenseite.com\/de\/#\/schema\/logo\/image\/\",\"url\":\"https:\/\/www.sonnenseite.com\/wp-content\/uploads\/2020\/05\/Sonnenseite_Logo.png\",\"contentUrl\":\"https:\/\/www.sonnenseite.com\/wp-content\/uploads\/2020\/05\/Sonnenseite_Logo.png\",\"width\":377,\"height\":90,\"caption\":\"Sonnenseite\"},\"image\":{\"@id\":\"https:\/\/www.sonnenseite.com\/de\/#\/schema\/logo\/image\/\"},\"sameAs\":[\"https:\/\/www.facebook.com\/pages\/Franz-Alt-SONNENSEITECOM\/221072987903953?fref=ts\",\"https:\/\/x.com\/franzalt\",\"http:\/\/www.youtube.com\/results?search_query&amp;amp;quot;franz_alt&amp;amp;quot;&amp;amp;amp;amp;search_type&amp;amp;amp;amp;aq=f\"]},{\"@type\":\"Person\",\"@id\":\"https:\/\/www.sonnenseite.com\/de\/#\/schema\/person\/50fda0e926597684c7cc6695238a4eb9\",\"name\":\"Bigi Alt\"}]}<\/script>\n<!-- \/ Yoast SEO plugin. -->","yoast_head_json":{"title":"Kommunen sind bereit f\u00fcr die Energiewende \u2013 Bedingungen bremsen - Sonnenseite - \u00d6kologische Kommunikation mit Franz Alt","description":"Studie zeigt gro\u00dfes komm\u00adun\u00adal\u00ades Potenzial f\u00fcr die Energie\u00adwende. Die Energie\u00adwende vor Ort scheitert selten am Willen der Verantwortlichen - sondern an","robots":{"index":"index","follow":"follow","max-snippet":"max-snippet:-1","max-image-preview":"max-image-preview:large","max-video-preview":"max-video-preview:-1"},"canonical":"https:\/\/www.sonnenseite.com\/de\/politik\/kommunen-sind-bereit-fuer-die-energiewende-bedingungen-bremsen\/","og_locale":"de_DE","og_type":"article","og_title":"Kommunen sind bereit f\u00fcr die Energiewende \u2013 Bedingungen bremsen - Sonnenseite - \u00d6kologische Kommunikation mit Franz Alt","og_description":"Studie zeigt gro\u00dfes komm\u00adun\u00adal\u00ades Potenzial f\u00fcr die Energie\u00adwende. Die Energie\u00adwende vor Ort scheitert selten am Willen der Verantwortlichen - sondern an","og_url":"https:\/\/www.sonnenseite.com\/de\/politik\/kommunen-sind-bereit-fuer-die-energiewende-bedingungen-bremsen\/","og_site_name":"Sonnenseite","article_publisher":"https:\/\/www.facebook.com\/pages\/Franz-Alt-SONNENSEITECOM\/221072987903953?fref=ts","article_published_time":"2026-04-29T10:40:05+00:00","article_modified_time":"2026-04-29T14:06:46+00:00","og_image":[{"width":770,"height":420,"url":"https:\/\/www.sonnenseite.com\/wp-content\/uploads\/2019\/11\/Stadt_gruen_schwarz_Sarella.jpg","type":"image\/jpeg"}],"author":"Bigi Alt","twitter_card":"summary_large_image","twitter_creator":"@franzalt","twitter_site":"@franzalt","twitter_misc":{"Verfasst von":"Bigi Alt","Gesch\u00e4tzte Lesezeit":"4\u00a0Minuten"},"schema":{"@context":"https:\/\/schema.org","@graph":[{"@type":"Article","@id":"https:\/\/www.sonnenseite.com\/de\/politik\/kommunen-sind-bereit-fuer-die-energiewende-bedingungen-bremsen\/#article","isPartOf":{"@id":"https:\/\/www.sonnenseite.com\/de\/politik\/kommunen-sind-bereit-fuer-die-energiewende-bedingungen-bremsen\/"},"author":{"name":"Bigi Alt","@id":"https:\/\/www.sonnenseite.com\/de\/#\/schema\/person\/50fda0e926597684c7cc6695238a4eb9"},"headline":"Kommunen sind bereit f\u00fcr die Energiewende \u2013 Bedingungen bremsen","datePublished":"2026-04-29T10:40:05+00:00","dateModified":"2026-04-29T14:06:46+00:00","mainEntityOfPage":{"@id":"https:\/\/www.sonnenseite.com\/de\/politik\/kommunen-sind-bereit-fuer-die-energiewende-bedingungen-bremsen\/"},"wordCount":694,"publisher":{"@id":"https:\/\/www.sonnenseite.com\/de\/#organization"},"image":{"@id":"https:\/\/www.sonnenseite.com\/de\/politik\/kommunen-sind-bereit-fuer-die-energiewende-bedingungen-bremsen\/#primaryimage"},"thumbnailUrl":"https:\/\/www.sonnenseite.com\/wp-content\/uploads\/2019\/11\/Stadt_gruen_schwarz_Sarella.jpg","keywords":["Slider"],"articleSection":["Politik"],"inLanguage":"de"},{"@type":"WebPage","@id":"https:\/\/www.sonnenseite.com\/de\/politik\/kommunen-sind-bereit-fuer-die-energiewende-bedingungen-bremsen\/","url":"https:\/\/www.sonnenseite.com\/de\/politik\/kommunen-sind-bereit-fuer-die-energiewende-bedingungen-bremsen\/","name":"Kommunen sind bereit f\u00fcr die Energiewende \u2013 Bedingungen bremsen - Sonnenseite - \u00d6kologische Kommunikation mit Franz Alt","isPartOf":{"@id":"https:\/\/www.sonnenseite.com\/de\/#website"},"primaryImageOfPage":{"@id":"https:\/\/www.sonnenseite.com\/de\/politik\/kommunen-sind-bereit-fuer-die-energiewende-bedingungen-bremsen\/#primaryimage"},"image":{"@id":"https:\/\/www.sonnenseite.com\/de\/politik\/kommunen-sind-bereit-fuer-die-energiewende-bedingungen-bremsen\/#primaryimage"},"thumbnailUrl":"https:\/\/www.sonnenseite.com\/wp-content\/uploads\/2019\/11\/Stadt_gruen_schwarz_Sarella.jpg","datePublished":"2026-04-29T10:40:05+00:00","dateModified":"2026-04-29T14:06:46+00:00","description":"Studie zeigt gro\u00dfes komm\u00adun\u00adal\u00ades Potenzial f\u00fcr die Energie\u00adwende. Die Energie\u00adwende vor Ort scheitert selten am Willen der Verantwortlichen - sondern an","breadcrumb":{"@id":"https:\/\/www.sonnenseite.com\/de\/politik\/kommunen-sind-bereit-fuer-die-energiewende-bedingungen-bremsen\/#breadcrumb"},"inLanguage":"de","potentialAction":[{"@type":"ReadAction","target":["https:\/\/www.sonnenseite.com\/de\/politik\/kommunen-sind-bereit-fuer-die-energiewende-bedingungen-bremsen\/"]}]},{"@type":"ImageObject","inLanguage":"de","@id":"https:\/\/www.sonnenseite.com\/de\/politik\/kommunen-sind-bereit-fuer-die-energiewende-bedingungen-bremsen\/#primaryimage","url":"https:\/\/www.sonnenseite.com\/wp-content\/uploads\/2019\/11\/Stadt_gruen_schwarz_Sarella.jpg","contentUrl":"https:\/\/www.sonnenseite.com\/wp-content\/uploads\/2019\/11\/Stadt_gruen_schwarz_Sarella.jpg","width":770,"height":420,"caption":"Depositphotos | Sarella |"},{"@type":"BreadcrumbList","@id":"https:\/\/www.sonnenseite.com\/de\/politik\/kommunen-sind-bereit-fuer-die-energiewende-bedingungen-bremsen\/#breadcrumb","itemListElement":[{"@type":"ListItem","position":1,"name":"Startseite","item":"https:\/\/www.sonnenseite.com\/de\/"},{"@type":"ListItem","position":2,"name":"Kommunen sind bereit f\u00fcr die Energiewende \u2013 Bedingungen bremsen"}]},{"@type":"WebSite","@id":"https:\/\/www.sonnenseite.com\/de\/#website","url":"https:\/\/www.sonnenseite.com\/de\/","name":"Sonnenseite","description":"\u00d6kologische Kommunikation mit Franz Alt","publisher":{"@id":"https:\/\/www.sonnenseite.com\/de\/#organization"},"potentialAction":[{"@type":"SearchAction","target":{"@type":"EntryPoint","urlTemplate":"https:\/\/www.sonnenseite.com\/de\/?s={search_term_string}"},"query-input":{"@type":"PropertyValueSpecification","valueRequired":true,"valueName":"search_term_string"}}],"inLanguage":"de"},{"@type":"Organization","@id":"https:\/\/www.sonnenseite.com\/de\/#organization","name":"Sonnenseite","url":"https:\/\/www.sonnenseite.com\/de\/","logo":{"@type":"ImageObject","inLanguage":"de","@id":"https:\/\/www.sonnenseite.com\/de\/#\/schema\/logo\/image\/","url":"https:\/\/www.sonnenseite.com\/wp-content\/uploads\/2020\/05\/Sonnenseite_Logo.png","contentUrl":"https:\/\/www.sonnenseite.com\/wp-content\/uploads\/2020\/05\/Sonnenseite_Logo.png","width":377,"height":90,"caption":"Sonnenseite"},"image":{"@id":"https:\/\/www.sonnenseite.com\/de\/#\/schema\/logo\/image\/"},"sameAs":["https:\/\/www.facebook.com\/pages\/Franz-Alt-SONNENSEITECOM\/221072987903953?fref=ts","https:\/\/x.com\/franzalt","http:\/\/www.youtube.com\/results?search_query&amp;amp;quot;franz_alt&amp;amp;quot;&amp;amp;amp;amp;search_type&amp;amp;amp;amp;aq=f"]},{"@type":"Person","@id":"https:\/\/www.sonnenseite.com\/de\/#\/schema\/person\/50fda0e926597684c7cc6695238a4eb9","name":"Bigi Alt"}]}},"_links":{"self":[{"href":"https:\/\/www.sonnenseite.com\/de\/wp-json\/wp\/v2\/posts\/114327","targetHints":{"allow":["GET"]}}],"collection":[{"href":"https:\/\/www.sonnenseite.com\/de\/wp-json\/wp\/v2\/posts"}],"about":[{"href":"https:\/\/www.sonnenseite.com\/de\/wp-json\/wp\/v2\/types\/post"}],"author":[{"embeddable":true,"href":"https:\/\/www.sonnenseite.com\/de\/wp-json\/wp\/v2\/users\/3"}],"replies":[{"embeddable":true,"href":"https:\/\/www.sonnenseite.com\/de\/wp-json\/wp\/v2\/comments?post=114327"}],"version-history":[{"count":2,"href":"https:\/\/www.sonnenseite.com\/de\/wp-json\/wp\/v2\/posts\/114327\/revisions"}],"predecessor-version":[{"id":114329,"href":"https:\/\/www.sonnenseite.com\/de\/wp-json\/wp\/v2\/posts\/114327\/revisions\/114329"}],"wp:featuredmedia":[{"embeddable":true,"href":"https:\/\/www.sonnenseite.com\/de\/wp-json\/wp\/v2\/media\/5487"}],"wp:attachment":[{"href":"https:\/\/www.sonnenseite.com\/de\/wp-json\/wp\/v2\/media?parent=114327"}],"wp:term":[{"taxonomy":"category","embeddable":true,"href":"https:\/\/www.sonnenseite.com\/de\/wp-json\/wp\/v2\/categories?post=114327"},{"taxonomy":"post_tag","embeddable":true,"href":"https:\/\/www.sonnenseite.com\/de\/wp-json\/wp\/v2\/tags?post=114327"}],"curies":[{"name":"wp","href":"https:\/\/api.w.org\/{rel}","templated":true}]}}