{"id":114330,"date":"2026-04-29T12:49:53","date_gmt":"2026-04-29T10:49:53","guid":{"rendered":"https:\/\/www.sonnenseite.com\/?p=114330"},"modified":"2026-04-29T12:49:54","modified_gmt":"2026-04-29T10:49:54","slug":"energiewende-durch-tarifwahl-238-stromtarife-tragen-das-gruener-strom-label","status":"publish","type":"post","link":"https:\/\/www.sonnenseite.com\/de\/tipps\/energiewende-durch-tarifwahl-238-stromtarife-tragen-das-gruener-strom-label\/","title":{"rendered":"Energiewende durch Tarifwahl: 238 Stromtarife tragen das Gr\u00fcner Strom-Label"},"content":{"rendered":"\n<p>Noch nie wurden so viele \u00d6kostromtarife mit dem Gr\u00fcner Strom-Label zertifiziert wie im vergangenen Jahr. <\/p>\n\n\n\n<p>Der Trend der letzten Jahre setzt sich damit fort. Verbraucherinnen und Verbraucher k\u00f6nnen sich durch das G\u00fctesiegel der Umweltverb\u00e4nde sicher sein, dass ihre Tarifwahl etwas bewirkt. Denn pro verbrauchte Kilowattstunde investieren Stromversorger in die Energiewende.<br><br>Die Auswahl w\u00e4chst kontinuierlich. 238 \u00d6kostromtarife von 39 Energieversorgern tragen inzwischen das Gr\u00fcner Strom-Label. Das sind rund dreimal so viele wie vor zehn Jahren.\u00a0<br><br>Was alle zertifizierten Tarife garantieren, sind 100 Prozent Strom aus erneuerbaren Energien. Zus\u00e4tzlich gibt es verpflichtende Investitionen pro Kilowattstunde. Jeder zertifizierte Tarif unterst\u00fctzt Energiewendeprojekte wie zum Beispiel neue Wind- oder Solaranlagen sowie Effizienzma\u00dfnahmen.<br><br>\u201eEnergieanbieter lassen ihre Tarife zertifizieren, weil sie ihren Kundinnen und Kunden endlich klar belegbare Qualit\u00e4t bieten wollen\u201c, sagt <strong>Christian Knops, Gesch\u00e4ftsf\u00fchrer des Gr\u00fcner Strom Label e.V.<\/strong> \u201eUnsere Kriterien sind \u00f6ffentlich, transparent und unabh\u00e4ngig gepr\u00fcft \u2013 so k\u00f6nnen Versorger seri\u00f6s zeigen, was ihre Tarife leisten.\u201c<br><br>Die Kriterien legt der Gr\u00fcner Strom Label e.V. gemeinsam mit seinen Tr\u00e4gerverb\u00e4nden fest \u2013 darunter unter anderem NABU, BUND und die Verbraucher Initiative.<br><br>Christian Knops begr\u00fc\u00dft die wachsende Zahl der Tarife: \u201eDie Politik muss erkennen, dass der schnelle Ausbau der Erneuerbaren eine strategische Notwendigkeit ist. Er sch\u00fctzt das Klima, macht uns unabh\u00e4ngiger und st\u00e4rkt die Versorgungssicherheit. Deshalb braucht es Energieversorger, die Energiewendeprojekte vorantreiben. Gemeinsam mit unseren Anbietern leisten wir dazu einen verl\u00e4sslichen Beitrag \u2013 garantiert durch das Gr\u00fcner Strom-Label.\u201c\u00a0<br><br><strong>Neue Anbieter mit gepr\u00fcften Stromtarifen<\/strong><br><br>Die Zahl der gepr\u00fcften Angebote w\u00e4chst stetig. 2025 kam u.a. der Tarif \u201eGLOW\u201c von Marcley aus Hannover hinzu. Der Energieversorger setzt seinen Schwerpunkt auf die Nutzung von Mehrfamilienh\u00e4usern f\u00fcr Sonnenenergie. Auch alle Tarife von Green Planet Energy, der von Greenpeace gegr\u00fcndeten Energiegenossenschaft, wurden zertifiziert. 2026 folgten unter anderem die Stadtwerke Kaiserslautern und die Stadtwerke Detmold mit neuen zertifizierten Tarifen. <\/p>\n\n\n\n<ul class=\"wp-block-list\">\n<li>Eine Liste der aktuell verf\u00fcgbaren zertifizierten Tarife findet sich unter:<a href=\"https:\/\/184677.seu2.cleverreach.com\/c2\/AYVAKKQ\/184677-17053641\/858b01d6c85d-b5c13b5f6c6f-be66a7ae799a-0940e3c3eb34-89488d9dcaee-94d5a849203a-7ff475d0704f-1d7d70defa77-ea6603598ed1-c23ed367a25f-3fddd495\/\" target=\"_blank\" rel=\"noreferrer noopener\"> https:\/\/gruenerstromlabel.de\/zu-oekostrom-wechseln\/<\/a><\/li>\n<\/ul>\n\n\n\n<p><strong>Investitionen in die Energiewende durch Tarifentscheidung der Verbraucherinnen und Verbraucher<\/strong><br><br>Die Energiewende profitiert sichtbar von den Kaufentscheidungen der Verbraucherinnen und Verbraucher: Seit 1998 wurden mehr als 2.000 Projekte durch die Zertifizierung mit den Labeln Gr\u00fcner Strom und Gr\u00fcnes Gas co-finanziert, mit insgesamt \u00fcber 117 Millionen Euro. Den gr\u00f6\u00dften Anteil machen Investitionen in Windenergie aus, gefolgt von Photovoltaik und Infrastrukturprojekten. Projekte sind zum Beispiel <a href=\"https:\/\/184677.seu2.cleverreach.com\/c2\/AYVAKKY\/184677-17053641\/858b01d6c85d-b5c13b5f6c6f-be66a7ae799a-0940e3c3eb34-89488d9dcaee-94d5a849203a-7ff475d0704f-1d7d70defa77-ea6603598ed1-c23ed367a25f-3fddd495\/\" target=\"_blank\" rel=\"noreferrer noopener\"> Solarparks in Bayern<\/a> und <a href=\"https:\/\/184677.seu2.cleverreach.com\/c2\/AYVAKLA\/184677-17053641\/858b01d6c85d-b5c13b5f6c6f-be66a7ae799a-0940e3c3eb34-89488d9dcaee-94d5a849203a-7ff475d0704f-1d7d70defa77-ea6603598ed1-c23ed367a25f-3fddd495\/\" target=\"_blank\" rel=\"noreferrer noopener\">Sachsen<\/a>, E-Lades\u00e4ulen und Mieterstromprojekte in verschiedenen Regionen Deutschlands. Eine <a href=\"https:\/\/184677.seu2.cleverreach.com\/c2\/AYVAKLI\/184677-17053641\/858b01d6c85d-b5c13b5f6c6f-be66a7ae799a-0940e3c3eb34-89488d9dcaee-94d5a849203a-7ff475d0704f-1d7d70defa77-ea6603598ed1-c23ed367a25f-3fddd495\/\" target=\"_blank\" rel=\"noreferrer noopener\">\u00dcbersichtskarte zeigt die Energiewendeprojekte<\/a> in Deutschland und weltweit. \u00a0<\/p>\n\n\n\n<ul class=\"wp-block-list\">\n<li>Hinweis: Die Gesamtzahl der in dieser Pressemitteilung genannten zertifizierten Tarife umfasst auch Tarife, die \u00fcber Vertriebs- und Kooperationspartner angeboten werden, sowie Tarifauspr\u00e4gungen. Eine vollst\u00e4ndige Erfassung aller m\u00f6glichen Tarifauspr\u00e4gungen kann jedoch nicht garantiert werden. \u00a0<\/li>\n<\/ul>\n\n\n<h5 class=\"green\">Quelle<\/h5>\r\n\n\n\n<p><a href=\"http:\/\/www.gruenerstromlabel.de\">Gr\u00fcner Strom Label e.V. 2026<\/a><br><br><\/p>\n<div class=\"shariff shariff-align-flex-start shariff-widget-align-flex-start\"><div class=\"ShariffHeadline\">Diese Meldung teilen<\/div><ul class=\"shariff-buttons theme-round orientation-horizontal buttonsize-medium\"><li class=\"shariff-button facebook shariff-nocustomcolor\" style=\"background-color:#4273c8;border-radius:1%\"><a href=\"https:\/\/www.facebook.com\/sharer\/sharer.php?u=https%3A%2F%2Fwww.sonnenseite.com%2Fde%2Ftipps%2Fenergiewende-durch-tarifwahl-238-stromtarife-tragen-das-gruener-strom-label%2F\" title=\"Bei Facebook teilen\" aria-label=\"Bei Facebook teilen\" role=\"button\" rel=\"nofollow\" class=\"shariff-link\" style=\";border-radius:1%; background-color:#3b5998; color:#fff\" target=\"_blank\"><span class=\"shariff-icon\" style=\"\"><svg width=\"32px\" height=\"20px\" xmlns=\"http:\/\/www.w3.org\/2000\/svg\" viewBox=\"0 0 18 32\"><path fill=\"#3b5998\" d=\"M17.1 0.2v4.7h-2.8q-1.5 0-2.1 0.6t-0.5 1.9v3.4h5.2l-0.7 5.3h-4.5v13.6h-5.5v-13.6h-4.5v-5.3h4.5v-3.9q0-3.3 1.9-5.2t5-1.8q2.6 0 4.1 0.2z\"\/><\/svg><\/span><\/a><\/li><li class=\"shariff-button twitter shariff-nocustomcolor\" style=\"background-color:#595959;border-radius:1%\"><a href=\"https:\/\/twitter.com\/share?url=https%3A%2F%2Fwww.sonnenseite.com%2Fde%2Ftipps%2Fenergiewende-durch-tarifwahl-238-stromtarife-tragen-das-gruener-strom-label%2F&text=Energiewende%20durch%20Tarifwahl%3A%20238%20Stromtarife%20tragen%20das%20Gr%C3%BCner%20Strom-Label\" title=\"Bei X teilen\" aria-label=\"Bei X teilen\" role=\"button\" rel=\"noopener nofollow\" class=\"shariff-link\" style=\";border-radius:1%; background-color:#000; color:#fff\" target=\"_blank\"><span class=\"shariff-icon\" style=\"\"><svg width=\"32px\" height=\"20px\" xmlns=\"http:\/\/www.w3.org\/2000\/svg\" viewBox=\"0 0 24 24\"><path fill=\"#000\" d=\"M14.258 10.152L23.176 0h-2.113l-7.747 8.813L7.133 0H0l9.352 13.328L0 23.973h2.113l8.176-9.309 6.531 9.309h7.133zm-2.895 3.293l-.949-1.328L2.875 1.56h3.246l6.086 8.523.945 1.328 7.91 11.078h-3.246zm0 0\"\/><\/svg><\/span><\/a><\/li><li class=\"shariff-button xing shariff-nocustomcolor\" style=\"background-color:#29888a;border-radius:1%\"><a href=\"https:\/\/www.xing.com\/spi\/shares\/new?url=https%3A%2F%2Fwww.sonnenseite.com%2Fde%2Ftipps%2Fenergiewende-durch-tarifwahl-238-stromtarife-tragen-das-gruener-strom-label%2F\" title=\"Bei XING teilen\" aria-label=\"Bei XING teilen\" role=\"button\" rel=\"noopener nofollow\" class=\"shariff-link\" style=\";border-radius:1%; background-color:#126567; color:#fff\" target=\"_blank\"><span class=\"shariff-icon\" style=\"\"><svg width=\"32px\" height=\"20px\" xmlns=\"http:\/\/www.w3.org\/2000\/svg\" viewBox=\"0 0 25 32\"><path fill=\"#126567\" d=\"M10.7 11.9q-0.2 0.3-4.6 8.2-0.5 0.8-1.2 0.8h-4.3q-0.4 0-0.5-0.3t0-0.6l4.5-8q0 0 0 0l-2.9-5q-0.2-0.4 0-0.7 0.2-0.3 0.5-0.3h4.3q0.7 0 1.2 0.8zM25.1 0.4q0.2 0.3 0 0.7l-9.4 16.7 6 11q0.2 0.4 0 0.6-0.2 0.3-0.6 0.3h-4.3q-0.7 0-1.2-0.8l-6-11.1q0.3-0.6 9.5-16.8 0.4-0.8 1.2-0.8h4.3q0.4 0 0.5 0.3z\"\/><\/svg><\/span><\/a><\/li><li class=\"shariff-button linkedin shariff-nocustomcolor\" style=\"background-color:#1488bf;border-radius:1%\"><a href=\"https:\/\/www.linkedin.com\/sharing\/share-offsite\/?url=https%3A%2F%2Fwww.sonnenseite.com%2Fde%2Ftipps%2Fenergiewende-durch-tarifwahl-238-stromtarife-tragen-das-gruener-strom-label%2F\" title=\"Bei LinkedIn teilen\" aria-label=\"Bei LinkedIn teilen\" role=\"button\" rel=\"noopener nofollow\" class=\"shariff-link\" style=\";border-radius:1%; background-color:#0077b5; color:#fff\" target=\"_blank\"><span class=\"shariff-icon\" style=\"\"><svg width=\"32px\" height=\"20px\" xmlns=\"http:\/\/www.w3.org\/2000\/svg\" viewBox=\"0 0 27 32\"><path fill=\"#0077b5\" d=\"M6.2 11.2v17.7h-5.9v-17.7h5.9zM6.6 5.7q0 1.3-0.9 2.2t-2.4 0.9h0q-1.5 0-2.4-0.9t-0.9-2.2 0.9-2.2 2.4-0.9 2.4 0.9 0.9 2.2zM27.4 18.7v10.1h-5.9v-9.5q0-1.9-0.7-2.9t-2.3-1.1q-1.1 0-1.9 0.6t-1.2 1.5q-0.2 0.5-0.2 1.4v9.9h-5.9q0-7.1 0-11.6t0-5.3l0-0.9h5.9v2.6h0q0.4-0.6 0.7-1t1-0.9 1.6-0.8 2-0.3q3 0 4.9 2t1.9 6z\"\/><\/svg><\/span><\/a><\/li><li class=\"shariff-button printer shariff-nocustomcolor\" style=\"background-color:#a8a8a8;border-radius:1%\"><a href=\"javascript:window.print()\" title=\"drucken\" aria-label=\"drucken\" role=\"button\" rel=\"noopener nofollow\" class=\"shariff-link\" style=\";border-radius:1%; background-color:#999; color:#fff\"><span class=\"shariff-icon\" style=\"\"><svg width=\"32px\" height=\"20px\" xmlns=\"http:\/\/www.w3.org\/2000\/svg\" viewBox=\"0 0 30 32\"><path fill=\"#999\" d=\"M6.8 27.4h16v-4.6h-16v4.6zM6.8 16h16v-6.8h-2.8q-0.7 0-1.2-0.5t-0.5-1.2v-2.8h-11.4v11.4zM27.4 17.2q0-0.5-0.3-0.8t-0.8-0.4-0.8 0.4-0.3 0.8 0.3 0.8 0.8 0.3 0.8-0.3 0.3-0.8zM29.7 17.2v7.4q0 0.2-0.2 0.4t-0.4 0.2h-4v2.8q0 0.7-0.5 1.2t-1.2 0.5h-17.2q-0.7 0-1.2-0.5t-0.5-1.2v-2.8h-4q-0.2 0-0.4-0.2t-0.2-0.4v-7.4q0-1.4 1-2.4t2.4-1h1.2v-9.7q0-0.7 0.5-1.2t1.2-0.5h12q0.7 0 1.6 0.4t1.3 0.8l2.7 2.7q0.5 0.5 0.9 1.4t0.4 1.6v4.6h1.1q1.4 0 2.4 1t1 2.4z\"\/><\/svg><\/span><\/a><\/li><li class=\"shariff-button mailto shariff-nocustomcolor\" style=\"background-color:#a8a8a8;border-radius:1%\"><a href=\"mailto:?body=https%3A%2F%2Fwww.sonnenseite.com%2Fde%2Ftipps%2Fenergiewende-durch-tarifwahl-238-stromtarife-tragen-das-gruener-strom-label%2F&subject=Energiewende%20durch%20Tarifwahl%3A%20238%20Stromtarife%20tragen%20das%20Gr%C3%BCner%20Strom-Label\" title=\"Per E-Mail versenden\" aria-label=\"Per E-Mail versenden\" role=\"button\" rel=\"noopener nofollow\" class=\"shariff-link\" style=\";border-radius:1%; background-color:#999; color:#fff\"><span class=\"shariff-icon\" style=\"\"><svg width=\"32px\" height=\"20px\" xmlns=\"http:\/\/www.w3.org\/2000\/svg\" viewBox=\"0 0 32 32\"><path fill=\"#999\" d=\"M32 12.7v14.2q0 1.2-0.8 2t-2 0.9h-26.3q-1.2 0-2-0.9t-0.8-2v-14.2q0.8 0.9 1.8 1.6 6.5 4.4 8.9 6.1 1 0.8 1.6 1.2t1.7 0.9 2 0.4h0.1q0.9 0 2-0.4t1.7-0.9 1.6-1.2q3-2.2 8.9-6.1 1-0.7 1.8-1.6zM32 7.4q0 1.4-0.9 2.7t-2.2 2.2q-6.7 4.7-8.4 5.8-0.2 0.1-0.7 0.5t-1 0.7-0.9 0.6-1.1 0.5-0.9 0.2h-0.1q-0.4 0-0.9-0.2t-1.1-0.5-0.9-0.6-1-0.7-0.7-0.5q-1.6-1.1-4.7-3.2t-3.6-2.6q-1.1-0.7-2.1-2t-1-2.5q0-1.4 0.7-2.3t2.1-0.9h26.3q1.2 0 2 0.8t0.9 2z\"\/><\/svg><\/span><\/a><\/li><\/ul><\/div>","protected":false},"excerpt":{"rendered":"<p>Noch nie wurden so viele \u00d6kostromtarife mit dem Gr\u00fcner Strom-Label zertifiziert wie im vergangenen Jahr. Der [&hellip;]<\/p>\n","protected":false},"author":3,"featured_media":3198,"comment_status":"closed","ping_status":"closed","sticky":false,"template":"","format":"standard","meta":{"inline_featured_image":false,"footnotes":""},"categories":[28],"tags":[],"class_list":["post-114330","post","type-post","status-publish","format-standard","has-post-thumbnail","hentry","category-tipps"],"yoast_head":"<!-- This site is optimized with the Yoast SEO plugin v26.5 - https:\/\/yoast.com\/wordpress\/plugins\/seo\/ -->\n<title>Energiewende durch Tarifwahl: 238 Stromtarife tragen das Gr\u00fcner Strom-Label - Sonnenseite - \u00d6kologische Kommunikation mit Franz Alt<\/title>\n<meta name=\"description\" content=\"Noch nie wurden so viele \u00d6kostromtarife mit dem Gr\u00fcner Strom-Label zertifiziert wie im vergangenen Jahr. Der Trend der letzten Jahre setzt sich damit\" \/>\n<meta name=\"robots\" content=\"index, follow, max-snippet:-1, max-image-preview:large, max-video-preview:-1\" \/>\n<link rel=\"canonical\" href=\"https:\/\/www.sonnenseite.com\/de\/tipps\/energiewende-durch-tarifwahl-238-stromtarife-tragen-das-gruener-strom-label\/\" \/>\n<meta property=\"og:locale\" content=\"de_DE\" \/>\n<meta property=\"og:type\" content=\"article\" \/>\n<meta property=\"og:title\" content=\"Energiewende durch Tarifwahl: 238 Stromtarife tragen das Gr\u00fcner Strom-Label - Sonnenseite - \u00d6kologische Kommunikation mit Franz Alt\" \/>\n<meta property=\"og:description\" content=\"Noch nie wurden so viele \u00d6kostromtarife mit dem Gr\u00fcner Strom-Label zertifiziert wie im vergangenen Jahr. Der Trend der letzten Jahre setzt sich damit\" \/>\n<meta property=\"og:url\" content=\"https:\/\/www.sonnenseite.com\/de\/tipps\/energiewende-durch-tarifwahl-238-stromtarife-tragen-das-gruener-strom-label\/\" \/>\n<meta property=\"og:site_name\" content=\"Sonnenseite\" \/>\n<meta property=\"article:publisher\" content=\"https:\/\/www.facebook.com\/pages\/Franz-Alt-SONNENSEITECOM\/221072987903953?fref=ts\" \/>\n<meta property=\"article:published_time\" content=\"2026-04-29T10:49:53+00:00\" \/>\n<meta property=\"article:modified_time\" content=\"2026-04-29T10:49:54+00:00\" \/>\n<meta property=\"og:image\" content=\"https:\/\/www.sonnenseite.com\/wp-content\/uploads\/2020\/02\/Strom_gruen_ipopba.jpg\" \/>\n\t<meta property=\"og:image:width\" content=\"770\" \/>\n\t<meta property=\"og:image:height\" content=\"420\" \/>\n\t<meta property=\"og:image:type\" content=\"image\/jpeg\" \/>\n<meta name=\"author\" content=\"Bigi Alt\" \/>\n<meta name=\"twitter:card\" content=\"summary_large_image\" \/>\n<meta name=\"twitter:creator\" content=\"@franzalt\" \/>\n<meta name=\"twitter:site\" content=\"@franzalt\" \/>\n<meta name=\"twitter:label1\" content=\"Verfasst von\" \/>\n\t<meta name=\"twitter:data1\" content=\"Bigi Alt\" \/>\n\t<meta name=\"twitter:label2\" content=\"Gesch\u00e4tzte Lesezeit\" \/>\n\t<meta name=\"twitter:data2\" content=\"3\u00a0Minuten\" \/>\n<script type=\"application\/ld+json\" class=\"yoast-schema-graph\">{\"@context\":\"https:\/\/schema.org\",\"@graph\":[{\"@type\":\"Article\",\"@id\":\"https:\/\/www.sonnenseite.com\/de\/tipps\/energiewende-durch-tarifwahl-238-stromtarife-tragen-das-gruener-strom-label\/#article\",\"isPartOf\":{\"@id\":\"https:\/\/www.sonnenseite.com\/de\/tipps\/energiewende-durch-tarifwahl-238-stromtarife-tragen-das-gruener-strom-label\/\"},\"author\":{\"name\":\"Bigi Alt\",\"@id\":\"https:\/\/www.sonnenseite.com\/de\/#\/schema\/person\/50fda0e926597684c7cc6695238a4eb9\"},\"headline\":\"Energiewende durch Tarifwahl: 238 Stromtarife tragen das Gr\u00fcner Strom-Label\",\"datePublished\":\"2026-04-29T10:49:53+00:00\",\"dateModified\":\"2026-04-29T10:49:54+00:00\",\"mainEntityOfPage\":{\"@id\":\"https:\/\/www.sonnenseite.com\/de\/tipps\/energiewende-durch-tarifwahl-238-stromtarife-tragen-das-gruener-strom-label\/\"},\"wordCount\":473,\"publisher\":{\"@id\":\"https:\/\/www.sonnenseite.com\/de\/#organization\"},\"image\":{\"@id\":\"https:\/\/www.sonnenseite.com\/de\/tipps\/energiewende-durch-tarifwahl-238-stromtarife-tragen-das-gruener-strom-label\/#primaryimage\"},\"thumbnailUrl\":\"https:\/\/www.sonnenseite.com\/wp-content\/uploads\/2020\/02\/Strom_gruen_ipopba.jpg\",\"articleSection\":[\"Tipps\"],\"inLanguage\":\"de\"},{\"@type\":\"WebPage\",\"@id\":\"https:\/\/www.sonnenseite.com\/de\/tipps\/energiewende-durch-tarifwahl-238-stromtarife-tragen-das-gruener-strom-label\/\",\"url\":\"https:\/\/www.sonnenseite.com\/de\/tipps\/energiewende-durch-tarifwahl-238-stromtarife-tragen-das-gruener-strom-label\/\",\"name\":\"Energiewende durch Tarifwahl: 238 Stromtarife tragen das Gr\u00fcner Strom-Label - Sonnenseite - \u00d6kologische Kommunikation mit Franz Alt\",\"isPartOf\":{\"@id\":\"https:\/\/www.sonnenseite.com\/de\/#website\"},\"primaryImageOfPage\":{\"@id\":\"https:\/\/www.sonnenseite.com\/de\/tipps\/energiewende-durch-tarifwahl-238-stromtarife-tragen-das-gruener-strom-label\/#primaryimage\"},\"image\":{\"@id\":\"https:\/\/www.sonnenseite.com\/de\/tipps\/energiewende-durch-tarifwahl-238-stromtarife-tragen-das-gruener-strom-label\/#primaryimage\"},\"thumbnailUrl\":\"https:\/\/www.sonnenseite.com\/wp-content\/uploads\/2020\/02\/Strom_gruen_ipopba.jpg\",\"datePublished\":\"2026-04-29T10:49:53+00:00\",\"dateModified\":\"2026-04-29T10:49:54+00:00\",\"description\":\"Noch nie wurden so viele \u00d6kostromtarife mit dem Gr\u00fcner Strom-Label zertifiziert wie im vergangenen Jahr. Der Trend der letzten Jahre setzt sich damit\",\"breadcrumb\":{\"@id\":\"https:\/\/www.sonnenseite.com\/de\/tipps\/energiewende-durch-tarifwahl-238-stromtarife-tragen-das-gruener-strom-label\/#breadcrumb\"},\"inLanguage\":\"de\",\"potentialAction\":[{\"@type\":\"ReadAction\",\"target\":[\"https:\/\/www.sonnenseite.com\/de\/tipps\/energiewende-durch-tarifwahl-238-stromtarife-tragen-das-gruener-strom-label\/\"]}]},{\"@type\":\"ImageObject\",\"inLanguage\":\"de\",\"@id\":\"https:\/\/www.sonnenseite.com\/de\/tipps\/energiewende-durch-tarifwahl-238-stromtarife-tragen-das-gruener-strom-label\/#primaryimage\",\"url\":\"https:\/\/www.sonnenseite.com\/wp-content\/uploads\/2020\/02\/Strom_gruen_ipopba.jpg\",\"contentUrl\":\"https:\/\/www.sonnenseite.com\/wp-content\/uploads\/2020\/02\/Strom_gruen_ipopba.jpg\",\"width\":770,\"height\":420,\"caption\":\"Depositphotos | ipopba\"},{\"@type\":\"BreadcrumbList\",\"@id\":\"https:\/\/www.sonnenseite.com\/de\/tipps\/energiewende-durch-tarifwahl-238-stromtarife-tragen-das-gruener-strom-label\/#breadcrumb\",\"itemListElement\":[{\"@type\":\"ListItem\",\"position\":1,\"name\":\"Startseite\",\"item\":\"https:\/\/www.sonnenseite.com\/de\/\"},{\"@type\":\"ListItem\",\"position\":2,\"name\":\"Energiewende durch Tarifwahl: 238 Stromtarife tragen das Gr\u00fcner Strom-Label\"}]},{\"@type\":\"WebSite\",\"@id\":\"https:\/\/www.sonnenseite.com\/de\/#website\",\"url\":\"https:\/\/www.sonnenseite.com\/de\/\",\"name\":\"Sonnenseite\",\"description\":\"\u00d6kologische Kommunikation mit Franz Alt\",\"publisher\":{\"@id\":\"https:\/\/www.sonnenseite.com\/de\/#organization\"},\"potentialAction\":[{\"@type\":\"SearchAction\",\"target\":{\"@type\":\"EntryPoint\",\"urlTemplate\":\"https:\/\/www.sonnenseite.com\/de\/?s={search_term_string}\"},\"query-input\":{\"@type\":\"PropertyValueSpecification\",\"valueRequired\":true,\"valueName\":\"search_term_string\"}}],\"inLanguage\":\"de\"},{\"@type\":\"Organization\",\"@id\":\"https:\/\/www.sonnenseite.com\/de\/#organization\",\"name\":\"Sonnenseite\",\"url\":\"https:\/\/www.sonnenseite.com\/de\/\",\"logo\":{\"@type\":\"ImageObject\",\"inLanguage\":\"de\",\"@id\":\"https:\/\/www.sonnenseite.com\/de\/#\/schema\/logo\/image\/\",\"url\":\"https:\/\/www.sonnenseite.com\/wp-content\/uploads\/2020\/05\/Sonnenseite_Logo.png\",\"contentUrl\":\"https:\/\/www.sonnenseite.com\/wp-content\/uploads\/2020\/05\/Sonnenseite_Logo.png\",\"width\":377,\"height\":90,\"caption\":\"Sonnenseite\"},\"image\":{\"@id\":\"https:\/\/www.sonnenseite.com\/de\/#\/schema\/logo\/image\/\"},\"sameAs\":[\"https:\/\/www.facebook.com\/pages\/Franz-Alt-SONNENSEITECOM\/221072987903953?fref=ts\",\"https:\/\/x.com\/franzalt\",\"http:\/\/www.youtube.com\/results?search_query&amp;amp;quot;franz_alt&amp;amp;quot;&amp;amp;amp;amp;search_type&amp;amp;amp;amp;aq=f\"]},{\"@type\":\"Person\",\"@id\":\"https:\/\/www.sonnenseite.com\/de\/#\/schema\/person\/50fda0e926597684c7cc6695238a4eb9\",\"name\":\"Bigi Alt\"}]}<\/script>\n<!-- \/ Yoast SEO plugin. -->","yoast_head_json":{"title":"Energiewende durch Tarifwahl: 238 Stromtarife tragen das Gr\u00fcner Strom-Label - Sonnenseite - \u00d6kologische Kommunikation mit Franz Alt","description":"Noch nie wurden so viele \u00d6kostromtarife mit dem Gr\u00fcner Strom-Label zertifiziert wie im vergangenen Jahr. Der Trend der letzten Jahre setzt sich damit","robots":{"index":"index","follow":"follow","max-snippet":"max-snippet:-1","max-image-preview":"max-image-preview:large","max-video-preview":"max-video-preview:-1"},"canonical":"https:\/\/www.sonnenseite.com\/de\/tipps\/energiewende-durch-tarifwahl-238-stromtarife-tragen-das-gruener-strom-label\/","og_locale":"de_DE","og_type":"article","og_title":"Energiewende durch Tarifwahl: 238 Stromtarife tragen das Gr\u00fcner Strom-Label - Sonnenseite - \u00d6kologische Kommunikation mit Franz Alt","og_description":"Noch nie wurden so viele \u00d6kostromtarife mit dem Gr\u00fcner Strom-Label zertifiziert wie im vergangenen Jahr. Der Trend der letzten Jahre setzt sich damit","og_url":"https:\/\/www.sonnenseite.com\/de\/tipps\/energiewende-durch-tarifwahl-238-stromtarife-tragen-das-gruener-strom-label\/","og_site_name":"Sonnenseite","article_publisher":"https:\/\/www.facebook.com\/pages\/Franz-Alt-SONNENSEITECOM\/221072987903953?fref=ts","article_published_time":"2026-04-29T10:49:53+00:00","article_modified_time":"2026-04-29T10:49:54+00:00","og_image":[{"width":770,"height":420,"url":"https:\/\/www.sonnenseite.com\/wp-content\/uploads\/2020\/02\/Strom_gruen_ipopba.jpg","type":"image\/jpeg"}],"author":"Bigi Alt","twitter_card":"summary_large_image","twitter_creator":"@franzalt","twitter_site":"@franzalt","twitter_misc":{"Verfasst von":"Bigi Alt","Gesch\u00e4tzte Lesezeit":"3\u00a0Minuten"},"schema":{"@context":"https:\/\/schema.org","@graph":[{"@type":"Article","@id":"https:\/\/www.sonnenseite.com\/de\/tipps\/energiewende-durch-tarifwahl-238-stromtarife-tragen-das-gruener-strom-label\/#article","isPartOf":{"@id":"https:\/\/www.sonnenseite.com\/de\/tipps\/energiewende-durch-tarifwahl-238-stromtarife-tragen-das-gruener-strom-label\/"},"author":{"name":"Bigi Alt","@id":"https:\/\/www.sonnenseite.com\/de\/#\/schema\/person\/50fda0e926597684c7cc6695238a4eb9"},"headline":"Energiewende durch Tarifwahl: 238 Stromtarife tragen das Gr\u00fcner Strom-Label","datePublished":"2026-04-29T10:49:53+00:00","dateModified":"2026-04-29T10:49:54+00:00","mainEntityOfPage":{"@id":"https:\/\/www.sonnenseite.com\/de\/tipps\/energiewende-durch-tarifwahl-238-stromtarife-tragen-das-gruener-strom-label\/"},"wordCount":473,"publisher":{"@id":"https:\/\/www.sonnenseite.com\/de\/#organization"},"image":{"@id":"https:\/\/www.sonnenseite.com\/de\/tipps\/energiewende-durch-tarifwahl-238-stromtarife-tragen-das-gruener-strom-label\/#primaryimage"},"thumbnailUrl":"https:\/\/www.sonnenseite.com\/wp-content\/uploads\/2020\/02\/Strom_gruen_ipopba.jpg","articleSection":["Tipps"],"inLanguage":"de"},{"@type":"WebPage","@id":"https:\/\/www.sonnenseite.com\/de\/tipps\/energiewende-durch-tarifwahl-238-stromtarife-tragen-das-gruener-strom-label\/","url":"https:\/\/www.sonnenseite.com\/de\/tipps\/energiewende-durch-tarifwahl-238-stromtarife-tragen-das-gruener-strom-label\/","name":"Energiewende durch Tarifwahl: 238 Stromtarife tragen das Gr\u00fcner Strom-Label - Sonnenseite - \u00d6kologische Kommunikation mit Franz Alt","isPartOf":{"@id":"https:\/\/www.sonnenseite.com\/de\/#website"},"primaryImageOfPage":{"@id":"https:\/\/www.sonnenseite.com\/de\/tipps\/energiewende-durch-tarifwahl-238-stromtarife-tragen-das-gruener-strom-label\/#primaryimage"},"image":{"@id":"https:\/\/www.sonnenseite.com\/de\/tipps\/energiewende-durch-tarifwahl-238-stromtarife-tragen-das-gruener-strom-label\/#primaryimage"},"thumbnailUrl":"https:\/\/www.sonnenseite.com\/wp-content\/uploads\/2020\/02\/Strom_gruen_ipopba.jpg","datePublished":"2026-04-29T10:49:53+00:00","dateModified":"2026-04-29T10:49:54+00:00","description":"Noch nie wurden so viele \u00d6kostromtarife mit dem Gr\u00fcner Strom-Label zertifiziert wie im vergangenen Jahr. Der Trend der letzten Jahre setzt sich damit","breadcrumb":{"@id":"https:\/\/www.sonnenseite.com\/de\/tipps\/energiewende-durch-tarifwahl-238-stromtarife-tragen-das-gruener-strom-label\/#breadcrumb"},"inLanguage":"de","potentialAction":[{"@type":"ReadAction","target":["https:\/\/www.sonnenseite.com\/de\/tipps\/energiewende-durch-tarifwahl-238-stromtarife-tragen-das-gruener-strom-label\/"]}]},{"@type":"ImageObject","inLanguage":"de","@id":"https:\/\/www.sonnenseite.com\/de\/tipps\/energiewende-durch-tarifwahl-238-stromtarife-tragen-das-gruener-strom-label\/#primaryimage","url":"https:\/\/www.sonnenseite.com\/wp-content\/uploads\/2020\/02\/Strom_gruen_ipopba.jpg","contentUrl":"https:\/\/www.sonnenseite.com\/wp-content\/uploads\/2020\/02\/Strom_gruen_ipopba.jpg","width":770,"height":420,"caption":"Depositphotos | ipopba"},{"@type":"BreadcrumbList","@id":"https:\/\/www.sonnenseite.com\/de\/tipps\/energiewende-durch-tarifwahl-238-stromtarife-tragen-das-gruener-strom-label\/#breadcrumb","itemListElement":[{"@type":"ListItem","position":1,"name":"Startseite","item":"https:\/\/www.sonnenseite.com\/de\/"},{"@type":"ListItem","position":2,"name":"Energiewende durch Tarifwahl: 238 Stromtarife tragen das Gr\u00fcner Strom-Label"}]},{"@type":"WebSite","@id":"https:\/\/www.sonnenseite.com\/de\/#website","url":"https:\/\/www.sonnenseite.com\/de\/","name":"Sonnenseite","description":"\u00d6kologische Kommunikation mit Franz Alt","publisher":{"@id":"https:\/\/www.sonnenseite.com\/de\/#organization"},"potentialAction":[{"@type":"SearchAction","target":{"@type":"EntryPoint","urlTemplate":"https:\/\/www.sonnenseite.com\/de\/?s={search_term_string}"},"query-input":{"@type":"PropertyValueSpecification","valueRequired":true,"valueName":"search_term_string"}}],"inLanguage":"de"},{"@type":"Organization","@id":"https:\/\/www.sonnenseite.com\/de\/#organization","name":"Sonnenseite","url":"https:\/\/www.sonnenseite.com\/de\/","logo":{"@type":"ImageObject","inLanguage":"de","@id":"https:\/\/www.sonnenseite.com\/de\/#\/schema\/logo\/image\/","url":"https:\/\/www.sonnenseite.com\/wp-content\/uploads\/2020\/05\/Sonnenseite_Logo.png","contentUrl":"https:\/\/www.sonnenseite.com\/wp-content\/uploads\/2020\/05\/Sonnenseite_Logo.png","width":377,"height":90,"caption":"Sonnenseite"},"image":{"@id":"https:\/\/www.sonnenseite.com\/de\/#\/schema\/logo\/image\/"},"sameAs":["https:\/\/www.facebook.com\/pages\/Franz-Alt-SONNENSEITECOM\/221072987903953?fref=ts","https:\/\/x.com\/franzalt","http:\/\/www.youtube.com\/results?search_query&amp;amp;quot;franz_alt&amp;amp;quot;&amp;amp;amp;amp;search_type&amp;amp;amp;amp;aq=f"]},{"@type":"Person","@id":"https:\/\/www.sonnenseite.com\/de\/#\/schema\/person\/50fda0e926597684c7cc6695238a4eb9","name":"Bigi Alt"}]}},"_links":{"self":[{"href":"https:\/\/www.sonnenseite.com\/de\/wp-json\/wp\/v2\/posts\/114330","targetHints":{"allow":["GET"]}}],"collection":[{"href":"https:\/\/www.sonnenseite.com\/de\/wp-json\/wp\/v2\/posts"}],"about":[{"href":"https:\/\/www.sonnenseite.com\/de\/wp-json\/wp\/v2\/types\/post"}],"author":[{"embeddable":true,"href":"https:\/\/www.sonnenseite.com\/de\/wp-json\/wp\/v2\/users\/3"}],"replies":[{"embeddable":true,"href":"https:\/\/www.sonnenseite.com\/de\/wp-json\/wp\/v2\/comments?post=114330"}],"version-history":[{"count":1,"href":"https:\/\/www.sonnenseite.com\/de\/wp-json\/wp\/v2\/posts\/114330\/revisions"}],"predecessor-version":[{"id":114331,"href":"https:\/\/www.sonnenseite.com\/de\/wp-json\/wp\/v2\/posts\/114330\/revisions\/114331"}],"wp:featuredmedia":[{"embeddable":true,"href":"https:\/\/www.sonnenseite.com\/de\/wp-json\/wp\/v2\/media\/3198"}],"wp:attachment":[{"href":"https:\/\/www.sonnenseite.com\/de\/wp-json\/wp\/v2\/media?parent=114330"}],"wp:term":[{"taxonomy":"category","embeddable":true,"href":"https:\/\/www.sonnenseite.com\/de\/wp-json\/wp\/v2\/categories?post=114330"},{"taxonomy":"post_tag","embeddable":true,"href":"https:\/\/www.sonnenseite.com\/de\/wp-json\/wp\/v2\/tags?post=114330"}],"curies":[{"name":"wp","href":"https:\/\/api.w.org\/{rel}","templated":true}]}}