{"id":114332,"date":"2026-04-29T13:02:00","date_gmt":"2026-04-29T11:02:00","guid":{"rendered":"https:\/\/www.sonnenseite.com\/?p=114332"},"modified":"2026-04-29T16:06:08","modified_gmt":"2026-04-29T14:06:08","slug":"destatis-jedes-sechste-todesopfer-fuhr-rad","status":"publish","type":"post","link":"https:\/\/www.sonnenseite.com\/de\/mobilitaet\/destatis-jedes-sechste-todesopfer-fuhr-rad\/","title":{"rendered":"Destatis: Jedes sechste Todesopfer fuhr Rad"},"content":{"rendered":"\n<p>Die Zahl der im Stra\u00dfenverkehr get\u00f6teten Radfahrenden ist erneut gestiegen. Nachdem im Jahr 2024 noch 445 Menschen auf dem Fahrrad ums Leben kamen, erh\u00f6hte sich diese Zahl laut gestern ver\u00f6ffentlichten Daten des Statistischen Bundesamtes (Destatis) um rund vier Prozent auf 462 im Jahr 2025. <\/p>\n\n\n\n<p>Damit w\u00e4chst die Zahl der get\u00f6teten Radfahrenden doppelt so schnell wie die Gesamtzahl der im Stra\u00dfenverkehr Get\u00f6teten, die im gleichen Zeitraum von 2.770 um zwei Prozent auf 2.814 anstieg. Jede sechste im Stra\u00dfenverkehr get\u00f6tete Person war 2025 mit dem Fahrrad unterwegs. Auch im Zehnjahresvergleich ergibt sich ein alarmierendes Bild: W\u00e4hrend die Gesamtzahl der Get\u00f6teten von 2015 bis 2025 um 18 Prozent sank, stieg die Zahl der t\u00f6dlich verungl\u00fcckten Radfahrenden um 21 Prozent. Angesichts dieser Entwicklung sieht der Deutsche Verkehrssicherheitsrat (DVR) Bund, L\u00e4nder und Kommunen in der Pflicht und fordert eine sofortige Infrastrukturoffensive.\u00a0<\/p>\n\n\n\n<p>\u201eSicherheit darf keine Frage des gew\u00e4hlten Verkehrsmittels sein\u201c, betont DVR-Pr\u00e4sident Manfred Wirsch. \u201eDass die Zahl der get\u00f6teten Menschen auf dem Rad Jahr f\u00fcr Jahr steigt, ist ein dringender Handlungsauftrag f\u00fcr die Verkehrspolitik.\u201c&nbsp;<\/p>\n\n\n\n<h4 class=\"wp-block-heading\">Trennung der Verkehrsstr\u00f6me: Infrastruktur muss Fehler verzeihen<\/h4>\n\n\n\n<p>Der DVR fordert eine fl\u00e4chendeckende Aufwertung der Radinfrastruktur \u2013 durch die qualitative Erneuerung bestehender Wege sowie den Bau neuer Wege. Im Zentrum der Ma\u00dfnahmen muss die konsequente bauliche Trennung von Fu\u00df-, Rad- und Pkw-Verkehr stehen, insbesondere an bekannten Unfallschwerpunkten. Radwege m\u00fcssen f\u00fcr alle Verkehrsteilnehmenden an Kreuzungen, Einm\u00fcndungen und Zufahrten klar erkennbar und intuitiv verst\u00e4ndlich gestaltet sein. Freie Sichtbeziehungen zwischen allen Verkehrsteilnehmenden d\u00fcrfen nicht durch parkende Fahrzeuge beeintr\u00e4chtigt werden. Ma\u00dfnahmen wie vorgezogene Haltelinien f\u00fcr Radfahrende sowie getrennte Ampelphasen f\u00fcr Rad- und Autofahrende k\u00f6nnen das Unfallrisiko an Kreuzungen zus\u00e4tzlich reduzieren. Dar\u00fcber hinaus m\u00fcssen Radwege ausreichend breit, gut instandgehalten und frei von Hindernissen sein. So lassen sich auch die h\u00e4ufigen Alleinunf\u00e4lle reduzieren, die oft Menschen ab 65 Jahren betreffen. Wo eine bauliche Trennung der Verkehrsarten nicht umsetzbar ist, muss die zul\u00e4ssige H\u00f6chstgeschwindigkeit abgesenkt werden. Dies erh\u00f6ht die \u00dcberlebenschancen Radfahrender erheblich.&nbsp;<\/p>\n\n\n\n<p>\u201eWir bauen Stra\u00dfen noch zu oft nach dem Prinzip Hoffnung \u2013 in der Erwartung, dass alle Beteiligten jederzeit fehlerfrei am Verkehr teilnehmen\u201c, sagt Manfred Wirsch. \u201eDoch eine gute Infrastruktur muss menschliche Fehler ausgleichen und darf sie nicht mit schweren Unf\u00e4llen bestrafen. Deshalb ist jeder Euro f\u00fcr eine moderne Radinfrastruktur ein lohnenswerter Beitrag zu mehr Sicherheit \u2013 und auch ein Beitrag zur Senkung der volkswirtschaftlichen Kosten von Stra\u00dfenverkehrsunf\u00e4llen, die 2024 erstmalig die Grenze von 40 Milliarden Euro durchbrochen haben.\u201c&nbsp;<\/p>\n\n\n\n<h4 class=\"wp-block-heading\">Schluss mit dem Flickenteppich: Verbindliche Standards f\u00fcr sichere Radwege<\/h4>\n\n\n\n<p>Neu- und Umbauten von Radwegen m\u00fcssen sich an den Empfehlungen f\u00fcr Radverkehrsanlagen (ERA) der Forschungsgesellschaft f\u00fcr Stra\u00dfen- und Verkehrswesen (FGSV) orientieren, die in allen Bundesl\u00e4ndern zum verbindlichen Standard werden sollten. Gleichzeitig fordert der DVR die Beh\u00f6rden auf, verst\u00e4rkt Verkehrsschauen durchzuf\u00fchren und die Empfehlungen der Unfallkommissionen konsequent umzusetzen, um Unfallh\u00e4ufungsstellen zu entsch\u00e4rfen. L\u00e4nder und Kommunen sind dazu aufgerufen, in ihrer jeweiligen Zust\u00e4ndigkeit zusammenh\u00e4ngende sichere Radverkehrsnetze zu planen und umzusetzen. Auch die Verkehrs\u00fcberwachung muss verst\u00e4rkt werden, sowohl bei Verst\u00f6\u00dfen von Radfahrenden als auch gegen\u00fcber Radfahrenden. Dazu geh\u00f6rt ebenfalls die Kontrolle der Verkehrssicherheit von Fahrr\u00e4dern. Auf Bundesebene fordert der DVR die Einf\u00fchrung eines Ordnungswidrigkeitentatbestands f\u00fcr alkoholisiertes Radfahren ab 1,1 Promille.&nbsp;<\/p>\n\n\n\n<p>Scharfe Kritik \u00fcbt der DVR an der aktuellen Entscheidung des Berliner Senats, bei Platzmangel auf Hauptverkehrsstra\u00dfen die Mindestbreite von Radwegen zu unterschreiten oder auf Radwege komplett zu verzichten. Auch auf Ebene der weiteren Bundesl\u00e4nder sieht der DVR Defizite: Um schwere Unf\u00e4lle zu verhindern, w\u00e4ren mehr sichere Querungsm\u00f6glichkeiten f\u00fcr den Rad- und Fu\u00dfverkehr auch auf Landstra\u00dfen notwendig. Ein Bericht zur letzten Verkehrsministerkonferenz offenbart jedoch, dass keines der Bundesl\u00e4nder daf\u00fcr Programme aufgestellt hat. Diese Entwicklungen zeigen aus Sicht des DVR deutlich, dass der Radverkehr politisch noch immer nicht die notwendige Priorit\u00e4t erh\u00e4lt.&nbsp;<\/p>\n\n\n\n<p>\u201e462 get\u00f6tete Radfahrerinnen und Radfahrer sind kein unvermeidbares Hintergrundrauschen unserer Mobilit\u00e4t\u201c, sagt Manfred Wirsch. \u201eEs macht mich zutiefst betroffen, dass immer noch in Frage steht, ob der Um- oder Neubau von Radwegen notwendig ist, w\u00e4hrend jeden Tag in Deutschland ein Radfahrer oder eine Radfahrerin stirbt.\u201c<\/p>\n\n\n\n<p>DVR-Beschl\u00fcsse<\/p>\n\n\n\n<p><a href=\"https:\/\/www.dvr.de\/ueber-uns\/positionen-des-dvr\/beschluesse\/erhoehung-der-verkehrssicherheit-durch-c-its\" target=\"_blank\" rel=\"noreferrer noopener\">Erh\u00f6hung der Verkehrssicherheit durch C-ITS (2025)<\/a><\/p>\n\n\n\n<p><a href=\"https:\/\/www.dvr.de\/ueber-uns\/positionen-des-dvr\/beschluesse\/technische-massnahmen-zur-erhoehung-der-sicherheit-von-fahrrad-pe-delec-s-pedelec-und-lastenradfahrenden\" target=\"_blank\" rel=\"noreferrer noopener\">Technische Ma\u00dfnahmen zur Erh\u00f6hung der Sicherheit von Fahrrad-, Pedelec-, S-Pedelec- und Lastenradfahrenden (2025)<\/a><\/p>\n\n\n\n<p><a href=\"https:\/\/www.dvr.de\/ueber-uns\/positionen-des-dvr\/beschluesse\/evaluierung-auswirkungen-stvzo-neufassung-sicherheit-fahrradfahrenden\" target=\"_blank\" rel=\"noreferrer noopener\">Evaluierung der Auswirkungen der geplanten StVZO-Neufassung auf die Sicherheit von Fahrradfahrenden (2024)<\/a><\/p>\n\n\n\n<p><a href=\"https:\/\/www.dvr.de\/ueber-uns\/positionen-des-dvr\/beschluesse\/erhoehung-der-verkehrssicherheit-durch-vehicle-to-x-kommunikation\" target=\"_blank\" rel=\"noreferrer noopener\">Erh\u00f6hung der Verkehrssicherheit durch Vehicle-to-X-Kommunikation (2021)<\/a><\/p>\n\n\n\n<p><a href=\"https:\/\/www.dvr.de\/ueber-uns\/positionen-des-dvr\/beschluesse\/sicherheit-im-radverkehr-verbessern\" target=\"_blank\" rel=\"noreferrer noopener\">Sicherheit im Radverkehr verbessern (2018)<\/a><\/p>\n\n\n\n<p><a href=\"https:\/\/www.dvr.de\/ueber-uns\/positionen-des-dvr\/beschluesse\/einfuehrung-eines-ordnungswidrigkeitentatbestandes-fuer-alkoholisierte-fahrradfahrer\" target=\"_blank\" rel=\"noreferrer noopener\">Einf\u00fchrung eines Ordnungswidrigkeitentatbestandes f\u00fcr alkoholisierte Fahrradfahrer (2014)<\/a><\/p>\n\n\n\n<p>DVR-Kampagnen<\/p>\n\n\n\n<p><a href=\"https:\/\/www.dvr-jugendaktionen.de\/\" target=\"_blank\" rel=\"noreferrer noopener\">Jugendaktion<\/a>&nbsp;<\/p>\n\n\n\n<p><a href=\"https:\/\/www.schwerpunktaktion.de\/\" target=\"_blank\" rel=\"noreferrer noopener\">DVR\/UK\/BG-Schwerpunktaktion \u2013 Sichere Radfahrmobilit\u00e4<\/a>t&nbsp;<\/p>\n\n\n\n<p><a href=\"https:\/\/www.e-im-griff.de\/\" target=\"_blank\" rel=\"noreferrer noopener\">Sicher unterwegs mit dem Pedelec<\/a>&nbsp;<\/p>\n\n\n\n<p><a href=\"https:\/\/www.runtervomgas.de\/fahrrad-fahren\/\" target=\"_blank\" rel=\"noreferrer noopener\">Runter vom Gas<\/a>&nbsp;<\/p>\n\n\n\n<p><a href=\"https:\/\/www.kommgutan.de\/\" target=\"_blank\" rel=\"noreferrer noopener\">Komm gut an<\/a><\/p>\n<div class=\"shariff shariff-align-flex-start shariff-widget-align-flex-start\"><div class=\"ShariffHeadline\">Diese Meldung teilen<\/div><ul class=\"shariff-buttons theme-round orientation-horizontal buttonsize-medium\"><li class=\"shariff-button facebook shariff-nocustomcolor\" style=\"background-color:#4273c8;border-radius:1%\"><a href=\"https:\/\/www.facebook.com\/sharer\/sharer.php?u=https%3A%2F%2Fwww.sonnenseite.com%2Fde%2Fmobilitaet%2Fdestatis-jedes-sechste-todesopfer-fuhr-rad%2F\" title=\"Bei Facebook teilen\" aria-label=\"Bei Facebook teilen\" role=\"button\" rel=\"nofollow\" class=\"shariff-link\" style=\";border-radius:1%; background-color:#3b5998; color:#fff\" target=\"_blank\"><span class=\"shariff-icon\" style=\"\"><svg width=\"32px\" height=\"20px\" xmlns=\"http:\/\/www.w3.org\/2000\/svg\" viewBox=\"0 0 18 32\"><path fill=\"#3b5998\" d=\"M17.1 0.2v4.7h-2.8q-1.5 0-2.1 0.6t-0.5 1.9v3.4h5.2l-0.7 5.3h-4.5v13.6h-5.5v-13.6h-4.5v-5.3h4.5v-3.9q0-3.3 1.9-5.2t5-1.8q2.6 0 4.1 0.2z\"\/><\/svg><\/span><\/a><\/li><li class=\"shariff-button twitter shariff-nocustomcolor\" style=\"background-color:#595959;border-radius:1%\"><a href=\"https:\/\/twitter.com\/share?url=https%3A%2F%2Fwww.sonnenseite.com%2Fde%2Fmobilitaet%2Fdestatis-jedes-sechste-todesopfer-fuhr-rad%2F&text=Destatis%3A%20Jedes%20sechste%20Todesopfer%20fuhr%20Rad\" title=\"Bei X teilen\" aria-label=\"Bei X teilen\" role=\"button\" rel=\"noopener nofollow\" class=\"shariff-link\" style=\";border-radius:1%; background-color:#000; color:#fff\" target=\"_blank\"><span class=\"shariff-icon\" style=\"\"><svg width=\"32px\" height=\"20px\" xmlns=\"http:\/\/www.w3.org\/2000\/svg\" viewBox=\"0 0 24 24\"><path fill=\"#000\" d=\"M14.258 10.152L23.176 0h-2.113l-7.747 8.813L7.133 0H0l9.352 13.328L0 23.973h2.113l8.176-9.309 6.531 9.309h7.133zm-2.895 3.293l-.949-1.328L2.875 1.56h3.246l6.086 8.523.945 1.328 7.91 11.078h-3.246zm0 0\"\/><\/svg><\/span><\/a><\/li><li class=\"shariff-button xing shariff-nocustomcolor\" style=\"background-color:#29888a;border-radius:1%\"><a href=\"https:\/\/www.xing.com\/spi\/shares\/new?url=https%3A%2F%2Fwww.sonnenseite.com%2Fde%2Fmobilitaet%2Fdestatis-jedes-sechste-todesopfer-fuhr-rad%2F\" title=\"Bei XING teilen\" aria-label=\"Bei XING teilen\" role=\"button\" rel=\"noopener nofollow\" class=\"shariff-link\" style=\";border-radius:1%; background-color:#126567; color:#fff\" target=\"_blank\"><span class=\"shariff-icon\" style=\"\"><svg width=\"32px\" height=\"20px\" xmlns=\"http:\/\/www.w3.org\/2000\/svg\" viewBox=\"0 0 25 32\"><path fill=\"#126567\" d=\"M10.7 11.9q-0.2 0.3-4.6 8.2-0.5 0.8-1.2 0.8h-4.3q-0.4 0-0.5-0.3t0-0.6l4.5-8q0 0 0 0l-2.9-5q-0.2-0.4 0-0.7 0.2-0.3 0.5-0.3h4.3q0.7 0 1.2 0.8zM25.1 0.4q0.2 0.3 0 0.7l-9.4 16.7 6 11q0.2 0.4 0 0.6-0.2 0.3-0.6 0.3h-4.3q-0.7 0-1.2-0.8l-6-11.1q0.3-0.6 9.5-16.8 0.4-0.8 1.2-0.8h4.3q0.4 0 0.5 0.3z\"\/><\/svg><\/span><\/a><\/li><li class=\"shariff-button linkedin shariff-nocustomcolor\" style=\"background-color:#1488bf;border-radius:1%\"><a href=\"https:\/\/www.linkedin.com\/sharing\/share-offsite\/?url=https%3A%2F%2Fwww.sonnenseite.com%2Fde%2Fmobilitaet%2Fdestatis-jedes-sechste-todesopfer-fuhr-rad%2F\" title=\"Bei LinkedIn teilen\" aria-label=\"Bei LinkedIn teilen\" role=\"button\" rel=\"noopener nofollow\" class=\"shariff-link\" style=\";border-radius:1%; background-color:#0077b5; color:#fff\" target=\"_blank\"><span class=\"shariff-icon\" style=\"\"><svg width=\"32px\" height=\"20px\" xmlns=\"http:\/\/www.w3.org\/2000\/svg\" viewBox=\"0 0 27 32\"><path fill=\"#0077b5\" d=\"M6.2 11.2v17.7h-5.9v-17.7h5.9zM6.6 5.7q0 1.3-0.9 2.2t-2.4 0.9h0q-1.5 0-2.4-0.9t-0.9-2.2 0.9-2.2 2.4-0.9 2.4 0.9 0.9 2.2zM27.4 18.7v10.1h-5.9v-9.5q0-1.9-0.7-2.9t-2.3-1.1q-1.1 0-1.9 0.6t-1.2 1.5q-0.2 0.5-0.2 1.4v9.9h-5.9q0-7.1 0-11.6t0-5.3l0-0.9h5.9v2.6h0q0.4-0.6 0.7-1t1-0.9 1.6-0.8 2-0.3q3 0 4.9 2t1.9 6z\"\/><\/svg><\/span><\/a><\/li><li class=\"shariff-button printer shariff-nocustomcolor\" style=\"background-color:#a8a8a8;border-radius:1%\"><a href=\"javascript:window.print()\" title=\"drucken\" aria-label=\"drucken\" role=\"button\" rel=\"noopener nofollow\" class=\"shariff-link\" style=\";border-radius:1%; background-color:#999; color:#fff\"><span class=\"shariff-icon\" style=\"\"><svg width=\"32px\" height=\"20px\" xmlns=\"http:\/\/www.w3.org\/2000\/svg\" viewBox=\"0 0 30 32\"><path fill=\"#999\" d=\"M6.8 27.4h16v-4.6h-16v4.6zM6.8 16h16v-6.8h-2.8q-0.7 0-1.2-0.5t-0.5-1.2v-2.8h-11.4v11.4zM27.4 17.2q0-0.5-0.3-0.8t-0.8-0.4-0.8 0.4-0.3 0.8 0.3 0.8 0.8 0.3 0.8-0.3 0.3-0.8zM29.7 17.2v7.4q0 0.2-0.2 0.4t-0.4 0.2h-4v2.8q0 0.7-0.5 1.2t-1.2 0.5h-17.2q-0.7 0-1.2-0.5t-0.5-1.2v-2.8h-4q-0.2 0-0.4-0.2t-0.2-0.4v-7.4q0-1.4 1-2.4t2.4-1h1.2v-9.7q0-0.7 0.5-1.2t1.2-0.5h12q0.7 0 1.6 0.4t1.3 0.8l2.7 2.7q0.5 0.5 0.9 1.4t0.4 1.6v4.6h1.1q1.4 0 2.4 1t1 2.4z\"\/><\/svg><\/span><\/a><\/li><li class=\"shariff-button mailto shariff-nocustomcolor\" style=\"background-color:#a8a8a8;border-radius:1%\"><a href=\"mailto:?body=https%3A%2F%2Fwww.sonnenseite.com%2Fde%2Fmobilitaet%2Fdestatis-jedes-sechste-todesopfer-fuhr-rad%2F&subject=Destatis%3A%20Jedes%20sechste%20Todesopfer%20fuhr%20Rad\" title=\"Per E-Mail versenden\" aria-label=\"Per E-Mail versenden\" role=\"button\" rel=\"noopener nofollow\" class=\"shariff-link\" style=\";border-radius:1%; background-color:#999; color:#fff\"><span class=\"shariff-icon\" style=\"\"><svg width=\"32px\" height=\"20px\" xmlns=\"http:\/\/www.w3.org\/2000\/svg\" viewBox=\"0 0 32 32\"><path fill=\"#999\" d=\"M32 12.7v14.2q0 1.2-0.8 2t-2 0.9h-26.3q-1.2 0-2-0.9t-0.8-2v-14.2q0.8 0.9 1.8 1.6 6.5 4.4 8.9 6.1 1 0.8 1.6 1.2t1.7 0.9 2 0.4h0.1q0.9 0 2-0.4t1.7-0.9 1.6-1.2q3-2.2 8.9-6.1 1-0.7 1.8-1.6zM32 7.4q0 1.4-0.9 2.7t-2.2 2.2q-6.7 4.7-8.4 5.8-0.2 0.1-0.7 0.5t-1 0.7-0.9 0.6-1.1 0.5-0.9 0.2h-0.1q-0.4 0-0.9-0.2t-1.1-0.5-0.9-0.6-1-0.7-0.7-0.5q-1.6-1.1-4.7-3.2t-3.6-2.6q-1.1-0.7-2.1-2t-1-2.5q0-1.4 0.7-2.3t2.1-0.9h26.3q1.2 0 2 0.8t0.9 2z\"\/><\/svg><\/span><\/a><\/li><\/ul><\/div>","protected":false},"excerpt":{"rendered":"<p>Die Zahl der im Stra\u00dfenverkehr get\u00f6teten Radfahrenden ist erneut gestiegen. Nachdem im Jahr 2024 noch 445 [&hellip;]<\/p>\n","protected":false},"author":3,"featured_media":114333,"comment_status":"closed","ping_status":"closed","sticky":false,"template":"","format":"standard","meta":{"inline_featured_image":false,"footnotes":""},"categories":[25],"tags":[86],"class_list":["post-114332","post","type-post","status-publish","format-standard","has-post-thumbnail","hentry","category-mobilitaet","tag-slider"],"yoast_head":"<!-- This site is optimized with the Yoast SEO plugin v26.5 - https:\/\/yoast.com\/wordpress\/plugins\/seo\/ -->\n<title>Destatis: Jedes sechste Todesopfer fuhr Rad - Sonnenseite - \u00d6kologische Kommunikation mit Franz Alt<\/title>\n<meta name=\"description\" content=\"Die Zahl der im Stra\u00dfenverkehr get\u00f6teten Radfahrenden ist erneut gestiegen. Nachdem im Jahr 2024 noch 445 Menschen auf dem Fahrrad ums Leben kamen,\" \/>\n<meta name=\"robots\" content=\"index, follow, max-snippet:-1, max-image-preview:large, max-video-preview:-1\" \/>\n<link rel=\"canonical\" href=\"https:\/\/www.sonnenseite.com\/de\/mobilitaet\/destatis-jedes-sechste-todesopfer-fuhr-rad\/\" \/>\n<meta property=\"og:locale\" content=\"de_DE\" \/>\n<meta property=\"og:type\" content=\"article\" \/>\n<meta property=\"og:title\" content=\"Destatis: Jedes sechste Todesopfer fuhr Rad - Sonnenseite - \u00d6kologische Kommunikation mit Franz Alt\" \/>\n<meta property=\"og:description\" content=\"Die Zahl der im Stra\u00dfenverkehr get\u00f6teten Radfahrenden ist erneut gestiegen. Nachdem im Jahr 2024 noch 445 Menschen auf dem Fahrrad ums Leben kamen,\" \/>\n<meta property=\"og:url\" content=\"https:\/\/www.sonnenseite.com\/de\/mobilitaet\/destatis-jedes-sechste-todesopfer-fuhr-rad\/\" \/>\n<meta property=\"og:site_name\" content=\"Sonnenseite\" \/>\n<meta property=\"article:publisher\" content=\"https:\/\/www.facebook.com\/pages\/Franz-Alt-SONNENSEITECOM\/221072987903953?fref=ts\" \/>\n<meta property=\"article:published_time\" content=\"2026-04-29T11:02:00+00:00\" \/>\n<meta property=\"article:modified_time\" content=\"2026-04-29T14:06:08+00:00\" \/>\n<meta property=\"og:image\" content=\"https:\/\/www.sonnenseite.com\/wp-content\/uploads\/2026\/04\/Daniela-Stanek-Radkette-DVR.jpg\" \/>\n\t<meta property=\"og:image:width\" content=\"770\" \/>\n\t<meta property=\"og:image:height\" content=\"420\" \/>\n\t<meta property=\"og:image:type\" content=\"image\/jpeg\" \/>\n<meta name=\"author\" content=\"Bigi Alt\" \/>\n<meta name=\"twitter:card\" content=\"summary_large_image\" \/>\n<meta name=\"twitter:creator\" content=\"@franzalt\" \/>\n<meta name=\"twitter:site\" content=\"@franzalt\" \/>\n<meta name=\"twitter:label1\" content=\"Verfasst von\" \/>\n\t<meta name=\"twitter:data1\" content=\"Bigi Alt\" \/>\n\t<meta name=\"twitter:label2\" content=\"Gesch\u00e4tzte Lesezeit\" \/>\n\t<meta name=\"twitter:data2\" content=\"5\u00a0Minuten\" \/>\n<script type=\"application\/ld+json\" class=\"yoast-schema-graph\">{\"@context\":\"https:\/\/schema.org\",\"@graph\":[{\"@type\":\"Article\",\"@id\":\"https:\/\/www.sonnenseite.com\/de\/mobilitaet\/destatis-jedes-sechste-todesopfer-fuhr-rad\/#article\",\"isPartOf\":{\"@id\":\"https:\/\/www.sonnenseite.com\/de\/mobilitaet\/destatis-jedes-sechste-todesopfer-fuhr-rad\/\"},\"author\":{\"name\":\"Bigi Alt\",\"@id\":\"https:\/\/www.sonnenseite.com\/de\/#\/schema\/person\/50fda0e926597684c7cc6695238a4eb9\"},\"headline\":\"Destatis: Jedes sechste Todesopfer fuhr Rad\",\"datePublished\":\"2026-04-29T11:02:00+00:00\",\"dateModified\":\"2026-04-29T14:06:08+00:00\",\"mainEntityOfPage\":{\"@id\":\"https:\/\/www.sonnenseite.com\/de\/mobilitaet\/destatis-jedes-sechste-todesopfer-fuhr-rad\/\"},\"wordCount\":791,\"publisher\":{\"@id\":\"https:\/\/www.sonnenseite.com\/de\/#organization\"},\"image\":{\"@id\":\"https:\/\/www.sonnenseite.com\/de\/mobilitaet\/destatis-jedes-sechste-todesopfer-fuhr-rad\/#primaryimage\"},\"thumbnailUrl\":\"https:\/\/www.sonnenseite.com\/wp-content\/uploads\/2026\/04\/Daniela-Stanek-Radkette-DVR.jpg\",\"keywords\":[\"Slider\"],\"articleSection\":[\"Mobilit\u00e4t\"],\"inLanguage\":\"de\"},{\"@type\":\"WebPage\",\"@id\":\"https:\/\/www.sonnenseite.com\/de\/mobilitaet\/destatis-jedes-sechste-todesopfer-fuhr-rad\/\",\"url\":\"https:\/\/www.sonnenseite.com\/de\/mobilitaet\/destatis-jedes-sechste-todesopfer-fuhr-rad\/\",\"name\":\"Destatis: Jedes sechste Todesopfer fuhr Rad - Sonnenseite - \u00d6kologische Kommunikation mit Franz Alt\",\"isPartOf\":{\"@id\":\"https:\/\/www.sonnenseite.com\/de\/#website\"},\"primaryImageOfPage\":{\"@id\":\"https:\/\/www.sonnenseite.com\/de\/mobilitaet\/destatis-jedes-sechste-todesopfer-fuhr-rad\/#primaryimage\"},\"image\":{\"@id\":\"https:\/\/www.sonnenseite.com\/de\/mobilitaet\/destatis-jedes-sechste-todesopfer-fuhr-rad\/#primaryimage\"},\"thumbnailUrl\":\"https:\/\/www.sonnenseite.com\/wp-content\/uploads\/2026\/04\/Daniela-Stanek-Radkette-DVR.jpg\",\"datePublished\":\"2026-04-29T11:02:00+00:00\",\"dateModified\":\"2026-04-29T14:06:08+00:00\",\"description\":\"Die Zahl der im Stra\u00dfenverkehr get\u00f6teten Radfahrenden ist erneut gestiegen. Nachdem im Jahr 2024 noch 445 Menschen auf dem Fahrrad ums Leben kamen,\",\"breadcrumb\":{\"@id\":\"https:\/\/www.sonnenseite.com\/de\/mobilitaet\/destatis-jedes-sechste-todesopfer-fuhr-rad\/#breadcrumb\"},\"inLanguage\":\"de\",\"potentialAction\":[{\"@type\":\"ReadAction\",\"target\":[\"https:\/\/www.sonnenseite.com\/de\/mobilitaet\/destatis-jedes-sechste-todesopfer-fuhr-rad\/\"]}]},{\"@type\":\"ImageObject\",\"inLanguage\":\"de\",\"@id\":\"https:\/\/www.sonnenseite.com\/de\/mobilitaet\/destatis-jedes-sechste-todesopfer-fuhr-rad\/#primaryimage\",\"url\":\"https:\/\/www.sonnenseite.com\/wp-content\/uploads\/2026\/04\/Daniela-Stanek-Radkette-DVR.jpg\",\"contentUrl\":\"https:\/\/www.sonnenseite.com\/wp-content\/uploads\/2026\/04\/Daniela-Stanek-Radkette-DVR.jpg\",\"width\":770,\"height\":420,\"caption\":\"Daniela Stanek | DVR\"},{\"@type\":\"BreadcrumbList\",\"@id\":\"https:\/\/www.sonnenseite.com\/de\/mobilitaet\/destatis-jedes-sechste-todesopfer-fuhr-rad\/#breadcrumb\",\"itemListElement\":[{\"@type\":\"ListItem\",\"position\":1,\"name\":\"Startseite\",\"item\":\"https:\/\/www.sonnenseite.com\/de\/\"},{\"@type\":\"ListItem\",\"position\":2,\"name\":\"Destatis: Jedes sechste Todesopfer fuhr Rad\"}]},{\"@type\":\"WebSite\",\"@id\":\"https:\/\/www.sonnenseite.com\/de\/#website\",\"url\":\"https:\/\/www.sonnenseite.com\/de\/\",\"name\":\"Sonnenseite\",\"description\":\"\u00d6kologische Kommunikation mit Franz Alt\",\"publisher\":{\"@id\":\"https:\/\/www.sonnenseite.com\/de\/#organization\"},\"potentialAction\":[{\"@type\":\"SearchAction\",\"target\":{\"@type\":\"EntryPoint\",\"urlTemplate\":\"https:\/\/www.sonnenseite.com\/de\/?s={search_term_string}\"},\"query-input\":{\"@type\":\"PropertyValueSpecification\",\"valueRequired\":true,\"valueName\":\"search_term_string\"}}],\"inLanguage\":\"de\"},{\"@type\":\"Organization\",\"@id\":\"https:\/\/www.sonnenseite.com\/de\/#organization\",\"name\":\"Sonnenseite\",\"url\":\"https:\/\/www.sonnenseite.com\/de\/\",\"logo\":{\"@type\":\"ImageObject\",\"inLanguage\":\"de\",\"@id\":\"https:\/\/www.sonnenseite.com\/de\/#\/schema\/logo\/image\/\",\"url\":\"https:\/\/www.sonnenseite.com\/wp-content\/uploads\/2020\/05\/Sonnenseite_Logo.png\",\"contentUrl\":\"https:\/\/www.sonnenseite.com\/wp-content\/uploads\/2020\/05\/Sonnenseite_Logo.png\",\"width\":377,\"height\":90,\"caption\":\"Sonnenseite\"},\"image\":{\"@id\":\"https:\/\/www.sonnenseite.com\/de\/#\/schema\/logo\/image\/\"},\"sameAs\":[\"https:\/\/www.facebook.com\/pages\/Franz-Alt-SONNENSEITECOM\/221072987903953?fref=ts\",\"https:\/\/x.com\/franzalt\",\"http:\/\/www.youtube.com\/results?search_query&amp;amp;quot;franz_alt&amp;amp;quot;&amp;amp;amp;amp;search_type&amp;amp;amp;amp;aq=f\"]},{\"@type\":\"Person\",\"@id\":\"https:\/\/www.sonnenseite.com\/de\/#\/schema\/person\/50fda0e926597684c7cc6695238a4eb9\",\"name\":\"Bigi Alt\"}]}<\/script>\n<!-- \/ Yoast SEO plugin. -->","yoast_head_json":{"title":"Destatis: Jedes sechste Todesopfer fuhr Rad - Sonnenseite - \u00d6kologische Kommunikation mit Franz Alt","description":"Die Zahl der im Stra\u00dfenverkehr get\u00f6teten Radfahrenden ist erneut gestiegen. Nachdem im Jahr 2024 noch 445 Menschen auf dem Fahrrad ums Leben kamen,","robots":{"index":"index","follow":"follow","max-snippet":"max-snippet:-1","max-image-preview":"max-image-preview:large","max-video-preview":"max-video-preview:-1"},"canonical":"https:\/\/www.sonnenseite.com\/de\/mobilitaet\/destatis-jedes-sechste-todesopfer-fuhr-rad\/","og_locale":"de_DE","og_type":"article","og_title":"Destatis: Jedes sechste Todesopfer fuhr Rad - Sonnenseite - \u00d6kologische Kommunikation mit Franz Alt","og_description":"Die Zahl der im Stra\u00dfenverkehr get\u00f6teten Radfahrenden ist erneut gestiegen. Nachdem im Jahr 2024 noch 445 Menschen auf dem Fahrrad ums Leben kamen,","og_url":"https:\/\/www.sonnenseite.com\/de\/mobilitaet\/destatis-jedes-sechste-todesopfer-fuhr-rad\/","og_site_name":"Sonnenseite","article_publisher":"https:\/\/www.facebook.com\/pages\/Franz-Alt-SONNENSEITECOM\/221072987903953?fref=ts","article_published_time":"2026-04-29T11:02:00+00:00","article_modified_time":"2026-04-29T14:06:08+00:00","og_image":[{"width":770,"height":420,"url":"https:\/\/www.sonnenseite.com\/wp-content\/uploads\/2026\/04\/Daniela-Stanek-Radkette-DVR.jpg","type":"image\/jpeg"}],"author":"Bigi Alt","twitter_card":"summary_large_image","twitter_creator":"@franzalt","twitter_site":"@franzalt","twitter_misc":{"Verfasst von":"Bigi Alt","Gesch\u00e4tzte Lesezeit":"5\u00a0Minuten"},"schema":{"@context":"https:\/\/schema.org","@graph":[{"@type":"Article","@id":"https:\/\/www.sonnenseite.com\/de\/mobilitaet\/destatis-jedes-sechste-todesopfer-fuhr-rad\/#article","isPartOf":{"@id":"https:\/\/www.sonnenseite.com\/de\/mobilitaet\/destatis-jedes-sechste-todesopfer-fuhr-rad\/"},"author":{"name":"Bigi Alt","@id":"https:\/\/www.sonnenseite.com\/de\/#\/schema\/person\/50fda0e926597684c7cc6695238a4eb9"},"headline":"Destatis: Jedes sechste Todesopfer fuhr Rad","datePublished":"2026-04-29T11:02:00+00:00","dateModified":"2026-04-29T14:06:08+00:00","mainEntityOfPage":{"@id":"https:\/\/www.sonnenseite.com\/de\/mobilitaet\/destatis-jedes-sechste-todesopfer-fuhr-rad\/"},"wordCount":791,"publisher":{"@id":"https:\/\/www.sonnenseite.com\/de\/#organization"},"image":{"@id":"https:\/\/www.sonnenseite.com\/de\/mobilitaet\/destatis-jedes-sechste-todesopfer-fuhr-rad\/#primaryimage"},"thumbnailUrl":"https:\/\/www.sonnenseite.com\/wp-content\/uploads\/2026\/04\/Daniela-Stanek-Radkette-DVR.jpg","keywords":["Slider"],"articleSection":["Mobilit\u00e4t"],"inLanguage":"de"},{"@type":"WebPage","@id":"https:\/\/www.sonnenseite.com\/de\/mobilitaet\/destatis-jedes-sechste-todesopfer-fuhr-rad\/","url":"https:\/\/www.sonnenseite.com\/de\/mobilitaet\/destatis-jedes-sechste-todesopfer-fuhr-rad\/","name":"Destatis: Jedes sechste Todesopfer fuhr Rad - Sonnenseite - \u00d6kologische Kommunikation mit Franz Alt","isPartOf":{"@id":"https:\/\/www.sonnenseite.com\/de\/#website"},"primaryImageOfPage":{"@id":"https:\/\/www.sonnenseite.com\/de\/mobilitaet\/destatis-jedes-sechste-todesopfer-fuhr-rad\/#primaryimage"},"image":{"@id":"https:\/\/www.sonnenseite.com\/de\/mobilitaet\/destatis-jedes-sechste-todesopfer-fuhr-rad\/#primaryimage"},"thumbnailUrl":"https:\/\/www.sonnenseite.com\/wp-content\/uploads\/2026\/04\/Daniela-Stanek-Radkette-DVR.jpg","datePublished":"2026-04-29T11:02:00+00:00","dateModified":"2026-04-29T14:06:08+00:00","description":"Die Zahl der im Stra\u00dfenverkehr get\u00f6teten Radfahrenden ist erneut gestiegen. Nachdem im Jahr 2024 noch 445 Menschen auf dem Fahrrad ums Leben kamen,","breadcrumb":{"@id":"https:\/\/www.sonnenseite.com\/de\/mobilitaet\/destatis-jedes-sechste-todesopfer-fuhr-rad\/#breadcrumb"},"inLanguage":"de","potentialAction":[{"@type":"ReadAction","target":["https:\/\/www.sonnenseite.com\/de\/mobilitaet\/destatis-jedes-sechste-todesopfer-fuhr-rad\/"]}]},{"@type":"ImageObject","inLanguage":"de","@id":"https:\/\/www.sonnenseite.com\/de\/mobilitaet\/destatis-jedes-sechste-todesopfer-fuhr-rad\/#primaryimage","url":"https:\/\/www.sonnenseite.com\/wp-content\/uploads\/2026\/04\/Daniela-Stanek-Radkette-DVR.jpg","contentUrl":"https:\/\/www.sonnenseite.com\/wp-content\/uploads\/2026\/04\/Daniela-Stanek-Radkette-DVR.jpg","width":770,"height":420,"caption":"Daniela Stanek | DVR"},{"@type":"BreadcrumbList","@id":"https:\/\/www.sonnenseite.com\/de\/mobilitaet\/destatis-jedes-sechste-todesopfer-fuhr-rad\/#breadcrumb","itemListElement":[{"@type":"ListItem","position":1,"name":"Startseite","item":"https:\/\/www.sonnenseite.com\/de\/"},{"@type":"ListItem","position":2,"name":"Destatis: Jedes sechste Todesopfer fuhr Rad"}]},{"@type":"WebSite","@id":"https:\/\/www.sonnenseite.com\/de\/#website","url":"https:\/\/www.sonnenseite.com\/de\/","name":"Sonnenseite","description":"\u00d6kologische Kommunikation mit Franz Alt","publisher":{"@id":"https:\/\/www.sonnenseite.com\/de\/#organization"},"potentialAction":[{"@type":"SearchAction","target":{"@type":"EntryPoint","urlTemplate":"https:\/\/www.sonnenseite.com\/de\/?s={search_term_string}"},"query-input":{"@type":"PropertyValueSpecification","valueRequired":true,"valueName":"search_term_string"}}],"inLanguage":"de"},{"@type":"Organization","@id":"https:\/\/www.sonnenseite.com\/de\/#organization","name":"Sonnenseite","url":"https:\/\/www.sonnenseite.com\/de\/","logo":{"@type":"ImageObject","inLanguage":"de","@id":"https:\/\/www.sonnenseite.com\/de\/#\/schema\/logo\/image\/","url":"https:\/\/www.sonnenseite.com\/wp-content\/uploads\/2020\/05\/Sonnenseite_Logo.png","contentUrl":"https:\/\/www.sonnenseite.com\/wp-content\/uploads\/2020\/05\/Sonnenseite_Logo.png","width":377,"height":90,"caption":"Sonnenseite"},"image":{"@id":"https:\/\/www.sonnenseite.com\/de\/#\/schema\/logo\/image\/"},"sameAs":["https:\/\/www.facebook.com\/pages\/Franz-Alt-SONNENSEITECOM\/221072987903953?fref=ts","https:\/\/x.com\/franzalt","http:\/\/www.youtube.com\/results?search_query&amp;amp;quot;franz_alt&amp;amp;quot;&amp;amp;amp;amp;search_type&amp;amp;amp;amp;aq=f"]},{"@type":"Person","@id":"https:\/\/www.sonnenseite.com\/de\/#\/schema\/person\/50fda0e926597684c7cc6695238a4eb9","name":"Bigi Alt"}]}},"_links":{"self":[{"href":"https:\/\/www.sonnenseite.com\/de\/wp-json\/wp\/v2\/posts\/114332","targetHints":{"allow":["GET"]}}],"collection":[{"href":"https:\/\/www.sonnenseite.com\/de\/wp-json\/wp\/v2\/posts"}],"about":[{"href":"https:\/\/www.sonnenseite.com\/de\/wp-json\/wp\/v2\/types\/post"}],"author":[{"embeddable":true,"href":"https:\/\/www.sonnenseite.com\/de\/wp-json\/wp\/v2\/users\/3"}],"replies":[{"embeddable":true,"href":"https:\/\/www.sonnenseite.com\/de\/wp-json\/wp\/v2\/comments?post=114332"}],"version-history":[{"count":1,"href":"https:\/\/www.sonnenseite.com\/de\/wp-json\/wp\/v2\/posts\/114332\/revisions"}],"predecessor-version":[{"id":114335,"href":"https:\/\/www.sonnenseite.com\/de\/wp-json\/wp\/v2\/posts\/114332\/revisions\/114335"}],"wp:featuredmedia":[{"embeddable":true,"href":"https:\/\/www.sonnenseite.com\/de\/wp-json\/wp\/v2\/media\/114333"}],"wp:attachment":[{"href":"https:\/\/www.sonnenseite.com\/de\/wp-json\/wp\/v2\/media?parent=114332"}],"wp:term":[{"taxonomy":"category","embeddable":true,"href":"https:\/\/www.sonnenseite.com\/de\/wp-json\/wp\/v2\/categories?post=114332"},{"taxonomy":"post_tag","embeddable":true,"href":"https:\/\/www.sonnenseite.com\/de\/wp-json\/wp\/v2\/tags?post=114332"}],"curies":[{"name":"wp","href":"https:\/\/api.w.org\/{rel}","templated":true}]}}