{"id":114350,"date":"2026-04-30T02:57:00","date_gmt":"2026-04-30T00:57:00","guid":{"rendered":"https:\/\/www.sonnenseite.com\/?p=114350"},"modified":"2026-04-29T17:58:12","modified_gmt":"2026-04-29T15:58:12","slug":"weltweit-nun-ueber-74-millionen-elektro-pkw-auf-den-strassen","status":"publish","type":"post","link":"https:\/\/www.sonnenseite.com\/de\/mobilitaet\/weltweit-nun-ueber-74-millionen-elektro-pkw-auf-den-strassen\/","title":{"rendered":"Weltweit nun \u00fcber 74 Millionen Elektro-Pkw auf den Stra\u00dfen"},"content":{"rendered":"\n<p><a href=\"https:\/\/www.zsw-bw.de\/fileadmin\/_processed_\/a\/2\/csm_2604_ZSW_Bestand_E-Mobilitaet_Bestand_deu_4ddfd1bac3.jpg\"><\/a>Das Marktwachstum f\u00fcr Elektrofahrzeuge hat 2025 wieder Fahrt aufgenommen: Weltweit wurden 21,4 Millionen Elektrofahrzeuge neu zugelassen. Dies ist ein Plus von 23 Prozent gegen\u00fcber dem Vorjahr. <\/p>\n\n\n\n<p>Mit \u00fcber 14 Millionen Neuzulassungen dominiert China den Elektro-Pkw-Markt weiterhin vor den USA. Deutschland holt nach zwei schw\u00e4cheren Jahren wieder auf: Die Zahl der Neuzulassungen stieg um 50 Prozent gegen-\u00fcber dem Vorjahr auf 856.500 Elektro-Pkw. Damit sind nun 3.157.200 Elektroautos auf deutschen Stra\u00dfen unterwegs. Die aktuellen Zahlen zur Elektromobilit\u00e4t hat das Zentrum f\u00fcr Sonnenenergie- und Wasserstoff-Forschung Baden-W\u00fcrttemberg (ZSW) ermittelt. Erhoben wurden dabei rein-batterieelektrische Pkw, Plug-in Hybride sowie Fahrzeuge mit Range Extender.<\/p>\n\n\n<div class=\"wp-block-image\">\n<figure class=\"alignleft size-full is-resized\"><a href=\"https:\/\/www.sonnenseite.com\/wp-content\/uploads\/2026\/04\/ZSW_Bestand_E-Mobilitaet.jpg\"><img loading=\"lazy\" decoding=\"async\" width=\"800\" height=\"533\" src=\"https:\/\/www.sonnenseite.com\/wp-content\/uploads\/2026\/04\/ZSW_Bestand_E-Mobilitaet.jpg\" alt=\"\" class=\"wp-image-114352\" style=\"aspect-ratio:1.500952771833133;width:430px;height:auto\" srcset=\"https:\/\/www.sonnenseite.com\/wp-content\/uploads\/2026\/04\/ZSW_Bestand_E-Mobilitaet.jpg 800w, https:\/\/www.sonnenseite.com\/wp-content\/uploads\/2026\/04\/ZSW_Bestand_E-Mobilitaet-300x200.jpg 300w, https:\/\/www.sonnenseite.com\/wp-content\/uploads\/2026\/04\/ZSW_Bestand_E-Mobilitaet-768x512.jpg 768w, https:\/\/www.sonnenseite.com\/wp-content\/uploads\/2026\/04\/ZSW_Bestand_E-Mobilitaet-750x500.jpg 750w\" sizes=\"auto, (max-width: 800px) 100vw, 800px\" \/><\/a><\/figure>\n<\/div>\n\n\n<p>Der weltweite Bestand an Elektroautos bel\u00e4uft sich Ende 2025 auf 74,3 Millio-nen Fahrzeuge. Rund 60 Prozent bzw. rund 44 Millionen davon sind in China zugelassen, die USA liegen mit 7,1 Millionen Elektro-Pkw auf Platz 2 vor Deutschland mit 3,2 Mio. Fahrzeugen. Die gr\u00f6\u00dften Wachstumsraten im Be-stand erzielten mit Ausnahme des chinesischen Markts (+40 Prozent) vor allem kleinere M\u00e4rkte wie Spanien mit 50 Prozent (+232.200 Fahrzeuge) und D\u00e4nemark mit 42 Prozent (+206.600 Fahrzeuge).<\/p>\n\n\n\n<p>Der globale Elektrofahrzeugmarkt wird dabei immer st\u00e4rker von China beherrscht: Auch wenn in fast allen M\u00e4rkten ein teilweise deutliches Wachstum zu verzeichnen ist, entfallen von 21,4 Millionen Neuzulassungen nunmehr zwei Drittel bzw. 14,2 Millionen Fahrzeuge auf China. Dort ist zudem fast jeder zweite neu zugelassene Pkw ein Elektrofahrzeug. Dabei dominieren chinesische Hersteller den Heimatmarkt und Hersteller anderer L\u00e4nder sind nur in sehr geringem Umfang vertreten. In den USA nahmen die Neuzulassungen aufgrund im September 2025 ausgelaufener Steuergutschriften f\u00fcr den Kauf oder das Leasing von Elektrofahrzeugen hingegen etwas ab. Erfreulich ist die Entwicklung in Europa: Nach einer Stagnation im Vorjahr stiegen die Neuzu-lassungen 2025 deutlich auf rund drei Millionen Elektrofahrzeuge an. Damit sichert sich die EU erneut den zweiten Rang im Fahrzeugmarkt hinter China. Diese beiden M\u00e4rkte stellen zugleich die gr\u00f6\u00dften Wachstumstreiber f\u00fcr die Elektromobilit\u00e4t dar.<\/p>\n\n\n<div class=\"wp-block-image\">\n<figure class=\"alignleft size-full is-resized\"><a href=\"https:\/\/www.sonnenseite.com\/wp-content\/uploads\/2026\/04\/ZSW_E-Mobilitaet_Neuzulassung.jpg\"><img loading=\"lazy\" decoding=\"async\" width=\"800\" height=\"533\" src=\"https:\/\/www.sonnenseite.com\/wp-content\/uploads\/2026\/04\/ZSW_E-Mobilitaet_Neuzulassung.jpg\" alt=\"\" class=\"wp-image-114354\" style=\"aspect-ratio:1.500952771833133;width:474px;height:auto\" srcset=\"https:\/\/www.sonnenseite.com\/wp-content\/uploads\/2026\/04\/ZSW_E-Mobilitaet_Neuzulassung.jpg 800w, https:\/\/www.sonnenseite.com\/wp-content\/uploads\/2026\/04\/ZSW_E-Mobilitaet_Neuzulassung-300x200.jpg 300w, https:\/\/www.sonnenseite.com\/wp-content\/uploads\/2026\/04\/ZSW_E-Mobilitaet_Neuzulassung-768x512.jpg 768w, https:\/\/www.sonnenseite.com\/wp-content\/uploads\/2026\/04\/ZSW_E-Mobilitaet_Neuzulassung-750x500.jpg 750w\" sizes=\"auto, (max-width: 800px) 100vw, 800px\" \/><\/a><\/figure>\n<\/div>\n\n\n<p>Nach zwei schw\u00e4cheren Jahren hat die Dynamik auch in Deutschland wieder deutlich zugenommen: Der Markt f\u00fcr Neuzulassungen wuchs um 50 Prozent&nbsp;und erreichte mit 856.500 Elektrofahrzeugen erstmals seit 2022 wieder einen Rekordwert. Gr\u00fcnde hierf\u00fcr sind unter anderem sinkende Fahrzeugpreise &#8211; auch durch verst\u00e4rkte Herstellerrabatte &#8211; im vergangenen Jahr und eine breiter werdende Auswahl an Fahrzeugen. Im internationalen Vergleich gilt es nun, diese Entwicklung weiter zu beschleunigen. Denn hierzulande ist bislang nur rund jeder Dritte neu zugelassene Pkw elektrisch angetrieben. Ganz anders sieht das dagegen in den nordeurop\u00e4ischen L\u00e4ndern aus: In D\u00e4nemark und Schweden sind zwei Drittel aller Neufahrzeuge Elektro-Pkw, in Norwegen wurde sogar eine Quote von \u00fcber 97 Prozent erreicht. In Norwegen ist zudem bereits jeder Dritte Pkw im Fahrzeugbestand elektrisch, in Deutschland betr\u00e4gt der Anteil an Elektro-Pkw an den Gesamt-Pkw hingegen nur etwas \u00fcber sechs Prozent.<\/p>\n\n\n\n<h4 class=\"wp-block-heading\">Elektrofahrzeuge machen weniger abh\u00e4ngig von fossilen Energiepreisen<\/h4>\n\n\n\n<p>\u201eDie Entwicklungen der Kraftstoffpreise in den letzten Wochen zeigen eindr\u00fccklich, dass L\u00e4nder mit einem hohen Anteil an Elektrofahrzeugen resilienter aufgestellt sind als L\u00e4nder mit geringen Anteilen. Besitzer von Elektroautos sind nicht von fossilen Kraftstoffen abh\u00e4ngig und dadurch besser gegen extreme Preisspr\u00fcnge gesch\u00fctzt, was soziale und wirtschaftliche Belastungen in Krisenzeiten begrenzen kann\u201c, so Andreas P\u00fcttner, Projektleiter im Fachgebiet Systemanalyse des ZSW. \u201eEin beschleunigter Ausbau der erneuerbaren Energien f\u00fcr Elektrofahrzeuge reduziert nicht nur die Abh\u00e4ngigkeiten von Preisschwankungen fossiler Energietr\u00e4ger, sondern st\u00e4rkt zugleich den Klimaschutz im Verkehrssektor.\u201c<\/p>\n\n\n\n<h4 class=\"wp-block-heading\">Deutsche Hersteller: Position im internationalen Wettbewerb gehalten<\/h4>\n\n\n\n<p>Neben der dynamischen Marktentwicklung gibt es weitere positive Signale aus Deutschland: So schnitten die deutschen Hersteller auf internationaler Ebene in Bezug auf die kumulierten Verkaufszahlen vergleichsweise erfolgreich ab: VW, BMW und Mercedes finden sich alle drei in der globalen Top 10 der Hersteller von Elektrofahrzeugen. Die Volkswagen-Gruppe steht mit \u00fcber 5,7 Millionen verkauften Elektrofahrzeugen weiterhin auf Platz 3. Verglichen mit dem Branchenf\u00fchrer BYD aus China, der seinen Abstand gegen\u00fcber dem zweitplatzierten Tesla (USA) weiter ausbauen konnte, besteht jedoch rein zahlenm\u00e4\u00dfig eine wachsende L\u00fccke: so konnte BYD bislang \u00fcber 15 Millionen Elektro-Pkw weltweit verkaufen \u2013 also etwa die dreifache Anzahl im Vergleich zu VW. Neben dem Heimatmarkt nimmt das Unternehmen auch immer st\u00e4rker internationale M\u00e4rkte in den Blick, was die Wettbewerbssituation f\u00fcr die dort etablierten Hersteller versch\u00e4rft. Hinzukommt das Aufstreben vieler noch eher unbekannterer Fahrzeughersteller aus China wie Li Xiang oder Chery Automobile in globalen M\u00e4rkten.<\/p>\n\n\n\n<p>Aber auch bei den weltweiten Neuzulassungen im Jahr 2025 konnten die deutschen Produzenten ihre Wettbewerbsposition halten. VW erreicht erneut den vierten Rang mit \u00fcber 1,4 Millionen verkauften Elektrofahrzeugen \u2013 einem Wachstum von 39 Prozent gegen\u00fcber dem Vorjahr. BMW verkaufte fast 650.000 Elektrofahrzeuge und liegt damit auf dem siebten Platz. Auf dem ersten Rang dominiert jedoch auch in dieser Kategorie BYD mit fast 4,5 Millionen verkauften Fahrzeugen. Das st\u00e4rkste Wachstum in den Top Ten zeigte das chinesische Unternehmen Geely, zu dem auch Volvo geh\u00f6rt. Geely ver-dr\u00e4ngte mit \u00fcber 1,8 Millionen Neuzulassungen Tesla auf Rang drei (1,7 Millionen).<\/p>\n\n\n\n<h4 class=\"wp-block-heading\">Dienstwagen: CO2-Flottengrenzwert k\u00f6nnte deutsche Hersteller st\u00e4rken<\/h4>\n\n\n\n<p>\u201eDie deutschen Hersteller sollten ihre Erfolge nutzen und sich noch st\u00e4rker in Richtung Elektromobilit\u00e4t positionieren\u201c, so Andreas P\u00fcttner. \u201eAngesichts eines global schrumpfenden Marktvolumens f\u00fcr Fahrzeuge mit Verbrennungsmotor k\u00f6nnen so Wertsch\u00f6pfung und Wohlstand erhalten werden. Ein wichtiger Impuls zur St\u00e4rkung der Wachstumsdynamik in Deutschland und der EU k\u00f6nnte die Einf\u00fchrung von verbindlichen CO2-Flottengrenzwerten f\u00fcr Dienstwagen darstellen. Davon k\u00f6nnten insbesondere deutsche Hersteller profitieren, da Dienstwagen f\u00fcr diese ein besonders wichtiges Absatzsegment im Heimatmarkt darstellen.\u201c Laut dem Kraftfahrtbundesamt entfielen 2025 rund zwei Drittel aller Pkw-Neuzulassungen in Deutschland auf Dienstwagen. Und gerade deshalb w\u00fcrde eine st\u00e4rkere Elektrifizierung des Dienstwagensegments auch den Gebrauchtwagenmarkt f\u00fcr Elektrofahrzeuge anschieben, argumentiert ZSW-Experte Andreas P\u00fcttner.<\/p>\n\n\n\n<h4 class=\"wp-block-heading\">Chinesische Hersteller dominieren die Top Ten der E-Fahrzeugmodelle<\/h4>\n\n\n\n<p>Abschlie\u00dfend noch ein Blick auf die global verkauften einzelnen Fahrzeugmodelle: Das Ausma\u00df der Konkurrenz aus China wird auch hier deutlich. Zwar liegt Tesla bei den globalen kumulierten Neuzulassungen mit seinen Modellen Model Y und Model 3 an der Spitze des Rankings. Auch VW verbleibt mit dem ID.4 in den Top Ten. Die \u00fcbrigen Fahrzeuge in den Top Ten stammen jedoch aus China.<br>In den Top Ten der globalen Neuzulassungen im Jahr 2025 ist gar kein europ\u00e4isches Modell zu finden und acht der zehn Fahrzeugmodelle stammen von chinesischen Herstellern. Ein besonderer Erfolg gelang dabei Geely mit dem EX2, der auf Anhieb mit 479.000 verkauften Fahrzeugen auf dem f\u00fcnften Platz landete.<\/p>\n\n\n<h5 class=\"green\">Quelle<\/h5>\r\n\n\n\n<p><a href=\"https:\/\/www.zsw-bw.de\/presse\/aktuelles\/detailansicht\/news\/detail\/News\/weltweit-nun-ueber-74-millionen-elektro-pkw-auf-den-strassen.html\">Zentrum f\u00fcr Sonnenenergie- und Wasserstoff-Forschung Baden-W\u00fcrttemberg (ZSW) 2026<\/a><\/p>\n<div class=\"shariff shariff-align-flex-start shariff-widget-align-flex-start\"><div class=\"ShariffHeadline\">Diese Meldung teilen<\/div><ul class=\"shariff-buttons theme-round orientation-horizontal buttonsize-medium\"><li class=\"shariff-button facebook shariff-nocustomcolor\" style=\"background-color:#4273c8;border-radius:1%\"><a href=\"https:\/\/www.facebook.com\/sharer\/sharer.php?u=https%3A%2F%2Fwww.sonnenseite.com%2Fde%2Fmobilitaet%2Fweltweit-nun-ueber-74-millionen-elektro-pkw-auf-den-strassen%2F\" title=\"Bei Facebook teilen\" aria-label=\"Bei Facebook teilen\" role=\"button\" rel=\"nofollow\" class=\"shariff-link\" style=\";border-radius:1%; background-color:#3b5998; color:#fff\" target=\"_blank\"><span class=\"shariff-icon\" style=\"\"><svg width=\"32px\" height=\"20px\" xmlns=\"http:\/\/www.w3.org\/2000\/svg\" viewBox=\"0 0 18 32\"><path fill=\"#3b5998\" d=\"M17.1 0.2v4.7h-2.8q-1.5 0-2.1 0.6t-0.5 1.9v3.4h5.2l-0.7 5.3h-4.5v13.6h-5.5v-13.6h-4.5v-5.3h4.5v-3.9q0-3.3 1.9-5.2t5-1.8q2.6 0 4.1 0.2z\"\/><\/svg><\/span><\/a><\/li><li class=\"shariff-button twitter shariff-nocustomcolor\" style=\"background-color:#595959;border-radius:1%\"><a href=\"https:\/\/twitter.com\/share?url=https%3A%2F%2Fwww.sonnenseite.com%2Fde%2Fmobilitaet%2Fweltweit-nun-ueber-74-millionen-elektro-pkw-auf-den-strassen%2F&text=Weltweit%20nun%20%C3%BCber%2074%20Millionen%20Elektro-Pkw%20auf%20den%20Stra%C3%9Fen\" title=\"Bei X teilen\" aria-label=\"Bei X teilen\" role=\"button\" rel=\"noopener nofollow\" class=\"shariff-link\" style=\";border-radius:1%; background-color:#000; color:#fff\" target=\"_blank\"><span class=\"shariff-icon\" style=\"\"><svg width=\"32px\" height=\"20px\" xmlns=\"http:\/\/www.w3.org\/2000\/svg\" viewBox=\"0 0 24 24\"><path fill=\"#000\" d=\"M14.258 10.152L23.176 0h-2.113l-7.747 8.813L7.133 0H0l9.352 13.328L0 23.973h2.113l8.176-9.309 6.531 9.309h7.133zm-2.895 3.293l-.949-1.328L2.875 1.56h3.246l6.086 8.523.945 1.328 7.91 11.078h-3.246zm0 0\"\/><\/svg><\/span><\/a><\/li><li class=\"shariff-button xing shariff-nocustomcolor\" style=\"background-color:#29888a;border-radius:1%\"><a href=\"https:\/\/www.xing.com\/spi\/shares\/new?url=https%3A%2F%2Fwww.sonnenseite.com%2Fde%2Fmobilitaet%2Fweltweit-nun-ueber-74-millionen-elektro-pkw-auf-den-strassen%2F\" title=\"Bei XING teilen\" aria-label=\"Bei XING teilen\" role=\"button\" rel=\"noopener nofollow\" class=\"shariff-link\" style=\";border-radius:1%; background-color:#126567; color:#fff\" target=\"_blank\"><span class=\"shariff-icon\" style=\"\"><svg width=\"32px\" height=\"20px\" xmlns=\"http:\/\/www.w3.org\/2000\/svg\" viewBox=\"0 0 25 32\"><path fill=\"#126567\" d=\"M10.7 11.9q-0.2 0.3-4.6 8.2-0.5 0.8-1.2 0.8h-4.3q-0.4 0-0.5-0.3t0-0.6l4.5-8q0 0 0 0l-2.9-5q-0.2-0.4 0-0.7 0.2-0.3 0.5-0.3h4.3q0.7 0 1.2 0.8zM25.1 0.4q0.2 0.3 0 0.7l-9.4 16.7 6 11q0.2 0.4 0 0.6-0.2 0.3-0.6 0.3h-4.3q-0.7 0-1.2-0.8l-6-11.1q0.3-0.6 9.5-16.8 0.4-0.8 1.2-0.8h4.3q0.4 0 0.5 0.3z\"\/><\/svg><\/span><\/a><\/li><li class=\"shariff-button linkedin shariff-nocustomcolor\" style=\"background-color:#1488bf;border-radius:1%\"><a href=\"https:\/\/www.linkedin.com\/sharing\/share-offsite\/?url=https%3A%2F%2Fwww.sonnenseite.com%2Fde%2Fmobilitaet%2Fweltweit-nun-ueber-74-millionen-elektro-pkw-auf-den-strassen%2F\" title=\"Bei LinkedIn teilen\" aria-label=\"Bei LinkedIn teilen\" role=\"button\" rel=\"noopener nofollow\" class=\"shariff-link\" style=\";border-radius:1%; background-color:#0077b5; color:#fff\" target=\"_blank\"><span class=\"shariff-icon\" style=\"\"><svg width=\"32px\" height=\"20px\" xmlns=\"http:\/\/www.w3.org\/2000\/svg\" viewBox=\"0 0 27 32\"><path fill=\"#0077b5\" d=\"M6.2 11.2v17.7h-5.9v-17.7h5.9zM6.6 5.7q0 1.3-0.9 2.2t-2.4 0.9h0q-1.5 0-2.4-0.9t-0.9-2.2 0.9-2.2 2.4-0.9 2.4 0.9 0.9 2.2zM27.4 18.7v10.1h-5.9v-9.5q0-1.9-0.7-2.9t-2.3-1.1q-1.1 0-1.9 0.6t-1.2 1.5q-0.2 0.5-0.2 1.4v9.9h-5.9q0-7.1 0-11.6t0-5.3l0-0.9h5.9v2.6h0q0.4-0.6 0.7-1t1-0.9 1.6-0.8 2-0.3q3 0 4.9 2t1.9 6z\"\/><\/svg><\/span><\/a><\/li><li class=\"shariff-button printer shariff-nocustomcolor\" style=\"background-color:#a8a8a8;border-radius:1%\"><a href=\"javascript:window.print()\" title=\"drucken\" aria-label=\"drucken\" role=\"button\" rel=\"noopener nofollow\" class=\"shariff-link\" style=\";border-radius:1%; background-color:#999; color:#fff\"><span class=\"shariff-icon\" style=\"\"><svg width=\"32px\" height=\"20px\" xmlns=\"http:\/\/www.w3.org\/2000\/svg\" viewBox=\"0 0 30 32\"><path fill=\"#999\" d=\"M6.8 27.4h16v-4.6h-16v4.6zM6.8 16h16v-6.8h-2.8q-0.7 0-1.2-0.5t-0.5-1.2v-2.8h-11.4v11.4zM27.4 17.2q0-0.5-0.3-0.8t-0.8-0.4-0.8 0.4-0.3 0.8 0.3 0.8 0.8 0.3 0.8-0.3 0.3-0.8zM29.7 17.2v7.4q0 0.2-0.2 0.4t-0.4 0.2h-4v2.8q0 0.7-0.5 1.2t-1.2 0.5h-17.2q-0.7 0-1.2-0.5t-0.5-1.2v-2.8h-4q-0.2 0-0.4-0.2t-0.2-0.4v-7.4q0-1.4 1-2.4t2.4-1h1.2v-9.7q0-0.7 0.5-1.2t1.2-0.5h12q0.7 0 1.6 0.4t1.3 0.8l2.7 2.7q0.5 0.5 0.9 1.4t0.4 1.6v4.6h1.1q1.4 0 2.4 1t1 2.4z\"\/><\/svg><\/span><\/a><\/li><li class=\"shariff-button mailto shariff-nocustomcolor\" style=\"background-color:#a8a8a8;border-radius:1%\"><a href=\"mailto:?body=https%3A%2F%2Fwww.sonnenseite.com%2Fde%2Fmobilitaet%2Fweltweit-nun-ueber-74-millionen-elektro-pkw-auf-den-strassen%2F&subject=Weltweit%20nun%20%C3%BCber%2074%20Millionen%20Elektro-Pkw%20auf%20den%20Stra%C3%9Fen\" title=\"Per E-Mail versenden\" aria-label=\"Per E-Mail versenden\" role=\"button\" rel=\"noopener nofollow\" class=\"shariff-link\" style=\";border-radius:1%; background-color:#999; color:#fff\"><span class=\"shariff-icon\" style=\"\"><svg width=\"32px\" height=\"20px\" xmlns=\"http:\/\/www.w3.org\/2000\/svg\" viewBox=\"0 0 32 32\"><path fill=\"#999\" d=\"M32 12.7v14.2q0 1.2-0.8 2t-2 0.9h-26.3q-1.2 0-2-0.9t-0.8-2v-14.2q0.8 0.9 1.8 1.6 6.5 4.4 8.9 6.1 1 0.8 1.6 1.2t1.7 0.9 2 0.4h0.1q0.9 0 2-0.4t1.7-0.9 1.6-1.2q3-2.2 8.9-6.1 1-0.7 1.8-1.6zM32 7.4q0 1.4-0.9 2.7t-2.2 2.2q-6.7 4.7-8.4 5.8-0.2 0.1-0.7 0.5t-1 0.7-0.9 0.6-1.1 0.5-0.9 0.2h-0.1q-0.4 0-0.9-0.2t-1.1-0.5-0.9-0.6-1-0.7-0.7-0.5q-1.6-1.1-4.7-3.2t-3.6-2.6q-1.1-0.7-2.1-2t-1-2.5q0-1.4 0.7-2.3t2.1-0.9h26.3q1.2 0 2 0.8t0.9 2z\"\/><\/svg><\/span><\/a><\/li><\/ul><\/div>","protected":false},"excerpt":{"rendered":"<p>Das Marktwachstum f\u00fcr Elektrofahrzeuge hat 2025 wieder Fahrt aufgenommen: Weltweit wurden 21,4 Millionen Elektrofahrzeuge neu zugelassen. [&hellip;]<\/p>\n","protected":false},"author":3,"featured_media":114357,"comment_status":"closed","ping_status":"closed","sticky":false,"template":"","format":"standard","meta":{"inline_featured_image":false,"footnotes":""},"categories":[25],"tags":[],"class_list":["post-114350","post","type-post","status-publish","format-standard","has-post-thumbnail","hentry","category-mobilitaet"],"yoast_head":"<!-- This site is optimized with the Yoast SEO plugin v26.5 - https:\/\/yoast.com\/wordpress\/plugins\/seo\/ -->\n<title>Weltweit nun \u00fcber 74 Millionen Elektro-Pkw auf den Stra\u00dfen - Sonnenseite - \u00d6kologische Kommunikation mit Franz Alt<\/title>\n<meta name=\"description\" content=\"Das Marktwachstum f\u00fcr Elektrofahrzeuge hat 2025 wieder Fahrt aufgenommen: Weltweit wurden 21,4 Millionen Elektrofahrzeuge neu zugelassen. Dies ist ein\" \/>\n<meta name=\"robots\" content=\"index, follow, max-snippet:-1, max-image-preview:large, max-video-preview:-1\" \/>\n<link rel=\"canonical\" href=\"https:\/\/www.sonnenseite.com\/de\/mobilitaet\/weltweit-nun-ueber-74-millionen-elektro-pkw-auf-den-strassen\/\" \/>\n<meta property=\"og:locale\" content=\"de_DE\" \/>\n<meta property=\"og:type\" content=\"article\" \/>\n<meta property=\"og:title\" content=\"Weltweit nun \u00fcber 74 Millionen Elektro-Pkw auf den Stra\u00dfen - Sonnenseite - \u00d6kologische Kommunikation mit Franz Alt\" \/>\n<meta property=\"og:description\" content=\"Das Marktwachstum f\u00fcr Elektrofahrzeuge hat 2025 wieder Fahrt aufgenommen: Weltweit wurden 21,4 Millionen Elektrofahrzeuge neu zugelassen. Dies ist ein\" \/>\n<meta property=\"og:url\" content=\"https:\/\/www.sonnenseite.com\/de\/mobilitaet\/weltweit-nun-ueber-74-millionen-elektro-pkw-auf-den-strassen\/\" \/>\n<meta property=\"og:site_name\" content=\"Sonnenseite\" \/>\n<meta property=\"article:publisher\" content=\"https:\/\/www.facebook.com\/pages\/Franz-Alt-SONNENSEITECOM\/221072987903953?fref=ts\" \/>\n<meta property=\"article:published_time\" content=\"2026-04-30T00:57:00+00:00\" \/>\n<meta property=\"og:image\" content=\"https:\/\/www.sonnenseite.com\/wp-content\/uploads\/2026\/04\/E_Auto_BiancoBlue.jpg\" \/>\n\t<meta property=\"og:image:width\" content=\"2000\" \/>\n\t<meta property=\"og:image:height\" content=\"877\" \/>\n\t<meta property=\"og:image:type\" content=\"image\/jpeg\" \/>\n<meta name=\"author\" content=\"Bigi Alt\" \/>\n<meta name=\"twitter:card\" content=\"summary_large_image\" \/>\n<meta name=\"twitter:creator\" content=\"@franzalt\" \/>\n<meta name=\"twitter:site\" content=\"@franzalt\" \/>\n<meta name=\"twitter:label1\" content=\"Verfasst von\" \/>\n\t<meta name=\"twitter:data1\" content=\"Bigi Alt\" \/>\n\t<meta name=\"twitter:label2\" content=\"Gesch\u00e4tzte Lesezeit\" \/>\n\t<meta name=\"twitter:data2\" content=\"7\u00a0Minuten\" \/>\n<script type=\"application\/ld+json\" class=\"yoast-schema-graph\">{\"@context\":\"https:\/\/schema.org\",\"@graph\":[{\"@type\":\"Article\",\"@id\":\"https:\/\/www.sonnenseite.com\/de\/mobilitaet\/weltweit-nun-ueber-74-millionen-elektro-pkw-auf-den-strassen\/#article\",\"isPartOf\":{\"@id\":\"https:\/\/www.sonnenseite.com\/de\/mobilitaet\/weltweit-nun-ueber-74-millionen-elektro-pkw-auf-den-strassen\/\"},\"author\":{\"name\":\"Bigi Alt\",\"@id\":\"https:\/\/www.sonnenseite.com\/de\/#\/schema\/person\/50fda0e926597684c7cc6695238a4eb9\"},\"headline\":\"Weltweit nun \u00fcber 74 Millionen Elektro-Pkw auf den Stra\u00dfen\",\"datePublished\":\"2026-04-30T00:57:00+00:00\",\"mainEntityOfPage\":{\"@id\":\"https:\/\/www.sonnenseite.com\/de\/mobilitaet\/weltweit-nun-ueber-74-millionen-elektro-pkw-auf-den-strassen\/\"},\"wordCount\":1060,\"publisher\":{\"@id\":\"https:\/\/www.sonnenseite.com\/de\/#organization\"},\"image\":{\"@id\":\"https:\/\/www.sonnenseite.com\/de\/mobilitaet\/weltweit-nun-ueber-74-millionen-elektro-pkw-auf-den-strassen\/#primaryimage\"},\"thumbnailUrl\":\"https:\/\/www.sonnenseite.com\/wp-content\/uploads\/2026\/04\/E_Auto_BiancoBlue.jpg\",\"articleSection\":[\"Mobilit\u00e4t\"],\"inLanguage\":\"de\"},{\"@type\":\"WebPage\",\"@id\":\"https:\/\/www.sonnenseite.com\/de\/mobilitaet\/weltweit-nun-ueber-74-millionen-elektro-pkw-auf-den-strassen\/\",\"url\":\"https:\/\/www.sonnenseite.com\/de\/mobilitaet\/weltweit-nun-ueber-74-millionen-elektro-pkw-auf-den-strassen\/\",\"name\":\"Weltweit nun \u00fcber 74 Millionen Elektro-Pkw auf den Stra\u00dfen - Sonnenseite - \u00d6kologische Kommunikation mit Franz Alt\",\"isPartOf\":{\"@id\":\"https:\/\/www.sonnenseite.com\/de\/#website\"},\"primaryImageOfPage\":{\"@id\":\"https:\/\/www.sonnenseite.com\/de\/mobilitaet\/weltweit-nun-ueber-74-millionen-elektro-pkw-auf-den-strassen\/#primaryimage\"},\"image\":{\"@id\":\"https:\/\/www.sonnenseite.com\/de\/mobilitaet\/weltweit-nun-ueber-74-millionen-elektro-pkw-auf-den-strassen\/#primaryimage\"},\"thumbnailUrl\":\"https:\/\/www.sonnenseite.com\/wp-content\/uploads\/2026\/04\/E_Auto_BiancoBlue.jpg\",\"datePublished\":\"2026-04-30T00:57:00+00:00\",\"description\":\"Das Marktwachstum f\u00fcr Elektrofahrzeuge hat 2025 wieder Fahrt aufgenommen: Weltweit wurden 21,4 Millionen Elektrofahrzeuge neu zugelassen. Dies ist ein\",\"breadcrumb\":{\"@id\":\"https:\/\/www.sonnenseite.com\/de\/mobilitaet\/weltweit-nun-ueber-74-millionen-elektro-pkw-auf-den-strassen\/#breadcrumb\"},\"inLanguage\":\"de\",\"potentialAction\":[{\"@type\":\"ReadAction\",\"target\":[\"https:\/\/www.sonnenseite.com\/de\/mobilitaet\/weltweit-nun-ueber-74-millionen-elektro-pkw-auf-den-strassen\/\"]}]},{\"@type\":\"ImageObject\",\"inLanguage\":\"de\",\"@id\":\"https:\/\/www.sonnenseite.com\/de\/mobilitaet\/weltweit-nun-ueber-74-millionen-elektro-pkw-auf-den-strassen\/#primaryimage\",\"url\":\"https:\/\/www.sonnenseite.com\/wp-content\/uploads\/2026\/04\/E_Auto_BiancoBlue.jpg\",\"contentUrl\":\"https:\/\/www.sonnenseite.com\/wp-content\/uploads\/2026\/04\/E_Auto_BiancoBlue.jpg\",\"width\":2000,\"height\":877,\"caption\":\"Depositphotos.com | BiancoBlue |\"},{\"@type\":\"BreadcrumbList\",\"@id\":\"https:\/\/www.sonnenseite.com\/de\/mobilitaet\/weltweit-nun-ueber-74-millionen-elektro-pkw-auf-den-strassen\/#breadcrumb\",\"itemListElement\":[{\"@type\":\"ListItem\",\"position\":1,\"name\":\"Startseite\",\"item\":\"https:\/\/www.sonnenseite.com\/de\/\"},{\"@type\":\"ListItem\",\"position\":2,\"name\":\"Weltweit nun \u00fcber 74 Millionen Elektro-Pkw auf den Stra\u00dfen\"}]},{\"@type\":\"WebSite\",\"@id\":\"https:\/\/www.sonnenseite.com\/de\/#website\",\"url\":\"https:\/\/www.sonnenseite.com\/de\/\",\"name\":\"Sonnenseite\",\"description\":\"\u00d6kologische Kommunikation mit Franz Alt\",\"publisher\":{\"@id\":\"https:\/\/www.sonnenseite.com\/de\/#organization\"},\"potentialAction\":[{\"@type\":\"SearchAction\",\"target\":{\"@type\":\"EntryPoint\",\"urlTemplate\":\"https:\/\/www.sonnenseite.com\/de\/?s={search_term_string}\"},\"query-input\":{\"@type\":\"PropertyValueSpecification\",\"valueRequired\":true,\"valueName\":\"search_term_string\"}}],\"inLanguage\":\"de\"},{\"@type\":\"Organization\",\"@id\":\"https:\/\/www.sonnenseite.com\/de\/#organization\",\"name\":\"Sonnenseite\",\"url\":\"https:\/\/www.sonnenseite.com\/de\/\",\"logo\":{\"@type\":\"ImageObject\",\"inLanguage\":\"de\",\"@id\":\"https:\/\/www.sonnenseite.com\/de\/#\/schema\/logo\/image\/\",\"url\":\"https:\/\/www.sonnenseite.com\/wp-content\/uploads\/2020\/05\/Sonnenseite_Logo.png\",\"contentUrl\":\"https:\/\/www.sonnenseite.com\/wp-content\/uploads\/2020\/05\/Sonnenseite_Logo.png\",\"width\":377,\"height\":90,\"caption\":\"Sonnenseite\"},\"image\":{\"@id\":\"https:\/\/www.sonnenseite.com\/de\/#\/schema\/logo\/image\/\"},\"sameAs\":[\"https:\/\/www.facebook.com\/pages\/Franz-Alt-SONNENSEITECOM\/221072987903953?fref=ts\",\"https:\/\/x.com\/franzalt\",\"http:\/\/www.youtube.com\/results?search_query&amp;amp;quot;franz_alt&amp;amp;quot;&amp;amp;amp;amp;search_type&amp;amp;amp;amp;aq=f\"]},{\"@type\":\"Person\",\"@id\":\"https:\/\/www.sonnenseite.com\/de\/#\/schema\/person\/50fda0e926597684c7cc6695238a4eb9\",\"name\":\"Bigi Alt\"}]}<\/script>\n<!-- \/ Yoast SEO plugin. -->","yoast_head_json":{"title":"Weltweit nun \u00fcber 74 Millionen Elektro-Pkw auf den Stra\u00dfen - Sonnenseite - \u00d6kologische Kommunikation mit Franz Alt","description":"Das Marktwachstum f\u00fcr Elektrofahrzeuge hat 2025 wieder Fahrt aufgenommen: Weltweit wurden 21,4 Millionen Elektrofahrzeuge neu zugelassen. Dies ist ein","robots":{"index":"index","follow":"follow","max-snippet":"max-snippet:-1","max-image-preview":"max-image-preview:large","max-video-preview":"max-video-preview:-1"},"canonical":"https:\/\/www.sonnenseite.com\/de\/mobilitaet\/weltweit-nun-ueber-74-millionen-elektro-pkw-auf-den-strassen\/","og_locale":"de_DE","og_type":"article","og_title":"Weltweit nun \u00fcber 74 Millionen Elektro-Pkw auf den Stra\u00dfen - Sonnenseite - \u00d6kologische Kommunikation mit Franz Alt","og_description":"Das Marktwachstum f\u00fcr Elektrofahrzeuge hat 2025 wieder Fahrt aufgenommen: Weltweit wurden 21,4 Millionen Elektrofahrzeuge neu zugelassen. Dies ist ein","og_url":"https:\/\/www.sonnenseite.com\/de\/mobilitaet\/weltweit-nun-ueber-74-millionen-elektro-pkw-auf-den-strassen\/","og_site_name":"Sonnenseite","article_publisher":"https:\/\/www.facebook.com\/pages\/Franz-Alt-SONNENSEITECOM\/221072987903953?fref=ts","article_published_time":"2026-04-30T00:57:00+00:00","og_image":[{"width":2000,"height":877,"url":"https:\/\/www.sonnenseite.com\/wp-content\/uploads\/2026\/04\/E_Auto_BiancoBlue.jpg","type":"image\/jpeg"}],"author":"Bigi Alt","twitter_card":"summary_large_image","twitter_creator":"@franzalt","twitter_site":"@franzalt","twitter_misc":{"Verfasst von":"Bigi Alt","Gesch\u00e4tzte Lesezeit":"7\u00a0Minuten"},"schema":{"@context":"https:\/\/schema.org","@graph":[{"@type":"Article","@id":"https:\/\/www.sonnenseite.com\/de\/mobilitaet\/weltweit-nun-ueber-74-millionen-elektro-pkw-auf-den-strassen\/#article","isPartOf":{"@id":"https:\/\/www.sonnenseite.com\/de\/mobilitaet\/weltweit-nun-ueber-74-millionen-elektro-pkw-auf-den-strassen\/"},"author":{"name":"Bigi Alt","@id":"https:\/\/www.sonnenseite.com\/de\/#\/schema\/person\/50fda0e926597684c7cc6695238a4eb9"},"headline":"Weltweit nun \u00fcber 74 Millionen Elektro-Pkw auf den Stra\u00dfen","datePublished":"2026-04-30T00:57:00+00:00","mainEntityOfPage":{"@id":"https:\/\/www.sonnenseite.com\/de\/mobilitaet\/weltweit-nun-ueber-74-millionen-elektro-pkw-auf-den-strassen\/"},"wordCount":1060,"publisher":{"@id":"https:\/\/www.sonnenseite.com\/de\/#organization"},"image":{"@id":"https:\/\/www.sonnenseite.com\/de\/mobilitaet\/weltweit-nun-ueber-74-millionen-elektro-pkw-auf-den-strassen\/#primaryimage"},"thumbnailUrl":"https:\/\/www.sonnenseite.com\/wp-content\/uploads\/2026\/04\/E_Auto_BiancoBlue.jpg","articleSection":["Mobilit\u00e4t"],"inLanguage":"de"},{"@type":"WebPage","@id":"https:\/\/www.sonnenseite.com\/de\/mobilitaet\/weltweit-nun-ueber-74-millionen-elektro-pkw-auf-den-strassen\/","url":"https:\/\/www.sonnenseite.com\/de\/mobilitaet\/weltweit-nun-ueber-74-millionen-elektro-pkw-auf-den-strassen\/","name":"Weltweit nun \u00fcber 74 Millionen Elektro-Pkw auf den Stra\u00dfen - Sonnenseite - \u00d6kologische Kommunikation mit Franz Alt","isPartOf":{"@id":"https:\/\/www.sonnenseite.com\/de\/#website"},"primaryImageOfPage":{"@id":"https:\/\/www.sonnenseite.com\/de\/mobilitaet\/weltweit-nun-ueber-74-millionen-elektro-pkw-auf-den-strassen\/#primaryimage"},"image":{"@id":"https:\/\/www.sonnenseite.com\/de\/mobilitaet\/weltweit-nun-ueber-74-millionen-elektro-pkw-auf-den-strassen\/#primaryimage"},"thumbnailUrl":"https:\/\/www.sonnenseite.com\/wp-content\/uploads\/2026\/04\/E_Auto_BiancoBlue.jpg","datePublished":"2026-04-30T00:57:00+00:00","description":"Das Marktwachstum f\u00fcr Elektrofahrzeuge hat 2025 wieder Fahrt aufgenommen: Weltweit wurden 21,4 Millionen Elektrofahrzeuge neu zugelassen. Dies ist ein","breadcrumb":{"@id":"https:\/\/www.sonnenseite.com\/de\/mobilitaet\/weltweit-nun-ueber-74-millionen-elektro-pkw-auf-den-strassen\/#breadcrumb"},"inLanguage":"de","potentialAction":[{"@type":"ReadAction","target":["https:\/\/www.sonnenseite.com\/de\/mobilitaet\/weltweit-nun-ueber-74-millionen-elektro-pkw-auf-den-strassen\/"]}]},{"@type":"ImageObject","inLanguage":"de","@id":"https:\/\/www.sonnenseite.com\/de\/mobilitaet\/weltweit-nun-ueber-74-millionen-elektro-pkw-auf-den-strassen\/#primaryimage","url":"https:\/\/www.sonnenseite.com\/wp-content\/uploads\/2026\/04\/E_Auto_BiancoBlue.jpg","contentUrl":"https:\/\/www.sonnenseite.com\/wp-content\/uploads\/2026\/04\/E_Auto_BiancoBlue.jpg","width":2000,"height":877,"caption":"Depositphotos.com | BiancoBlue |"},{"@type":"BreadcrumbList","@id":"https:\/\/www.sonnenseite.com\/de\/mobilitaet\/weltweit-nun-ueber-74-millionen-elektro-pkw-auf-den-strassen\/#breadcrumb","itemListElement":[{"@type":"ListItem","position":1,"name":"Startseite","item":"https:\/\/www.sonnenseite.com\/de\/"},{"@type":"ListItem","position":2,"name":"Weltweit nun \u00fcber 74 Millionen Elektro-Pkw auf den Stra\u00dfen"}]},{"@type":"WebSite","@id":"https:\/\/www.sonnenseite.com\/de\/#website","url":"https:\/\/www.sonnenseite.com\/de\/","name":"Sonnenseite","description":"\u00d6kologische Kommunikation mit Franz Alt","publisher":{"@id":"https:\/\/www.sonnenseite.com\/de\/#organization"},"potentialAction":[{"@type":"SearchAction","target":{"@type":"EntryPoint","urlTemplate":"https:\/\/www.sonnenseite.com\/de\/?s={search_term_string}"},"query-input":{"@type":"PropertyValueSpecification","valueRequired":true,"valueName":"search_term_string"}}],"inLanguage":"de"},{"@type":"Organization","@id":"https:\/\/www.sonnenseite.com\/de\/#organization","name":"Sonnenseite","url":"https:\/\/www.sonnenseite.com\/de\/","logo":{"@type":"ImageObject","inLanguage":"de","@id":"https:\/\/www.sonnenseite.com\/de\/#\/schema\/logo\/image\/","url":"https:\/\/www.sonnenseite.com\/wp-content\/uploads\/2020\/05\/Sonnenseite_Logo.png","contentUrl":"https:\/\/www.sonnenseite.com\/wp-content\/uploads\/2020\/05\/Sonnenseite_Logo.png","width":377,"height":90,"caption":"Sonnenseite"},"image":{"@id":"https:\/\/www.sonnenseite.com\/de\/#\/schema\/logo\/image\/"},"sameAs":["https:\/\/www.facebook.com\/pages\/Franz-Alt-SONNENSEITECOM\/221072987903953?fref=ts","https:\/\/x.com\/franzalt","http:\/\/www.youtube.com\/results?search_query&amp;amp;quot;franz_alt&amp;amp;quot;&amp;amp;amp;amp;search_type&amp;amp;amp;amp;aq=f"]},{"@type":"Person","@id":"https:\/\/www.sonnenseite.com\/de\/#\/schema\/person\/50fda0e926597684c7cc6695238a4eb9","name":"Bigi Alt"}]}},"_links":{"self":[{"href":"https:\/\/www.sonnenseite.com\/de\/wp-json\/wp\/v2\/posts\/114350","targetHints":{"allow":["GET"]}}],"collection":[{"href":"https:\/\/www.sonnenseite.com\/de\/wp-json\/wp\/v2\/posts"}],"about":[{"href":"https:\/\/www.sonnenseite.com\/de\/wp-json\/wp\/v2\/types\/post"}],"author":[{"embeddable":true,"href":"https:\/\/www.sonnenseite.com\/de\/wp-json\/wp\/v2\/users\/3"}],"replies":[{"embeddable":true,"href":"https:\/\/www.sonnenseite.com\/de\/wp-json\/wp\/v2\/comments?post=114350"}],"version-history":[{"count":2,"href":"https:\/\/www.sonnenseite.com\/de\/wp-json\/wp\/v2\/posts\/114350\/revisions"}],"predecessor-version":[{"id":114356,"href":"https:\/\/www.sonnenseite.com\/de\/wp-json\/wp\/v2\/posts\/114350\/revisions\/114356"}],"wp:featuredmedia":[{"embeddable":true,"href":"https:\/\/www.sonnenseite.com\/de\/wp-json\/wp\/v2\/media\/114357"}],"wp:attachment":[{"href":"https:\/\/www.sonnenseite.com\/de\/wp-json\/wp\/v2\/media?parent=114350"}],"wp:term":[{"taxonomy":"category","embeddable":true,"href":"https:\/\/www.sonnenseite.com\/de\/wp-json\/wp\/v2\/categories?post=114350"},{"taxonomy":"post_tag","embeddable":true,"href":"https:\/\/www.sonnenseite.com\/de\/wp-json\/wp\/v2\/tags?post=114350"}],"curies":[{"name":"wp","href":"https:\/\/api.w.org\/{rel}","templated":true}]}}