{"id":116928,"date":"2026-08-26T02:22:00","date_gmt":"2026-08-26T00:22:00","guid":{"rendered":"https:\/\/www.sonnenseite.com\/?p=116928"},"modified":"2026-08-25T14:03:06","modified_gmt":"2026-08-25T12:03:06","slug":"hitzeexposition-in-staedten-unterscheidet-sich-zwischen-bevoelkerungsgruppen","status":"publish","type":"post","link":"https:\/\/www.sonnenseite.com\/de\/wissenschaft\/hitzeexposition-in-staedten-unterscheidet-sich-zwischen-bevoelkerungsgruppen\/","title":{"rendered":"Hitzeexposition in St\u00e4dten unterscheidet sich zwischen Bev\u00f6lkerungsgruppen"},"content":{"rendered":"\n<p class=\"wp-block-paragraph\">Mit dem Klimawandel nimmt die Hitzevorsorge in St\u00e4dten eine immer gr\u00f6\u00dfer werdende Rolle ein. Die Hitzeexposition in deutschen St\u00e4dten ist ungleich verteilt und h\u00e4ngt stark von soziodemografischen Merkmalen wie Herkunft, Alter und Einkommen ab.<\/p>\n\n\n\n<p class=\"wp-block-paragraph\">Forschende des Karlsruher Instituts f\u00fcr Technologie (KIT) haben deutschlandweit untersucht, ob Hitzeexposition mit soziodemografischen Merkmalen wie Staatsangeh\u00f6rigkeit, Alter und Mietpreisen zusammenh\u00e4ngt. Am deutlichsten zeigt sich ein Zusammenhang mit der Nationalit\u00e4t: In 84,2 Prozent der untersuchten St\u00e4dte war die Luft nachts dort signifikant w\u00e4rmer, wo der Anteil der Bev\u00f6lkerung ohne deutsche Staatsangeh\u00f6rigkeit h\u00f6her war. Die Daten zeigen klare r\u00e4umliche Unterschiede in lokalen Temperaturen, erlauben jedoch keine R\u00fcckschl\u00fcsse auf deren Ursachen. Ergebnisse in Environmental Research Letters. (DOI: <a href=\"https:\/\/iopscience.iop.org\/article\/10.1088\/1748-9326\/ae929e\" target=\"_blank\" rel=\"noreferrer noopener\">10.1088\/1748-9326\/ae929e<\/a>)<\/p>\n\n\n\n<p class=\"wp-block-paragraph\">Laut dem EU-Klimadienst Copernicus war es im Juni und Juli 2026 so warm wie in keinem Zweimonatszeitraum seit Aufzeichnungsbeginn. Der Klimawandel verst\u00e4rkt solche Hitzeextreme, deren Folgen sich in St\u00e4dten besonders deutlich zeigen: Versiegelte Fl\u00e4chen und Geb\u00e4ude speichern tags\u00fcber W\u00e4rme, die sie nachts wieder abgeben. Zudem gibt es weniger Vegetation, die Schatten spendet und durch Verdunstung die Umgebung k\u00fchlt. Dieser st\u00e4dtische W\u00e4rmeinseleffekt ist seit Jahrzehnten bekannt und gut erforscht.<\/p>\n\n\n\n<p class=\"wp-block-paragraph\">Weniger untersucht ist dagegen die soziale Verteilung der Hitzebelastung. \u201eBisher wissen wir vergleichsweise wenig dar\u00fcber, welche Bev\u00f6lkerungsgruppen innerhalb von St\u00e4dten besonders hohen Temperaturen ausgesetzt sind\u201c, erl\u00e4utert Dr. Susanne Benz vom Institut f\u00fcr Photogrammetrie und Fernerkundung (IPF) am KIT. \u201eUnsere Arbeit betrachtet diese Unterschiede auch unter dem Aspekt der Umweltgerechtigkeit \u2013 also ob Umweltbelastungen verschiedene Bev\u00f6lkerungsgruppen unterschiedlich stark betreffen.\u201c Dabei gehe es auch um die Frage, ob bestimmte Bev\u00f6lkerungsgruppen h\u00e4ufiger in Quartieren mit dichter Bebauung, weniger Gr\u00fcnfl\u00e4chen und damit h\u00f6heren Temperaturen leben.<\/p>\n\n\n\n<h4 class=\"wp-block-heading\">Luft- und Landoberfl\u00e4chentemperatur deutschlandweit verglichen<\/h4>\n\n\n\n<p class=\"wp-block-paragraph\">F\u00fcr die Studie analysierten die Forschenden alle Landkreise und kreisfreien St\u00e4dte in Deutschland. Daf\u00fcr fassten sie die Luft- und Landoberfl\u00e4chentemperaturen der Sommermonate 2021 bis 2023 getrennt f\u00fcr Tag und Nacht zu einem Kennwert zusammen. Um explizit den Einfluss der Urbanisierung auf die Temperatur zu erfassen, bestimmten die Forschenden die Intensit\u00e4t der st\u00e4dtischen W\u00e4rmeinseln, indem sie die Temperaturen vor Ort mit denen topografisch \u00e4hnlicher l\u00e4ndlicher Gebiete in der Umgebung verglichen. Anschlie\u00dfend verkn\u00fcpften sie die Temperaturdaten mit Ergebnissen des Zensus 2022. Betrachtet wurden hierbei drei soziodemografische Merkmale: der Anteil der Bev\u00f6lkerung ohne deutsche Staatsangeh\u00f6rigkeit, der Anteil der Menschen ab 65 Jahren sowie die Miete pro Person als m\u00f6glicher Indikator f\u00fcr den sozio\u00f6konomischen Status. F\u00fcr jedes Merkmal verglichen die Forschenden innerhalb eines Kreises die Gebiete mit den h\u00f6chsten und den niedrigsten Werten.<\/p>\n\n\n\n<p class=\"wp-block-paragraph\">\u201eLandoberfl\u00e4chen- und Lufttemperatur erfassen verschiedene Aspekte und machen soziale Unterschiede nicht immer an denselben Orten sichtbar\u201c, erkl\u00e4rt Erstautorin Jayati Chawla vom IPF des KIT. \u201eDie Oberfl\u00e4chentemperatur zeigt vor allem, wie stark sich Stra\u00dfen, D\u00e4cher oder andere Fl\u00e4chen aufheizen. Die Lufttemperatur in zwei Metern H\u00f6he tr\u00e4gt etwas direkter zum Hitzestress bei, dem die Menschen ausgesetzt sind. Sie wird vor allem bei Nacht von der lokalen Stadtstruktur beeinflusst, etwa durch Bebauung, Gr\u00fcnfl\u00e4chen und verwendete Materialien.\u201c Welche soziodemografischen Unterschiede sichtbar werden, h\u00e4ngt daher auch davon ab, welches Temperaturma\u00df betrachtet wird.<\/p>\n\n\n\n<h4 class=\"wp-block-heading\">Gr\u00f6\u00dfte Unterschiede in St\u00e4dten<\/h4>\n\n\n\n<p class=\"wp-block-paragraph\">In 84,2 Prozent der untersuchten St\u00e4dte ist die Luft nachts in Gebieten mit einem h\u00f6heren Anteil von Menschen ohne deutsche Staatsangeh\u00f6rigkeit signifikant w\u00e4rmer. Gebiete mit einem gr\u00f6\u00dferen Anteil von Menschen ab 65 Jahren sind dagegen im Mittel eher k\u00fchler; bei der Miete pro Person zeigt sich kein eindeutiges Muster. Insgesamt weisen die Ergebnisse damit auf einen klaren r\u00e4umlichen Zusammenhang zwischen Bev\u00f6lkerungsstruktur und Hitze hin. \u201eDa uns keine hochaufgel\u00f6sten Einkommensdaten zur Verf\u00fcgung standen, k\u00f6nnen wir in Deutschland aber nicht beurteilen, ob die beobachteten Unterschiede auf sozio\u00f6konomische Ungleichheiten zur\u00fcckzuf\u00fchren sind\u201c, sagt Benz. \u201eDie Studie zeigt Unterschiede in der Temperaturverteilung, erlaubt jedoch keine Aussage dar\u00fcber, welche sozialen, wirtschaftlichen, historischen oder st\u00e4dtebaulichen Faktoren sie verursachen.\u201c<\/p>\n\n\n\n<p class=\"wp-block-paragraph\">\u201eUnsere Ergebnisse verdeutlichen also grunds\u00e4tzlich, dass verschiedene Bev\u00f6lkerungsgruppen innerhalb von St\u00e4dten unterschiedlich hohen Temperaturen ausgesetzt sind. Au\u00dferdem k\u00f6nnen wir zeigen, dass diese Unterschiede in St\u00e4dten st\u00e4rker ausgepr\u00e4gt sind als in suburbanen oder l\u00e4ndlichen Kreisen\u201c, so Chawla. \u201eDie Resultate k\u00f6nnen dazu beitragen, besonders hitzeexponierte Gebiete zu identifizieren und Ma\u00dfnahmen zur Hitzevorsorge gezielter zu planen.\u201c Gleichzeitig werfen sie neue Forschungsfragen auf, etwa warum es diese Unterschiede gibt, ob sie auf \u00f6konomische Unterschiede oder andere Faktoren zur\u00fcckzuf\u00fchren sind, und wie Umweltgerechtigkeit in der Stadtplanung k\u00fcnftig besser ber\u00fccksichtigt werden kann.<\/p>\n\n\n\n<ul class=\"wp-block-list\">\n<li>Jayati Chawla, Philipp Keller, Susanne Benz: Comparing land surface temperature and air temperature for assessing socio-demographic inequalities in urban heat exposure: evidence from Germany. Environmental Research Letters 21\u00a0154033, 2026. DOI: <a href=\"https:\/\/iopscience.iop.org\/article\/10.1088\/1748-9326\/ae929e\" target=\"_blank\" rel=\"noreferrer noopener\">10.1088\/1748-9326\/ae929e<\/a><\/li>\n<\/ul>\n\n\n<h5 class=\"green\">Quelle<\/h5>\r\n\n\n\n<p class=\"wp-block-paragraph\"><a href=\"https:\/\/www.kit.edu\/kit\/pi_2026_074_hitzeexposition-in-staedten-unterscheidet-sich-zwischen-bevoelkerungsgruppen.php\">Karlsruher Institut f\u00fcr Technologie (KIT) 2026<\/a><\/p>\n<div class=\"shariff shariff-align-flex-start shariff-widget-align-flex-start\"><div class=\"ShariffHeadline\">Diese Meldung teilen<\/div><ul class=\"shariff-buttons theme-round orientation-horizontal buttonsize-medium\"><li class=\"shariff-button facebook shariff-nocustomcolor\" style=\"background-color:#4273c8;border-radius:1%\"><a href=\"https:\/\/www.facebook.com\/sharer\/sharer.php?u=https%3A%2F%2Fwww.sonnenseite.com%2Fde%2Fwissenschaft%2Fhitzeexposition-in-staedten-unterscheidet-sich-zwischen-bevoelkerungsgruppen%2F\" title=\"Bei Facebook teilen\" aria-label=\"Bei Facebook teilen\" role=\"button\" rel=\"nofollow\" class=\"shariff-link\" style=\";border-radius:1%; background-color:#3b5998; color:#fff\" target=\"_blank\"><span class=\"shariff-icon\" style=\"\"><svg width=\"32px\" height=\"20px\" xmlns=\"http:\/\/www.w3.org\/2000\/svg\" viewBox=\"0 0 18 32\"><path fill=\"#3b5998\" d=\"M17.1 0.2v4.7h-2.8q-1.5 0-2.1 0.6t-0.5 1.9v3.4h5.2l-0.7 5.3h-4.5v13.6h-5.5v-13.6h-4.5v-5.3h4.5v-3.9q0-3.3 1.9-5.2t5-1.8q2.6 0 4.1 0.2z\"\/><\/svg><\/span><\/a><\/li><li class=\"shariff-button twitter shariff-nocustomcolor\" style=\"background-color:#595959;border-radius:1%\"><a href=\"https:\/\/twitter.com\/share?url=https%3A%2F%2Fwww.sonnenseite.com%2Fde%2Fwissenschaft%2Fhitzeexposition-in-staedten-unterscheidet-sich-zwischen-bevoelkerungsgruppen%2F&text=Hitzeexposition%20in%20St%C3%A4dten%20unterscheidet%20sich%20zwischen%20Bev%C3%B6lkerungsgruppen\" title=\"Bei X teilen\" aria-label=\"Bei X teilen\" role=\"button\" rel=\"noopener nofollow\" class=\"shariff-link\" style=\";border-radius:1%; background-color:#000; color:#fff\" target=\"_blank\"><span class=\"shariff-icon\" style=\"\"><svg width=\"32px\" height=\"20px\" xmlns=\"http:\/\/www.w3.org\/2000\/svg\" viewBox=\"0 0 24 24\"><path fill=\"#000\" d=\"M14.258 10.152L23.176 0h-2.113l-7.747 8.813L7.133 0H0l9.352 13.328L0 23.973h2.113l8.176-9.309 6.531 9.309h7.133zm-2.895 3.293l-.949-1.328L2.875 1.56h3.246l6.086 8.523.945 1.328 7.91 11.078h-3.246zm0 0\"\/><\/svg><\/span><\/a><\/li><li class=\"shariff-button xing shariff-nocustomcolor\" style=\"background-color:#29888a;border-radius:1%\"><a href=\"https:\/\/www.xing.com\/spi\/shares\/new?url=https%3A%2F%2Fwww.sonnenseite.com%2Fde%2Fwissenschaft%2Fhitzeexposition-in-staedten-unterscheidet-sich-zwischen-bevoelkerungsgruppen%2F\" title=\"Bei XING teilen\" aria-label=\"Bei XING teilen\" role=\"button\" rel=\"noopener nofollow\" class=\"shariff-link\" style=\";border-radius:1%; background-color:#126567; color:#fff\" target=\"_blank\"><span class=\"shariff-icon\" style=\"\"><svg width=\"32px\" height=\"20px\" xmlns=\"http:\/\/www.w3.org\/2000\/svg\" viewBox=\"0 0 25 32\"><path fill=\"#126567\" d=\"M10.7 11.9q-0.2 0.3-4.6 8.2-0.5 0.8-1.2 0.8h-4.3q-0.4 0-0.5-0.3t0-0.6l4.5-8q0 0 0 0l-2.9-5q-0.2-0.4 0-0.7 0.2-0.3 0.5-0.3h4.3q0.7 0 1.2 0.8zM25.1 0.4q0.2 0.3 0 0.7l-9.4 16.7 6 11q0.2 0.4 0 0.6-0.2 0.3-0.6 0.3h-4.3q-0.7 0-1.2-0.8l-6-11.1q0.3-0.6 9.5-16.8 0.4-0.8 1.2-0.8h4.3q0.4 0 0.5 0.3z\"\/><\/svg><\/span><\/a><\/li><li class=\"shariff-button linkedin shariff-nocustomcolor\" style=\"background-color:#1488bf;border-radius:1%\"><a href=\"https:\/\/www.linkedin.com\/sharing\/share-offsite\/?url=https%3A%2F%2Fwww.sonnenseite.com%2Fde%2Fwissenschaft%2Fhitzeexposition-in-staedten-unterscheidet-sich-zwischen-bevoelkerungsgruppen%2F\" title=\"Bei LinkedIn teilen\" aria-label=\"Bei LinkedIn teilen\" role=\"button\" rel=\"noopener nofollow\" class=\"shariff-link\" style=\";border-radius:1%; background-color:#0077b5; color:#fff\" target=\"_blank\"><span class=\"shariff-icon\" style=\"\"><svg width=\"32px\" height=\"20px\" xmlns=\"http:\/\/www.w3.org\/2000\/svg\" viewBox=\"0 0 27 32\"><path fill=\"#0077b5\" d=\"M6.2 11.2v17.7h-5.9v-17.7h5.9zM6.6 5.7q0 1.3-0.9 2.2t-2.4 0.9h0q-1.5 0-2.4-0.9t-0.9-2.2 0.9-2.2 2.4-0.9 2.4 0.9 0.9 2.2zM27.4 18.7v10.1h-5.9v-9.5q0-1.9-0.7-2.9t-2.3-1.1q-1.1 0-1.9 0.6t-1.2 1.5q-0.2 0.5-0.2 1.4v9.9h-5.9q0-7.1 0-11.6t0-5.3l0-0.9h5.9v2.6h0q0.4-0.6 0.7-1t1-0.9 1.6-0.8 2-0.3q3 0 4.9 2t1.9 6z\"\/><\/svg><\/span><\/a><\/li><li class=\"shariff-button printer shariff-nocustomcolor\" style=\"background-color:#a8a8a8;border-radius:1%\"><a href=\"javascript:window.print()\" title=\"drucken\" aria-label=\"drucken\" role=\"button\" rel=\"noopener nofollow\" class=\"shariff-link\" style=\";border-radius:1%; background-color:#999; color:#fff\"><span class=\"shariff-icon\" style=\"\"><svg width=\"32px\" height=\"20px\" xmlns=\"http:\/\/www.w3.org\/2000\/svg\" viewBox=\"0 0 30 32\"><path fill=\"#999\" d=\"M6.8 27.4h16v-4.6h-16v4.6zM6.8 16h16v-6.8h-2.8q-0.7 0-1.2-0.5t-0.5-1.2v-2.8h-11.4v11.4zM27.4 17.2q0-0.5-0.3-0.8t-0.8-0.4-0.8 0.4-0.3 0.8 0.3 0.8 0.8 0.3 0.8-0.3 0.3-0.8zM29.7 17.2v7.4q0 0.2-0.2 0.4t-0.4 0.2h-4v2.8q0 0.7-0.5 1.2t-1.2 0.5h-17.2q-0.7 0-1.2-0.5t-0.5-1.2v-2.8h-4q-0.2 0-0.4-0.2t-0.2-0.4v-7.4q0-1.4 1-2.4t2.4-1h1.2v-9.7q0-0.7 0.5-1.2t1.2-0.5h12q0.7 0 1.6 0.4t1.3 0.8l2.7 2.7q0.5 0.5 0.9 1.4t0.4 1.6v4.6h1.1q1.4 0 2.4 1t1 2.4z\"\/><\/svg><\/span><\/a><\/li><li class=\"shariff-button mailto shariff-nocustomcolor\" style=\"background-color:#a8a8a8;border-radius:1%\"><a href=\"mailto:?body=https%3A%2F%2Fwww.sonnenseite.com%2Fde%2Fwissenschaft%2Fhitzeexposition-in-staedten-unterscheidet-sich-zwischen-bevoelkerungsgruppen%2F&subject=Hitzeexposition%20in%20St%C3%A4dten%20unterscheidet%20sich%20zwischen%20Bev%C3%B6lkerungsgruppen\" title=\"Per E-Mail versenden\" aria-label=\"Per E-Mail versenden\" role=\"button\" rel=\"noopener nofollow\" class=\"shariff-link\" style=\";border-radius:1%; background-color:#999; color:#fff\"><span class=\"shariff-icon\" style=\"\"><svg width=\"32px\" height=\"20px\" xmlns=\"http:\/\/www.w3.org\/2000\/svg\" viewBox=\"0 0 32 32\"><path fill=\"#999\" d=\"M32 12.7v14.2q0 1.2-0.8 2t-2 0.9h-26.3q-1.2 0-2-0.9t-0.8-2v-14.2q0.8 0.9 1.8 1.6 6.5 4.4 8.9 6.1 1 0.8 1.6 1.2t1.7 0.9 2 0.4h0.1q0.9 0 2-0.4t1.7-0.9 1.6-1.2q3-2.2 8.9-6.1 1-0.7 1.8-1.6zM32 7.4q0 1.4-0.9 2.7t-2.2 2.2q-6.7 4.7-8.4 5.8-0.2 0.1-0.7 0.5t-1 0.7-0.9 0.6-1.1 0.5-0.9 0.2h-0.1q-0.4 0-0.9-0.2t-1.1-0.5-0.9-0.6-1-0.7-0.7-0.5q-1.6-1.1-4.7-3.2t-3.6-2.6q-1.1-0.7-2.1-2t-1-2.5q0-1.4 0.7-2.3t2.1-0.9h26.3q1.2 0 2 0.8t0.9 2z\"\/><\/svg><\/span><\/a><\/li><\/ul><\/div>","protected":false},"excerpt":{"rendered":"<p>Mit dem Klimawandel nimmt die Hitzevorsorge in St\u00e4dten eine immer gr\u00f6\u00dfer werdende Rolle ein. Die Hitzeexposition [&hellip;]<\/p>\n","protected":false},"author":3,"featured_media":107601,"comment_status":"closed","ping_status":"closed","sticky":false,"template":"","format":"standard","meta":{"inline_featured_image":false,"footnotes":""},"categories":[26],"tags":[],"class_list":["post-116928","post","type-post","status-publish","format-standard","has-post-thumbnail","hentry","category-wissenschaft"],"yoast_head":"<!-- This site is optimized with the Yoast SEO plugin v26.5 - https:\/\/yoast.com\/wordpress\/plugins\/seo\/ -->\n<title>Hitzeexposition in St\u00e4dten unterscheidet sich zwischen Bev\u00f6lkerungsgruppen - Sonnenseite - \u00d6kologische Kommunikation mit Franz Alt<\/title>\n<meta name=\"description\" content=\"Mit dem Klimawandel nimmt die Hitzevorsorge in St\u00e4dten eine immer gr\u00f6\u00dfer werdende Rolle ein. Die Hitzeexposition in deutschen St\u00e4dten ist ungleich\" \/>\n<meta name=\"robots\" content=\"index, follow, max-snippet:-1, max-image-preview:large, max-video-preview:-1\" \/>\n<link rel=\"canonical\" href=\"https:\/\/www.sonnenseite.com\/de\/wissenschaft\/hitzeexposition-in-staedten-unterscheidet-sich-zwischen-bevoelkerungsgruppen\/\" \/>\n<meta property=\"og:locale\" content=\"de_DE\" \/>\n<meta property=\"og:type\" content=\"article\" \/>\n<meta property=\"og:title\" content=\"Hitzeexposition in St\u00e4dten unterscheidet sich zwischen Bev\u00f6lkerungsgruppen - Sonnenseite - \u00d6kologische Kommunikation mit Franz Alt\" \/>\n<meta property=\"og:description\" content=\"Mit dem Klimawandel nimmt die Hitzevorsorge in St\u00e4dten eine immer gr\u00f6\u00dfer werdende Rolle ein. Die Hitzeexposition in deutschen St\u00e4dten ist ungleich\" \/>\n<meta property=\"og:url\" content=\"https:\/\/www.sonnenseite.com\/de\/wissenschaft\/hitzeexposition-in-staedten-unterscheidet-sich-zwischen-bevoelkerungsgruppen\/\" \/>\n<meta property=\"og:site_name\" content=\"Sonnenseite\" \/>\n<meta property=\"article:publisher\" content=\"https:\/\/www.facebook.com\/pages\/Franz-Alt-SONNENSEITECOM\/221072987903953?fref=ts\" \/>\n<meta property=\"article:published_time\" content=\"2026-08-26T00:22:00+00:00\" \/>\n<meta property=\"og:image\" content=\"https:\/\/www.sonnenseite.com\/wp-content\/uploads\/2025\/06\/Hitze_Duerre_Stadt_PhotoAventure.jpg\" \/>\n\t<meta property=\"og:image:width\" content=\"769\" \/>\n\t<meta property=\"og:image:height\" content=\"420\" \/>\n\t<meta property=\"og:image:type\" content=\"image\/jpeg\" \/>\n<meta name=\"author\" content=\"Bigi Alt\" \/>\n<meta name=\"twitter:card\" content=\"summary_large_image\" \/>\n<meta name=\"twitter:creator\" content=\"@franzalt\" \/>\n<meta name=\"twitter:site\" content=\"@franzalt\" \/>\n<meta name=\"twitter:label1\" content=\"Verfasst von\" \/>\n\t<meta name=\"twitter:data1\" content=\"Bigi Alt\" \/>\n\t<meta name=\"twitter:label2\" content=\"Gesch\u00e4tzte Lesezeit\" \/>\n\t<meta name=\"twitter:data2\" content=\"5\u00a0Minuten\" \/>\n<script type=\"application\/ld+json\" class=\"yoast-schema-graph\">{\"@context\":\"https:\/\/schema.org\",\"@graph\":[{\"@type\":\"Article\",\"@id\":\"https:\/\/www.sonnenseite.com\/de\/wissenschaft\/hitzeexposition-in-staedten-unterscheidet-sich-zwischen-bevoelkerungsgruppen\/#article\",\"isPartOf\":{\"@id\":\"https:\/\/www.sonnenseite.com\/de\/wissenschaft\/hitzeexposition-in-staedten-unterscheidet-sich-zwischen-bevoelkerungsgruppen\/\"},\"author\":{\"name\":\"Bigi Alt\",\"@id\":\"https:\/\/www.sonnenseite.com\/de\/#\/schema\/person\/50fda0e926597684c7cc6695238a4eb9\"},\"headline\":\"Hitzeexposition in St\u00e4dten unterscheidet sich zwischen Bev\u00f6lkerungsgruppen\",\"datePublished\":\"2026-08-26T00:22:00+00:00\",\"mainEntityOfPage\":{\"@id\":\"https:\/\/www.sonnenseite.com\/de\/wissenschaft\/hitzeexposition-in-staedten-unterscheidet-sich-zwischen-bevoelkerungsgruppen\/\"},\"wordCount\":819,\"publisher\":{\"@id\":\"https:\/\/www.sonnenseite.com\/de\/#organization\"},\"image\":{\"@id\":\"https:\/\/www.sonnenseite.com\/de\/wissenschaft\/hitzeexposition-in-staedten-unterscheidet-sich-zwischen-bevoelkerungsgruppen\/#primaryimage\"},\"thumbnailUrl\":\"https:\/\/www.sonnenseite.com\/wp-content\/uploads\/2025\/06\/Hitze_Duerre_Stadt_PhotoAventure.jpg\",\"articleSection\":[\"Wissenschaft\"],\"inLanguage\":\"de\"},{\"@type\":\"WebPage\",\"@id\":\"https:\/\/www.sonnenseite.com\/de\/wissenschaft\/hitzeexposition-in-staedten-unterscheidet-sich-zwischen-bevoelkerungsgruppen\/\",\"url\":\"https:\/\/www.sonnenseite.com\/de\/wissenschaft\/hitzeexposition-in-staedten-unterscheidet-sich-zwischen-bevoelkerungsgruppen\/\",\"name\":\"Hitzeexposition in St\u00e4dten unterscheidet sich zwischen Bev\u00f6lkerungsgruppen - Sonnenseite - \u00d6kologische Kommunikation mit Franz Alt\",\"isPartOf\":{\"@id\":\"https:\/\/www.sonnenseite.com\/de\/#website\"},\"primaryImageOfPage\":{\"@id\":\"https:\/\/www.sonnenseite.com\/de\/wissenschaft\/hitzeexposition-in-staedten-unterscheidet-sich-zwischen-bevoelkerungsgruppen\/#primaryimage\"},\"image\":{\"@id\":\"https:\/\/www.sonnenseite.com\/de\/wissenschaft\/hitzeexposition-in-staedten-unterscheidet-sich-zwischen-bevoelkerungsgruppen\/#primaryimage\"},\"thumbnailUrl\":\"https:\/\/www.sonnenseite.com\/wp-content\/uploads\/2025\/06\/Hitze_Duerre_Stadt_PhotoAventure.jpg\",\"datePublished\":\"2026-08-26T00:22:00+00:00\",\"description\":\"Mit dem Klimawandel nimmt die Hitzevorsorge in St\u00e4dten eine immer gr\u00f6\u00dfer werdende Rolle ein. Die Hitzeexposition in deutschen St\u00e4dten ist ungleich\",\"breadcrumb\":{\"@id\":\"https:\/\/www.sonnenseite.com\/de\/wissenschaft\/hitzeexposition-in-staedten-unterscheidet-sich-zwischen-bevoelkerungsgruppen\/#breadcrumb\"},\"inLanguage\":\"de\",\"potentialAction\":[{\"@type\":\"ReadAction\",\"target\":[\"https:\/\/www.sonnenseite.com\/de\/wissenschaft\/hitzeexposition-in-staedten-unterscheidet-sich-zwischen-bevoelkerungsgruppen\/\"]}]},{\"@type\":\"ImageObject\",\"inLanguage\":\"de\",\"@id\":\"https:\/\/www.sonnenseite.com\/de\/wissenschaft\/hitzeexposition-in-staedten-unterscheidet-sich-zwischen-bevoelkerungsgruppen\/#primaryimage\",\"url\":\"https:\/\/www.sonnenseite.com\/wp-content\/uploads\/2025\/06\/Hitze_Duerre_Stadt_PhotoAventure.jpg\",\"contentUrl\":\"https:\/\/www.sonnenseite.com\/wp-content\/uploads\/2025\/06\/Hitze_Duerre_Stadt_PhotoAventure.jpg\",\"width\":769,\"height\":420,\"caption\":\"Depositphotos.com | PhotoAventure |\"},{\"@type\":\"BreadcrumbList\",\"@id\":\"https:\/\/www.sonnenseite.com\/de\/wissenschaft\/hitzeexposition-in-staedten-unterscheidet-sich-zwischen-bevoelkerungsgruppen\/#breadcrumb\",\"itemListElement\":[{\"@type\":\"ListItem\",\"position\":1,\"name\":\"Startseite\",\"item\":\"https:\/\/www.sonnenseite.com\/de\/\"},{\"@type\":\"ListItem\",\"position\":2,\"name\":\"Hitzeexposition in St\u00e4dten unterscheidet sich zwischen Bev\u00f6lkerungsgruppen\"}]},{\"@type\":\"WebSite\",\"@id\":\"https:\/\/www.sonnenseite.com\/de\/#website\",\"url\":\"https:\/\/www.sonnenseite.com\/de\/\",\"name\":\"Sonnenseite\",\"description\":\"\u00d6kologische Kommunikation mit Franz Alt\",\"publisher\":{\"@id\":\"https:\/\/www.sonnenseite.com\/de\/#organization\"},\"potentialAction\":[{\"@type\":\"SearchAction\",\"target\":{\"@type\":\"EntryPoint\",\"urlTemplate\":\"https:\/\/www.sonnenseite.com\/de\/?s={search_term_string}\"},\"query-input\":{\"@type\":\"PropertyValueSpecification\",\"valueRequired\":true,\"valueName\":\"search_term_string\"}}],\"inLanguage\":\"de\"},{\"@type\":\"Organization\",\"@id\":\"https:\/\/www.sonnenseite.com\/de\/#organization\",\"name\":\"Sonnenseite\",\"url\":\"https:\/\/www.sonnenseite.com\/de\/\",\"logo\":{\"@type\":\"ImageObject\",\"inLanguage\":\"de\",\"@id\":\"https:\/\/www.sonnenseite.com\/de\/#\/schema\/logo\/image\/\",\"url\":\"https:\/\/www.sonnenseite.com\/wp-content\/uploads\/2020\/05\/Sonnenseite_Logo.png\",\"contentUrl\":\"https:\/\/www.sonnenseite.com\/wp-content\/uploads\/2020\/05\/Sonnenseite_Logo.png\",\"width\":377,\"height\":90,\"caption\":\"Sonnenseite\"},\"image\":{\"@id\":\"https:\/\/www.sonnenseite.com\/de\/#\/schema\/logo\/image\/\"},\"sameAs\":[\"https:\/\/www.facebook.com\/pages\/Franz-Alt-SONNENSEITECOM\/221072987903953?fref=ts\",\"https:\/\/x.com\/franzalt\",\"http:\/\/www.youtube.com\/results?search_query&amp;amp;quot;franz_alt&amp;amp;quot;&amp;amp;amp;amp;search_type&amp;amp;amp;amp;aq=f\"]},{\"@type\":\"Person\",\"@id\":\"https:\/\/www.sonnenseite.com\/de\/#\/schema\/person\/50fda0e926597684c7cc6695238a4eb9\",\"name\":\"Bigi Alt\"}]}<\/script>\n<!-- \/ Yoast SEO plugin. -->","yoast_head_json":{"title":"Hitzeexposition in St\u00e4dten unterscheidet sich zwischen Bev\u00f6lkerungsgruppen - Sonnenseite - \u00d6kologische Kommunikation mit Franz Alt","description":"Mit dem Klimawandel nimmt die Hitzevorsorge in St\u00e4dten eine immer gr\u00f6\u00dfer werdende Rolle ein. Die Hitzeexposition in deutschen St\u00e4dten ist ungleich","robots":{"index":"index","follow":"follow","max-snippet":"max-snippet:-1","max-image-preview":"max-image-preview:large","max-video-preview":"max-video-preview:-1"},"canonical":"https:\/\/www.sonnenseite.com\/de\/wissenschaft\/hitzeexposition-in-staedten-unterscheidet-sich-zwischen-bevoelkerungsgruppen\/","og_locale":"de_DE","og_type":"article","og_title":"Hitzeexposition in St\u00e4dten unterscheidet sich zwischen Bev\u00f6lkerungsgruppen - Sonnenseite - \u00d6kologische Kommunikation mit Franz Alt","og_description":"Mit dem Klimawandel nimmt die Hitzevorsorge in St\u00e4dten eine immer gr\u00f6\u00dfer werdende Rolle ein. Die Hitzeexposition in deutschen St\u00e4dten ist ungleich","og_url":"https:\/\/www.sonnenseite.com\/de\/wissenschaft\/hitzeexposition-in-staedten-unterscheidet-sich-zwischen-bevoelkerungsgruppen\/","og_site_name":"Sonnenseite","article_publisher":"https:\/\/www.facebook.com\/pages\/Franz-Alt-SONNENSEITECOM\/221072987903953?fref=ts","article_published_time":"2026-08-26T00:22:00+00:00","og_image":[{"width":769,"height":420,"url":"https:\/\/www.sonnenseite.com\/wp-content\/uploads\/2025\/06\/Hitze_Duerre_Stadt_PhotoAventure.jpg","type":"image\/jpeg"}],"author":"Bigi Alt","twitter_card":"summary_large_image","twitter_creator":"@franzalt","twitter_site":"@franzalt","twitter_misc":{"Verfasst von":"Bigi Alt","Gesch\u00e4tzte Lesezeit":"5\u00a0Minuten"},"schema":{"@context":"https:\/\/schema.org","@graph":[{"@type":"Article","@id":"https:\/\/www.sonnenseite.com\/de\/wissenschaft\/hitzeexposition-in-staedten-unterscheidet-sich-zwischen-bevoelkerungsgruppen\/#article","isPartOf":{"@id":"https:\/\/www.sonnenseite.com\/de\/wissenschaft\/hitzeexposition-in-staedten-unterscheidet-sich-zwischen-bevoelkerungsgruppen\/"},"author":{"name":"Bigi Alt","@id":"https:\/\/www.sonnenseite.com\/de\/#\/schema\/person\/50fda0e926597684c7cc6695238a4eb9"},"headline":"Hitzeexposition in St\u00e4dten unterscheidet sich zwischen Bev\u00f6lkerungsgruppen","datePublished":"2026-08-26T00:22:00+00:00","mainEntityOfPage":{"@id":"https:\/\/www.sonnenseite.com\/de\/wissenschaft\/hitzeexposition-in-staedten-unterscheidet-sich-zwischen-bevoelkerungsgruppen\/"},"wordCount":819,"publisher":{"@id":"https:\/\/www.sonnenseite.com\/de\/#organization"},"image":{"@id":"https:\/\/www.sonnenseite.com\/de\/wissenschaft\/hitzeexposition-in-staedten-unterscheidet-sich-zwischen-bevoelkerungsgruppen\/#primaryimage"},"thumbnailUrl":"https:\/\/www.sonnenseite.com\/wp-content\/uploads\/2025\/06\/Hitze_Duerre_Stadt_PhotoAventure.jpg","articleSection":["Wissenschaft"],"inLanguage":"de"},{"@type":"WebPage","@id":"https:\/\/www.sonnenseite.com\/de\/wissenschaft\/hitzeexposition-in-staedten-unterscheidet-sich-zwischen-bevoelkerungsgruppen\/","url":"https:\/\/www.sonnenseite.com\/de\/wissenschaft\/hitzeexposition-in-staedten-unterscheidet-sich-zwischen-bevoelkerungsgruppen\/","name":"Hitzeexposition in St\u00e4dten unterscheidet sich zwischen Bev\u00f6lkerungsgruppen - Sonnenseite - \u00d6kologische Kommunikation mit Franz Alt","isPartOf":{"@id":"https:\/\/www.sonnenseite.com\/de\/#website"},"primaryImageOfPage":{"@id":"https:\/\/www.sonnenseite.com\/de\/wissenschaft\/hitzeexposition-in-staedten-unterscheidet-sich-zwischen-bevoelkerungsgruppen\/#primaryimage"},"image":{"@id":"https:\/\/www.sonnenseite.com\/de\/wissenschaft\/hitzeexposition-in-staedten-unterscheidet-sich-zwischen-bevoelkerungsgruppen\/#primaryimage"},"thumbnailUrl":"https:\/\/www.sonnenseite.com\/wp-content\/uploads\/2025\/06\/Hitze_Duerre_Stadt_PhotoAventure.jpg","datePublished":"2026-08-26T00:22:00+00:00","description":"Mit dem Klimawandel nimmt die Hitzevorsorge in St\u00e4dten eine immer gr\u00f6\u00dfer werdende Rolle ein. Die Hitzeexposition in deutschen St\u00e4dten ist ungleich","breadcrumb":{"@id":"https:\/\/www.sonnenseite.com\/de\/wissenschaft\/hitzeexposition-in-staedten-unterscheidet-sich-zwischen-bevoelkerungsgruppen\/#breadcrumb"},"inLanguage":"de","potentialAction":[{"@type":"ReadAction","target":["https:\/\/www.sonnenseite.com\/de\/wissenschaft\/hitzeexposition-in-staedten-unterscheidet-sich-zwischen-bevoelkerungsgruppen\/"]}]},{"@type":"ImageObject","inLanguage":"de","@id":"https:\/\/www.sonnenseite.com\/de\/wissenschaft\/hitzeexposition-in-staedten-unterscheidet-sich-zwischen-bevoelkerungsgruppen\/#primaryimage","url":"https:\/\/www.sonnenseite.com\/wp-content\/uploads\/2025\/06\/Hitze_Duerre_Stadt_PhotoAventure.jpg","contentUrl":"https:\/\/www.sonnenseite.com\/wp-content\/uploads\/2025\/06\/Hitze_Duerre_Stadt_PhotoAventure.jpg","width":769,"height":420,"caption":"Depositphotos.com | PhotoAventure |"},{"@type":"BreadcrumbList","@id":"https:\/\/www.sonnenseite.com\/de\/wissenschaft\/hitzeexposition-in-staedten-unterscheidet-sich-zwischen-bevoelkerungsgruppen\/#breadcrumb","itemListElement":[{"@type":"ListItem","position":1,"name":"Startseite","item":"https:\/\/www.sonnenseite.com\/de\/"},{"@type":"ListItem","position":2,"name":"Hitzeexposition in St\u00e4dten unterscheidet sich zwischen Bev\u00f6lkerungsgruppen"}]},{"@type":"WebSite","@id":"https:\/\/www.sonnenseite.com\/de\/#website","url":"https:\/\/www.sonnenseite.com\/de\/","name":"Sonnenseite","description":"\u00d6kologische Kommunikation mit Franz Alt","publisher":{"@id":"https:\/\/www.sonnenseite.com\/de\/#organization"},"potentialAction":[{"@type":"SearchAction","target":{"@type":"EntryPoint","urlTemplate":"https:\/\/www.sonnenseite.com\/de\/?s={search_term_string}"},"query-input":{"@type":"PropertyValueSpecification","valueRequired":true,"valueName":"search_term_string"}}],"inLanguage":"de"},{"@type":"Organization","@id":"https:\/\/www.sonnenseite.com\/de\/#organization","name":"Sonnenseite","url":"https:\/\/www.sonnenseite.com\/de\/","logo":{"@type":"ImageObject","inLanguage":"de","@id":"https:\/\/www.sonnenseite.com\/de\/#\/schema\/logo\/image\/","url":"https:\/\/www.sonnenseite.com\/wp-content\/uploads\/2020\/05\/Sonnenseite_Logo.png","contentUrl":"https:\/\/www.sonnenseite.com\/wp-content\/uploads\/2020\/05\/Sonnenseite_Logo.png","width":377,"height":90,"caption":"Sonnenseite"},"image":{"@id":"https:\/\/www.sonnenseite.com\/de\/#\/schema\/logo\/image\/"},"sameAs":["https:\/\/www.facebook.com\/pages\/Franz-Alt-SONNENSEITECOM\/221072987903953?fref=ts","https:\/\/x.com\/franzalt","http:\/\/www.youtube.com\/results?search_query&amp;amp;quot;franz_alt&amp;amp;quot;&amp;amp;amp;amp;search_type&amp;amp;amp;amp;aq=f"]},{"@type":"Person","@id":"https:\/\/www.sonnenseite.com\/de\/#\/schema\/person\/50fda0e926597684c7cc6695238a4eb9","name":"Bigi Alt"}]}},"_links":{"self":[{"href":"https:\/\/www.sonnenseite.com\/de\/wp-json\/wp\/v2\/posts\/116928","targetHints":{"allow":["GET"]}}],"collection":[{"href":"https:\/\/www.sonnenseite.com\/de\/wp-json\/wp\/v2\/posts"}],"about":[{"href":"https:\/\/www.sonnenseite.com\/de\/wp-json\/wp\/v2\/types\/post"}],"author":[{"embeddable":true,"href":"https:\/\/www.sonnenseite.com\/de\/wp-json\/wp\/v2\/users\/3"}],"replies":[{"embeddable":true,"href":"https:\/\/www.sonnenseite.com\/de\/wp-json\/wp\/v2\/comments?post=116928"}],"version-history":[{"count":2,"href":"https:\/\/www.sonnenseite.com\/de\/wp-json\/wp\/v2\/posts\/116928\/revisions"}],"predecessor-version":[{"id":116930,"href":"https:\/\/www.sonnenseite.com\/de\/wp-json\/wp\/v2\/posts\/116928\/revisions\/116930"}],"wp:featuredmedia":[{"embeddable":true,"href":"https:\/\/www.sonnenseite.com\/de\/wp-json\/wp\/v2\/media\/107601"}],"wp:attachment":[{"href":"https:\/\/www.sonnenseite.com\/de\/wp-json\/wp\/v2\/media?parent=116928"}],"wp:term":[{"taxonomy":"category","embeddable":true,"href":"https:\/\/www.sonnenseite.com\/de\/wp-json\/wp\/v2\/categories?post=116928"},{"taxonomy":"post_tag","embeddable":true,"href":"https:\/\/www.sonnenseite.com\/de\/wp-json\/wp\/v2\/tags?post=116928"}],"curies":[{"name":"wp","href":"https:\/\/api.w.org\/{rel}","templated":true}]}}