{"id":116955,"date":"2026-08-27T10:32:57","date_gmt":"2026-08-27T08:32:57","guid":{"rendered":"https:\/\/www.sonnenseite.com\/?p=116955"},"modified":"2026-08-27T10:44:35","modified_gmt":"2026-08-27T08:44:35","slug":"wirtschaftslage-ist-wichtiger-als-klimawandel","status":"publish","type":"post","link":"https:\/\/www.sonnenseite.com\/de\/wirtschaft\/wirtschaftslage-ist-wichtiger-als-klimawandel\/","title":{"rendered":"Wirtschaftslage ist wichtiger als Klimawandel"},"content":{"rendered":"\n<p class=\"wp-block-paragraph\">RWI-Forscher sehen bei der deutschen Bev\u00f6lkerung eine erstmalige Verschiebung im Jahr 2025.<\/p>\n\n\n\n<p class=\"wp-block-paragraph\">F\u00fcr immer mehr Deutsche ist der Klimawandel nicht mehr das dr\u00e4ngendste gesellschaftliche Problem: Die wirtschaftliche Lage hat ihn im Jahr 2025 erstmals \u00fcberholt. Gleichzeitig ist die Zustimmung zum Ausbau der Erneuerbaren und der Stromnetze so hoch wie nie zuvor. Das zeigt eine Analyse des <a href=\"https:\/\/www.rwi-essen.de\/presse\/wissenschaftskommunikation\/pressemitteilungen\/detail\/sozialoekologisches-panel-wirtschaftliche-lage-2025-erstmals-wichtiger-als-klimawandel-zustimmung-zur-energiewende-bleibt-hoch\">RWI &#8211; Leibniz-Institut f\u00fcr Wirtschaftsforschung<\/a>.<br><br><strong>&#8222;Priorit\u00e4ten haben sich gedreht&#8220;<\/strong><br><br>&#8222;Innerhalb von nur vier Jahren haben sich die Priorit\u00e4ten der Menschen gedreht. 2021 nannten noch etwa 60 Prozent der Befragten das Thema Umwelt und Klimawandel als eines der beiden wichtigsten Probleme des Landes, 2025 sind es nur noch knapp 32 Prozent&#8220;, erl\u00e4utert RWI-Energieexperte <a href=\"https:\/\/www.rwi-essen.de\/rwi\/team\/person\/manuel-frondel\" target=\"_blank\" rel=\"noreferrer noopener\">Manuel Frondel<\/a>.<br><br><a href=\"https:\/\/idw-online.de\/de\/attachmentdata123413.png\" target=\"_blank\" rel=\"noreferrer noopener\">Im gleichen Zeitraum hat sich laut dem \u00d6konomen der Anteil derer, die die wirtschaftliche Lage als eines der beiden wichtigsten Probleme nennen, von etwa 15 auf 37,0 Prozent mehr als verdoppelt. <\/a>F\u00fcr die Politik bedeute das, baldm\u00f6glichst umfangreiche Wirtschaftsreformen zu beschlie\u00dfen.<br><br>Denn die Bereitschaft vieler Bundesb\u00fcrger, f\u00fcr den Klimaschutz Einbu\u00dfen beim Wirtschaftswachstum in Kauf zu nehmen, sinkt. Nur noch 51,8 Prozent der Befragten bef\u00fcrworten dies 2025, nach 64,7 Prozent im Jahr 2022.<br><br><strong>Wirtschaft, Klimawandel, Sicherheit<\/strong><br><br><a href=\"https:\/\/www.eon-foundation.com\/content\/dam\/eon-stiftung\/documents\/insights\/soep\/soep-2026\/soep-klimawandel-im-zeitverlauf.pdf\" target=\"_blank\" rel=\"noreferrer noopener\">W\u00e4hrend 2021 noch 59,3 Prozent den Klimawandel als eines der zwei wichtigsten Probleme sahen, waren es 2025 nur noch 31,8 Prozent. <\/a>Erstmals liegt die wirtschaftliche Lage vorn, die 37 Prozent der Befragten als eines der beiden dringendsten Probleme nennen, gefolgt vom Thema Umwelt und Klimawandel mit 31,8 Prozent.<br><br>Danach folgten die internationale Sicherheitslage mit 29,4 Prozent sowie Inflation mit 21,4 Prozent. Einwanderung lag mit 19,1 Prozent deutlich niedriger als in den beiden Vorjahren, berichtet das <a href=\"https:\/\/www.rwi-essen.de\/\" target=\"_blank\" rel=\"noreferrer noopener\">RWI<\/a>. Die abnehmende gef\u00fchlte Dringlichkeit ist dabei nicht mit wachsender Skepsis gegen\u00fcber dem Klimawandel selbst zu verwechseln.<br><br>Denn 93,9 Prozent glauben 2025 an seine Existenz, 72,4 Prozent halten ihn f\u00fcr menschengemacht. Beide Werte liegen seit Beginn der Messung im Jahr 2021 im Rahmen des <a href=\"https:\/\/www.rwi-essen.de\/projekte-1\/detail\/sozialoekologisches-panel-15\" target=\"_blank\" rel=\"noreferrer noopener\">Sozial\u00f6kologischen Panels<\/a> konstant auf hohem Niveau. Den Ausbau der Erneuerbaren bef\u00fcrworten 88,6 Prozent; den Ausbau der \u00fcberregionalen Stromnetze 88 Prozent &#8211; seit 2021 ein Plus von knapp 17 Prozentpunkten.<\/p>\n\n\n<h5 class=\"green\">Quelle<\/h5>\r\n\n\n\n<p class=\"wp-block-paragraph\">Der Bericht wurde von der\u00a0<a href=\"https:\/\/www.pressetext.com\/news\/wirtschaftslage-ist-wichtiger-als-klimawandel.html\">Redaktion &#8222;pressetext.com\u201c (Florian F\u00fcgemann) 206<\/a>\u00a0verfasst \u2013 der Artikel darf\u00a0nicht ohne\u00a0<a href=\"mailto:redaktion@pressetext.com\">Genehmigung\u00a0weiterverbreitet<\/a>\u00a0werden!\u00a0<\/p>\n<div class=\"shariff shariff-align-flex-start shariff-widget-align-flex-start\"><div class=\"ShariffHeadline\">Diese Meldung teilen<\/div><ul class=\"shariff-buttons theme-round orientation-horizontal buttonsize-medium\"><li class=\"shariff-button facebook shariff-nocustomcolor\" style=\"background-color:#4273c8;border-radius:1%\"><a href=\"https:\/\/www.facebook.com\/sharer\/sharer.php?u=https%3A%2F%2Fwww.sonnenseite.com%2Fde%2Fwirtschaft%2Fwirtschaftslage-ist-wichtiger-als-klimawandel%2F\" title=\"Bei Facebook teilen\" aria-label=\"Bei Facebook teilen\" role=\"button\" rel=\"nofollow\" class=\"shariff-link\" style=\";border-radius:1%; background-color:#3b5998; color:#fff\" target=\"_blank\"><span class=\"shariff-icon\" style=\"\"><svg width=\"32px\" height=\"20px\" xmlns=\"http:\/\/www.w3.org\/2000\/svg\" viewBox=\"0 0 18 32\"><path fill=\"#3b5998\" d=\"M17.1 0.2v4.7h-2.8q-1.5 0-2.1 0.6t-0.5 1.9v3.4h5.2l-0.7 5.3h-4.5v13.6h-5.5v-13.6h-4.5v-5.3h4.5v-3.9q0-3.3 1.9-5.2t5-1.8q2.6 0 4.1 0.2z\"\/><\/svg><\/span><\/a><\/li><li class=\"shariff-button twitter shariff-nocustomcolor\" style=\"background-color:#595959;border-radius:1%\"><a href=\"https:\/\/twitter.com\/share?url=https%3A%2F%2Fwww.sonnenseite.com%2Fde%2Fwirtschaft%2Fwirtschaftslage-ist-wichtiger-als-klimawandel%2F&text=Wirtschaftslage%20ist%20wichtiger%20als%20Klimawandel\" title=\"Bei X teilen\" aria-label=\"Bei X teilen\" role=\"button\" rel=\"noopener nofollow\" class=\"shariff-link\" style=\";border-radius:1%; background-color:#000; color:#fff\" target=\"_blank\"><span class=\"shariff-icon\" style=\"\"><svg width=\"32px\" height=\"20px\" xmlns=\"http:\/\/www.w3.org\/2000\/svg\" viewBox=\"0 0 24 24\"><path fill=\"#000\" d=\"M14.258 10.152L23.176 0h-2.113l-7.747 8.813L7.133 0H0l9.352 13.328L0 23.973h2.113l8.176-9.309 6.531 9.309h7.133zm-2.895 3.293l-.949-1.328L2.875 1.56h3.246l6.086 8.523.945 1.328 7.91 11.078h-3.246zm0 0\"\/><\/svg><\/span><\/a><\/li><li class=\"shariff-button xing shariff-nocustomcolor\" style=\"background-color:#29888a;border-radius:1%\"><a href=\"https:\/\/www.xing.com\/spi\/shares\/new?url=https%3A%2F%2Fwww.sonnenseite.com%2Fde%2Fwirtschaft%2Fwirtschaftslage-ist-wichtiger-als-klimawandel%2F\" title=\"Bei XING teilen\" aria-label=\"Bei XING teilen\" role=\"button\" rel=\"noopener nofollow\" class=\"shariff-link\" style=\";border-radius:1%; background-color:#126567; color:#fff\" target=\"_blank\"><span class=\"shariff-icon\" style=\"\"><svg width=\"32px\" height=\"20px\" xmlns=\"http:\/\/www.w3.org\/2000\/svg\" viewBox=\"0 0 25 32\"><path fill=\"#126567\" d=\"M10.7 11.9q-0.2 0.3-4.6 8.2-0.5 0.8-1.2 0.8h-4.3q-0.4 0-0.5-0.3t0-0.6l4.5-8q0 0 0 0l-2.9-5q-0.2-0.4 0-0.7 0.2-0.3 0.5-0.3h4.3q0.7 0 1.2 0.8zM25.1 0.4q0.2 0.3 0 0.7l-9.4 16.7 6 11q0.2 0.4 0 0.6-0.2 0.3-0.6 0.3h-4.3q-0.7 0-1.2-0.8l-6-11.1q0.3-0.6 9.5-16.8 0.4-0.8 1.2-0.8h4.3q0.4 0 0.5 0.3z\"\/><\/svg><\/span><\/a><\/li><li class=\"shariff-button linkedin shariff-nocustomcolor\" style=\"background-color:#1488bf;border-radius:1%\"><a href=\"https:\/\/www.linkedin.com\/sharing\/share-offsite\/?url=https%3A%2F%2Fwww.sonnenseite.com%2Fde%2Fwirtschaft%2Fwirtschaftslage-ist-wichtiger-als-klimawandel%2F\" title=\"Bei LinkedIn teilen\" aria-label=\"Bei LinkedIn teilen\" role=\"button\" rel=\"noopener nofollow\" class=\"shariff-link\" style=\";border-radius:1%; background-color:#0077b5; color:#fff\" target=\"_blank\"><span class=\"shariff-icon\" style=\"\"><svg width=\"32px\" height=\"20px\" xmlns=\"http:\/\/www.w3.org\/2000\/svg\" viewBox=\"0 0 27 32\"><path fill=\"#0077b5\" d=\"M6.2 11.2v17.7h-5.9v-17.7h5.9zM6.6 5.7q0 1.3-0.9 2.2t-2.4 0.9h0q-1.5 0-2.4-0.9t-0.9-2.2 0.9-2.2 2.4-0.9 2.4 0.9 0.9 2.2zM27.4 18.7v10.1h-5.9v-9.5q0-1.9-0.7-2.9t-2.3-1.1q-1.1 0-1.9 0.6t-1.2 1.5q-0.2 0.5-0.2 1.4v9.9h-5.9q0-7.1 0-11.6t0-5.3l0-0.9h5.9v2.6h0q0.4-0.6 0.7-1t1-0.9 1.6-0.8 2-0.3q3 0 4.9 2t1.9 6z\"\/><\/svg><\/span><\/a><\/li><li class=\"shariff-button printer shariff-nocustomcolor\" style=\"background-color:#a8a8a8;border-radius:1%\"><a href=\"javascript:window.print()\" title=\"drucken\" aria-label=\"drucken\" role=\"button\" rel=\"noopener nofollow\" class=\"shariff-link\" style=\";border-radius:1%; background-color:#999; color:#fff\"><span class=\"shariff-icon\" style=\"\"><svg width=\"32px\" height=\"20px\" xmlns=\"http:\/\/www.w3.org\/2000\/svg\" viewBox=\"0 0 30 32\"><path fill=\"#999\" d=\"M6.8 27.4h16v-4.6h-16v4.6zM6.8 16h16v-6.8h-2.8q-0.7 0-1.2-0.5t-0.5-1.2v-2.8h-11.4v11.4zM27.4 17.2q0-0.5-0.3-0.8t-0.8-0.4-0.8 0.4-0.3 0.8 0.3 0.8 0.8 0.3 0.8-0.3 0.3-0.8zM29.7 17.2v7.4q0 0.2-0.2 0.4t-0.4 0.2h-4v2.8q0 0.7-0.5 1.2t-1.2 0.5h-17.2q-0.7 0-1.2-0.5t-0.5-1.2v-2.8h-4q-0.2 0-0.4-0.2t-0.2-0.4v-7.4q0-1.4 1-2.4t2.4-1h1.2v-9.7q0-0.7 0.5-1.2t1.2-0.5h12q0.7 0 1.6 0.4t1.3 0.8l2.7 2.7q0.5 0.5 0.9 1.4t0.4 1.6v4.6h1.1q1.4 0 2.4 1t1 2.4z\"\/><\/svg><\/span><\/a><\/li><li class=\"shariff-button mailto shariff-nocustomcolor\" style=\"background-color:#a8a8a8;border-radius:1%\"><a href=\"mailto:?body=https%3A%2F%2Fwww.sonnenseite.com%2Fde%2Fwirtschaft%2Fwirtschaftslage-ist-wichtiger-als-klimawandel%2F&subject=Wirtschaftslage%20ist%20wichtiger%20als%20Klimawandel\" title=\"Per E-Mail versenden\" aria-label=\"Per E-Mail versenden\" role=\"button\" rel=\"noopener nofollow\" class=\"shariff-link\" style=\";border-radius:1%; background-color:#999; color:#fff\"><span class=\"shariff-icon\" style=\"\"><svg width=\"32px\" height=\"20px\" xmlns=\"http:\/\/www.w3.org\/2000\/svg\" viewBox=\"0 0 32 32\"><path fill=\"#999\" d=\"M32 12.7v14.2q0 1.2-0.8 2t-2 0.9h-26.3q-1.2 0-2-0.9t-0.8-2v-14.2q0.8 0.9 1.8 1.6 6.5 4.4 8.9 6.1 1 0.8 1.6 1.2t1.7 0.9 2 0.4h0.1q0.9 0 2-0.4t1.7-0.9 1.6-1.2q3-2.2 8.9-6.1 1-0.7 1.8-1.6zM32 7.4q0 1.4-0.9 2.7t-2.2 2.2q-6.7 4.7-8.4 5.8-0.2 0.1-0.7 0.5t-1 0.7-0.9 0.6-1.1 0.5-0.9 0.2h-0.1q-0.4 0-0.9-0.2t-1.1-0.5-0.9-0.6-1-0.7-0.7-0.5q-1.6-1.1-4.7-3.2t-3.6-2.6q-1.1-0.7-2.1-2t-1-2.5q0-1.4 0.7-2.3t2.1-0.9h26.3q1.2 0 2 0.8t0.9 2z\"\/><\/svg><\/span><\/a><\/li><\/ul><\/div>","protected":false},"excerpt":{"rendered":"<p>RWI-Forscher sehen bei der deutschen Bev\u00f6lkerung eine erstmalige Verschiebung im Jahr 2025. F\u00fcr immer mehr Deutsche [&hellip;]<\/p>\n","protected":false},"author":3,"featured_media":46223,"comment_status":"closed","ping_status":"closed","sticky":false,"template":"","format":"standard","meta":{"inline_featured_image":false,"footnotes":""},"categories":[24],"tags":[],"class_list":["post-116955","post","type-post","status-publish","format-standard","has-post-thumbnail","hentry","category-wirtschaft"],"yoast_head":"<!-- This site is optimized with the Yoast SEO plugin v26.5 - https:\/\/yoast.com\/wordpress\/plugins\/seo\/ -->\n<title>Wirtschaftslage ist wichtiger als Klimawandel - Sonnenseite - \u00d6kologische Kommunikation mit Franz Alt<\/title>\n<meta name=\"description\" content=\"RWI-Forscher sehen bei der deutschen Bev\u00f6lkerung eine erstmalige Verschiebung im Jahr 2025. F\u00fcr immer mehr Deutsche ist der Klimawandel nicht mehr das\" \/>\n<meta name=\"robots\" content=\"index, follow, max-snippet:-1, max-image-preview:large, max-video-preview:-1\" \/>\n<link rel=\"canonical\" href=\"https:\/\/www.sonnenseite.com\/de\/wirtschaft\/wirtschaftslage-ist-wichtiger-als-klimawandel\/\" \/>\n<meta property=\"og:locale\" content=\"de_DE\" \/>\n<meta property=\"og:type\" content=\"article\" \/>\n<meta property=\"og:title\" content=\"Wirtschaftslage ist wichtiger als Klimawandel - Sonnenseite - \u00d6kologische Kommunikation mit Franz Alt\" \/>\n<meta property=\"og:description\" content=\"RWI-Forscher sehen bei der deutschen Bev\u00f6lkerung eine erstmalige Verschiebung im Jahr 2025. F\u00fcr immer mehr Deutsche ist der Klimawandel nicht mehr das\" \/>\n<meta property=\"og:url\" content=\"https:\/\/www.sonnenseite.com\/de\/wirtschaft\/wirtschaftslage-ist-wichtiger-als-klimawandel\/\" \/>\n<meta property=\"og:site_name\" content=\"Sonnenseite\" \/>\n<meta property=\"article:publisher\" content=\"https:\/\/www.facebook.com\/pages\/Franz-Alt-SONNENSEITECOM\/221072987903953?fref=ts\" \/>\n<meta property=\"article:published_time\" content=\"2026-08-27T08:32:57+00:00\" \/>\n<meta property=\"article:modified_time\" content=\"2026-08-27T08:44:35+00:00\" \/>\n<meta property=\"og:image\" content=\"https:\/\/www.sonnenseite.com\/wp-content\/uploads\/2015\/03\/industrie_rauch_Hans.jpg\" \/>\n\t<meta property=\"og:image:width\" content=\"770\" \/>\n\t<meta property=\"og:image:height\" content=\"420\" \/>\n\t<meta property=\"og:image:type\" content=\"image\/jpeg\" \/>\n<meta name=\"author\" content=\"Bigi Alt\" \/>\n<meta name=\"twitter:card\" content=\"summary_large_image\" \/>\n<meta name=\"twitter:creator\" content=\"@franzalt\" \/>\n<meta name=\"twitter:site\" content=\"@franzalt\" \/>\n<meta name=\"twitter:label1\" content=\"Verfasst von\" \/>\n\t<meta name=\"twitter:data1\" content=\"Bigi Alt\" \/>\n\t<meta name=\"twitter:label2\" content=\"Gesch\u00e4tzte Lesezeit\" \/>\n\t<meta name=\"twitter:data2\" content=\"3\u00a0Minuten\" \/>\n<script type=\"application\/ld+json\" class=\"yoast-schema-graph\">{\"@context\":\"https:\/\/schema.org\",\"@graph\":[{\"@type\":\"Article\",\"@id\":\"https:\/\/www.sonnenseite.com\/de\/wirtschaft\/wirtschaftslage-ist-wichtiger-als-klimawandel\/#article\",\"isPartOf\":{\"@id\":\"https:\/\/www.sonnenseite.com\/de\/wirtschaft\/wirtschaftslage-ist-wichtiger-als-klimawandel\/\"},\"author\":{\"name\":\"Bigi Alt\",\"@id\":\"https:\/\/www.sonnenseite.com\/de\/#\/schema\/person\/50fda0e926597684c7cc6695238a4eb9\"},\"headline\":\"Wirtschaftslage ist wichtiger als Klimawandel\",\"datePublished\":\"2026-08-27T08:32:57+00:00\",\"dateModified\":\"2026-08-27T08:44:35+00:00\",\"mainEntityOfPage\":{\"@id\":\"https:\/\/www.sonnenseite.com\/de\/wirtschaft\/wirtschaftslage-ist-wichtiger-als-klimawandel\/\"},\"wordCount\":349,\"publisher\":{\"@id\":\"https:\/\/www.sonnenseite.com\/de\/#organization\"},\"image\":{\"@id\":\"https:\/\/www.sonnenseite.com\/de\/wirtschaft\/wirtschaftslage-ist-wichtiger-als-klimawandel\/#primaryimage\"},\"thumbnailUrl\":\"https:\/\/www.sonnenseite.com\/wp-content\/uploads\/2015\/03\/industrie_rauch_Hans.jpg\",\"articleSection\":[\"Wirtschaft\"],\"inLanguage\":\"de\"},{\"@type\":\"WebPage\",\"@id\":\"https:\/\/www.sonnenseite.com\/de\/wirtschaft\/wirtschaftslage-ist-wichtiger-als-klimawandel\/\",\"url\":\"https:\/\/www.sonnenseite.com\/de\/wirtschaft\/wirtschaftslage-ist-wichtiger-als-klimawandel\/\",\"name\":\"Wirtschaftslage ist wichtiger als Klimawandel - Sonnenseite - \u00d6kologische Kommunikation mit Franz Alt\",\"isPartOf\":{\"@id\":\"https:\/\/www.sonnenseite.com\/de\/#website\"},\"primaryImageOfPage\":{\"@id\":\"https:\/\/www.sonnenseite.com\/de\/wirtschaft\/wirtschaftslage-ist-wichtiger-als-klimawandel\/#primaryimage\"},\"image\":{\"@id\":\"https:\/\/www.sonnenseite.com\/de\/wirtschaft\/wirtschaftslage-ist-wichtiger-als-klimawandel\/#primaryimage\"},\"thumbnailUrl\":\"https:\/\/www.sonnenseite.com\/wp-content\/uploads\/2015\/03\/industrie_rauch_Hans.jpg\",\"datePublished\":\"2026-08-27T08:32:57+00:00\",\"dateModified\":\"2026-08-27T08:44:35+00:00\",\"description\":\"RWI-Forscher sehen bei der deutschen Bev\u00f6lkerung eine erstmalige Verschiebung im Jahr 2025. F\u00fcr immer mehr Deutsche ist der Klimawandel nicht mehr das\",\"breadcrumb\":{\"@id\":\"https:\/\/www.sonnenseite.com\/de\/wirtschaft\/wirtschaftslage-ist-wichtiger-als-klimawandel\/#breadcrumb\"},\"inLanguage\":\"de\",\"potentialAction\":[{\"@type\":\"ReadAction\",\"target\":[\"https:\/\/www.sonnenseite.com\/de\/wirtschaft\/wirtschaftslage-ist-wichtiger-als-klimawandel\/\"]}]},{\"@type\":\"ImageObject\",\"inLanguage\":\"de\",\"@id\":\"https:\/\/www.sonnenseite.com\/de\/wirtschaft\/wirtschaftslage-ist-wichtiger-als-klimawandel\/#primaryimage\",\"url\":\"https:\/\/www.sonnenseite.com\/wp-content\/uploads\/2015\/03\/industrie_rauch_Hans.jpg\",\"contentUrl\":\"https:\/\/www.sonnenseite.com\/wp-content\/uploads\/2015\/03\/industrie_rauch_Hans.jpg\",\"width\":770,\"height\":420,\"caption\":\"pixabay.com | Hans | Rauchende Schlote: Wirtschaft f\u00fcr viele wichtiger als Klimawandel\"},{\"@type\":\"BreadcrumbList\",\"@id\":\"https:\/\/www.sonnenseite.com\/de\/wirtschaft\/wirtschaftslage-ist-wichtiger-als-klimawandel\/#breadcrumb\",\"itemListElement\":[{\"@type\":\"ListItem\",\"position\":1,\"name\":\"Startseite\",\"item\":\"https:\/\/www.sonnenseite.com\/de\/\"},{\"@type\":\"ListItem\",\"position\":2,\"name\":\"Wirtschaftslage ist wichtiger als Klimawandel\"}]},{\"@type\":\"WebSite\",\"@id\":\"https:\/\/www.sonnenseite.com\/de\/#website\",\"url\":\"https:\/\/www.sonnenseite.com\/de\/\",\"name\":\"Sonnenseite\",\"description\":\"\u00d6kologische Kommunikation mit Franz Alt\",\"publisher\":{\"@id\":\"https:\/\/www.sonnenseite.com\/de\/#organization\"},\"potentialAction\":[{\"@type\":\"SearchAction\",\"target\":{\"@type\":\"EntryPoint\",\"urlTemplate\":\"https:\/\/www.sonnenseite.com\/de\/?s={search_term_string}\"},\"query-input\":{\"@type\":\"PropertyValueSpecification\",\"valueRequired\":true,\"valueName\":\"search_term_string\"}}],\"inLanguage\":\"de\"},{\"@type\":\"Organization\",\"@id\":\"https:\/\/www.sonnenseite.com\/de\/#organization\",\"name\":\"Sonnenseite\",\"url\":\"https:\/\/www.sonnenseite.com\/de\/\",\"logo\":{\"@type\":\"ImageObject\",\"inLanguage\":\"de\",\"@id\":\"https:\/\/www.sonnenseite.com\/de\/#\/schema\/logo\/image\/\",\"url\":\"https:\/\/www.sonnenseite.com\/wp-content\/uploads\/2020\/05\/Sonnenseite_Logo.png\",\"contentUrl\":\"https:\/\/www.sonnenseite.com\/wp-content\/uploads\/2020\/05\/Sonnenseite_Logo.png\",\"width\":377,\"height\":90,\"caption\":\"Sonnenseite\"},\"image\":{\"@id\":\"https:\/\/www.sonnenseite.com\/de\/#\/schema\/logo\/image\/\"},\"sameAs\":[\"https:\/\/www.facebook.com\/pages\/Franz-Alt-SONNENSEITECOM\/221072987903953?fref=ts\",\"https:\/\/x.com\/franzalt\",\"http:\/\/www.youtube.com\/results?search_query&amp;amp;quot;franz_alt&amp;amp;quot;&amp;amp;amp;amp;search_type&amp;amp;amp;amp;aq=f\"]},{\"@type\":\"Person\",\"@id\":\"https:\/\/www.sonnenseite.com\/de\/#\/schema\/person\/50fda0e926597684c7cc6695238a4eb9\",\"name\":\"Bigi Alt\"}]}<\/script>\n<!-- \/ Yoast SEO plugin. -->","yoast_head_json":{"title":"Wirtschaftslage ist wichtiger als Klimawandel - Sonnenseite - \u00d6kologische Kommunikation mit Franz Alt","description":"RWI-Forscher sehen bei der deutschen Bev\u00f6lkerung eine erstmalige Verschiebung im Jahr 2025. F\u00fcr immer mehr Deutsche ist der Klimawandel nicht mehr das","robots":{"index":"index","follow":"follow","max-snippet":"max-snippet:-1","max-image-preview":"max-image-preview:large","max-video-preview":"max-video-preview:-1"},"canonical":"https:\/\/www.sonnenseite.com\/de\/wirtschaft\/wirtschaftslage-ist-wichtiger-als-klimawandel\/","og_locale":"de_DE","og_type":"article","og_title":"Wirtschaftslage ist wichtiger als Klimawandel - Sonnenseite - \u00d6kologische Kommunikation mit Franz Alt","og_description":"RWI-Forscher sehen bei der deutschen Bev\u00f6lkerung eine erstmalige Verschiebung im Jahr 2025. F\u00fcr immer mehr Deutsche ist der Klimawandel nicht mehr das","og_url":"https:\/\/www.sonnenseite.com\/de\/wirtschaft\/wirtschaftslage-ist-wichtiger-als-klimawandel\/","og_site_name":"Sonnenseite","article_publisher":"https:\/\/www.facebook.com\/pages\/Franz-Alt-SONNENSEITECOM\/221072987903953?fref=ts","article_published_time":"2026-08-27T08:32:57+00:00","article_modified_time":"2026-08-27T08:44:35+00:00","og_image":[{"width":770,"height":420,"url":"https:\/\/www.sonnenseite.com\/wp-content\/uploads\/2015\/03\/industrie_rauch_Hans.jpg","type":"image\/jpeg"}],"author":"Bigi Alt","twitter_card":"summary_large_image","twitter_creator":"@franzalt","twitter_site":"@franzalt","twitter_misc":{"Verfasst von":"Bigi Alt","Gesch\u00e4tzte Lesezeit":"3\u00a0Minuten"},"schema":{"@context":"https:\/\/schema.org","@graph":[{"@type":"Article","@id":"https:\/\/www.sonnenseite.com\/de\/wirtschaft\/wirtschaftslage-ist-wichtiger-als-klimawandel\/#article","isPartOf":{"@id":"https:\/\/www.sonnenseite.com\/de\/wirtschaft\/wirtschaftslage-ist-wichtiger-als-klimawandel\/"},"author":{"name":"Bigi Alt","@id":"https:\/\/www.sonnenseite.com\/de\/#\/schema\/person\/50fda0e926597684c7cc6695238a4eb9"},"headline":"Wirtschaftslage ist wichtiger als Klimawandel","datePublished":"2026-08-27T08:32:57+00:00","dateModified":"2026-08-27T08:44:35+00:00","mainEntityOfPage":{"@id":"https:\/\/www.sonnenseite.com\/de\/wirtschaft\/wirtschaftslage-ist-wichtiger-als-klimawandel\/"},"wordCount":349,"publisher":{"@id":"https:\/\/www.sonnenseite.com\/de\/#organization"},"image":{"@id":"https:\/\/www.sonnenseite.com\/de\/wirtschaft\/wirtschaftslage-ist-wichtiger-als-klimawandel\/#primaryimage"},"thumbnailUrl":"https:\/\/www.sonnenseite.com\/wp-content\/uploads\/2015\/03\/industrie_rauch_Hans.jpg","articleSection":["Wirtschaft"],"inLanguage":"de"},{"@type":"WebPage","@id":"https:\/\/www.sonnenseite.com\/de\/wirtschaft\/wirtschaftslage-ist-wichtiger-als-klimawandel\/","url":"https:\/\/www.sonnenseite.com\/de\/wirtschaft\/wirtschaftslage-ist-wichtiger-als-klimawandel\/","name":"Wirtschaftslage ist wichtiger als Klimawandel - Sonnenseite - \u00d6kologische Kommunikation mit Franz Alt","isPartOf":{"@id":"https:\/\/www.sonnenseite.com\/de\/#website"},"primaryImageOfPage":{"@id":"https:\/\/www.sonnenseite.com\/de\/wirtschaft\/wirtschaftslage-ist-wichtiger-als-klimawandel\/#primaryimage"},"image":{"@id":"https:\/\/www.sonnenseite.com\/de\/wirtschaft\/wirtschaftslage-ist-wichtiger-als-klimawandel\/#primaryimage"},"thumbnailUrl":"https:\/\/www.sonnenseite.com\/wp-content\/uploads\/2015\/03\/industrie_rauch_Hans.jpg","datePublished":"2026-08-27T08:32:57+00:00","dateModified":"2026-08-27T08:44:35+00:00","description":"RWI-Forscher sehen bei der deutschen Bev\u00f6lkerung eine erstmalige Verschiebung im Jahr 2025. F\u00fcr immer mehr Deutsche ist der Klimawandel nicht mehr das","breadcrumb":{"@id":"https:\/\/www.sonnenseite.com\/de\/wirtschaft\/wirtschaftslage-ist-wichtiger-als-klimawandel\/#breadcrumb"},"inLanguage":"de","potentialAction":[{"@type":"ReadAction","target":["https:\/\/www.sonnenseite.com\/de\/wirtschaft\/wirtschaftslage-ist-wichtiger-als-klimawandel\/"]}]},{"@type":"ImageObject","inLanguage":"de","@id":"https:\/\/www.sonnenseite.com\/de\/wirtschaft\/wirtschaftslage-ist-wichtiger-als-klimawandel\/#primaryimage","url":"https:\/\/www.sonnenseite.com\/wp-content\/uploads\/2015\/03\/industrie_rauch_Hans.jpg","contentUrl":"https:\/\/www.sonnenseite.com\/wp-content\/uploads\/2015\/03\/industrie_rauch_Hans.jpg","width":770,"height":420,"caption":"pixabay.com | Hans | Rauchende Schlote: Wirtschaft f\u00fcr viele wichtiger als Klimawandel"},{"@type":"BreadcrumbList","@id":"https:\/\/www.sonnenseite.com\/de\/wirtschaft\/wirtschaftslage-ist-wichtiger-als-klimawandel\/#breadcrumb","itemListElement":[{"@type":"ListItem","position":1,"name":"Startseite","item":"https:\/\/www.sonnenseite.com\/de\/"},{"@type":"ListItem","position":2,"name":"Wirtschaftslage ist wichtiger als Klimawandel"}]},{"@type":"WebSite","@id":"https:\/\/www.sonnenseite.com\/de\/#website","url":"https:\/\/www.sonnenseite.com\/de\/","name":"Sonnenseite","description":"\u00d6kologische Kommunikation mit Franz Alt","publisher":{"@id":"https:\/\/www.sonnenseite.com\/de\/#organization"},"potentialAction":[{"@type":"SearchAction","target":{"@type":"EntryPoint","urlTemplate":"https:\/\/www.sonnenseite.com\/de\/?s={search_term_string}"},"query-input":{"@type":"PropertyValueSpecification","valueRequired":true,"valueName":"search_term_string"}}],"inLanguage":"de"},{"@type":"Organization","@id":"https:\/\/www.sonnenseite.com\/de\/#organization","name":"Sonnenseite","url":"https:\/\/www.sonnenseite.com\/de\/","logo":{"@type":"ImageObject","inLanguage":"de","@id":"https:\/\/www.sonnenseite.com\/de\/#\/schema\/logo\/image\/","url":"https:\/\/www.sonnenseite.com\/wp-content\/uploads\/2020\/05\/Sonnenseite_Logo.png","contentUrl":"https:\/\/www.sonnenseite.com\/wp-content\/uploads\/2020\/05\/Sonnenseite_Logo.png","width":377,"height":90,"caption":"Sonnenseite"},"image":{"@id":"https:\/\/www.sonnenseite.com\/de\/#\/schema\/logo\/image\/"},"sameAs":["https:\/\/www.facebook.com\/pages\/Franz-Alt-SONNENSEITECOM\/221072987903953?fref=ts","https:\/\/x.com\/franzalt","http:\/\/www.youtube.com\/results?search_query&amp;amp;quot;franz_alt&amp;amp;quot;&amp;amp;amp;amp;search_type&amp;amp;amp;amp;aq=f"]},{"@type":"Person","@id":"https:\/\/www.sonnenseite.com\/de\/#\/schema\/person\/50fda0e926597684c7cc6695238a4eb9","name":"Bigi Alt"}]}},"_links":{"self":[{"href":"https:\/\/www.sonnenseite.com\/de\/wp-json\/wp\/v2\/posts\/116955","targetHints":{"allow":["GET"]}}],"collection":[{"href":"https:\/\/www.sonnenseite.com\/de\/wp-json\/wp\/v2\/posts"}],"about":[{"href":"https:\/\/www.sonnenseite.com\/de\/wp-json\/wp\/v2\/types\/post"}],"author":[{"embeddable":true,"href":"https:\/\/www.sonnenseite.com\/de\/wp-json\/wp\/v2\/users\/3"}],"replies":[{"embeddable":true,"href":"https:\/\/www.sonnenseite.com\/de\/wp-json\/wp\/v2\/comments?post=116955"}],"version-history":[{"count":2,"href":"https:\/\/www.sonnenseite.com\/de\/wp-json\/wp\/v2\/posts\/116955\/revisions"}],"predecessor-version":[{"id":116957,"href":"https:\/\/www.sonnenseite.com\/de\/wp-json\/wp\/v2\/posts\/116955\/revisions\/116957"}],"wp:featuredmedia":[{"embeddable":true,"href":"https:\/\/www.sonnenseite.com\/de\/wp-json\/wp\/v2\/media\/46223"}],"wp:attachment":[{"href":"https:\/\/www.sonnenseite.com\/de\/wp-json\/wp\/v2\/media?parent=116955"}],"wp:term":[{"taxonomy":"category","embeddable":true,"href":"https:\/\/www.sonnenseite.com\/de\/wp-json\/wp\/v2\/categories?post=116955"},{"taxonomy":"post_tag","embeddable":true,"href":"https:\/\/www.sonnenseite.com\/de\/wp-json\/wp\/v2\/tags?post=116955"}],"curies":[{"name":"wp","href":"https:\/\/api.w.org\/{rel}","templated":true}]}}