{"id":15416,"date":"2018-09-15T00:14:00","date_gmt":"2018-09-14T22:14:00","guid":{"rendered":"https:\/\/www.sonnenseite.com\/wissenschaft\/kuestenerosion-in-der-arktis-verstaerkt-die-globale-erwaermung.html"},"modified":"2018-09-15T00:14:00","modified_gmt":"2018-09-14T22:14:00","slug":"kuestenerosion-in-der-arktis-verstaerkt-die-globale-erwaermung","status":"publish","type":"post","link":"https:\/\/www.sonnenseite.com\/de\/wissenschaft\/kuestenerosion-in-der-arktis-verstaerkt-die-globale-erwaermung\/","title":{"rendered":"K\u00fcstenerosion in der Arktis verst\u00e4rkt die globale Erw\u00e4rmung"},"content":{"rendered":"<p>Der Verlust arktischer Permafrostb&ouml;den durch die Erosion der K&uuml;ste k&ouml;nnte k&uuml;nftig zu einer Verst&auml;rkung des Treibhauseffekts f&uuml;hren.<\/p>\n<p> <!--more--> <\/p>\n<p>Das zeigen Untersuchungen von Sedimentproben aus dem ochotskischen Meer an der Ostk&uuml;ste Russlands, die AWI-Wissenschaftler analysiert haben. Ein Verlust von Permafrostb&ouml;den in dieser Region f&uuml;hrte zum Ende der letzten Eiszeit gleich mehrfach zu einer pl&ouml;tzlichen Zunahme der Kohlendioxidkonzentration in der Atmosph&auml;re.<\/p>\n<p>Heute wei&szlig; niemand genau, wie stark die Treibhausgaskonzentrationen in Zukunft noch steigen werden. Das liegt auch daran, dass Kohlendioxid nicht allein vom Menschen durch die Verbrennung von Gas, Kohle und &Ouml;l freigesetzt wird, sondern dass Treibhausgase auch durch andere Umweltprozesse in die Atmosph&auml;re gelangen k&ouml;nnten. Gef&uuml;rchtet wird besonders die sich selbst verst&auml;rkende Wechselwirkung von Erw&auml;rmung und Freisetzung immer weiterer Mengen an Kohlendioxid aus nat&uuml;rlichen Quellen. Um besser absch&auml;tzen zu k&ouml;nnen, ob und wie solche Entwicklungen tats&auml;chlich m&ouml;glich sind, schauen Klimawissenschaftler in die Vergangenheit, um Spuren solcher Ereignisse zu finden.<\/p>\n<p>Wissenschaftlerinnen und Wissenschaftlern des Alfred-Wegener-Instituts, Helmholtz-Zentrum f&uuml;r Polar- und Meeresforschung (AWI) ist es jetzt gelungen gemeinsam mit Kollegen aus Kopenhagen und Z&uuml;rich ein solches Ph&auml;nomen f&uuml;r die arktischen Permafrostb&ouml;den nachzuweisen. Wie die Autoren im Journal Nature Communications schreiben, konnten sie durch Untersuchungen vor der K&uuml;ste des Ochotskischen Meeres im Osten Russlands nachweisen, dass vor mehreren Tausend Jahren aus Permafrostb&ouml;den in der K&uuml;stenregion gro&szlig;e Mengen an Kohlendioxid freigesetzt wurden &ndash; und dass die Ursache daf&uuml;r der Meeresspiegelanstieg gewesen ist. Beim Permafrost handelt es sich um B&ouml;den, die ganzj&auml;hrig bis zu mehrere Hundert Meter tief gefroren sind, einige davon seit der letzten Eiszeit vor rund 20.000 Jahren oder sogar noch l&auml;nger. Diese B&ouml;den konservieren wie eine K&uuml;hltruhe riesige Mengen abgestorbener Biomasse, vor allem aus Pflanzen. Taut der Permafrost auf, werden Bakterien aktiv, die die uralte Biomasse abbauen und durch ihren Stoffwechsel die Treibhausgase Kohlendioxid und Methan freisetzen.<\/p>\n<div>\n<div class=\"ce-textpic ce-right ce-intext\">\n<div class=\"ce-bodytext\">\n<p>Bekannt ist heute, dass es vor rund 11.500, 14.600 und 16.500  Jahren jeweils zu einem deutlichen und raschen Anstieg der  Kohlendioxidkonzentration in der Atmosph&auml;re kam. Die Ursachen f&uuml;r die  drei schnellen Schwankungen sind bisher kaum verstanden. Um nach diesen  Ursachen zu fahnden, machten sich die Wissenschaftler um die  AWI-Geologinnen Dr. Maria Winterfeld und Prof. Dr. Gesine Mollenhauer  auf ins Ochotskische Meer. &bdquo;Urspr&uuml;nglich hatten wir angenommen, dass  damals der riesige Fluss Amur sehr gro&szlig;e Mengen pflanzlichen Materials  aus dem Hinterland ins Meer getragen hat, das im Wasser von  Mikroorganismen zu Kohlendioxid abgebaut worden ist. Wir haben daher  Sedimentproben am Grunde des Ochotskischen Meeres genommen und diese  untersucht.&ldquo; Die Ergebnisse waren &uuml;berraschend. Tats&auml;chlich konnten die  Forscher tief in den Sedimenten Nachweise auf pflanzliche &Uuml;berreste  finden, die sich am Grunde des Meeres abgelagert haben. Diese &nbsp;waren  viele Tausend Jahre &auml;lter als die Ablagerungen in der Umgebung. &bdquo;Damit  war klar, dass sie aus sehr altem Permafrostboden stammen mussten, der  aus irgendeinem Grund pl&ouml;tzlich aufgetaut war. Besonders viele dieser  alten Pflanzenreste wurden vor 11.500, 14.600 und 16.500 Jahren ins Meer  gesp&uuml;lt. Der Amur jedoch zeigte zu diesen Zeiten keine deutlich  erh&ouml;hten Abflussraten.&ldquo;  <\/p>\n<p>Gesine Mollenhauer und ihr Team fanden die L&ouml;sung beim Blick auf die  Ver&auml;nderung des Meeresspiegels seit der letzten Eiszeit. Insbesondere  vor rund 11.500 und 14.600 Jahren kam es durch gr&ouml;&szlig;eres Abschmelzen der  gro&szlig;en Eisschilde an Land zu sogenannten Schmelzwasserpulsen. Zu dieser  Zeit stieg der Meeresspiegel innerhalb weniger Jahrhunderte um je bis zu  20 Meter an. &bdquo;Wir gehen davon aus, dass dadurch die Permafrostk&uuml;sten am  Ochotskischen Meer und rund um den Nordpazifik sehr stark abgetragen  wurden. Ein Ph&auml;nomen, das wir auch heute in der Arktis beobachten.&ldquo;  Damit gelangten gro&szlig;e Mengen Jahrtausende alter Pflanzenreste ins Meer,  die teilweise von Bakterien zu Kohlendioxid abgebaut wurden oder sich am  Boden des Meeres ablagerten.  <\/p>\n<p>Um herauszufinden, ob ein solcher Abtrag von Permafrost tats&auml;chlich  wesentlich zu einem Anstieg der globalen Kohlendioxidkonzentration  beigetragen haben k&ouml;nnte, simulierte ihr AWI-Kollege Dr. Peter K&ouml;hler  mithilfe eines Computermodells des globalen Kohlenstoffkreislaufes die  Situation. Er sch&auml;tzte die wahrscheinliche Gr&ouml;&szlig;e der Permafrostfl&auml;che  ab, die damals ans Meer verloren ging, und erhielt so Zahlen &uuml;ber die  Menge an Kohlendioxid, die seinerzeit mutma&szlig;lich freigesetzt wurde. Die  Ergebnisse lassen aufhorchen. Vor 11.500 und vor 14.600 Jahren d&uuml;rfte  der Abtrag an arktischem Permafrost rund 50 Prozent zur  Kohlendioxidzunahme beigetragen haben, vor 16.500 Jahren immerhin zu  einem Viertel. <\/p>\n<p>Damit hat das AWI-Team einen Prozess aufgedeckt, der k&uuml;nftig  tats&auml;chlich Realit&auml;t werden k&ouml;nnte. Schon heute bricht die  Permafrostk&uuml;ste in der Arktis immer st&auml;rker ab, weil es dort immer  w&auml;rmer wird &ndash; an manchen Stellen zieht sich die K&uuml;ste 20 Meter pro Jahr  ins Inland zur&uuml;ck. Gesine Mollenhauer: &bdquo;Diese K&uuml;stenerosion ist nach  dem, was wir jetzt herausgefunden haben, eine nennenswerte Gr&ouml;&szlig;e, die in  Klimamodellen bislang aber nicht ausreichend ber&uuml;cksichtigt ist. Solche  Effekte sollten k&uuml;nftig unbedingt in die Modelle einflie&szlig;en.&ldquo;<\/p>\n<\/p><\/div>\n<\/p><\/div>\n<\/p><\/div>\n<div>\n<ul>\n<li>Maria Winterfeld, Gesine Mollenhauer, Wolf Dummann, Peter  K&ouml;hler, Lester Lembke-Jene, Vera D. Meyer, Jens Hefter, Cameron  McIntyre, Lukas Wacker, Ulla Kokfelt, Ralf Tiedemann: Deglacial  mobilization of pre-aged terrestrial carbon from degrading permafrost.  Nature Communications (2018), <a class=\"external-link-new-window\" href=\"https:\/\/www.nature.com\/articles\/s41467-018-06080-w\" target=\"_blank\" rel=\"noopener noreferrer\">DOI: 10.1038\/s41467-018-06080-w<\/a>.&nbsp; &nbsp;<\/li>\n<\/ul><\/div>\n<div class=\"article-images\"><img loading=\"lazy\" decoding=\"async\" width=\"640\" height=\"349\" src=\"https:\/\/www.sonnenseite.com\/wp-content\/uploads\/2018\/09\/AWI_Herschel_Island_BRadosavljevic.jpg\" class=\"alignleft\" alt=\"Alfred-Wegener-Institut | Boris Radosavljevic | Coastal erosion leads to export of carbon from land to the sea.\" srcset=\"https:\/\/www.sonnenseite.com\/wp-content\/uploads\/2018\/09\/AWI_Herschel_Island_BRadosavljevic.jpg 770w, https:\/\/www.sonnenseite.com\/wp-content\/uploads\/2018\/09\/AWI_Herschel_Island_BRadosavljevic-300x164.jpg 300w, https:\/\/www.sonnenseite.com\/wp-content\/uploads\/2018\/09\/AWI_Herschel_Island_BRadosavljevic-768x419.jpg 768w\" sizes=\"auto, (max-width: 640px) 100vw, 640px\" \/><img loading=\"lazy\" decoding=\"async\" width=\"640\" height=\"349\" src=\"https:\/\/www.sonnenseite.com\/wp-content\/uploads\/2018\/09\/AWI_BykovskyPeninsula_GGrosse.jpg\" class=\"alignleft\" alt=\"Alfred-Wegener-Institut | Guido Grosse | AWI-Permafrostforscher untersuchen die erodierende Permafrost-K&uuml;ste auf der sibirischen Bykovsky-Halbinsel.\" srcset=\"https:\/\/www.sonnenseite.com\/wp-content\/uploads\/2018\/09\/AWI_BykovskyPeninsula_GGrosse.jpg 770w, https:\/\/www.sonnenseite.com\/wp-content\/uploads\/2018\/09\/AWI_BykovskyPeninsula_GGrosse-300x164.jpg 300w, https:\/\/www.sonnenseite.com\/wp-content\/uploads\/2018\/09\/AWI_BykovskyPeninsula_GGrosse-768x419.jpg 768w\" sizes=\"auto, (max-width: 640px) 100vw, 640px\" \/><\/div>\n<h5 class=\"green\">Quelle<\/h5>\n<p><a href=\"http:\/\/www.awi.de\" target=\"_blank\" rel=\"noopener noreferrer\">Alfred-Wegener-Institut, Helmholtz-Zentrum f&uuml;r Polar- und Meeresforschung (AWI) 2018<\/a><\/p>\n<div class=\"shariff shariff-align-flex-start shariff-widget-align-flex-start\"><div class=\"ShariffHeadline\">Diese Meldung teilen<\/div><ul class=\"shariff-buttons theme-round orientation-horizontal buttonsize-medium\"><li class=\"shariff-button facebook shariff-nocustomcolor\" style=\"background-color:#4273c8;border-radius:1%\"><a href=\"https:\/\/www.facebook.com\/sharer\/sharer.php?u=https%3A%2F%2Fwww.sonnenseite.com%2Fde%2Fwissenschaft%2Fkuestenerosion-in-der-arktis-verstaerkt-die-globale-erwaermung%2F\" title=\"Bei Facebook teilen\" aria-label=\"Bei Facebook teilen\" role=\"button\" rel=\"nofollow\" class=\"shariff-link\" style=\";border-radius:1%; background-color:#3b5998; color:#fff\" target=\"_blank\"><span class=\"shariff-icon\" style=\"\"><svg width=\"32px\" height=\"20px\" xmlns=\"http:\/\/www.w3.org\/2000\/svg\" viewBox=\"0 0 18 32\"><path fill=\"#3b5998\" d=\"M17.1 0.2v4.7h-2.8q-1.5 0-2.1 0.6t-0.5 1.9v3.4h5.2l-0.7 5.3h-4.5v13.6h-5.5v-13.6h-4.5v-5.3h4.5v-3.9q0-3.3 1.9-5.2t5-1.8q2.6 0 4.1 0.2z\"\/><\/svg><\/span><\/a><\/li><li class=\"shariff-button twitter shariff-nocustomcolor\" style=\"background-color:#595959;border-radius:1%\"><a href=\"https:\/\/twitter.com\/share?url=https%3A%2F%2Fwww.sonnenseite.com%2Fde%2Fwissenschaft%2Fkuestenerosion-in-der-arktis-verstaerkt-die-globale-erwaermung%2F&text=K%C3%BCstenerosion%20in%20der%20Arktis%20verst%C3%A4rkt%20die%20globale%20Erw%C3%A4rmung\" title=\"Bei X teilen\" aria-label=\"Bei X teilen\" role=\"button\" rel=\"noopener nofollow\" class=\"shariff-link\" style=\";border-radius:1%; background-color:#000; color:#fff\" target=\"_blank\"><span class=\"shariff-icon\" style=\"\"><svg width=\"32px\" height=\"20px\" xmlns=\"http:\/\/www.w3.org\/2000\/svg\" viewBox=\"0 0 24 24\"><path fill=\"#000\" d=\"M14.258 10.152L23.176 0h-2.113l-7.747 8.813L7.133 0H0l9.352 13.328L0 23.973h2.113l8.176-9.309 6.531 9.309h7.133zm-2.895 3.293l-.949-1.328L2.875 1.56h3.246l6.086 8.523.945 1.328 7.91 11.078h-3.246zm0 0\"\/><\/svg><\/span><\/a><\/li><li class=\"shariff-button xing shariff-nocustomcolor\" style=\"background-color:#29888a;border-radius:1%\"><a href=\"https:\/\/www.xing.com\/spi\/shares\/new?url=https%3A%2F%2Fwww.sonnenseite.com%2Fde%2Fwissenschaft%2Fkuestenerosion-in-der-arktis-verstaerkt-die-globale-erwaermung%2F\" title=\"Bei XING teilen\" aria-label=\"Bei XING teilen\" role=\"button\" rel=\"noopener nofollow\" class=\"shariff-link\" style=\";border-radius:1%; background-color:#126567; color:#fff\" target=\"_blank\"><span class=\"shariff-icon\" style=\"\"><svg width=\"32px\" height=\"20px\" xmlns=\"http:\/\/www.w3.org\/2000\/svg\" viewBox=\"0 0 25 32\"><path fill=\"#126567\" d=\"M10.7 11.9q-0.2 0.3-4.6 8.2-0.5 0.8-1.2 0.8h-4.3q-0.4 0-0.5-0.3t0-0.6l4.5-8q0 0 0 0l-2.9-5q-0.2-0.4 0-0.7 0.2-0.3 0.5-0.3h4.3q0.7 0 1.2 0.8zM25.1 0.4q0.2 0.3 0 0.7l-9.4 16.7 6 11q0.2 0.4 0 0.6-0.2 0.3-0.6 0.3h-4.3q-0.7 0-1.2-0.8l-6-11.1q0.3-0.6 9.5-16.8 0.4-0.8 1.2-0.8h4.3q0.4 0 0.5 0.3z\"\/><\/svg><\/span><\/a><\/li><li class=\"shariff-button linkedin shariff-nocustomcolor\" style=\"background-color:#1488bf;border-radius:1%\"><a href=\"https:\/\/www.linkedin.com\/sharing\/share-offsite\/?url=https%3A%2F%2Fwww.sonnenseite.com%2Fde%2Fwissenschaft%2Fkuestenerosion-in-der-arktis-verstaerkt-die-globale-erwaermung%2F\" title=\"Bei LinkedIn teilen\" aria-label=\"Bei LinkedIn teilen\" role=\"button\" rel=\"noopener nofollow\" class=\"shariff-link\" style=\";border-radius:1%; background-color:#0077b5; color:#fff\" target=\"_blank\"><span class=\"shariff-icon\" style=\"\"><svg width=\"32px\" height=\"20px\" xmlns=\"http:\/\/www.w3.org\/2000\/svg\" viewBox=\"0 0 27 32\"><path fill=\"#0077b5\" d=\"M6.2 11.2v17.7h-5.9v-17.7h5.9zM6.6 5.7q0 1.3-0.9 2.2t-2.4 0.9h0q-1.5 0-2.4-0.9t-0.9-2.2 0.9-2.2 2.4-0.9 2.4 0.9 0.9 2.2zM27.4 18.7v10.1h-5.9v-9.5q0-1.9-0.7-2.9t-2.3-1.1q-1.1 0-1.9 0.6t-1.2 1.5q-0.2 0.5-0.2 1.4v9.9h-5.9q0-7.1 0-11.6t0-5.3l0-0.9h5.9v2.6h0q0.4-0.6 0.7-1t1-0.9 1.6-0.8 2-0.3q3 0 4.9 2t1.9 6z\"\/><\/svg><\/span><\/a><\/li><li class=\"shariff-button printer shariff-nocustomcolor\" style=\"background-color:#a8a8a8;border-radius:1%\"><a href=\"javascript:window.print()\" title=\"drucken\" aria-label=\"drucken\" role=\"button\" rel=\"noopener nofollow\" class=\"shariff-link\" style=\";border-radius:1%; background-color:#999; color:#fff\"><span class=\"shariff-icon\" style=\"\"><svg width=\"32px\" height=\"20px\" xmlns=\"http:\/\/www.w3.org\/2000\/svg\" viewBox=\"0 0 30 32\"><path fill=\"#999\" d=\"M6.8 27.4h16v-4.6h-16v4.6zM6.8 16h16v-6.8h-2.8q-0.7 0-1.2-0.5t-0.5-1.2v-2.8h-11.4v11.4zM27.4 17.2q0-0.5-0.3-0.8t-0.8-0.4-0.8 0.4-0.3 0.8 0.3 0.8 0.8 0.3 0.8-0.3 0.3-0.8zM29.7 17.2v7.4q0 0.2-0.2 0.4t-0.4 0.2h-4v2.8q0 0.7-0.5 1.2t-1.2 0.5h-17.2q-0.7 0-1.2-0.5t-0.5-1.2v-2.8h-4q-0.2 0-0.4-0.2t-0.2-0.4v-7.4q0-1.4 1-2.4t2.4-1h1.2v-9.7q0-0.7 0.5-1.2t1.2-0.5h12q0.7 0 1.6 0.4t1.3 0.8l2.7 2.7q0.5 0.5 0.9 1.4t0.4 1.6v4.6h1.1q1.4 0 2.4 1t1 2.4z\"\/><\/svg><\/span><\/a><\/li><li class=\"shariff-button mailto shariff-nocustomcolor\" style=\"background-color:#a8a8a8;border-radius:1%\"><a href=\"mailto:?body=https%3A%2F%2Fwww.sonnenseite.com%2Fde%2Fwissenschaft%2Fkuestenerosion-in-der-arktis-verstaerkt-die-globale-erwaermung%2F&subject=K%C3%BCstenerosion%20in%20der%20Arktis%20verst%C3%A4rkt%20die%20globale%20Erw%C3%A4rmung\" title=\"Per E-Mail versenden\" aria-label=\"Per E-Mail versenden\" role=\"button\" rel=\"noopener nofollow\" class=\"shariff-link\" style=\";border-radius:1%; background-color:#999; color:#fff\"><span class=\"shariff-icon\" style=\"\"><svg width=\"32px\" height=\"20px\" xmlns=\"http:\/\/www.w3.org\/2000\/svg\" viewBox=\"0 0 32 32\"><path fill=\"#999\" d=\"M32 12.7v14.2q0 1.2-0.8 2t-2 0.9h-26.3q-1.2 0-2-0.9t-0.8-2v-14.2q0.8 0.9 1.8 1.6 6.5 4.4 8.9 6.1 1 0.8 1.6 1.2t1.7 0.9 2 0.4h0.1q0.9 0 2-0.4t1.7-0.9 1.6-1.2q3-2.2 8.9-6.1 1-0.7 1.8-1.6zM32 7.4q0 1.4-0.9 2.7t-2.2 2.2q-6.7 4.7-8.4 5.8-0.2 0.1-0.7 0.5t-1 0.7-0.9 0.6-1.1 0.5-0.9 0.2h-0.1q-0.4 0-0.9-0.2t-1.1-0.5-0.9-0.6-1-0.7-0.7-0.5q-1.6-1.1-4.7-3.2t-3.6-2.6q-1.1-0.7-2.1-2t-1-2.5q0-1.4 0.7-2.3t2.1-0.9h26.3q1.2 0 2 0.8t0.9 2z\"\/><\/svg><\/span><\/a><\/li><\/ul><\/div>","protected":false},"excerpt":{"rendered":"<p>Der Verlust arktischer Permafrostb&ouml;den durch die Erosion der K&uuml;ste k&ouml;nnte k&uuml;nftig zu einer Verst&auml;rkung des Treibhauseffekts [&hellip;]<\/p>\n","protected":false},"author":1,"featured_media":15410,"comment_status":"closed","ping_status":"closed","sticky":false,"template":"","format":"standard","meta":{"inline_featured_image":false,"footnotes":""},"categories":[26],"tags":[],"class_list":["post-15416","post","type-post","status-publish","format-standard","has-post-thumbnail","hentry","category-wissenschaft"],"yoast_head":"<!-- This site is optimized with the Yoast SEO plugin v26.5 - https:\/\/yoast.com\/wordpress\/plugins\/seo\/ -->\n<title>K\u00fcstenerosion in der Arktis verst\u00e4rkt die globale Erw\u00e4rmung - Sonnenseite - \u00d6kologische Kommunikation mit Franz Alt<\/title>\n<meta name=\"description\" content=\"Der Verlust arktischer Permafrostb&ouml;den durch die Erosion der K&uuml;ste k&ouml;nnte k&uuml;nftig zu einer Verst&auml;rkung des Treibhauseffekts\" \/>\n<meta name=\"robots\" content=\"index, follow, max-snippet:-1, max-image-preview:large, max-video-preview:-1\" \/>\n<link rel=\"canonical\" href=\"https:\/\/www.sonnenseite.com\/de\/wissenschaft\/kuestenerosion-in-der-arktis-verstaerkt-die-globale-erwaermung\/\" \/>\n<meta property=\"og:locale\" content=\"de_DE\" \/>\n<meta property=\"og:type\" content=\"article\" \/>\n<meta property=\"og:title\" content=\"K\u00fcstenerosion in der Arktis verst\u00e4rkt die globale Erw\u00e4rmung - Sonnenseite - \u00d6kologische Kommunikation mit Franz Alt\" \/>\n<meta property=\"og:description\" content=\"Der Verlust arktischer Permafrostb&ouml;den durch die Erosion der K&uuml;ste k&ouml;nnte k&uuml;nftig zu einer Verst&auml;rkung des Treibhauseffekts\" \/>\n<meta property=\"og:url\" content=\"https:\/\/www.sonnenseite.com\/de\/wissenschaft\/kuestenerosion-in-der-arktis-verstaerkt-die-globale-erwaermung\/\" \/>\n<meta property=\"og:site_name\" content=\"Sonnenseite\" \/>\n<meta property=\"article:publisher\" content=\"https:\/\/www.facebook.com\/pages\/Franz-Alt-SONNENSEITECOM\/221072987903953?fref=ts\" \/>\n<meta property=\"article:published_time\" content=\"2018-09-14T22:14:00+00:00\" \/>\n<meta property=\"og:image\" content=\"https:\/\/www.sonnenseite.com\/wp-content\/uploads\/2018\/09\/AWI_Sibirien_LenaDelta_GGrosse.jpg\" \/>\n\t<meta property=\"og:image:width\" content=\"770\" \/>\n\t<meta property=\"og:image:height\" content=\"420\" \/>\n\t<meta property=\"og:image:type\" content=\"image\/jpeg\" \/>\n<meta name=\"author\" content=\"sbade\" \/>\n<meta name=\"twitter:card\" content=\"summary_large_image\" \/>\n<meta name=\"twitter:creator\" content=\"@franzalt\" \/>\n<meta name=\"twitter:site\" content=\"@franzalt\" \/>\n<meta name=\"twitter:label1\" content=\"Verfasst von\" \/>\n\t<meta name=\"twitter:data1\" content=\"sbade\" \/>\n\t<meta name=\"twitter:label2\" content=\"Gesch\u00e4tzte Lesezeit\" \/>\n\t<meta name=\"twitter:data2\" content=\"5\u00a0Minuten\" \/>\n<script type=\"application\/ld+json\" class=\"yoast-schema-graph\">{\"@context\":\"https:\/\/schema.org\",\"@graph\":[{\"@type\":\"Article\",\"@id\":\"https:\/\/www.sonnenseite.com\/de\/wissenschaft\/kuestenerosion-in-der-arktis-verstaerkt-die-globale-erwaermung\/#article\",\"isPartOf\":{\"@id\":\"https:\/\/www.sonnenseite.com\/de\/wissenschaft\/kuestenerosion-in-der-arktis-verstaerkt-die-globale-erwaermung\/\"},\"author\":{\"name\":\"sbade\",\"@id\":\"https:\/\/www.sonnenseite.com\/de\/#\/schema\/person\/6df44691cd9a70d99e140e1116ee8771\"},\"headline\":\"K\u00fcstenerosion in der Arktis verst\u00e4rkt die globale Erw\u00e4rmung\",\"datePublished\":\"2018-09-14T22:14:00+00:00\",\"mainEntityOfPage\":{\"@id\":\"https:\/\/www.sonnenseite.com\/de\/wissenschaft\/kuestenerosion-in-der-arktis-verstaerkt-die-globale-erwaermung\/\"},\"wordCount\":970,\"publisher\":{\"@id\":\"https:\/\/www.sonnenseite.com\/de\/#organization\"},\"image\":{\"@id\":\"https:\/\/www.sonnenseite.com\/de\/wissenschaft\/kuestenerosion-in-der-arktis-verstaerkt-die-globale-erwaermung\/#primaryimage\"},\"thumbnailUrl\":\"https:\/\/www.sonnenseite.com\/wp-content\/uploads\/2018\/09\/AWI_Sibirien_LenaDelta_GGrosse.jpg\",\"articleSection\":[\"Wissenschaft\"],\"inLanguage\":\"de\"},{\"@type\":\"WebPage\",\"@id\":\"https:\/\/www.sonnenseite.com\/de\/wissenschaft\/kuestenerosion-in-der-arktis-verstaerkt-die-globale-erwaermung\/\",\"url\":\"https:\/\/www.sonnenseite.com\/de\/wissenschaft\/kuestenerosion-in-der-arktis-verstaerkt-die-globale-erwaermung\/\",\"name\":\"K\u00fcstenerosion in der Arktis verst\u00e4rkt die globale Erw\u00e4rmung - Sonnenseite - \u00d6kologische Kommunikation mit Franz Alt\",\"isPartOf\":{\"@id\":\"https:\/\/www.sonnenseite.com\/de\/#website\"},\"primaryImageOfPage\":{\"@id\":\"https:\/\/www.sonnenseite.com\/de\/wissenschaft\/kuestenerosion-in-der-arktis-verstaerkt-die-globale-erwaermung\/#primaryimage\"},\"image\":{\"@id\":\"https:\/\/www.sonnenseite.com\/de\/wissenschaft\/kuestenerosion-in-der-arktis-verstaerkt-die-globale-erwaermung\/#primaryimage\"},\"thumbnailUrl\":\"https:\/\/www.sonnenseite.com\/wp-content\/uploads\/2018\/09\/AWI_Sibirien_LenaDelta_GGrosse.jpg\",\"datePublished\":\"2018-09-14T22:14:00+00:00\",\"description\":\"Der Verlust arktischer Permafrostb&ouml;den durch die Erosion der K&uuml;ste k&ouml;nnte k&uuml;nftig zu einer Verst&auml;rkung des Treibhauseffekts\",\"breadcrumb\":{\"@id\":\"https:\/\/www.sonnenseite.com\/de\/wissenschaft\/kuestenerosion-in-der-arktis-verstaerkt-die-globale-erwaermung\/#breadcrumb\"},\"inLanguage\":\"de\",\"potentialAction\":[{\"@type\":\"ReadAction\",\"target\":[\"https:\/\/www.sonnenseite.com\/de\/wissenschaft\/kuestenerosion-in-der-arktis-verstaerkt-die-globale-erwaermung\/\"]}]},{\"@type\":\"ImageObject\",\"inLanguage\":\"de\",\"@id\":\"https:\/\/www.sonnenseite.com\/de\/wissenschaft\/kuestenerosion-in-der-arktis-verstaerkt-die-globale-erwaermung\/#primaryimage\",\"url\":\"https:\/\/www.sonnenseite.com\/wp-content\/uploads\/2018\/09\/AWI_Sibirien_LenaDelta_GGrosse.jpg\",\"contentUrl\":\"https:\/\/www.sonnenseite.com\/wp-content\/uploads\/2018\/09\/AWI_Sibirien_LenaDelta_GGrosse.jpg\",\"width\":770,\"height\":420,\"caption\":\"Alfred-Wegener-Institut | Guido Grosse | AWI-Permafrostexperten untersuchen die erodierende K&uuml;ste auf der sibirischen Insel Sobo-Sise im &ouml;stlichen Lena.\"},{\"@type\":\"BreadcrumbList\",\"@id\":\"https:\/\/www.sonnenseite.com\/de\/wissenschaft\/kuestenerosion-in-der-arktis-verstaerkt-die-globale-erwaermung\/#breadcrumb\",\"itemListElement\":[{\"@type\":\"ListItem\",\"position\":1,\"name\":\"Startseite\",\"item\":\"https:\/\/www.sonnenseite.com\/de\/\"},{\"@type\":\"ListItem\",\"position\":2,\"name\":\"K\u00fcstenerosion in der Arktis verst\u00e4rkt die globale Erw\u00e4rmung\"}]},{\"@type\":\"WebSite\",\"@id\":\"https:\/\/www.sonnenseite.com\/de\/#website\",\"url\":\"https:\/\/www.sonnenseite.com\/de\/\",\"name\":\"Sonnenseite\",\"description\":\"\u00d6kologische Kommunikation mit Franz Alt\",\"publisher\":{\"@id\":\"https:\/\/www.sonnenseite.com\/de\/#organization\"},\"potentialAction\":[{\"@type\":\"SearchAction\",\"target\":{\"@type\":\"EntryPoint\",\"urlTemplate\":\"https:\/\/www.sonnenseite.com\/de\/?s={search_term_string}\"},\"query-input\":{\"@type\":\"PropertyValueSpecification\",\"valueRequired\":true,\"valueName\":\"search_term_string\"}}],\"inLanguage\":\"de\"},{\"@type\":\"Organization\",\"@id\":\"https:\/\/www.sonnenseite.com\/de\/#organization\",\"name\":\"Sonnenseite\",\"url\":\"https:\/\/www.sonnenseite.com\/de\/\",\"logo\":{\"@type\":\"ImageObject\",\"inLanguage\":\"de\",\"@id\":\"https:\/\/www.sonnenseite.com\/de\/#\/schema\/logo\/image\/\",\"url\":\"https:\/\/www.sonnenseite.com\/wp-content\/uploads\/2020\/05\/Sonnenseite_Logo.png\",\"contentUrl\":\"https:\/\/www.sonnenseite.com\/wp-content\/uploads\/2020\/05\/Sonnenseite_Logo.png\",\"width\":377,\"height\":90,\"caption\":\"Sonnenseite\"},\"image\":{\"@id\":\"https:\/\/www.sonnenseite.com\/de\/#\/schema\/logo\/image\/\"},\"sameAs\":[\"https:\/\/www.facebook.com\/pages\/Franz-Alt-SONNENSEITECOM\/221072987903953?fref=ts\",\"https:\/\/x.com\/franzalt\",\"http:\/\/www.youtube.com\/results?search_query&amp;amp;quot;franz_alt&amp;amp;quot;&amp;amp;amp;amp;search_type&amp;amp;amp;amp;aq=f\"]},{\"@type\":\"Person\",\"@id\":\"https:\/\/www.sonnenseite.com\/de\/#\/schema\/person\/6df44691cd9a70d99e140e1116ee8771\",\"name\":\"sbade\",\"sameAs\":[\"https:\/\/www.sonnenseite.com\"]}]}<\/script>\n<!-- \/ Yoast SEO plugin. -->","yoast_head_json":{"title":"K\u00fcstenerosion in der Arktis verst\u00e4rkt die globale Erw\u00e4rmung - Sonnenseite - \u00d6kologische Kommunikation mit Franz Alt","description":"Der Verlust arktischer Permafrostb&ouml;den durch die Erosion der K&uuml;ste k&ouml;nnte k&uuml;nftig zu einer Verst&auml;rkung des Treibhauseffekts","robots":{"index":"index","follow":"follow","max-snippet":"max-snippet:-1","max-image-preview":"max-image-preview:large","max-video-preview":"max-video-preview:-1"},"canonical":"https:\/\/www.sonnenseite.com\/de\/wissenschaft\/kuestenerosion-in-der-arktis-verstaerkt-die-globale-erwaermung\/","og_locale":"de_DE","og_type":"article","og_title":"K\u00fcstenerosion in der Arktis verst\u00e4rkt die globale Erw\u00e4rmung - Sonnenseite - \u00d6kologische Kommunikation mit Franz Alt","og_description":"Der Verlust arktischer Permafrostb&ouml;den durch die Erosion der K&uuml;ste k&ouml;nnte k&uuml;nftig zu einer Verst&auml;rkung des Treibhauseffekts","og_url":"https:\/\/www.sonnenseite.com\/de\/wissenschaft\/kuestenerosion-in-der-arktis-verstaerkt-die-globale-erwaermung\/","og_site_name":"Sonnenseite","article_publisher":"https:\/\/www.facebook.com\/pages\/Franz-Alt-SONNENSEITECOM\/221072987903953?fref=ts","article_published_time":"2018-09-14T22:14:00+00:00","og_image":[{"width":770,"height":420,"url":"https:\/\/www.sonnenseite.com\/wp-content\/uploads\/2018\/09\/AWI_Sibirien_LenaDelta_GGrosse.jpg","type":"image\/jpeg"}],"author":"sbade","twitter_card":"summary_large_image","twitter_creator":"@franzalt","twitter_site":"@franzalt","twitter_misc":{"Verfasst von":"sbade","Gesch\u00e4tzte Lesezeit":"5\u00a0Minuten"},"schema":{"@context":"https:\/\/schema.org","@graph":[{"@type":"Article","@id":"https:\/\/www.sonnenseite.com\/de\/wissenschaft\/kuestenerosion-in-der-arktis-verstaerkt-die-globale-erwaermung\/#article","isPartOf":{"@id":"https:\/\/www.sonnenseite.com\/de\/wissenschaft\/kuestenerosion-in-der-arktis-verstaerkt-die-globale-erwaermung\/"},"author":{"name":"sbade","@id":"https:\/\/www.sonnenseite.com\/de\/#\/schema\/person\/6df44691cd9a70d99e140e1116ee8771"},"headline":"K\u00fcstenerosion in der Arktis verst\u00e4rkt die globale Erw\u00e4rmung","datePublished":"2018-09-14T22:14:00+00:00","mainEntityOfPage":{"@id":"https:\/\/www.sonnenseite.com\/de\/wissenschaft\/kuestenerosion-in-der-arktis-verstaerkt-die-globale-erwaermung\/"},"wordCount":970,"publisher":{"@id":"https:\/\/www.sonnenseite.com\/de\/#organization"},"image":{"@id":"https:\/\/www.sonnenseite.com\/de\/wissenschaft\/kuestenerosion-in-der-arktis-verstaerkt-die-globale-erwaermung\/#primaryimage"},"thumbnailUrl":"https:\/\/www.sonnenseite.com\/wp-content\/uploads\/2018\/09\/AWI_Sibirien_LenaDelta_GGrosse.jpg","articleSection":["Wissenschaft"],"inLanguage":"de"},{"@type":"WebPage","@id":"https:\/\/www.sonnenseite.com\/de\/wissenschaft\/kuestenerosion-in-der-arktis-verstaerkt-die-globale-erwaermung\/","url":"https:\/\/www.sonnenseite.com\/de\/wissenschaft\/kuestenerosion-in-der-arktis-verstaerkt-die-globale-erwaermung\/","name":"K\u00fcstenerosion in der Arktis verst\u00e4rkt die globale Erw\u00e4rmung - Sonnenseite - \u00d6kologische Kommunikation mit Franz Alt","isPartOf":{"@id":"https:\/\/www.sonnenseite.com\/de\/#website"},"primaryImageOfPage":{"@id":"https:\/\/www.sonnenseite.com\/de\/wissenschaft\/kuestenerosion-in-der-arktis-verstaerkt-die-globale-erwaermung\/#primaryimage"},"image":{"@id":"https:\/\/www.sonnenseite.com\/de\/wissenschaft\/kuestenerosion-in-der-arktis-verstaerkt-die-globale-erwaermung\/#primaryimage"},"thumbnailUrl":"https:\/\/www.sonnenseite.com\/wp-content\/uploads\/2018\/09\/AWI_Sibirien_LenaDelta_GGrosse.jpg","datePublished":"2018-09-14T22:14:00+00:00","description":"Der Verlust arktischer Permafrostb&ouml;den durch die Erosion der K&uuml;ste k&ouml;nnte k&uuml;nftig zu einer Verst&auml;rkung des Treibhauseffekts","breadcrumb":{"@id":"https:\/\/www.sonnenseite.com\/de\/wissenschaft\/kuestenerosion-in-der-arktis-verstaerkt-die-globale-erwaermung\/#breadcrumb"},"inLanguage":"de","potentialAction":[{"@type":"ReadAction","target":["https:\/\/www.sonnenseite.com\/de\/wissenschaft\/kuestenerosion-in-der-arktis-verstaerkt-die-globale-erwaermung\/"]}]},{"@type":"ImageObject","inLanguage":"de","@id":"https:\/\/www.sonnenseite.com\/de\/wissenschaft\/kuestenerosion-in-der-arktis-verstaerkt-die-globale-erwaermung\/#primaryimage","url":"https:\/\/www.sonnenseite.com\/wp-content\/uploads\/2018\/09\/AWI_Sibirien_LenaDelta_GGrosse.jpg","contentUrl":"https:\/\/www.sonnenseite.com\/wp-content\/uploads\/2018\/09\/AWI_Sibirien_LenaDelta_GGrosse.jpg","width":770,"height":420,"caption":"Alfred-Wegener-Institut | Guido Grosse | AWI-Permafrostexperten untersuchen die erodierende K&uuml;ste auf der sibirischen Insel Sobo-Sise im &ouml;stlichen Lena."},{"@type":"BreadcrumbList","@id":"https:\/\/www.sonnenseite.com\/de\/wissenschaft\/kuestenerosion-in-der-arktis-verstaerkt-die-globale-erwaermung\/#breadcrumb","itemListElement":[{"@type":"ListItem","position":1,"name":"Startseite","item":"https:\/\/www.sonnenseite.com\/de\/"},{"@type":"ListItem","position":2,"name":"K\u00fcstenerosion in der Arktis verst\u00e4rkt die globale Erw\u00e4rmung"}]},{"@type":"WebSite","@id":"https:\/\/www.sonnenseite.com\/de\/#website","url":"https:\/\/www.sonnenseite.com\/de\/","name":"Sonnenseite","description":"\u00d6kologische Kommunikation mit Franz Alt","publisher":{"@id":"https:\/\/www.sonnenseite.com\/de\/#organization"},"potentialAction":[{"@type":"SearchAction","target":{"@type":"EntryPoint","urlTemplate":"https:\/\/www.sonnenseite.com\/de\/?s={search_term_string}"},"query-input":{"@type":"PropertyValueSpecification","valueRequired":true,"valueName":"search_term_string"}}],"inLanguage":"de"},{"@type":"Organization","@id":"https:\/\/www.sonnenseite.com\/de\/#organization","name":"Sonnenseite","url":"https:\/\/www.sonnenseite.com\/de\/","logo":{"@type":"ImageObject","inLanguage":"de","@id":"https:\/\/www.sonnenseite.com\/de\/#\/schema\/logo\/image\/","url":"https:\/\/www.sonnenseite.com\/wp-content\/uploads\/2020\/05\/Sonnenseite_Logo.png","contentUrl":"https:\/\/www.sonnenseite.com\/wp-content\/uploads\/2020\/05\/Sonnenseite_Logo.png","width":377,"height":90,"caption":"Sonnenseite"},"image":{"@id":"https:\/\/www.sonnenseite.com\/de\/#\/schema\/logo\/image\/"},"sameAs":["https:\/\/www.facebook.com\/pages\/Franz-Alt-SONNENSEITECOM\/221072987903953?fref=ts","https:\/\/x.com\/franzalt","http:\/\/www.youtube.com\/results?search_query&amp;amp;quot;franz_alt&amp;amp;quot;&amp;amp;amp;amp;search_type&amp;amp;amp;amp;aq=f"]},{"@type":"Person","@id":"https:\/\/www.sonnenseite.com\/de\/#\/schema\/person\/6df44691cd9a70d99e140e1116ee8771","name":"sbade","sameAs":["https:\/\/www.sonnenseite.com"]}]}},"_links":{"self":[{"href":"https:\/\/www.sonnenseite.com\/de\/wp-json\/wp\/v2\/posts\/15416","targetHints":{"allow":["GET"]}}],"collection":[{"href":"https:\/\/www.sonnenseite.com\/de\/wp-json\/wp\/v2\/posts"}],"about":[{"href":"https:\/\/www.sonnenseite.com\/de\/wp-json\/wp\/v2\/types\/post"}],"author":[{"embeddable":true,"href":"https:\/\/www.sonnenseite.com\/de\/wp-json\/wp\/v2\/users\/1"}],"replies":[{"embeddable":true,"href":"https:\/\/www.sonnenseite.com\/de\/wp-json\/wp\/v2\/comments?post=15416"}],"version-history":[{"count":0,"href":"https:\/\/www.sonnenseite.com\/de\/wp-json\/wp\/v2\/posts\/15416\/revisions"}],"wp:featuredmedia":[{"embeddable":true,"href":"https:\/\/www.sonnenseite.com\/de\/wp-json\/wp\/v2\/media\/15410"}],"wp:attachment":[{"href":"https:\/\/www.sonnenseite.com\/de\/wp-json\/wp\/v2\/media?parent=15416"}],"wp:term":[{"taxonomy":"category","embeddable":true,"href":"https:\/\/www.sonnenseite.com\/de\/wp-json\/wp\/v2\/categories?post=15416"},{"taxonomy":"post_tag","embeddable":true,"href":"https:\/\/www.sonnenseite.com\/de\/wp-json\/wp\/v2\/tags?post=15416"}],"curies":[{"name":"wp","href":"https:\/\/api.w.org\/{rel}","templated":true}]}}