{"id":21597,"date":"2018-01-08T11:59:28","date_gmt":"2018-01-08T10:59:28","guid":{"rendered":"https:\/\/www.sonnenseite.com\/politik\/umwelt-und-klimaschutz-muessen-grundlage-fuer-neuen-eu-haushalt-sein.html"},"modified":"2018-01-08T11:59:28","modified_gmt":"2018-01-08T10:59:28","slug":"umwelt-und-klimaschutz-muessen-grundlage-fuer-neuen-eu-haushalt-sein","status":"publish","type":"post","link":"https:\/\/www.sonnenseite.com\/de\/politik\/umwelt-und-klimaschutz-muessen-grundlage-fuer-neuen-eu-haushalt-sein\/","title":{"rendered":"Umwelt- und Klimaschutz m\u00fcssen Grundlage f\u00fcr neuen EU-Haushalt sein"},"content":{"rendered":"<p>Umweltverb&auml;nde fordern Kopplung s&auml;mtlicher Finanzentscheidungen an Nachhaltigkeitskriterien<\/p>\n<p> <!--more--> <\/p>\n<p>&Uuml;ber 20 Verb&auml;nde aus dem Natur-, Tier- und Umweltschutz haben heute ihre  Forderungen zum EU-Budget nach 2020 ver&ouml;ffentlicht. Hintergrund ist die  zurzeit stattfindende EU-Konferenz, bei der hochrangige Vertreter aus  Politik und Gesellschaft mit Haushaltskommissar G&uuml;nter Oettinger bereits  jetzt die M&ouml;glichkeiten und Entscheidungen des neuen Mehrj&auml;hrigen  EU-Finanzrahmens (MFR) diskutieren. Dieser ist das grundlegende  Instrument der Finanzplanung und spiegelt die politischen Priorit&auml;ten  der EU ab 2021 wider. <\/p>\n<p>Die Verb&auml;nde fordern die EU-Kommission  auf, den MFR st&auml;rker als bislang an der Gesundheit und lebenswerten  Zukunft der 500 Millionen Menschen in Europa auszurichten. Dazu geh&ouml;rt,  den eingegangenen Verpflichtungen des Klimaschutzabkommens von Paris und  der UN-Nachhaltigkeitsziele (SDGs) nachzukommen. Eine nachhaltige  Entwicklung, die Erhaltung der Artenvielfalt und die Bek&auml;mpfung des  Klimawandels m&uuml;ssen bei der Mittelverteilung zur alternativlosen  Grundlage erkl&auml;rt werden.<em> &bdquo;F&uuml;r ein lebenswertes Europa brauchen wir  eine Haushaltspolitik, die eine gesunde Zukunft gestaltet statt die  fossile Vergangenheit zu zementieren. Wenn wir wollen, dass sich die  Menschen nachhaltig-moderne Lebensstile leisten k&ouml;nnen, muss bei der  EU-Mittelverteilung grundlegend umgesteuert werden&ldquo;<\/em>, sagt <span style=\"text-decoration: underline;\">Kai Niebert<\/span>, Pr&auml;sident des Umweltdachverbands Deutscher Naturschutzring (DNR). <\/p>\n<p>Die  deutschen NGOs bef&uuml;rchten, dass die Sicherstellung von sauberer Luft,  Boden und Wasser zum Schutz des Menschen auch weiterhin nicht  ausreichend beachtet wird. Bereits f&uuml;r den laufenden Haushalt hatte sich  die EU-Kommission vorgenommen, mindestens 20 Prozent des Gesamtbudgets  f&uuml;r den Klimaschutz aufzuwenden. Die entsprechenden rund 200 Milliarden  Euro sollten f&uuml;r Ma&szlig;nahmen in den Bereichen Strukturfonds, Forschung,  Landwirtschaft, Meerespolitik sowie Fischerei und Entwicklung eingesetzt  werden. Aktuellen Sch&auml;tzungen der EU zufolge wird dieses Ausgabenziel  nicht erreicht. Auch beim derzeit gr&ouml;&szlig;ten Ausgabenpunkt, der Gemeinsamen  Agrarpolitik, flie&szlig;t immer noch mehrheitlich Geld in eine  umweltsch&auml;digende Landwirtschaft w&auml;hrend der Naturschutz weiterhin  unterfinanziert ist. Ebenso stehen Projekte wie der Bau von  Erdgaspipelines oder Stra&szlig;en- und Flugverkehrsprojekte den  Nachhaltigkeitszielen entgegen. Stattdessen sollte die EU ihre Zahlungen  auf Natur- und Umweltschutz, Tierwohl und unbelastete Nahrungsmittel  verlagern.<\/p>\n<p><em>&bdquo;Wir leben in einer Zeit, in der es darum geht, die  internationalen Umweltschutz-Vertr&auml;ge umzusetzen und zu einem Erfolg  werden zu lassen. Die EU hat bei der Ausgestaltung des neuen  mehrj&auml;hrigen Haushaltsplans die einmalige Chance, mit Weitblick zu  agieren und zum globalen Vorreiter f&uuml;r ein gesundes Leben und Arbeiten  im europ&auml;ischen Wirtschaftsraum zu werden&ldquo;<\/em>, unterst&uuml;tzt <span style=\"text-decoration: underline;\">Ernst-Ulrich von Weizs&auml;cker<\/span>, Ko-Pr&auml;sident des Club of Rome die Forderungen der Umweltverb&auml;nde. <\/p>\n<p>Neben  den zus&auml;tzlichen Herausforderungen &ndash; Brexit, Migration, Verteidigung  und Sicherheit &ndash; und damit einhergehend einem voraussichtlich sinkenden  Budget bei zunehmenden Ausgaben, fordern die Verb&auml;nde, die  internationalen Klima- und Umweltschutz-Verpflichtungen als Blaupause zu  nutzen: Bei s&auml;mtlichen Ausgaben muss genauestens gepr&uuml;ft werden, ob  dadurch Nachhaltigkeitsziele gef&auml;hrdet werden. Ma&szlig;nahmen, die Umwelt,  Gesundheit und Klima und infolgedessen die europ&auml;ischen  Volkswirtschaften unumkehrbar sch&auml;digen, d&uuml;rfen nicht mehr  subventioniert werden. Die Finanzmittel f&uuml;r Natur- und Umweltschutz  m&uuml;ssen deutlich erh&ouml;ht werden.<\/p>\n<p>Der MFR bietet nach &Uuml;berzeugung  der Verb&auml;nde eine entscheidende Chance der Neuausrichtung. Durch ihn  kann eine Energie- und Verkehrswende eingeleitet sowie eine nachhaltige  Industrie- und Agrarwende erm&ouml;glicht werden. Ferner kann dadurch die  Richtung vorgegeben werden, um eine dringend notwendige Offensive im  Natur- und Artenschutz durch die Einrichtung eines ausreichend  ausgestatteten EU-Naturschutzfonds zu unterst&uuml;tzen. <\/p>\n<p>Die Natur- und  Umweltschutzorganisationen sehen die EU in einer zentralen Rolle  innerhalb der internationalen Staatengemeinschaft auf den Gebieten  Klimaschutz, nachhaltige Energiewende, nachhaltige Lieferketten sowie  Naturschutz. Die damit verbundene Verantwortung ist Herausforderung und  Chance zugleich f&uuml;r eine lebenswerte, freiheitliche und solidarische  Gesellschaft und eine intakte Umwelt f&uuml;r ein zukunftsf&auml;higes und  demokratisches Europa.&nbsp;<\/p>\n<div class=\"news-related-wrap\">\n<div class=\"news-related news-related-files\">\n<h4>Downloads<\/h4>\n<ul>\n<li> <span class=\"news-related-files-link\"> <a href=\"http:\/\/www.duh.de\/fileadmin\/user_upload\/download\/Projektinformation\/Klimaschutz\/DNR_Positionspapier_MFR_post_2020.pdf\" target=\"_blank\" rel=\"noopener noreferrer\"> DNR-Positionspapier: Das EU-Budget nach 2020<\/a><\/span><\/li>\n<li> <span class=\"news-related-files-link\"> <a href=\"http:\/\/www.duh.de\/fileadmin\/user_upload\/download\/Projektinformation\/Klimaschutz\/DNR_postion-paper-MFF-post_2020.pdf\" target=\"_blank\" rel=\"noopener noreferrer\"> DNR Position Paper: The EU&#8217;s Post-2020 Budget<\/a><\/span><\/li>\n<li> <span class=\"news-related-files-link\"> <a href=\"http:\/\/www.duh.de\/fileadmin\/user_upload\/download\/Projektinformation\/Klimaschutz\/DNR-Steckbrief_MFR-post_2020.pdf\" target=\"_blank\" rel=\"noopener noreferrer\"> DNR-Steckbrief: MFR<\/a><\/span><span class=\"news-related-files-size\">&nbsp;<\/span><\/li>\n<\/ul><\/div>\n<\/p><\/div>\n<h5 class=\"green\">Quelle<\/h5>\n<p><a href=\"http:\/\/www.duh.de\" target=\"_blank\" rel=\"noopener noreferrer\">Deutsche Umwelthilfe 2018<\/a><\/p>\n<div class=\"shariff shariff-align-flex-start shariff-widget-align-flex-start\"><div class=\"ShariffHeadline\">Diese Meldung teilen<\/div><ul class=\"shariff-buttons theme-round orientation-horizontal buttonsize-medium\"><li class=\"shariff-button facebook shariff-nocustomcolor\" style=\"background-color:#4273c8;border-radius:1%\"><a href=\"https:\/\/www.facebook.com\/sharer\/sharer.php?u=https%3A%2F%2Fwww.sonnenseite.com%2Fde%2Fpolitik%2Fumwelt-und-klimaschutz-muessen-grundlage-fuer-neuen-eu-haushalt-sein%2F\" title=\"Bei Facebook teilen\" aria-label=\"Bei Facebook teilen\" role=\"button\" rel=\"nofollow\" class=\"shariff-link\" style=\";border-radius:1%; background-color:#3b5998; color:#fff\" target=\"_blank\"><span class=\"shariff-icon\" style=\"\"><svg width=\"32px\" height=\"20px\" xmlns=\"http:\/\/www.w3.org\/2000\/svg\" viewBox=\"0 0 18 32\"><path fill=\"#3b5998\" d=\"M17.1 0.2v4.7h-2.8q-1.5 0-2.1 0.6t-0.5 1.9v3.4h5.2l-0.7 5.3h-4.5v13.6h-5.5v-13.6h-4.5v-5.3h4.5v-3.9q0-3.3 1.9-5.2t5-1.8q2.6 0 4.1 0.2z\"\/><\/svg><\/span><\/a><\/li><li class=\"shariff-button twitter shariff-nocustomcolor\" style=\"background-color:#595959;border-radius:1%\"><a href=\"https:\/\/twitter.com\/share?url=https%3A%2F%2Fwww.sonnenseite.com%2Fde%2Fpolitik%2Fumwelt-und-klimaschutz-muessen-grundlage-fuer-neuen-eu-haushalt-sein%2F&text=Umwelt-%20und%20Klimaschutz%20m%C3%BCssen%20Grundlage%20f%C3%BCr%20neuen%20EU-Haushalt%20sein\" title=\"Bei X teilen\" aria-label=\"Bei X teilen\" role=\"button\" rel=\"noopener nofollow\" class=\"shariff-link\" style=\";border-radius:1%; background-color:#000; color:#fff\" target=\"_blank\"><span class=\"shariff-icon\" style=\"\"><svg width=\"32px\" height=\"20px\" xmlns=\"http:\/\/www.w3.org\/2000\/svg\" viewBox=\"0 0 24 24\"><path fill=\"#000\" d=\"M14.258 10.152L23.176 0h-2.113l-7.747 8.813L7.133 0H0l9.352 13.328L0 23.973h2.113l8.176-9.309 6.531 9.309h7.133zm-2.895 3.293l-.949-1.328L2.875 1.56h3.246l6.086 8.523.945 1.328 7.91 11.078h-3.246zm0 0\"\/><\/svg><\/span><\/a><\/li><li class=\"shariff-button xing shariff-nocustomcolor\" style=\"background-color:#29888a;border-radius:1%\"><a href=\"https:\/\/www.xing.com\/spi\/shares\/new?url=https%3A%2F%2Fwww.sonnenseite.com%2Fde%2Fpolitik%2Fumwelt-und-klimaschutz-muessen-grundlage-fuer-neuen-eu-haushalt-sein%2F\" title=\"Bei XING teilen\" aria-label=\"Bei XING teilen\" role=\"button\" rel=\"noopener nofollow\" class=\"shariff-link\" style=\";border-radius:1%; background-color:#126567; color:#fff\" target=\"_blank\"><span class=\"shariff-icon\" style=\"\"><svg width=\"32px\" height=\"20px\" xmlns=\"http:\/\/www.w3.org\/2000\/svg\" viewBox=\"0 0 25 32\"><path fill=\"#126567\" d=\"M10.7 11.9q-0.2 0.3-4.6 8.2-0.5 0.8-1.2 0.8h-4.3q-0.4 0-0.5-0.3t0-0.6l4.5-8q0 0 0 0l-2.9-5q-0.2-0.4 0-0.7 0.2-0.3 0.5-0.3h4.3q0.7 0 1.2 0.8zM25.1 0.4q0.2 0.3 0 0.7l-9.4 16.7 6 11q0.2 0.4 0 0.6-0.2 0.3-0.6 0.3h-4.3q-0.7 0-1.2-0.8l-6-11.1q0.3-0.6 9.5-16.8 0.4-0.8 1.2-0.8h4.3q0.4 0 0.5 0.3z\"\/><\/svg><\/span><\/a><\/li><li class=\"shariff-button linkedin shariff-nocustomcolor\" style=\"background-color:#1488bf;border-radius:1%\"><a href=\"https:\/\/www.linkedin.com\/sharing\/share-offsite\/?url=https%3A%2F%2Fwww.sonnenseite.com%2Fde%2Fpolitik%2Fumwelt-und-klimaschutz-muessen-grundlage-fuer-neuen-eu-haushalt-sein%2F\" title=\"Bei LinkedIn teilen\" aria-label=\"Bei LinkedIn teilen\" role=\"button\" rel=\"noopener nofollow\" class=\"shariff-link\" style=\";border-radius:1%; background-color:#0077b5; color:#fff\" target=\"_blank\"><span class=\"shariff-icon\" style=\"\"><svg width=\"32px\" height=\"20px\" xmlns=\"http:\/\/www.w3.org\/2000\/svg\" viewBox=\"0 0 27 32\"><path fill=\"#0077b5\" d=\"M6.2 11.2v17.7h-5.9v-17.7h5.9zM6.6 5.7q0 1.3-0.9 2.2t-2.4 0.9h0q-1.5 0-2.4-0.9t-0.9-2.2 0.9-2.2 2.4-0.9 2.4 0.9 0.9 2.2zM27.4 18.7v10.1h-5.9v-9.5q0-1.9-0.7-2.9t-2.3-1.1q-1.1 0-1.9 0.6t-1.2 1.5q-0.2 0.5-0.2 1.4v9.9h-5.9q0-7.1 0-11.6t0-5.3l0-0.9h5.9v2.6h0q0.4-0.6 0.7-1t1-0.9 1.6-0.8 2-0.3q3 0 4.9 2t1.9 6z\"\/><\/svg><\/span><\/a><\/li><li class=\"shariff-button printer shariff-nocustomcolor\" style=\"background-color:#a8a8a8;border-radius:1%\"><a href=\"javascript:window.print()\" title=\"drucken\" aria-label=\"drucken\" role=\"button\" rel=\"noopener nofollow\" class=\"shariff-link\" style=\";border-radius:1%; background-color:#999; color:#fff\"><span class=\"shariff-icon\" style=\"\"><svg width=\"32px\" height=\"20px\" xmlns=\"http:\/\/www.w3.org\/2000\/svg\" viewBox=\"0 0 30 32\"><path fill=\"#999\" d=\"M6.8 27.4h16v-4.6h-16v4.6zM6.8 16h16v-6.8h-2.8q-0.7 0-1.2-0.5t-0.5-1.2v-2.8h-11.4v11.4zM27.4 17.2q0-0.5-0.3-0.8t-0.8-0.4-0.8 0.4-0.3 0.8 0.3 0.8 0.8 0.3 0.8-0.3 0.3-0.8zM29.7 17.2v7.4q0 0.2-0.2 0.4t-0.4 0.2h-4v2.8q0 0.7-0.5 1.2t-1.2 0.5h-17.2q-0.7 0-1.2-0.5t-0.5-1.2v-2.8h-4q-0.2 0-0.4-0.2t-0.2-0.4v-7.4q0-1.4 1-2.4t2.4-1h1.2v-9.7q0-0.7 0.5-1.2t1.2-0.5h12q0.7 0 1.6 0.4t1.3 0.8l2.7 2.7q0.5 0.5 0.9 1.4t0.4 1.6v4.6h1.1q1.4 0 2.4 1t1 2.4z\"\/><\/svg><\/span><\/a><\/li><li class=\"shariff-button mailto shariff-nocustomcolor\" style=\"background-color:#a8a8a8;border-radius:1%\"><a href=\"mailto:?body=https%3A%2F%2Fwww.sonnenseite.com%2Fde%2Fpolitik%2Fumwelt-und-klimaschutz-muessen-grundlage-fuer-neuen-eu-haushalt-sein%2F&subject=Umwelt-%20und%20Klimaschutz%20m%C3%BCssen%20Grundlage%20f%C3%BCr%20neuen%20EU-Haushalt%20sein\" title=\"Per E-Mail versenden\" aria-label=\"Per E-Mail versenden\" role=\"button\" rel=\"noopener nofollow\" class=\"shariff-link\" style=\";border-radius:1%; background-color:#999; color:#fff\"><span class=\"shariff-icon\" style=\"\"><svg width=\"32px\" height=\"20px\" xmlns=\"http:\/\/www.w3.org\/2000\/svg\" viewBox=\"0 0 32 32\"><path fill=\"#999\" d=\"M32 12.7v14.2q0 1.2-0.8 2t-2 0.9h-26.3q-1.2 0-2-0.9t-0.8-2v-14.2q0.8 0.9 1.8 1.6 6.5 4.4 8.9 6.1 1 0.8 1.6 1.2t1.7 0.9 2 0.4h0.1q0.9 0 2-0.4t1.7-0.9 1.6-1.2q3-2.2 8.9-6.1 1-0.7 1.8-1.6zM32 7.4q0 1.4-0.9 2.7t-2.2 2.2q-6.7 4.7-8.4 5.8-0.2 0.1-0.7 0.5t-1 0.7-0.9 0.6-1.1 0.5-0.9 0.2h-0.1q-0.4 0-0.9-0.2t-1.1-0.5-0.9-0.6-1-0.7-0.7-0.5q-1.6-1.1-4.7-3.2t-3.6-2.6q-1.1-0.7-2.1-2t-1-2.5q0-1.4 0.7-2.3t2.1-0.9h26.3q1.2 0 2 0.8t0.9 2z\"\/><\/svg><\/span><\/a><\/li><\/ul><\/div>","protected":false},"excerpt":{"rendered":"<p>Umweltverb&auml;nde fordern Kopplung s&auml;mtlicher Finanzentscheidungen an Nachhaltigkeitskriterien<\/p>\n","protected":false},"author":1,"featured_media":21595,"comment_status":"closed","ping_status":"closed","sticky":false,"template":"","format":"standard","meta":{"inline_featured_image":false,"footnotes":""},"categories":[21],"tags":[],"class_list":["post-21597","post","type-post","status-publish","format-standard","has-post-thumbnail","hentry","category-politik"],"yoast_head":"<!-- This site is optimized with the Yoast SEO plugin v26.5 - https:\/\/yoast.com\/wordpress\/plugins\/seo\/ -->\n<title>Umwelt- und Klimaschutz m\u00fcssen Grundlage f\u00fcr neuen EU-Haushalt sein - Sonnenseite - \u00d6kologische Kommunikation mit Franz Alt<\/title>\n<meta name=\"description\" content=\"Umweltverb&auml;nde fordern Kopplung s&auml;mtlicher Finanzentscheidungen an Nachhaltigkeitskriterien &Uuml;ber 20 Verb&auml;nde aus dem Natur-, Tier- und\" \/>\n<meta name=\"robots\" content=\"index, follow, max-snippet:-1, max-image-preview:large, max-video-preview:-1\" \/>\n<link rel=\"canonical\" href=\"https:\/\/www.sonnenseite.com\/de\/politik\/umwelt-und-klimaschutz-muessen-grundlage-fuer-neuen-eu-haushalt-sein\/\" \/>\n<meta property=\"og:locale\" content=\"de_DE\" \/>\n<meta property=\"og:type\" content=\"article\" \/>\n<meta property=\"og:title\" content=\"Umwelt- und Klimaschutz m\u00fcssen Grundlage f\u00fcr neuen EU-Haushalt sein - Sonnenseite - \u00d6kologische Kommunikation mit Franz Alt\" \/>\n<meta property=\"og:description\" content=\"Umweltverb&auml;nde fordern Kopplung s&auml;mtlicher Finanzentscheidungen an Nachhaltigkeitskriterien &Uuml;ber 20 Verb&auml;nde aus dem Natur-, Tier- und\" \/>\n<meta property=\"og:url\" content=\"https:\/\/www.sonnenseite.com\/de\/politik\/umwelt-und-klimaschutz-muessen-grundlage-fuer-neuen-eu-haushalt-sein\/\" \/>\n<meta property=\"og:site_name\" content=\"Sonnenseite\" \/>\n<meta property=\"article:publisher\" content=\"https:\/\/www.facebook.com\/pages\/Franz-Alt-SONNENSEITECOM\/221072987903953?fref=ts\" \/>\n<meta property=\"article:published_time\" content=\"2018-01-08T10:59:28+00:00\" \/>\n<meta property=\"og:image\" content=\"https:\/\/www.sonnenseite.com\/wp-content\/uploads\/2018\/01\/EU_flaggen_tashka2000.jpg\" \/>\n\t<meta property=\"og:image:width\" content=\"770\" \/>\n\t<meta property=\"og:image:height\" content=\"420\" \/>\n\t<meta property=\"og:image:type\" content=\"image\/jpeg\" \/>\n<meta name=\"author\" content=\"sbade\" \/>\n<meta name=\"twitter:card\" content=\"summary_large_image\" \/>\n<meta name=\"twitter:creator\" content=\"@franzalt\" \/>\n<meta name=\"twitter:site\" content=\"@franzalt\" \/>\n<meta name=\"twitter:label1\" content=\"Verfasst von\" \/>\n\t<meta name=\"twitter:data1\" content=\"sbade\" \/>\n\t<meta name=\"twitter:label2\" content=\"Gesch\u00e4tzte Lesezeit\" \/>\n\t<meta name=\"twitter:data2\" content=\"3\u00a0Minuten\" \/>\n<script type=\"application\/ld+json\" class=\"yoast-schema-graph\">{\"@context\":\"https:\/\/schema.org\",\"@graph\":[{\"@type\":\"Article\",\"@id\":\"https:\/\/www.sonnenseite.com\/de\/politik\/umwelt-und-klimaschutz-muessen-grundlage-fuer-neuen-eu-haushalt-sein\/#article\",\"isPartOf\":{\"@id\":\"https:\/\/www.sonnenseite.com\/de\/politik\/umwelt-und-klimaschutz-muessen-grundlage-fuer-neuen-eu-haushalt-sein\/\"},\"author\":{\"name\":\"sbade\",\"@id\":\"https:\/\/www.sonnenseite.com\/de\/#\/schema\/person\/6df44691cd9a70d99e140e1116ee8771\"},\"headline\":\"Umwelt- und Klimaschutz m\u00fcssen Grundlage f\u00fcr neuen EU-Haushalt sein\",\"datePublished\":\"2018-01-08T10:59:28+00:00\",\"mainEntityOfPage\":{\"@id\":\"https:\/\/www.sonnenseite.com\/de\/politik\/umwelt-und-klimaschutz-muessen-grundlage-fuer-neuen-eu-haushalt-sein\/\"},\"wordCount\":687,\"publisher\":{\"@id\":\"https:\/\/www.sonnenseite.com\/de\/#organization\"},\"image\":{\"@id\":\"https:\/\/www.sonnenseite.com\/de\/politik\/umwelt-und-klimaschutz-muessen-grundlage-fuer-neuen-eu-haushalt-sein\/#primaryimage\"},\"thumbnailUrl\":\"https:\/\/www.sonnenseite.com\/wp-content\/uploads\/2018\/01\/EU_flaggen_tashka2000.jpg\",\"articleSection\":[\"Politik\"],\"inLanguage\":\"de\"},{\"@type\":\"WebPage\",\"@id\":\"https:\/\/www.sonnenseite.com\/de\/politik\/umwelt-und-klimaschutz-muessen-grundlage-fuer-neuen-eu-haushalt-sein\/\",\"url\":\"https:\/\/www.sonnenseite.com\/de\/politik\/umwelt-und-klimaschutz-muessen-grundlage-fuer-neuen-eu-haushalt-sein\/\",\"name\":\"Umwelt- und Klimaschutz m\u00fcssen Grundlage f\u00fcr neuen EU-Haushalt sein - Sonnenseite - \u00d6kologische Kommunikation mit Franz Alt\",\"isPartOf\":{\"@id\":\"https:\/\/www.sonnenseite.com\/de\/#website\"},\"primaryImageOfPage\":{\"@id\":\"https:\/\/www.sonnenseite.com\/de\/politik\/umwelt-und-klimaschutz-muessen-grundlage-fuer-neuen-eu-haushalt-sein\/#primaryimage\"},\"image\":{\"@id\":\"https:\/\/www.sonnenseite.com\/de\/politik\/umwelt-und-klimaschutz-muessen-grundlage-fuer-neuen-eu-haushalt-sein\/#primaryimage\"},\"thumbnailUrl\":\"https:\/\/www.sonnenseite.com\/wp-content\/uploads\/2018\/01\/EU_flaggen_tashka2000.jpg\",\"datePublished\":\"2018-01-08T10:59:28+00:00\",\"description\":\"Umweltverb&auml;nde fordern Kopplung s&auml;mtlicher Finanzentscheidungen an Nachhaltigkeitskriterien &Uuml;ber 20 Verb&auml;nde aus dem Natur-, Tier- und\",\"breadcrumb\":{\"@id\":\"https:\/\/www.sonnenseite.com\/de\/politik\/umwelt-und-klimaschutz-muessen-grundlage-fuer-neuen-eu-haushalt-sein\/#breadcrumb\"},\"inLanguage\":\"de\",\"potentialAction\":[{\"@type\":\"ReadAction\",\"target\":[\"https:\/\/www.sonnenseite.com\/de\/politik\/umwelt-und-klimaschutz-muessen-grundlage-fuer-neuen-eu-haushalt-sein\/\"]}]},{\"@type\":\"ImageObject\",\"inLanguage\":\"de\",\"@id\":\"https:\/\/www.sonnenseite.com\/de\/politik\/umwelt-und-klimaschutz-muessen-grundlage-fuer-neuen-eu-haushalt-sein\/#primaryimage\",\"url\":\"https:\/\/www.sonnenseite.com\/wp-content\/uploads\/2018\/01\/EU_flaggen_tashka2000.jpg\",\"contentUrl\":\"https:\/\/www.sonnenseite.com\/wp-content\/uploads\/2018\/01\/EU_flaggen_tashka2000.jpg\",\"width\":770,\"height\":420,\"caption\":\"Fotolia.com | tashka2000 | &bdquo;Wir leben in einer Zeit, in der es darum geht, die internationalen Umweltschutz-Vertr&auml;ge umzusetzen und zu einem Erfolg werden zu lassen. Die EU hat bei der Ausgestaltung des neuen mehrj&auml;hrigen Haushaltsplans die einmalige Chance, mit Weitblick zu agieren und zum globalen Vorreiter f&uuml;r ein gesundes Leben und Arbeiten im europ&auml;ischen Wirtschaftsraum zu werden&ldquo;, unterst&uuml;tzt Ernst-Ulrich von Weizs&auml;cker, Ko-Pr&auml;sident des Club of Rome die Forderungen der Umweltverb&auml;nde.\"},{\"@type\":\"BreadcrumbList\",\"@id\":\"https:\/\/www.sonnenseite.com\/de\/politik\/umwelt-und-klimaschutz-muessen-grundlage-fuer-neuen-eu-haushalt-sein\/#breadcrumb\",\"itemListElement\":[{\"@type\":\"ListItem\",\"position\":1,\"name\":\"Startseite\",\"item\":\"https:\/\/www.sonnenseite.com\/de\/\"},{\"@type\":\"ListItem\",\"position\":2,\"name\":\"Umwelt- und Klimaschutz m\u00fcssen Grundlage f\u00fcr neuen EU-Haushalt sein\"}]},{\"@type\":\"WebSite\",\"@id\":\"https:\/\/www.sonnenseite.com\/de\/#website\",\"url\":\"https:\/\/www.sonnenseite.com\/de\/\",\"name\":\"Sonnenseite\",\"description\":\"\u00d6kologische Kommunikation mit Franz Alt\",\"publisher\":{\"@id\":\"https:\/\/www.sonnenseite.com\/de\/#organization\"},\"potentialAction\":[{\"@type\":\"SearchAction\",\"target\":{\"@type\":\"EntryPoint\",\"urlTemplate\":\"https:\/\/www.sonnenseite.com\/de\/?s={search_term_string}\"},\"query-input\":{\"@type\":\"PropertyValueSpecification\",\"valueRequired\":true,\"valueName\":\"search_term_string\"}}],\"inLanguage\":\"de\"},{\"@type\":\"Organization\",\"@id\":\"https:\/\/www.sonnenseite.com\/de\/#organization\",\"name\":\"Sonnenseite\",\"url\":\"https:\/\/www.sonnenseite.com\/de\/\",\"logo\":{\"@type\":\"ImageObject\",\"inLanguage\":\"de\",\"@id\":\"https:\/\/www.sonnenseite.com\/de\/#\/schema\/logo\/image\/\",\"url\":\"https:\/\/www.sonnenseite.com\/wp-content\/uploads\/2020\/05\/Sonnenseite_Logo.png\",\"contentUrl\":\"https:\/\/www.sonnenseite.com\/wp-content\/uploads\/2020\/05\/Sonnenseite_Logo.png\",\"width\":377,\"height\":90,\"caption\":\"Sonnenseite\"},\"image\":{\"@id\":\"https:\/\/www.sonnenseite.com\/de\/#\/schema\/logo\/image\/\"},\"sameAs\":[\"https:\/\/www.facebook.com\/pages\/Franz-Alt-SONNENSEITECOM\/221072987903953?fref=ts\",\"https:\/\/x.com\/franzalt\",\"http:\/\/www.youtube.com\/results?search_query&amp;amp;quot;franz_alt&amp;amp;quot;&amp;amp;amp;amp;search_type&amp;amp;amp;amp;aq=f\"]},{\"@type\":\"Person\",\"@id\":\"https:\/\/www.sonnenseite.com\/de\/#\/schema\/person\/6df44691cd9a70d99e140e1116ee8771\",\"name\":\"sbade\",\"sameAs\":[\"https:\/\/www.sonnenseite.com\"]}]}<\/script>\n<!-- \/ Yoast SEO plugin. -->","yoast_head_json":{"title":"Umwelt- und Klimaschutz m\u00fcssen Grundlage f\u00fcr neuen EU-Haushalt sein - Sonnenseite - \u00d6kologische Kommunikation mit Franz Alt","description":"Umweltverb&auml;nde fordern Kopplung s&auml;mtlicher Finanzentscheidungen an Nachhaltigkeitskriterien &Uuml;ber 20 Verb&auml;nde aus dem Natur-, Tier- und","robots":{"index":"index","follow":"follow","max-snippet":"max-snippet:-1","max-image-preview":"max-image-preview:large","max-video-preview":"max-video-preview:-1"},"canonical":"https:\/\/www.sonnenseite.com\/de\/politik\/umwelt-und-klimaschutz-muessen-grundlage-fuer-neuen-eu-haushalt-sein\/","og_locale":"de_DE","og_type":"article","og_title":"Umwelt- und Klimaschutz m\u00fcssen Grundlage f\u00fcr neuen EU-Haushalt sein - Sonnenseite - \u00d6kologische Kommunikation mit Franz Alt","og_description":"Umweltverb&auml;nde fordern Kopplung s&auml;mtlicher Finanzentscheidungen an Nachhaltigkeitskriterien &Uuml;ber 20 Verb&auml;nde aus dem Natur-, Tier- und","og_url":"https:\/\/www.sonnenseite.com\/de\/politik\/umwelt-und-klimaschutz-muessen-grundlage-fuer-neuen-eu-haushalt-sein\/","og_site_name":"Sonnenseite","article_publisher":"https:\/\/www.facebook.com\/pages\/Franz-Alt-SONNENSEITECOM\/221072987903953?fref=ts","article_published_time":"2018-01-08T10:59:28+00:00","og_image":[{"width":770,"height":420,"url":"https:\/\/www.sonnenseite.com\/wp-content\/uploads\/2018\/01\/EU_flaggen_tashka2000.jpg","type":"image\/jpeg"}],"author":"sbade","twitter_card":"summary_large_image","twitter_creator":"@franzalt","twitter_site":"@franzalt","twitter_misc":{"Verfasst von":"sbade","Gesch\u00e4tzte Lesezeit":"3\u00a0Minuten"},"schema":{"@context":"https:\/\/schema.org","@graph":[{"@type":"Article","@id":"https:\/\/www.sonnenseite.com\/de\/politik\/umwelt-und-klimaschutz-muessen-grundlage-fuer-neuen-eu-haushalt-sein\/#article","isPartOf":{"@id":"https:\/\/www.sonnenseite.com\/de\/politik\/umwelt-und-klimaschutz-muessen-grundlage-fuer-neuen-eu-haushalt-sein\/"},"author":{"name":"sbade","@id":"https:\/\/www.sonnenseite.com\/de\/#\/schema\/person\/6df44691cd9a70d99e140e1116ee8771"},"headline":"Umwelt- und Klimaschutz m\u00fcssen Grundlage f\u00fcr neuen EU-Haushalt sein","datePublished":"2018-01-08T10:59:28+00:00","mainEntityOfPage":{"@id":"https:\/\/www.sonnenseite.com\/de\/politik\/umwelt-und-klimaschutz-muessen-grundlage-fuer-neuen-eu-haushalt-sein\/"},"wordCount":687,"publisher":{"@id":"https:\/\/www.sonnenseite.com\/de\/#organization"},"image":{"@id":"https:\/\/www.sonnenseite.com\/de\/politik\/umwelt-und-klimaschutz-muessen-grundlage-fuer-neuen-eu-haushalt-sein\/#primaryimage"},"thumbnailUrl":"https:\/\/www.sonnenseite.com\/wp-content\/uploads\/2018\/01\/EU_flaggen_tashka2000.jpg","articleSection":["Politik"],"inLanguage":"de"},{"@type":"WebPage","@id":"https:\/\/www.sonnenseite.com\/de\/politik\/umwelt-und-klimaschutz-muessen-grundlage-fuer-neuen-eu-haushalt-sein\/","url":"https:\/\/www.sonnenseite.com\/de\/politik\/umwelt-und-klimaschutz-muessen-grundlage-fuer-neuen-eu-haushalt-sein\/","name":"Umwelt- und Klimaschutz m\u00fcssen Grundlage f\u00fcr neuen EU-Haushalt sein - Sonnenseite - \u00d6kologische Kommunikation mit Franz Alt","isPartOf":{"@id":"https:\/\/www.sonnenseite.com\/de\/#website"},"primaryImageOfPage":{"@id":"https:\/\/www.sonnenseite.com\/de\/politik\/umwelt-und-klimaschutz-muessen-grundlage-fuer-neuen-eu-haushalt-sein\/#primaryimage"},"image":{"@id":"https:\/\/www.sonnenseite.com\/de\/politik\/umwelt-und-klimaschutz-muessen-grundlage-fuer-neuen-eu-haushalt-sein\/#primaryimage"},"thumbnailUrl":"https:\/\/www.sonnenseite.com\/wp-content\/uploads\/2018\/01\/EU_flaggen_tashka2000.jpg","datePublished":"2018-01-08T10:59:28+00:00","description":"Umweltverb&auml;nde fordern Kopplung s&auml;mtlicher Finanzentscheidungen an Nachhaltigkeitskriterien &Uuml;ber 20 Verb&auml;nde aus dem Natur-, Tier- und","breadcrumb":{"@id":"https:\/\/www.sonnenseite.com\/de\/politik\/umwelt-und-klimaschutz-muessen-grundlage-fuer-neuen-eu-haushalt-sein\/#breadcrumb"},"inLanguage":"de","potentialAction":[{"@type":"ReadAction","target":["https:\/\/www.sonnenseite.com\/de\/politik\/umwelt-und-klimaschutz-muessen-grundlage-fuer-neuen-eu-haushalt-sein\/"]}]},{"@type":"ImageObject","inLanguage":"de","@id":"https:\/\/www.sonnenseite.com\/de\/politik\/umwelt-und-klimaschutz-muessen-grundlage-fuer-neuen-eu-haushalt-sein\/#primaryimage","url":"https:\/\/www.sonnenseite.com\/wp-content\/uploads\/2018\/01\/EU_flaggen_tashka2000.jpg","contentUrl":"https:\/\/www.sonnenseite.com\/wp-content\/uploads\/2018\/01\/EU_flaggen_tashka2000.jpg","width":770,"height":420,"caption":"Fotolia.com | tashka2000 | &bdquo;Wir leben in einer Zeit, in der es darum geht, die internationalen Umweltschutz-Vertr&auml;ge umzusetzen und zu einem Erfolg werden zu lassen. Die EU hat bei der Ausgestaltung des neuen mehrj&auml;hrigen Haushaltsplans die einmalige Chance, mit Weitblick zu agieren und zum globalen Vorreiter f&uuml;r ein gesundes Leben und Arbeiten im europ&auml;ischen Wirtschaftsraum zu werden&ldquo;, unterst&uuml;tzt Ernst-Ulrich von Weizs&auml;cker, Ko-Pr&auml;sident des Club of Rome die Forderungen der Umweltverb&auml;nde."},{"@type":"BreadcrumbList","@id":"https:\/\/www.sonnenseite.com\/de\/politik\/umwelt-und-klimaschutz-muessen-grundlage-fuer-neuen-eu-haushalt-sein\/#breadcrumb","itemListElement":[{"@type":"ListItem","position":1,"name":"Startseite","item":"https:\/\/www.sonnenseite.com\/de\/"},{"@type":"ListItem","position":2,"name":"Umwelt- und Klimaschutz m\u00fcssen Grundlage f\u00fcr neuen EU-Haushalt sein"}]},{"@type":"WebSite","@id":"https:\/\/www.sonnenseite.com\/de\/#website","url":"https:\/\/www.sonnenseite.com\/de\/","name":"Sonnenseite","description":"\u00d6kologische Kommunikation mit Franz Alt","publisher":{"@id":"https:\/\/www.sonnenseite.com\/de\/#organization"},"potentialAction":[{"@type":"SearchAction","target":{"@type":"EntryPoint","urlTemplate":"https:\/\/www.sonnenseite.com\/de\/?s={search_term_string}"},"query-input":{"@type":"PropertyValueSpecification","valueRequired":true,"valueName":"search_term_string"}}],"inLanguage":"de"},{"@type":"Organization","@id":"https:\/\/www.sonnenseite.com\/de\/#organization","name":"Sonnenseite","url":"https:\/\/www.sonnenseite.com\/de\/","logo":{"@type":"ImageObject","inLanguage":"de","@id":"https:\/\/www.sonnenseite.com\/de\/#\/schema\/logo\/image\/","url":"https:\/\/www.sonnenseite.com\/wp-content\/uploads\/2020\/05\/Sonnenseite_Logo.png","contentUrl":"https:\/\/www.sonnenseite.com\/wp-content\/uploads\/2020\/05\/Sonnenseite_Logo.png","width":377,"height":90,"caption":"Sonnenseite"},"image":{"@id":"https:\/\/www.sonnenseite.com\/de\/#\/schema\/logo\/image\/"},"sameAs":["https:\/\/www.facebook.com\/pages\/Franz-Alt-SONNENSEITECOM\/221072987903953?fref=ts","https:\/\/x.com\/franzalt","http:\/\/www.youtube.com\/results?search_query&amp;amp;quot;franz_alt&amp;amp;quot;&amp;amp;amp;amp;search_type&amp;amp;amp;amp;aq=f"]},{"@type":"Person","@id":"https:\/\/www.sonnenseite.com\/de\/#\/schema\/person\/6df44691cd9a70d99e140e1116ee8771","name":"sbade","sameAs":["https:\/\/www.sonnenseite.com"]}]}},"_links":{"self":[{"href":"https:\/\/www.sonnenseite.com\/de\/wp-json\/wp\/v2\/posts\/21597","targetHints":{"allow":["GET"]}}],"collection":[{"href":"https:\/\/www.sonnenseite.com\/de\/wp-json\/wp\/v2\/posts"}],"about":[{"href":"https:\/\/www.sonnenseite.com\/de\/wp-json\/wp\/v2\/types\/post"}],"author":[{"embeddable":true,"href":"https:\/\/www.sonnenseite.com\/de\/wp-json\/wp\/v2\/users\/1"}],"replies":[{"embeddable":true,"href":"https:\/\/www.sonnenseite.com\/de\/wp-json\/wp\/v2\/comments?post=21597"}],"version-history":[{"count":0,"href":"https:\/\/www.sonnenseite.com\/de\/wp-json\/wp\/v2\/posts\/21597\/revisions"}],"wp:featuredmedia":[{"embeddable":true,"href":"https:\/\/www.sonnenseite.com\/de\/wp-json\/wp\/v2\/media\/21595"}],"wp:attachment":[{"href":"https:\/\/www.sonnenseite.com\/de\/wp-json\/wp\/v2\/media?parent=21597"}],"wp:term":[{"taxonomy":"category","embeddable":true,"href":"https:\/\/www.sonnenseite.com\/de\/wp-json\/wp\/v2\/categories?post=21597"},{"taxonomy":"post_tag","embeddable":true,"href":"https:\/\/www.sonnenseite.com\/de\/wp-json\/wp\/v2\/tags?post=21597"}],"curies":[{"name":"wp","href":"https:\/\/api.w.org\/{rel}","templated":true}]}}