{"id":22570,"date":"2017-12-02T09:44:37","date_gmt":"2017-12-02T08:44:37","guid":{"rendered":"https:\/\/www.sonnenseite.com\/energie\/erfolgsgeschichte-windenergie-fuer-oesterreich-und-europa.html"},"modified":"2017-12-02T09:44:37","modified_gmt":"2017-12-02T08:44:37","slug":"erfolgsgeschichte-windenergie-fuer-oesterreich-und-europa","status":"publish","type":"post","link":"https:\/\/www.sonnenseite.com\/de\/energie\/erfolgsgeschichte-windenergie-fuer-oesterreich-und-europa\/","title":{"rendered":"Erfolgsgeschichte Windenergie f\u00fcr \u00d6sterreich und Europa"},"content":{"rendered":"<p>Industrie-Report zeigt wirtschaftliche Erfolge der Windbranche und Herausforderungen f&uuml;r die Zukunft.<\/p>\n<p> <!--more--> <\/p>\n<p class=\"FtxtP\"><span class=\"FtxtBold\">Anl&auml;sslich  der &#8218;WindEurope Conference &amp; Exhibition 2017&#8216; wurde der aktuelle  Industrie-Report pr&auml;sentiert, den Deloitte im Auftrag des Dachverbandes  f&uuml;r Windenergie in Europa erstellt hat. &#8222;Die Windenergie ist eine  europ&auml;ische Erfolgsgeschichte&#8220;, berichtet Giles Dickson, Gesch&auml;ftsf&uuml;hrer  von WindEurope und erg&auml;nzt: &#8222;Derzeit arbeiten in der EU 263.000  Personen in der Windbranche, steuern mit ihrer Arbeit 36 Milliarden Euro  zum Bruttoinlandsprodukt bei und generieren ein Exportvolumen von 8  Milliarden Euro.&#8220; Die Zukunft der Branche breitet Dickson jedoch Sorgen,  denn 92 Milliarden Euro drohen nicht investiert und 132.000  Arbeitspl&auml;tze nicht geschaffen zu werden.<\/span><\/p>\n<p class=\"FtxtP\">Diese Woche ist Amsterdam das Zentrum der europ&auml;ischen  Windbranche. Mehr als 7.300 Besucher und Besucherinnen aus &uuml;ber 80  verschiedenen L&auml;ndern nahmen am bedeutendsten europ&auml;ischen  Windenergie-Event teil. 300 Aussteller pr&auml;sentieren vor Ort ihre  Neuheiten auf der Messe. Die Gr&ouml;&szlig;e der Branche ist nicht nur auf der  Windenergie-Messe ersichtlich sondern auch auf der neuen digitalen  Industrie-Landkarte. Die gro&szlig;e Bandbreite jener Firmen wird sichtbar,  die die Erfolgsgeschichte der Windbranche erst erm&ouml;glichen. Darunter  sind auch viele &ouml;sterreichische Firmen, einige davon sind in ihrer  Sparte sogar Weltmarktf&uuml;hrer. &#8222;Mittlerweile gibt es kaum einen Teil  eines Windrades, der nicht auch von einer &ouml;sterreichischen Firma  hergestellt wird&#8220;, berichtet Stefan Moidl, Gesch&auml;ftsf&uuml;hrer der IG  Windkraft stolz.<\/p>\n<p class=\"FtxtP\"><strong><span class=\"FtxtBold\">Starke Zahlen der Windindustrie<\/span><\/strong><\/p>\n<p class=\"FtxtP\">Bei der Windenergiekonferenz pr&auml;sentierte WindEurope  den brandaktuellen Industrie-Report &#8222;Local Impact, Global Leadership&#8220;,  den Deloitte im Auftrag des Dachverbandes erstellt hat. Daraus geht  hervor, dass allein die Steuereinnahmen durch die gesamte Windindustrie  der EU ein Volumen von 4,9 Milliarden Euro erreichen. 263.000 Personen  sind derzeit in der Windbranche in Europa t&auml;tig, steuern mit ihrer  Arbeit 36 Milliarden Euro zum Bruttoinlandsprodukt bei und generieren  ein Exportvolumen von 8 Milliarden Euro. Ganze 82 Prozent der  geschaffenen Arbeitspl&auml;tze sind hochqualifizierte Jobs. Durch die  Windenergie wurden letztes Jahr nicht nur 166 Millionen Tonnen  CO2-Emissionen eingespart, sondern in den letzten f&uuml;nf Jahren konnte  auch auf Erd&ouml;l, Gas und Kohle im Wert von 32 Milliarden Euro verzichtet  werden.<\/p>\n<p class=\"FtxtP\">&#8222;Auch in &Ouml;sterreich konnte die Branche in den letzten  f&uuml;nf Jahren mehr als 500 Millionen Euro pro Jahr in den Ausbau neuer  Windenergieanlagen investieren. 180 Firmen der Zulieferbranche k&ouml;nnen  mit einem j&auml;hrlichen Umsatzvolumen von 530 Million Euro gute Werte  vorweisen&#8220;, so Moidl. &#8222;Ohne stabile Rahmenbedingungen sind diese Erfolge  f&uuml;r die Zukunft aber alles andere als gesichert.&#8220;<\/p>\n<p class=\"FtxtP\"><strong><span class=\"FtxtBold\">Schlechte Aussichten f&uuml;r die Zukunft<\/span><\/strong><\/p>\n<p class=\"FtxtP\">&#8222;Die Erfolgsgeschichte der Windindustrie der letzten  Jahre ist in Gefahr&#8220;, warnt Dickson. &#8222;Wir sprechen hier von Kosten des  &#8218;Nicht-Handelns&#8216; in der H&ouml;he von 92 Milliarden Euro, die drohen, nicht  investiert zu werden und von 132.000 Jobs, die in Folge nicht kommen.&#8220;  Allein in den letzten f&uuml;nf Jahren sind die Investitionen in der  Windbranche gesunken. Die H&auml;lfte aller EU-L&auml;nder hat letztes Jahr sogar  gar nichts in die Windbranche investiert. Der Gesch&auml;ftsf&uuml;hrer von  WindEurope verweist daher auf die aktuelle politische Debatte zum Clean  Energy Package und fordert h&ouml;here Erneuerbaren-Ziele, stabile  Rahmenbedingungen &uuml;ber 2020 hinaus, ein deutliches politisches  Kommitment f&uuml;r Forschung und Entwicklung und eine klare Industriepolitik  f&uuml;r die Windbranche, um die Technologief&uuml;hrerschaft aufrecht zu  erhalten und das Exportvolumen auf hohem Niveau fortf&uuml;hren zu k&ouml;nnen.  &#8222;Derzeit ist weder die europ&auml;ische Politik ambitioniert genug, noch gibt  es klare und nachhaltige Vorgaben, um die Erfolgsgeschichte der  Windenergie fortf&uuml;hren zu k&ouml;nnen&#8220;, so Dickson und Moidl erg&auml;nzt  abschlie&szlig;end: &#8222;Auch &Ouml;sterreich muss f&uuml;r den Ausbau der erneuerbaren  Energien klare langfristige Ziele setzen und bei der Umsetzung einen  Zahn zulegen.&#8220;<\/p>\n<ul>\n<li><strong>Report:<\/strong> <a href=\"https:\/\/windeurope.org\/wp-content\/uploads\/files\/about-wind\/reports\/WindEurope-Local-impact-global-leadership.pdf\" target=\"_blank\" rel=\"noopener noreferrer\">&#8222;Local impact, global leadership &#8211; The impact of wind energy on jobs and the EU economy&#8220; (pdf)<\/a><\/li>\n<li><a href=\"https:\/\/windeurope.org\/regional-map\" target=\"_blank\" rel=\"noopener noreferrer\">WindEurope Industry-Map<\/a><\/li>\n<\/ul>\n<div class=\"article-images\"><img loading=\"lazy\" decoding=\"async\" width=\"400\" height=\"561\" src=\"https:\/\/www.sonnenseite.com\/wp-content\/uploads\/2017\/12\/WindEurope_WindEnergy.jpg\" class=\"alignleft\" alt=\"windeurope.org\" srcset=\"https:\/\/www.sonnenseite.com\/wp-content\/uploads\/2017\/12\/WindEurope_WindEnergy.jpg 400w, https:\/\/www.sonnenseite.com\/wp-content\/uploads\/2017\/12\/WindEurope_WindEnergy-214x300.jpg 214w\" sizes=\"auto, (max-width: 400px) 100vw, 400px\" \/><\/div>\n<h5 class=\"green\">Quelle<\/h5>\n<p><a href=\"http:\/\/www.igwindkraft.at\" target=\"_blank\" rel=\"noopener noreferrer\">IG Windkraft<\/a> |&nbsp;<a href=\"mailto:m.fliegenschnee@igwindkraft.at\" target=\"_blank\" rel=\"noopener noreferrer\">Mag. Martin Fliegenschnee-Jaksch 2017<\/a><\/p>\n<div class=\"shariff shariff-align-flex-start shariff-widget-align-flex-start\"><div class=\"ShariffHeadline\">Diese Meldung teilen<\/div><ul class=\"shariff-buttons theme-round orientation-horizontal buttonsize-medium\"><li class=\"shariff-button facebook shariff-nocustomcolor\" style=\"background-color:#4273c8;border-radius:1%\"><a href=\"https:\/\/www.facebook.com\/sharer\/sharer.php?u=https%3A%2F%2Fwww.sonnenseite.com%2Fde%2Fenergie%2Ferfolgsgeschichte-windenergie-fuer-oesterreich-und-europa%2F\" title=\"Bei Facebook teilen\" aria-label=\"Bei Facebook teilen\" role=\"button\" rel=\"nofollow\" class=\"shariff-link\" style=\";border-radius:1%; background-color:#3b5998; color:#fff\" target=\"_blank\"><span class=\"shariff-icon\" style=\"\"><svg width=\"32px\" height=\"20px\" xmlns=\"http:\/\/www.w3.org\/2000\/svg\" viewBox=\"0 0 18 32\"><path fill=\"#3b5998\" d=\"M17.1 0.2v4.7h-2.8q-1.5 0-2.1 0.6t-0.5 1.9v3.4h5.2l-0.7 5.3h-4.5v13.6h-5.5v-13.6h-4.5v-5.3h4.5v-3.9q0-3.3 1.9-5.2t5-1.8q2.6 0 4.1 0.2z\"\/><\/svg><\/span><\/a><\/li><li class=\"shariff-button twitter shariff-nocustomcolor\" style=\"background-color:#595959;border-radius:1%\"><a href=\"https:\/\/twitter.com\/share?url=https%3A%2F%2Fwww.sonnenseite.com%2Fde%2Fenergie%2Ferfolgsgeschichte-windenergie-fuer-oesterreich-und-europa%2F&text=Erfolgsgeschichte%20Windenergie%20f%C3%BCr%20%C3%96sterreich%20und%20Europa\" title=\"Bei X teilen\" aria-label=\"Bei X teilen\" role=\"button\" rel=\"noopener nofollow\" class=\"shariff-link\" style=\";border-radius:1%; background-color:#000; color:#fff\" target=\"_blank\"><span class=\"shariff-icon\" style=\"\"><svg width=\"32px\" height=\"20px\" xmlns=\"http:\/\/www.w3.org\/2000\/svg\" viewBox=\"0 0 24 24\"><path fill=\"#000\" d=\"M14.258 10.152L23.176 0h-2.113l-7.747 8.813L7.133 0H0l9.352 13.328L0 23.973h2.113l8.176-9.309 6.531 9.309h7.133zm-2.895 3.293l-.949-1.328L2.875 1.56h3.246l6.086 8.523.945 1.328 7.91 11.078h-3.246zm0 0\"\/><\/svg><\/span><\/a><\/li><li class=\"shariff-button xing shariff-nocustomcolor\" style=\"background-color:#29888a;border-radius:1%\"><a href=\"https:\/\/www.xing.com\/spi\/shares\/new?url=https%3A%2F%2Fwww.sonnenseite.com%2Fde%2Fenergie%2Ferfolgsgeschichte-windenergie-fuer-oesterreich-und-europa%2F\" title=\"Bei XING teilen\" aria-label=\"Bei XING teilen\" role=\"button\" rel=\"noopener nofollow\" class=\"shariff-link\" style=\";border-radius:1%; background-color:#126567; color:#fff\" target=\"_blank\"><span class=\"shariff-icon\" style=\"\"><svg width=\"32px\" height=\"20px\" xmlns=\"http:\/\/www.w3.org\/2000\/svg\" viewBox=\"0 0 25 32\"><path fill=\"#126567\" d=\"M10.7 11.9q-0.2 0.3-4.6 8.2-0.5 0.8-1.2 0.8h-4.3q-0.4 0-0.5-0.3t0-0.6l4.5-8q0 0 0 0l-2.9-5q-0.2-0.4 0-0.7 0.2-0.3 0.5-0.3h4.3q0.7 0 1.2 0.8zM25.1 0.4q0.2 0.3 0 0.7l-9.4 16.7 6 11q0.2 0.4 0 0.6-0.2 0.3-0.6 0.3h-4.3q-0.7 0-1.2-0.8l-6-11.1q0.3-0.6 9.5-16.8 0.4-0.8 1.2-0.8h4.3q0.4 0 0.5 0.3z\"\/><\/svg><\/span><\/a><\/li><li class=\"shariff-button linkedin shariff-nocustomcolor\" style=\"background-color:#1488bf;border-radius:1%\"><a href=\"https:\/\/www.linkedin.com\/sharing\/share-offsite\/?url=https%3A%2F%2Fwww.sonnenseite.com%2Fde%2Fenergie%2Ferfolgsgeschichte-windenergie-fuer-oesterreich-und-europa%2F\" title=\"Bei LinkedIn teilen\" aria-label=\"Bei LinkedIn teilen\" role=\"button\" rel=\"noopener nofollow\" class=\"shariff-link\" style=\";border-radius:1%; background-color:#0077b5; color:#fff\" target=\"_blank\"><span class=\"shariff-icon\" style=\"\"><svg width=\"32px\" height=\"20px\" xmlns=\"http:\/\/www.w3.org\/2000\/svg\" viewBox=\"0 0 27 32\"><path fill=\"#0077b5\" d=\"M6.2 11.2v17.7h-5.9v-17.7h5.9zM6.6 5.7q0 1.3-0.9 2.2t-2.4 0.9h0q-1.5 0-2.4-0.9t-0.9-2.2 0.9-2.2 2.4-0.9 2.4 0.9 0.9 2.2zM27.4 18.7v10.1h-5.9v-9.5q0-1.9-0.7-2.9t-2.3-1.1q-1.1 0-1.9 0.6t-1.2 1.5q-0.2 0.5-0.2 1.4v9.9h-5.9q0-7.1 0-11.6t0-5.3l0-0.9h5.9v2.6h0q0.4-0.6 0.7-1t1-0.9 1.6-0.8 2-0.3q3 0 4.9 2t1.9 6z\"\/><\/svg><\/span><\/a><\/li><li class=\"shariff-button printer shariff-nocustomcolor\" style=\"background-color:#a8a8a8;border-radius:1%\"><a href=\"javascript:window.print()\" title=\"drucken\" aria-label=\"drucken\" role=\"button\" rel=\"noopener nofollow\" class=\"shariff-link\" style=\";border-radius:1%; background-color:#999; color:#fff\"><span class=\"shariff-icon\" style=\"\"><svg width=\"32px\" height=\"20px\" xmlns=\"http:\/\/www.w3.org\/2000\/svg\" viewBox=\"0 0 30 32\"><path fill=\"#999\" d=\"M6.8 27.4h16v-4.6h-16v4.6zM6.8 16h16v-6.8h-2.8q-0.7 0-1.2-0.5t-0.5-1.2v-2.8h-11.4v11.4zM27.4 17.2q0-0.5-0.3-0.8t-0.8-0.4-0.8 0.4-0.3 0.8 0.3 0.8 0.8 0.3 0.8-0.3 0.3-0.8zM29.7 17.2v7.4q0 0.2-0.2 0.4t-0.4 0.2h-4v2.8q0 0.7-0.5 1.2t-1.2 0.5h-17.2q-0.7 0-1.2-0.5t-0.5-1.2v-2.8h-4q-0.2 0-0.4-0.2t-0.2-0.4v-7.4q0-1.4 1-2.4t2.4-1h1.2v-9.7q0-0.7 0.5-1.2t1.2-0.5h12q0.7 0 1.6 0.4t1.3 0.8l2.7 2.7q0.5 0.5 0.9 1.4t0.4 1.6v4.6h1.1q1.4 0 2.4 1t1 2.4z\"\/><\/svg><\/span><\/a><\/li><li class=\"shariff-button mailto shariff-nocustomcolor\" style=\"background-color:#a8a8a8;border-radius:1%\"><a href=\"mailto:?body=https%3A%2F%2Fwww.sonnenseite.com%2Fde%2Fenergie%2Ferfolgsgeschichte-windenergie-fuer-oesterreich-und-europa%2F&subject=Erfolgsgeschichte%20Windenergie%20f%C3%BCr%20%C3%96sterreich%20und%20Europa\" title=\"Per E-Mail versenden\" aria-label=\"Per E-Mail versenden\" role=\"button\" rel=\"noopener nofollow\" class=\"shariff-link\" style=\";border-radius:1%; background-color:#999; color:#fff\"><span class=\"shariff-icon\" style=\"\"><svg width=\"32px\" height=\"20px\" xmlns=\"http:\/\/www.w3.org\/2000\/svg\" viewBox=\"0 0 32 32\"><path fill=\"#999\" d=\"M32 12.7v14.2q0 1.2-0.8 2t-2 0.9h-26.3q-1.2 0-2-0.9t-0.8-2v-14.2q0.8 0.9 1.8 1.6 6.5 4.4 8.9 6.1 1 0.8 1.6 1.2t1.7 0.9 2 0.4h0.1q0.9 0 2-0.4t1.7-0.9 1.6-1.2q3-2.2 8.9-6.1 1-0.7 1.8-1.6zM32 7.4q0 1.4-0.9 2.7t-2.2 2.2q-6.7 4.7-8.4 5.8-0.2 0.1-0.7 0.5t-1 0.7-0.9 0.6-1.1 0.5-0.9 0.2h-0.1q-0.4 0-0.9-0.2t-1.1-0.5-0.9-0.6-1-0.7-0.7-0.5q-1.6-1.1-4.7-3.2t-3.6-2.6q-1.1-0.7-2.1-2t-1-2.5q0-1.4 0.7-2.3t2.1-0.9h26.3q1.2 0 2 0.8t0.9 2z\"\/><\/svg><\/span><\/a><\/li><\/ul><\/div>","protected":false},"excerpt":{"rendered":"<p>Industrie-Report zeigt wirtschaftliche Erfolge der Windbranche und Herausforderungen f&uuml;r die Zukunft.<\/p>\n","protected":false},"author":1,"featured_media":3359,"comment_status":"closed","ping_status":"closed","sticky":false,"template":"","format":"standard","meta":{"inline_featured_image":false,"footnotes":""},"categories":[22],"tags":[],"class_list":["post-22570","post","type-post","status-publish","format-standard","has-post-thumbnail","hentry","category-energie"],"yoast_head":"<!-- This site is optimized with the Yoast SEO plugin v26.5 - https:\/\/yoast.com\/wordpress\/plugins\/seo\/ -->\n<title>Erfolgsgeschichte Windenergie f\u00fcr \u00d6sterreich und Europa - Sonnenseite - \u00d6kologische Kommunikation mit Franz Alt<\/title>\n<meta name=\"description\" content=\"Industrie-Report zeigt wirtschaftliche Erfolge der Windbranche und Herausforderungen f&uuml;r die Zukunft. Anl&auml;sslich der &#039;WindEurope Conference\" \/>\n<meta name=\"robots\" content=\"index, follow, max-snippet:-1, max-image-preview:large, max-video-preview:-1\" \/>\n<link rel=\"canonical\" href=\"https:\/\/www.sonnenseite.com\/de\/energie\/erfolgsgeschichte-windenergie-fuer-oesterreich-und-europa\/\" \/>\n<meta property=\"og:locale\" content=\"de_DE\" \/>\n<meta property=\"og:type\" content=\"article\" \/>\n<meta property=\"og:title\" content=\"Erfolgsgeschichte Windenergie f\u00fcr \u00d6sterreich und Europa - Sonnenseite - \u00d6kologische Kommunikation mit Franz Alt\" \/>\n<meta property=\"og:description\" content=\"Industrie-Report zeigt wirtschaftliche Erfolge der Windbranche und Herausforderungen f&uuml;r die Zukunft. Anl&auml;sslich der &#039;WindEurope Conference\" \/>\n<meta property=\"og:url\" content=\"https:\/\/www.sonnenseite.com\/de\/energie\/erfolgsgeschichte-windenergie-fuer-oesterreich-und-europa\/\" \/>\n<meta property=\"og:site_name\" content=\"Sonnenseite\" \/>\n<meta property=\"article:publisher\" content=\"https:\/\/www.facebook.com\/pages\/Franz-Alt-SONNENSEITECOM\/221072987903953?fref=ts\" \/>\n<meta property=\"article:published_time\" content=\"2017-12-02T08:44:37+00:00\" \/>\n<meta property=\"og:image\" content=\"https:\/\/www.sonnenseite.com\/wp-content\/uploads\/2020\/02\/Windenergie_crstrbrt.jpg\" \/>\n\t<meta property=\"og:image:width\" content=\"770\" \/>\n\t<meta property=\"og:image:height\" content=\"420\" \/>\n\t<meta property=\"og:image:type\" content=\"image\/jpeg\" \/>\n<meta name=\"author\" content=\"sbade\" \/>\n<meta name=\"twitter:card\" content=\"summary_large_image\" \/>\n<meta name=\"twitter:creator\" content=\"@franzalt\" \/>\n<meta name=\"twitter:site\" content=\"@franzalt\" \/>\n<meta name=\"twitter:label1\" content=\"Verfasst von\" \/>\n\t<meta name=\"twitter:data1\" content=\"sbade\" \/>\n\t<meta name=\"twitter:label2\" content=\"Gesch\u00e4tzte Lesezeit\" \/>\n\t<meta name=\"twitter:data2\" content=\"3\u00a0Minuten\" \/>\n<script type=\"application\/ld+json\" class=\"yoast-schema-graph\">{\"@context\":\"https:\/\/schema.org\",\"@graph\":[{\"@type\":\"Article\",\"@id\":\"https:\/\/www.sonnenseite.com\/de\/energie\/erfolgsgeschichte-windenergie-fuer-oesterreich-und-europa\/#article\",\"isPartOf\":{\"@id\":\"https:\/\/www.sonnenseite.com\/de\/energie\/erfolgsgeschichte-windenergie-fuer-oesterreich-und-europa\/\"},\"author\":{\"name\":\"sbade\",\"@id\":\"https:\/\/www.sonnenseite.com\/de\/#\/schema\/person\/6df44691cd9a70d99e140e1116ee8771\"},\"headline\":\"Erfolgsgeschichte Windenergie f\u00fcr \u00d6sterreich und Europa\",\"datePublished\":\"2017-12-02T08:44:37+00:00\",\"mainEntityOfPage\":{\"@id\":\"https:\/\/www.sonnenseite.com\/de\/energie\/erfolgsgeschichte-windenergie-fuer-oesterreich-und-europa\/\"},\"wordCount\":667,\"publisher\":{\"@id\":\"https:\/\/www.sonnenseite.com\/de\/#organization\"},\"image\":{\"@id\":\"https:\/\/www.sonnenseite.com\/de\/energie\/erfolgsgeschichte-windenergie-fuer-oesterreich-und-europa\/#primaryimage\"},\"thumbnailUrl\":\"https:\/\/www.sonnenseite.com\/wp-content\/uploads\/2020\/02\/Windenergie_crstrbrt.jpg\",\"articleSection\":[\"Energie\"],\"inLanguage\":\"de\"},{\"@type\":\"WebPage\",\"@id\":\"https:\/\/www.sonnenseite.com\/de\/energie\/erfolgsgeschichte-windenergie-fuer-oesterreich-und-europa\/\",\"url\":\"https:\/\/www.sonnenseite.com\/de\/energie\/erfolgsgeschichte-windenergie-fuer-oesterreich-und-europa\/\",\"name\":\"Erfolgsgeschichte Windenergie f\u00fcr \u00d6sterreich und Europa - Sonnenseite - \u00d6kologische Kommunikation mit Franz Alt\",\"isPartOf\":{\"@id\":\"https:\/\/www.sonnenseite.com\/de\/#website\"},\"primaryImageOfPage\":{\"@id\":\"https:\/\/www.sonnenseite.com\/de\/energie\/erfolgsgeschichte-windenergie-fuer-oesterreich-und-europa\/#primaryimage\"},\"image\":{\"@id\":\"https:\/\/www.sonnenseite.com\/de\/energie\/erfolgsgeschichte-windenergie-fuer-oesterreich-und-europa\/#primaryimage\"},\"thumbnailUrl\":\"https:\/\/www.sonnenseite.com\/wp-content\/uploads\/2020\/02\/Windenergie_crstrbrt.jpg\",\"datePublished\":\"2017-12-02T08:44:37+00:00\",\"description\":\"Industrie-Report zeigt wirtschaftliche Erfolge der Windbranche und Herausforderungen f&uuml;r die Zukunft. Anl&auml;sslich der 'WindEurope Conference\",\"breadcrumb\":{\"@id\":\"https:\/\/www.sonnenseite.com\/de\/energie\/erfolgsgeschichte-windenergie-fuer-oesterreich-und-europa\/#breadcrumb\"},\"inLanguage\":\"de\",\"potentialAction\":[{\"@type\":\"ReadAction\",\"target\":[\"https:\/\/www.sonnenseite.com\/de\/energie\/erfolgsgeschichte-windenergie-fuer-oesterreich-und-europa\/\"]}]},{\"@type\":\"ImageObject\",\"inLanguage\":\"de\",\"@id\":\"https:\/\/www.sonnenseite.com\/de\/energie\/erfolgsgeschichte-windenergie-fuer-oesterreich-und-europa\/#primaryimage\",\"url\":\"https:\/\/www.sonnenseite.com\/wp-content\/uploads\/2020\/02\/Windenergie_crstrbrt.jpg\",\"contentUrl\":\"https:\/\/www.sonnenseite.com\/wp-content\/uploads\/2020\/02\/Windenergie_crstrbrt.jpg\",\"width\":770,\"height\":420,\"caption\":\"Depositphotos | crstrbrt\"},{\"@type\":\"BreadcrumbList\",\"@id\":\"https:\/\/www.sonnenseite.com\/de\/energie\/erfolgsgeschichte-windenergie-fuer-oesterreich-und-europa\/#breadcrumb\",\"itemListElement\":[{\"@type\":\"ListItem\",\"position\":1,\"name\":\"Startseite\",\"item\":\"https:\/\/www.sonnenseite.com\/de\/\"},{\"@type\":\"ListItem\",\"position\":2,\"name\":\"Erfolgsgeschichte Windenergie f\u00fcr \u00d6sterreich und Europa\"}]},{\"@type\":\"WebSite\",\"@id\":\"https:\/\/www.sonnenseite.com\/de\/#website\",\"url\":\"https:\/\/www.sonnenseite.com\/de\/\",\"name\":\"Sonnenseite\",\"description\":\"\u00d6kologische Kommunikation mit Franz Alt\",\"publisher\":{\"@id\":\"https:\/\/www.sonnenseite.com\/de\/#organization\"},\"potentialAction\":[{\"@type\":\"SearchAction\",\"target\":{\"@type\":\"EntryPoint\",\"urlTemplate\":\"https:\/\/www.sonnenseite.com\/de\/?s={search_term_string}\"},\"query-input\":{\"@type\":\"PropertyValueSpecification\",\"valueRequired\":true,\"valueName\":\"search_term_string\"}}],\"inLanguage\":\"de\"},{\"@type\":\"Organization\",\"@id\":\"https:\/\/www.sonnenseite.com\/de\/#organization\",\"name\":\"Sonnenseite\",\"url\":\"https:\/\/www.sonnenseite.com\/de\/\",\"logo\":{\"@type\":\"ImageObject\",\"inLanguage\":\"de\",\"@id\":\"https:\/\/www.sonnenseite.com\/de\/#\/schema\/logo\/image\/\",\"url\":\"https:\/\/www.sonnenseite.com\/wp-content\/uploads\/2020\/05\/Sonnenseite_Logo.png\",\"contentUrl\":\"https:\/\/www.sonnenseite.com\/wp-content\/uploads\/2020\/05\/Sonnenseite_Logo.png\",\"width\":377,\"height\":90,\"caption\":\"Sonnenseite\"},\"image\":{\"@id\":\"https:\/\/www.sonnenseite.com\/de\/#\/schema\/logo\/image\/\"},\"sameAs\":[\"https:\/\/www.facebook.com\/pages\/Franz-Alt-SONNENSEITECOM\/221072987903953?fref=ts\",\"https:\/\/x.com\/franzalt\",\"http:\/\/www.youtube.com\/results?search_query&amp;amp;quot;franz_alt&amp;amp;quot;&amp;amp;amp;amp;search_type&amp;amp;amp;amp;aq=f\"]},{\"@type\":\"Person\",\"@id\":\"https:\/\/www.sonnenseite.com\/de\/#\/schema\/person\/6df44691cd9a70d99e140e1116ee8771\",\"name\":\"sbade\",\"sameAs\":[\"https:\/\/www.sonnenseite.com\"]}]}<\/script>\n<!-- \/ Yoast SEO plugin. -->","yoast_head_json":{"title":"Erfolgsgeschichte Windenergie f\u00fcr \u00d6sterreich und Europa - Sonnenseite - \u00d6kologische Kommunikation mit Franz Alt","description":"Industrie-Report zeigt wirtschaftliche Erfolge der Windbranche und Herausforderungen f&uuml;r die Zukunft. Anl&auml;sslich der 'WindEurope Conference","robots":{"index":"index","follow":"follow","max-snippet":"max-snippet:-1","max-image-preview":"max-image-preview:large","max-video-preview":"max-video-preview:-1"},"canonical":"https:\/\/www.sonnenseite.com\/de\/energie\/erfolgsgeschichte-windenergie-fuer-oesterreich-und-europa\/","og_locale":"de_DE","og_type":"article","og_title":"Erfolgsgeschichte Windenergie f\u00fcr \u00d6sterreich und Europa - Sonnenseite - \u00d6kologische Kommunikation mit Franz Alt","og_description":"Industrie-Report zeigt wirtschaftliche Erfolge der Windbranche und Herausforderungen f&uuml;r die Zukunft. Anl&auml;sslich der 'WindEurope Conference","og_url":"https:\/\/www.sonnenseite.com\/de\/energie\/erfolgsgeschichte-windenergie-fuer-oesterreich-und-europa\/","og_site_name":"Sonnenseite","article_publisher":"https:\/\/www.facebook.com\/pages\/Franz-Alt-SONNENSEITECOM\/221072987903953?fref=ts","article_published_time":"2017-12-02T08:44:37+00:00","og_image":[{"width":770,"height":420,"url":"https:\/\/www.sonnenseite.com\/wp-content\/uploads\/2020\/02\/Windenergie_crstrbrt.jpg","type":"image\/jpeg"}],"author":"sbade","twitter_card":"summary_large_image","twitter_creator":"@franzalt","twitter_site":"@franzalt","twitter_misc":{"Verfasst von":"sbade","Gesch\u00e4tzte Lesezeit":"3\u00a0Minuten"},"schema":{"@context":"https:\/\/schema.org","@graph":[{"@type":"Article","@id":"https:\/\/www.sonnenseite.com\/de\/energie\/erfolgsgeschichte-windenergie-fuer-oesterreich-und-europa\/#article","isPartOf":{"@id":"https:\/\/www.sonnenseite.com\/de\/energie\/erfolgsgeschichte-windenergie-fuer-oesterreich-und-europa\/"},"author":{"name":"sbade","@id":"https:\/\/www.sonnenseite.com\/de\/#\/schema\/person\/6df44691cd9a70d99e140e1116ee8771"},"headline":"Erfolgsgeschichte Windenergie f\u00fcr \u00d6sterreich und Europa","datePublished":"2017-12-02T08:44:37+00:00","mainEntityOfPage":{"@id":"https:\/\/www.sonnenseite.com\/de\/energie\/erfolgsgeschichte-windenergie-fuer-oesterreich-und-europa\/"},"wordCount":667,"publisher":{"@id":"https:\/\/www.sonnenseite.com\/de\/#organization"},"image":{"@id":"https:\/\/www.sonnenseite.com\/de\/energie\/erfolgsgeschichte-windenergie-fuer-oesterreich-und-europa\/#primaryimage"},"thumbnailUrl":"https:\/\/www.sonnenseite.com\/wp-content\/uploads\/2020\/02\/Windenergie_crstrbrt.jpg","articleSection":["Energie"],"inLanguage":"de"},{"@type":"WebPage","@id":"https:\/\/www.sonnenseite.com\/de\/energie\/erfolgsgeschichte-windenergie-fuer-oesterreich-und-europa\/","url":"https:\/\/www.sonnenseite.com\/de\/energie\/erfolgsgeschichte-windenergie-fuer-oesterreich-und-europa\/","name":"Erfolgsgeschichte Windenergie f\u00fcr \u00d6sterreich und Europa - Sonnenseite - \u00d6kologische Kommunikation mit Franz Alt","isPartOf":{"@id":"https:\/\/www.sonnenseite.com\/de\/#website"},"primaryImageOfPage":{"@id":"https:\/\/www.sonnenseite.com\/de\/energie\/erfolgsgeschichte-windenergie-fuer-oesterreich-und-europa\/#primaryimage"},"image":{"@id":"https:\/\/www.sonnenseite.com\/de\/energie\/erfolgsgeschichte-windenergie-fuer-oesterreich-und-europa\/#primaryimage"},"thumbnailUrl":"https:\/\/www.sonnenseite.com\/wp-content\/uploads\/2020\/02\/Windenergie_crstrbrt.jpg","datePublished":"2017-12-02T08:44:37+00:00","description":"Industrie-Report zeigt wirtschaftliche Erfolge der Windbranche und Herausforderungen f&uuml;r die Zukunft. Anl&auml;sslich der 'WindEurope Conference","breadcrumb":{"@id":"https:\/\/www.sonnenseite.com\/de\/energie\/erfolgsgeschichte-windenergie-fuer-oesterreich-und-europa\/#breadcrumb"},"inLanguage":"de","potentialAction":[{"@type":"ReadAction","target":["https:\/\/www.sonnenseite.com\/de\/energie\/erfolgsgeschichte-windenergie-fuer-oesterreich-und-europa\/"]}]},{"@type":"ImageObject","inLanguage":"de","@id":"https:\/\/www.sonnenseite.com\/de\/energie\/erfolgsgeschichte-windenergie-fuer-oesterreich-und-europa\/#primaryimage","url":"https:\/\/www.sonnenseite.com\/wp-content\/uploads\/2020\/02\/Windenergie_crstrbrt.jpg","contentUrl":"https:\/\/www.sonnenseite.com\/wp-content\/uploads\/2020\/02\/Windenergie_crstrbrt.jpg","width":770,"height":420,"caption":"Depositphotos | crstrbrt"},{"@type":"BreadcrumbList","@id":"https:\/\/www.sonnenseite.com\/de\/energie\/erfolgsgeschichte-windenergie-fuer-oesterreich-und-europa\/#breadcrumb","itemListElement":[{"@type":"ListItem","position":1,"name":"Startseite","item":"https:\/\/www.sonnenseite.com\/de\/"},{"@type":"ListItem","position":2,"name":"Erfolgsgeschichte Windenergie f\u00fcr \u00d6sterreich und Europa"}]},{"@type":"WebSite","@id":"https:\/\/www.sonnenseite.com\/de\/#website","url":"https:\/\/www.sonnenseite.com\/de\/","name":"Sonnenseite","description":"\u00d6kologische Kommunikation mit Franz Alt","publisher":{"@id":"https:\/\/www.sonnenseite.com\/de\/#organization"},"potentialAction":[{"@type":"SearchAction","target":{"@type":"EntryPoint","urlTemplate":"https:\/\/www.sonnenseite.com\/de\/?s={search_term_string}"},"query-input":{"@type":"PropertyValueSpecification","valueRequired":true,"valueName":"search_term_string"}}],"inLanguage":"de"},{"@type":"Organization","@id":"https:\/\/www.sonnenseite.com\/de\/#organization","name":"Sonnenseite","url":"https:\/\/www.sonnenseite.com\/de\/","logo":{"@type":"ImageObject","inLanguage":"de","@id":"https:\/\/www.sonnenseite.com\/de\/#\/schema\/logo\/image\/","url":"https:\/\/www.sonnenseite.com\/wp-content\/uploads\/2020\/05\/Sonnenseite_Logo.png","contentUrl":"https:\/\/www.sonnenseite.com\/wp-content\/uploads\/2020\/05\/Sonnenseite_Logo.png","width":377,"height":90,"caption":"Sonnenseite"},"image":{"@id":"https:\/\/www.sonnenseite.com\/de\/#\/schema\/logo\/image\/"},"sameAs":["https:\/\/www.facebook.com\/pages\/Franz-Alt-SONNENSEITECOM\/221072987903953?fref=ts","https:\/\/x.com\/franzalt","http:\/\/www.youtube.com\/results?search_query&amp;amp;quot;franz_alt&amp;amp;quot;&amp;amp;amp;amp;search_type&amp;amp;amp;amp;aq=f"]},{"@type":"Person","@id":"https:\/\/www.sonnenseite.com\/de\/#\/schema\/person\/6df44691cd9a70d99e140e1116ee8771","name":"sbade","sameAs":["https:\/\/www.sonnenseite.com"]}]}},"_links":{"self":[{"href":"https:\/\/www.sonnenseite.com\/de\/wp-json\/wp\/v2\/posts\/22570","targetHints":{"allow":["GET"]}}],"collection":[{"href":"https:\/\/www.sonnenseite.com\/de\/wp-json\/wp\/v2\/posts"}],"about":[{"href":"https:\/\/www.sonnenseite.com\/de\/wp-json\/wp\/v2\/types\/post"}],"author":[{"embeddable":true,"href":"https:\/\/www.sonnenseite.com\/de\/wp-json\/wp\/v2\/users\/1"}],"replies":[{"embeddable":true,"href":"https:\/\/www.sonnenseite.com\/de\/wp-json\/wp\/v2\/comments?post=22570"}],"version-history":[{"count":0,"href":"https:\/\/www.sonnenseite.com\/de\/wp-json\/wp\/v2\/posts\/22570\/revisions"}],"wp:featuredmedia":[{"embeddable":true,"href":"https:\/\/www.sonnenseite.com\/de\/wp-json\/wp\/v2\/media\/3359"}],"wp:attachment":[{"href":"https:\/\/www.sonnenseite.com\/de\/wp-json\/wp\/v2\/media?parent=22570"}],"wp:term":[{"taxonomy":"category","embeddable":true,"href":"https:\/\/www.sonnenseite.com\/de\/wp-json\/wp\/v2\/categories?post=22570"},{"taxonomy":"post_tag","embeddable":true,"href":"https:\/\/www.sonnenseite.com\/de\/wp-json\/wp\/v2\/tags?post=22570"}],"curies":[{"name":"wp","href":"https:\/\/api.w.org\/{rel}","templated":true}]}}