{"id":26734,"date":"2017-06-29T13:21:38","date_gmt":"2017-06-29T11:21:38","guid":{"rendered":"https:\/\/www.sonnenseite.com\/energie\/gesetzesaenderung-bringt-energiewende-in-die-innenstaedte.html"},"modified":"2017-06-29T13:21:38","modified_gmt":"2017-06-29T11:21:38","slug":"gesetzesaenderung-bringt-energiewende-in-die-innenstaedte","status":"publish","type":"post","link":"https:\/\/www.sonnenseite.com\/de\/energie\/gesetzesaenderung-bringt-energiewende-in-die-innenstaedte\/","title":{"rendered":"Gesetzes\u00e4nderung bringt Energiewende in die Innenst\u00e4dte"},"content":{"rendered":"<p><div>Die  Solarwirtschaft begr&uuml;&szlig;t &Ouml;ffnung neuen Marktsegments f&uuml;r Energie- und  Wohnungswirtschaft &#8211; EEG-&Auml;nderung bleibe aber hinter den Erwartungen  zur&uuml;ck &#8211; Neues F&ouml;rderangebot erleichtert Mietern Zugang zu preiswertem Solarstrom vom Dach des Vermieters.<\/div>\n<\/p>\n<p> <!--more--> <\/p>\n<p><div>Der  Bundesverband Solarwirtschaft e.V. begr&uuml;&szlig;t das heute im Deutschen  Bundestag zur Verabschiedung stehende Mieterstromgesetz. Dieses bleibe  hinter den Erwartungen der Branche zur&uuml;ck, werde es Mieterinnen und  Mietern k&uuml;nftig aber etwas leichter machen, in den Genuss preiswerten  Solarstroms vom Dach des Vermieters zu gelangen. Der federf&uuml;hrende  Wirtschaftsausschuss im Bundestag hat heute den Weg f&uuml;r die geplante  F&ouml;rderung solaren Mieterstroms frei gemacht, der vor Ort erzeugt und  direkt vom Vermieter, Stadtwerk oder Energiedienstleister angeboten  werden kann.&nbsp;<\/div>\n<\/p>\n<p>Vorgesehen ist ein Zuschuss f&uuml;r lokal erzeugten Solarstrom in H&ouml;he  von rund 2 bis 3 Cent je Kilowattstunde, der nicht ins &ouml;ffentliche  Stromnetz eingespeist, sondern Mietern in Wohngeb&auml;uden zu einem Rabatt  von 10 Prozent gegen&uuml;ber regionalen Grundversorgertarifen angeboten  wird. Mit Hilfe des neuen Bonus und aufgrund eines rapiden Preisverfalls  bei Solarstromanlagen in den letzten Jahren k&ouml;nnte dies nun mancherorts  Schule machen. <\/p>\n<p>Das Gesetz bleibt hinter den Erwartungen der Solarwirtschaft und  vieler Energieexperten zur&uuml;ck und wird nur einen Teil der  Solarenergie-Potenziale in den Innenst&auml;dten heben k&ouml;nnen. Die  Solarbranche ist dennoch zuversichtlich, dass das neue Angebot  insbesondere Stadtwerke vermehrt dazu veranlassen wird, k&uuml;nftig  Solaranlagen auf Mietwohngeb&auml;uden zu errichten und Mietern attraktive  Solarstromtarife anzubieten. Carsten K&ouml;rnig, Hauptgesch&auml;ftsf&uuml;hrer des  Bundesverbandes Solarwirtschaft (BSW): &#8222;Photovoltaik auf einem Mietshaus  unterscheidet sich von vielen anderen Klimaschutzma&szlig;nahmen an der  Geb&auml;udeh&uuml;lle: Von ihr k&ouml;nnen Vermieter und Mieter schon heute auch  finanziell gleicherma&szlig;en profitieren. Moderne Stadtwerke interessieren  sich zunehmend f&uuml;r eine dezentrale und nachhaltige Energieversorgung von  Wohnquartieren. Schon zum Zwecke einer langfristigen Kundenbindung  werden sie Mietern jetzt vermehrt Solarenergie anbieten.&#8220; <\/p>\n<p>Insgesamt greife die aktuelle Gesetzes&auml;nderung aber zu kurz. K&ouml;rnig:  &#8222;W&auml;hrend im Eigenheim f&uuml;r den selbst genutzten Solarstrom zu Recht keine  EEG-Umlage anf&auml;llt, wird solarer Mieterstrom auch k&uuml;nftig mit der  vollen EEG-Umlage von rund sieben Cent je Kilowattstunde beaufschlagt.  Diese Ungleichbehandlung bleibt bestehen, obwohl Solarstrom vom Dach des  Vermieters nicht minder umweltfreundlich ist. Die verbleibende  &#8218;Sonnensteuer&#8216; f&uuml;r solaren Mieterstrom ist zwei- bis dreimal so hoch wie  der neue Zuschuss.&#8220; Von einer echten F&ouml;rderung k&ouml;nne deshalb eigentlich  keine Rede sein, so K&ouml;rnig. <\/p>\n<p>Die Bundesvereinigung der Solar- und  Speicherwirtschaft fordert seit geraumer Zeit, die EEG-Umlage auf  solaren Mieterstrom abzuschaffen. &#8222;Das jetzt zu Beschluss stehende  Mieterstromgesetz erm&ouml;glicht dennoch den wichtigen Schulterschluss  zwischen Energie- und Wohnungswirtschaft und ist ein erster wichtiger  Schritt auf dem Weg zur Dekarbonisierung, Dezentralisierung und  Digitalisierung unserer Energieversorgung&#8220;, so K&ouml;rnig. <\/p>\n<p>Damit solare Mieterstromprojekte zum Standard im Neubau und Bestand  werden k&ouml;nnen, sind nach BSW-Auffassung in der n&auml;chsten  Legislaturperiode weitere Marktbarrieren von der Politik zu beseitigen.  So m&uuml;ssten u.a. steuerliche Barrieren f&uuml;r Wohnungsbaugesellschaften  abgebaut und zumindest Betreiber kleinerer Solarstromanlagen von  Lieferantenpflichten im Sinne des Energiewirtschaftsgesetzes befreit  werden. F&uuml;r sie sei der Aufwand f&uuml;r Abrechnungs-, Informations- und  Mitteilungspflichten unverh&auml;ltnism&auml;&szlig;ig, wenn sie Mieter einer  Einliegerwohnung mit Solarstrom vom eigenen Hausdach versorgen wollen. <\/p>\n<p>Kostenlose Infos zum Thema Solarer Mieterstrom bietet der  Bundesverband Solarwirtschaft auf dem j&uuml;ngst mit Unterst&uuml;tzung der  Intersolar Europe eingerichteten Onlineportal <a href=\"http:\/\/www.sonneteilen.de\/\" target=\"_blank\" rel=\"noopener noreferrer\">www.sonneteilen.de<\/a>. &nbsp;<\/p>\n<p><div><\/div>\n<\/p>\n<h5 class=\"green\">Quelle<\/h5>\n<p><a href=\"http:\/\/www.solarwirtschaft.de\" target=\"_blank\" rel=\"noopener noreferrer\">Bundesverband Solarwirtschaft e.V. 2017<\/a><\/p>\n<div class=\"shariff shariff-align-flex-start shariff-widget-align-flex-start\"><div class=\"ShariffHeadline\">Diese Meldung teilen<\/div><ul class=\"shariff-buttons theme-round orientation-horizontal buttonsize-medium\"><li class=\"shariff-button facebook shariff-nocustomcolor\" style=\"background-color:#4273c8;border-radius:1%\"><a href=\"https:\/\/www.facebook.com\/sharer\/sharer.php?u=https%3A%2F%2Fwww.sonnenseite.com%2Fde%2Fenergie%2Fgesetzesaenderung-bringt-energiewende-in-die-innenstaedte%2F\" title=\"Bei Facebook teilen\" aria-label=\"Bei Facebook teilen\" role=\"button\" rel=\"nofollow\" class=\"shariff-link\" style=\";border-radius:1%; background-color:#3b5998; color:#fff\" target=\"_blank\"><span class=\"shariff-icon\" style=\"\"><svg width=\"32px\" height=\"20px\" xmlns=\"http:\/\/www.w3.org\/2000\/svg\" viewBox=\"0 0 18 32\"><path fill=\"#3b5998\" d=\"M17.1 0.2v4.7h-2.8q-1.5 0-2.1 0.6t-0.5 1.9v3.4h5.2l-0.7 5.3h-4.5v13.6h-5.5v-13.6h-4.5v-5.3h4.5v-3.9q0-3.3 1.9-5.2t5-1.8q2.6 0 4.1 0.2z\"\/><\/svg><\/span><\/a><\/li><li class=\"shariff-button twitter shariff-nocustomcolor\" style=\"background-color:#595959;border-radius:1%\"><a href=\"https:\/\/twitter.com\/share?url=https%3A%2F%2Fwww.sonnenseite.com%2Fde%2Fenergie%2Fgesetzesaenderung-bringt-energiewende-in-die-innenstaedte%2F&text=Gesetzes%C3%A4nderung%20bringt%20Energiewende%20in%20die%20Innenst%C3%A4dte\" title=\"Bei X teilen\" aria-label=\"Bei X teilen\" role=\"button\" rel=\"noopener nofollow\" class=\"shariff-link\" style=\";border-radius:1%; background-color:#000; color:#fff\" target=\"_blank\"><span class=\"shariff-icon\" style=\"\"><svg width=\"32px\" height=\"20px\" xmlns=\"http:\/\/www.w3.org\/2000\/svg\" viewBox=\"0 0 24 24\"><path fill=\"#000\" d=\"M14.258 10.152L23.176 0h-2.113l-7.747 8.813L7.133 0H0l9.352 13.328L0 23.973h2.113l8.176-9.309 6.531 9.309h7.133zm-2.895 3.293l-.949-1.328L2.875 1.56h3.246l6.086 8.523.945 1.328 7.91 11.078h-3.246zm0 0\"\/><\/svg><\/span><\/a><\/li><li class=\"shariff-button xing shariff-nocustomcolor\" style=\"background-color:#29888a;border-radius:1%\"><a href=\"https:\/\/www.xing.com\/spi\/shares\/new?url=https%3A%2F%2Fwww.sonnenseite.com%2Fde%2Fenergie%2Fgesetzesaenderung-bringt-energiewende-in-die-innenstaedte%2F\" title=\"Bei XING teilen\" aria-label=\"Bei XING teilen\" role=\"button\" rel=\"noopener nofollow\" class=\"shariff-link\" style=\";border-radius:1%; background-color:#126567; color:#fff\" target=\"_blank\"><span class=\"shariff-icon\" style=\"\"><svg width=\"32px\" height=\"20px\" xmlns=\"http:\/\/www.w3.org\/2000\/svg\" viewBox=\"0 0 25 32\"><path fill=\"#126567\" d=\"M10.7 11.9q-0.2 0.3-4.6 8.2-0.5 0.8-1.2 0.8h-4.3q-0.4 0-0.5-0.3t0-0.6l4.5-8q0 0 0 0l-2.9-5q-0.2-0.4 0-0.7 0.2-0.3 0.5-0.3h4.3q0.7 0 1.2 0.8zM25.1 0.4q0.2 0.3 0 0.7l-9.4 16.7 6 11q0.2 0.4 0 0.6-0.2 0.3-0.6 0.3h-4.3q-0.7 0-1.2-0.8l-6-11.1q0.3-0.6 9.5-16.8 0.4-0.8 1.2-0.8h4.3q0.4 0 0.5 0.3z\"\/><\/svg><\/span><\/a><\/li><li class=\"shariff-button linkedin shariff-nocustomcolor\" style=\"background-color:#1488bf;border-radius:1%\"><a href=\"https:\/\/www.linkedin.com\/sharing\/share-offsite\/?url=https%3A%2F%2Fwww.sonnenseite.com%2Fde%2Fenergie%2Fgesetzesaenderung-bringt-energiewende-in-die-innenstaedte%2F\" title=\"Bei LinkedIn teilen\" aria-label=\"Bei LinkedIn teilen\" role=\"button\" rel=\"noopener nofollow\" class=\"shariff-link\" style=\";border-radius:1%; background-color:#0077b5; color:#fff\" target=\"_blank\"><span class=\"shariff-icon\" style=\"\"><svg width=\"32px\" height=\"20px\" xmlns=\"http:\/\/www.w3.org\/2000\/svg\" viewBox=\"0 0 27 32\"><path fill=\"#0077b5\" d=\"M6.2 11.2v17.7h-5.9v-17.7h5.9zM6.6 5.7q0 1.3-0.9 2.2t-2.4 0.9h0q-1.5 0-2.4-0.9t-0.9-2.2 0.9-2.2 2.4-0.9 2.4 0.9 0.9 2.2zM27.4 18.7v10.1h-5.9v-9.5q0-1.9-0.7-2.9t-2.3-1.1q-1.1 0-1.9 0.6t-1.2 1.5q-0.2 0.5-0.2 1.4v9.9h-5.9q0-7.1 0-11.6t0-5.3l0-0.9h5.9v2.6h0q0.4-0.6 0.7-1t1-0.9 1.6-0.8 2-0.3q3 0 4.9 2t1.9 6z\"\/><\/svg><\/span><\/a><\/li><li class=\"shariff-button printer shariff-nocustomcolor\" style=\"background-color:#a8a8a8;border-radius:1%\"><a href=\"javascript:window.print()\" title=\"drucken\" aria-label=\"drucken\" role=\"button\" rel=\"noopener nofollow\" class=\"shariff-link\" style=\";border-radius:1%; background-color:#999; color:#fff\"><span class=\"shariff-icon\" style=\"\"><svg width=\"32px\" height=\"20px\" xmlns=\"http:\/\/www.w3.org\/2000\/svg\" viewBox=\"0 0 30 32\"><path fill=\"#999\" d=\"M6.8 27.4h16v-4.6h-16v4.6zM6.8 16h16v-6.8h-2.8q-0.7 0-1.2-0.5t-0.5-1.2v-2.8h-11.4v11.4zM27.4 17.2q0-0.5-0.3-0.8t-0.8-0.4-0.8 0.4-0.3 0.8 0.3 0.8 0.8 0.3 0.8-0.3 0.3-0.8zM29.7 17.2v7.4q0 0.2-0.2 0.4t-0.4 0.2h-4v2.8q0 0.7-0.5 1.2t-1.2 0.5h-17.2q-0.7 0-1.2-0.5t-0.5-1.2v-2.8h-4q-0.2 0-0.4-0.2t-0.2-0.4v-7.4q0-1.4 1-2.4t2.4-1h1.2v-9.7q0-0.7 0.5-1.2t1.2-0.5h12q0.7 0 1.6 0.4t1.3 0.8l2.7 2.7q0.5 0.5 0.9 1.4t0.4 1.6v4.6h1.1q1.4 0 2.4 1t1 2.4z\"\/><\/svg><\/span><\/a><\/li><li class=\"shariff-button mailto shariff-nocustomcolor\" style=\"background-color:#a8a8a8;border-radius:1%\"><a href=\"mailto:?body=https%3A%2F%2Fwww.sonnenseite.com%2Fde%2Fenergie%2Fgesetzesaenderung-bringt-energiewende-in-die-innenstaedte%2F&subject=Gesetzes%C3%A4nderung%20bringt%20Energiewende%20in%20die%20Innenst%C3%A4dte\" title=\"Per E-Mail versenden\" aria-label=\"Per E-Mail versenden\" role=\"button\" rel=\"noopener nofollow\" class=\"shariff-link\" style=\";border-radius:1%; background-color:#999; color:#fff\"><span class=\"shariff-icon\" style=\"\"><svg width=\"32px\" height=\"20px\" xmlns=\"http:\/\/www.w3.org\/2000\/svg\" viewBox=\"0 0 32 32\"><path fill=\"#999\" d=\"M32 12.7v14.2q0 1.2-0.8 2t-2 0.9h-26.3q-1.2 0-2-0.9t-0.8-2v-14.2q0.8 0.9 1.8 1.6 6.5 4.4 8.9 6.1 1 0.8 1.6 1.2t1.7 0.9 2 0.4h0.1q0.9 0 2-0.4t1.7-0.9 1.6-1.2q3-2.2 8.9-6.1 1-0.7 1.8-1.6zM32 7.4q0 1.4-0.9 2.7t-2.2 2.2q-6.7 4.7-8.4 5.8-0.2 0.1-0.7 0.5t-1 0.7-0.9 0.6-1.1 0.5-0.9 0.2h-0.1q-0.4 0-0.9-0.2t-1.1-0.5-0.9-0.6-1-0.7-0.7-0.5q-1.6-1.1-4.7-3.2t-3.6-2.6q-1.1-0.7-2.1-2t-1-2.5q0-1.4 0.7-2.3t2.1-0.9h26.3q1.2 0 2 0.8t0.9 2z\"\/><\/svg><\/span><\/a><\/li><\/ul><\/div>","protected":false},"excerpt":{"rendered":"<p>Die Solarwirtschaft begr&uuml;&szlig;t &Ouml;ffnung neuen Marktsegments f&uuml;r Energie- und Wohnungswirtschaft &#8211; EEG-&Auml;nderung bleibe aber hinter den [&hellip;]<\/p>\n","protected":false},"author":1,"featured_media":26732,"comment_status":"closed","ping_status":"closed","sticky":false,"template":"","format":"standard","meta":{"inline_featured_image":false,"footnotes":""},"categories":[22],"tags":[],"class_list":["post-26734","post","type-post","status-publish","format-standard","has-post-thumbnail","hentry","category-energie"],"yoast_head":"<!-- This site is optimized with the Yoast SEO plugin v26.5 - https:\/\/yoast.com\/wordpress\/plugins\/seo\/ -->\n<title>Gesetzes\u00e4nderung bringt Energiewende in die Innenst\u00e4dte - Sonnenseite - \u00d6kologische Kommunikation mit Franz Alt<\/title>\n<meta name=\"description\" content=\"Die Solarwirtschaft begr&uuml;&szlig;t &Ouml;ffnung neuen Marktsegments f&uuml;r Energie- und Wohnungswirtschaft - EEG-&Auml;nderung bleibe aber hinter\" \/>\n<meta name=\"robots\" content=\"index, follow, max-snippet:-1, max-image-preview:large, max-video-preview:-1\" \/>\n<link rel=\"canonical\" href=\"https:\/\/www.sonnenseite.com\/de\/energie\/gesetzesaenderung-bringt-energiewende-in-die-innenstaedte\/\" \/>\n<meta property=\"og:locale\" content=\"de_DE\" \/>\n<meta property=\"og:type\" content=\"article\" \/>\n<meta property=\"og:title\" content=\"Gesetzes\u00e4nderung bringt Energiewende in die Innenst\u00e4dte - Sonnenseite - \u00d6kologische Kommunikation mit Franz Alt\" \/>\n<meta property=\"og:description\" content=\"Die Solarwirtschaft begr&uuml;&szlig;t &Ouml;ffnung neuen Marktsegments f&uuml;r Energie- und Wohnungswirtschaft - EEG-&Auml;nderung bleibe aber hinter\" \/>\n<meta property=\"og:url\" content=\"https:\/\/www.sonnenseite.com\/de\/energie\/gesetzesaenderung-bringt-energiewende-in-die-innenstaedte\/\" \/>\n<meta property=\"og:site_name\" content=\"Sonnenseite\" \/>\n<meta property=\"article:publisher\" content=\"https:\/\/www.facebook.com\/pages\/Franz-Alt-SONNENSEITECOM\/221072987903953?fref=ts\" \/>\n<meta property=\"article:published_time\" content=\"2017-06-29T11:21:38+00:00\" \/>\n<meta property=\"og:image\" content=\"https:\/\/www.sonnenseite.com\/wp-content\/uploads\/2017\/06\/lichtblick_berlin01-hellersdorf-stadt-land.jpg\" \/>\n\t<meta property=\"og:image:width\" content=\"770\" \/>\n\t<meta property=\"og:image:height\" content=\"420\" \/>\n\t<meta property=\"og:image:type\" content=\"image\/jpeg\" \/>\n<meta name=\"author\" content=\"sbade\" \/>\n<meta name=\"twitter:card\" content=\"summary_large_image\" \/>\n<meta name=\"twitter:creator\" content=\"@franzalt\" \/>\n<meta name=\"twitter:site\" content=\"@franzalt\" \/>\n<meta name=\"twitter:label1\" content=\"Verfasst von\" \/>\n\t<meta name=\"twitter:data1\" content=\"sbade\" \/>\n\t<meta name=\"twitter:label2\" content=\"Gesch\u00e4tzte Lesezeit\" \/>\n\t<meta name=\"twitter:data2\" content=\"3\u00a0Minuten\" \/>\n<script type=\"application\/ld+json\" class=\"yoast-schema-graph\">{\"@context\":\"https:\/\/schema.org\",\"@graph\":[{\"@type\":\"Article\",\"@id\":\"https:\/\/www.sonnenseite.com\/de\/energie\/gesetzesaenderung-bringt-energiewende-in-die-innenstaedte\/#article\",\"isPartOf\":{\"@id\":\"https:\/\/www.sonnenseite.com\/de\/energie\/gesetzesaenderung-bringt-energiewende-in-die-innenstaedte\/\"},\"author\":{\"name\":\"sbade\",\"@id\":\"https:\/\/www.sonnenseite.com\/de\/#\/schema\/person\/6df44691cd9a70d99e140e1116ee8771\"},\"headline\":\"Gesetzes\u00e4nderung bringt Energiewende in die Innenst\u00e4dte\",\"datePublished\":\"2017-06-29T11:21:38+00:00\",\"mainEntityOfPage\":{\"@id\":\"https:\/\/www.sonnenseite.com\/de\/energie\/gesetzesaenderung-bringt-energiewende-in-die-innenstaedte\/\"},\"wordCount\":618,\"publisher\":{\"@id\":\"https:\/\/www.sonnenseite.com\/de\/#organization\"},\"image\":{\"@id\":\"https:\/\/www.sonnenseite.com\/de\/energie\/gesetzesaenderung-bringt-energiewende-in-die-innenstaedte\/#primaryimage\"},\"thumbnailUrl\":\"https:\/\/www.sonnenseite.com\/wp-content\/uploads\/2017\/06\/lichtblick_berlin01-hellersdorf-stadt-land.jpg\",\"articleSection\":[\"Energie\"],\"inLanguage\":\"de\"},{\"@type\":\"WebPage\",\"@id\":\"https:\/\/www.sonnenseite.com\/de\/energie\/gesetzesaenderung-bringt-energiewende-in-die-innenstaedte\/\",\"url\":\"https:\/\/www.sonnenseite.com\/de\/energie\/gesetzesaenderung-bringt-energiewende-in-die-innenstaedte\/\",\"name\":\"Gesetzes\u00e4nderung bringt Energiewende in die Innenst\u00e4dte - Sonnenseite - \u00d6kologische Kommunikation mit Franz Alt\",\"isPartOf\":{\"@id\":\"https:\/\/www.sonnenseite.com\/de\/#website\"},\"primaryImageOfPage\":{\"@id\":\"https:\/\/www.sonnenseite.com\/de\/energie\/gesetzesaenderung-bringt-energiewende-in-die-innenstaedte\/#primaryimage\"},\"image\":{\"@id\":\"https:\/\/www.sonnenseite.com\/de\/energie\/gesetzesaenderung-bringt-energiewende-in-die-innenstaedte\/#primaryimage\"},\"thumbnailUrl\":\"https:\/\/www.sonnenseite.com\/wp-content\/uploads\/2017\/06\/lichtblick_berlin01-hellersdorf-stadt-land.jpg\",\"datePublished\":\"2017-06-29T11:21:38+00:00\",\"description\":\"Die Solarwirtschaft begr&uuml;&szlig;t &Ouml;ffnung neuen Marktsegments f&uuml;r Energie- und Wohnungswirtschaft - EEG-&Auml;nderung bleibe aber hinter\",\"breadcrumb\":{\"@id\":\"https:\/\/www.sonnenseite.com\/de\/energie\/gesetzesaenderung-bringt-energiewende-in-die-innenstaedte\/#breadcrumb\"},\"inLanguage\":\"de\",\"potentialAction\":[{\"@type\":\"ReadAction\",\"target\":[\"https:\/\/www.sonnenseite.com\/de\/energie\/gesetzesaenderung-bringt-energiewende-in-die-innenstaedte\/\"]}]},{\"@type\":\"ImageObject\",\"inLanguage\":\"de\",\"@id\":\"https:\/\/www.sonnenseite.com\/de\/energie\/gesetzesaenderung-bringt-energiewende-in-die-innenstaedte\/#primaryimage\",\"url\":\"https:\/\/www.sonnenseite.com\/wp-content\/uploads\/2017\/06\/lichtblick_berlin01-hellersdorf-stadt-land.jpg\",\"contentUrl\":\"https:\/\/www.sonnenseite.com\/wp-content\/uploads\/2017\/06\/lichtblick_berlin01-hellersdorf-stadt-land.jpg\",\"width\":770,\"height\":420,\"caption\":\"lichtblick.de | Berlin Hellersdorf | Im Bereich Mieterstrom schl\u00e4gt der Klimakreis vor, dass der Strom vom Dach k\u00fcnftig unb\u00fcrokratisch an die Mieter weitergegeben werden kann.\"},{\"@type\":\"BreadcrumbList\",\"@id\":\"https:\/\/www.sonnenseite.com\/de\/energie\/gesetzesaenderung-bringt-energiewende-in-die-innenstaedte\/#breadcrumb\",\"itemListElement\":[{\"@type\":\"ListItem\",\"position\":1,\"name\":\"Startseite\",\"item\":\"https:\/\/www.sonnenseite.com\/de\/\"},{\"@type\":\"ListItem\",\"position\":2,\"name\":\"Gesetzes\u00e4nderung bringt Energiewende in die Innenst\u00e4dte\"}]},{\"@type\":\"WebSite\",\"@id\":\"https:\/\/www.sonnenseite.com\/de\/#website\",\"url\":\"https:\/\/www.sonnenseite.com\/de\/\",\"name\":\"Sonnenseite\",\"description\":\"\u00d6kologische Kommunikation mit Franz Alt\",\"publisher\":{\"@id\":\"https:\/\/www.sonnenseite.com\/de\/#organization\"},\"potentialAction\":[{\"@type\":\"SearchAction\",\"target\":{\"@type\":\"EntryPoint\",\"urlTemplate\":\"https:\/\/www.sonnenseite.com\/de\/?s={search_term_string}\"},\"query-input\":{\"@type\":\"PropertyValueSpecification\",\"valueRequired\":true,\"valueName\":\"search_term_string\"}}],\"inLanguage\":\"de\"},{\"@type\":\"Organization\",\"@id\":\"https:\/\/www.sonnenseite.com\/de\/#organization\",\"name\":\"Sonnenseite\",\"url\":\"https:\/\/www.sonnenseite.com\/de\/\",\"logo\":{\"@type\":\"ImageObject\",\"inLanguage\":\"de\",\"@id\":\"https:\/\/www.sonnenseite.com\/de\/#\/schema\/logo\/image\/\",\"url\":\"https:\/\/www.sonnenseite.com\/wp-content\/uploads\/2020\/05\/Sonnenseite_Logo.png\",\"contentUrl\":\"https:\/\/www.sonnenseite.com\/wp-content\/uploads\/2020\/05\/Sonnenseite_Logo.png\",\"width\":377,\"height\":90,\"caption\":\"Sonnenseite\"},\"image\":{\"@id\":\"https:\/\/www.sonnenseite.com\/de\/#\/schema\/logo\/image\/\"},\"sameAs\":[\"https:\/\/www.facebook.com\/pages\/Franz-Alt-SONNENSEITECOM\/221072987903953?fref=ts\",\"https:\/\/x.com\/franzalt\",\"http:\/\/www.youtube.com\/results?search_query&amp;amp;quot;franz_alt&amp;amp;quot;&amp;amp;amp;amp;search_type&amp;amp;amp;amp;aq=f\"]},{\"@type\":\"Person\",\"@id\":\"https:\/\/www.sonnenseite.com\/de\/#\/schema\/person\/6df44691cd9a70d99e140e1116ee8771\",\"name\":\"sbade\",\"sameAs\":[\"https:\/\/www.sonnenseite.com\"]}]}<\/script>\n<!-- \/ Yoast SEO plugin. -->","yoast_head_json":{"title":"Gesetzes\u00e4nderung bringt Energiewende in die Innenst\u00e4dte - Sonnenseite - \u00d6kologische Kommunikation mit Franz Alt","description":"Die Solarwirtschaft begr&uuml;&szlig;t &Ouml;ffnung neuen Marktsegments f&uuml;r Energie- und Wohnungswirtschaft - EEG-&Auml;nderung bleibe aber hinter","robots":{"index":"index","follow":"follow","max-snippet":"max-snippet:-1","max-image-preview":"max-image-preview:large","max-video-preview":"max-video-preview:-1"},"canonical":"https:\/\/www.sonnenseite.com\/de\/energie\/gesetzesaenderung-bringt-energiewende-in-die-innenstaedte\/","og_locale":"de_DE","og_type":"article","og_title":"Gesetzes\u00e4nderung bringt Energiewende in die Innenst\u00e4dte - Sonnenseite - \u00d6kologische Kommunikation mit Franz Alt","og_description":"Die Solarwirtschaft begr&uuml;&szlig;t &Ouml;ffnung neuen Marktsegments f&uuml;r Energie- und Wohnungswirtschaft - EEG-&Auml;nderung bleibe aber hinter","og_url":"https:\/\/www.sonnenseite.com\/de\/energie\/gesetzesaenderung-bringt-energiewende-in-die-innenstaedte\/","og_site_name":"Sonnenseite","article_publisher":"https:\/\/www.facebook.com\/pages\/Franz-Alt-SONNENSEITECOM\/221072987903953?fref=ts","article_published_time":"2017-06-29T11:21:38+00:00","og_image":[{"width":770,"height":420,"url":"https:\/\/www.sonnenseite.com\/wp-content\/uploads\/2017\/06\/lichtblick_berlin01-hellersdorf-stadt-land.jpg","type":"image\/jpeg"}],"author":"sbade","twitter_card":"summary_large_image","twitter_creator":"@franzalt","twitter_site":"@franzalt","twitter_misc":{"Verfasst von":"sbade","Gesch\u00e4tzte Lesezeit":"3\u00a0Minuten"},"schema":{"@context":"https:\/\/schema.org","@graph":[{"@type":"Article","@id":"https:\/\/www.sonnenseite.com\/de\/energie\/gesetzesaenderung-bringt-energiewende-in-die-innenstaedte\/#article","isPartOf":{"@id":"https:\/\/www.sonnenseite.com\/de\/energie\/gesetzesaenderung-bringt-energiewende-in-die-innenstaedte\/"},"author":{"name":"sbade","@id":"https:\/\/www.sonnenseite.com\/de\/#\/schema\/person\/6df44691cd9a70d99e140e1116ee8771"},"headline":"Gesetzes\u00e4nderung bringt Energiewende in die Innenst\u00e4dte","datePublished":"2017-06-29T11:21:38+00:00","mainEntityOfPage":{"@id":"https:\/\/www.sonnenseite.com\/de\/energie\/gesetzesaenderung-bringt-energiewende-in-die-innenstaedte\/"},"wordCount":618,"publisher":{"@id":"https:\/\/www.sonnenseite.com\/de\/#organization"},"image":{"@id":"https:\/\/www.sonnenseite.com\/de\/energie\/gesetzesaenderung-bringt-energiewende-in-die-innenstaedte\/#primaryimage"},"thumbnailUrl":"https:\/\/www.sonnenseite.com\/wp-content\/uploads\/2017\/06\/lichtblick_berlin01-hellersdorf-stadt-land.jpg","articleSection":["Energie"],"inLanguage":"de"},{"@type":"WebPage","@id":"https:\/\/www.sonnenseite.com\/de\/energie\/gesetzesaenderung-bringt-energiewende-in-die-innenstaedte\/","url":"https:\/\/www.sonnenseite.com\/de\/energie\/gesetzesaenderung-bringt-energiewende-in-die-innenstaedte\/","name":"Gesetzes\u00e4nderung bringt Energiewende in die Innenst\u00e4dte - Sonnenseite - \u00d6kologische Kommunikation mit Franz Alt","isPartOf":{"@id":"https:\/\/www.sonnenseite.com\/de\/#website"},"primaryImageOfPage":{"@id":"https:\/\/www.sonnenseite.com\/de\/energie\/gesetzesaenderung-bringt-energiewende-in-die-innenstaedte\/#primaryimage"},"image":{"@id":"https:\/\/www.sonnenseite.com\/de\/energie\/gesetzesaenderung-bringt-energiewende-in-die-innenstaedte\/#primaryimage"},"thumbnailUrl":"https:\/\/www.sonnenseite.com\/wp-content\/uploads\/2017\/06\/lichtblick_berlin01-hellersdorf-stadt-land.jpg","datePublished":"2017-06-29T11:21:38+00:00","description":"Die Solarwirtschaft begr&uuml;&szlig;t &Ouml;ffnung neuen Marktsegments f&uuml;r Energie- und Wohnungswirtschaft - EEG-&Auml;nderung bleibe aber hinter","breadcrumb":{"@id":"https:\/\/www.sonnenseite.com\/de\/energie\/gesetzesaenderung-bringt-energiewende-in-die-innenstaedte\/#breadcrumb"},"inLanguage":"de","potentialAction":[{"@type":"ReadAction","target":["https:\/\/www.sonnenseite.com\/de\/energie\/gesetzesaenderung-bringt-energiewende-in-die-innenstaedte\/"]}]},{"@type":"ImageObject","inLanguage":"de","@id":"https:\/\/www.sonnenseite.com\/de\/energie\/gesetzesaenderung-bringt-energiewende-in-die-innenstaedte\/#primaryimage","url":"https:\/\/www.sonnenseite.com\/wp-content\/uploads\/2017\/06\/lichtblick_berlin01-hellersdorf-stadt-land.jpg","contentUrl":"https:\/\/www.sonnenseite.com\/wp-content\/uploads\/2017\/06\/lichtblick_berlin01-hellersdorf-stadt-land.jpg","width":770,"height":420,"caption":"lichtblick.de | Berlin Hellersdorf | Im Bereich Mieterstrom schl\u00e4gt der Klimakreis vor, dass der Strom vom Dach k\u00fcnftig unb\u00fcrokratisch an die Mieter weitergegeben werden kann."},{"@type":"BreadcrumbList","@id":"https:\/\/www.sonnenseite.com\/de\/energie\/gesetzesaenderung-bringt-energiewende-in-die-innenstaedte\/#breadcrumb","itemListElement":[{"@type":"ListItem","position":1,"name":"Startseite","item":"https:\/\/www.sonnenseite.com\/de\/"},{"@type":"ListItem","position":2,"name":"Gesetzes\u00e4nderung bringt Energiewende in die Innenst\u00e4dte"}]},{"@type":"WebSite","@id":"https:\/\/www.sonnenseite.com\/de\/#website","url":"https:\/\/www.sonnenseite.com\/de\/","name":"Sonnenseite","description":"\u00d6kologische Kommunikation mit Franz Alt","publisher":{"@id":"https:\/\/www.sonnenseite.com\/de\/#organization"},"potentialAction":[{"@type":"SearchAction","target":{"@type":"EntryPoint","urlTemplate":"https:\/\/www.sonnenseite.com\/de\/?s={search_term_string}"},"query-input":{"@type":"PropertyValueSpecification","valueRequired":true,"valueName":"search_term_string"}}],"inLanguage":"de"},{"@type":"Organization","@id":"https:\/\/www.sonnenseite.com\/de\/#organization","name":"Sonnenseite","url":"https:\/\/www.sonnenseite.com\/de\/","logo":{"@type":"ImageObject","inLanguage":"de","@id":"https:\/\/www.sonnenseite.com\/de\/#\/schema\/logo\/image\/","url":"https:\/\/www.sonnenseite.com\/wp-content\/uploads\/2020\/05\/Sonnenseite_Logo.png","contentUrl":"https:\/\/www.sonnenseite.com\/wp-content\/uploads\/2020\/05\/Sonnenseite_Logo.png","width":377,"height":90,"caption":"Sonnenseite"},"image":{"@id":"https:\/\/www.sonnenseite.com\/de\/#\/schema\/logo\/image\/"},"sameAs":["https:\/\/www.facebook.com\/pages\/Franz-Alt-SONNENSEITECOM\/221072987903953?fref=ts","https:\/\/x.com\/franzalt","http:\/\/www.youtube.com\/results?search_query&amp;amp;quot;franz_alt&amp;amp;quot;&amp;amp;amp;amp;search_type&amp;amp;amp;amp;aq=f"]},{"@type":"Person","@id":"https:\/\/www.sonnenseite.com\/de\/#\/schema\/person\/6df44691cd9a70d99e140e1116ee8771","name":"sbade","sameAs":["https:\/\/www.sonnenseite.com"]}]}},"_links":{"self":[{"href":"https:\/\/www.sonnenseite.com\/de\/wp-json\/wp\/v2\/posts\/26734","targetHints":{"allow":["GET"]}}],"collection":[{"href":"https:\/\/www.sonnenseite.com\/de\/wp-json\/wp\/v2\/posts"}],"about":[{"href":"https:\/\/www.sonnenseite.com\/de\/wp-json\/wp\/v2\/types\/post"}],"author":[{"embeddable":true,"href":"https:\/\/www.sonnenseite.com\/de\/wp-json\/wp\/v2\/users\/1"}],"replies":[{"embeddable":true,"href":"https:\/\/www.sonnenseite.com\/de\/wp-json\/wp\/v2\/comments?post=26734"}],"version-history":[{"count":0,"href":"https:\/\/www.sonnenseite.com\/de\/wp-json\/wp\/v2\/posts\/26734\/revisions"}],"wp:featuredmedia":[{"embeddable":true,"href":"https:\/\/www.sonnenseite.com\/de\/wp-json\/wp\/v2\/media\/26732"}],"wp:attachment":[{"href":"https:\/\/www.sonnenseite.com\/de\/wp-json\/wp\/v2\/media?parent=26734"}],"wp:term":[{"taxonomy":"category","embeddable":true,"href":"https:\/\/www.sonnenseite.com\/de\/wp-json\/wp\/v2\/categories?post=26734"},{"taxonomy":"post_tag","embeddable":true,"href":"https:\/\/www.sonnenseite.com\/de\/wp-json\/wp\/v2\/tags?post=26734"}],"curies":[{"name":"wp","href":"https:\/\/api.w.org\/{rel}","templated":true}]}}