{"id":29710,"date":"2017-03-09T08:41:05","date_gmt":"2017-03-09T07:41:05","guid":{"rendered":"https:\/\/www.sonnenseite.com\/energie\/studie-zeigt-breite-unterstuetzung-fuer-erneuerbare-energien-und-klimaschutz.html"},"modified":"2017-03-09T08:41:05","modified_gmt":"2017-03-09T07:41:05","slug":"studie-zeigt-breite-unterstuetzung-fuer-erneuerbare-energien-und-klimaschutz","status":"publish","type":"post","link":"https:\/\/www.sonnenseite.com\/de\/energie\/studie-zeigt-breite-unterstuetzung-fuer-erneuerbare-energien-und-klimaschutz\/","title":{"rendered":"Studie zeigt breite Unterst\u00fctzung f\u00fcr Erneuerbare Energien und Klimaschutz"},"content":{"rendered":"<p>Briten, Deutsche, Franzosen, Norweger im L&auml;ndervergleich: Gro&szlig;e Unterst&uuml;tzung f&uuml;r Klimaschutz und Erneuerbare Energien.&nbsp;Sie unterst&uuml;tzen mit gro&szlig;er Mehrheit Erneuerbare Energien zeigen sich beim Vertrauen in die Politik gespalten und sagen: &#8222;Der Klimawandel ist bereits heute sp&uuml;rbar.&#8220;<\/p>\n<p> <!--more--> <\/p>\n<p>Dies sind zentrale Ergebnisse einer Befragung von B&uuml;rgerinnen und  B&uuml;rgern zur Energie- und Klimapolitik in Deutschland, Frankreich,  Gro&szlig;britannien und Norwegen. Ergebnisse dieser l&auml;ndervergleichenden  Studie wurden heute in einer gemeinsamen Pressekonferenz des <em>Zentrums f&uuml;r interdisziplin&auml;re Risiko- und Innovationsforschung (ZIRIUS) der Universit&auml;t Stuttgart, <\/em>des<em> Institute for Advanced Sustainability Studies (IASS) Potsdam <\/em>und der Wissenschaftsplattform <em>klimafakten.de <\/em>vorgestellt<em>.<\/em><\/p>\n<p>In einer repr&auml;sentativen Befragung &auml;u&szlig;erten sich jeweils rund 1.000  B&uuml;rgerinnen und B&uuml;rger in Deutschland, Gro&szlig;britannien, Norwegen und  Frankreich zu den Themen Klimawandel und Energiepolitik. Politische  Bedeutung gewinnen die Befunde insbesondere mit Blick auf den  Wahlkalender: So stehen in Frankreich, Norwegen und Deutschland  Pr&auml;sidentschafts- bzw. Parlamentswahlen an. In Gro&szlig;britannien f&uuml;hrt der  Brexit auch zu Unsicherheit in Bezug auf die k&uuml;nftige Klima- und  Energiepolitik.<\/p>\n<p><strong>&Uuml;berzeugt von der Existenz des Klimawandels, aber nicht vom wissenschaftlichen Konsens dazu<\/strong><\/p>\n<p>Eine gro&szlig;e Mehrheit der Deutschen (83 Prozent) geht davon aus, dass  es einen Klimawandel gibt. &Uuml;berraschend hoch allerdings ist in  Deutschland im Vergleich zu den anderen untersuchten L&auml;ndern der Anteil  derjenigen, die von der Existenz des Klimawandels nicht &uuml;berzeugt sind:  Mit 16 Prozent liegt dieser Wert deutlich h&ouml;her als in Gro&szlig;britannien  (12 Prozent), Frankreich (sechs Prozent) und Norwegen (vier Prozent).<\/p>\n<p><strong>Grafik 01<\/strong><\/p>\n<p>Ein Grund daf&uuml;r k&ouml;nnte sein, dass drei von vier Deutschen den  Klimawandel in der Forschung f&uuml;r umstritten halten. Die Befragten  sollten angeben, inwieweit sie davon ausgehen, dass sich die  Klimawissenschaftler &uuml;ber den menschengemachten Klimawandel einig sind.  Nur knapp jeder vierte Befragte (24 Prozent) gab dabei an, dass eine  &uuml;berwiegende Mehrheit der Klimaforscher darin &uuml;bereinstimmt, dass es  einen menschengemachten Klimawandel gibt. Tats&auml;chlich stimmen dem aber <a href=\"https:\/\/www.klimafakten.de\/behauptungen\/behauptung-es-gibt-noch-keinen-wissenschaftlichen-konsens-zum-klimawandel\" target=\"_blank\" rel=\"noopener noreferrer\">rund 97 Prozent der Klimaforscher zu<\/a>.<\/p>\n<p>Trotz der Schwierigkeiten, den tats&auml;chlichen Erkenntnisstand  einzusch&auml;tzen: In allen vier L&auml;ndern ist der Klimawandel f&uuml;r die  B&uuml;rgerinnen und B&uuml;rger bereits Realit&auml;t. So stimmen jeweils 60 bis 61 %  der Befragten der Aussage zu, dass die Folgen des Klimawandels bereits  sp&uuml;rbar sind.<\/p>\n<p><strong>Energiepolitik: Hohe Zustimmung zu Erneuerbaren Energien, Ablehnung von Kohle und Kernkraft<\/strong><\/p>\n<p>In der Befragung wurden die B&uuml;rgerinnen und B&uuml;rger auch zu ihren  Einstellungen zu verschiedenen Energietr&auml;gern, ihrem Vertrauen in  verschiedene Institutionen und ihren W&uuml;nschen an die staatliche  Energiepolitik befragt. Auf gro&szlig;e Zustimmung in allen vier L&auml;ndern  treffen die Erneuerbaren Energien. Jeweils mehr als 70 Prozent der  B&uuml;rger sehen Solarenergie, Wind- und Wasserkraft positiv. Auf geringe  Zustimmung als Energietr&auml;ger sto&szlig;en in Deutschland hingegen &Ouml;l, Kohle  und Kernkraft, die nur 28 Prozent, 22 Prozent bzw. 14 Prozent positiv  einsch&auml;tzen.<\/p>\n<p>Klare Pr&auml;ferenzen &auml;u&szlig;ern die B&uuml;rgerinnen und B&uuml;rger auch bei ihren  Erwartungen an die Energiepolitik. Deutlich sprechen sie sich daf&uuml;r aus,  den Verkauf energieverschwendender Haushaltsger&auml;te zu verbieten &ndash; in  Deutschland unterst&uuml;tzen 61 Prozent der Befragten ein solches Verbot, 18  Prozent lehnen es ab. Wenn es um h&ouml;here Steuern auf fossile  Energietr&auml;ger wie Kohle, &Ouml;l und Gas geht, drehen sich die  Mehrheitsverh&auml;ltnisse allerdings um: 53 Prozent der Deutschen lehnen  dies ab. Und auch eine Erh&ouml;hung der Strompreise wird von mehr als zwei  Dritteln (67 Prozent) der Deutschen abgelehnt.<\/p>\n<p><strong>In Deutschland ist das Vertrauen in die Kommunen bei der Umsetzung der Energiewende gro&szlig;<\/strong><\/p>\n<p>Bei der Frage nach dem Vertrauen in wichtige Akteure auf dem Feld der  Energiepolitik zeigen sich deutliche Unterschiede zwischen Deutschland  und den drei anderen L&auml;ndern. So haben die Deutschen deutlich mehr  Vertrauen in die Akteure der Energiepolitik als die B&uuml;rger Frankreichs,  Gro&szlig;britanniens oder Norwegens: Die EU-Kommission, die Regierung, die  Kommunen und auch die Energieunternehmen genie&szlig;en in Deutschland jeweils  mehr Vertrauen als irgendeiner dieser Akteure in Frankreich,  Gro&szlig;britannien oder Norwegen. Absoluter Spitzenreiter in Sachen  Vertrauen sind dabei die deutschen St&auml;dte und Gemeinden: Nur f&uuml;nf  Prozent der Deutschen haben &#8222;gar kein Vertrauen&#8220; in die Kommunen, wenn  es um Energiepolitik geht.<\/p>\n<p><strong>Grafik 02<\/strong><\/p>\n<div class=\"article-body\">\n<div class=\"field field-name-field-global-body field-type-text-long field-label-hidden\">\n<div class=\"field-items\">\n<div class=\"field-item even\">\n<p>Die  l&auml;ndervergleichende Studie &#8222;Wahrnehmungen des Klimawandels und  Energiepr&auml;ferenzen in Europa (European Perceptions of Climate Change and  Energy Preferences, EPCC)&#8220; wurde von der Universit&auml;t Cardiff  (Gro&szlig;britannien; Projektleitung), dem Forschungszentrum<em> ZIRIUS (Zentrum f&uuml;r interdisziplin&auml;re Risiko- und Innovationsforschung) der Universit&auml;t Stuttgart<\/em>, dem<em> Institut Symlog (Frankreich) <\/em>und der<em> Universit&auml;t Bergen (Norwegen) <\/em>durchgef&uuml;hrt  und ausgewertet. Gef&ouml;rdert wurde die Studie mit Mitteln des  Bundesministeriums f&uuml;r Bildung und Forschung im Rahmen der  EU-Programminitiative &#8222;Connecting Climate Knowledge for Europe&#8220; (JPI  Climate). Die repr&auml;sentative Befragung der jeweils rund 1.000  B&uuml;rgerinnen und B&uuml;rger in den vier L&auml;ndern fand im Juni 2016,  unmittelbar vor dem Brexit-Votum, statt und wurde vom  Meinungsforschungsinstitut <em>Ipsos MORI<\/em> durchgef&uuml;hrt.<\/p>\n<p><strong>&#8222;Unterst&uuml;tzung f&uuml;r Klimaschutz und Energiewende in Deutschland wie in den anderen einbezogenen L&auml;ndern auf breitem Fundament&#8220;<\/strong><\/p>\n<p>Ortwin Renn, Projektleiter zur Studie am Forschungszentrum<em> ZIRIUS der Universit&auml;t Stuttgart<\/em>  und Wissenschaftlicher Direktor am IASS erkl&auml;rte anl&auml;sslich der  Ver&ouml;ffentlichung der Ergebnisse: &#8222;Ermutigend ist, dass die gro&szlig;e  Mehrheit der befragten Europ&auml;er davon ausgehen, dass es den Klimawandel  gibt und seine Folgen bereits heute konkret zu sp&uuml;ren sind. Die  Unterst&uuml;tzung f&uuml;r Klimaschutzma&szlig;nahmen und die Energiewende ruht in  Deutschland ebenso wie in den anderen einbezogenen L&auml;ndern auf einem  breiten Fundament. Allerdings hatten wir nicht erwartet, dass der Anteil  derer, die den menschgemachten Klimawandel bezweifeln, in Deutschland  so hoch ist. Das ist ein alarmierendes Zeichen. In Zeiten, in denen  rechtspopulistische Bewegungen Zulauf erhalten, muss die Wissenschaft  ihre Erkenntnisse daher verst&auml;rkt vermitteln und nachvollziehbar  erkl&auml;ren. Das ist auch eine Voraussetzung f&uuml;r den Erfolg der  Energiewende.&#8220;<\/p>\n<p>Annika Arnold, Projektbearbeiterin am Forschungszentrum<em> ZIRIUS der Universit&auml;t Stuttgart<\/em>,  sieht in den Daten eine Best&auml;tigung f&uuml;r das positive Image der  Erneuerbaren Energien: &#8222;Klimafreundliche Energie ist den B&uuml;rgerinnen und  B&uuml;rgern in allen vier L&auml;ndern der Studie wichtig. Gleichzeitig wird  aber vor allem in Deutschland auch die Atomkraft stark abgelehnt.  Nuklearenergie als CO<sub>2<\/sub>-neutrale Energieerzeugungsart ist  damit, insbesondere in Deutschland, politisch derzeit keine realistische  Alternative zu fossilen Energietr&auml;gern.&#8220;<\/p>\n<p>Carel Mohn, Leiter des Portals <em>klimafakten.de<\/em>, sieht die  Klimaforschung in der Pflicht, noch st&auml;rker den Austausch mit  B&uuml;rgerinnen und B&uuml;rgern zu suchen. Bei der Einsch&auml;tzung der  Klimaforschung in der Bev&ouml;lkerung zeige sich eine problematische Kluft:  &#8222;Nur ein Viertel der Bev&ouml;lkerung ist zutreffend dar&uuml;ber informiert, dass  in der Wissenschaft &uuml;ber die zentralen Fragen des menschgemachten  Klimawandels praktisch v&ouml;lliges Einvernehmen besteht &ndash; der Rest geht von  einem Dissens aus, den es in Wirklichkeit &uuml;berhaupt nicht gibt.&#8220;<\/p>\n<ul>\n<li>Bericht zur Studie als pdf-Datei zum Herunterladen: <a href=\"http:\/\/orca.cf.ac.uk\/98660\/7\/EPCC.pdf\" target=\"_blank\" rel=\"noopener noreferrer\">&#8222;European Perceptions of Climate Change (EPCC) Topline findings of a survey conducted in four European countries in 2016&#8220;<\/a><\/li>\n<\/ul><\/div>\n<\/p><\/div>\n<\/p><\/div>\n<\/p><\/div>\n<div class=\"article-images\"><img loading=\"lazy\" decoding=\"async\" width=\"640\" height=\"349\" src=\"https:\/\/www.sonnenseite.com\/wp-content\/uploads\/2017\/03\/klimafakten_StudieEE00.jpg\" class=\"alignleft\" alt=\"orca.cf.ac.uk | &quot;European Perceptions of Climate Change (EPCC) - Topline findings of a survey conducted in four European countries in 2016&quot;\" srcset=\"https:\/\/www.sonnenseite.com\/wp-content\/uploads\/2017\/03\/klimafakten_StudieEE00.jpg 770w, https:\/\/www.sonnenseite.com\/wp-content\/uploads\/2017\/03\/klimafakten_StudieEE00-300x164.jpg 300w, https:\/\/www.sonnenseite.com\/wp-content\/uploads\/2017\/03\/klimafakten_StudieEE00-768x419.jpg 768w\" sizes=\"auto, (max-width: 640px) 100vw, 640px\" \/><img loading=\"lazy\" decoding=\"async\" width=\"640\" height=\"222\" src=\"https:\/\/www.sonnenseite.com\/wp-content\/uploads\/2017\/03\/klimafakten_StudieEE01.jpg\" class=\"alignleft\" alt=\"orca.cf.ac.uk | EPCC | Grafik 01 | Mehr Menschen als in den drei anderen untersuchten L&auml;ndern meinen in Deutschland, den Klimawandel gebe es gar nicht.\" srcset=\"https:\/\/www.sonnenseite.com\/wp-content\/uploads\/2017\/03\/klimafakten_StudieEE01.jpg 800w, https:\/\/www.sonnenseite.com\/wp-content\/uploads\/2017\/03\/klimafakten_StudieEE01-300x104.jpg 300w, https:\/\/www.sonnenseite.com\/wp-content\/uploads\/2017\/03\/klimafakten_StudieEE01-768x266.jpg 768w\" sizes=\"auto, (max-width: 640px) 100vw, 640px\" \/><img loading=\"lazy\" decoding=\"async\" width=\"640\" height=\"422\" src=\"https:\/\/www.sonnenseite.com\/wp-content\/uploads\/2017\/03\/klimafakten_StudieEE02.jpg\" class=\"alignleft\" alt=\"orca.cf.ac.uk | EPCC | Grafik 02 | Das Vertrauen in die verschiedenen Akteure der Energiewende ist in Deutschland durchweg h&ouml;her als in den anderen untersuchten L&auml;ndern.\" srcset=\"https:\/\/www.sonnenseite.com\/wp-content\/uploads\/2017\/03\/klimafakten_StudieEE02.jpg 758w, https:\/\/www.sonnenseite.com\/wp-content\/uploads\/2017\/03\/klimafakten_StudieEE02-300x198.jpg 300w\" sizes=\"auto, (max-width: 640px) 100vw, 640px\" \/><\/div>\n<h5 class=\"green\">Quelle<\/h5>\n<p><a href=\"https:\/\/www.klimafakten.de\" target=\"_blank\" rel=\"noopener noreferrer\">klimafakten.de 2017<\/a><\/p>\n<div class=\"shariff shariff-align-flex-start shariff-widget-align-flex-start\"><div class=\"ShariffHeadline\">Diese Meldung teilen<\/div><ul class=\"shariff-buttons theme-round orientation-horizontal buttonsize-medium\"><li class=\"shariff-button facebook shariff-nocustomcolor\" style=\"background-color:#4273c8;border-radius:1%\"><a href=\"https:\/\/www.facebook.com\/sharer\/sharer.php?u=https%3A%2F%2Fwww.sonnenseite.com%2Fde%2Fenergie%2Fstudie-zeigt-breite-unterstuetzung-fuer-erneuerbare-energien-und-klimaschutz%2F\" title=\"Bei Facebook teilen\" aria-label=\"Bei Facebook teilen\" role=\"button\" rel=\"nofollow\" class=\"shariff-link\" style=\";border-radius:1%; background-color:#3b5998; color:#fff\" target=\"_blank\"><span class=\"shariff-icon\" style=\"\"><svg width=\"32px\" height=\"20px\" xmlns=\"http:\/\/www.w3.org\/2000\/svg\" viewBox=\"0 0 18 32\"><path fill=\"#3b5998\" d=\"M17.1 0.2v4.7h-2.8q-1.5 0-2.1 0.6t-0.5 1.9v3.4h5.2l-0.7 5.3h-4.5v13.6h-5.5v-13.6h-4.5v-5.3h4.5v-3.9q0-3.3 1.9-5.2t5-1.8q2.6 0 4.1 0.2z\"\/><\/svg><\/span><\/a><\/li><li class=\"shariff-button twitter shariff-nocustomcolor\" style=\"background-color:#595959;border-radius:1%\"><a href=\"https:\/\/twitter.com\/share?url=https%3A%2F%2Fwww.sonnenseite.com%2Fde%2Fenergie%2Fstudie-zeigt-breite-unterstuetzung-fuer-erneuerbare-energien-und-klimaschutz%2F&text=Studie%20zeigt%20breite%20Unterst%C3%BCtzung%20f%C3%BCr%20Erneuerbare%20Energien%20und%20Klimaschutz\" title=\"Bei X teilen\" aria-label=\"Bei X teilen\" role=\"button\" rel=\"noopener nofollow\" class=\"shariff-link\" style=\";border-radius:1%; background-color:#000; color:#fff\" target=\"_blank\"><span class=\"shariff-icon\" style=\"\"><svg width=\"32px\" height=\"20px\" xmlns=\"http:\/\/www.w3.org\/2000\/svg\" viewBox=\"0 0 24 24\"><path fill=\"#000\" d=\"M14.258 10.152L23.176 0h-2.113l-7.747 8.813L7.133 0H0l9.352 13.328L0 23.973h2.113l8.176-9.309 6.531 9.309h7.133zm-2.895 3.293l-.949-1.328L2.875 1.56h3.246l6.086 8.523.945 1.328 7.91 11.078h-3.246zm0 0\"\/><\/svg><\/span><\/a><\/li><li class=\"shariff-button xing shariff-nocustomcolor\" style=\"background-color:#29888a;border-radius:1%\"><a href=\"https:\/\/www.xing.com\/spi\/shares\/new?url=https%3A%2F%2Fwww.sonnenseite.com%2Fde%2Fenergie%2Fstudie-zeigt-breite-unterstuetzung-fuer-erneuerbare-energien-und-klimaschutz%2F\" title=\"Bei XING teilen\" aria-label=\"Bei XING teilen\" role=\"button\" rel=\"noopener nofollow\" class=\"shariff-link\" style=\";border-radius:1%; background-color:#126567; color:#fff\" target=\"_blank\"><span class=\"shariff-icon\" style=\"\"><svg width=\"32px\" height=\"20px\" xmlns=\"http:\/\/www.w3.org\/2000\/svg\" viewBox=\"0 0 25 32\"><path fill=\"#126567\" d=\"M10.7 11.9q-0.2 0.3-4.6 8.2-0.5 0.8-1.2 0.8h-4.3q-0.4 0-0.5-0.3t0-0.6l4.5-8q0 0 0 0l-2.9-5q-0.2-0.4 0-0.7 0.2-0.3 0.5-0.3h4.3q0.7 0 1.2 0.8zM25.1 0.4q0.2 0.3 0 0.7l-9.4 16.7 6 11q0.2 0.4 0 0.6-0.2 0.3-0.6 0.3h-4.3q-0.7 0-1.2-0.8l-6-11.1q0.3-0.6 9.5-16.8 0.4-0.8 1.2-0.8h4.3q0.4 0 0.5 0.3z\"\/><\/svg><\/span><\/a><\/li><li class=\"shariff-button linkedin shariff-nocustomcolor\" style=\"background-color:#1488bf;border-radius:1%\"><a href=\"https:\/\/www.linkedin.com\/sharing\/share-offsite\/?url=https%3A%2F%2Fwww.sonnenseite.com%2Fde%2Fenergie%2Fstudie-zeigt-breite-unterstuetzung-fuer-erneuerbare-energien-und-klimaschutz%2F\" title=\"Bei LinkedIn teilen\" aria-label=\"Bei LinkedIn teilen\" role=\"button\" rel=\"noopener nofollow\" class=\"shariff-link\" style=\";border-radius:1%; background-color:#0077b5; color:#fff\" target=\"_blank\"><span class=\"shariff-icon\" style=\"\"><svg width=\"32px\" height=\"20px\" xmlns=\"http:\/\/www.w3.org\/2000\/svg\" viewBox=\"0 0 27 32\"><path fill=\"#0077b5\" d=\"M6.2 11.2v17.7h-5.9v-17.7h5.9zM6.6 5.7q0 1.3-0.9 2.2t-2.4 0.9h0q-1.5 0-2.4-0.9t-0.9-2.2 0.9-2.2 2.4-0.9 2.4 0.9 0.9 2.2zM27.4 18.7v10.1h-5.9v-9.5q0-1.9-0.7-2.9t-2.3-1.1q-1.1 0-1.9 0.6t-1.2 1.5q-0.2 0.5-0.2 1.4v9.9h-5.9q0-7.1 0-11.6t0-5.3l0-0.9h5.9v2.6h0q0.4-0.6 0.7-1t1-0.9 1.6-0.8 2-0.3q3 0 4.9 2t1.9 6z\"\/><\/svg><\/span><\/a><\/li><li class=\"shariff-button printer shariff-nocustomcolor\" style=\"background-color:#a8a8a8;border-radius:1%\"><a href=\"javascript:window.print()\" title=\"drucken\" aria-label=\"drucken\" role=\"button\" rel=\"noopener nofollow\" class=\"shariff-link\" style=\";border-radius:1%; background-color:#999; color:#fff\"><span class=\"shariff-icon\" style=\"\"><svg width=\"32px\" height=\"20px\" xmlns=\"http:\/\/www.w3.org\/2000\/svg\" viewBox=\"0 0 30 32\"><path fill=\"#999\" d=\"M6.8 27.4h16v-4.6h-16v4.6zM6.8 16h16v-6.8h-2.8q-0.7 0-1.2-0.5t-0.5-1.2v-2.8h-11.4v11.4zM27.4 17.2q0-0.5-0.3-0.8t-0.8-0.4-0.8 0.4-0.3 0.8 0.3 0.8 0.8 0.3 0.8-0.3 0.3-0.8zM29.7 17.2v7.4q0 0.2-0.2 0.4t-0.4 0.2h-4v2.8q0 0.7-0.5 1.2t-1.2 0.5h-17.2q-0.7 0-1.2-0.5t-0.5-1.2v-2.8h-4q-0.2 0-0.4-0.2t-0.2-0.4v-7.4q0-1.4 1-2.4t2.4-1h1.2v-9.7q0-0.7 0.5-1.2t1.2-0.5h12q0.7 0 1.6 0.4t1.3 0.8l2.7 2.7q0.5 0.5 0.9 1.4t0.4 1.6v4.6h1.1q1.4 0 2.4 1t1 2.4z\"\/><\/svg><\/span><\/a><\/li><li class=\"shariff-button mailto shariff-nocustomcolor\" style=\"background-color:#a8a8a8;border-radius:1%\"><a href=\"mailto:?body=https%3A%2F%2Fwww.sonnenseite.com%2Fde%2Fenergie%2Fstudie-zeigt-breite-unterstuetzung-fuer-erneuerbare-energien-und-klimaschutz%2F&subject=Studie%20zeigt%20breite%20Unterst%C3%BCtzung%20f%C3%BCr%20Erneuerbare%20Energien%20und%20Klimaschutz\" title=\"Per E-Mail versenden\" aria-label=\"Per E-Mail versenden\" role=\"button\" rel=\"noopener nofollow\" class=\"shariff-link\" style=\";border-radius:1%; background-color:#999; color:#fff\"><span class=\"shariff-icon\" style=\"\"><svg width=\"32px\" height=\"20px\" xmlns=\"http:\/\/www.w3.org\/2000\/svg\" viewBox=\"0 0 32 32\"><path fill=\"#999\" d=\"M32 12.7v14.2q0 1.2-0.8 2t-2 0.9h-26.3q-1.2 0-2-0.9t-0.8-2v-14.2q0.8 0.9 1.8 1.6 6.5 4.4 8.9 6.1 1 0.8 1.6 1.2t1.7 0.9 2 0.4h0.1q0.9 0 2-0.4t1.7-0.9 1.6-1.2q3-2.2 8.9-6.1 1-0.7 1.8-1.6zM32 7.4q0 1.4-0.9 2.7t-2.2 2.2q-6.7 4.7-8.4 5.8-0.2 0.1-0.7 0.5t-1 0.7-0.9 0.6-1.1 0.5-0.9 0.2h-0.1q-0.4 0-0.9-0.2t-1.1-0.5-0.9-0.6-1-0.7-0.7-0.5q-1.6-1.1-4.7-3.2t-3.6-2.6q-1.1-0.7-2.1-2t-1-2.5q0-1.4 0.7-2.3t2.1-0.9h26.3q1.2 0 2 0.8t0.9 2z\"\/><\/svg><\/span><\/a><\/li><\/ul><\/div>","protected":false},"excerpt":{"rendered":"<p>Briten, Deutsche, Franzosen, Norweger im L&auml;ndervergleich: Gro&szlig;e Unterst&uuml;tzung f&uuml;r Klimaschutz und Erneuerbare Energien.&nbsp;Sie unterst&uuml;tzen mit gro&szlig;er [&hellip;]<\/p>\n","protected":false},"author":1,"featured_media":1229,"comment_status":"closed","ping_status":"closed","sticky":false,"template":"","format":"standard","meta":{"inline_featured_image":false,"footnotes":""},"categories":[22],"tags":[],"class_list":["post-29710","post","type-post","status-publish","format-standard","has-post-thumbnail","hentry","category-energie"],"yoast_head":"<!-- This site is optimized with the Yoast SEO plugin v26.5 - https:\/\/yoast.com\/wordpress\/plugins\/seo\/ -->\n<title>Studie zeigt breite Unterst\u00fctzung f\u00fcr Erneuerbare Energien und Klimaschutz - Sonnenseite - \u00d6kologische Kommunikation mit Franz Alt<\/title>\n<meta name=\"description\" content=\"Briten, Deutsche, Franzosen, Norweger im L&auml;ndervergleich: Gro&szlig;e Unterst&uuml;tzung f&uuml;r Klimaschutz und Erneuerbare Energien.&nbsp;Sie\" \/>\n<meta name=\"robots\" content=\"index, follow, max-snippet:-1, max-image-preview:large, max-video-preview:-1\" \/>\n<link rel=\"canonical\" href=\"https:\/\/www.sonnenseite.com\/de\/energie\/studie-zeigt-breite-unterstuetzung-fuer-erneuerbare-energien-und-klimaschutz\/\" \/>\n<meta property=\"og:locale\" content=\"de_DE\" \/>\n<meta property=\"og:type\" content=\"article\" \/>\n<meta property=\"og:title\" content=\"Studie zeigt breite Unterst\u00fctzung f\u00fcr Erneuerbare Energien und Klimaschutz - Sonnenseite - \u00d6kologische Kommunikation mit Franz Alt\" \/>\n<meta property=\"og:description\" content=\"Briten, Deutsche, Franzosen, Norweger im L&auml;ndervergleich: Gro&szlig;e Unterst&uuml;tzung f&uuml;r Klimaschutz und Erneuerbare Energien.&nbsp;Sie\" \/>\n<meta property=\"og:url\" content=\"https:\/\/www.sonnenseite.com\/de\/energie\/studie-zeigt-breite-unterstuetzung-fuer-erneuerbare-energien-und-klimaschutz\/\" \/>\n<meta property=\"og:site_name\" content=\"Sonnenseite\" \/>\n<meta property=\"article:publisher\" content=\"https:\/\/www.facebook.com\/pages\/Franz-Alt-SONNENSEITECOM\/221072987903953?fref=ts\" \/>\n<meta property=\"article:published_time\" content=\"2017-03-09T07:41:05+00:00\" \/>\n<meta property=\"og:image\" content=\"https:\/\/www.sonnenseite.com\/wp-content\/uploads\/2020\/05\/solar_wind_volrabvaclav.jpg\" \/>\n\t<meta property=\"og:image:width\" content=\"770\" \/>\n\t<meta property=\"og:image:height\" content=\"420\" \/>\n\t<meta property=\"og:image:type\" content=\"image\/jpeg\" \/>\n<meta name=\"author\" content=\"sbade\" \/>\n<meta name=\"twitter:card\" content=\"summary_large_image\" \/>\n<meta name=\"twitter:creator\" content=\"@franzalt\" \/>\n<meta name=\"twitter:site\" content=\"@franzalt\" \/>\n<meta name=\"twitter:label1\" content=\"Verfasst von\" \/>\n\t<meta name=\"twitter:data1\" content=\"sbade\" \/>\n\t<meta name=\"twitter:label2\" content=\"Gesch\u00e4tzte Lesezeit\" \/>\n\t<meta name=\"twitter:data2\" content=\"6\u00a0Minuten\" \/>\n<script type=\"application\/ld+json\" class=\"yoast-schema-graph\">{\"@context\":\"https:\/\/schema.org\",\"@graph\":[{\"@type\":\"Article\",\"@id\":\"https:\/\/www.sonnenseite.com\/de\/energie\/studie-zeigt-breite-unterstuetzung-fuer-erneuerbare-energien-und-klimaschutz\/#article\",\"isPartOf\":{\"@id\":\"https:\/\/www.sonnenseite.com\/de\/energie\/studie-zeigt-breite-unterstuetzung-fuer-erneuerbare-energien-und-klimaschutz\/\"},\"author\":{\"name\":\"sbade\",\"@id\":\"https:\/\/www.sonnenseite.com\/de\/#\/schema\/person\/6df44691cd9a70d99e140e1116ee8771\"},\"headline\":\"Studie zeigt breite Unterst\u00fctzung f\u00fcr Erneuerbare Energien und Klimaschutz\",\"datePublished\":\"2017-03-09T07:41:05+00:00\",\"mainEntityOfPage\":{\"@id\":\"https:\/\/www.sonnenseite.com\/de\/energie\/studie-zeigt-breite-unterstuetzung-fuer-erneuerbare-energien-und-klimaschutz\/\"},\"wordCount\":1267,\"publisher\":{\"@id\":\"https:\/\/www.sonnenseite.com\/de\/#organization\"},\"image\":{\"@id\":\"https:\/\/www.sonnenseite.com\/de\/energie\/studie-zeigt-breite-unterstuetzung-fuer-erneuerbare-energien-und-klimaschutz\/#primaryimage\"},\"thumbnailUrl\":\"https:\/\/www.sonnenseite.com\/wp-content\/uploads\/2020\/05\/solar_wind_volrabvaclav.jpg\",\"articleSection\":[\"Energie\"],\"inLanguage\":\"de\"},{\"@type\":\"WebPage\",\"@id\":\"https:\/\/www.sonnenseite.com\/de\/energie\/studie-zeigt-breite-unterstuetzung-fuer-erneuerbare-energien-und-klimaschutz\/\",\"url\":\"https:\/\/www.sonnenseite.com\/de\/energie\/studie-zeigt-breite-unterstuetzung-fuer-erneuerbare-energien-und-klimaschutz\/\",\"name\":\"Studie zeigt breite Unterst\u00fctzung f\u00fcr Erneuerbare Energien und Klimaschutz - Sonnenseite - \u00d6kologische Kommunikation mit Franz Alt\",\"isPartOf\":{\"@id\":\"https:\/\/www.sonnenseite.com\/de\/#website\"},\"primaryImageOfPage\":{\"@id\":\"https:\/\/www.sonnenseite.com\/de\/energie\/studie-zeigt-breite-unterstuetzung-fuer-erneuerbare-energien-und-klimaschutz\/#primaryimage\"},\"image\":{\"@id\":\"https:\/\/www.sonnenseite.com\/de\/energie\/studie-zeigt-breite-unterstuetzung-fuer-erneuerbare-energien-und-klimaschutz\/#primaryimage\"},\"thumbnailUrl\":\"https:\/\/www.sonnenseite.com\/wp-content\/uploads\/2020\/05\/solar_wind_volrabvaclav.jpg\",\"datePublished\":\"2017-03-09T07:41:05+00:00\",\"description\":\"Briten, Deutsche, Franzosen, Norweger im L&auml;ndervergleich: Gro&szlig;e Unterst&uuml;tzung f&uuml;r Klimaschutz und Erneuerbare Energien.&nbsp;Sie\",\"breadcrumb\":{\"@id\":\"https:\/\/www.sonnenseite.com\/de\/energie\/studie-zeigt-breite-unterstuetzung-fuer-erneuerbare-energien-und-klimaschutz\/#breadcrumb\"},\"inLanguage\":\"de\",\"potentialAction\":[{\"@type\":\"ReadAction\",\"target\":[\"https:\/\/www.sonnenseite.com\/de\/energie\/studie-zeigt-breite-unterstuetzung-fuer-erneuerbare-energien-und-klimaschutz\/\"]}]},{\"@type\":\"ImageObject\",\"inLanguage\":\"de\",\"@id\":\"https:\/\/www.sonnenseite.com\/de\/energie\/studie-zeigt-breite-unterstuetzung-fuer-erneuerbare-energien-und-klimaschutz\/#primaryimage\",\"url\":\"https:\/\/www.sonnenseite.com\/wp-content\/uploads\/2020\/05\/solar_wind_volrabvaclav.jpg\",\"contentUrl\":\"https:\/\/www.sonnenseite.com\/wp-content\/uploads\/2020\/05\/solar_wind_volrabvaclav.jpg\",\"width\":770,\"height\":420,\"caption\":\"bigstock | volrabvaclav | Die meisten Menschen im S\u00fcdwesten haben nichts gegen Windenergie- und Photovoltaikanlagen \u2013 auch nicht in ihrem unmittelbaren Umfeld.\"},{\"@type\":\"BreadcrumbList\",\"@id\":\"https:\/\/www.sonnenseite.com\/de\/energie\/studie-zeigt-breite-unterstuetzung-fuer-erneuerbare-energien-und-klimaschutz\/#breadcrumb\",\"itemListElement\":[{\"@type\":\"ListItem\",\"position\":1,\"name\":\"Startseite\",\"item\":\"https:\/\/www.sonnenseite.com\/de\/\"},{\"@type\":\"ListItem\",\"position\":2,\"name\":\"Studie zeigt breite Unterst\u00fctzung f\u00fcr Erneuerbare Energien und Klimaschutz\"}]},{\"@type\":\"WebSite\",\"@id\":\"https:\/\/www.sonnenseite.com\/de\/#website\",\"url\":\"https:\/\/www.sonnenseite.com\/de\/\",\"name\":\"Sonnenseite\",\"description\":\"\u00d6kologische Kommunikation mit Franz Alt\",\"publisher\":{\"@id\":\"https:\/\/www.sonnenseite.com\/de\/#organization\"},\"potentialAction\":[{\"@type\":\"SearchAction\",\"target\":{\"@type\":\"EntryPoint\",\"urlTemplate\":\"https:\/\/www.sonnenseite.com\/de\/?s={search_term_string}\"},\"query-input\":{\"@type\":\"PropertyValueSpecification\",\"valueRequired\":true,\"valueName\":\"search_term_string\"}}],\"inLanguage\":\"de\"},{\"@type\":\"Organization\",\"@id\":\"https:\/\/www.sonnenseite.com\/de\/#organization\",\"name\":\"Sonnenseite\",\"url\":\"https:\/\/www.sonnenseite.com\/de\/\",\"logo\":{\"@type\":\"ImageObject\",\"inLanguage\":\"de\",\"@id\":\"https:\/\/www.sonnenseite.com\/de\/#\/schema\/logo\/image\/\",\"url\":\"https:\/\/www.sonnenseite.com\/wp-content\/uploads\/2020\/05\/Sonnenseite_Logo.png\",\"contentUrl\":\"https:\/\/www.sonnenseite.com\/wp-content\/uploads\/2020\/05\/Sonnenseite_Logo.png\",\"width\":377,\"height\":90,\"caption\":\"Sonnenseite\"},\"image\":{\"@id\":\"https:\/\/www.sonnenseite.com\/de\/#\/schema\/logo\/image\/\"},\"sameAs\":[\"https:\/\/www.facebook.com\/pages\/Franz-Alt-SONNENSEITECOM\/221072987903953?fref=ts\",\"https:\/\/x.com\/franzalt\",\"http:\/\/www.youtube.com\/results?search_query&amp;amp;quot;franz_alt&amp;amp;quot;&amp;amp;amp;amp;search_type&amp;amp;amp;amp;aq=f\"]},{\"@type\":\"Person\",\"@id\":\"https:\/\/www.sonnenseite.com\/de\/#\/schema\/person\/6df44691cd9a70d99e140e1116ee8771\",\"name\":\"sbade\",\"sameAs\":[\"https:\/\/www.sonnenseite.com\"]}]}<\/script>\n<!-- \/ Yoast SEO plugin. -->","yoast_head_json":{"title":"Studie zeigt breite Unterst\u00fctzung f\u00fcr Erneuerbare Energien und Klimaschutz - Sonnenseite - \u00d6kologische Kommunikation mit Franz Alt","description":"Briten, Deutsche, Franzosen, Norweger im L&auml;ndervergleich: Gro&szlig;e Unterst&uuml;tzung f&uuml;r Klimaschutz und Erneuerbare Energien.&nbsp;Sie","robots":{"index":"index","follow":"follow","max-snippet":"max-snippet:-1","max-image-preview":"max-image-preview:large","max-video-preview":"max-video-preview:-1"},"canonical":"https:\/\/www.sonnenseite.com\/de\/energie\/studie-zeigt-breite-unterstuetzung-fuer-erneuerbare-energien-und-klimaschutz\/","og_locale":"de_DE","og_type":"article","og_title":"Studie zeigt breite Unterst\u00fctzung f\u00fcr Erneuerbare Energien und Klimaschutz - Sonnenseite - \u00d6kologische Kommunikation mit Franz Alt","og_description":"Briten, Deutsche, Franzosen, Norweger im L&auml;ndervergleich: Gro&szlig;e Unterst&uuml;tzung f&uuml;r Klimaschutz und Erneuerbare Energien.&nbsp;Sie","og_url":"https:\/\/www.sonnenseite.com\/de\/energie\/studie-zeigt-breite-unterstuetzung-fuer-erneuerbare-energien-und-klimaschutz\/","og_site_name":"Sonnenseite","article_publisher":"https:\/\/www.facebook.com\/pages\/Franz-Alt-SONNENSEITECOM\/221072987903953?fref=ts","article_published_time":"2017-03-09T07:41:05+00:00","og_image":[{"width":770,"height":420,"url":"https:\/\/www.sonnenseite.com\/wp-content\/uploads\/2020\/05\/solar_wind_volrabvaclav.jpg","type":"image\/jpeg"}],"author":"sbade","twitter_card":"summary_large_image","twitter_creator":"@franzalt","twitter_site":"@franzalt","twitter_misc":{"Verfasst von":"sbade","Gesch\u00e4tzte Lesezeit":"6\u00a0Minuten"},"schema":{"@context":"https:\/\/schema.org","@graph":[{"@type":"Article","@id":"https:\/\/www.sonnenseite.com\/de\/energie\/studie-zeigt-breite-unterstuetzung-fuer-erneuerbare-energien-und-klimaschutz\/#article","isPartOf":{"@id":"https:\/\/www.sonnenseite.com\/de\/energie\/studie-zeigt-breite-unterstuetzung-fuer-erneuerbare-energien-und-klimaschutz\/"},"author":{"name":"sbade","@id":"https:\/\/www.sonnenseite.com\/de\/#\/schema\/person\/6df44691cd9a70d99e140e1116ee8771"},"headline":"Studie zeigt breite Unterst\u00fctzung f\u00fcr Erneuerbare Energien und Klimaschutz","datePublished":"2017-03-09T07:41:05+00:00","mainEntityOfPage":{"@id":"https:\/\/www.sonnenseite.com\/de\/energie\/studie-zeigt-breite-unterstuetzung-fuer-erneuerbare-energien-und-klimaschutz\/"},"wordCount":1267,"publisher":{"@id":"https:\/\/www.sonnenseite.com\/de\/#organization"},"image":{"@id":"https:\/\/www.sonnenseite.com\/de\/energie\/studie-zeigt-breite-unterstuetzung-fuer-erneuerbare-energien-und-klimaschutz\/#primaryimage"},"thumbnailUrl":"https:\/\/www.sonnenseite.com\/wp-content\/uploads\/2020\/05\/solar_wind_volrabvaclav.jpg","articleSection":["Energie"],"inLanguage":"de"},{"@type":"WebPage","@id":"https:\/\/www.sonnenseite.com\/de\/energie\/studie-zeigt-breite-unterstuetzung-fuer-erneuerbare-energien-und-klimaschutz\/","url":"https:\/\/www.sonnenseite.com\/de\/energie\/studie-zeigt-breite-unterstuetzung-fuer-erneuerbare-energien-und-klimaschutz\/","name":"Studie zeigt breite Unterst\u00fctzung f\u00fcr Erneuerbare Energien und Klimaschutz - Sonnenseite - \u00d6kologische Kommunikation mit Franz Alt","isPartOf":{"@id":"https:\/\/www.sonnenseite.com\/de\/#website"},"primaryImageOfPage":{"@id":"https:\/\/www.sonnenseite.com\/de\/energie\/studie-zeigt-breite-unterstuetzung-fuer-erneuerbare-energien-und-klimaschutz\/#primaryimage"},"image":{"@id":"https:\/\/www.sonnenseite.com\/de\/energie\/studie-zeigt-breite-unterstuetzung-fuer-erneuerbare-energien-und-klimaschutz\/#primaryimage"},"thumbnailUrl":"https:\/\/www.sonnenseite.com\/wp-content\/uploads\/2020\/05\/solar_wind_volrabvaclav.jpg","datePublished":"2017-03-09T07:41:05+00:00","description":"Briten, Deutsche, Franzosen, Norweger im L&auml;ndervergleich: Gro&szlig;e Unterst&uuml;tzung f&uuml;r Klimaschutz und Erneuerbare Energien.&nbsp;Sie","breadcrumb":{"@id":"https:\/\/www.sonnenseite.com\/de\/energie\/studie-zeigt-breite-unterstuetzung-fuer-erneuerbare-energien-und-klimaschutz\/#breadcrumb"},"inLanguage":"de","potentialAction":[{"@type":"ReadAction","target":["https:\/\/www.sonnenseite.com\/de\/energie\/studie-zeigt-breite-unterstuetzung-fuer-erneuerbare-energien-und-klimaschutz\/"]}]},{"@type":"ImageObject","inLanguage":"de","@id":"https:\/\/www.sonnenseite.com\/de\/energie\/studie-zeigt-breite-unterstuetzung-fuer-erneuerbare-energien-und-klimaschutz\/#primaryimage","url":"https:\/\/www.sonnenseite.com\/wp-content\/uploads\/2020\/05\/solar_wind_volrabvaclav.jpg","contentUrl":"https:\/\/www.sonnenseite.com\/wp-content\/uploads\/2020\/05\/solar_wind_volrabvaclav.jpg","width":770,"height":420,"caption":"bigstock | volrabvaclav | Die meisten Menschen im S\u00fcdwesten haben nichts gegen Windenergie- und Photovoltaikanlagen \u2013 auch nicht in ihrem unmittelbaren Umfeld."},{"@type":"BreadcrumbList","@id":"https:\/\/www.sonnenseite.com\/de\/energie\/studie-zeigt-breite-unterstuetzung-fuer-erneuerbare-energien-und-klimaschutz\/#breadcrumb","itemListElement":[{"@type":"ListItem","position":1,"name":"Startseite","item":"https:\/\/www.sonnenseite.com\/de\/"},{"@type":"ListItem","position":2,"name":"Studie zeigt breite Unterst\u00fctzung f\u00fcr Erneuerbare Energien und Klimaschutz"}]},{"@type":"WebSite","@id":"https:\/\/www.sonnenseite.com\/de\/#website","url":"https:\/\/www.sonnenseite.com\/de\/","name":"Sonnenseite","description":"\u00d6kologische Kommunikation mit Franz Alt","publisher":{"@id":"https:\/\/www.sonnenseite.com\/de\/#organization"},"potentialAction":[{"@type":"SearchAction","target":{"@type":"EntryPoint","urlTemplate":"https:\/\/www.sonnenseite.com\/de\/?s={search_term_string}"},"query-input":{"@type":"PropertyValueSpecification","valueRequired":true,"valueName":"search_term_string"}}],"inLanguage":"de"},{"@type":"Organization","@id":"https:\/\/www.sonnenseite.com\/de\/#organization","name":"Sonnenseite","url":"https:\/\/www.sonnenseite.com\/de\/","logo":{"@type":"ImageObject","inLanguage":"de","@id":"https:\/\/www.sonnenseite.com\/de\/#\/schema\/logo\/image\/","url":"https:\/\/www.sonnenseite.com\/wp-content\/uploads\/2020\/05\/Sonnenseite_Logo.png","contentUrl":"https:\/\/www.sonnenseite.com\/wp-content\/uploads\/2020\/05\/Sonnenseite_Logo.png","width":377,"height":90,"caption":"Sonnenseite"},"image":{"@id":"https:\/\/www.sonnenseite.com\/de\/#\/schema\/logo\/image\/"},"sameAs":["https:\/\/www.facebook.com\/pages\/Franz-Alt-SONNENSEITECOM\/221072987903953?fref=ts","https:\/\/x.com\/franzalt","http:\/\/www.youtube.com\/results?search_query&amp;amp;quot;franz_alt&amp;amp;quot;&amp;amp;amp;amp;search_type&amp;amp;amp;amp;aq=f"]},{"@type":"Person","@id":"https:\/\/www.sonnenseite.com\/de\/#\/schema\/person\/6df44691cd9a70d99e140e1116ee8771","name":"sbade","sameAs":["https:\/\/www.sonnenseite.com"]}]}},"_links":{"self":[{"href":"https:\/\/www.sonnenseite.com\/de\/wp-json\/wp\/v2\/posts\/29710","targetHints":{"allow":["GET"]}}],"collection":[{"href":"https:\/\/www.sonnenseite.com\/de\/wp-json\/wp\/v2\/posts"}],"about":[{"href":"https:\/\/www.sonnenseite.com\/de\/wp-json\/wp\/v2\/types\/post"}],"author":[{"embeddable":true,"href":"https:\/\/www.sonnenseite.com\/de\/wp-json\/wp\/v2\/users\/1"}],"replies":[{"embeddable":true,"href":"https:\/\/www.sonnenseite.com\/de\/wp-json\/wp\/v2\/comments?post=29710"}],"version-history":[{"count":0,"href":"https:\/\/www.sonnenseite.com\/de\/wp-json\/wp\/v2\/posts\/29710\/revisions"}],"wp:featuredmedia":[{"embeddable":true,"href":"https:\/\/www.sonnenseite.com\/de\/wp-json\/wp\/v2\/media\/1229"}],"wp:attachment":[{"href":"https:\/\/www.sonnenseite.com\/de\/wp-json\/wp\/v2\/media?parent=29710"}],"wp:term":[{"taxonomy":"category","embeddable":true,"href":"https:\/\/www.sonnenseite.com\/de\/wp-json\/wp\/v2\/categories?post=29710"},{"taxonomy":"post_tag","embeddable":true,"href":"https:\/\/www.sonnenseite.com\/de\/wp-json\/wp\/v2\/tags?post=29710"}],"curies":[{"name":"wp","href":"https:\/\/api.w.org\/{rel}","templated":true}]}}