{"id":31711,"date":"2016-12-23T20:10:47","date_gmt":"2016-12-23T19:10:47","guid":{"rendered":"https:\/\/www.sonnenseite.com\/umwelt\/weisse-weihnacht-faellt-aus.html"},"modified":"2016-12-23T20:10:47","modified_gmt":"2016-12-23T19:10:47","slug":"weisse-weihnacht-faellt-aus","status":"publish","type":"post","link":"https:\/\/www.sonnenseite.com\/de\/umwelt\/weisse-weihnacht-faellt-aus\/","title":{"rendered":"Wei\u00dfe Weihnacht f\u00e4llt aus"},"content":{"rendered":"<p>Auch in diesem Jahr wird es keinen Schnee &uuml;ber die Weihnachtsfeiertage geben. Der Deutsche Wetterdienst (DWD) hat milde neun Grad, Regen und &#8222;lebhaften Wind&#8220; vorausgesagt.<\/p>\n<p> <!--more--> <\/p>\n<p>Nur in &uuml;ber 800 bis 1.000 Metern H&ouml;he in &#8222;&ouml;stlichen und s&uuml;d&ouml;stlichen  Mittelgebirgen&#8220; sei mit Schneefall zu rechnen, erkl&auml;rte Sebastian  Schappert vom DWD gegen&uuml;ber <em>klimaretter.info<\/em>. Auch die N&auml;chte  blieben frostfrei. &#8222;Es wird ein gr&uuml;n-graues Weihnachtsfest&#8220;, sagte  Schappert. Das letzte Mal gab es 2010 deutschlandweit Schnee am  Heiligabend.&nbsp; <\/p>\n<div>\n<p>Laut den Wetterdaten gab es etwa in Potsdam noch in den 1970er Jahren  alle drei bis vier Jahre wei&szlig;e Weihnachten oder zumindest entsprechend  kalte Temperaturen. &#8222;Seither hat sich die Durchschnittstemperatur im  deutschen Raum um mehr als ein Grad erh&ouml;ht&#8220;, sagte <a href=\"http:\/\/www.pik-potsdam.de\/members\/peterh\" target=\"_blank\" rel=\"noopener noreferrer\">Peter Hoffmann<\/a>  vom Potsdam-Institut f&uuml;r Klimafolgenforschung (PIK), das seinen Sitz  auf dem Telegrafenberg nahe der Potsdamer Innenstadt hat. Ein  Weihnachten mit Ski und Schlitten sei heute nicht unm&ouml;glich, sondern  schlicht seltener. &#8222;Die Wahrscheinlichkeit f&uuml;r Schnee w&auml;hrend der  Weihnachtsfeiertage hat sich auf alle f&uuml;nf bis acht Jahre verringert&#8220;,  erl&auml;uterte der Klimaforscher. Ein Grund sei auch die Verschiebung der  Jahreszeiten: Wurde es vor 50 Jahren schon im November und Dezember  richtig kalt, geht es in vielen Regionen mittlerweile erst im Januar  los.<\/p>\n<p>Weltweit betrachtet erw&auml;rmen sich nicht alle Regionen gleich  schnell. Laut der US-amerikanischen Ozean- und Atmosph&auml;renbeh&ouml;rde NOAA  hat sich in den letzten Jahrzehnten die Arktis doppelt so schnell  erw&auml;rmt wie der Rest der Welt. Am Nordpol sind in den vergangenen Wochen  <a href=\"http:\/\/www.klimaretter.info\/umwelt\/nachricht\/22289-nordpol-erlebt-rekordtemperaturen\" target=\"_blank\" rel=\"noopener noreferrer\">Rekordtemperaturen gemessen<\/a>  worden: An mindestens f&uuml;nf Messstellen wurden Temperaturen von null bis  plus 1,2 Grad Celsius verzeichnet, bis zu 20 Grad mehr als sonst in  dieser Jahreszeit &uuml;blich.&nbsp;<\/p>\n<p>Die Erw&auml;rmung in Nordeuropa, das  geografisch nahe der Arktis liegt, beeinflusst auch das Wetter in  Mitteleuropa. Die Folge sind nicht nur h&ouml;here Temperaturen, sondern auch  neue Wetterlagen. &#8222;Eine w&auml;rmere Arktis sorgt f&uuml;r eine ver&auml;nderte  Windzirkulation in der n&ouml;rdlichen Hemisph&auml;re und dies kann zu l&auml;nger  andauernden Wetterlagen f&uuml;hren&#8220;, erkl&auml;rte PIK-Forscher Hoffmann.  &#8222;Dadurch k&ouml;nnen im Sommer l&auml;ngere Hitzewellen und im Winter mildere  Perioden oder extreme Wintereinbr&uuml;che entstehen.&#8220;<\/p>\n<p>Die  Wahrscheinlichkeit f&uuml;r Extremwetter wie Starkregen oder Trockenheit ist  ebenfalls gestiegen. Gro&szlig; ist die Chance jedoch nicht, dass ein solcher  sogenannter &#8222;stabiler Wintereinbruch&#8220; genau auf die Weihnachtsfeiertage  f&auml;llt &ndash; und vielleicht auch gar nicht w&uuml;nschenswert. Bestes Beispiel ist  aktuell der Eiswinter im Norden der USA. Denkt man an das Verkehrschaos  und die Unfallzahlen, wenn innerhalb von ein paar Stunden ein Meter  Schnee liegt, ist ein wenig Wind und Regen nicht das Schlechteste.&nbsp;<\/p>\n<\/p><\/div>\n<h5 class=\"green\">Quelle<\/h5>\n<p>Der Bericht wurde von der <a href=\"http:\/\/www.klimaretter.info\/umwelt\/nachricht\/22429-weisse-weihnacht-faellt-aus\" target=\"_blank\" rel=\"noopener noreferrer\">Redaktion &bdquo;KLIMARETTER.INFO&ldquo; (sg) 2016<\/a>&nbsp;verfasst &ndash; das Nachrichten- und Debattenmagazin zu Klima und Energiewende &ndash; der Artikel darf nicht ohne Genehmigung von <a href=\"http:\/\/www.klimaretter.info\/\" target=\"_blank\" rel=\"noopener noreferrer\">&bdquo;Klimaretter.info&ldquo; <\/a>(<a href=\"mailto:post@klimaretter.info\" target=\"_blank\" rel=\"noopener noreferrer\">post@klimaretter.info<\/a>) weiterverbreitet werden! &nbsp; &nbsp;<\/p>\n<div class=\"shariff shariff-align-flex-start shariff-widget-align-flex-start\"><div class=\"ShariffHeadline\">Diese Meldung teilen<\/div><ul class=\"shariff-buttons theme-round orientation-horizontal buttonsize-medium\"><li class=\"shariff-button facebook shariff-nocustomcolor\" style=\"background-color:#4273c8;border-radius:1%\"><a href=\"https:\/\/www.facebook.com\/sharer\/sharer.php?u=https%3A%2F%2Fwww.sonnenseite.com%2Fde%2Fumwelt%2Fweisse-weihnacht-faellt-aus%2F\" title=\"Bei Facebook teilen\" aria-label=\"Bei Facebook teilen\" role=\"button\" rel=\"nofollow\" class=\"shariff-link\" style=\";border-radius:1%; background-color:#3b5998; color:#fff\" target=\"_blank\"><span class=\"shariff-icon\" style=\"\"><svg width=\"32px\" height=\"20px\" xmlns=\"http:\/\/www.w3.org\/2000\/svg\" viewBox=\"0 0 18 32\"><path fill=\"#3b5998\" d=\"M17.1 0.2v4.7h-2.8q-1.5 0-2.1 0.6t-0.5 1.9v3.4h5.2l-0.7 5.3h-4.5v13.6h-5.5v-13.6h-4.5v-5.3h4.5v-3.9q0-3.3 1.9-5.2t5-1.8q2.6 0 4.1 0.2z\"\/><\/svg><\/span><\/a><\/li><li class=\"shariff-button twitter shariff-nocustomcolor\" style=\"background-color:#595959;border-radius:1%\"><a href=\"https:\/\/twitter.com\/share?url=https%3A%2F%2Fwww.sonnenseite.com%2Fde%2Fumwelt%2Fweisse-weihnacht-faellt-aus%2F&text=Wei%C3%9Fe%20Weihnacht%20f%C3%A4llt%20aus\" title=\"Bei X teilen\" aria-label=\"Bei X teilen\" role=\"button\" rel=\"noopener nofollow\" class=\"shariff-link\" style=\";border-radius:1%; background-color:#000; color:#fff\" target=\"_blank\"><span class=\"shariff-icon\" style=\"\"><svg width=\"32px\" height=\"20px\" xmlns=\"http:\/\/www.w3.org\/2000\/svg\" viewBox=\"0 0 24 24\"><path fill=\"#000\" d=\"M14.258 10.152L23.176 0h-2.113l-7.747 8.813L7.133 0H0l9.352 13.328L0 23.973h2.113l8.176-9.309 6.531 9.309h7.133zm-2.895 3.293l-.949-1.328L2.875 1.56h3.246l6.086 8.523.945 1.328 7.91 11.078h-3.246zm0 0\"\/><\/svg><\/span><\/a><\/li><li class=\"shariff-button xing shariff-nocustomcolor\" style=\"background-color:#29888a;border-radius:1%\"><a href=\"https:\/\/www.xing.com\/spi\/shares\/new?url=https%3A%2F%2Fwww.sonnenseite.com%2Fde%2Fumwelt%2Fweisse-weihnacht-faellt-aus%2F\" title=\"Bei XING teilen\" aria-label=\"Bei XING teilen\" role=\"button\" rel=\"noopener nofollow\" class=\"shariff-link\" style=\";border-radius:1%; background-color:#126567; color:#fff\" target=\"_blank\"><span class=\"shariff-icon\" style=\"\"><svg width=\"32px\" height=\"20px\" xmlns=\"http:\/\/www.w3.org\/2000\/svg\" viewBox=\"0 0 25 32\"><path fill=\"#126567\" d=\"M10.7 11.9q-0.2 0.3-4.6 8.2-0.5 0.8-1.2 0.8h-4.3q-0.4 0-0.5-0.3t0-0.6l4.5-8q0 0 0 0l-2.9-5q-0.2-0.4 0-0.7 0.2-0.3 0.5-0.3h4.3q0.7 0 1.2 0.8zM25.1 0.4q0.2 0.3 0 0.7l-9.4 16.7 6 11q0.2 0.4 0 0.6-0.2 0.3-0.6 0.3h-4.3q-0.7 0-1.2-0.8l-6-11.1q0.3-0.6 9.5-16.8 0.4-0.8 1.2-0.8h4.3q0.4 0 0.5 0.3z\"\/><\/svg><\/span><\/a><\/li><li class=\"shariff-button linkedin shariff-nocustomcolor\" style=\"background-color:#1488bf;border-radius:1%\"><a href=\"https:\/\/www.linkedin.com\/sharing\/share-offsite\/?url=https%3A%2F%2Fwww.sonnenseite.com%2Fde%2Fumwelt%2Fweisse-weihnacht-faellt-aus%2F\" title=\"Bei LinkedIn teilen\" aria-label=\"Bei LinkedIn teilen\" role=\"button\" rel=\"noopener nofollow\" class=\"shariff-link\" style=\";border-radius:1%; background-color:#0077b5; color:#fff\" target=\"_blank\"><span class=\"shariff-icon\" style=\"\"><svg width=\"32px\" height=\"20px\" xmlns=\"http:\/\/www.w3.org\/2000\/svg\" viewBox=\"0 0 27 32\"><path fill=\"#0077b5\" d=\"M6.2 11.2v17.7h-5.9v-17.7h5.9zM6.6 5.7q0 1.3-0.9 2.2t-2.4 0.9h0q-1.5 0-2.4-0.9t-0.9-2.2 0.9-2.2 2.4-0.9 2.4 0.9 0.9 2.2zM27.4 18.7v10.1h-5.9v-9.5q0-1.9-0.7-2.9t-2.3-1.1q-1.1 0-1.9 0.6t-1.2 1.5q-0.2 0.5-0.2 1.4v9.9h-5.9q0-7.1 0-11.6t0-5.3l0-0.9h5.9v2.6h0q0.4-0.6 0.7-1t1-0.9 1.6-0.8 2-0.3q3 0 4.9 2t1.9 6z\"\/><\/svg><\/span><\/a><\/li><li class=\"shariff-button printer shariff-nocustomcolor\" style=\"background-color:#a8a8a8;border-radius:1%\"><a href=\"javascript:window.print()\" title=\"drucken\" aria-label=\"drucken\" role=\"button\" rel=\"noopener nofollow\" class=\"shariff-link\" style=\";border-radius:1%; background-color:#999; color:#fff\"><span class=\"shariff-icon\" style=\"\"><svg width=\"32px\" height=\"20px\" xmlns=\"http:\/\/www.w3.org\/2000\/svg\" viewBox=\"0 0 30 32\"><path fill=\"#999\" d=\"M6.8 27.4h16v-4.6h-16v4.6zM6.8 16h16v-6.8h-2.8q-0.7 0-1.2-0.5t-0.5-1.2v-2.8h-11.4v11.4zM27.4 17.2q0-0.5-0.3-0.8t-0.8-0.4-0.8 0.4-0.3 0.8 0.3 0.8 0.8 0.3 0.8-0.3 0.3-0.8zM29.7 17.2v7.4q0 0.2-0.2 0.4t-0.4 0.2h-4v2.8q0 0.7-0.5 1.2t-1.2 0.5h-17.2q-0.7 0-1.2-0.5t-0.5-1.2v-2.8h-4q-0.2 0-0.4-0.2t-0.2-0.4v-7.4q0-1.4 1-2.4t2.4-1h1.2v-9.7q0-0.7 0.5-1.2t1.2-0.5h12q0.7 0 1.6 0.4t1.3 0.8l2.7 2.7q0.5 0.5 0.9 1.4t0.4 1.6v4.6h1.1q1.4 0 2.4 1t1 2.4z\"\/><\/svg><\/span><\/a><\/li><li class=\"shariff-button mailto shariff-nocustomcolor\" style=\"background-color:#a8a8a8;border-radius:1%\"><a href=\"mailto:?body=https%3A%2F%2Fwww.sonnenseite.com%2Fde%2Fumwelt%2Fweisse-weihnacht-faellt-aus%2F&subject=Wei%C3%9Fe%20Weihnacht%20f%C3%A4llt%20aus\" title=\"Per E-Mail versenden\" aria-label=\"Per E-Mail versenden\" role=\"button\" rel=\"noopener nofollow\" class=\"shariff-link\" style=\";border-radius:1%; background-color:#999; color:#fff\"><span class=\"shariff-icon\" style=\"\"><svg width=\"32px\" height=\"20px\" xmlns=\"http:\/\/www.w3.org\/2000\/svg\" viewBox=\"0 0 32 32\"><path fill=\"#999\" d=\"M32 12.7v14.2q0 1.2-0.8 2t-2 0.9h-26.3q-1.2 0-2-0.9t-0.8-2v-14.2q0.8 0.9 1.8 1.6 6.5 4.4 8.9 6.1 1 0.8 1.6 1.2t1.7 0.9 2 0.4h0.1q0.9 0 2-0.4t1.7-0.9 1.6-1.2q3-2.2 8.9-6.1 1-0.7 1.8-1.6zM32 7.4q0 1.4-0.9 2.7t-2.2 2.2q-6.7 4.7-8.4 5.8-0.2 0.1-0.7 0.5t-1 0.7-0.9 0.6-1.1 0.5-0.9 0.2h-0.1q-0.4 0-0.9-0.2t-1.1-0.5-0.9-0.6-1-0.7-0.7-0.5q-1.6-1.1-4.7-3.2t-3.6-2.6q-1.1-0.7-2.1-2t-1-2.5q0-1.4 0.7-2.3t2.1-0.9h26.3q1.2 0 2 0.8t0.9 2z\"\/><\/svg><\/span><\/a><\/li><\/ul><\/div>","protected":false},"excerpt":{"rendered":"<p>Auch in diesem Jahr wird es keinen Schnee &uuml;ber die Weihnachtsfeiertage geben. Der Deutsche Wetterdienst (DWD) [&hellip;]<\/p>\n","protected":false},"author":1,"featured_media":31709,"comment_status":"closed","ping_status":"closed","sticky":false,"template":"","format":"standard","meta":{"inline_featured_image":false,"footnotes":""},"categories":[23],"tags":[],"class_list":["post-31711","post","type-post","status-publish","format-standard","has-post-thumbnail","hentry","category-umwelt"],"yoast_head":"<!-- This site is optimized with the Yoast SEO plugin v26.5 - https:\/\/yoast.com\/wordpress\/plugins\/seo\/ -->\n<title>Wei\u00dfe Weihnacht f\u00e4llt aus - Sonnenseite - \u00d6kologische Kommunikation mit Franz Alt<\/title>\n<meta name=\"description\" content=\"Auch in diesem Jahr wird es keinen Schnee &uuml;ber die Weihnachtsfeiertage geben. Der Deutsche Wetterdienst (DWD) hat milde neun Grad, Regen und\" \/>\n<meta name=\"robots\" content=\"index, follow, max-snippet:-1, max-image-preview:large, max-video-preview:-1\" \/>\n<link rel=\"canonical\" href=\"https:\/\/www.sonnenseite.com\/de\/umwelt\/weisse-weihnacht-faellt-aus\/\" \/>\n<meta property=\"og:locale\" content=\"de_DE\" \/>\n<meta property=\"og:type\" content=\"article\" \/>\n<meta property=\"og:title\" content=\"Wei\u00dfe Weihnacht f\u00e4llt aus - Sonnenseite - \u00d6kologische Kommunikation mit Franz Alt\" \/>\n<meta property=\"og:description\" content=\"Auch in diesem Jahr wird es keinen Schnee &uuml;ber die Weihnachtsfeiertage geben. Der Deutsche Wetterdienst (DWD) hat milde neun Grad, Regen und\" \/>\n<meta property=\"og:url\" content=\"https:\/\/www.sonnenseite.com\/de\/umwelt\/weisse-weihnacht-faellt-aus\/\" \/>\n<meta property=\"og:site_name\" content=\"Sonnenseite\" \/>\n<meta property=\"article:publisher\" content=\"https:\/\/www.facebook.com\/pages\/Franz-Alt-SONNENSEITECOM\/221072987903953?fref=ts\" \/>\n<meta property=\"article:published_time\" content=\"2016-12-23T19:10:47+00:00\" \/>\n<meta property=\"og:image\" content=\"https:\/\/www.sonnenseite.com\/wp-content\/uploads\/2016\/12\/Schneemann_schmilzt_PublicDomainPictures.jpg\" \/>\n\t<meta property=\"og:image:width\" content=\"770\" \/>\n\t<meta property=\"og:image:height\" content=\"420\" \/>\n\t<meta property=\"og:image:type\" content=\"image\/jpeg\" \/>\n<meta name=\"author\" content=\"sbade\" \/>\n<meta name=\"twitter:card\" content=\"summary_large_image\" \/>\n<meta name=\"twitter:creator\" content=\"@franzalt\" \/>\n<meta name=\"twitter:site\" content=\"@franzalt\" \/>\n<meta name=\"twitter:label1\" content=\"Verfasst von\" \/>\n\t<meta name=\"twitter:data1\" content=\"sbade\" \/>\n\t<meta name=\"twitter:label2\" content=\"Gesch\u00e4tzte Lesezeit\" \/>\n\t<meta name=\"twitter:data2\" content=\"3\u00a0Minuten\" \/>\n<script type=\"application\/ld+json\" class=\"yoast-schema-graph\">{\"@context\":\"https:\/\/schema.org\",\"@graph\":[{\"@type\":\"Article\",\"@id\":\"https:\/\/www.sonnenseite.com\/de\/umwelt\/weisse-weihnacht-faellt-aus\/#article\",\"isPartOf\":{\"@id\":\"https:\/\/www.sonnenseite.com\/de\/umwelt\/weisse-weihnacht-faellt-aus\/\"},\"author\":{\"name\":\"sbade\",\"@id\":\"https:\/\/www.sonnenseite.com\/de\/#\/schema\/person\/6df44691cd9a70d99e140e1116ee8771\"},\"headline\":\"Wei\u00dfe Weihnacht f\u00e4llt aus\",\"datePublished\":\"2016-12-23T19:10:47+00:00\",\"mainEntityOfPage\":{\"@id\":\"https:\/\/www.sonnenseite.com\/de\/umwelt\/weisse-weihnacht-faellt-aus\/\"},\"wordCount\":520,\"publisher\":{\"@id\":\"https:\/\/www.sonnenseite.com\/de\/#organization\"},\"image\":{\"@id\":\"https:\/\/www.sonnenseite.com\/de\/umwelt\/weisse-weihnacht-faellt-aus\/#primaryimage\"},\"thumbnailUrl\":\"https:\/\/www.sonnenseite.com\/wp-content\/uploads\/2016\/12\/Schneemann_schmilzt_PublicDomainPictures.jpg\",\"articleSection\":[\"Umwelt\"],\"inLanguage\":\"de\"},{\"@type\":\"WebPage\",\"@id\":\"https:\/\/www.sonnenseite.com\/de\/umwelt\/weisse-weihnacht-faellt-aus\/\",\"url\":\"https:\/\/www.sonnenseite.com\/de\/umwelt\/weisse-weihnacht-faellt-aus\/\",\"name\":\"Wei\u00dfe Weihnacht f\u00e4llt aus - Sonnenseite - \u00d6kologische Kommunikation mit Franz Alt\",\"isPartOf\":{\"@id\":\"https:\/\/www.sonnenseite.com\/de\/#website\"},\"primaryImageOfPage\":{\"@id\":\"https:\/\/www.sonnenseite.com\/de\/umwelt\/weisse-weihnacht-faellt-aus\/#primaryimage\"},\"image\":{\"@id\":\"https:\/\/www.sonnenseite.com\/de\/umwelt\/weisse-weihnacht-faellt-aus\/#primaryimage\"},\"thumbnailUrl\":\"https:\/\/www.sonnenseite.com\/wp-content\/uploads\/2016\/12\/Schneemann_schmilzt_PublicDomainPictures.jpg\",\"datePublished\":\"2016-12-23T19:10:47+00:00\",\"description\":\"Auch in diesem Jahr wird es keinen Schnee &uuml;ber die Weihnachtsfeiertage geben. Der Deutsche Wetterdienst (DWD) hat milde neun Grad, Regen und\",\"breadcrumb\":{\"@id\":\"https:\/\/www.sonnenseite.com\/de\/umwelt\/weisse-weihnacht-faellt-aus\/#breadcrumb\"},\"inLanguage\":\"de\",\"potentialAction\":[{\"@type\":\"ReadAction\",\"target\":[\"https:\/\/www.sonnenseite.com\/de\/umwelt\/weisse-weihnacht-faellt-aus\/\"]}]},{\"@type\":\"ImageObject\",\"inLanguage\":\"de\",\"@id\":\"https:\/\/www.sonnenseite.com\/de\/umwelt\/weisse-weihnacht-faellt-aus\/#primaryimage\",\"url\":\"https:\/\/www.sonnenseite.com\/wp-content\/uploads\/2016\/12\/Schneemann_schmilzt_PublicDomainPictures.jpg\",\"contentUrl\":\"https:\/\/www.sonnenseite.com\/wp-content\/uploads\/2016\/12\/Schneemann_schmilzt_PublicDomainPictures.jpg\",\"width\":770,\"height\":420,\"caption\":\"pixabay.com | PublicDomainPictures | Schnee zu Weihnachten gab es in vielen Regionen schon seit f&uuml;nf Jahren nicht mehr.\"},{\"@type\":\"BreadcrumbList\",\"@id\":\"https:\/\/www.sonnenseite.com\/de\/umwelt\/weisse-weihnacht-faellt-aus\/#breadcrumb\",\"itemListElement\":[{\"@type\":\"ListItem\",\"position\":1,\"name\":\"Startseite\",\"item\":\"https:\/\/www.sonnenseite.com\/de\/\"},{\"@type\":\"ListItem\",\"position\":2,\"name\":\"Wei\u00dfe Weihnacht f\u00e4llt aus\"}]},{\"@type\":\"WebSite\",\"@id\":\"https:\/\/www.sonnenseite.com\/de\/#website\",\"url\":\"https:\/\/www.sonnenseite.com\/de\/\",\"name\":\"Sonnenseite\",\"description\":\"\u00d6kologische Kommunikation mit Franz Alt\",\"publisher\":{\"@id\":\"https:\/\/www.sonnenseite.com\/de\/#organization\"},\"potentialAction\":[{\"@type\":\"SearchAction\",\"target\":{\"@type\":\"EntryPoint\",\"urlTemplate\":\"https:\/\/www.sonnenseite.com\/de\/?s={search_term_string}\"},\"query-input\":{\"@type\":\"PropertyValueSpecification\",\"valueRequired\":true,\"valueName\":\"search_term_string\"}}],\"inLanguage\":\"de\"},{\"@type\":\"Organization\",\"@id\":\"https:\/\/www.sonnenseite.com\/de\/#organization\",\"name\":\"Sonnenseite\",\"url\":\"https:\/\/www.sonnenseite.com\/de\/\",\"logo\":{\"@type\":\"ImageObject\",\"inLanguage\":\"de\",\"@id\":\"https:\/\/www.sonnenseite.com\/de\/#\/schema\/logo\/image\/\",\"url\":\"https:\/\/www.sonnenseite.com\/wp-content\/uploads\/2020\/05\/Sonnenseite_Logo.png\",\"contentUrl\":\"https:\/\/www.sonnenseite.com\/wp-content\/uploads\/2020\/05\/Sonnenseite_Logo.png\",\"width\":377,\"height\":90,\"caption\":\"Sonnenseite\"},\"image\":{\"@id\":\"https:\/\/www.sonnenseite.com\/de\/#\/schema\/logo\/image\/\"},\"sameAs\":[\"https:\/\/www.facebook.com\/pages\/Franz-Alt-SONNENSEITECOM\/221072987903953?fref=ts\",\"https:\/\/x.com\/franzalt\",\"http:\/\/www.youtube.com\/results?search_query&amp;amp;quot;franz_alt&amp;amp;quot;&amp;amp;amp;amp;search_type&amp;amp;amp;amp;aq=f\"]},{\"@type\":\"Person\",\"@id\":\"https:\/\/www.sonnenseite.com\/de\/#\/schema\/person\/6df44691cd9a70d99e140e1116ee8771\",\"name\":\"sbade\",\"sameAs\":[\"https:\/\/www.sonnenseite.com\"]}]}<\/script>\n<!-- \/ Yoast SEO plugin. -->","yoast_head_json":{"title":"Wei\u00dfe Weihnacht f\u00e4llt aus - Sonnenseite - \u00d6kologische Kommunikation mit Franz Alt","description":"Auch in diesem Jahr wird es keinen Schnee &uuml;ber die Weihnachtsfeiertage geben. Der Deutsche Wetterdienst (DWD) hat milde neun Grad, Regen und","robots":{"index":"index","follow":"follow","max-snippet":"max-snippet:-1","max-image-preview":"max-image-preview:large","max-video-preview":"max-video-preview:-1"},"canonical":"https:\/\/www.sonnenseite.com\/de\/umwelt\/weisse-weihnacht-faellt-aus\/","og_locale":"de_DE","og_type":"article","og_title":"Wei\u00dfe Weihnacht f\u00e4llt aus - Sonnenseite - \u00d6kologische Kommunikation mit Franz Alt","og_description":"Auch in diesem Jahr wird es keinen Schnee &uuml;ber die Weihnachtsfeiertage geben. Der Deutsche Wetterdienst (DWD) hat milde neun Grad, Regen und","og_url":"https:\/\/www.sonnenseite.com\/de\/umwelt\/weisse-weihnacht-faellt-aus\/","og_site_name":"Sonnenseite","article_publisher":"https:\/\/www.facebook.com\/pages\/Franz-Alt-SONNENSEITECOM\/221072987903953?fref=ts","article_published_time":"2016-12-23T19:10:47+00:00","og_image":[{"width":770,"height":420,"url":"https:\/\/www.sonnenseite.com\/wp-content\/uploads\/2016\/12\/Schneemann_schmilzt_PublicDomainPictures.jpg","type":"image\/jpeg"}],"author":"sbade","twitter_card":"summary_large_image","twitter_creator":"@franzalt","twitter_site":"@franzalt","twitter_misc":{"Verfasst von":"sbade","Gesch\u00e4tzte Lesezeit":"3\u00a0Minuten"},"schema":{"@context":"https:\/\/schema.org","@graph":[{"@type":"Article","@id":"https:\/\/www.sonnenseite.com\/de\/umwelt\/weisse-weihnacht-faellt-aus\/#article","isPartOf":{"@id":"https:\/\/www.sonnenseite.com\/de\/umwelt\/weisse-weihnacht-faellt-aus\/"},"author":{"name":"sbade","@id":"https:\/\/www.sonnenseite.com\/de\/#\/schema\/person\/6df44691cd9a70d99e140e1116ee8771"},"headline":"Wei\u00dfe Weihnacht f\u00e4llt aus","datePublished":"2016-12-23T19:10:47+00:00","mainEntityOfPage":{"@id":"https:\/\/www.sonnenseite.com\/de\/umwelt\/weisse-weihnacht-faellt-aus\/"},"wordCount":520,"publisher":{"@id":"https:\/\/www.sonnenseite.com\/de\/#organization"},"image":{"@id":"https:\/\/www.sonnenseite.com\/de\/umwelt\/weisse-weihnacht-faellt-aus\/#primaryimage"},"thumbnailUrl":"https:\/\/www.sonnenseite.com\/wp-content\/uploads\/2016\/12\/Schneemann_schmilzt_PublicDomainPictures.jpg","articleSection":["Umwelt"],"inLanguage":"de"},{"@type":"WebPage","@id":"https:\/\/www.sonnenseite.com\/de\/umwelt\/weisse-weihnacht-faellt-aus\/","url":"https:\/\/www.sonnenseite.com\/de\/umwelt\/weisse-weihnacht-faellt-aus\/","name":"Wei\u00dfe Weihnacht f\u00e4llt aus - Sonnenseite - \u00d6kologische Kommunikation mit Franz Alt","isPartOf":{"@id":"https:\/\/www.sonnenseite.com\/de\/#website"},"primaryImageOfPage":{"@id":"https:\/\/www.sonnenseite.com\/de\/umwelt\/weisse-weihnacht-faellt-aus\/#primaryimage"},"image":{"@id":"https:\/\/www.sonnenseite.com\/de\/umwelt\/weisse-weihnacht-faellt-aus\/#primaryimage"},"thumbnailUrl":"https:\/\/www.sonnenseite.com\/wp-content\/uploads\/2016\/12\/Schneemann_schmilzt_PublicDomainPictures.jpg","datePublished":"2016-12-23T19:10:47+00:00","description":"Auch in diesem Jahr wird es keinen Schnee &uuml;ber die Weihnachtsfeiertage geben. Der Deutsche Wetterdienst (DWD) hat milde neun Grad, Regen und","breadcrumb":{"@id":"https:\/\/www.sonnenseite.com\/de\/umwelt\/weisse-weihnacht-faellt-aus\/#breadcrumb"},"inLanguage":"de","potentialAction":[{"@type":"ReadAction","target":["https:\/\/www.sonnenseite.com\/de\/umwelt\/weisse-weihnacht-faellt-aus\/"]}]},{"@type":"ImageObject","inLanguage":"de","@id":"https:\/\/www.sonnenseite.com\/de\/umwelt\/weisse-weihnacht-faellt-aus\/#primaryimage","url":"https:\/\/www.sonnenseite.com\/wp-content\/uploads\/2016\/12\/Schneemann_schmilzt_PublicDomainPictures.jpg","contentUrl":"https:\/\/www.sonnenseite.com\/wp-content\/uploads\/2016\/12\/Schneemann_schmilzt_PublicDomainPictures.jpg","width":770,"height":420,"caption":"pixabay.com | PublicDomainPictures | Schnee zu Weihnachten gab es in vielen Regionen schon seit f&uuml;nf Jahren nicht mehr."},{"@type":"BreadcrumbList","@id":"https:\/\/www.sonnenseite.com\/de\/umwelt\/weisse-weihnacht-faellt-aus\/#breadcrumb","itemListElement":[{"@type":"ListItem","position":1,"name":"Startseite","item":"https:\/\/www.sonnenseite.com\/de\/"},{"@type":"ListItem","position":2,"name":"Wei\u00dfe Weihnacht f\u00e4llt aus"}]},{"@type":"WebSite","@id":"https:\/\/www.sonnenseite.com\/de\/#website","url":"https:\/\/www.sonnenseite.com\/de\/","name":"Sonnenseite","description":"\u00d6kologische Kommunikation mit Franz Alt","publisher":{"@id":"https:\/\/www.sonnenseite.com\/de\/#organization"},"potentialAction":[{"@type":"SearchAction","target":{"@type":"EntryPoint","urlTemplate":"https:\/\/www.sonnenseite.com\/de\/?s={search_term_string}"},"query-input":{"@type":"PropertyValueSpecification","valueRequired":true,"valueName":"search_term_string"}}],"inLanguage":"de"},{"@type":"Organization","@id":"https:\/\/www.sonnenseite.com\/de\/#organization","name":"Sonnenseite","url":"https:\/\/www.sonnenseite.com\/de\/","logo":{"@type":"ImageObject","inLanguage":"de","@id":"https:\/\/www.sonnenseite.com\/de\/#\/schema\/logo\/image\/","url":"https:\/\/www.sonnenseite.com\/wp-content\/uploads\/2020\/05\/Sonnenseite_Logo.png","contentUrl":"https:\/\/www.sonnenseite.com\/wp-content\/uploads\/2020\/05\/Sonnenseite_Logo.png","width":377,"height":90,"caption":"Sonnenseite"},"image":{"@id":"https:\/\/www.sonnenseite.com\/de\/#\/schema\/logo\/image\/"},"sameAs":["https:\/\/www.facebook.com\/pages\/Franz-Alt-SONNENSEITECOM\/221072987903953?fref=ts","https:\/\/x.com\/franzalt","http:\/\/www.youtube.com\/results?search_query&amp;amp;quot;franz_alt&amp;amp;quot;&amp;amp;amp;amp;search_type&amp;amp;amp;amp;aq=f"]},{"@type":"Person","@id":"https:\/\/www.sonnenseite.com\/de\/#\/schema\/person\/6df44691cd9a70d99e140e1116ee8771","name":"sbade","sameAs":["https:\/\/www.sonnenseite.com"]}]}},"_links":{"self":[{"href":"https:\/\/www.sonnenseite.com\/de\/wp-json\/wp\/v2\/posts\/31711","targetHints":{"allow":["GET"]}}],"collection":[{"href":"https:\/\/www.sonnenseite.com\/de\/wp-json\/wp\/v2\/posts"}],"about":[{"href":"https:\/\/www.sonnenseite.com\/de\/wp-json\/wp\/v2\/types\/post"}],"author":[{"embeddable":true,"href":"https:\/\/www.sonnenseite.com\/de\/wp-json\/wp\/v2\/users\/1"}],"replies":[{"embeddable":true,"href":"https:\/\/www.sonnenseite.com\/de\/wp-json\/wp\/v2\/comments?post=31711"}],"version-history":[{"count":0,"href":"https:\/\/www.sonnenseite.com\/de\/wp-json\/wp\/v2\/posts\/31711\/revisions"}],"wp:featuredmedia":[{"embeddable":true,"href":"https:\/\/www.sonnenseite.com\/de\/wp-json\/wp\/v2\/media\/31709"}],"wp:attachment":[{"href":"https:\/\/www.sonnenseite.com\/de\/wp-json\/wp\/v2\/media?parent=31711"}],"wp:term":[{"taxonomy":"category","embeddable":true,"href":"https:\/\/www.sonnenseite.com\/de\/wp-json\/wp\/v2\/categories?post=31711"},{"taxonomy":"post_tag","embeddable":true,"href":"https:\/\/www.sonnenseite.com\/de\/wp-json\/wp\/v2\/tags?post=31711"}],"curies":[{"name":"wp","href":"https:\/\/api.w.org\/{rel}","templated":true}]}}