{"id":33679,"date":"2016-10-05T08:06:59","date_gmt":"2016-10-05T06:06:59","guid":{"rendered":"https:\/\/www.sonnenseite.com\/wirtschaft\/32-franzoesischen-atomkraftwerken-droht-akuter-stoerfall.html"},"modified":"2020-05-29T15:09:01","modified_gmt":"2020-05-29T13:09:01","slug":"32-franzoesischen-atomkraftwerken-droht-akuter-stoerfall","status":"publish","type":"post","link":"https:\/\/www.sonnenseite.com\/de\/wirtschaft\/32-franzoesischen-atomkraftwerken-droht-akuter-stoerfall\/","title":{"rendered":"32 franz\u00f6sischen Atomkraftwerken droht akuter St\u00f6rfall"},"content":{"rendered":"<p>In 55 Prozent aller franz&ouml;sischen Atomreaktoren droht ein massiver St&ouml;rfall verursacht durch fehlerhafte Bauteile aus der Stahlschmiede Creusot Forge. Betroffen sind auch Meiler an den Standorten Fessenheim und Cattenom unweit der deutschen Grenze.<\/p>\n<p> <!--more--> <\/p>\n<div class=\"field--body\">\n<p>Ein <a href=\"http:\/\/gpurl.de\/nBeWY\" target=\"_blank\" rel=\"noopener noreferrer\">aktuelles Gutachten&nbsp;<\/a>des  Londoner Ingenieurb&uuml;ros John Large im Auftrag von Greenpeace kommt zu  dem Ergebnis, dass insgesamt 107 Bauteile an 14 franz&ouml;sischen  AKW-Standorten gravierende Probleme mit mangelhaftem Stahl aufweisen.  &bdquo;Die franz&ouml;sische Atomaufsicht muss sofort handeln und die betroffenen  Meiler vom Netz nehmen&ldquo;, sagt Greenpeace-Atomexpertin Susanne  Neubronner. &bdquo;Frankreichs AKW sind eine akute Gefahr f&uuml;r Millionen  Europ&auml;er.&ldquo;<\/p>\n<p>Large hat eine umfassende Dokumentation der franz&ouml;sischen  Atomaufsicht ASN ausgewertet. Sie beschreibt M&auml;ngel an Dampferzeugern  und anderen AKW-Bauteilen aus der Stahlschmiede Creusot Forge des  franz&ouml;sischen Areva-Konzerns. Der verwendete Stahl weist eine zu hohe  Kohlenstoffkonzentration auf, die bei starker Beanspruchung zu einem  Bersten des Materials f&uuml;hren kann. Bei 19 Reaktoren sind die  Kohlenstoff-Anomalien an den Dampferzeugern festgestellt worden. Das ist  besonders riskant, denn auch nach Ansicht der franz&ouml;sischen  Sachverst&auml;ndigenorganisation Institut de Radioprotection et de S&ucirc;ret&eacute;  Nucl&eacute;aire (IRSN) kann das Versagen eines Dampferzeugers eine  Kernschmelze verursachen. Derzeit sind lediglich vier Reaktoren wegen  weiterer Untersuchungen vom Netz, darunter ein Reaktor in Fessenheim bei  Freiburg. Die restlichen 15 AKW laufen ungedrosselt weiter.<\/p>\n<p><strong>Fehlerhafte Bauteile m&uuml;ssen umgehend ausgetauscht werden<\/strong><\/p>\n<p>Erstmals wurden beim AKW-Neubau in Flamanville im Jahr 2014 M&auml;ngel am  verbauten Stahl des Reaktordruckbeh&auml;lters festgestellt. Daraufhin  veranlasste die ASN weitere Untersuchungen, die enth&uuml;llten, dass  hunderte Produktionsunterlagen f&uuml;r Bauteile der Stahlschmiede Creusot  Forge unvollst&auml;ndig und fehlerhaft waren. Kontrollen der betreffenden  Bauteile deckten die normwidrigen Anormalit&auml;ten des Stahls auf.<\/p>\n<p>Der Large-Report kritisiert, dass die derzeitigen  Untersuchungsmethoden von Areva und dem AKW-Betreiber EdF bei weitem  nicht ausreichen. Einzige Konsequenz m&uuml;sse sein, so Large, die AKW  stillzulegen und die betroffenen Bauteile umgehend auszubauen. Dies  h&auml;tte jedoch zur Folge, dass mehr als die H&auml;lfte aller franz&ouml;sischen  Atomreaktoren auf unbestimmte Zeit keinen Strom produzieren k&ouml;nnten.  &bdquo;Frankreich hat die Energiewende verschlafen, daher klammert sich der  Staat an einen Weiterbetrieb seiner Atomkraftwerke um jeden Preis. Ein  Preis, den die Menschen in benachbarten L&auml;ndern wie Deutschland nicht  mehr bezahlen wollen&ldquo;, sagt Neubronner.<\/p>\n<\/p><\/div>\n<div class=\"field--wrapper_field--files\">\n<p class=\"field-label\">       <strong>Publikationen zum Thema     <\/strong><\/p>\n<ul>\n<li>\n<div class=\"file-article\"> <a href=\"http:\/\/www.greenpeace.de\/sites\/www.greenpeace.de\/files\/publications\/areva_summary_john_large_report_2016.pdf\" title=\"areva_summary_john_large_report_2016.pdf\">Areva-Skandal: Riskante Anomalien bei franz&ouml;sischem AKW-Stahl<\/a><\/div>\n<\/li>\n<li>\n<div class=\"file-article\"><a href=\"https:\/\/www.sonnenseite.com\/politik\/hendricks-fessenheim-muss-vom-netz.html\" target=\"_blank\" rel=\"noopener noreferrer\">Schwerer Fessenheim St&ouml;rfall &#8211; Unfall am 9. April 2014 &#8220; <\/a>| &#8222;Im franz&ouml;sischen AKW Fessenheim gab es 2014 eine  &Uuml;berschwemmung. Die Betreiberfirma stellte das Ereignis als harmlos dar.  Doch nach <a href=\"https:\/\/www.tagesschau.de\/inland\/akw-117.html\" target=\"_blank\" rel=\"noopener noreferrer\">Recherchen von WDR<\/a> und <a href=\"http:\/\/www.sueddeutsche.de\/wissen\/frankreich-panne-im-akw-fessenheim-war-gravierender-als-gedacht-1.2890408\">S&uuml;ddeutscher Zeitung<\/a> k&ouml;nnte es einer der dramatischsten AKW-Unf&auml;lle in Westeuropa gewesen sein.&#8220; <\/div>\n<\/li>\n<\/ul><\/div>\n<h5 class=\"green\">Quelle<\/h5>\n<p><a href=\"http:\/\/www.greenpeace.de\" target=\"_blank\" rel=\"noopener noreferrer\">Greenpeace Deutschland 2016<\/a><\/p>\n<div class=\"shariff shariff-align-flex-start shariff-widget-align-flex-start\"><div class=\"ShariffHeadline\">Diese Meldung teilen<\/div><ul class=\"shariff-buttons theme-round orientation-horizontal buttonsize-medium\"><li class=\"shariff-button facebook shariff-nocustomcolor\" style=\"background-color:#4273c8;border-radius:1%\"><a href=\"https:\/\/www.facebook.com\/sharer\/sharer.php?u=https%3A%2F%2Fwww.sonnenseite.com%2Fde%2Fwirtschaft%2F32-franzoesischen-atomkraftwerken-droht-akuter-stoerfall%2F\" title=\"Bei Facebook teilen\" aria-label=\"Bei Facebook teilen\" role=\"button\" rel=\"nofollow\" class=\"shariff-link\" style=\";border-radius:1%; background-color:#3b5998; color:#fff\" target=\"_blank\"><span class=\"shariff-icon\" style=\"\"><svg width=\"32px\" height=\"20px\" xmlns=\"http:\/\/www.w3.org\/2000\/svg\" viewBox=\"0 0 18 32\"><path fill=\"#3b5998\" d=\"M17.1 0.2v4.7h-2.8q-1.5 0-2.1 0.6t-0.5 1.9v3.4h5.2l-0.7 5.3h-4.5v13.6h-5.5v-13.6h-4.5v-5.3h4.5v-3.9q0-3.3 1.9-5.2t5-1.8q2.6 0 4.1 0.2z\"\/><\/svg><\/span><\/a><\/li><li class=\"shariff-button twitter shariff-nocustomcolor\" style=\"background-color:#595959;border-radius:1%\"><a href=\"https:\/\/twitter.com\/share?url=https%3A%2F%2Fwww.sonnenseite.com%2Fde%2Fwirtschaft%2F32-franzoesischen-atomkraftwerken-droht-akuter-stoerfall%2F&text=32%20franz%C3%B6sischen%20Atomkraftwerken%20droht%20akuter%20St%C3%B6rfall\" title=\"Bei X teilen\" aria-label=\"Bei X teilen\" role=\"button\" rel=\"noopener nofollow\" class=\"shariff-link\" style=\";border-radius:1%; background-color:#000; color:#fff\" target=\"_blank\"><span class=\"shariff-icon\" style=\"\"><svg width=\"32px\" height=\"20px\" xmlns=\"http:\/\/www.w3.org\/2000\/svg\" viewBox=\"0 0 24 24\"><path fill=\"#000\" d=\"M14.258 10.152L23.176 0h-2.113l-7.747 8.813L7.133 0H0l9.352 13.328L0 23.973h2.113l8.176-9.309 6.531 9.309h7.133zm-2.895 3.293l-.949-1.328L2.875 1.56h3.246l6.086 8.523.945 1.328 7.91 11.078h-3.246zm0 0\"\/><\/svg><\/span><\/a><\/li><li class=\"shariff-button xing shariff-nocustomcolor\" style=\"background-color:#29888a;border-radius:1%\"><a href=\"https:\/\/www.xing.com\/spi\/shares\/new?url=https%3A%2F%2Fwww.sonnenseite.com%2Fde%2Fwirtschaft%2F32-franzoesischen-atomkraftwerken-droht-akuter-stoerfall%2F\" title=\"Bei XING teilen\" aria-label=\"Bei XING teilen\" role=\"button\" rel=\"noopener nofollow\" class=\"shariff-link\" style=\";border-radius:1%; background-color:#126567; color:#fff\" target=\"_blank\"><span class=\"shariff-icon\" style=\"\"><svg width=\"32px\" height=\"20px\" xmlns=\"http:\/\/www.w3.org\/2000\/svg\" viewBox=\"0 0 25 32\"><path fill=\"#126567\" d=\"M10.7 11.9q-0.2 0.3-4.6 8.2-0.5 0.8-1.2 0.8h-4.3q-0.4 0-0.5-0.3t0-0.6l4.5-8q0 0 0 0l-2.9-5q-0.2-0.4 0-0.7 0.2-0.3 0.5-0.3h4.3q0.7 0 1.2 0.8zM25.1 0.4q0.2 0.3 0 0.7l-9.4 16.7 6 11q0.2 0.4 0 0.6-0.2 0.3-0.6 0.3h-4.3q-0.7 0-1.2-0.8l-6-11.1q0.3-0.6 9.5-16.8 0.4-0.8 1.2-0.8h4.3q0.4 0 0.5 0.3z\"\/><\/svg><\/span><\/a><\/li><li class=\"shariff-button linkedin shariff-nocustomcolor\" style=\"background-color:#1488bf;border-radius:1%\"><a href=\"https:\/\/www.linkedin.com\/sharing\/share-offsite\/?url=https%3A%2F%2Fwww.sonnenseite.com%2Fde%2Fwirtschaft%2F32-franzoesischen-atomkraftwerken-droht-akuter-stoerfall%2F\" title=\"Bei LinkedIn teilen\" aria-label=\"Bei LinkedIn teilen\" role=\"button\" rel=\"noopener nofollow\" class=\"shariff-link\" style=\";border-radius:1%; background-color:#0077b5; color:#fff\" target=\"_blank\"><span class=\"shariff-icon\" style=\"\"><svg width=\"32px\" height=\"20px\" xmlns=\"http:\/\/www.w3.org\/2000\/svg\" viewBox=\"0 0 27 32\"><path fill=\"#0077b5\" d=\"M6.2 11.2v17.7h-5.9v-17.7h5.9zM6.6 5.7q0 1.3-0.9 2.2t-2.4 0.9h0q-1.5 0-2.4-0.9t-0.9-2.2 0.9-2.2 2.4-0.9 2.4 0.9 0.9 2.2zM27.4 18.7v10.1h-5.9v-9.5q0-1.9-0.7-2.9t-2.3-1.1q-1.1 0-1.9 0.6t-1.2 1.5q-0.2 0.5-0.2 1.4v9.9h-5.9q0-7.1 0-11.6t0-5.3l0-0.9h5.9v2.6h0q0.4-0.6 0.7-1t1-0.9 1.6-0.8 2-0.3q3 0 4.9 2t1.9 6z\"\/><\/svg><\/span><\/a><\/li><li class=\"shariff-button printer shariff-nocustomcolor\" style=\"background-color:#a8a8a8;border-radius:1%\"><a href=\"javascript:window.print()\" title=\"drucken\" aria-label=\"drucken\" role=\"button\" rel=\"noopener nofollow\" class=\"shariff-link\" style=\";border-radius:1%; background-color:#999; color:#fff\"><span class=\"shariff-icon\" style=\"\"><svg width=\"32px\" height=\"20px\" xmlns=\"http:\/\/www.w3.org\/2000\/svg\" viewBox=\"0 0 30 32\"><path fill=\"#999\" d=\"M6.8 27.4h16v-4.6h-16v4.6zM6.8 16h16v-6.8h-2.8q-0.7 0-1.2-0.5t-0.5-1.2v-2.8h-11.4v11.4zM27.4 17.2q0-0.5-0.3-0.8t-0.8-0.4-0.8 0.4-0.3 0.8 0.3 0.8 0.8 0.3 0.8-0.3 0.3-0.8zM29.7 17.2v7.4q0 0.2-0.2 0.4t-0.4 0.2h-4v2.8q0 0.7-0.5 1.2t-1.2 0.5h-17.2q-0.7 0-1.2-0.5t-0.5-1.2v-2.8h-4q-0.2 0-0.4-0.2t-0.2-0.4v-7.4q0-1.4 1-2.4t2.4-1h1.2v-9.7q0-0.7 0.5-1.2t1.2-0.5h12q0.7 0 1.6 0.4t1.3 0.8l2.7 2.7q0.5 0.5 0.9 1.4t0.4 1.6v4.6h1.1q1.4 0 2.4 1t1 2.4z\"\/><\/svg><\/span><\/a><\/li><li class=\"shariff-button mailto shariff-nocustomcolor\" style=\"background-color:#a8a8a8;border-radius:1%\"><a href=\"mailto:?body=https%3A%2F%2Fwww.sonnenseite.com%2Fde%2Fwirtschaft%2F32-franzoesischen-atomkraftwerken-droht-akuter-stoerfall%2F&subject=32%20franz%C3%B6sischen%20Atomkraftwerken%20droht%20akuter%20St%C3%B6rfall\" title=\"Per E-Mail versenden\" aria-label=\"Per E-Mail versenden\" role=\"button\" rel=\"noopener nofollow\" class=\"shariff-link\" style=\";border-radius:1%; background-color:#999; color:#fff\"><span class=\"shariff-icon\" style=\"\"><svg width=\"32px\" height=\"20px\" xmlns=\"http:\/\/www.w3.org\/2000\/svg\" viewBox=\"0 0 32 32\"><path fill=\"#999\" d=\"M32 12.7v14.2q0 1.2-0.8 2t-2 0.9h-26.3q-1.2 0-2-0.9t-0.8-2v-14.2q0.8 0.9 1.8 1.6 6.5 4.4 8.9 6.1 1 0.8 1.6 1.2t1.7 0.9 2 0.4h0.1q0.9 0 2-0.4t1.7-0.9 1.6-1.2q3-2.2 8.9-6.1 1-0.7 1.8-1.6zM32 7.4q0 1.4-0.9 2.7t-2.2 2.2q-6.7 4.7-8.4 5.8-0.2 0.1-0.7 0.5t-1 0.7-0.9 0.6-1.1 0.5-0.9 0.2h-0.1q-0.4 0-0.9-0.2t-1.1-0.5-0.9-0.6-1-0.7-0.7-0.5q-1.6-1.1-4.7-3.2t-3.6-2.6q-1.1-0.7-2.1-2t-1-2.5q0-1.4 0.7-2.3t2.1-0.9h26.3q1.2 0 2 0.8t0.9 2z\"\/><\/svg><\/span><\/a><\/li><\/ul><\/div>","protected":false},"excerpt":{"rendered":"<p>In 55 Prozent aller franz&ouml;sischen Atomreaktoren droht ein massiver St&ouml;rfall verursacht durch fehlerhafte Bauteile aus der [&hellip;]<\/p>\n","protected":false},"author":1,"featured_media":33677,"comment_status":"closed","ping_status":"closed","sticky":false,"template":"","format":"standard","meta":{"inline_featured_image":false,"footnotes":""},"categories":[24],"tags":[],"class_list":["post-33679","post","type-post","status-publish","format-standard","has-post-thumbnail","hentry","category-wirtschaft"],"yoast_head":"<!-- This site is optimized with the Yoast SEO plugin v26.5 - https:\/\/yoast.com\/wordpress\/plugins\/seo\/ -->\n<title>32 franz\u00f6sischen Atomkraftwerken droht akuter St\u00f6rfall - Sonnenseite - \u00d6kologische Kommunikation mit Franz Alt<\/title>\n<meta name=\"description\" content=\"In 55 Prozent aller franz&ouml;sischen Atomreaktoren droht ein massiver St&ouml;rfall verursacht durch fehlerhafte Bauteile aus der Stahlschmiede Creusot\" \/>\n<meta name=\"robots\" content=\"index, follow, max-snippet:-1, max-image-preview:large, max-video-preview:-1\" \/>\n<link rel=\"canonical\" href=\"https:\/\/www.sonnenseite.com\/de\/wirtschaft\/32-franzoesischen-atomkraftwerken-droht-akuter-stoerfall\/\" \/>\n<meta property=\"og:locale\" content=\"de_DE\" \/>\n<meta property=\"og:type\" content=\"article\" \/>\n<meta property=\"og:title\" content=\"32 franz\u00f6sischen Atomkraftwerken droht akuter St\u00f6rfall - Sonnenseite - \u00d6kologische Kommunikation mit Franz Alt\" \/>\n<meta property=\"og:description\" content=\"In 55 Prozent aller franz&ouml;sischen Atomreaktoren droht ein massiver St&ouml;rfall verursacht durch fehlerhafte Bauteile aus der Stahlschmiede Creusot\" \/>\n<meta property=\"og:url\" content=\"https:\/\/www.sonnenseite.com\/de\/wirtschaft\/32-franzoesischen-atomkraftwerken-droht-akuter-stoerfall\/\" \/>\n<meta property=\"og:site_name\" content=\"Sonnenseite\" \/>\n<meta property=\"article:publisher\" content=\"https:\/\/www.facebook.com\/pages\/Franz-Alt-SONNENSEITECOM\/221072987903953?fref=ts\" \/>\n<meta property=\"article:published_time\" content=\"2016-10-05T06:06:59+00:00\" \/>\n<meta property=\"article:modified_time\" content=\"2020-05-29T13:09:01+00:00\" \/>\n<meta property=\"og:image\" content=\"https:\/\/www.sonnenseite.com\/wp-content\/uploads\/2016\/10\/akw_fessenheim_wikimediacommons_remistokopf.jpg\" \/>\n\t<meta property=\"og:image:width\" content=\"770\" \/>\n\t<meta property=\"og:image:height\" content=\"420\" \/>\n\t<meta property=\"og:image:type\" content=\"image\/jpeg\" \/>\n<meta name=\"author\" content=\"sbade\" \/>\n<meta name=\"twitter:card\" content=\"summary_large_image\" \/>\n<meta name=\"twitter:creator\" content=\"@franzalt\" \/>\n<meta name=\"twitter:site\" content=\"@franzalt\" \/>\n<meta name=\"twitter:label1\" content=\"Verfasst von\" \/>\n\t<meta name=\"twitter:data1\" content=\"sbade\" \/>\n\t<meta name=\"twitter:label2\" content=\"Gesch\u00e4tzte Lesezeit\" \/>\n\t<meta name=\"twitter:data2\" content=\"2\u00a0Minuten\" \/>\n<script type=\"application\/ld+json\" class=\"yoast-schema-graph\">{\"@context\":\"https:\/\/schema.org\",\"@graph\":[{\"@type\":\"Article\",\"@id\":\"https:\/\/www.sonnenseite.com\/de\/wirtschaft\/32-franzoesischen-atomkraftwerken-droht-akuter-stoerfall\/#article\",\"isPartOf\":{\"@id\":\"https:\/\/www.sonnenseite.com\/de\/wirtschaft\/32-franzoesischen-atomkraftwerken-droht-akuter-stoerfall\/\"},\"author\":{\"name\":\"sbade\",\"@id\":\"https:\/\/www.sonnenseite.com\/de\/#\/schema\/person\/6df44691cd9a70d99e140e1116ee8771\"},\"headline\":\"32 franz\u00f6sischen Atomkraftwerken droht akuter St\u00f6rfall\",\"datePublished\":\"2016-10-05T06:06:59+00:00\",\"dateModified\":\"2020-05-29T13:09:01+00:00\",\"mainEntityOfPage\":{\"@id\":\"https:\/\/www.sonnenseite.com\/de\/wirtschaft\/32-franzoesischen-atomkraftwerken-droht-akuter-stoerfall\/\"},\"wordCount\":468,\"publisher\":{\"@id\":\"https:\/\/www.sonnenseite.com\/de\/#organization\"},\"image\":{\"@id\":\"https:\/\/www.sonnenseite.com\/de\/wirtschaft\/32-franzoesischen-atomkraftwerken-droht-akuter-stoerfall\/#primaryimage\"},\"thumbnailUrl\":\"https:\/\/www.sonnenseite.com\/wp-content\/uploads\/2016\/10\/akw_fessenheim_wikimediacommons_remistokopf.jpg\",\"articleSection\":[\"Wirtschaft\"],\"inLanguage\":\"de\"},{\"@type\":\"WebPage\",\"@id\":\"https:\/\/www.sonnenseite.com\/de\/wirtschaft\/32-franzoesischen-atomkraftwerken-droht-akuter-stoerfall\/\",\"url\":\"https:\/\/www.sonnenseite.com\/de\/wirtschaft\/32-franzoesischen-atomkraftwerken-droht-akuter-stoerfall\/\",\"name\":\"32 franz\u00f6sischen Atomkraftwerken droht akuter St\u00f6rfall - Sonnenseite - \u00d6kologische Kommunikation mit Franz Alt\",\"isPartOf\":{\"@id\":\"https:\/\/www.sonnenseite.com\/de\/#website\"},\"primaryImageOfPage\":{\"@id\":\"https:\/\/www.sonnenseite.com\/de\/wirtschaft\/32-franzoesischen-atomkraftwerken-droht-akuter-stoerfall\/#primaryimage\"},\"image\":{\"@id\":\"https:\/\/www.sonnenseite.com\/de\/wirtschaft\/32-franzoesischen-atomkraftwerken-droht-akuter-stoerfall\/#primaryimage\"},\"thumbnailUrl\":\"https:\/\/www.sonnenseite.com\/wp-content\/uploads\/2016\/10\/akw_fessenheim_wikimediacommons_remistokopf.jpg\",\"datePublished\":\"2016-10-05T06:06:59+00:00\",\"dateModified\":\"2020-05-29T13:09:01+00:00\",\"description\":\"In 55 Prozent aller franz&ouml;sischen Atomreaktoren droht ein massiver St&ouml;rfall verursacht durch fehlerhafte Bauteile aus der Stahlschmiede Creusot\",\"breadcrumb\":{\"@id\":\"https:\/\/www.sonnenseite.com\/de\/wirtschaft\/32-franzoesischen-atomkraftwerken-droht-akuter-stoerfall\/#breadcrumb\"},\"inLanguage\":\"de\",\"potentialAction\":[{\"@type\":\"ReadAction\",\"target\":[\"https:\/\/www.sonnenseite.com\/de\/wirtschaft\/32-franzoesischen-atomkraftwerken-droht-akuter-stoerfall\/\"]}]},{\"@type\":\"ImageObject\",\"inLanguage\":\"de\",\"@id\":\"https:\/\/www.sonnenseite.com\/de\/wirtschaft\/32-franzoesischen-atomkraftwerken-droht-akuter-stoerfall\/#primaryimage\",\"url\":\"https:\/\/www.sonnenseite.com\/wp-content\/uploads\/2016\/10\/akw_fessenheim_wikimediacommons_remistokopf.jpg\",\"contentUrl\":\"https:\/\/www.sonnenseite.com\/wp-content\/uploads\/2016\/10\/akw_fessenheim_wikimediacommons_remistokopf.jpg\",\"width\":770,\"height\":420,\"caption\":\"wikimediacommons-remistokopf | AKW Fessenheim\"},{\"@type\":\"BreadcrumbList\",\"@id\":\"https:\/\/www.sonnenseite.com\/de\/wirtschaft\/32-franzoesischen-atomkraftwerken-droht-akuter-stoerfall\/#breadcrumb\",\"itemListElement\":[{\"@type\":\"ListItem\",\"position\":1,\"name\":\"Startseite\",\"item\":\"https:\/\/www.sonnenseite.com\/de\/\"},{\"@type\":\"ListItem\",\"position\":2,\"name\":\"32 franz\u00f6sischen Atomkraftwerken droht akuter St\u00f6rfall\"}]},{\"@type\":\"WebSite\",\"@id\":\"https:\/\/www.sonnenseite.com\/de\/#website\",\"url\":\"https:\/\/www.sonnenseite.com\/de\/\",\"name\":\"Sonnenseite\",\"description\":\"\u00d6kologische Kommunikation mit Franz Alt\",\"publisher\":{\"@id\":\"https:\/\/www.sonnenseite.com\/de\/#organization\"},\"potentialAction\":[{\"@type\":\"SearchAction\",\"target\":{\"@type\":\"EntryPoint\",\"urlTemplate\":\"https:\/\/www.sonnenseite.com\/de\/?s={search_term_string}\"},\"query-input\":{\"@type\":\"PropertyValueSpecification\",\"valueRequired\":true,\"valueName\":\"search_term_string\"}}],\"inLanguage\":\"de\"},{\"@type\":\"Organization\",\"@id\":\"https:\/\/www.sonnenseite.com\/de\/#organization\",\"name\":\"Sonnenseite\",\"url\":\"https:\/\/www.sonnenseite.com\/de\/\",\"logo\":{\"@type\":\"ImageObject\",\"inLanguage\":\"de\",\"@id\":\"https:\/\/www.sonnenseite.com\/de\/#\/schema\/logo\/image\/\",\"url\":\"https:\/\/www.sonnenseite.com\/wp-content\/uploads\/2020\/05\/Sonnenseite_Logo.png\",\"contentUrl\":\"https:\/\/www.sonnenseite.com\/wp-content\/uploads\/2020\/05\/Sonnenseite_Logo.png\",\"width\":377,\"height\":90,\"caption\":\"Sonnenseite\"},\"image\":{\"@id\":\"https:\/\/www.sonnenseite.com\/de\/#\/schema\/logo\/image\/\"},\"sameAs\":[\"https:\/\/www.facebook.com\/pages\/Franz-Alt-SONNENSEITECOM\/221072987903953?fref=ts\",\"https:\/\/x.com\/franzalt\",\"http:\/\/www.youtube.com\/results?search_query&amp;amp;quot;franz_alt&amp;amp;quot;&amp;amp;amp;amp;search_type&amp;amp;amp;amp;aq=f\"]},{\"@type\":\"Person\",\"@id\":\"https:\/\/www.sonnenseite.com\/de\/#\/schema\/person\/6df44691cd9a70d99e140e1116ee8771\",\"name\":\"sbade\",\"sameAs\":[\"https:\/\/www.sonnenseite.com\"]}]}<\/script>\n<!-- \/ Yoast SEO plugin. -->","yoast_head_json":{"title":"32 franz\u00f6sischen Atomkraftwerken droht akuter St\u00f6rfall - Sonnenseite - \u00d6kologische Kommunikation mit Franz Alt","description":"In 55 Prozent aller franz&ouml;sischen Atomreaktoren droht ein massiver St&ouml;rfall verursacht durch fehlerhafte Bauteile aus der Stahlschmiede Creusot","robots":{"index":"index","follow":"follow","max-snippet":"max-snippet:-1","max-image-preview":"max-image-preview:large","max-video-preview":"max-video-preview:-1"},"canonical":"https:\/\/www.sonnenseite.com\/de\/wirtschaft\/32-franzoesischen-atomkraftwerken-droht-akuter-stoerfall\/","og_locale":"de_DE","og_type":"article","og_title":"32 franz\u00f6sischen Atomkraftwerken droht akuter St\u00f6rfall - Sonnenseite - \u00d6kologische Kommunikation mit Franz Alt","og_description":"In 55 Prozent aller franz&ouml;sischen Atomreaktoren droht ein massiver St&ouml;rfall verursacht durch fehlerhafte Bauteile aus der Stahlschmiede Creusot","og_url":"https:\/\/www.sonnenseite.com\/de\/wirtschaft\/32-franzoesischen-atomkraftwerken-droht-akuter-stoerfall\/","og_site_name":"Sonnenseite","article_publisher":"https:\/\/www.facebook.com\/pages\/Franz-Alt-SONNENSEITECOM\/221072987903953?fref=ts","article_published_time":"2016-10-05T06:06:59+00:00","article_modified_time":"2020-05-29T13:09:01+00:00","og_image":[{"width":770,"height":420,"url":"https:\/\/www.sonnenseite.com\/wp-content\/uploads\/2016\/10\/akw_fessenheim_wikimediacommons_remistokopf.jpg","type":"image\/jpeg"}],"author":"sbade","twitter_card":"summary_large_image","twitter_creator":"@franzalt","twitter_site":"@franzalt","twitter_misc":{"Verfasst von":"sbade","Gesch\u00e4tzte Lesezeit":"2\u00a0Minuten"},"schema":{"@context":"https:\/\/schema.org","@graph":[{"@type":"Article","@id":"https:\/\/www.sonnenseite.com\/de\/wirtschaft\/32-franzoesischen-atomkraftwerken-droht-akuter-stoerfall\/#article","isPartOf":{"@id":"https:\/\/www.sonnenseite.com\/de\/wirtschaft\/32-franzoesischen-atomkraftwerken-droht-akuter-stoerfall\/"},"author":{"name":"sbade","@id":"https:\/\/www.sonnenseite.com\/de\/#\/schema\/person\/6df44691cd9a70d99e140e1116ee8771"},"headline":"32 franz\u00f6sischen Atomkraftwerken droht akuter St\u00f6rfall","datePublished":"2016-10-05T06:06:59+00:00","dateModified":"2020-05-29T13:09:01+00:00","mainEntityOfPage":{"@id":"https:\/\/www.sonnenseite.com\/de\/wirtschaft\/32-franzoesischen-atomkraftwerken-droht-akuter-stoerfall\/"},"wordCount":468,"publisher":{"@id":"https:\/\/www.sonnenseite.com\/de\/#organization"},"image":{"@id":"https:\/\/www.sonnenseite.com\/de\/wirtschaft\/32-franzoesischen-atomkraftwerken-droht-akuter-stoerfall\/#primaryimage"},"thumbnailUrl":"https:\/\/www.sonnenseite.com\/wp-content\/uploads\/2016\/10\/akw_fessenheim_wikimediacommons_remistokopf.jpg","articleSection":["Wirtschaft"],"inLanguage":"de"},{"@type":"WebPage","@id":"https:\/\/www.sonnenseite.com\/de\/wirtschaft\/32-franzoesischen-atomkraftwerken-droht-akuter-stoerfall\/","url":"https:\/\/www.sonnenseite.com\/de\/wirtschaft\/32-franzoesischen-atomkraftwerken-droht-akuter-stoerfall\/","name":"32 franz\u00f6sischen Atomkraftwerken droht akuter St\u00f6rfall - Sonnenseite - \u00d6kologische Kommunikation mit Franz Alt","isPartOf":{"@id":"https:\/\/www.sonnenseite.com\/de\/#website"},"primaryImageOfPage":{"@id":"https:\/\/www.sonnenseite.com\/de\/wirtschaft\/32-franzoesischen-atomkraftwerken-droht-akuter-stoerfall\/#primaryimage"},"image":{"@id":"https:\/\/www.sonnenseite.com\/de\/wirtschaft\/32-franzoesischen-atomkraftwerken-droht-akuter-stoerfall\/#primaryimage"},"thumbnailUrl":"https:\/\/www.sonnenseite.com\/wp-content\/uploads\/2016\/10\/akw_fessenheim_wikimediacommons_remistokopf.jpg","datePublished":"2016-10-05T06:06:59+00:00","dateModified":"2020-05-29T13:09:01+00:00","description":"In 55 Prozent aller franz&ouml;sischen Atomreaktoren droht ein massiver St&ouml;rfall verursacht durch fehlerhafte Bauteile aus der Stahlschmiede Creusot","breadcrumb":{"@id":"https:\/\/www.sonnenseite.com\/de\/wirtschaft\/32-franzoesischen-atomkraftwerken-droht-akuter-stoerfall\/#breadcrumb"},"inLanguage":"de","potentialAction":[{"@type":"ReadAction","target":["https:\/\/www.sonnenseite.com\/de\/wirtschaft\/32-franzoesischen-atomkraftwerken-droht-akuter-stoerfall\/"]}]},{"@type":"ImageObject","inLanguage":"de","@id":"https:\/\/www.sonnenseite.com\/de\/wirtschaft\/32-franzoesischen-atomkraftwerken-droht-akuter-stoerfall\/#primaryimage","url":"https:\/\/www.sonnenseite.com\/wp-content\/uploads\/2016\/10\/akw_fessenheim_wikimediacommons_remistokopf.jpg","contentUrl":"https:\/\/www.sonnenseite.com\/wp-content\/uploads\/2016\/10\/akw_fessenheim_wikimediacommons_remistokopf.jpg","width":770,"height":420,"caption":"wikimediacommons-remistokopf | AKW Fessenheim"},{"@type":"BreadcrumbList","@id":"https:\/\/www.sonnenseite.com\/de\/wirtschaft\/32-franzoesischen-atomkraftwerken-droht-akuter-stoerfall\/#breadcrumb","itemListElement":[{"@type":"ListItem","position":1,"name":"Startseite","item":"https:\/\/www.sonnenseite.com\/de\/"},{"@type":"ListItem","position":2,"name":"32 franz\u00f6sischen Atomkraftwerken droht akuter St\u00f6rfall"}]},{"@type":"WebSite","@id":"https:\/\/www.sonnenseite.com\/de\/#website","url":"https:\/\/www.sonnenseite.com\/de\/","name":"Sonnenseite","description":"\u00d6kologische Kommunikation mit Franz Alt","publisher":{"@id":"https:\/\/www.sonnenseite.com\/de\/#organization"},"potentialAction":[{"@type":"SearchAction","target":{"@type":"EntryPoint","urlTemplate":"https:\/\/www.sonnenseite.com\/de\/?s={search_term_string}"},"query-input":{"@type":"PropertyValueSpecification","valueRequired":true,"valueName":"search_term_string"}}],"inLanguage":"de"},{"@type":"Organization","@id":"https:\/\/www.sonnenseite.com\/de\/#organization","name":"Sonnenseite","url":"https:\/\/www.sonnenseite.com\/de\/","logo":{"@type":"ImageObject","inLanguage":"de","@id":"https:\/\/www.sonnenseite.com\/de\/#\/schema\/logo\/image\/","url":"https:\/\/www.sonnenseite.com\/wp-content\/uploads\/2020\/05\/Sonnenseite_Logo.png","contentUrl":"https:\/\/www.sonnenseite.com\/wp-content\/uploads\/2020\/05\/Sonnenseite_Logo.png","width":377,"height":90,"caption":"Sonnenseite"},"image":{"@id":"https:\/\/www.sonnenseite.com\/de\/#\/schema\/logo\/image\/"},"sameAs":["https:\/\/www.facebook.com\/pages\/Franz-Alt-SONNENSEITECOM\/221072987903953?fref=ts","https:\/\/x.com\/franzalt","http:\/\/www.youtube.com\/results?search_query&amp;amp;quot;franz_alt&amp;amp;quot;&amp;amp;amp;amp;search_type&amp;amp;amp;amp;aq=f"]},{"@type":"Person","@id":"https:\/\/www.sonnenseite.com\/de\/#\/schema\/person\/6df44691cd9a70d99e140e1116ee8771","name":"sbade","sameAs":["https:\/\/www.sonnenseite.com"]}]}},"_links":{"self":[{"href":"https:\/\/www.sonnenseite.com\/de\/wp-json\/wp\/v2\/posts\/33679","targetHints":{"allow":["GET"]}}],"collection":[{"href":"https:\/\/www.sonnenseite.com\/de\/wp-json\/wp\/v2\/posts"}],"about":[{"href":"https:\/\/www.sonnenseite.com\/de\/wp-json\/wp\/v2\/types\/post"}],"author":[{"embeddable":true,"href":"https:\/\/www.sonnenseite.com\/de\/wp-json\/wp\/v2\/users\/1"}],"replies":[{"embeddable":true,"href":"https:\/\/www.sonnenseite.com\/de\/wp-json\/wp\/v2\/comments?post=33679"}],"version-history":[{"count":1,"href":"https:\/\/www.sonnenseite.com\/de\/wp-json\/wp\/v2\/posts\/33679\/revisions"}],"predecessor-version":[{"id":42946,"href":"https:\/\/www.sonnenseite.com\/de\/wp-json\/wp\/v2\/posts\/33679\/revisions\/42946"}],"wp:featuredmedia":[{"embeddable":true,"href":"https:\/\/www.sonnenseite.com\/de\/wp-json\/wp\/v2\/media\/33677"}],"wp:attachment":[{"href":"https:\/\/www.sonnenseite.com\/de\/wp-json\/wp\/v2\/media?parent=33679"}],"wp:term":[{"taxonomy":"category","embeddable":true,"href":"https:\/\/www.sonnenseite.com\/de\/wp-json\/wp\/v2\/categories?post=33679"},{"taxonomy":"post_tag","embeddable":true,"href":"https:\/\/www.sonnenseite.com\/de\/wp-json\/wp\/v2\/tags?post=33679"}],"curies":[{"name":"wp","href":"https:\/\/api.w.org\/{rel}","templated":true}]}}