{"id":33788,"date":"2016-09-29T11:50:27","date_gmt":"2016-09-29T09:50:27","guid":{"rendered":"https:\/\/www.sonnenseite.com\/politik\/eu-umweltrat-muss-neues-klimapaket-fuer-europa-beschliessen.html"},"modified":"2016-09-29T11:50:27","modified_gmt":"2016-09-29T09:50:27","slug":"eu-umweltrat-muss-neues-klimapaket-fuer-europa-beschliessen","status":"publish","type":"post","link":"https:\/\/www.sonnenseite.com\/de\/politik\/eu-umweltrat-muss-neues-klimapaket-fuer-europa-beschliessen\/","title":{"rendered":"EU-Umweltrat muss neues Klimapaket f\u00fcr Europa beschlie\u00dfen"},"content":{"rendered":"<p>EU ratifiziert Abkommen von Paris, verz&ouml;gert aber gleichzeitig neue Ma&szlig;nahmen f&uuml;r Energieeffizienz und Erneuerbare Energien.<\/p>\n<p> <!--more--> <\/p>\n<p>Am 30.9.2016 tagt in Br&uuml;ssel der Umweltministerrat der EU, bei der die  Ratifizierung des Pariser Klimaschutzabkommens beschlossen werden soll.  Anl&auml;sslich der Sitzung am morgigen Freitag weist die Deutsche  Umwelthilfe (DUH) noch einmal darauf hin, dass Europa selbst beim  Klimaschutz an vielen Stellen nachbessern muss, um das Ziel von 1,5 Grad  Celsius maximaler Temperaturerh&ouml;hung zu erreichen. Sie kritisiert, dass  die Reform der EU-Richtlinien zur Energieeffizienz, zum Ausbau der  Erneuerbaren Energien und zum Emissionshandel erneut auf fr&uuml;hestens  Dezember 2016 verschoben wurde. Die DUH fordert vom Umweltrat, eine  Minderung der Treibhausgase in Europa um deutlich mehr als 40 Prozent  bis 2030 zu beschlie&szlig;en. <\/p>\n<p>DUH-Bundesgesch&auml;ftsf&uuml;hrer <span style=\"text-decoration: underline;\">Sascha M&uuml;ller-Kraenner<\/span> lobt ausdr&uuml;cklich, dass die EU den neuen Klimavertrag in einem beschleunigten Verfahren ratifizieren m&ouml;chte: <em>&bdquo;Nur  wenn das Abkommen von Paris mit Unterst&uuml;tzung Europas schnell in Kraft  tritt, kann verhindert werden, dass die bevorstehenden Wahlen in den USA  die langj&auml;hrige Arbeit f&uuml;r diesen Meilenstein der globalen  Umweltpolitik zunichtemachen.&ldquo;<\/em> Gleichzeitig mahnt er, dass Europa  den Paris-Vertrag nicht nur unterschreiben d&uuml;rfe, sondern das Abkommen  auch mit Leben f&uuml;llen m&uuml;sse. M&uuml;ller-Kraenner weiter: <em>&bdquo;Um eine  maximale Erderw&auml;rmung auf 1,5 Grad Celsius zu begrenzen, muss die EU  ihre Treibhausgase um weit &uuml;ber die bisher beschlossenen 40 Prozent  reduzieren.&ldquo;<br \/><\/em><br \/>Die Europ&auml;ische Kommission wird, wie am 28.  September bekannt wurde, ihre Pl&auml;ne f&uuml;r die Energieeffizienzziele bis  zum Jahr 2030 und den Ausbau der Erneuerbaren Energien nun fr&uuml;hestens im  Dezember 2016 ver&ouml;ffentlichen. Die zwischenzeitlich bereits bekannt  gewordenen wesentlichen Zielvorgaben sind aus Sicht der DUH ohnehin  ern&uuml;chternd. Zwar schl&auml;gt die Kommission ein Energieeffizienzziel von 30  Prozent vor (bisher: 27 Prozent). Seine Verbindlichkeit ist jedoch  umstritten. Au&szlig;erdem pr&auml;sentiert die Kommission keine L&ouml;sung, wie die  vorhandenen Schlupfl&ouml;cher der Richtlinie geschlossen werden k&ouml;nnen. So  darf der Energiebedarf f&uuml;r den Verkehrssektor, der immerhin f&uuml;r 25  Prozent der Treibhausgase in Europa verantwortlich ist, bei der  Zielerreichung herausgerechnet werden. Nach Auffassung der DUH sch&ouml;pft  die EU-Kommission das Potential f&uuml;r eine wirkungsvolle  Klimaschutzpolitik nicht aus, obwohl Studien zeigen, dass ein  Energieeffizienzziel von 40 Prozent bis 2030 kosteneffizient umsetzbar  ist. Die DUH fordert den Umweltrat deshalb zu deutlichen Nachbesserungen  bei den Zielvorgaben auf. <\/p>\n<p>Auch der von der EU vorgesehene  Ausbau der Erneuerbaren Energien um 27 Prozent bis 2030 ist deutlich  geringer, als m&ouml;glich w&auml;re. Die DUH fordert von der EU deshalb einen  schnellen Ausbau der Erneuerbaren Energien sowie verbindliche nationale  Ziele f&uuml;r alle EU-Mitgliedsstaaten.<\/p>\n<p>Um auch bei der  Stromerzeugung massiv Treibhausgase einzusparen und den Abschied aus der  Kohleverstromung einzuleiten, muss das europ&auml;ische  Emissionshandelssystem (ETS) in seiner 4. Handelsperiode von 2021 bis  2030 grundlegend reformiert und ambitionierter ausgestaltet werden. Nach  Ansicht der DUH m&uuml;ssen Sektoren, die unter den europ&auml;ischen  Emissionshandel fallen, ihre Emissionen stark verringern, was bedeutet,  dass die Gesamtzahl der Emissionszertifikate st&auml;rker sinken muss als  zuvor, und zwar ab 2021 um 2,2 Prozent j&auml;hrlich anstelle von 1,74  Prozent. Ebenso m&uuml;sse die Zuteilung von kostenlosen Zertifikaten stark  reduziert werden.<\/p>\n<p>Auch d&uuml;rfen weder Atom noch Kohle f&uuml;r eine  nachhaltige Energieversorgung in Europa deshalb eine Rolle spielen.  DUH-Gesch&auml;ftsf&uuml;hrer M&uuml;ller-Kraenner schl&auml;gt deswegen vor: &bdquo;Europa  ben&ouml;tigt einen Masterplan f&uuml;r den Ausstieg aus Kohlebergbau und  Kohleverstromung.&ldquo; Der notwendige Strukturwandel in den meistbetroffenen  Regionen m&uuml;sse mit Mitteln der EU-Strukturfonds unterst&uuml;tzt und  beschleunigt werden.<\/p>\n<h5 class=\"green\">Quelle<\/h5>\n<p><a href=\"http:\/\/www.duh.de\" target=\"_blank\" rel=\"noopener noreferrer\">Deutsche Umwelthilfe 2016<\/a><\/p>\n<div class=\"shariff shariff-align-flex-start shariff-widget-align-flex-start\"><div class=\"ShariffHeadline\">Diese Meldung teilen<\/div><ul class=\"shariff-buttons theme-round orientation-horizontal buttonsize-medium\"><li class=\"shariff-button facebook shariff-nocustomcolor\" style=\"background-color:#4273c8;border-radius:1%\"><a href=\"https:\/\/www.facebook.com\/sharer\/sharer.php?u=https%3A%2F%2Fwww.sonnenseite.com%2Fde%2Fpolitik%2Feu-umweltrat-muss-neues-klimapaket-fuer-europa-beschliessen%2F\" title=\"Bei Facebook teilen\" aria-label=\"Bei Facebook teilen\" role=\"button\" rel=\"nofollow\" class=\"shariff-link\" style=\";border-radius:1%; background-color:#3b5998; color:#fff\" target=\"_blank\"><span class=\"shariff-icon\" style=\"\"><svg width=\"32px\" height=\"20px\" xmlns=\"http:\/\/www.w3.org\/2000\/svg\" viewBox=\"0 0 18 32\"><path fill=\"#3b5998\" d=\"M17.1 0.2v4.7h-2.8q-1.5 0-2.1 0.6t-0.5 1.9v3.4h5.2l-0.7 5.3h-4.5v13.6h-5.5v-13.6h-4.5v-5.3h4.5v-3.9q0-3.3 1.9-5.2t5-1.8q2.6 0 4.1 0.2z\"\/><\/svg><\/span><\/a><\/li><li class=\"shariff-button twitter shariff-nocustomcolor\" style=\"background-color:#595959;border-radius:1%\"><a href=\"https:\/\/twitter.com\/share?url=https%3A%2F%2Fwww.sonnenseite.com%2Fde%2Fpolitik%2Feu-umweltrat-muss-neues-klimapaket-fuer-europa-beschliessen%2F&text=EU-Umweltrat%20muss%20neues%20Klimapaket%20f%C3%BCr%20Europa%20beschlie%C3%9Fen\" title=\"Bei X teilen\" aria-label=\"Bei X teilen\" role=\"button\" rel=\"noopener nofollow\" class=\"shariff-link\" style=\";border-radius:1%; background-color:#000; color:#fff\" target=\"_blank\"><span class=\"shariff-icon\" style=\"\"><svg width=\"32px\" height=\"20px\" xmlns=\"http:\/\/www.w3.org\/2000\/svg\" viewBox=\"0 0 24 24\"><path fill=\"#000\" d=\"M14.258 10.152L23.176 0h-2.113l-7.747 8.813L7.133 0H0l9.352 13.328L0 23.973h2.113l8.176-9.309 6.531 9.309h7.133zm-2.895 3.293l-.949-1.328L2.875 1.56h3.246l6.086 8.523.945 1.328 7.91 11.078h-3.246zm0 0\"\/><\/svg><\/span><\/a><\/li><li class=\"shariff-button xing shariff-nocustomcolor\" style=\"background-color:#29888a;border-radius:1%\"><a href=\"https:\/\/www.xing.com\/spi\/shares\/new?url=https%3A%2F%2Fwww.sonnenseite.com%2Fde%2Fpolitik%2Feu-umweltrat-muss-neues-klimapaket-fuer-europa-beschliessen%2F\" title=\"Bei XING teilen\" aria-label=\"Bei XING teilen\" role=\"button\" rel=\"noopener nofollow\" class=\"shariff-link\" style=\";border-radius:1%; background-color:#126567; color:#fff\" target=\"_blank\"><span class=\"shariff-icon\" style=\"\"><svg width=\"32px\" height=\"20px\" xmlns=\"http:\/\/www.w3.org\/2000\/svg\" viewBox=\"0 0 25 32\"><path fill=\"#126567\" d=\"M10.7 11.9q-0.2 0.3-4.6 8.2-0.5 0.8-1.2 0.8h-4.3q-0.4 0-0.5-0.3t0-0.6l4.5-8q0 0 0 0l-2.9-5q-0.2-0.4 0-0.7 0.2-0.3 0.5-0.3h4.3q0.7 0 1.2 0.8zM25.1 0.4q0.2 0.3 0 0.7l-9.4 16.7 6 11q0.2 0.4 0 0.6-0.2 0.3-0.6 0.3h-4.3q-0.7 0-1.2-0.8l-6-11.1q0.3-0.6 9.5-16.8 0.4-0.8 1.2-0.8h4.3q0.4 0 0.5 0.3z\"\/><\/svg><\/span><\/a><\/li><li class=\"shariff-button linkedin shariff-nocustomcolor\" style=\"background-color:#1488bf;border-radius:1%\"><a href=\"https:\/\/www.linkedin.com\/sharing\/share-offsite\/?url=https%3A%2F%2Fwww.sonnenseite.com%2Fde%2Fpolitik%2Feu-umweltrat-muss-neues-klimapaket-fuer-europa-beschliessen%2F\" title=\"Bei LinkedIn teilen\" aria-label=\"Bei LinkedIn teilen\" role=\"button\" rel=\"noopener nofollow\" class=\"shariff-link\" style=\";border-radius:1%; background-color:#0077b5; color:#fff\" target=\"_blank\"><span class=\"shariff-icon\" style=\"\"><svg width=\"32px\" height=\"20px\" xmlns=\"http:\/\/www.w3.org\/2000\/svg\" viewBox=\"0 0 27 32\"><path fill=\"#0077b5\" d=\"M6.2 11.2v17.7h-5.9v-17.7h5.9zM6.6 5.7q0 1.3-0.9 2.2t-2.4 0.9h0q-1.5 0-2.4-0.9t-0.9-2.2 0.9-2.2 2.4-0.9 2.4 0.9 0.9 2.2zM27.4 18.7v10.1h-5.9v-9.5q0-1.9-0.7-2.9t-2.3-1.1q-1.1 0-1.9 0.6t-1.2 1.5q-0.2 0.5-0.2 1.4v9.9h-5.9q0-7.1 0-11.6t0-5.3l0-0.9h5.9v2.6h0q0.4-0.6 0.7-1t1-0.9 1.6-0.8 2-0.3q3 0 4.9 2t1.9 6z\"\/><\/svg><\/span><\/a><\/li><li class=\"shariff-button printer shariff-nocustomcolor\" style=\"background-color:#a8a8a8;border-radius:1%\"><a href=\"javascript:window.print()\" title=\"drucken\" aria-label=\"drucken\" role=\"button\" rel=\"noopener nofollow\" class=\"shariff-link\" style=\";border-radius:1%; background-color:#999; color:#fff\"><span class=\"shariff-icon\" style=\"\"><svg width=\"32px\" height=\"20px\" xmlns=\"http:\/\/www.w3.org\/2000\/svg\" viewBox=\"0 0 30 32\"><path fill=\"#999\" d=\"M6.8 27.4h16v-4.6h-16v4.6zM6.8 16h16v-6.8h-2.8q-0.7 0-1.2-0.5t-0.5-1.2v-2.8h-11.4v11.4zM27.4 17.2q0-0.5-0.3-0.8t-0.8-0.4-0.8 0.4-0.3 0.8 0.3 0.8 0.8 0.3 0.8-0.3 0.3-0.8zM29.7 17.2v7.4q0 0.2-0.2 0.4t-0.4 0.2h-4v2.8q0 0.7-0.5 1.2t-1.2 0.5h-17.2q-0.7 0-1.2-0.5t-0.5-1.2v-2.8h-4q-0.2 0-0.4-0.2t-0.2-0.4v-7.4q0-1.4 1-2.4t2.4-1h1.2v-9.7q0-0.7 0.5-1.2t1.2-0.5h12q0.7 0 1.6 0.4t1.3 0.8l2.7 2.7q0.5 0.5 0.9 1.4t0.4 1.6v4.6h1.1q1.4 0 2.4 1t1 2.4z\"\/><\/svg><\/span><\/a><\/li><li class=\"shariff-button mailto shariff-nocustomcolor\" style=\"background-color:#a8a8a8;border-radius:1%\"><a href=\"mailto:?body=https%3A%2F%2Fwww.sonnenseite.com%2Fde%2Fpolitik%2Feu-umweltrat-muss-neues-klimapaket-fuer-europa-beschliessen%2F&subject=EU-Umweltrat%20muss%20neues%20Klimapaket%20f%C3%BCr%20Europa%20beschlie%C3%9Fen\" title=\"Per E-Mail versenden\" aria-label=\"Per E-Mail versenden\" role=\"button\" rel=\"noopener nofollow\" class=\"shariff-link\" style=\";border-radius:1%; background-color:#999; color:#fff\"><span class=\"shariff-icon\" style=\"\"><svg width=\"32px\" height=\"20px\" xmlns=\"http:\/\/www.w3.org\/2000\/svg\" viewBox=\"0 0 32 32\"><path fill=\"#999\" d=\"M32 12.7v14.2q0 1.2-0.8 2t-2 0.9h-26.3q-1.2 0-2-0.9t-0.8-2v-14.2q0.8 0.9 1.8 1.6 6.5 4.4 8.9 6.1 1 0.8 1.6 1.2t1.7 0.9 2 0.4h0.1q0.9 0 2-0.4t1.7-0.9 1.6-1.2q3-2.2 8.9-6.1 1-0.7 1.8-1.6zM32 7.4q0 1.4-0.9 2.7t-2.2 2.2q-6.7 4.7-8.4 5.8-0.2 0.1-0.7 0.5t-1 0.7-0.9 0.6-1.1 0.5-0.9 0.2h-0.1q-0.4 0-0.9-0.2t-1.1-0.5-0.9-0.6-1-0.7-0.7-0.5q-1.6-1.1-4.7-3.2t-3.6-2.6q-1.1-0.7-2.1-2t-1-2.5q0-1.4 0.7-2.3t2.1-0.9h26.3q1.2 0 2 0.8t0.9 2z\"\/><\/svg><\/span><\/a><\/li><\/ul><\/div>","protected":false},"excerpt":{"rendered":"<p>EU ratifiziert Abkommen von Paris, verz&ouml;gert aber gleichzeitig neue Ma&szlig;nahmen f&uuml;r Energieeffizienz und Erneuerbare Energien.<\/p>\n","protected":false},"author":1,"featured_media":4569,"comment_status":"closed","ping_status":"closed","sticky":false,"template":"","format":"standard","meta":{"inline_featured_image":false,"footnotes":""},"categories":[21],"tags":[],"class_list":["post-33788","post","type-post","status-publish","format-standard","has-post-thumbnail","hentry","category-politik"],"yoast_head":"<!-- This site is optimized with the Yoast SEO plugin v26.5 - https:\/\/yoast.com\/wordpress\/plugins\/seo\/ -->\n<title>EU-Umweltrat muss neues Klimapaket f\u00fcr Europa beschlie\u00dfen - Sonnenseite - \u00d6kologische Kommunikation mit Franz Alt<\/title>\n<meta name=\"description\" content=\"EU ratifiziert Abkommen von Paris, verz&ouml;gert aber gleichzeitig neue Ma&szlig;nahmen f&uuml;r Energieeffizienz und Erneuerbare Energien. Am 30.9.2016\" \/>\n<meta name=\"robots\" content=\"index, follow, max-snippet:-1, max-image-preview:large, max-video-preview:-1\" \/>\n<link rel=\"canonical\" href=\"https:\/\/www.sonnenseite.com\/de\/politik\/eu-umweltrat-muss-neues-klimapaket-fuer-europa-beschliessen\/\" \/>\n<meta property=\"og:locale\" content=\"de_DE\" \/>\n<meta property=\"og:type\" content=\"article\" \/>\n<meta property=\"og:title\" content=\"EU-Umweltrat muss neues Klimapaket f\u00fcr Europa beschlie\u00dfen - Sonnenseite - \u00d6kologische Kommunikation mit Franz Alt\" \/>\n<meta property=\"og:description\" content=\"EU ratifiziert Abkommen von Paris, verz&ouml;gert aber gleichzeitig neue Ma&szlig;nahmen f&uuml;r Energieeffizienz und Erneuerbare Energien. Am 30.9.2016\" \/>\n<meta property=\"og:url\" content=\"https:\/\/www.sonnenseite.com\/de\/politik\/eu-umweltrat-muss-neues-klimapaket-fuer-europa-beschliessen\/\" \/>\n<meta property=\"og:site_name\" content=\"Sonnenseite\" \/>\n<meta property=\"article:publisher\" content=\"https:\/\/www.facebook.com\/pages\/Franz-Alt-SONNENSEITECOM\/221072987903953?fref=ts\" \/>\n<meta property=\"article:published_time\" content=\"2016-09-29T09:50:27+00:00\" \/>\n<meta property=\"og:image\" content=\"https:\/\/www.sonnenseite.com\/wp-content\/uploads\/2019\/12\/Europa_Lupo.jpg\" \/>\n\t<meta property=\"og:image:width\" content=\"770\" \/>\n\t<meta property=\"og:image:height\" content=\"420\" \/>\n\t<meta property=\"og:image:type\" content=\"image\/jpeg\" \/>\n<meta name=\"author\" content=\"sbade\" \/>\n<meta name=\"twitter:card\" content=\"summary_large_image\" \/>\n<meta name=\"twitter:creator\" content=\"@franzalt\" \/>\n<meta name=\"twitter:site\" content=\"@franzalt\" \/>\n<meta name=\"twitter:label1\" content=\"Verfasst von\" \/>\n\t<meta name=\"twitter:data1\" content=\"sbade\" \/>\n\t<meta name=\"twitter:label2\" content=\"Gesch\u00e4tzte Lesezeit\" \/>\n\t<meta name=\"twitter:data2\" content=\"3\u00a0Minuten\" \/>\n<script type=\"application\/ld+json\" class=\"yoast-schema-graph\">{\"@context\":\"https:\/\/schema.org\",\"@graph\":[{\"@type\":\"Article\",\"@id\":\"https:\/\/www.sonnenseite.com\/de\/politik\/eu-umweltrat-muss-neues-klimapaket-fuer-europa-beschliessen\/#article\",\"isPartOf\":{\"@id\":\"https:\/\/www.sonnenseite.com\/de\/politik\/eu-umweltrat-muss-neues-klimapaket-fuer-europa-beschliessen\/\"},\"author\":{\"name\":\"sbade\",\"@id\":\"https:\/\/www.sonnenseite.com\/de\/#\/schema\/person\/6df44691cd9a70d99e140e1116ee8771\"},\"headline\":\"EU-Umweltrat muss neues Klimapaket f\u00fcr Europa beschlie\u00dfen\",\"datePublished\":\"2016-09-29T09:50:27+00:00\",\"mainEntityOfPage\":{\"@id\":\"https:\/\/www.sonnenseite.com\/de\/politik\/eu-umweltrat-muss-neues-klimapaket-fuer-europa-beschliessen\/\"},\"wordCount\":634,\"publisher\":{\"@id\":\"https:\/\/www.sonnenseite.com\/de\/#organization\"},\"image\":{\"@id\":\"https:\/\/www.sonnenseite.com\/de\/politik\/eu-umweltrat-muss-neues-klimapaket-fuer-europa-beschliessen\/#primaryimage\"},\"thumbnailUrl\":\"https:\/\/www.sonnenseite.com\/wp-content\/uploads\/2019\/12\/Europa_Lupo.jpg\",\"articleSection\":[\"Politik\"],\"inLanguage\":\"de\"},{\"@type\":\"WebPage\",\"@id\":\"https:\/\/www.sonnenseite.com\/de\/politik\/eu-umweltrat-muss-neues-klimapaket-fuer-europa-beschliessen\/\",\"url\":\"https:\/\/www.sonnenseite.com\/de\/politik\/eu-umweltrat-muss-neues-klimapaket-fuer-europa-beschliessen\/\",\"name\":\"EU-Umweltrat muss neues Klimapaket f\u00fcr Europa beschlie\u00dfen - Sonnenseite - \u00d6kologische Kommunikation mit Franz Alt\",\"isPartOf\":{\"@id\":\"https:\/\/www.sonnenseite.com\/de\/#website\"},\"primaryImageOfPage\":{\"@id\":\"https:\/\/www.sonnenseite.com\/de\/politik\/eu-umweltrat-muss-neues-klimapaket-fuer-europa-beschliessen\/#primaryimage\"},\"image\":{\"@id\":\"https:\/\/www.sonnenseite.com\/de\/politik\/eu-umweltrat-muss-neues-klimapaket-fuer-europa-beschliessen\/#primaryimage\"},\"thumbnailUrl\":\"https:\/\/www.sonnenseite.com\/wp-content\/uploads\/2019\/12\/Europa_Lupo.jpg\",\"datePublished\":\"2016-09-29T09:50:27+00:00\",\"description\":\"EU ratifiziert Abkommen von Paris, verz&ouml;gert aber gleichzeitig neue Ma&szlig;nahmen f&uuml;r Energieeffizienz und Erneuerbare Energien. Am 30.9.2016\",\"breadcrumb\":{\"@id\":\"https:\/\/www.sonnenseite.com\/de\/politik\/eu-umweltrat-muss-neues-klimapaket-fuer-europa-beschliessen\/#breadcrumb\"},\"inLanguage\":\"de\",\"potentialAction\":[{\"@type\":\"ReadAction\",\"target\":[\"https:\/\/www.sonnenseite.com\/de\/politik\/eu-umweltrat-muss-neues-klimapaket-fuer-europa-beschliessen\/\"]}]},{\"@type\":\"ImageObject\",\"inLanguage\":\"de\",\"@id\":\"https:\/\/www.sonnenseite.com\/de\/politik\/eu-umweltrat-muss-neues-klimapaket-fuer-europa-beschliessen\/#primaryimage\",\"url\":\"https:\/\/www.sonnenseite.com\/wp-content\/uploads\/2019\/12\/Europa_Lupo.jpg\",\"contentUrl\":\"https:\/\/www.sonnenseite.com\/wp-content\/uploads\/2019\/12\/Europa_Lupo.jpg\",\"width\":770,\"height\":420,\"caption\":\"pixelio.de | Lupo\"},{\"@type\":\"BreadcrumbList\",\"@id\":\"https:\/\/www.sonnenseite.com\/de\/politik\/eu-umweltrat-muss-neues-klimapaket-fuer-europa-beschliessen\/#breadcrumb\",\"itemListElement\":[{\"@type\":\"ListItem\",\"position\":1,\"name\":\"Startseite\",\"item\":\"https:\/\/www.sonnenseite.com\/de\/\"},{\"@type\":\"ListItem\",\"position\":2,\"name\":\"EU-Umweltrat muss neues Klimapaket f\u00fcr Europa beschlie\u00dfen\"}]},{\"@type\":\"WebSite\",\"@id\":\"https:\/\/www.sonnenseite.com\/de\/#website\",\"url\":\"https:\/\/www.sonnenseite.com\/de\/\",\"name\":\"Sonnenseite\",\"description\":\"\u00d6kologische Kommunikation mit Franz Alt\",\"publisher\":{\"@id\":\"https:\/\/www.sonnenseite.com\/de\/#organization\"},\"potentialAction\":[{\"@type\":\"SearchAction\",\"target\":{\"@type\":\"EntryPoint\",\"urlTemplate\":\"https:\/\/www.sonnenseite.com\/de\/?s={search_term_string}\"},\"query-input\":{\"@type\":\"PropertyValueSpecification\",\"valueRequired\":true,\"valueName\":\"search_term_string\"}}],\"inLanguage\":\"de\"},{\"@type\":\"Organization\",\"@id\":\"https:\/\/www.sonnenseite.com\/de\/#organization\",\"name\":\"Sonnenseite\",\"url\":\"https:\/\/www.sonnenseite.com\/de\/\",\"logo\":{\"@type\":\"ImageObject\",\"inLanguage\":\"de\",\"@id\":\"https:\/\/www.sonnenseite.com\/de\/#\/schema\/logo\/image\/\",\"url\":\"https:\/\/www.sonnenseite.com\/wp-content\/uploads\/2020\/05\/Sonnenseite_Logo.png\",\"contentUrl\":\"https:\/\/www.sonnenseite.com\/wp-content\/uploads\/2020\/05\/Sonnenseite_Logo.png\",\"width\":377,\"height\":90,\"caption\":\"Sonnenseite\"},\"image\":{\"@id\":\"https:\/\/www.sonnenseite.com\/de\/#\/schema\/logo\/image\/\"},\"sameAs\":[\"https:\/\/www.facebook.com\/pages\/Franz-Alt-SONNENSEITECOM\/221072987903953?fref=ts\",\"https:\/\/x.com\/franzalt\",\"http:\/\/www.youtube.com\/results?search_query&amp;amp;quot;franz_alt&amp;amp;quot;&amp;amp;amp;amp;search_type&amp;amp;amp;amp;aq=f\"]},{\"@type\":\"Person\",\"@id\":\"https:\/\/www.sonnenseite.com\/de\/#\/schema\/person\/6df44691cd9a70d99e140e1116ee8771\",\"name\":\"sbade\",\"sameAs\":[\"https:\/\/www.sonnenseite.com\"]}]}<\/script>\n<!-- \/ Yoast SEO plugin. -->","yoast_head_json":{"title":"EU-Umweltrat muss neues Klimapaket f\u00fcr Europa beschlie\u00dfen - Sonnenseite - \u00d6kologische Kommunikation mit Franz Alt","description":"EU ratifiziert Abkommen von Paris, verz&ouml;gert aber gleichzeitig neue Ma&szlig;nahmen f&uuml;r Energieeffizienz und Erneuerbare Energien. Am 30.9.2016","robots":{"index":"index","follow":"follow","max-snippet":"max-snippet:-1","max-image-preview":"max-image-preview:large","max-video-preview":"max-video-preview:-1"},"canonical":"https:\/\/www.sonnenseite.com\/de\/politik\/eu-umweltrat-muss-neues-klimapaket-fuer-europa-beschliessen\/","og_locale":"de_DE","og_type":"article","og_title":"EU-Umweltrat muss neues Klimapaket f\u00fcr Europa beschlie\u00dfen - Sonnenseite - \u00d6kologische Kommunikation mit Franz Alt","og_description":"EU ratifiziert Abkommen von Paris, verz&ouml;gert aber gleichzeitig neue Ma&szlig;nahmen f&uuml;r Energieeffizienz und Erneuerbare Energien. Am 30.9.2016","og_url":"https:\/\/www.sonnenseite.com\/de\/politik\/eu-umweltrat-muss-neues-klimapaket-fuer-europa-beschliessen\/","og_site_name":"Sonnenseite","article_publisher":"https:\/\/www.facebook.com\/pages\/Franz-Alt-SONNENSEITECOM\/221072987903953?fref=ts","article_published_time":"2016-09-29T09:50:27+00:00","og_image":[{"width":770,"height":420,"url":"https:\/\/www.sonnenseite.com\/wp-content\/uploads\/2019\/12\/Europa_Lupo.jpg","type":"image\/jpeg"}],"author":"sbade","twitter_card":"summary_large_image","twitter_creator":"@franzalt","twitter_site":"@franzalt","twitter_misc":{"Verfasst von":"sbade","Gesch\u00e4tzte Lesezeit":"3\u00a0Minuten"},"schema":{"@context":"https:\/\/schema.org","@graph":[{"@type":"Article","@id":"https:\/\/www.sonnenseite.com\/de\/politik\/eu-umweltrat-muss-neues-klimapaket-fuer-europa-beschliessen\/#article","isPartOf":{"@id":"https:\/\/www.sonnenseite.com\/de\/politik\/eu-umweltrat-muss-neues-klimapaket-fuer-europa-beschliessen\/"},"author":{"name":"sbade","@id":"https:\/\/www.sonnenseite.com\/de\/#\/schema\/person\/6df44691cd9a70d99e140e1116ee8771"},"headline":"EU-Umweltrat muss neues Klimapaket f\u00fcr Europa beschlie\u00dfen","datePublished":"2016-09-29T09:50:27+00:00","mainEntityOfPage":{"@id":"https:\/\/www.sonnenseite.com\/de\/politik\/eu-umweltrat-muss-neues-klimapaket-fuer-europa-beschliessen\/"},"wordCount":634,"publisher":{"@id":"https:\/\/www.sonnenseite.com\/de\/#organization"},"image":{"@id":"https:\/\/www.sonnenseite.com\/de\/politik\/eu-umweltrat-muss-neues-klimapaket-fuer-europa-beschliessen\/#primaryimage"},"thumbnailUrl":"https:\/\/www.sonnenseite.com\/wp-content\/uploads\/2019\/12\/Europa_Lupo.jpg","articleSection":["Politik"],"inLanguage":"de"},{"@type":"WebPage","@id":"https:\/\/www.sonnenseite.com\/de\/politik\/eu-umweltrat-muss-neues-klimapaket-fuer-europa-beschliessen\/","url":"https:\/\/www.sonnenseite.com\/de\/politik\/eu-umweltrat-muss-neues-klimapaket-fuer-europa-beschliessen\/","name":"EU-Umweltrat muss neues Klimapaket f\u00fcr Europa beschlie\u00dfen - Sonnenseite - \u00d6kologische Kommunikation mit Franz Alt","isPartOf":{"@id":"https:\/\/www.sonnenseite.com\/de\/#website"},"primaryImageOfPage":{"@id":"https:\/\/www.sonnenseite.com\/de\/politik\/eu-umweltrat-muss-neues-klimapaket-fuer-europa-beschliessen\/#primaryimage"},"image":{"@id":"https:\/\/www.sonnenseite.com\/de\/politik\/eu-umweltrat-muss-neues-klimapaket-fuer-europa-beschliessen\/#primaryimage"},"thumbnailUrl":"https:\/\/www.sonnenseite.com\/wp-content\/uploads\/2019\/12\/Europa_Lupo.jpg","datePublished":"2016-09-29T09:50:27+00:00","description":"EU ratifiziert Abkommen von Paris, verz&ouml;gert aber gleichzeitig neue Ma&szlig;nahmen f&uuml;r Energieeffizienz und Erneuerbare Energien. Am 30.9.2016","breadcrumb":{"@id":"https:\/\/www.sonnenseite.com\/de\/politik\/eu-umweltrat-muss-neues-klimapaket-fuer-europa-beschliessen\/#breadcrumb"},"inLanguage":"de","potentialAction":[{"@type":"ReadAction","target":["https:\/\/www.sonnenseite.com\/de\/politik\/eu-umweltrat-muss-neues-klimapaket-fuer-europa-beschliessen\/"]}]},{"@type":"ImageObject","inLanguage":"de","@id":"https:\/\/www.sonnenseite.com\/de\/politik\/eu-umweltrat-muss-neues-klimapaket-fuer-europa-beschliessen\/#primaryimage","url":"https:\/\/www.sonnenseite.com\/wp-content\/uploads\/2019\/12\/Europa_Lupo.jpg","contentUrl":"https:\/\/www.sonnenseite.com\/wp-content\/uploads\/2019\/12\/Europa_Lupo.jpg","width":770,"height":420,"caption":"pixelio.de | Lupo"},{"@type":"BreadcrumbList","@id":"https:\/\/www.sonnenseite.com\/de\/politik\/eu-umweltrat-muss-neues-klimapaket-fuer-europa-beschliessen\/#breadcrumb","itemListElement":[{"@type":"ListItem","position":1,"name":"Startseite","item":"https:\/\/www.sonnenseite.com\/de\/"},{"@type":"ListItem","position":2,"name":"EU-Umweltrat muss neues Klimapaket f\u00fcr Europa beschlie\u00dfen"}]},{"@type":"WebSite","@id":"https:\/\/www.sonnenseite.com\/de\/#website","url":"https:\/\/www.sonnenseite.com\/de\/","name":"Sonnenseite","description":"\u00d6kologische Kommunikation mit Franz Alt","publisher":{"@id":"https:\/\/www.sonnenseite.com\/de\/#organization"},"potentialAction":[{"@type":"SearchAction","target":{"@type":"EntryPoint","urlTemplate":"https:\/\/www.sonnenseite.com\/de\/?s={search_term_string}"},"query-input":{"@type":"PropertyValueSpecification","valueRequired":true,"valueName":"search_term_string"}}],"inLanguage":"de"},{"@type":"Organization","@id":"https:\/\/www.sonnenseite.com\/de\/#organization","name":"Sonnenseite","url":"https:\/\/www.sonnenseite.com\/de\/","logo":{"@type":"ImageObject","inLanguage":"de","@id":"https:\/\/www.sonnenseite.com\/de\/#\/schema\/logo\/image\/","url":"https:\/\/www.sonnenseite.com\/wp-content\/uploads\/2020\/05\/Sonnenseite_Logo.png","contentUrl":"https:\/\/www.sonnenseite.com\/wp-content\/uploads\/2020\/05\/Sonnenseite_Logo.png","width":377,"height":90,"caption":"Sonnenseite"},"image":{"@id":"https:\/\/www.sonnenseite.com\/de\/#\/schema\/logo\/image\/"},"sameAs":["https:\/\/www.facebook.com\/pages\/Franz-Alt-SONNENSEITECOM\/221072987903953?fref=ts","https:\/\/x.com\/franzalt","http:\/\/www.youtube.com\/results?search_query&amp;amp;quot;franz_alt&amp;amp;quot;&amp;amp;amp;amp;search_type&amp;amp;amp;amp;aq=f"]},{"@type":"Person","@id":"https:\/\/www.sonnenseite.com\/de\/#\/schema\/person\/6df44691cd9a70d99e140e1116ee8771","name":"sbade","sameAs":["https:\/\/www.sonnenseite.com"]}]}},"_links":{"self":[{"href":"https:\/\/www.sonnenseite.com\/de\/wp-json\/wp\/v2\/posts\/33788","targetHints":{"allow":["GET"]}}],"collection":[{"href":"https:\/\/www.sonnenseite.com\/de\/wp-json\/wp\/v2\/posts"}],"about":[{"href":"https:\/\/www.sonnenseite.com\/de\/wp-json\/wp\/v2\/types\/post"}],"author":[{"embeddable":true,"href":"https:\/\/www.sonnenseite.com\/de\/wp-json\/wp\/v2\/users\/1"}],"replies":[{"embeddable":true,"href":"https:\/\/www.sonnenseite.com\/de\/wp-json\/wp\/v2\/comments?post=33788"}],"version-history":[{"count":0,"href":"https:\/\/www.sonnenseite.com\/de\/wp-json\/wp\/v2\/posts\/33788\/revisions"}],"wp:featuredmedia":[{"embeddable":true,"href":"https:\/\/www.sonnenseite.com\/de\/wp-json\/wp\/v2\/media\/4569"}],"wp:attachment":[{"href":"https:\/\/www.sonnenseite.com\/de\/wp-json\/wp\/v2\/media?parent=33788"}],"wp:term":[{"taxonomy":"category","embeddable":true,"href":"https:\/\/www.sonnenseite.com\/de\/wp-json\/wp\/v2\/categories?post=33788"},{"taxonomy":"post_tag","embeddable":true,"href":"https:\/\/www.sonnenseite.com\/de\/wp-json\/wp\/v2\/tags?post=33788"}],"curies":[{"name":"wp","href":"https:\/\/api.w.org\/{rel}","templated":true}]}}