{"id":3471,"date":"2020-02-06T00:45:00","date_gmt":"2020-02-05T23:45:00","guid":{"rendered":"https:\/\/www.sonnenseite.com\/wirtschaft\/modellkommunen-fr-die-umsetzung-der-wrmewende-gesucht.html"},"modified":"2020-02-06T00:45:00","modified_gmt":"2020-02-05T23:45:00","slug":"modellkommunen-fr-die-umsetzung-der-wrmewende-gesucht","status":"publish","type":"post","link":"https:\/\/www.sonnenseite.com\/de\/wirtschaft\/modellkommunen-fr-die-umsetzung-der-wrmewende-gesucht\/","title":{"rendered":"Modellkommunen f\u00fcr die Umsetzung der W\u00e4rmewende gesucht"},"content":{"rendered":"<p>Kommunen werden fachlich und kommunikativ bei der W&auml;rmeplanung begleitet und profitieren vom Erfahrungsaustausch.<\/p>\n<p> <!--more--> <\/p>\n<p><span>St&auml;dte, Gemeinden und Landkreise leisten entscheidende Beitr&auml;ge zur Energiewende, insbesondere im W&auml;rmebereich. Das neue Projekt &bdquo;Kommunale W&auml;rmewende&ldquo; der Agentur f&uuml;r Erneuerbare Energien (AEE) und des Fraunhofer Instituts f&uuml;r Energiewirtschaft und Energiesysteme (IEE) will drei Modellkommunen bei der Umstellung auf eine klimafreundliche W&auml;rmeerzeugung unter die Arme greifen. Kommunen k&ouml;nnen sich hierf&uuml;r bis zum 8. M&auml;rz 2020 als Modellkommune bewerben: Die Zusammenarbeit ist f&uuml;r die ausgew&auml;hlten Kommunen kostenfrei. Das Projekt wird von der Deutschen Bundesstiftung Umwelt (DBU) gef&ouml;rdert.<\/span><\/p>\n<p><span>Im Jahr 2018 entfielen 1.207 Milliarden Kilowattstunden und damit 48,8 Prozent des gesamten Endenergieverbrauchs allein auf den W&auml;rmesektor. Bisher stammen erst 14 Prozent des Energiebedarfs aus Erneuerbaren Energien. Um Klimaschutz effektiv anzugehen, ist der W&auml;rmesektor deshalb von entscheidender Bedeutung. Damit die Energiewende im W&auml;rmebereich schneller voranschreitet, m&uuml;ssen Erneuerbare Energien nicht nur in individuellen Einzell&ouml;sungen zum Einsatz kommen, sondern auch gro&szlig;volumig in Nah- und Fernw&auml;rmenetzen. <\/span><\/p>\n<p><span>&bdquo;Daf&uuml;r ist eine strategische W&auml;rmeplanung der Kommunen notwendig, die geeignete erneuerbare Energiequellen identifiziert und Ma&szlig;nahmen f&uuml;r Stadtteile, Quartiere und Einzelgeb&auml;ude ableitet. Das politische Engagement auf kommunaler Ebene ist deshalb ein Schl&uuml;ssel zum Erfolg der Energiewende&ldquo;, betont Dr. Robert Brandt, Gesch&auml;ftsf&uuml;hrer der AEE. &bdquo;Wir wollen zeigen, wie stark die Kommunen von bestimmten Ma&szlig;nahmen profitieren &ndash; &uuml;ber Steuereinnahmen, Einsparungen bei den Energiekosten und durch Auftr&auml;ge f&uuml;r die lokale Wirtschaft&ldquo;, so Brandt.<\/span><\/p>\n<p>Bei manchen Kommunen fehlen noch das Wissen und die Erfahrung mit geeigneten und in der Praxis erprobten Gesch&auml;ftsmodellen. Deshalb wollen das Fraunhofer IEE und die AEE drei ausgew&auml;hlten Modellkommunen im Projekt &bdquo;Kommunale W&auml;rmeplanung&ldquo; mit Rat und Tat zur Seite stehen. Ein Expert*innen-Beirat gibt fundierte Einsch&auml;tzungen und Ratschl&auml;ge bei der Entwicklung von innovativen W&auml;rmekonzepten &ndash; wie die Nutzung industrieller Abw&auml;rme, Niedertemperaturw&auml;rmenetze und Gro&szlig;w&auml;rmespeicher.<\/p>\n<p>Au&szlig;erdem werden die Modellkommunen von einer hohen Sichtbarkeit profitieren. Die Entwicklung der W&auml;rmepl&auml;ne wird auf der Projekt-Website (derzeit im Aufbau) ausf&uuml;hrlich dokumentiert. Dar&uuml;ber hinaus werden verschiedene Veranstaltungen und Pressefahrten, die den Erfahrungsaustausch und die Vernetzung erleichtern, organisiert.<\/p>\n<p>Es k&ouml;nnen sich sowohl Kommunen bewerben, die bereits Erfahrungen mit Erneuerbaren Energien haben und diese weiter ausbauen wollen, als auch solche, die sich dem Thema ganz neu widmen. Die Teilnahmebedingungen, das Bewerbungsformular, die FAQ und weitere Informationen zum Projekt finden Sie auf der <a href=\"https:\/\/www.unendlich-viel-energie.de\/die-agentur\/projekte\/kommunalewaermewende\" target=\"_blank\" rel=\"noopener noreferrer\">AEE-Webseite<\/a>.<\/p>\n<p><strong>Sammlung von Praxisbeispielen im AEE-Jahresmagazin KOMM:MAG<br \/><\/strong>Weil die W&auml;rmewende weit oben auf der Agenda der Kommunen stehen sollte, widmet sich das aktuelle AEE-Jahresmagazin zu Erneuerbaren Energien genau diesem Thema und zeigt, was die Kommunen tun k&ouml;nnen, um ihre W&auml;rmeversorgung auf Biomasse, Solarenergie und Erd- und Umweltw&auml;rme umzustellen, und wie sie und ihre B&uuml;rger*innen gleichzeitig davon profitieren. Leser*innen finden darin anschauliche Praxisbeispiele, Interviews zum Klimanotstand und Gastbeitr&auml;ge zu inspirierenden Projekten.<\/p>\n<p>Die Druckversion kann <a href=\"https:\/\/www.unendlich-viel-energie.de\/shop\" target=\"_blank\" rel=\"noopener noreferrer\">kostenfrei im Shop der AEE<\/a> bestellt werden.<\/p>\n<p>Die digitale Version finden <a href=\"https:\/\/www.unendlich-viel-energie.de\/mediathek\/broschueren\/kommmag-2019\" target=\"_blank\" rel=\"noopener noreferrer\">Sie hier<\/a>.<\/p>\n<div class=\"article-images\"><img loading=\"lazy\" decoding=\"async\" width=\"640\" height=\"349\" src=\"https:\/\/www.sonnenseite.com\/wp-content\/uploads\/2020\/02\/grafik1.jpg\" class=\"alignleft\" alt=\"Agentur f&uuml;r Erneuerbare Energien | Stand 10\/19\" srcset=\"https:\/\/www.sonnenseite.com\/wp-content\/uploads\/2020\/02\/grafik1.jpg 770w, https:\/\/www.sonnenseite.com\/wp-content\/uploads\/2020\/02\/grafik1-300x164.jpg 300w, https:\/\/www.sonnenseite.com\/wp-content\/uploads\/2020\/02\/grafik1-768x419.jpg 768w\" sizes=\"auto, (max-width: 640px) 100vw, 640px\" \/><img loading=\"lazy\" decoding=\"async\" width=\"640\" height=\"349\" src=\"https:\/\/www.sonnenseite.com\/wp-content\/uploads\/2020\/02\/grafik2.jpg\" class=\"alignleft\" alt=\"Agentur f&uuml;r Erneuerbare Energien | 03\/19\" srcset=\"https:\/\/www.sonnenseite.com\/wp-content\/uploads\/2020\/02\/grafik2.jpg 770w, https:\/\/www.sonnenseite.com\/wp-content\/uploads\/2020\/02\/grafik2-300x164.jpg 300w, https:\/\/www.sonnenseite.com\/wp-content\/uploads\/2020\/02\/grafik2-768x419.jpg 768w\" sizes=\"auto, (max-width: 640px) 100vw, 640px\" \/><\/div>\n<h5 class=\"green\">Quelle<\/h5>\n<p><span><a href=\"unendlich-viel-energie.de\" target=\"_blank\" rel=\"noopener noreferrer\">Agentur f&uuml;r Erneuerbare Energien e.V. | 2020<\/a><\/span><\/p>\n<div class=\"shariff shariff-align-flex-start shariff-widget-align-flex-start\"><div class=\"ShariffHeadline\">Diese Meldung teilen<\/div><ul class=\"shariff-buttons theme-round orientation-horizontal buttonsize-medium\"><li class=\"shariff-button facebook shariff-nocustomcolor\" style=\"background-color:#4273c8;border-radius:1%\"><a href=\"https:\/\/www.facebook.com\/sharer\/sharer.php?u=https%3A%2F%2Fwww.sonnenseite.com%2Fde%2Fwirtschaft%2Fmodellkommunen-fr-die-umsetzung-der-wrmewende-gesucht%2F\" title=\"Bei Facebook teilen\" aria-label=\"Bei Facebook teilen\" role=\"button\" rel=\"nofollow\" class=\"shariff-link\" style=\";border-radius:1%; background-color:#3b5998; color:#fff\" target=\"_blank\"><span class=\"shariff-icon\" style=\"\"><svg width=\"32px\" height=\"20px\" xmlns=\"http:\/\/www.w3.org\/2000\/svg\" viewBox=\"0 0 18 32\"><path fill=\"#3b5998\" d=\"M17.1 0.2v4.7h-2.8q-1.5 0-2.1 0.6t-0.5 1.9v3.4h5.2l-0.7 5.3h-4.5v13.6h-5.5v-13.6h-4.5v-5.3h4.5v-3.9q0-3.3 1.9-5.2t5-1.8q2.6 0 4.1 0.2z\"\/><\/svg><\/span><\/a><\/li><li class=\"shariff-button twitter shariff-nocustomcolor\" style=\"background-color:#595959;border-radius:1%\"><a href=\"https:\/\/twitter.com\/share?url=https%3A%2F%2Fwww.sonnenseite.com%2Fde%2Fwirtschaft%2Fmodellkommunen-fr-die-umsetzung-der-wrmewende-gesucht%2F&text=Modellkommunen%20f%C3%BCr%20die%20Umsetzung%20der%20W%C3%A4rmewende%20gesucht\" title=\"Bei X teilen\" aria-label=\"Bei X teilen\" role=\"button\" rel=\"noopener nofollow\" class=\"shariff-link\" style=\";border-radius:1%; background-color:#000; color:#fff\" target=\"_blank\"><span class=\"shariff-icon\" style=\"\"><svg width=\"32px\" height=\"20px\" xmlns=\"http:\/\/www.w3.org\/2000\/svg\" viewBox=\"0 0 24 24\"><path fill=\"#000\" d=\"M14.258 10.152L23.176 0h-2.113l-7.747 8.813L7.133 0H0l9.352 13.328L0 23.973h2.113l8.176-9.309 6.531 9.309h7.133zm-2.895 3.293l-.949-1.328L2.875 1.56h3.246l6.086 8.523.945 1.328 7.91 11.078h-3.246zm0 0\"\/><\/svg><\/span><\/a><\/li><li class=\"shariff-button xing shariff-nocustomcolor\" style=\"background-color:#29888a;border-radius:1%\"><a href=\"https:\/\/www.xing.com\/spi\/shares\/new?url=https%3A%2F%2Fwww.sonnenseite.com%2Fde%2Fwirtschaft%2Fmodellkommunen-fr-die-umsetzung-der-wrmewende-gesucht%2F\" title=\"Bei XING teilen\" aria-label=\"Bei XING teilen\" role=\"button\" rel=\"noopener nofollow\" class=\"shariff-link\" style=\";border-radius:1%; background-color:#126567; color:#fff\" target=\"_blank\"><span class=\"shariff-icon\" style=\"\"><svg width=\"32px\" height=\"20px\" xmlns=\"http:\/\/www.w3.org\/2000\/svg\" viewBox=\"0 0 25 32\"><path fill=\"#126567\" d=\"M10.7 11.9q-0.2 0.3-4.6 8.2-0.5 0.8-1.2 0.8h-4.3q-0.4 0-0.5-0.3t0-0.6l4.5-8q0 0 0 0l-2.9-5q-0.2-0.4 0-0.7 0.2-0.3 0.5-0.3h4.3q0.7 0 1.2 0.8zM25.1 0.4q0.2 0.3 0 0.7l-9.4 16.7 6 11q0.2 0.4 0 0.6-0.2 0.3-0.6 0.3h-4.3q-0.7 0-1.2-0.8l-6-11.1q0.3-0.6 9.5-16.8 0.4-0.8 1.2-0.8h4.3q0.4 0 0.5 0.3z\"\/><\/svg><\/span><\/a><\/li><li class=\"shariff-button linkedin shariff-nocustomcolor\" style=\"background-color:#1488bf;border-radius:1%\"><a href=\"https:\/\/www.linkedin.com\/sharing\/share-offsite\/?url=https%3A%2F%2Fwww.sonnenseite.com%2Fde%2Fwirtschaft%2Fmodellkommunen-fr-die-umsetzung-der-wrmewende-gesucht%2F\" title=\"Bei LinkedIn teilen\" aria-label=\"Bei LinkedIn teilen\" role=\"button\" rel=\"noopener nofollow\" class=\"shariff-link\" style=\";border-radius:1%; background-color:#0077b5; color:#fff\" target=\"_blank\"><span class=\"shariff-icon\" style=\"\"><svg width=\"32px\" height=\"20px\" xmlns=\"http:\/\/www.w3.org\/2000\/svg\" viewBox=\"0 0 27 32\"><path fill=\"#0077b5\" d=\"M6.2 11.2v17.7h-5.9v-17.7h5.9zM6.6 5.7q0 1.3-0.9 2.2t-2.4 0.9h0q-1.5 0-2.4-0.9t-0.9-2.2 0.9-2.2 2.4-0.9 2.4 0.9 0.9 2.2zM27.4 18.7v10.1h-5.9v-9.5q0-1.9-0.7-2.9t-2.3-1.1q-1.1 0-1.9 0.6t-1.2 1.5q-0.2 0.5-0.2 1.4v9.9h-5.9q0-7.1 0-11.6t0-5.3l0-0.9h5.9v2.6h0q0.4-0.6 0.7-1t1-0.9 1.6-0.8 2-0.3q3 0 4.9 2t1.9 6z\"\/><\/svg><\/span><\/a><\/li><li class=\"shariff-button printer shariff-nocustomcolor\" style=\"background-color:#a8a8a8;border-radius:1%\"><a href=\"javascript:window.print()\" title=\"drucken\" aria-label=\"drucken\" role=\"button\" rel=\"noopener nofollow\" class=\"shariff-link\" style=\";border-radius:1%; background-color:#999; color:#fff\"><span class=\"shariff-icon\" style=\"\"><svg width=\"32px\" height=\"20px\" xmlns=\"http:\/\/www.w3.org\/2000\/svg\" viewBox=\"0 0 30 32\"><path fill=\"#999\" d=\"M6.8 27.4h16v-4.6h-16v4.6zM6.8 16h16v-6.8h-2.8q-0.7 0-1.2-0.5t-0.5-1.2v-2.8h-11.4v11.4zM27.4 17.2q0-0.5-0.3-0.8t-0.8-0.4-0.8 0.4-0.3 0.8 0.3 0.8 0.8 0.3 0.8-0.3 0.3-0.8zM29.7 17.2v7.4q0 0.2-0.2 0.4t-0.4 0.2h-4v2.8q0 0.7-0.5 1.2t-1.2 0.5h-17.2q-0.7 0-1.2-0.5t-0.5-1.2v-2.8h-4q-0.2 0-0.4-0.2t-0.2-0.4v-7.4q0-1.4 1-2.4t2.4-1h1.2v-9.7q0-0.7 0.5-1.2t1.2-0.5h12q0.7 0 1.6 0.4t1.3 0.8l2.7 2.7q0.5 0.5 0.9 1.4t0.4 1.6v4.6h1.1q1.4 0 2.4 1t1 2.4z\"\/><\/svg><\/span><\/a><\/li><li class=\"shariff-button mailto shariff-nocustomcolor\" style=\"background-color:#a8a8a8;border-radius:1%\"><a href=\"mailto:?body=https%3A%2F%2Fwww.sonnenseite.com%2Fde%2Fwirtschaft%2Fmodellkommunen-fr-die-umsetzung-der-wrmewende-gesucht%2F&subject=Modellkommunen%20f%C3%BCr%20die%20Umsetzung%20der%20W%C3%A4rmewende%20gesucht\" title=\"Per E-Mail versenden\" aria-label=\"Per E-Mail versenden\" role=\"button\" rel=\"noopener nofollow\" class=\"shariff-link\" style=\";border-radius:1%; background-color:#999; color:#fff\"><span class=\"shariff-icon\" style=\"\"><svg width=\"32px\" height=\"20px\" xmlns=\"http:\/\/www.w3.org\/2000\/svg\" viewBox=\"0 0 32 32\"><path fill=\"#999\" d=\"M32 12.7v14.2q0 1.2-0.8 2t-2 0.9h-26.3q-1.2 0-2-0.9t-0.8-2v-14.2q0.8 0.9 1.8 1.6 6.5 4.4 8.9 6.1 1 0.8 1.6 1.2t1.7 0.9 2 0.4h0.1q0.9 0 2-0.4t1.7-0.9 1.6-1.2q3-2.2 8.9-6.1 1-0.7 1.8-1.6zM32 7.4q0 1.4-0.9 2.7t-2.2 2.2q-6.7 4.7-8.4 5.8-0.2 0.1-0.7 0.5t-1 0.7-0.9 0.6-1.1 0.5-0.9 0.2h-0.1q-0.4 0-0.9-0.2t-1.1-0.5-0.9-0.6-1-0.7-0.7-0.5q-1.6-1.1-4.7-3.2t-3.6-2.6q-1.1-0.7-2.1-2t-1-2.5q0-1.4 0.7-2.3t2.1-0.9h26.3q1.2 0 2 0.8t0.9 2z\"\/><\/svg><\/span><\/a><\/li><\/ul><\/div>","protected":false},"excerpt":{"rendered":"<p>Kommunen werden fachlich und kommunikativ bei der W&auml;rmeplanung begleitet und profitieren vom Erfahrungsaustausch.<\/p>\n","protected":false},"author":1,"featured_media":3465,"comment_status":"closed","ping_status":"closed","sticky":false,"template":"","format":"standard","meta":{"inline_featured_image":false,"footnotes":""},"categories":[24],"tags":[],"class_list":["post-3471","post","type-post","status-publish","format-standard","has-post-thumbnail","hentry","category-wirtschaft"],"yoast_head":"<!-- This site is optimized with the Yoast SEO plugin v26.5 - https:\/\/yoast.com\/wordpress\/plugins\/seo\/ -->\n<title>Modellkommunen f\u00fcr die Umsetzung der W\u00e4rmewende gesucht - Sonnenseite - \u00d6kologische Kommunikation mit Franz Alt<\/title>\n<meta name=\"description\" content=\"Kommunen werden fachlich und kommunikativ bei der W&auml;rmeplanung begleitet und profitieren vom Erfahrungsaustausch. St&auml;dte, Gemeinden und\" \/>\n<meta name=\"robots\" content=\"index, follow, max-snippet:-1, max-image-preview:large, max-video-preview:-1\" \/>\n<link rel=\"canonical\" href=\"https:\/\/www.sonnenseite.com\/de\/wirtschaft\/modellkommunen-fr-die-umsetzung-der-wrmewende-gesucht\/\" \/>\n<meta property=\"og:locale\" content=\"de_DE\" \/>\n<meta property=\"og:type\" content=\"article\" \/>\n<meta property=\"og:title\" content=\"Modellkommunen f\u00fcr die Umsetzung der W\u00e4rmewende gesucht - Sonnenseite - \u00d6kologische Kommunikation mit Franz Alt\" \/>\n<meta property=\"og:description\" content=\"Kommunen werden fachlich und kommunikativ bei der W&auml;rmeplanung begleitet und profitieren vom Erfahrungsaustausch. St&auml;dte, Gemeinden und\" \/>\n<meta property=\"og:url\" content=\"https:\/\/www.sonnenseite.com\/de\/wirtschaft\/modellkommunen-fr-die-umsetzung-der-wrmewende-gesucht\/\" \/>\n<meta property=\"og:site_name\" content=\"Sonnenseite\" \/>\n<meta property=\"article:publisher\" content=\"https:\/\/www.facebook.com\/pages\/Franz-Alt-SONNENSEITECOM\/221072987903953?fref=ts\" \/>\n<meta property=\"article:published_time\" content=\"2020-02-05T23:45:00+00:00\" \/>\n<meta property=\"og:image\" content=\"https:\/\/www.sonnenseite.com\/wp-content\/uploads\/2020\/02\/biogasanlage_JuergenFaelchle.jpg\" \/>\n\t<meta property=\"og:image:width\" content=\"770\" \/>\n\t<meta property=\"og:image:height\" content=\"420\" \/>\n\t<meta property=\"og:image:type\" content=\"image\/jpeg\" \/>\n<meta name=\"author\" content=\"sbade\" \/>\n<meta name=\"twitter:card\" content=\"summary_large_image\" \/>\n<meta name=\"twitter:creator\" content=\"@franzalt\" \/>\n<meta name=\"twitter:site\" content=\"@franzalt\" \/>\n<meta name=\"twitter:label1\" content=\"Verfasst von\" \/>\n\t<meta name=\"twitter:data1\" content=\"sbade\" \/>\n\t<meta name=\"twitter:label2\" content=\"Gesch\u00e4tzte Lesezeit\" \/>\n\t<meta name=\"twitter:data2\" content=\"3\u00a0Minuten\" \/>\n<script type=\"application\/ld+json\" class=\"yoast-schema-graph\">{\"@context\":\"https:\/\/schema.org\",\"@graph\":[{\"@type\":\"Article\",\"@id\":\"https:\/\/www.sonnenseite.com\/de\/wirtschaft\/modellkommunen-fr-die-umsetzung-der-wrmewende-gesucht\/#article\",\"isPartOf\":{\"@id\":\"https:\/\/www.sonnenseite.com\/de\/wirtschaft\/modellkommunen-fr-die-umsetzung-der-wrmewende-gesucht\/\"},\"author\":{\"name\":\"sbade\",\"@id\":\"https:\/\/www.sonnenseite.com\/de\/#\/schema\/person\/6df44691cd9a70d99e140e1116ee8771\"},\"headline\":\"Modellkommunen f\u00fcr die Umsetzung der W\u00e4rmewende gesucht\",\"datePublished\":\"2020-02-05T23:45:00+00:00\",\"mainEntityOfPage\":{\"@id\":\"https:\/\/www.sonnenseite.com\/de\/wirtschaft\/modellkommunen-fr-die-umsetzung-der-wrmewende-gesucht\/\"},\"wordCount\":583,\"publisher\":{\"@id\":\"https:\/\/www.sonnenseite.com\/de\/#organization\"},\"image\":{\"@id\":\"https:\/\/www.sonnenseite.com\/de\/wirtschaft\/modellkommunen-fr-die-umsetzung-der-wrmewende-gesucht\/#primaryimage\"},\"thumbnailUrl\":\"https:\/\/www.sonnenseite.com\/wp-content\/uploads\/2020\/02\/biogasanlage_JuergenFaelchle.jpg\",\"articleSection\":[\"Wirtschaft\"],\"inLanguage\":\"de\"},{\"@type\":\"WebPage\",\"@id\":\"https:\/\/www.sonnenseite.com\/de\/wirtschaft\/modellkommunen-fr-die-umsetzung-der-wrmewende-gesucht\/\",\"url\":\"https:\/\/www.sonnenseite.com\/de\/wirtschaft\/modellkommunen-fr-die-umsetzung-der-wrmewende-gesucht\/\",\"name\":\"Modellkommunen f\u00fcr die Umsetzung der W\u00e4rmewende gesucht - Sonnenseite - \u00d6kologische Kommunikation mit Franz Alt\",\"isPartOf\":{\"@id\":\"https:\/\/www.sonnenseite.com\/de\/#website\"},\"primaryImageOfPage\":{\"@id\":\"https:\/\/www.sonnenseite.com\/de\/wirtschaft\/modellkommunen-fr-die-umsetzung-der-wrmewende-gesucht\/#primaryimage\"},\"image\":{\"@id\":\"https:\/\/www.sonnenseite.com\/de\/wirtschaft\/modellkommunen-fr-die-umsetzung-der-wrmewende-gesucht\/#primaryimage\"},\"thumbnailUrl\":\"https:\/\/www.sonnenseite.com\/wp-content\/uploads\/2020\/02\/biogasanlage_JuergenFaelchle.jpg\",\"datePublished\":\"2020-02-05T23:45:00+00:00\",\"description\":\"Kommunen werden fachlich und kommunikativ bei der W&auml;rmeplanung begleitet und profitieren vom Erfahrungsaustausch. St&auml;dte, Gemeinden und\",\"breadcrumb\":{\"@id\":\"https:\/\/www.sonnenseite.com\/de\/wirtschaft\/modellkommunen-fr-die-umsetzung-der-wrmewende-gesucht\/#breadcrumb\"},\"inLanguage\":\"de\",\"potentialAction\":[{\"@type\":\"ReadAction\",\"target\":[\"https:\/\/www.sonnenseite.com\/de\/wirtschaft\/modellkommunen-fr-die-umsetzung-der-wrmewende-gesucht\/\"]}]},{\"@type\":\"ImageObject\",\"inLanguage\":\"de\",\"@id\":\"https:\/\/www.sonnenseite.com\/de\/wirtschaft\/modellkommunen-fr-die-umsetzung-der-wrmewende-gesucht\/#primaryimage\",\"url\":\"https:\/\/www.sonnenseite.com\/wp-content\/uploads\/2020\/02\/biogasanlage_JuergenFaelchle.jpg\",\"contentUrl\":\"https:\/\/www.sonnenseite.com\/wp-content\/uploads\/2020\/02\/biogasanlage_JuergenFaelchle.jpg\",\"width\":770,\"height\":420,\"caption\":\"Fotolia.com | J\u00fcrgen F\u00e4lchle\"},{\"@type\":\"BreadcrumbList\",\"@id\":\"https:\/\/www.sonnenseite.com\/de\/wirtschaft\/modellkommunen-fr-die-umsetzung-der-wrmewende-gesucht\/#breadcrumb\",\"itemListElement\":[{\"@type\":\"ListItem\",\"position\":1,\"name\":\"Startseite\",\"item\":\"https:\/\/www.sonnenseite.com\/de\/\"},{\"@type\":\"ListItem\",\"position\":2,\"name\":\"Modellkommunen f\u00fcr die Umsetzung der W\u00e4rmewende gesucht\"}]},{\"@type\":\"WebSite\",\"@id\":\"https:\/\/www.sonnenseite.com\/de\/#website\",\"url\":\"https:\/\/www.sonnenseite.com\/de\/\",\"name\":\"Sonnenseite\",\"description\":\"\u00d6kologische Kommunikation mit Franz Alt\",\"publisher\":{\"@id\":\"https:\/\/www.sonnenseite.com\/de\/#organization\"},\"potentialAction\":[{\"@type\":\"SearchAction\",\"target\":{\"@type\":\"EntryPoint\",\"urlTemplate\":\"https:\/\/www.sonnenseite.com\/de\/?s={search_term_string}\"},\"query-input\":{\"@type\":\"PropertyValueSpecification\",\"valueRequired\":true,\"valueName\":\"search_term_string\"}}],\"inLanguage\":\"de\"},{\"@type\":\"Organization\",\"@id\":\"https:\/\/www.sonnenseite.com\/de\/#organization\",\"name\":\"Sonnenseite\",\"url\":\"https:\/\/www.sonnenseite.com\/de\/\",\"logo\":{\"@type\":\"ImageObject\",\"inLanguage\":\"de\",\"@id\":\"https:\/\/www.sonnenseite.com\/de\/#\/schema\/logo\/image\/\",\"url\":\"https:\/\/www.sonnenseite.com\/wp-content\/uploads\/2020\/05\/Sonnenseite_Logo.png\",\"contentUrl\":\"https:\/\/www.sonnenseite.com\/wp-content\/uploads\/2020\/05\/Sonnenseite_Logo.png\",\"width\":377,\"height\":90,\"caption\":\"Sonnenseite\"},\"image\":{\"@id\":\"https:\/\/www.sonnenseite.com\/de\/#\/schema\/logo\/image\/\"},\"sameAs\":[\"https:\/\/www.facebook.com\/pages\/Franz-Alt-SONNENSEITECOM\/221072987903953?fref=ts\",\"https:\/\/x.com\/franzalt\",\"http:\/\/www.youtube.com\/results?search_query&amp;amp;quot;franz_alt&amp;amp;quot;&amp;amp;amp;amp;search_type&amp;amp;amp;amp;aq=f\"]},{\"@type\":\"Person\",\"@id\":\"https:\/\/www.sonnenseite.com\/de\/#\/schema\/person\/6df44691cd9a70d99e140e1116ee8771\",\"name\":\"sbade\",\"sameAs\":[\"https:\/\/www.sonnenseite.com\"]}]}<\/script>\n<!-- \/ Yoast SEO plugin. -->","yoast_head_json":{"title":"Modellkommunen f\u00fcr die Umsetzung der W\u00e4rmewende gesucht - Sonnenseite - \u00d6kologische Kommunikation mit Franz Alt","description":"Kommunen werden fachlich und kommunikativ bei der W&auml;rmeplanung begleitet und profitieren vom Erfahrungsaustausch. St&auml;dte, Gemeinden und","robots":{"index":"index","follow":"follow","max-snippet":"max-snippet:-1","max-image-preview":"max-image-preview:large","max-video-preview":"max-video-preview:-1"},"canonical":"https:\/\/www.sonnenseite.com\/de\/wirtschaft\/modellkommunen-fr-die-umsetzung-der-wrmewende-gesucht\/","og_locale":"de_DE","og_type":"article","og_title":"Modellkommunen f\u00fcr die Umsetzung der W\u00e4rmewende gesucht - Sonnenseite - \u00d6kologische Kommunikation mit Franz Alt","og_description":"Kommunen werden fachlich und kommunikativ bei der W&auml;rmeplanung begleitet und profitieren vom Erfahrungsaustausch. St&auml;dte, Gemeinden und","og_url":"https:\/\/www.sonnenseite.com\/de\/wirtschaft\/modellkommunen-fr-die-umsetzung-der-wrmewende-gesucht\/","og_site_name":"Sonnenseite","article_publisher":"https:\/\/www.facebook.com\/pages\/Franz-Alt-SONNENSEITECOM\/221072987903953?fref=ts","article_published_time":"2020-02-05T23:45:00+00:00","og_image":[{"width":770,"height":420,"url":"https:\/\/www.sonnenseite.com\/wp-content\/uploads\/2020\/02\/biogasanlage_JuergenFaelchle.jpg","type":"image\/jpeg"}],"author":"sbade","twitter_card":"summary_large_image","twitter_creator":"@franzalt","twitter_site":"@franzalt","twitter_misc":{"Verfasst von":"sbade","Gesch\u00e4tzte Lesezeit":"3\u00a0Minuten"},"schema":{"@context":"https:\/\/schema.org","@graph":[{"@type":"Article","@id":"https:\/\/www.sonnenseite.com\/de\/wirtschaft\/modellkommunen-fr-die-umsetzung-der-wrmewende-gesucht\/#article","isPartOf":{"@id":"https:\/\/www.sonnenseite.com\/de\/wirtschaft\/modellkommunen-fr-die-umsetzung-der-wrmewende-gesucht\/"},"author":{"name":"sbade","@id":"https:\/\/www.sonnenseite.com\/de\/#\/schema\/person\/6df44691cd9a70d99e140e1116ee8771"},"headline":"Modellkommunen f\u00fcr die Umsetzung der W\u00e4rmewende gesucht","datePublished":"2020-02-05T23:45:00+00:00","mainEntityOfPage":{"@id":"https:\/\/www.sonnenseite.com\/de\/wirtschaft\/modellkommunen-fr-die-umsetzung-der-wrmewende-gesucht\/"},"wordCount":583,"publisher":{"@id":"https:\/\/www.sonnenseite.com\/de\/#organization"},"image":{"@id":"https:\/\/www.sonnenseite.com\/de\/wirtschaft\/modellkommunen-fr-die-umsetzung-der-wrmewende-gesucht\/#primaryimage"},"thumbnailUrl":"https:\/\/www.sonnenseite.com\/wp-content\/uploads\/2020\/02\/biogasanlage_JuergenFaelchle.jpg","articleSection":["Wirtschaft"],"inLanguage":"de"},{"@type":"WebPage","@id":"https:\/\/www.sonnenseite.com\/de\/wirtschaft\/modellkommunen-fr-die-umsetzung-der-wrmewende-gesucht\/","url":"https:\/\/www.sonnenseite.com\/de\/wirtschaft\/modellkommunen-fr-die-umsetzung-der-wrmewende-gesucht\/","name":"Modellkommunen f\u00fcr die Umsetzung der W\u00e4rmewende gesucht - Sonnenseite - \u00d6kologische Kommunikation mit Franz Alt","isPartOf":{"@id":"https:\/\/www.sonnenseite.com\/de\/#website"},"primaryImageOfPage":{"@id":"https:\/\/www.sonnenseite.com\/de\/wirtschaft\/modellkommunen-fr-die-umsetzung-der-wrmewende-gesucht\/#primaryimage"},"image":{"@id":"https:\/\/www.sonnenseite.com\/de\/wirtschaft\/modellkommunen-fr-die-umsetzung-der-wrmewende-gesucht\/#primaryimage"},"thumbnailUrl":"https:\/\/www.sonnenseite.com\/wp-content\/uploads\/2020\/02\/biogasanlage_JuergenFaelchle.jpg","datePublished":"2020-02-05T23:45:00+00:00","description":"Kommunen werden fachlich und kommunikativ bei der W&auml;rmeplanung begleitet und profitieren vom Erfahrungsaustausch. St&auml;dte, Gemeinden und","breadcrumb":{"@id":"https:\/\/www.sonnenseite.com\/de\/wirtschaft\/modellkommunen-fr-die-umsetzung-der-wrmewende-gesucht\/#breadcrumb"},"inLanguage":"de","potentialAction":[{"@type":"ReadAction","target":["https:\/\/www.sonnenseite.com\/de\/wirtschaft\/modellkommunen-fr-die-umsetzung-der-wrmewende-gesucht\/"]}]},{"@type":"ImageObject","inLanguage":"de","@id":"https:\/\/www.sonnenseite.com\/de\/wirtschaft\/modellkommunen-fr-die-umsetzung-der-wrmewende-gesucht\/#primaryimage","url":"https:\/\/www.sonnenseite.com\/wp-content\/uploads\/2020\/02\/biogasanlage_JuergenFaelchle.jpg","contentUrl":"https:\/\/www.sonnenseite.com\/wp-content\/uploads\/2020\/02\/biogasanlage_JuergenFaelchle.jpg","width":770,"height":420,"caption":"Fotolia.com | J\u00fcrgen F\u00e4lchle"},{"@type":"BreadcrumbList","@id":"https:\/\/www.sonnenseite.com\/de\/wirtschaft\/modellkommunen-fr-die-umsetzung-der-wrmewende-gesucht\/#breadcrumb","itemListElement":[{"@type":"ListItem","position":1,"name":"Startseite","item":"https:\/\/www.sonnenseite.com\/de\/"},{"@type":"ListItem","position":2,"name":"Modellkommunen f\u00fcr die Umsetzung der W\u00e4rmewende gesucht"}]},{"@type":"WebSite","@id":"https:\/\/www.sonnenseite.com\/de\/#website","url":"https:\/\/www.sonnenseite.com\/de\/","name":"Sonnenseite","description":"\u00d6kologische Kommunikation mit Franz Alt","publisher":{"@id":"https:\/\/www.sonnenseite.com\/de\/#organization"},"potentialAction":[{"@type":"SearchAction","target":{"@type":"EntryPoint","urlTemplate":"https:\/\/www.sonnenseite.com\/de\/?s={search_term_string}"},"query-input":{"@type":"PropertyValueSpecification","valueRequired":true,"valueName":"search_term_string"}}],"inLanguage":"de"},{"@type":"Organization","@id":"https:\/\/www.sonnenseite.com\/de\/#organization","name":"Sonnenseite","url":"https:\/\/www.sonnenseite.com\/de\/","logo":{"@type":"ImageObject","inLanguage":"de","@id":"https:\/\/www.sonnenseite.com\/de\/#\/schema\/logo\/image\/","url":"https:\/\/www.sonnenseite.com\/wp-content\/uploads\/2020\/05\/Sonnenseite_Logo.png","contentUrl":"https:\/\/www.sonnenseite.com\/wp-content\/uploads\/2020\/05\/Sonnenseite_Logo.png","width":377,"height":90,"caption":"Sonnenseite"},"image":{"@id":"https:\/\/www.sonnenseite.com\/de\/#\/schema\/logo\/image\/"},"sameAs":["https:\/\/www.facebook.com\/pages\/Franz-Alt-SONNENSEITECOM\/221072987903953?fref=ts","https:\/\/x.com\/franzalt","http:\/\/www.youtube.com\/results?search_query&amp;amp;quot;franz_alt&amp;amp;quot;&amp;amp;amp;amp;search_type&amp;amp;amp;amp;aq=f"]},{"@type":"Person","@id":"https:\/\/www.sonnenseite.com\/de\/#\/schema\/person\/6df44691cd9a70d99e140e1116ee8771","name":"sbade","sameAs":["https:\/\/www.sonnenseite.com"]}]}},"_links":{"self":[{"href":"https:\/\/www.sonnenseite.com\/de\/wp-json\/wp\/v2\/posts\/3471","targetHints":{"allow":["GET"]}}],"collection":[{"href":"https:\/\/www.sonnenseite.com\/de\/wp-json\/wp\/v2\/posts"}],"about":[{"href":"https:\/\/www.sonnenseite.com\/de\/wp-json\/wp\/v2\/types\/post"}],"author":[{"embeddable":true,"href":"https:\/\/www.sonnenseite.com\/de\/wp-json\/wp\/v2\/users\/1"}],"replies":[{"embeddable":true,"href":"https:\/\/www.sonnenseite.com\/de\/wp-json\/wp\/v2\/comments?post=3471"}],"version-history":[{"count":0,"href":"https:\/\/www.sonnenseite.com\/de\/wp-json\/wp\/v2\/posts\/3471\/revisions"}],"wp:featuredmedia":[{"embeddable":true,"href":"https:\/\/www.sonnenseite.com\/de\/wp-json\/wp\/v2\/media\/3465"}],"wp:attachment":[{"href":"https:\/\/www.sonnenseite.com\/de\/wp-json\/wp\/v2\/media?parent=3471"}],"wp:term":[{"taxonomy":"category","embeddable":true,"href":"https:\/\/www.sonnenseite.com\/de\/wp-json\/wp\/v2\/categories?post=3471"},{"taxonomy":"post_tag","embeddable":true,"href":"https:\/\/www.sonnenseite.com\/de\/wp-json\/wp\/v2\/tags?post=3471"}],"curies":[{"name":"wp","href":"https:\/\/api.w.org\/{rel}","templated":true}]}}