{"id":35411,"date":"2016-07-22T09:56:22","date_gmt":"2016-07-22T07:56:22","guid":{"rendered":"https:\/\/www.sonnenseite.com\/mobilitaet\/bamberger-psychologen-untersuchen-vorurteile-gegenueber-e-mobilitaet.html"},"modified":"2016-07-22T09:56:22","modified_gmt":"2016-07-22T07:56:22","slug":"bamberger-psychologen-untersuchen-vorurteile-gegenueber-e-mobilitaet","status":"publish","type":"post","link":"https:\/\/www.sonnenseite.com\/de\/mobilitaet\/bamberger-psychologen-untersuchen-vorurteile-gegenueber-e-mobilitaet\/","title":{"rendered":"Bamberger Psychologen untersuchen Vorurteile gegen\u00fcber E-Mobilit\u00e4t"},"content":{"rendered":"<p>Mehr Akzeptanz von E-Autos durch Schnellladetechnologie<\/p>\n<p> <!--more--> <\/p>\n<div class=\"news-text-wrap\">\n<p>Eine  Million E-Autos m&ouml;chte Bundeskanzlerin Angela Merkel bis im Jahr 2020  auf deutschen Stra&szlig;en in Betrieb sehen. Bislang sind es allerdings weit  weniger. Welche Vorbehalte Autofahrerinnen und Autofahrer haben und wie  diese &uuml;berwunden werden k&ouml;nnen, untersuchten nun Bamberger Psychologen.<\/p>\n<p>Wenn  die Sommerferien starten, wird es auf den deutschen Autobahnen voll.  Kilometerlange Staus auf den Stra&szlig;en in den S&uuml;den tr&uuml;ben die Vorfreude  auf den lang ersehnten Sommerurlaub. Dicke Abgaswolken liegen dann &uuml;ber  der Blechlawine. So mancher tr&auml;umt da von einem umweltfreundlicheren  Verkehrsmittel. <\/p>\n<p>Doch E-Autos werden bislang bei den meisten Autofahrerinnen und  -fahrern eher weniger als Alternative wahrgenommen, sagt Fabian Gebauer  vom Lehrstuhl f&uuml;r Allgemeine Psychologie an der Universit&auml;t Bamberg. In  einer Studie besch&auml;ftigte sich der Doktorand gemeinsam mit  Lehrstuhlinhaber Prof. Dr. Claus-Christian Carbon mit der Frage, wie die  Akzeptanz dieser modernen Technik erh&ouml;ht werden kann. Untersucht haben  die beiden Experimentalpsychologen und ihr Team in Zusammenarbeit mit  der BMW AG M&uuml;nchen dabei vor allem, ob Erfahrungen mit der neuen  Schnellladetechnologie bei potenziellen Nutzerinnen und Nutzern von  E-Autos zu einem Einstellungswandel f&uuml;hren. In ihrer Studie best&auml;tigten  die beiden, dass durch aktives Erleben von E-Mobilit&auml;t etwaige  Vorbehalte fallen k&ouml;nnen.  <\/p>\n<p>Vorurteile gegen&uuml;ber E-Autos seien nach wie vor keine Seltenheit,  sagt Gebauer, der die Studie parallel in M&uuml;nchen und Bamberg  durchf&uuml;hrte. &bdquo;Viele haben vor allem Bedenken, dass das Aufladen von  E-Autos sehr lange dauert und so nur begrenzte Strecken gefahren werden  k&ouml;nnen. Man spricht dabei auch von Reichweitenangst&ldquo;, erkl&auml;rt er. So  fuhren 2015 nur rund 19.000 Deutsche laut Kraftfahrt-Bundesamt ein  E-Auto. Damit liegt die Anzahl von E-Autos auf deutschen Stra&szlig;en noch  weit unter dem Ziel, dass Bundeskanzlerin Angela Merkel bis 2020  ausgegeben hat: Eine Million elektrische Autos sollen dann in  Deutschland gefahren werden.  <\/p>\n<p><strong>Experiment mit moderner Ladetechnologie<\/strong><\/p>\n<p>Gemeinsam mit der  BMW Welt in M&uuml;nchen, einem Erlebniszentrum der Automarke, nahmen die  Bamberger Forscherinnen und Forscher diese beiden Vorurteile in einem  Experiment unter die Lupe. Im Olympiapark an einer Schnellladestation  baten sie 62 Besucherinnen und Besucher der BMW Welt, ein E-Auto mit  einer 28 kWh Batterie und einer Reichweite von 160 Kilometern  aufzuladen.  <\/p>\n<p>Die eine H&auml;lfte der Testpersonen lud das E-Auto an einer neuen  sogenannten DC-Schnelllades&auml;ule auf &ndash; eine Technik, die erst kurz zuvor  die Markteinf&uuml;hrung durchlaufen hatte. Die neuen Ladestationen werden  mit Gleichstrom und einer Ladeleistung von bis zu 50 kW betrieben &ndash;  damit liegt die Ladezeit f&uuml;r ein E-Auto nur noch bei rund 30 Minuten. <\/p>\n<p>Die anderen Befragten wurden gebeten, eine konventionelle  Ladestation mit Wechselstrom zu verwenden. Die Ladezeiten liegen bei den  &auml;lteren Stationen wesentlich h&ouml;her: Bis zu acht Stunden kann es an  einer solchen Ladestelle dauern, bis die Batterien vollgeladen sind. Vor  und nach einer Ladung befragten die Forscherinnen und Forscher die  Testpersonen beider Gruppen zur Zukunftsf&auml;higkeit von E-Mobilit&auml;t. In  den Befragungen zeigte sich ein deutlicher Einstellungswandel: Die  Befragten, die die Schnellladetechnologie genutzt hatten, waren nach dem  aktiven Erleben deutlich zuversichtlicher als zuvor, dass E-Mobilit&auml;t  eine zukunftsf&auml;hige Technologie sei. <\/p>\n<p>Zus&auml;tzlich zum Feldexperiment f&uuml;hrten Gebauer und Carbon auch  Befragungen an einer Kontrollgruppe durch. 62 Testpersonen in Bamberg  wurde wiederum in zwei parallele Gruppen aufgeteilt, die wiederum die  gleichen Grundinformationen &uuml;ber schnelle beziehungsweise langsame  Ladetechnik erhielten. Diese Informationen waren allerdings lediglich  als schriftliches Informationsmaterial aufbereitet. Zus&auml;tzlich erhielten  sie Fotos der Ladestationen und des Autos. &bdquo;Der einzige wesentliche  Unterschied war also, dass die Personen in der Experimentalgruppe den  Ladevorgang selbst steuerten und sie damit die M&ouml;glichkeit erhielten,  sich aktiv mit der modernen Ladetechnologie vertraut zu machen,&ldquo; erkl&auml;rt  Gebauer. <\/p>\n<p><strong>Eigene Erfahrungen bauen Vorurteile ab<\/strong><\/p>\n<p>Zeigten sich zuvor  beim aktiven Laden noch positive Ver&auml;nderungen in der Gruppe der  Schnellladebedingung, konnten diese nicht mehr festgestellt werden,  sobald nur noch Informationen aber keine praktischen Erfahrungen mehr  gesammelt wurden. Allein die Darstellung von Informationen &uuml;ber neue  Ladetechniken sind somit nicht hinreichend, um einen Einstellungswandel  herbeif&uuml;hren zu k&ouml;nnen. Das Fazit von Carbon: &bdquo;Wenn man das schnelle  Laden von E-Autos selbst einmal hautnah erlebt hat, fallen die typischen  Vorbehalte gegen&uuml;ber E-Mobilit&auml;t.&ldquo;  <\/p>\n<p><strong>Handlungsempfehlung f&uuml;r die Praxis<\/strong><\/p>\n<p>Diese Erkenntnisse  k&ouml;nnten in Zukunft eingesetzt werden, um mehr Menschen von den Vorz&uuml;gen  der E-Mobilit&auml;t zu &uuml;berzeugen. &bdquo;Hersteller von E-Autos sollten vermehrt  Testfahrten anbieten, um Barrieren und Vorurteile gegen&uuml;ber der neuen  Technik abzubauen. Gleichzeitig sollten sie weiter auf Innovation und  Weiterentwicklung in diesem Bereich setzen&ldquo;, empfiehlt Gebauer.  <\/p>\n<p>Gerade im Hinblick auf die &ouml;kologischen Herausforderungen der  Zukunft k&ouml;nne die E-Technologie so eine echte Alternative sein. &bdquo;Das  Erleben des Gef&uuml;hls, dass E-Autos ein umweltschonendes Verkehrsmittel  sind, hat das Potenzial, viele Autofahrerinnen und -fahrer zum Umdenken  zu bewegen&ldquo;, sagt Gebauer. Damit k&ouml;nnte das aktive Erfahren einen  wichtigen Beitrag leisten, den Markt f&uuml;r E-Fahrzeuge deutlich zu  vergr&ouml;&szlig;ern, den Automobilherstellern attraktivere Zukunftsperspektiven  f&uuml;r E-Technik zu schaffen, die Luftqualit&auml;t zu verbessern und dar&uuml;ber  hinaus dem Ziel der Bundeskanzlerin ein wenig n&auml;her zu kommen.<\/p>\n<\/p><\/div>\n<div class=\"article-images\"><img loading=\"lazy\" decoding=\"async\" width=\"640\" height=\"349\" src=\"https:\/\/www.sonnenseite.com\/wp-content\/uploads\/2016\/07\/Autobahn_ThReinhardt.jpg\" class=\"alignleft\" alt=\"pixelio.de | ThReinhardt | Kaum ein Urlaubsreisender ist mit E-Auto unterwegs.\" srcset=\"https:\/\/www.sonnenseite.com\/wp-content\/uploads\/2016\/07\/Autobahn_ThReinhardt.jpg 770w, https:\/\/www.sonnenseite.com\/wp-content\/uploads\/2016\/07\/Autobahn_ThReinhardt-300x164.jpg 300w, https:\/\/www.sonnenseite.com\/wp-content\/uploads\/2016\/07\/Autobahn_ThReinhardt-768x419.jpg 768w\" sizes=\"auto, (max-width: 640px) 100vw, 640px\" \/><\/div>\n<h5 class=\"green\">Quelle<\/h5>\n<p><a href=\"https:\/\/www.uni-bamberg.de\" target=\"_blank\" rel=\"noopener noreferrer\">Universit&auml;t Bamberg 2016<\/a><\/p>\n<div class=\"shariff shariff-align-flex-start shariff-widget-align-flex-start\"><div class=\"ShariffHeadline\">Diese Meldung teilen<\/div><ul class=\"shariff-buttons theme-round orientation-horizontal buttonsize-medium\"><li class=\"shariff-button facebook shariff-nocustomcolor\" style=\"background-color:#4273c8;border-radius:1%\"><a href=\"https:\/\/www.facebook.com\/sharer\/sharer.php?u=https%3A%2F%2Fwww.sonnenseite.com%2Fde%2Fmobilitaet%2Fbamberger-psychologen-untersuchen-vorurteile-gegenueber-e-mobilitaet%2F\" title=\"Bei Facebook teilen\" aria-label=\"Bei Facebook teilen\" role=\"button\" rel=\"nofollow\" class=\"shariff-link\" style=\";border-radius:1%; background-color:#3b5998; color:#fff\" target=\"_blank\"><span class=\"shariff-icon\" style=\"\"><svg width=\"32px\" height=\"20px\" xmlns=\"http:\/\/www.w3.org\/2000\/svg\" viewBox=\"0 0 18 32\"><path fill=\"#3b5998\" d=\"M17.1 0.2v4.7h-2.8q-1.5 0-2.1 0.6t-0.5 1.9v3.4h5.2l-0.7 5.3h-4.5v13.6h-5.5v-13.6h-4.5v-5.3h4.5v-3.9q0-3.3 1.9-5.2t5-1.8q2.6 0 4.1 0.2z\"\/><\/svg><\/span><\/a><\/li><li class=\"shariff-button twitter shariff-nocustomcolor\" style=\"background-color:#595959;border-radius:1%\"><a href=\"https:\/\/twitter.com\/share?url=https%3A%2F%2Fwww.sonnenseite.com%2Fde%2Fmobilitaet%2Fbamberger-psychologen-untersuchen-vorurteile-gegenueber-e-mobilitaet%2F&text=Bamberger%20Psychologen%20untersuchen%20Vorurteile%20gegen%C3%BCber%20E-Mobilit%C3%A4t\" title=\"Bei X teilen\" aria-label=\"Bei X teilen\" role=\"button\" rel=\"noopener nofollow\" class=\"shariff-link\" style=\";border-radius:1%; background-color:#000; color:#fff\" target=\"_blank\"><span class=\"shariff-icon\" style=\"\"><svg width=\"32px\" height=\"20px\" xmlns=\"http:\/\/www.w3.org\/2000\/svg\" viewBox=\"0 0 24 24\"><path fill=\"#000\" d=\"M14.258 10.152L23.176 0h-2.113l-7.747 8.813L7.133 0H0l9.352 13.328L0 23.973h2.113l8.176-9.309 6.531 9.309h7.133zm-2.895 3.293l-.949-1.328L2.875 1.56h3.246l6.086 8.523.945 1.328 7.91 11.078h-3.246zm0 0\"\/><\/svg><\/span><\/a><\/li><li class=\"shariff-button xing shariff-nocustomcolor\" style=\"background-color:#29888a;border-radius:1%\"><a href=\"https:\/\/www.xing.com\/spi\/shares\/new?url=https%3A%2F%2Fwww.sonnenseite.com%2Fde%2Fmobilitaet%2Fbamberger-psychologen-untersuchen-vorurteile-gegenueber-e-mobilitaet%2F\" title=\"Bei XING teilen\" aria-label=\"Bei XING teilen\" role=\"button\" rel=\"noopener nofollow\" class=\"shariff-link\" style=\";border-radius:1%; background-color:#126567; color:#fff\" target=\"_blank\"><span class=\"shariff-icon\" style=\"\"><svg width=\"32px\" height=\"20px\" xmlns=\"http:\/\/www.w3.org\/2000\/svg\" viewBox=\"0 0 25 32\"><path fill=\"#126567\" d=\"M10.7 11.9q-0.2 0.3-4.6 8.2-0.5 0.8-1.2 0.8h-4.3q-0.4 0-0.5-0.3t0-0.6l4.5-8q0 0 0 0l-2.9-5q-0.2-0.4 0-0.7 0.2-0.3 0.5-0.3h4.3q0.7 0 1.2 0.8zM25.1 0.4q0.2 0.3 0 0.7l-9.4 16.7 6 11q0.2 0.4 0 0.6-0.2 0.3-0.6 0.3h-4.3q-0.7 0-1.2-0.8l-6-11.1q0.3-0.6 9.5-16.8 0.4-0.8 1.2-0.8h4.3q0.4 0 0.5 0.3z\"\/><\/svg><\/span><\/a><\/li><li class=\"shariff-button linkedin shariff-nocustomcolor\" style=\"background-color:#1488bf;border-radius:1%\"><a href=\"https:\/\/www.linkedin.com\/sharing\/share-offsite\/?url=https%3A%2F%2Fwww.sonnenseite.com%2Fde%2Fmobilitaet%2Fbamberger-psychologen-untersuchen-vorurteile-gegenueber-e-mobilitaet%2F\" title=\"Bei LinkedIn teilen\" aria-label=\"Bei LinkedIn teilen\" role=\"button\" rel=\"noopener nofollow\" class=\"shariff-link\" style=\";border-radius:1%; background-color:#0077b5; color:#fff\" target=\"_blank\"><span class=\"shariff-icon\" style=\"\"><svg width=\"32px\" height=\"20px\" xmlns=\"http:\/\/www.w3.org\/2000\/svg\" viewBox=\"0 0 27 32\"><path fill=\"#0077b5\" d=\"M6.2 11.2v17.7h-5.9v-17.7h5.9zM6.6 5.7q0 1.3-0.9 2.2t-2.4 0.9h0q-1.5 0-2.4-0.9t-0.9-2.2 0.9-2.2 2.4-0.9 2.4 0.9 0.9 2.2zM27.4 18.7v10.1h-5.9v-9.5q0-1.9-0.7-2.9t-2.3-1.1q-1.1 0-1.9 0.6t-1.2 1.5q-0.2 0.5-0.2 1.4v9.9h-5.9q0-7.1 0-11.6t0-5.3l0-0.9h5.9v2.6h0q0.4-0.6 0.7-1t1-0.9 1.6-0.8 2-0.3q3 0 4.9 2t1.9 6z\"\/><\/svg><\/span><\/a><\/li><li class=\"shariff-button printer shariff-nocustomcolor\" style=\"background-color:#a8a8a8;border-radius:1%\"><a href=\"javascript:window.print()\" title=\"drucken\" aria-label=\"drucken\" role=\"button\" rel=\"noopener nofollow\" class=\"shariff-link\" style=\";border-radius:1%; background-color:#999; color:#fff\"><span class=\"shariff-icon\" style=\"\"><svg width=\"32px\" height=\"20px\" xmlns=\"http:\/\/www.w3.org\/2000\/svg\" viewBox=\"0 0 30 32\"><path fill=\"#999\" d=\"M6.8 27.4h16v-4.6h-16v4.6zM6.8 16h16v-6.8h-2.8q-0.7 0-1.2-0.5t-0.5-1.2v-2.8h-11.4v11.4zM27.4 17.2q0-0.5-0.3-0.8t-0.8-0.4-0.8 0.4-0.3 0.8 0.3 0.8 0.8 0.3 0.8-0.3 0.3-0.8zM29.7 17.2v7.4q0 0.2-0.2 0.4t-0.4 0.2h-4v2.8q0 0.7-0.5 1.2t-1.2 0.5h-17.2q-0.7 0-1.2-0.5t-0.5-1.2v-2.8h-4q-0.2 0-0.4-0.2t-0.2-0.4v-7.4q0-1.4 1-2.4t2.4-1h1.2v-9.7q0-0.7 0.5-1.2t1.2-0.5h12q0.7 0 1.6 0.4t1.3 0.8l2.7 2.7q0.5 0.5 0.9 1.4t0.4 1.6v4.6h1.1q1.4 0 2.4 1t1 2.4z\"\/><\/svg><\/span><\/a><\/li><li class=\"shariff-button mailto shariff-nocustomcolor\" style=\"background-color:#a8a8a8;border-radius:1%\"><a href=\"mailto:?body=https%3A%2F%2Fwww.sonnenseite.com%2Fde%2Fmobilitaet%2Fbamberger-psychologen-untersuchen-vorurteile-gegenueber-e-mobilitaet%2F&subject=Bamberger%20Psychologen%20untersuchen%20Vorurteile%20gegen%C3%BCber%20E-Mobilit%C3%A4t\" title=\"Per E-Mail versenden\" aria-label=\"Per E-Mail versenden\" role=\"button\" rel=\"noopener nofollow\" class=\"shariff-link\" style=\";border-radius:1%; background-color:#999; color:#fff\"><span class=\"shariff-icon\" style=\"\"><svg width=\"32px\" height=\"20px\" xmlns=\"http:\/\/www.w3.org\/2000\/svg\" viewBox=\"0 0 32 32\"><path fill=\"#999\" d=\"M32 12.7v14.2q0 1.2-0.8 2t-2 0.9h-26.3q-1.2 0-2-0.9t-0.8-2v-14.2q0.8 0.9 1.8 1.6 6.5 4.4 8.9 6.1 1 0.8 1.6 1.2t1.7 0.9 2 0.4h0.1q0.9 0 2-0.4t1.7-0.9 1.6-1.2q3-2.2 8.9-6.1 1-0.7 1.8-1.6zM32 7.4q0 1.4-0.9 2.7t-2.2 2.2q-6.7 4.7-8.4 5.8-0.2 0.1-0.7 0.5t-1 0.7-0.9 0.6-1.1 0.5-0.9 0.2h-0.1q-0.4 0-0.9-0.2t-1.1-0.5-0.9-0.6-1-0.7-0.7-0.5q-1.6-1.1-4.7-3.2t-3.6-2.6q-1.1-0.7-2.1-2t-1-2.5q0-1.4 0.7-2.3t2.1-0.9h26.3q1.2 0 2 0.8t0.9 2z\"\/><\/svg><\/span><\/a><\/li><\/ul><\/div>","protected":false},"excerpt":{"rendered":"<p>Mehr Akzeptanz von E-Autos durch Schnellladetechnologie<\/p>\n","protected":false},"author":1,"featured_media":25108,"comment_status":"closed","ping_status":"closed","sticky":false,"template":"","format":"standard","meta":{"inline_featured_image":false,"footnotes":""},"categories":[25],"tags":[],"class_list":["post-35411","post","type-post","status-publish","format-standard","has-post-thumbnail","hentry","category-mobilitaet"],"yoast_head":"<!-- This site is optimized with the Yoast SEO plugin v26.5 - https:\/\/yoast.com\/wordpress\/plugins\/seo\/ -->\n<title>Bamberger Psychologen untersuchen Vorurteile gegen\u00fcber E-Mobilit\u00e4t - Sonnenseite - \u00d6kologische Kommunikation mit Franz Alt<\/title>\n<meta name=\"description\" content=\"Mehr Akzeptanz von E-Autos durch Schnellladetechnologie Eine Million E-Autos m&ouml;chte Bundeskanzlerin Angela Merkel bis im Jahr 2020 auf deutschen\" \/>\n<meta name=\"robots\" content=\"index, follow, max-snippet:-1, max-image-preview:large, max-video-preview:-1\" \/>\n<link rel=\"canonical\" href=\"https:\/\/www.sonnenseite.com\/de\/mobilitaet\/bamberger-psychologen-untersuchen-vorurteile-gegenueber-e-mobilitaet\/\" \/>\n<meta property=\"og:locale\" content=\"de_DE\" \/>\n<meta property=\"og:type\" content=\"article\" \/>\n<meta property=\"og:title\" content=\"Bamberger Psychologen untersuchen Vorurteile gegen\u00fcber E-Mobilit\u00e4t - Sonnenseite - \u00d6kologische Kommunikation mit Franz Alt\" \/>\n<meta property=\"og:description\" content=\"Mehr Akzeptanz von E-Autos durch Schnellladetechnologie Eine Million E-Autos m&ouml;chte Bundeskanzlerin Angela Merkel bis im Jahr 2020 auf deutschen\" \/>\n<meta property=\"og:url\" content=\"https:\/\/www.sonnenseite.com\/de\/mobilitaet\/bamberger-psychologen-untersuchen-vorurteile-gegenueber-e-mobilitaet\/\" \/>\n<meta property=\"og:site_name\" content=\"Sonnenseite\" \/>\n<meta property=\"article:publisher\" content=\"https:\/\/www.facebook.com\/pages\/Franz-Alt-SONNENSEITECOM\/221072987903953?fref=ts\" \/>\n<meta property=\"article:published_time\" content=\"2016-07-22T07:56:22+00:00\" \/>\n<meta property=\"og:image\" content=\"https:\/\/www.sonnenseite.com\/wp-content\/uploads\/2017\/08\/E_Auto_Schild_leskas.jpg\" \/>\n\t<meta property=\"og:image:width\" content=\"770\" \/>\n\t<meta property=\"og:image:height\" content=\"420\" \/>\n\t<meta property=\"og:image:type\" content=\"image\/jpeg\" \/>\n<meta name=\"author\" content=\"sbade\" \/>\n<meta name=\"twitter:card\" content=\"summary_large_image\" \/>\n<meta name=\"twitter:creator\" content=\"@franzalt\" \/>\n<meta name=\"twitter:site\" content=\"@franzalt\" \/>\n<meta name=\"twitter:label1\" content=\"Verfasst von\" \/>\n\t<meta name=\"twitter:data1\" content=\"sbade\" \/>\n\t<meta name=\"twitter:label2\" content=\"Gesch\u00e4tzte Lesezeit\" \/>\n\t<meta name=\"twitter:data2\" content=\"4\u00a0Minuten\" \/>\n<script type=\"application\/ld+json\" class=\"yoast-schema-graph\">{\"@context\":\"https:\/\/schema.org\",\"@graph\":[{\"@type\":\"Article\",\"@id\":\"https:\/\/www.sonnenseite.com\/de\/mobilitaet\/bamberger-psychologen-untersuchen-vorurteile-gegenueber-e-mobilitaet\/#article\",\"isPartOf\":{\"@id\":\"https:\/\/www.sonnenseite.com\/de\/mobilitaet\/bamberger-psychologen-untersuchen-vorurteile-gegenueber-e-mobilitaet\/\"},\"author\":{\"name\":\"sbade\",\"@id\":\"https:\/\/www.sonnenseite.com\/de\/#\/schema\/person\/6df44691cd9a70d99e140e1116ee8771\"},\"headline\":\"Bamberger Psychologen untersuchen Vorurteile gegen\u00fcber E-Mobilit\u00e4t\",\"datePublished\":\"2016-07-22T07:56:22+00:00\",\"mainEntityOfPage\":{\"@id\":\"https:\/\/www.sonnenseite.com\/de\/mobilitaet\/bamberger-psychologen-untersuchen-vorurteile-gegenueber-e-mobilitaet\/\"},\"wordCount\":906,\"publisher\":{\"@id\":\"https:\/\/www.sonnenseite.com\/de\/#organization\"},\"image\":{\"@id\":\"https:\/\/www.sonnenseite.com\/de\/mobilitaet\/bamberger-psychologen-untersuchen-vorurteile-gegenueber-e-mobilitaet\/#primaryimage\"},\"thumbnailUrl\":\"https:\/\/www.sonnenseite.com\/wp-content\/uploads\/2017\/08\/E_Auto_Schild_leskas.jpg\",\"articleSection\":[\"Mobilit\u00e4t\"],\"inLanguage\":\"de\"},{\"@type\":\"WebPage\",\"@id\":\"https:\/\/www.sonnenseite.com\/de\/mobilitaet\/bamberger-psychologen-untersuchen-vorurteile-gegenueber-e-mobilitaet\/\",\"url\":\"https:\/\/www.sonnenseite.com\/de\/mobilitaet\/bamberger-psychologen-untersuchen-vorurteile-gegenueber-e-mobilitaet\/\",\"name\":\"Bamberger Psychologen untersuchen Vorurteile gegen\u00fcber E-Mobilit\u00e4t - Sonnenseite - \u00d6kologische Kommunikation mit Franz Alt\",\"isPartOf\":{\"@id\":\"https:\/\/www.sonnenseite.com\/de\/#website\"},\"primaryImageOfPage\":{\"@id\":\"https:\/\/www.sonnenseite.com\/de\/mobilitaet\/bamberger-psychologen-untersuchen-vorurteile-gegenueber-e-mobilitaet\/#primaryimage\"},\"image\":{\"@id\":\"https:\/\/www.sonnenseite.com\/de\/mobilitaet\/bamberger-psychologen-untersuchen-vorurteile-gegenueber-e-mobilitaet\/#primaryimage\"},\"thumbnailUrl\":\"https:\/\/www.sonnenseite.com\/wp-content\/uploads\/2017\/08\/E_Auto_Schild_leskas.jpg\",\"datePublished\":\"2016-07-22T07:56:22+00:00\",\"description\":\"Mehr Akzeptanz von E-Autos durch Schnellladetechnologie Eine Million E-Autos m&ouml;chte Bundeskanzlerin Angela Merkel bis im Jahr 2020 auf deutschen\",\"breadcrumb\":{\"@id\":\"https:\/\/www.sonnenseite.com\/de\/mobilitaet\/bamberger-psychologen-untersuchen-vorurteile-gegenueber-e-mobilitaet\/#breadcrumb\"},\"inLanguage\":\"de\",\"potentialAction\":[{\"@type\":\"ReadAction\",\"target\":[\"https:\/\/www.sonnenseite.com\/de\/mobilitaet\/bamberger-psychologen-untersuchen-vorurteile-gegenueber-e-mobilitaet\/\"]}]},{\"@type\":\"ImageObject\",\"inLanguage\":\"de\",\"@id\":\"https:\/\/www.sonnenseite.com\/de\/mobilitaet\/bamberger-psychologen-untersuchen-vorurteile-gegenueber-e-mobilitaet\/#primaryimage\",\"url\":\"https:\/\/www.sonnenseite.com\/wp-content\/uploads\/2017\/08\/E_Auto_Schild_leskas.jpg\",\"contentUrl\":\"https:\/\/www.sonnenseite.com\/wp-content\/uploads\/2017\/08\/E_Auto_Schild_leskas.jpg\",\"width\":770,\"height\":420,\"caption\":\"Depositphotos | leskas\"},{\"@type\":\"BreadcrumbList\",\"@id\":\"https:\/\/www.sonnenseite.com\/de\/mobilitaet\/bamberger-psychologen-untersuchen-vorurteile-gegenueber-e-mobilitaet\/#breadcrumb\",\"itemListElement\":[{\"@type\":\"ListItem\",\"position\":1,\"name\":\"Startseite\",\"item\":\"https:\/\/www.sonnenseite.com\/de\/\"},{\"@type\":\"ListItem\",\"position\":2,\"name\":\"Bamberger Psychologen untersuchen Vorurteile gegen\u00fcber E-Mobilit\u00e4t\"}]},{\"@type\":\"WebSite\",\"@id\":\"https:\/\/www.sonnenseite.com\/de\/#website\",\"url\":\"https:\/\/www.sonnenseite.com\/de\/\",\"name\":\"Sonnenseite\",\"description\":\"\u00d6kologische Kommunikation mit Franz Alt\",\"publisher\":{\"@id\":\"https:\/\/www.sonnenseite.com\/de\/#organization\"},\"potentialAction\":[{\"@type\":\"SearchAction\",\"target\":{\"@type\":\"EntryPoint\",\"urlTemplate\":\"https:\/\/www.sonnenseite.com\/de\/?s={search_term_string}\"},\"query-input\":{\"@type\":\"PropertyValueSpecification\",\"valueRequired\":true,\"valueName\":\"search_term_string\"}}],\"inLanguage\":\"de\"},{\"@type\":\"Organization\",\"@id\":\"https:\/\/www.sonnenseite.com\/de\/#organization\",\"name\":\"Sonnenseite\",\"url\":\"https:\/\/www.sonnenseite.com\/de\/\",\"logo\":{\"@type\":\"ImageObject\",\"inLanguage\":\"de\",\"@id\":\"https:\/\/www.sonnenseite.com\/de\/#\/schema\/logo\/image\/\",\"url\":\"https:\/\/www.sonnenseite.com\/wp-content\/uploads\/2020\/05\/Sonnenseite_Logo.png\",\"contentUrl\":\"https:\/\/www.sonnenseite.com\/wp-content\/uploads\/2020\/05\/Sonnenseite_Logo.png\",\"width\":377,\"height\":90,\"caption\":\"Sonnenseite\"},\"image\":{\"@id\":\"https:\/\/www.sonnenseite.com\/de\/#\/schema\/logo\/image\/\"},\"sameAs\":[\"https:\/\/www.facebook.com\/pages\/Franz-Alt-SONNENSEITECOM\/221072987903953?fref=ts\",\"https:\/\/x.com\/franzalt\",\"http:\/\/www.youtube.com\/results?search_query&amp;amp;quot;franz_alt&amp;amp;quot;&amp;amp;amp;amp;search_type&amp;amp;amp;amp;aq=f\"]},{\"@type\":\"Person\",\"@id\":\"https:\/\/www.sonnenseite.com\/de\/#\/schema\/person\/6df44691cd9a70d99e140e1116ee8771\",\"name\":\"sbade\",\"sameAs\":[\"https:\/\/www.sonnenseite.com\"]}]}<\/script>\n<!-- \/ Yoast SEO plugin. -->","yoast_head_json":{"title":"Bamberger Psychologen untersuchen Vorurteile gegen\u00fcber E-Mobilit\u00e4t - Sonnenseite - \u00d6kologische Kommunikation mit Franz Alt","description":"Mehr Akzeptanz von E-Autos durch Schnellladetechnologie Eine Million E-Autos m&ouml;chte Bundeskanzlerin Angela Merkel bis im Jahr 2020 auf deutschen","robots":{"index":"index","follow":"follow","max-snippet":"max-snippet:-1","max-image-preview":"max-image-preview:large","max-video-preview":"max-video-preview:-1"},"canonical":"https:\/\/www.sonnenseite.com\/de\/mobilitaet\/bamberger-psychologen-untersuchen-vorurteile-gegenueber-e-mobilitaet\/","og_locale":"de_DE","og_type":"article","og_title":"Bamberger Psychologen untersuchen Vorurteile gegen\u00fcber E-Mobilit\u00e4t - Sonnenseite - \u00d6kologische Kommunikation mit Franz Alt","og_description":"Mehr Akzeptanz von E-Autos durch Schnellladetechnologie Eine Million E-Autos m&ouml;chte Bundeskanzlerin Angela Merkel bis im Jahr 2020 auf deutschen","og_url":"https:\/\/www.sonnenseite.com\/de\/mobilitaet\/bamberger-psychologen-untersuchen-vorurteile-gegenueber-e-mobilitaet\/","og_site_name":"Sonnenseite","article_publisher":"https:\/\/www.facebook.com\/pages\/Franz-Alt-SONNENSEITECOM\/221072987903953?fref=ts","article_published_time":"2016-07-22T07:56:22+00:00","og_image":[{"width":770,"height":420,"url":"https:\/\/www.sonnenseite.com\/wp-content\/uploads\/2017\/08\/E_Auto_Schild_leskas.jpg","type":"image\/jpeg"}],"author":"sbade","twitter_card":"summary_large_image","twitter_creator":"@franzalt","twitter_site":"@franzalt","twitter_misc":{"Verfasst von":"sbade","Gesch\u00e4tzte Lesezeit":"4\u00a0Minuten"},"schema":{"@context":"https:\/\/schema.org","@graph":[{"@type":"Article","@id":"https:\/\/www.sonnenseite.com\/de\/mobilitaet\/bamberger-psychologen-untersuchen-vorurteile-gegenueber-e-mobilitaet\/#article","isPartOf":{"@id":"https:\/\/www.sonnenseite.com\/de\/mobilitaet\/bamberger-psychologen-untersuchen-vorurteile-gegenueber-e-mobilitaet\/"},"author":{"name":"sbade","@id":"https:\/\/www.sonnenseite.com\/de\/#\/schema\/person\/6df44691cd9a70d99e140e1116ee8771"},"headline":"Bamberger Psychologen untersuchen Vorurteile gegen\u00fcber E-Mobilit\u00e4t","datePublished":"2016-07-22T07:56:22+00:00","mainEntityOfPage":{"@id":"https:\/\/www.sonnenseite.com\/de\/mobilitaet\/bamberger-psychologen-untersuchen-vorurteile-gegenueber-e-mobilitaet\/"},"wordCount":906,"publisher":{"@id":"https:\/\/www.sonnenseite.com\/de\/#organization"},"image":{"@id":"https:\/\/www.sonnenseite.com\/de\/mobilitaet\/bamberger-psychologen-untersuchen-vorurteile-gegenueber-e-mobilitaet\/#primaryimage"},"thumbnailUrl":"https:\/\/www.sonnenseite.com\/wp-content\/uploads\/2017\/08\/E_Auto_Schild_leskas.jpg","articleSection":["Mobilit\u00e4t"],"inLanguage":"de"},{"@type":"WebPage","@id":"https:\/\/www.sonnenseite.com\/de\/mobilitaet\/bamberger-psychologen-untersuchen-vorurteile-gegenueber-e-mobilitaet\/","url":"https:\/\/www.sonnenseite.com\/de\/mobilitaet\/bamberger-psychologen-untersuchen-vorurteile-gegenueber-e-mobilitaet\/","name":"Bamberger Psychologen untersuchen Vorurteile gegen\u00fcber E-Mobilit\u00e4t - Sonnenseite - \u00d6kologische Kommunikation mit Franz Alt","isPartOf":{"@id":"https:\/\/www.sonnenseite.com\/de\/#website"},"primaryImageOfPage":{"@id":"https:\/\/www.sonnenseite.com\/de\/mobilitaet\/bamberger-psychologen-untersuchen-vorurteile-gegenueber-e-mobilitaet\/#primaryimage"},"image":{"@id":"https:\/\/www.sonnenseite.com\/de\/mobilitaet\/bamberger-psychologen-untersuchen-vorurteile-gegenueber-e-mobilitaet\/#primaryimage"},"thumbnailUrl":"https:\/\/www.sonnenseite.com\/wp-content\/uploads\/2017\/08\/E_Auto_Schild_leskas.jpg","datePublished":"2016-07-22T07:56:22+00:00","description":"Mehr Akzeptanz von E-Autos durch Schnellladetechnologie Eine Million E-Autos m&ouml;chte Bundeskanzlerin Angela Merkel bis im Jahr 2020 auf deutschen","breadcrumb":{"@id":"https:\/\/www.sonnenseite.com\/de\/mobilitaet\/bamberger-psychologen-untersuchen-vorurteile-gegenueber-e-mobilitaet\/#breadcrumb"},"inLanguage":"de","potentialAction":[{"@type":"ReadAction","target":["https:\/\/www.sonnenseite.com\/de\/mobilitaet\/bamberger-psychologen-untersuchen-vorurteile-gegenueber-e-mobilitaet\/"]}]},{"@type":"ImageObject","inLanguage":"de","@id":"https:\/\/www.sonnenseite.com\/de\/mobilitaet\/bamberger-psychologen-untersuchen-vorurteile-gegenueber-e-mobilitaet\/#primaryimage","url":"https:\/\/www.sonnenseite.com\/wp-content\/uploads\/2017\/08\/E_Auto_Schild_leskas.jpg","contentUrl":"https:\/\/www.sonnenseite.com\/wp-content\/uploads\/2017\/08\/E_Auto_Schild_leskas.jpg","width":770,"height":420,"caption":"Depositphotos | leskas"},{"@type":"BreadcrumbList","@id":"https:\/\/www.sonnenseite.com\/de\/mobilitaet\/bamberger-psychologen-untersuchen-vorurteile-gegenueber-e-mobilitaet\/#breadcrumb","itemListElement":[{"@type":"ListItem","position":1,"name":"Startseite","item":"https:\/\/www.sonnenseite.com\/de\/"},{"@type":"ListItem","position":2,"name":"Bamberger Psychologen untersuchen Vorurteile gegen\u00fcber E-Mobilit\u00e4t"}]},{"@type":"WebSite","@id":"https:\/\/www.sonnenseite.com\/de\/#website","url":"https:\/\/www.sonnenseite.com\/de\/","name":"Sonnenseite","description":"\u00d6kologische Kommunikation mit Franz Alt","publisher":{"@id":"https:\/\/www.sonnenseite.com\/de\/#organization"},"potentialAction":[{"@type":"SearchAction","target":{"@type":"EntryPoint","urlTemplate":"https:\/\/www.sonnenseite.com\/de\/?s={search_term_string}"},"query-input":{"@type":"PropertyValueSpecification","valueRequired":true,"valueName":"search_term_string"}}],"inLanguage":"de"},{"@type":"Organization","@id":"https:\/\/www.sonnenseite.com\/de\/#organization","name":"Sonnenseite","url":"https:\/\/www.sonnenseite.com\/de\/","logo":{"@type":"ImageObject","inLanguage":"de","@id":"https:\/\/www.sonnenseite.com\/de\/#\/schema\/logo\/image\/","url":"https:\/\/www.sonnenseite.com\/wp-content\/uploads\/2020\/05\/Sonnenseite_Logo.png","contentUrl":"https:\/\/www.sonnenseite.com\/wp-content\/uploads\/2020\/05\/Sonnenseite_Logo.png","width":377,"height":90,"caption":"Sonnenseite"},"image":{"@id":"https:\/\/www.sonnenseite.com\/de\/#\/schema\/logo\/image\/"},"sameAs":["https:\/\/www.facebook.com\/pages\/Franz-Alt-SONNENSEITECOM\/221072987903953?fref=ts","https:\/\/x.com\/franzalt","http:\/\/www.youtube.com\/results?search_query&amp;amp;quot;franz_alt&amp;amp;quot;&amp;amp;amp;amp;search_type&amp;amp;amp;amp;aq=f"]},{"@type":"Person","@id":"https:\/\/www.sonnenseite.com\/de\/#\/schema\/person\/6df44691cd9a70d99e140e1116ee8771","name":"sbade","sameAs":["https:\/\/www.sonnenseite.com"]}]}},"_links":{"self":[{"href":"https:\/\/www.sonnenseite.com\/de\/wp-json\/wp\/v2\/posts\/35411","targetHints":{"allow":["GET"]}}],"collection":[{"href":"https:\/\/www.sonnenseite.com\/de\/wp-json\/wp\/v2\/posts"}],"about":[{"href":"https:\/\/www.sonnenseite.com\/de\/wp-json\/wp\/v2\/types\/post"}],"author":[{"embeddable":true,"href":"https:\/\/www.sonnenseite.com\/de\/wp-json\/wp\/v2\/users\/1"}],"replies":[{"embeddable":true,"href":"https:\/\/www.sonnenseite.com\/de\/wp-json\/wp\/v2\/comments?post=35411"}],"version-history":[{"count":0,"href":"https:\/\/www.sonnenseite.com\/de\/wp-json\/wp\/v2\/posts\/35411\/revisions"}],"wp:featuredmedia":[{"embeddable":true,"href":"https:\/\/www.sonnenseite.com\/de\/wp-json\/wp\/v2\/media\/25108"}],"wp:attachment":[{"href":"https:\/\/www.sonnenseite.com\/de\/wp-json\/wp\/v2\/media?parent=35411"}],"wp:term":[{"taxonomy":"category","embeddable":true,"href":"https:\/\/www.sonnenseite.com\/de\/wp-json\/wp\/v2\/categories?post=35411"},{"taxonomy":"post_tag","embeddable":true,"href":"https:\/\/www.sonnenseite.com\/de\/wp-json\/wp\/v2\/tags?post=35411"}],"curies":[{"name":"wp","href":"https:\/\/api.w.org\/{rel}","templated":true}]}}