{"id":37003,"date":"2016-05-13T07:15:00","date_gmt":"2016-05-13T05:15:00","guid":{"rendered":"https:\/\/www.sonnenseite.com\/zukunft\/klaus-toepfer-abwaelzung-von-kosten-hat-konsequenzen.html"},"modified":"2016-05-13T07:15:00","modified_gmt":"2016-05-13T05:15:00","slug":"klaus-toepfer-abwaelzung-von-kosten-hat-konsequenzen","status":"publish","type":"post","link":"https:\/\/www.sonnenseite.com\/de\/zukunft\/klaus-toepfer-abwaelzung-von-kosten-hat-konsequenzen\/","title":{"rendered":"Klaus T\u00f6pfer: &#8222;Abw\u00e4lzung von Kosten hat Konsequenzen&#8220;"},"content":{"rendered":"<p>&#8222;Anstatt die Kosten unseres Wohlstands zu vermeiden, haben wir sie abgew&auml;lzt. Diese werden nun von anderen getragen, die daf&uuml;r gar nicht verantwortlich sind.&#8220;<\/p>\n<p> <!--more--> <\/p>\n<p>Zu diesem Schluss kommt der ehemalige Chef des  UN-Umweltprogramms, Klaus T&ouml;pfer, anl&auml;sslich der Er&ouml;ffnung der zweiten  <a href=\"http:\/\/fresach.org\" target=\"_blank\" rel=\"noopener noreferrer\">Europ&auml;ischen Toleranzgespr&auml;che im K&auml;rntner Bergdorf Fresach<\/a>. Angesichts der begrenzten Aufnahmef&auml;higkeit des Planeten pl&auml;diert er  daf&uuml;r, entschlossen gegen den Klimawandel zu k&auml;mpfen und warnt: &#8222;Wenn  nichts passiert, wird etwas passieren.&#8220; <\/p>\n<p class=\"FtxtP\">In seiner Keynote verwies der einstige oberste  Umweltsch&uuml;tzer auf die ethische Dimension des Klimawandels und gab zu  bedenken, dass Technik, die sich von Ethik losl&ouml;se, sich nie begrenzen  werde. &#8222;Wir sind &auml;u&szlig;erst pfadabh&auml;ngig, haben einen reduzierten  Handlungs- und Entscheidungsspielraum und leben in einem Diktat der  Kurzfristigkeit.&#8220; T&ouml;pfer untermauterte seine Analyse mit zahlreichen  Beispielen und gab Einblicke in seine achtj&auml;hrige Amtszeit als  UNDP-Exekutivdirektor in Nairobi.<\/p>\n<p class=\"FtxtP\"><strong>&#8222;Flucht ist kein Verbrechen&#8220;<\/strong><\/p>\n<p class=\"FtxtP\">Die Toleranzgespr&auml;che in Fresach stehen in diesem Jahr  unter dem Motto: &#8222;Die Grenzen Europas &#8211; Menschenrechte und die Folgen  des Klimawandels&#8220;. K&auml;rntens Landeshauptmann Peter Kaiser nutzte seine  Er&ouml;ffnungsrede, um auf die akute Fl&uuml;chtlingskrise aufmerksam zu machen.  &#8222;Flucht ist kein Verbrechen, sondern ein Menschenrecht. Eine Solidarit&auml;t  der Tat ist in Europa auf allen Ebenen gefragt&#8220;, denn Toleranz kenne  keine Grenzen. Eine grenzenlose Toleranz k&ouml;nne es jedoch auch nicht  geben. Leitmotiv m&uuml;sse sein, lebenswerte Bedingungen in allen Erdteilen  anzustreben und dort zu helfen, wo Hilfe n&ouml;tig und angebracht ist.  Kaiser verweist dabei auf die eklatante globale Ungleichheit und zitiert  aus der Studie der Hilfsorganisation Oxfam: &#8222;Die 62 reichsten Menschen  der Welt besitzen genauso viel wie die &auml;rmere H&auml;lfte der  Weltbev&ouml;lkerung.&#8220;<\/p>\n<p class=\"FtxtP\"><strong>&#8222;Europa hat Mitverantwortung&#8220;<\/strong><\/p>\n<p class=\"FtxtP\">Hannes Swoboda, Pr&auml;sident des Denk.Raum.Fresach, ging  in seiner Rede auf das allgegenw&auml;rtige Thema der Grenzschlie&szlig;ungen ein  und sagte, dass Europa nicht ohne Au&szlig;engrenzen auskomme. Eine  Gemeinschaft m&uuml;sse ihre Grenzen wahren. &#8222;Z&auml;une k&ouml;nnen Probleme jedoch  nicht l&ouml;sen. Um die Bedingungen der Menschen in Not zu verbessern,  d&uuml;rfen wir nicht immer auf andere verweisen, sondern m&uuml;ssen als Europ&auml;er  unseren Beitrag leisten, damit andere in Sicherheit, Frieden und  Wohlstand leben k&ouml;nnen. Wir m&uuml;ssen bereit sein, f&uuml;reinander da zu sein&#8220;,  so Swoboda. Europa sei nicht an allen &Uuml;beln der Welt schuld, habe aber  eine Mitverantwortung zu tragen, derer wir uns bewusst sein m&uuml;ssten.<\/p>\n<p class=\"FtxtP\"><strong>Gegen &#8222;Globalisierung der Gleichg&uuml;ltigkeit&#8220;<\/strong><\/p>\n<p class=\"FtxtP\">Neben der Politik ist es insbesondere auch die &ouml;rtliche  Geistlichkeit, der die Toleranzgespr&auml;che ein besonderes Anliegen sind.  &#8222;Wir wollen in Fresach einen Impuls setzen, indem wir Auswege und  Weichenstellungen er&ouml;rtern&#8220;, so Manfred Sauer, Evangelischer  Superintendent von K&auml;rnten und Osttirol. Wir m&uuml;ssen unsere Energie daf&uuml;r  einsetzen, um die Herausforderungen des Klimawandels und der  Fluchtbewegungen in Hoffnung und Zuversicht anzugehen. Denn schlie&szlig;lich  haben wir die Verantwortungen, dienend und helfend miteinander  umzugehen&#8220;, sagte Sauer. Di&ouml;zesanbischof Alois Schwaz zitierte Papst  Franziskus und stellte die Frage: &#8222;Was ist los mit Dir, Europa, Du  Verfechterin der Menschenrechte?&#8220; Die Toleranzgespr&auml;che in Fresach sieht  er als optimale Gelegenheit, um der &#8222;Globalisierung der  Gleichg&uuml;ltigkeit entgegenzutreten. Fresachs B&uuml;rgermeister Gerhard  Altziebler betonte in seiner Rede die Vielf&auml;ltigkeit von Toleranz und  verwies auf die gelebte &Ouml;kumene in seiner Gemeinde am Fu&szlig;e des Mirnock.<\/p>\n<p class=\"FtxtP\"><strong>Hochkar&auml;tiges Programm<\/strong><\/p>\n<p class=\"FtxtP\">Die Europ&auml;ischen Toleranzgespr&auml;che haben zum Ziel,  europ&auml;ische und globale Probleme zu diskutieren und L&ouml;sungsans&auml;tze zu  entwerfen. Politiker, Schriftsteller, K&uuml;nstler, Wissenschaftler und die  einheimische Bev&ouml;lkerung aus der Region treffen einander und treten in  Dialog. Die M&ouml;glichkeiten des pers&ouml;nlichen Austauschs auf der  dreit&auml;gigen Veranstaltung sind breit angelegt und reichen vom  Toleranzfr&uuml;hst&uuml;ck und Impulsreferaten &uuml;ber Podiumsdiskussionen,  Workshops und Konzerten bis zu einem Poetry Slam.<\/p>\n<h5 class=\"green\">Quelle<\/h5>\n<p><a href=\"http:\/\/www.pressetext.com\" target=\"_blank\" rel=\"noopener noreferrer\">pressetext.redaktion<\/a> | <a href=\"mailto:koeberl@pressetext.com\" target=\"_blank\" rel=\"noopener noreferrer\">Sebastian K&ouml;berl 2016<\/a><\/p>\n<div class=\"shariff shariff-align-flex-start shariff-widget-align-flex-start\"><div class=\"ShariffHeadline\">Diese Meldung teilen<\/div><ul class=\"shariff-buttons theme-round orientation-horizontal buttonsize-medium\"><li class=\"shariff-button facebook shariff-nocustomcolor\" style=\"background-color:#4273c8;border-radius:1%\"><a href=\"https:\/\/www.facebook.com\/sharer\/sharer.php?u=https%3A%2F%2Fwww.sonnenseite.com%2Fde%2Fzukunft%2Fklaus-toepfer-abwaelzung-von-kosten-hat-konsequenzen%2F\" title=\"Bei Facebook teilen\" aria-label=\"Bei Facebook teilen\" role=\"button\" rel=\"nofollow\" class=\"shariff-link\" style=\";border-radius:1%; background-color:#3b5998; color:#fff\" target=\"_blank\"><span class=\"shariff-icon\" style=\"\"><svg width=\"32px\" height=\"20px\" xmlns=\"http:\/\/www.w3.org\/2000\/svg\" viewBox=\"0 0 18 32\"><path fill=\"#3b5998\" d=\"M17.1 0.2v4.7h-2.8q-1.5 0-2.1 0.6t-0.5 1.9v3.4h5.2l-0.7 5.3h-4.5v13.6h-5.5v-13.6h-4.5v-5.3h4.5v-3.9q0-3.3 1.9-5.2t5-1.8q2.6 0 4.1 0.2z\"\/><\/svg><\/span><\/a><\/li><li class=\"shariff-button twitter shariff-nocustomcolor\" style=\"background-color:#595959;border-radius:1%\"><a href=\"https:\/\/twitter.com\/share?url=https%3A%2F%2Fwww.sonnenseite.com%2Fde%2Fzukunft%2Fklaus-toepfer-abwaelzung-von-kosten-hat-konsequenzen%2F&text=Klaus%20T%C3%B6pfer%3A%20%E2%80%9EAbw%C3%A4lzung%20von%20Kosten%20hat%20Konsequenzen%E2%80%9C\" title=\"Bei X teilen\" aria-label=\"Bei X teilen\" role=\"button\" rel=\"noopener nofollow\" class=\"shariff-link\" style=\";border-radius:1%; background-color:#000; color:#fff\" target=\"_blank\"><span class=\"shariff-icon\" style=\"\"><svg width=\"32px\" height=\"20px\" xmlns=\"http:\/\/www.w3.org\/2000\/svg\" viewBox=\"0 0 24 24\"><path fill=\"#000\" d=\"M14.258 10.152L23.176 0h-2.113l-7.747 8.813L7.133 0H0l9.352 13.328L0 23.973h2.113l8.176-9.309 6.531 9.309h7.133zm-2.895 3.293l-.949-1.328L2.875 1.56h3.246l6.086 8.523.945 1.328 7.91 11.078h-3.246zm0 0\"\/><\/svg><\/span><\/a><\/li><li class=\"shariff-button xing shariff-nocustomcolor\" style=\"background-color:#29888a;border-radius:1%\"><a href=\"https:\/\/www.xing.com\/spi\/shares\/new?url=https%3A%2F%2Fwww.sonnenseite.com%2Fde%2Fzukunft%2Fklaus-toepfer-abwaelzung-von-kosten-hat-konsequenzen%2F\" title=\"Bei XING teilen\" aria-label=\"Bei XING teilen\" role=\"button\" rel=\"noopener nofollow\" class=\"shariff-link\" style=\";border-radius:1%; background-color:#126567; color:#fff\" target=\"_blank\"><span class=\"shariff-icon\" style=\"\"><svg width=\"32px\" height=\"20px\" xmlns=\"http:\/\/www.w3.org\/2000\/svg\" viewBox=\"0 0 25 32\"><path fill=\"#126567\" d=\"M10.7 11.9q-0.2 0.3-4.6 8.2-0.5 0.8-1.2 0.8h-4.3q-0.4 0-0.5-0.3t0-0.6l4.5-8q0 0 0 0l-2.9-5q-0.2-0.4 0-0.7 0.2-0.3 0.5-0.3h4.3q0.7 0 1.2 0.8zM25.1 0.4q0.2 0.3 0 0.7l-9.4 16.7 6 11q0.2 0.4 0 0.6-0.2 0.3-0.6 0.3h-4.3q-0.7 0-1.2-0.8l-6-11.1q0.3-0.6 9.5-16.8 0.4-0.8 1.2-0.8h4.3q0.4 0 0.5 0.3z\"\/><\/svg><\/span><\/a><\/li><li class=\"shariff-button linkedin shariff-nocustomcolor\" style=\"background-color:#1488bf;border-radius:1%\"><a href=\"https:\/\/www.linkedin.com\/sharing\/share-offsite\/?url=https%3A%2F%2Fwww.sonnenseite.com%2Fde%2Fzukunft%2Fklaus-toepfer-abwaelzung-von-kosten-hat-konsequenzen%2F\" title=\"Bei LinkedIn teilen\" aria-label=\"Bei LinkedIn teilen\" role=\"button\" rel=\"noopener nofollow\" class=\"shariff-link\" style=\";border-radius:1%; background-color:#0077b5; color:#fff\" target=\"_blank\"><span class=\"shariff-icon\" style=\"\"><svg width=\"32px\" height=\"20px\" xmlns=\"http:\/\/www.w3.org\/2000\/svg\" viewBox=\"0 0 27 32\"><path fill=\"#0077b5\" d=\"M6.2 11.2v17.7h-5.9v-17.7h5.9zM6.6 5.7q0 1.3-0.9 2.2t-2.4 0.9h0q-1.5 0-2.4-0.9t-0.9-2.2 0.9-2.2 2.4-0.9 2.4 0.9 0.9 2.2zM27.4 18.7v10.1h-5.9v-9.5q0-1.9-0.7-2.9t-2.3-1.1q-1.1 0-1.9 0.6t-1.2 1.5q-0.2 0.5-0.2 1.4v9.9h-5.9q0-7.1 0-11.6t0-5.3l0-0.9h5.9v2.6h0q0.4-0.6 0.7-1t1-0.9 1.6-0.8 2-0.3q3 0 4.9 2t1.9 6z\"\/><\/svg><\/span><\/a><\/li><li class=\"shariff-button printer shariff-nocustomcolor\" style=\"background-color:#a8a8a8;border-radius:1%\"><a href=\"javascript:window.print()\" title=\"drucken\" aria-label=\"drucken\" role=\"button\" rel=\"noopener nofollow\" class=\"shariff-link\" style=\";border-radius:1%; background-color:#999; color:#fff\"><span class=\"shariff-icon\" style=\"\"><svg width=\"32px\" height=\"20px\" xmlns=\"http:\/\/www.w3.org\/2000\/svg\" viewBox=\"0 0 30 32\"><path fill=\"#999\" d=\"M6.8 27.4h16v-4.6h-16v4.6zM6.8 16h16v-6.8h-2.8q-0.7 0-1.2-0.5t-0.5-1.2v-2.8h-11.4v11.4zM27.4 17.2q0-0.5-0.3-0.8t-0.8-0.4-0.8 0.4-0.3 0.8 0.3 0.8 0.8 0.3 0.8-0.3 0.3-0.8zM29.7 17.2v7.4q0 0.2-0.2 0.4t-0.4 0.2h-4v2.8q0 0.7-0.5 1.2t-1.2 0.5h-17.2q-0.7 0-1.2-0.5t-0.5-1.2v-2.8h-4q-0.2 0-0.4-0.2t-0.2-0.4v-7.4q0-1.4 1-2.4t2.4-1h1.2v-9.7q0-0.7 0.5-1.2t1.2-0.5h12q0.7 0 1.6 0.4t1.3 0.8l2.7 2.7q0.5 0.5 0.9 1.4t0.4 1.6v4.6h1.1q1.4 0 2.4 1t1 2.4z\"\/><\/svg><\/span><\/a><\/li><li class=\"shariff-button mailto shariff-nocustomcolor\" style=\"background-color:#a8a8a8;border-radius:1%\"><a href=\"mailto:?body=https%3A%2F%2Fwww.sonnenseite.com%2Fde%2Fzukunft%2Fklaus-toepfer-abwaelzung-von-kosten-hat-konsequenzen%2F&subject=Klaus%20T%C3%B6pfer%3A%20%E2%80%9EAbw%C3%A4lzung%20von%20Kosten%20hat%20Konsequenzen%E2%80%9C\" title=\"Per E-Mail versenden\" aria-label=\"Per E-Mail versenden\" role=\"button\" rel=\"noopener nofollow\" class=\"shariff-link\" style=\";border-radius:1%; background-color:#999; color:#fff\"><span class=\"shariff-icon\" style=\"\"><svg width=\"32px\" height=\"20px\" xmlns=\"http:\/\/www.w3.org\/2000\/svg\" viewBox=\"0 0 32 32\"><path fill=\"#999\" d=\"M32 12.7v14.2q0 1.2-0.8 2t-2 0.9h-26.3q-1.2 0-2-0.9t-0.8-2v-14.2q0.8 0.9 1.8 1.6 6.5 4.4 8.9 6.1 1 0.8 1.6 1.2t1.7 0.9 2 0.4h0.1q0.9 0 2-0.4t1.7-0.9 1.6-1.2q3-2.2 8.9-6.1 1-0.7 1.8-1.6zM32 7.4q0 1.4-0.9 2.7t-2.2 2.2q-6.7 4.7-8.4 5.8-0.2 0.1-0.7 0.5t-1 0.7-0.9 0.6-1.1 0.5-0.9 0.2h-0.1q-0.4 0-0.9-0.2t-1.1-0.5-0.9-0.6-1-0.7-0.7-0.5q-1.6-1.1-4.7-3.2t-3.6-2.6q-1.1-0.7-2.1-2t-1-2.5q0-1.4 0.7-2.3t2.1-0.9h26.3q1.2 0 2 0.8t0.9 2z\"\/><\/svg><\/span><\/a><\/li><\/ul><\/div>","protected":false},"excerpt":{"rendered":"<p>&#8222;Anstatt die Kosten unseres Wohlstands zu vermeiden, haben wir sie abgew&auml;lzt. Diese werden nun von anderen [&hellip;]<\/p>\n","protected":false},"author":1,"featured_media":37001,"comment_status":"closed","ping_status":"closed","sticky":false,"template":"","format":"standard","meta":{"inline_featured_image":false,"footnotes":""},"categories":[27],"tags":[],"class_list":["post-37003","post","type-post","status-publish","format-standard","has-post-thumbnail","hentry","category-zukunft"],"yoast_head":"<!-- This site is optimized with the Yoast SEO plugin v26.5 - https:\/\/yoast.com\/wordpress\/plugins\/seo\/ -->\n<title>Klaus T\u00f6pfer: &quot;Abw\u00e4lzung von Kosten hat Konsequenzen&quot; - Sonnenseite - \u00d6kologische Kommunikation mit Franz Alt<\/title>\n<meta name=\"description\" content=\"&quot;Anstatt die Kosten unseres Wohlstands zu vermeiden, haben wir sie abgew&auml;lzt. Diese werden nun von anderen getragen, die daf&uuml;r gar nicht\" \/>\n<meta name=\"robots\" content=\"index, follow, max-snippet:-1, max-image-preview:large, max-video-preview:-1\" \/>\n<link rel=\"canonical\" href=\"https:\/\/www.sonnenseite.com\/de\/zukunft\/klaus-toepfer-abwaelzung-von-kosten-hat-konsequenzen\/\" \/>\n<meta property=\"og:locale\" content=\"de_DE\" \/>\n<meta property=\"og:type\" content=\"article\" \/>\n<meta property=\"og:title\" content=\"Klaus T\u00f6pfer: &quot;Abw\u00e4lzung von Kosten hat Konsequenzen&quot; - Sonnenseite - \u00d6kologische Kommunikation mit Franz Alt\" \/>\n<meta property=\"og:description\" content=\"&quot;Anstatt die Kosten unseres Wohlstands zu vermeiden, haben wir sie abgew&auml;lzt. Diese werden nun von anderen getragen, die daf&uuml;r gar nicht\" \/>\n<meta property=\"og:url\" content=\"https:\/\/www.sonnenseite.com\/de\/zukunft\/klaus-toepfer-abwaelzung-von-kosten-hat-konsequenzen\/\" \/>\n<meta property=\"og:site_name\" content=\"Sonnenseite\" \/>\n<meta property=\"article:publisher\" content=\"https:\/\/www.facebook.com\/pages\/Franz-Alt-SONNENSEITECOM\/221072987903953?fref=ts\" \/>\n<meta property=\"article:published_time\" content=\"2016-05-13T05:15:00+00:00\" \/>\n<meta property=\"og:image\" content=\"https:\/\/www.sonnenseite.com\/wp-content\/uploads\/2016\/05\/FotodienstGerhardKampitsch_KlausToepfer.jpg\" \/>\n\t<meta property=\"og:image:width\" content=\"770\" \/>\n\t<meta property=\"og:image:height\" content=\"420\" \/>\n\t<meta property=\"og:image:type\" content=\"image\/jpeg\" \/>\n<meta name=\"author\" content=\"sbade\" \/>\n<meta name=\"twitter:card\" content=\"summary_large_image\" \/>\n<meta name=\"twitter:creator\" content=\"@franzalt\" \/>\n<meta name=\"twitter:site\" content=\"@franzalt\" \/>\n<meta name=\"twitter:label1\" content=\"Verfasst von\" \/>\n\t<meta name=\"twitter:data1\" content=\"sbade\" \/>\n\t<meta name=\"twitter:label2\" content=\"Gesch\u00e4tzte Lesezeit\" \/>\n\t<meta name=\"twitter:data2\" content=\"4\u00a0Minuten\" \/>\n<script type=\"application\/ld+json\" class=\"yoast-schema-graph\">{\"@context\":\"https:\/\/schema.org\",\"@graph\":[{\"@type\":\"Article\",\"@id\":\"https:\/\/www.sonnenseite.com\/de\/zukunft\/klaus-toepfer-abwaelzung-von-kosten-hat-konsequenzen\/#article\",\"isPartOf\":{\"@id\":\"https:\/\/www.sonnenseite.com\/de\/zukunft\/klaus-toepfer-abwaelzung-von-kosten-hat-konsequenzen\/\"},\"author\":{\"name\":\"sbade\",\"@id\":\"https:\/\/www.sonnenseite.com\/de\/#\/schema\/person\/6df44691cd9a70d99e140e1116ee8771\"},\"headline\":\"Klaus T\u00f6pfer: &#8222;Abw\u00e4lzung von Kosten hat Konsequenzen&#8220;\",\"datePublished\":\"2016-05-13T05:15:00+00:00\",\"mainEntityOfPage\":{\"@id\":\"https:\/\/www.sonnenseite.com\/de\/zukunft\/klaus-toepfer-abwaelzung-von-kosten-hat-konsequenzen\/\"},\"wordCount\":715,\"publisher\":{\"@id\":\"https:\/\/www.sonnenseite.com\/de\/#organization\"},\"image\":{\"@id\":\"https:\/\/www.sonnenseite.com\/de\/zukunft\/klaus-toepfer-abwaelzung-von-kosten-hat-konsequenzen\/#primaryimage\"},\"thumbnailUrl\":\"https:\/\/www.sonnenseite.com\/wp-content\/uploads\/2016\/05\/FotodienstGerhardKampitsch_KlausToepfer.jpg\",\"articleSection\":[\"Zukunft\"],\"inLanguage\":\"de\"},{\"@type\":\"WebPage\",\"@id\":\"https:\/\/www.sonnenseite.com\/de\/zukunft\/klaus-toepfer-abwaelzung-von-kosten-hat-konsequenzen\/\",\"url\":\"https:\/\/www.sonnenseite.com\/de\/zukunft\/klaus-toepfer-abwaelzung-von-kosten-hat-konsequenzen\/\",\"name\":\"Klaus T\u00f6pfer: \\\"Abw\u00e4lzung von Kosten hat Konsequenzen\\\" - Sonnenseite - \u00d6kologische Kommunikation mit Franz Alt\",\"isPartOf\":{\"@id\":\"https:\/\/www.sonnenseite.com\/de\/#website\"},\"primaryImageOfPage\":{\"@id\":\"https:\/\/www.sonnenseite.com\/de\/zukunft\/klaus-toepfer-abwaelzung-von-kosten-hat-konsequenzen\/#primaryimage\"},\"image\":{\"@id\":\"https:\/\/www.sonnenseite.com\/de\/zukunft\/klaus-toepfer-abwaelzung-von-kosten-hat-konsequenzen\/#primaryimage\"},\"thumbnailUrl\":\"https:\/\/www.sonnenseite.com\/wp-content\/uploads\/2016\/05\/FotodienstGerhardKampitsch_KlausToepfer.jpg\",\"datePublished\":\"2016-05-13T05:15:00+00:00\",\"description\":\"\\\"Anstatt die Kosten unseres Wohlstands zu vermeiden, haben wir sie abgew&auml;lzt. Diese werden nun von anderen getragen, die daf&uuml;r gar nicht\",\"breadcrumb\":{\"@id\":\"https:\/\/www.sonnenseite.com\/de\/zukunft\/klaus-toepfer-abwaelzung-von-kosten-hat-konsequenzen\/#breadcrumb\"},\"inLanguage\":\"de\",\"potentialAction\":[{\"@type\":\"ReadAction\",\"target\":[\"https:\/\/www.sonnenseite.com\/de\/zukunft\/klaus-toepfer-abwaelzung-von-kosten-hat-konsequenzen\/\"]}]},{\"@type\":\"ImageObject\",\"inLanguage\":\"de\",\"@id\":\"https:\/\/www.sonnenseite.com\/de\/zukunft\/klaus-toepfer-abwaelzung-von-kosten-hat-konsequenzen\/#primaryimage\",\"url\":\"https:\/\/www.sonnenseite.com\/wp-content\/uploads\/2016\/05\/FotodienstGerhardKampitsch_KlausToepfer.jpg\",\"contentUrl\":\"https:\/\/www.sonnenseite.com\/wp-content\/uploads\/2016\/05\/FotodienstGerhardKampitsch_KlausToepfer.jpg\",\"width\":770,\"height\":420,\"caption\":\"Fotodienst\/Gerhard Kampitsch | Klaus T&ouml;pfer: &quot;Wenn nichts passiert, passiert etwas&quot;\"},{\"@type\":\"BreadcrumbList\",\"@id\":\"https:\/\/www.sonnenseite.com\/de\/zukunft\/klaus-toepfer-abwaelzung-von-kosten-hat-konsequenzen\/#breadcrumb\",\"itemListElement\":[{\"@type\":\"ListItem\",\"position\":1,\"name\":\"Startseite\",\"item\":\"https:\/\/www.sonnenseite.com\/de\/\"},{\"@type\":\"ListItem\",\"position\":2,\"name\":\"Klaus T\u00f6pfer: &#8222;Abw\u00e4lzung von Kosten hat Konsequenzen&#8220;\"}]},{\"@type\":\"WebSite\",\"@id\":\"https:\/\/www.sonnenseite.com\/de\/#website\",\"url\":\"https:\/\/www.sonnenseite.com\/de\/\",\"name\":\"Sonnenseite\",\"description\":\"\u00d6kologische Kommunikation mit Franz Alt\",\"publisher\":{\"@id\":\"https:\/\/www.sonnenseite.com\/de\/#organization\"},\"potentialAction\":[{\"@type\":\"SearchAction\",\"target\":{\"@type\":\"EntryPoint\",\"urlTemplate\":\"https:\/\/www.sonnenseite.com\/de\/?s={search_term_string}\"},\"query-input\":{\"@type\":\"PropertyValueSpecification\",\"valueRequired\":true,\"valueName\":\"search_term_string\"}}],\"inLanguage\":\"de\"},{\"@type\":\"Organization\",\"@id\":\"https:\/\/www.sonnenseite.com\/de\/#organization\",\"name\":\"Sonnenseite\",\"url\":\"https:\/\/www.sonnenseite.com\/de\/\",\"logo\":{\"@type\":\"ImageObject\",\"inLanguage\":\"de\",\"@id\":\"https:\/\/www.sonnenseite.com\/de\/#\/schema\/logo\/image\/\",\"url\":\"https:\/\/www.sonnenseite.com\/wp-content\/uploads\/2020\/05\/Sonnenseite_Logo.png\",\"contentUrl\":\"https:\/\/www.sonnenseite.com\/wp-content\/uploads\/2020\/05\/Sonnenseite_Logo.png\",\"width\":377,\"height\":90,\"caption\":\"Sonnenseite\"},\"image\":{\"@id\":\"https:\/\/www.sonnenseite.com\/de\/#\/schema\/logo\/image\/\"},\"sameAs\":[\"https:\/\/www.facebook.com\/pages\/Franz-Alt-SONNENSEITECOM\/221072987903953?fref=ts\",\"https:\/\/x.com\/franzalt\",\"http:\/\/www.youtube.com\/results?search_query&amp;amp;quot;franz_alt&amp;amp;quot;&amp;amp;amp;amp;search_type&amp;amp;amp;amp;aq=f\"]},{\"@type\":\"Person\",\"@id\":\"https:\/\/www.sonnenseite.com\/de\/#\/schema\/person\/6df44691cd9a70d99e140e1116ee8771\",\"name\":\"sbade\",\"sameAs\":[\"https:\/\/www.sonnenseite.com\"]}]}<\/script>\n<!-- \/ Yoast SEO plugin. -->","yoast_head_json":{"title":"Klaus T\u00f6pfer: \"Abw\u00e4lzung von Kosten hat Konsequenzen\" - Sonnenseite - \u00d6kologische Kommunikation mit Franz Alt","description":"\"Anstatt die Kosten unseres Wohlstands zu vermeiden, haben wir sie abgew&auml;lzt. Diese werden nun von anderen getragen, die daf&uuml;r gar nicht","robots":{"index":"index","follow":"follow","max-snippet":"max-snippet:-1","max-image-preview":"max-image-preview:large","max-video-preview":"max-video-preview:-1"},"canonical":"https:\/\/www.sonnenseite.com\/de\/zukunft\/klaus-toepfer-abwaelzung-von-kosten-hat-konsequenzen\/","og_locale":"de_DE","og_type":"article","og_title":"Klaus T\u00f6pfer: \"Abw\u00e4lzung von Kosten hat Konsequenzen\" - Sonnenseite - \u00d6kologische Kommunikation mit Franz Alt","og_description":"\"Anstatt die Kosten unseres Wohlstands zu vermeiden, haben wir sie abgew&auml;lzt. Diese werden nun von anderen getragen, die daf&uuml;r gar nicht","og_url":"https:\/\/www.sonnenseite.com\/de\/zukunft\/klaus-toepfer-abwaelzung-von-kosten-hat-konsequenzen\/","og_site_name":"Sonnenseite","article_publisher":"https:\/\/www.facebook.com\/pages\/Franz-Alt-SONNENSEITECOM\/221072987903953?fref=ts","article_published_time":"2016-05-13T05:15:00+00:00","og_image":[{"width":770,"height":420,"url":"https:\/\/www.sonnenseite.com\/wp-content\/uploads\/2016\/05\/FotodienstGerhardKampitsch_KlausToepfer.jpg","type":"image\/jpeg"}],"author":"sbade","twitter_card":"summary_large_image","twitter_creator":"@franzalt","twitter_site":"@franzalt","twitter_misc":{"Verfasst von":"sbade","Gesch\u00e4tzte Lesezeit":"4\u00a0Minuten"},"schema":{"@context":"https:\/\/schema.org","@graph":[{"@type":"Article","@id":"https:\/\/www.sonnenseite.com\/de\/zukunft\/klaus-toepfer-abwaelzung-von-kosten-hat-konsequenzen\/#article","isPartOf":{"@id":"https:\/\/www.sonnenseite.com\/de\/zukunft\/klaus-toepfer-abwaelzung-von-kosten-hat-konsequenzen\/"},"author":{"name":"sbade","@id":"https:\/\/www.sonnenseite.com\/de\/#\/schema\/person\/6df44691cd9a70d99e140e1116ee8771"},"headline":"Klaus T\u00f6pfer: &#8222;Abw\u00e4lzung von Kosten hat Konsequenzen&#8220;","datePublished":"2016-05-13T05:15:00+00:00","mainEntityOfPage":{"@id":"https:\/\/www.sonnenseite.com\/de\/zukunft\/klaus-toepfer-abwaelzung-von-kosten-hat-konsequenzen\/"},"wordCount":715,"publisher":{"@id":"https:\/\/www.sonnenseite.com\/de\/#organization"},"image":{"@id":"https:\/\/www.sonnenseite.com\/de\/zukunft\/klaus-toepfer-abwaelzung-von-kosten-hat-konsequenzen\/#primaryimage"},"thumbnailUrl":"https:\/\/www.sonnenseite.com\/wp-content\/uploads\/2016\/05\/FotodienstGerhardKampitsch_KlausToepfer.jpg","articleSection":["Zukunft"],"inLanguage":"de"},{"@type":"WebPage","@id":"https:\/\/www.sonnenseite.com\/de\/zukunft\/klaus-toepfer-abwaelzung-von-kosten-hat-konsequenzen\/","url":"https:\/\/www.sonnenseite.com\/de\/zukunft\/klaus-toepfer-abwaelzung-von-kosten-hat-konsequenzen\/","name":"Klaus T\u00f6pfer: \"Abw\u00e4lzung von Kosten hat Konsequenzen\" - Sonnenseite - \u00d6kologische Kommunikation mit Franz Alt","isPartOf":{"@id":"https:\/\/www.sonnenseite.com\/de\/#website"},"primaryImageOfPage":{"@id":"https:\/\/www.sonnenseite.com\/de\/zukunft\/klaus-toepfer-abwaelzung-von-kosten-hat-konsequenzen\/#primaryimage"},"image":{"@id":"https:\/\/www.sonnenseite.com\/de\/zukunft\/klaus-toepfer-abwaelzung-von-kosten-hat-konsequenzen\/#primaryimage"},"thumbnailUrl":"https:\/\/www.sonnenseite.com\/wp-content\/uploads\/2016\/05\/FotodienstGerhardKampitsch_KlausToepfer.jpg","datePublished":"2016-05-13T05:15:00+00:00","description":"\"Anstatt die Kosten unseres Wohlstands zu vermeiden, haben wir sie abgew&auml;lzt. Diese werden nun von anderen getragen, die daf&uuml;r gar nicht","breadcrumb":{"@id":"https:\/\/www.sonnenseite.com\/de\/zukunft\/klaus-toepfer-abwaelzung-von-kosten-hat-konsequenzen\/#breadcrumb"},"inLanguage":"de","potentialAction":[{"@type":"ReadAction","target":["https:\/\/www.sonnenseite.com\/de\/zukunft\/klaus-toepfer-abwaelzung-von-kosten-hat-konsequenzen\/"]}]},{"@type":"ImageObject","inLanguage":"de","@id":"https:\/\/www.sonnenseite.com\/de\/zukunft\/klaus-toepfer-abwaelzung-von-kosten-hat-konsequenzen\/#primaryimage","url":"https:\/\/www.sonnenseite.com\/wp-content\/uploads\/2016\/05\/FotodienstGerhardKampitsch_KlausToepfer.jpg","contentUrl":"https:\/\/www.sonnenseite.com\/wp-content\/uploads\/2016\/05\/FotodienstGerhardKampitsch_KlausToepfer.jpg","width":770,"height":420,"caption":"Fotodienst\/Gerhard Kampitsch | Klaus T&ouml;pfer: &quot;Wenn nichts passiert, passiert etwas&quot;"},{"@type":"BreadcrumbList","@id":"https:\/\/www.sonnenseite.com\/de\/zukunft\/klaus-toepfer-abwaelzung-von-kosten-hat-konsequenzen\/#breadcrumb","itemListElement":[{"@type":"ListItem","position":1,"name":"Startseite","item":"https:\/\/www.sonnenseite.com\/de\/"},{"@type":"ListItem","position":2,"name":"Klaus T\u00f6pfer: &#8222;Abw\u00e4lzung von Kosten hat Konsequenzen&#8220;"}]},{"@type":"WebSite","@id":"https:\/\/www.sonnenseite.com\/de\/#website","url":"https:\/\/www.sonnenseite.com\/de\/","name":"Sonnenseite","description":"\u00d6kologische Kommunikation mit Franz Alt","publisher":{"@id":"https:\/\/www.sonnenseite.com\/de\/#organization"},"potentialAction":[{"@type":"SearchAction","target":{"@type":"EntryPoint","urlTemplate":"https:\/\/www.sonnenseite.com\/de\/?s={search_term_string}"},"query-input":{"@type":"PropertyValueSpecification","valueRequired":true,"valueName":"search_term_string"}}],"inLanguage":"de"},{"@type":"Organization","@id":"https:\/\/www.sonnenseite.com\/de\/#organization","name":"Sonnenseite","url":"https:\/\/www.sonnenseite.com\/de\/","logo":{"@type":"ImageObject","inLanguage":"de","@id":"https:\/\/www.sonnenseite.com\/de\/#\/schema\/logo\/image\/","url":"https:\/\/www.sonnenseite.com\/wp-content\/uploads\/2020\/05\/Sonnenseite_Logo.png","contentUrl":"https:\/\/www.sonnenseite.com\/wp-content\/uploads\/2020\/05\/Sonnenseite_Logo.png","width":377,"height":90,"caption":"Sonnenseite"},"image":{"@id":"https:\/\/www.sonnenseite.com\/de\/#\/schema\/logo\/image\/"},"sameAs":["https:\/\/www.facebook.com\/pages\/Franz-Alt-SONNENSEITECOM\/221072987903953?fref=ts","https:\/\/x.com\/franzalt","http:\/\/www.youtube.com\/results?search_query&amp;amp;quot;franz_alt&amp;amp;quot;&amp;amp;amp;amp;search_type&amp;amp;amp;amp;aq=f"]},{"@type":"Person","@id":"https:\/\/www.sonnenseite.com\/de\/#\/schema\/person\/6df44691cd9a70d99e140e1116ee8771","name":"sbade","sameAs":["https:\/\/www.sonnenseite.com"]}]}},"_links":{"self":[{"href":"https:\/\/www.sonnenseite.com\/de\/wp-json\/wp\/v2\/posts\/37003","targetHints":{"allow":["GET"]}}],"collection":[{"href":"https:\/\/www.sonnenseite.com\/de\/wp-json\/wp\/v2\/posts"}],"about":[{"href":"https:\/\/www.sonnenseite.com\/de\/wp-json\/wp\/v2\/types\/post"}],"author":[{"embeddable":true,"href":"https:\/\/www.sonnenseite.com\/de\/wp-json\/wp\/v2\/users\/1"}],"replies":[{"embeddable":true,"href":"https:\/\/www.sonnenseite.com\/de\/wp-json\/wp\/v2\/comments?post=37003"}],"version-history":[{"count":0,"href":"https:\/\/www.sonnenseite.com\/de\/wp-json\/wp\/v2\/posts\/37003\/revisions"}],"wp:featuredmedia":[{"embeddable":true,"href":"https:\/\/www.sonnenseite.com\/de\/wp-json\/wp\/v2\/media\/37001"}],"wp:attachment":[{"href":"https:\/\/www.sonnenseite.com\/de\/wp-json\/wp\/v2\/media?parent=37003"}],"wp:term":[{"taxonomy":"category","embeddable":true,"href":"https:\/\/www.sonnenseite.com\/de\/wp-json\/wp\/v2\/categories?post=37003"},{"taxonomy":"post_tag","embeddable":true,"href":"https:\/\/www.sonnenseite.com\/de\/wp-json\/wp\/v2\/tags?post=37003"}],"curies":[{"name":"wp","href":"https:\/\/api.w.org\/{rel}","templated":true}]}}