{"id":37188,"date":"2016-05-07T00:23:00","date_gmt":"2016-05-06T22:23:00","guid":{"rendered":"https:\/\/www.sonnenseite.com\/wirtschaft\/konzept-der-buergerbeteiligung-an-solarparks-bewaehrt-sich.html"},"modified":"2016-05-07T00:23:00","modified_gmt":"2016-05-06T22:23:00","slug":"konzept-der-buergerbeteiligung-an-solarparks-bewaehrt-sich","status":"publish","type":"post","link":"https:\/\/www.sonnenseite.com\/de\/wirtschaft\/konzept-der-buergerbeteiligung-an-solarparks-bewaehrt-sich\/","title":{"rendered":"Konzept der B\u00fcrgerbeteiligung an Solarparks bew\u00e4hrt sich"},"content":{"rendered":"<p>Interview mit Andreas Mankel, Gesch&auml;ftsf&uuml;hrer der 7&#215;7 Unternehmensgruppe, &uuml;ber Solarparks, nachhaltige Kapitalanlagen und B&uuml;rgerenergie in Mittelhessen.<\/p>\n<p> <!--more--> <\/p>\n<p class=\"bodytext\">Die 7x7energie GmbH (Dillenburg) hat im Jahr  2015 drei Solar-Parks errichtet: Mittenar-Bellersdorf,  Greifenstein-Allendorf und Lauterbach-Wallenrod. Die Freifl&auml;chenanlagen  haben zusammen einen Anteil von 55&nbsp;Prozent am geplanten  Investitionsvolumen der 7&#215;7 B&uuml;rgerenergie&nbsp;I. GmbH &amp; Co. KG, einer  Publikumsbeteiligung, die seit Dezember 2015 bundesweit angeboten wird.  <\/p>\n<p class=\"bodytext\">7x7energie stellt zwar einen den Anstieg der  Grundst&uuml;ckspreise und Baukosten fest. Dennoch lohne sich eine  Investition in Photovoltaik-Anlagen nach wie vor, da Effekte wie  niedrige Fremdkapital-Zinsen und fallende Modulpreise die  Preissteigerungen wieder kompensierten, berichtet das Unternehmen.<\/p>\n<p class=\"Default\"><strong>Herr Mankel, Sie haben Ende letzten Jahres eine B&uuml;rgerbeteiligung mit Solarparks in Hessen an den Start gebracht, drei der dabei geplanten Solarparks sind bereits am Netz. Wie wurde das Angebot angenommen?<\/strong><br \/>Sowohl bei Informationsveranstaltungen an den Standorten der Solarparks im Vorfeld als auch in diesem Jahr bei Messen in Hessen und den angrenzenden Bundesl&auml;ndern haben wir bereits viele Gespr&auml;che mit Interessenten gef&uuml;hrt. So wurden bis Ende Februar 2016 bereits Kommanditanteile im Gesamtwert von &uuml;ber einer Millionen Euro gezeichnet. <\/p>\n<p><strong><em>Wie geht es in diesem Jahr weiter, werden Sie in Mittelhessen weitere Solarparks bauen? <\/em><\/strong><strong><\/strong><br \/>F&uuml;r die Freifl&auml;chenanlage in Dillenburg-Oberscheld auf einer ehemaligen M&uuml;lldeponie haben wir im Februar gr&uuml;nes Licht von der Politik bekommen. Dort werden wir auf einer 7,5 Hektar gro&szlig;en Fl&auml;che einen gro&szlig;en Solarpark bauen, mit einer Ertragsprognose von &uuml;ber 2,0 Gigawattstunden pro Jahr f&uuml;r die 7&#215;7 B&uuml;rgerenergie I. GmbH &amp; Co. KG.  <\/p>\n<p><strong><em>Wurde Ihr Angebot einer B&uuml;rgerbeteiligung von neutraler Seite gepr&uuml;ft? <\/em><\/strong><strong><\/strong><br \/>Ja, die 7&times;7 B&uuml;rgerenergie I. GmbH &amp; Co. KG wurde Anfang des Jahres von fachkundiger Seite auf Herz und Nieren gepr&uuml;ft: im &bdquo;ECOanlagecheck &ndash; nachhaltig investieren&ldquo; der ECOreporter.de AG. Deren unabh&auml;ngige Analyse hat sowohl unser Konzept &bdquo;Energie in B&uuml;rgerhand&ldquo; als auch unsere Investitionsstrategie best&auml;tigt.  <\/p>\n<p><strong><em>Haben Sie au&szlig;er der B&uuml;rgerbeteiligung noch andere Kapitalanlagen f&uuml;r nachhaltig ausgerichtete Anleger im Angebot? <\/em><\/strong><strong><\/strong><br \/>Wir haben mit der 7&#215;7 Sachwerte West I. GmbH &amp; Co. KG eine weitere Publikumsbeteiligung, die mit dem Konzept &bdquo;Nahversorgung und Erneuerbare Energien&ldquo; den Bau von Einzelhandelsm&auml;rkten mit Photovoltaikanlagen finanziert. Wir konzipieren auch direkte Investitionen im Bereich Photovoltaik. Dar&uuml;ber hinaus bieten wir ab dem Sommer 2016 wieder Nachrangdarlehen mit attraktiver Verzinsung an, mit denen auch Projekte im Bereich Photovoltaik und Windkraft finanziert werden. Dar&uuml;ber hinaus bereiten wir die 7&#215;7 Umweltanleihen vor, die zur Finanzierung von E-Wohnprojekten und Greenbuildings eingesetzt werden, verbunden mit der grundpfandrechtlichen Absicherung des Anleihen-Investors. Wir bieten im &Uuml;brigen alle nachhaltigen Investmentfonds ebenso an wie die gr&uuml;ne Rente der Stuttgarter Leben oder die Produkte der &Ouml;kokapital Leben. <\/p>\n<p><strong><em>Welche Erfahrungen bringt ihr Unternehmen bei Investitionen in Solaranlagenmit?<\/em><\/strong><strong><\/strong><br \/>Mit Solaranlagen f&uuml;r Anleger hat die 7x7finanz GmbH seit &uuml;ber 15 Jahren zu tun, mit der Projektentwicklung haben wir 2009 begonnen, indem wir die 7x7energie GmbH in Dillenburg gegr&uuml;ndet haben. Unter der F&uuml;hrung von Christof Schwedes als erfahrenem Diplom-Ingenieur, Projektmanager und Gesch&auml;ftsf&uuml;hrer, der die gesamte Projektplanung und Umsetzung verantwortet, haben wir die Firma kontinuierlich weiterentwickelt. Sie besch&auml;ftigt heute, inklusive ihrer Schwesterfirma 7x7service GmbH, sechs Mitarbeiter. Die 7x7energie hat inzwischen f&uuml;nf Solarparks, zwei B&uuml;rgersolaranlagen sowie etliche Dachanlagen auf Wohn-und Einzelhandelsimmobilien projektiert und gebaut. <\/p>\n<p><strong><em>Schon seit einiger Zeit decken sich Investoren verst&auml;rkt mit Sachwert-Investments ein. Treibt das nicht die Preise f&uuml;r gute Anlageobjekte in bedenkliche H&ouml;hen?<\/em><\/strong><strong><\/strong><br \/>Wir stellen den Anstieg der Grundst&uuml;ckspreise ebenso fest wie das Anziehen der Baukosten. Trotzdem lohnt sich das Investment in Immobilien und Photovoltaikanlagen nach wie vor, da Effekte wie niedrige Fremdkapitalzinsen und fallende Modulpreise die Preissteigerungen wieder kompensieren. <\/p>\n<p><strong><em>In den letzten Jahren ist die Einspeiseverg&uuml;tung f&uuml;r neue Solaranlagen stark gesunken. Lohnt es sich noch, Sachwert-Investments in Photovoltaik zu t&auml;tigen?<\/em><\/strong><strong><\/strong><br \/>Wir k&ouml;nnen nach wie vor mit Anfangsrenditen zwischen f&uuml;nf und sieben Prozent arbeiten, auch bei eher niedrigen Werten bei den Sonnenscheinstunden. Au&szlig;erdem haben wir f&uuml;r die drei fertigen Solarparks die alte EEG-Verg&uuml;tung bis zum Stichtag 31.8.2015 in voller H&ouml;he gesichert. Und das Gutachten der meteocontrol GmbH prognostiziert f&uuml;r die drei Solarparks, die bereits am Netz sind, f&uuml;r das erste Jahr einen Stromertrag von zusammen &uuml;ber 9,0Gigawattstunden.Das &uuml;bertrifft sogar unsere eigenen Prognosen. <\/p>\n<p><strong><em>Im vergangenen Jahr haben Sie eine &bdquo;Tour Solar&ldquo; zu Ihren Projekten in Mittelhessen durchgef&uuml;hrt. Wie k&ouml;nnen die B&uuml;rger und Interessenten in diesem Jahr auf direktem Wege mehr &uuml;ber die Projekte mit Erneuerbaren Energien erfahren?<\/em><\/strong><strong><\/strong><br \/>Dazu bieten sich schon sehr bald zwei gute Gelegenheiten: auf dem Hessentag in Herborn Ende Mai sind wir mit einem Infostand vertreten, und Anfang Juni veranstalten wir f&uuml;r Kunden und Interessenten eine Energierundfahrt mit Hintergrundstorys zu den Solarparks. Au&szlig;erdem kann sich jeder in unseren B&uuml;ros in Bonn, Siegen, Dillenburg, Mainz und Kassel pers&ouml;nlich beraten lassen.<\/p>\n<p class=\"Default\"><em>Die 7&#215;7 Unternehmensgruppe pr&auml;sentiert sich vom 20. bis 29. Mai 2016 auf dem Hessentag in Herborn, in Halle 6, Stand 604. Interessenten aus der Region und Kunden k&ouml;nnen sich anmelden f&uuml;r eine Energierundfahrt POWERTOINVEST am 4. Juni(Infos unter <a href=\"http:\/\/www.powertag.7x7.de\" target=\"_blank\" rel=\"noopener noreferrer\">www.powertag.7&#215;7.de<\/a><\/em>)<em>. N&auml;here Informationen zum Hessentagund weiteren Veranstaltungen finden Interessierte unter <a href=\"http:\/\/www.live.7x7.de\" target=\"_blank\" rel=\"noopener noreferrer\">www.live.7&#215;7.de<\/a>.<\/em><\/p>\n<p><em>Weitere Infos und denWeg zur Zeichnung von KG-Anteilenfinden Interessenten unter: <a href=\"http:\/\/www.7x7buergerenergie.de\" target=\"_blank\" rel=\"noopener noreferrer\">7x7buergerenergie.de<\/a>.<\/em><\/p>\n<div class=\"article-images\"><img loading=\"lazy\" decoding=\"async\" width=\"640\" height=\"349\" src=\"https:\/\/www.sonnenseite.com\/wp-content\/uploads\/2016\/05\/AndreasMankel_7x7finanz.jpg\" class=\"alignleft\" alt=\"7x7.de | Andreas Mankel\" srcset=\"https:\/\/www.sonnenseite.com\/wp-content\/uploads\/2016\/05\/AndreasMankel_7x7finanz.jpg 770w, https:\/\/www.sonnenseite.com\/wp-content\/uploads\/2016\/05\/AndreasMankel_7x7finanz-300x164.jpg 300w, https:\/\/www.sonnenseite.com\/wp-content\/uploads\/2016\/05\/AndreasMankel_7x7finanz-768x419.jpg 768w\" sizes=\"auto, (max-width: 640px) 100vw, 640px\" \/><\/div>\n<h5 class=\"green\">Quelle<\/h5>\n<p><a href=\"http:\/\/www.7x7.de\" target=\"_blank\" rel=\"noopener noreferrer\">7&#215;7 Unternehmensgruppe 2016<\/a><\/p>\n<div class=\"shariff shariff-align-flex-start shariff-widget-align-flex-start\"><div class=\"ShariffHeadline\">Diese Meldung teilen<\/div><ul class=\"shariff-buttons theme-round orientation-horizontal buttonsize-medium\"><li class=\"shariff-button facebook shariff-nocustomcolor\" style=\"background-color:#4273c8;border-radius:1%\"><a href=\"https:\/\/www.facebook.com\/sharer\/sharer.php?u=https%3A%2F%2Fwww.sonnenseite.com%2Fde%2Fwirtschaft%2Fkonzept-der-buergerbeteiligung-an-solarparks-bewaehrt-sich%2F\" title=\"Bei Facebook teilen\" aria-label=\"Bei Facebook teilen\" role=\"button\" rel=\"nofollow\" class=\"shariff-link\" style=\";border-radius:1%; background-color:#3b5998; color:#fff\" target=\"_blank\"><span class=\"shariff-icon\" style=\"\"><svg width=\"32px\" height=\"20px\" xmlns=\"http:\/\/www.w3.org\/2000\/svg\" viewBox=\"0 0 18 32\"><path fill=\"#3b5998\" d=\"M17.1 0.2v4.7h-2.8q-1.5 0-2.1 0.6t-0.5 1.9v3.4h5.2l-0.7 5.3h-4.5v13.6h-5.5v-13.6h-4.5v-5.3h4.5v-3.9q0-3.3 1.9-5.2t5-1.8q2.6 0 4.1 0.2z\"\/><\/svg><\/span><\/a><\/li><li class=\"shariff-button twitter shariff-nocustomcolor\" style=\"background-color:#595959;border-radius:1%\"><a href=\"https:\/\/twitter.com\/share?url=https%3A%2F%2Fwww.sonnenseite.com%2Fde%2Fwirtschaft%2Fkonzept-der-buergerbeteiligung-an-solarparks-bewaehrt-sich%2F&text=Konzept%20der%20B%C3%BCrgerbeteiligung%20an%20Solarparks%20bew%C3%A4hrt%20sich\" title=\"Bei X teilen\" aria-label=\"Bei X teilen\" role=\"button\" rel=\"noopener nofollow\" class=\"shariff-link\" style=\";border-radius:1%; background-color:#000; color:#fff\" target=\"_blank\"><span class=\"shariff-icon\" style=\"\"><svg width=\"32px\" height=\"20px\" xmlns=\"http:\/\/www.w3.org\/2000\/svg\" viewBox=\"0 0 24 24\"><path fill=\"#000\" d=\"M14.258 10.152L23.176 0h-2.113l-7.747 8.813L7.133 0H0l9.352 13.328L0 23.973h2.113l8.176-9.309 6.531 9.309h7.133zm-2.895 3.293l-.949-1.328L2.875 1.56h3.246l6.086 8.523.945 1.328 7.91 11.078h-3.246zm0 0\"\/><\/svg><\/span><\/a><\/li><li class=\"shariff-button xing shariff-nocustomcolor\" style=\"background-color:#29888a;border-radius:1%\"><a href=\"https:\/\/www.xing.com\/spi\/shares\/new?url=https%3A%2F%2Fwww.sonnenseite.com%2Fde%2Fwirtschaft%2Fkonzept-der-buergerbeteiligung-an-solarparks-bewaehrt-sich%2F\" title=\"Bei XING teilen\" aria-label=\"Bei XING teilen\" role=\"button\" rel=\"noopener nofollow\" class=\"shariff-link\" style=\";border-radius:1%; background-color:#126567; color:#fff\" target=\"_blank\"><span class=\"shariff-icon\" style=\"\"><svg width=\"32px\" height=\"20px\" xmlns=\"http:\/\/www.w3.org\/2000\/svg\" viewBox=\"0 0 25 32\"><path fill=\"#126567\" d=\"M10.7 11.9q-0.2 0.3-4.6 8.2-0.5 0.8-1.2 0.8h-4.3q-0.4 0-0.5-0.3t0-0.6l4.5-8q0 0 0 0l-2.9-5q-0.2-0.4 0-0.7 0.2-0.3 0.5-0.3h4.3q0.7 0 1.2 0.8zM25.1 0.4q0.2 0.3 0 0.7l-9.4 16.7 6 11q0.2 0.4 0 0.6-0.2 0.3-0.6 0.3h-4.3q-0.7 0-1.2-0.8l-6-11.1q0.3-0.6 9.5-16.8 0.4-0.8 1.2-0.8h4.3q0.4 0 0.5 0.3z\"\/><\/svg><\/span><\/a><\/li><li class=\"shariff-button linkedin shariff-nocustomcolor\" style=\"background-color:#1488bf;border-radius:1%\"><a href=\"https:\/\/www.linkedin.com\/sharing\/share-offsite\/?url=https%3A%2F%2Fwww.sonnenseite.com%2Fde%2Fwirtschaft%2Fkonzept-der-buergerbeteiligung-an-solarparks-bewaehrt-sich%2F\" title=\"Bei LinkedIn teilen\" aria-label=\"Bei LinkedIn teilen\" role=\"button\" rel=\"noopener nofollow\" class=\"shariff-link\" style=\";border-radius:1%; background-color:#0077b5; color:#fff\" target=\"_blank\"><span class=\"shariff-icon\" style=\"\"><svg width=\"32px\" height=\"20px\" xmlns=\"http:\/\/www.w3.org\/2000\/svg\" viewBox=\"0 0 27 32\"><path fill=\"#0077b5\" d=\"M6.2 11.2v17.7h-5.9v-17.7h5.9zM6.6 5.7q0 1.3-0.9 2.2t-2.4 0.9h0q-1.5 0-2.4-0.9t-0.9-2.2 0.9-2.2 2.4-0.9 2.4 0.9 0.9 2.2zM27.4 18.7v10.1h-5.9v-9.5q0-1.9-0.7-2.9t-2.3-1.1q-1.1 0-1.9 0.6t-1.2 1.5q-0.2 0.5-0.2 1.4v9.9h-5.9q0-7.1 0-11.6t0-5.3l0-0.9h5.9v2.6h0q0.4-0.6 0.7-1t1-0.9 1.6-0.8 2-0.3q3 0 4.9 2t1.9 6z\"\/><\/svg><\/span><\/a><\/li><li class=\"shariff-button printer shariff-nocustomcolor\" style=\"background-color:#a8a8a8;border-radius:1%\"><a href=\"javascript:window.print()\" title=\"drucken\" aria-label=\"drucken\" role=\"button\" rel=\"noopener nofollow\" class=\"shariff-link\" style=\";border-radius:1%; background-color:#999; color:#fff\"><span class=\"shariff-icon\" style=\"\"><svg width=\"32px\" height=\"20px\" xmlns=\"http:\/\/www.w3.org\/2000\/svg\" viewBox=\"0 0 30 32\"><path fill=\"#999\" d=\"M6.8 27.4h16v-4.6h-16v4.6zM6.8 16h16v-6.8h-2.8q-0.7 0-1.2-0.5t-0.5-1.2v-2.8h-11.4v11.4zM27.4 17.2q0-0.5-0.3-0.8t-0.8-0.4-0.8 0.4-0.3 0.8 0.3 0.8 0.8 0.3 0.8-0.3 0.3-0.8zM29.7 17.2v7.4q0 0.2-0.2 0.4t-0.4 0.2h-4v2.8q0 0.7-0.5 1.2t-1.2 0.5h-17.2q-0.7 0-1.2-0.5t-0.5-1.2v-2.8h-4q-0.2 0-0.4-0.2t-0.2-0.4v-7.4q0-1.4 1-2.4t2.4-1h1.2v-9.7q0-0.7 0.5-1.2t1.2-0.5h12q0.7 0 1.6 0.4t1.3 0.8l2.7 2.7q0.5 0.5 0.9 1.4t0.4 1.6v4.6h1.1q1.4 0 2.4 1t1 2.4z\"\/><\/svg><\/span><\/a><\/li><li class=\"shariff-button mailto shariff-nocustomcolor\" style=\"background-color:#a8a8a8;border-radius:1%\"><a href=\"mailto:?body=https%3A%2F%2Fwww.sonnenseite.com%2Fde%2Fwirtschaft%2Fkonzept-der-buergerbeteiligung-an-solarparks-bewaehrt-sich%2F&subject=Konzept%20der%20B%C3%BCrgerbeteiligung%20an%20Solarparks%20bew%C3%A4hrt%20sich\" title=\"Per E-Mail versenden\" aria-label=\"Per E-Mail versenden\" role=\"button\" rel=\"noopener nofollow\" class=\"shariff-link\" style=\";border-radius:1%; background-color:#999; color:#fff\"><span class=\"shariff-icon\" style=\"\"><svg width=\"32px\" height=\"20px\" xmlns=\"http:\/\/www.w3.org\/2000\/svg\" viewBox=\"0 0 32 32\"><path fill=\"#999\" d=\"M32 12.7v14.2q0 1.2-0.8 2t-2 0.9h-26.3q-1.2 0-2-0.9t-0.8-2v-14.2q0.8 0.9 1.8 1.6 6.5 4.4 8.9 6.1 1 0.8 1.6 1.2t1.7 0.9 2 0.4h0.1q0.9 0 2-0.4t1.7-0.9 1.6-1.2q3-2.2 8.9-6.1 1-0.7 1.8-1.6zM32 7.4q0 1.4-0.9 2.7t-2.2 2.2q-6.7 4.7-8.4 5.8-0.2 0.1-0.7 0.5t-1 0.7-0.9 0.6-1.1 0.5-0.9 0.2h-0.1q-0.4 0-0.9-0.2t-1.1-0.5-0.9-0.6-1-0.7-0.7-0.5q-1.6-1.1-4.7-3.2t-3.6-2.6q-1.1-0.7-2.1-2t-1-2.5q0-1.4 0.7-2.3t2.1-0.9h26.3q1.2 0 2 0.8t0.9 2z\"\/><\/svg><\/span><\/a><\/li><\/ul><\/div>","protected":false},"excerpt":{"rendered":"<p>Interview mit Andreas Mankel, Gesch&auml;ftsf&uuml;hrer der 7&#215;7 Unternehmensgruppe, &uuml;ber Solarparks, nachhaltige Kapitalanlagen und B&uuml;rgerenergie in Mittelhessen.<\/p>\n","protected":false},"author":1,"featured_media":37184,"comment_status":"closed","ping_status":"closed","sticky":false,"template":"","format":"standard","meta":{"inline_featured_image":false,"footnotes":""},"categories":[24],"tags":[],"class_list":["post-37188","post","type-post","status-publish","format-standard","has-post-thumbnail","hentry","category-wirtschaft"],"yoast_head":"<!-- This site is optimized with the Yoast SEO plugin v26.5 - https:\/\/yoast.com\/wordpress\/plugins\/seo\/ -->\n<title>Konzept der B\u00fcrgerbeteiligung an Solarparks bew\u00e4hrt sich - Sonnenseite - \u00d6kologische Kommunikation mit Franz Alt<\/title>\n<meta name=\"description\" content=\"Interview mit Andreas Mankel, Gesch&auml;ftsf&uuml;hrer der 7x7 Unternehmensgruppe, &uuml;ber Solarparks, nachhaltige Kapitalanlagen und\" \/>\n<meta name=\"robots\" content=\"index, follow, max-snippet:-1, max-image-preview:large, max-video-preview:-1\" \/>\n<link rel=\"canonical\" href=\"https:\/\/www.sonnenseite.com\/de\/wirtschaft\/konzept-der-buergerbeteiligung-an-solarparks-bewaehrt-sich\/\" \/>\n<meta property=\"og:locale\" content=\"de_DE\" \/>\n<meta property=\"og:type\" content=\"article\" \/>\n<meta property=\"og:title\" content=\"Konzept der B\u00fcrgerbeteiligung an Solarparks bew\u00e4hrt sich - Sonnenseite - \u00d6kologische Kommunikation mit Franz Alt\" \/>\n<meta property=\"og:description\" content=\"Interview mit Andreas Mankel, Gesch&auml;ftsf&uuml;hrer der 7x7 Unternehmensgruppe, &uuml;ber Solarparks, nachhaltige Kapitalanlagen und\" \/>\n<meta property=\"og:url\" content=\"https:\/\/www.sonnenseite.com\/de\/wirtschaft\/konzept-der-buergerbeteiligung-an-solarparks-bewaehrt-sich\/\" \/>\n<meta property=\"og:site_name\" content=\"Sonnenseite\" \/>\n<meta property=\"article:publisher\" content=\"https:\/\/www.facebook.com\/pages\/Franz-Alt-SONNENSEITECOM\/221072987903953?fref=ts\" \/>\n<meta property=\"article:published_time\" content=\"2016-05-06T22:23:00+00:00\" \/>\n<meta property=\"og:image\" content=\"https:\/\/www.sonnenseite.com\/wp-content\/uploads\/2016\/05\/7x7energie_Mirko-Fuchs_Solarpark-Eschenburg.jpg\" \/>\n\t<meta property=\"og:image:width\" content=\"770\" \/>\n\t<meta property=\"og:image:height\" content=\"420\" \/>\n\t<meta property=\"og:image:type\" content=\"image\/jpeg\" \/>\n<meta name=\"author\" content=\"sbade\" \/>\n<meta name=\"twitter:card\" content=\"summary_large_image\" \/>\n<meta name=\"twitter:creator\" content=\"@franzalt\" \/>\n<meta name=\"twitter:site\" content=\"@franzalt\" \/>\n<meta name=\"twitter:label1\" content=\"Verfasst von\" \/>\n\t<meta name=\"twitter:data1\" content=\"sbade\" \/>\n\t<meta name=\"twitter:label2\" content=\"Gesch\u00e4tzte Lesezeit\" \/>\n\t<meta name=\"twitter:data2\" content=\"5\u00a0Minuten\" \/>\n<script type=\"application\/ld+json\" class=\"yoast-schema-graph\">{\"@context\":\"https:\/\/schema.org\",\"@graph\":[{\"@type\":\"Article\",\"@id\":\"https:\/\/www.sonnenseite.com\/de\/wirtschaft\/konzept-der-buergerbeteiligung-an-solarparks-bewaehrt-sich\/#article\",\"isPartOf\":{\"@id\":\"https:\/\/www.sonnenseite.com\/de\/wirtschaft\/konzept-der-buergerbeteiligung-an-solarparks-bewaehrt-sich\/\"},\"author\":{\"name\":\"sbade\",\"@id\":\"https:\/\/www.sonnenseite.com\/de\/#\/schema\/person\/6df44691cd9a70d99e140e1116ee8771\"},\"headline\":\"Konzept der B\u00fcrgerbeteiligung an Solarparks bew\u00e4hrt sich\",\"datePublished\":\"2016-05-06T22:23:00+00:00\",\"mainEntityOfPage\":{\"@id\":\"https:\/\/www.sonnenseite.com\/de\/wirtschaft\/konzept-der-buergerbeteiligung-an-solarparks-bewaehrt-sich\/\"},\"wordCount\":971,\"publisher\":{\"@id\":\"https:\/\/www.sonnenseite.com\/de\/#organization\"},\"image\":{\"@id\":\"https:\/\/www.sonnenseite.com\/de\/wirtschaft\/konzept-der-buergerbeteiligung-an-solarparks-bewaehrt-sich\/#primaryimage\"},\"thumbnailUrl\":\"https:\/\/www.sonnenseite.com\/wp-content\/uploads\/2016\/05\/7x7energie_Mirko-Fuchs_Solarpark-Eschenburg.jpg\",\"articleSection\":[\"Wirtschaft\"],\"inLanguage\":\"de\"},{\"@type\":\"WebPage\",\"@id\":\"https:\/\/www.sonnenseite.com\/de\/wirtschaft\/konzept-der-buergerbeteiligung-an-solarparks-bewaehrt-sich\/\",\"url\":\"https:\/\/www.sonnenseite.com\/de\/wirtschaft\/konzept-der-buergerbeteiligung-an-solarparks-bewaehrt-sich\/\",\"name\":\"Konzept der B\u00fcrgerbeteiligung an Solarparks bew\u00e4hrt sich - Sonnenseite - \u00d6kologische Kommunikation mit Franz Alt\",\"isPartOf\":{\"@id\":\"https:\/\/www.sonnenseite.com\/de\/#website\"},\"primaryImageOfPage\":{\"@id\":\"https:\/\/www.sonnenseite.com\/de\/wirtschaft\/konzept-der-buergerbeteiligung-an-solarparks-bewaehrt-sich\/#primaryimage\"},\"image\":{\"@id\":\"https:\/\/www.sonnenseite.com\/de\/wirtschaft\/konzept-der-buergerbeteiligung-an-solarparks-bewaehrt-sich\/#primaryimage\"},\"thumbnailUrl\":\"https:\/\/www.sonnenseite.com\/wp-content\/uploads\/2016\/05\/7x7energie_Mirko-Fuchs_Solarpark-Eschenburg.jpg\",\"datePublished\":\"2016-05-06T22:23:00+00:00\",\"description\":\"Interview mit Andreas Mankel, Gesch&auml;ftsf&uuml;hrer der 7x7 Unternehmensgruppe, &uuml;ber Solarparks, nachhaltige Kapitalanlagen und\",\"breadcrumb\":{\"@id\":\"https:\/\/www.sonnenseite.com\/de\/wirtschaft\/konzept-der-buergerbeteiligung-an-solarparks-bewaehrt-sich\/#breadcrumb\"},\"inLanguage\":\"de\",\"potentialAction\":[{\"@type\":\"ReadAction\",\"target\":[\"https:\/\/www.sonnenseite.com\/de\/wirtschaft\/konzept-der-buergerbeteiligung-an-solarparks-bewaehrt-sich\/\"]}]},{\"@type\":\"ImageObject\",\"inLanguage\":\"de\",\"@id\":\"https:\/\/www.sonnenseite.com\/de\/wirtschaft\/konzept-der-buergerbeteiligung-an-solarparks-bewaehrt-sich\/#primaryimage\",\"url\":\"https:\/\/www.sonnenseite.com\/wp-content\/uploads\/2016\/05\/7x7energie_Mirko-Fuchs_Solarpark-Eschenburg.jpg\",\"contentUrl\":\"https:\/\/www.sonnenseite.com\/wp-content\/uploads\/2016\/05\/7x7energie_Mirko-Fuchs_Solarpark-Eschenburg.jpg\",\"width\":770,\"height\":420,\"caption\":\"7x7.de | Mirko Fuchs | Solarpark Eschenburg Luftige Aussicht auf sonnige Energie: Blick von oben auf den neuen Solarpark in Eschenburg-Hirzenhain, den die 7x7energie jetzt fertiggestellt hat.\"},{\"@type\":\"BreadcrumbList\",\"@id\":\"https:\/\/www.sonnenseite.com\/de\/wirtschaft\/konzept-der-buergerbeteiligung-an-solarparks-bewaehrt-sich\/#breadcrumb\",\"itemListElement\":[{\"@type\":\"ListItem\",\"position\":1,\"name\":\"Startseite\",\"item\":\"https:\/\/www.sonnenseite.com\/de\/\"},{\"@type\":\"ListItem\",\"position\":2,\"name\":\"Konzept der B\u00fcrgerbeteiligung an Solarparks bew\u00e4hrt sich\"}]},{\"@type\":\"WebSite\",\"@id\":\"https:\/\/www.sonnenseite.com\/de\/#website\",\"url\":\"https:\/\/www.sonnenseite.com\/de\/\",\"name\":\"Sonnenseite\",\"description\":\"\u00d6kologische Kommunikation mit Franz Alt\",\"publisher\":{\"@id\":\"https:\/\/www.sonnenseite.com\/de\/#organization\"},\"potentialAction\":[{\"@type\":\"SearchAction\",\"target\":{\"@type\":\"EntryPoint\",\"urlTemplate\":\"https:\/\/www.sonnenseite.com\/de\/?s={search_term_string}\"},\"query-input\":{\"@type\":\"PropertyValueSpecification\",\"valueRequired\":true,\"valueName\":\"search_term_string\"}}],\"inLanguage\":\"de\"},{\"@type\":\"Organization\",\"@id\":\"https:\/\/www.sonnenseite.com\/de\/#organization\",\"name\":\"Sonnenseite\",\"url\":\"https:\/\/www.sonnenseite.com\/de\/\",\"logo\":{\"@type\":\"ImageObject\",\"inLanguage\":\"de\",\"@id\":\"https:\/\/www.sonnenseite.com\/de\/#\/schema\/logo\/image\/\",\"url\":\"https:\/\/www.sonnenseite.com\/wp-content\/uploads\/2020\/05\/Sonnenseite_Logo.png\",\"contentUrl\":\"https:\/\/www.sonnenseite.com\/wp-content\/uploads\/2020\/05\/Sonnenseite_Logo.png\",\"width\":377,\"height\":90,\"caption\":\"Sonnenseite\"},\"image\":{\"@id\":\"https:\/\/www.sonnenseite.com\/de\/#\/schema\/logo\/image\/\"},\"sameAs\":[\"https:\/\/www.facebook.com\/pages\/Franz-Alt-SONNENSEITECOM\/221072987903953?fref=ts\",\"https:\/\/x.com\/franzalt\",\"http:\/\/www.youtube.com\/results?search_query&amp;amp;quot;franz_alt&amp;amp;quot;&amp;amp;amp;amp;search_type&amp;amp;amp;amp;aq=f\"]},{\"@type\":\"Person\",\"@id\":\"https:\/\/www.sonnenseite.com\/de\/#\/schema\/person\/6df44691cd9a70d99e140e1116ee8771\",\"name\":\"sbade\",\"sameAs\":[\"https:\/\/www.sonnenseite.com\"]}]}<\/script>\n<!-- \/ Yoast SEO plugin. -->","yoast_head_json":{"title":"Konzept der B\u00fcrgerbeteiligung an Solarparks bew\u00e4hrt sich - Sonnenseite - \u00d6kologische Kommunikation mit Franz Alt","description":"Interview mit Andreas Mankel, Gesch&auml;ftsf&uuml;hrer der 7x7 Unternehmensgruppe, &uuml;ber Solarparks, nachhaltige Kapitalanlagen und","robots":{"index":"index","follow":"follow","max-snippet":"max-snippet:-1","max-image-preview":"max-image-preview:large","max-video-preview":"max-video-preview:-1"},"canonical":"https:\/\/www.sonnenseite.com\/de\/wirtschaft\/konzept-der-buergerbeteiligung-an-solarparks-bewaehrt-sich\/","og_locale":"de_DE","og_type":"article","og_title":"Konzept der B\u00fcrgerbeteiligung an Solarparks bew\u00e4hrt sich - Sonnenseite - \u00d6kologische Kommunikation mit Franz Alt","og_description":"Interview mit Andreas Mankel, Gesch&auml;ftsf&uuml;hrer der 7x7 Unternehmensgruppe, &uuml;ber Solarparks, nachhaltige Kapitalanlagen und","og_url":"https:\/\/www.sonnenseite.com\/de\/wirtschaft\/konzept-der-buergerbeteiligung-an-solarparks-bewaehrt-sich\/","og_site_name":"Sonnenseite","article_publisher":"https:\/\/www.facebook.com\/pages\/Franz-Alt-SONNENSEITECOM\/221072987903953?fref=ts","article_published_time":"2016-05-06T22:23:00+00:00","og_image":[{"width":770,"height":420,"url":"https:\/\/www.sonnenseite.com\/wp-content\/uploads\/2016\/05\/7x7energie_Mirko-Fuchs_Solarpark-Eschenburg.jpg","type":"image\/jpeg"}],"author":"sbade","twitter_card":"summary_large_image","twitter_creator":"@franzalt","twitter_site":"@franzalt","twitter_misc":{"Verfasst von":"sbade","Gesch\u00e4tzte Lesezeit":"5\u00a0Minuten"},"schema":{"@context":"https:\/\/schema.org","@graph":[{"@type":"Article","@id":"https:\/\/www.sonnenseite.com\/de\/wirtschaft\/konzept-der-buergerbeteiligung-an-solarparks-bewaehrt-sich\/#article","isPartOf":{"@id":"https:\/\/www.sonnenseite.com\/de\/wirtschaft\/konzept-der-buergerbeteiligung-an-solarparks-bewaehrt-sich\/"},"author":{"name":"sbade","@id":"https:\/\/www.sonnenseite.com\/de\/#\/schema\/person\/6df44691cd9a70d99e140e1116ee8771"},"headline":"Konzept der B\u00fcrgerbeteiligung an Solarparks bew\u00e4hrt sich","datePublished":"2016-05-06T22:23:00+00:00","mainEntityOfPage":{"@id":"https:\/\/www.sonnenseite.com\/de\/wirtschaft\/konzept-der-buergerbeteiligung-an-solarparks-bewaehrt-sich\/"},"wordCount":971,"publisher":{"@id":"https:\/\/www.sonnenseite.com\/de\/#organization"},"image":{"@id":"https:\/\/www.sonnenseite.com\/de\/wirtschaft\/konzept-der-buergerbeteiligung-an-solarparks-bewaehrt-sich\/#primaryimage"},"thumbnailUrl":"https:\/\/www.sonnenseite.com\/wp-content\/uploads\/2016\/05\/7x7energie_Mirko-Fuchs_Solarpark-Eschenburg.jpg","articleSection":["Wirtschaft"],"inLanguage":"de"},{"@type":"WebPage","@id":"https:\/\/www.sonnenseite.com\/de\/wirtschaft\/konzept-der-buergerbeteiligung-an-solarparks-bewaehrt-sich\/","url":"https:\/\/www.sonnenseite.com\/de\/wirtschaft\/konzept-der-buergerbeteiligung-an-solarparks-bewaehrt-sich\/","name":"Konzept der B\u00fcrgerbeteiligung an Solarparks bew\u00e4hrt sich - Sonnenseite - \u00d6kologische Kommunikation mit Franz Alt","isPartOf":{"@id":"https:\/\/www.sonnenseite.com\/de\/#website"},"primaryImageOfPage":{"@id":"https:\/\/www.sonnenseite.com\/de\/wirtschaft\/konzept-der-buergerbeteiligung-an-solarparks-bewaehrt-sich\/#primaryimage"},"image":{"@id":"https:\/\/www.sonnenseite.com\/de\/wirtschaft\/konzept-der-buergerbeteiligung-an-solarparks-bewaehrt-sich\/#primaryimage"},"thumbnailUrl":"https:\/\/www.sonnenseite.com\/wp-content\/uploads\/2016\/05\/7x7energie_Mirko-Fuchs_Solarpark-Eschenburg.jpg","datePublished":"2016-05-06T22:23:00+00:00","description":"Interview mit Andreas Mankel, Gesch&auml;ftsf&uuml;hrer der 7x7 Unternehmensgruppe, &uuml;ber Solarparks, nachhaltige Kapitalanlagen und","breadcrumb":{"@id":"https:\/\/www.sonnenseite.com\/de\/wirtschaft\/konzept-der-buergerbeteiligung-an-solarparks-bewaehrt-sich\/#breadcrumb"},"inLanguage":"de","potentialAction":[{"@type":"ReadAction","target":["https:\/\/www.sonnenseite.com\/de\/wirtschaft\/konzept-der-buergerbeteiligung-an-solarparks-bewaehrt-sich\/"]}]},{"@type":"ImageObject","inLanguage":"de","@id":"https:\/\/www.sonnenseite.com\/de\/wirtschaft\/konzept-der-buergerbeteiligung-an-solarparks-bewaehrt-sich\/#primaryimage","url":"https:\/\/www.sonnenseite.com\/wp-content\/uploads\/2016\/05\/7x7energie_Mirko-Fuchs_Solarpark-Eschenburg.jpg","contentUrl":"https:\/\/www.sonnenseite.com\/wp-content\/uploads\/2016\/05\/7x7energie_Mirko-Fuchs_Solarpark-Eschenburg.jpg","width":770,"height":420,"caption":"7x7.de | Mirko Fuchs | Solarpark Eschenburg Luftige Aussicht auf sonnige Energie: Blick von oben auf den neuen Solarpark in Eschenburg-Hirzenhain, den die 7x7energie jetzt fertiggestellt hat."},{"@type":"BreadcrumbList","@id":"https:\/\/www.sonnenseite.com\/de\/wirtschaft\/konzept-der-buergerbeteiligung-an-solarparks-bewaehrt-sich\/#breadcrumb","itemListElement":[{"@type":"ListItem","position":1,"name":"Startseite","item":"https:\/\/www.sonnenseite.com\/de\/"},{"@type":"ListItem","position":2,"name":"Konzept der B\u00fcrgerbeteiligung an Solarparks bew\u00e4hrt sich"}]},{"@type":"WebSite","@id":"https:\/\/www.sonnenseite.com\/de\/#website","url":"https:\/\/www.sonnenseite.com\/de\/","name":"Sonnenseite","description":"\u00d6kologische Kommunikation mit Franz Alt","publisher":{"@id":"https:\/\/www.sonnenseite.com\/de\/#organization"},"potentialAction":[{"@type":"SearchAction","target":{"@type":"EntryPoint","urlTemplate":"https:\/\/www.sonnenseite.com\/de\/?s={search_term_string}"},"query-input":{"@type":"PropertyValueSpecification","valueRequired":true,"valueName":"search_term_string"}}],"inLanguage":"de"},{"@type":"Organization","@id":"https:\/\/www.sonnenseite.com\/de\/#organization","name":"Sonnenseite","url":"https:\/\/www.sonnenseite.com\/de\/","logo":{"@type":"ImageObject","inLanguage":"de","@id":"https:\/\/www.sonnenseite.com\/de\/#\/schema\/logo\/image\/","url":"https:\/\/www.sonnenseite.com\/wp-content\/uploads\/2020\/05\/Sonnenseite_Logo.png","contentUrl":"https:\/\/www.sonnenseite.com\/wp-content\/uploads\/2020\/05\/Sonnenseite_Logo.png","width":377,"height":90,"caption":"Sonnenseite"},"image":{"@id":"https:\/\/www.sonnenseite.com\/de\/#\/schema\/logo\/image\/"},"sameAs":["https:\/\/www.facebook.com\/pages\/Franz-Alt-SONNENSEITECOM\/221072987903953?fref=ts","https:\/\/x.com\/franzalt","http:\/\/www.youtube.com\/results?search_query&amp;amp;quot;franz_alt&amp;amp;quot;&amp;amp;amp;amp;search_type&amp;amp;amp;amp;aq=f"]},{"@type":"Person","@id":"https:\/\/www.sonnenseite.com\/de\/#\/schema\/person\/6df44691cd9a70d99e140e1116ee8771","name":"sbade","sameAs":["https:\/\/www.sonnenseite.com"]}]}},"_links":{"self":[{"href":"https:\/\/www.sonnenseite.com\/de\/wp-json\/wp\/v2\/posts\/37188","targetHints":{"allow":["GET"]}}],"collection":[{"href":"https:\/\/www.sonnenseite.com\/de\/wp-json\/wp\/v2\/posts"}],"about":[{"href":"https:\/\/www.sonnenseite.com\/de\/wp-json\/wp\/v2\/types\/post"}],"author":[{"embeddable":true,"href":"https:\/\/www.sonnenseite.com\/de\/wp-json\/wp\/v2\/users\/1"}],"replies":[{"embeddable":true,"href":"https:\/\/www.sonnenseite.com\/de\/wp-json\/wp\/v2\/comments?post=37188"}],"version-history":[{"count":0,"href":"https:\/\/www.sonnenseite.com\/de\/wp-json\/wp\/v2\/posts\/37188\/revisions"}],"wp:featuredmedia":[{"embeddable":true,"href":"https:\/\/www.sonnenseite.com\/de\/wp-json\/wp\/v2\/media\/37184"}],"wp:attachment":[{"href":"https:\/\/www.sonnenseite.com\/de\/wp-json\/wp\/v2\/media?parent=37188"}],"wp:term":[{"taxonomy":"category","embeddable":true,"href":"https:\/\/www.sonnenseite.com\/de\/wp-json\/wp\/v2\/categories?post=37188"},{"taxonomy":"post_tag","embeddable":true,"href":"https:\/\/www.sonnenseite.com\/de\/wp-json\/wp\/v2\/tags?post=37188"}],"curies":[{"name":"wp","href":"https:\/\/api.w.org\/{rel}","templated":true}]}}