{"id":39073,"date":"2016-02-15T13:48:51","date_gmt":"2016-02-15T12:48:51","guid":{"rendered":"https:\/\/www.sonnenseite.com\/energie\/norddeutsche-sind-die-staerksten-befuerworter-der-energiewende.html"},"modified":"2016-02-15T13:48:51","modified_gmt":"2016-02-15T12:48:51","slug":"norddeutsche-sind-die-staerksten-befuerworter-der-energiewende","status":"publish","type":"post","link":"https:\/\/www.sonnenseite.com\/de\/energie\/norddeutsche-sind-die-staerksten-befuerworter-der-energiewende\/","title":{"rendered":"Norddeutsche sind die st\u00e4rksten Bef\u00fcrworter der Energiewende"},"content":{"rendered":"<p>Neue forsa-Studie vergleicht die Akzeptanz zur Energiewende zwischen Nord- und S&uuml;ddeutschland &#8211; 60 Prozent der Norddeutschen w&uuml;rden am liebsten Windenergie aus der Region beziehen &#8211; 80 Prozent im Norden bef&uuml;rworten Energiewende, im S&uuml;den 72 Prozent<\/p>\n<p> <!--more--> <\/p>\n<p>Fast genau f&uuml;nf Jahre nach der Nuklearkatastrophe von Fukushima  bef&uuml;rworten die Deutschen weiterhin mit gro&szlig;er Mehrheit die  Energiewende. Dreiviertel der Befragten einer neuen repr&auml;sentativen  forsa-Umfrage im Auftrag des Clusters Erneuerbare Energien Hamburg gaben  an, dass der Ausstieg aus der Atomkraft und die damit verbundene  F&ouml;rderung der Erneuerbaren Energien aus heutiger Sicht richtig war. Die  Norddeutschen sind dabei die st&auml;rksten F&uuml;rsprecher. 80 Prozent der  Befragten aus den Bundesl&auml;ndern Bremen, Hamburg, Niedersachsen und  Schleswig-Holstein gaben an, dass sie die damalige Entscheidung nach wie  vor f&uuml;r richtig halten. In den s&uuml;ddeutschen Bundesl&auml;ndern  Baden-W&uuml;rttemberg und Bayern ist die Zustimmung nicht so hoch &ndash; hier  sind es fast 10 Prozent weniger, die nach wie vor der Energiewende  zustimmen. <\/p>\n<p>&bdquo;Die Menschen im Norden haben durch den Bau vieler neuer  Infrastrukturprojekte wie Windparks, Offshore-Windparks, Umspannwerke  und Bioenergieprojekte mittlerweile gelernt, mit den meisten  Auswirkungen der Energiewende umzugehen. Sie erfahren die Vorteile der  bundesweiten Energiewende bereits im direkten Umfeld, zum Beispiel in  wirtschaftlichen Auswirkungen auf die Region oder im Bekanntenkreis&ldquo;,  erkl&auml;rt <strong>Jan Rispens<\/strong>, Gesch&auml;ftsf&uuml;hrer des Clusters  Erneuerbare Energien Hamburg das Nord-S&uuml;d-Gef&auml;lle. Im S&uuml;den sei die  Unterst&uuml;tzung derzeit noch weniger ausgepr&auml;gt, da die Menschen sensibel  auf die Kostendiskussion und Infrastrukturinvestitionen wie Stromtrassen  reagierten und keine 25-j&auml;hrige Erfahrung mit Windparks vorhanden sei.  &bdquo;Ich bin aber davon &uuml;berzeugt, dass mit fortschreitendem Erfolg der  Energiewende auch hier die Anzahl der Bef&uuml;rworter steigen wird&ldquo;,  prognostiziert der Cluster-Gesch&auml;ftsf&uuml;hrer.<\/p>\n<p><strong>Norddeutsche w&uuml;rden bevorzugt regionalen Windstrom beziehen<\/strong><\/p>\n<p>60 Prozent der norddeutschen Befragten w&uuml;rden, wenn es m&ouml;glich w&auml;re,  bevorzugt den Strom beziehen, der in der N&auml;he ihres Wohnortes mithilfe  von Windenergieanlagen erzeugt wird. In S&uuml;ddeutschland liegt der Anteil  nur bei 55 Prozent. In Bayern und Baden-W&uuml;rttemberg spielt es f&uuml;r 42  Prozent der Befragten keine Rolle, woher sie ihren Strom beziehen, in  Norddeutschland sind dies nur 36 Prozent. &bdquo;F&uuml;r die Norddeutschen geh&ouml;ren  Windkraftr&auml;der mittlerweile fast in jedem Landkreis zum  Landschaftsbild. Da liegt es nahe, dass sich die Menschen  dementsprechend auch w&uuml;nschen, sauberen Strom von diesen Anlagen zu  beziehen&ldquo;, sagt <strong>Rispens<\/strong>.<\/p>\n<p><strong>Zwei von drei Deutschen haben nichts gegen Windenergieanlagen in Wohnortn&auml;he<\/strong><\/p>\n<p>Bei der Akzeptanz von Windparks in ihrer N&auml;he sind sich die Nord- und  S&uuml;ddeutschen fast einig. Eine Zweidrittelmehrheit (68 Prozent) aller  Befragten ist voll und ganz damit einverstanden, wenn in der N&auml;he ihres  Wohnortes Windenergieanlagen gebaut werden. Die Befragten aus  Norddeutschland akzeptieren solche Bauvorhaben noch eher als ihre  s&uuml;ddeutschen Mitb&uuml;rger. Im Norden sind es sogar 75 Prozent, die  Windparks in ihrer N&auml;he positiv sehen; hier liegt der S&uuml;den mit 71  Prozent Zustimmung etwas niedriger. Bundesweit sind &uuml;brigens die  J&uuml;ngeren zwischen 18 und 29 Jahren mit Abstand am aufgeschlossensten.  Ganze 83 Prozent von ihnen w&auml;ren mit dem Bau von Windenergieanlagen im  nahen Wohnumfeld einverstanden.<\/p>\n<p><strong>H&auml;lfte der Befragten mit dem Bau einer Stromtrasse in Wohnortn&auml;he einverstanden<\/strong><\/p>\n<p>Im Gegensatz zu Windkraftwerken ist die Bev&ouml;lkerung gegen&uuml;ber dem Bau  von Stromtrassen in der N&auml;he des eigenen Wohnortes skeptischer  eingestellt: Bundesweit ist eine knappe Mehrheit von 52 Prozent damit  einverstanden, wenn eine Stromtrasse vor der eigenen Haust&uuml;r gebaut  wird. &bdquo;Dabei kann die Energiewende ohne neue leistungsstarke  Stromtrassen in Deutschland nicht gemeistert werden&ldquo;, warnt <strong>Rispens<\/strong>.  Der Strom aus Windkraft muss dorthin transportiert werden, wo die  gro&szlig;en Abnehmerregionen sind &ndash; zum Beispiel von Offshore-Windanlagen in  der Nordsee bis hin zu den Alpen. Die Nord- und S&uuml;ddeutschen geben bei  dieser Frage ein identisches Stimmungsbild ab und sind gleicherma&szlig;en  verhalten.<\/p>\n<p>&bdquo;Die Menschen sind noch zu wenig dar&uuml;ber aufgekl&auml;rt, warum wir neue  Stromtrassen ben&ouml;tigen und was die wirklichen Risiken f&uuml;r Umwelt und  Gesundheit sind&ldquo;, erkl&auml;rt <strong>Rispens<\/strong>. Die J&uuml;ngsten sind  auch hier aktuell die &uuml;berdurchschnittlich toleranteste  Bev&ouml;lkerungsgruppe. Bundesweit w&uuml;rden 60 Prozent der 18- bis 29-J&auml;hrigen  den Bau einer Stromtrasse im nahen Wohnumfeld zulassen. <strong>Rispens<\/strong>  fordert: &bdquo;Die Ergebnisse sind eindeutig &ndash; wir d&uuml;rfen nicht &uuml;ber den  Kopf der Menschen hinweg entscheiden, sondern m&uuml;ssen st&auml;rker in den  Dialog gehen, Aufkl&auml;rung betreiben und intelligente technische L&ouml;sungen  entwickeln. Bei der Jugend scheint die Aufkl&auml;rung erfreulicherweise  schon zu einer h&ouml;heren Akzeptanz gef&uuml;hrt zu haben.&ldquo;<\/p>\n<p><strong><\/strong><\/p>\n<div class=\"link\">\n<ul>\n<li><a href=\"http:\/\/www.erneuerbare-energien-hamburg.de\/sonstiges.html?file=tl_files\/eehh_files\/downloads\/Sonstiges\/Ergebnisse_forsa-Umfrage_EEHH2016.pdf\" title=\"Ergebnisse forsa-Umfrage zu Akzeptanz der Energiewende 2016\">Ergebnisse forsa-Umfrage zu Akzeptanz der Energiewende 2016<\/a><\/li>\n<\/ul><\/div>\n<p><em><strong>&nbsp;<\/strong><\/em><\/p>\n<h5 class=\"green\">Quelle<\/h5>\n<p><a href=\"http:\/\/www.erneuerbare-energien-hamburg.de\" target=\"_blank\" rel=\"noopener noreferrer\">Erneuerbare Energien Hamburg &#8211; Clusteragentur GmbH 2016<\/a><\/p>\n<div class=\"shariff shariff-align-flex-start shariff-widget-align-flex-start\"><div class=\"ShariffHeadline\">Diese Meldung teilen<\/div><ul class=\"shariff-buttons theme-round orientation-horizontal buttonsize-medium\"><li class=\"shariff-button facebook shariff-nocustomcolor\" style=\"background-color:#4273c8;border-radius:1%\"><a href=\"https:\/\/www.facebook.com\/sharer\/sharer.php?u=https%3A%2F%2Fwww.sonnenseite.com%2Fde%2Fenergie%2Fnorddeutsche-sind-die-staerksten-befuerworter-der-energiewende%2F\" title=\"Bei Facebook teilen\" aria-label=\"Bei Facebook teilen\" role=\"button\" rel=\"nofollow\" class=\"shariff-link\" style=\";border-radius:1%; background-color:#3b5998; color:#fff\" target=\"_blank\"><span class=\"shariff-icon\" style=\"\"><svg width=\"32px\" height=\"20px\" xmlns=\"http:\/\/www.w3.org\/2000\/svg\" viewBox=\"0 0 18 32\"><path fill=\"#3b5998\" d=\"M17.1 0.2v4.7h-2.8q-1.5 0-2.1 0.6t-0.5 1.9v3.4h5.2l-0.7 5.3h-4.5v13.6h-5.5v-13.6h-4.5v-5.3h4.5v-3.9q0-3.3 1.9-5.2t5-1.8q2.6 0 4.1 0.2z\"\/><\/svg><\/span><\/a><\/li><li class=\"shariff-button twitter shariff-nocustomcolor\" style=\"background-color:#595959;border-radius:1%\"><a href=\"https:\/\/twitter.com\/share?url=https%3A%2F%2Fwww.sonnenseite.com%2Fde%2Fenergie%2Fnorddeutsche-sind-die-staerksten-befuerworter-der-energiewende%2F&text=Norddeutsche%20sind%20die%20st%C3%A4rksten%20Bef%C3%BCrworter%20der%20Energiewende\" title=\"Bei X teilen\" aria-label=\"Bei X teilen\" role=\"button\" rel=\"noopener nofollow\" class=\"shariff-link\" style=\";border-radius:1%; background-color:#000; color:#fff\" target=\"_blank\"><span class=\"shariff-icon\" style=\"\"><svg width=\"32px\" height=\"20px\" xmlns=\"http:\/\/www.w3.org\/2000\/svg\" viewBox=\"0 0 24 24\"><path fill=\"#000\" d=\"M14.258 10.152L23.176 0h-2.113l-7.747 8.813L7.133 0H0l9.352 13.328L0 23.973h2.113l8.176-9.309 6.531 9.309h7.133zm-2.895 3.293l-.949-1.328L2.875 1.56h3.246l6.086 8.523.945 1.328 7.91 11.078h-3.246zm0 0\"\/><\/svg><\/span><\/a><\/li><li class=\"shariff-button xing shariff-nocustomcolor\" style=\"background-color:#29888a;border-radius:1%\"><a href=\"https:\/\/www.xing.com\/spi\/shares\/new?url=https%3A%2F%2Fwww.sonnenseite.com%2Fde%2Fenergie%2Fnorddeutsche-sind-die-staerksten-befuerworter-der-energiewende%2F\" title=\"Bei XING teilen\" aria-label=\"Bei XING teilen\" role=\"button\" rel=\"noopener nofollow\" class=\"shariff-link\" style=\";border-radius:1%; background-color:#126567; color:#fff\" target=\"_blank\"><span class=\"shariff-icon\" style=\"\"><svg width=\"32px\" height=\"20px\" xmlns=\"http:\/\/www.w3.org\/2000\/svg\" viewBox=\"0 0 25 32\"><path fill=\"#126567\" d=\"M10.7 11.9q-0.2 0.3-4.6 8.2-0.5 0.8-1.2 0.8h-4.3q-0.4 0-0.5-0.3t0-0.6l4.5-8q0 0 0 0l-2.9-5q-0.2-0.4 0-0.7 0.2-0.3 0.5-0.3h4.3q0.7 0 1.2 0.8zM25.1 0.4q0.2 0.3 0 0.7l-9.4 16.7 6 11q0.2 0.4 0 0.6-0.2 0.3-0.6 0.3h-4.3q-0.7 0-1.2-0.8l-6-11.1q0.3-0.6 9.5-16.8 0.4-0.8 1.2-0.8h4.3q0.4 0 0.5 0.3z\"\/><\/svg><\/span><\/a><\/li><li class=\"shariff-button linkedin shariff-nocustomcolor\" style=\"background-color:#1488bf;border-radius:1%\"><a href=\"https:\/\/www.linkedin.com\/sharing\/share-offsite\/?url=https%3A%2F%2Fwww.sonnenseite.com%2Fde%2Fenergie%2Fnorddeutsche-sind-die-staerksten-befuerworter-der-energiewende%2F\" title=\"Bei LinkedIn teilen\" aria-label=\"Bei LinkedIn teilen\" role=\"button\" rel=\"noopener nofollow\" class=\"shariff-link\" style=\";border-radius:1%; background-color:#0077b5; color:#fff\" target=\"_blank\"><span class=\"shariff-icon\" style=\"\"><svg width=\"32px\" height=\"20px\" xmlns=\"http:\/\/www.w3.org\/2000\/svg\" viewBox=\"0 0 27 32\"><path fill=\"#0077b5\" d=\"M6.2 11.2v17.7h-5.9v-17.7h5.9zM6.6 5.7q0 1.3-0.9 2.2t-2.4 0.9h0q-1.5 0-2.4-0.9t-0.9-2.2 0.9-2.2 2.4-0.9 2.4 0.9 0.9 2.2zM27.4 18.7v10.1h-5.9v-9.5q0-1.9-0.7-2.9t-2.3-1.1q-1.1 0-1.9 0.6t-1.2 1.5q-0.2 0.5-0.2 1.4v9.9h-5.9q0-7.1 0-11.6t0-5.3l0-0.9h5.9v2.6h0q0.4-0.6 0.7-1t1-0.9 1.6-0.8 2-0.3q3 0 4.9 2t1.9 6z\"\/><\/svg><\/span><\/a><\/li><li class=\"shariff-button printer shariff-nocustomcolor\" style=\"background-color:#a8a8a8;border-radius:1%\"><a href=\"javascript:window.print()\" title=\"drucken\" aria-label=\"drucken\" role=\"button\" rel=\"noopener nofollow\" class=\"shariff-link\" style=\";border-radius:1%; background-color:#999; color:#fff\"><span class=\"shariff-icon\" style=\"\"><svg width=\"32px\" height=\"20px\" xmlns=\"http:\/\/www.w3.org\/2000\/svg\" viewBox=\"0 0 30 32\"><path fill=\"#999\" d=\"M6.8 27.4h16v-4.6h-16v4.6zM6.8 16h16v-6.8h-2.8q-0.7 0-1.2-0.5t-0.5-1.2v-2.8h-11.4v11.4zM27.4 17.2q0-0.5-0.3-0.8t-0.8-0.4-0.8 0.4-0.3 0.8 0.3 0.8 0.8 0.3 0.8-0.3 0.3-0.8zM29.7 17.2v7.4q0 0.2-0.2 0.4t-0.4 0.2h-4v2.8q0 0.7-0.5 1.2t-1.2 0.5h-17.2q-0.7 0-1.2-0.5t-0.5-1.2v-2.8h-4q-0.2 0-0.4-0.2t-0.2-0.4v-7.4q0-1.4 1-2.4t2.4-1h1.2v-9.7q0-0.7 0.5-1.2t1.2-0.5h12q0.7 0 1.6 0.4t1.3 0.8l2.7 2.7q0.5 0.5 0.9 1.4t0.4 1.6v4.6h1.1q1.4 0 2.4 1t1 2.4z\"\/><\/svg><\/span><\/a><\/li><li class=\"shariff-button mailto shariff-nocustomcolor\" style=\"background-color:#a8a8a8;border-radius:1%\"><a href=\"mailto:?body=https%3A%2F%2Fwww.sonnenseite.com%2Fde%2Fenergie%2Fnorddeutsche-sind-die-staerksten-befuerworter-der-energiewende%2F&subject=Norddeutsche%20sind%20die%20st%C3%A4rksten%20Bef%C3%BCrworter%20der%20Energiewende\" title=\"Per E-Mail versenden\" aria-label=\"Per E-Mail versenden\" role=\"button\" rel=\"noopener nofollow\" class=\"shariff-link\" style=\";border-radius:1%; background-color:#999; color:#fff\"><span class=\"shariff-icon\" style=\"\"><svg width=\"32px\" height=\"20px\" xmlns=\"http:\/\/www.w3.org\/2000\/svg\" viewBox=\"0 0 32 32\"><path fill=\"#999\" d=\"M32 12.7v14.2q0 1.2-0.8 2t-2 0.9h-26.3q-1.2 0-2-0.9t-0.8-2v-14.2q0.8 0.9 1.8 1.6 6.5 4.4 8.9 6.1 1 0.8 1.6 1.2t1.7 0.9 2 0.4h0.1q0.9 0 2-0.4t1.7-0.9 1.6-1.2q3-2.2 8.9-6.1 1-0.7 1.8-1.6zM32 7.4q0 1.4-0.9 2.7t-2.2 2.2q-6.7 4.7-8.4 5.8-0.2 0.1-0.7 0.5t-1 0.7-0.9 0.6-1.1 0.5-0.9 0.2h-0.1q-0.4 0-0.9-0.2t-1.1-0.5-0.9-0.6-1-0.7-0.7-0.5q-1.6-1.1-4.7-3.2t-3.6-2.6q-1.1-0.7-2.1-2t-1-2.5q0-1.4 0.7-2.3t2.1-0.9h26.3q1.2 0 2 0.8t0.9 2z\"\/><\/svg><\/span><\/a><\/li><\/ul><\/div>","protected":false},"excerpt":{"rendered":"<p>Neue forsa-Studie vergleicht die Akzeptanz zur Energiewende zwischen Nord- und S&uuml;ddeutschland &#8211; 60 Prozent der Norddeutschen [&hellip;]<\/p>\n","protected":false},"author":1,"featured_media":39071,"comment_status":"closed","ping_status":"closed","sticky":false,"template":"","format":"standard","meta":{"inline_featured_image":false,"footnotes":""},"categories":[22],"tags":[],"class_list":["post-39073","post","type-post","status-publish","format-standard","has-post-thumbnail","hentry","category-energie"],"yoast_head":"<!-- This site is optimized with the Yoast SEO plugin v26.5 - https:\/\/yoast.com\/wordpress\/plugins\/seo\/ -->\n<title>Norddeutsche sind die st\u00e4rksten Bef\u00fcrworter der Energiewende - Sonnenseite - \u00d6kologische Kommunikation mit Franz Alt<\/title>\n<meta name=\"description\" content=\"Neue forsa-Studie vergleicht die Akzeptanz zur Energiewende zwischen Nord- und S&uuml;ddeutschland - 60 Prozent der Norddeutschen w&uuml;rden am liebsten\" \/>\n<meta name=\"robots\" content=\"index, follow, max-snippet:-1, max-image-preview:large, max-video-preview:-1\" \/>\n<link rel=\"canonical\" href=\"https:\/\/www.sonnenseite.com\/de\/energie\/norddeutsche-sind-die-staerksten-befuerworter-der-energiewende\/\" \/>\n<meta property=\"og:locale\" content=\"de_DE\" \/>\n<meta property=\"og:type\" content=\"article\" \/>\n<meta property=\"og:title\" content=\"Norddeutsche sind die st\u00e4rksten Bef\u00fcrworter der Energiewende - Sonnenseite - \u00d6kologische Kommunikation mit Franz Alt\" \/>\n<meta property=\"og:description\" content=\"Neue forsa-Studie vergleicht die Akzeptanz zur Energiewende zwischen Nord- und S&uuml;ddeutschland - 60 Prozent der Norddeutschen w&uuml;rden am liebsten\" \/>\n<meta property=\"og:url\" content=\"https:\/\/www.sonnenseite.com\/de\/energie\/norddeutsche-sind-die-staerksten-befuerworter-der-energiewende\/\" \/>\n<meta property=\"og:site_name\" content=\"Sonnenseite\" \/>\n<meta property=\"article:publisher\" content=\"https:\/\/www.facebook.com\/pages\/Franz-Alt-SONNENSEITECOM\/221072987903953?fref=ts\" \/>\n<meta property=\"article:published_time\" content=\"2016-02-15T12:48:51+00:00\" \/>\n<meta property=\"og:image\" content=\"https:\/\/www.sonnenseite.com\/wp-content\/uploads\/2016\/02\/Windenergie_FraukeFeind.jpg\" \/>\n\t<meta property=\"og:image:width\" content=\"770\" \/>\n\t<meta property=\"og:image:height\" content=\"420\" \/>\n\t<meta property=\"og:image:type\" content=\"image\/jpeg\" \/>\n<meta name=\"author\" content=\"sbade\" \/>\n<meta name=\"twitter:card\" content=\"summary_large_image\" \/>\n<meta name=\"twitter:creator\" content=\"@franzalt\" \/>\n<meta name=\"twitter:site\" content=\"@franzalt\" \/>\n<meta name=\"twitter:label1\" content=\"Verfasst von\" \/>\n\t<meta name=\"twitter:data1\" content=\"sbade\" \/>\n\t<meta name=\"twitter:label2\" content=\"Gesch\u00e4tzte Lesezeit\" \/>\n\t<meta name=\"twitter:data2\" content=\"4\u00a0Minuten\" \/>\n<script type=\"application\/ld+json\" class=\"yoast-schema-graph\">{\"@context\":\"https:\/\/schema.org\",\"@graph\":[{\"@type\":\"Article\",\"@id\":\"https:\/\/www.sonnenseite.com\/de\/energie\/norddeutsche-sind-die-staerksten-befuerworter-der-energiewende\/#article\",\"isPartOf\":{\"@id\":\"https:\/\/www.sonnenseite.com\/de\/energie\/norddeutsche-sind-die-staerksten-befuerworter-der-energiewende\/\"},\"author\":{\"name\":\"sbade\",\"@id\":\"https:\/\/www.sonnenseite.com\/de\/#\/schema\/person\/6df44691cd9a70d99e140e1116ee8771\"},\"headline\":\"Norddeutsche sind die st\u00e4rksten Bef\u00fcrworter der Energiewende\",\"datePublished\":\"2016-02-15T12:48:51+00:00\",\"mainEntityOfPage\":{\"@id\":\"https:\/\/www.sonnenseite.com\/de\/energie\/norddeutsche-sind-die-staerksten-befuerworter-der-energiewende\/\"},\"wordCount\":846,\"publisher\":{\"@id\":\"https:\/\/www.sonnenseite.com\/de\/#organization\"},\"image\":{\"@id\":\"https:\/\/www.sonnenseite.com\/de\/energie\/norddeutsche-sind-die-staerksten-befuerworter-der-energiewende\/#primaryimage\"},\"thumbnailUrl\":\"https:\/\/www.sonnenseite.com\/wp-content\/uploads\/2016\/02\/Windenergie_FraukeFeind.jpg\",\"articleSection\":[\"Energie\"],\"inLanguage\":\"de\"},{\"@type\":\"WebPage\",\"@id\":\"https:\/\/www.sonnenseite.com\/de\/energie\/norddeutsche-sind-die-staerksten-befuerworter-der-energiewende\/\",\"url\":\"https:\/\/www.sonnenseite.com\/de\/energie\/norddeutsche-sind-die-staerksten-befuerworter-der-energiewende\/\",\"name\":\"Norddeutsche sind die st\u00e4rksten Bef\u00fcrworter der Energiewende - Sonnenseite - \u00d6kologische Kommunikation mit Franz Alt\",\"isPartOf\":{\"@id\":\"https:\/\/www.sonnenseite.com\/de\/#website\"},\"primaryImageOfPage\":{\"@id\":\"https:\/\/www.sonnenseite.com\/de\/energie\/norddeutsche-sind-die-staerksten-befuerworter-der-energiewende\/#primaryimage\"},\"image\":{\"@id\":\"https:\/\/www.sonnenseite.com\/de\/energie\/norddeutsche-sind-die-staerksten-befuerworter-der-energiewende\/#primaryimage\"},\"thumbnailUrl\":\"https:\/\/www.sonnenseite.com\/wp-content\/uploads\/2016\/02\/Windenergie_FraukeFeind.jpg\",\"datePublished\":\"2016-02-15T12:48:51+00:00\",\"description\":\"Neue forsa-Studie vergleicht die Akzeptanz zur Energiewende zwischen Nord- und S&uuml;ddeutschland - 60 Prozent der Norddeutschen w&uuml;rden am liebsten\",\"breadcrumb\":{\"@id\":\"https:\/\/www.sonnenseite.com\/de\/energie\/norddeutsche-sind-die-staerksten-befuerworter-der-energiewende\/#breadcrumb\"},\"inLanguage\":\"de\",\"potentialAction\":[{\"@type\":\"ReadAction\",\"target\":[\"https:\/\/www.sonnenseite.com\/de\/energie\/norddeutsche-sind-die-staerksten-befuerworter-der-energiewende\/\"]}]},{\"@type\":\"ImageObject\",\"inLanguage\":\"de\",\"@id\":\"https:\/\/www.sonnenseite.com\/de\/energie\/norddeutsche-sind-die-staerksten-befuerworter-der-energiewende\/#primaryimage\",\"url\":\"https:\/\/www.sonnenseite.com\/wp-content\/uploads\/2016\/02\/Windenergie_FraukeFeind.jpg\",\"contentUrl\":\"https:\/\/www.sonnenseite.com\/wp-content\/uploads\/2016\/02\/Windenergie_FraukeFeind.jpg\",\"width\":770,\"height\":420,\"caption\":\"pixabay.com | FraukeFeind\"},{\"@type\":\"BreadcrumbList\",\"@id\":\"https:\/\/www.sonnenseite.com\/de\/energie\/norddeutsche-sind-die-staerksten-befuerworter-der-energiewende\/#breadcrumb\",\"itemListElement\":[{\"@type\":\"ListItem\",\"position\":1,\"name\":\"Startseite\",\"item\":\"https:\/\/www.sonnenseite.com\/de\/\"},{\"@type\":\"ListItem\",\"position\":2,\"name\":\"Norddeutsche sind die st\u00e4rksten Bef\u00fcrworter der Energiewende\"}]},{\"@type\":\"WebSite\",\"@id\":\"https:\/\/www.sonnenseite.com\/de\/#website\",\"url\":\"https:\/\/www.sonnenseite.com\/de\/\",\"name\":\"Sonnenseite\",\"description\":\"\u00d6kologische Kommunikation mit Franz Alt\",\"publisher\":{\"@id\":\"https:\/\/www.sonnenseite.com\/de\/#organization\"},\"potentialAction\":[{\"@type\":\"SearchAction\",\"target\":{\"@type\":\"EntryPoint\",\"urlTemplate\":\"https:\/\/www.sonnenseite.com\/de\/?s={search_term_string}\"},\"query-input\":{\"@type\":\"PropertyValueSpecification\",\"valueRequired\":true,\"valueName\":\"search_term_string\"}}],\"inLanguage\":\"de\"},{\"@type\":\"Organization\",\"@id\":\"https:\/\/www.sonnenseite.com\/de\/#organization\",\"name\":\"Sonnenseite\",\"url\":\"https:\/\/www.sonnenseite.com\/de\/\",\"logo\":{\"@type\":\"ImageObject\",\"inLanguage\":\"de\",\"@id\":\"https:\/\/www.sonnenseite.com\/de\/#\/schema\/logo\/image\/\",\"url\":\"https:\/\/www.sonnenseite.com\/wp-content\/uploads\/2020\/05\/Sonnenseite_Logo.png\",\"contentUrl\":\"https:\/\/www.sonnenseite.com\/wp-content\/uploads\/2020\/05\/Sonnenseite_Logo.png\",\"width\":377,\"height\":90,\"caption\":\"Sonnenseite\"},\"image\":{\"@id\":\"https:\/\/www.sonnenseite.com\/de\/#\/schema\/logo\/image\/\"},\"sameAs\":[\"https:\/\/www.facebook.com\/pages\/Franz-Alt-SONNENSEITECOM\/221072987903953?fref=ts\",\"https:\/\/x.com\/franzalt\",\"http:\/\/www.youtube.com\/results?search_query&amp;amp;quot;franz_alt&amp;amp;quot;&amp;amp;amp;amp;search_type&amp;amp;amp;amp;aq=f\"]},{\"@type\":\"Person\",\"@id\":\"https:\/\/www.sonnenseite.com\/de\/#\/schema\/person\/6df44691cd9a70d99e140e1116ee8771\",\"name\":\"sbade\",\"sameAs\":[\"https:\/\/www.sonnenseite.com\"]}]}<\/script>\n<!-- \/ Yoast SEO plugin. -->","yoast_head_json":{"title":"Norddeutsche sind die st\u00e4rksten Bef\u00fcrworter der Energiewende - Sonnenseite - \u00d6kologische Kommunikation mit Franz Alt","description":"Neue forsa-Studie vergleicht die Akzeptanz zur Energiewende zwischen Nord- und S&uuml;ddeutschland - 60 Prozent der Norddeutschen w&uuml;rden am liebsten","robots":{"index":"index","follow":"follow","max-snippet":"max-snippet:-1","max-image-preview":"max-image-preview:large","max-video-preview":"max-video-preview:-1"},"canonical":"https:\/\/www.sonnenseite.com\/de\/energie\/norddeutsche-sind-die-staerksten-befuerworter-der-energiewende\/","og_locale":"de_DE","og_type":"article","og_title":"Norddeutsche sind die st\u00e4rksten Bef\u00fcrworter der Energiewende - Sonnenseite - \u00d6kologische Kommunikation mit Franz Alt","og_description":"Neue forsa-Studie vergleicht die Akzeptanz zur Energiewende zwischen Nord- und S&uuml;ddeutschland - 60 Prozent der Norddeutschen w&uuml;rden am liebsten","og_url":"https:\/\/www.sonnenseite.com\/de\/energie\/norddeutsche-sind-die-staerksten-befuerworter-der-energiewende\/","og_site_name":"Sonnenseite","article_publisher":"https:\/\/www.facebook.com\/pages\/Franz-Alt-SONNENSEITECOM\/221072987903953?fref=ts","article_published_time":"2016-02-15T12:48:51+00:00","og_image":[{"width":770,"height":420,"url":"https:\/\/www.sonnenseite.com\/wp-content\/uploads\/2016\/02\/Windenergie_FraukeFeind.jpg","type":"image\/jpeg"}],"author":"sbade","twitter_card":"summary_large_image","twitter_creator":"@franzalt","twitter_site":"@franzalt","twitter_misc":{"Verfasst von":"sbade","Gesch\u00e4tzte Lesezeit":"4\u00a0Minuten"},"schema":{"@context":"https:\/\/schema.org","@graph":[{"@type":"Article","@id":"https:\/\/www.sonnenseite.com\/de\/energie\/norddeutsche-sind-die-staerksten-befuerworter-der-energiewende\/#article","isPartOf":{"@id":"https:\/\/www.sonnenseite.com\/de\/energie\/norddeutsche-sind-die-staerksten-befuerworter-der-energiewende\/"},"author":{"name":"sbade","@id":"https:\/\/www.sonnenseite.com\/de\/#\/schema\/person\/6df44691cd9a70d99e140e1116ee8771"},"headline":"Norddeutsche sind die st\u00e4rksten Bef\u00fcrworter der Energiewende","datePublished":"2016-02-15T12:48:51+00:00","mainEntityOfPage":{"@id":"https:\/\/www.sonnenseite.com\/de\/energie\/norddeutsche-sind-die-staerksten-befuerworter-der-energiewende\/"},"wordCount":846,"publisher":{"@id":"https:\/\/www.sonnenseite.com\/de\/#organization"},"image":{"@id":"https:\/\/www.sonnenseite.com\/de\/energie\/norddeutsche-sind-die-staerksten-befuerworter-der-energiewende\/#primaryimage"},"thumbnailUrl":"https:\/\/www.sonnenseite.com\/wp-content\/uploads\/2016\/02\/Windenergie_FraukeFeind.jpg","articleSection":["Energie"],"inLanguage":"de"},{"@type":"WebPage","@id":"https:\/\/www.sonnenseite.com\/de\/energie\/norddeutsche-sind-die-staerksten-befuerworter-der-energiewende\/","url":"https:\/\/www.sonnenseite.com\/de\/energie\/norddeutsche-sind-die-staerksten-befuerworter-der-energiewende\/","name":"Norddeutsche sind die st\u00e4rksten Bef\u00fcrworter der Energiewende - Sonnenseite - \u00d6kologische Kommunikation mit Franz Alt","isPartOf":{"@id":"https:\/\/www.sonnenseite.com\/de\/#website"},"primaryImageOfPage":{"@id":"https:\/\/www.sonnenseite.com\/de\/energie\/norddeutsche-sind-die-staerksten-befuerworter-der-energiewende\/#primaryimage"},"image":{"@id":"https:\/\/www.sonnenseite.com\/de\/energie\/norddeutsche-sind-die-staerksten-befuerworter-der-energiewende\/#primaryimage"},"thumbnailUrl":"https:\/\/www.sonnenseite.com\/wp-content\/uploads\/2016\/02\/Windenergie_FraukeFeind.jpg","datePublished":"2016-02-15T12:48:51+00:00","description":"Neue forsa-Studie vergleicht die Akzeptanz zur Energiewende zwischen Nord- und S&uuml;ddeutschland - 60 Prozent der Norddeutschen w&uuml;rden am liebsten","breadcrumb":{"@id":"https:\/\/www.sonnenseite.com\/de\/energie\/norddeutsche-sind-die-staerksten-befuerworter-der-energiewende\/#breadcrumb"},"inLanguage":"de","potentialAction":[{"@type":"ReadAction","target":["https:\/\/www.sonnenseite.com\/de\/energie\/norddeutsche-sind-die-staerksten-befuerworter-der-energiewende\/"]}]},{"@type":"ImageObject","inLanguage":"de","@id":"https:\/\/www.sonnenseite.com\/de\/energie\/norddeutsche-sind-die-staerksten-befuerworter-der-energiewende\/#primaryimage","url":"https:\/\/www.sonnenseite.com\/wp-content\/uploads\/2016\/02\/Windenergie_FraukeFeind.jpg","contentUrl":"https:\/\/www.sonnenseite.com\/wp-content\/uploads\/2016\/02\/Windenergie_FraukeFeind.jpg","width":770,"height":420,"caption":"pixabay.com | FraukeFeind"},{"@type":"BreadcrumbList","@id":"https:\/\/www.sonnenseite.com\/de\/energie\/norddeutsche-sind-die-staerksten-befuerworter-der-energiewende\/#breadcrumb","itemListElement":[{"@type":"ListItem","position":1,"name":"Startseite","item":"https:\/\/www.sonnenseite.com\/de\/"},{"@type":"ListItem","position":2,"name":"Norddeutsche sind die st\u00e4rksten Bef\u00fcrworter der Energiewende"}]},{"@type":"WebSite","@id":"https:\/\/www.sonnenseite.com\/de\/#website","url":"https:\/\/www.sonnenseite.com\/de\/","name":"Sonnenseite","description":"\u00d6kologische Kommunikation mit Franz Alt","publisher":{"@id":"https:\/\/www.sonnenseite.com\/de\/#organization"},"potentialAction":[{"@type":"SearchAction","target":{"@type":"EntryPoint","urlTemplate":"https:\/\/www.sonnenseite.com\/de\/?s={search_term_string}"},"query-input":{"@type":"PropertyValueSpecification","valueRequired":true,"valueName":"search_term_string"}}],"inLanguage":"de"},{"@type":"Organization","@id":"https:\/\/www.sonnenseite.com\/de\/#organization","name":"Sonnenseite","url":"https:\/\/www.sonnenseite.com\/de\/","logo":{"@type":"ImageObject","inLanguage":"de","@id":"https:\/\/www.sonnenseite.com\/de\/#\/schema\/logo\/image\/","url":"https:\/\/www.sonnenseite.com\/wp-content\/uploads\/2020\/05\/Sonnenseite_Logo.png","contentUrl":"https:\/\/www.sonnenseite.com\/wp-content\/uploads\/2020\/05\/Sonnenseite_Logo.png","width":377,"height":90,"caption":"Sonnenseite"},"image":{"@id":"https:\/\/www.sonnenseite.com\/de\/#\/schema\/logo\/image\/"},"sameAs":["https:\/\/www.facebook.com\/pages\/Franz-Alt-SONNENSEITECOM\/221072987903953?fref=ts","https:\/\/x.com\/franzalt","http:\/\/www.youtube.com\/results?search_query&amp;amp;quot;franz_alt&amp;amp;quot;&amp;amp;amp;amp;search_type&amp;amp;amp;amp;aq=f"]},{"@type":"Person","@id":"https:\/\/www.sonnenseite.com\/de\/#\/schema\/person\/6df44691cd9a70d99e140e1116ee8771","name":"sbade","sameAs":["https:\/\/www.sonnenseite.com"]}]}},"_links":{"self":[{"href":"https:\/\/www.sonnenseite.com\/de\/wp-json\/wp\/v2\/posts\/39073","targetHints":{"allow":["GET"]}}],"collection":[{"href":"https:\/\/www.sonnenseite.com\/de\/wp-json\/wp\/v2\/posts"}],"about":[{"href":"https:\/\/www.sonnenseite.com\/de\/wp-json\/wp\/v2\/types\/post"}],"author":[{"embeddable":true,"href":"https:\/\/www.sonnenseite.com\/de\/wp-json\/wp\/v2\/users\/1"}],"replies":[{"embeddable":true,"href":"https:\/\/www.sonnenseite.com\/de\/wp-json\/wp\/v2\/comments?post=39073"}],"version-history":[{"count":0,"href":"https:\/\/www.sonnenseite.com\/de\/wp-json\/wp\/v2\/posts\/39073\/revisions"}],"wp:featuredmedia":[{"embeddable":true,"href":"https:\/\/www.sonnenseite.com\/de\/wp-json\/wp\/v2\/media\/39071"}],"wp:attachment":[{"href":"https:\/\/www.sonnenseite.com\/de\/wp-json\/wp\/v2\/media?parent=39073"}],"wp:term":[{"taxonomy":"category","embeddable":true,"href":"https:\/\/www.sonnenseite.com\/de\/wp-json\/wp\/v2\/categories?post=39073"},{"taxonomy":"post_tag","embeddable":true,"href":"https:\/\/www.sonnenseite.com\/de\/wp-json\/wp\/v2\/tags?post=39073"}],"curies":[{"name":"wp","href":"https:\/\/api.w.org\/{rel}","templated":true}]}}