{"id":39177,"date":"2016-02-10T12:09:10","date_gmt":"2016-02-10T11:09:10","guid":{"rendered":"https:\/\/www.sonnenseite.com\/unkategorisiert\/fluchtursachen-in-afrika-bekaempfen.html"},"modified":"2020-05-31T21:57:41","modified_gmt":"2020-05-31T19:57:41","slug":"fluchtursachen-in-afrika-bekaempfen","status":"publish","type":"post","link":"https:\/\/www.sonnenseite.com\/de\/franz-alt\/kommentare-interviews\/fluchtursachen-in-afrika-bekaempfen\/","title":{"rendered":"Fluchtursachen in Afrika bek\u00e4mpfen"},"content":{"rendered":"<p>Die wenigsten der 18 Millionen Klima-Fl&uuml;chtlinge, die zurzeit in Afrika unterwegs sind, kommen nach Europa. Aber das k&ouml;nnte sich &auml;ndern, wenn die Fluchtursachen nicht intensiver als bisher bek&auml;mpft werden.<\/p>\n<p> <!--more--> <\/p>\n<p>Das Gros der 1.1 Millionen Immigranten, die 2015 nach Deutschland kamen, sind aus Syrien, Afghanistan oder der Irak hierhergekommen. Nur wenige kamen aus Somalia, Eritrea oder Nigeria. Bev&ouml;lkerungssoziologen gehen jedoch davon aus, dass sich die Bev&ouml;lkerung Afrikas bis zur Mitte des Jahrhunderts verdoppelt.  <\/p>\n<p>Noch immer gibt es in Afrika die meisten Analphabeten. Zwei Defizite behindern bisher die &ouml;konomische Entwicklung unseres Nachbarkontinents haupts&auml;chlich: Afrikas L&auml;nder m&uuml;ssen Lebensmittel einf&uuml;hren und Energie importieren. Das f&uuml;hrt zu einem hohen Handelsdefizit. <\/p>\n<p><a href=\"http:\/\/www.zeit.de\/2016\/04\/afrika-entwicklung-erneuerbare-energien-fluechtlinge-zuwachs-risiko\" target=\"_blank\" rel=\"noopener noreferrer\">Der Bev&ouml;lkerungssoziologe Reiner Klingholz weist in der &bdquo;Zeit&ldquo; darauf hin<\/a>, dass Afrika zwar &uuml;ber ein Viertel aller weltweit nutzbaren Ackerfl&auml;che verf&uuml;gt, aber nur 9% aller Lebensmittel anbaut. Deshalb leiden 200 Millionen Afrikaner Hunger (<a href=\"https:\/\/www.sonnenseite.com\/zukunft\/wetterphaenomen-el-nio-bringt-schleichenden-hunger.html\" target=\"_blank\" rel=\"noopener noreferrer\">Wetterph&auml;nomen El Ni&ntilde;o bringt schleichenden Hunger<\/a>). Zudem ist Afrika geradezu gesegnet mit der ganzen Palette der erneuerbaren Energien, aber s&uuml;dlich der Sahara hat nur jeder Siebte einen Stromanschluss. Aber ohne Energie gibt es keine Entwicklungschance, weil es kein Licht und keine Computer gibt. Hier liegen die k&uuml;nftigen Fluchtursachen.<\/p>\n<p>Energie, Wasser und Bildung sind die S&auml;ulen der &ouml;konomischen Entwicklung. Doch Afrika braucht keine Gro&szlig;kraftwerke wie die Industriestaaten und k&ouml;nnte diese auch gar nicht finanzieren, sondern massenhaft kleine und dezentrale L&ouml;sungen, wof&uuml;r alle Voraussetzungen bestehen. Allein Afrika und die Sonne &ndash; welch eine Chance!<\/p>\n<p>Ein positives Entwicklungsmodell in ganz Afrika ist das mobile Telefon, das in den letzten Jahren einen grandiosen Siegeszug &uuml;ber den gesamten Kontinent antrat.<\/p>\n<p>&bdquo;Die gleiche Chance bieten jetzt die erneuerbaren Energiequellen&ldquo;, schreibt Reiner Klingholz. Stromanschl&uuml;sse bringen gro&szlig;e Entwicklungssch&uuml;be &ndash; so zeigen es bereits tausend Beispiele in allen afrikanischen L&auml;ndern. <\/p>\n<p>Mit Hilfe der erneuerbaren Energien k&ouml;nnen Bauern Lebensmittel verarbeiten und die Lebensmittelproduktion erh&ouml;hen. In Kenia funktionieren bereits viele Geothermie-Kraftwerke, in &Auml;thiopien werden hunderte D&ouml;rfer schon komplett mit Solarstrom versorgt, in <a href=\"https:\/\/www.sonnenseite.com\/energie\/marokko-treibt-energiewende-voran.html\" target=\"_blank\" rel=\"noopener noreferrer\">Marokko werden bald Hundertausende &uuml;ber Solarkraftwerke Stromanschluss<\/a> bekommen&nbsp; und in Nigeria wird Biogas mit Hilfe von Schlachtabf&auml;llen produziert. <\/p>\n<p>&Auml;gypten und S&uuml;dafrika haben Windparks aufgestellt. Doch das sind leider noch Ausnahmen. Aber der gesamte Kontinent hat die Voraussetzung, um sich in 25 bis 30 Jahren zu hundert Prozent erneuerbar selbst versorgen zu k&ouml;nnen.<\/p>\n<p>Industriel&auml;nder sollten auf diesen Ausbau und Aufbau ihre Entwicklungspolitik in Afrika konzentrieren. Nur wenn afrikanische L&auml;nder an dieser k&uuml;nftigen Entwicklung teilhaben k&ouml;nnen, werden die Fluchtursachen beseitigt oder zumindest stark reduziert werden k&ouml;nnen.<\/p>\n<p>&nbsp;<\/p>\n<ul>\n<li><a href=\"http:\/\/www.amazon.de\/gp\/product\/357908643X\/ref=as_li_tl?ie=UTF8&amp;camp=1638&amp;creative=6742&amp;creativeASIN=357908643X&amp;linkCode=as2&amp;tag=drfranzaltferns\" target=\"_blank\" rel=\"noopener noreferrer\">Franz Alt &#8222;Fl&uuml;chtling &ndash; Jesus, der Dalai Lama und andere Vertriebene &ndash; Wie Heimatlose unser Land bereichern&ldquo; | erscheint am 18. Februar 2016<\/a><\/li>\n<li><a href=\"http:\/\/www.goodnews4.de\/video\/item\/franz-alt-zu-fluechtlingskrise-und-globalen-zusammenhaengen\">VIDEO<em> | goodnews4<\/em>-VIDEO-Interview von Christian Frietsch &#8222;Franz Alt zur Fl&uuml;chtlingskrise und globalen Zusammenh&auml;ngen&#8220;<\/a><\/li>\n<li><a href=\"http:\/\/www.amazon.de\/gp\/product\/3518425129\/ref=as_li_tl?ie=UTF8&amp;camp=1638&amp;creative=6742&amp;creativeASIN=3518425129&amp;linkCode=as2&amp;tag=drfranzaltferns\" target=\"_blank\" rel=\"noopener noreferrer\">Martin Caparros &#8222;Der Hunger &#8211; &bdquo;Wie zum Teufel, k&ouml;nnen wir weiterleben, obwohl wir wissen, dass diese Dinge geschehen?&ldquo; &#8211; online bestellen!<\/a><\/li>\n<li><a href=\"http:\/\/www.berlin-institut.org\/publikationen\/discussion-papers\/Jobs_fuer_Afrika.html\" target=\"_blank\" rel=\"noopener noreferrer\">JOBS F&Uuml;R AFRIKA: Wie Nahrungsmittelproduktion und erneuerbare Energien Entwicklung beschleunigen k&ouml;nnen |von Franziska Woellert und Reiner Klingholz<\/a><\/li>\n<\/ul>\n<div class=\"article-images\"><img loading=\"lazy\" decoding=\"async\" width=\"640\" height=\"349\" src=\"https:\/\/www.sonnenseite.com\/wp-content\/uploads\/2016\/02\/solar_afrika.jpg\" class=\"alignleft\" alt=\"Bigi Alt\" srcset=\"https:\/\/www.sonnenseite.com\/wp-content\/uploads\/2016\/02\/solar_afrika.jpg 770w, https:\/\/www.sonnenseite.com\/wp-content\/uploads\/2016\/02\/solar_afrika-300x164.jpg 300w, https:\/\/www.sonnenseite.com\/wp-content\/uploads\/2016\/02\/solar_afrika-768x419.jpg 768w\" sizes=\"auto, (max-width: 640px) 100vw, 640px\" \/><img loading=\"lazy\" decoding=\"async\" width=\"400\" height=\"642\" src=\"https:\/\/www.sonnenseite.com\/wp-content\/uploads\/2016\/02\/FA_Fluechtling400.jpg\" class=\"alignleft\" alt=\"G&uuml;tersloher Verlagshaus\" srcset=\"https:\/\/www.sonnenseite.com\/wp-content\/uploads\/2016\/02\/FA_Fluechtling400.jpg 400w, https:\/\/www.sonnenseite.com\/wp-content\/uploads\/2016\/02\/FA_Fluechtling400-187x300.jpg 187w\" sizes=\"auto, (max-width: 400px) 100vw, 400px\" \/><\/div>\n<h5 class=\"green\">Quelle<\/h5>\n<p><a href=\"mailto:franz_alt@web.de\">FRANZ ALT 2016<\/a><\/p>\n<div class=\"shariff shariff-align-flex-start shariff-widget-align-flex-start\"><div class=\"ShariffHeadline\">Diese Meldung teilen<\/div><ul class=\"shariff-buttons theme-round orientation-horizontal buttonsize-medium\"><li class=\"shariff-button facebook shariff-nocustomcolor\" style=\"background-color:#4273c8;border-radius:1%\"><a href=\"https:\/\/www.facebook.com\/sharer\/sharer.php?u=https%3A%2F%2Fwww.sonnenseite.com%2Fde%2Ffranz-alt%2Fkommentare-interviews%2Ffluchtursachen-in-afrika-bekaempfen%2F\" title=\"Bei Facebook teilen\" aria-label=\"Bei Facebook teilen\" role=\"button\" rel=\"nofollow\" class=\"shariff-link\" style=\";border-radius:1%; background-color:#3b5998; color:#fff\" target=\"_blank\"><span class=\"shariff-icon\" style=\"\"><svg width=\"32px\" height=\"20px\" xmlns=\"http:\/\/www.w3.org\/2000\/svg\" viewBox=\"0 0 18 32\"><path fill=\"#3b5998\" d=\"M17.1 0.2v4.7h-2.8q-1.5 0-2.1 0.6t-0.5 1.9v3.4h5.2l-0.7 5.3h-4.5v13.6h-5.5v-13.6h-4.5v-5.3h4.5v-3.9q0-3.3 1.9-5.2t5-1.8q2.6 0 4.1 0.2z\"\/><\/svg><\/span><\/a><\/li><li class=\"shariff-button twitter shariff-nocustomcolor\" style=\"background-color:#595959;border-radius:1%\"><a href=\"https:\/\/twitter.com\/share?url=https%3A%2F%2Fwww.sonnenseite.com%2Fde%2Ffranz-alt%2Fkommentare-interviews%2Ffluchtursachen-in-afrika-bekaempfen%2F&text=Fluchtursachen%20in%20Afrika%20bek%C3%A4mpfen\" title=\"Bei X teilen\" aria-label=\"Bei X teilen\" role=\"button\" rel=\"noopener nofollow\" class=\"shariff-link\" style=\";border-radius:1%; background-color:#000; color:#fff\" target=\"_blank\"><span class=\"shariff-icon\" style=\"\"><svg width=\"32px\" height=\"20px\" xmlns=\"http:\/\/www.w3.org\/2000\/svg\" viewBox=\"0 0 24 24\"><path fill=\"#000\" d=\"M14.258 10.152L23.176 0h-2.113l-7.747 8.813L7.133 0H0l9.352 13.328L0 23.973h2.113l8.176-9.309 6.531 9.309h7.133zm-2.895 3.293l-.949-1.328L2.875 1.56h3.246l6.086 8.523.945 1.328 7.91 11.078h-3.246zm0 0\"\/><\/svg><\/span><\/a><\/li><li class=\"shariff-button xing shariff-nocustomcolor\" style=\"background-color:#29888a;border-radius:1%\"><a href=\"https:\/\/www.xing.com\/spi\/shares\/new?url=https%3A%2F%2Fwww.sonnenseite.com%2Fde%2Ffranz-alt%2Fkommentare-interviews%2Ffluchtursachen-in-afrika-bekaempfen%2F\" title=\"Bei XING teilen\" aria-label=\"Bei XING teilen\" role=\"button\" rel=\"noopener nofollow\" class=\"shariff-link\" style=\";border-radius:1%; background-color:#126567; color:#fff\" target=\"_blank\"><span class=\"shariff-icon\" style=\"\"><svg width=\"32px\" height=\"20px\" xmlns=\"http:\/\/www.w3.org\/2000\/svg\" viewBox=\"0 0 25 32\"><path fill=\"#126567\" d=\"M10.7 11.9q-0.2 0.3-4.6 8.2-0.5 0.8-1.2 0.8h-4.3q-0.4 0-0.5-0.3t0-0.6l4.5-8q0 0 0 0l-2.9-5q-0.2-0.4 0-0.7 0.2-0.3 0.5-0.3h4.3q0.7 0 1.2 0.8zM25.1 0.4q0.2 0.3 0 0.7l-9.4 16.7 6 11q0.2 0.4 0 0.6-0.2 0.3-0.6 0.3h-4.3q-0.7 0-1.2-0.8l-6-11.1q0.3-0.6 9.5-16.8 0.4-0.8 1.2-0.8h4.3q0.4 0 0.5 0.3z\"\/><\/svg><\/span><\/a><\/li><li class=\"shariff-button linkedin shariff-nocustomcolor\" style=\"background-color:#1488bf;border-radius:1%\"><a href=\"https:\/\/www.linkedin.com\/sharing\/share-offsite\/?url=https%3A%2F%2Fwww.sonnenseite.com%2Fde%2Ffranz-alt%2Fkommentare-interviews%2Ffluchtursachen-in-afrika-bekaempfen%2F\" title=\"Bei LinkedIn teilen\" aria-label=\"Bei LinkedIn teilen\" role=\"button\" rel=\"noopener nofollow\" class=\"shariff-link\" style=\";border-radius:1%; background-color:#0077b5; color:#fff\" target=\"_blank\"><span class=\"shariff-icon\" style=\"\"><svg width=\"32px\" height=\"20px\" xmlns=\"http:\/\/www.w3.org\/2000\/svg\" viewBox=\"0 0 27 32\"><path fill=\"#0077b5\" d=\"M6.2 11.2v17.7h-5.9v-17.7h5.9zM6.6 5.7q0 1.3-0.9 2.2t-2.4 0.9h0q-1.5 0-2.4-0.9t-0.9-2.2 0.9-2.2 2.4-0.9 2.4 0.9 0.9 2.2zM27.4 18.7v10.1h-5.9v-9.5q0-1.9-0.7-2.9t-2.3-1.1q-1.1 0-1.9 0.6t-1.2 1.5q-0.2 0.5-0.2 1.4v9.9h-5.9q0-7.1 0-11.6t0-5.3l0-0.9h5.9v2.6h0q0.4-0.6 0.7-1t1-0.9 1.6-0.8 2-0.3q3 0 4.9 2t1.9 6z\"\/><\/svg><\/span><\/a><\/li><li class=\"shariff-button printer shariff-nocustomcolor\" style=\"background-color:#a8a8a8;border-radius:1%\"><a href=\"javascript:window.print()\" title=\"drucken\" aria-label=\"drucken\" role=\"button\" rel=\"noopener nofollow\" class=\"shariff-link\" style=\";border-radius:1%; background-color:#999; color:#fff\"><span class=\"shariff-icon\" style=\"\"><svg width=\"32px\" height=\"20px\" xmlns=\"http:\/\/www.w3.org\/2000\/svg\" viewBox=\"0 0 30 32\"><path fill=\"#999\" d=\"M6.8 27.4h16v-4.6h-16v4.6zM6.8 16h16v-6.8h-2.8q-0.7 0-1.2-0.5t-0.5-1.2v-2.8h-11.4v11.4zM27.4 17.2q0-0.5-0.3-0.8t-0.8-0.4-0.8 0.4-0.3 0.8 0.3 0.8 0.8 0.3 0.8-0.3 0.3-0.8zM29.7 17.2v7.4q0 0.2-0.2 0.4t-0.4 0.2h-4v2.8q0 0.7-0.5 1.2t-1.2 0.5h-17.2q-0.7 0-1.2-0.5t-0.5-1.2v-2.8h-4q-0.2 0-0.4-0.2t-0.2-0.4v-7.4q0-1.4 1-2.4t2.4-1h1.2v-9.7q0-0.7 0.5-1.2t1.2-0.5h12q0.7 0 1.6 0.4t1.3 0.8l2.7 2.7q0.5 0.5 0.9 1.4t0.4 1.6v4.6h1.1q1.4 0 2.4 1t1 2.4z\"\/><\/svg><\/span><\/a><\/li><li class=\"shariff-button mailto shariff-nocustomcolor\" style=\"background-color:#a8a8a8;border-radius:1%\"><a href=\"mailto:?body=https%3A%2F%2Fwww.sonnenseite.com%2Fde%2Ffranz-alt%2Fkommentare-interviews%2Ffluchtursachen-in-afrika-bekaempfen%2F&subject=Fluchtursachen%20in%20Afrika%20bek%C3%A4mpfen\" title=\"Per E-Mail versenden\" aria-label=\"Per E-Mail versenden\" role=\"button\" rel=\"noopener nofollow\" class=\"shariff-link\" style=\";border-radius:1%; background-color:#999; color:#fff\"><span class=\"shariff-icon\" style=\"\"><svg width=\"32px\" height=\"20px\" xmlns=\"http:\/\/www.w3.org\/2000\/svg\" viewBox=\"0 0 32 32\"><path fill=\"#999\" d=\"M32 12.7v14.2q0 1.2-0.8 2t-2 0.9h-26.3q-1.2 0-2-0.9t-0.8-2v-14.2q0.8 0.9 1.8 1.6 6.5 4.4 8.9 6.1 1 0.8 1.6 1.2t1.7 0.9 2 0.4h0.1q0.9 0 2-0.4t1.7-0.9 1.6-1.2q3-2.2 8.9-6.1 1-0.7 1.8-1.6zM32 7.4q0 1.4-0.9 2.7t-2.2 2.2q-6.7 4.7-8.4 5.8-0.2 0.1-0.7 0.5t-1 0.7-0.9 0.6-1.1 0.5-0.9 0.2h-0.1q-0.4 0-0.9-0.2t-1.1-0.5-0.9-0.6-1-0.7-0.7-0.5q-1.6-1.1-4.7-3.2t-3.6-2.6q-1.1-0.7-2.1-2t-1-2.5q0-1.4 0.7-2.3t2.1-0.9h26.3q1.2 0 2 0.8t0.9 2z\"\/><\/svg><\/span><\/a><\/li><\/ul><\/div>","protected":false},"excerpt":{"rendered":"<p>Die wenigsten der 18 Millionen Klima-Fl&uuml;chtlinge, die zurzeit in Afrika unterwegs sind, kommen nach Europa. Aber [&hellip;]<\/p>\n","protected":false},"author":1,"featured_media":6044,"comment_status":"closed","ping_status":"closed","sticky":false,"template":"","format":"standard","meta":{"inline_featured_image":false,"footnotes":""},"categories":[29],"tags":[],"class_list":["post-39177","post","type-post","status-publish","format-standard","has-post-thumbnail","hentry","category-kommentare-interviews"],"yoast_head":"<!-- This site is optimized with the Yoast SEO plugin v26.5 - https:\/\/yoast.com\/wordpress\/plugins\/seo\/ -->\n<title>Fluchtursachen in Afrika bek\u00e4mpfen - Sonnenseite - \u00d6kologische Kommunikation mit Franz Alt<\/title>\n<meta name=\"description\" content=\"Die wenigsten der 18 Millionen Klima-Fl&uuml;chtlinge, die zurzeit in Afrika unterwegs sind, kommen nach Europa. Aber das k&ouml;nnte sich &auml;ndern,\" \/>\n<meta name=\"robots\" content=\"index, follow, max-snippet:-1, max-image-preview:large, max-video-preview:-1\" \/>\n<link rel=\"canonical\" href=\"https:\/\/www.sonnenseite.com\/de\/franz-alt\/kommentare-interviews\/fluchtursachen-in-afrika-bekaempfen\/\" \/>\n<meta property=\"og:locale\" content=\"de_DE\" \/>\n<meta property=\"og:type\" content=\"article\" \/>\n<meta property=\"og:title\" content=\"Fluchtursachen in Afrika bek\u00e4mpfen - Sonnenseite - \u00d6kologische Kommunikation mit Franz Alt\" \/>\n<meta property=\"og:description\" content=\"Die wenigsten der 18 Millionen Klima-Fl&uuml;chtlinge, die zurzeit in Afrika unterwegs sind, kommen nach Europa. Aber das k&ouml;nnte sich &auml;ndern,\" \/>\n<meta property=\"og:url\" content=\"https:\/\/www.sonnenseite.com\/de\/franz-alt\/kommentare-interviews\/fluchtursachen-in-afrika-bekaempfen\/\" \/>\n<meta property=\"og:site_name\" content=\"Sonnenseite\" \/>\n<meta property=\"article:publisher\" content=\"https:\/\/www.facebook.com\/pages\/Franz-Alt-SONNENSEITECOM\/221072987903953?fref=ts\" \/>\n<meta property=\"article:published_time\" content=\"2016-02-10T11:09:10+00:00\" \/>\n<meta property=\"article:modified_time\" content=\"2020-05-31T19:57:41+00:00\" \/>\n<meta property=\"og:image\" content=\"https:\/\/www.sonnenseite.com\/wp-content\/uploads\/2019\/10\/hungeraf_Lucatof.jpg\" \/>\n\t<meta property=\"og:image:width\" content=\"770\" \/>\n\t<meta property=\"og:image:height\" content=\"420\" \/>\n\t<meta property=\"og:image:type\" content=\"image\/jpeg\" \/>\n<meta name=\"author\" content=\"sbade\" \/>\n<meta name=\"twitter:card\" content=\"summary_large_image\" \/>\n<meta name=\"twitter:creator\" content=\"@franzalt\" \/>\n<meta name=\"twitter:site\" content=\"@franzalt\" \/>\n<meta name=\"twitter:label1\" content=\"Verfasst von\" \/>\n\t<meta name=\"twitter:data1\" content=\"sbade\" \/>\n\t<meta name=\"twitter:label2\" content=\"Gesch\u00e4tzte Lesezeit\" \/>\n\t<meta name=\"twitter:data2\" content=\"3\u00a0Minuten\" \/>\n<script type=\"application\/ld+json\" class=\"yoast-schema-graph\">{\"@context\":\"https:\/\/schema.org\",\"@graph\":[{\"@type\":\"Article\",\"@id\":\"https:\/\/www.sonnenseite.com\/de\/franz-alt\/kommentare-interviews\/fluchtursachen-in-afrika-bekaempfen\/#article\",\"isPartOf\":{\"@id\":\"https:\/\/www.sonnenseite.com\/de\/franz-alt\/kommentare-interviews\/fluchtursachen-in-afrika-bekaempfen\/\"},\"author\":{\"name\":\"sbade\",\"@id\":\"https:\/\/www.sonnenseite.com\/de\/#\/schema\/person\/6df44691cd9a70d99e140e1116ee8771\"},\"headline\":\"Fluchtursachen in Afrika bek\u00e4mpfen\",\"datePublished\":\"2016-02-10T11:09:10+00:00\",\"dateModified\":\"2020-05-31T19:57:41+00:00\",\"mainEntityOfPage\":{\"@id\":\"https:\/\/www.sonnenseite.com\/de\/franz-alt\/kommentare-interviews\/fluchtursachen-in-afrika-bekaempfen\/\"},\"wordCount\":568,\"publisher\":{\"@id\":\"https:\/\/www.sonnenseite.com\/de\/#organization\"},\"image\":{\"@id\":\"https:\/\/www.sonnenseite.com\/de\/franz-alt\/kommentare-interviews\/fluchtursachen-in-afrika-bekaempfen\/#primaryimage\"},\"thumbnailUrl\":\"https:\/\/www.sonnenseite.com\/wp-content\/uploads\/2019\/10\/hungeraf_Lucatof.jpg\",\"articleSection\":[\"Kommentare &amp; Interviews\"],\"inLanguage\":\"de\"},{\"@type\":\"WebPage\",\"@id\":\"https:\/\/www.sonnenseite.com\/de\/franz-alt\/kommentare-interviews\/fluchtursachen-in-afrika-bekaempfen\/\",\"url\":\"https:\/\/www.sonnenseite.com\/de\/franz-alt\/kommentare-interviews\/fluchtursachen-in-afrika-bekaempfen\/\",\"name\":\"Fluchtursachen in Afrika bek\u00e4mpfen - Sonnenseite - \u00d6kologische Kommunikation mit Franz Alt\",\"isPartOf\":{\"@id\":\"https:\/\/www.sonnenseite.com\/de\/#website\"},\"primaryImageOfPage\":{\"@id\":\"https:\/\/www.sonnenseite.com\/de\/franz-alt\/kommentare-interviews\/fluchtursachen-in-afrika-bekaempfen\/#primaryimage\"},\"image\":{\"@id\":\"https:\/\/www.sonnenseite.com\/de\/franz-alt\/kommentare-interviews\/fluchtursachen-in-afrika-bekaempfen\/#primaryimage\"},\"thumbnailUrl\":\"https:\/\/www.sonnenseite.com\/wp-content\/uploads\/2019\/10\/hungeraf_Lucatof.jpg\",\"datePublished\":\"2016-02-10T11:09:10+00:00\",\"dateModified\":\"2020-05-31T19:57:41+00:00\",\"description\":\"Die wenigsten der 18 Millionen Klima-Fl&uuml;chtlinge, die zurzeit in Afrika unterwegs sind, kommen nach Europa. Aber das k&ouml;nnte sich &auml;ndern,\",\"breadcrumb\":{\"@id\":\"https:\/\/www.sonnenseite.com\/de\/franz-alt\/kommentare-interviews\/fluchtursachen-in-afrika-bekaempfen\/#breadcrumb\"},\"inLanguage\":\"de\",\"potentialAction\":[{\"@type\":\"ReadAction\",\"target\":[\"https:\/\/www.sonnenseite.com\/de\/franz-alt\/kommentare-interviews\/fluchtursachen-in-afrika-bekaempfen\/\"]}]},{\"@type\":\"ImageObject\",\"inLanguage\":\"de\",\"@id\":\"https:\/\/www.sonnenseite.com\/de\/franz-alt\/kommentare-interviews\/fluchtursachen-in-afrika-bekaempfen\/#primaryimage\",\"url\":\"https:\/\/www.sonnenseite.com\/wp-content\/uploads\/2019\/10\/hungeraf_Lucatof.jpg\",\"contentUrl\":\"https:\/\/www.sonnenseite.com\/wp-content\/uploads\/2019\/10\/hungeraf_Lucatof.jpg\",\"width\":770,\"height\":420,\"caption\":\"Fotolia.com | Lucatof | \\\"Ostafrika kann nicht warten. Die durch Klimaver\u00e4nderungen und COVID-19 verursachte Hungerkrise versch\u00e4rft sich von Tag zu Tag. Oxfam appelliert an alle Geber, die Finanzierungsl\u00fccke des humanit\u00e4ren Appells der Vereinten Nationen dringend zu schlie\u00dfen.\"},{\"@type\":\"BreadcrumbList\",\"@id\":\"https:\/\/www.sonnenseite.com\/de\/franz-alt\/kommentare-interviews\/fluchtursachen-in-afrika-bekaempfen\/#breadcrumb\",\"itemListElement\":[{\"@type\":\"ListItem\",\"position\":1,\"name\":\"Startseite\",\"item\":\"https:\/\/www.sonnenseite.com\/de\/\"},{\"@type\":\"ListItem\",\"position\":2,\"name\":\"Fluchtursachen in Afrika bek\u00e4mpfen\"}]},{\"@type\":\"WebSite\",\"@id\":\"https:\/\/www.sonnenseite.com\/de\/#website\",\"url\":\"https:\/\/www.sonnenseite.com\/de\/\",\"name\":\"Sonnenseite\",\"description\":\"\u00d6kologische Kommunikation mit Franz Alt\",\"publisher\":{\"@id\":\"https:\/\/www.sonnenseite.com\/de\/#organization\"},\"potentialAction\":[{\"@type\":\"SearchAction\",\"target\":{\"@type\":\"EntryPoint\",\"urlTemplate\":\"https:\/\/www.sonnenseite.com\/de\/?s={search_term_string}\"},\"query-input\":{\"@type\":\"PropertyValueSpecification\",\"valueRequired\":true,\"valueName\":\"search_term_string\"}}],\"inLanguage\":\"de\"},{\"@type\":\"Organization\",\"@id\":\"https:\/\/www.sonnenseite.com\/de\/#organization\",\"name\":\"Sonnenseite\",\"url\":\"https:\/\/www.sonnenseite.com\/de\/\",\"logo\":{\"@type\":\"ImageObject\",\"inLanguage\":\"de\",\"@id\":\"https:\/\/www.sonnenseite.com\/de\/#\/schema\/logo\/image\/\",\"url\":\"https:\/\/www.sonnenseite.com\/wp-content\/uploads\/2020\/05\/Sonnenseite_Logo.png\",\"contentUrl\":\"https:\/\/www.sonnenseite.com\/wp-content\/uploads\/2020\/05\/Sonnenseite_Logo.png\",\"width\":377,\"height\":90,\"caption\":\"Sonnenseite\"},\"image\":{\"@id\":\"https:\/\/www.sonnenseite.com\/de\/#\/schema\/logo\/image\/\"},\"sameAs\":[\"https:\/\/www.facebook.com\/pages\/Franz-Alt-SONNENSEITECOM\/221072987903953?fref=ts\",\"https:\/\/x.com\/franzalt\",\"http:\/\/www.youtube.com\/results?search_query&amp;amp;quot;franz_alt&amp;amp;quot;&amp;amp;amp;amp;search_type&amp;amp;amp;amp;aq=f\"]},{\"@type\":\"Person\",\"@id\":\"https:\/\/www.sonnenseite.com\/de\/#\/schema\/person\/6df44691cd9a70d99e140e1116ee8771\",\"name\":\"sbade\",\"sameAs\":[\"https:\/\/www.sonnenseite.com\"]}]}<\/script>\n<!-- \/ Yoast SEO plugin. -->","yoast_head_json":{"title":"Fluchtursachen in Afrika bek\u00e4mpfen - Sonnenseite - \u00d6kologische Kommunikation mit Franz Alt","description":"Die wenigsten der 18 Millionen Klima-Fl&uuml;chtlinge, die zurzeit in Afrika unterwegs sind, kommen nach Europa. Aber das k&ouml;nnte sich &auml;ndern,","robots":{"index":"index","follow":"follow","max-snippet":"max-snippet:-1","max-image-preview":"max-image-preview:large","max-video-preview":"max-video-preview:-1"},"canonical":"https:\/\/www.sonnenseite.com\/de\/franz-alt\/kommentare-interviews\/fluchtursachen-in-afrika-bekaempfen\/","og_locale":"de_DE","og_type":"article","og_title":"Fluchtursachen in Afrika bek\u00e4mpfen - Sonnenseite - \u00d6kologische Kommunikation mit Franz Alt","og_description":"Die wenigsten der 18 Millionen Klima-Fl&uuml;chtlinge, die zurzeit in Afrika unterwegs sind, kommen nach Europa. Aber das k&ouml;nnte sich &auml;ndern,","og_url":"https:\/\/www.sonnenseite.com\/de\/franz-alt\/kommentare-interviews\/fluchtursachen-in-afrika-bekaempfen\/","og_site_name":"Sonnenseite","article_publisher":"https:\/\/www.facebook.com\/pages\/Franz-Alt-SONNENSEITECOM\/221072987903953?fref=ts","article_published_time":"2016-02-10T11:09:10+00:00","article_modified_time":"2020-05-31T19:57:41+00:00","og_image":[{"width":770,"height":420,"url":"https:\/\/www.sonnenseite.com\/wp-content\/uploads\/2019\/10\/hungeraf_Lucatof.jpg","type":"image\/jpeg"}],"author":"sbade","twitter_card":"summary_large_image","twitter_creator":"@franzalt","twitter_site":"@franzalt","twitter_misc":{"Verfasst von":"sbade","Gesch\u00e4tzte Lesezeit":"3\u00a0Minuten"},"schema":{"@context":"https:\/\/schema.org","@graph":[{"@type":"Article","@id":"https:\/\/www.sonnenseite.com\/de\/franz-alt\/kommentare-interviews\/fluchtursachen-in-afrika-bekaempfen\/#article","isPartOf":{"@id":"https:\/\/www.sonnenseite.com\/de\/franz-alt\/kommentare-interviews\/fluchtursachen-in-afrika-bekaempfen\/"},"author":{"name":"sbade","@id":"https:\/\/www.sonnenseite.com\/de\/#\/schema\/person\/6df44691cd9a70d99e140e1116ee8771"},"headline":"Fluchtursachen in Afrika bek\u00e4mpfen","datePublished":"2016-02-10T11:09:10+00:00","dateModified":"2020-05-31T19:57:41+00:00","mainEntityOfPage":{"@id":"https:\/\/www.sonnenseite.com\/de\/franz-alt\/kommentare-interviews\/fluchtursachen-in-afrika-bekaempfen\/"},"wordCount":568,"publisher":{"@id":"https:\/\/www.sonnenseite.com\/de\/#organization"},"image":{"@id":"https:\/\/www.sonnenseite.com\/de\/franz-alt\/kommentare-interviews\/fluchtursachen-in-afrika-bekaempfen\/#primaryimage"},"thumbnailUrl":"https:\/\/www.sonnenseite.com\/wp-content\/uploads\/2019\/10\/hungeraf_Lucatof.jpg","articleSection":["Kommentare &amp; Interviews"],"inLanguage":"de"},{"@type":"WebPage","@id":"https:\/\/www.sonnenseite.com\/de\/franz-alt\/kommentare-interviews\/fluchtursachen-in-afrika-bekaempfen\/","url":"https:\/\/www.sonnenseite.com\/de\/franz-alt\/kommentare-interviews\/fluchtursachen-in-afrika-bekaempfen\/","name":"Fluchtursachen in Afrika bek\u00e4mpfen - Sonnenseite - \u00d6kologische Kommunikation mit Franz Alt","isPartOf":{"@id":"https:\/\/www.sonnenseite.com\/de\/#website"},"primaryImageOfPage":{"@id":"https:\/\/www.sonnenseite.com\/de\/franz-alt\/kommentare-interviews\/fluchtursachen-in-afrika-bekaempfen\/#primaryimage"},"image":{"@id":"https:\/\/www.sonnenseite.com\/de\/franz-alt\/kommentare-interviews\/fluchtursachen-in-afrika-bekaempfen\/#primaryimage"},"thumbnailUrl":"https:\/\/www.sonnenseite.com\/wp-content\/uploads\/2019\/10\/hungeraf_Lucatof.jpg","datePublished":"2016-02-10T11:09:10+00:00","dateModified":"2020-05-31T19:57:41+00:00","description":"Die wenigsten der 18 Millionen Klima-Fl&uuml;chtlinge, die zurzeit in Afrika unterwegs sind, kommen nach Europa. Aber das k&ouml;nnte sich &auml;ndern,","breadcrumb":{"@id":"https:\/\/www.sonnenseite.com\/de\/franz-alt\/kommentare-interviews\/fluchtursachen-in-afrika-bekaempfen\/#breadcrumb"},"inLanguage":"de","potentialAction":[{"@type":"ReadAction","target":["https:\/\/www.sonnenseite.com\/de\/franz-alt\/kommentare-interviews\/fluchtursachen-in-afrika-bekaempfen\/"]}]},{"@type":"ImageObject","inLanguage":"de","@id":"https:\/\/www.sonnenseite.com\/de\/franz-alt\/kommentare-interviews\/fluchtursachen-in-afrika-bekaempfen\/#primaryimage","url":"https:\/\/www.sonnenseite.com\/wp-content\/uploads\/2019\/10\/hungeraf_Lucatof.jpg","contentUrl":"https:\/\/www.sonnenseite.com\/wp-content\/uploads\/2019\/10\/hungeraf_Lucatof.jpg","width":770,"height":420,"caption":"Fotolia.com | Lucatof | \"Ostafrika kann nicht warten. Die durch Klimaver\u00e4nderungen und COVID-19 verursachte Hungerkrise versch\u00e4rft sich von Tag zu Tag. Oxfam appelliert an alle Geber, die Finanzierungsl\u00fccke des humanit\u00e4ren Appells der Vereinten Nationen dringend zu schlie\u00dfen."},{"@type":"BreadcrumbList","@id":"https:\/\/www.sonnenseite.com\/de\/franz-alt\/kommentare-interviews\/fluchtursachen-in-afrika-bekaempfen\/#breadcrumb","itemListElement":[{"@type":"ListItem","position":1,"name":"Startseite","item":"https:\/\/www.sonnenseite.com\/de\/"},{"@type":"ListItem","position":2,"name":"Fluchtursachen in Afrika bek\u00e4mpfen"}]},{"@type":"WebSite","@id":"https:\/\/www.sonnenseite.com\/de\/#website","url":"https:\/\/www.sonnenseite.com\/de\/","name":"Sonnenseite","description":"\u00d6kologische Kommunikation mit Franz Alt","publisher":{"@id":"https:\/\/www.sonnenseite.com\/de\/#organization"},"potentialAction":[{"@type":"SearchAction","target":{"@type":"EntryPoint","urlTemplate":"https:\/\/www.sonnenseite.com\/de\/?s={search_term_string}"},"query-input":{"@type":"PropertyValueSpecification","valueRequired":true,"valueName":"search_term_string"}}],"inLanguage":"de"},{"@type":"Organization","@id":"https:\/\/www.sonnenseite.com\/de\/#organization","name":"Sonnenseite","url":"https:\/\/www.sonnenseite.com\/de\/","logo":{"@type":"ImageObject","inLanguage":"de","@id":"https:\/\/www.sonnenseite.com\/de\/#\/schema\/logo\/image\/","url":"https:\/\/www.sonnenseite.com\/wp-content\/uploads\/2020\/05\/Sonnenseite_Logo.png","contentUrl":"https:\/\/www.sonnenseite.com\/wp-content\/uploads\/2020\/05\/Sonnenseite_Logo.png","width":377,"height":90,"caption":"Sonnenseite"},"image":{"@id":"https:\/\/www.sonnenseite.com\/de\/#\/schema\/logo\/image\/"},"sameAs":["https:\/\/www.facebook.com\/pages\/Franz-Alt-SONNENSEITECOM\/221072987903953?fref=ts","https:\/\/x.com\/franzalt","http:\/\/www.youtube.com\/results?search_query&amp;amp;quot;franz_alt&amp;amp;quot;&amp;amp;amp;amp;search_type&amp;amp;amp;amp;aq=f"]},{"@type":"Person","@id":"https:\/\/www.sonnenseite.com\/de\/#\/schema\/person\/6df44691cd9a70d99e140e1116ee8771","name":"sbade","sameAs":["https:\/\/www.sonnenseite.com"]}]}},"_links":{"self":[{"href":"https:\/\/www.sonnenseite.com\/de\/wp-json\/wp\/v2\/posts\/39177","targetHints":{"allow":["GET"]}}],"collection":[{"href":"https:\/\/www.sonnenseite.com\/de\/wp-json\/wp\/v2\/posts"}],"about":[{"href":"https:\/\/www.sonnenseite.com\/de\/wp-json\/wp\/v2\/types\/post"}],"author":[{"embeddable":true,"href":"https:\/\/www.sonnenseite.com\/de\/wp-json\/wp\/v2\/users\/1"}],"replies":[{"embeddable":true,"href":"https:\/\/www.sonnenseite.com\/de\/wp-json\/wp\/v2\/comments?post=39177"}],"version-history":[{"count":1,"href":"https:\/\/www.sonnenseite.com\/de\/wp-json\/wp\/v2\/posts\/39177\/revisions"}],"predecessor-version":[{"id":43000,"href":"https:\/\/www.sonnenseite.com\/de\/wp-json\/wp\/v2\/posts\/39177\/revisions\/43000"}],"wp:featuredmedia":[{"embeddable":true,"href":"https:\/\/www.sonnenseite.com\/de\/wp-json\/wp\/v2\/media\/6044"}],"wp:attachment":[{"href":"https:\/\/www.sonnenseite.com\/de\/wp-json\/wp\/v2\/media?parent=39177"}],"wp:term":[{"taxonomy":"category","embeddable":true,"href":"https:\/\/www.sonnenseite.com\/de\/wp-json\/wp\/v2\/categories?post=39177"},{"taxonomy":"post_tag","embeddable":true,"href":"https:\/\/www.sonnenseite.com\/de\/wp-json\/wp\/v2\/tags?post=39177"}],"curies":[{"name":"wp","href":"https:\/\/api.w.org\/{rel}","templated":true}]}}