{"id":42505,"date":"2015-09-17T13:21:54","date_gmt":"2015-09-17T11:21:54","guid":{"rendered":"https:\/\/www.sonnenseite.com\/zukunft\/weltbevoelkerung-waechst-bis-2050-staerker-als-angenommen.html"},"modified":"2015-09-17T13:21:54","modified_gmt":"2015-09-17T11:21:54","slug":"weltbevoelkerung-waechst-bis-2050-staerker-als-angenommen","status":"publish","type":"post","link":"https:\/\/www.sonnenseite.com\/de\/zukunft\/weltbevoelkerung-waechst-bis-2050-staerker-als-angenommen\/","title":{"rendered":"Weltbev\u00f6lkerung w\u00e4chst bis 2050 st\u00e4rker als angenommen"},"content":{"rendered":"<p>Die Weltbev&ouml;lkerung wird von heute rund 7,3 Milliarden Menschen bis zum Jahr 2050 auf voraussichtlich 9,7 Milliarden Menschen wachsen.<\/p>\n<p> <!--more--> <\/p>\n<p>Das ergeben die neuen Projektionen der Vereinten Nationen. Im Jahr 2100 werden voraussichtlich sogar 11,2 Milliarden Menschen auf der Erde leben.<\/p>\n<p class=\"bodytext\">Mit dieser neuen Projektion korrigieren die Vereinten Nationen ihre Hochrechnungen aus dem Jahr 2013 um mehr als 170 Millionen Menschen nach oben &ndash; unter anderem weil die Fertilit&auml;tsraten weniger stark sinken, als noch vor zwei Jahren angenommen worden war.&nbsp;<\/p>\n<p class=\"bodytext\">Das Bev&ouml;lkerungswachstum der Zukunft findet fast ausschlie&szlig;lich in Entwicklungsl&auml;ndern statt. In Afrika wird sich die Bev&ouml;lkerung von heute rund 1,2 Milliarden auf voraussichtlich fast 4,4 Milliarden Menschen im Jahr 2100 nahezu vervierfachen. In Europa hingegen wird die Bev&ouml;lkerung leicht abnehmen: Leben hier heute noch 738 Millionen Menschen, werden es am Ende des Jahrhunderts voraussichtlich nur noch 646 Millionen Menschen sein.<\/p>\n<p class=\"bodytext\"><strong>Bev&ouml;lkerungswachstum durch Mangel an Familienplanung<\/strong><br \/>&bdquo;Die Bev&ouml;lkerung w&auml;chst in den &auml;rmsten L&auml;ndern der Welt am schnellsten&ldquo;, sagt Renate B&auml;hr, Gesch&auml;ftsf&uuml;hrerin der Stiftung Weltbev&ouml;lkerung. &bdquo;In L&auml;ndern wie Malawi, Niger und Uganda werden bis 2100 voraussichtlich mindestens f&uuml;nfmal mehr Menschen leben als heute &ndash; vorausgesetzt, dass die Fertilit&auml;tsraten in diesen L&auml;ndern zur&uuml;ckgehen. Wenn die Bev&ouml;lkerung weiterhin so schnell wachsen w&uuml;rde wie heute, w&auml;ren es zum Beispiel in Uganda sogar mehr als 30-mal so viele Menschen. Die Entwicklungschancen w&uuml;rden eingeschr&auml;nkt und die Armutsbek&auml;mpfung erheblich erschwert.&ldquo;<\/p>\n<p>Die UN-Projektionen basieren auf der Annahme, dass die durchschnittliche Fertilit&auml;t in den Entwicklungsl&auml;ndern von heute 2,5 Kindern pro Frau auf zwei Kinder im Jahr 2100 sinken wird. Bedingung daf&uuml;r ist, dass Frauen und Jugendliche in Entwicklungsl&auml;ndern einen besseren Zugang zu Aufkl&auml;rung und freiwilliger Familienplanung erhalten.<\/p>\n<p>&bdquo;Der R&uuml;ckgang der Fertilit&auml;t ist aber keineswegs garantiert&ldquo;, betont Renate B&auml;hr. &bdquo;Denn jedes Jahr werden nach wie vor 74 Millionen Frauen und M&auml;dchen in Entwicklungsl&auml;ndern ungewollt schwanger &ndash; unter anderem weil sie nicht verh&uuml;ten k&ouml;nnen. Dabei ist Familienplanung ein Menschenrecht und zugleich eine wirksame Ma&szlig;nahme zur Armutslinderung. Wenn Frauen und M&auml;dchen frei dar&uuml;ber entscheiden k&ouml;nnen, ob, wann und wie viele Kinder sie bekommen, sind sie und ihre Kinder ges&uuml;nder und wirtschaftlich produktiver. Die Entwicklungschancen armer L&auml;nder verbessern sich dadurch deutlich. 9,4 Milliarden US-Dollar w&uuml;rde es j&auml;hrlich kosten, Frauen und M&auml;dchen in Entwicklungsl&auml;ndern Verh&uuml;tung zu erm&ouml;glichen &ndash; derzeit wird noch nicht einmal die H&auml;lfte in Verh&uuml;tungsmittel, Personal und Gesundheitssysteme investiert. Auch die Bundesregierung muss sich hier st&auml;rker finanziell einbringen.&ldquo;<\/p>\n<p class=\"bodytext\">Die Menschheit wird immer &auml;lter Aus den Projektionen der Vereinten Nationen geht auch hervor, dass die Lebenserwartung der Menschen weltweit von heute 70 Jahren auf voraussichtlich 83 Jahre im Jahr 2100 zunehmen wird. Weltweit wird das Medianalter, das die Bev&ouml;lkerung in eine j&uuml;ngere und eine &auml;ltere H&auml;lfte teilt, von heute 30 Jahren bis 2100 auf voraussichtlich 42 Jahre steigen.<\/p>\n<p class=\"bodytext\"><strong>INFOS:<\/strong><\/p>\n<ul>\n<li><a class=\"download-link basic-class pdf\" href=\"http:\/\/www.weltbevoelkerung.de\/uploads\/tx_news\/Infoblatt_Familienplanung_01_15.pdf\">Infoblatt zu Familienplanung<\/a><\/li>\n<li><a class=\"download-link basic-class pdf\" href=\"http:\/\/www.weltbevoelkerung.de\/uploads\/tx_news\/Highlights__WPP_2015_ohne_Sperrvermerk.pdf\">UN-Bev&ouml;lkerungsprojektionen &ndash; die Highlights<\/a><\/li>\n<li><a class=\"download-link basic-class pdf\" href=\"http:\/\/www.weltbevoelkerung.de\/uploads\/tx_news\/Infoblatt_Grafiken_ohne_Sperrvermerk_final_28.07.15.pdf\">Grafiken zu den Projektionen<\/a><\/li>\n<\/ul>\n<h5 class=\"green\">Quelle<\/h5>\n<p><a href=\"http:\/\/www.weltbevoelkerung.de\" target=\"_blank\" rel=\"noopener noreferrer\">Stiftung Weltbev&ouml;lkerung 2015<\/a><\/p>\n<div class=\"shariff shariff-align-flex-start shariff-widget-align-flex-start\"><div class=\"ShariffHeadline\">Diese Meldung teilen<\/div><ul class=\"shariff-buttons theme-round orientation-horizontal buttonsize-medium\"><li class=\"shariff-button facebook shariff-nocustomcolor\" style=\"background-color:#4273c8;border-radius:1%\"><a href=\"https:\/\/www.facebook.com\/sharer\/sharer.php?u=https%3A%2F%2Fwww.sonnenseite.com%2Fde%2Fzukunft%2Fweltbevoelkerung-waechst-bis-2050-staerker-als-angenommen%2F\" title=\"Bei Facebook teilen\" aria-label=\"Bei Facebook teilen\" role=\"button\" rel=\"nofollow\" class=\"shariff-link\" style=\";border-radius:1%; background-color:#3b5998; color:#fff\" target=\"_blank\"><span class=\"shariff-icon\" style=\"\"><svg width=\"32px\" height=\"20px\" xmlns=\"http:\/\/www.w3.org\/2000\/svg\" viewBox=\"0 0 18 32\"><path fill=\"#3b5998\" d=\"M17.1 0.2v4.7h-2.8q-1.5 0-2.1 0.6t-0.5 1.9v3.4h5.2l-0.7 5.3h-4.5v13.6h-5.5v-13.6h-4.5v-5.3h4.5v-3.9q0-3.3 1.9-5.2t5-1.8q2.6 0 4.1 0.2z\"\/><\/svg><\/span><\/a><\/li><li class=\"shariff-button twitter shariff-nocustomcolor\" style=\"background-color:#595959;border-radius:1%\"><a href=\"https:\/\/twitter.com\/share?url=https%3A%2F%2Fwww.sonnenseite.com%2Fde%2Fzukunft%2Fweltbevoelkerung-waechst-bis-2050-staerker-als-angenommen%2F&text=Weltbev%C3%B6lkerung%20w%C3%A4chst%20bis%202050%20st%C3%A4rker%20als%20angenommen\" title=\"Bei X teilen\" aria-label=\"Bei X teilen\" role=\"button\" rel=\"noopener nofollow\" class=\"shariff-link\" style=\";border-radius:1%; background-color:#000; color:#fff\" target=\"_blank\"><span class=\"shariff-icon\" style=\"\"><svg width=\"32px\" height=\"20px\" xmlns=\"http:\/\/www.w3.org\/2000\/svg\" viewBox=\"0 0 24 24\"><path fill=\"#000\" d=\"M14.258 10.152L23.176 0h-2.113l-7.747 8.813L7.133 0H0l9.352 13.328L0 23.973h2.113l8.176-9.309 6.531 9.309h7.133zm-2.895 3.293l-.949-1.328L2.875 1.56h3.246l6.086 8.523.945 1.328 7.91 11.078h-3.246zm0 0\"\/><\/svg><\/span><\/a><\/li><li class=\"shariff-button xing shariff-nocustomcolor\" style=\"background-color:#29888a;border-radius:1%\"><a href=\"https:\/\/www.xing.com\/spi\/shares\/new?url=https%3A%2F%2Fwww.sonnenseite.com%2Fde%2Fzukunft%2Fweltbevoelkerung-waechst-bis-2050-staerker-als-angenommen%2F\" title=\"Bei XING teilen\" aria-label=\"Bei XING teilen\" role=\"button\" rel=\"noopener nofollow\" class=\"shariff-link\" style=\";border-radius:1%; background-color:#126567; color:#fff\" target=\"_blank\"><span class=\"shariff-icon\" style=\"\"><svg width=\"32px\" height=\"20px\" xmlns=\"http:\/\/www.w3.org\/2000\/svg\" viewBox=\"0 0 25 32\"><path fill=\"#126567\" d=\"M10.7 11.9q-0.2 0.3-4.6 8.2-0.5 0.8-1.2 0.8h-4.3q-0.4 0-0.5-0.3t0-0.6l4.5-8q0 0 0 0l-2.9-5q-0.2-0.4 0-0.7 0.2-0.3 0.5-0.3h4.3q0.7 0 1.2 0.8zM25.1 0.4q0.2 0.3 0 0.7l-9.4 16.7 6 11q0.2 0.4 0 0.6-0.2 0.3-0.6 0.3h-4.3q-0.7 0-1.2-0.8l-6-11.1q0.3-0.6 9.5-16.8 0.4-0.8 1.2-0.8h4.3q0.4 0 0.5 0.3z\"\/><\/svg><\/span><\/a><\/li><li class=\"shariff-button linkedin shariff-nocustomcolor\" style=\"background-color:#1488bf;border-radius:1%\"><a href=\"https:\/\/www.linkedin.com\/sharing\/share-offsite\/?url=https%3A%2F%2Fwww.sonnenseite.com%2Fde%2Fzukunft%2Fweltbevoelkerung-waechst-bis-2050-staerker-als-angenommen%2F\" title=\"Bei LinkedIn teilen\" aria-label=\"Bei LinkedIn teilen\" role=\"button\" rel=\"noopener nofollow\" class=\"shariff-link\" style=\";border-radius:1%; background-color:#0077b5; color:#fff\" target=\"_blank\"><span class=\"shariff-icon\" style=\"\"><svg width=\"32px\" height=\"20px\" xmlns=\"http:\/\/www.w3.org\/2000\/svg\" viewBox=\"0 0 27 32\"><path fill=\"#0077b5\" d=\"M6.2 11.2v17.7h-5.9v-17.7h5.9zM6.6 5.7q0 1.3-0.9 2.2t-2.4 0.9h0q-1.5 0-2.4-0.9t-0.9-2.2 0.9-2.2 2.4-0.9 2.4 0.9 0.9 2.2zM27.4 18.7v10.1h-5.9v-9.5q0-1.9-0.7-2.9t-2.3-1.1q-1.1 0-1.9 0.6t-1.2 1.5q-0.2 0.5-0.2 1.4v9.9h-5.9q0-7.1 0-11.6t0-5.3l0-0.9h5.9v2.6h0q0.4-0.6 0.7-1t1-0.9 1.6-0.8 2-0.3q3 0 4.9 2t1.9 6z\"\/><\/svg><\/span><\/a><\/li><li class=\"shariff-button printer shariff-nocustomcolor\" style=\"background-color:#a8a8a8;border-radius:1%\"><a href=\"javascript:window.print()\" title=\"drucken\" aria-label=\"drucken\" role=\"button\" rel=\"noopener nofollow\" class=\"shariff-link\" style=\";border-radius:1%; background-color:#999; color:#fff\"><span class=\"shariff-icon\" style=\"\"><svg width=\"32px\" height=\"20px\" xmlns=\"http:\/\/www.w3.org\/2000\/svg\" viewBox=\"0 0 30 32\"><path fill=\"#999\" d=\"M6.8 27.4h16v-4.6h-16v4.6zM6.8 16h16v-6.8h-2.8q-0.7 0-1.2-0.5t-0.5-1.2v-2.8h-11.4v11.4zM27.4 17.2q0-0.5-0.3-0.8t-0.8-0.4-0.8 0.4-0.3 0.8 0.3 0.8 0.8 0.3 0.8-0.3 0.3-0.8zM29.7 17.2v7.4q0 0.2-0.2 0.4t-0.4 0.2h-4v2.8q0 0.7-0.5 1.2t-1.2 0.5h-17.2q-0.7 0-1.2-0.5t-0.5-1.2v-2.8h-4q-0.2 0-0.4-0.2t-0.2-0.4v-7.4q0-1.4 1-2.4t2.4-1h1.2v-9.7q0-0.7 0.5-1.2t1.2-0.5h12q0.7 0 1.6 0.4t1.3 0.8l2.7 2.7q0.5 0.5 0.9 1.4t0.4 1.6v4.6h1.1q1.4 0 2.4 1t1 2.4z\"\/><\/svg><\/span><\/a><\/li><li class=\"shariff-button mailto shariff-nocustomcolor\" style=\"background-color:#a8a8a8;border-radius:1%\"><a href=\"mailto:?body=https%3A%2F%2Fwww.sonnenseite.com%2Fde%2Fzukunft%2Fweltbevoelkerung-waechst-bis-2050-staerker-als-angenommen%2F&subject=Weltbev%C3%B6lkerung%20w%C3%A4chst%20bis%202050%20st%C3%A4rker%20als%20angenommen\" title=\"Per E-Mail versenden\" aria-label=\"Per E-Mail versenden\" role=\"button\" rel=\"noopener nofollow\" class=\"shariff-link\" style=\";border-radius:1%; background-color:#999; color:#fff\"><span class=\"shariff-icon\" style=\"\"><svg width=\"32px\" height=\"20px\" xmlns=\"http:\/\/www.w3.org\/2000\/svg\" viewBox=\"0 0 32 32\"><path fill=\"#999\" d=\"M32 12.7v14.2q0 1.2-0.8 2t-2 0.9h-26.3q-1.2 0-2-0.9t-0.8-2v-14.2q0.8 0.9 1.8 1.6 6.5 4.4 8.9 6.1 1 0.8 1.6 1.2t1.7 0.9 2 0.4h0.1q0.9 0 2-0.4t1.7-0.9 1.6-1.2q3-2.2 8.9-6.1 1-0.7 1.8-1.6zM32 7.4q0 1.4-0.9 2.7t-2.2 2.2q-6.7 4.7-8.4 5.8-0.2 0.1-0.7 0.5t-1 0.7-0.9 0.6-1.1 0.5-0.9 0.2h-0.1q-0.4 0-0.9-0.2t-1.1-0.5-0.9-0.6-1-0.7-0.7-0.5q-1.6-1.1-4.7-3.2t-3.6-2.6q-1.1-0.7-2.1-2t-1-2.5q0-1.4 0.7-2.3t2.1-0.9h26.3q1.2 0 2 0.8t0.9 2z\"\/><\/svg><\/span><\/a><\/li><\/ul><\/div>","protected":false},"excerpt":{"rendered":"<p>Die Weltbev&ouml;lkerung wird von heute rund 7,3 Milliarden Menschen bis zum Jahr 2050 auf voraussichtlich 9,7 [&hellip;]<\/p>\n","protected":false},"author":1,"featured_media":42503,"comment_status":"closed","ping_status":"closed","sticky":false,"template":"","format":"standard","meta":{"inline_featured_image":false,"footnotes":""},"categories":[27],"tags":[],"class_list":["post-42505","post","type-post","status-publish","format-standard","has-post-thumbnail","hentry","category-zukunft"],"yoast_head":"<!-- This site is optimized with the Yoast SEO plugin v26.5 - https:\/\/yoast.com\/wordpress\/plugins\/seo\/ -->\n<title>Weltbev\u00f6lkerung w\u00e4chst bis 2050 st\u00e4rker als angenommen - Sonnenseite - \u00d6kologische Kommunikation mit Franz Alt<\/title>\n<meta name=\"description\" content=\"Die Weltbev&ouml;lkerung wird von heute rund 7,3 Milliarden Menschen bis zum Jahr 2050 auf voraussichtlich 9,7 Milliarden Menschen wachsen. Das ergeben\" \/>\n<meta name=\"robots\" content=\"index, follow, max-snippet:-1, max-image-preview:large, max-video-preview:-1\" \/>\n<link rel=\"canonical\" href=\"https:\/\/www.sonnenseite.com\/de\/zukunft\/weltbevoelkerung-waechst-bis-2050-staerker-als-angenommen\/\" \/>\n<meta property=\"og:locale\" content=\"de_DE\" \/>\n<meta property=\"og:type\" content=\"article\" \/>\n<meta property=\"og:title\" content=\"Weltbev\u00f6lkerung w\u00e4chst bis 2050 st\u00e4rker als angenommen - Sonnenseite - \u00d6kologische Kommunikation mit Franz Alt\" \/>\n<meta property=\"og:description\" content=\"Die Weltbev&ouml;lkerung wird von heute rund 7,3 Milliarden Menschen bis zum Jahr 2050 auf voraussichtlich 9,7 Milliarden Menschen wachsen. Das ergeben\" \/>\n<meta property=\"og:url\" content=\"https:\/\/www.sonnenseite.com\/de\/zukunft\/weltbevoelkerung-waechst-bis-2050-staerker-als-angenommen\/\" \/>\n<meta property=\"og:site_name\" content=\"Sonnenseite\" \/>\n<meta property=\"article:publisher\" content=\"https:\/\/www.facebook.com\/pages\/Franz-Alt-SONNENSEITECOM\/221072987903953?fref=ts\" \/>\n<meta property=\"article:published_time\" content=\"2015-09-17T11:21:54+00:00\" \/>\n<meta property=\"og:image\" content=\"https:\/\/www.sonnenseite.com\/wp-content\/uploads\/2015\/09\/weltbevoelkerung_2015.jpg\" \/>\n\t<meta property=\"og:image:width\" content=\"772\" \/>\n\t<meta property=\"og:image:height\" content=\"422\" \/>\n\t<meta property=\"og:image:type\" content=\"image\/jpeg\" \/>\n<meta name=\"author\" content=\"sbade\" \/>\n<meta name=\"twitter:card\" content=\"summary_large_image\" \/>\n<meta name=\"twitter:creator\" content=\"@franzalt\" \/>\n<meta name=\"twitter:site\" content=\"@franzalt\" \/>\n<meta name=\"twitter:label1\" content=\"Verfasst von\" \/>\n\t<meta name=\"twitter:data1\" content=\"sbade\" \/>\n\t<meta name=\"twitter:label2\" content=\"Gesch\u00e4tzte Lesezeit\" \/>\n\t<meta name=\"twitter:data2\" content=\"3\u00a0Minuten\" \/>\n<script type=\"application\/ld+json\" class=\"yoast-schema-graph\">{\"@context\":\"https:\/\/schema.org\",\"@graph\":[{\"@type\":\"Article\",\"@id\":\"https:\/\/www.sonnenseite.com\/de\/zukunft\/weltbevoelkerung-waechst-bis-2050-staerker-als-angenommen\/#article\",\"isPartOf\":{\"@id\":\"https:\/\/www.sonnenseite.com\/de\/zukunft\/weltbevoelkerung-waechst-bis-2050-staerker-als-angenommen\/\"},\"author\":{\"name\":\"sbade\",\"@id\":\"https:\/\/www.sonnenseite.com\/de\/#\/schema\/person\/6df44691cd9a70d99e140e1116ee8771\"},\"headline\":\"Weltbev\u00f6lkerung w\u00e4chst bis 2050 st\u00e4rker als angenommen\",\"datePublished\":\"2015-09-17T11:21:54+00:00\",\"mainEntityOfPage\":{\"@id\":\"https:\/\/www.sonnenseite.com\/de\/zukunft\/weltbevoelkerung-waechst-bis-2050-staerker-als-angenommen\/\"},\"wordCount\":572,\"publisher\":{\"@id\":\"https:\/\/www.sonnenseite.com\/de\/#organization\"},\"image\":{\"@id\":\"https:\/\/www.sonnenseite.com\/de\/zukunft\/weltbevoelkerung-waechst-bis-2050-staerker-als-angenommen\/#primaryimage\"},\"thumbnailUrl\":\"https:\/\/www.sonnenseite.com\/wp-content\/uploads\/2015\/09\/weltbevoelkerung_2015.jpg\",\"articleSection\":[\"Zukunft\"],\"inLanguage\":\"de\"},{\"@type\":\"WebPage\",\"@id\":\"https:\/\/www.sonnenseite.com\/de\/zukunft\/weltbevoelkerung-waechst-bis-2050-staerker-als-angenommen\/\",\"url\":\"https:\/\/www.sonnenseite.com\/de\/zukunft\/weltbevoelkerung-waechst-bis-2050-staerker-als-angenommen\/\",\"name\":\"Weltbev\u00f6lkerung w\u00e4chst bis 2050 st\u00e4rker als angenommen - Sonnenseite - \u00d6kologische Kommunikation mit Franz Alt\",\"isPartOf\":{\"@id\":\"https:\/\/www.sonnenseite.com\/de\/#website\"},\"primaryImageOfPage\":{\"@id\":\"https:\/\/www.sonnenseite.com\/de\/zukunft\/weltbevoelkerung-waechst-bis-2050-staerker-als-angenommen\/#primaryimage\"},\"image\":{\"@id\":\"https:\/\/www.sonnenseite.com\/de\/zukunft\/weltbevoelkerung-waechst-bis-2050-staerker-als-angenommen\/#primaryimage\"},\"thumbnailUrl\":\"https:\/\/www.sonnenseite.com\/wp-content\/uploads\/2015\/09\/weltbevoelkerung_2015.jpg\",\"datePublished\":\"2015-09-17T11:21:54+00:00\",\"description\":\"Die Weltbev&ouml;lkerung wird von heute rund 7,3 Milliarden Menschen bis zum Jahr 2050 auf voraussichtlich 9,7 Milliarden Menschen wachsen. Das ergeben\",\"breadcrumb\":{\"@id\":\"https:\/\/www.sonnenseite.com\/de\/zukunft\/weltbevoelkerung-waechst-bis-2050-staerker-als-angenommen\/#breadcrumb\"},\"inLanguage\":\"de\",\"potentialAction\":[{\"@type\":\"ReadAction\",\"target\":[\"https:\/\/www.sonnenseite.com\/de\/zukunft\/weltbevoelkerung-waechst-bis-2050-staerker-als-angenommen\/\"]}]},{\"@type\":\"ImageObject\",\"inLanguage\":\"de\",\"@id\":\"https:\/\/www.sonnenseite.com\/de\/zukunft\/weltbevoelkerung-waechst-bis-2050-staerker-als-angenommen\/#primaryimage\",\"url\":\"https:\/\/www.sonnenseite.com\/wp-content\/uploads\/2015\/09\/weltbevoelkerung_2015.jpg\",\"contentUrl\":\"https:\/\/www.sonnenseite.com\/wp-content\/uploads\/2015\/09\/weltbevoelkerung_2015.jpg\",\"width\":772,\"height\":422,\"caption\":\"weltbevoelkerung.de\"},{\"@type\":\"BreadcrumbList\",\"@id\":\"https:\/\/www.sonnenseite.com\/de\/zukunft\/weltbevoelkerung-waechst-bis-2050-staerker-als-angenommen\/#breadcrumb\",\"itemListElement\":[{\"@type\":\"ListItem\",\"position\":1,\"name\":\"Startseite\",\"item\":\"https:\/\/www.sonnenseite.com\/de\/\"},{\"@type\":\"ListItem\",\"position\":2,\"name\":\"Weltbev\u00f6lkerung w\u00e4chst bis 2050 st\u00e4rker als angenommen\"}]},{\"@type\":\"WebSite\",\"@id\":\"https:\/\/www.sonnenseite.com\/de\/#website\",\"url\":\"https:\/\/www.sonnenseite.com\/de\/\",\"name\":\"Sonnenseite\",\"description\":\"\u00d6kologische Kommunikation mit Franz Alt\",\"publisher\":{\"@id\":\"https:\/\/www.sonnenseite.com\/de\/#organization\"},\"potentialAction\":[{\"@type\":\"SearchAction\",\"target\":{\"@type\":\"EntryPoint\",\"urlTemplate\":\"https:\/\/www.sonnenseite.com\/de\/?s={search_term_string}\"},\"query-input\":{\"@type\":\"PropertyValueSpecification\",\"valueRequired\":true,\"valueName\":\"search_term_string\"}}],\"inLanguage\":\"de\"},{\"@type\":\"Organization\",\"@id\":\"https:\/\/www.sonnenseite.com\/de\/#organization\",\"name\":\"Sonnenseite\",\"url\":\"https:\/\/www.sonnenseite.com\/de\/\",\"logo\":{\"@type\":\"ImageObject\",\"inLanguage\":\"de\",\"@id\":\"https:\/\/www.sonnenseite.com\/de\/#\/schema\/logo\/image\/\",\"url\":\"https:\/\/www.sonnenseite.com\/wp-content\/uploads\/2020\/05\/Sonnenseite_Logo.png\",\"contentUrl\":\"https:\/\/www.sonnenseite.com\/wp-content\/uploads\/2020\/05\/Sonnenseite_Logo.png\",\"width\":377,\"height\":90,\"caption\":\"Sonnenseite\"},\"image\":{\"@id\":\"https:\/\/www.sonnenseite.com\/de\/#\/schema\/logo\/image\/\"},\"sameAs\":[\"https:\/\/www.facebook.com\/pages\/Franz-Alt-SONNENSEITECOM\/221072987903953?fref=ts\",\"https:\/\/x.com\/franzalt\",\"http:\/\/www.youtube.com\/results?search_query&amp;amp;quot;franz_alt&amp;amp;quot;&amp;amp;amp;amp;search_type&amp;amp;amp;amp;aq=f\"]},{\"@type\":\"Person\",\"@id\":\"https:\/\/www.sonnenseite.com\/de\/#\/schema\/person\/6df44691cd9a70d99e140e1116ee8771\",\"name\":\"sbade\",\"sameAs\":[\"https:\/\/www.sonnenseite.com\"]}]}<\/script>\n<!-- \/ Yoast SEO plugin. -->","yoast_head_json":{"title":"Weltbev\u00f6lkerung w\u00e4chst bis 2050 st\u00e4rker als angenommen - Sonnenseite - \u00d6kologische Kommunikation mit Franz Alt","description":"Die Weltbev&ouml;lkerung wird von heute rund 7,3 Milliarden Menschen bis zum Jahr 2050 auf voraussichtlich 9,7 Milliarden Menschen wachsen. Das ergeben","robots":{"index":"index","follow":"follow","max-snippet":"max-snippet:-1","max-image-preview":"max-image-preview:large","max-video-preview":"max-video-preview:-1"},"canonical":"https:\/\/www.sonnenseite.com\/de\/zukunft\/weltbevoelkerung-waechst-bis-2050-staerker-als-angenommen\/","og_locale":"de_DE","og_type":"article","og_title":"Weltbev\u00f6lkerung w\u00e4chst bis 2050 st\u00e4rker als angenommen - Sonnenseite - \u00d6kologische Kommunikation mit Franz Alt","og_description":"Die Weltbev&ouml;lkerung wird von heute rund 7,3 Milliarden Menschen bis zum Jahr 2050 auf voraussichtlich 9,7 Milliarden Menschen wachsen. Das ergeben","og_url":"https:\/\/www.sonnenseite.com\/de\/zukunft\/weltbevoelkerung-waechst-bis-2050-staerker-als-angenommen\/","og_site_name":"Sonnenseite","article_publisher":"https:\/\/www.facebook.com\/pages\/Franz-Alt-SONNENSEITECOM\/221072987903953?fref=ts","article_published_time":"2015-09-17T11:21:54+00:00","og_image":[{"width":772,"height":422,"url":"https:\/\/www.sonnenseite.com\/wp-content\/uploads\/2015\/09\/weltbevoelkerung_2015.jpg","type":"image\/jpeg"}],"author":"sbade","twitter_card":"summary_large_image","twitter_creator":"@franzalt","twitter_site":"@franzalt","twitter_misc":{"Verfasst von":"sbade","Gesch\u00e4tzte Lesezeit":"3\u00a0Minuten"},"schema":{"@context":"https:\/\/schema.org","@graph":[{"@type":"Article","@id":"https:\/\/www.sonnenseite.com\/de\/zukunft\/weltbevoelkerung-waechst-bis-2050-staerker-als-angenommen\/#article","isPartOf":{"@id":"https:\/\/www.sonnenseite.com\/de\/zukunft\/weltbevoelkerung-waechst-bis-2050-staerker-als-angenommen\/"},"author":{"name":"sbade","@id":"https:\/\/www.sonnenseite.com\/de\/#\/schema\/person\/6df44691cd9a70d99e140e1116ee8771"},"headline":"Weltbev\u00f6lkerung w\u00e4chst bis 2050 st\u00e4rker als angenommen","datePublished":"2015-09-17T11:21:54+00:00","mainEntityOfPage":{"@id":"https:\/\/www.sonnenseite.com\/de\/zukunft\/weltbevoelkerung-waechst-bis-2050-staerker-als-angenommen\/"},"wordCount":572,"publisher":{"@id":"https:\/\/www.sonnenseite.com\/de\/#organization"},"image":{"@id":"https:\/\/www.sonnenseite.com\/de\/zukunft\/weltbevoelkerung-waechst-bis-2050-staerker-als-angenommen\/#primaryimage"},"thumbnailUrl":"https:\/\/www.sonnenseite.com\/wp-content\/uploads\/2015\/09\/weltbevoelkerung_2015.jpg","articleSection":["Zukunft"],"inLanguage":"de"},{"@type":"WebPage","@id":"https:\/\/www.sonnenseite.com\/de\/zukunft\/weltbevoelkerung-waechst-bis-2050-staerker-als-angenommen\/","url":"https:\/\/www.sonnenseite.com\/de\/zukunft\/weltbevoelkerung-waechst-bis-2050-staerker-als-angenommen\/","name":"Weltbev\u00f6lkerung w\u00e4chst bis 2050 st\u00e4rker als angenommen - Sonnenseite - \u00d6kologische Kommunikation mit Franz Alt","isPartOf":{"@id":"https:\/\/www.sonnenseite.com\/de\/#website"},"primaryImageOfPage":{"@id":"https:\/\/www.sonnenseite.com\/de\/zukunft\/weltbevoelkerung-waechst-bis-2050-staerker-als-angenommen\/#primaryimage"},"image":{"@id":"https:\/\/www.sonnenseite.com\/de\/zukunft\/weltbevoelkerung-waechst-bis-2050-staerker-als-angenommen\/#primaryimage"},"thumbnailUrl":"https:\/\/www.sonnenseite.com\/wp-content\/uploads\/2015\/09\/weltbevoelkerung_2015.jpg","datePublished":"2015-09-17T11:21:54+00:00","description":"Die Weltbev&ouml;lkerung wird von heute rund 7,3 Milliarden Menschen bis zum Jahr 2050 auf voraussichtlich 9,7 Milliarden Menschen wachsen. Das ergeben","breadcrumb":{"@id":"https:\/\/www.sonnenseite.com\/de\/zukunft\/weltbevoelkerung-waechst-bis-2050-staerker-als-angenommen\/#breadcrumb"},"inLanguage":"de","potentialAction":[{"@type":"ReadAction","target":["https:\/\/www.sonnenseite.com\/de\/zukunft\/weltbevoelkerung-waechst-bis-2050-staerker-als-angenommen\/"]}]},{"@type":"ImageObject","inLanguage":"de","@id":"https:\/\/www.sonnenseite.com\/de\/zukunft\/weltbevoelkerung-waechst-bis-2050-staerker-als-angenommen\/#primaryimage","url":"https:\/\/www.sonnenseite.com\/wp-content\/uploads\/2015\/09\/weltbevoelkerung_2015.jpg","contentUrl":"https:\/\/www.sonnenseite.com\/wp-content\/uploads\/2015\/09\/weltbevoelkerung_2015.jpg","width":772,"height":422,"caption":"weltbevoelkerung.de"},{"@type":"BreadcrumbList","@id":"https:\/\/www.sonnenseite.com\/de\/zukunft\/weltbevoelkerung-waechst-bis-2050-staerker-als-angenommen\/#breadcrumb","itemListElement":[{"@type":"ListItem","position":1,"name":"Startseite","item":"https:\/\/www.sonnenseite.com\/de\/"},{"@type":"ListItem","position":2,"name":"Weltbev\u00f6lkerung w\u00e4chst bis 2050 st\u00e4rker als angenommen"}]},{"@type":"WebSite","@id":"https:\/\/www.sonnenseite.com\/de\/#website","url":"https:\/\/www.sonnenseite.com\/de\/","name":"Sonnenseite","description":"\u00d6kologische Kommunikation mit Franz Alt","publisher":{"@id":"https:\/\/www.sonnenseite.com\/de\/#organization"},"potentialAction":[{"@type":"SearchAction","target":{"@type":"EntryPoint","urlTemplate":"https:\/\/www.sonnenseite.com\/de\/?s={search_term_string}"},"query-input":{"@type":"PropertyValueSpecification","valueRequired":true,"valueName":"search_term_string"}}],"inLanguage":"de"},{"@type":"Organization","@id":"https:\/\/www.sonnenseite.com\/de\/#organization","name":"Sonnenseite","url":"https:\/\/www.sonnenseite.com\/de\/","logo":{"@type":"ImageObject","inLanguage":"de","@id":"https:\/\/www.sonnenseite.com\/de\/#\/schema\/logo\/image\/","url":"https:\/\/www.sonnenseite.com\/wp-content\/uploads\/2020\/05\/Sonnenseite_Logo.png","contentUrl":"https:\/\/www.sonnenseite.com\/wp-content\/uploads\/2020\/05\/Sonnenseite_Logo.png","width":377,"height":90,"caption":"Sonnenseite"},"image":{"@id":"https:\/\/www.sonnenseite.com\/de\/#\/schema\/logo\/image\/"},"sameAs":["https:\/\/www.facebook.com\/pages\/Franz-Alt-SONNENSEITECOM\/221072987903953?fref=ts","https:\/\/x.com\/franzalt","http:\/\/www.youtube.com\/results?search_query&amp;amp;quot;franz_alt&amp;amp;quot;&amp;amp;amp;amp;search_type&amp;amp;amp;amp;aq=f"]},{"@type":"Person","@id":"https:\/\/www.sonnenseite.com\/de\/#\/schema\/person\/6df44691cd9a70d99e140e1116ee8771","name":"sbade","sameAs":["https:\/\/www.sonnenseite.com"]}]}},"_links":{"self":[{"href":"https:\/\/www.sonnenseite.com\/de\/wp-json\/wp\/v2\/posts\/42505","targetHints":{"allow":["GET"]}}],"collection":[{"href":"https:\/\/www.sonnenseite.com\/de\/wp-json\/wp\/v2\/posts"}],"about":[{"href":"https:\/\/www.sonnenseite.com\/de\/wp-json\/wp\/v2\/types\/post"}],"author":[{"embeddable":true,"href":"https:\/\/www.sonnenseite.com\/de\/wp-json\/wp\/v2\/users\/1"}],"replies":[{"embeddable":true,"href":"https:\/\/www.sonnenseite.com\/de\/wp-json\/wp\/v2\/comments?post=42505"}],"version-history":[{"count":0,"href":"https:\/\/www.sonnenseite.com\/de\/wp-json\/wp\/v2\/posts\/42505\/revisions"}],"wp:featuredmedia":[{"embeddable":true,"href":"https:\/\/www.sonnenseite.com\/de\/wp-json\/wp\/v2\/media\/42503"}],"wp:attachment":[{"href":"https:\/\/www.sonnenseite.com\/de\/wp-json\/wp\/v2\/media?parent=42505"}],"wp:term":[{"taxonomy":"category","embeddable":true,"href":"https:\/\/www.sonnenseite.com\/de\/wp-json\/wp\/v2\/categories?post=42505"},{"taxonomy":"post_tag","embeddable":true,"href":"https:\/\/www.sonnenseite.com\/de\/wp-json\/wp\/v2\/tags?post=42505"}],"curies":[{"name":"wp","href":"https:\/\/api.w.org\/{rel}","templated":true}]}}