{"id":43953,"date":"2015-07-13T14:49:01","date_gmt":"2015-07-13T12:49:01","guid":{"rendered":"https:\/\/www.sonnenseite.com\/umwelt\/klimawandel-ist-mitverantwortlich-fuer-den-starken-rueckgang-an-hummelarten-in-europa-und-nordamerika.html"},"modified":"2015-07-13T14:49:01","modified_gmt":"2015-07-13T12:49:01","slug":"klimawandel-ist-mitverantwortlich-fuer-den-starken-rueckgang-an-hummelarten-in-europa-und-nordamerika","status":"publish","type":"post","link":"https:\/\/www.sonnenseite.com\/de\/umwelt\/klimawandel-ist-mitverantwortlich-fuer-den-starken-rueckgang-an-hummelarten-in-europa-und-nordamerika\/","title":{"rendered":"Klimawandel ist mitverantwortlich f\u00fcr den starken R\u00fcckgang an Hummelarten in Europa und Nordamerika"},"content":{"rendered":"<p>Wie bereits bei anderen Tier- und Pflanzenarten beobachtet, verringert der Klimawandel auch die Lebensr&auml;ume von <a href=\"https:\/\/de.wikipedia.org\/wiki\/Hummeln#Bedeutung_als_Best.C3.A4uberinsekt\" target=\"_blank\" rel=\"noopener noreferrer\">Hummeln<\/a>, die zu den wichtigsten Best&auml;ubern geh&ouml;ren.<\/p>\n<p> <!--more--> <\/p>\n<p>Das schlussfolgert ein internationales Forscherteam nach der Auswertung von Langzeitdaten aus Europa und Nordamerika. Die S&uuml;dgrenze der Verbreitung der meisten Hummelarten habe sich auf beiden Kontinenten innerhalb eines Jahrhunderts bis zu 300 Kilometer nach Norden verschoben, die Nordgrenze dagegen nicht, schreibt das Forscherteam in der aktuellen Ausgabe des Fachblattes Science. Eigenen Angaben zufolge wurden die Auswirkungen des Klimawandels auf die Verbreitungsgrenzen bisher noch nie in diesem Umfang auf zwei Kontinenten untersucht. An der Studie, die von der Universit&auml;t Ottawa in Kanada geleitet wurde, war auch das Helmholtz-Zentrum f&uuml;r Umweltforschung (UFZ) ma&szlig;geblich beteiligt.<strong><br \/><\/strong><\/p>\n<p>Die Frage, wie sich der Klimawandel auf die verschiedenen Tier- und Pflanzenarten bis hin zu den &Ouml;kosystemen und deren Dienstleistungen auswirkt, wird mit zunehmender Erw&auml;rmung immer bedeutsamer. Einen weiteren Beleg, dass der Klimawandel zu einer deutlichen Verschiebung der Lebensr&auml;ume f&uuml;hrt und Lebensgemeinschaften aus verschiedenen Tiergruppen auseinander rei&szlig;en kann, liefert jetzt ein Team von Wissenschaftlerinnen und Wissenschaftlern aus Kanada, den USA, UK, Belgien und Deutschland.<\/p>\n<p>F&uuml;r ihre Studie werteten sie rund 423.000 Beobachtungen von insgesamt 67 Europ&auml;ischen und Nordamerikanischen Hummelarten aus, die seit dem Jahr 1901 gemacht wurden. Dabei wurden die Unterschiede in den n&ouml;rdlichen und s&uuml;dlichen Ausbreitungsgrenzen der einzelnen Arten, die h&ouml;chste und k&auml;lteste Temperatur des Verbreitungsgebietes sowie die durchschnittliche H&ouml;he &uuml;ber dem Meeresspiegel bestimmt. Anschlie&szlig;end verglich das Team die Daten von 1901 bis 1974 mit drei Zeitr&auml;umen in den elf Jahren danach und bestimmte die Trends der Hummelarten. Zus&auml;tzlich wurde die Wirkung von Landnutzungs-Faktoren (z.B. Pestizideinsatz) einbezogen. Trotz deutlicher Unterschiede in der Landnutzung zwischen Nordamerika und Nordeuropa wurden keine Unterschiede im Hinblick auf die Verschiebung der Arealgrenzen der Hummeln beobachtet.<\/p>\n<p>Deutliche Unterschiede gab es dagegen bei der Ausbreitung der Hummeln in vertikaler Richtung. W&auml;hrend sie seit 1974 vor allem im s&uuml;dlichen Europa im Schnitt 300 Meter h&ouml;her in die Gebirge gewandert sind, taten die Hummeln dies im s&uuml;dlichen Nordamerika nur zirka 200 Meter, was an der unterschiedlichen geografischen Ausrichtung der Gebirgsketten liegen k&ouml;nnte.<\/p>\n<p>&bdquo;Im Gegensatz zu anderen Tiergruppen hat es keine Ver&auml;nderungen bei den n&ouml;rdlichen Verbreitungsgrenzen von Hummeln in Europa oder Nordamerika gegeben. Obwohl sich deren Lebensr&auml;ume mit rund +2,5 Grad Celsius deutlich erw&auml;rmt haben, haben es die Hummeln nicht geschafft, mit der Erw&auml;rmung mitzuziehen&ldquo;, erkl&auml;rt Dr. Oliver Schweiger vom UFZ, der die Studie mit verfasst hat. Damit wird klar, dass auch Hummeln nicht mit dem Tempo des Klimawandels mithalten k&ouml;nnen. Da sie zu den wichtigsten Best&auml;ubern geh&ouml;ren, k&ouml;nnte das gravierende Auswirkungen auf den Ertrag von Agrarg&uuml;tern haben. Oliver Schweiger war gemeinsam mit Prof. Pierre Rasmont von der Universit&auml;t Mons in Belgien f&uuml;r die Koordination der Datensammlung der zirka 240.000 Beobachtungen in Europa verantwortlich.<\/p>\n<p>2012 war Schweiger bereits an einer Studie beteiligt, die zeigte, dass in Europa Schmetterlinge im Durchschnitt 135 Kilometer und V&ouml;gel sogar 212 Kilometer gegen&uuml;ber der Temperaturerh&ouml;hung und der Verschiebung ihrer Lebensr&auml;ume zur&uuml;ckliegen.<\/p>\n<p>&#8222;Wir haben bereits rund 300 Kilometer der Verbreitungsgebiete von Hummeln im S&uuml;den Europas und Nordamerikas verloren. Umfang und Tempo dieser Verluste sind beispiellos. Wir brauchen deshalb neue Strategien, diesen Arten zu helfen, mit den Auswirkungen des vom Menschen verursachten Klimawandels zurechtzukommen. Vielleicht, in dem wir sie aktiv unterst&uuml;tzen, in n&ouml;rdliche Gebiete wandern zu k&ouml;nnen&#8220;, fordert Prof. Jeremy T. Kerr von der Universit&auml;t Ottawa, der die nun im Magazin Science publizierte Studie geleitet hat.<\/p>\n<h3 class=\"top15\">Publikation<\/h3>\n<p>Jeremy T. Kerr, Alana Pindar, Paul Galpern, Laurence Packer, Simon G. Potts, Stuart M. Roberts, Pierre Rasmont, Oliver Schweiger, Sheila R. Colla, Leif L. Richardson, David L. Wagner, Lawrence F.Gall, Derek S. Sikes, Alberto Pantoja (2015): <a href=\"http:\/\/www.sciencemag.org\/content\/349\/6244\/177\" target=\"_blank\" rel=\"noopener noreferrer\">&#8222;Climate change impacts on bumblebees converge across continents&#8220; | Science. 09 July 2015.<\/a><\/p>\n<div class=\"article-images\"><img loading=\"lazy\" decoding=\"async\" width=\"640\" height=\"349\" src=\"https:\/\/www.sonnenseite.com\/wp-content\/uploads\/2015\/07\/hummel_Gellinger.jpg\" class=\"alignleft\" alt=\"pixabay.com | Gelllinger\" srcset=\"https:\/\/www.sonnenseite.com\/wp-content\/uploads\/2015\/07\/hummel_Gellinger.jpg 770w, https:\/\/www.sonnenseite.com\/wp-content\/uploads\/2015\/07\/hummel_Gellinger-300x164.jpg 300w, https:\/\/www.sonnenseite.com\/wp-content\/uploads\/2015\/07\/hummel_Gellinger-768x419.jpg 768w\" sizes=\"auto, (max-width: 640px) 100vw, 640px\" \/><\/div>\n<h5 class=\"green\">Quelle<\/h5>\n<p><a href=\"http:\/\/www.ufz.de\/index.php?de=33996\" target=\"_blank\" rel=\"noopener noreferrer\">Helmholtz-Zentrum f&uuml;r Umweltforschung (UFZ) | Tilo Arnhold 2015<\/a><\/p>\n<div class=\"shariff shariff-align-flex-start shariff-widget-align-flex-start\"><div class=\"ShariffHeadline\">Diese Meldung teilen<\/div><ul class=\"shariff-buttons theme-round orientation-horizontal buttonsize-medium\"><li class=\"shariff-button facebook shariff-nocustomcolor\" style=\"background-color:#4273c8;border-radius:1%\"><a href=\"https:\/\/www.facebook.com\/sharer\/sharer.php?u=https%3A%2F%2Fwww.sonnenseite.com%2Fde%2Fumwelt%2Fklimawandel-ist-mitverantwortlich-fuer-den-starken-rueckgang-an-hummelarten-in-europa-und-nordamerika%2F\" title=\"Bei Facebook teilen\" aria-label=\"Bei Facebook teilen\" role=\"button\" rel=\"nofollow\" class=\"shariff-link\" style=\";border-radius:1%; background-color:#3b5998; color:#fff\" target=\"_blank\"><span class=\"shariff-icon\" style=\"\"><svg width=\"32px\" height=\"20px\" xmlns=\"http:\/\/www.w3.org\/2000\/svg\" viewBox=\"0 0 18 32\"><path fill=\"#3b5998\" d=\"M17.1 0.2v4.7h-2.8q-1.5 0-2.1 0.6t-0.5 1.9v3.4h5.2l-0.7 5.3h-4.5v13.6h-5.5v-13.6h-4.5v-5.3h4.5v-3.9q0-3.3 1.9-5.2t5-1.8q2.6 0 4.1 0.2z\"\/><\/svg><\/span><\/a><\/li><li class=\"shariff-button twitter shariff-nocustomcolor\" style=\"background-color:#595959;border-radius:1%\"><a href=\"https:\/\/twitter.com\/share?url=https%3A%2F%2Fwww.sonnenseite.com%2Fde%2Fumwelt%2Fklimawandel-ist-mitverantwortlich-fuer-den-starken-rueckgang-an-hummelarten-in-europa-und-nordamerika%2F&text=Klimawandel%20ist%20mitverantwortlich%20f%C3%BCr%20den%20starken%20R%C3%BCckgang%20an%20Hummelarten%20in%20Europa%20und%20Nordamerika\" title=\"Bei X teilen\" aria-label=\"Bei X teilen\" role=\"button\" rel=\"noopener nofollow\" class=\"shariff-link\" style=\";border-radius:1%; background-color:#000; color:#fff\" target=\"_blank\"><span class=\"shariff-icon\" style=\"\"><svg width=\"32px\" height=\"20px\" xmlns=\"http:\/\/www.w3.org\/2000\/svg\" viewBox=\"0 0 24 24\"><path fill=\"#000\" d=\"M14.258 10.152L23.176 0h-2.113l-7.747 8.813L7.133 0H0l9.352 13.328L0 23.973h2.113l8.176-9.309 6.531 9.309h7.133zm-2.895 3.293l-.949-1.328L2.875 1.56h3.246l6.086 8.523.945 1.328 7.91 11.078h-3.246zm0 0\"\/><\/svg><\/span><\/a><\/li><li class=\"shariff-button xing shariff-nocustomcolor\" style=\"background-color:#29888a;border-radius:1%\"><a href=\"https:\/\/www.xing.com\/spi\/shares\/new?url=https%3A%2F%2Fwww.sonnenseite.com%2Fde%2Fumwelt%2Fklimawandel-ist-mitverantwortlich-fuer-den-starken-rueckgang-an-hummelarten-in-europa-und-nordamerika%2F\" title=\"Bei XING teilen\" aria-label=\"Bei XING teilen\" role=\"button\" rel=\"noopener nofollow\" class=\"shariff-link\" style=\";border-radius:1%; background-color:#126567; color:#fff\" target=\"_blank\"><span class=\"shariff-icon\" style=\"\"><svg width=\"32px\" height=\"20px\" xmlns=\"http:\/\/www.w3.org\/2000\/svg\" viewBox=\"0 0 25 32\"><path fill=\"#126567\" d=\"M10.7 11.9q-0.2 0.3-4.6 8.2-0.5 0.8-1.2 0.8h-4.3q-0.4 0-0.5-0.3t0-0.6l4.5-8q0 0 0 0l-2.9-5q-0.2-0.4 0-0.7 0.2-0.3 0.5-0.3h4.3q0.7 0 1.2 0.8zM25.1 0.4q0.2 0.3 0 0.7l-9.4 16.7 6 11q0.2 0.4 0 0.6-0.2 0.3-0.6 0.3h-4.3q-0.7 0-1.2-0.8l-6-11.1q0.3-0.6 9.5-16.8 0.4-0.8 1.2-0.8h4.3q0.4 0 0.5 0.3z\"\/><\/svg><\/span><\/a><\/li><li class=\"shariff-button linkedin shariff-nocustomcolor\" style=\"background-color:#1488bf;border-radius:1%\"><a href=\"https:\/\/www.linkedin.com\/sharing\/share-offsite\/?url=https%3A%2F%2Fwww.sonnenseite.com%2Fde%2Fumwelt%2Fklimawandel-ist-mitverantwortlich-fuer-den-starken-rueckgang-an-hummelarten-in-europa-und-nordamerika%2F\" title=\"Bei LinkedIn teilen\" aria-label=\"Bei LinkedIn teilen\" role=\"button\" rel=\"noopener nofollow\" class=\"shariff-link\" style=\";border-radius:1%; background-color:#0077b5; color:#fff\" target=\"_blank\"><span class=\"shariff-icon\" style=\"\"><svg width=\"32px\" height=\"20px\" xmlns=\"http:\/\/www.w3.org\/2000\/svg\" viewBox=\"0 0 27 32\"><path fill=\"#0077b5\" d=\"M6.2 11.2v17.7h-5.9v-17.7h5.9zM6.6 5.7q0 1.3-0.9 2.2t-2.4 0.9h0q-1.5 0-2.4-0.9t-0.9-2.2 0.9-2.2 2.4-0.9 2.4 0.9 0.9 2.2zM27.4 18.7v10.1h-5.9v-9.5q0-1.9-0.7-2.9t-2.3-1.1q-1.1 0-1.9 0.6t-1.2 1.5q-0.2 0.5-0.2 1.4v9.9h-5.9q0-7.1 0-11.6t0-5.3l0-0.9h5.9v2.6h0q0.4-0.6 0.7-1t1-0.9 1.6-0.8 2-0.3q3 0 4.9 2t1.9 6z\"\/><\/svg><\/span><\/a><\/li><li class=\"shariff-button printer shariff-nocustomcolor\" style=\"background-color:#a8a8a8;border-radius:1%\"><a href=\"javascript:window.print()\" title=\"drucken\" aria-label=\"drucken\" role=\"button\" rel=\"noopener nofollow\" class=\"shariff-link\" style=\";border-radius:1%; background-color:#999; color:#fff\"><span class=\"shariff-icon\" style=\"\"><svg width=\"32px\" height=\"20px\" xmlns=\"http:\/\/www.w3.org\/2000\/svg\" viewBox=\"0 0 30 32\"><path fill=\"#999\" d=\"M6.8 27.4h16v-4.6h-16v4.6zM6.8 16h16v-6.8h-2.8q-0.7 0-1.2-0.5t-0.5-1.2v-2.8h-11.4v11.4zM27.4 17.2q0-0.5-0.3-0.8t-0.8-0.4-0.8 0.4-0.3 0.8 0.3 0.8 0.8 0.3 0.8-0.3 0.3-0.8zM29.7 17.2v7.4q0 0.2-0.2 0.4t-0.4 0.2h-4v2.8q0 0.7-0.5 1.2t-1.2 0.5h-17.2q-0.7 0-1.2-0.5t-0.5-1.2v-2.8h-4q-0.2 0-0.4-0.2t-0.2-0.4v-7.4q0-1.4 1-2.4t2.4-1h1.2v-9.7q0-0.7 0.5-1.2t1.2-0.5h12q0.7 0 1.6 0.4t1.3 0.8l2.7 2.7q0.5 0.5 0.9 1.4t0.4 1.6v4.6h1.1q1.4 0 2.4 1t1 2.4z\"\/><\/svg><\/span><\/a><\/li><li class=\"shariff-button mailto shariff-nocustomcolor\" style=\"background-color:#a8a8a8;border-radius:1%\"><a href=\"mailto:?body=https%3A%2F%2Fwww.sonnenseite.com%2Fde%2Fumwelt%2Fklimawandel-ist-mitverantwortlich-fuer-den-starken-rueckgang-an-hummelarten-in-europa-und-nordamerika%2F&subject=Klimawandel%20ist%20mitverantwortlich%20f%C3%BCr%20den%20starken%20R%C3%BCckgang%20an%20Hummelarten%20in%20Europa%20und%20Nordamerika\" title=\"Per E-Mail versenden\" aria-label=\"Per E-Mail versenden\" role=\"button\" rel=\"noopener nofollow\" class=\"shariff-link\" style=\";border-radius:1%; background-color:#999; color:#fff\"><span class=\"shariff-icon\" style=\"\"><svg width=\"32px\" height=\"20px\" xmlns=\"http:\/\/www.w3.org\/2000\/svg\" viewBox=\"0 0 32 32\"><path fill=\"#999\" d=\"M32 12.7v14.2q0 1.2-0.8 2t-2 0.9h-26.3q-1.2 0-2-0.9t-0.8-2v-14.2q0.8 0.9 1.8 1.6 6.5 4.4 8.9 6.1 1 0.8 1.6 1.2t1.7 0.9 2 0.4h0.1q0.9 0 2-0.4t1.7-0.9 1.6-1.2q3-2.2 8.9-6.1 1-0.7 1.8-1.6zM32 7.4q0 1.4-0.9 2.7t-2.2 2.2q-6.7 4.7-8.4 5.8-0.2 0.1-0.7 0.5t-1 0.7-0.9 0.6-1.1 0.5-0.9 0.2h-0.1q-0.4 0-0.9-0.2t-1.1-0.5-0.9-0.6-1-0.7-0.7-0.5q-1.6-1.1-4.7-3.2t-3.6-2.6q-1.1-0.7-2.1-2t-1-2.5q0-1.4 0.7-2.3t2.1-0.9h26.3q1.2 0 2 0.8t0.9 2z\"\/><\/svg><\/span><\/a><\/li><\/ul><\/div>","protected":false},"excerpt":{"rendered":"<p>Wie bereits bei anderen Tier- und Pflanzenarten beobachtet, verringert der Klimawandel auch die Lebensr&auml;ume von Hummeln, [&hellip;]<\/p>\n","protected":false},"author":1,"featured_media":18654,"comment_status":"closed","ping_status":"closed","sticky":false,"template":"","format":"standard","meta":{"inline_featured_image":false,"footnotes":""},"categories":[23],"tags":[],"class_list":["post-43953","post","type-post","status-publish","format-standard","has-post-thumbnail","hentry","category-umwelt"],"yoast_head":"<!-- This site is optimized with the Yoast SEO plugin v26.5 - https:\/\/yoast.com\/wordpress\/plugins\/seo\/ -->\n<title>Klimawandel ist mitverantwortlich f\u00fcr den starken R\u00fcckgang an Hummelarten in Europa und Nordamerika - Sonnenseite - \u00d6kologische Kommunikation mit Franz Alt<\/title>\n<meta name=\"description\" content=\"Wie bereits bei anderen Tier- und Pflanzenarten beobachtet, verringert der Klimawandel auch die Lebensr&auml;ume von Hummeln, die zu den wichtigsten\" \/>\n<meta name=\"robots\" content=\"index, follow, max-snippet:-1, max-image-preview:large, max-video-preview:-1\" \/>\n<link rel=\"canonical\" href=\"https:\/\/www.sonnenseite.com\/de\/umwelt\/klimawandel-ist-mitverantwortlich-fuer-den-starken-rueckgang-an-hummelarten-in-europa-und-nordamerika\/\" \/>\n<meta property=\"og:locale\" content=\"de_DE\" \/>\n<meta property=\"og:type\" content=\"article\" \/>\n<meta property=\"og:title\" content=\"Klimawandel ist mitverantwortlich f\u00fcr den starken R\u00fcckgang an Hummelarten in Europa und Nordamerika - Sonnenseite - \u00d6kologische Kommunikation mit Franz Alt\" \/>\n<meta property=\"og:description\" content=\"Wie bereits bei anderen Tier- und Pflanzenarten beobachtet, verringert der Klimawandel auch die Lebensr&auml;ume von Hummeln, die zu den wichtigsten\" \/>\n<meta property=\"og:url\" content=\"https:\/\/www.sonnenseite.com\/de\/umwelt\/klimawandel-ist-mitverantwortlich-fuer-den-starken-rueckgang-an-hummelarten-in-europa-und-nordamerika\/\" \/>\n<meta property=\"og:site_name\" content=\"Sonnenseite\" \/>\n<meta property=\"article:publisher\" content=\"https:\/\/www.facebook.com\/pages\/Franz-Alt-SONNENSEITECOM\/221072987903953?fref=ts\" \/>\n<meta property=\"article:published_time\" content=\"2015-07-13T12:49:01+00:00\" \/>\n<meta property=\"og:image\" content=\"https:\/\/www.sonnenseite.com\/wp-content\/uploads\/2018\/04\/hummel_bella67.jpg\" \/>\n\t<meta property=\"og:image:width\" content=\"770\" \/>\n\t<meta property=\"og:image:height\" content=\"420\" \/>\n\t<meta property=\"og:image:type\" content=\"image\/jpeg\" \/>\n<meta name=\"author\" content=\"sbade\" \/>\n<meta name=\"twitter:card\" content=\"summary_large_image\" \/>\n<meta name=\"twitter:creator\" content=\"@franzalt\" \/>\n<meta name=\"twitter:site\" content=\"@franzalt\" \/>\n<meta name=\"twitter:label1\" content=\"Verfasst von\" \/>\n\t<meta name=\"twitter:data1\" content=\"sbade\" \/>\n\t<meta name=\"twitter:label2\" content=\"Gesch\u00e4tzte Lesezeit\" \/>\n\t<meta name=\"twitter:data2\" content=\"3\u00a0Minuten\" \/>\n<script type=\"application\/ld+json\" class=\"yoast-schema-graph\">{\"@context\":\"https:\/\/schema.org\",\"@graph\":[{\"@type\":\"Article\",\"@id\":\"https:\/\/www.sonnenseite.com\/de\/umwelt\/klimawandel-ist-mitverantwortlich-fuer-den-starken-rueckgang-an-hummelarten-in-europa-und-nordamerika\/#article\",\"isPartOf\":{\"@id\":\"https:\/\/www.sonnenseite.com\/de\/umwelt\/klimawandel-ist-mitverantwortlich-fuer-den-starken-rueckgang-an-hummelarten-in-europa-und-nordamerika\/\"},\"author\":{\"name\":\"sbade\",\"@id\":\"https:\/\/www.sonnenseite.com\/de\/#\/schema\/person\/6df44691cd9a70d99e140e1116ee8771\"},\"headline\":\"Klimawandel ist mitverantwortlich f\u00fcr den starken R\u00fcckgang an Hummelarten in Europa und Nordamerika\",\"datePublished\":\"2015-07-13T12:49:01+00:00\",\"mainEntityOfPage\":{\"@id\":\"https:\/\/www.sonnenseite.com\/de\/umwelt\/klimawandel-ist-mitverantwortlich-fuer-den-starken-rueckgang-an-hummelarten-in-europa-und-nordamerika\/\"},\"wordCount\":713,\"publisher\":{\"@id\":\"https:\/\/www.sonnenseite.com\/de\/#organization\"},\"image\":{\"@id\":\"https:\/\/www.sonnenseite.com\/de\/umwelt\/klimawandel-ist-mitverantwortlich-fuer-den-starken-rueckgang-an-hummelarten-in-europa-und-nordamerika\/#primaryimage\"},\"thumbnailUrl\":\"https:\/\/www.sonnenseite.com\/wp-content\/uploads\/2018\/04\/hummel_bella67.jpg\",\"articleSection\":[\"Umwelt\"],\"inLanguage\":\"de\"},{\"@type\":\"WebPage\",\"@id\":\"https:\/\/www.sonnenseite.com\/de\/umwelt\/klimawandel-ist-mitverantwortlich-fuer-den-starken-rueckgang-an-hummelarten-in-europa-und-nordamerika\/\",\"url\":\"https:\/\/www.sonnenseite.com\/de\/umwelt\/klimawandel-ist-mitverantwortlich-fuer-den-starken-rueckgang-an-hummelarten-in-europa-und-nordamerika\/\",\"name\":\"Klimawandel ist mitverantwortlich f\u00fcr den starken R\u00fcckgang an Hummelarten in Europa und Nordamerika - Sonnenseite - \u00d6kologische Kommunikation mit Franz Alt\",\"isPartOf\":{\"@id\":\"https:\/\/www.sonnenseite.com\/de\/#website\"},\"primaryImageOfPage\":{\"@id\":\"https:\/\/www.sonnenseite.com\/de\/umwelt\/klimawandel-ist-mitverantwortlich-fuer-den-starken-rueckgang-an-hummelarten-in-europa-und-nordamerika\/#primaryimage\"},\"image\":{\"@id\":\"https:\/\/www.sonnenseite.com\/de\/umwelt\/klimawandel-ist-mitverantwortlich-fuer-den-starken-rueckgang-an-hummelarten-in-europa-und-nordamerika\/#primaryimage\"},\"thumbnailUrl\":\"https:\/\/www.sonnenseite.com\/wp-content\/uploads\/2018\/04\/hummel_bella67.jpg\",\"datePublished\":\"2015-07-13T12:49:01+00:00\",\"description\":\"Wie bereits bei anderen Tier- und Pflanzenarten beobachtet, verringert der Klimawandel auch die Lebensr&auml;ume von Hummeln, die zu den wichtigsten\",\"breadcrumb\":{\"@id\":\"https:\/\/www.sonnenseite.com\/de\/umwelt\/klimawandel-ist-mitverantwortlich-fuer-den-starken-rueckgang-an-hummelarten-in-europa-und-nordamerika\/#breadcrumb\"},\"inLanguage\":\"de\",\"potentialAction\":[{\"@type\":\"ReadAction\",\"target\":[\"https:\/\/www.sonnenseite.com\/de\/umwelt\/klimawandel-ist-mitverantwortlich-fuer-den-starken-rueckgang-an-hummelarten-in-europa-und-nordamerika\/\"]}]},{\"@type\":\"ImageObject\",\"inLanguage\":\"de\",\"@id\":\"https:\/\/www.sonnenseite.com\/de\/umwelt\/klimawandel-ist-mitverantwortlich-fuer-den-starken-rueckgang-an-hummelarten-in-europa-und-nordamerika\/#primaryimage\",\"url\":\"https:\/\/www.sonnenseite.com\/wp-content\/uploads\/2018\/04\/hummel_bella67.jpg\",\"contentUrl\":\"https:\/\/www.sonnenseite.com\/wp-content\/uploads\/2018\/04\/hummel_bella67.jpg\",\"width\":770,\"height\":420,\"caption\":\"pixabay.com | bella67\"},{\"@type\":\"BreadcrumbList\",\"@id\":\"https:\/\/www.sonnenseite.com\/de\/umwelt\/klimawandel-ist-mitverantwortlich-fuer-den-starken-rueckgang-an-hummelarten-in-europa-und-nordamerika\/#breadcrumb\",\"itemListElement\":[{\"@type\":\"ListItem\",\"position\":1,\"name\":\"Startseite\",\"item\":\"https:\/\/www.sonnenseite.com\/de\/\"},{\"@type\":\"ListItem\",\"position\":2,\"name\":\"Klimawandel ist mitverantwortlich f\u00fcr den starken R\u00fcckgang an Hummelarten in Europa und Nordamerika\"}]},{\"@type\":\"WebSite\",\"@id\":\"https:\/\/www.sonnenseite.com\/de\/#website\",\"url\":\"https:\/\/www.sonnenseite.com\/de\/\",\"name\":\"Sonnenseite\",\"description\":\"\u00d6kologische Kommunikation mit Franz Alt\",\"publisher\":{\"@id\":\"https:\/\/www.sonnenseite.com\/de\/#organization\"},\"potentialAction\":[{\"@type\":\"SearchAction\",\"target\":{\"@type\":\"EntryPoint\",\"urlTemplate\":\"https:\/\/www.sonnenseite.com\/de\/?s={search_term_string}\"},\"query-input\":{\"@type\":\"PropertyValueSpecification\",\"valueRequired\":true,\"valueName\":\"search_term_string\"}}],\"inLanguage\":\"de\"},{\"@type\":\"Organization\",\"@id\":\"https:\/\/www.sonnenseite.com\/de\/#organization\",\"name\":\"Sonnenseite\",\"url\":\"https:\/\/www.sonnenseite.com\/de\/\",\"logo\":{\"@type\":\"ImageObject\",\"inLanguage\":\"de\",\"@id\":\"https:\/\/www.sonnenseite.com\/de\/#\/schema\/logo\/image\/\",\"url\":\"https:\/\/www.sonnenseite.com\/wp-content\/uploads\/2020\/05\/Sonnenseite_Logo.png\",\"contentUrl\":\"https:\/\/www.sonnenseite.com\/wp-content\/uploads\/2020\/05\/Sonnenseite_Logo.png\",\"width\":377,\"height\":90,\"caption\":\"Sonnenseite\"},\"image\":{\"@id\":\"https:\/\/www.sonnenseite.com\/de\/#\/schema\/logo\/image\/\"},\"sameAs\":[\"https:\/\/www.facebook.com\/pages\/Franz-Alt-SONNENSEITECOM\/221072987903953?fref=ts\",\"https:\/\/x.com\/franzalt\",\"http:\/\/www.youtube.com\/results?search_query&amp;amp;quot;franz_alt&amp;amp;quot;&amp;amp;amp;amp;search_type&amp;amp;amp;amp;aq=f\"]},{\"@type\":\"Person\",\"@id\":\"https:\/\/www.sonnenseite.com\/de\/#\/schema\/person\/6df44691cd9a70d99e140e1116ee8771\",\"name\":\"sbade\",\"sameAs\":[\"https:\/\/www.sonnenseite.com\"]}]}<\/script>\n<!-- \/ Yoast SEO plugin. -->","yoast_head_json":{"title":"Klimawandel ist mitverantwortlich f\u00fcr den starken R\u00fcckgang an Hummelarten in Europa und Nordamerika - Sonnenseite - \u00d6kologische Kommunikation mit Franz Alt","description":"Wie bereits bei anderen Tier- und Pflanzenarten beobachtet, verringert der Klimawandel auch die Lebensr&auml;ume von Hummeln, die zu den wichtigsten","robots":{"index":"index","follow":"follow","max-snippet":"max-snippet:-1","max-image-preview":"max-image-preview:large","max-video-preview":"max-video-preview:-1"},"canonical":"https:\/\/www.sonnenseite.com\/de\/umwelt\/klimawandel-ist-mitverantwortlich-fuer-den-starken-rueckgang-an-hummelarten-in-europa-und-nordamerika\/","og_locale":"de_DE","og_type":"article","og_title":"Klimawandel ist mitverantwortlich f\u00fcr den starken R\u00fcckgang an Hummelarten in Europa und Nordamerika - Sonnenseite - \u00d6kologische Kommunikation mit Franz Alt","og_description":"Wie bereits bei anderen Tier- und Pflanzenarten beobachtet, verringert der Klimawandel auch die Lebensr&auml;ume von Hummeln, die zu den wichtigsten","og_url":"https:\/\/www.sonnenseite.com\/de\/umwelt\/klimawandel-ist-mitverantwortlich-fuer-den-starken-rueckgang-an-hummelarten-in-europa-und-nordamerika\/","og_site_name":"Sonnenseite","article_publisher":"https:\/\/www.facebook.com\/pages\/Franz-Alt-SONNENSEITECOM\/221072987903953?fref=ts","article_published_time":"2015-07-13T12:49:01+00:00","og_image":[{"width":770,"height":420,"url":"https:\/\/www.sonnenseite.com\/wp-content\/uploads\/2018\/04\/hummel_bella67.jpg","type":"image\/jpeg"}],"author":"sbade","twitter_card":"summary_large_image","twitter_creator":"@franzalt","twitter_site":"@franzalt","twitter_misc":{"Verfasst von":"sbade","Gesch\u00e4tzte Lesezeit":"3\u00a0Minuten"},"schema":{"@context":"https:\/\/schema.org","@graph":[{"@type":"Article","@id":"https:\/\/www.sonnenseite.com\/de\/umwelt\/klimawandel-ist-mitverantwortlich-fuer-den-starken-rueckgang-an-hummelarten-in-europa-und-nordamerika\/#article","isPartOf":{"@id":"https:\/\/www.sonnenseite.com\/de\/umwelt\/klimawandel-ist-mitverantwortlich-fuer-den-starken-rueckgang-an-hummelarten-in-europa-und-nordamerika\/"},"author":{"name":"sbade","@id":"https:\/\/www.sonnenseite.com\/de\/#\/schema\/person\/6df44691cd9a70d99e140e1116ee8771"},"headline":"Klimawandel ist mitverantwortlich f\u00fcr den starken R\u00fcckgang an Hummelarten in Europa und Nordamerika","datePublished":"2015-07-13T12:49:01+00:00","mainEntityOfPage":{"@id":"https:\/\/www.sonnenseite.com\/de\/umwelt\/klimawandel-ist-mitverantwortlich-fuer-den-starken-rueckgang-an-hummelarten-in-europa-und-nordamerika\/"},"wordCount":713,"publisher":{"@id":"https:\/\/www.sonnenseite.com\/de\/#organization"},"image":{"@id":"https:\/\/www.sonnenseite.com\/de\/umwelt\/klimawandel-ist-mitverantwortlich-fuer-den-starken-rueckgang-an-hummelarten-in-europa-und-nordamerika\/#primaryimage"},"thumbnailUrl":"https:\/\/www.sonnenseite.com\/wp-content\/uploads\/2018\/04\/hummel_bella67.jpg","articleSection":["Umwelt"],"inLanguage":"de"},{"@type":"WebPage","@id":"https:\/\/www.sonnenseite.com\/de\/umwelt\/klimawandel-ist-mitverantwortlich-fuer-den-starken-rueckgang-an-hummelarten-in-europa-und-nordamerika\/","url":"https:\/\/www.sonnenseite.com\/de\/umwelt\/klimawandel-ist-mitverantwortlich-fuer-den-starken-rueckgang-an-hummelarten-in-europa-und-nordamerika\/","name":"Klimawandel ist mitverantwortlich f\u00fcr den starken R\u00fcckgang an Hummelarten in Europa und Nordamerika - Sonnenseite - \u00d6kologische Kommunikation mit Franz Alt","isPartOf":{"@id":"https:\/\/www.sonnenseite.com\/de\/#website"},"primaryImageOfPage":{"@id":"https:\/\/www.sonnenseite.com\/de\/umwelt\/klimawandel-ist-mitverantwortlich-fuer-den-starken-rueckgang-an-hummelarten-in-europa-und-nordamerika\/#primaryimage"},"image":{"@id":"https:\/\/www.sonnenseite.com\/de\/umwelt\/klimawandel-ist-mitverantwortlich-fuer-den-starken-rueckgang-an-hummelarten-in-europa-und-nordamerika\/#primaryimage"},"thumbnailUrl":"https:\/\/www.sonnenseite.com\/wp-content\/uploads\/2018\/04\/hummel_bella67.jpg","datePublished":"2015-07-13T12:49:01+00:00","description":"Wie bereits bei anderen Tier- und Pflanzenarten beobachtet, verringert der Klimawandel auch die Lebensr&auml;ume von Hummeln, die zu den wichtigsten","breadcrumb":{"@id":"https:\/\/www.sonnenseite.com\/de\/umwelt\/klimawandel-ist-mitverantwortlich-fuer-den-starken-rueckgang-an-hummelarten-in-europa-und-nordamerika\/#breadcrumb"},"inLanguage":"de","potentialAction":[{"@type":"ReadAction","target":["https:\/\/www.sonnenseite.com\/de\/umwelt\/klimawandel-ist-mitverantwortlich-fuer-den-starken-rueckgang-an-hummelarten-in-europa-und-nordamerika\/"]}]},{"@type":"ImageObject","inLanguage":"de","@id":"https:\/\/www.sonnenseite.com\/de\/umwelt\/klimawandel-ist-mitverantwortlich-fuer-den-starken-rueckgang-an-hummelarten-in-europa-und-nordamerika\/#primaryimage","url":"https:\/\/www.sonnenseite.com\/wp-content\/uploads\/2018\/04\/hummel_bella67.jpg","contentUrl":"https:\/\/www.sonnenseite.com\/wp-content\/uploads\/2018\/04\/hummel_bella67.jpg","width":770,"height":420,"caption":"pixabay.com | bella67"},{"@type":"BreadcrumbList","@id":"https:\/\/www.sonnenseite.com\/de\/umwelt\/klimawandel-ist-mitverantwortlich-fuer-den-starken-rueckgang-an-hummelarten-in-europa-und-nordamerika\/#breadcrumb","itemListElement":[{"@type":"ListItem","position":1,"name":"Startseite","item":"https:\/\/www.sonnenseite.com\/de\/"},{"@type":"ListItem","position":2,"name":"Klimawandel ist mitverantwortlich f\u00fcr den starken R\u00fcckgang an Hummelarten in Europa und Nordamerika"}]},{"@type":"WebSite","@id":"https:\/\/www.sonnenseite.com\/de\/#website","url":"https:\/\/www.sonnenseite.com\/de\/","name":"Sonnenseite","description":"\u00d6kologische Kommunikation mit Franz Alt","publisher":{"@id":"https:\/\/www.sonnenseite.com\/de\/#organization"},"potentialAction":[{"@type":"SearchAction","target":{"@type":"EntryPoint","urlTemplate":"https:\/\/www.sonnenseite.com\/de\/?s={search_term_string}"},"query-input":{"@type":"PropertyValueSpecification","valueRequired":true,"valueName":"search_term_string"}}],"inLanguage":"de"},{"@type":"Organization","@id":"https:\/\/www.sonnenseite.com\/de\/#organization","name":"Sonnenseite","url":"https:\/\/www.sonnenseite.com\/de\/","logo":{"@type":"ImageObject","inLanguage":"de","@id":"https:\/\/www.sonnenseite.com\/de\/#\/schema\/logo\/image\/","url":"https:\/\/www.sonnenseite.com\/wp-content\/uploads\/2020\/05\/Sonnenseite_Logo.png","contentUrl":"https:\/\/www.sonnenseite.com\/wp-content\/uploads\/2020\/05\/Sonnenseite_Logo.png","width":377,"height":90,"caption":"Sonnenseite"},"image":{"@id":"https:\/\/www.sonnenseite.com\/de\/#\/schema\/logo\/image\/"},"sameAs":["https:\/\/www.facebook.com\/pages\/Franz-Alt-SONNENSEITECOM\/221072987903953?fref=ts","https:\/\/x.com\/franzalt","http:\/\/www.youtube.com\/results?search_query&amp;amp;quot;franz_alt&amp;amp;quot;&amp;amp;amp;amp;search_type&amp;amp;amp;amp;aq=f"]},{"@type":"Person","@id":"https:\/\/www.sonnenseite.com\/de\/#\/schema\/person\/6df44691cd9a70d99e140e1116ee8771","name":"sbade","sameAs":["https:\/\/www.sonnenseite.com"]}]}},"_links":{"self":[{"href":"https:\/\/www.sonnenseite.com\/de\/wp-json\/wp\/v2\/posts\/43953","targetHints":{"allow":["GET"]}}],"collection":[{"href":"https:\/\/www.sonnenseite.com\/de\/wp-json\/wp\/v2\/posts"}],"about":[{"href":"https:\/\/www.sonnenseite.com\/de\/wp-json\/wp\/v2\/types\/post"}],"author":[{"embeddable":true,"href":"https:\/\/www.sonnenseite.com\/de\/wp-json\/wp\/v2\/users\/1"}],"replies":[{"embeddable":true,"href":"https:\/\/www.sonnenseite.com\/de\/wp-json\/wp\/v2\/comments?post=43953"}],"version-history":[{"count":0,"href":"https:\/\/www.sonnenseite.com\/de\/wp-json\/wp\/v2\/posts\/43953\/revisions"}],"wp:featuredmedia":[{"embeddable":true,"href":"https:\/\/www.sonnenseite.com\/de\/wp-json\/wp\/v2\/media\/18654"}],"wp:attachment":[{"href":"https:\/\/www.sonnenseite.com\/de\/wp-json\/wp\/v2\/media?parent=43953"}],"wp:term":[{"taxonomy":"category","embeddable":true,"href":"https:\/\/www.sonnenseite.com\/de\/wp-json\/wp\/v2\/categories?post=43953"},{"taxonomy":"post_tag","embeddable":true,"href":"https:\/\/www.sonnenseite.com\/de\/wp-json\/wp\/v2\/tags?post=43953"}],"curies":[{"name":"wp","href":"https:\/\/api.w.org\/{rel}","templated":true}]}}