{"id":47818,"date":"2015-01-16T16:46:46","date_gmt":"2015-01-16T15:46:46","guid":{"rendered":"https:\/\/www.sonnenseite.com\/politik\/ausschreibungspflicht-fuer-oekostrom-anlagen-bedroht-buergerenergie.html"},"modified":"2015-01-16T16:46:46","modified_gmt":"2015-01-16T15:46:46","slug":"ausschreibungspflicht-fuer-oekostrom-anlagen-bedroht-buergerenergie","status":"publish","type":"post","link":"https:\/\/www.sonnenseite.com\/de\/politik\/ausschreibungspflicht-fuer-oekostrom-anlagen-bedroht-buergerenergie\/","title":{"rendered":"Ausschreibungspflicht f\u00fcr \u00d6kostrom-Anlagen bedroht B\u00fcrgerenergie"},"content":{"rendered":"<p>Als Schlag gegen kleine Anlagenbetreiber und Energieanbieter bewertet Greenpeace Energy das heute bekannt gewordene Ausschreibungsdesign f&uuml;r Photovoltaik-Freifl&auml;chenanlagen.<\/p>\n<p> <!--more--> <\/p>\n<p>Die Bundesregierung will F&ouml;rderungen f&uuml;r diese Solar-Anlagen nur  noch &uuml;ber Ausschreibungen ermitteln und vergeben. Das geht aus einem  jetzt bekannt gewordenen Verordnungsentwurf hervor, der noch im Januar  vom Bundeskabinett beschlossen werden soll.<\/p>\n<p>&bdquo;Wir lehnen Ausschreibungen ab, denn sie eignen sich grunds&auml;tzlich  nicht, um die erneuerbaren Energien kosteng&uuml;nstig und mit breiter  Beteiligung ausbauen. Das zeigen Erfahrungen in Frankreich oder den  Niederlanden, wo die Kosten anders als erhofft nicht sanken und  Ausbauziele am Ende nicht erreicht wurden&ldquo;, sagt Marcel Keiffenheim. Er  ist Leiter Politik und Kommunikation bei Greenpeace Energy und  Ausschreibungs-Experte beim <a href=\"http:\/\/www.buendnis-buergerenergie.de\/\" target=\"_blank\" rel=\"noopener noreferrer\">B&uuml;ndnis B&uuml;rgerenergie (BBEn)<\/a>. Das B&uuml;ndnis  setzt sich f&uuml;r eine m&ouml;glichst breite Beteiligung der Bev&ouml;lkerung an der  Energiewende ein. <\/p>\n<p>Falls das Kabinett die Ausschreibungen in der vorgelegten Form  beschlie&szlig;en sollte, fordern Greenpeace Energy und das B&uuml;ndnis  B&uuml;rgerenergie zumindest ein transparentes Monitoring: &bdquo;Es muss  nachpr&uuml;fbar sein, ob und in welchem Umfang sich Akteure der  B&uuml;rgerenergie trotz der schlechten Rahmenbedingungen an Ausschreibungen  beteiligen konnten&ldquo;, so Keiffenheim. Falls, wie bef&uuml;rchtet, die  B&uuml;rgerenergie nicht zum Zug kommt, solle das Verfahren dann so schnell  wie m&ouml;glich korrigiert werden. <\/p>\n<p>&bdquo;Wir bef&uuml;rchten, dass insbesondere in der jetzt gew&auml;hlten Form der  Ausschreibung die B&uuml;rgerenergie ins Aus ger&auml;t&ldquo;, so Keiffenheim. Denn  viele lokale B&uuml;rgergesellschaften und kleinere Genossenschaften &ndash; die in  der Vergangenheit das Gros der Investitionen in erneuerbare Energien  hierzulande geleistet haben &ndash; k&ouml;nnen k&uuml;nftig die finanziellen Risiken  und Kosten nicht aufbringen, um sich an teuren und aufw&auml;ndigen  Ausschreibungsprozessen zu beteiligen. Seitens der B&uuml;rgerenergie  vorgeschlagene Verbesserungen des Ausschreibungsdesigns, welche die  Nachteile des Verfahrens f&uuml;r kleinere Akteure zumindest abgemildert  h&auml;tten, wurden in der Kabinettsvorlage nicht ber&uuml;cksichtigt. <\/p>\n<p>Dabei hatten Union und SPD noch im Koalitionsvertrag versprochen,  diese Akteure der Energiewende durch die EEG-Reform zu sch&uuml;tzen. &bdquo;Es ist  ein Skandal, dass die Bundesregierung in Sonntagsreden und  publikumswirksamen Dokumenten die Akteursvielfalt bei der Energiewende  hochh&auml;lt &ndash; und sie dann bei der Ausgestaltung der Rechtsvorschriften  untergr&auml;bt&ldquo;, so Keiffenheim. <\/p>\n<p>Die Ausschreibung bei Photovoltaik-Freifl&auml;chen gilt als  &bdquo;Pilot-Modell&ldquo; f&uuml;r weitere Ausschreibungsverfahren. Als n&auml;chstes will  die Bundesregierung die Verg&uuml;tungen f&uuml;r neue Windkraftanlagen an Land  per Ausschreibung vergeben. Die &uuml;brigen erneuerbaren Energien sollen  folgen. &bdquo;Wenn das genau so l&auml;uft wie beim aktuellen Entwurf, w&auml;re dies  eine Katastrophe f&uuml;r unz&auml;hlige kleine und mittlere Akteure der  Energiewende&ldquo;, warnt Marcel Keiffenheim. Denn die Planungskosten bei  einem Windpark k&ouml;nnen sich schnell auf sechsstellige Betr&auml;ge summieren.  &bdquo;Der verantwortliche Minister Sigmar Gabriel bedient ganz offensichtlich  die Gesch&auml;ftsinteressen gro&szlig;er Konzerne. Die erfolgreichen kleineren  Akteure der Energiewende sollen wohl aus dem Markt gedr&auml;ngt werden&ldquo;, so  der Ausschreibungs-Experte des BBEn.<\/p>\n<h5 class=\"green\">Quelle<\/h5>\n<p><a href=\"http:\/\/www.greenpeace-energy.de\">GREENPEACE ENERGY 2015<\/a><\/p>\n<div class=\"shariff shariff-align-flex-start shariff-widget-align-flex-start\"><div class=\"ShariffHeadline\">Diese Meldung teilen<\/div><ul class=\"shariff-buttons theme-round orientation-horizontal buttonsize-medium\"><li class=\"shariff-button facebook shariff-nocustomcolor\" style=\"background-color:#4273c8;border-radius:1%\"><a href=\"https:\/\/www.facebook.com\/sharer\/sharer.php?u=https%3A%2F%2Fwww.sonnenseite.com%2Fde%2Fpolitik%2Fausschreibungspflicht-fuer-oekostrom-anlagen-bedroht-buergerenergie%2F\" title=\"Bei Facebook teilen\" aria-label=\"Bei Facebook teilen\" role=\"button\" rel=\"nofollow\" class=\"shariff-link\" style=\";border-radius:1%; background-color:#3b5998; color:#fff\" target=\"_blank\"><span class=\"shariff-icon\" style=\"\"><svg width=\"32px\" height=\"20px\" xmlns=\"http:\/\/www.w3.org\/2000\/svg\" viewBox=\"0 0 18 32\"><path fill=\"#3b5998\" d=\"M17.1 0.2v4.7h-2.8q-1.5 0-2.1 0.6t-0.5 1.9v3.4h5.2l-0.7 5.3h-4.5v13.6h-5.5v-13.6h-4.5v-5.3h4.5v-3.9q0-3.3 1.9-5.2t5-1.8q2.6 0 4.1 0.2z\"\/><\/svg><\/span><\/a><\/li><li class=\"shariff-button twitter shariff-nocustomcolor\" style=\"background-color:#595959;border-radius:1%\"><a href=\"https:\/\/twitter.com\/share?url=https%3A%2F%2Fwww.sonnenseite.com%2Fde%2Fpolitik%2Fausschreibungspflicht-fuer-oekostrom-anlagen-bedroht-buergerenergie%2F&text=Ausschreibungspflicht%20f%C3%BCr%20%C3%96kostrom-Anlagen%20bedroht%20B%C3%BCrgerenergie\" title=\"Bei X teilen\" aria-label=\"Bei X teilen\" role=\"button\" rel=\"noopener nofollow\" class=\"shariff-link\" style=\";border-radius:1%; background-color:#000; color:#fff\" target=\"_blank\"><span class=\"shariff-icon\" style=\"\"><svg width=\"32px\" height=\"20px\" xmlns=\"http:\/\/www.w3.org\/2000\/svg\" viewBox=\"0 0 24 24\"><path fill=\"#000\" d=\"M14.258 10.152L23.176 0h-2.113l-7.747 8.813L7.133 0H0l9.352 13.328L0 23.973h2.113l8.176-9.309 6.531 9.309h7.133zm-2.895 3.293l-.949-1.328L2.875 1.56h3.246l6.086 8.523.945 1.328 7.91 11.078h-3.246zm0 0\"\/><\/svg><\/span><\/a><\/li><li class=\"shariff-button xing shariff-nocustomcolor\" style=\"background-color:#29888a;border-radius:1%\"><a href=\"https:\/\/www.xing.com\/spi\/shares\/new?url=https%3A%2F%2Fwww.sonnenseite.com%2Fde%2Fpolitik%2Fausschreibungspflicht-fuer-oekostrom-anlagen-bedroht-buergerenergie%2F\" title=\"Bei XING teilen\" aria-label=\"Bei XING teilen\" role=\"button\" rel=\"noopener nofollow\" class=\"shariff-link\" style=\";border-radius:1%; background-color:#126567; color:#fff\" target=\"_blank\"><span class=\"shariff-icon\" style=\"\"><svg width=\"32px\" height=\"20px\" xmlns=\"http:\/\/www.w3.org\/2000\/svg\" viewBox=\"0 0 25 32\"><path fill=\"#126567\" d=\"M10.7 11.9q-0.2 0.3-4.6 8.2-0.5 0.8-1.2 0.8h-4.3q-0.4 0-0.5-0.3t0-0.6l4.5-8q0 0 0 0l-2.9-5q-0.2-0.4 0-0.7 0.2-0.3 0.5-0.3h4.3q0.7 0 1.2 0.8zM25.1 0.4q0.2 0.3 0 0.7l-9.4 16.7 6 11q0.2 0.4 0 0.6-0.2 0.3-0.6 0.3h-4.3q-0.7 0-1.2-0.8l-6-11.1q0.3-0.6 9.5-16.8 0.4-0.8 1.2-0.8h4.3q0.4 0 0.5 0.3z\"\/><\/svg><\/span><\/a><\/li><li class=\"shariff-button linkedin shariff-nocustomcolor\" style=\"background-color:#1488bf;border-radius:1%\"><a href=\"https:\/\/www.linkedin.com\/sharing\/share-offsite\/?url=https%3A%2F%2Fwww.sonnenseite.com%2Fde%2Fpolitik%2Fausschreibungspflicht-fuer-oekostrom-anlagen-bedroht-buergerenergie%2F\" title=\"Bei LinkedIn teilen\" aria-label=\"Bei LinkedIn teilen\" role=\"button\" rel=\"noopener nofollow\" class=\"shariff-link\" style=\";border-radius:1%; background-color:#0077b5; color:#fff\" target=\"_blank\"><span class=\"shariff-icon\" style=\"\"><svg width=\"32px\" height=\"20px\" xmlns=\"http:\/\/www.w3.org\/2000\/svg\" viewBox=\"0 0 27 32\"><path fill=\"#0077b5\" d=\"M6.2 11.2v17.7h-5.9v-17.7h5.9zM6.6 5.7q0 1.3-0.9 2.2t-2.4 0.9h0q-1.5 0-2.4-0.9t-0.9-2.2 0.9-2.2 2.4-0.9 2.4 0.9 0.9 2.2zM27.4 18.7v10.1h-5.9v-9.5q0-1.9-0.7-2.9t-2.3-1.1q-1.1 0-1.9 0.6t-1.2 1.5q-0.2 0.5-0.2 1.4v9.9h-5.9q0-7.1 0-11.6t0-5.3l0-0.9h5.9v2.6h0q0.4-0.6 0.7-1t1-0.9 1.6-0.8 2-0.3q3 0 4.9 2t1.9 6z\"\/><\/svg><\/span><\/a><\/li><li class=\"shariff-button printer shariff-nocustomcolor\" style=\"background-color:#a8a8a8;border-radius:1%\"><a href=\"javascript:window.print()\" title=\"drucken\" aria-label=\"drucken\" role=\"button\" rel=\"noopener nofollow\" class=\"shariff-link\" style=\";border-radius:1%; background-color:#999; color:#fff\"><span class=\"shariff-icon\" style=\"\"><svg width=\"32px\" height=\"20px\" xmlns=\"http:\/\/www.w3.org\/2000\/svg\" viewBox=\"0 0 30 32\"><path fill=\"#999\" d=\"M6.8 27.4h16v-4.6h-16v4.6zM6.8 16h16v-6.8h-2.8q-0.7 0-1.2-0.5t-0.5-1.2v-2.8h-11.4v11.4zM27.4 17.2q0-0.5-0.3-0.8t-0.8-0.4-0.8 0.4-0.3 0.8 0.3 0.8 0.8 0.3 0.8-0.3 0.3-0.8zM29.7 17.2v7.4q0 0.2-0.2 0.4t-0.4 0.2h-4v2.8q0 0.7-0.5 1.2t-1.2 0.5h-17.2q-0.7 0-1.2-0.5t-0.5-1.2v-2.8h-4q-0.2 0-0.4-0.2t-0.2-0.4v-7.4q0-1.4 1-2.4t2.4-1h1.2v-9.7q0-0.7 0.5-1.2t1.2-0.5h12q0.7 0 1.6 0.4t1.3 0.8l2.7 2.7q0.5 0.5 0.9 1.4t0.4 1.6v4.6h1.1q1.4 0 2.4 1t1 2.4z\"\/><\/svg><\/span><\/a><\/li><li class=\"shariff-button mailto shariff-nocustomcolor\" style=\"background-color:#a8a8a8;border-radius:1%\"><a href=\"mailto:?body=https%3A%2F%2Fwww.sonnenseite.com%2Fde%2Fpolitik%2Fausschreibungspflicht-fuer-oekostrom-anlagen-bedroht-buergerenergie%2F&subject=Ausschreibungspflicht%20f%C3%BCr%20%C3%96kostrom-Anlagen%20bedroht%20B%C3%BCrgerenergie\" title=\"Per E-Mail versenden\" aria-label=\"Per E-Mail versenden\" role=\"button\" rel=\"noopener nofollow\" class=\"shariff-link\" style=\";border-radius:1%; background-color:#999; color:#fff\"><span class=\"shariff-icon\" style=\"\"><svg width=\"32px\" height=\"20px\" xmlns=\"http:\/\/www.w3.org\/2000\/svg\" viewBox=\"0 0 32 32\"><path fill=\"#999\" d=\"M32 12.7v14.2q0 1.2-0.8 2t-2 0.9h-26.3q-1.2 0-2-0.9t-0.8-2v-14.2q0.8 0.9 1.8 1.6 6.5 4.4 8.9 6.1 1 0.8 1.6 1.2t1.7 0.9 2 0.4h0.1q0.9 0 2-0.4t1.7-0.9 1.6-1.2q3-2.2 8.9-6.1 1-0.7 1.8-1.6zM32 7.4q0 1.4-0.9 2.7t-2.2 2.2q-6.7 4.7-8.4 5.8-0.2 0.1-0.7 0.5t-1 0.7-0.9 0.6-1.1 0.5-0.9 0.2h-0.1q-0.4 0-0.9-0.2t-1.1-0.5-0.9-0.6-1-0.7-0.7-0.5q-1.6-1.1-4.7-3.2t-3.6-2.6q-1.1-0.7-2.1-2t-1-2.5q0-1.4 0.7-2.3t2.1-0.9h26.3q1.2 0 2 0.8t0.9 2z\"\/><\/svg><\/span><\/a><\/li><\/ul><\/div>","protected":false},"excerpt":{"rendered":"<p>Als Schlag gegen kleine Anlagenbetreiber und Energieanbieter bewertet Greenpeace Energy das heute bekannt gewordene Ausschreibungsdesign f&uuml;r [&hellip;]<\/p>\n","protected":false},"author":1,"featured_media":33361,"comment_status":"closed","ping_status":"closed","sticky":false,"template":"","format":"standard","meta":{"inline_featured_image":false,"footnotes":""},"categories":[21],"tags":[],"class_list":["post-47818","post","type-post","status-publish","format-standard","has-post-thumbnail","hentry","category-politik"],"yoast_head":"<!-- This site is optimized with the Yoast SEO plugin v26.5 - https:\/\/yoast.com\/wordpress\/plugins\/seo\/ -->\n<title>Ausschreibungspflicht f\u00fcr \u00d6kostrom-Anlagen bedroht B\u00fcrgerenergie - Sonnenseite - \u00d6kologische Kommunikation mit Franz Alt<\/title>\n<meta name=\"description\" content=\"Als Schlag gegen kleine Anlagenbetreiber und Energieanbieter bewertet Greenpeace Energy das heute bekannt gewordene Ausschreibungsdesign f&uuml;r\" \/>\n<meta name=\"robots\" content=\"index, follow, max-snippet:-1, max-image-preview:large, max-video-preview:-1\" \/>\n<link rel=\"canonical\" href=\"https:\/\/www.sonnenseite.com\/de\/politik\/ausschreibungspflicht-fuer-oekostrom-anlagen-bedroht-buergerenergie\/\" \/>\n<meta property=\"og:locale\" content=\"de_DE\" \/>\n<meta property=\"og:type\" content=\"article\" \/>\n<meta property=\"og:title\" content=\"Ausschreibungspflicht f\u00fcr \u00d6kostrom-Anlagen bedroht B\u00fcrgerenergie - Sonnenseite - \u00d6kologische Kommunikation mit Franz Alt\" \/>\n<meta property=\"og:description\" content=\"Als Schlag gegen kleine Anlagenbetreiber und Energieanbieter bewertet Greenpeace Energy das heute bekannt gewordene Ausschreibungsdesign f&uuml;r\" \/>\n<meta property=\"og:url\" content=\"https:\/\/www.sonnenseite.com\/de\/politik\/ausschreibungspflicht-fuer-oekostrom-anlagen-bedroht-buergerenergie\/\" \/>\n<meta property=\"og:site_name\" content=\"Sonnenseite\" \/>\n<meta property=\"article:publisher\" content=\"https:\/\/www.facebook.com\/pages\/Franz-Alt-SONNENSEITECOM\/221072987903953?fref=ts\" \/>\n<meta property=\"article:published_time\" content=\"2015-01-16T15:46:46+00:00\" \/>\n<meta property=\"og:image\" content=\"https:\/\/www.sonnenseite.com\/wp-content\/uploads\/2016\/10\/solarfeldklein_tpsdave.jpg\" \/>\n\t<meta property=\"og:image:width\" content=\"770\" \/>\n\t<meta property=\"og:image:height\" content=\"420\" \/>\n\t<meta property=\"og:image:type\" content=\"image\/jpeg\" \/>\n<meta name=\"author\" content=\"sbade\" \/>\n<meta name=\"twitter:card\" content=\"summary_large_image\" \/>\n<meta name=\"twitter:creator\" content=\"@franzalt\" \/>\n<meta name=\"twitter:site\" content=\"@franzalt\" \/>\n<meta name=\"twitter:label1\" content=\"Verfasst von\" \/>\n\t<meta name=\"twitter:data1\" content=\"sbade\" \/>\n\t<meta name=\"twitter:label2\" content=\"Gesch\u00e4tzte Lesezeit\" \/>\n\t<meta name=\"twitter:data2\" content=\"3\u00a0Minuten\" \/>\n<script type=\"application\/ld+json\" class=\"yoast-schema-graph\">{\"@context\":\"https:\/\/schema.org\",\"@graph\":[{\"@type\":\"Article\",\"@id\":\"https:\/\/www.sonnenseite.com\/de\/politik\/ausschreibungspflicht-fuer-oekostrom-anlagen-bedroht-buergerenergie\/#article\",\"isPartOf\":{\"@id\":\"https:\/\/www.sonnenseite.com\/de\/politik\/ausschreibungspflicht-fuer-oekostrom-anlagen-bedroht-buergerenergie\/\"},\"author\":{\"name\":\"sbade\",\"@id\":\"https:\/\/www.sonnenseite.com\/de\/#\/schema\/person\/6df44691cd9a70d99e140e1116ee8771\"},\"headline\":\"Ausschreibungspflicht f\u00fcr \u00d6kostrom-Anlagen bedroht B\u00fcrgerenergie\",\"datePublished\":\"2015-01-16T15:46:46+00:00\",\"mainEntityOfPage\":{\"@id\":\"https:\/\/www.sonnenseite.com\/de\/politik\/ausschreibungspflicht-fuer-oekostrom-anlagen-bedroht-buergerenergie\/\"},\"wordCount\":542,\"publisher\":{\"@id\":\"https:\/\/www.sonnenseite.com\/de\/#organization\"},\"image\":{\"@id\":\"https:\/\/www.sonnenseite.com\/de\/politik\/ausschreibungspflicht-fuer-oekostrom-anlagen-bedroht-buergerenergie\/#primaryimage\"},\"thumbnailUrl\":\"https:\/\/www.sonnenseite.com\/wp-content\/uploads\/2016\/10\/solarfeldklein_tpsdave.jpg\",\"articleSection\":[\"Politik\"],\"inLanguage\":\"de\"},{\"@type\":\"WebPage\",\"@id\":\"https:\/\/www.sonnenseite.com\/de\/politik\/ausschreibungspflicht-fuer-oekostrom-anlagen-bedroht-buergerenergie\/\",\"url\":\"https:\/\/www.sonnenseite.com\/de\/politik\/ausschreibungspflicht-fuer-oekostrom-anlagen-bedroht-buergerenergie\/\",\"name\":\"Ausschreibungspflicht f\u00fcr \u00d6kostrom-Anlagen bedroht B\u00fcrgerenergie - Sonnenseite - \u00d6kologische Kommunikation mit Franz Alt\",\"isPartOf\":{\"@id\":\"https:\/\/www.sonnenseite.com\/de\/#website\"},\"primaryImageOfPage\":{\"@id\":\"https:\/\/www.sonnenseite.com\/de\/politik\/ausschreibungspflicht-fuer-oekostrom-anlagen-bedroht-buergerenergie\/#primaryimage\"},\"image\":{\"@id\":\"https:\/\/www.sonnenseite.com\/de\/politik\/ausschreibungspflicht-fuer-oekostrom-anlagen-bedroht-buergerenergie\/#primaryimage\"},\"thumbnailUrl\":\"https:\/\/www.sonnenseite.com\/wp-content\/uploads\/2016\/10\/solarfeldklein_tpsdave.jpg\",\"datePublished\":\"2015-01-16T15:46:46+00:00\",\"description\":\"Als Schlag gegen kleine Anlagenbetreiber und Energieanbieter bewertet Greenpeace Energy das heute bekannt gewordene Ausschreibungsdesign f&uuml;r\",\"breadcrumb\":{\"@id\":\"https:\/\/www.sonnenseite.com\/de\/politik\/ausschreibungspflicht-fuer-oekostrom-anlagen-bedroht-buergerenergie\/#breadcrumb\"},\"inLanguage\":\"de\",\"potentialAction\":[{\"@type\":\"ReadAction\",\"target\":[\"https:\/\/www.sonnenseite.com\/de\/politik\/ausschreibungspflicht-fuer-oekostrom-anlagen-bedroht-buergerenergie\/\"]}]},{\"@type\":\"ImageObject\",\"inLanguage\":\"de\",\"@id\":\"https:\/\/www.sonnenseite.com\/de\/politik\/ausschreibungspflicht-fuer-oekostrom-anlagen-bedroht-buergerenergie\/#primaryimage\",\"url\":\"https:\/\/www.sonnenseite.com\/wp-content\/uploads\/2016\/10\/solarfeldklein_tpsdave.jpg\",\"contentUrl\":\"https:\/\/www.sonnenseite.com\/wp-content\/uploads\/2016\/10\/solarfeldklein_tpsdave.jpg\",\"width\":770,\"height\":420,\"caption\":\"Depositphotos | tpsdave\"},{\"@type\":\"BreadcrumbList\",\"@id\":\"https:\/\/www.sonnenseite.com\/de\/politik\/ausschreibungspflicht-fuer-oekostrom-anlagen-bedroht-buergerenergie\/#breadcrumb\",\"itemListElement\":[{\"@type\":\"ListItem\",\"position\":1,\"name\":\"Startseite\",\"item\":\"https:\/\/www.sonnenseite.com\/de\/\"},{\"@type\":\"ListItem\",\"position\":2,\"name\":\"Ausschreibungspflicht f\u00fcr \u00d6kostrom-Anlagen bedroht B\u00fcrgerenergie\"}]},{\"@type\":\"WebSite\",\"@id\":\"https:\/\/www.sonnenseite.com\/de\/#website\",\"url\":\"https:\/\/www.sonnenseite.com\/de\/\",\"name\":\"Sonnenseite\",\"description\":\"\u00d6kologische Kommunikation mit Franz Alt\",\"publisher\":{\"@id\":\"https:\/\/www.sonnenseite.com\/de\/#organization\"},\"potentialAction\":[{\"@type\":\"SearchAction\",\"target\":{\"@type\":\"EntryPoint\",\"urlTemplate\":\"https:\/\/www.sonnenseite.com\/de\/?s={search_term_string}\"},\"query-input\":{\"@type\":\"PropertyValueSpecification\",\"valueRequired\":true,\"valueName\":\"search_term_string\"}}],\"inLanguage\":\"de\"},{\"@type\":\"Organization\",\"@id\":\"https:\/\/www.sonnenseite.com\/de\/#organization\",\"name\":\"Sonnenseite\",\"url\":\"https:\/\/www.sonnenseite.com\/de\/\",\"logo\":{\"@type\":\"ImageObject\",\"inLanguage\":\"de\",\"@id\":\"https:\/\/www.sonnenseite.com\/de\/#\/schema\/logo\/image\/\",\"url\":\"https:\/\/www.sonnenseite.com\/wp-content\/uploads\/2020\/05\/Sonnenseite_Logo.png\",\"contentUrl\":\"https:\/\/www.sonnenseite.com\/wp-content\/uploads\/2020\/05\/Sonnenseite_Logo.png\",\"width\":377,\"height\":90,\"caption\":\"Sonnenseite\"},\"image\":{\"@id\":\"https:\/\/www.sonnenseite.com\/de\/#\/schema\/logo\/image\/\"},\"sameAs\":[\"https:\/\/www.facebook.com\/pages\/Franz-Alt-SONNENSEITECOM\/221072987903953?fref=ts\",\"https:\/\/x.com\/franzalt\",\"http:\/\/www.youtube.com\/results?search_query&amp;amp;quot;franz_alt&amp;amp;quot;&amp;amp;amp;amp;search_type&amp;amp;amp;amp;aq=f\"]},{\"@type\":\"Person\",\"@id\":\"https:\/\/www.sonnenseite.com\/de\/#\/schema\/person\/6df44691cd9a70d99e140e1116ee8771\",\"name\":\"sbade\",\"sameAs\":[\"https:\/\/www.sonnenseite.com\"]}]}<\/script>\n<!-- \/ Yoast SEO plugin. -->","yoast_head_json":{"title":"Ausschreibungspflicht f\u00fcr \u00d6kostrom-Anlagen bedroht B\u00fcrgerenergie - Sonnenseite - \u00d6kologische Kommunikation mit Franz Alt","description":"Als Schlag gegen kleine Anlagenbetreiber und Energieanbieter bewertet Greenpeace Energy das heute bekannt gewordene Ausschreibungsdesign f&uuml;r","robots":{"index":"index","follow":"follow","max-snippet":"max-snippet:-1","max-image-preview":"max-image-preview:large","max-video-preview":"max-video-preview:-1"},"canonical":"https:\/\/www.sonnenseite.com\/de\/politik\/ausschreibungspflicht-fuer-oekostrom-anlagen-bedroht-buergerenergie\/","og_locale":"de_DE","og_type":"article","og_title":"Ausschreibungspflicht f\u00fcr \u00d6kostrom-Anlagen bedroht B\u00fcrgerenergie - Sonnenseite - \u00d6kologische Kommunikation mit Franz Alt","og_description":"Als Schlag gegen kleine Anlagenbetreiber und Energieanbieter bewertet Greenpeace Energy das heute bekannt gewordene Ausschreibungsdesign f&uuml;r","og_url":"https:\/\/www.sonnenseite.com\/de\/politik\/ausschreibungspflicht-fuer-oekostrom-anlagen-bedroht-buergerenergie\/","og_site_name":"Sonnenseite","article_publisher":"https:\/\/www.facebook.com\/pages\/Franz-Alt-SONNENSEITECOM\/221072987903953?fref=ts","article_published_time":"2015-01-16T15:46:46+00:00","og_image":[{"width":770,"height":420,"url":"https:\/\/www.sonnenseite.com\/wp-content\/uploads\/2016\/10\/solarfeldklein_tpsdave.jpg","type":"image\/jpeg"}],"author":"sbade","twitter_card":"summary_large_image","twitter_creator":"@franzalt","twitter_site":"@franzalt","twitter_misc":{"Verfasst von":"sbade","Gesch\u00e4tzte Lesezeit":"3\u00a0Minuten"},"schema":{"@context":"https:\/\/schema.org","@graph":[{"@type":"Article","@id":"https:\/\/www.sonnenseite.com\/de\/politik\/ausschreibungspflicht-fuer-oekostrom-anlagen-bedroht-buergerenergie\/#article","isPartOf":{"@id":"https:\/\/www.sonnenseite.com\/de\/politik\/ausschreibungspflicht-fuer-oekostrom-anlagen-bedroht-buergerenergie\/"},"author":{"name":"sbade","@id":"https:\/\/www.sonnenseite.com\/de\/#\/schema\/person\/6df44691cd9a70d99e140e1116ee8771"},"headline":"Ausschreibungspflicht f\u00fcr \u00d6kostrom-Anlagen bedroht B\u00fcrgerenergie","datePublished":"2015-01-16T15:46:46+00:00","mainEntityOfPage":{"@id":"https:\/\/www.sonnenseite.com\/de\/politik\/ausschreibungspflicht-fuer-oekostrom-anlagen-bedroht-buergerenergie\/"},"wordCount":542,"publisher":{"@id":"https:\/\/www.sonnenseite.com\/de\/#organization"},"image":{"@id":"https:\/\/www.sonnenseite.com\/de\/politik\/ausschreibungspflicht-fuer-oekostrom-anlagen-bedroht-buergerenergie\/#primaryimage"},"thumbnailUrl":"https:\/\/www.sonnenseite.com\/wp-content\/uploads\/2016\/10\/solarfeldklein_tpsdave.jpg","articleSection":["Politik"],"inLanguage":"de"},{"@type":"WebPage","@id":"https:\/\/www.sonnenseite.com\/de\/politik\/ausschreibungspflicht-fuer-oekostrom-anlagen-bedroht-buergerenergie\/","url":"https:\/\/www.sonnenseite.com\/de\/politik\/ausschreibungspflicht-fuer-oekostrom-anlagen-bedroht-buergerenergie\/","name":"Ausschreibungspflicht f\u00fcr \u00d6kostrom-Anlagen bedroht B\u00fcrgerenergie - Sonnenseite - \u00d6kologische Kommunikation mit Franz Alt","isPartOf":{"@id":"https:\/\/www.sonnenseite.com\/de\/#website"},"primaryImageOfPage":{"@id":"https:\/\/www.sonnenseite.com\/de\/politik\/ausschreibungspflicht-fuer-oekostrom-anlagen-bedroht-buergerenergie\/#primaryimage"},"image":{"@id":"https:\/\/www.sonnenseite.com\/de\/politik\/ausschreibungspflicht-fuer-oekostrom-anlagen-bedroht-buergerenergie\/#primaryimage"},"thumbnailUrl":"https:\/\/www.sonnenseite.com\/wp-content\/uploads\/2016\/10\/solarfeldklein_tpsdave.jpg","datePublished":"2015-01-16T15:46:46+00:00","description":"Als Schlag gegen kleine Anlagenbetreiber und Energieanbieter bewertet Greenpeace Energy das heute bekannt gewordene Ausschreibungsdesign f&uuml;r","breadcrumb":{"@id":"https:\/\/www.sonnenseite.com\/de\/politik\/ausschreibungspflicht-fuer-oekostrom-anlagen-bedroht-buergerenergie\/#breadcrumb"},"inLanguage":"de","potentialAction":[{"@type":"ReadAction","target":["https:\/\/www.sonnenseite.com\/de\/politik\/ausschreibungspflicht-fuer-oekostrom-anlagen-bedroht-buergerenergie\/"]}]},{"@type":"ImageObject","inLanguage":"de","@id":"https:\/\/www.sonnenseite.com\/de\/politik\/ausschreibungspflicht-fuer-oekostrom-anlagen-bedroht-buergerenergie\/#primaryimage","url":"https:\/\/www.sonnenseite.com\/wp-content\/uploads\/2016\/10\/solarfeldklein_tpsdave.jpg","contentUrl":"https:\/\/www.sonnenseite.com\/wp-content\/uploads\/2016\/10\/solarfeldklein_tpsdave.jpg","width":770,"height":420,"caption":"Depositphotos | tpsdave"},{"@type":"BreadcrumbList","@id":"https:\/\/www.sonnenseite.com\/de\/politik\/ausschreibungspflicht-fuer-oekostrom-anlagen-bedroht-buergerenergie\/#breadcrumb","itemListElement":[{"@type":"ListItem","position":1,"name":"Startseite","item":"https:\/\/www.sonnenseite.com\/de\/"},{"@type":"ListItem","position":2,"name":"Ausschreibungspflicht f\u00fcr \u00d6kostrom-Anlagen bedroht B\u00fcrgerenergie"}]},{"@type":"WebSite","@id":"https:\/\/www.sonnenseite.com\/de\/#website","url":"https:\/\/www.sonnenseite.com\/de\/","name":"Sonnenseite","description":"\u00d6kologische Kommunikation mit Franz Alt","publisher":{"@id":"https:\/\/www.sonnenseite.com\/de\/#organization"},"potentialAction":[{"@type":"SearchAction","target":{"@type":"EntryPoint","urlTemplate":"https:\/\/www.sonnenseite.com\/de\/?s={search_term_string}"},"query-input":{"@type":"PropertyValueSpecification","valueRequired":true,"valueName":"search_term_string"}}],"inLanguage":"de"},{"@type":"Organization","@id":"https:\/\/www.sonnenseite.com\/de\/#organization","name":"Sonnenseite","url":"https:\/\/www.sonnenseite.com\/de\/","logo":{"@type":"ImageObject","inLanguage":"de","@id":"https:\/\/www.sonnenseite.com\/de\/#\/schema\/logo\/image\/","url":"https:\/\/www.sonnenseite.com\/wp-content\/uploads\/2020\/05\/Sonnenseite_Logo.png","contentUrl":"https:\/\/www.sonnenseite.com\/wp-content\/uploads\/2020\/05\/Sonnenseite_Logo.png","width":377,"height":90,"caption":"Sonnenseite"},"image":{"@id":"https:\/\/www.sonnenseite.com\/de\/#\/schema\/logo\/image\/"},"sameAs":["https:\/\/www.facebook.com\/pages\/Franz-Alt-SONNENSEITECOM\/221072987903953?fref=ts","https:\/\/x.com\/franzalt","http:\/\/www.youtube.com\/results?search_query&amp;amp;quot;franz_alt&amp;amp;quot;&amp;amp;amp;amp;search_type&amp;amp;amp;amp;aq=f"]},{"@type":"Person","@id":"https:\/\/www.sonnenseite.com\/de\/#\/schema\/person\/6df44691cd9a70d99e140e1116ee8771","name":"sbade","sameAs":["https:\/\/www.sonnenseite.com"]}]}},"_links":{"self":[{"href":"https:\/\/www.sonnenseite.com\/de\/wp-json\/wp\/v2\/posts\/47818","targetHints":{"allow":["GET"]}}],"collection":[{"href":"https:\/\/www.sonnenseite.com\/de\/wp-json\/wp\/v2\/posts"}],"about":[{"href":"https:\/\/www.sonnenseite.com\/de\/wp-json\/wp\/v2\/types\/post"}],"author":[{"embeddable":true,"href":"https:\/\/www.sonnenseite.com\/de\/wp-json\/wp\/v2\/users\/1"}],"replies":[{"embeddable":true,"href":"https:\/\/www.sonnenseite.com\/de\/wp-json\/wp\/v2\/comments?post=47818"}],"version-history":[{"count":0,"href":"https:\/\/www.sonnenseite.com\/de\/wp-json\/wp\/v2\/posts\/47818\/revisions"}],"wp:featuredmedia":[{"embeddable":true,"href":"https:\/\/www.sonnenseite.com\/de\/wp-json\/wp\/v2\/media\/33361"}],"wp:attachment":[{"href":"https:\/\/www.sonnenseite.com\/de\/wp-json\/wp\/v2\/media?parent=47818"}],"wp:term":[{"taxonomy":"category","embeddable":true,"href":"https:\/\/www.sonnenseite.com\/de\/wp-json\/wp\/v2\/categories?post=47818"},{"taxonomy":"post_tag","embeddable":true,"href":"https:\/\/www.sonnenseite.com\/de\/wp-json\/wp\/v2\/tags?post=47818"}],"curies":[{"name":"wp","href":"https:\/\/api.w.org\/{rel}","templated":true}]}}