{"id":50991,"date":"2014-10-23T00:00:00","date_gmt":"2014-10-22T22:00:00","guid":{"rendered":"https:\/\/www.sonnenseite.com\/unkategorisiert\/verbot-giftiger-spritzmittel-in-suedtirol.html"},"modified":"2020-06-02T15:21:47","modified_gmt":"2020-06-02T13:21:47","slug":"verbot-giftiger-spritzmittel-in-suedtirol","status":"publish","type":"post","link":"https:\/\/www.sonnenseite.com\/de\/umwelt\/verbot-giftiger-spritzmittel-in-suedtirol\/","title":{"rendered":"Verbot giftiger Spritzmittel in S\u00fcdtirol"},"content":{"rendered":"<p>In S\u00fcdtirol werden in der Landwirtschaft mehr als 2.000.000 kg Pestizide pro Jahr verwendet, so die Organisation f\u00fcr B\u00fcgerpetitionen Avaaz. Viele dieser Substanzen seien als toxisch, sch\u00e4dlich und gef\u00e4hrlich f\u00fcr die Umwelt eingestuft. Allein in der Apfelproduktion werde j\u00e4hrlich bis zu 25 mal gespritzt. <!--more--><\/p>\n<p>Die Pestizide vernichten, so <a href=\"http:\/\/www.avaaz.org\" target=\"_blank\" rel=\"noopener noreferrer\">Avaaz<\/a>, nicht nur viele Nutzinsekten, sondern verursachen R\u00fcckst\u00e4nde im Boden und in Gew\u00e4ssern und stellen ein Risiko f\u00fcr die Gesundheit der Bev\u00f6lkerung dar. Der Zusammenhang zwischen Pestiziden und Sch\u00e4den f\u00fcr die menschliche Gesundheit sei bekannt. Aufgrund ver\u00f6ffentlichter Studien verursachten einige Pestizide Krankheiten des Nervensystems,&nbsp; erh\u00f6hten die Tumorraten und verringerten die Fruchtbarkeit.<\/p>\n<p>Mitte September 2014 \u00fcberraschte die Umweltschutzorganisation GLOBAL 2000 mit der Aussendung \u201eEin s\u00fcdtiroler Dorf schreibt Geschichte und verbietet Pestizide\u201c. Die Gemeinde Mals im Vinschgau habe sich in einer rechtlich verbindlichen Volksabstimmung mit 75 gegen 24 Prozent und einer Wahlbeteiligung von 70 Prozent f\u00fcr ein Pestizidverbot entschieden.<\/p>\n<p>Der entscheidende Text, der zur Abstimmung vorgelegt wurde, lautet: \u201eSind Sie daf\u00fcr, dass in der Satzung der Gemeinde Mals folgender Artikel eingef\u00fcgt wird: &#8230; Der Einsatz sehr giftiger, giftiger, gesundheitssch\u00e4dlicher und umweltsch\u00e4dlicher chemisch-synthetischer Pflanzenschutzmittel und Herbizide auf dem Gemeindegebiet ist nicht zugelassen.<\/p>\n<p>\u201cDer Abstimmung in Mals waren analytische Untersuchungen von GLOBAL 2000 vorausgegangen, die \u201ealarmierend hohe Pestizidbelastungen\u201c auf den Wiesen und in den Gew\u00e4ssern der Gemeinde zeigten. Die Windverfrachtung verursache eine gro\u00dfr\u00e4umige Verteilung der Pestizide und Herbizide. Da rotteten sich aufgekl\u00e4rte B\u00fcrger zusammen und forderten ein Verbot der Spritzmittel. Ihre Gef\u00e4hrlichkeit sie hundertfach bewiesen. Die Gesundheit sei ein Menschenrecht. Die Freiheit des Einzelnen habe ihre Grenzen am Recht des N\u00e4chsten.<\/p>\n<p>Vorbild f\u00fcr Mals waren die Gemeinden Malosco im Trentiner Nonstal, Vallarsa und Cavareno. Der B\u00fcrgermeister von Malosco, Adriano Marini, Chef einer B\u00fcrgerliste und seit 14 Jahren im Amt, hatte bereits 2010 ohne Volksabstimmung ein Spritzmittel-Verbot erlassen. Es wurde durch s\u00e4mgliche Instanzen bis zum Staatsrat angefochten, aber am Ende bekam die Gemeinde Recht. Und das nach Marini dank der Onkologin Patrizia Gentilini, \u201edie vor Gericht die absolute Sch\u00e4dlichkeit von Pestiziden vor allem auch f\u00fcr Kleinkinder attestiert hat. Da konnten die Richter nicht anders entscheiden.\u201c<\/p>\n<p>In der Gemeinde Vallarsa hat B\u00fcrgermeister Geremia Gios die Ursprungsbezeichnung nur den Biobauern zuerkannt. Au\u00dferdem verlangt er von den \u201eSpritzbauern\u201c eine Versicherung gegen Dritte. Denn es k\u00f6nne nicht sein, dass der Einsatz von Pestiziden in ihren Folgewirkungen straflos sei und sie f\u00fcr die angerichteten Sch\u00e4den niemals haften m\u00fcssen. Wer sich nicht daran h\u00e4lt, bekommt aus dem gemeindeeigenen System kein Bew\u00e4sserungswasser mehr.<\/p>\n<p>Dass giftige Spritzmittel, von der Industrie gerne \u201ePflanzenschutzmittel\u201c genannt, f\u00fcr die menschliche Gesundheit \u00e4u\u00dferst sch\u00e4dlich sind, ist seit vielen Jahrzehnten bekannt. Jahrein jahraus werden R\u00fcckst\u00e4nde in Lebensmitteln nachgewiesen. Der Autor hat das schon 1995 \u2013 also vor zwanzig Jahren &#8211; in seinem mit dem Bio-Bauern Josef Ortner verfassten Buch \u201eDie Bio-Bibel\u201c (Kapitel \u201eUnser t\u00e4gliches Gift\u201c) ausf\u00fchrlich dargelegt. Dort kann man lesen:<\/p>\n<p>\u201eEs ist l\u00e4ngst erwiesen, dass eine Reihe von Spritzmitteln erbgutver\u00e4ndernd und krebserregend ist. Trotzdem werden diese Gifte immer noch eingesetzt. Zu allem \u00dcberfluss tauchen sie auch noch im Trinkwasser auf. Statt nun \u00fcber die einzig m\u00f6gliche Alternative, n\u00e4mlich die generelle Einf\u00fchrung des \u00f6kologischen Landbaus nachzudenken, zeigt sich die Gift-Lobby gerade jetzt wieder unbelehrbar.\u201c   (1, Seite 25)<\/p>\n<p>In einer zu dieser Zeit gedrehten TV-Dokumentation zeigte der Autor den Demeter-Bauern Loacker aus Bozen, der in seinen Weing\u00e4rten mit \u00f6kologisch vertr\u00e4glichen Spritzmitteln arbeitete \u2013 in der Badehose. Demgegen\u00fcber m\u00fcssten seine Kollegen aus dem konventionellen Anbau im Freien oder gar im Glashaus wie Marsmenschen vermummt und mit vollem Atemschutz spritzen. Denn die Gifte werden sonst eingeatmet und durch die Haut in den K\u00f6rper aufgenommen. Das f\u00fchrt nat\u00fcrlich in Gebieten mit starkem Fremdenverkehr zu ver\u00e4ngstigten Fragen von Urlaubern und Touristen. Daher werden die Vorschriften oft missachtet. Die Bauern selbst sind die gef\u00e4hrdetste Gruppe. In der \u201eBiobibel\u201c hei\u00dft es dazu:<\/p>\n<p>\u201ePestizide sind in hohem Ma\u00df an der immer st\u00e4rker um sich greifenden Unfruchtbarkeit beteiligt. 15 bis 20 Prozent aller Paare im fortpflanzungsf\u00e4higen Alter k\u00f6nnen in den Industriestaaten keine Kinder bekommen. Der Wiener Arzt Wilfried Feichtinger hat Spritzmittelr\u00fcckst\u00e4nde in der Samen- und Eibl\u00e4schenfl\u00fcssigkeit von sterilen Paaren nachgewiesen und diese Vergiftung in unmittelbaren Zusammenhang mit ihrer Unfruchtbarkeit gebracht. Den gr\u00f6\u00dften Anteil an dieser Problemgruppe hatte die b\u00e4uerliche Bev\u00f6lkerung.\u201c<\/p>\n<p>Bei aller Anerkennung der Initiative in Mals gegen die Giftspritzer, bleiben einige Fragen offen. Es wird z.B. von Vertretern der B\u00fcrgerinitiative davon gesprochen, dass \u201enichts gegen die Verwendung von Pflanzenschutzmitteln im Glashaus, im lokalen Garten, mit Handpumpe u. dgl.\u201c einzuwenden sei, weil von \u201edieser Anwendung keine Gefahr f\u00fcr die \u00f6ffentlich Gesundheit\u201c ausgehe. Woher nimmt man da die Sicherheit? Das R\u00fcckstandsproblem in Lebensmitteln ist damit keineswegs beseitigt. Und: Die Anwender vergiften sich oft selbst, weil sie nicht die erforderlich Schutzkleidung tragen.<\/p>\n<p>Warum schlie\u00dfen sich die B\u00fcrger von Malosco, Vallarsa und Cavareno nicht zusammen? Dadurch k\u00f6nnte man Synergieeffekte erzielen. B\u00fcrgermeister Adriano Marini in Malosco: \u201eIn allen Instanzen haben wird Recht bekommen. Es war nie eine Rede davon, dass eine Gemeinde kein Pestizidverbot aussprechen darf, weil sie nicht zust\u00e4ndig ist.\u201c Im Gegenteil, so Marini, ein B\u00fcrgermeister habe sogar die Pflicht, die Gesundheit seiner B\u00fcrger zu sch\u00fctzen.<\/p>\n<p>Die Konformit\u00e4t mit den EU-Gesetzen ist aber ungewiss. Im \u201eStandard\u201c vom 16. 9. hie\u00df es mit Berufung auf die S\u00fcdtiroler Tageszeitung &#8222;Dolomiten&#8220; unter dem Titel \u201eS\u00fcdtiroler Gemeinde gegen Pestizide: Referendum rechtswidrig\u201c der Umgang mit Spritzmittel falle grunds\u00e4tzlich unter EU-Kompetenz. Die S\u00fcdtiroler Gemeinde Mals habe in ihrem Bestreben, eine pestizidfreie Ortschaft zu werden, einen R\u00fcckschlag hinnehmen m\u00fcssen. Das Regierungskommissariat habe in einem Brief an S\u00fcdtirols Landeshauptmann Arno Kompatscher (SVP) das Referendum als gesetzeswidrig bezeichnet und vor einem EU-Vertragsverletzungsverfahren gewarnt.<\/p>\n<p>Dazu schrieb der B\u00fcrgermeister von Mals, Ulrich Veith, am 6. September an den Autor: \u201eDer W\u00e4hlerwille ist f\u00fcr die Gemeinde Mals bindend umzusetzen. Sie wurde nach Satzung und Verordnung der Gemeinde abgehalten und ist somit g\u00fcltig. Das Regierungskommissariat hat lediglich eine Einsch\u00e4tzung abgegeben. Im Dezember findet eine Verhandlung vor dem ordentlichen Gericht in Bozen statt, weil einige B\u00fcrger gegen die Kommission f\u00fcr Abstimmungen, die Promotoren und die Gemeinde Mals eine Feststellungsklage eingereicht haben. Das Gericht soll dar\u00fcber entscheiden, ob die Abstimmung rechtens ist oder nicht.\u201c<\/p>\n<p>Die Gemeinde Mals auch im Gegenwirnd auf Kurs: In einer k\u00fcrzlich abgehaltenen Gemeinderatssitzung, so Veith, sei die Einsetzung einer Arbeitsgruppe beschlossen worden, die ein Konzept f\u00fcr nachhaltige Entwicklung der Landwirtschaft und des Tourismus ausarbeiten werde. Vorgabe: Verzicht auf sehr giftige, giftige chemisch-synthetische Pestizide und Herbizide.<\/p>\n<p>Ob die Kl\u00e4ger in Mals sich durchsetzen werden, ist im Hinblick auf die Gemeinden Malosco, Vallarsa und Cavareno fraglich. Was in einer Gemeinde g\u00fcltig ist, kann nicht in einer anderen ung\u00fcltig sein. Es ist zudem schwer vorstellbar, dass eine derartig eindeutige Bekundung des B\u00fcrgerwillens gegen den Einsatz giftiger Spritzmittel einfach in den Wind geschlagen wird.<\/p>\n<p>Fest steht, dass es in Sachen Spritzmittel-Verbot hart auf hart geht. Das hat schon Adriano Marini zu sp\u00fcren bekommen. Und Johannes Fragner-Unterpertinger, Apotheker in Mals und Vork\u00e4mpfer f\u00fcr das Spritzmittel-Verbot, ebenso. Er griff die \u201ema\u00dflosen Obstbauern\u201c an, \u201edie die letzten Hecken roden, die oft sogar auf die Agrios-Richtlinien \u00fcber die Verwendung von Spritzmitteln pfeifen und die Existenz der einheimischen Bauern bedrohen\u201c. In Mals bewirtschaften 30 Biobauern an die 200 Hektar Land.<\/p>\n<p>Die Reaktion lie\u00df nicht auf sich warten. Fragner-Unterpertingers Garten wurde verw\u00fcstet, das Familiengrab gesch\u00e4ndet. Und es gab b\u00f6se Zurufe: \u201eWenn ich dich erwische, fahre ich mit dem Traktor dr\u00fcber, bis die Ged\u00e4rme rausspritzen.\u201c<\/p>\n<p>Und fest steht auch, dass die B\u00fcrgerinitiative in Mals ein mutiges und revolution\u00e4res Projekt ist, das Bewunderung verdient. Das fand auch die \u201eIlse Waldthaler Stiftung f\u00fcr Zivilcourage und soziale Verantwortung\u201c und gab Fragner-Unterpertinger und dem Promotorenkomitee im Hinblick auf ihren Einsatz f\u00fcr eine pestizidfreie Gemeinde Mals den Zivilcourage-Preis 2014. Hoffentlich macht die Initiative der drei S\u00fcdtiroler Gemeinden Schule. Die S\u00fcdtiroler Bev\u00f6lkerung, Konsumenten, Touristen und Urlauber weiter mit giftigen Spritzmitteln zu belasten, ist jedenfalls nicht tolerabel!<\/p>\n<p>&#8212;<\/p>\n<p><em>(1) Wolfgang Hingst, Josef Ortner<\/em><\/p>\n<p><em>Die Bio-Bibel. Auf ins Paradies. Vom t\u00e4glichen Gift zu gesunden Lebensmitteln aus \u00f6kologischer Landwirtschaft. Wien, 1995<\/em><\/p>\n<h5 class=\"green\">Quelle<\/h5>\n<p>Wolfgang Hingst 2014<\/p>\n<div class=\"shariff shariff-align-flex-start shariff-widget-align-flex-start\"><div class=\"ShariffHeadline\">Diese Meldung teilen<\/div><ul class=\"shariff-buttons theme-round orientation-horizontal buttonsize-medium\"><li class=\"shariff-button facebook shariff-nocustomcolor\" style=\"background-color:#4273c8;border-radius:1%\"><a href=\"https:\/\/www.facebook.com\/sharer\/sharer.php?u=https%3A%2F%2Fwww.sonnenseite.com%2Fde%2Fumwelt%2Fverbot-giftiger-spritzmittel-in-suedtirol%2F\" title=\"Bei Facebook teilen\" aria-label=\"Bei Facebook teilen\" role=\"button\" rel=\"nofollow\" class=\"shariff-link\" style=\";border-radius:1%; background-color:#3b5998; color:#fff\" target=\"_blank\"><span class=\"shariff-icon\" style=\"\"><svg width=\"32px\" height=\"20px\" xmlns=\"http:\/\/www.w3.org\/2000\/svg\" viewBox=\"0 0 18 32\"><path fill=\"#3b5998\" d=\"M17.1 0.2v4.7h-2.8q-1.5 0-2.1 0.6t-0.5 1.9v3.4h5.2l-0.7 5.3h-4.5v13.6h-5.5v-13.6h-4.5v-5.3h4.5v-3.9q0-3.3 1.9-5.2t5-1.8q2.6 0 4.1 0.2z\"\/><\/svg><\/span><\/a><\/li><li class=\"shariff-button twitter shariff-nocustomcolor\" style=\"background-color:#595959;border-radius:1%\"><a href=\"https:\/\/twitter.com\/share?url=https%3A%2F%2Fwww.sonnenseite.com%2Fde%2Fumwelt%2Fverbot-giftiger-spritzmittel-in-suedtirol%2F&text=Verbot%20giftiger%20Spritzmittel%20in%20S%C3%BCdtirol\" title=\"Bei X teilen\" aria-label=\"Bei X teilen\" role=\"button\" rel=\"noopener nofollow\" class=\"shariff-link\" style=\";border-radius:1%; background-color:#000; color:#fff\" target=\"_blank\"><span class=\"shariff-icon\" style=\"\"><svg width=\"32px\" height=\"20px\" xmlns=\"http:\/\/www.w3.org\/2000\/svg\" viewBox=\"0 0 24 24\"><path fill=\"#000\" d=\"M14.258 10.152L23.176 0h-2.113l-7.747 8.813L7.133 0H0l9.352 13.328L0 23.973h2.113l8.176-9.309 6.531 9.309h7.133zm-2.895 3.293l-.949-1.328L2.875 1.56h3.246l6.086 8.523.945 1.328 7.91 11.078h-3.246zm0 0\"\/><\/svg><\/span><\/a><\/li><li class=\"shariff-button xing shariff-nocustomcolor\" style=\"background-color:#29888a;border-radius:1%\"><a href=\"https:\/\/www.xing.com\/spi\/shares\/new?url=https%3A%2F%2Fwww.sonnenseite.com%2Fde%2Fumwelt%2Fverbot-giftiger-spritzmittel-in-suedtirol%2F\" title=\"Bei XING teilen\" aria-label=\"Bei XING teilen\" role=\"button\" rel=\"noopener nofollow\" class=\"shariff-link\" style=\";border-radius:1%; background-color:#126567; color:#fff\" target=\"_blank\"><span class=\"shariff-icon\" style=\"\"><svg width=\"32px\" height=\"20px\" xmlns=\"http:\/\/www.w3.org\/2000\/svg\" viewBox=\"0 0 25 32\"><path fill=\"#126567\" d=\"M10.7 11.9q-0.2 0.3-4.6 8.2-0.5 0.8-1.2 0.8h-4.3q-0.4 0-0.5-0.3t0-0.6l4.5-8q0 0 0 0l-2.9-5q-0.2-0.4 0-0.7 0.2-0.3 0.5-0.3h4.3q0.7 0 1.2 0.8zM25.1 0.4q0.2 0.3 0 0.7l-9.4 16.7 6 11q0.2 0.4 0 0.6-0.2 0.3-0.6 0.3h-4.3q-0.7 0-1.2-0.8l-6-11.1q0.3-0.6 9.5-16.8 0.4-0.8 1.2-0.8h4.3q0.4 0 0.5 0.3z\"\/><\/svg><\/span><\/a><\/li><li class=\"shariff-button linkedin shariff-nocustomcolor\" style=\"background-color:#1488bf;border-radius:1%\"><a href=\"https:\/\/www.linkedin.com\/sharing\/share-offsite\/?url=https%3A%2F%2Fwww.sonnenseite.com%2Fde%2Fumwelt%2Fverbot-giftiger-spritzmittel-in-suedtirol%2F\" title=\"Bei LinkedIn teilen\" aria-label=\"Bei LinkedIn teilen\" role=\"button\" rel=\"noopener nofollow\" class=\"shariff-link\" style=\";border-radius:1%; background-color:#0077b5; color:#fff\" target=\"_blank\"><span class=\"shariff-icon\" style=\"\"><svg width=\"32px\" height=\"20px\" xmlns=\"http:\/\/www.w3.org\/2000\/svg\" viewBox=\"0 0 27 32\"><path fill=\"#0077b5\" d=\"M6.2 11.2v17.7h-5.9v-17.7h5.9zM6.6 5.7q0 1.3-0.9 2.2t-2.4 0.9h0q-1.5 0-2.4-0.9t-0.9-2.2 0.9-2.2 2.4-0.9 2.4 0.9 0.9 2.2zM27.4 18.7v10.1h-5.9v-9.5q0-1.9-0.7-2.9t-2.3-1.1q-1.1 0-1.9 0.6t-1.2 1.5q-0.2 0.5-0.2 1.4v9.9h-5.9q0-7.1 0-11.6t0-5.3l0-0.9h5.9v2.6h0q0.4-0.6 0.7-1t1-0.9 1.6-0.8 2-0.3q3 0 4.9 2t1.9 6z\"\/><\/svg><\/span><\/a><\/li><li class=\"shariff-button printer shariff-nocustomcolor\" style=\"background-color:#a8a8a8;border-radius:1%\"><a href=\"javascript:window.print()\" title=\"drucken\" aria-label=\"drucken\" role=\"button\" rel=\"noopener nofollow\" class=\"shariff-link\" style=\";border-radius:1%; background-color:#999; color:#fff\"><span class=\"shariff-icon\" style=\"\"><svg width=\"32px\" height=\"20px\" xmlns=\"http:\/\/www.w3.org\/2000\/svg\" viewBox=\"0 0 30 32\"><path fill=\"#999\" d=\"M6.8 27.4h16v-4.6h-16v4.6zM6.8 16h16v-6.8h-2.8q-0.7 0-1.2-0.5t-0.5-1.2v-2.8h-11.4v11.4zM27.4 17.2q0-0.5-0.3-0.8t-0.8-0.4-0.8 0.4-0.3 0.8 0.3 0.8 0.8 0.3 0.8-0.3 0.3-0.8zM29.7 17.2v7.4q0 0.2-0.2 0.4t-0.4 0.2h-4v2.8q0 0.7-0.5 1.2t-1.2 0.5h-17.2q-0.7 0-1.2-0.5t-0.5-1.2v-2.8h-4q-0.2 0-0.4-0.2t-0.2-0.4v-7.4q0-1.4 1-2.4t2.4-1h1.2v-9.7q0-0.7 0.5-1.2t1.2-0.5h12q0.7 0 1.6 0.4t1.3 0.8l2.7 2.7q0.5 0.5 0.9 1.4t0.4 1.6v4.6h1.1q1.4 0 2.4 1t1 2.4z\"\/><\/svg><\/span><\/a><\/li><li class=\"shariff-button mailto shariff-nocustomcolor\" style=\"background-color:#a8a8a8;border-radius:1%\"><a href=\"mailto:?body=https%3A%2F%2Fwww.sonnenseite.com%2Fde%2Fumwelt%2Fverbot-giftiger-spritzmittel-in-suedtirol%2F&subject=Verbot%20giftiger%20Spritzmittel%20in%20S%C3%BCdtirol\" title=\"Per E-Mail versenden\" aria-label=\"Per E-Mail versenden\" role=\"button\" rel=\"noopener nofollow\" class=\"shariff-link\" style=\";border-radius:1%; background-color:#999; color:#fff\"><span class=\"shariff-icon\" style=\"\"><svg width=\"32px\" height=\"20px\" xmlns=\"http:\/\/www.w3.org\/2000\/svg\" viewBox=\"0 0 32 32\"><path fill=\"#999\" d=\"M32 12.7v14.2q0 1.2-0.8 2t-2 0.9h-26.3q-1.2 0-2-0.9t-0.8-2v-14.2q0.8 0.9 1.8 1.6 6.5 4.4 8.9 6.1 1 0.8 1.6 1.2t1.7 0.9 2 0.4h0.1q0.9 0 2-0.4t1.7-0.9 1.6-1.2q3-2.2 8.9-6.1 1-0.7 1.8-1.6zM32 7.4q0 1.4-0.9 2.7t-2.2 2.2q-6.7 4.7-8.4 5.8-0.2 0.1-0.7 0.5t-1 0.7-0.9 0.6-1.1 0.5-0.9 0.2h-0.1q-0.4 0-0.9-0.2t-1.1-0.5-0.9-0.6-1-0.7-0.7-0.5q-1.6-1.1-4.7-3.2t-3.6-2.6q-1.1-0.7-2.1-2t-1-2.5q0-1.4 0.7-2.3t2.1-0.9h26.3q1.2 0 2 0.8t0.9 2z\"\/><\/svg><\/span><\/a><\/li><\/ul><\/div>","protected":false},"excerpt":{"rendered":"<p>In S\u00fcdtirol werden in der Landwirtschaft mehr als 2.000.000 kg Pestizide pro Jahr verwendet, so die [&hellip;]<\/p>\n","protected":false},"author":1,"featured_media":50987,"comment_status":"closed","ping_status":"closed","sticky":false,"template":"","format":"standard","meta":{"inline_featured_image":false,"footnotes":""},"categories":[23],"tags":[],"class_list":["post-50991","post","type-post","status-publish","format-standard","has-post-thumbnail","hentry","category-umwelt"],"yoast_head":"<!-- This site is optimized with the Yoast SEO plugin v26.5 - https:\/\/yoast.com\/wordpress\/plugins\/seo\/ -->\n<title>Verbot giftiger Spritzmittel in S\u00fcdtirol - Sonnenseite - \u00d6kologische Kommunikation mit Franz Alt<\/title>\n<meta name=\"description\" content=\"In S\u00fcdtirol werden in der Landwirtschaft mehr als 2.000.000 kg Pestizide pro Jahr verwendet, so die Organisation f\u00fcr B\u00fcgerpetitionen Avaaz. Viele dieser\" \/>\n<meta name=\"robots\" content=\"index, follow, max-snippet:-1, max-image-preview:large, max-video-preview:-1\" \/>\n<link rel=\"canonical\" href=\"https:\/\/www.sonnenseite.com\/de\/umwelt\/verbot-giftiger-spritzmittel-in-suedtirol\/\" \/>\n<meta property=\"og:locale\" content=\"de_DE\" \/>\n<meta property=\"og:type\" content=\"article\" \/>\n<meta property=\"og:title\" content=\"Verbot giftiger Spritzmittel in S\u00fcdtirol - Sonnenseite - \u00d6kologische Kommunikation mit Franz Alt\" \/>\n<meta property=\"og:description\" content=\"In S\u00fcdtirol werden in der Landwirtschaft mehr als 2.000.000 kg Pestizide pro Jahr verwendet, so die Organisation f\u00fcr B\u00fcgerpetitionen Avaaz. Viele dieser\" \/>\n<meta property=\"og:url\" content=\"https:\/\/www.sonnenseite.com\/de\/umwelt\/verbot-giftiger-spritzmittel-in-suedtirol\/\" \/>\n<meta property=\"og:site_name\" content=\"Sonnenseite\" \/>\n<meta property=\"article:publisher\" content=\"https:\/\/www.facebook.com\/pages\/Franz-Alt-SONNENSEITECOM\/221072987903953?fref=ts\" \/>\n<meta property=\"article:published_time\" content=\"2014-10-22T22:00:00+00:00\" \/>\n<meta property=\"article:modified_time\" content=\"2020-06-02T13:21:47+00:00\" \/>\n<meta property=\"og:image\" content=\"https:\/\/www.sonnenseite.com\/wp-content\/uploads\/2020\/06\/archiv_artikel.jpg\" \/>\n\t<meta property=\"og:image:width\" content=\"770\" \/>\n\t<meta property=\"og:image:height\" content=\"420\" \/>\n\t<meta property=\"og:image:type\" content=\"image\/jpeg\" \/>\n<meta name=\"author\" content=\"sbade\" \/>\n<meta name=\"twitter:card\" content=\"summary_large_image\" \/>\n<meta name=\"twitter:creator\" content=\"@franzalt\" \/>\n<meta name=\"twitter:site\" content=\"@franzalt\" \/>\n<meta name=\"twitter:label1\" content=\"Verfasst von\" \/>\n\t<meta name=\"twitter:data1\" content=\"sbade\" \/>\n\t<meta name=\"twitter:label2\" content=\"Gesch\u00e4tzte Lesezeit\" \/>\n\t<meta name=\"twitter:data2\" content=\"7\u00a0Minuten\" \/>\n<script type=\"application\/ld+json\" class=\"yoast-schema-graph\">{\"@context\":\"https:\/\/schema.org\",\"@graph\":[{\"@type\":\"Article\",\"@id\":\"https:\/\/www.sonnenseite.com\/de\/umwelt\/verbot-giftiger-spritzmittel-in-suedtirol\/#article\",\"isPartOf\":{\"@id\":\"https:\/\/www.sonnenseite.com\/de\/umwelt\/verbot-giftiger-spritzmittel-in-suedtirol\/\"},\"author\":{\"name\":\"sbade\",\"@id\":\"https:\/\/www.sonnenseite.com\/de\/#\/schema\/person\/6df44691cd9a70d99e140e1116ee8771\"},\"headline\":\"Verbot giftiger Spritzmittel in S\u00fcdtirol\",\"datePublished\":\"2014-10-22T22:00:00+00:00\",\"dateModified\":\"2020-06-02T13:21:47+00:00\",\"mainEntityOfPage\":{\"@id\":\"https:\/\/www.sonnenseite.com\/de\/umwelt\/verbot-giftiger-spritzmittel-in-suedtirol\/\"},\"wordCount\":1397,\"publisher\":{\"@id\":\"https:\/\/www.sonnenseite.com\/de\/#organization\"},\"image\":{\"@id\":\"https:\/\/www.sonnenseite.com\/de\/umwelt\/verbot-giftiger-spritzmittel-in-suedtirol\/#primaryimage\"},\"thumbnailUrl\":\"https:\/\/www.sonnenseite.com\/wp-content\/uploads\/2020\/06\/archiv_artikel.jpg\",\"articleSection\":[\"Umwelt\"],\"inLanguage\":\"de\"},{\"@type\":\"WebPage\",\"@id\":\"https:\/\/www.sonnenseite.com\/de\/umwelt\/verbot-giftiger-spritzmittel-in-suedtirol\/\",\"url\":\"https:\/\/www.sonnenseite.com\/de\/umwelt\/verbot-giftiger-spritzmittel-in-suedtirol\/\",\"name\":\"Verbot giftiger Spritzmittel in S\u00fcdtirol - Sonnenseite - \u00d6kologische Kommunikation mit Franz Alt\",\"isPartOf\":{\"@id\":\"https:\/\/www.sonnenseite.com\/de\/#website\"},\"primaryImageOfPage\":{\"@id\":\"https:\/\/www.sonnenseite.com\/de\/umwelt\/verbot-giftiger-spritzmittel-in-suedtirol\/#primaryimage\"},\"image\":{\"@id\":\"https:\/\/www.sonnenseite.com\/de\/umwelt\/verbot-giftiger-spritzmittel-in-suedtirol\/#primaryimage\"},\"thumbnailUrl\":\"https:\/\/www.sonnenseite.com\/wp-content\/uploads\/2020\/06\/archiv_artikel.jpg\",\"datePublished\":\"2014-10-22T22:00:00+00:00\",\"dateModified\":\"2020-06-02T13:21:47+00:00\",\"description\":\"In S\u00fcdtirol werden in der Landwirtschaft mehr als 2.000.000 kg Pestizide pro Jahr verwendet, so die Organisation f\u00fcr B\u00fcgerpetitionen Avaaz. Viele dieser\",\"breadcrumb\":{\"@id\":\"https:\/\/www.sonnenseite.com\/de\/umwelt\/verbot-giftiger-spritzmittel-in-suedtirol\/#breadcrumb\"},\"inLanguage\":\"de\",\"potentialAction\":[{\"@type\":\"ReadAction\",\"target\":[\"https:\/\/www.sonnenseite.com\/de\/umwelt\/verbot-giftiger-spritzmittel-in-suedtirol\/\"]}]},{\"@type\":\"ImageObject\",\"inLanguage\":\"de\",\"@id\":\"https:\/\/www.sonnenseite.com\/de\/umwelt\/verbot-giftiger-spritzmittel-in-suedtirol\/#primaryimage\",\"url\":\"https:\/\/www.sonnenseite.com\/wp-content\/uploads\/2020\/06\/archiv_artikel.jpg\",\"contentUrl\":\"https:\/\/www.sonnenseite.com\/wp-content\/uploads\/2020\/06\/archiv_artikel.jpg\",\"width\":770,\"height\":420,\"caption\":\"Sonnenseite\"},{\"@type\":\"BreadcrumbList\",\"@id\":\"https:\/\/www.sonnenseite.com\/de\/umwelt\/verbot-giftiger-spritzmittel-in-suedtirol\/#breadcrumb\",\"itemListElement\":[{\"@type\":\"ListItem\",\"position\":1,\"name\":\"Startseite\",\"item\":\"https:\/\/www.sonnenseite.com\/de\/\"},{\"@type\":\"ListItem\",\"position\":2,\"name\":\"Verbot giftiger Spritzmittel in S\u00fcdtirol\"}]},{\"@type\":\"WebSite\",\"@id\":\"https:\/\/www.sonnenseite.com\/de\/#website\",\"url\":\"https:\/\/www.sonnenseite.com\/de\/\",\"name\":\"Sonnenseite\",\"description\":\"\u00d6kologische Kommunikation mit Franz Alt\",\"publisher\":{\"@id\":\"https:\/\/www.sonnenseite.com\/de\/#organization\"},\"potentialAction\":[{\"@type\":\"SearchAction\",\"target\":{\"@type\":\"EntryPoint\",\"urlTemplate\":\"https:\/\/www.sonnenseite.com\/de\/?s={search_term_string}\"},\"query-input\":{\"@type\":\"PropertyValueSpecification\",\"valueRequired\":true,\"valueName\":\"search_term_string\"}}],\"inLanguage\":\"de\"},{\"@type\":\"Organization\",\"@id\":\"https:\/\/www.sonnenseite.com\/de\/#organization\",\"name\":\"Sonnenseite\",\"url\":\"https:\/\/www.sonnenseite.com\/de\/\",\"logo\":{\"@type\":\"ImageObject\",\"inLanguage\":\"de\",\"@id\":\"https:\/\/www.sonnenseite.com\/de\/#\/schema\/logo\/image\/\",\"url\":\"https:\/\/www.sonnenseite.com\/wp-content\/uploads\/2020\/05\/Sonnenseite_Logo.png\",\"contentUrl\":\"https:\/\/www.sonnenseite.com\/wp-content\/uploads\/2020\/05\/Sonnenseite_Logo.png\",\"width\":377,\"height\":90,\"caption\":\"Sonnenseite\"},\"image\":{\"@id\":\"https:\/\/www.sonnenseite.com\/de\/#\/schema\/logo\/image\/\"},\"sameAs\":[\"https:\/\/www.facebook.com\/pages\/Franz-Alt-SONNENSEITECOM\/221072987903953?fref=ts\",\"https:\/\/x.com\/franzalt\",\"http:\/\/www.youtube.com\/results?search_query&amp;amp;quot;franz_alt&amp;amp;quot;&amp;amp;amp;amp;search_type&amp;amp;amp;amp;aq=f\"]},{\"@type\":\"Person\",\"@id\":\"https:\/\/www.sonnenseite.com\/de\/#\/schema\/person\/6df44691cd9a70d99e140e1116ee8771\",\"name\":\"sbade\",\"sameAs\":[\"https:\/\/www.sonnenseite.com\"]}]}<\/script>\n<!-- \/ Yoast SEO plugin. -->","yoast_head_json":{"title":"Verbot giftiger Spritzmittel in S\u00fcdtirol - Sonnenseite - \u00d6kologische Kommunikation mit Franz Alt","description":"In S\u00fcdtirol werden in der Landwirtschaft mehr als 2.000.000 kg Pestizide pro Jahr verwendet, so die Organisation f\u00fcr B\u00fcgerpetitionen Avaaz. Viele dieser","robots":{"index":"index","follow":"follow","max-snippet":"max-snippet:-1","max-image-preview":"max-image-preview:large","max-video-preview":"max-video-preview:-1"},"canonical":"https:\/\/www.sonnenseite.com\/de\/umwelt\/verbot-giftiger-spritzmittel-in-suedtirol\/","og_locale":"de_DE","og_type":"article","og_title":"Verbot giftiger Spritzmittel in S\u00fcdtirol - Sonnenseite - \u00d6kologische Kommunikation mit Franz Alt","og_description":"In S\u00fcdtirol werden in der Landwirtschaft mehr als 2.000.000 kg Pestizide pro Jahr verwendet, so die Organisation f\u00fcr B\u00fcgerpetitionen Avaaz. Viele dieser","og_url":"https:\/\/www.sonnenseite.com\/de\/umwelt\/verbot-giftiger-spritzmittel-in-suedtirol\/","og_site_name":"Sonnenseite","article_publisher":"https:\/\/www.facebook.com\/pages\/Franz-Alt-SONNENSEITECOM\/221072987903953?fref=ts","article_published_time":"2014-10-22T22:00:00+00:00","article_modified_time":"2020-06-02T13:21:47+00:00","og_image":[{"width":770,"height":420,"url":"https:\/\/www.sonnenseite.com\/wp-content\/uploads\/2020\/06\/archiv_artikel.jpg","type":"image\/jpeg"}],"author":"sbade","twitter_card":"summary_large_image","twitter_creator":"@franzalt","twitter_site":"@franzalt","twitter_misc":{"Verfasst von":"sbade","Gesch\u00e4tzte Lesezeit":"7\u00a0Minuten"},"schema":{"@context":"https:\/\/schema.org","@graph":[{"@type":"Article","@id":"https:\/\/www.sonnenseite.com\/de\/umwelt\/verbot-giftiger-spritzmittel-in-suedtirol\/#article","isPartOf":{"@id":"https:\/\/www.sonnenseite.com\/de\/umwelt\/verbot-giftiger-spritzmittel-in-suedtirol\/"},"author":{"name":"sbade","@id":"https:\/\/www.sonnenseite.com\/de\/#\/schema\/person\/6df44691cd9a70d99e140e1116ee8771"},"headline":"Verbot giftiger Spritzmittel in S\u00fcdtirol","datePublished":"2014-10-22T22:00:00+00:00","dateModified":"2020-06-02T13:21:47+00:00","mainEntityOfPage":{"@id":"https:\/\/www.sonnenseite.com\/de\/umwelt\/verbot-giftiger-spritzmittel-in-suedtirol\/"},"wordCount":1397,"publisher":{"@id":"https:\/\/www.sonnenseite.com\/de\/#organization"},"image":{"@id":"https:\/\/www.sonnenseite.com\/de\/umwelt\/verbot-giftiger-spritzmittel-in-suedtirol\/#primaryimage"},"thumbnailUrl":"https:\/\/www.sonnenseite.com\/wp-content\/uploads\/2020\/06\/archiv_artikel.jpg","articleSection":["Umwelt"],"inLanguage":"de"},{"@type":"WebPage","@id":"https:\/\/www.sonnenseite.com\/de\/umwelt\/verbot-giftiger-spritzmittel-in-suedtirol\/","url":"https:\/\/www.sonnenseite.com\/de\/umwelt\/verbot-giftiger-spritzmittel-in-suedtirol\/","name":"Verbot giftiger Spritzmittel in S\u00fcdtirol - Sonnenseite - \u00d6kologische Kommunikation mit Franz Alt","isPartOf":{"@id":"https:\/\/www.sonnenseite.com\/de\/#website"},"primaryImageOfPage":{"@id":"https:\/\/www.sonnenseite.com\/de\/umwelt\/verbot-giftiger-spritzmittel-in-suedtirol\/#primaryimage"},"image":{"@id":"https:\/\/www.sonnenseite.com\/de\/umwelt\/verbot-giftiger-spritzmittel-in-suedtirol\/#primaryimage"},"thumbnailUrl":"https:\/\/www.sonnenseite.com\/wp-content\/uploads\/2020\/06\/archiv_artikel.jpg","datePublished":"2014-10-22T22:00:00+00:00","dateModified":"2020-06-02T13:21:47+00:00","description":"In S\u00fcdtirol werden in der Landwirtschaft mehr als 2.000.000 kg Pestizide pro Jahr verwendet, so die Organisation f\u00fcr B\u00fcgerpetitionen Avaaz. Viele dieser","breadcrumb":{"@id":"https:\/\/www.sonnenseite.com\/de\/umwelt\/verbot-giftiger-spritzmittel-in-suedtirol\/#breadcrumb"},"inLanguage":"de","potentialAction":[{"@type":"ReadAction","target":["https:\/\/www.sonnenseite.com\/de\/umwelt\/verbot-giftiger-spritzmittel-in-suedtirol\/"]}]},{"@type":"ImageObject","inLanguage":"de","@id":"https:\/\/www.sonnenseite.com\/de\/umwelt\/verbot-giftiger-spritzmittel-in-suedtirol\/#primaryimage","url":"https:\/\/www.sonnenseite.com\/wp-content\/uploads\/2020\/06\/archiv_artikel.jpg","contentUrl":"https:\/\/www.sonnenseite.com\/wp-content\/uploads\/2020\/06\/archiv_artikel.jpg","width":770,"height":420,"caption":"Sonnenseite"},{"@type":"BreadcrumbList","@id":"https:\/\/www.sonnenseite.com\/de\/umwelt\/verbot-giftiger-spritzmittel-in-suedtirol\/#breadcrumb","itemListElement":[{"@type":"ListItem","position":1,"name":"Startseite","item":"https:\/\/www.sonnenseite.com\/de\/"},{"@type":"ListItem","position":2,"name":"Verbot giftiger Spritzmittel in S\u00fcdtirol"}]},{"@type":"WebSite","@id":"https:\/\/www.sonnenseite.com\/de\/#website","url":"https:\/\/www.sonnenseite.com\/de\/","name":"Sonnenseite","description":"\u00d6kologische Kommunikation mit Franz Alt","publisher":{"@id":"https:\/\/www.sonnenseite.com\/de\/#organization"},"potentialAction":[{"@type":"SearchAction","target":{"@type":"EntryPoint","urlTemplate":"https:\/\/www.sonnenseite.com\/de\/?s={search_term_string}"},"query-input":{"@type":"PropertyValueSpecification","valueRequired":true,"valueName":"search_term_string"}}],"inLanguage":"de"},{"@type":"Organization","@id":"https:\/\/www.sonnenseite.com\/de\/#organization","name":"Sonnenseite","url":"https:\/\/www.sonnenseite.com\/de\/","logo":{"@type":"ImageObject","inLanguage":"de","@id":"https:\/\/www.sonnenseite.com\/de\/#\/schema\/logo\/image\/","url":"https:\/\/www.sonnenseite.com\/wp-content\/uploads\/2020\/05\/Sonnenseite_Logo.png","contentUrl":"https:\/\/www.sonnenseite.com\/wp-content\/uploads\/2020\/05\/Sonnenseite_Logo.png","width":377,"height":90,"caption":"Sonnenseite"},"image":{"@id":"https:\/\/www.sonnenseite.com\/de\/#\/schema\/logo\/image\/"},"sameAs":["https:\/\/www.facebook.com\/pages\/Franz-Alt-SONNENSEITECOM\/221072987903953?fref=ts","https:\/\/x.com\/franzalt","http:\/\/www.youtube.com\/results?search_query&amp;amp;quot;franz_alt&amp;amp;quot;&amp;amp;amp;amp;search_type&amp;amp;amp;amp;aq=f"]},{"@type":"Person","@id":"https:\/\/www.sonnenseite.com\/de\/#\/schema\/person\/6df44691cd9a70d99e140e1116ee8771","name":"sbade","sameAs":["https:\/\/www.sonnenseite.com"]}]}},"_links":{"self":[{"href":"https:\/\/www.sonnenseite.com\/de\/wp-json\/wp\/v2\/posts\/50991","targetHints":{"allow":["GET"]}}],"collection":[{"href":"https:\/\/www.sonnenseite.com\/de\/wp-json\/wp\/v2\/posts"}],"about":[{"href":"https:\/\/www.sonnenseite.com\/de\/wp-json\/wp\/v2\/types\/post"}],"author":[{"embeddable":true,"href":"https:\/\/www.sonnenseite.com\/de\/wp-json\/wp\/v2\/users\/1"}],"replies":[{"embeddable":true,"href":"https:\/\/www.sonnenseite.com\/de\/wp-json\/wp\/v2\/comments?post=50991"}],"version-history":[{"count":1,"href":"https:\/\/www.sonnenseite.com\/de\/wp-json\/wp\/v2\/posts\/50991\/revisions"}],"predecessor-version":[{"id":58408,"href":"https:\/\/www.sonnenseite.com\/de\/wp-json\/wp\/v2\/posts\/50991\/revisions\/58408"}],"wp:featuredmedia":[{"embeddable":true,"href":"https:\/\/www.sonnenseite.com\/de\/wp-json\/wp\/v2\/media\/50987"}],"wp:attachment":[{"href":"https:\/\/www.sonnenseite.com\/de\/wp-json\/wp\/v2\/media?parent=50991"}],"wp:term":[{"taxonomy":"category","embeddable":true,"href":"https:\/\/www.sonnenseite.com\/de\/wp-json\/wp\/v2\/categories?post=50991"},{"taxonomy":"post_tag","embeddable":true,"href":"https:\/\/www.sonnenseite.com\/de\/wp-json\/wp\/v2\/tags?post=50991"}],"curies":[{"name":"wp","href":"https:\/\/api.w.org\/{rel}","templated":true}]}}