{"id":51180,"date":"2014-09-22T00:00:00","date_gmt":"2014-09-21T22:00:00","guid":{"rendered":"https:\/\/www.sonnenseite.com\/politik\/inszenierte-parade-und-reality-show-climate-week-in-new-york.html"},"modified":"2014-09-22T00:00:00","modified_gmt":"2014-09-21T22:00:00","slug":"inszenierte-parade-und-reality-show-climate-week-in-new-york","status":"publish","type":"post","link":"https:\/\/www.sonnenseite.com\/de\/politik\/inszenierte-parade-und-reality-show-climate-week-in-new-york\/","title":{"rendered":"&#8222;Inszenierte Parade&#8220; und Reality Show &#8211; Climate Week in New York"},"content":{"rendered":"<p>Ban Ki Moon hat die weltweite Elite der Entscheider zu sich geladen, um ihnen konkrete Zusagen im Kampf gegen den Klimawandel abzuringen. <!--more--> <\/p>\n<p>Internationale Nichtregierungsorganisationen reagieren mit Respekt, Skepsis und Ablehnung. Ein chinesischer Greenpeace-Mann versucht es mit einer ganz eigenen Strategie.<\/p>\n<p>Zum ersten Mal seit f\u00fcnf Jahren kommen am Dienstag die F\u00fchrer der Welt zusammen, um \u00fcber das zu sprechen, was als \u00f6kologisches Desaster schlechthin gilt: die Erderw\u00e4rmung. UN-Generalsekret\u00e4r Ban Ki Moon dr\u00e4ngt die mehr als 120 politischen und wirtschaftlichen Entscheidungstr\u00e4ger, die auf dem <a href=\"http:\/\/www.klimaretter.info\/politik\/nachricht\/17186-125-staatenlenker-kommen-nach-new-york\" target=\"_blank\" rel=\"noopener noreferrer\"><strong>Klimagipfel am 23. September<\/strong><\/a> in New York erwartet werden, zu substanziellen Zusagen, &#8222;damit die Welt einen Pfad einschlagen kann, der die globale Erw\u00e4rmung begrenzt&#8220;, wie Ban fordert.<\/p>\n<p>Die Szenarien treiben jeden um, der ein paar Jahrzehnte vorausdenkt: extreme Wetterph\u00e4nomene, \u00fcbers\u00e4uerte Meere, abschmelzende Pole. R\u00fcckgang der Artenvielfalt, Anstieg der Meeresspiegel, Gef\u00e4hrdung der Weltern\u00e4hrung. Was geschehen m\u00fcsste, wissen alle: Der Treibhausgas-Aussto\u00df muss schnell und wirksam reduziert, der unvermeidbare Klimawandel abgefedert werden. Doch was ist von einem Event zu erwarten, das nur einen einzigen Tag dauert?<\/p>\n<p>Timothy Gore von der &#8222;Grow&#8220;-Kampagne der internationalen Hilfsorganisation Oxfam glaubt nicht, dass sich ein Problem wie der Klimawandel mit einem solchen Gipfel l\u00f6sen l\u00e4sst. Allerdings r\u00e4umt er ein: Sollte der politische Wille zum Handeln erkennbar werden, k\u00f6nnte das Treffen in New York durchaus einen Wendepunkt markieren. Einige Staats- und Regierungschefs w\u00fcrden sicherlich die Gelegenheit nutzen, um genau diese Handlungsbereitschaft zu demonstrieren.<\/p>\n<p><strong>Der Gipfel der Freiwilligkeit<\/strong><\/p>\n<p>Gleichzeitig aber sieht der Oxfam-Experte gen\u00fcgend Anzeichen daf\u00fcr, dass die n\u00f6tigen Zugest\u00e4ndnisse und Zusagen ausbleiben werden. &#8222;Freiwillige Initiativen sollen im Mittelpunkt stehen \u2013 das bedeutet, dass es keine Garantien daf\u00fcr gibt, dass die auf dem Gipfel gemachten Ank\u00fcndigungen belastbar genug sind.&#8220;<\/p>\n<p>Zum Beispiel die Finanzzusagen: Der &#8222;Gr\u00fcne Klimafonds&#8220;, der 2011 aufgelegt worden war, soll ab 2020 rund 100 Milliarden US-Dollar pro Jahr aus den Industriestaaten mobilisieren, um Mittel f\u00fcr Klimaschutz und Klimaanpassung in den Entwicklungsl\u00e4ndern bereitzustellen.<\/p>\n<p>Dazu w\u00e4re es jetzt schon h\u00f6chste Zeit, meint Dipti Bhatnagar von der Organisation Justi\u00e7a Ambiental aus Mosambik, Koordinatorin f\u00fcr Klimagerechtigkeit und Energie bei Friends of the Earth International. Sie macht sich keine Illusionen:\u00a0 &#8222;Am 23. September werden wir erleben, wie Politik und Wirtschaft mit ihren Zusagen weit hinter dem zur\u00fcckbleiben, was wir brauchen, um einen gef\u00e4hrlichen Klimawandel abzuwenden.&#8220;<\/p>\n<p>F\u00fcr die Umweltrechtlerin ist Ban Ki Moons Klimagipfel die komplett falsche Veranstaltung. &#8222;Allein der Gedanke, dass es unsere Entscheidungstr\u00e4ger bei freiwilligen, unverbindlichen Zusagen belassen werden, ist an sich schon ein Unding angesichts der Hunderttausenden Menschen, die jedes Jahr durch die Auswirkungen des Klimawandels zu Tode kommen&#8220;, emp\u00f6rt sich Bhatnagar. &#8222;Wir brauchen ehrgeizige und verbindliche Ziele zur Verringerung der CO2-Emissionen in den Industriel\u00e4ndern \u2013 und keine Parade von Staats- und Wirtschaftsf\u00fchrern, die versuchen, sich in einem guten Licht darzustellen. Doch genau das werden wir erleben auf diesem Eintags-Gipfel.&#8220;<\/p>\n<p>Am gestrign Sonntag sind in New York und vielen anderen St\u00e4dten der Welt die Menschen zu Hunderttausenden auf die Stra\u00dfe gegangen, um entschlossene und wirksame Ma\u00dfnahmen gegen den Klimawandel zu fordern. Morgen beginnt dann die Climate Week New York, unter anderem mit dem Weltgipfel der indigenen V\u00f6lker.<\/p>\n<p>Martin Kaiser leitet das globale Klimaprojekt bei Greenpeace, er meint: &#8222;Es ist gut, dass Ban Ki Moon jetzt einen Weltgipfel ausrichtet. Wir selbst werden am 21. September auf den Stra\u00dfen von New York unterwegs sein und mit dem l\u00e4ngsten Klimamarsch aller Zeiten den F\u00fchrenden unmissverst\u00e4ndlich klar machen, dass sie endlich handeln m\u00fcssen.&#8220;<\/p>\n<p><strong>Finanzierungsstopp f\u00fcr Kohlekraftwerke<\/strong><\/p>\n<p>Kaiser fordert von den Staatschefs und Unternehmensf\u00fchrern, dass sie mit konkreten Zusagen nach New York kommen. Von den Unternehmern erwarte Greenpeace genaue Angaben, wann sie die 100-prozentige Umstellung ihrer Aktivit\u00e4ten auf erneuerbare Energien vollzogen haben werden.<\/p>\n<p>Die Staaten wiederum m\u00fcssten sich verpflichten, sich sp\u00e4testens 2050 von fossilen Brennstoffen verabschiedet zu haben. Zun\u00e4chst gehe es um konkrete Schritte wie einen Stopp der Finanzierung f\u00fcr Kohlekraftwerke. &#8222;Wir erwarten von den Regierungen auch die Bekanntgabe neuer, zus\u00e4tzlicher Mittel f\u00fcr den Gr\u00fcnen Klimafonds, um den klimaanf\u00e4lligen L\u00e4ndern bei der Anpassung zu helfen und die Welt auf saubere und sichere Energietr\u00e4ger umzustellen.&#8220;<\/p>\n<p>Bhatnagar erg\u00e4nzt: &#8222;Wir brauchen auch eine verl\u00e4ssliche \u00f6ffentliche Finanzierung durch die Industrie- und Entwicklungsl\u00e4nder \u00fcber das UN-System.&#8220; Die Regierungen der reichen L\u00e4nder m\u00fcssten mehr Verantwortung in der Welt \u00fcbernehmen, um eine Klimakatastrophe zu verhindern, kritisiert die Aktivistin aus dem S\u00fcden. Sie lie\u00dfen ihre Politik von einer Minderheit wohlhabender Wirtschafts- und Finanzeliten, von der fossilen Brennstoffindustrie und multinationalen Konzernen bestimmen.<\/p>\n<p>&#8222;Gegen den Klimawandel helfen nur ehrgeizige Emissions-Einschnitte bei den Industriestaaten bei gleichzeitigem Technologietransfer in die Entwicklungsl\u00e4nder&#8220;, legt Bhatnagar nach. &#8222;Und wir brauchen eine vollst\u00e4ndige Umstellung unserer Energie- und Ern\u00e4hrungssysteme.&#8220;<\/p>\n<p>F\u00fcr Gore von Oxfam ist noch etwas anderes von Belang: mehr Transparenz, um \u00fcberhaupt beurteilen zu k\u00f6nnen, ob die Ank\u00fcndigungen mit den j\u00fcngsten Erkenntnissen der Klimaforschung Schritt halten und die Interessen derer ber\u00fccksichtigen, die die Hauptlast des Klimawandels tragen m\u00fcssen. Auf die Frage nach der Rolle des Privatsektors meint er, dass die Unternehmen wichtig seien. Einige engagierten sich auch schon im Kampf gegen den Klimawandel. So sei es Oxfam im Nahrungsmittelsektor gelungen, auch gro\u00dfe Unternehmen zu konkreten Zusagen f\u00fcr CO2-Einsparungen in ihren Lieferketten zu bewegen.<\/p>\n<p>Insgesamt werde der Gipfel aber zeigen, dass viel zu gro\u00dfe Teile des Privatsektors stark hinterherhinken, f\u00fcgt Gore hinzu. Die Firmen-Initiativen, die in New York zu erwarten seien, w\u00fcrden sich dem erforderlichen Transformationsprozess kaum gewachsen zeigen. &#8222;Das sollte uns klarmachen, dass wir gegen den Klimawandel starke Regierungen brauchen. Freiwillige Selbstverpflichtungen k\u00f6nnen Regierungshandeln nicht ersetzen.&#8220;<\/p>\n<p><strong>&#8222;Schluss mit den fossilen Subventionen&#8220;<\/strong><\/p>\n<p>Bhatnagar von Friends of the Earth ist sich sogar sicher, dass dem Privatsektor im Kampf gegen den Klimawandel nicht zu trauen ist. Umweltzerst\u00f6rer, denen Profit vor Zukunftssicherung gehe, h\u00e4tten in der privaten Wirtschaft einen zu gro\u00dfen Einfluss. &#8222;Sie versch\u00e4rfen den Klimawandel mit jedem Tag, und dann werden sie auch noch massiv staatlich unterst\u00fctzt&#8220;, schimpft sie. &#8222;Mit den \u00f6ffentlichen Subventionen muss endlich Schluss sein.&#8220;<\/p>\n<p>Li Shuo von Greenpeace China dr\u00fcckt sich vorsichtiger aus. Die neue chinesische Regierung werde auf dem Ban-Ki-Moon-Gipfel ihr Deb\u00fct auf der internationalen Klimab\u00fchne geben, schickt er voraus. Die Volksrepublik habe schon wichtige Fortschritte gegen den Kohleboom zu Hause vorzuweisen. Nun sollte die Regierung die Gelegenheit ergreifen und von der &#8222;Die anderen zuerst&#8220;-Taktik abr\u00fccken, die Fortschritte bei fr\u00fcheren Klimasgepr\u00e4chen ausgebremst habe.<\/p>\n<p>&#8222;W\u00e4re es nicht wunderbar, wenn China, ermutigt durch die Ergebnisse zu Hause, die F\u00fchrung \u00fcbern\u00e4hme, um der Welt ein neues globales Klimaabkommen zu verschaffen?&#8220;, fragt Li. &#8222;Zum Beispiel k\u00f6nnte unsere Regierung in New York bekannt geben, dass sie den H\u00f6hepunkt ihrer Treibhausgasemissionen weit vor 2030 erreichen wird.&#8220;<\/p>\n<h5 class=\"green\">Quelle<\/h5>\n<p>klimaretter.info 2014<\/p>\n<div class=\"shariff shariff-align-flex-start shariff-widget-align-flex-start\"><div class=\"ShariffHeadline\">Diese Meldung teilen<\/div><ul class=\"shariff-buttons theme-round orientation-horizontal buttonsize-medium\"><li class=\"shariff-button facebook shariff-nocustomcolor\" style=\"background-color:#4273c8;border-radius:1%\"><a href=\"https:\/\/www.facebook.com\/sharer\/sharer.php?u=https%3A%2F%2Fwww.sonnenseite.com%2Fde%2Fpolitik%2Finszenierte-parade-und-reality-show-climate-week-in-new-york%2F\" title=\"Bei Facebook teilen\" aria-label=\"Bei Facebook teilen\" role=\"button\" rel=\"nofollow\" class=\"shariff-link\" style=\";border-radius:1%; background-color:#3b5998; color:#fff\" target=\"_blank\"><span class=\"shariff-icon\" style=\"\"><svg width=\"32px\" height=\"20px\" xmlns=\"http:\/\/www.w3.org\/2000\/svg\" viewBox=\"0 0 18 32\"><path fill=\"#3b5998\" d=\"M17.1 0.2v4.7h-2.8q-1.5 0-2.1 0.6t-0.5 1.9v3.4h5.2l-0.7 5.3h-4.5v13.6h-5.5v-13.6h-4.5v-5.3h4.5v-3.9q0-3.3 1.9-5.2t5-1.8q2.6 0 4.1 0.2z\"\/><\/svg><\/span><\/a><\/li><li class=\"shariff-button twitter shariff-nocustomcolor\" style=\"background-color:#595959;border-radius:1%\"><a href=\"https:\/\/twitter.com\/share?url=https%3A%2F%2Fwww.sonnenseite.com%2Fde%2Fpolitik%2Finszenierte-parade-und-reality-show-climate-week-in-new-york%2F&text=%E2%80%9EInszenierte%20Parade%E2%80%9C%20und%20Reality%20Show%20%E2%80%93%20Climate%20Week%20in%20New%20York\" title=\"Bei X teilen\" aria-label=\"Bei X teilen\" role=\"button\" rel=\"noopener nofollow\" class=\"shariff-link\" style=\";border-radius:1%; background-color:#000; color:#fff\" target=\"_blank\"><span class=\"shariff-icon\" style=\"\"><svg width=\"32px\" height=\"20px\" xmlns=\"http:\/\/www.w3.org\/2000\/svg\" viewBox=\"0 0 24 24\"><path fill=\"#000\" d=\"M14.258 10.152L23.176 0h-2.113l-7.747 8.813L7.133 0H0l9.352 13.328L0 23.973h2.113l8.176-9.309 6.531 9.309h7.133zm-2.895 3.293l-.949-1.328L2.875 1.56h3.246l6.086 8.523.945 1.328 7.91 11.078h-3.246zm0 0\"\/><\/svg><\/span><\/a><\/li><li class=\"shariff-button xing shariff-nocustomcolor\" style=\"background-color:#29888a;border-radius:1%\"><a href=\"https:\/\/www.xing.com\/spi\/shares\/new?url=https%3A%2F%2Fwww.sonnenseite.com%2Fde%2Fpolitik%2Finszenierte-parade-und-reality-show-climate-week-in-new-york%2F\" title=\"Bei XING teilen\" aria-label=\"Bei XING teilen\" role=\"button\" rel=\"noopener nofollow\" class=\"shariff-link\" style=\";border-radius:1%; background-color:#126567; color:#fff\" target=\"_blank\"><span class=\"shariff-icon\" style=\"\"><svg width=\"32px\" height=\"20px\" xmlns=\"http:\/\/www.w3.org\/2000\/svg\" viewBox=\"0 0 25 32\"><path fill=\"#126567\" d=\"M10.7 11.9q-0.2 0.3-4.6 8.2-0.5 0.8-1.2 0.8h-4.3q-0.4 0-0.5-0.3t0-0.6l4.5-8q0 0 0 0l-2.9-5q-0.2-0.4 0-0.7 0.2-0.3 0.5-0.3h4.3q0.7 0 1.2 0.8zM25.1 0.4q0.2 0.3 0 0.7l-9.4 16.7 6 11q0.2 0.4 0 0.6-0.2 0.3-0.6 0.3h-4.3q-0.7 0-1.2-0.8l-6-11.1q0.3-0.6 9.5-16.8 0.4-0.8 1.2-0.8h4.3q0.4 0 0.5 0.3z\"\/><\/svg><\/span><\/a><\/li><li class=\"shariff-button linkedin shariff-nocustomcolor\" style=\"background-color:#1488bf;border-radius:1%\"><a href=\"https:\/\/www.linkedin.com\/sharing\/share-offsite\/?url=https%3A%2F%2Fwww.sonnenseite.com%2Fde%2Fpolitik%2Finszenierte-parade-und-reality-show-climate-week-in-new-york%2F\" title=\"Bei LinkedIn teilen\" aria-label=\"Bei LinkedIn teilen\" role=\"button\" rel=\"noopener nofollow\" class=\"shariff-link\" style=\";border-radius:1%; background-color:#0077b5; color:#fff\" target=\"_blank\"><span class=\"shariff-icon\" style=\"\"><svg width=\"32px\" height=\"20px\" xmlns=\"http:\/\/www.w3.org\/2000\/svg\" viewBox=\"0 0 27 32\"><path fill=\"#0077b5\" d=\"M6.2 11.2v17.7h-5.9v-17.7h5.9zM6.6 5.7q0 1.3-0.9 2.2t-2.4 0.9h0q-1.5 0-2.4-0.9t-0.9-2.2 0.9-2.2 2.4-0.9 2.4 0.9 0.9 2.2zM27.4 18.7v10.1h-5.9v-9.5q0-1.9-0.7-2.9t-2.3-1.1q-1.1 0-1.9 0.6t-1.2 1.5q-0.2 0.5-0.2 1.4v9.9h-5.9q0-7.1 0-11.6t0-5.3l0-0.9h5.9v2.6h0q0.4-0.6 0.7-1t1-0.9 1.6-0.8 2-0.3q3 0 4.9 2t1.9 6z\"\/><\/svg><\/span><\/a><\/li><li class=\"shariff-button printer shariff-nocustomcolor\" style=\"background-color:#a8a8a8;border-radius:1%\"><a href=\"javascript:window.print()\" title=\"drucken\" aria-label=\"drucken\" role=\"button\" rel=\"noopener nofollow\" class=\"shariff-link\" style=\";border-radius:1%; background-color:#999; color:#fff\"><span class=\"shariff-icon\" style=\"\"><svg width=\"32px\" height=\"20px\" xmlns=\"http:\/\/www.w3.org\/2000\/svg\" viewBox=\"0 0 30 32\"><path fill=\"#999\" d=\"M6.8 27.4h16v-4.6h-16v4.6zM6.8 16h16v-6.8h-2.8q-0.7 0-1.2-0.5t-0.5-1.2v-2.8h-11.4v11.4zM27.4 17.2q0-0.5-0.3-0.8t-0.8-0.4-0.8 0.4-0.3 0.8 0.3 0.8 0.8 0.3 0.8-0.3 0.3-0.8zM29.7 17.2v7.4q0 0.2-0.2 0.4t-0.4 0.2h-4v2.8q0 0.7-0.5 1.2t-1.2 0.5h-17.2q-0.7 0-1.2-0.5t-0.5-1.2v-2.8h-4q-0.2 0-0.4-0.2t-0.2-0.4v-7.4q0-1.4 1-2.4t2.4-1h1.2v-9.7q0-0.7 0.5-1.2t1.2-0.5h12q0.7 0 1.6 0.4t1.3 0.8l2.7 2.7q0.5 0.5 0.9 1.4t0.4 1.6v4.6h1.1q1.4 0 2.4 1t1 2.4z\"\/><\/svg><\/span><\/a><\/li><li class=\"shariff-button mailto shariff-nocustomcolor\" style=\"background-color:#a8a8a8;border-radius:1%\"><a href=\"mailto:?body=https%3A%2F%2Fwww.sonnenseite.com%2Fde%2Fpolitik%2Finszenierte-parade-und-reality-show-climate-week-in-new-york%2F&subject=%E2%80%9EInszenierte%20Parade%E2%80%9C%20und%20Reality%20Show%20%E2%80%93%20Climate%20Week%20in%20New%20York\" title=\"Per E-Mail versenden\" aria-label=\"Per E-Mail versenden\" role=\"button\" rel=\"noopener nofollow\" class=\"shariff-link\" style=\";border-radius:1%; background-color:#999; color:#fff\"><span class=\"shariff-icon\" style=\"\"><svg width=\"32px\" height=\"20px\" xmlns=\"http:\/\/www.w3.org\/2000\/svg\" viewBox=\"0 0 32 32\"><path fill=\"#999\" d=\"M32 12.7v14.2q0 1.2-0.8 2t-2 0.9h-26.3q-1.2 0-2-0.9t-0.8-2v-14.2q0.8 0.9 1.8 1.6 6.5 4.4 8.9 6.1 1 0.8 1.6 1.2t1.7 0.9 2 0.4h0.1q0.9 0 2-0.4t1.7-0.9 1.6-1.2q3-2.2 8.9-6.1 1-0.7 1.8-1.6zM32 7.4q0 1.4-0.9 2.7t-2.2 2.2q-6.7 4.7-8.4 5.8-0.2 0.1-0.7 0.5t-1 0.7-0.9 0.6-1.1 0.5-0.9 0.2h-0.1q-0.4 0-0.9-0.2t-1.1-0.5-0.9-0.6-1-0.7-0.7-0.5q-1.6-1.1-4.7-3.2t-3.6-2.6q-1.1-0.7-2.1-2t-1-2.5q0-1.4 0.7-2.3t2.1-0.9h26.3q1.2 0 2 0.8t0.9 2z\"\/><\/svg><\/span><\/a><\/li><\/ul><\/div>","protected":false},"excerpt":{"rendered":"<p>Ban Ki Moon hat die weltweite Elite der Entscheider zu sich geladen, um ihnen konkrete Zusagen [&hellip;]<\/p>\n","protected":false},"author":1,"featured_media":50987,"comment_status":"closed","ping_status":"closed","sticky":false,"template":"","format":"standard","meta":{"inline_featured_image":false,"footnotes":""},"categories":[21],"tags":[],"class_list":["post-51180","post","type-post","status-publish","format-standard","has-post-thumbnail","hentry","category-politik"],"yoast_head":"<!-- This site is optimized with the Yoast SEO plugin v26.5 - https:\/\/yoast.com\/wordpress\/plugins\/seo\/ -->\n<title>&quot;Inszenierte Parade&quot; und Reality Show - Climate Week in New York - Sonnenseite - \u00d6kologische Kommunikation mit Franz Alt<\/title>\n<meta name=\"description\" content=\"Ban Ki Moon hat die weltweite Elite der Entscheider zu sich geladen, um ihnen konkrete Zusagen im Kampf gegen den Klimawandel abzuringen. Internationale\" \/>\n<meta name=\"robots\" content=\"index, follow, max-snippet:-1, max-image-preview:large, max-video-preview:-1\" \/>\n<link rel=\"canonical\" href=\"https:\/\/www.sonnenseite.com\/de\/politik\/inszenierte-parade-und-reality-show-climate-week-in-new-york\/\" \/>\n<meta property=\"og:locale\" content=\"de_DE\" \/>\n<meta property=\"og:type\" content=\"article\" \/>\n<meta property=\"og:title\" content=\"&quot;Inszenierte Parade&quot; und Reality Show - Climate Week in New York - Sonnenseite - \u00d6kologische Kommunikation mit Franz Alt\" \/>\n<meta property=\"og:description\" content=\"Ban Ki Moon hat die weltweite Elite der Entscheider zu sich geladen, um ihnen konkrete Zusagen im Kampf gegen den Klimawandel abzuringen. Internationale\" \/>\n<meta property=\"og:url\" content=\"https:\/\/www.sonnenseite.com\/de\/politik\/inszenierte-parade-und-reality-show-climate-week-in-new-york\/\" \/>\n<meta property=\"og:site_name\" content=\"Sonnenseite\" \/>\n<meta property=\"article:publisher\" content=\"https:\/\/www.facebook.com\/pages\/Franz-Alt-SONNENSEITECOM\/221072987903953?fref=ts\" \/>\n<meta property=\"article:published_time\" content=\"2014-09-21T22:00:00+00:00\" \/>\n<meta property=\"og:image\" content=\"https:\/\/www.sonnenseite.com\/wp-content\/uploads\/2020\/06\/archiv_artikel.jpg\" \/>\n\t<meta property=\"og:image:width\" content=\"770\" \/>\n\t<meta property=\"og:image:height\" content=\"420\" \/>\n\t<meta property=\"og:image:type\" content=\"image\/jpeg\" \/>\n<meta name=\"author\" content=\"sbade\" \/>\n<meta name=\"twitter:card\" content=\"summary_large_image\" \/>\n<meta name=\"twitter:creator\" content=\"@franzalt\" \/>\n<meta name=\"twitter:site\" content=\"@franzalt\" \/>\n<meta name=\"twitter:label1\" content=\"Verfasst von\" \/>\n\t<meta name=\"twitter:data1\" content=\"sbade\" \/>\n\t<meta name=\"twitter:label2\" content=\"Gesch\u00e4tzte Lesezeit\" \/>\n\t<meta name=\"twitter:data2\" content=\"6\u00a0Minuten\" \/>\n<script type=\"application\/ld+json\" class=\"yoast-schema-graph\">{\"@context\":\"https:\/\/schema.org\",\"@graph\":[{\"@type\":\"Article\",\"@id\":\"https:\/\/www.sonnenseite.com\/de\/politik\/inszenierte-parade-und-reality-show-climate-week-in-new-york\/#article\",\"isPartOf\":{\"@id\":\"https:\/\/www.sonnenseite.com\/de\/politik\/inszenierte-parade-und-reality-show-climate-week-in-new-york\/\"},\"author\":{\"name\":\"sbade\",\"@id\":\"https:\/\/www.sonnenseite.com\/de\/#\/schema\/person\/6df44691cd9a70d99e140e1116ee8771\"},\"headline\":\"&#8222;Inszenierte Parade&#8220; und Reality Show &#8211; Climate Week in New York\",\"datePublished\":\"2014-09-21T22:00:00+00:00\",\"mainEntityOfPage\":{\"@id\":\"https:\/\/www.sonnenseite.com\/de\/politik\/inszenierte-parade-und-reality-show-climate-week-in-new-york\/\"},\"wordCount\":1156,\"publisher\":{\"@id\":\"https:\/\/www.sonnenseite.com\/de\/#organization\"},\"image\":{\"@id\":\"https:\/\/www.sonnenseite.com\/de\/politik\/inszenierte-parade-und-reality-show-climate-week-in-new-york\/#primaryimage\"},\"thumbnailUrl\":\"https:\/\/www.sonnenseite.com\/wp-content\/uploads\/2020\/06\/archiv_artikel.jpg\",\"articleSection\":[\"Politik\"],\"inLanguage\":\"de\"},{\"@type\":\"WebPage\",\"@id\":\"https:\/\/www.sonnenseite.com\/de\/politik\/inszenierte-parade-und-reality-show-climate-week-in-new-york\/\",\"url\":\"https:\/\/www.sonnenseite.com\/de\/politik\/inszenierte-parade-und-reality-show-climate-week-in-new-york\/\",\"name\":\"\\\"Inszenierte Parade\\\" und Reality Show - Climate Week in New York - Sonnenseite - \u00d6kologische Kommunikation mit Franz Alt\",\"isPartOf\":{\"@id\":\"https:\/\/www.sonnenseite.com\/de\/#website\"},\"primaryImageOfPage\":{\"@id\":\"https:\/\/www.sonnenseite.com\/de\/politik\/inszenierte-parade-und-reality-show-climate-week-in-new-york\/#primaryimage\"},\"image\":{\"@id\":\"https:\/\/www.sonnenseite.com\/de\/politik\/inszenierte-parade-und-reality-show-climate-week-in-new-york\/#primaryimage\"},\"thumbnailUrl\":\"https:\/\/www.sonnenseite.com\/wp-content\/uploads\/2020\/06\/archiv_artikel.jpg\",\"datePublished\":\"2014-09-21T22:00:00+00:00\",\"description\":\"Ban Ki Moon hat die weltweite Elite der Entscheider zu sich geladen, um ihnen konkrete Zusagen im Kampf gegen den Klimawandel abzuringen. Internationale\",\"breadcrumb\":{\"@id\":\"https:\/\/www.sonnenseite.com\/de\/politik\/inszenierte-parade-und-reality-show-climate-week-in-new-york\/#breadcrumb\"},\"inLanguage\":\"de\",\"potentialAction\":[{\"@type\":\"ReadAction\",\"target\":[\"https:\/\/www.sonnenseite.com\/de\/politik\/inszenierte-parade-und-reality-show-climate-week-in-new-york\/\"]}]},{\"@type\":\"ImageObject\",\"inLanguage\":\"de\",\"@id\":\"https:\/\/www.sonnenseite.com\/de\/politik\/inszenierte-parade-und-reality-show-climate-week-in-new-york\/#primaryimage\",\"url\":\"https:\/\/www.sonnenseite.com\/wp-content\/uploads\/2020\/06\/archiv_artikel.jpg\",\"contentUrl\":\"https:\/\/www.sonnenseite.com\/wp-content\/uploads\/2020\/06\/archiv_artikel.jpg\",\"width\":770,\"height\":420,\"caption\":\"Sonnenseite\"},{\"@type\":\"BreadcrumbList\",\"@id\":\"https:\/\/www.sonnenseite.com\/de\/politik\/inszenierte-parade-und-reality-show-climate-week-in-new-york\/#breadcrumb\",\"itemListElement\":[{\"@type\":\"ListItem\",\"position\":1,\"name\":\"Startseite\",\"item\":\"https:\/\/www.sonnenseite.com\/de\/\"},{\"@type\":\"ListItem\",\"position\":2,\"name\":\"&#8222;Inszenierte Parade&#8220; und Reality Show &#8211; Climate Week in New York\"}]},{\"@type\":\"WebSite\",\"@id\":\"https:\/\/www.sonnenseite.com\/de\/#website\",\"url\":\"https:\/\/www.sonnenseite.com\/de\/\",\"name\":\"Sonnenseite\",\"description\":\"\u00d6kologische Kommunikation mit Franz Alt\",\"publisher\":{\"@id\":\"https:\/\/www.sonnenseite.com\/de\/#organization\"},\"potentialAction\":[{\"@type\":\"SearchAction\",\"target\":{\"@type\":\"EntryPoint\",\"urlTemplate\":\"https:\/\/www.sonnenseite.com\/de\/?s={search_term_string}\"},\"query-input\":{\"@type\":\"PropertyValueSpecification\",\"valueRequired\":true,\"valueName\":\"search_term_string\"}}],\"inLanguage\":\"de\"},{\"@type\":\"Organization\",\"@id\":\"https:\/\/www.sonnenseite.com\/de\/#organization\",\"name\":\"Sonnenseite\",\"url\":\"https:\/\/www.sonnenseite.com\/de\/\",\"logo\":{\"@type\":\"ImageObject\",\"inLanguage\":\"de\",\"@id\":\"https:\/\/www.sonnenseite.com\/de\/#\/schema\/logo\/image\/\",\"url\":\"https:\/\/www.sonnenseite.com\/wp-content\/uploads\/2020\/05\/Sonnenseite_Logo.png\",\"contentUrl\":\"https:\/\/www.sonnenseite.com\/wp-content\/uploads\/2020\/05\/Sonnenseite_Logo.png\",\"width\":377,\"height\":90,\"caption\":\"Sonnenseite\"},\"image\":{\"@id\":\"https:\/\/www.sonnenseite.com\/de\/#\/schema\/logo\/image\/\"},\"sameAs\":[\"https:\/\/www.facebook.com\/pages\/Franz-Alt-SONNENSEITECOM\/221072987903953?fref=ts\",\"https:\/\/x.com\/franzalt\",\"http:\/\/www.youtube.com\/results?search_query&amp;amp;quot;franz_alt&amp;amp;quot;&amp;amp;amp;amp;search_type&amp;amp;amp;amp;aq=f\"]},{\"@type\":\"Person\",\"@id\":\"https:\/\/www.sonnenseite.com\/de\/#\/schema\/person\/6df44691cd9a70d99e140e1116ee8771\",\"name\":\"sbade\",\"sameAs\":[\"https:\/\/www.sonnenseite.com\"]}]}<\/script>\n<!-- \/ Yoast SEO plugin. -->","yoast_head_json":{"title":"\"Inszenierte Parade\" und Reality Show - Climate Week in New York - Sonnenseite - \u00d6kologische Kommunikation mit Franz Alt","description":"Ban Ki Moon hat die weltweite Elite der Entscheider zu sich geladen, um ihnen konkrete Zusagen im Kampf gegen den Klimawandel abzuringen. Internationale","robots":{"index":"index","follow":"follow","max-snippet":"max-snippet:-1","max-image-preview":"max-image-preview:large","max-video-preview":"max-video-preview:-1"},"canonical":"https:\/\/www.sonnenseite.com\/de\/politik\/inszenierte-parade-und-reality-show-climate-week-in-new-york\/","og_locale":"de_DE","og_type":"article","og_title":"\"Inszenierte Parade\" und Reality Show - Climate Week in New York - Sonnenseite - \u00d6kologische Kommunikation mit Franz Alt","og_description":"Ban Ki Moon hat die weltweite Elite der Entscheider zu sich geladen, um ihnen konkrete Zusagen im Kampf gegen den Klimawandel abzuringen. Internationale","og_url":"https:\/\/www.sonnenseite.com\/de\/politik\/inszenierte-parade-und-reality-show-climate-week-in-new-york\/","og_site_name":"Sonnenseite","article_publisher":"https:\/\/www.facebook.com\/pages\/Franz-Alt-SONNENSEITECOM\/221072987903953?fref=ts","article_published_time":"2014-09-21T22:00:00+00:00","og_image":[{"width":770,"height":420,"url":"https:\/\/www.sonnenseite.com\/wp-content\/uploads\/2020\/06\/archiv_artikel.jpg","type":"image\/jpeg"}],"author":"sbade","twitter_card":"summary_large_image","twitter_creator":"@franzalt","twitter_site":"@franzalt","twitter_misc":{"Verfasst von":"sbade","Gesch\u00e4tzte Lesezeit":"6\u00a0Minuten"},"schema":{"@context":"https:\/\/schema.org","@graph":[{"@type":"Article","@id":"https:\/\/www.sonnenseite.com\/de\/politik\/inszenierte-parade-und-reality-show-climate-week-in-new-york\/#article","isPartOf":{"@id":"https:\/\/www.sonnenseite.com\/de\/politik\/inszenierte-parade-und-reality-show-climate-week-in-new-york\/"},"author":{"name":"sbade","@id":"https:\/\/www.sonnenseite.com\/de\/#\/schema\/person\/6df44691cd9a70d99e140e1116ee8771"},"headline":"&#8222;Inszenierte Parade&#8220; und Reality Show &#8211; Climate Week in New York","datePublished":"2014-09-21T22:00:00+00:00","mainEntityOfPage":{"@id":"https:\/\/www.sonnenseite.com\/de\/politik\/inszenierte-parade-und-reality-show-climate-week-in-new-york\/"},"wordCount":1156,"publisher":{"@id":"https:\/\/www.sonnenseite.com\/de\/#organization"},"image":{"@id":"https:\/\/www.sonnenseite.com\/de\/politik\/inszenierte-parade-und-reality-show-climate-week-in-new-york\/#primaryimage"},"thumbnailUrl":"https:\/\/www.sonnenseite.com\/wp-content\/uploads\/2020\/06\/archiv_artikel.jpg","articleSection":["Politik"],"inLanguage":"de"},{"@type":"WebPage","@id":"https:\/\/www.sonnenseite.com\/de\/politik\/inszenierte-parade-und-reality-show-climate-week-in-new-york\/","url":"https:\/\/www.sonnenseite.com\/de\/politik\/inszenierte-parade-und-reality-show-climate-week-in-new-york\/","name":"\"Inszenierte Parade\" und Reality Show - Climate Week in New York - Sonnenseite - \u00d6kologische Kommunikation mit Franz Alt","isPartOf":{"@id":"https:\/\/www.sonnenseite.com\/de\/#website"},"primaryImageOfPage":{"@id":"https:\/\/www.sonnenseite.com\/de\/politik\/inszenierte-parade-und-reality-show-climate-week-in-new-york\/#primaryimage"},"image":{"@id":"https:\/\/www.sonnenseite.com\/de\/politik\/inszenierte-parade-und-reality-show-climate-week-in-new-york\/#primaryimage"},"thumbnailUrl":"https:\/\/www.sonnenseite.com\/wp-content\/uploads\/2020\/06\/archiv_artikel.jpg","datePublished":"2014-09-21T22:00:00+00:00","description":"Ban Ki Moon hat die weltweite Elite der Entscheider zu sich geladen, um ihnen konkrete Zusagen im Kampf gegen den Klimawandel abzuringen. Internationale","breadcrumb":{"@id":"https:\/\/www.sonnenseite.com\/de\/politik\/inszenierte-parade-und-reality-show-climate-week-in-new-york\/#breadcrumb"},"inLanguage":"de","potentialAction":[{"@type":"ReadAction","target":["https:\/\/www.sonnenseite.com\/de\/politik\/inszenierte-parade-und-reality-show-climate-week-in-new-york\/"]}]},{"@type":"ImageObject","inLanguage":"de","@id":"https:\/\/www.sonnenseite.com\/de\/politik\/inszenierte-parade-und-reality-show-climate-week-in-new-york\/#primaryimage","url":"https:\/\/www.sonnenseite.com\/wp-content\/uploads\/2020\/06\/archiv_artikel.jpg","contentUrl":"https:\/\/www.sonnenseite.com\/wp-content\/uploads\/2020\/06\/archiv_artikel.jpg","width":770,"height":420,"caption":"Sonnenseite"},{"@type":"BreadcrumbList","@id":"https:\/\/www.sonnenseite.com\/de\/politik\/inszenierte-parade-und-reality-show-climate-week-in-new-york\/#breadcrumb","itemListElement":[{"@type":"ListItem","position":1,"name":"Startseite","item":"https:\/\/www.sonnenseite.com\/de\/"},{"@type":"ListItem","position":2,"name":"&#8222;Inszenierte Parade&#8220; und Reality Show &#8211; Climate Week in New York"}]},{"@type":"WebSite","@id":"https:\/\/www.sonnenseite.com\/de\/#website","url":"https:\/\/www.sonnenseite.com\/de\/","name":"Sonnenseite","description":"\u00d6kologische Kommunikation mit Franz Alt","publisher":{"@id":"https:\/\/www.sonnenseite.com\/de\/#organization"},"potentialAction":[{"@type":"SearchAction","target":{"@type":"EntryPoint","urlTemplate":"https:\/\/www.sonnenseite.com\/de\/?s={search_term_string}"},"query-input":{"@type":"PropertyValueSpecification","valueRequired":true,"valueName":"search_term_string"}}],"inLanguage":"de"},{"@type":"Organization","@id":"https:\/\/www.sonnenseite.com\/de\/#organization","name":"Sonnenseite","url":"https:\/\/www.sonnenseite.com\/de\/","logo":{"@type":"ImageObject","inLanguage":"de","@id":"https:\/\/www.sonnenseite.com\/de\/#\/schema\/logo\/image\/","url":"https:\/\/www.sonnenseite.com\/wp-content\/uploads\/2020\/05\/Sonnenseite_Logo.png","contentUrl":"https:\/\/www.sonnenseite.com\/wp-content\/uploads\/2020\/05\/Sonnenseite_Logo.png","width":377,"height":90,"caption":"Sonnenseite"},"image":{"@id":"https:\/\/www.sonnenseite.com\/de\/#\/schema\/logo\/image\/"},"sameAs":["https:\/\/www.facebook.com\/pages\/Franz-Alt-SONNENSEITECOM\/221072987903953?fref=ts","https:\/\/x.com\/franzalt","http:\/\/www.youtube.com\/results?search_query&amp;amp;quot;franz_alt&amp;amp;quot;&amp;amp;amp;amp;search_type&amp;amp;amp;amp;aq=f"]},{"@type":"Person","@id":"https:\/\/www.sonnenseite.com\/de\/#\/schema\/person\/6df44691cd9a70d99e140e1116ee8771","name":"sbade","sameAs":["https:\/\/www.sonnenseite.com"]}]}},"_links":{"self":[{"href":"https:\/\/www.sonnenseite.com\/de\/wp-json\/wp\/v2\/posts\/51180","targetHints":{"allow":["GET"]}}],"collection":[{"href":"https:\/\/www.sonnenseite.com\/de\/wp-json\/wp\/v2\/posts"}],"about":[{"href":"https:\/\/www.sonnenseite.com\/de\/wp-json\/wp\/v2\/types\/post"}],"author":[{"embeddable":true,"href":"https:\/\/www.sonnenseite.com\/de\/wp-json\/wp\/v2\/users\/1"}],"replies":[{"embeddable":true,"href":"https:\/\/www.sonnenseite.com\/de\/wp-json\/wp\/v2\/comments?post=51180"}],"version-history":[{"count":0,"href":"https:\/\/www.sonnenseite.com\/de\/wp-json\/wp\/v2\/posts\/51180\/revisions"}],"wp:featuredmedia":[{"embeddable":true,"href":"https:\/\/www.sonnenseite.com\/de\/wp-json\/wp\/v2\/media\/50987"}],"wp:attachment":[{"href":"https:\/\/www.sonnenseite.com\/de\/wp-json\/wp\/v2\/media?parent=51180"}],"wp:term":[{"taxonomy":"category","embeddable":true,"href":"https:\/\/www.sonnenseite.com\/de\/wp-json\/wp\/v2\/categories?post=51180"},{"taxonomy":"post_tag","embeddable":true,"href":"https:\/\/www.sonnenseite.com\/de\/wp-json\/wp\/v2\/tags?post=51180"}],"curies":[{"name":"wp","href":"https:\/\/api.w.org\/{rel}","templated":true}]}}