{"id":51286,"date":"2014-09-04T00:00:00","date_gmt":"2014-09-03T22:00:00","guid":{"rendered":"https:\/\/www.sonnenseite.com\/politik\/neue-wege-bei-der-speicherung-von-solarenergie.html"},"modified":"2014-09-04T00:00:00","modified_gmt":"2014-09-03T22:00:00","slug":"neue-wege-bei-der-speicherung-von-solarenergie","status":"publish","type":"post","link":"https:\/\/www.sonnenseite.com\/de\/politik\/neue-wege-bei-der-speicherung-von-solarenergie\/","title":{"rendered":"Neue Wege bei der Speicherung von Solarenergie"},"content":{"rendered":"<p>Die Wissenschaftler von Leclanch\u00e9 und die EPFL wollen nach neuartigen industriellen L\u00f6sungen zur Speicherung von Solarenergie suchen. <!--more--> <\/p>\n<p>Ein Forschungsprojekt von Leclanch\u00e9 S.A., der Ecole Polytechnique F\u00e9d\u00e9rale de Lausanne (EPFL) und Romande Energie, das vom Kanton Waadt co-finanziert wird, k\u00f6nnte einen echten Mehrwert beim Ausbau erneuerbarer Energien schaffen.<\/p>\n<p>Im Rahmen seines Programms \u00ab100 Millionen f\u00fcr erneuerbare Energien und Energieeffizienz\u00bb unterst\u00fctzt der Kanton Waadt das Distributed Electrical Systems Laboratory von Professor Mario Paolone von der EPFL zur Einf\u00fchrung eines umfassenden Energiespeichersystems mit rund zwei Millionen Franken.<\/p>\n<p>Die Wissenschaftler wollen nach neuartigen industriellen L\u00f6sungen zur Speicherung von Solarenergie suchen, die anschlie\u00dfend bei Verbrauchsspitzen w\u00e4hrend des Tages optimal verteilt werden soll.<\/p>\n<p>Herzst\u00fcck des von Leclanch\u00e9 entwickelten Systems ist eine neuartige Lithium-Ionen-Batterie, die Titanat anstelle des herk\u00f6mmlichen Graphits verwendet. Die Batterie wird den Solarpark von Romande Energie auf dem Campus der EPFL, eine der gr\u00f6ssten Solarstromanlagen in der Westschweiz, versorgen. Teilnehmer des Pilotprojekts sind die Ecole Polytechnique F\u00e9d\u00e9rale de Lausanne (EPFL), Leclanch\u00e9 S.A. (SIX Swiss Exchange: LECN), Romande Energie sowie der Kanton Waadt.<\/p>\n<p>\u00abDie Speicherung von elektrischer Energie durch die Verwendung von Batterien mit grosser Kapazit\u00e4t und langer Lebensdauer stellt eine echte Herausforderung dar, die die massive Integration erneuerbarer Energietr\u00e4ger bei der Stromerzeugung voraussetzt. Diese Partnerschaft wird uns in die Lage versetzen, die f\u00fcr die Speicherung von Solarenergie eingesetzten Technologien im industriellen Ma\u00dfstab auszubauen\u00bb, betont Professor Paolone. \u00abDie Herausforderungen sind daher gro\u00df\u00bb.<\/p>\n<p><strong>Ein Labor auf dem Campus <\/strong><\/p>\n<p>Der Energiespeicher von Leclanch\u00e9 von der Gr\u00f6sse eines Seecontainers soll auf einer Fl\u00e4che von 18.000 m2 an die von der EPFL und Romande Energie installierten Photovoltaikanlage angeschlossen werden. Der Container wird mit sehr langlebigen, hochleistungsf\u00e4higen Lithium-Ionen-Titanat-Zellen von Leclanch\u00e9 mit ca. 15.000 Lade-\/Entladezyklen (gegen\u00fcber 3.000 bei herk\u00f6mmlichen Zellen) ausgestattet. Zur Erh\u00f6hung der Sicherheit des Energiespeichers bildet ein patentierter keramischer Batterieseparator von Leclanch\u00e9 eine der zentralen Komponenten. Das Ganze wird durch ein ausgefeiltes Steuerungssystem erg\u00e4nzt.<\/p>\n<p>\u00abWir freuen uns auf diese Zusammenarbeit\u00bb, erg\u00e4nzt Fabrizio Marzolini, Direktor Systementwicklung bei Leclanch\u00e9 SA. \u00abDies ist der beste Weg, die von Leclanch\u00e9 entwickelte Spitzentechnologie und die wissenschaftliche Forschung zu nutzen, um unsere Top-Position bei Innovationen zu halten, die geeignet sind, einen Beitrag zur unverzichtbar gewordenen Energiewende zu leisten.\u00bb Jacqueline de Quattro, Vorsteherin des Departements f\u00fcr Raumplanung und Umwelt des Kantons Waadt, freut sich, dass \u00f6ffentliches Geld sinnvoll in ein innovatives Projekt investiert wird, dass in Richtung unserer Unterst\u00fctzungsstrategie der erneuerbare Energien geht.<\/p>\n<p>Als echter Versuchsstand kann diese Speichereinheit industriellen Ausmasses bis zu 500 kWh &#8211; das entspricht der Stromerzeugung von 2.500 Quadratmetern Solarpaneelen innerhalb einer Stunde bzw. dem Tagesverbrauch von etwa hundert Haushalten produzieren. Sie synchronisiert dabei die aufgrund der wetterabh\u00e4ngigen Produktion auftretenden Leistungsschwankungen.<\/p>\n<p>\u00abDie gemeinsame Forschung wird es uns erm\u00f6glichen, den Anteil der Photovoltaik an der Energieversorgung in der Schweiz auszubauen\u00bb, sagt abschlie\u00dfend Christian Fr\u00e8re, Gesch\u00e4ftseinheitenleiter bei Romande Energie.<\/p>\n<p>Die Forschungarbeiten in Zusammenhang mit dem Container werden 23 Monate dauern und eine Betriebsoptimierung der verschiedenen Komponenten erm\u00f6glichen.<\/p>\n<p><strong>\u00dcber das Distributed Electrical Systems Laboratory der EPFL <\/strong><\/p>\n<p>Die Forschungst\u00e4tigkeit des Distributed Electrical Systems Laboratory konzentriert sich auf die Suche nach innovativen L\u00f6sungskonzepten f\u00fcr die Steuerung von Stromnetzen, die der zunehmenden Komplexit\u00e4t und der damit einhergehenden, wachsenden Integration erneuerbarer Energietr\u00e4ger sowie der verteilten Erzeugung und Speicherung von elektrischer Energie Rechnung tr\u00e4gt.<\/p>\n<p>Zus\u00e4tzliche Informationen: <a href=\"http:\/\/desl-pwrs.epfl.ch\" target=\"_blank\" rel=\"noopener noreferrer\">http:\/\/desl-pwrs.epfl.ch<\/a><\/p>\n<p><strong>\u00dcber Leclanch\u00e9 <\/strong><\/p>\n<p>Die Strategie von Leclanch\u00e9 besteht darin, ihre Position als einer der f\u00fchrenden europ\u00e4ischen Hersteller von Lithium-Ionen-Zellen und Anbieter von Speicherl\u00f6sungen f\u00fcr erneuerbare Energien in Europa zu st\u00e4rken. Die strategischen Priorit\u00e4ten von Leclanch\u00e9 liegen in der Entwicklung und Vermarktung von station\u00e4ren Produkten zur Speicherung elektrischer Energie f\u00fcr Privatpersonen, Firmenkunden und Netzwerkanwendungen. Ferner kann Leclanch\u00e9 grosse Erfolge bei ihren laufenden Gesch\u00e4ften verbuchen, darunter die Entwicklung portabler Energiespeichersysteme f\u00fcr milit\u00e4rische, medizinische und industrielle Zwecke, sowie die Bereitstellung professioneller Systeml\u00f6sungen f\u00fcr ein breites Kundenspektrum. Durch ihre Teilnahme an Forschungskonsortien mit einem Fokus auf Hybrid- und E-Mobilit\u00e4ssystemen nutzt Leclanch\u00e9, neue Marktchancen.<\/p>\n<p>Mit ihrer patentierten keramischen Separator-Technologie und ihren Speicherl\u00f6sungen mit Lithium-Titanat-Anode ist Leclanch\u00e9 in der Lage, grossformatige Lithium-Ionen-Batterien herzustellen, deren Sicherheit und Lebensdauer in einem vollst\u00e4ndig automatisierten Produktionsprozess optimiert wurden. Die neue Produktionslinie besitzt eine j\u00e4hrliche Gesamtkapazit\u00e4t von einer Million Zellen bzw. 76 MWh.<\/p>\n<p>Leclanch\u00e9 wurde 1909 in Yverdon-les-Bains gegr\u00fcndet. Durch die Integration eines Spin-offs der Fraunhofer-Gesellschaft im Jahr 2006 hat sich das Unternehmen von einem traditionellen<\/p>\n<p>Batteriehersteller zu einem f\u00fchrenden Entwickler und Hersteller von Lithium-Ionen-Batterien in Europa entwickelt. Leclanch\u00e9 besch\u00e4ftigt momentan mehr als 100 Mitarbeitende und ist an der SIX Swiss Exchange (LECN) kotiert. Das Unternehmen hat seinen Hauptsitz in Yverdon-les-Bains (Schweiz) und verf\u00fcgt \u00fcber einen Produktions- und Entwicklungsstandort in Willst\u00e4tt (Deutschland).<\/p>\n<p>Zus\u00e4tzliche Informationen: <a href=\"http:\/\/www.leclanche.com\" target=\"_blank\" rel=\"noopener noreferrer\">www.leclanche.com<\/a><\/p>\n<p><strong>\u00dcber die Gruppe Romande Energie <\/strong><\/p>\n<p>Die Gruppe Romande Energie ist der bedeutendste Stromlieferant der Westschweiz. \u00dcber ihre Gesellschaft Romande Energie Commerce deckt sie den Strombedarf von \u00fcber 300\u2019000 Endkunden in knapp 300 Gemeinden der Kantone Waadt, Wallis, Freiburg und Genf. Zu ihren Kernaktivit\u00e4ten z\u00e4hlen die Erzeugung, die Verteilung und die Vermarktung von Energie und die Energiedienstleistungen.<\/p>\n<p>Die Gruppe hat die folgenden Priorit\u00e4ten : Dialog mit den Kunden, um ihnen qualitativ hochwertige Leistungen anzubieten, die ihren Erwartungen entsprechen; Gew\u00e4hrleistung einer zuverl\u00e4ssigen, nachhaltigen und wettbewerbsf\u00e4higen Energieversorgung; Entwicklung der Stromeigenproduktion, in erster Linie durch Investitionen in die erneuerbaren Energien; F\u00f6rderung von innovativen L\u00f6sungen im Bereich der Energieeffizienz.<\/p>\n<p>Die von Romande Energie verfolgte Politik zur Wahrnehmung ihrer Corporate Social Responsibility ist die Leitlinie f\u00fcr alle Aktivit\u00e4ten der Gruppe. \u00a0Zus\u00e4tzliche Informationen: <a href=\"http:\/\/www.romande-energie.ch\" target=\"_blank\" rel=\"noopener noreferrer\">www.romande-energie.ch<\/a><\/p>\n<p><strong>\u00dcber das Programm \u00ab100 Millionen f\u00fcr erneuerbare Energien und Energieeffizienz\u00bb <\/strong><\/p>\n<p>Das im Januar 2012 vom Waadtl\u00e4ndischen Staatsrat aufgelegte Programm verfolgt einen doppelten Zweck. Einerseits soll damit die Energiewende eingeleitet werden, die durch die Entwicklung im Energiebereich zwingend notwendig geworden ist, andererseits soll das Programm die waadtl\u00e4ndische Wirtschaft unterst\u00fctzen. Das Programm umfasst zahlreiche Bereiche, darunter die Subventionen f\u00fcr die Durchf\u00fchrung von energetischen Umbaumassnahmen \u00fcber die \u00fcblichen Anforderungen hinaus, F\u00f6rderung von durch Photovoltaik erzeugte Energie sowie die Unterst\u00fctzung von Energietr\u00e4gern wie Holz oder Biomasse. Mit seiner F\u00f6rderung der Forschungsteams von EPFL, HEIG-VD und UNIL stellt das Programm auch eine Vision f\u00fcr die Zukunft dar.<\/p>\n<p>Zus\u00e4tzliche Informationen: <a href=\"http:\/\/www.vd.ch\/100-millions\" target=\"_blank\" rel=\"noopener noreferrer\">www.vd.ch\/100-millions<\/a><\/p>\n<h5 class=\"green\">Quelle<\/h5>\n<p>Leclanch\u00e9 2014<\/p>\n<div class=\"shariff shariff-align-flex-start shariff-widget-align-flex-start\"><div class=\"ShariffHeadline\">Diese Meldung teilen<\/div><ul class=\"shariff-buttons theme-round orientation-horizontal buttonsize-medium\"><li class=\"shariff-button facebook shariff-nocustomcolor\" style=\"background-color:#4273c8;border-radius:1%\"><a href=\"https:\/\/www.facebook.com\/sharer\/sharer.php?u=https%3A%2F%2Fwww.sonnenseite.com%2Fde%2Fpolitik%2Fneue-wege-bei-der-speicherung-von-solarenergie%2F\" title=\"Bei Facebook teilen\" aria-label=\"Bei Facebook teilen\" role=\"button\" rel=\"nofollow\" class=\"shariff-link\" style=\";border-radius:1%; background-color:#3b5998; color:#fff\" target=\"_blank\"><span class=\"shariff-icon\" style=\"\"><svg width=\"32px\" height=\"20px\" xmlns=\"http:\/\/www.w3.org\/2000\/svg\" viewBox=\"0 0 18 32\"><path fill=\"#3b5998\" d=\"M17.1 0.2v4.7h-2.8q-1.5 0-2.1 0.6t-0.5 1.9v3.4h5.2l-0.7 5.3h-4.5v13.6h-5.5v-13.6h-4.5v-5.3h4.5v-3.9q0-3.3 1.9-5.2t5-1.8q2.6 0 4.1 0.2z\"\/><\/svg><\/span><\/a><\/li><li class=\"shariff-button twitter shariff-nocustomcolor\" style=\"background-color:#595959;border-radius:1%\"><a href=\"https:\/\/twitter.com\/share?url=https%3A%2F%2Fwww.sonnenseite.com%2Fde%2Fpolitik%2Fneue-wege-bei-der-speicherung-von-solarenergie%2F&text=Neue%20Wege%20bei%20der%20Speicherung%20von%20Solarenergie\" title=\"Bei X teilen\" aria-label=\"Bei X teilen\" role=\"button\" rel=\"noopener nofollow\" class=\"shariff-link\" style=\";border-radius:1%; background-color:#000; color:#fff\" target=\"_blank\"><span class=\"shariff-icon\" style=\"\"><svg width=\"32px\" height=\"20px\" xmlns=\"http:\/\/www.w3.org\/2000\/svg\" viewBox=\"0 0 24 24\"><path fill=\"#000\" d=\"M14.258 10.152L23.176 0h-2.113l-7.747 8.813L7.133 0H0l9.352 13.328L0 23.973h2.113l8.176-9.309 6.531 9.309h7.133zm-2.895 3.293l-.949-1.328L2.875 1.56h3.246l6.086 8.523.945 1.328 7.91 11.078h-3.246zm0 0\"\/><\/svg><\/span><\/a><\/li><li class=\"shariff-button xing shariff-nocustomcolor\" style=\"background-color:#29888a;border-radius:1%\"><a href=\"https:\/\/www.xing.com\/spi\/shares\/new?url=https%3A%2F%2Fwww.sonnenseite.com%2Fde%2Fpolitik%2Fneue-wege-bei-der-speicherung-von-solarenergie%2F\" title=\"Bei XING teilen\" aria-label=\"Bei XING teilen\" role=\"button\" rel=\"noopener nofollow\" class=\"shariff-link\" style=\";border-radius:1%; background-color:#126567; color:#fff\" target=\"_blank\"><span class=\"shariff-icon\" style=\"\"><svg width=\"32px\" height=\"20px\" xmlns=\"http:\/\/www.w3.org\/2000\/svg\" viewBox=\"0 0 25 32\"><path fill=\"#126567\" d=\"M10.7 11.9q-0.2 0.3-4.6 8.2-0.5 0.8-1.2 0.8h-4.3q-0.4 0-0.5-0.3t0-0.6l4.5-8q0 0 0 0l-2.9-5q-0.2-0.4 0-0.7 0.2-0.3 0.5-0.3h4.3q0.7 0 1.2 0.8zM25.1 0.4q0.2 0.3 0 0.7l-9.4 16.7 6 11q0.2 0.4 0 0.6-0.2 0.3-0.6 0.3h-4.3q-0.7 0-1.2-0.8l-6-11.1q0.3-0.6 9.5-16.8 0.4-0.8 1.2-0.8h4.3q0.4 0 0.5 0.3z\"\/><\/svg><\/span><\/a><\/li><li class=\"shariff-button linkedin shariff-nocustomcolor\" style=\"background-color:#1488bf;border-radius:1%\"><a href=\"https:\/\/www.linkedin.com\/sharing\/share-offsite\/?url=https%3A%2F%2Fwww.sonnenseite.com%2Fde%2Fpolitik%2Fneue-wege-bei-der-speicherung-von-solarenergie%2F\" title=\"Bei LinkedIn teilen\" aria-label=\"Bei LinkedIn teilen\" role=\"button\" rel=\"noopener nofollow\" class=\"shariff-link\" style=\";border-radius:1%; background-color:#0077b5; color:#fff\" target=\"_blank\"><span class=\"shariff-icon\" style=\"\"><svg width=\"32px\" height=\"20px\" xmlns=\"http:\/\/www.w3.org\/2000\/svg\" viewBox=\"0 0 27 32\"><path fill=\"#0077b5\" d=\"M6.2 11.2v17.7h-5.9v-17.7h5.9zM6.6 5.7q0 1.3-0.9 2.2t-2.4 0.9h0q-1.5 0-2.4-0.9t-0.9-2.2 0.9-2.2 2.4-0.9 2.4 0.9 0.9 2.2zM27.4 18.7v10.1h-5.9v-9.5q0-1.9-0.7-2.9t-2.3-1.1q-1.1 0-1.9 0.6t-1.2 1.5q-0.2 0.5-0.2 1.4v9.9h-5.9q0-7.1 0-11.6t0-5.3l0-0.9h5.9v2.6h0q0.4-0.6 0.7-1t1-0.9 1.6-0.8 2-0.3q3 0 4.9 2t1.9 6z\"\/><\/svg><\/span><\/a><\/li><li class=\"shariff-button printer shariff-nocustomcolor\" style=\"background-color:#a8a8a8;border-radius:1%\"><a href=\"javascript:window.print()\" title=\"drucken\" aria-label=\"drucken\" role=\"button\" rel=\"noopener nofollow\" class=\"shariff-link\" style=\";border-radius:1%; background-color:#999; color:#fff\"><span class=\"shariff-icon\" style=\"\"><svg width=\"32px\" height=\"20px\" xmlns=\"http:\/\/www.w3.org\/2000\/svg\" viewBox=\"0 0 30 32\"><path fill=\"#999\" d=\"M6.8 27.4h16v-4.6h-16v4.6zM6.8 16h16v-6.8h-2.8q-0.7 0-1.2-0.5t-0.5-1.2v-2.8h-11.4v11.4zM27.4 17.2q0-0.5-0.3-0.8t-0.8-0.4-0.8 0.4-0.3 0.8 0.3 0.8 0.8 0.3 0.8-0.3 0.3-0.8zM29.7 17.2v7.4q0 0.2-0.2 0.4t-0.4 0.2h-4v2.8q0 0.7-0.5 1.2t-1.2 0.5h-17.2q-0.7 0-1.2-0.5t-0.5-1.2v-2.8h-4q-0.2 0-0.4-0.2t-0.2-0.4v-7.4q0-1.4 1-2.4t2.4-1h1.2v-9.7q0-0.7 0.5-1.2t1.2-0.5h12q0.7 0 1.6 0.4t1.3 0.8l2.7 2.7q0.5 0.5 0.9 1.4t0.4 1.6v4.6h1.1q1.4 0 2.4 1t1 2.4z\"\/><\/svg><\/span><\/a><\/li><li class=\"shariff-button mailto shariff-nocustomcolor\" style=\"background-color:#a8a8a8;border-radius:1%\"><a href=\"mailto:?body=https%3A%2F%2Fwww.sonnenseite.com%2Fde%2Fpolitik%2Fneue-wege-bei-der-speicherung-von-solarenergie%2F&subject=Neue%20Wege%20bei%20der%20Speicherung%20von%20Solarenergie\" title=\"Per E-Mail versenden\" aria-label=\"Per E-Mail versenden\" role=\"button\" rel=\"noopener nofollow\" class=\"shariff-link\" style=\";border-radius:1%; background-color:#999; color:#fff\"><span class=\"shariff-icon\" style=\"\"><svg width=\"32px\" height=\"20px\" xmlns=\"http:\/\/www.w3.org\/2000\/svg\" viewBox=\"0 0 32 32\"><path fill=\"#999\" d=\"M32 12.7v14.2q0 1.2-0.8 2t-2 0.9h-26.3q-1.2 0-2-0.9t-0.8-2v-14.2q0.8 0.9 1.8 1.6 6.5 4.4 8.9 6.1 1 0.8 1.6 1.2t1.7 0.9 2 0.4h0.1q0.9 0 2-0.4t1.7-0.9 1.6-1.2q3-2.2 8.9-6.1 1-0.7 1.8-1.6zM32 7.4q0 1.4-0.9 2.7t-2.2 2.2q-6.7 4.7-8.4 5.8-0.2 0.1-0.7 0.5t-1 0.7-0.9 0.6-1.1 0.5-0.9 0.2h-0.1q-0.4 0-0.9-0.2t-1.1-0.5-0.9-0.6-1-0.7-0.7-0.5q-1.6-1.1-4.7-3.2t-3.6-2.6q-1.1-0.7-2.1-2t-1-2.5q0-1.4 0.7-2.3t2.1-0.9h26.3q1.2 0 2 0.8t0.9 2z\"\/><\/svg><\/span><\/a><\/li><\/ul><\/div>","protected":false},"excerpt":{"rendered":"<p>Die Wissenschaftler von Leclanch\u00e9 und die EPFL wollen nach neuartigen industriellen L\u00f6sungen zur Speicherung von Solarenergie [&hellip;]<\/p>\n","protected":false},"author":1,"featured_media":50987,"comment_status":"closed","ping_status":"closed","sticky":false,"template":"","format":"standard","meta":{"inline_featured_image":false,"footnotes":""},"categories":[21],"tags":[],"class_list":["post-51286","post","type-post","status-publish","format-standard","has-post-thumbnail","hentry","category-politik"],"yoast_head":"<!-- This site is optimized with the Yoast SEO plugin v26.5 - https:\/\/yoast.com\/wordpress\/plugins\/seo\/ -->\n<title>Neue Wege bei der Speicherung von Solarenergie - Sonnenseite - \u00d6kologische Kommunikation mit Franz Alt<\/title>\n<meta name=\"description\" content=\"Die Wissenschaftler von Leclanch\u00e9 und die EPFL wollen nach neuartigen industriellen L\u00f6sungen zur Speicherung von Solarenergie suchen. Ein\" \/>\n<meta name=\"robots\" content=\"index, follow, max-snippet:-1, max-image-preview:large, max-video-preview:-1\" \/>\n<link rel=\"canonical\" href=\"https:\/\/www.sonnenseite.com\/de\/politik\/neue-wege-bei-der-speicherung-von-solarenergie\/\" \/>\n<meta property=\"og:locale\" content=\"de_DE\" \/>\n<meta property=\"og:type\" content=\"article\" \/>\n<meta property=\"og:title\" content=\"Neue Wege bei der Speicherung von Solarenergie - Sonnenseite - \u00d6kologische Kommunikation mit Franz Alt\" \/>\n<meta property=\"og:description\" content=\"Die Wissenschaftler von Leclanch\u00e9 und die EPFL wollen nach neuartigen industriellen L\u00f6sungen zur Speicherung von Solarenergie suchen. Ein\" \/>\n<meta property=\"og:url\" content=\"https:\/\/www.sonnenseite.com\/de\/politik\/neue-wege-bei-der-speicherung-von-solarenergie\/\" \/>\n<meta property=\"og:site_name\" content=\"Sonnenseite\" \/>\n<meta property=\"article:publisher\" content=\"https:\/\/www.facebook.com\/pages\/Franz-Alt-SONNENSEITECOM\/221072987903953?fref=ts\" \/>\n<meta property=\"article:published_time\" content=\"2014-09-03T22:00:00+00:00\" \/>\n<meta property=\"og:image\" content=\"https:\/\/www.sonnenseite.com\/wp-content\/uploads\/2020\/06\/archiv_artikel.jpg\" \/>\n\t<meta property=\"og:image:width\" content=\"770\" \/>\n\t<meta property=\"og:image:height\" content=\"420\" \/>\n\t<meta property=\"og:image:type\" content=\"image\/jpeg\" \/>\n<meta name=\"author\" content=\"sbade\" \/>\n<meta name=\"twitter:card\" content=\"summary_large_image\" \/>\n<meta name=\"twitter:creator\" content=\"@franzalt\" \/>\n<meta name=\"twitter:site\" content=\"@franzalt\" \/>\n<meta name=\"twitter:label1\" content=\"Verfasst von\" \/>\n\t<meta name=\"twitter:data1\" content=\"sbade\" \/>\n\t<meta name=\"twitter:label2\" content=\"Gesch\u00e4tzte Lesezeit\" \/>\n\t<meta name=\"twitter:data2\" content=\"5\u00a0Minuten\" \/>\n<script type=\"application\/ld+json\" class=\"yoast-schema-graph\">{\"@context\":\"https:\/\/schema.org\",\"@graph\":[{\"@type\":\"Article\",\"@id\":\"https:\/\/www.sonnenseite.com\/de\/politik\/neue-wege-bei-der-speicherung-von-solarenergie\/#article\",\"isPartOf\":{\"@id\":\"https:\/\/www.sonnenseite.com\/de\/politik\/neue-wege-bei-der-speicherung-von-solarenergie\/\"},\"author\":{\"name\":\"sbade\",\"@id\":\"https:\/\/www.sonnenseite.com\/de\/#\/schema\/person\/6df44691cd9a70d99e140e1116ee8771\"},\"headline\":\"Neue Wege bei der Speicherung von Solarenergie\",\"datePublished\":\"2014-09-03T22:00:00+00:00\",\"mainEntityOfPage\":{\"@id\":\"https:\/\/www.sonnenseite.com\/de\/politik\/neue-wege-bei-der-speicherung-von-solarenergie\/\"},\"wordCount\":1066,\"publisher\":{\"@id\":\"https:\/\/www.sonnenseite.com\/de\/#organization\"},\"image\":{\"@id\":\"https:\/\/www.sonnenseite.com\/de\/politik\/neue-wege-bei-der-speicherung-von-solarenergie\/#primaryimage\"},\"thumbnailUrl\":\"https:\/\/www.sonnenseite.com\/wp-content\/uploads\/2020\/06\/archiv_artikel.jpg\",\"articleSection\":[\"Politik\"],\"inLanguage\":\"de\"},{\"@type\":\"WebPage\",\"@id\":\"https:\/\/www.sonnenseite.com\/de\/politik\/neue-wege-bei-der-speicherung-von-solarenergie\/\",\"url\":\"https:\/\/www.sonnenseite.com\/de\/politik\/neue-wege-bei-der-speicherung-von-solarenergie\/\",\"name\":\"Neue Wege bei der Speicherung von Solarenergie - Sonnenseite - \u00d6kologische Kommunikation mit Franz Alt\",\"isPartOf\":{\"@id\":\"https:\/\/www.sonnenseite.com\/de\/#website\"},\"primaryImageOfPage\":{\"@id\":\"https:\/\/www.sonnenseite.com\/de\/politik\/neue-wege-bei-der-speicherung-von-solarenergie\/#primaryimage\"},\"image\":{\"@id\":\"https:\/\/www.sonnenseite.com\/de\/politik\/neue-wege-bei-der-speicherung-von-solarenergie\/#primaryimage\"},\"thumbnailUrl\":\"https:\/\/www.sonnenseite.com\/wp-content\/uploads\/2020\/06\/archiv_artikel.jpg\",\"datePublished\":\"2014-09-03T22:00:00+00:00\",\"description\":\"Die Wissenschaftler von Leclanch\u00e9 und die EPFL wollen nach neuartigen industriellen L\u00f6sungen zur Speicherung von Solarenergie suchen. Ein\",\"breadcrumb\":{\"@id\":\"https:\/\/www.sonnenseite.com\/de\/politik\/neue-wege-bei-der-speicherung-von-solarenergie\/#breadcrumb\"},\"inLanguage\":\"de\",\"potentialAction\":[{\"@type\":\"ReadAction\",\"target\":[\"https:\/\/www.sonnenseite.com\/de\/politik\/neue-wege-bei-der-speicherung-von-solarenergie\/\"]}]},{\"@type\":\"ImageObject\",\"inLanguage\":\"de\",\"@id\":\"https:\/\/www.sonnenseite.com\/de\/politik\/neue-wege-bei-der-speicherung-von-solarenergie\/#primaryimage\",\"url\":\"https:\/\/www.sonnenseite.com\/wp-content\/uploads\/2020\/06\/archiv_artikel.jpg\",\"contentUrl\":\"https:\/\/www.sonnenseite.com\/wp-content\/uploads\/2020\/06\/archiv_artikel.jpg\",\"width\":770,\"height\":420,\"caption\":\"Sonnenseite\"},{\"@type\":\"BreadcrumbList\",\"@id\":\"https:\/\/www.sonnenseite.com\/de\/politik\/neue-wege-bei-der-speicherung-von-solarenergie\/#breadcrumb\",\"itemListElement\":[{\"@type\":\"ListItem\",\"position\":1,\"name\":\"Startseite\",\"item\":\"https:\/\/www.sonnenseite.com\/de\/\"},{\"@type\":\"ListItem\",\"position\":2,\"name\":\"Neue Wege bei der Speicherung von Solarenergie\"}]},{\"@type\":\"WebSite\",\"@id\":\"https:\/\/www.sonnenseite.com\/de\/#website\",\"url\":\"https:\/\/www.sonnenseite.com\/de\/\",\"name\":\"Sonnenseite\",\"description\":\"\u00d6kologische Kommunikation mit Franz Alt\",\"publisher\":{\"@id\":\"https:\/\/www.sonnenseite.com\/de\/#organization\"},\"potentialAction\":[{\"@type\":\"SearchAction\",\"target\":{\"@type\":\"EntryPoint\",\"urlTemplate\":\"https:\/\/www.sonnenseite.com\/de\/?s={search_term_string}\"},\"query-input\":{\"@type\":\"PropertyValueSpecification\",\"valueRequired\":true,\"valueName\":\"search_term_string\"}}],\"inLanguage\":\"de\"},{\"@type\":\"Organization\",\"@id\":\"https:\/\/www.sonnenseite.com\/de\/#organization\",\"name\":\"Sonnenseite\",\"url\":\"https:\/\/www.sonnenseite.com\/de\/\",\"logo\":{\"@type\":\"ImageObject\",\"inLanguage\":\"de\",\"@id\":\"https:\/\/www.sonnenseite.com\/de\/#\/schema\/logo\/image\/\",\"url\":\"https:\/\/www.sonnenseite.com\/wp-content\/uploads\/2020\/05\/Sonnenseite_Logo.png\",\"contentUrl\":\"https:\/\/www.sonnenseite.com\/wp-content\/uploads\/2020\/05\/Sonnenseite_Logo.png\",\"width\":377,\"height\":90,\"caption\":\"Sonnenseite\"},\"image\":{\"@id\":\"https:\/\/www.sonnenseite.com\/de\/#\/schema\/logo\/image\/\"},\"sameAs\":[\"https:\/\/www.facebook.com\/pages\/Franz-Alt-SONNENSEITECOM\/221072987903953?fref=ts\",\"https:\/\/x.com\/franzalt\",\"http:\/\/www.youtube.com\/results?search_query&amp;amp;quot;franz_alt&amp;amp;quot;&amp;amp;amp;amp;search_type&amp;amp;amp;amp;aq=f\"]},{\"@type\":\"Person\",\"@id\":\"https:\/\/www.sonnenseite.com\/de\/#\/schema\/person\/6df44691cd9a70d99e140e1116ee8771\",\"name\":\"sbade\",\"sameAs\":[\"https:\/\/www.sonnenseite.com\"]}]}<\/script>\n<!-- \/ Yoast SEO plugin. -->","yoast_head_json":{"title":"Neue Wege bei der Speicherung von Solarenergie - Sonnenseite - \u00d6kologische Kommunikation mit Franz Alt","description":"Die Wissenschaftler von Leclanch\u00e9 und die EPFL wollen nach neuartigen industriellen L\u00f6sungen zur Speicherung von Solarenergie suchen. Ein","robots":{"index":"index","follow":"follow","max-snippet":"max-snippet:-1","max-image-preview":"max-image-preview:large","max-video-preview":"max-video-preview:-1"},"canonical":"https:\/\/www.sonnenseite.com\/de\/politik\/neue-wege-bei-der-speicherung-von-solarenergie\/","og_locale":"de_DE","og_type":"article","og_title":"Neue Wege bei der Speicherung von Solarenergie - Sonnenseite - \u00d6kologische Kommunikation mit Franz Alt","og_description":"Die Wissenschaftler von Leclanch\u00e9 und die EPFL wollen nach neuartigen industriellen L\u00f6sungen zur Speicherung von Solarenergie suchen. Ein","og_url":"https:\/\/www.sonnenseite.com\/de\/politik\/neue-wege-bei-der-speicherung-von-solarenergie\/","og_site_name":"Sonnenseite","article_publisher":"https:\/\/www.facebook.com\/pages\/Franz-Alt-SONNENSEITECOM\/221072987903953?fref=ts","article_published_time":"2014-09-03T22:00:00+00:00","og_image":[{"width":770,"height":420,"url":"https:\/\/www.sonnenseite.com\/wp-content\/uploads\/2020\/06\/archiv_artikel.jpg","type":"image\/jpeg"}],"author":"sbade","twitter_card":"summary_large_image","twitter_creator":"@franzalt","twitter_site":"@franzalt","twitter_misc":{"Verfasst von":"sbade","Gesch\u00e4tzte Lesezeit":"5\u00a0Minuten"},"schema":{"@context":"https:\/\/schema.org","@graph":[{"@type":"Article","@id":"https:\/\/www.sonnenseite.com\/de\/politik\/neue-wege-bei-der-speicherung-von-solarenergie\/#article","isPartOf":{"@id":"https:\/\/www.sonnenseite.com\/de\/politik\/neue-wege-bei-der-speicherung-von-solarenergie\/"},"author":{"name":"sbade","@id":"https:\/\/www.sonnenseite.com\/de\/#\/schema\/person\/6df44691cd9a70d99e140e1116ee8771"},"headline":"Neue Wege bei der Speicherung von Solarenergie","datePublished":"2014-09-03T22:00:00+00:00","mainEntityOfPage":{"@id":"https:\/\/www.sonnenseite.com\/de\/politik\/neue-wege-bei-der-speicherung-von-solarenergie\/"},"wordCount":1066,"publisher":{"@id":"https:\/\/www.sonnenseite.com\/de\/#organization"},"image":{"@id":"https:\/\/www.sonnenseite.com\/de\/politik\/neue-wege-bei-der-speicherung-von-solarenergie\/#primaryimage"},"thumbnailUrl":"https:\/\/www.sonnenseite.com\/wp-content\/uploads\/2020\/06\/archiv_artikel.jpg","articleSection":["Politik"],"inLanguage":"de"},{"@type":"WebPage","@id":"https:\/\/www.sonnenseite.com\/de\/politik\/neue-wege-bei-der-speicherung-von-solarenergie\/","url":"https:\/\/www.sonnenseite.com\/de\/politik\/neue-wege-bei-der-speicherung-von-solarenergie\/","name":"Neue Wege bei der Speicherung von Solarenergie - Sonnenseite - \u00d6kologische Kommunikation mit Franz Alt","isPartOf":{"@id":"https:\/\/www.sonnenseite.com\/de\/#website"},"primaryImageOfPage":{"@id":"https:\/\/www.sonnenseite.com\/de\/politik\/neue-wege-bei-der-speicherung-von-solarenergie\/#primaryimage"},"image":{"@id":"https:\/\/www.sonnenseite.com\/de\/politik\/neue-wege-bei-der-speicherung-von-solarenergie\/#primaryimage"},"thumbnailUrl":"https:\/\/www.sonnenseite.com\/wp-content\/uploads\/2020\/06\/archiv_artikel.jpg","datePublished":"2014-09-03T22:00:00+00:00","description":"Die Wissenschaftler von Leclanch\u00e9 und die EPFL wollen nach neuartigen industriellen L\u00f6sungen zur Speicherung von Solarenergie suchen. Ein","breadcrumb":{"@id":"https:\/\/www.sonnenseite.com\/de\/politik\/neue-wege-bei-der-speicherung-von-solarenergie\/#breadcrumb"},"inLanguage":"de","potentialAction":[{"@type":"ReadAction","target":["https:\/\/www.sonnenseite.com\/de\/politik\/neue-wege-bei-der-speicherung-von-solarenergie\/"]}]},{"@type":"ImageObject","inLanguage":"de","@id":"https:\/\/www.sonnenseite.com\/de\/politik\/neue-wege-bei-der-speicherung-von-solarenergie\/#primaryimage","url":"https:\/\/www.sonnenseite.com\/wp-content\/uploads\/2020\/06\/archiv_artikel.jpg","contentUrl":"https:\/\/www.sonnenseite.com\/wp-content\/uploads\/2020\/06\/archiv_artikel.jpg","width":770,"height":420,"caption":"Sonnenseite"},{"@type":"BreadcrumbList","@id":"https:\/\/www.sonnenseite.com\/de\/politik\/neue-wege-bei-der-speicherung-von-solarenergie\/#breadcrumb","itemListElement":[{"@type":"ListItem","position":1,"name":"Startseite","item":"https:\/\/www.sonnenseite.com\/de\/"},{"@type":"ListItem","position":2,"name":"Neue Wege bei der Speicherung von Solarenergie"}]},{"@type":"WebSite","@id":"https:\/\/www.sonnenseite.com\/de\/#website","url":"https:\/\/www.sonnenseite.com\/de\/","name":"Sonnenseite","description":"\u00d6kologische Kommunikation mit Franz Alt","publisher":{"@id":"https:\/\/www.sonnenseite.com\/de\/#organization"},"potentialAction":[{"@type":"SearchAction","target":{"@type":"EntryPoint","urlTemplate":"https:\/\/www.sonnenseite.com\/de\/?s={search_term_string}"},"query-input":{"@type":"PropertyValueSpecification","valueRequired":true,"valueName":"search_term_string"}}],"inLanguage":"de"},{"@type":"Organization","@id":"https:\/\/www.sonnenseite.com\/de\/#organization","name":"Sonnenseite","url":"https:\/\/www.sonnenseite.com\/de\/","logo":{"@type":"ImageObject","inLanguage":"de","@id":"https:\/\/www.sonnenseite.com\/de\/#\/schema\/logo\/image\/","url":"https:\/\/www.sonnenseite.com\/wp-content\/uploads\/2020\/05\/Sonnenseite_Logo.png","contentUrl":"https:\/\/www.sonnenseite.com\/wp-content\/uploads\/2020\/05\/Sonnenseite_Logo.png","width":377,"height":90,"caption":"Sonnenseite"},"image":{"@id":"https:\/\/www.sonnenseite.com\/de\/#\/schema\/logo\/image\/"},"sameAs":["https:\/\/www.facebook.com\/pages\/Franz-Alt-SONNENSEITECOM\/221072987903953?fref=ts","https:\/\/x.com\/franzalt","http:\/\/www.youtube.com\/results?search_query&amp;amp;quot;franz_alt&amp;amp;quot;&amp;amp;amp;amp;search_type&amp;amp;amp;amp;aq=f"]},{"@type":"Person","@id":"https:\/\/www.sonnenseite.com\/de\/#\/schema\/person\/6df44691cd9a70d99e140e1116ee8771","name":"sbade","sameAs":["https:\/\/www.sonnenseite.com"]}]}},"_links":{"self":[{"href":"https:\/\/www.sonnenseite.com\/de\/wp-json\/wp\/v2\/posts\/51286","targetHints":{"allow":["GET"]}}],"collection":[{"href":"https:\/\/www.sonnenseite.com\/de\/wp-json\/wp\/v2\/posts"}],"about":[{"href":"https:\/\/www.sonnenseite.com\/de\/wp-json\/wp\/v2\/types\/post"}],"author":[{"embeddable":true,"href":"https:\/\/www.sonnenseite.com\/de\/wp-json\/wp\/v2\/users\/1"}],"replies":[{"embeddable":true,"href":"https:\/\/www.sonnenseite.com\/de\/wp-json\/wp\/v2\/comments?post=51286"}],"version-history":[{"count":0,"href":"https:\/\/www.sonnenseite.com\/de\/wp-json\/wp\/v2\/posts\/51286\/revisions"}],"wp:featuredmedia":[{"embeddable":true,"href":"https:\/\/www.sonnenseite.com\/de\/wp-json\/wp\/v2\/media\/50987"}],"wp:attachment":[{"href":"https:\/\/www.sonnenseite.com\/de\/wp-json\/wp\/v2\/media?parent=51286"}],"wp:term":[{"taxonomy":"category","embeddable":true,"href":"https:\/\/www.sonnenseite.com\/de\/wp-json\/wp\/v2\/categories?post=51286"},{"taxonomy":"post_tag","embeddable":true,"href":"https:\/\/www.sonnenseite.com\/de\/wp-json\/wp\/v2\/tags?post=51286"}],"curies":[{"name":"wp","href":"https:\/\/api.w.org\/{rel}","templated":true}]}}