{"id":51500,"date":"2014-07-31T00:00:00","date_gmt":"2014-07-30T22:00:00","guid":{"rendered":"https:\/\/www.sonnenseite.com\/politik\/gabriel-suedost-stromtrasse-ist-nicht-durchsetzbar.html"},"modified":"2014-07-31T00:00:00","modified_gmt":"2014-07-30T22:00:00","slug":"gabriel-suedost-stromtrasse-ist-nicht-durchsetzbar","status":"publish","type":"post","link":"https:\/\/www.sonnenseite.com\/de\/politik\/gabriel-suedost-stromtrasse-ist-nicht-durchsetzbar\/","title":{"rendered":"Gabriel: S\u00fcdost-Stromtrasse ist nicht durchsetzbar"},"content":{"rendered":"<p>Eine dezentrale Energiewende w\u00e4re deutlich effektiver. <!--more--> <\/p>\n<p>Wirtschaftsminister Gabriel h\u00e4lt die bisherige Trasse der geplanten Stromleitung S\u00fcd-Ost aufgrund von Widerst\u00e4nden in der Bev\u00f6lkerung f\u00fcr nicht durchsetzbar und denkt \u00fcber Erdkabel nach.<\/p>\n<p>Die geplante S\u00fcdost-Trasse von Sachsen-Anhalt nach Bayern ist bei den B\u00fcrgern vor Ort und dem bayerischen Ministerpr\u00e4sidenten Horst Seehofer (CSU) heftig umstritten. Nun \u00e4u\u00dferte auch Bundeswirtschaftsminister Sigmar Gabriel (SPD) Bedenken, er h\u00e4lt die Trasse f\u00fcr \u201enicht durchsetzbar\u201c. Am Dienstagabend sagte er auf einer Diskussionsveranstaltung der Bundesagentur f\u00fcr Arbeit in N\u00fcrnberg: \u201eNat\u00fcrlich wird der jetzige Korridor nicht kommen. Wenn der Staat versuchen w\u00fcrde, das mit gesetzlichen Mitteln durchzusetzen, haben wir jahrelanges Theater und Klagen vor dem Bundesverfassungsgericht.\u201c<\/p>\n<p>Die Starkstromleitung soll nach wie vor gebaut werden, nur die jetzt zur Diskussion stehende Trasse wird es in dieser Form nicht geben. Man m\u00fcsse \u00fcber Erdverkabelungen als Alternative zu oberirdischen Stromleitungen nachdenken, wof\u00fcr allerdings erhebliche Erdarbeiten notwendig w\u00e4ren. Die \u201eGleichstrompassage S\u00fcd-Ost\u201c, die eine der drei gro\u00dfen neuen Stromautobahnen durch Deutschland werden soll, war urspr\u00fcnglich von Bad Lauchst\u00e4dt bei Halle in Sachsen-Anhalt nach Meitingen bei Augsburg geplant. Nun soll sie bereits weiter n\u00f6rdlich in Mecklenburg-Vorpommern beginnen und deutlich l\u00e4nger als die bekannten 450 Kilometer werden.<\/p>\n<p><strong>Seehofer droht, Gabriel auch<\/strong><\/p>\n<p>Ziel der Bundesregierung ist es, \u00fcbersch\u00fcssigen Windstrom in Norddeutschland durch die gro\u00dfen neuen Stromleitungen nach S\u00fcddeutschland zu transportieren. Denn dort steht der Gro\u00dfteil der restlichen deutschen Atomkraftwerke, die in den n\u00e4chsten Jahren abgeschaltet werden. Anstatt einen dezentralen Ausbau der Erneuerbaren Energien zu f\u00f6rdern, setzt Wirtschaftsminister Gabriel\u00a0 auf viel Windkraft im Norden und teure Meereswindparks sowie riesige neue Stromleitungen. Sollte mal nicht viel Wind in Norddeutschland wehen, soll Wasserkraft aus Schweden und Norwegen durch die Leitungen nach S\u00fcddeutschland geleitet werden. Doch noch gibt es daf\u00fcr gar keine geeigneten Leitungen von Deutschland nach Skandinavien. Auch die m\u00fcssten noch verlegt werden.<\/p>\n<p>Einer der gr\u00f6\u00dften Gegner der S\u00fcdost-Trasse ist seit einigen Monaten der wandelbare Ministerpr\u00e4sident Bayerns. \u201eWir w\u00e4ren von allen guten Geistern verlassen, wenn wir diese wundersch\u00f6ne Landschaft besch\u00e4digen oder zerst\u00f6ren w\u00fcrden\u201c, so Seehofer im April vor B\u00fcrgern. Er werde die Leitung pers\u00f6nlich verhindern. Dass er zuvor dem Netzausbauplan der Bundesregierung zugestimmt hat, verschweigt er lieber.<\/p>\n<p>Dagegen malt Wirtschaftsminister Gabriel Schreckensszenarien an die Wand, falls die Stromtrassen nicht rechtzeitig fertig werden sollten, z.B. aufgrund von anhaltenden B\u00fcrgerprotesten. Es drohen langfristig ein Stromengpass und unterschiedliche Preiszonen f\u00fcr Strom in Deutschland. Es werde \u201edie Region, in der Strom ein knappes Gut ist, in der oberen Preiszone liegen, die Region, wo Strom kein knappes Gut ist, in der unteren Zone\u201c, so der Wirtschaftsminister.<\/p>\n<h5 class=\"green\">Quelle<\/h5>\n<p>energiezukunft | cw 2014<\/p>\n<div class=\"shariff shariff-align-flex-start shariff-widget-align-flex-start\"><div class=\"ShariffHeadline\">Diese Meldung teilen<\/div><ul class=\"shariff-buttons theme-round orientation-horizontal buttonsize-medium\"><li class=\"shariff-button facebook shariff-nocustomcolor\" style=\"background-color:#4273c8;border-radius:1%\"><a href=\"https:\/\/www.facebook.com\/sharer\/sharer.php?u=https%3A%2F%2Fwww.sonnenseite.com%2Fde%2Fpolitik%2Fgabriel-suedost-stromtrasse-ist-nicht-durchsetzbar%2F\" title=\"Bei Facebook teilen\" aria-label=\"Bei Facebook teilen\" role=\"button\" rel=\"nofollow\" class=\"shariff-link\" style=\";border-radius:1%; background-color:#3b5998; color:#fff\" target=\"_blank\"><span class=\"shariff-icon\" style=\"\"><svg width=\"32px\" height=\"20px\" xmlns=\"http:\/\/www.w3.org\/2000\/svg\" viewBox=\"0 0 18 32\"><path fill=\"#3b5998\" d=\"M17.1 0.2v4.7h-2.8q-1.5 0-2.1 0.6t-0.5 1.9v3.4h5.2l-0.7 5.3h-4.5v13.6h-5.5v-13.6h-4.5v-5.3h4.5v-3.9q0-3.3 1.9-5.2t5-1.8q2.6 0 4.1 0.2z\"\/><\/svg><\/span><\/a><\/li><li class=\"shariff-button twitter shariff-nocustomcolor\" style=\"background-color:#595959;border-radius:1%\"><a href=\"https:\/\/twitter.com\/share?url=https%3A%2F%2Fwww.sonnenseite.com%2Fde%2Fpolitik%2Fgabriel-suedost-stromtrasse-ist-nicht-durchsetzbar%2F&text=Gabriel%3A%20S%C3%BCdost-Stromtrasse%20ist%20nicht%20durchsetzbar\" title=\"Bei X teilen\" aria-label=\"Bei X teilen\" role=\"button\" rel=\"noopener nofollow\" class=\"shariff-link\" style=\";border-radius:1%; background-color:#000; color:#fff\" target=\"_blank\"><span class=\"shariff-icon\" style=\"\"><svg width=\"32px\" height=\"20px\" xmlns=\"http:\/\/www.w3.org\/2000\/svg\" viewBox=\"0 0 24 24\"><path fill=\"#000\" d=\"M14.258 10.152L23.176 0h-2.113l-7.747 8.813L7.133 0H0l9.352 13.328L0 23.973h2.113l8.176-9.309 6.531 9.309h7.133zm-2.895 3.293l-.949-1.328L2.875 1.56h3.246l6.086 8.523.945 1.328 7.91 11.078h-3.246zm0 0\"\/><\/svg><\/span><\/a><\/li><li class=\"shariff-button xing shariff-nocustomcolor\" style=\"background-color:#29888a;border-radius:1%\"><a href=\"https:\/\/www.xing.com\/spi\/shares\/new?url=https%3A%2F%2Fwww.sonnenseite.com%2Fde%2Fpolitik%2Fgabriel-suedost-stromtrasse-ist-nicht-durchsetzbar%2F\" title=\"Bei XING teilen\" aria-label=\"Bei XING teilen\" role=\"button\" rel=\"noopener nofollow\" class=\"shariff-link\" style=\";border-radius:1%; background-color:#126567; color:#fff\" target=\"_blank\"><span class=\"shariff-icon\" style=\"\"><svg width=\"32px\" height=\"20px\" xmlns=\"http:\/\/www.w3.org\/2000\/svg\" viewBox=\"0 0 25 32\"><path fill=\"#126567\" d=\"M10.7 11.9q-0.2 0.3-4.6 8.2-0.5 0.8-1.2 0.8h-4.3q-0.4 0-0.5-0.3t0-0.6l4.5-8q0 0 0 0l-2.9-5q-0.2-0.4 0-0.7 0.2-0.3 0.5-0.3h4.3q0.7 0 1.2 0.8zM25.1 0.4q0.2 0.3 0 0.7l-9.4 16.7 6 11q0.2 0.4 0 0.6-0.2 0.3-0.6 0.3h-4.3q-0.7 0-1.2-0.8l-6-11.1q0.3-0.6 9.5-16.8 0.4-0.8 1.2-0.8h4.3q0.4 0 0.5 0.3z\"\/><\/svg><\/span><\/a><\/li><li class=\"shariff-button linkedin shariff-nocustomcolor\" style=\"background-color:#1488bf;border-radius:1%\"><a href=\"https:\/\/www.linkedin.com\/sharing\/share-offsite\/?url=https%3A%2F%2Fwww.sonnenseite.com%2Fde%2Fpolitik%2Fgabriel-suedost-stromtrasse-ist-nicht-durchsetzbar%2F\" title=\"Bei LinkedIn teilen\" aria-label=\"Bei LinkedIn teilen\" role=\"button\" rel=\"noopener nofollow\" class=\"shariff-link\" style=\";border-radius:1%; background-color:#0077b5; color:#fff\" target=\"_blank\"><span class=\"shariff-icon\" style=\"\"><svg width=\"32px\" height=\"20px\" xmlns=\"http:\/\/www.w3.org\/2000\/svg\" viewBox=\"0 0 27 32\"><path fill=\"#0077b5\" d=\"M6.2 11.2v17.7h-5.9v-17.7h5.9zM6.6 5.7q0 1.3-0.9 2.2t-2.4 0.9h0q-1.5 0-2.4-0.9t-0.9-2.2 0.9-2.2 2.4-0.9 2.4 0.9 0.9 2.2zM27.4 18.7v10.1h-5.9v-9.5q0-1.9-0.7-2.9t-2.3-1.1q-1.1 0-1.9 0.6t-1.2 1.5q-0.2 0.5-0.2 1.4v9.9h-5.9q0-7.1 0-11.6t0-5.3l0-0.9h5.9v2.6h0q0.4-0.6 0.7-1t1-0.9 1.6-0.8 2-0.3q3 0 4.9 2t1.9 6z\"\/><\/svg><\/span><\/a><\/li><li class=\"shariff-button printer shariff-nocustomcolor\" style=\"background-color:#a8a8a8;border-radius:1%\"><a href=\"javascript:window.print()\" title=\"drucken\" aria-label=\"drucken\" role=\"button\" rel=\"noopener nofollow\" class=\"shariff-link\" style=\";border-radius:1%; background-color:#999; color:#fff\"><span class=\"shariff-icon\" style=\"\"><svg width=\"32px\" height=\"20px\" xmlns=\"http:\/\/www.w3.org\/2000\/svg\" viewBox=\"0 0 30 32\"><path fill=\"#999\" d=\"M6.8 27.4h16v-4.6h-16v4.6zM6.8 16h16v-6.8h-2.8q-0.7 0-1.2-0.5t-0.5-1.2v-2.8h-11.4v11.4zM27.4 17.2q0-0.5-0.3-0.8t-0.8-0.4-0.8 0.4-0.3 0.8 0.3 0.8 0.8 0.3 0.8-0.3 0.3-0.8zM29.7 17.2v7.4q0 0.2-0.2 0.4t-0.4 0.2h-4v2.8q0 0.7-0.5 1.2t-1.2 0.5h-17.2q-0.7 0-1.2-0.5t-0.5-1.2v-2.8h-4q-0.2 0-0.4-0.2t-0.2-0.4v-7.4q0-1.4 1-2.4t2.4-1h1.2v-9.7q0-0.7 0.5-1.2t1.2-0.5h12q0.7 0 1.6 0.4t1.3 0.8l2.7 2.7q0.5 0.5 0.9 1.4t0.4 1.6v4.6h1.1q1.4 0 2.4 1t1 2.4z\"\/><\/svg><\/span><\/a><\/li><li class=\"shariff-button mailto shariff-nocustomcolor\" style=\"background-color:#a8a8a8;border-radius:1%\"><a href=\"mailto:?body=https%3A%2F%2Fwww.sonnenseite.com%2Fde%2Fpolitik%2Fgabriel-suedost-stromtrasse-ist-nicht-durchsetzbar%2F&subject=Gabriel%3A%20S%C3%BCdost-Stromtrasse%20ist%20nicht%20durchsetzbar\" title=\"Per E-Mail versenden\" aria-label=\"Per E-Mail versenden\" role=\"button\" rel=\"noopener nofollow\" class=\"shariff-link\" style=\";border-radius:1%; background-color:#999; color:#fff\"><span class=\"shariff-icon\" style=\"\"><svg width=\"32px\" height=\"20px\" xmlns=\"http:\/\/www.w3.org\/2000\/svg\" viewBox=\"0 0 32 32\"><path fill=\"#999\" d=\"M32 12.7v14.2q0 1.2-0.8 2t-2 0.9h-26.3q-1.2 0-2-0.9t-0.8-2v-14.2q0.8 0.9 1.8 1.6 6.5 4.4 8.9 6.1 1 0.8 1.6 1.2t1.7 0.9 2 0.4h0.1q0.9 0 2-0.4t1.7-0.9 1.6-1.2q3-2.2 8.9-6.1 1-0.7 1.8-1.6zM32 7.4q0 1.4-0.9 2.7t-2.2 2.2q-6.7 4.7-8.4 5.8-0.2 0.1-0.7 0.5t-1 0.7-0.9 0.6-1.1 0.5-0.9 0.2h-0.1q-0.4 0-0.9-0.2t-1.1-0.5-0.9-0.6-1-0.7-0.7-0.5q-1.6-1.1-4.7-3.2t-3.6-2.6q-1.1-0.7-2.1-2t-1-2.5q0-1.4 0.7-2.3t2.1-0.9h26.3q1.2 0 2 0.8t0.9 2z\"\/><\/svg><\/span><\/a><\/li><\/ul><\/div>","protected":false},"excerpt":{"rendered":"<p>Eine dezentrale Energiewende w\u00e4re deutlich effektiver.<\/p>\n","protected":false},"author":1,"featured_media":50987,"comment_status":"closed","ping_status":"closed","sticky":false,"template":"","format":"standard","meta":{"inline_featured_image":false,"footnotes":""},"categories":[21],"tags":[],"class_list":["post-51500","post","type-post","status-publish","format-standard","has-post-thumbnail","hentry","category-politik"],"yoast_head":"<!-- This site is optimized with the Yoast SEO plugin v26.5 - https:\/\/yoast.com\/wordpress\/plugins\/seo\/ -->\n<title>Gabriel: S\u00fcdost-Stromtrasse ist nicht durchsetzbar - Sonnenseite - \u00d6kologische Kommunikation mit Franz Alt<\/title>\n<meta name=\"description\" content=\"Eine dezentrale Energiewende w\u00e4re deutlich effektiver. Wirtschaftsminister Gabriel h\u00e4lt die bisherige Trasse der geplanten Stromleitung S\u00fcd-Ost aufgrund\" \/>\n<meta name=\"robots\" content=\"index, follow, max-snippet:-1, max-image-preview:large, max-video-preview:-1\" \/>\n<link rel=\"canonical\" href=\"https:\/\/www.sonnenseite.com\/de\/politik\/gabriel-suedost-stromtrasse-ist-nicht-durchsetzbar\/\" \/>\n<meta property=\"og:locale\" content=\"de_DE\" \/>\n<meta property=\"og:type\" content=\"article\" \/>\n<meta property=\"og:title\" content=\"Gabriel: S\u00fcdost-Stromtrasse ist nicht durchsetzbar - Sonnenseite - \u00d6kologische Kommunikation mit Franz Alt\" \/>\n<meta property=\"og:description\" content=\"Eine dezentrale Energiewende w\u00e4re deutlich effektiver. Wirtschaftsminister Gabriel h\u00e4lt die bisherige Trasse der geplanten Stromleitung S\u00fcd-Ost aufgrund\" \/>\n<meta property=\"og:url\" content=\"https:\/\/www.sonnenseite.com\/de\/politik\/gabriel-suedost-stromtrasse-ist-nicht-durchsetzbar\/\" \/>\n<meta property=\"og:site_name\" content=\"Sonnenseite\" \/>\n<meta property=\"article:publisher\" content=\"https:\/\/www.facebook.com\/pages\/Franz-Alt-SONNENSEITECOM\/221072987903953?fref=ts\" \/>\n<meta property=\"article:published_time\" content=\"2014-07-30T22:00:00+00:00\" \/>\n<meta property=\"og:image\" content=\"https:\/\/www.sonnenseite.com\/wp-content\/uploads\/2020\/06\/archiv_artikel.jpg\" \/>\n\t<meta property=\"og:image:width\" content=\"770\" \/>\n\t<meta property=\"og:image:height\" content=\"420\" \/>\n\t<meta property=\"og:image:type\" content=\"image\/jpeg\" \/>\n<meta name=\"author\" content=\"sbade\" \/>\n<meta name=\"twitter:card\" content=\"summary_large_image\" \/>\n<meta name=\"twitter:creator\" content=\"@franzalt\" \/>\n<meta name=\"twitter:site\" content=\"@franzalt\" \/>\n<meta name=\"twitter:label1\" content=\"Verfasst von\" \/>\n\t<meta name=\"twitter:data1\" content=\"sbade\" \/>\n\t<meta name=\"twitter:label2\" content=\"Gesch\u00e4tzte Lesezeit\" \/>\n\t<meta name=\"twitter:data2\" content=\"2\u00a0Minuten\" \/>\n<script type=\"application\/ld+json\" class=\"yoast-schema-graph\">{\"@context\":\"https:\/\/schema.org\",\"@graph\":[{\"@type\":\"Article\",\"@id\":\"https:\/\/www.sonnenseite.com\/de\/politik\/gabriel-suedost-stromtrasse-ist-nicht-durchsetzbar\/#article\",\"isPartOf\":{\"@id\":\"https:\/\/www.sonnenseite.com\/de\/politik\/gabriel-suedost-stromtrasse-ist-nicht-durchsetzbar\/\"},\"author\":{\"name\":\"sbade\",\"@id\":\"https:\/\/www.sonnenseite.com\/de\/#\/schema\/person\/6df44691cd9a70d99e140e1116ee8771\"},\"headline\":\"Gabriel: S\u00fcdost-Stromtrasse ist nicht durchsetzbar\",\"datePublished\":\"2014-07-30T22:00:00+00:00\",\"mainEntityOfPage\":{\"@id\":\"https:\/\/www.sonnenseite.com\/de\/politik\/gabriel-suedost-stromtrasse-ist-nicht-durchsetzbar\/\"},\"wordCount\":464,\"publisher\":{\"@id\":\"https:\/\/www.sonnenseite.com\/de\/#organization\"},\"image\":{\"@id\":\"https:\/\/www.sonnenseite.com\/de\/politik\/gabriel-suedost-stromtrasse-ist-nicht-durchsetzbar\/#primaryimage\"},\"thumbnailUrl\":\"https:\/\/www.sonnenseite.com\/wp-content\/uploads\/2020\/06\/archiv_artikel.jpg\",\"articleSection\":[\"Politik\"],\"inLanguage\":\"de\"},{\"@type\":\"WebPage\",\"@id\":\"https:\/\/www.sonnenseite.com\/de\/politik\/gabriel-suedost-stromtrasse-ist-nicht-durchsetzbar\/\",\"url\":\"https:\/\/www.sonnenseite.com\/de\/politik\/gabriel-suedost-stromtrasse-ist-nicht-durchsetzbar\/\",\"name\":\"Gabriel: S\u00fcdost-Stromtrasse ist nicht durchsetzbar - Sonnenseite - \u00d6kologische Kommunikation mit Franz Alt\",\"isPartOf\":{\"@id\":\"https:\/\/www.sonnenseite.com\/de\/#website\"},\"primaryImageOfPage\":{\"@id\":\"https:\/\/www.sonnenseite.com\/de\/politik\/gabriel-suedost-stromtrasse-ist-nicht-durchsetzbar\/#primaryimage\"},\"image\":{\"@id\":\"https:\/\/www.sonnenseite.com\/de\/politik\/gabriel-suedost-stromtrasse-ist-nicht-durchsetzbar\/#primaryimage\"},\"thumbnailUrl\":\"https:\/\/www.sonnenseite.com\/wp-content\/uploads\/2020\/06\/archiv_artikel.jpg\",\"datePublished\":\"2014-07-30T22:00:00+00:00\",\"description\":\"Eine dezentrale Energiewende w\u00e4re deutlich effektiver. Wirtschaftsminister Gabriel h\u00e4lt die bisherige Trasse der geplanten Stromleitung S\u00fcd-Ost aufgrund\",\"breadcrumb\":{\"@id\":\"https:\/\/www.sonnenseite.com\/de\/politik\/gabriel-suedost-stromtrasse-ist-nicht-durchsetzbar\/#breadcrumb\"},\"inLanguage\":\"de\",\"potentialAction\":[{\"@type\":\"ReadAction\",\"target\":[\"https:\/\/www.sonnenseite.com\/de\/politik\/gabriel-suedost-stromtrasse-ist-nicht-durchsetzbar\/\"]}]},{\"@type\":\"ImageObject\",\"inLanguage\":\"de\",\"@id\":\"https:\/\/www.sonnenseite.com\/de\/politik\/gabriel-suedost-stromtrasse-ist-nicht-durchsetzbar\/#primaryimage\",\"url\":\"https:\/\/www.sonnenseite.com\/wp-content\/uploads\/2020\/06\/archiv_artikel.jpg\",\"contentUrl\":\"https:\/\/www.sonnenseite.com\/wp-content\/uploads\/2020\/06\/archiv_artikel.jpg\",\"width\":770,\"height\":420,\"caption\":\"Sonnenseite\"},{\"@type\":\"BreadcrumbList\",\"@id\":\"https:\/\/www.sonnenseite.com\/de\/politik\/gabriel-suedost-stromtrasse-ist-nicht-durchsetzbar\/#breadcrumb\",\"itemListElement\":[{\"@type\":\"ListItem\",\"position\":1,\"name\":\"Startseite\",\"item\":\"https:\/\/www.sonnenseite.com\/de\/\"},{\"@type\":\"ListItem\",\"position\":2,\"name\":\"Gabriel: S\u00fcdost-Stromtrasse ist nicht durchsetzbar\"}]},{\"@type\":\"WebSite\",\"@id\":\"https:\/\/www.sonnenseite.com\/de\/#website\",\"url\":\"https:\/\/www.sonnenseite.com\/de\/\",\"name\":\"Sonnenseite\",\"description\":\"\u00d6kologische Kommunikation mit Franz Alt\",\"publisher\":{\"@id\":\"https:\/\/www.sonnenseite.com\/de\/#organization\"},\"potentialAction\":[{\"@type\":\"SearchAction\",\"target\":{\"@type\":\"EntryPoint\",\"urlTemplate\":\"https:\/\/www.sonnenseite.com\/de\/?s={search_term_string}\"},\"query-input\":{\"@type\":\"PropertyValueSpecification\",\"valueRequired\":true,\"valueName\":\"search_term_string\"}}],\"inLanguage\":\"de\"},{\"@type\":\"Organization\",\"@id\":\"https:\/\/www.sonnenseite.com\/de\/#organization\",\"name\":\"Sonnenseite\",\"url\":\"https:\/\/www.sonnenseite.com\/de\/\",\"logo\":{\"@type\":\"ImageObject\",\"inLanguage\":\"de\",\"@id\":\"https:\/\/www.sonnenseite.com\/de\/#\/schema\/logo\/image\/\",\"url\":\"https:\/\/www.sonnenseite.com\/wp-content\/uploads\/2020\/05\/Sonnenseite_Logo.png\",\"contentUrl\":\"https:\/\/www.sonnenseite.com\/wp-content\/uploads\/2020\/05\/Sonnenseite_Logo.png\",\"width\":377,\"height\":90,\"caption\":\"Sonnenseite\"},\"image\":{\"@id\":\"https:\/\/www.sonnenseite.com\/de\/#\/schema\/logo\/image\/\"},\"sameAs\":[\"https:\/\/www.facebook.com\/pages\/Franz-Alt-SONNENSEITECOM\/221072987903953?fref=ts\",\"https:\/\/x.com\/franzalt\",\"http:\/\/www.youtube.com\/results?search_query&amp;amp;quot;franz_alt&amp;amp;quot;&amp;amp;amp;amp;search_type&amp;amp;amp;amp;aq=f\"]},{\"@type\":\"Person\",\"@id\":\"https:\/\/www.sonnenseite.com\/de\/#\/schema\/person\/6df44691cd9a70d99e140e1116ee8771\",\"name\":\"sbade\",\"sameAs\":[\"https:\/\/www.sonnenseite.com\"]}]}<\/script>\n<!-- \/ Yoast SEO plugin. -->","yoast_head_json":{"title":"Gabriel: S\u00fcdost-Stromtrasse ist nicht durchsetzbar - Sonnenseite - \u00d6kologische Kommunikation mit Franz Alt","description":"Eine dezentrale Energiewende w\u00e4re deutlich effektiver. Wirtschaftsminister Gabriel h\u00e4lt die bisherige Trasse der geplanten Stromleitung S\u00fcd-Ost aufgrund","robots":{"index":"index","follow":"follow","max-snippet":"max-snippet:-1","max-image-preview":"max-image-preview:large","max-video-preview":"max-video-preview:-1"},"canonical":"https:\/\/www.sonnenseite.com\/de\/politik\/gabriel-suedost-stromtrasse-ist-nicht-durchsetzbar\/","og_locale":"de_DE","og_type":"article","og_title":"Gabriel: S\u00fcdost-Stromtrasse ist nicht durchsetzbar - Sonnenseite - \u00d6kologische Kommunikation mit Franz Alt","og_description":"Eine dezentrale Energiewende w\u00e4re deutlich effektiver. Wirtschaftsminister Gabriel h\u00e4lt die bisherige Trasse der geplanten Stromleitung S\u00fcd-Ost aufgrund","og_url":"https:\/\/www.sonnenseite.com\/de\/politik\/gabriel-suedost-stromtrasse-ist-nicht-durchsetzbar\/","og_site_name":"Sonnenseite","article_publisher":"https:\/\/www.facebook.com\/pages\/Franz-Alt-SONNENSEITECOM\/221072987903953?fref=ts","article_published_time":"2014-07-30T22:00:00+00:00","og_image":[{"width":770,"height":420,"url":"https:\/\/www.sonnenseite.com\/wp-content\/uploads\/2020\/06\/archiv_artikel.jpg","type":"image\/jpeg"}],"author":"sbade","twitter_card":"summary_large_image","twitter_creator":"@franzalt","twitter_site":"@franzalt","twitter_misc":{"Verfasst von":"sbade","Gesch\u00e4tzte Lesezeit":"2\u00a0Minuten"},"schema":{"@context":"https:\/\/schema.org","@graph":[{"@type":"Article","@id":"https:\/\/www.sonnenseite.com\/de\/politik\/gabriel-suedost-stromtrasse-ist-nicht-durchsetzbar\/#article","isPartOf":{"@id":"https:\/\/www.sonnenseite.com\/de\/politik\/gabriel-suedost-stromtrasse-ist-nicht-durchsetzbar\/"},"author":{"name":"sbade","@id":"https:\/\/www.sonnenseite.com\/de\/#\/schema\/person\/6df44691cd9a70d99e140e1116ee8771"},"headline":"Gabriel: S\u00fcdost-Stromtrasse ist nicht durchsetzbar","datePublished":"2014-07-30T22:00:00+00:00","mainEntityOfPage":{"@id":"https:\/\/www.sonnenseite.com\/de\/politik\/gabriel-suedost-stromtrasse-ist-nicht-durchsetzbar\/"},"wordCount":464,"publisher":{"@id":"https:\/\/www.sonnenseite.com\/de\/#organization"},"image":{"@id":"https:\/\/www.sonnenseite.com\/de\/politik\/gabriel-suedost-stromtrasse-ist-nicht-durchsetzbar\/#primaryimage"},"thumbnailUrl":"https:\/\/www.sonnenseite.com\/wp-content\/uploads\/2020\/06\/archiv_artikel.jpg","articleSection":["Politik"],"inLanguage":"de"},{"@type":"WebPage","@id":"https:\/\/www.sonnenseite.com\/de\/politik\/gabriel-suedost-stromtrasse-ist-nicht-durchsetzbar\/","url":"https:\/\/www.sonnenseite.com\/de\/politik\/gabriel-suedost-stromtrasse-ist-nicht-durchsetzbar\/","name":"Gabriel: S\u00fcdost-Stromtrasse ist nicht durchsetzbar - Sonnenseite - \u00d6kologische Kommunikation mit Franz Alt","isPartOf":{"@id":"https:\/\/www.sonnenseite.com\/de\/#website"},"primaryImageOfPage":{"@id":"https:\/\/www.sonnenseite.com\/de\/politik\/gabriel-suedost-stromtrasse-ist-nicht-durchsetzbar\/#primaryimage"},"image":{"@id":"https:\/\/www.sonnenseite.com\/de\/politik\/gabriel-suedost-stromtrasse-ist-nicht-durchsetzbar\/#primaryimage"},"thumbnailUrl":"https:\/\/www.sonnenseite.com\/wp-content\/uploads\/2020\/06\/archiv_artikel.jpg","datePublished":"2014-07-30T22:00:00+00:00","description":"Eine dezentrale Energiewende w\u00e4re deutlich effektiver. Wirtschaftsminister Gabriel h\u00e4lt die bisherige Trasse der geplanten Stromleitung S\u00fcd-Ost aufgrund","breadcrumb":{"@id":"https:\/\/www.sonnenseite.com\/de\/politik\/gabriel-suedost-stromtrasse-ist-nicht-durchsetzbar\/#breadcrumb"},"inLanguage":"de","potentialAction":[{"@type":"ReadAction","target":["https:\/\/www.sonnenseite.com\/de\/politik\/gabriel-suedost-stromtrasse-ist-nicht-durchsetzbar\/"]}]},{"@type":"ImageObject","inLanguage":"de","@id":"https:\/\/www.sonnenseite.com\/de\/politik\/gabriel-suedost-stromtrasse-ist-nicht-durchsetzbar\/#primaryimage","url":"https:\/\/www.sonnenseite.com\/wp-content\/uploads\/2020\/06\/archiv_artikel.jpg","contentUrl":"https:\/\/www.sonnenseite.com\/wp-content\/uploads\/2020\/06\/archiv_artikel.jpg","width":770,"height":420,"caption":"Sonnenseite"},{"@type":"BreadcrumbList","@id":"https:\/\/www.sonnenseite.com\/de\/politik\/gabriel-suedost-stromtrasse-ist-nicht-durchsetzbar\/#breadcrumb","itemListElement":[{"@type":"ListItem","position":1,"name":"Startseite","item":"https:\/\/www.sonnenseite.com\/de\/"},{"@type":"ListItem","position":2,"name":"Gabriel: S\u00fcdost-Stromtrasse ist nicht durchsetzbar"}]},{"@type":"WebSite","@id":"https:\/\/www.sonnenseite.com\/de\/#website","url":"https:\/\/www.sonnenseite.com\/de\/","name":"Sonnenseite","description":"\u00d6kologische Kommunikation mit Franz Alt","publisher":{"@id":"https:\/\/www.sonnenseite.com\/de\/#organization"},"potentialAction":[{"@type":"SearchAction","target":{"@type":"EntryPoint","urlTemplate":"https:\/\/www.sonnenseite.com\/de\/?s={search_term_string}"},"query-input":{"@type":"PropertyValueSpecification","valueRequired":true,"valueName":"search_term_string"}}],"inLanguage":"de"},{"@type":"Organization","@id":"https:\/\/www.sonnenseite.com\/de\/#organization","name":"Sonnenseite","url":"https:\/\/www.sonnenseite.com\/de\/","logo":{"@type":"ImageObject","inLanguage":"de","@id":"https:\/\/www.sonnenseite.com\/de\/#\/schema\/logo\/image\/","url":"https:\/\/www.sonnenseite.com\/wp-content\/uploads\/2020\/05\/Sonnenseite_Logo.png","contentUrl":"https:\/\/www.sonnenseite.com\/wp-content\/uploads\/2020\/05\/Sonnenseite_Logo.png","width":377,"height":90,"caption":"Sonnenseite"},"image":{"@id":"https:\/\/www.sonnenseite.com\/de\/#\/schema\/logo\/image\/"},"sameAs":["https:\/\/www.facebook.com\/pages\/Franz-Alt-SONNENSEITECOM\/221072987903953?fref=ts","https:\/\/x.com\/franzalt","http:\/\/www.youtube.com\/results?search_query&amp;amp;quot;franz_alt&amp;amp;quot;&amp;amp;amp;amp;search_type&amp;amp;amp;amp;aq=f"]},{"@type":"Person","@id":"https:\/\/www.sonnenseite.com\/de\/#\/schema\/person\/6df44691cd9a70d99e140e1116ee8771","name":"sbade","sameAs":["https:\/\/www.sonnenseite.com"]}]}},"_links":{"self":[{"href":"https:\/\/www.sonnenseite.com\/de\/wp-json\/wp\/v2\/posts\/51500","targetHints":{"allow":["GET"]}}],"collection":[{"href":"https:\/\/www.sonnenseite.com\/de\/wp-json\/wp\/v2\/posts"}],"about":[{"href":"https:\/\/www.sonnenseite.com\/de\/wp-json\/wp\/v2\/types\/post"}],"author":[{"embeddable":true,"href":"https:\/\/www.sonnenseite.com\/de\/wp-json\/wp\/v2\/users\/1"}],"replies":[{"embeddable":true,"href":"https:\/\/www.sonnenseite.com\/de\/wp-json\/wp\/v2\/comments?post=51500"}],"version-history":[{"count":0,"href":"https:\/\/www.sonnenseite.com\/de\/wp-json\/wp\/v2\/posts\/51500\/revisions"}],"wp:featuredmedia":[{"embeddable":true,"href":"https:\/\/www.sonnenseite.com\/de\/wp-json\/wp\/v2\/media\/50987"}],"wp:attachment":[{"href":"https:\/\/www.sonnenseite.com\/de\/wp-json\/wp\/v2\/media?parent=51500"}],"wp:term":[{"taxonomy":"category","embeddable":true,"href":"https:\/\/www.sonnenseite.com\/de\/wp-json\/wp\/v2\/categories?post=51500"},{"taxonomy":"post_tag","embeddable":true,"href":"https:\/\/www.sonnenseite.com\/de\/wp-json\/wp\/v2\/tags?post=51500"}],"curies":[{"name":"wp","href":"https:\/\/api.w.org\/{rel}","templated":true}]}}