{"id":51677,"date":"2014-07-02T00:00:00","date_gmt":"2014-07-01T22:00:00","guid":{"rendered":"https:\/\/www.sonnenseite.com\/energie\/vom-hoffnungstraeger-zum-suendenbock-1.html"},"modified":"2014-07-02T00:00:00","modified_gmt":"2014-07-01T22:00:00","slug":"vom-hoffnungstraeger-zum-suendenbock-1","status":"publish","type":"post","link":"https:\/\/www.sonnenseite.com\/de\/energie\/vom-hoffnungstraeger-zum-suendenbock-1\/","title":{"rendered":"Vom Hoffnungstr\u00e4ger zum S\u00fcndenbock (1)"},"content":{"rendered":"<p>Teil 1: Die Geschichte einer Inszenierung: jeder, der schon l\u00e4ngere Zeit in der PV-Branche ist, erinnert sich. Wurde man Mitte 2000 gefragt, was man beruflich macht, kam als Antwort \u201esuper, das ist die Zukunft\u201c. Die Stimmung war von Begeisterung gepr\u00e4gt und Aufbruch. Photovoltaik verk\u00f6rperte das Mitmachprinzip. Bis Ende 2009 unterst\u00fctzten 95% der Bev\u00f6lkerung einen verst\u00e4rkten Ausbau der erneuerbaren Energien und bis zu 85% die F\u00f6rderung \u00fcber das EEG. Die EEG-Umlage, die zugleich eine Art Indikator f\u00fcr die Akzeptanz der dezentralen Energiewende darstellt, betrug etwas \u00fcber einen cent\/kwh, bzw. entsprach einem Ma\u00df Bier im Monat. Von Tina Ternus <!--more--> <\/p>\n<p>2014: Die Dauerschlagzeilen der Zeitungen lauten seit geraumer Zeit: \u201eDie Energiewende mittels EEG ist unbezahlbar\u201c, \u201e\u00dcberh\u00f6hte Subventionen an PV- und Wind-Abzocker lassen Strompreise explodieren zu Lasten des Geringverdieners\u201c, \u201eDas EEG muss abgeschafft werden\u201c oder auch \u201eEigenverbrauch ist unsolidarisch\u201c. In B\u00e4ckereien liegen Unterschriftenlisten aus, die eine Abschaffung der EEG-Umlage fordern (Bild 1). Auf Familienfesten, Vereinssitzungen oder langen Zugfahrten kann man sich l\u00e4ngeren Diskussionen sicher sein, sobald man seinen Beruf nennt. Die EEG-Umlage betr\u00e4gt 6,24 Cent\/kWh, bzw. 218 Euro Mehrbelastung im Jahr f\u00fcr einen Durchschnittshaushalt.<\/p>\n<p>Der S\u00fcndenbock scheint schnell gefunden. \u00dcbersubventionierte Solar-Wind- und Biogasanlagenbetreiber! Doch so einfach ist es nicht. Auch wenn es als Dauermantra ununterbrochen verbreitet wird: Es stimmt nicht, wie nachfolgend aufgezeigt.<\/p>\n<p><strong>Wandel der Energiedebatte<\/strong><\/p>\n<p>2008\/2009 h\u00e4uften sich erstaunlicherweise trotz eindeutig g\u00fcltigen, bestehenden Atomausstiegsvertrages folgende Zeitungsmeldungen, Studien und Expertenmeinungen: \u201eOhne Kernenergie kein Klimaschutz!\u201c, \u201eOhne Kernenergie keine Versorgungssicherheit und Bezahlbarkeit der Strompreise\u201c, sowie \u201eKernenergie ist die unverzichtbare Br\u00fcckentechnologie f\u00fcr den Einstieg in das Erneuerbare Energien Zeitalter\u201c. Der weitere Verlauf ist bekannt. Die Debatte verst\u00e4rkte sich und gipfelte August 2010 in einer fl\u00e4chendeckenden, ganzseitigen Anzeigenkampagne von 40 Managern. Der Parlamentsbeschluss zur Laufzeitverl\u00e4ngerung \u2013 ein Milliardengeschenk an die Atomwirtschaft \u2013 folgte bereits im Oktober 2010. Er best\u00fcnde immer noch, wenn nicht Fukushima und eine aufgebrachte Bev\u00f6lkerung dazwischen gekommen w\u00e4re.<\/p>\n<p><strong>Der EEG-Coup hinter den Kulissen: Wie mache ich aus einer M\u00fccke einen Elefanten?<\/strong><\/p>\n<p>Gleichzeitig gab es zur Berechnung der EEG-Umlage eine entscheidende \u00c4nderung, die \u2013 von der \u00d6ffentlichkeit unbemerkt \u2013 beschlossen und umgesetzt wurde.<\/p>\n<p>Bis 2009 verkaufte jeder Stromlieferant &#8211; vom gro\u00dfen Versorger bis zum kleinen kommunalen Stadtwerk &#8211; eine definierte EEG-Strommenge (EEG-Quote) in seinem jeweiligen Strom-Portfolio zu regul\u00e4rem Preis mit. Die regional unterschiedlich auftretenden EEG-Strommengen der Einspeiser wurden hochgew\u00e4lzt an die \u00dcbertragungsnetzbetreiber \u00dcNB (EVU -&gt; VNB -&gt; \u00dcNB), dort gesammelt und wieder gleichm\u00e4\u00dfig an alle EVUs zur\u00fcck gew\u00e4lzt. Jeder Stromlieferant erhielt den gleichen Anteil EEG-Strom von den \u00dcNB in Form einer Bandlieferung mit einer monatlich neu festgesetzten Quote und bezahlte pro Kilowattstunde daf\u00fcr die EEG-Durchschnittsverg\u00fctung. Diese wurde ebenfalls regelm\u00e4\u00dfig definiert und glich die regional unterschiedlichen EEG-Verg\u00fctungskosten aus. Die verbleibenden Mehrkosten der EEG-Durchschnittsverg\u00fctung zu den EVU-spezifischen durchschnittlichen Strombeschaffungskosten wurden als EEG-Umlage nach folgender Formel auf die Stromverbraucher umgelegt:<\/p>\n<ul>\n<li>Differenzkosten = EEG-Durchschnittsverg\u00fctung \u2013 durchschnittliche Strombezugskosten. <\/li>\n<li>EEG-Umlage = EEG-Quote \u00d7 Differenzkosten.<\/li>\n<\/ul>\n<p>Von der EEG-Umlage ausgenommen waren nur wenige energieintensive Betriebe. Die Entwicklung der EEG-Umlage entsprach in ihrem Verlauf bis 2009 der Entwicklung der tats\u00e4chlichen EEG-Kosten und stieg nur moderat gem\u00e4\u00df des Zubaus.<\/p>\n<p>Die beiden Lobbyverb\u00e4nde BDEW und BNE setzten sich bereits l\u00e4nger vehement f\u00fcr eine \u201eReform des Ausgleichmechanismus\u201c ein und forcierten dies. Durch eine kleine Anfrage der damals oppositionellen FDP an die Bundesregierung zur \u201eNovellierung des EEG-W\u00e4lzungsmechanismus\u201c kam das Thema im M\u00e4rz 2009 auf die parlamentarische Agenda. Im Mai 2009 legte die damalige Bundesregierung die \u201eVerordnung zur Weiterentwicklung des bundesweiten Ausgleichsmechanismus des EEG\u201c vor. Am 2. Juli 2009, wenige Tage vor der Sommerpause stimmte auch der Bundestag dem Verordnungsentwurf zu. Eine Diskussion fand nicht statt. Die Beschlussempfehlung des Umweltausschusses wurde vom Parlament mit der Mehrheit der gro\u00dfen Koalition, sowie den Stimmen der oppositionellen FDP im Schnellverfahren abgenickt.<\/p>\n<p>Die Folgen dieses Beschlusses waren fatal f\u00fcr die Verbraucher, wurden aber in der \u00d6ffentlichkeit bis zum heutigen Tag \u00fcberhaupt nicht wahrgenommen oder diskutiert. Selbst die existentiell betroffene EE-Branche reagierte nicht. Lediglich Professor Jarras 1) warnte bereits 2009 vor einer stark steigenden EEG-Umlage: \u201eNeuer EEG-Ausgleichsmechanismus kann den Ausbau der Erneuerbaren Energien gef\u00e4hrden!\u201c<\/p>\n<p>Wie recht er behielt, zeigt Bild 2. Die Entwicklung der reinen F\u00f6rderkosten der Anlagenbetreiber, die den Originalzahlen der \u00dcNB anhand des im Netz ver\u00f6ffentlichten EEG-Kontos entnommen werden k\u00f6nnen, wurde vollst\u00e4ndig entkoppelt von der Entwicklung der EEG-Umlage. Konkret hat sich die EEG-Umlage seit Beschluss der neuen Berechnungsmethode ab 2009 verf\u00fcnffacht, w\u00e4hrend sich die umlagefinanzierten, reinen F\u00f6rderkosten der Anlagenbetreiber im gleichen Zeitraum trotz zeitweise starken Solarbooms nicht einmal verdoppelt haben.<\/p>\n<p><strong>Welche \u00c4nderung brachte die neue Verordnung mit sich?<\/strong><\/p>\n<p>Der eingespeiste EEG-Strom der Anlagenbetreiber muss seit 01.01.2010 verpflichtend durch die vier \u00dcbertragungsnetzbetreiber (\u00dcNB) am Spotmarkt EPEX der Stromb\u00f6rse vermarktet werden. Hier steckt der Systemfehler: Die Stromb\u00f6rse der konventionellen Energiewirtschaft orientiert sich an Brennstoff- und CO2-Kosten. Erneuerbare Energien sind dort jedoch wertlos, denn sie haben naturgem\u00e4\u00df weder Brennstoff-, noch CO2-Kosten. Dadurch, dass zudem der gesamte EEG-Strom (inkl. Altanlagen) gem\u00e4\u00df der neuen Verordnung vollst\u00e4ndig \u00fcber den Spotmarkt vermarktet werden muss, w\u00e4hrend konventionell erzeugter Strom weiterhin \u00fcberwiegend am Terminmarkt gehandelt wird, \u00fcberwiegt der Einfluss des \u00d6kostroms stark. Der sich bildende B\u00f6rsenpreis (Schnittpunkt Angebot und Nachfrage) wird entsprechend niedrig und sinkt zudem kontinuierlich mit jeder weiteren neu zugebauten Erneuerbaren Energie Anlage (Merit Order Effekt).<\/p>\n<p>Die EEG-Umlage berechnet sich aus der Differenz des Ausgabenblocks im EEG-Konto 2) (Verg\u00fctungsauszahlungen, Marktpr\u00e4mie, sowie weiterer Nebenkosten wie Zinsen, Prognosekosten, B\u00f6rsenkosten etc.) minus des Einnahmenblocks im EEG-Konto durch die Einnahmen der \u00dcNB am Spotmarkt der Stromb\u00f6rse. Was die neue Verordnung letztendlich bewirkte, ist, dass die Erneuerbaren Energien per Dekret zum 01.01.2010 schlagartig entwertet wurden. Wenn ein Einnahmenblock klein ist, steigt automatisch das Ergebnis der Differenz und somit die EEG-Umlage. Durch den Merit-Order-Effekt wird der Einnahmenblock kontinuierlich mit jeder neu zugebauten Anlage noch kleiner. Die EEG-Umlage rast gegen den Himmel, selbst wenn der Ausgabenblock (die F\u00f6rderkosten der Anlagenbetreiber) unver\u00e4ndert bleibt. Die massive Ausweitung der Industrieprivilegien (BesAR) verst\u00e4rkte diese Entwicklung zus\u00e4tzlich.<\/p>\n<p>Nicht eine angeblich ma\u00dflose \u00dcbersubventionierung der Anlagenbetreiber (= Ausgabenblock), wie t\u00e4glich in Print, Fernsehen, Radio zu h\u00f6ren ist, l\u00e4sst die EEG-Umlage so stark steigen, sondern vor allem ein politisch beschlossener Systemfehler. Erneuerbaren Energien wurde ein System \u00fcbergest\u00fclpt, das auf konventionelle Energietr\u00e4ger ausgerichtet ist, an denen Erneuerbare Energien (keine Brennstoff, keine CO2-Kosten) per se wertlos sind und verramscht werden m\u00fcssen. Die entstehende gro\u00dfe Deckungsl\u00fccke aufgrund eines Refinanzierungsinstruments, das von vorne herein nicht funktionieren kann, wird durch den Merit-Order-Effekt immer gr\u00f6\u00dfer und muss gem\u00e4\u00df neuem Ausgleichsmechanismus vom Verbraucher in Form der EEG-Umlage ausgeglichen werden. Die EEG-Umlage \u2013 zugleich ein Indikator der Akzeptanz f\u00fcr eine Energiewende in B\u00fcrgerhand \u2013 explodiert.<\/p>\n<p><strong>Startschuss des Photovoltaik-Bashings 2010<\/strong><\/p>\n<p>Der starke Anstieg der EEG-Umlage um 70 Prozent wurde Oktober 2010 in den Medien beinahe durchg\u00e4ngig allein als Folge von \u00fcberh\u00f6hten Einspeiseverg\u00fctungen und Steigerungen der Auszahlungen an die Betreiber dargestellt. Es fehlte offensichtlich an Durchblick oder auch der Bereitschaft, die Faktoren zu untersuchen, die tats\u00e4chlich den pl\u00f6tzlichen Anstieg der EEG-Umlage verursacht hatten und sie in den folgenden Jahren noch h\u00f6her treiben w\u00fcrden. Nur vereinzelt war die Pressemeldung von Matthias Kurth, dem damaligen Pr\u00e4sident der Bundesnetzagentur zu lesen: Der pl\u00f6tzliche, starke EEG-Umlagen-Anstieg h\u00e4tte nichts mit \u00fcberh\u00f6hten Verg\u00fctungsauszahlungen zu tun. Die EEG-Umlage k\u00f6nnte sogar aufgrund gefallener Gro\u00dfhandelspreise abgesenkt werden. Leider verstimmte auch diese einsame Stimme in der Presselandschaft wieder, als Matthias Kurth ab M\u00e4rz 2012 nach Wunsch des FDP Wirtschaftsministers durch Herrn Homann ersetzt wurde. Homann war unter den FDP-Ministern Martin Bangemann und Helmut Haussmann von 1987 bis 1990 bereits als Redenschreiber t\u00e4tig.<\/p>\n<p><strong>Pers\u00f6nliche Erkenntnis<\/strong><\/p>\n<p>In den Berichterstattungen zur EEG-Umlage fiel das gro\u00dfe Ungleichgewicht auf und es wunderte einen, dass es nicht einen Artikel gab, der die neue Verordnung und Berechnungsmethode der EEG-Umlage erl\u00e4uterte. Von dieser folgenreichen \u00c4nderung informiert, der Hinweis kam im Fr\u00fchjahr 2010 von einem Energiefachmann, begann ich mich n\u00e4her damit zu besch\u00e4ftigen. Durch paralleles Vergleichen der Originalzahlen der \u00dcbertragungsnetzbetreiber und der Berichterstattungen zum Thema EEG unter Ber\u00fccksichtigung von Berichten und Studien, auf die verwiesen wurde fiel auf, dass die Faktenlage regelrecht kontr\u00e4r war. Offensichtlich waren die Berichterstattungen schlecht recherchiert, unvollst\u00e4ndig wie auch auffallend einseitig.<\/p>\n<p>Gleichzeitig fiel auf, dass andere lang\u00adanhaltende Schlagzeilen wie Sarrazin, Massenpanik Loveparade, EHEC, Wulff, Gauck \u2026 alle jeweils nur eine begrenzte Lebensdauer hatten, egal wie lang sie vorher thematisiert wurden.<\/p>\n<p>Eine Schlagzeile scheint aber nie zu enden. Sie wurde seit 2010 zum Dauerbrenner und riss bis heute nicht ab (abgesehen von einer kurzen Pause nach Fukushima): \u201e\u00dcbersubventionierung von Solar- und Windanlagen l\u00e4sst Strompreise explodieren zu Lasten des Geringverdieners. EEG-Umlagen-Explosion erfordert EEG-Reform\u201c.<\/p>\n<p>Warum war bei dem Stichwort Energiearmut stets vom Strompreis die Rede, obwohl die Erdgaspreise und erst recht die Heiz\u00f6lpreise, seit 1998 unvergleichlich st\u00e4rker gestiegen waren und warum gab es zu Erdgas- und Heiz\u00f6lpreisen keine Dauerschlagzeilen?<\/p>\n<p><strong>Die Methodik naturwissenschaftlichen Arbeitens<\/strong><\/p>\n<p>Als Ingenieurin und Energiewirtin ist mir die Methodik naturwissenschaftlichen Arbeitens vertraut: Beobachten, Sammeln, Ordnen, Zusammenh\u00e4nge erkennen, Recherchieren, Hypothesen aufstellen, Zusammenh\u00e4nge verifizieren oder falsifizieren. Mit dieser Herangehensweise bin ich auch an die mir aufgefallene starke Einseitigkeit der Schlagzeilen herangegangen, die nach Vergleich von Zeitungsberichten mit Originalzahlen- und Dokumenten immer offensichtlicher wurde.<\/p>\n<ul>\n<li>Beobachten\u00a0-&gt;\u00a0negative Schlagzeilen zu PV, Strompreis und EEG rei\u00dfen nicht ab im Gegensatz zu anderen langanhaltenden Schlagzeilen oder Themen in den Medien<\/li>\n<li>Sammeln -&gt; kontinuierlich \u00fcber Monate und Jahre Schlagzeilen zu EEG\/PV\/Energiewende gesammelt<\/li>\n<li>Ordnen\u00a0-&gt;\u00a0Schlagzeilen sind sehr einseitig, bzw. unvollst\u00e4ndig (AusglMechV fehlt v\u00f6llig)<\/li>\n<li>Zusammenh\u00e4nge erkennen, Hypothese: Einseitigkeit kein Zufall?<\/li>\n<li>Recherchieren: wie kommen Schlagzeilen in die Zeitungen? Hat sich Journalismus ver\u00e4ndert? Internetrecherche; Gespr\u00e4che mit Journalisten<\/li>\n<li>Zusammenh\u00e4nge verifizieren oder falsifizieren<\/li>\n<\/ul>\n<p><em><strong>Ergebnis 1:<\/strong><\/em><\/p>\n<p>Die Zeitungsbranche befindet sich seit der Einf\u00fchrung des Internets in einer Strukturkrise. Viele Zeitungen sind in \u00f6konomischen Schwierigkeiten. Einsparungen pr\u00e4gen die Branche, Auflagen gehen zur\u00fcck, Pleiten oder \u00dcbernahmen h\u00e4ufen sich.<\/p>\n<p><strong><em>Ergebnis 2:<\/em><\/strong><\/p>\n<p><strong> <\/strong><strong> <\/strong><\/p>\n<p>W\u00e4hrend in der Zeitungsbranche seit Jahren Arbeitspl\u00e4tze verloren gehen, boomt Public Relation. Viele Journalisten haben in die PR-Branche gewechselt. Es gibt neue Berufe der Kommunikation, wie z.B. public-affairs als Dienstleister f\u00fcr Unternehmen oder Verb\u00e4nde. So hei\u00dft es beispielsweise unmissverst\u00e4ndlich in einer PR-Imagebrosch\u00fcre einer dieser zahlreichen Agenturen: \u201eUm Deutungshoheit beim Kundenthema zu erreichen, gilt es den Prozess so zu strukturieren, dass ausgesuchte kommunikative Pfl\u00f6cke mit dem richtigen Timing eingeschlagen werden\u201c. In der gleichen Brosch\u00fcre steht erg\u00e4nzend zur Beschreibung des Leistungsspektrums: \u201eStudien und Umfragen k\u00f6nnen diese Arbeit unterst\u00fctzen\u201c.<\/p>\n<p><strong> <\/strong><\/p>\n<p><strong> <\/strong><\/p>\n<p><strong><strong><em>Ergebnis 3:<\/em><\/strong><\/strong><\/p>\n<p><strong> <strong> <\/strong><\/strong><\/p>\n<p>Trend: Zeit- und kostenintensiver Recherchejournalismus weicht zugunsten PR-Journalismus<\/p>\n<p><strong><strong> <\/strong><\/strong><\/p>\n<p><strong><strong><strong> <\/strong><\/strong><\/strong><\/p>\n<p><strong><strong><strong><strong>Kernenergiedebatte 2008\/2009 war kein Zufall<\/strong><\/strong><\/strong><\/strong><\/p>\n<p><strong><strong> <\/strong><\/strong><\/p>\n<p>Im Zuge weiterer Recherchen stie\u00df ich auf zwei Originaldokumente von Kommunikationsagenturen, die an die Taz und an Greenpeace per Whistleblower zugespielt wurden. Es handelte sich um ein Papier der Agentur DAA im Auftrag des Atomforums 3), sowie um ein Konzept der Kommunikationsagentur PRGS\u00a04). Das Konzept von PRGS war ein Akquisepapier f\u00fcr Eon. Die Inhalte beider Konzepte sind lehrreicher als so manches Politik-Fachbuch.<\/p>\n<p><strong><strong> <\/strong><\/strong><\/p>\n<h5 class=\"green\">Quelle<\/h5>\n<p>TINA TERNUS 2014Redaktion SONNENENERGIE 2014<\/p>\n<div class=\"shariff shariff-align-flex-start shariff-widget-align-flex-start\"><div class=\"ShariffHeadline\">Diese Meldung teilen<\/div><ul class=\"shariff-buttons theme-round orientation-horizontal buttonsize-medium\"><li class=\"shariff-button facebook shariff-nocustomcolor\" style=\"background-color:#4273c8;border-radius:1%\"><a href=\"https:\/\/www.facebook.com\/sharer\/sharer.php?u=https%3A%2F%2Fwww.sonnenseite.com%2Fde%2Fenergie%2Fvom-hoffnungstraeger-zum-suendenbock-1%2F\" title=\"Bei Facebook teilen\" aria-label=\"Bei Facebook teilen\" role=\"button\" rel=\"nofollow\" class=\"shariff-link\" style=\";border-radius:1%; background-color:#3b5998; color:#fff\" target=\"_blank\"><span class=\"shariff-icon\" style=\"\"><svg width=\"32px\" height=\"20px\" xmlns=\"http:\/\/www.w3.org\/2000\/svg\" viewBox=\"0 0 18 32\"><path fill=\"#3b5998\" d=\"M17.1 0.2v4.7h-2.8q-1.5 0-2.1 0.6t-0.5 1.9v3.4h5.2l-0.7 5.3h-4.5v13.6h-5.5v-13.6h-4.5v-5.3h4.5v-3.9q0-3.3 1.9-5.2t5-1.8q2.6 0 4.1 0.2z\"\/><\/svg><\/span><\/a><\/li><li class=\"shariff-button twitter shariff-nocustomcolor\" style=\"background-color:#595959;border-radius:1%\"><a href=\"https:\/\/twitter.com\/share?url=https%3A%2F%2Fwww.sonnenseite.com%2Fde%2Fenergie%2Fvom-hoffnungstraeger-zum-suendenbock-1%2F&text=Vom%20Hoffnungstr%C3%A4ger%20zum%20S%C3%BCndenbock%20%281%29\" title=\"Bei X teilen\" aria-label=\"Bei X teilen\" role=\"button\" rel=\"noopener nofollow\" class=\"shariff-link\" style=\";border-radius:1%; background-color:#000; color:#fff\" target=\"_blank\"><span class=\"shariff-icon\" style=\"\"><svg width=\"32px\" height=\"20px\" xmlns=\"http:\/\/www.w3.org\/2000\/svg\" viewBox=\"0 0 24 24\"><path fill=\"#000\" d=\"M14.258 10.152L23.176 0h-2.113l-7.747 8.813L7.133 0H0l9.352 13.328L0 23.973h2.113l8.176-9.309 6.531 9.309h7.133zm-2.895 3.293l-.949-1.328L2.875 1.56h3.246l6.086 8.523.945 1.328 7.91 11.078h-3.246zm0 0\"\/><\/svg><\/span><\/a><\/li><li class=\"shariff-button xing shariff-nocustomcolor\" style=\"background-color:#29888a;border-radius:1%\"><a href=\"https:\/\/www.xing.com\/spi\/shares\/new?url=https%3A%2F%2Fwww.sonnenseite.com%2Fde%2Fenergie%2Fvom-hoffnungstraeger-zum-suendenbock-1%2F\" title=\"Bei XING teilen\" aria-label=\"Bei XING teilen\" role=\"button\" rel=\"noopener nofollow\" class=\"shariff-link\" style=\";border-radius:1%; background-color:#126567; color:#fff\" target=\"_blank\"><span class=\"shariff-icon\" style=\"\"><svg width=\"32px\" height=\"20px\" xmlns=\"http:\/\/www.w3.org\/2000\/svg\" viewBox=\"0 0 25 32\"><path fill=\"#126567\" d=\"M10.7 11.9q-0.2 0.3-4.6 8.2-0.5 0.8-1.2 0.8h-4.3q-0.4 0-0.5-0.3t0-0.6l4.5-8q0 0 0 0l-2.9-5q-0.2-0.4 0-0.7 0.2-0.3 0.5-0.3h4.3q0.7 0 1.2 0.8zM25.1 0.4q0.2 0.3 0 0.7l-9.4 16.7 6 11q0.2 0.4 0 0.6-0.2 0.3-0.6 0.3h-4.3q-0.7 0-1.2-0.8l-6-11.1q0.3-0.6 9.5-16.8 0.4-0.8 1.2-0.8h4.3q0.4 0 0.5 0.3z\"\/><\/svg><\/span><\/a><\/li><li class=\"shariff-button linkedin shariff-nocustomcolor\" style=\"background-color:#1488bf;border-radius:1%\"><a href=\"https:\/\/www.linkedin.com\/sharing\/share-offsite\/?url=https%3A%2F%2Fwww.sonnenseite.com%2Fde%2Fenergie%2Fvom-hoffnungstraeger-zum-suendenbock-1%2F\" title=\"Bei LinkedIn teilen\" aria-label=\"Bei LinkedIn teilen\" role=\"button\" rel=\"noopener nofollow\" class=\"shariff-link\" style=\";border-radius:1%; background-color:#0077b5; color:#fff\" target=\"_blank\"><span class=\"shariff-icon\" style=\"\"><svg width=\"32px\" height=\"20px\" xmlns=\"http:\/\/www.w3.org\/2000\/svg\" viewBox=\"0 0 27 32\"><path fill=\"#0077b5\" d=\"M6.2 11.2v17.7h-5.9v-17.7h5.9zM6.6 5.7q0 1.3-0.9 2.2t-2.4 0.9h0q-1.5 0-2.4-0.9t-0.9-2.2 0.9-2.2 2.4-0.9 2.4 0.9 0.9 2.2zM27.4 18.7v10.1h-5.9v-9.5q0-1.9-0.7-2.9t-2.3-1.1q-1.1 0-1.9 0.6t-1.2 1.5q-0.2 0.5-0.2 1.4v9.9h-5.9q0-7.1 0-11.6t0-5.3l0-0.9h5.9v2.6h0q0.4-0.6 0.7-1t1-0.9 1.6-0.8 2-0.3q3 0 4.9 2t1.9 6z\"\/><\/svg><\/span><\/a><\/li><li class=\"shariff-button printer shariff-nocustomcolor\" style=\"background-color:#a8a8a8;border-radius:1%\"><a href=\"javascript:window.print()\" title=\"drucken\" aria-label=\"drucken\" role=\"button\" rel=\"noopener nofollow\" class=\"shariff-link\" style=\";border-radius:1%; background-color:#999; color:#fff\"><span class=\"shariff-icon\" style=\"\"><svg width=\"32px\" height=\"20px\" xmlns=\"http:\/\/www.w3.org\/2000\/svg\" viewBox=\"0 0 30 32\"><path fill=\"#999\" d=\"M6.8 27.4h16v-4.6h-16v4.6zM6.8 16h16v-6.8h-2.8q-0.7 0-1.2-0.5t-0.5-1.2v-2.8h-11.4v11.4zM27.4 17.2q0-0.5-0.3-0.8t-0.8-0.4-0.8 0.4-0.3 0.8 0.3 0.8 0.8 0.3 0.8-0.3 0.3-0.8zM29.7 17.2v7.4q0 0.2-0.2 0.4t-0.4 0.2h-4v2.8q0 0.7-0.5 1.2t-1.2 0.5h-17.2q-0.7 0-1.2-0.5t-0.5-1.2v-2.8h-4q-0.2 0-0.4-0.2t-0.2-0.4v-7.4q0-1.4 1-2.4t2.4-1h1.2v-9.7q0-0.7 0.5-1.2t1.2-0.5h12q0.7 0 1.6 0.4t1.3 0.8l2.7 2.7q0.5 0.5 0.9 1.4t0.4 1.6v4.6h1.1q1.4 0 2.4 1t1 2.4z\"\/><\/svg><\/span><\/a><\/li><li class=\"shariff-button mailto shariff-nocustomcolor\" style=\"background-color:#a8a8a8;border-radius:1%\"><a href=\"mailto:?body=https%3A%2F%2Fwww.sonnenseite.com%2Fde%2Fenergie%2Fvom-hoffnungstraeger-zum-suendenbock-1%2F&subject=Vom%20Hoffnungstr%C3%A4ger%20zum%20S%C3%BCndenbock%20%281%29\" title=\"Per E-Mail versenden\" aria-label=\"Per E-Mail versenden\" role=\"button\" rel=\"noopener nofollow\" class=\"shariff-link\" style=\";border-radius:1%; background-color:#999; color:#fff\"><span class=\"shariff-icon\" style=\"\"><svg width=\"32px\" height=\"20px\" xmlns=\"http:\/\/www.w3.org\/2000\/svg\" viewBox=\"0 0 32 32\"><path fill=\"#999\" d=\"M32 12.7v14.2q0 1.2-0.8 2t-2 0.9h-26.3q-1.2 0-2-0.9t-0.8-2v-14.2q0.8 0.9 1.8 1.6 6.5 4.4 8.9 6.1 1 0.8 1.6 1.2t1.7 0.9 2 0.4h0.1q0.9 0 2-0.4t1.7-0.9 1.6-1.2q3-2.2 8.9-6.1 1-0.7 1.8-1.6zM32 7.4q0 1.4-0.9 2.7t-2.2 2.2q-6.7 4.7-8.4 5.8-0.2 0.1-0.7 0.5t-1 0.7-0.9 0.6-1.1 0.5-0.9 0.2h-0.1q-0.4 0-0.9-0.2t-1.1-0.5-0.9-0.6-1-0.7-0.7-0.5q-1.6-1.1-4.7-3.2t-3.6-2.6q-1.1-0.7-2.1-2t-1-2.5q0-1.4 0.7-2.3t2.1-0.9h26.3q1.2 0 2 0.8t0.9 2z\"\/><\/svg><\/span><\/a><\/li><\/ul><\/div>","protected":false},"excerpt":{"rendered":"<p>Teil 1: Die Geschichte einer Inszenierung: jeder, der schon l\u00e4ngere Zeit in der PV-Branche ist, erinnert [&hellip;]<\/p>\n","protected":false},"author":1,"featured_media":50987,"comment_status":"closed","ping_status":"closed","sticky":false,"template":"","format":"standard","meta":{"inline_featured_image":false,"footnotes":""},"categories":[22],"tags":[],"class_list":["post-51677","post","type-post","status-publish","format-standard","has-post-thumbnail","hentry","category-energie"],"yoast_head":"<!-- This site is optimized with the Yoast SEO plugin v26.5 - https:\/\/yoast.com\/wordpress\/plugins\/seo\/ -->\n<title>Vom Hoffnungstr\u00e4ger zum S\u00fcndenbock (1) - Sonnenseite - \u00d6kologische Kommunikation mit Franz Alt<\/title>\n<meta name=\"description\" content=\"Teil 1: Die Geschichte einer Inszenierung: jeder, der schon l\u00e4ngere Zeit in der PV-Branche ist, erinnert sich. Wurde man Mitte 2000 gefragt, was man\" \/>\n<meta name=\"robots\" content=\"index, follow, max-snippet:-1, max-image-preview:large, max-video-preview:-1\" \/>\n<link rel=\"canonical\" href=\"https:\/\/www.sonnenseite.com\/de\/energie\/vom-hoffnungstraeger-zum-suendenbock-1\/\" \/>\n<meta property=\"og:locale\" content=\"de_DE\" \/>\n<meta property=\"og:type\" content=\"article\" \/>\n<meta property=\"og:title\" content=\"Vom Hoffnungstr\u00e4ger zum S\u00fcndenbock (1) - Sonnenseite - \u00d6kologische Kommunikation mit Franz Alt\" \/>\n<meta property=\"og:description\" content=\"Teil 1: Die Geschichte einer Inszenierung: jeder, der schon l\u00e4ngere Zeit in der PV-Branche ist, erinnert sich. Wurde man Mitte 2000 gefragt, was man\" \/>\n<meta property=\"og:url\" content=\"https:\/\/www.sonnenseite.com\/de\/energie\/vom-hoffnungstraeger-zum-suendenbock-1\/\" \/>\n<meta property=\"og:site_name\" content=\"Sonnenseite\" \/>\n<meta property=\"article:publisher\" content=\"https:\/\/www.facebook.com\/pages\/Franz-Alt-SONNENSEITECOM\/221072987903953?fref=ts\" \/>\n<meta property=\"article:published_time\" content=\"2014-07-01T22:00:00+00:00\" \/>\n<meta property=\"og:image\" content=\"https:\/\/www.sonnenseite.com\/wp-content\/uploads\/2020\/06\/archiv_artikel.jpg\" \/>\n\t<meta property=\"og:image:width\" content=\"770\" \/>\n\t<meta property=\"og:image:height\" content=\"420\" \/>\n\t<meta property=\"og:image:type\" content=\"image\/jpeg\" \/>\n<meta name=\"author\" content=\"sbade\" \/>\n<meta name=\"twitter:card\" content=\"summary_large_image\" \/>\n<meta name=\"twitter:creator\" content=\"@franzalt\" \/>\n<meta name=\"twitter:site\" content=\"@franzalt\" \/>\n<meta name=\"twitter:label1\" content=\"Verfasst von\" \/>\n\t<meta name=\"twitter:data1\" content=\"sbade\" \/>\n\t<meta name=\"twitter:label2\" content=\"Gesch\u00e4tzte Lesezeit\" \/>\n\t<meta name=\"twitter:data2\" content=\"9\u00a0Minuten\" \/>\n<script type=\"application\/ld+json\" class=\"yoast-schema-graph\">{\"@context\":\"https:\/\/schema.org\",\"@graph\":[{\"@type\":\"Article\",\"@id\":\"https:\/\/www.sonnenseite.com\/de\/energie\/vom-hoffnungstraeger-zum-suendenbock-1\/#article\",\"isPartOf\":{\"@id\":\"https:\/\/www.sonnenseite.com\/de\/energie\/vom-hoffnungstraeger-zum-suendenbock-1\/\"},\"author\":{\"name\":\"sbade\",\"@id\":\"https:\/\/www.sonnenseite.com\/de\/#\/schema\/person\/6df44691cd9a70d99e140e1116ee8771\"},\"headline\":\"Vom Hoffnungstr\u00e4ger zum S\u00fcndenbock (1)\",\"datePublished\":\"2014-07-01T22:00:00+00:00\",\"mainEntityOfPage\":{\"@id\":\"https:\/\/www.sonnenseite.com\/de\/energie\/vom-hoffnungstraeger-zum-suendenbock-1\/\"},\"wordCount\":1822,\"publisher\":{\"@id\":\"https:\/\/www.sonnenseite.com\/de\/#organization\"},\"image\":{\"@id\":\"https:\/\/www.sonnenseite.com\/de\/energie\/vom-hoffnungstraeger-zum-suendenbock-1\/#primaryimage\"},\"thumbnailUrl\":\"https:\/\/www.sonnenseite.com\/wp-content\/uploads\/2020\/06\/archiv_artikel.jpg\",\"articleSection\":[\"Energie\"],\"inLanguage\":\"de\"},{\"@type\":\"WebPage\",\"@id\":\"https:\/\/www.sonnenseite.com\/de\/energie\/vom-hoffnungstraeger-zum-suendenbock-1\/\",\"url\":\"https:\/\/www.sonnenseite.com\/de\/energie\/vom-hoffnungstraeger-zum-suendenbock-1\/\",\"name\":\"Vom Hoffnungstr\u00e4ger zum S\u00fcndenbock (1) - Sonnenseite - \u00d6kologische Kommunikation mit Franz Alt\",\"isPartOf\":{\"@id\":\"https:\/\/www.sonnenseite.com\/de\/#website\"},\"primaryImageOfPage\":{\"@id\":\"https:\/\/www.sonnenseite.com\/de\/energie\/vom-hoffnungstraeger-zum-suendenbock-1\/#primaryimage\"},\"image\":{\"@id\":\"https:\/\/www.sonnenseite.com\/de\/energie\/vom-hoffnungstraeger-zum-suendenbock-1\/#primaryimage\"},\"thumbnailUrl\":\"https:\/\/www.sonnenseite.com\/wp-content\/uploads\/2020\/06\/archiv_artikel.jpg\",\"datePublished\":\"2014-07-01T22:00:00+00:00\",\"description\":\"Teil 1: Die Geschichte einer Inszenierung: jeder, der schon l\u00e4ngere Zeit in der PV-Branche ist, erinnert sich. Wurde man Mitte 2000 gefragt, was man\",\"breadcrumb\":{\"@id\":\"https:\/\/www.sonnenseite.com\/de\/energie\/vom-hoffnungstraeger-zum-suendenbock-1\/#breadcrumb\"},\"inLanguage\":\"de\",\"potentialAction\":[{\"@type\":\"ReadAction\",\"target\":[\"https:\/\/www.sonnenseite.com\/de\/energie\/vom-hoffnungstraeger-zum-suendenbock-1\/\"]}]},{\"@type\":\"ImageObject\",\"inLanguage\":\"de\",\"@id\":\"https:\/\/www.sonnenseite.com\/de\/energie\/vom-hoffnungstraeger-zum-suendenbock-1\/#primaryimage\",\"url\":\"https:\/\/www.sonnenseite.com\/wp-content\/uploads\/2020\/06\/archiv_artikel.jpg\",\"contentUrl\":\"https:\/\/www.sonnenseite.com\/wp-content\/uploads\/2020\/06\/archiv_artikel.jpg\",\"width\":770,\"height\":420,\"caption\":\"Sonnenseite\"},{\"@type\":\"BreadcrumbList\",\"@id\":\"https:\/\/www.sonnenseite.com\/de\/energie\/vom-hoffnungstraeger-zum-suendenbock-1\/#breadcrumb\",\"itemListElement\":[{\"@type\":\"ListItem\",\"position\":1,\"name\":\"Startseite\",\"item\":\"https:\/\/www.sonnenseite.com\/de\/\"},{\"@type\":\"ListItem\",\"position\":2,\"name\":\"Vom Hoffnungstr\u00e4ger zum S\u00fcndenbock (1)\"}]},{\"@type\":\"WebSite\",\"@id\":\"https:\/\/www.sonnenseite.com\/de\/#website\",\"url\":\"https:\/\/www.sonnenseite.com\/de\/\",\"name\":\"Sonnenseite\",\"description\":\"\u00d6kologische Kommunikation mit Franz Alt\",\"publisher\":{\"@id\":\"https:\/\/www.sonnenseite.com\/de\/#organization\"},\"potentialAction\":[{\"@type\":\"SearchAction\",\"target\":{\"@type\":\"EntryPoint\",\"urlTemplate\":\"https:\/\/www.sonnenseite.com\/de\/?s={search_term_string}\"},\"query-input\":{\"@type\":\"PropertyValueSpecification\",\"valueRequired\":true,\"valueName\":\"search_term_string\"}}],\"inLanguage\":\"de\"},{\"@type\":\"Organization\",\"@id\":\"https:\/\/www.sonnenseite.com\/de\/#organization\",\"name\":\"Sonnenseite\",\"url\":\"https:\/\/www.sonnenseite.com\/de\/\",\"logo\":{\"@type\":\"ImageObject\",\"inLanguage\":\"de\",\"@id\":\"https:\/\/www.sonnenseite.com\/de\/#\/schema\/logo\/image\/\",\"url\":\"https:\/\/www.sonnenseite.com\/wp-content\/uploads\/2020\/05\/Sonnenseite_Logo.png\",\"contentUrl\":\"https:\/\/www.sonnenseite.com\/wp-content\/uploads\/2020\/05\/Sonnenseite_Logo.png\",\"width\":377,\"height\":90,\"caption\":\"Sonnenseite\"},\"image\":{\"@id\":\"https:\/\/www.sonnenseite.com\/de\/#\/schema\/logo\/image\/\"},\"sameAs\":[\"https:\/\/www.facebook.com\/pages\/Franz-Alt-SONNENSEITECOM\/221072987903953?fref=ts\",\"https:\/\/x.com\/franzalt\",\"http:\/\/www.youtube.com\/results?search_query&amp;amp;quot;franz_alt&amp;amp;quot;&amp;amp;amp;amp;search_type&amp;amp;amp;amp;aq=f\"]},{\"@type\":\"Person\",\"@id\":\"https:\/\/www.sonnenseite.com\/de\/#\/schema\/person\/6df44691cd9a70d99e140e1116ee8771\",\"name\":\"sbade\",\"sameAs\":[\"https:\/\/www.sonnenseite.com\"]}]}<\/script>\n<!-- \/ Yoast SEO plugin. -->","yoast_head_json":{"title":"Vom Hoffnungstr\u00e4ger zum S\u00fcndenbock (1) - Sonnenseite - \u00d6kologische Kommunikation mit Franz Alt","description":"Teil 1: Die Geschichte einer Inszenierung: jeder, der schon l\u00e4ngere Zeit in der PV-Branche ist, erinnert sich. Wurde man Mitte 2000 gefragt, was man","robots":{"index":"index","follow":"follow","max-snippet":"max-snippet:-1","max-image-preview":"max-image-preview:large","max-video-preview":"max-video-preview:-1"},"canonical":"https:\/\/www.sonnenseite.com\/de\/energie\/vom-hoffnungstraeger-zum-suendenbock-1\/","og_locale":"de_DE","og_type":"article","og_title":"Vom Hoffnungstr\u00e4ger zum S\u00fcndenbock (1) - Sonnenseite - \u00d6kologische Kommunikation mit Franz Alt","og_description":"Teil 1: Die Geschichte einer Inszenierung: jeder, der schon l\u00e4ngere Zeit in der PV-Branche ist, erinnert sich. Wurde man Mitte 2000 gefragt, was man","og_url":"https:\/\/www.sonnenseite.com\/de\/energie\/vom-hoffnungstraeger-zum-suendenbock-1\/","og_site_name":"Sonnenseite","article_publisher":"https:\/\/www.facebook.com\/pages\/Franz-Alt-SONNENSEITECOM\/221072987903953?fref=ts","article_published_time":"2014-07-01T22:00:00+00:00","og_image":[{"width":770,"height":420,"url":"https:\/\/www.sonnenseite.com\/wp-content\/uploads\/2020\/06\/archiv_artikel.jpg","type":"image\/jpeg"}],"author":"sbade","twitter_card":"summary_large_image","twitter_creator":"@franzalt","twitter_site":"@franzalt","twitter_misc":{"Verfasst von":"sbade","Gesch\u00e4tzte Lesezeit":"9\u00a0Minuten"},"schema":{"@context":"https:\/\/schema.org","@graph":[{"@type":"Article","@id":"https:\/\/www.sonnenseite.com\/de\/energie\/vom-hoffnungstraeger-zum-suendenbock-1\/#article","isPartOf":{"@id":"https:\/\/www.sonnenseite.com\/de\/energie\/vom-hoffnungstraeger-zum-suendenbock-1\/"},"author":{"name":"sbade","@id":"https:\/\/www.sonnenseite.com\/de\/#\/schema\/person\/6df44691cd9a70d99e140e1116ee8771"},"headline":"Vom Hoffnungstr\u00e4ger zum S\u00fcndenbock (1)","datePublished":"2014-07-01T22:00:00+00:00","mainEntityOfPage":{"@id":"https:\/\/www.sonnenseite.com\/de\/energie\/vom-hoffnungstraeger-zum-suendenbock-1\/"},"wordCount":1822,"publisher":{"@id":"https:\/\/www.sonnenseite.com\/de\/#organization"},"image":{"@id":"https:\/\/www.sonnenseite.com\/de\/energie\/vom-hoffnungstraeger-zum-suendenbock-1\/#primaryimage"},"thumbnailUrl":"https:\/\/www.sonnenseite.com\/wp-content\/uploads\/2020\/06\/archiv_artikel.jpg","articleSection":["Energie"],"inLanguage":"de"},{"@type":"WebPage","@id":"https:\/\/www.sonnenseite.com\/de\/energie\/vom-hoffnungstraeger-zum-suendenbock-1\/","url":"https:\/\/www.sonnenseite.com\/de\/energie\/vom-hoffnungstraeger-zum-suendenbock-1\/","name":"Vom Hoffnungstr\u00e4ger zum S\u00fcndenbock (1) - Sonnenseite - \u00d6kologische Kommunikation mit Franz Alt","isPartOf":{"@id":"https:\/\/www.sonnenseite.com\/de\/#website"},"primaryImageOfPage":{"@id":"https:\/\/www.sonnenseite.com\/de\/energie\/vom-hoffnungstraeger-zum-suendenbock-1\/#primaryimage"},"image":{"@id":"https:\/\/www.sonnenseite.com\/de\/energie\/vom-hoffnungstraeger-zum-suendenbock-1\/#primaryimage"},"thumbnailUrl":"https:\/\/www.sonnenseite.com\/wp-content\/uploads\/2020\/06\/archiv_artikel.jpg","datePublished":"2014-07-01T22:00:00+00:00","description":"Teil 1: Die Geschichte einer Inszenierung: jeder, der schon l\u00e4ngere Zeit in der PV-Branche ist, erinnert sich. Wurde man Mitte 2000 gefragt, was man","breadcrumb":{"@id":"https:\/\/www.sonnenseite.com\/de\/energie\/vom-hoffnungstraeger-zum-suendenbock-1\/#breadcrumb"},"inLanguage":"de","potentialAction":[{"@type":"ReadAction","target":["https:\/\/www.sonnenseite.com\/de\/energie\/vom-hoffnungstraeger-zum-suendenbock-1\/"]}]},{"@type":"ImageObject","inLanguage":"de","@id":"https:\/\/www.sonnenseite.com\/de\/energie\/vom-hoffnungstraeger-zum-suendenbock-1\/#primaryimage","url":"https:\/\/www.sonnenseite.com\/wp-content\/uploads\/2020\/06\/archiv_artikel.jpg","contentUrl":"https:\/\/www.sonnenseite.com\/wp-content\/uploads\/2020\/06\/archiv_artikel.jpg","width":770,"height":420,"caption":"Sonnenseite"},{"@type":"BreadcrumbList","@id":"https:\/\/www.sonnenseite.com\/de\/energie\/vom-hoffnungstraeger-zum-suendenbock-1\/#breadcrumb","itemListElement":[{"@type":"ListItem","position":1,"name":"Startseite","item":"https:\/\/www.sonnenseite.com\/de\/"},{"@type":"ListItem","position":2,"name":"Vom Hoffnungstr\u00e4ger zum S\u00fcndenbock (1)"}]},{"@type":"WebSite","@id":"https:\/\/www.sonnenseite.com\/de\/#website","url":"https:\/\/www.sonnenseite.com\/de\/","name":"Sonnenseite","description":"\u00d6kologische Kommunikation mit Franz Alt","publisher":{"@id":"https:\/\/www.sonnenseite.com\/de\/#organization"},"potentialAction":[{"@type":"SearchAction","target":{"@type":"EntryPoint","urlTemplate":"https:\/\/www.sonnenseite.com\/de\/?s={search_term_string}"},"query-input":{"@type":"PropertyValueSpecification","valueRequired":true,"valueName":"search_term_string"}}],"inLanguage":"de"},{"@type":"Organization","@id":"https:\/\/www.sonnenseite.com\/de\/#organization","name":"Sonnenseite","url":"https:\/\/www.sonnenseite.com\/de\/","logo":{"@type":"ImageObject","inLanguage":"de","@id":"https:\/\/www.sonnenseite.com\/de\/#\/schema\/logo\/image\/","url":"https:\/\/www.sonnenseite.com\/wp-content\/uploads\/2020\/05\/Sonnenseite_Logo.png","contentUrl":"https:\/\/www.sonnenseite.com\/wp-content\/uploads\/2020\/05\/Sonnenseite_Logo.png","width":377,"height":90,"caption":"Sonnenseite"},"image":{"@id":"https:\/\/www.sonnenseite.com\/de\/#\/schema\/logo\/image\/"},"sameAs":["https:\/\/www.facebook.com\/pages\/Franz-Alt-SONNENSEITECOM\/221072987903953?fref=ts","https:\/\/x.com\/franzalt","http:\/\/www.youtube.com\/results?search_query&amp;amp;quot;franz_alt&amp;amp;quot;&amp;amp;amp;amp;search_type&amp;amp;amp;amp;aq=f"]},{"@type":"Person","@id":"https:\/\/www.sonnenseite.com\/de\/#\/schema\/person\/6df44691cd9a70d99e140e1116ee8771","name":"sbade","sameAs":["https:\/\/www.sonnenseite.com"]}]}},"_links":{"self":[{"href":"https:\/\/www.sonnenseite.com\/de\/wp-json\/wp\/v2\/posts\/51677","targetHints":{"allow":["GET"]}}],"collection":[{"href":"https:\/\/www.sonnenseite.com\/de\/wp-json\/wp\/v2\/posts"}],"about":[{"href":"https:\/\/www.sonnenseite.com\/de\/wp-json\/wp\/v2\/types\/post"}],"author":[{"embeddable":true,"href":"https:\/\/www.sonnenseite.com\/de\/wp-json\/wp\/v2\/users\/1"}],"replies":[{"embeddable":true,"href":"https:\/\/www.sonnenseite.com\/de\/wp-json\/wp\/v2\/comments?post=51677"}],"version-history":[{"count":0,"href":"https:\/\/www.sonnenseite.com\/de\/wp-json\/wp\/v2\/posts\/51677\/revisions"}],"wp:featuredmedia":[{"embeddable":true,"href":"https:\/\/www.sonnenseite.com\/de\/wp-json\/wp\/v2\/media\/50987"}],"wp:attachment":[{"href":"https:\/\/www.sonnenseite.com\/de\/wp-json\/wp\/v2\/media?parent=51677"}],"wp:term":[{"taxonomy":"category","embeddable":true,"href":"https:\/\/www.sonnenseite.com\/de\/wp-json\/wp\/v2\/categories?post=51677"},{"taxonomy":"post_tag","embeddable":true,"href":"https:\/\/www.sonnenseite.com\/de\/wp-json\/wp\/v2\/tags?post=51677"}],"curies":[{"name":"wp","href":"https:\/\/api.w.org\/{rel}","templated":true}]}}