{"id":51689,"date":"2014-07-01T00:00:00","date_gmt":"2014-06-30T22:00:00","guid":{"rendered":"https:\/\/www.sonnenseite.com\/politik\/die-deutsche-energiewende-ist-speziell.html"},"modified":"2014-07-01T00:00:00","modified_gmt":"2014-06-30T22:00:00","slug":"die-deutsche-energiewende-ist-speziell","status":"publish","type":"post","link":"https:\/\/www.sonnenseite.com\/de\/politik\/die-deutsche-energiewende-ist-speziell\/","title":{"rendered":"Die deutsche Energiewende ist speziell"},"content":{"rendered":"<p>Die Energiewende von f\u00fcnf L\u00e4ndern im Vergleich. <!--more--> <\/p>\n<p>Die deutsche Sektion des Weltenergierates hat in Berlin eine Studie dazu vorgestellt. Die Experten, die nicht ganz so unabh\u00e4ngig sind, wie sie sich darstellen, sehen die Wettbewerbsf\u00e4higkeit hierzulande bedroht. Die EEG-Reform sei ein Schritt in die richtige Richtung.<\/p>\n<p>Die Energiewende ist ein weltweites Ph\u00e4nomen. Dass der Klimaschutz die treibende Kraft ist, ist dagegen eine deutsche Besonderheit. Zu diesem Ergebnis kamen die Experten von AT Kearney beim Vergleich der Situation und Deutschland, den USA, Brasilien, S\u00fcdafrika und China. Der Weltenergierat stellte die Studie nun in Berlin vor.<\/p>\n<p>In Brasilien steht im Vordergrund, den Anstieg der Strompreise zu begrenzen. Der Anteil der Wasserkraft ist von 95 auf 84 Prozent gesunken. Teilweise seien durch Klimaschwankungen die Wasserreservoirs nicht so voll wie sonst. Das f\u00fchrt dann dazu, dass konventionelle Kraftwerksbl\u00f6cke angefahren werden m\u00fcssen, was die Kosten treibt. Dem solle mit dem Ausbau der Erneuerbaren begegnet werden. In den USA stehe die Reduktion der Importabh\u00e4ngigkeit im Vordergrund. Das geschehe mithilfe von Schiefergas und Erneuerbaren. China und S\u00fcdafrika m\u00fcssen dagegen einen steigenden Energiebedarf decken und daher sowieso Kapazit\u00e4ten ausbauen.<\/p>\n<p>Besonders angetan hat dem Pr\u00e4sidenten des Weltenergierates Deutschland, Uwe Franke, und Jochen Hauff, dem Leiter der Renewable Energy &amp; Sustainability bei dem Beratungsunternehmen AT Kearney, wie in manchen L\u00e4nder die Ziele regelm\u00e4\u00dfig neu justiert werden. In S\u00fcdafrika habe man durch Ausschreibungen festgestellt, wie g\u00fcnstig Erneuerbare sind, und dann den Ausbau der Atomkraftwerke reduziert. \u201eWir haben immer gefordert, dass alle zwei Jahre gemonitort wird\u201c, sagte Franke. \u201eDann wird geschaut, was hat sich ge\u00e4ndert, und angepasst\u201c. In Deutschland sei das nicht so geschehen. Die Kostensteigerungen seien doch fr\u00fch zu erkennen gewesen. Es sei aber nicht reagiert worden.<\/p>\n<p>Dementsprechend h\u00e4lt er die jetzige EEG-Reform f\u00fcr den richtigen Weg, inklusive der Belastung des Eigenverbrauchs mit 40 Prozent der EEG-Umlage. Letzeres sei ein guter Kompromiss zwischen Vertrauensschutz und der Notwendigkeit zu Handeln. Sonst w\u00fcrde die Umlage auf immer weniger Verbraucher umgelegt. \u201eMan muss da die Bremse reinhauen\u201c, sagte er.<\/p>\n<p>Die hohen Industriestrompreise bedrohten au\u00dferdem die internationale Wettbewerbsf\u00e4higkeit. Laut der mitgelieferten Grafik liegt er in Deutschland bei rund 14 Cent, in den USA bei rund 5,5 Cent pro Kilowattstunde. Die energieintensive Industrie, die auch in Deutschland deutlich niedrigere Strompreis zahlt,\u00a0 haben die Experten allerdings nicht gesondert betrachtet. Im Rahmen diese Studie ist auch keine Absch\u00e4tzung erfolgt, wie sich der Strompreis verschiedener Branchen auf die jeweilige Wettbewerbsf\u00e4higkeit auswirkt. Dass in den USA manche Industriebetriebe besonders niedrige Strompreise von bis hinab zu zwei Cent pro Kilowattstunde zahlen liegt laut Franke au\u00dferdem auch an staatlichen Subventionen. Die steigenden Strompreise in Deutschland lie\u00dfen sich \u00fcbrigens nicht mehr durch eine h\u00f6here Effizienz ausgleichen, da die Technologie dahingehend ausgereizt sei. \u201eDie \u00d6ffentlichkeit erkennt noch viel zu wenig, was das f\u00fcr Risiken birgt\u201c.<\/p>\n<p>Jochen Hauff hat Bedenken, dass die derzeitige Reform wieder ein St\u00fcckwerk zu werden scheint. Erst das EEG, dann die Netzentgelte, dann das Energiemarktdesign. Er stellte im Rahmen der Studie ein Phasenmodell vor, nach dem die Energiewenden funktionieren.\u00a0 In der ersten &#8222;Aufbruchsphase&#8220; werden politische Rahmenbedingungen geschaffen und die Ziele definiert. Die Penetration mit neuen Technologien ist noch gering. Darauf folgt die zweite Phase, die &#8222;Stabilisierungsphase&#8220;, in der die &#8222;Ver\u00e4nderungsdynamik&#8220; gesteuert werden m\u00fcsse. Deutschland und USA sieht er in Phase zwei, die anderen drei L\u00e4nder in Phase eins und zwei. F\u00fcr die Zukunft stellt er zur Diskussion, ob eine &#8222;dezentrale Phase&#8220; folgt, in der die kleinen dezentralen Anlagen zur regionalen Versorgung und Eigenversorgung stark wachsen.<\/p>\n<p>Uwe Franke zufolge ist der Weltenergierat neutral und faktenorientiert. Das stimmt so allerdings nicht. Der Weltenergierat Deutschland wird von 30 Mitgliedern getragen. Darunter sind das deutsche Atomforum, der BDEW, BP Europa, Eon und RWE. Einer der Anwesenden relativierte die Neutralit\u00e4t dahingehend, dass der Rat \u201ebrennstoffneutral\u201c sei. Der neue Pr\u00e4sident, Uwe Franke, hat Karriere bei BP gemacht, war Vorsitzender des Vorstandes des Mineral\u00f6lverbandes und im Pr\u00e4sidium des BDI.<\/p>\n<p>Auch dass die EEG-Umlage auf Eigenverbrauch n\u00f6tig ist, damit die Umlage f\u00fcr die Verbraucher nicht steigt, die keine Solaranlage besitzen, kann bezweifelt werden. Nach einer Absch\u00e4tzung des Marktforschungsinstituts Prognos aus vergangenen Jahr w\u00fcrde der Photovoltaik-Eigenverbrauch allerdings selbst in drei Jahren nur knapp sieben Terawattstunden ausmachen im Vergleich zu 525 Terawattstunden Stromerzeugung insgesamt. Der Effekt auf die Umlage ist entsprechend gering und d\u00fcrfte nur rund 0,1 bis 0,15 Cent pro Kilowattstunde Umlage ausmachen. Die Bestands-Eigenerzeugung der Industrie mit konventionellen Energien betrug dagegen bereits 2013 rund 54 Terawattstunden.<\/p>\n<h5 class=\"green\">Quelle<\/h5>\n<p>pv-magazine.de | Michael Fuhs 2014<\/p>\n<div class=\"shariff shariff-align-flex-start shariff-widget-align-flex-start\"><div class=\"ShariffHeadline\">Diese Meldung teilen<\/div><ul class=\"shariff-buttons theme-round orientation-horizontal buttonsize-medium\"><li class=\"shariff-button facebook shariff-nocustomcolor\" style=\"background-color:#4273c8;border-radius:1%\"><a href=\"https:\/\/www.facebook.com\/sharer\/sharer.php?u=https%3A%2F%2Fwww.sonnenseite.com%2Fde%2Fpolitik%2Fdie-deutsche-energiewende-ist-speziell%2F\" title=\"Bei Facebook teilen\" aria-label=\"Bei Facebook teilen\" role=\"button\" rel=\"nofollow\" class=\"shariff-link\" style=\";border-radius:1%; background-color:#3b5998; color:#fff\" target=\"_blank\"><span class=\"shariff-icon\" style=\"\"><svg width=\"32px\" height=\"20px\" xmlns=\"http:\/\/www.w3.org\/2000\/svg\" viewBox=\"0 0 18 32\"><path fill=\"#3b5998\" d=\"M17.1 0.2v4.7h-2.8q-1.5 0-2.1 0.6t-0.5 1.9v3.4h5.2l-0.7 5.3h-4.5v13.6h-5.5v-13.6h-4.5v-5.3h4.5v-3.9q0-3.3 1.9-5.2t5-1.8q2.6 0 4.1 0.2z\"\/><\/svg><\/span><\/a><\/li><li class=\"shariff-button twitter shariff-nocustomcolor\" style=\"background-color:#595959;border-radius:1%\"><a href=\"https:\/\/twitter.com\/share?url=https%3A%2F%2Fwww.sonnenseite.com%2Fde%2Fpolitik%2Fdie-deutsche-energiewende-ist-speziell%2F&text=Die%20deutsche%20Energiewende%20ist%20speziell\" title=\"Bei X teilen\" aria-label=\"Bei X teilen\" role=\"button\" rel=\"noopener nofollow\" class=\"shariff-link\" style=\";border-radius:1%; background-color:#000; color:#fff\" target=\"_blank\"><span class=\"shariff-icon\" style=\"\"><svg width=\"32px\" height=\"20px\" xmlns=\"http:\/\/www.w3.org\/2000\/svg\" viewBox=\"0 0 24 24\"><path fill=\"#000\" d=\"M14.258 10.152L23.176 0h-2.113l-7.747 8.813L7.133 0H0l9.352 13.328L0 23.973h2.113l8.176-9.309 6.531 9.309h7.133zm-2.895 3.293l-.949-1.328L2.875 1.56h3.246l6.086 8.523.945 1.328 7.91 11.078h-3.246zm0 0\"\/><\/svg><\/span><\/a><\/li><li class=\"shariff-button xing shariff-nocustomcolor\" style=\"background-color:#29888a;border-radius:1%\"><a href=\"https:\/\/www.xing.com\/spi\/shares\/new?url=https%3A%2F%2Fwww.sonnenseite.com%2Fde%2Fpolitik%2Fdie-deutsche-energiewende-ist-speziell%2F\" title=\"Bei XING teilen\" aria-label=\"Bei XING teilen\" role=\"button\" rel=\"noopener nofollow\" class=\"shariff-link\" style=\";border-radius:1%; background-color:#126567; color:#fff\" target=\"_blank\"><span class=\"shariff-icon\" style=\"\"><svg width=\"32px\" height=\"20px\" xmlns=\"http:\/\/www.w3.org\/2000\/svg\" viewBox=\"0 0 25 32\"><path fill=\"#126567\" d=\"M10.7 11.9q-0.2 0.3-4.6 8.2-0.5 0.8-1.2 0.8h-4.3q-0.4 0-0.5-0.3t0-0.6l4.5-8q0 0 0 0l-2.9-5q-0.2-0.4 0-0.7 0.2-0.3 0.5-0.3h4.3q0.7 0 1.2 0.8zM25.1 0.4q0.2 0.3 0 0.7l-9.4 16.7 6 11q0.2 0.4 0 0.6-0.2 0.3-0.6 0.3h-4.3q-0.7 0-1.2-0.8l-6-11.1q0.3-0.6 9.5-16.8 0.4-0.8 1.2-0.8h4.3q0.4 0 0.5 0.3z\"\/><\/svg><\/span><\/a><\/li><li class=\"shariff-button linkedin shariff-nocustomcolor\" style=\"background-color:#1488bf;border-radius:1%\"><a href=\"https:\/\/www.linkedin.com\/sharing\/share-offsite\/?url=https%3A%2F%2Fwww.sonnenseite.com%2Fde%2Fpolitik%2Fdie-deutsche-energiewende-ist-speziell%2F\" title=\"Bei LinkedIn teilen\" aria-label=\"Bei LinkedIn teilen\" role=\"button\" rel=\"noopener nofollow\" class=\"shariff-link\" style=\";border-radius:1%; background-color:#0077b5; color:#fff\" target=\"_blank\"><span class=\"shariff-icon\" style=\"\"><svg width=\"32px\" height=\"20px\" xmlns=\"http:\/\/www.w3.org\/2000\/svg\" viewBox=\"0 0 27 32\"><path fill=\"#0077b5\" d=\"M6.2 11.2v17.7h-5.9v-17.7h5.9zM6.6 5.7q0 1.3-0.9 2.2t-2.4 0.9h0q-1.5 0-2.4-0.9t-0.9-2.2 0.9-2.2 2.4-0.9 2.4 0.9 0.9 2.2zM27.4 18.7v10.1h-5.9v-9.5q0-1.9-0.7-2.9t-2.3-1.1q-1.1 0-1.9 0.6t-1.2 1.5q-0.2 0.5-0.2 1.4v9.9h-5.9q0-7.1 0-11.6t0-5.3l0-0.9h5.9v2.6h0q0.4-0.6 0.7-1t1-0.9 1.6-0.8 2-0.3q3 0 4.9 2t1.9 6z\"\/><\/svg><\/span><\/a><\/li><li class=\"shariff-button printer shariff-nocustomcolor\" style=\"background-color:#a8a8a8;border-radius:1%\"><a href=\"javascript:window.print()\" title=\"drucken\" aria-label=\"drucken\" role=\"button\" rel=\"noopener nofollow\" class=\"shariff-link\" style=\";border-radius:1%; background-color:#999; color:#fff\"><span class=\"shariff-icon\" style=\"\"><svg width=\"32px\" height=\"20px\" xmlns=\"http:\/\/www.w3.org\/2000\/svg\" viewBox=\"0 0 30 32\"><path fill=\"#999\" d=\"M6.8 27.4h16v-4.6h-16v4.6zM6.8 16h16v-6.8h-2.8q-0.7 0-1.2-0.5t-0.5-1.2v-2.8h-11.4v11.4zM27.4 17.2q0-0.5-0.3-0.8t-0.8-0.4-0.8 0.4-0.3 0.8 0.3 0.8 0.8 0.3 0.8-0.3 0.3-0.8zM29.7 17.2v7.4q0 0.2-0.2 0.4t-0.4 0.2h-4v2.8q0 0.7-0.5 1.2t-1.2 0.5h-17.2q-0.7 0-1.2-0.5t-0.5-1.2v-2.8h-4q-0.2 0-0.4-0.2t-0.2-0.4v-7.4q0-1.4 1-2.4t2.4-1h1.2v-9.7q0-0.7 0.5-1.2t1.2-0.5h12q0.7 0 1.6 0.4t1.3 0.8l2.7 2.7q0.5 0.5 0.9 1.4t0.4 1.6v4.6h1.1q1.4 0 2.4 1t1 2.4z\"\/><\/svg><\/span><\/a><\/li><li class=\"shariff-button mailto shariff-nocustomcolor\" style=\"background-color:#a8a8a8;border-radius:1%\"><a href=\"mailto:?body=https%3A%2F%2Fwww.sonnenseite.com%2Fde%2Fpolitik%2Fdie-deutsche-energiewende-ist-speziell%2F&subject=Die%20deutsche%20Energiewende%20ist%20speziell\" title=\"Per E-Mail versenden\" aria-label=\"Per E-Mail versenden\" role=\"button\" rel=\"noopener nofollow\" class=\"shariff-link\" style=\";border-radius:1%; background-color:#999; color:#fff\"><span class=\"shariff-icon\" style=\"\"><svg width=\"32px\" height=\"20px\" xmlns=\"http:\/\/www.w3.org\/2000\/svg\" viewBox=\"0 0 32 32\"><path fill=\"#999\" d=\"M32 12.7v14.2q0 1.2-0.8 2t-2 0.9h-26.3q-1.2 0-2-0.9t-0.8-2v-14.2q0.8 0.9 1.8 1.6 6.5 4.4 8.9 6.1 1 0.8 1.6 1.2t1.7 0.9 2 0.4h0.1q0.9 0 2-0.4t1.7-0.9 1.6-1.2q3-2.2 8.9-6.1 1-0.7 1.8-1.6zM32 7.4q0 1.4-0.9 2.7t-2.2 2.2q-6.7 4.7-8.4 5.8-0.2 0.1-0.7 0.5t-1 0.7-0.9 0.6-1.1 0.5-0.9 0.2h-0.1q-0.4 0-0.9-0.2t-1.1-0.5-0.9-0.6-1-0.7-0.7-0.5q-1.6-1.1-4.7-3.2t-3.6-2.6q-1.1-0.7-2.1-2t-1-2.5q0-1.4 0.7-2.3t2.1-0.9h26.3q1.2 0 2 0.8t0.9 2z\"\/><\/svg><\/span><\/a><\/li><\/ul><\/div>","protected":false},"excerpt":{"rendered":"<p>Die Energiewende von f\u00fcnf L\u00e4ndern im Vergleich.<\/p>\n","protected":false},"author":1,"featured_media":50987,"comment_status":"closed","ping_status":"closed","sticky":false,"template":"","format":"standard","meta":{"inline_featured_image":false,"footnotes":""},"categories":[21],"tags":[],"class_list":["post-51689","post","type-post","status-publish","format-standard","has-post-thumbnail","hentry","category-politik"],"yoast_head":"<!-- This site is optimized with the Yoast SEO plugin v26.5 - https:\/\/yoast.com\/wordpress\/plugins\/seo\/ -->\n<title>Die deutsche Energiewende ist speziell - Sonnenseite - \u00d6kologische Kommunikation mit Franz Alt<\/title>\n<meta name=\"description\" content=\"Die Energiewende von f\u00fcnf L\u00e4ndern im Vergleich. Die deutsche Sektion des Weltenergierates hat in Berlin eine Studie dazu vorgestellt. Die Experten, die\" \/>\n<meta name=\"robots\" content=\"index, follow, max-snippet:-1, max-image-preview:large, max-video-preview:-1\" \/>\n<link rel=\"canonical\" href=\"https:\/\/www.sonnenseite.com\/de\/politik\/die-deutsche-energiewende-ist-speziell\/\" \/>\n<meta property=\"og:locale\" content=\"de_DE\" \/>\n<meta property=\"og:type\" content=\"article\" \/>\n<meta property=\"og:title\" content=\"Die deutsche Energiewende ist speziell - Sonnenseite - \u00d6kologische Kommunikation mit Franz Alt\" \/>\n<meta property=\"og:description\" content=\"Die Energiewende von f\u00fcnf L\u00e4ndern im Vergleich. Die deutsche Sektion des Weltenergierates hat in Berlin eine Studie dazu vorgestellt. Die Experten, die\" \/>\n<meta property=\"og:url\" content=\"https:\/\/www.sonnenseite.com\/de\/politik\/die-deutsche-energiewende-ist-speziell\/\" \/>\n<meta property=\"og:site_name\" content=\"Sonnenseite\" \/>\n<meta property=\"article:publisher\" content=\"https:\/\/www.facebook.com\/pages\/Franz-Alt-SONNENSEITECOM\/221072987903953?fref=ts\" \/>\n<meta property=\"article:published_time\" content=\"2014-06-30T22:00:00+00:00\" \/>\n<meta property=\"og:image\" content=\"https:\/\/www.sonnenseite.com\/wp-content\/uploads\/2020\/06\/archiv_artikel.jpg\" \/>\n\t<meta property=\"og:image:width\" content=\"770\" \/>\n\t<meta property=\"og:image:height\" content=\"420\" \/>\n\t<meta property=\"og:image:type\" content=\"image\/jpeg\" \/>\n<meta name=\"author\" content=\"sbade\" \/>\n<meta name=\"twitter:card\" content=\"summary_large_image\" \/>\n<meta name=\"twitter:creator\" content=\"@franzalt\" \/>\n<meta name=\"twitter:site\" content=\"@franzalt\" \/>\n<meta name=\"twitter:label1\" content=\"Verfasst von\" \/>\n\t<meta name=\"twitter:data1\" content=\"sbade\" \/>\n\t<meta name=\"twitter:label2\" content=\"Gesch\u00e4tzte Lesezeit\" \/>\n\t<meta name=\"twitter:data2\" content=\"4\u00a0Minuten\" \/>\n<script type=\"application\/ld+json\" class=\"yoast-schema-graph\">{\"@context\":\"https:\/\/schema.org\",\"@graph\":[{\"@type\":\"Article\",\"@id\":\"https:\/\/www.sonnenseite.com\/de\/politik\/die-deutsche-energiewende-ist-speziell\/#article\",\"isPartOf\":{\"@id\":\"https:\/\/www.sonnenseite.com\/de\/politik\/die-deutsche-energiewende-ist-speziell\/\"},\"author\":{\"name\":\"sbade\",\"@id\":\"https:\/\/www.sonnenseite.com\/de\/#\/schema\/person\/6df44691cd9a70d99e140e1116ee8771\"},\"headline\":\"Die deutsche Energiewende ist speziell\",\"datePublished\":\"2014-06-30T22:00:00+00:00\",\"mainEntityOfPage\":{\"@id\":\"https:\/\/www.sonnenseite.com\/de\/politik\/die-deutsche-energiewende-ist-speziell\/\"},\"wordCount\":759,\"publisher\":{\"@id\":\"https:\/\/www.sonnenseite.com\/de\/#organization\"},\"image\":{\"@id\":\"https:\/\/www.sonnenseite.com\/de\/politik\/die-deutsche-energiewende-ist-speziell\/#primaryimage\"},\"thumbnailUrl\":\"https:\/\/www.sonnenseite.com\/wp-content\/uploads\/2020\/06\/archiv_artikel.jpg\",\"articleSection\":[\"Politik\"],\"inLanguage\":\"de\"},{\"@type\":\"WebPage\",\"@id\":\"https:\/\/www.sonnenseite.com\/de\/politik\/die-deutsche-energiewende-ist-speziell\/\",\"url\":\"https:\/\/www.sonnenseite.com\/de\/politik\/die-deutsche-energiewende-ist-speziell\/\",\"name\":\"Die deutsche Energiewende ist speziell - Sonnenseite - \u00d6kologische Kommunikation mit Franz Alt\",\"isPartOf\":{\"@id\":\"https:\/\/www.sonnenseite.com\/de\/#website\"},\"primaryImageOfPage\":{\"@id\":\"https:\/\/www.sonnenseite.com\/de\/politik\/die-deutsche-energiewende-ist-speziell\/#primaryimage\"},\"image\":{\"@id\":\"https:\/\/www.sonnenseite.com\/de\/politik\/die-deutsche-energiewende-ist-speziell\/#primaryimage\"},\"thumbnailUrl\":\"https:\/\/www.sonnenseite.com\/wp-content\/uploads\/2020\/06\/archiv_artikel.jpg\",\"datePublished\":\"2014-06-30T22:00:00+00:00\",\"description\":\"Die Energiewende von f\u00fcnf L\u00e4ndern im Vergleich. Die deutsche Sektion des Weltenergierates hat in Berlin eine Studie dazu vorgestellt. Die Experten, die\",\"breadcrumb\":{\"@id\":\"https:\/\/www.sonnenseite.com\/de\/politik\/die-deutsche-energiewende-ist-speziell\/#breadcrumb\"},\"inLanguage\":\"de\",\"potentialAction\":[{\"@type\":\"ReadAction\",\"target\":[\"https:\/\/www.sonnenseite.com\/de\/politik\/die-deutsche-energiewende-ist-speziell\/\"]}]},{\"@type\":\"ImageObject\",\"inLanguage\":\"de\",\"@id\":\"https:\/\/www.sonnenseite.com\/de\/politik\/die-deutsche-energiewende-ist-speziell\/#primaryimage\",\"url\":\"https:\/\/www.sonnenseite.com\/wp-content\/uploads\/2020\/06\/archiv_artikel.jpg\",\"contentUrl\":\"https:\/\/www.sonnenseite.com\/wp-content\/uploads\/2020\/06\/archiv_artikel.jpg\",\"width\":770,\"height\":420,\"caption\":\"Sonnenseite\"},{\"@type\":\"BreadcrumbList\",\"@id\":\"https:\/\/www.sonnenseite.com\/de\/politik\/die-deutsche-energiewende-ist-speziell\/#breadcrumb\",\"itemListElement\":[{\"@type\":\"ListItem\",\"position\":1,\"name\":\"Startseite\",\"item\":\"https:\/\/www.sonnenseite.com\/de\/\"},{\"@type\":\"ListItem\",\"position\":2,\"name\":\"Die deutsche Energiewende ist speziell\"}]},{\"@type\":\"WebSite\",\"@id\":\"https:\/\/www.sonnenseite.com\/de\/#website\",\"url\":\"https:\/\/www.sonnenseite.com\/de\/\",\"name\":\"Sonnenseite\",\"description\":\"\u00d6kologische Kommunikation mit Franz Alt\",\"publisher\":{\"@id\":\"https:\/\/www.sonnenseite.com\/de\/#organization\"},\"potentialAction\":[{\"@type\":\"SearchAction\",\"target\":{\"@type\":\"EntryPoint\",\"urlTemplate\":\"https:\/\/www.sonnenseite.com\/de\/?s={search_term_string}\"},\"query-input\":{\"@type\":\"PropertyValueSpecification\",\"valueRequired\":true,\"valueName\":\"search_term_string\"}}],\"inLanguage\":\"de\"},{\"@type\":\"Organization\",\"@id\":\"https:\/\/www.sonnenseite.com\/de\/#organization\",\"name\":\"Sonnenseite\",\"url\":\"https:\/\/www.sonnenseite.com\/de\/\",\"logo\":{\"@type\":\"ImageObject\",\"inLanguage\":\"de\",\"@id\":\"https:\/\/www.sonnenseite.com\/de\/#\/schema\/logo\/image\/\",\"url\":\"https:\/\/www.sonnenseite.com\/wp-content\/uploads\/2020\/05\/Sonnenseite_Logo.png\",\"contentUrl\":\"https:\/\/www.sonnenseite.com\/wp-content\/uploads\/2020\/05\/Sonnenseite_Logo.png\",\"width\":377,\"height\":90,\"caption\":\"Sonnenseite\"},\"image\":{\"@id\":\"https:\/\/www.sonnenseite.com\/de\/#\/schema\/logo\/image\/\"},\"sameAs\":[\"https:\/\/www.facebook.com\/pages\/Franz-Alt-SONNENSEITECOM\/221072987903953?fref=ts\",\"https:\/\/x.com\/franzalt\",\"http:\/\/www.youtube.com\/results?search_query&amp;amp;quot;franz_alt&amp;amp;quot;&amp;amp;amp;amp;search_type&amp;amp;amp;amp;aq=f\"]},{\"@type\":\"Person\",\"@id\":\"https:\/\/www.sonnenseite.com\/de\/#\/schema\/person\/6df44691cd9a70d99e140e1116ee8771\",\"name\":\"sbade\",\"sameAs\":[\"https:\/\/www.sonnenseite.com\"]}]}<\/script>\n<!-- \/ Yoast SEO plugin. -->","yoast_head_json":{"title":"Die deutsche Energiewende ist speziell - Sonnenseite - \u00d6kologische Kommunikation mit Franz Alt","description":"Die Energiewende von f\u00fcnf L\u00e4ndern im Vergleich. Die deutsche Sektion des Weltenergierates hat in Berlin eine Studie dazu vorgestellt. Die Experten, die","robots":{"index":"index","follow":"follow","max-snippet":"max-snippet:-1","max-image-preview":"max-image-preview:large","max-video-preview":"max-video-preview:-1"},"canonical":"https:\/\/www.sonnenseite.com\/de\/politik\/die-deutsche-energiewende-ist-speziell\/","og_locale":"de_DE","og_type":"article","og_title":"Die deutsche Energiewende ist speziell - Sonnenseite - \u00d6kologische Kommunikation mit Franz Alt","og_description":"Die Energiewende von f\u00fcnf L\u00e4ndern im Vergleich. Die deutsche Sektion des Weltenergierates hat in Berlin eine Studie dazu vorgestellt. Die Experten, die","og_url":"https:\/\/www.sonnenseite.com\/de\/politik\/die-deutsche-energiewende-ist-speziell\/","og_site_name":"Sonnenseite","article_publisher":"https:\/\/www.facebook.com\/pages\/Franz-Alt-SONNENSEITECOM\/221072987903953?fref=ts","article_published_time":"2014-06-30T22:00:00+00:00","og_image":[{"width":770,"height":420,"url":"https:\/\/www.sonnenseite.com\/wp-content\/uploads\/2020\/06\/archiv_artikel.jpg","type":"image\/jpeg"}],"author":"sbade","twitter_card":"summary_large_image","twitter_creator":"@franzalt","twitter_site":"@franzalt","twitter_misc":{"Verfasst von":"sbade","Gesch\u00e4tzte Lesezeit":"4\u00a0Minuten"},"schema":{"@context":"https:\/\/schema.org","@graph":[{"@type":"Article","@id":"https:\/\/www.sonnenseite.com\/de\/politik\/die-deutsche-energiewende-ist-speziell\/#article","isPartOf":{"@id":"https:\/\/www.sonnenseite.com\/de\/politik\/die-deutsche-energiewende-ist-speziell\/"},"author":{"name":"sbade","@id":"https:\/\/www.sonnenseite.com\/de\/#\/schema\/person\/6df44691cd9a70d99e140e1116ee8771"},"headline":"Die deutsche Energiewende ist speziell","datePublished":"2014-06-30T22:00:00+00:00","mainEntityOfPage":{"@id":"https:\/\/www.sonnenseite.com\/de\/politik\/die-deutsche-energiewende-ist-speziell\/"},"wordCount":759,"publisher":{"@id":"https:\/\/www.sonnenseite.com\/de\/#organization"},"image":{"@id":"https:\/\/www.sonnenseite.com\/de\/politik\/die-deutsche-energiewende-ist-speziell\/#primaryimage"},"thumbnailUrl":"https:\/\/www.sonnenseite.com\/wp-content\/uploads\/2020\/06\/archiv_artikel.jpg","articleSection":["Politik"],"inLanguage":"de"},{"@type":"WebPage","@id":"https:\/\/www.sonnenseite.com\/de\/politik\/die-deutsche-energiewende-ist-speziell\/","url":"https:\/\/www.sonnenseite.com\/de\/politik\/die-deutsche-energiewende-ist-speziell\/","name":"Die deutsche Energiewende ist speziell - Sonnenseite - \u00d6kologische Kommunikation mit Franz Alt","isPartOf":{"@id":"https:\/\/www.sonnenseite.com\/de\/#website"},"primaryImageOfPage":{"@id":"https:\/\/www.sonnenseite.com\/de\/politik\/die-deutsche-energiewende-ist-speziell\/#primaryimage"},"image":{"@id":"https:\/\/www.sonnenseite.com\/de\/politik\/die-deutsche-energiewende-ist-speziell\/#primaryimage"},"thumbnailUrl":"https:\/\/www.sonnenseite.com\/wp-content\/uploads\/2020\/06\/archiv_artikel.jpg","datePublished":"2014-06-30T22:00:00+00:00","description":"Die Energiewende von f\u00fcnf L\u00e4ndern im Vergleich. Die deutsche Sektion des Weltenergierates hat in Berlin eine Studie dazu vorgestellt. Die Experten, die","breadcrumb":{"@id":"https:\/\/www.sonnenseite.com\/de\/politik\/die-deutsche-energiewende-ist-speziell\/#breadcrumb"},"inLanguage":"de","potentialAction":[{"@type":"ReadAction","target":["https:\/\/www.sonnenseite.com\/de\/politik\/die-deutsche-energiewende-ist-speziell\/"]}]},{"@type":"ImageObject","inLanguage":"de","@id":"https:\/\/www.sonnenseite.com\/de\/politik\/die-deutsche-energiewende-ist-speziell\/#primaryimage","url":"https:\/\/www.sonnenseite.com\/wp-content\/uploads\/2020\/06\/archiv_artikel.jpg","contentUrl":"https:\/\/www.sonnenseite.com\/wp-content\/uploads\/2020\/06\/archiv_artikel.jpg","width":770,"height":420,"caption":"Sonnenseite"},{"@type":"BreadcrumbList","@id":"https:\/\/www.sonnenseite.com\/de\/politik\/die-deutsche-energiewende-ist-speziell\/#breadcrumb","itemListElement":[{"@type":"ListItem","position":1,"name":"Startseite","item":"https:\/\/www.sonnenseite.com\/de\/"},{"@type":"ListItem","position":2,"name":"Die deutsche Energiewende ist speziell"}]},{"@type":"WebSite","@id":"https:\/\/www.sonnenseite.com\/de\/#website","url":"https:\/\/www.sonnenseite.com\/de\/","name":"Sonnenseite","description":"\u00d6kologische Kommunikation mit Franz Alt","publisher":{"@id":"https:\/\/www.sonnenseite.com\/de\/#organization"},"potentialAction":[{"@type":"SearchAction","target":{"@type":"EntryPoint","urlTemplate":"https:\/\/www.sonnenseite.com\/de\/?s={search_term_string}"},"query-input":{"@type":"PropertyValueSpecification","valueRequired":true,"valueName":"search_term_string"}}],"inLanguage":"de"},{"@type":"Organization","@id":"https:\/\/www.sonnenseite.com\/de\/#organization","name":"Sonnenseite","url":"https:\/\/www.sonnenseite.com\/de\/","logo":{"@type":"ImageObject","inLanguage":"de","@id":"https:\/\/www.sonnenseite.com\/de\/#\/schema\/logo\/image\/","url":"https:\/\/www.sonnenseite.com\/wp-content\/uploads\/2020\/05\/Sonnenseite_Logo.png","contentUrl":"https:\/\/www.sonnenseite.com\/wp-content\/uploads\/2020\/05\/Sonnenseite_Logo.png","width":377,"height":90,"caption":"Sonnenseite"},"image":{"@id":"https:\/\/www.sonnenseite.com\/de\/#\/schema\/logo\/image\/"},"sameAs":["https:\/\/www.facebook.com\/pages\/Franz-Alt-SONNENSEITECOM\/221072987903953?fref=ts","https:\/\/x.com\/franzalt","http:\/\/www.youtube.com\/results?search_query&amp;amp;quot;franz_alt&amp;amp;quot;&amp;amp;amp;amp;search_type&amp;amp;amp;amp;aq=f"]},{"@type":"Person","@id":"https:\/\/www.sonnenseite.com\/de\/#\/schema\/person\/6df44691cd9a70d99e140e1116ee8771","name":"sbade","sameAs":["https:\/\/www.sonnenseite.com"]}]}},"_links":{"self":[{"href":"https:\/\/www.sonnenseite.com\/de\/wp-json\/wp\/v2\/posts\/51689","targetHints":{"allow":["GET"]}}],"collection":[{"href":"https:\/\/www.sonnenseite.com\/de\/wp-json\/wp\/v2\/posts"}],"about":[{"href":"https:\/\/www.sonnenseite.com\/de\/wp-json\/wp\/v2\/types\/post"}],"author":[{"embeddable":true,"href":"https:\/\/www.sonnenseite.com\/de\/wp-json\/wp\/v2\/users\/1"}],"replies":[{"embeddable":true,"href":"https:\/\/www.sonnenseite.com\/de\/wp-json\/wp\/v2\/comments?post=51689"}],"version-history":[{"count":0,"href":"https:\/\/www.sonnenseite.com\/de\/wp-json\/wp\/v2\/posts\/51689\/revisions"}],"wp:featuredmedia":[{"embeddable":true,"href":"https:\/\/www.sonnenseite.com\/de\/wp-json\/wp\/v2\/media\/50987"}],"wp:attachment":[{"href":"https:\/\/www.sonnenseite.com\/de\/wp-json\/wp\/v2\/media?parent=51689"}],"wp:term":[{"taxonomy":"category","embeddable":true,"href":"https:\/\/www.sonnenseite.com\/de\/wp-json\/wp\/v2\/categories?post=51689"},{"taxonomy":"post_tag","embeddable":true,"href":"https:\/\/www.sonnenseite.com\/de\/wp-json\/wp\/v2\/tags?post=51689"}],"curies":[{"name":"wp","href":"https:\/\/api.w.org\/{rel}","templated":true}]}}