{"id":51804,"date":"2014-06-11T00:00:00","date_gmt":"2014-06-10T22:00:00","guid":{"rendered":"https:\/\/www.sonnenseite.com\/politik\/eine-stadt-macht-sich-fit-fuer-die-zukunft.html"},"modified":"2014-06-11T00:00:00","modified_gmt":"2014-06-10T22:00:00","slug":"eine-stadt-macht-sich-fit-fuer-die-zukunft","status":"publish","type":"post","link":"https:\/\/www.sonnenseite.com\/de\/politik\/eine-stadt-macht-sich-fit-fuer-die-zukunft\/","title":{"rendered":"Eine Stadt macht sich fit f\u00fcr die Zukunft"},"content":{"rendered":"<p>Wirtschaftsmetropole Frankfurt setzt auf Klimaschutz. <!--more--> <\/p>\n<p><strong>Gr\u00fcne Stadt wird Wirklichkeit <\/strong><\/p>\n<p>Frankfurt am Main, die Stadt, die bekannt ist f\u00fcr die Alte Oper, das Goethe-Haus, aber auch f\u00fcr moderne Geb\u00e4ude wie den Main Tower oder als Sitz f\u00fcr Deutschlands bedeutendste B\u00f6rse, hat Ziele. Genauer gesagt hat Frankfurt kurz-, aber auch langfristige Ziele, die den Klimaschutz bis 2050 betreffen.<\/p>\n<p>Zu dem Begriff \u201eKlimaschutz\u201c spuckt Google rund 34 Millionen Treffer  aus. Diese decken ein breites Themenspektrum ab: angefangen bei der  Gletscher- und Polkappenschmelze bis hin zu Unternehmen und Produkten,  die eine weitere globale Erw\u00e4rmung verhindern oder zumindest reduzieren  sollen. Doch Frankfurts Pl\u00e4ne verlieren sich nicht in den Weiten des  WorldWideWebs, sondern umfassen ein Energiekonzept, das die  Mainmetropole zur \u201eGreen City\u201c machen und ihr schon in diesem Jahr den  Titel \u201eEurop\u00e4ische Umweltstadt\u201c einbringen soll. Mit Hilfe der F\u00f6rderung  durch den <a href=\"http:\/\/www.masterplan100.de\/zum-projekt\/projektsteckbrief\/\" target=\"_blank\" rel=\"noopener noreferrer\">\u201eMasterplan 100% Klimaschutz\u201c<\/a> des <a href=\"http:\/\/www.klimaschutz.de\/de\/projekt\/erstellung-und-umsetzung-eines-masterplans-100-prozent-klimaschutz-stadt-frankfurt-am-main\" target=\"_blank\" rel=\"noopener noreferrer\">Bundesministeriums f\u00fcr Umwelt, Naturschutz, Bau und Reaktorsicherheit<\/a> (BMUB, vorher BMU) kann sich die Stadt den Herausforderungen der  Energiewende und des 100-prozentigen Klimaschutzes stellen sowie einen  konkreten Plan erarbeiten. Das Projekt mit den ersten  Umsetzungsma\u00dfnahmen l\u00e4uft noch bis Ende 2016.<\/p>\n<p>Um die gesetzten Schwerpunkte Energieeffizienz und den Einsatz von  erneuerbaren Energien im Strom-, W\u00e4rme- und Verkehrssektor  voranzutreiben, hat sich das Energiereferat externes Know-how ins Boot  geholt. Ein Teil des Teams besteht aus der Arbeitsgruppe <a href=\"http:\/\/www.ibp.fraunhofer.de\/de\/Kompetenzen\/energiesysteme\/niedrigenergiesysteme.html\" target=\"_blank\" rel=\"noopener noreferrer\">Niedrigexergiesysteme<\/a> , aus der Abteilung <a href=\"http:\/\/www.ibp.fraunhofer.de\/de\/Kompetenzen\/energiesysteme.html\" target=\"_blank\" rel=\"noopener noreferrer\">Energiesysteme<\/a> des Fraunhofer-Instituts f\u00fcr Bauphysik IBP. Die Mitarbeiter  besch\u00e4ftigen sich dort in erster Linie mit der effizienten  Energieversorgung von Geb\u00e4uden und Geb\u00e4udegruppen bis zur Siedlungs- und  Stadtebene. \u00bbNach <a href=\"http:\/\/www.ibp.fraunhofer.de\/de\/Kompetenzen\/energiesysteme\/niedrigenergiesysteme\/exergieprinzip.html\" target=\"_blank\" rel=\"noopener noreferrer\">exergetischen Prinzipien<\/a> werden Bedarfs- und Versorgungsseite im Energiesystem Stadt aufeinander  abgestimmt und optimiert\u00ab, erkl\u00e4rt der Projektleiter des Fraunhofer  IBP, Patrick Schumacher. \u00bbWir wollen in Frankfurt Ma\u00dfnahmen erarbeiten,  die der Stadt eine 50-prozentige Reduzierung des Endenergiebedarfs  erlauben und den ben\u00f6tigten Restbedarf aus erneuerbaren Energien  gewinnen.\u00ab Dabei stehen die drei Sektoren W\u00e4rme, Strom und Verkehr im  Fokus der Wissenschaftler.<\/p>\n<p>Ausgangsbasis ist eine detaillierte Analyse der Verbr\u00e4uche in diesen drei Sektoren. Dazu lieferten das Energiereferat, Verb\u00e4nde und Unternehmen der Stadt Frankfurt am Main Zahlen. Damit konnten Schumacher und seine Gruppe hochrechnen, welche Energiebedarfe wo, also beispielsweise in Rechenzentren, Gewerbebetrieben, Industrie, Einzelhandel und nat\u00fcrlich auch in den Haushalten, derzeit ben\u00f6tigt, beziehungsweise verbraucht werden. Die Quadratmeterzahlen von Photovoltaik- oder Solaranalagen flossen zum Beispiel ebenso in die Berechnungen ein wie die Anzahl und Verteilung von Passiv- und Plusenergieh\u00e4usern, Biomasseanlagen oder Fernw\u00e4rmeanschl\u00fcssen in den einzelnen Stadtvierteln. Au\u00dferdem wurden in der Bestandsaufnahme wirtschaftliche oder organisatorische Hemmnisse wie die teilweise mangelnden Fahrradwege oder Ladestationen f\u00fcr E-Bikes ber\u00fccksichtigt.\u00a0Ein weiteres Untersuchungskriterium war der Frankfurter Verkehr: Welchen Anteil haben \u00f6ffentliche Verkehrsmittel, der Personennahverkehr und welchen Radfahrer und Fu\u00dfg\u00e4nger? \u00bbAufbauend auf diese umfangreiche Analyse konnten wir den Status Quo in der Energieversorgung ermitteln und eine Vielzahl an Ma\u00dfnahmen entwickeln, mit denen sowohl der Energiebedarf als auch die CO2-Emissionen reduziert werden\u00ab, so Schumacher.<\/p>\n<p>Die Forscher machten sich bei der Entwicklung der Ma\u00dfnahmen unter  anderem die Gegebenheiten der Stadt Frankfurt zu Nutze. So liegt  beispielsweise unter der Innenstadt in 100 bis 140 Metern Tiefe eine  W\u00e4rmeblase mit Temperaturen von \u00fcber 20 Grad Celsius. Diese, im  zug\u00e4nglichen Teil der Erdkruste gespeicherte W\u00e4rme, genannt  oberfl\u00e4chennahe Geothermie oder Erdw\u00e4rme, kann indirekt genutzt werden \u2013  etwa mit Hilfe von <a href=\"http:\/\/de.wikipedia.org\/wiki\/W%C3%A4rmepumpe\" target=\"_blank\" rel=\"noopener noreferrer\">W\u00e4rmepumpen<\/a> zum Heizen oder K\u00fchlen verwendet werden. Die Projektverantwortlichen  gehen davon aus, dass im Jahr 2050 rund 15 bis 20 Prozent des  W\u00e4rmebedarfs durch Geothermie gedeckt werden k\u00f6nnte.<\/p>\n<p>Zudem findet sich in und um Frankfurt eine gr\u00f6\u00dfere Anzahl von Rechenzentren. Im Jahr 2010 lag die Gesamtfl\u00e4che bereits bei 400.000 Quadratmetern. Hochrechnungen haben ergeben, dass bei der linearen Fortf\u00fchrung des Fl\u00e4chenanstiegs von 1995 bis 2010 im Jahr 2050 800.000 Quadratmeter von Rechenzentren belegt w\u00e4ren. Diese verbrauchen einen gro\u00dfen Anteil Strom, sowohl um die Server am laufen zu halten, aber vor allem auch um die dabei entstehende W\u00e4rme abzuf\u00fchren. Anstatt mit dieser Klimatisierung teure Energie einfach weg zu k\u00fchlen und damit wertvolle Abw\u00e4rme einfach verpuffen zu lassen, k\u00f6nnte diese k\u00fcnftig beispielsweise ins Fernw\u00e4rmenetz eingespeist werden und so das Wasser nahegelegener Schwimmb\u00e4der oder sogar ganze Geb\u00e4ude heizen. Ein \u00e4hnlicher Synergieeffekt besteht beispielsweise auch bei der Abw\u00e4rme aus U-Bahn-Sch\u00e4chten.<\/p>\n<p>Diese Beispiele sind nur Teile des Ma\u00dfnahmenkatalogs zur Reduzierung von Energie und CO2-Emissionen. \u00bbDar\u00fcber hinaus entwickeln wir ein komplettes W\u00e4rmeversorgungskonzept, eine so genannte W\u00e4rme-Roadmap f\u00fcr die Stadt, ein Mobilit\u00e4tskonzept sowie einen Plan zur Stromeinsparung. Wir werden drei verschiedene Szenarien darstellen, mit deren Hilfe die Klimaschutzziele der Stadt Frankfurt bis 2050 erreicht werden\u00ab, erkl\u00e4rt Schumacher den Umfang des Vorhabens. Ein weiteres gro\u00dfes Potenzial schlummert zum Beispiel im Gewerbe-, Handels- und Dienstleistungssektor (GHD-Sektor). Hier k\u00f6nnte ein effizienteres Energiemanagement ebenso gro\u00dfe Einsparungen bergen wie im Bereich der Nahmobilit\u00e4t. Anreize zu schaffen, dass die B\u00fcrger mehr zu Fu\u00df gehen, Carsharing nutzen oder auf vermehrt ausgebauten Schnellradwegen vom Auto aufs Rad umsatteln, w\u00fcrden sich laut der Fraunhofer-Forscher in jedem Fall positiv auf Energie- und Emissionsbilanz auswirken.<\/p>\n<p>Neben diesem Generalkonzept sind die Wissenschaftler au\u00dferdem an der Entwicklung von drei detaillierten Stadtteilkonzepten beteiligt. Zun\u00e4chst wird eine energetische Analyse erstellt, die Quartier, Geb\u00e4ude und Infrastruktur ber\u00fccksichtigt. Darauf basierend beinhaltet das Arbeitspaket des Fraunhofer IBP die Erstellung von L\u00f6sungen, um den W\u00e4rmebedarf in den Stadtteilen zu reduzieren und eine ma\u00dfgeschneiderte W\u00e4rmeversorgung aufzuzeigen. Die Identifizierung und Umsetzungsvorbereitung von konkreten Pilotprojekten geh\u00f6rt ebenso zu ihren Aufgaben wie die Ableitung von Synergieeffekten und der Zielabbildung der konkreten Szenarien. Auch hier liegt der Fokus auf der Betrachtung der W\u00e4rmebedarfsreduzierung und -versorgung. Gefragt sind innovative Ans\u00e4tze und L\u00f6sungswege f\u00fcr eine gr\u00fcne Zukunft der Stadt.<\/p>\n<ul>\n<li><a href=\"http:\/\/www.ibp.fraunhofer.de\/content\/dam\/ibp\/de\/documents\/Kompetenzen\/Energiesysteme\/Projekte\/Niedrigexergiesysteme\/20131218_Generalkonzept_FFM.pdf\" target=\"_blank\" rel=\"noopener noreferrer\">Generalkonzept Masterplan \u201e100% Klimaschutz\u201c Frankfurt am Main<\/a><\/li>\n<li> <a href=\"http:\/\/www.ibp.fraunhofer.de\/content\/dam\/ibp\/de\/documents\/Kompetenzen\/Energiesysteme\/Projekte\/Niedrigexergiesysteme\/20131219_Stadtteilkonzept_FFM.pdf\" target=\"_blank\" rel=\"noopener noreferrer\">Masterplan \u201e100% Klimaschutz\u201c Frankfurt am Main \u2013 Stadtteile<\/a><\/li>\n<\/ul>\n<h5 class=\"green\">Quelle<\/h5>\n<p>Fraunhofer-Institut f\u00fcr Bauphysik IBP 2014<\/p>\n<div class=\"shariff shariff-align-flex-start shariff-widget-align-flex-start\"><div class=\"ShariffHeadline\">Diese Meldung teilen<\/div><ul class=\"shariff-buttons theme-round orientation-horizontal buttonsize-medium\"><li class=\"shariff-button facebook shariff-nocustomcolor\" style=\"background-color:#4273c8;border-radius:1%\"><a href=\"https:\/\/www.facebook.com\/sharer\/sharer.php?u=https%3A%2F%2Fwww.sonnenseite.com%2Fde%2Fpolitik%2Feine-stadt-macht-sich-fit-fuer-die-zukunft%2F\" title=\"Bei Facebook teilen\" aria-label=\"Bei Facebook teilen\" role=\"button\" rel=\"nofollow\" class=\"shariff-link\" style=\";border-radius:1%; background-color:#3b5998; color:#fff\" target=\"_blank\"><span class=\"shariff-icon\" style=\"\"><svg width=\"32px\" height=\"20px\" xmlns=\"http:\/\/www.w3.org\/2000\/svg\" viewBox=\"0 0 18 32\"><path fill=\"#3b5998\" d=\"M17.1 0.2v4.7h-2.8q-1.5 0-2.1 0.6t-0.5 1.9v3.4h5.2l-0.7 5.3h-4.5v13.6h-5.5v-13.6h-4.5v-5.3h4.5v-3.9q0-3.3 1.9-5.2t5-1.8q2.6 0 4.1 0.2z\"\/><\/svg><\/span><\/a><\/li><li class=\"shariff-button twitter shariff-nocustomcolor\" style=\"background-color:#595959;border-radius:1%\"><a href=\"https:\/\/twitter.com\/share?url=https%3A%2F%2Fwww.sonnenseite.com%2Fde%2Fpolitik%2Feine-stadt-macht-sich-fit-fuer-die-zukunft%2F&text=Eine%20Stadt%20macht%20sich%20fit%20f%C3%BCr%20die%20Zukunft\" title=\"Bei X teilen\" aria-label=\"Bei X teilen\" role=\"button\" rel=\"noopener nofollow\" class=\"shariff-link\" style=\";border-radius:1%; background-color:#000; color:#fff\" target=\"_blank\"><span class=\"shariff-icon\" style=\"\"><svg width=\"32px\" height=\"20px\" xmlns=\"http:\/\/www.w3.org\/2000\/svg\" viewBox=\"0 0 24 24\"><path fill=\"#000\" d=\"M14.258 10.152L23.176 0h-2.113l-7.747 8.813L7.133 0H0l9.352 13.328L0 23.973h2.113l8.176-9.309 6.531 9.309h7.133zm-2.895 3.293l-.949-1.328L2.875 1.56h3.246l6.086 8.523.945 1.328 7.91 11.078h-3.246zm0 0\"\/><\/svg><\/span><\/a><\/li><li class=\"shariff-button xing shariff-nocustomcolor\" style=\"background-color:#29888a;border-radius:1%\"><a href=\"https:\/\/www.xing.com\/spi\/shares\/new?url=https%3A%2F%2Fwww.sonnenseite.com%2Fde%2Fpolitik%2Feine-stadt-macht-sich-fit-fuer-die-zukunft%2F\" title=\"Bei XING teilen\" aria-label=\"Bei XING teilen\" role=\"button\" rel=\"noopener nofollow\" class=\"shariff-link\" style=\";border-radius:1%; background-color:#126567; color:#fff\" target=\"_blank\"><span class=\"shariff-icon\" style=\"\"><svg width=\"32px\" height=\"20px\" xmlns=\"http:\/\/www.w3.org\/2000\/svg\" viewBox=\"0 0 25 32\"><path fill=\"#126567\" d=\"M10.7 11.9q-0.2 0.3-4.6 8.2-0.5 0.8-1.2 0.8h-4.3q-0.4 0-0.5-0.3t0-0.6l4.5-8q0 0 0 0l-2.9-5q-0.2-0.4 0-0.7 0.2-0.3 0.5-0.3h4.3q0.7 0 1.2 0.8zM25.1 0.4q0.2 0.3 0 0.7l-9.4 16.7 6 11q0.2 0.4 0 0.6-0.2 0.3-0.6 0.3h-4.3q-0.7 0-1.2-0.8l-6-11.1q0.3-0.6 9.5-16.8 0.4-0.8 1.2-0.8h4.3q0.4 0 0.5 0.3z\"\/><\/svg><\/span><\/a><\/li><li class=\"shariff-button linkedin shariff-nocustomcolor\" style=\"background-color:#1488bf;border-radius:1%\"><a href=\"https:\/\/www.linkedin.com\/sharing\/share-offsite\/?url=https%3A%2F%2Fwww.sonnenseite.com%2Fde%2Fpolitik%2Feine-stadt-macht-sich-fit-fuer-die-zukunft%2F\" title=\"Bei LinkedIn teilen\" aria-label=\"Bei LinkedIn teilen\" role=\"button\" rel=\"noopener nofollow\" class=\"shariff-link\" style=\";border-radius:1%; background-color:#0077b5; color:#fff\" target=\"_blank\"><span class=\"shariff-icon\" style=\"\"><svg width=\"32px\" height=\"20px\" xmlns=\"http:\/\/www.w3.org\/2000\/svg\" viewBox=\"0 0 27 32\"><path fill=\"#0077b5\" d=\"M6.2 11.2v17.7h-5.9v-17.7h5.9zM6.6 5.7q0 1.3-0.9 2.2t-2.4 0.9h0q-1.5 0-2.4-0.9t-0.9-2.2 0.9-2.2 2.4-0.9 2.4 0.9 0.9 2.2zM27.4 18.7v10.1h-5.9v-9.5q0-1.9-0.7-2.9t-2.3-1.1q-1.1 0-1.9 0.6t-1.2 1.5q-0.2 0.5-0.2 1.4v9.9h-5.9q0-7.1 0-11.6t0-5.3l0-0.9h5.9v2.6h0q0.4-0.6 0.7-1t1-0.9 1.6-0.8 2-0.3q3 0 4.9 2t1.9 6z\"\/><\/svg><\/span><\/a><\/li><li class=\"shariff-button printer shariff-nocustomcolor\" style=\"background-color:#a8a8a8;border-radius:1%\"><a href=\"javascript:window.print()\" title=\"drucken\" aria-label=\"drucken\" role=\"button\" rel=\"noopener nofollow\" class=\"shariff-link\" style=\";border-radius:1%; background-color:#999; color:#fff\"><span class=\"shariff-icon\" style=\"\"><svg width=\"32px\" height=\"20px\" xmlns=\"http:\/\/www.w3.org\/2000\/svg\" viewBox=\"0 0 30 32\"><path fill=\"#999\" d=\"M6.8 27.4h16v-4.6h-16v4.6zM6.8 16h16v-6.8h-2.8q-0.7 0-1.2-0.5t-0.5-1.2v-2.8h-11.4v11.4zM27.4 17.2q0-0.5-0.3-0.8t-0.8-0.4-0.8 0.4-0.3 0.8 0.3 0.8 0.8 0.3 0.8-0.3 0.3-0.8zM29.7 17.2v7.4q0 0.2-0.2 0.4t-0.4 0.2h-4v2.8q0 0.7-0.5 1.2t-1.2 0.5h-17.2q-0.7 0-1.2-0.5t-0.5-1.2v-2.8h-4q-0.2 0-0.4-0.2t-0.2-0.4v-7.4q0-1.4 1-2.4t2.4-1h1.2v-9.7q0-0.7 0.5-1.2t1.2-0.5h12q0.7 0 1.6 0.4t1.3 0.8l2.7 2.7q0.5 0.5 0.9 1.4t0.4 1.6v4.6h1.1q1.4 0 2.4 1t1 2.4z\"\/><\/svg><\/span><\/a><\/li><li class=\"shariff-button mailto shariff-nocustomcolor\" style=\"background-color:#a8a8a8;border-radius:1%\"><a href=\"mailto:?body=https%3A%2F%2Fwww.sonnenseite.com%2Fde%2Fpolitik%2Feine-stadt-macht-sich-fit-fuer-die-zukunft%2F&subject=Eine%20Stadt%20macht%20sich%20fit%20f%C3%BCr%20die%20Zukunft\" title=\"Per E-Mail versenden\" aria-label=\"Per E-Mail versenden\" role=\"button\" rel=\"noopener nofollow\" class=\"shariff-link\" style=\";border-radius:1%; background-color:#999; color:#fff\"><span class=\"shariff-icon\" style=\"\"><svg width=\"32px\" height=\"20px\" xmlns=\"http:\/\/www.w3.org\/2000\/svg\" viewBox=\"0 0 32 32\"><path fill=\"#999\" d=\"M32 12.7v14.2q0 1.2-0.8 2t-2 0.9h-26.3q-1.2 0-2-0.9t-0.8-2v-14.2q0.8 0.9 1.8 1.6 6.5 4.4 8.9 6.1 1 0.8 1.6 1.2t1.7 0.9 2 0.4h0.1q0.9 0 2-0.4t1.7-0.9 1.6-1.2q3-2.2 8.9-6.1 1-0.7 1.8-1.6zM32 7.4q0 1.4-0.9 2.7t-2.2 2.2q-6.7 4.7-8.4 5.8-0.2 0.1-0.7 0.5t-1 0.7-0.9 0.6-1.1 0.5-0.9 0.2h-0.1q-0.4 0-0.9-0.2t-1.1-0.5-0.9-0.6-1-0.7-0.7-0.5q-1.6-1.1-4.7-3.2t-3.6-2.6q-1.1-0.7-2.1-2t-1-2.5q0-1.4 0.7-2.3t2.1-0.9h26.3q1.2 0 2 0.8t0.9 2z\"\/><\/svg><\/span><\/a><\/li><\/ul><\/div>","protected":false},"excerpt":{"rendered":"<p>Wirtschaftsmetropole Frankfurt setzt auf Klimaschutz.<\/p>\n","protected":false},"author":1,"featured_media":50987,"comment_status":"closed","ping_status":"closed","sticky":false,"template":"","format":"standard","meta":{"inline_featured_image":false,"footnotes":""},"categories":[21],"tags":[],"class_list":["post-51804","post","type-post","status-publish","format-standard","has-post-thumbnail","hentry","category-politik"],"yoast_head":"<!-- This site is optimized with the Yoast SEO plugin v26.5 - https:\/\/yoast.com\/wordpress\/plugins\/seo\/ -->\n<title>Eine Stadt macht sich fit f\u00fcr die Zukunft - Sonnenseite - \u00d6kologische Kommunikation mit Franz Alt<\/title>\n<meta name=\"description\" content=\"Wirtschaftsmetropole Frankfurt setzt auf Klimaschutz. Gr\u00fcne Stadt wird Wirklichkeit Frankfurt am Main, die Stadt, die bekannt ist f\u00fcr die Alte Oper, das\" \/>\n<meta name=\"robots\" content=\"index, follow, max-snippet:-1, max-image-preview:large, max-video-preview:-1\" \/>\n<link rel=\"canonical\" href=\"https:\/\/www.sonnenseite.com\/de\/politik\/eine-stadt-macht-sich-fit-fuer-die-zukunft\/\" \/>\n<meta property=\"og:locale\" content=\"de_DE\" \/>\n<meta property=\"og:type\" content=\"article\" \/>\n<meta property=\"og:title\" content=\"Eine Stadt macht sich fit f\u00fcr die Zukunft - Sonnenseite - \u00d6kologische Kommunikation mit Franz Alt\" \/>\n<meta property=\"og:description\" content=\"Wirtschaftsmetropole Frankfurt setzt auf Klimaschutz. Gr\u00fcne Stadt wird Wirklichkeit Frankfurt am Main, die Stadt, die bekannt ist f\u00fcr die Alte Oper, das\" \/>\n<meta property=\"og:url\" content=\"https:\/\/www.sonnenseite.com\/de\/politik\/eine-stadt-macht-sich-fit-fuer-die-zukunft\/\" \/>\n<meta property=\"og:site_name\" content=\"Sonnenseite\" \/>\n<meta property=\"article:publisher\" content=\"https:\/\/www.facebook.com\/pages\/Franz-Alt-SONNENSEITECOM\/221072987903953?fref=ts\" \/>\n<meta property=\"article:published_time\" content=\"2014-06-10T22:00:00+00:00\" \/>\n<meta property=\"og:image\" content=\"https:\/\/www.sonnenseite.com\/wp-content\/uploads\/2020\/06\/archiv_artikel.jpg\" \/>\n\t<meta property=\"og:image:width\" content=\"770\" \/>\n\t<meta property=\"og:image:height\" content=\"420\" \/>\n\t<meta property=\"og:image:type\" content=\"image\/jpeg\" \/>\n<meta name=\"author\" content=\"sbade\" \/>\n<meta name=\"twitter:card\" content=\"summary_large_image\" \/>\n<meta name=\"twitter:creator\" content=\"@franzalt\" \/>\n<meta name=\"twitter:site\" content=\"@franzalt\" \/>\n<meta name=\"twitter:label1\" content=\"Verfasst von\" \/>\n\t<meta name=\"twitter:data1\" content=\"sbade\" \/>\n\t<meta name=\"twitter:label2\" content=\"Gesch\u00e4tzte Lesezeit\" \/>\n\t<meta name=\"twitter:data2\" content=\"5\u00a0Minuten\" \/>\n<script type=\"application\/ld+json\" class=\"yoast-schema-graph\">{\"@context\":\"https:\/\/schema.org\",\"@graph\":[{\"@type\":\"Article\",\"@id\":\"https:\/\/www.sonnenseite.com\/de\/politik\/eine-stadt-macht-sich-fit-fuer-die-zukunft\/#article\",\"isPartOf\":{\"@id\":\"https:\/\/www.sonnenseite.com\/de\/politik\/eine-stadt-macht-sich-fit-fuer-die-zukunft\/\"},\"author\":{\"name\":\"sbade\",\"@id\":\"https:\/\/www.sonnenseite.com\/de\/#\/schema\/person\/6df44691cd9a70d99e140e1116ee8771\"},\"headline\":\"Eine Stadt macht sich fit f\u00fcr die Zukunft\",\"datePublished\":\"2014-06-10T22:00:00+00:00\",\"mainEntityOfPage\":{\"@id\":\"https:\/\/www.sonnenseite.com\/de\/politik\/eine-stadt-macht-sich-fit-fuer-die-zukunft\/\"},\"wordCount\":979,\"publisher\":{\"@id\":\"https:\/\/www.sonnenseite.com\/de\/#organization\"},\"image\":{\"@id\":\"https:\/\/www.sonnenseite.com\/de\/politik\/eine-stadt-macht-sich-fit-fuer-die-zukunft\/#primaryimage\"},\"thumbnailUrl\":\"https:\/\/www.sonnenseite.com\/wp-content\/uploads\/2020\/06\/archiv_artikel.jpg\",\"articleSection\":[\"Politik\"],\"inLanguage\":\"de\"},{\"@type\":\"WebPage\",\"@id\":\"https:\/\/www.sonnenseite.com\/de\/politik\/eine-stadt-macht-sich-fit-fuer-die-zukunft\/\",\"url\":\"https:\/\/www.sonnenseite.com\/de\/politik\/eine-stadt-macht-sich-fit-fuer-die-zukunft\/\",\"name\":\"Eine Stadt macht sich fit f\u00fcr die Zukunft - Sonnenseite - \u00d6kologische Kommunikation mit Franz Alt\",\"isPartOf\":{\"@id\":\"https:\/\/www.sonnenseite.com\/de\/#website\"},\"primaryImageOfPage\":{\"@id\":\"https:\/\/www.sonnenseite.com\/de\/politik\/eine-stadt-macht-sich-fit-fuer-die-zukunft\/#primaryimage\"},\"image\":{\"@id\":\"https:\/\/www.sonnenseite.com\/de\/politik\/eine-stadt-macht-sich-fit-fuer-die-zukunft\/#primaryimage\"},\"thumbnailUrl\":\"https:\/\/www.sonnenseite.com\/wp-content\/uploads\/2020\/06\/archiv_artikel.jpg\",\"datePublished\":\"2014-06-10T22:00:00+00:00\",\"description\":\"Wirtschaftsmetropole Frankfurt setzt auf Klimaschutz. Gr\u00fcne Stadt wird Wirklichkeit Frankfurt am Main, die Stadt, die bekannt ist f\u00fcr die Alte Oper, das\",\"breadcrumb\":{\"@id\":\"https:\/\/www.sonnenseite.com\/de\/politik\/eine-stadt-macht-sich-fit-fuer-die-zukunft\/#breadcrumb\"},\"inLanguage\":\"de\",\"potentialAction\":[{\"@type\":\"ReadAction\",\"target\":[\"https:\/\/www.sonnenseite.com\/de\/politik\/eine-stadt-macht-sich-fit-fuer-die-zukunft\/\"]}]},{\"@type\":\"ImageObject\",\"inLanguage\":\"de\",\"@id\":\"https:\/\/www.sonnenseite.com\/de\/politik\/eine-stadt-macht-sich-fit-fuer-die-zukunft\/#primaryimage\",\"url\":\"https:\/\/www.sonnenseite.com\/wp-content\/uploads\/2020\/06\/archiv_artikel.jpg\",\"contentUrl\":\"https:\/\/www.sonnenseite.com\/wp-content\/uploads\/2020\/06\/archiv_artikel.jpg\",\"width\":770,\"height\":420,\"caption\":\"Sonnenseite\"},{\"@type\":\"BreadcrumbList\",\"@id\":\"https:\/\/www.sonnenseite.com\/de\/politik\/eine-stadt-macht-sich-fit-fuer-die-zukunft\/#breadcrumb\",\"itemListElement\":[{\"@type\":\"ListItem\",\"position\":1,\"name\":\"Startseite\",\"item\":\"https:\/\/www.sonnenseite.com\/de\/\"},{\"@type\":\"ListItem\",\"position\":2,\"name\":\"Eine Stadt macht sich fit f\u00fcr die Zukunft\"}]},{\"@type\":\"WebSite\",\"@id\":\"https:\/\/www.sonnenseite.com\/de\/#website\",\"url\":\"https:\/\/www.sonnenseite.com\/de\/\",\"name\":\"Sonnenseite\",\"description\":\"\u00d6kologische Kommunikation mit Franz Alt\",\"publisher\":{\"@id\":\"https:\/\/www.sonnenseite.com\/de\/#organization\"},\"potentialAction\":[{\"@type\":\"SearchAction\",\"target\":{\"@type\":\"EntryPoint\",\"urlTemplate\":\"https:\/\/www.sonnenseite.com\/de\/?s={search_term_string}\"},\"query-input\":{\"@type\":\"PropertyValueSpecification\",\"valueRequired\":true,\"valueName\":\"search_term_string\"}}],\"inLanguage\":\"de\"},{\"@type\":\"Organization\",\"@id\":\"https:\/\/www.sonnenseite.com\/de\/#organization\",\"name\":\"Sonnenseite\",\"url\":\"https:\/\/www.sonnenseite.com\/de\/\",\"logo\":{\"@type\":\"ImageObject\",\"inLanguage\":\"de\",\"@id\":\"https:\/\/www.sonnenseite.com\/de\/#\/schema\/logo\/image\/\",\"url\":\"https:\/\/www.sonnenseite.com\/wp-content\/uploads\/2020\/05\/Sonnenseite_Logo.png\",\"contentUrl\":\"https:\/\/www.sonnenseite.com\/wp-content\/uploads\/2020\/05\/Sonnenseite_Logo.png\",\"width\":377,\"height\":90,\"caption\":\"Sonnenseite\"},\"image\":{\"@id\":\"https:\/\/www.sonnenseite.com\/de\/#\/schema\/logo\/image\/\"},\"sameAs\":[\"https:\/\/www.facebook.com\/pages\/Franz-Alt-SONNENSEITECOM\/221072987903953?fref=ts\",\"https:\/\/x.com\/franzalt\",\"http:\/\/www.youtube.com\/results?search_query&amp;amp;quot;franz_alt&amp;amp;quot;&amp;amp;amp;amp;search_type&amp;amp;amp;amp;aq=f\"]},{\"@type\":\"Person\",\"@id\":\"https:\/\/www.sonnenseite.com\/de\/#\/schema\/person\/6df44691cd9a70d99e140e1116ee8771\",\"name\":\"sbade\",\"sameAs\":[\"https:\/\/www.sonnenseite.com\"]}]}<\/script>\n<!-- \/ Yoast SEO plugin. -->","yoast_head_json":{"title":"Eine Stadt macht sich fit f\u00fcr die Zukunft - Sonnenseite - \u00d6kologische Kommunikation mit Franz Alt","description":"Wirtschaftsmetropole Frankfurt setzt auf Klimaschutz. Gr\u00fcne Stadt wird Wirklichkeit Frankfurt am Main, die Stadt, die bekannt ist f\u00fcr die Alte Oper, das","robots":{"index":"index","follow":"follow","max-snippet":"max-snippet:-1","max-image-preview":"max-image-preview:large","max-video-preview":"max-video-preview:-1"},"canonical":"https:\/\/www.sonnenseite.com\/de\/politik\/eine-stadt-macht-sich-fit-fuer-die-zukunft\/","og_locale":"de_DE","og_type":"article","og_title":"Eine Stadt macht sich fit f\u00fcr die Zukunft - Sonnenseite - \u00d6kologische Kommunikation mit Franz Alt","og_description":"Wirtschaftsmetropole Frankfurt setzt auf Klimaschutz. Gr\u00fcne Stadt wird Wirklichkeit Frankfurt am Main, die Stadt, die bekannt ist f\u00fcr die Alte Oper, das","og_url":"https:\/\/www.sonnenseite.com\/de\/politik\/eine-stadt-macht-sich-fit-fuer-die-zukunft\/","og_site_name":"Sonnenseite","article_publisher":"https:\/\/www.facebook.com\/pages\/Franz-Alt-SONNENSEITECOM\/221072987903953?fref=ts","article_published_time":"2014-06-10T22:00:00+00:00","og_image":[{"width":770,"height":420,"url":"https:\/\/www.sonnenseite.com\/wp-content\/uploads\/2020\/06\/archiv_artikel.jpg","type":"image\/jpeg"}],"author":"sbade","twitter_card":"summary_large_image","twitter_creator":"@franzalt","twitter_site":"@franzalt","twitter_misc":{"Verfasst von":"sbade","Gesch\u00e4tzte Lesezeit":"5\u00a0Minuten"},"schema":{"@context":"https:\/\/schema.org","@graph":[{"@type":"Article","@id":"https:\/\/www.sonnenseite.com\/de\/politik\/eine-stadt-macht-sich-fit-fuer-die-zukunft\/#article","isPartOf":{"@id":"https:\/\/www.sonnenseite.com\/de\/politik\/eine-stadt-macht-sich-fit-fuer-die-zukunft\/"},"author":{"name":"sbade","@id":"https:\/\/www.sonnenseite.com\/de\/#\/schema\/person\/6df44691cd9a70d99e140e1116ee8771"},"headline":"Eine Stadt macht sich fit f\u00fcr die Zukunft","datePublished":"2014-06-10T22:00:00+00:00","mainEntityOfPage":{"@id":"https:\/\/www.sonnenseite.com\/de\/politik\/eine-stadt-macht-sich-fit-fuer-die-zukunft\/"},"wordCount":979,"publisher":{"@id":"https:\/\/www.sonnenseite.com\/de\/#organization"},"image":{"@id":"https:\/\/www.sonnenseite.com\/de\/politik\/eine-stadt-macht-sich-fit-fuer-die-zukunft\/#primaryimage"},"thumbnailUrl":"https:\/\/www.sonnenseite.com\/wp-content\/uploads\/2020\/06\/archiv_artikel.jpg","articleSection":["Politik"],"inLanguage":"de"},{"@type":"WebPage","@id":"https:\/\/www.sonnenseite.com\/de\/politik\/eine-stadt-macht-sich-fit-fuer-die-zukunft\/","url":"https:\/\/www.sonnenseite.com\/de\/politik\/eine-stadt-macht-sich-fit-fuer-die-zukunft\/","name":"Eine Stadt macht sich fit f\u00fcr die Zukunft - Sonnenseite - \u00d6kologische Kommunikation mit Franz Alt","isPartOf":{"@id":"https:\/\/www.sonnenseite.com\/de\/#website"},"primaryImageOfPage":{"@id":"https:\/\/www.sonnenseite.com\/de\/politik\/eine-stadt-macht-sich-fit-fuer-die-zukunft\/#primaryimage"},"image":{"@id":"https:\/\/www.sonnenseite.com\/de\/politik\/eine-stadt-macht-sich-fit-fuer-die-zukunft\/#primaryimage"},"thumbnailUrl":"https:\/\/www.sonnenseite.com\/wp-content\/uploads\/2020\/06\/archiv_artikel.jpg","datePublished":"2014-06-10T22:00:00+00:00","description":"Wirtschaftsmetropole Frankfurt setzt auf Klimaschutz. Gr\u00fcne Stadt wird Wirklichkeit Frankfurt am Main, die Stadt, die bekannt ist f\u00fcr die Alte Oper, das","breadcrumb":{"@id":"https:\/\/www.sonnenseite.com\/de\/politik\/eine-stadt-macht-sich-fit-fuer-die-zukunft\/#breadcrumb"},"inLanguage":"de","potentialAction":[{"@type":"ReadAction","target":["https:\/\/www.sonnenseite.com\/de\/politik\/eine-stadt-macht-sich-fit-fuer-die-zukunft\/"]}]},{"@type":"ImageObject","inLanguage":"de","@id":"https:\/\/www.sonnenseite.com\/de\/politik\/eine-stadt-macht-sich-fit-fuer-die-zukunft\/#primaryimage","url":"https:\/\/www.sonnenseite.com\/wp-content\/uploads\/2020\/06\/archiv_artikel.jpg","contentUrl":"https:\/\/www.sonnenseite.com\/wp-content\/uploads\/2020\/06\/archiv_artikel.jpg","width":770,"height":420,"caption":"Sonnenseite"},{"@type":"BreadcrumbList","@id":"https:\/\/www.sonnenseite.com\/de\/politik\/eine-stadt-macht-sich-fit-fuer-die-zukunft\/#breadcrumb","itemListElement":[{"@type":"ListItem","position":1,"name":"Startseite","item":"https:\/\/www.sonnenseite.com\/de\/"},{"@type":"ListItem","position":2,"name":"Eine Stadt macht sich fit f\u00fcr die Zukunft"}]},{"@type":"WebSite","@id":"https:\/\/www.sonnenseite.com\/de\/#website","url":"https:\/\/www.sonnenseite.com\/de\/","name":"Sonnenseite","description":"\u00d6kologische Kommunikation mit Franz Alt","publisher":{"@id":"https:\/\/www.sonnenseite.com\/de\/#organization"},"potentialAction":[{"@type":"SearchAction","target":{"@type":"EntryPoint","urlTemplate":"https:\/\/www.sonnenseite.com\/de\/?s={search_term_string}"},"query-input":{"@type":"PropertyValueSpecification","valueRequired":true,"valueName":"search_term_string"}}],"inLanguage":"de"},{"@type":"Organization","@id":"https:\/\/www.sonnenseite.com\/de\/#organization","name":"Sonnenseite","url":"https:\/\/www.sonnenseite.com\/de\/","logo":{"@type":"ImageObject","inLanguage":"de","@id":"https:\/\/www.sonnenseite.com\/de\/#\/schema\/logo\/image\/","url":"https:\/\/www.sonnenseite.com\/wp-content\/uploads\/2020\/05\/Sonnenseite_Logo.png","contentUrl":"https:\/\/www.sonnenseite.com\/wp-content\/uploads\/2020\/05\/Sonnenseite_Logo.png","width":377,"height":90,"caption":"Sonnenseite"},"image":{"@id":"https:\/\/www.sonnenseite.com\/de\/#\/schema\/logo\/image\/"},"sameAs":["https:\/\/www.facebook.com\/pages\/Franz-Alt-SONNENSEITECOM\/221072987903953?fref=ts","https:\/\/x.com\/franzalt","http:\/\/www.youtube.com\/results?search_query&amp;amp;quot;franz_alt&amp;amp;quot;&amp;amp;amp;amp;search_type&amp;amp;amp;amp;aq=f"]},{"@type":"Person","@id":"https:\/\/www.sonnenseite.com\/de\/#\/schema\/person\/6df44691cd9a70d99e140e1116ee8771","name":"sbade","sameAs":["https:\/\/www.sonnenseite.com"]}]}},"_links":{"self":[{"href":"https:\/\/www.sonnenseite.com\/de\/wp-json\/wp\/v2\/posts\/51804","targetHints":{"allow":["GET"]}}],"collection":[{"href":"https:\/\/www.sonnenseite.com\/de\/wp-json\/wp\/v2\/posts"}],"about":[{"href":"https:\/\/www.sonnenseite.com\/de\/wp-json\/wp\/v2\/types\/post"}],"author":[{"embeddable":true,"href":"https:\/\/www.sonnenseite.com\/de\/wp-json\/wp\/v2\/users\/1"}],"replies":[{"embeddable":true,"href":"https:\/\/www.sonnenseite.com\/de\/wp-json\/wp\/v2\/comments?post=51804"}],"version-history":[{"count":0,"href":"https:\/\/www.sonnenseite.com\/de\/wp-json\/wp\/v2\/posts\/51804\/revisions"}],"wp:featuredmedia":[{"embeddable":true,"href":"https:\/\/www.sonnenseite.com\/de\/wp-json\/wp\/v2\/media\/50987"}],"wp:attachment":[{"href":"https:\/\/www.sonnenseite.com\/de\/wp-json\/wp\/v2\/media?parent=51804"}],"wp:term":[{"taxonomy":"category","embeddable":true,"href":"https:\/\/www.sonnenseite.com\/de\/wp-json\/wp\/v2\/categories?post=51804"},{"taxonomy":"post_tag","embeddable":true,"href":"https:\/\/www.sonnenseite.com\/de\/wp-json\/wp\/v2\/tags?post=51804"}],"curies":[{"name":"wp","href":"https:\/\/api.w.org\/{rel}","templated":true}]}}